{"id":125465,"date":"2026-07-19T07:25:48","date_gmt":"2026-07-19T13:25:48","guid":{"rendered":"https:\/\/zeromagazine.mx\/?p=125465"},"modified":"2026-07-26T23:44:36","modified_gmt":"2026-07-27T05:44:36","slug":"lynk-co-02-suv-electrico","status":"publish","type":"post","link":"https:\/\/zeromagazine.mx\/index.php\/2026\/07\/19\/lynk-co-02-suv-electrico\/","title":{"rendered":"Lynk &#038; Co 02: SUV el\u00e9ctrico"},"content":{"rendered":"<p>El mercado mexicano de autos el\u00e9ctricos suma una propuesta que mezcla tecnolog\u00eda, dise\u00f1o interior y enfoque familiar sin abandonar la idea de manejo din\u00e1mico. El <strong>Lynk &#038; Co 02<\/strong> aparece en la conversaci\u00f3n local alrededor del D\u00eda del Padre como una SUV 100% el\u00e9ctrica dirigida a usuarios que alternan responsabilidades cotidianas con escapadas, traslados urbanos y planes improvisados. M\u00e1s all\u00e1 del gui\u00f1o estacional, el modelo concentra varios temas relevantes para la movilidad actual: conectividad integrada, autonom\u00eda competitiva, asistencias de manejo y una cabina pensada para hacer m\u00e1s llevadero el tiempo en el auto.<\/p>\n<figure class=\"wp-block-image\">\n    <img data-recalc-dims=\"1\" decoding=\"async\" src=\"https:\/\/i0.wp.com\/zeromagazine.mx\/wp-content\/uploads\/2026\/07\/Lynk-Co-02-Back-scaled.png?w=1165&#038;ssl=1\" alt=\"\">\n<\/figure>\n<h2>Lynk &#038; Co 02 y su enfoque el\u00e9ctrico<\/h2>\n<p>El <strong>Lynk &#038; Co 02<\/strong> se presenta como una SUV el\u00e9ctrica dentro del portafolio de una firma que ha buscado distinguirse por una lectura m\u00e1s digital de la movilidad. En este caso, la propuesta no gira \u00fanicamente alrededor de eliminar emisiones directas durante la conducci\u00f3n, sino de integrar funciones que respondan a h\u00e1bitos cada vez m\u00e1s conectados.<\/p>\n<p>La marca, perteneciente a Geely Auto Group, inici\u00f3 operaciones en M\u00e9xico en 2025 como parte de la estrategia regional de Geely Holding. A nivel global, Lynk &#038; Co fue fundada en 2016, tiene sede en Gotemburgo, Suecia, y reporta presencia en 25 mercados europeos, adem\u00e1s de expansi\u00f3n en Medio Oriente, Am\u00e9rica Latina y el Sudeste Asi\u00e1tico.<\/p>\n<p>En ese contexto, esta SUV se coloca en un punto interesante para quienes buscan un veh\u00edculo el\u00e9ctrico con vocaci\u00f3n urbana, pero con margen suficiente para viajes m\u00e1s largos. La autonom\u00eda declarada es de hasta 435 kil\u00f3metros, una cifra que permite pensar en trayectos cotidianos sin recarga diaria, siempre sujeta a condiciones de manejo, ruta y uso de sistemas a bordo.<\/p>\n<h2>Cabina conectada para trayectos diarios<\/h2>\n<figure class=\"wp-block-image\">\n    <img data-recalc-dims=\"1\" decoding=\"async\" src=\"https:\/\/i0.wp.com\/zeromagazine.mx\/wp-content\/uploads\/2026\/07\/Lynk-Co-02-Front-scaled.png?w=1165&#038;ssl=1\" alt=\"\">\n<\/figure>\n<p>Uno de los elementos centrales del modelo est\u00e1 en la experiencia interior. El tablero integra una pantalla central de 15.4 pulgadas, desde la cual se concentran funciones de infoentretenimiento y conectividad. Tambi\u00e9n suma conexi\u00f3n inal\u00e1mbrica, red 5G integrada y el asistente virtual <strong>Hey Frank<\/strong>, pensado para simplificar comandos y consultas durante el camino.<\/p>\n<p>La apuesta tecnol\u00f3gica se complementa con un sistema de audio Harman Kardon de 14 bocinas. Este punto coloca al entretenimiento como parte importante del uso diario del veh\u00edculo, especialmente para quienes convierten los traslados en momentos para escuchar m\u00fasica, podcasts o contenido en streaming, dependiendo de las plataformas disponibles y la configuraci\u00f3n del usuario.<\/p>\n<p>En t\u00e9rminos de confort, el Lynk &#038; Co 02 incluye techo panor\u00e1mico y asientos tapizados en piel vegana con ventilaci\u00f3n. Son detalles que apuntan a una cabina m\u00e1s cuidada, sin que el comunicado aporte informaci\u00f3n sobre versiones, materiales adicionales o configuraci\u00f3n exacta para el mercado mexicano.<\/p>\n<h2>Desempe\u00f1o, autonom\u00eda y carga r\u00e1pida<\/h2>\n<p>La ficha t\u00e9cnica divulgada para el modelo se\u00f1ala un motor el\u00e9ctrico de 268 HP. Con esa potencia, la SUV puede acelerar de 0 a 100 km\/h en 5.5 segundos, un dato que la coloca en una zona de manejo m\u00e1s \u00e1gil frente a veh\u00edculos familiares tradicionales. La cifra tambi\u00e9n confirma que la electrificaci\u00f3n no est\u00e1 planteada aqu\u00ed s\u00f3lo como eficiencia, sino como respuesta inmediata al acelerar.<\/p>\n<p>La autonom\u00eda de hasta 435 kil\u00f3metros es otro de los datos relevantes. Para usuarios que combinan ciudad, periferia y salidas de fin de semana, ese rango puede reducir la ansiedad asociada a la recarga, aunque el rendimiento real depende de variables como velocidad, temperatura, carga del veh\u00edculo, topograf\u00eda y estilo de conducci\u00f3n.<\/p>\n<p>El modelo tambi\u00e9n contempla capacidad de carga r\u00e1pida. El comunicado no especifica tiempos, potencia m\u00e1xima de recarga ni porcentaje de referencia, por lo que ese apartado queda pendiente para una evaluaci\u00f3n m\u00e1s t\u00e9cnica. Aun as\u00ed, la presencia de carga r\u00e1pida es clave en cualquier SUV el\u00e9ctrica que busque salir del uso estrictamente urbano.<\/p>\n<h2>Seguridad y asistencias de manejo<\/h2>\n<p>Otro punto se\u00f1alado es la incorporaci\u00f3n de una suite amplia de asistencias avanzadas a la conducci\u00f3n. Aunque no se detallan sistemas espec\u00edficos, este tipo de tecnolog\u00edas suele formar parte de la conversaci\u00f3n actual sobre seguridad, especialmente en veh\u00edculos destinados a familias o a personas que pasan muchas horas al volante.<\/p>\n<p>La relevancia de estas asistencias est\u00e1 en el respaldo que pueden ofrecer durante trayectos repetitivos, tr\u00e1fico intenso o viajes largos. Sin embargo, como ocurre con cualquier tecnolog\u00eda de apoyo, su funci\u00f3n no sustituye la atenci\u00f3n del conductor ni modifica la responsabilidad de manejar de forma segura.<\/p>\n<p>Para Lynk &#038; Co, la seguridad se suma a una narrativa m\u00e1s amplia de movilidad conectada, sostenible e inteligente. La compa\u00f1\u00eda reporta m\u00e1s de 1.6 millones de veh\u00edculos entregados a nivel global, una escala que ayuda a entender por qu\u00e9 su llegada a M\u00e9xico forma parte de un movimiento mayor de marcas chinas y globales interesadas en el segmento de nuevas energ\u00edas.<\/p>\n<figure class=\"wp-block-image\">\n    <img data-recalc-dims=\"1\" decoding=\"async\" src=\"https:\/\/i0.wp.com\/zeromagazine.mx\/wp-content\/uploads\/2026\/07\/Lynk-Co-02-Front-interior-scaled.jpg?w=1165&#038;ssl=1\" alt=\"\">\n<\/figure>\n<h2>Conclusi\u00f3n: Lynk &#038; Co 02 en M\u00e9xico<\/h2>\n<p>El <strong>Lynk &#038; Co 02<\/strong> funciona como una carta de presentaci\u00f3n para quienes buscan una SUV el\u00e9ctrica con dise\u00f1o contempor\u00e1neo, funciones digitales y un planteamiento m\u00e1s lifestyle que puramente utilitario. La comunicaci\u00f3n alrededor del D\u00eda del Padre refuerza esa lectura, pero los datos concretos del veh\u00edculo permiten observar una propuesta centrada en conectividad, desempe\u00f1o y comodidad.<\/p>\n<p>Faltan elementos clave para dimensionar su posici\u00f3n frente a otros el\u00e9ctricos disponibles en M\u00e9xico, como precio, versiones, equipamiento por configuraci\u00f3n, tiempos de carga y disponibilidad comercial espec\u00edfica. Con la informaci\u00f3n actual, el Lynk &#038; Co 02 queda como una opci\u00f3n a seguir dentro del avance de la movilidad el\u00e9ctrica en el pa\u00eds.<\/p> <!--themify_builder_content-->\n<div id=\"themify_builder_content-125465\" data-postid=\"125465\" class=\"themify_builder_content themify_builder_content-125465 themify_builder tf_clear\">\n    <\/div>\n<!--\/themify_builder_content-->","protected":false},"excerpt":{"rendered":"<p>Lynk &#038; Co 02 plantea una lectura lifestyle del SUV el\u00e9ctrico: conectividad, autonom\u00eda de hasta 435 km y un interior pensado para trayectos diarios.<\/p>\n","protected":false},"author":4,"featured_media":126117,"comment_status":"open","ping_status":"open","sticky":false,"template":"","format":"standard","meta":{"_jetpack_newsletter_access":"","_jetpack_dont_email_post_to_subs":false,"_jetpack_newsletter_tier_id":0,"_jetpack_memberships_contains_paywalled_content":false,"_jetpack_feature_clip_id":0,"_jetpack_memberships_contains_paid_content":false,"footnotes":"","jetpack_publicize_message":"","jetpack_publicize_feature_enabled":true,"jetpack_social_post_already_shared":true,"jetpack_social_options":{"image_generator_settings":{"template":"highway","default_image_id":0,"font":"","enabled":false},"version":2},"jetpack_post_was_ever_published":false},"categories":[1],"tags":[],"class_list":["post-125465","post","type-post","status-publish","format-standard","has-post-thumbnail","hentry","category-blog","has-post-title","has-post-date","has-post-category","has-post-tag","has-post-comment","has-post-author",""],"yoast_head":"<!-- This site is optimized with the Yoast SEO plugin v28.4 - https:\/\/yoast.com\/product\/yoast-seo-wordpress\/ -->\n<title>Lynk &amp; Co 02: SUV el\u00e9ctrico<\/title>\n<meta name=\"description\" content=\"Lynk &amp; Co 02 combina motor el\u00e9ctrico, conectividad 5G, autonom\u00eda de hasta 435 km y seguridad avanzada para viajes cotidianos en M\u00e9xico y dise\u00f1o interior\" \/>\n<meta name=\"robots\" content=\"index, follow, max-snippet:-1, max-image-preview:large, max-video-preview:-1\" \/>\n<link rel=\"canonical\" href=\"https:\/\/zeromagazine.mx\/index.php\/2026\/07\/19\/lynk-co-02-suv-electrico\/\" \/>\n<meta property=\"og:locale\" content=\"es_ES\" \/>\n<meta property=\"og:type\" content=\"article\" \/>\n<meta property=\"og:title\" content=\"Lynk &amp; Co 02: SUV el\u00e9ctrico\" \/>\n<meta property=\"og:description\" content=\"Lynk &amp; Co 02 combina motor el\u00e9ctrico, conectividad 5G, autonom\u00eda de hasta 435 km y seguridad avanzada para viajes cotidianos en M\u00e9xico y dise\u00f1o interior\" \/>\n<meta property=\"og:url\" content=\"https:\/\/zeromagazine.mx\/index.php\/2026\/07\/19\/lynk-co-02-suv-electrico\/\" \/>\n<meta property=\"og:site_name\" content=\"Zero Magazine\" \/>\n<meta property=\"article:published_time\" content=\"2026-07-19T13:25:48+00:00\" \/>\n<meta property=\"article:modified_time\" content=\"2026-07-27T05:44:36+00:00\" \/>\n<meta property=\"og:image\" content=\"http:\/\/zeromagazine.mx\/wp-content\/uploads\/2026\/07\/Lynk-Co-DA\u00ada-del-Padre-1.jpeg\" \/>\n\t<meta property=\"og:image:width\" content=\"1448\" \/>\n\t<meta property=\"og:image:height\" content=\"1086\" \/>\n\t<meta property=\"og:image:type\" content=\"image\/jpeg\" \/>\n<meta name=\"author\" content=\"David Morales\" \/>\n<meta name=\"twitter:card\" content=\"summary_large_image\" \/>\n<meta name=\"twitter:label1\" content=\"Escrito por\" \/>\n\t<meta name=\"twitter:data1\" content=\"David Morales\" \/>\n\t<meta name=\"twitter:label2\" content=\"Tiempo de lectura\" \/>\n\t<meta name=\"twitter:data2\" content=\"5 minutos\" \/>\n<script type=\"application\/ld+json\" class=\"yoast-schema-graph\">{\"@context\":\"https:\\\/\\\/schema.org\",\"@graph\":[{\"@type\":\"Article\",\"@id\":\"https:\\\/\\\/zeromagazine.mx\\\/index.php\\\/2026\\\/07\\\/19\\\/lynk-co-02-suv-electrico\\\/#article\",\"isPartOf\":{\"@id\":\"https:\\\/\\\/zeromagazine.mx\\\/index.php\\\/2026\\\/07\\\/19\\\/lynk-co-02-suv-electrico\\\/\"},\"author\":{\"name\":\"David Morales\",\"@id\":\"https:\\\/\\\/zeromagazine.mx\\\/#\\\/schema\\\/person\\\/9f7f1a17c60ba8e9980e3e6677aabe5a\"},\"headline\":\"Lynk &#038; Co 02: SUV el\u00e9ctrico\",\"datePublished\":\"2026-07-19T13:25:48+00:00\",\"dateModified\":\"2026-07-27T05:44:36+00:00\",\"mainEntityOfPage\":{\"@id\":\"https:\\\/\\\/zeromagazine.mx\\\/index.php\\\/2026\\\/07\\\/19\\\/lynk-co-02-suv-electrico\\\/\"},\"wordCount\":965,\"commentCount\":0,\"publisher\":{\"@id\":\"https:\\\/\\\/zeromagazine.mx\\\/#organization\"},\"image\":{\"@id\":\"https:\\\/\\\/zeromagazine.mx\\\/index.php\\\/2026\\\/07\\\/19\\\/lynk-co-02-suv-electrico\\\/#primaryimage\"},\"thumbnailUrl\":\"https:\\\/\\\/i0.wp.com\\\/zeromagazine.mx\\\/wp-content\\\/uploads\\\/2026\\\/07\\\/Lynk-Co-DA%C2%ADa-del-Padre-1.jpeg?fit=1448%2C1086&ssl=1\",\"articleSection\":[\"Blog\"],\"inLanguage\":\"es\",\"potentialAction\":[{\"@type\":\"CommentAction\",\"name\":\"Comment\",\"target\":[\"https:\\\/\\\/zeromagazine.mx\\\/index.php\\\/2026\\\/07\\\/19\\\/lynk-co-02-suv-electrico\\\/#respond\"]}]},{\"@type\":\"WebPage\",\"@id\":\"https:\\\/\\\/zeromagazine.mx\\\/index.php\\\/2026\\\/07\\\/19\\\/lynk-co-02-suv-electrico\\\/\",\"url\":\"https:\\\/\\\/zeromagazine.mx\\\/index.php\\\/2026\\\/07\\\/19\\\/lynk-co-02-suv-electrico\\\/\",\"name\":\"Lynk & Co 02: SUV el\u00e9ctrico\",\"isPartOf\":{\"@id\":\"https:\\\/\\\/zeromagazine.mx\\\/#website\"},\"primaryImageOfPage\":{\"@id\":\"https:\\\/\\\/zeromagazine.mx\\\/index.php\\\/2026\\\/07\\\/19\\\/lynk-co-02-suv-electrico\\\/#primaryimage\"},\"image\":{\"@id\":\"https:\\\/\\\/zeromagazine.mx\\\/index.php\\\/2026\\\/07\\\/19\\\/lynk-co-02-suv-electrico\\\/#primaryimage\"},\"thumbnailUrl\":\"https:\\\/\\\/i0.wp.com\\\/zeromagazine.mx\\\/wp-content\\\/uploads\\\/2026\\\/07\\\/Lynk-Co-DA%C2%ADa-del-Padre-1.jpeg?fit=1448%2C1086&ssl=1\",\"datePublished\":\"2026-07-19T13:25:48+00:00\",\"dateModified\":\"2026-07-27T05:44:36+00:00\",\"description\":\"Lynk & Co 02 combina motor el\u00e9ctrico, conectividad 5G, autonom\u00eda de hasta 435 km y seguridad avanzada para viajes cotidianos en M\u00e9xico y dise\u00f1o interior\",\"breadcrumb\":{\"@id\":\"https:\\\/\\\/zeromagazine.mx\\\/index.php\\\/2026\\\/07\\\/19\\\/lynk-co-02-suv-electrico\\\/#breadcrumb\"},\"inLanguage\":\"es\",\"potentialAction\":[{\"@type\":\"ReadAction\",\"target\":[\"https:\\\/\\\/zeromagazine.mx\\\/index.php\\\/2026\\\/07\\\/19\\\/lynk-co-02-suv-electrico\\\/\"]}]},{\"@type\":\"ImageObject\",\"inLanguage\":\"es\",\"@id\":\"https:\\\/\\\/zeromagazine.mx\\\/index.php\\\/2026\\\/07\\\/19\\\/lynk-co-02-suv-electrico\\\/#primaryimage\",\"url\":\"https:\\\/\\\/i0.wp.com\\\/zeromagazine.mx\\\/wp-content\\\/uploads\\\/2026\\\/07\\\/Lynk-Co-DA%C2%ADa-del-Padre-1.jpeg?fit=1448%2C1086&ssl=1\",\"contentUrl\":\"https:\\\/\\\/i0.wp.com\\\/zeromagazine.mx\\\/wp-content\\\/uploads\\\/2026\\\/07\\\/Lynk-Co-DA%C2%ADa-del-Padre-1.jpeg?fit=1448%2C1086&ssl=1\",\"width\":1448,\"height\":1086},{\"@type\":\"BreadcrumbList\",\"@id\":\"https:\\\/\\\/zeromagazine.mx\\\/index.php\\\/2026\\\/07\\\/19\\\/lynk-co-02-suv-electrico\\\/#breadcrumb\",\"itemListElement\":[{\"@type\":\"ListItem\",\"position\":1,\"name\":\"Portada\",\"item\":\"https:\\\/\\\/zeromagazine.mx\\\/\"},{\"@type\":\"ListItem\",\"position\":2,\"name\":\"Lynk &#038; Co 02: SUV el\u00e9ctrico\"}]},{\"@type\":\"WebSite\",\"@id\":\"https:\\\/\\\/zeromagazine.mx\\\/#website\",\"url\":\"https:\\\/\\\/zeromagazine.mx\\\/\",\"name\":\"Zero Magazine\",\"description\":\"\",\"publisher\":{\"@id\":\"https:\\\/\\\/zeromagazine.mx\\\/#organization\"},\"potentialAction\":[{\"@type\":\"SearchAction\",\"target\":{\"@type\":\"EntryPoint\",\"urlTemplate\":\"https:\\\/\\\/zeromagazine.mx\\\/?s={search_term_string}\"},\"query-input\":{\"@type\":\"PropertyValueSpecification\",\"valueRequired\":true,\"valueName\":\"search_term_string\"}}],\"inLanguage\":\"es\"},{\"@type\":\"Organization\",\"@id\":\"https:\\\/\\\/zeromagazine.mx\\\/#organization\",\"name\":\"Zero Magazine\",\"url\":\"https:\\\/\\\/zeromagazine.mx\\\/\",\"logo\":{\"@type\":\"ImageObject\",\"inLanguage\":\"es\",\"@id\":\"https:\\\/\\\/zeromagazine.mx\\\/#\\\/schema\\\/logo\\\/image\\\/\",\"url\":\"https:\\\/\\\/i0.wp.com\\\/zeromagazine.mx\\\/wp-content\\\/uploads\\\/2025\\\/11\\\/1.jpeg?fit=1000%2C1000&ssl=1\",\"contentUrl\":\"https:\\\/\\\/i0.wp.com\\\/zeromagazine.mx\\\/wp-content\\\/uploads\\\/2025\\\/11\\\/1.jpeg?fit=1000%2C1000&ssl=1\",\"width\":1000,\"height\":1000,\"caption\":\"Zero Magazine\"},\"image\":{\"@id\":\"https:\\\/\\\/zeromagazine.mx\\\/#\\\/schema\\\/logo\\\/image\\\/\"},\"sameAs\":[\"https:\\\/\\\/instagram.com\\\/zeromagazinemx\"]},{\"@type\":\"Person\",\"@id\":\"https:\\\/\\\/zeromagazine.mx\\\/#\\\/schema\\\/person\\\/9f7f1a17c60ba8e9980e3e6677aabe5a\",\"name\":\"David Morales\",\"image\":{\"@type\":\"ImageObject\",\"inLanguage\":\"es\",\"@id\":\"https:\\\/\\\/zeromagazine.mx\\\/wp-content\\\/litespeed\\\/avatar\\\/76069d2136bfc1c37dc34815bb67ca42.jpg?ver=1788459147\",\"url\":\"https:\\\/\\\/zeromagazine.mx\\\/wp-content\\\/litespeed\\\/avatar\\\/76069d2136bfc1c37dc34815bb67ca42.jpg?ver=1788459147\",\"contentUrl\":\"https:\\\/\\\/zeromagazine.mx\\\/wp-content\\\/litespeed\\\/avatar\\\/76069d2136bfc1c37dc34815bb67ca42.jpg?ver=1788459147\",\"caption\":\"David Morales\"},\"url\":\"https:\\\/\\\/zeromagazine.mx\\\/index.php\\\/author\\\/david\\\/\"}]}<\/script>\n<!-- \/ Yoast SEO plugin. -->","yoast_head_json":{"title":"Lynk & Co 02: SUV el\u00e9ctrico","description":"Lynk & Co 02 combina motor el\u00e9ctrico, conectividad 5G, autonom\u00eda de hasta 435 km y seguridad avanzada para viajes cotidianos en M\u00e9xico y dise\u00f1o interior","robots":{"index":"index","follow":"follow","max-snippet":"max-snippet:-1","max-image-preview":"max-image-preview:large","max-video-preview":"max-video-preview:-1"},"canonical":"https:\/\/zeromagazine.mx\/index.php\/2026\/07\/19\/lynk-co-02-suv-electrico\/","og_locale":"es_ES","og_type":"article","og_title":"Lynk & Co 02: SUV el\u00e9ctrico","og_description":"Lynk & Co 02 combina motor el\u00e9ctrico, conectividad 5G, autonom\u00eda de hasta 435 km y seguridad avanzada para viajes cotidianos en M\u00e9xico y dise\u00f1o interior","og_url":"https:\/\/zeromagazine.mx\/index.php\/2026\/07\/19\/lynk-co-02-suv-electrico\/","og_site_name":"Zero Magazine","article_published_time":"2026-07-19T13:25:48+00:00","article_modified_time":"2026-07-27T05:44:36+00:00","og_image":[{"width":1448,"height":1086,"url":"http:\/\/zeromagazine.mx\/wp-content\/uploads\/2026\/07\/Lynk-Co-DA\u00ada-del-Padre-1.jpeg","type":"image\/jpeg"}],"author":"David Morales","twitter_card":"summary_large_image","twitter_misc":{"Escrito por":"David Morales","Tiempo de lectura":"5 minutos"},"schema":{"@context":"https:\/\/schema.org","@graph":[{"@type":"Article","@id":"https:\/\/zeromagazine.mx\/index.php\/2026\/07\/19\/lynk-co-02-suv-electrico\/#article","isPartOf":{"@id":"https:\/\/zeromagazine.mx\/index.php\/2026\/07\/19\/lynk-co-02-suv-electrico\/"},"author":{"name":"David Morales","@id":"https:\/\/zeromagazine.mx\/#\/schema\/person\/9f7f1a17c60ba8e9980e3e6677aabe5a"},"headline":"Lynk &#038; Co 02: SUV el\u00e9ctrico","datePublished":"2026-07-19T13:25:48+00:00","dateModified":"2026-07-27T05:44:36+00:00","mainEntityOfPage":{"@id":"https:\/\/zeromagazine.mx\/index.php\/2026\/07\/19\/lynk-co-02-suv-electrico\/"},"wordCount":965,"commentCount":0,"publisher":{"@id":"https:\/\/zeromagazine.mx\/#organization"},"image":{"@id":"https:\/\/zeromagazine.mx\/index.php\/2026\/07\/19\/lynk-co-02-suv-electrico\/#primaryimage"},"thumbnailUrl":"https:\/\/i0.wp.com\/zeromagazine.mx\/wp-content\/uploads\/2026\/07\/Lynk-Co-DA%C2%ADa-del-Padre-1.jpeg?fit=1448%2C1086&ssl=1","articleSection":["Blog"],"inLanguage":"es","potentialAction":[{"@type":"CommentAction","name":"Comment","target":["https:\/\/zeromagazine.mx\/index.php\/2026\/07\/19\/lynk-co-02-suv-electrico\/#respond"]}]},{"@type":"WebPage","@id":"https:\/\/zeromagazine.mx\/index.php\/2026\/07\/19\/lynk-co-02-suv-electrico\/","url":"https:\/\/zeromagazine.mx\/index.php\/2026\/07\/19\/lynk-co-02-suv-electrico\/","name":"Lynk & Co 02: SUV el\u00e9ctrico","isPartOf":{"@id":"https:\/\/zeromagazine.mx\/#website"},"primaryImageOfPage":{"@id":"https:\/\/zeromagazine.mx\/index.php\/2026\/07\/19\/lynk-co-02-suv-electrico\/#primaryimage"},"image":{"@id":"https:\/\/zeromagazine.mx\/index.php\/2026\/07\/19\/lynk-co-02-suv-electrico\/#primaryimage"},"thumbnailUrl":"https:\/\/i0.wp.com\/zeromagazine.mx\/wp-content\/uploads\/2026\/07\/Lynk-Co-DA%C2%ADa-del-Padre-1.jpeg?fit=1448%2C1086&ssl=1","datePublished":"2026-07-19T13:25:48+00:00","dateModified":"2026-07-27T05:44:36+00:00","description":"Lynk & Co 02 combina motor el\u00e9ctrico, conectividad 5G, autonom\u00eda de hasta 435 km y seguridad avanzada para viajes cotidianos en M\u00e9xico y dise\u00f1o interior","breadcrumb":{"@id":"https:\/\/zeromagazine.mx\/index.php\/2026\/07\/19\/lynk-co-02-suv-electrico\/#breadcrumb"},"inLanguage":"es","potentialAction":[{"@type":"ReadAction","target":["https:\/\/zeromagazine.mx\/index.php\/2026\/07\/19\/lynk-co-02-suv-electrico\/"]}]},{"@type":"ImageObject","inLanguage":"es","@id":"https:\/\/zeromagazine.mx\/index.php\/2026\/07\/19\/lynk-co-02-suv-electrico\/#primaryimage","url":"https:\/\/i0.wp.com\/zeromagazine.mx\/wp-content\/uploads\/2026\/07\/Lynk-Co-DA%C2%ADa-del-Padre-1.jpeg?fit=1448%2C1086&ssl=1","contentUrl":"https:\/\/i0.wp.com\/zeromagazine.mx\/wp-content\/uploads\/2026\/07\/Lynk-Co-DA%C2%ADa-del-Padre-1.jpeg?fit=1448%2C1086&ssl=1","width":1448,"height":1086},{"@type":"BreadcrumbList","@id":"https:\/\/zeromagazine.mx\/index.php\/2026\/07\/19\/lynk-co-02-suv-electrico\/#breadcrumb","itemListElement":[{"@type":"ListItem","position":1,"name":"Portada","item":"https:\/\/zeromagazine.mx\/"},{"@type":"ListItem","position":2,"name":"Lynk &#038; Co 02: SUV el\u00e9ctrico"}]},{"@type":"WebSite","@id":"https:\/\/zeromagazine.mx\/#website","url":"https:\/\/zeromagazine.mx\/","name":"Zero Magazine","description":"","publisher":{"@id":"https:\/\/zeromagazine.mx\/#organization"},"potentialAction":[{"@type":"SearchAction","target":{"@type":"EntryPoint","urlTemplate":"https:\/\/zeromagazine.mx\/?s={search_term_string}"},"query-input":{"@type":"PropertyValueSpecification","valueRequired":true,"valueName":"search_term_string"}}],"inLanguage":"es"},{"@type":"Organization","@id":"https:\/\/zeromagazine.mx\/#organization","name":"Zero Magazine","url":"https:\/\/zeromagazine.mx\/","logo":{"@type":"ImageObject","inLanguage":"es","@id":"https:\/\/zeromagazine.mx\/#\/schema\/logo\/image\/","url":"https:\/\/i0.wp.com\/zeromagazine.mx\/wp-content\/uploads\/2025\/11\/1.jpeg?fit=1000%2C1000&ssl=1","contentUrl":"https:\/\/i0.wp.com\/zeromagazine.mx\/wp-content\/uploads\/2025\/11\/1.jpeg?fit=1000%2C1000&ssl=1","width":1000,"height":1000,"caption":"Zero Magazine"},"image":{"@id":"https:\/\/zeromagazine.mx\/#\/schema\/logo\/image\/"},"sameAs":["https:\/\/instagram.com\/zeromagazinemx"]},{"@type":"Person","@id":"https:\/\/zeromagazine.mx\/#\/schema\/person\/9f7f1a17c60ba8e9980e3e6677aabe5a","name":"David Morales","image":{"@type":"ImageObject","inLanguage":"es","@id":"https:\/\/zeromagazine.mx\/wp-content\/litespeed\/avatar\/76069d2136bfc1c37dc34815bb67ca42.jpg?ver=1788459147","url":"https:\/\/zeromagazine.mx\/wp-content\/litespeed\/avatar\/76069d2136bfc1c37dc34815bb67ca42.jpg?ver=1788459147","contentUrl":"https:\/\/zeromagazine.mx\/wp-content\/litespeed\/avatar\/76069d2136bfc1c37dc34815bb67ca42.jpg?ver=1788459147","caption":"David Morales"},"url":"https:\/\/zeromagazine.mx\/index.php\/author\/david\/"}]}},"jetpack_publicize_connections":[],"jetpack-related-posts":[{"id":122283,"url":"https:\/\/zeromagazine.mx\/index.php\/2026\/06\/05\/lynk-co-08-suv-movilidad-electrica\/","url_meta":{"origin":125465,"position":0},"title":"La dupla de mam\u00e1: Lynk &amp; Co 08, la SUV que tiene el poder y la autonom\u00eda de resolverlo todo.","author":"David Morales","date":"5 de junio de 2026","format":false,"excerpt":"Hay autos que te llevan de un punto A a un punto B\u2026 y luego est\u00e1n los que cambian la forma en la que te mueves por la vida. La nueva conversaci\u00f3n del lujo automotriz ya no va de potencia bruta ni de s\u00edmbolos tradicionales, sino de algo mucho m\u00e1s\u2026","rel":"","context":"En \u00abBlog\u00bb","block_context":{"text":"Blog","link":"https:\/\/zeromagazine.mx\/index.php\/category\/blog\/"},"img":{"alt_text":"","src":"https:\/\/i0.wp.com\/zeromagazine.mx\/wp-content\/uploads\/2026\/06\/ZEEKR-7X-mas-vendida_-abril.jpeg?fit=604%2C756&ssl=1&resize=350%2C200","width":350,"height":200,"srcset":"https:\/\/i0.wp.com\/zeromagazine.mx\/wp-content\/uploads\/2026\/06\/ZEEKR-7X-mas-vendida_-abril.jpeg?fit=604%2C756&ssl=1&resize=350%2C200 1x, https:\/\/i0.wp.com\/zeromagazine.mx\/wp-content\/uploads\/2026\/06\/ZEEKR-7X-mas-vendida_-abril.jpeg?fit=604%2C756&ssl=1&resize=525%2C300 1.5x"},"classes":[]},{"id":120561,"url":"https:\/\/zeromagazine.mx\/index.php\/2026\/05\/08\/lynk-co-08-suv-mama-2026\/","url_meta":{"origin":125465,"position":1},"title":"La dupla de mam\u00e1: Lynk &amp; Co 08, la SUV que tiene el poder y la autonom\u00eda de resolverlo todo.","author":"David Morales","date":"8 de mayo de 2026","format":false,"excerpt":"Autonom\u00eda r\u00e9cord, dise\u00f1o futurista y una vibra premium que convierte cada trayecto en un momento de pausa. As\u00ed es la SUV que entiende el ritmo real de las mam\u00e1s de hoy. Hay mujeres que simplemente hacen que todo funcione. Las que contestan mensajes mientras organizan agendas mentales imposibles, las que\u2026","rel":"","context":"En \u00abBlog\u00bb","block_context":{"text":"Blog","link":"https:\/\/zeromagazine.mx\/index.php\/category\/blog\/"},"img":{"alt_text":"","src":"https:\/\/i0.wp.com\/zeromagazine.mx\/wp-content\/uploads\/2026\/05\/IMG_2727.png?fit=1052%2C659&ssl=1&resize=350%2C200","width":350,"height":200,"srcset":"https:\/\/i0.wp.com\/zeromagazine.mx\/wp-content\/uploads\/2026\/05\/IMG_2727.png?fit=1052%2C659&ssl=1&resize=350%2C200 1x, https:\/\/i0.wp.com\/zeromagazine.mx\/wp-content\/uploads\/2026\/05\/IMG_2727.png?fit=1052%2C659&ssl=1&resize=525%2C300 1.5x, https:\/\/i0.wp.com\/zeromagazine.mx\/wp-content\/uploads\/2026\/05\/IMG_2727.png?fit=1052%2C659&ssl=1&resize=700%2C400 2x, https:\/\/i0.wp.com\/zeromagazine.mx\/wp-content\/uploads\/2026\/05\/IMG_2727.png?fit=1052%2C659&ssl=1&resize=1050%2C600 3x"},"classes":[]},{"id":128336,"url":"https:\/\/zeromagazine.mx\/index.php\/2026\/08\/02\/polanco-estrena-la-nueva-house-de-zeekr-y-lynk-co\/","url_meta":{"origin":125465,"position":2},"title":"Polanco estrena la nueva House de Zeekr y Lynk &#038; Co","author":"David Morales","date":"2 de agosto de 2026","format":false,"excerpt":"Hay lugares que entienden que comprar un coche ya no va de mirar fichas t\u00e9cnicas bajo luces fluorescentes, sino de habitar un espacio donde apetezca quedarse. Eso es exactamente lo que se traen entre manos Zeekr y Lynk & Co con su reci\u00e9n inaugurada House en Polanco, un movimiento que\u2026","rel":"","context":"En \u00abBlog\u00bb","block_context":{"text":"Blog","link":"https:\/\/zeromagazine.mx\/index.php\/category\/blog\/"},"img":{"alt_text":"","src":"https:\/\/i0.wp.com\/zeromagazine.mx\/wp-content\/uploads\/2026\/08\/IMG_0319-scaled.jpg?fit=1200%2C800&ssl=1&resize=350%2C200","width":350,"height":200,"srcset":"https:\/\/i0.wp.com\/zeromagazine.mx\/wp-content\/uploads\/2026\/08\/IMG_0319-scaled.jpg?fit=1200%2C800&ssl=1&resize=350%2C200 1x, https:\/\/i0.wp.com\/zeromagazine.mx\/wp-content\/uploads\/2026\/08\/IMG_0319-scaled.jpg?fit=1200%2C800&ssl=1&resize=525%2C300 1.5x, https:\/\/i0.wp.com\/zeromagazine.mx\/wp-content\/uploads\/2026\/08\/IMG_0319-scaled.jpg?fit=1200%2C800&ssl=1&resize=700%2C400 2x, https:\/\/i0.wp.com\/zeromagazine.mx\/wp-content\/uploads\/2026\/08\/IMG_0319-scaled.jpg?fit=1200%2C800&ssl=1&resize=1050%2C600 3x"},"classes":[]},{"id":122026,"url":"https:\/\/zeromagazine.mx\/index.php\/2026\/06\/04\/lynk-co-house-interlomas-mexico-movilidad-premium\/","url_meta":{"origin":125465,"position":3},"title":"Lynk &amp; Co inaugura su primer espacio en M\u00e9xico con la apertura de House Interlomas","author":"David Morales","date":"4 de junio de 2026","format":false,"excerpt":"La firma sueca inaugura su primer espacio exclusivo en M\u00e9xico y redefine la forma en que las marcas automotrices conectan con las personas. Durante d\u00e9cadas, visitar una agencia automotriz signific\u00f3 pr\u00e1cticamente lo mismo: entrar, ver autos y salir con informaci\u00f3n de compra. Sin embargo, las nuevas generaciones de consumidores esperan\u2026","rel":"","context":"En \u00abBlog\u00bb","block_context":{"text":"Blog","link":"https:\/\/zeromagazine.mx\/index.php\/category\/blog\/"},"img":{"alt_text":"","src":"https:\/\/i0.wp.com\/zeromagazine.mx\/wp-content\/uploads\/2026\/06\/Apertura-House-Interlomas-2.jpeg?fit=1200%2C675&ssl=1&resize=350%2C200","width":350,"height":200,"srcset":"https:\/\/i0.wp.com\/zeromagazine.mx\/wp-content\/uploads\/2026\/06\/Apertura-House-Interlomas-2.jpeg?fit=1200%2C675&ssl=1&resize=350%2C200 1x, https:\/\/i0.wp.com\/zeromagazine.mx\/wp-content\/uploads\/2026\/06\/Apertura-House-Interlomas-2.jpeg?fit=1200%2C675&ssl=1&resize=525%2C300 1.5x, https:\/\/i0.wp.com\/zeromagazine.mx\/wp-content\/uploads\/2026\/06\/Apertura-House-Interlomas-2.jpeg?fit=1200%2C675&ssl=1&resize=700%2C400 2x, https:\/\/i0.wp.com\/zeromagazine.mx\/wp-content\/uploads\/2026\/06\/Apertura-House-Interlomas-2.jpeg?fit=1200%2C675&ssl=1&resize=1050%2C600 3x"},"classes":[]},{"id":128015,"url":"https:\/\/zeromagazine.mx\/index.php\/2026\/07\/31\/lynk-co-app-transforma-tu-auto\/","url_meta":{"origin":125465,"position":4},"title":"Lynk &#038; Co App transforma tu auto","author":"David Morales","date":"31 de julio de 2026","format":false,"excerpt":"Hay una peque\u00f1a revoluci\u00f3n ocurriendo silenciosamente en la palma de nuestra mano. Olv\u00eddate de buscar las llaves en el fondo de la mochila, de regresar corriendo a la mitad de la calle porque dudaste si cerraste las ventanas o de enfrentarte a un habit\u00e1culo convertido en horno despu\u00e9s de dejar\u2026","rel":"","context":"En \u00abBlog\u00bb","block_context":{"text":"Blog","link":"https:\/\/zeromagazine.mx\/index.php\/category\/blog\/"},"img":{"alt_text":"","src":"https:\/\/i0.wp.com\/zeromagazine.mx\/wp-content\/uploads\/2026\/07\/Captura-de-pantalla-2026-07-30-173000.png?fit=937%2C553&ssl=1&resize=350%2C200","width":350,"height":200,"srcset":"https:\/\/i0.wp.com\/zeromagazine.mx\/wp-content\/uploads\/2026\/07\/Captura-de-pantalla-2026-07-30-173000.png?fit=937%2C553&ssl=1&resize=350%2C200 1x, https:\/\/i0.wp.com\/zeromagazine.mx\/wp-content\/uploads\/2026\/07\/Captura-de-pantalla-2026-07-30-173000.png?fit=937%2C553&ssl=1&resize=525%2C300 1.5x, https:\/\/i0.wp.com\/zeromagazine.mx\/wp-content\/uploads\/2026\/07\/Captura-de-pantalla-2026-07-30-173000.png?fit=937%2C553&ssl=1&resize=700%2C400 2x"},"classes":[]},{"id":123865,"url":"https:\/\/zeromagazine.mx\/index.php\/2026\/06\/25\/ora-5-gwm-suv-urbano-diseno\/","url_meta":{"origin":125465,"position":5},"title":"ORA 5 GWM: el SUV urbano que convierte el dise\u00f1o en una declaraci\u00f3n de estilo","author":"David Morales","date":"25 de junio de 2026","format":false,"excerpt":"Durante mucho tiempo, los autos dejaron de ser \u00fanicamente un medio para ir del punto A al punto B. Hoy son una extensi\u00f3n de personalidad, una pieza m\u00e1s dentro del lifestyle y, en muchos casos, un reflejo de c\u00f3mo queremos movernos por la ciudad. Dise\u00f1o, conectividad y experiencias digitales ya\u2026","rel":"","context":"En \u00abDise\u00f1o\u00bb","block_context":{"text":"Dise\u00f1o","link":"https:\/\/zeromagazine.mx\/index.php\/category\/diseno\/"},"img":{"alt_text":"","src":"https:\/\/i0.wp.com\/zeromagazine.mx\/wp-content\/uploads\/2026\/06\/Ora-5_Emerald-Green_6-scaled.jpeg?fit=1200%2C675&ssl=1&resize=350%2C200","width":350,"height":200,"srcset":"https:\/\/i0.wp.com\/zeromagazine.mx\/wp-content\/uploads\/2026\/06\/Ora-5_Emerald-Green_6-scaled.jpeg?fit=1200%2C675&ssl=1&resize=350%2C200 1x, https:\/\/i0.wp.com\/zeromagazine.mx\/wp-content\/uploads\/2026\/06\/Ora-5_Emerald-Green_6-scaled.jpeg?fit=1200%2C675&ssl=1&resize=525%2C300 1.5x, https:\/\/i0.wp.com\/zeromagazine.mx\/wp-content\/uploads\/2026\/06\/Ora-5_Emerald-Green_6-scaled.jpeg?fit=1200%2C675&ssl=1&resize=700%2C400 2x, https:\/\/i0.wp.com\/zeromagazine.mx\/wp-content\/uploads\/2026\/06\/Ora-5_Emerald-Green_6-scaled.jpeg?fit=1200%2C675&ssl=1&resize=1050%2C600 3x"},"classes":[]}],"jetpack_sharing_enabled":true,"builder_content":"","jetpack_featured_media_url":"https:\/\/i0.wp.com\/zeromagazine.mx\/wp-content\/uploads\/2026\/07\/Lynk-Co-DA%C2%ADa-del-Padre-1.jpeg?fit=1448%2C1086&ssl=1","_links":{"self":[{"href":"https:\/\/zeromagazine.mx\/index.php\/wp-json\/wp\/v2\/posts\/125465","targetHints":{"allow":["GET"]}}],"collection":[{"href":"https:\/\/zeromagazine.mx\/index.php\/wp-json\/wp\/v2\/posts"}],"about":[{"href":"https:\/\/zeromagazine.mx\/index.php\/wp-json\/wp\/v2\/types\/post"}],"author":[{"embeddable":true,"href":"https:\/\/zeromagazine.mx\/index.php\/wp-json\/wp\/v2\/users\/4"}],"replies":[{"embeddable":true,"href":"https:\/\/zeromagazine.mx\/index.php\/wp-json\/wp\/v2\/comments?post=125465"}],"version-history":[{"count":4,"href":"https:\/\/zeromagazine.mx\/index.php\/wp-json\/wp\/v2\/posts\/125465\/revisions"}],"predecessor-version":[{"id":126656,"href":"https:\/\/zeromagazine.mx\/index.php\/wp-json\/wp\/v2\/posts\/125465\/revisions\/126656"}],"wp:featuredmedia":[{"embeddable":true,"href":"https:\/\/zeromagazine.mx\/index.php\/wp-json\/wp\/v2\/media\/126117"}],"wp:attachment":[{"href":"https:\/\/zeromagazine.mx\/index.php\/wp-json\/wp\/v2\/media?parent=125465"}],"wp:term":[{"taxonomy":"category","embeddable":true,"href":"https:\/\/zeromagazine.mx\/index.php\/wp-json\/wp\/v2\/categories?post=125465"},{"taxonomy":"post_tag","embeddable":true,"href":"https:\/\/zeromagazine.mx\/index.php\/wp-json\/wp\/v2\/tags?post=125465"}],"curies":[{"name":"wp","href":"https:\/\/api.w.org\/{rel}","templated":true}]}}