{"id":129406,"date":"2026-09-02T13:44:04","date_gmt":"2026-09-02T19:44:04","guid":{"rendered":"https:\/\/zeromagazine.mx\/index.php\/2026\/09\/02\/atlas-80-anos-futuro-descanso-mexico\/"},"modified":"2026-09-02T13:44:04","modified_gmt":"2026-09-02T19:44:04","slug":"atlas-80-anos-futuro-descanso-mexico","status":"publish","type":"post","link":"https:\/\/zeromagazine.mx\/index.php\/2026\/09\/02\/atlas-80-anos-futuro-descanso-mexico\/","title":{"rendered":"Atlas cumple 80 a\u00f1os y prepara el futuro del descanso"},"content":{"rendered":"\n<p class=\"p1 wp-block-paragraph\">Cumplir 80 a\u00f1os puede ser una oportunidad para mirar hacia atr\u00e1s. Para Atlas, tambi\u00e9n es una forma de mirar hacia adelante. La empresa mexicana especializada en descanso celebr\u00f3 ocho d\u00e9cadas de historia replanteando lo que significa comprar un colch\u00f3n en una \u00e9poca en la que la tecnolog\u00eda, el comercio electr\u00f3nico y las expectativas del consumidor est\u00e1n transformando el retail.<\/p>\n\n\n\n<figure class=\"wp-block-image size-large\"><img data-recalc-dims=\"1\" decoding=\"async\" width=\"1024\" height=\"577\" src=\"https:\/\/i0.wp.com\/zeromagazine.mx\/wp-content\/uploads\/2026\/09\/img_2137-1024x577.jpg?resize=1024%2C577&#038;ssl=1\" class=\"wp-image-129402\" srcset=\"https:\/\/i0.wp.com\/zeromagazine.mx\/wp-content\/uploads\/2026\/09\/img_2137.jpg?resize=1024%2C577&amp;ssl=1 1024w, https:\/\/i0.wp.com\/zeromagazine.mx\/wp-content\/uploads\/2026\/09\/img_2137.jpg?resize=300%2C169&amp;ssl=1 300w, https:\/\/i0.wp.com\/zeromagazine.mx\/wp-content\/uploads\/2026\/09\/img_2137.jpg?resize=768%2C432&amp;ssl=1 768w, https:\/\/i0.wp.com\/zeromagazine.mx\/wp-content\/uploads\/2026\/09\/img_2137.jpg?resize=1536%2C865&amp;ssl=1 1536w, https:\/\/i0.wp.com\/zeromagazine.mx\/wp-content\/uploads\/2026\/09\/img_2137.jpg?w=2000&amp;ssl=1 2000w\" sizes=\"(max-width: 1024px) 100vw, 1024px\" \/><\/figure>\n\n\n\n<p class=\"p1 wp-block-paragraph\">Durante la conferencia por su aniversario, <strong>Abraham Cohen, presidente de Atlas<\/strong>, explic\u00f3 que la compa\u00f1\u00eda ha evolucionado junto con las necesidades de quienes compran sus productos. El objetivo ya no es \u00fanicamente vender colchones, sino construir una experiencia de descanso que combine asesor\u00eda, tecnolog\u00eda, disponibilidad, tiendas f\u00edsicas y canales digitales.<\/p>\n\n\n\n<h2 class=\"wp-block-heading\"><strong>De reparar colchones a transformar el descanso<\/strong><\/h2>\n\n\n\n<p class=\"p1 wp-block-paragraph\">La historia de Atlas comenz\u00f3 hace 80 a\u00f1os reparando colchones, cuando estos productos pod\u00edan permanecer en una familia durante mucho tiempo. Ocho d\u00e9cadas despu\u00e9s, la compa\u00f1\u00eda opera bajo una l\u00f3gica completamente diferente.<\/p>\n\n\n\n<p class=\"p1 wp-block-paragraph\">Actualmente, Atlas cuenta con <strong>m\u00e1s de 200 tiendas<\/strong> y una infraestructura que busca responder a un consumidor que investiga antes de comprar, compara precios y rese\u00f1as, consulta informaci\u00f3n en internet y posteriormente puede decidir probar un producto de manera f\u00edsica.<\/p>\n\n\n\n<p class=\"p1 wp-block-paragraph\">Para Cohen, este cambio tambi\u00e9n transform\u00f3 la manera de entender una tienda. Ya no se trata \u00fanicamente de un espacio donde se exhiben productos, sino de un lugar donde el consumidor puede conocer diferentes alternativas y recibir asesor\u00eda para encontrar una soluci\u00f3n acorde con sus necesidades.<\/p>\n\n\n\n<h2 class=\"wp-block-heading\"><strong>El consumidor ya no piensa en canales<\/strong><\/h2>\n\n\n\n<p class=\"p1 wp-block-paragraph\">Uno de los conceptos centrales de la estrategia de Atlas es la omnicanalidad. La empresa busca que el consumidor pueda comenzar su proceso de compra en internet, continuar en una tienda f\u00edsica y terminar nuevamente en un canal digital, o hacerlo en el orden que prefiera.<\/p>\n\n\n\n<p class=\"p1 wp-block-paragraph\">La idea parte de una realidad sencilla: las personas no piensan en canales, sino en resolver una necesidad.<\/p>\n\n\n\n<p class=\"p1 wp-block-paragraph\">Por eso, la compa\u00f1\u00eda combina sus tiendas, presencia digital, marketplaces, informaci\u00f3n de consumidores y asesor\u00eda especializada. De esta manera, alguien puede descubrir un producto online, probarlo f\u00edsicamente, comparar diferentes alternativas y posteriormente realizar la compra desde donde le resulte m\u00e1s conveniente.<\/p>\n\n\n\n<h2 class=\"wp-block-heading\"><strong>M\u00e1s opciones para un consumidor que no duerme igual<\/strong><\/h2>\n\n\n\n<p class=\"p1 wp-block-paragraph\">Otro de los pilares de Atlas es su modelo multimarca. La compa\u00f1\u00eda sostiene que no existe una soluci\u00f3n universal para dormir, porque cada persona tiene caracter\u00edsticas, h\u00e1bitos y preferencias diferentes.<\/p>\n\n\n\n<p class=\"p1 wp-block-paragraph\">La posici\u00f3n en la que duerme, la sensaci\u00f3n de firmeza que busca, su sensibilidad a la temperatura, si duerme sola o acompa\u00f1ada y las caracter\u00edsticas de su colch\u00f3n actual son algunos de los elementos que pueden influir en la elecci\u00f3n.<\/p>\n\n\n\n<p class=\"p1 wp-block-paragraph\">Por eso, la compa\u00f1\u00eda apuesta por especialistas que no solamente despachen productos, sino que escuchen, hagan preguntas, permitan probar diferentes opciones y ayuden a comparar.<\/p>\n\n\n\n<p class=\"p1 wp-block-paragraph\">La filosof\u00eda se resume en una frase que marc\u00f3 la conferencia: <strong>no existe el mejor colch\u00f3n del mundo; existe el mejor colch\u00f3n para cada persona.<\/strong><\/p>\n\n\n\n<h2 class=\"wp-block-heading\"><strong>La tienda como parte de la experiencia<\/strong><\/h2>\n\n\n\n<p class=\"p1 wp-block-paragraph\">Si el consumidor necesita probar un colch\u00f3n antes de comprarlo, el espacio donde lo hace adquiere una nueva relevancia.<\/p>\n\n\n\n<p class=\"p1 wp-block-paragraph\">Atlas explic\u00f3 que mantiene un proceso constante de remodelaci\u00f3n y actualizaci\u00f3n de sus tiendas, modificando distribuci\u00f3n, recorridos, exhibici\u00f3n, se\u00f1alizaci\u00f3n, iluminaci\u00f3n y espacios destinados a probar los productos.<\/p>\n\n\n\n<p class=\"p1 wp-block-paragraph\">La compa\u00f1\u00eda tambi\u00e9n destac\u00f3 la importancia del mantenimiento de los colchones de exhibici\u00f3n, ya que son utilizados diariamente por cientos de personas. Para Atlas, mantener esas superficies en condiciones adecuadas forma parte de la honestidad de la experiencia: el producto que el consumidor prueba debe representar lo que recibir\u00e1 posteriormente en casa.<\/p>\n\n\n\n<h2 class=\"wp-block-heading\"><strong>La apuesta por entregar en 24 horas<\/strong><\/h2>\n\n\n\n<p class=\"p1 wp-block-paragraph\">Uno de los elementos m\u00e1s llamativos de la estrategia de Atlas es su capacidad para entregar colchones tradicionales en un plazo de <strong>24 horas<\/strong>.<\/p>\n\n\n\n<p class=\"p1 wp-block-paragraph\">Detr\u00e1s de esta promesa existe una infraestructura que incluye m\u00e1s de <strong>25,000 metros cuadrados de almac\u00e9n<\/strong> destinados exclusivamente a colchones y una flotilla de m\u00e1s de <strong>150 camiones<\/strong>, adem\u00e1s de unidades subcontratadas.<\/p>\n\n\n\n<figure class=\"wp-block-image size-large\"><img data-recalc-dims=\"1\" decoding=\"async\" width=\"1024\" height=\"577\" src=\"https:\/\/i0.wp.com\/zeromagazine.mx\/wp-content\/uploads\/2026\/09\/img_2139-1024x577.jpg?resize=1024%2C577&#038;ssl=1\" class=\"wp-image-129403\" srcset=\"https:\/\/i0.wp.com\/zeromagazine.mx\/wp-content\/uploads\/2026\/09\/img_2139.jpg?resize=1024%2C577&amp;ssl=1 1024w, https:\/\/i0.wp.com\/zeromagazine.mx\/wp-content\/uploads\/2026\/09\/img_2139.jpg?resize=300%2C169&amp;ssl=1 300w, https:\/\/i0.wp.com\/zeromagazine.mx\/wp-content\/uploads\/2026\/09\/img_2139.jpg?resize=768%2C432&amp;ssl=1 768w, https:\/\/i0.wp.com\/zeromagazine.mx\/wp-content\/uploads\/2026\/09\/img_2139.jpg?resize=1536%2C865&amp;ssl=1 1536w, https:\/\/i0.wp.com\/zeromagazine.mx\/wp-content\/uploads\/2026\/09\/img_2139.jpg?w=2000&amp;ssl=1 2000w\" sizes=\"(max-width: 1024px) 100vw, 1024px\" \/><\/figure>\n\n\n\n<p class=\"p1 wp-block-paragraph\">La compa\u00f1\u00eda explic\u00f3 que entregar un colch\u00f3n no equivale a mover un paquete convencional. Se trata de transportar un producto voluminoso, llevarlo hasta el domicilio del consumidor y colocarlo en el espacio donde comenzar\u00e1 su vida \u00fatil.<\/p>\n\n\n\n<p class=\"p1 wp-block-paragraph\">Por eso, la entrega en 24 horas no se presenta \u00fanicamente como una estrategia comercial, sino como una capacidad operativa construida durante d\u00e9cadas.<\/p>\n\n\n\n<h2 class=\"wp-block-heading\"><strong>Competir con la conveniencia del colch\u00f3n en caja<\/strong><\/h2>\n\n\n\n<p class=\"p1 wp-block-paragraph\">El crecimiento de los colchones comprimidos y enviados en caja tambi\u00e9n ha cambiado las expectativas del consumidor. Este formato simplifica almacenamiento, transporte y compra digital, y Atlas reconoce que puede ser una alternativa adecuada para determinadas personas.<\/p>\n\n\n\n<p class=\"p1 wp-block-paragraph\">Sin embargo, la empresa considera que conveniencia y personalizaci\u00f3n no necesariamente tienen que significar lo mismo.<\/p>\n\n\n\n<p class=\"p1 wp-block-paragraph\">Mientras un colch\u00f3n en caja busca simplificar el proceso mediante soluciones estandarizadas, el modelo tradicional permite elegir entre diferentes construcciones, materiales, alturas, sistemas de soporte, firmezas y tecnolog\u00edas.<\/p>\n\n\n\n<p class=\"p1 wp-block-paragraph\">El reto para Atlas consiste precisamente en llevar la conveniencia que las personas aprendieron del comercio digital al colch\u00f3n tradicional: investigar online, acudir a una tienda, probar, comparar, elegir, comprar y recibir r\u00e1pidamente.<\/p>\n\n\n\n<h2 class=\"wp-block-heading\"><strong>Tecnolog\u00eda para imaginar el futuro<\/strong><\/h2>\n\n\n\n<p class=\"p1 wp-block-paragraph\">La transformaci\u00f3n de Atlas tambi\u00e9n apunta hacia nuevas tecnolog\u00edas.<\/p>\n\n\n\n<p class=\"p1 wp-block-paragraph\">Durante la conferencia se adelant\u00f3 que la industria del descanso comienza a explorar productos con <strong>inteligencia artificial y sensores capaces de adaptarse a las necesidades del cuerpo durante la noche<\/strong>.<\/p>\n\n\n\n<p class=\"p1 wp-block-paragraph\">Aunque estas tecnolog\u00edas todav\u00eda representan una nueva etapa para la categor\u00eda, muestran hacia d\u00f3nde puede dirigirse la evoluci\u00f3n del colch\u00f3n: de una superficie pasiva para dormir a un sistema capaz de recopilar informaci\u00f3n y responder a las necesidades de cada persona.<\/p>\n\n\n\n<p class=\"p1 wp-block-paragraph\">Para una empresa que comenz\u00f3 reparando colchones hace ocho d\u00e9cadas, el cambio resulta significativo.<\/p>\n\n\n\n<h2 class=\"wp-block-heading\"><strong>Una industria que sigue creciendo<\/strong><\/h2>\n\n\n\n<p class=\"p1 wp-block-paragraph\">De acuerdo con las cifras compartidas durante la conferencia, el mercado mexicano de colchones tiene un valor superior a <strong>1,000 millones de d\u00f3lares anuales<\/strong> y registra un crecimiento aproximado de <strong>7% al a\u00f1o<\/strong>.<\/p>\n\n\n\n<figure class=\"wp-block-image size-large\"><img data-recalc-dims=\"1\" decoding=\"async\" width=\"1024\" height=\"577\" src=\"https:\/\/i0.wp.com\/zeromagazine.mx\/wp-content\/uploads\/2026\/09\/img_2143-1024x577.jpg?resize=1024%2C577&#038;ssl=1\" class=\"wp-image-129404\" srcset=\"https:\/\/i0.wp.com\/zeromagazine.mx\/wp-content\/uploads\/2026\/09\/img_2143.jpg?resize=1024%2C577&amp;ssl=1 1024w, https:\/\/i0.wp.com\/zeromagazine.mx\/wp-content\/uploads\/2026\/09\/img_2143.jpg?resize=300%2C169&amp;ssl=1 300w, https:\/\/i0.wp.com\/zeromagazine.mx\/wp-content\/uploads\/2026\/09\/img_2143.jpg?resize=768%2C432&amp;ssl=1 768w, https:\/\/i0.wp.com\/zeromagazine.mx\/wp-content\/uploads\/2026\/09\/img_2143.jpg?resize=1536%2C865&amp;ssl=1 1536w, https:\/\/i0.wp.com\/zeromagazine.mx\/wp-content\/uploads\/2026\/09\/img_2143.jpg?w=2000&amp;ssl=1 2000w\" sizes=\"(max-width: 1024px) 100vw, 1024px\" \/><\/figure>\n\n\n\n<p class=\"p1 wp-block-paragraph\">En este contexto, Atlas se\u00f1al\u00f3 que espera cerrar con un crecimiento de entre <strong>10% y 15%<\/strong>, una cifra que la compa\u00f1\u00eda considera positiva frente al comportamiento de la industria.<\/p>\n\n\n\n<p class=\"p1 wp-block-paragraph\">La expansi\u00f3n tampoco se ha limitado al comercio electr\u00f3nico. Aunque el e-commerce registr\u00f3 un crecimiento importante en los \u00faltimos a\u00f1os, Atlas asegur\u00f3 que contin\u00faa apostando por su presencia f\u00edsica. Durante los \u00faltimos tres a\u00f1os, la compa\u00f1\u00eda ha abierto aproximadamente <strong>40 a 45 tiendas<\/strong>, mientras que para este a\u00f1o contempla alrededor de <strong>15 aperturas en total<\/strong>, entre las ya realizadas y las proyectadas.<\/p>\n\n\n\n<h2 class=\"wp-block-heading\"><strong>80 a\u00f1os pensando en los pr\u00f3ximos 80<\/strong><\/h2>\n\n\n\n<p class=\"p1 wp-block-paragraph\">Para Atlas, el aniversario no representa \u00fanicamente una celebraci\u00f3n de su trayectoria. La empresa busca utilizar la infraestructura y el conocimiento acumulados durante ocho d\u00e9cadas para competir en un mercado donde el consumidor exige rapidez, informaci\u00f3n, personalizaci\u00f3n y una experiencia integrada entre lo f\u00edsico y lo digital.<\/p>\n\n\n\n<p class=\"p1 wp-block-paragraph\">La apuesta es clara: ofrecer opciones para diferentes personas, apoyarse en expertos para orientar la decisi\u00f3n, utilizar tecnolog\u00eda para conocer mejor al consumidor, mantener inventario disponible y contar con la log\u00edstica necesaria para cumplir r\u00e1pidamente.<\/p>\n\n\n\n<p class=\"p1 wp-block-paragraph\">Despu\u00e9s de 80 a\u00f1os, Atlas quiere demostrar que una empresa con historia tambi\u00e9n puede mirar hacia el futuro.<\/p>\n\n\n\n<p class=\"p1 wp-block-paragraph\">Porque, en una industria donde cada persona duerme diferente, el verdadero reto no es vender el colch\u00f3n m\u00e1s f\u00e1cil de transportar.<\/p>\n\n\n\n<p class=\"p1 wp-block-paragraph\">Es ayudar a encontrar <strong>el colch\u00f3n adecuado para cada quien<\/strong>.<\/p>\n<!--themify_builder_content-->\n<div id=\"themify_builder_content-129406\" data-postid=\"129406\" class=\"themify_builder_content themify_builder_content-129406 themify_builder tf_clear\">\n    <\/div>\n<!--\/themify_builder_content-->\n","protected":false},"excerpt":{"rendered":"<p>Atlas celebra 80 a\u00f1os en M\u00e9xico con una nueva apuesta por el descanso: m\u00e1s de 200 tiendas, estrategia omnicanal, entregas en 24 horas y tecnolog\u00eda para transformar la experiencia de compra.<\/p>\n","protected":false},"author":4,"featured_media":129405,"comment_status":"open","ping_status":"open","sticky":false,"template":"","format":"standard","meta":{"_jetpack_newsletter_access":"","_jetpack_dont_email_post_to_subs":false,"_jetpack_newsletter_tier_id":0,"_jetpack_memberships_contains_paywalled_content":false,"_jetpack_feature_clip_id":0,"_jetpack_memberships_contains_paid_content":false,"footnotes":"","jetpack_publicize_message":"","jetpack_publicize_feature_enabled":true,"jetpack_social_post_already_shared":true,"jetpack_social_options":{"image_generator_settings":{"template":"highway","default_image_id":0,"font":"","enabled":false},"version":2},"jetpack_post_was_ever_published":false},"categories":[80],"tags":[7274,14393,165,14395,14392,7309,4284,14394,4303,3354,14396,4929,6893,14397],"class_list":["post-129406","post","type-post","status-publish","format-standard","has-post-thumbnail","hentry","category-finanzas","tag-atlas","tag-atlas-80-anos","tag-bienestar","tag-colchones","tag-consumo","tag-descanso","tag-e-commerce","tag-industria-del-descanso","tag-innovacion","tag-inteligencia-artificial","tag-omnicanalidad","tag-retail","tag-tecnologia","tag-tiendas-atlas","has-post-title","has-post-date","has-post-category","has-post-tag","has-post-comment","has-post-author",""],"yoast_head":"<!-- This site is optimized with the Yoast SEO plugin v28.4 - https:\/\/yoast.com\/product\/yoast-seo-wordpress\/ -->\n<title>Atlas cumple 80 a\u00f1os y prepara el futuro del descanso - Zero Magazine<\/title>\n<meta name=\"robots\" content=\"index, follow, max-snippet:-1, max-image-preview:large, max-video-preview:-1\" \/>\n<link rel=\"canonical\" href=\"https:\/\/zeromagazine.mx\/index.php\/2026\/09\/02\/atlas-80-anos-futuro-descanso-mexico\/\" \/>\n<meta property=\"og:locale\" content=\"es_ES\" \/>\n<meta property=\"og:type\" content=\"article\" \/>\n<meta property=\"og:title\" content=\"Atlas cumple 80 a\u00f1os y prepara el futuro del descanso - Zero Magazine\" \/>\n<meta property=\"og:description\" content=\"Atlas celebra 80 a\u00f1os en M\u00e9xico con una nueva apuesta por el descanso: m\u00e1s de 200 tiendas, estrategia omnicanal, entregas en 24 horas y tecnolog\u00eda para transformar la experiencia de compra.\" \/>\n<meta property=\"og:url\" content=\"https:\/\/zeromagazine.mx\/index.php\/2026\/09\/02\/atlas-80-anos-futuro-descanso-mexico\/\" \/>\n<meta property=\"og:site_name\" content=\"Zero Magazine\" \/>\n<meta property=\"article:published_time\" content=\"2026-09-02T19:44:04+00:00\" \/>\n<meta property=\"og:image\" content=\"https:\/\/zeromagazine.mx\/wp-content\/uploads\/2026\/09\/img_2137-1024x577.jpg\" \/>\n<meta name=\"author\" content=\"David Morales\" \/>\n<meta name=\"twitter:card\" content=\"summary_large_image\" \/>\n<meta name=\"twitter:label1\" content=\"Escrito por\" \/>\n\t<meta name=\"twitter:data1\" content=\"David Morales\" \/>\n\t<meta name=\"twitter:label2\" content=\"Tiempo de lectura\" \/>\n\t<meta name=\"twitter:data2\" content=\"6 minutos\" \/>\n<script type=\"application\/ld+json\" class=\"yoast-schema-graph\">{\"@context\":\"https:\\\/\\\/schema.org\",\"@graph\":[{\"@type\":\"Article\",\"@id\":\"https:\\\/\\\/zeromagazine.mx\\\/index.php\\\/2026\\\/09\\\/02\\\/atlas-80-anos-futuro-descanso-mexico\\\/#article\",\"isPartOf\":{\"@id\":\"https:\\\/\\\/zeromagazine.mx\\\/index.php\\\/2026\\\/09\\\/02\\\/atlas-80-anos-futuro-descanso-mexico\\\/\"},\"author\":{\"name\":\"David Morales\",\"@id\":\"https:\\\/\\\/zeromagazine.mx\\\/#\\\/schema\\\/person\\\/9f7f1a17c60ba8e9980e3e6677aabe5a\"},\"headline\":\"Atlas cumple 80 a\u00f1os y prepara el futuro del descanso\",\"datePublished\":\"2026-09-02T19:44:04+00:00\",\"mainEntityOfPage\":{\"@id\":\"https:\\\/\\\/zeromagazine.mx\\\/index.php\\\/2026\\\/09\\\/02\\\/atlas-80-anos-futuro-descanso-mexico\\\/\"},\"wordCount\":1298,\"commentCount\":0,\"publisher\":{\"@id\":\"https:\\\/\\\/zeromagazine.mx\\\/#organization\"},\"image\":{\"@id\":\"https:\\\/\\\/zeromagazine.mx\\\/index.php\\\/2026\\\/09\\\/02\\\/atlas-80-anos-futuro-descanso-mexico\\\/#primaryimage\"},\"thumbnailUrl\":\"https:\\\/\\\/i0.wp.com\\\/zeromagazine.mx\\\/wp-content\\\/uploads\\\/2026\\\/09\\\/img_2136.jpg?fit=2000%2C1126&ssl=1\",\"keywords\":[\"ATLAS\",\"Atlas 80 a\u00f1os\",\"Bienestar\",\"colchones\",\"consumo\",\"Descanso\",\"E-commerce\",\"industria del descanso\",\"Innovaci\u00f3n\",\"inteligencia artificial\",\"omnicanalidad\",\"Retail\",\"tecnologia\",\"tiendas Atlas\"],\"articleSection\":[\"Finanzas\"],\"inLanguage\":\"es\",\"potentialAction\":[{\"@type\":\"CommentAction\",\"name\":\"Comment\",\"target\":[\"https:\\\/\\\/zeromagazine.mx\\\/index.php\\\/2026\\\/09\\\/02\\\/atlas-80-anos-futuro-descanso-mexico\\\/#respond\"]}]},{\"@type\":\"WebPage\",\"@id\":\"https:\\\/\\\/zeromagazine.mx\\\/index.php\\\/2026\\\/09\\\/02\\\/atlas-80-anos-futuro-descanso-mexico\\\/\",\"url\":\"https:\\\/\\\/zeromagazine.mx\\\/index.php\\\/2026\\\/09\\\/02\\\/atlas-80-anos-futuro-descanso-mexico\\\/\",\"name\":\"Atlas cumple 80 a\u00f1os y prepara el futuro del descanso - Zero Magazine\",\"isPartOf\":{\"@id\":\"https:\\\/\\\/zeromagazine.mx\\\/#website\"},\"primaryImageOfPage\":{\"@id\":\"https:\\\/\\\/zeromagazine.mx\\\/index.php\\\/2026\\\/09\\\/02\\\/atlas-80-anos-futuro-descanso-mexico\\\/#primaryimage\"},\"image\":{\"@id\":\"https:\\\/\\\/zeromagazine.mx\\\/index.php\\\/2026\\\/09\\\/02\\\/atlas-80-anos-futuro-descanso-mexico\\\/#primaryimage\"},\"thumbnailUrl\":\"https:\\\/\\\/i0.wp.com\\\/zeromagazine.mx\\\/wp-content\\\/uploads\\\/2026\\\/09\\\/img_2136.jpg?fit=2000%2C1126&ssl=1\",\"datePublished\":\"2026-09-02T19:44:04+00:00\",\"breadcrumb\":{\"@id\":\"https:\\\/\\\/zeromagazine.mx\\\/index.php\\\/2026\\\/09\\\/02\\\/atlas-80-anos-futuro-descanso-mexico\\\/#breadcrumb\"},\"inLanguage\":\"es\",\"potentialAction\":[{\"@type\":\"ReadAction\",\"target\":[\"https:\\\/\\\/zeromagazine.mx\\\/index.php\\\/2026\\\/09\\\/02\\\/atlas-80-anos-futuro-descanso-mexico\\\/\"]}]},{\"@type\":\"ImageObject\",\"inLanguage\":\"es\",\"@id\":\"https:\\\/\\\/zeromagazine.mx\\\/index.php\\\/2026\\\/09\\\/02\\\/atlas-80-anos-futuro-descanso-mexico\\\/#primaryimage\",\"url\":\"https:\\\/\\\/i0.wp.com\\\/zeromagazine.mx\\\/wp-content\\\/uploads\\\/2026\\\/09\\\/img_2136.jpg?fit=2000%2C1126&ssl=1\",\"contentUrl\":\"https:\\\/\\\/i0.wp.com\\\/zeromagazine.mx\\\/wp-content\\\/uploads\\\/2026\\\/09\\\/img_2136.jpg?fit=2000%2C1126&ssl=1\",\"width\":2000,\"height\":1126},{\"@type\":\"BreadcrumbList\",\"@id\":\"https:\\\/\\\/zeromagazine.mx\\\/index.php\\\/2026\\\/09\\\/02\\\/atlas-80-anos-futuro-descanso-mexico\\\/#breadcrumb\",\"itemListElement\":[{\"@type\":\"ListItem\",\"position\":1,\"name\":\"Portada\",\"item\":\"https:\\\/\\\/zeromagazine.mx\\\/\"},{\"@type\":\"ListItem\",\"position\":2,\"name\":\"Atlas cumple 80 a\u00f1os y prepara el futuro del descanso\"}]},{\"@type\":\"WebSite\",\"@id\":\"https:\\\/\\\/zeromagazine.mx\\\/#website\",\"url\":\"https:\\\/\\\/zeromagazine.mx\\\/\",\"name\":\"Zero Magazine\",\"description\":\"\",\"publisher\":{\"@id\":\"https:\\\/\\\/zeromagazine.mx\\\/#organization\"},\"potentialAction\":[{\"@type\":\"SearchAction\",\"target\":{\"@type\":\"EntryPoint\",\"urlTemplate\":\"https:\\\/\\\/zeromagazine.mx\\\/?s={search_term_string}\"},\"query-input\":{\"@type\":\"PropertyValueSpecification\",\"valueRequired\":true,\"valueName\":\"search_term_string\"}}],\"inLanguage\":\"es\"},{\"@type\":\"Organization\",\"@id\":\"https:\\\/\\\/zeromagazine.mx\\\/#organization\",\"name\":\"Zero Magazine\",\"url\":\"https:\\\/\\\/zeromagazine.mx\\\/\",\"logo\":{\"@type\":\"ImageObject\",\"inLanguage\":\"es\",\"@id\":\"https:\\\/\\\/zeromagazine.mx\\\/#\\\/schema\\\/logo\\\/image\\\/\",\"url\":\"https:\\\/\\\/i0.wp.com\\\/zeromagazine.mx\\\/wp-content\\\/uploads\\\/2025\\\/11\\\/1.jpeg?fit=1000%2C1000&ssl=1\",\"contentUrl\":\"https:\\\/\\\/i0.wp.com\\\/zeromagazine.mx\\\/wp-content\\\/uploads\\\/2025\\\/11\\\/1.jpeg?fit=1000%2C1000&ssl=1\",\"width\":1000,\"height\":1000,\"caption\":\"Zero Magazine\"},\"image\":{\"@id\":\"https:\\\/\\\/zeromagazine.mx\\\/#\\\/schema\\\/logo\\\/image\\\/\"},\"sameAs\":[\"https:\\\/\\\/instagram.com\\\/zeromagazinemx\"]},{\"@type\":\"Person\",\"@id\":\"https:\\\/\\\/zeromagazine.mx\\\/#\\\/schema\\\/person\\\/9f7f1a17c60ba8e9980e3e6677aabe5a\",\"name\":\"David Morales\",\"image\":{\"@type\":\"ImageObject\",\"inLanguage\":\"es\",\"@id\":\"https:\\\/\\\/zeromagazine.mx\\\/wp-content\\\/litespeed\\\/avatar\\\/76069d2136bfc1c37dc34815bb67ca42.jpg?ver=1787854196\",\"url\":\"https:\\\/\\\/zeromagazine.mx\\\/wp-content\\\/litespeed\\\/avatar\\\/76069d2136bfc1c37dc34815bb67ca42.jpg?ver=1787854196\",\"contentUrl\":\"https:\\\/\\\/zeromagazine.mx\\\/wp-content\\\/litespeed\\\/avatar\\\/76069d2136bfc1c37dc34815bb67ca42.jpg?ver=1787854196\",\"caption\":\"David Morales\"},\"url\":\"https:\\\/\\\/zeromagazine.mx\\\/index.php\\\/author\\\/david\\\/\"}]}<\/script>\n<!-- \/ Yoast SEO plugin. -->","yoast_head_json":{"title":"Atlas cumple 80 a\u00f1os y prepara el futuro del descanso - Zero Magazine","robots":{"index":"index","follow":"follow","max-snippet":"max-snippet:-1","max-image-preview":"max-image-preview:large","max-video-preview":"max-video-preview:-1"},"canonical":"https:\/\/zeromagazine.mx\/index.php\/2026\/09\/02\/atlas-80-anos-futuro-descanso-mexico\/","og_locale":"es_ES","og_type":"article","og_title":"Atlas cumple 80 a\u00f1os y prepara el futuro del descanso - Zero Magazine","og_description":"Atlas celebra 80 a\u00f1os en M\u00e9xico con una nueva apuesta por el descanso: m\u00e1s de 200 tiendas, estrategia omnicanal, entregas en 24 horas y tecnolog\u00eda para transformar la experiencia de compra.","og_url":"https:\/\/zeromagazine.mx\/index.php\/2026\/09\/02\/atlas-80-anos-futuro-descanso-mexico\/","og_site_name":"Zero Magazine","article_published_time":"2026-09-02T19:44:04+00:00","og_image":[{"url":"https:\/\/zeromagazine.mx\/wp-content\/uploads\/2026\/09\/img_2137-1024x577.jpg","type":"","width":"","height":""}],"author":"David Morales","twitter_card":"summary_large_image","twitter_misc":{"Escrito por":"David Morales","Tiempo de lectura":"6 minutos"},"schema":{"@context":"https:\/\/schema.org","@graph":[{"@type":"Article","@id":"https:\/\/zeromagazine.mx\/index.php\/2026\/09\/02\/atlas-80-anos-futuro-descanso-mexico\/#article","isPartOf":{"@id":"https:\/\/zeromagazine.mx\/index.php\/2026\/09\/02\/atlas-80-anos-futuro-descanso-mexico\/"},"author":{"name":"David Morales","@id":"https:\/\/zeromagazine.mx\/#\/schema\/person\/9f7f1a17c60ba8e9980e3e6677aabe5a"},"headline":"Atlas cumple 80 a\u00f1os y prepara el futuro del descanso","datePublished":"2026-09-02T19:44:04+00:00","mainEntityOfPage":{"@id":"https:\/\/zeromagazine.mx\/index.php\/2026\/09\/02\/atlas-80-anos-futuro-descanso-mexico\/"},"wordCount":1298,"commentCount":0,"publisher":{"@id":"https:\/\/zeromagazine.mx\/#organization"},"image":{"@id":"https:\/\/zeromagazine.mx\/index.php\/2026\/09\/02\/atlas-80-anos-futuro-descanso-mexico\/#primaryimage"},"thumbnailUrl":"https:\/\/i0.wp.com\/zeromagazine.mx\/wp-content\/uploads\/2026\/09\/img_2136.jpg?fit=2000%2C1126&ssl=1","keywords":["ATLAS","Atlas 80 a\u00f1os","Bienestar","colchones","consumo","Descanso","E-commerce","industria del descanso","Innovaci\u00f3n","inteligencia artificial","omnicanalidad","Retail","tecnologia","tiendas Atlas"],"articleSection":["Finanzas"],"inLanguage":"es","potentialAction":[{"@type":"CommentAction","name":"Comment","target":["https:\/\/zeromagazine.mx\/index.php\/2026\/09\/02\/atlas-80-anos-futuro-descanso-mexico\/#respond"]}]},{"@type":"WebPage","@id":"https:\/\/zeromagazine.mx\/index.php\/2026\/09\/02\/atlas-80-anos-futuro-descanso-mexico\/","url":"https:\/\/zeromagazine.mx\/index.php\/2026\/09\/02\/atlas-80-anos-futuro-descanso-mexico\/","name":"Atlas cumple 80 a\u00f1os y prepara el futuro del descanso - Zero Magazine","isPartOf":{"@id":"https:\/\/zeromagazine.mx\/#website"},"primaryImageOfPage":{"@id":"https:\/\/zeromagazine.mx\/index.php\/2026\/09\/02\/atlas-80-anos-futuro-descanso-mexico\/#primaryimage"},"image":{"@id":"https:\/\/zeromagazine.mx\/index.php\/2026\/09\/02\/atlas-80-anos-futuro-descanso-mexico\/#primaryimage"},"thumbnailUrl":"https:\/\/i0.wp.com\/zeromagazine.mx\/wp-content\/uploads\/2026\/09\/img_2136.jpg?fit=2000%2C1126&ssl=1","datePublished":"2026-09-02T19:44:04+00:00","breadcrumb":{"@id":"https:\/\/zeromagazine.mx\/index.php\/2026\/09\/02\/atlas-80-anos-futuro-descanso-mexico\/#breadcrumb"},"inLanguage":"es","potentialAction":[{"@type":"ReadAction","target":["https:\/\/zeromagazine.mx\/index.php\/2026\/09\/02\/atlas-80-anos-futuro-descanso-mexico\/"]}]},{"@type":"ImageObject","inLanguage":"es","@id":"https:\/\/zeromagazine.mx\/index.php\/2026\/09\/02\/atlas-80-anos-futuro-descanso-mexico\/#primaryimage","url":"https:\/\/i0.wp.com\/zeromagazine.mx\/wp-content\/uploads\/2026\/09\/img_2136.jpg?fit=2000%2C1126&ssl=1","contentUrl":"https:\/\/i0.wp.com\/zeromagazine.mx\/wp-content\/uploads\/2026\/09\/img_2136.jpg?fit=2000%2C1126&ssl=1","width":2000,"height":1126},{"@type":"BreadcrumbList","@id":"https:\/\/zeromagazine.mx\/index.php\/2026\/09\/02\/atlas-80-anos-futuro-descanso-mexico\/#breadcrumb","itemListElement":[{"@type":"ListItem","position":1,"name":"Portada","item":"https:\/\/zeromagazine.mx\/"},{"@type":"ListItem","position":2,"name":"Atlas cumple 80 a\u00f1os y prepara el futuro del descanso"}]},{"@type":"WebSite","@id":"https:\/\/zeromagazine.mx\/#website","url":"https:\/\/zeromagazine.mx\/","name":"Zero Magazine","description":"","publisher":{"@id":"https:\/\/zeromagazine.mx\/#organization"},"potentialAction":[{"@type":"SearchAction","target":{"@type":"EntryPoint","urlTemplate":"https:\/\/zeromagazine.mx\/?s={search_term_string}"},"query-input":{"@type":"PropertyValueSpecification","valueRequired":true,"valueName":"search_term_string"}}],"inLanguage":"es"},{"@type":"Organization","@id":"https:\/\/zeromagazine.mx\/#organization","name":"Zero Magazine","url":"https:\/\/zeromagazine.mx\/","logo":{"@type":"ImageObject","inLanguage":"es","@id":"https:\/\/zeromagazine.mx\/#\/schema\/logo\/image\/","url":"https:\/\/i0.wp.com\/zeromagazine.mx\/wp-content\/uploads\/2025\/11\/1.jpeg?fit=1000%2C1000&ssl=1","contentUrl":"https:\/\/i0.wp.com\/zeromagazine.mx\/wp-content\/uploads\/2025\/11\/1.jpeg?fit=1000%2C1000&ssl=1","width":1000,"height":1000,"caption":"Zero Magazine"},"image":{"@id":"https:\/\/zeromagazine.mx\/#\/schema\/logo\/image\/"},"sameAs":["https:\/\/instagram.com\/zeromagazinemx"]},{"@type":"Person","@id":"https:\/\/zeromagazine.mx\/#\/schema\/person\/9f7f1a17c60ba8e9980e3e6677aabe5a","name":"David Morales","image":{"@type":"ImageObject","inLanguage":"es","@id":"https:\/\/zeromagazine.mx\/wp-content\/litespeed\/avatar\/76069d2136bfc1c37dc34815bb67ca42.jpg?ver=1787854196","url":"https:\/\/zeromagazine.mx\/wp-content\/litespeed\/avatar\/76069d2136bfc1c37dc34815bb67ca42.jpg?ver=1787854196","contentUrl":"https:\/\/zeromagazine.mx\/wp-content\/litespeed\/avatar\/76069d2136bfc1c37dc34815bb67ca42.jpg?ver=1787854196","caption":"David Morales"},"url":"https:\/\/zeromagazine.mx\/index.php\/author\/david\/"}]}},"jetpack_publicize_connections":[],"jetpack-related-posts":[{"id":80681,"url":"https:\/\/zeromagazine.mx\/index.php\/2024\/07\/24\/sabias-esto-de-tu-colchon\/","url_meta":{"origin":129406,"position":0},"title":"\u00bfSab\u00edas Esto de Tu Colch\u00f3n?","author":"zeromagazinemx","date":"24 de julio de 2024","format":false,"excerpt":"En este mes de julio, Atlas del descanso est\u00e1 celebrando nada m\u00e1s y nada menos que 78 a\u00f1os de ser los jefes en todo lo relacionado con colchones y descanso. Desde su nacimiento en 1946, cuando empezaron reparando camas y colchones, hasta hoy, han crecido much\u00edsimo. Imag\u00ednense: \u00a1ya tienen m\u00e1s\u2026","rel":"","context":"En \u00abBienestar\u00bb","block_context":{"text":"Bienestar","link":"https:\/\/zeromagazine.mx\/index.php\/category\/lifestyle\/bienestar\/"},"img":{"alt_text":"","src":"https:\/\/i0.wp.com\/zeromagazine.mx\/wp-content\/uploads\/2024\/07\/unnamed-15-1.jpg?fit=1200%2C1200&ssl=1&resize=350%2C200","width":350,"height":200,"srcset":"https:\/\/i0.wp.com\/zeromagazine.mx\/wp-content\/uploads\/2024\/07\/unnamed-15-1.jpg?fit=1200%2C1200&ssl=1&resize=350%2C200 1x, https:\/\/i0.wp.com\/zeromagazine.mx\/wp-content\/uploads\/2024\/07\/unnamed-15-1.jpg?fit=1200%2C1200&ssl=1&resize=525%2C300 1.5x, https:\/\/i0.wp.com\/zeromagazine.mx\/wp-content\/uploads\/2024\/07\/unnamed-15-1.jpg?fit=1200%2C1200&ssl=1&resize=700%2C400 2x, https:\/\/i0.wp.com\/zeromagazine.mx\/wp-content\/uploads\/2024\/07\/unnamed-15-1.jpg?fit=1200%2C1200&ssl=1&resize=1050%2C600 3x"},"classes":[]},{"id":100267,"url":"https:\/\/zeromagazine.mx\/index.php\/2025\/04\/01\/lujo-para-dormir-mejor\/","url_meta":{"origin":129406,"position":1},"title":"Lujo Para Dormir Mejor","author":"David Morales","date":"1 de abril de 2025","format":false,"excerpt":"Amix, \u00bfneta ya se dieron cuenta de lo subestimado que est\u00e1 dormir bien? O sea, s\u00ed, todos decimos que queremos descansar, pero \u00bfqu\u00e9 tanto le metemos en serio? Ahora imag\u00ednate combinar descanso, lujo y una experiencia totalmente personalizada. Pues justo eso trae Dreams Atelier by Atlas, que acaba de abrir\u2026","rel":"","context":"En \u00abBlog\u00bb","block_context":{"text":"Blog","link":"https:\/\/zeromagazine.mx\/index.php\/category\/blog\/"},"img":{"alt_text":"","src":"https:\/\/i0.wp.com\/zeromagazine.mx\/wp-content\/uploads\/2025\/04\/20250311_181335.jpg?fit=202%2C320&ssl=1&resize=350%2C200","width":350,"height":200},"classes":[]},{"id":106035,"url":"https:\/\/zeromagazine.mx\/index.php\/2025\/06\/12\/descanso-dreams-atelier-para-papa\/","url_meta":{"origin":129406,"position":2},"title":"Descanso Dreams Atelier para pap\u00e1","author":"David Morales","date":"12 de junio de 2025","format":false,"excerpt":"Amix, \u00bfya sabes qu\u00e9 regalarle a tu pap\u00e1 este 15 de junio? Porque si a\u00fan andas sin idea y quieres algo que s\u00ed lo haga feliz de verdad, y no solo por compromiso; pues te traigo la opci\u00f3n m\u00e1s top: el descanso Dreams Atelier para pap\u00e1. Y es que aqu\u00ed\u2026","rel":"","context":"En \u00abBienestar\u00bb","block_context":{"text":"Bienestar","link":"https:\/\/zeromagazine.mx\/index.php\/category\/lifestyle\/bienestar\/"},"img":{"alt_text":"","src":"https:\/\/i0.wp.com\/zeromagazine.mx\/wp-content\/uploads\/2025\/06\/papa-descansando.jpg?fit=612%2C408&ssl=1&resize=350%2C200","width":350,"height":200,"srcset":"https:\/\/i0.wp.com\/zeromagazine.mx\/wp-content\/uploads\/2025\/06\/papa-descansando.jpg?fit=612%2C408&ssl=1&resize=350%2C200 1x, https:\/\/i0.wp.com\/zeromagazine.mx\/wp-content\/uploads\/2025\/06\/papa-descansando.jpg?fit=612%2C408&ssl=1&resize=525%2C300 1.5x"},"classes":[]},{"id":116546,"url":"https:\/\/zeromagazine.mx\/index.php\/2026\/03\/11\/dormir-mejor-descanso-salud-sueno\/","url_meta":{"origin":129406,"position":3},"title":"Dormir mejor: peque\u00f1os cambios que transforman tu descanso","author":"David Morales","date":"11 de marzo de 2026","format":false,"excerpt":"Dormir bien dej\u00f3 de ser solo apagar la luz y ya. Hoy el descanso se ve como parte esencial del bienestar, al mismo nivel que hacer ejercicio, comer bien o cuidar la salud mental. La idea de\u00a0dormir mejor\u00a0no tiene que ver con dormir m\u00e1s horas necesariamente, sino con lograr un\u2026","rel":"","context":"En \u00abBienestar\u00bb","block_context":{"text":"Bienestar","link":"https:\/\/zeromagazine.mx\/index.php\/category\/lifestyle\/bienestar\/"},"img":{"alt_text":"","src":"https:\/\/i0.wp.com\/zeromagazine.mx\/wp-content\/uploads\/2026\/03\/Unknown-5.jpeg?fit=1200%2C800&ssl=1&resize=350%2C200","width":350,"height":200,"srcset":"https:\/\/i0.wp.com\/zeromagazine.mx\/wp-content\/uploads\/2026\/03\/Unknown-5.jpeg?fit=1200%2C800&ssl=1&resize=350%2C200 1x, https:\/\/i0.wp.com\/zeromagazine.mx\/wp-content\/uploads\/2026\/03\/Unknown-5.jpeg?fit=1200%2C800&ssl=1&resize=525%2C300 1.5x, https:\/\/i0.wp.com\/zeromagazine.mx\/wp-content\/uploads\/2026\/03\/Unknown-5.jpeg?fit=1200%2C800&ssl=1&resize=700%2C400 2x, https:\/\/i0.wp.com\/zeromagazine.mx\/wp-content\/uploads\/2026\/03\/Unknown-5.jpeg?fit=1200%2C800&ssl=1&resize=1050%2C600 3x"},"classes":[]},{"id":121145,"url":"https:\/\/zeromagazine.mx\/index.php\/2026\/05\/22\/los-suenos-de-podcast-atlas-del-descanso\/","url_meta":{"origin":129406,"position":4},"title":"\u00bfLos sue\u00f1os se cumplen? El nuevo podcast que invita a las leyendas a \u00abquitarse la armadura\u00bb y hablar desde la cama.","author":"David Morales","date":"22 de mayo de 2026","format":false,"excerpt":"Entre conversaciones \u00edntimas, recuerdos inc\u00f3modos y confesiones inesperadas, este nuevo proyecto demuestra que detr\u00e1s del \u00e9xito tambi\u00e9n existen miedo, presi\u00f3n y noches dif\u00edciles. En plena era donde todo parece dise\u00f1ado para verse perfecto en redes sociales, llega un proyecto que apuesta exactamente por lo contrario.\u00a0Atlas del Descanso\u00a0acaba de lanzar \u201cLos\u2026","rel":"","context":"En \u00abBlog\u00bb","block_context":{"text":"Blog","link":"https:\/\/zeromagazine.mx\/index.php\/category\/blog\/"},"img":{"alt_text":"","src":"https:\/\/i0.wp.com\/zeromagazine.mx\/wp-content\/uploads\/2026\/05\/IMG_2910-1.jpeg?fit=1200%2C529&ssl=1&resize=350%2C200","width":350,"height":200,"srcset":"https:\/\/i0.wp.com\/zeromagazine.mx\/wp-content\/uploads\/2026\/05\/IMG_2910-1.jpeg?fit=1200%2C529&ssl=1&resize=350%2C200 1x, https:\/\/i0.wp.com\/zeromagazine.mx\/wp-content\/uploads\/2026\/05\/IMG_2910-1.jpeg?fit=1200%2C529&ssl=1&resize=525%2C300 1.5x, https:\/\/i0.wp.com\/zeromagazine.mx\/wp-content\/uploads\/2026\/05\/IMG_2910-1.jpeg?fit=1200%2C529&ssl=1&resize=700%2C400 2x, https:\/\/i0.wp.com\/zeromagazine.mx\/wp-content\/uploads\/2026\/05\/IMG_2910-1.jpeg?fit=1200%2C529&ssl=1&resize=1050%2C600 3x"},"classes":[]},{"id":92913,"url":"https:\/\/zeromagazine.mx\/index.php\/2024\/12\/11\/invierno-calido-suenos-garantizados\/","url_meta":{"origin":129406,"position":5},"title":"Invierno c\u00e1lido, sue\u00f1os garantizados","author":"zeromagazinemx","date":"11 de diciembre de 2024","format":false,"excerpt":"Invierno c\u00e1lido, sue\u00f1os felices \u00bfQui\u00e9n m\u00e1s aqu\u00ed odia esas noches en las que el fr\u00edo es tan intenso que ni con todas las cobijas de la casa puedes entrar en calor? El invierno ya est\u00e1 a la vuelta de la esquina, y con \u00e9l llegan esas madrugadas en las que\u2026","rel":"","context":"En \u00abDise\u00f1o\u00bb","block_context":{"text":"Dise\u00f1o","link":"https:\/\/zeromagazine.mx\/index.php\/category\/diseno\/"},"img":{"alt_text":"","src":"https:\/\/i0.wp.com\/zeromagazine.mx\/wp-content\/uploads\/2024\/12\/Captura-de-pantalla-2024-12-11-a-las-14.42.27.png?fit=506%2C516&ssl=1&resize=350%2C200","width":350,"height":200},"classes":[]}],"jetpack_sharing_enabled":true,"builder_content":"","jetpack_featured_media_url":"https:\/\/i0.wp.com\/zeromagazine.mx\/wp-content\/uploads\/2026\/09\/img_2136.jpg?fit=2000%2C1126&ssl=1","_links":{"self":[{"href":"https:\/\/zeromagazine.mx\/index.php\/wp-json\/wp\/v2\/posts\/129406","targetHints":{"allow":["GET"]}}],"collection":[{"href":"https:\/\/zeromagazine.mx\/index.php\/wp-json\/wp\/v2\/posts"}],"about":[{"href":"https:\/\/zeromagazine.mx\/index.php\/wp-json\/wp\/v2\/types\/post"}],"author":[{"embeddable":true,"href":"https:\/\/zeromagazine.mx\/index.php\/wp-json\/wp\/v2\/users\/4"}],"replies":[{"embeddable":true,"href":"https:\/\/zeromagazine.mx\/index.php\/wp-json\/wp\/v2\/comments?post=129406"}],"version-history":[{"count":0,"href":"https:\/\/zeromagazine.mx\/index.php\/wp-json\/wp\/v2\/posts\/129406\/revisions"}],"wp:featuredmedia":[{"embeddable":true,"href":"https:\/\/zeromagazine.mx\/index.php\/wp-json\/wp\/v2\/media\/129405"}],"wp:attachment":[{"href":"https:\/\/zeromagazine.mx\/index.php\/wp-json\/wp\/v2\/media?parent=129406"}],"wp:term":[{"taxonomy":"category","embeddable":true,"href":"https:\/\/zeromagazine.mx\/index.php\/wp-json\/wp\/v2\/categories?post=129406"},{"taxonomy":"post_tag","embeddable":true,"href":"https:\/\/zeromagazine.mx\/index.php\/wp-json\/wp\/v2\/tags?post=129406"}],"curies":[{"name":"wp","href":"https:\/\/api.w.org\/{rel}","templated":true}]}}