{"id":129409,"date":"2026-09-02T16:16:00","date_gmt":"2026-09-02T22:16:00","guid":{"rendered":"https:\/\/zeromagazine.mx\/?p=129409"},"modified":"2026-09-02T16:16:01","modified_gmt":"2026-09-02T22:16:01","slug":"saibu-productor-urbano-del-ano-byma-2026","status":"publish","type":"post","link":"https:\/\/zeromagazine.mx\/index.php\/2026\/09\/02\/saibu-productor-urbano-del-ano-byma-2026\/","title":{"rendered":"Saibu gana Productor Urbano del A\u00f1o en BYMA 2026"},"content":{"rendered":"<!--themify_builder_content-->\n<div id=\"themify_builder_content-129409\" data-postid=\"129409\" class=\"themify_builder_content themify_builder_content-129409 themify_builder tf_clear\">\n    <\/div>\n<!--\/themify_builder_content-->\n\n\n<p class=\"wp-block-paragraph\">Hay nombres que aparecen constantemente en nuestras playlists, pero no necesariamente conocemos a las personas que est\u00e1n detr\u00e1s de esas canciones. Entre artistas, productores, compositores, ingenieros y directores vocales existe todo un equipo que ayuda a construir los sonidos que terminamos escuchando todos los d\u00edas, y Saibu es uno de esos nombres que cada vez cuesta m\u00e1s ignorar.<\/p>\n\n\n\n<p class=\"wp-block-paragraph\">El productor y compositor colombiano acaba de sumar un reconocimiento importante a su carrera: fue elegido&nbsp;<strong>Productor Urbano del A\u00f1o en los Beyond Music Awards (BYMA) 2026<\/strong>, imponi\u00e9ndose en una categor\u00eda que tambi\u00e9n reuni\u00f3 a Meny M\u00e9ndez, Daramola, Mauro y Tainy. Para Saibu, el premio representa un nuevo paso dentro de una trayectoria que durante los \u00faltimos a\u00f1os ha encontrado en M\u00e9xico uno de sus puntos m\u00e1s importantes.<\/p>\n\n\n\n<figure class=\"wp-block-image size-full\"><img data-recalc-dims=\"1\" decoding=\"async\" width=\"1165\" height=\"776\" src=\"https:\/\/i0.wp.com\/zeromagazine.mx\/wp-content\/uploads\/2026\/09\/WhatsApp-Image-2026-08-31-at-10.04.46-1.jpeg?resize=1165%2C776&#038;ssl=1\" alt=\"\" class=\"wp-image-129410\" srcset=\"https:\/\/i0.wp.com\/zeromagazine.mx\/wp-content\/uploads\/2026\/09\/WhatsApp-Image-2026-08-31-at-10.04.46-1.jpeg?w=1280&amp;ssl=1 1280w, https:\/\/i0.wp.com\/zeromagazine.mx\/wp-content\/uploads\/2026\/09\/WhatsApp-Image-2026-08-31-at-10.04.46-1.jpeg?resize=300%2C200&amp;ssl=1 300w, https:\/\/i0.wp.com\/zeromagazine.mx\/wp-content\/uploads\/2026\/09\/WhatsApp-Image-2026-08-31-at-10.04.46-1.jpeg?resize=1024%2C682&amp;ssl=1 1024w, https:\/\/i0.wp.com\/zeromagazine.mx\/wp-content\/uploads\/2026\/09\/WhatsApp-Image-2026-08-31-at-10.04.46-1.jpeg?resize=768%2C512&amp;ssl=1 768w\" sizes=\"(max-width: 1165px) 100vw, 1165px\" \/><\/figure>\n\n\n\n<h2 class=\"wp-block-heading\">De Envigado a M\u00e9xico<\/h2>\n\n\n\n<p class=\"wp-block-paragraph\">Originario de&nbsp;<strong>Envigado, Colombia<\/strong>, Saibu ha construido buena parte de su camino profesional desde M\u00e9xico, un pa\u00eds que se ha convertido en un espacio clave para desarrollar su sonido y colaborar con artistas de diferentes escenas.<\/p>\n\n\n\n<p class=\"wp-block-paragraph\">Su trabajo se mueve entre distintas vertientes de la m\u00fasica latina, algo que se puede notar en la variedad de proyectos en los que ha participado. Uno de los momentos m\u00e1s importantes de esta etapa lleg\u00f3 con&nbsp;<strong>\u201cCuando No Era Cantante \u2013 Remix\u201d<\/strong>, de El Bogueto, Anuel AA, Fuerza Regida y Yung Beef, canci\u00f3n que alcanz\u00f3 el Top 30 de Spotify Global y lleg\u00f3 al n\u00famero uno en distintos mercados de Latinoam\u00e9rica.<\/p>\n\n\n\n<p class=\"wp-block-paragraph\">Ese proyecto ayud\u00f3 a poner todav\u00eda m\u00e1s atenci\u00f3n sobre el trabajo que ocurre detr\u00e1s de la canci\u00f3n y sobre la capacidad de Saibu para moverse dentro de una industria que cada vez mezcla m\u00e1s g\u00e9neros y escenas.<\/p>\n\n\n\n<h2 class=\"wp-block-heading\">Tambi\u00e9n escribe, produce y dirige<\/h2>\n\n\n\n<p class=\"wp-block-paragraph\">Si algo define la trayectoria de Saibu es que su trabajo no se limita a sentarse detr\u00e1s de una consola. Su nombre tambi\u00e9n aparece en cr\u00e9ditos como compositor, adem\u00e1s de participar en procesos de ingenier\u00eda de grabaci\u00f3n y producci\u00f3n vocal.<\/p>\n\n\n\n<p class=\"wp-block-paragraph\">Uno de los ejemplos es&nbsp;<strong>\u201cUna Vida Juntos\u201d<\/strong>, de Maluma, Grupo Frontera y El Bogueto, donde Saibu particip\u00f3 en la composici\u00f3n, ingenier\u00eda de grabaci\u00f3n y producci\u00f3n vocal. A esto se suma su trabajo en&nbsp;<strong>\u201cNoches Fr\u00edas\u201d de Jasiel Nu\u00f1ez<\/strong>y su participaci\u00f3n en el \u00e1lbum&nbsp;<strong>K23 de Kenia OS<\/strong>.<\/p>\n\n\n\n<p class=\"wp-block-paragraph\">Su lista de colaboraciones tambi\u00e9n incluye proyectos relacionados con artistas como&nbsp;<strong>Xavi, Yandel, Gaby Music y Luis R Conriquez<\/strong>, entre otros. Una diversidad de nombres que deja claro que su propuesta no est\u00e1 limitada a un solo sonido.<\/p>\n\n\n\n<h2 class=\"wp-block-heading\">Un productor que no le teme a mezclar g\u00e9neros<\/h2>\n\n\n\n<p class=\"wp-block-paragraph\">La m\u00fasica latina lleva varios a\u00f1os demostrando que las fronteras entre g\u00e9neros son cada vez menos r\u00edgidas. El reggaet\u00f3n puede convivir con los corridos tumbados, el urbano puede encontrarse con sonidos regionales y una canci\u00f3n puede terminar conectando con p\u00fablicos completamente distintos a los que originalmente imaginaba.<\/p>\n\n\n\n<p class=\"wp-block-paragraph\">Saibu se ha movido precisamente dentro de ese espacio. Su experiencia en producci\u00f3n, composici\u00f3n y direcci\u00f3n vocal le ha permitido participar en proyectos que cruzan diferentes estilos y que forman parte de una escena mexicana cada vez m\u00e1s conectada con el resto del mundo.<\/p>\n\n\n\n<p class=\"wp-block-paragraph\">Por eso, m\u00e1s que encasillarlo como productor de un solo g\u00e9nero, resulta mucho m\u00e1s interesante entenderlo como parte de una generaci\u00f3n de creadores que est\u00e1n ayudando a construir el sonido latino que viene.<\/p>\n\n\n\n<h2 class=\"wp-block-heading\">\u201cEste ni\u00f1o de Envigado est\u00e1 cumpliendo sus sue\u00f1os\u201d<\/h2>\n\n\n\n<p class=\"wp-block-paragraph\">Despu\u00e9s de recibir el reconocimiento como Productor Urbano del A\u00f1o, Saibu aprovech\u00f3 para agradecer a quienes han acompa\u00f1ado su carrera y, especialmente, a los artistas y profesionales que han confiado en su trabajo en M\u00e9xico.<\/p>\n\n\n\n<figure class=\"wp-block-image size-full\"><img data-recalc-dims=\"1\" decoding=\"async\" width=\"987\" height=\"1280\" src=\"https:\/\/i0.wp.com\/zeromagazine.mx\/wp-content\/uploads\/2026\/09\/WhatsApp-Image-2026-08-31-at-10.04.46.jpeg?resize=987%2C1280&#038;ssl=1\" alt=\"\" class=\"wp-image-129411\" srcset=\"https:\/\/i0.wp.com\/zeromagazine.mx\/wp-content\/uploads\/2026\/09\/WhatsApp-Image-2026-08-31-at-10.04.46.jpeg?w=987&amp;ssl=1 987w, https:\/\/i0.wp.com\/zeromagazine.mx\/wp-content\/uploads\/2026\/09\/WhatsApp-Image-2026-08-31-at-10.04.46.jpeg?resize=231%2C300&amp;ssl=1 231w, https:\/\/i0.wp.com\/zeromagazine.mx\/wp-content\/uploads\/2026\/09\/WhatsApp-Image-2026-08-31-at-10.04.46.jpeg?resize=790%2C1024&amp;ssl=1 790w, https:\/\/i0.wp.com\/zeromagazine.mx\/wp-content\/uploads\/2026\/09\/WhatsApp-Image-2026-08-31-at-10.04.46.jpeg?resize=768%2C996&amp;ssl=1 768w\" sizes=\"(max-width: 987px) 100vw, 987px\" \/><\/figure>\n\n\n\n<p class=\"wp-block-paragraph\">\u201cInfinitas gracias a cada artista, m\u00e1nager, A&amp;R y label que ha confiado en mi trabajo aqu\u00ed en M\u00e9xico. Amo profundamente este pa\u00eds y me siento cada vez m\u00e1s parte de \u00e9l. Este ni\u00f1o de Envigado est\u00e1 cumpliendo sus sue\u00f1os\u201d, comparti\u00f3 el productor.<\/p>\n\n\n\n<p class=\"wp-block-paragraph\">La frase resume bastante bien el momento que est\u00e1 viviendo. Detr\u00e1s del reconocimiento hay a\u00f1os de colaboraciones, canciones, sesiones de estudio y proyectos que poco a poco han convertido su nombre en una referencia dentro de la producci\u00f3n musical latina.<\/p>\n\n\n\n<h2 class=\"wp-block-heading\">El nombre detr\u00e1s de lo que viene<\/h2>\n\n\n\n<p class=\"wp-block-paragraph\">El premio de los&nbsp;<strong>BYMA 2026<\/strong>&nbsp;llega mientras Saibu contin\u00faa sumando proyectos y cr\u00e9ditos a su carrera. Y aunque muchas veces los productores permanecen detr\u00e1s de escena, reconocimientos como este ayudan a poner el foco en quienes construyen buena parte de las canciones que terminan definiendo una \u00e9poca.<\/p>\n\n\n\n<p class=\"wp-block-paragraph\">Desde M\u00e9xico, Saibu contin\u00faa ampliando su cat\u00e1logo y explorando la mezcla entre urbano, reggaet\u00f3n y corridos tumbados, mientras trabaja junto a algunos de los nombres m\u00e1s relevantes de la m\u00fasica latina actual.<\/p>\n\n\n\n<p class=\"wp-block-paragraph\">Quiz\u00e1 todav\u00eda no reconozcas su rostro cuando escuchas una canci\u00f3n, pero cada vez ser\u00e1 m\u00e1s dif\u00edcil no reconocer su nombre en los cr\u00e9ditos.<\/p>","protected":false},"excerpt":{"rendered":"<p>El productor y compositor colombiano Saibu fue reconocido como Productor Urbano del A\u00f1o en los Beyond Music Awards 2026.<\/p>\n","protected":false},"author":4,"featured_media":129410,"comment_status":"open","ping_status":"open","sticky":false,"template":"","format":"standard","meta":{"_jetpack_newsletter_access":"","_jetpack_dont_email_post_to_subs":false,"_jetpack_newsletter_tier_id":0,"_jetpack_memberships_contains_paywalled_content":false,"_jetpack_feature_clip_id":0,"_jetpack_memberships_contains_paid_content":false,"footnotes":"","jetpack_publicize_message":"","jetpack_publicize_feature_enabled":true,"jetpack_social_post_already_shared":true,"jetpack_social_options":{"image_generator_settings":{"template":"highway","default_image_id":0,"font":"","enabled":false},"version":2},"jetpack_post_was_ever_published":false},"categories":[14134],"tags":[14399,14400,14275,6679,9467,2722,14401,678,14398],"class_list":["post-129409","post","type-post","status-publish","format-standard","has-post-thumbnail","hentry","category-musica","tag-beyond-music-awards","tag-byma-2026","tag-corridos-tumbados","tag-mexico-3","tag-musica-latina","tag-musica-urbana","tag-productores","tag-reggaeton","tag-saibu","has-post-title","has-post-date","has-post-category","has-post-tag","has-post-comment","has-post-author",""],"yoast_head":"<!-- This site is optimized with the Yoast SEO plugin v28.4 - https:\/\/yoast.com\/product\/yoast-seo-wordpress\/ -->\n<title>Saibu gana Productor Urbano del A\u00f1o en BYMA 2026 - Zero Magazine<\/title>\n<meta name=\"description\" content=\"Saibu fue reconocido como Productor Urbano del A\u00f1o en los BYMA 2026. Conoce la trayectoria del colombiano detr\u00e1s de grandes proyectos latinos.\" \/>\n<meta name=\"robots\" content=\"index, follow, max-snippet:-1, max-image-preview:large, max-video-preview:-1\" \/>\n<link rel=\"canonical\" href=\"https:\/\/zeromagazine.mx\/index.php\/2026\/09\/02\/saibu-productor-urbano-del-ano-byma-2026\/\" \/>\n<meta property=\"og:locale\" content=\"es_ES\" \/>\n<meta property=\"og:type\" content=\"article\" \/>\n<meta property=\"og:title\" content=\"Saibu gana Productor Urbano del A\u00f1o en BYMA 2026 - Zero Magazine\" \/>\n<meta property=\"og:description\" content=\"Saibu fue reconocido como Productor Urbano del A\u00f1o en los BYMA 2026. Conoce la trayectoria del colombiano detr\u00e1s de grandes proyectos latinos.\" \/>\n<meta property=\"og:url\" content=\"https:\/\/zeromagazine.mx\/index.php\/2026\/09\/02\/saibu-productor-urbano-del-ano-byma-2026\/\" \/>\n<meta property=\"og:site_name\" content=\"Zero Magazine\" \/>\n<meta property=\"article:published_time\" content=\"2026-09-02T22:16:00+00:00\" \/>\n<meta property=\"article:modified_time\" content=\"2026-09-02T22:16:01+00:00\" \/>\n<meta property=\"og:image\" content=\"http:\/\/zeromagazine.mx\/wp-content\/uploads\/2026\/09\/WhatsApp-Image-2026-08-31-at-10.04.46-1.jpeg\" \/>\n\t<meta property=\"og:image:width\" content=\"1280\" \/>\n\t<meta property=\"og:image:height\" content=\"853\" \/>\n\t<meta property=\"og:image:type\" content=\"image\/jpeg\" \/>\n<meta name=\"author\" content=\"David Morales\" \/>\n<meta name=\"twitter:card\" content=\"summary_large_image\" \/>\n<meta name=\"twitter:label1\" content=\"Escrito por\" \/>\n\t<meta name=\"twitter:data1\" content=\"David Morales\" \/>\n\t<meta name=\"twitter:label2\" content=\"Tiempo de lectura\" \/>\n\t<meta name=\"twitter:data2\" content=\"5 minutos\" \/>\n<script type=\"application\/ld+json\" class=\"yoast-schema-graph\">{\"@context\":\"https:\\\/\\\/schema.org\",\"@graph\":[{\"@type\":\"Article\",\"@id\":\"https:\\\/\\\/zeromagazine.mx\\\/index.php\\\/2026\\\/09\\\/02\\\/saibu-productor-urbano-del-ano-byma-2026\\\/#article\",\"isPartOf\":{\"@id\":\"https:\\\/\\\/zeromagazine.mx\\\/index.php\\\/2026\\\/09\\\/02\\\/saibu-productor-urbano-del-ano-byma-2026\\\/\"},\"author\":{\"name\":\"David Morales\",\"@id\":\"https:\\\/\\\/zeromagazine.mx\\\/#\\\/schema\\\/person\\\/9f7f1a17c60ba8e9980e3e6677aabe5a\"},\"headline\":\"Saibu gana Productor Urbano del A\u00f1o en BYMA 2026\",\"datePublished\":\"2026-09-02T22:16:00+00:00\",\"dateModified\":\"2026-09-02T22:16:01+00:00\",\"mainEntityOfPage\":{\"@id\":\"https:\\\/\\\/zeromagazine.mx\\\/index.php\\\/2026\\\/09\\\/02\\\/saibu-productor-urbano-del-ano-byma-2026\\\/\"},\"wordCount\":880,\"commentCount\":0,\"publisher\":{\"@id\":\"https:\\\/\\\/zeromagazine.mx\\\/#organization\"},\"image\":{\"@id\":\"https:\\\/\\\/zeromagazine.mx\\\/index.php\\\/2026\\\/09\\\/02\\\/saibu-productor-urbano-del-ano-byma-2026\\\/#primaryimage\"},\"thumbnailUrl\":\"https:\\\/\\\/i0.wp.com\\\/zeromagazine.mx\\\/wp-content\\\/uploads\\\/2026\\\/09\\\/WhatsApp-Image-2026-08-31-at-10.04.46-1.jpeg?fit=1280%2C853&ssl=1\",\"keywords\":[\"Beyond Music Awards\",\"BYMA 2026\",\"corridos tumbados\",\"M\u00e9xico\",\"m\u00fasica latina\",\"M\u00fasica Urbana\",\"Productores\",\"reggaet\u00f3n\",\"Saibu\"],\"articleSection\":[\"M\u00fasica\"],\"inLanguage\":\"es\",\"potentialAction\":[{\"@type\":\"CommentAction\",\"name\":\"Comment\",\"target\":[\"https:\\\/\\\/zeromagazine.mx\\\/index.php\\\/2026\\\/09\\\/02\\\/saibu-productor-urbano-del-ano-byma-2026\\\/#respond\"]}]},{\"@type\":\"WebPage\",\"@id\":\"https:\\\/\\\/zeromagazine.mx\\\/index.php\\\/2026\\\/09\\\/02\\\/saibu-productor-urbano-del-ano-byma-2026\\\/\",\"url\":\"https:\\\/\\\/zeromagazine.mx\\\/index.php\\\/2026\\\/09\\\/02\\\/saibu-productor-urbano-del-ano-byma-2026\\\/\",\"name\":\"Saibu gana Productor Urbano del A\u00f1o en BYMA 2026 - Zero Magazine\",\"isPartOf\":{\"@id\":\"https:\\\/\\\/zeromagazine.mx\\\/#website\"},\"primaryImageOfPage\":{\"@id\":\"https:\\\/\\\/zeromagazine.mx\\\/index.php\\\/2026\\\/09\\\/02\\\/saibu-productor-urbano-del-ano-byma-2026\\\/#primaryimage\"},\"image\":{\"@id\":\"https:\\\/\\\/zeromagazine.mx\\\/index.php\\\/2026\\\/09\\\/02\\\/saibu-productor-urbano-del-ano-byma-2026\\\/#primaryimage\"},\"thumbnailUrl\":\"https:\\\/\\\/i0.wp.com\\\/zeromagazine.mx\\\/wp-content\\\/uploads\\\/2026\\\/09\\\/WhatsApp-Image-2026-08-31-at-10.04.46-1.jpeg?fit=1280%2C853&ssl=1\",\"datePublished\":\"2026-09-02T22:16:00+00:00\",\"dateModified\":\"2026-09-02T22:16:01+00:00\",\"description\":\"Saibu fue reconocido como Productor Urbano del A\u00f1o en los BYMA 2026. Conoce la trayectoria del colombiano detr\u00e1s de grandes proyectos latinos.\",\"breadcrumb\":{\"@id\":\"https:\\\/\\\/zeromagazine.mx\\\/index.php\\\/2026\\\/09\\\/02\\\/saibu-productor-urbano-del-ano-byma-2026\\\/#breadcrumb\"},\"inLanguage\":\"es\",\"potentialAction\":[{\"@type\":\"ReadAction\",\"target\":[\"https:\\\/\\\/zeromagazine.mx\\\/index.php\\\/2026\\\/09\\\/02\\\/saibu-productor-urbano-del-ano-byma-2026\\\/\"]}]},{\"@type\":\"ImageObject\",\"inLanguage\":\"es\",\"@id\":\"https:\\\/\\\/zeromagazine.mx\\\/index.php\\\/2026\\\/09\\\/02\\\/saibu-productor-urbano-del-ano-byma-2026\\\/#primaryimage\",\"url\":\"https:\\\/\\\/i0.wp.com\\\/zeromagazine.mx\\\/wp-content\\\/uploads\\\/2026\\\/09\\\/WhatsApp-Image-2026-08-31-at-10.04.46-1.jpeg?fit=1280%2C853&ssl=1\",\"contentUrl\":\"https:\\\/\\\/i0.wp.com\\\/zeromagazine.mx\\\/wp-content\\\/uploads\\\/2026\\\/09\\\/WhatsApp-Image-2026-08-31-at-10.04.46-1.jpeg?fit=1280%2C853&ssl=1\",\"width\":1280,\"height\":853,\"caption\":\"Saibu productor colombiano reconocido en los BYMA 2026\"},{\"@type\":\"BreadcrumbList\",\"@id\":\"https:\\\/\\\/zeromagazine.mx\\\/index.php\\\/2026\\\/09\\\/02\\\/saibu-productor-urbano-del-ano-byma-2026\\\/#breadcrumb\",\"itemListElement\":[{\"@type\":\"ListItem\",\"position\":1,\"name\":\"Portada\",\"item\":\"https:\\\/\\\/zeromagazine.mx\\\/\"},{\"@type\":\"ListItem\",\"position\":2,\"name\":\"Saibu gana Productor Urbano del A\u00f1o en BYMA 2026\"}]},{\"@type\":\"WebSite\",\"@id\":\"https:\\\/\\\/zeromagazine.mx\\\/#website\",\"url\":\"https:\\\/\\\/zeromagazine.mx\\\/\",\"name\":\"Zero Magazine\",\"description\":\"\",\"publisher\":{\"@id\":\"https:\\\/\\\/zeromagazine.mx\\\/#organization\"},\"potentialAction\":[{\"@type\":\"SearchAction\",\"target\":{\"@type\":\"EntryPoint\",\"urlTemplate\":\"https:\\\/\\\/zeromagazine.mx\\\/?s={search_term_string}\"},\"query-input\":{\"@type\":\"PropertyValueSpecification\",\"valueRequired\":true,\"valueName\":\"search_term_string\"}}],\"inLanguage\":\"es\"},{\"@type\":\"Organization\",\"@id\":\"https:\\\/\\\/zeromagazine.mx\\\/#organization\",\"name\":\"Zero Magazine\",\"url\":\"https:\\\/\\\/zeromagazine.mx\\\/\",\"logo\":{\"@type\":\"ImageObject\",\"inLanguage\":\"es\",\"@id\":\"https:\\\/\\\/zeromagazine.mx\\\/#\\\/schema\\\/logo\\\/image\\\/\",\"url\":\"https:\\\/\\\/i0.wp.com\\\/zeromagazine.mx\\\/wp-content\\\/uploads\\\/2025\\\/11\\\/1.jpeg?fit=1000%2C1000&ssl=1\",\"contentUrl\":\"https:\\\/\\\/i0.wp.com\\\/zeromagazine.mx\\\/wp-content\\\/uploads\\\/2025\\\/11\\\/1.jpeg?fit=1000%2C1000&ssl=1\",\"width\":1000,\"height\":1000,\"caption\":\"Zero Magazine\"},\"image\":{\"@id\":\"https:\\\/\\\/zeromagazine.mx\\\/#\\\/schema\\\/logo\\\/image\\\/\"},\"sameAs\":[\"https:\\\/\\\/instagram.com\\\/zeromagazinemx\"]},{\"@type\":\"Person\",\"@id\":\"https:\\\/\\\/zeromagazine.mx\\\/#\\\/schema\\\/person\\\/9f7f1a17c60ba8e9980e3e6677aabe5a\",\"name\":\"David Morales\",\"image\":{\"@type\":\"ImageObject\",\"inLanguage\":\"es\",\"@id\":\"https:\\\/\\\/zeromagazine.mx\\\/wp-content\\\/litespeed\\\/avatar\\\/76069d2136bfc1c37dc34815bb67ca42.jpg?ver=1787854196\",\"url\":\"https:\\\/\\\/zeromagazine.mx\\\/wp-content\\\/litespeed\\\/avatar\\\/76069d2136bfc1c37dc34815bb67ca42.jpg?ver=1787854196\",\"contentUrl\":\"https:\\\/\\\/zeromagazine.mx\\\/wp-content\\\/litespeed\\\/avatar\\\/76069d2136bfc1c37dc34815bb67ca42.jpg?ver=1787854196\",\"caption\":\"David Morales\"},\"url\":\"https:\\\/\\\/zeromagazine.mx\\\/index.php\\\/author\\\/david\\\/\"}]}<\/script>\n<!-- \/ Yoast SEO plugin. -->","yoast_head_json":{"title":"Saibu gana Productor Urbano del A\u00f1o en BYMA 2026 - Zero Magazine","description":"Saibu fue reconocido como Productor Urbano del A\u00f1o en los BYMA 2026. Conoce la trayectoria del colombiano detr\u00e1s de grandes proyectos latinos.","robots":{"index":"index","follow":"follow","max-snippet":"max-snippet:-1","max-image-preview":"max-image-preview:large","max-video-preview":"max-video-preview:-1"},"canonical":"https:\/\/zeromagazine.mx\/index.php\/2026\/09\/02\/saibu-productor-urbano-del-ano-byma-2026\/","og_locale":"es_ES","og_type":"article","og_title":"Saibu gana Productor Urbano del A\u00f1o en BYMA 2026 - Zero Magazine","og_description":"Saibu fue reconocido como Productor Urbano del A\u00f1o en los BYMA 2026. Conoce la trayectoria del colombiano detr\u00e1s de grandes proyectos latinos.","og_url":"https:\/\/zeromagazine.mx\/index.php\/2026\/09\/02\/saibu-productor-urbano-del-ano-byma-2026\/","og_site_name":"Zero Magazine","article_published_time":"2026-09-02T22:16:00+00:00","article_modified_time":"2026-09-02T22:16:01+00:00","og_image":[{"width":1280,"height":853,"url":"http:\/\/zeromagazine.mx\/wp-content\/uploads\/2026\/09\/WhatsApp-Image-2026-08-31-at-10.04.46-1.jpeg","type":"image\/jpeg"}],"author":"David Morales","twitter_card":"summary_large_image","twitter_misc":{"Escrito por":"David Morales","Tiempo de lectura":"5 minutos"},"schema":{"@context":"https:\/\/schema.org","@graph":[{"@type":"Article","@id":"https:\/\/zeromagazine.mx\/index.php\/2026\/09\/02\/saibu-productor-urbano-del-ano-byma-2026\/#article","isPartOf":{"@id":"https:\/\/zeromagazine.mx\/index.php\/2026\/09\/02\/saibu-productor-urbano-del-ano-byma-2026\/"},"author":{"name":"David Morales","@id":"https:\/\/zeromagazine.mx\/#\/schema\/person\/9f7f1a17c60ba8e9980e3e6677aabe5a"},"headline":"Saibu gana Productor Urbano del A\u00f1o en BYMA 2026","datePublished":"2026-09-02T22:16:00+00:00","dateModified":"2026-09-02T22:16:01+00:00","mainEntityOfPage":{"@id":"https:\/\/zeromagazine.mx\/index.php\/2026\/09\/02\/saibu-productor-urbano-del-ano-byma-2026\/"},"wordCount":880,"commentCount":0,"publisher":{"@id":"https:\/\/zeromagazine.mx\/#organization"},"image":{"@id":"https:\/\/zeromagazine.mx\/index.php\/2026\/09\/02\/saibu-productor-urbano-del-ano-byma-2026\/#primaryimage"},"thumbnailUrl":"https:\/\/i0.wp.com\/zeromagazine.mx\/wp-content\/uploads\/2026\/09\/WhatsApp-Image-2026-08-31-at-10.04.46-1.jpeg?fit=1280%2C853&ssl=1","keywords":["Beyond Music Awards","BYMA 2026","corridos tumbados","M\u00e9xico","m\u00fasica latina","M\u00fasica Urbana","Productores","reggaet\u00f3n","Saibu"],"articleSection":["M\u00fasica"],"inLanguage":"es","potentialAction":[{"@type":"CommentAction","name":"Comment","target":["https:\/\/zeromagazine.mx\/index.php\/2026\/09\/02\/saibu-productor-urbano-del-ano-byma-2026\/#respond"]}]},{"@type":"WebPage","@id":"https:\/\/zeromagazine.mx\/index.php\/2026\/09\/02\/saibu-productor-urbano-del-ano-byma-2026\/","url":"https:\/\/zeromagazine.mx\/index.php\/2026\/09\/02\/saibu-productor-urbano-del-ano-byma-2026\/","name":"Saibu gana Productor Urbano del A\u00f1o en BYMA 2026 - Zero Magazine","isPartOf":{"@id":"https:\/\/zeromagazine.mx\/#website"},"primaryImageOfPage":{"@id":"https:\/\/zeromagazine.mx\/index.php\/2026\/09\/02\/saibu-productor-urbano-del-ano-byma-2026\/#primaryimage"},"image":{"@id":"https:\/\/zeromagazine.mx\/index.php\/2026\/09\/02\/saibu-productor-urbano-del-ano-byma-2026\/#primaryimage"},"thumbnailUrl":"https:\/\/i0.wp.com\/zeromagazine.mx\/wp-content\/uploads\/2026\/09\/WhatsApp-Image-2026-08-31-at-10.04.46-1.jpeg?fit=1280%2C853&ssl=1","datePublished":"2026-09-02T22:16:00+00:00","dateModified":"2026-09-02T22:16:01+00:00","description":"Saibu fue reconocido como Productor Urbano del A\u00f1o en los BYMA 2026. Conoce la trayectoria del colombiano detr\u00e1s de grandes proyectos latinos.","breadcrumb":{"@id":"https:\/\/zeromagazine.mx\/index.php\/2026\/09\/02\/saibu-productor-urbano-del-ano-byma-2026\/#breadcrumb"},"inLanguage":"es","potentialAction":[{"@type":"ReadAction","target":["https:\/\/zeromagazine.mx\/index.php\/2026\/09\/02\/saibu-productor-urbano-del-ano-byma-2026\/"]}]},{"@type":"ImageObject","inLanguage":"es","@id":"https:\/\/zeromagazine.mx\/index.php\/2026\/09\/02\/saibu-productor-urbano-del-ano-byma-2026\/#primaryimage","url":"https:\/\/i0.wp.com\/zeromagazine.mx\/wp-content\/uploads\/2026\/09\/WhatsApp-Image-2026-08-31-at-10.04.46-1.jpeg?fit=1280%2C853&ssl=1","contentUrl":"https:\/\/i0.wp.com\/zeromagazine.mx\/wp-content\/uploads\/2026\/09\/WhatsApp-Image-2026-08-31-at-10.04.46-1.jpeg?fit=1280%2C853&ssl=1","width":1280,"height":853,"caption":"Saibu productor colombiano reconocido en los BYMA 2026"},{"@type":"BreadcrumbList","@id":"https:\/\/zeromagazine.mx\/index.php\/2026\/09\/02\/saibu-productor-urbano-del-ano-byma-2026\/#breadcrumb","itemListElement":[{"@type":"ListItem","position":1,"name":"Portada","item":"https:\/\/zeromagazine.mx\/"},{"@type":"ListItem","position":2,"name":"Saibu gana Productor Urbano del A\u00f1o en BYMA 2026"}]},{"@type":"WebSite","@id":"https:\/\/zeromagazine.mx\/#website","url":"https:\/\/zeromagazine.mx\/","name":"Zero Magazine","description":"","publisher":{"@id":"https:\/\/zeromagazine.mx\/#organization"},"potentialAction":[{"@type":"SearchAction","target":{"@type":"EntryPoint","urlTemplate":"https:\/\/zeromagazine.mx\/?s={search_term_string}"},"query-input":{"@type":"PropertyValueSpecification","valueRequired":true,"valueName":"search_term_string"}}],"inLanguage":"es"},{"@type":"Organization","@id":"https:\/\/zeromagazine.mx\/#organization","name":"Zero Magazine","url":"https:\/\/zeromagazine.mx\/","logo":{"@type":"ImageObject","inLanguage":"es","@id":"https:\/\/zeromagazine.mx\/#\/schema\/logo\/image\/","url":"https:\/\/i0.wp.com\/zeromagazine.mx\/wp-content\/uploads\/2025\/11\/1.jpeg?fit=1000%2C1000&ssl=1","contentUrl":"https:\/\/i0.wp.com\/zeromagazine.mx\/wp-content\/uploads\/2025\/11\/1.jpeg?fit=1000%2C1000&ssl=1","width":1000,"height":1000,"caption":"Zero Magazine"},"image":{"@id":"https:\/\/zeromagazine.mx\/#\/schema\/logo\/image\/"},"sameAs":["https:\/\/instagram.com\/zeromagazinemx"]},{"@type":"Person","@id":"https:\/\/zeromagazine.mx\/#\/schema\/person\/9f7f1a17c60ba8e9980e3e6677aabe5a","name":"David Morales","image":{"@type":"ImageObject","inLanguage":"es","@id":"https:\/\/zeromagazine.mx\/wp-content\/litespeed\/avatar\/76069d2136bfc1c37dc34815bb67ca42.jpg?ver=1787854196","url":"https:\/\/zeromagazine.mx\/wp-content\/litespeed\/avatar\/76069d2136bfc1c37dc34815bb67ca42.jpg?ver=1787854196","contentUrl":"https:\/\/zeromagazine.mx\/wp-content\/litespeed\/avatar\/76069d2136bfc1c37dc34815bb67ca42.jpg?ver=1787854196","caption":"David Morales"},"url":"https:\/\/zeromagazine.mx\/index.php\/author\/david\/"}]}},"jetpack_publicize_connections":[],"jetpack-related-posts":[{"id":122818,"url":"https:\/\/zeromagazine.mx\/index.php\/2026\/06\/10\/pablo-hurtado-mundial-2026-tour-trofeo-fifa-monterrey\/","url_meta":{"origin":129409,"position":0},"title":"Pablo Hurtado lleva el talento mexicano al cierre internacional del Tour del Trofeo de la Copa Mundial de la FIFA 2026\u2122","author":"David Morales","date":"10 de junio de 2026","format":false,"excerpt":"La m\u00fasica y el f\u00fatbol volvieron a encontrarse en uno de los eventos m\u00e1s importantes rumbo a la Copa Mundial de la FIFA 2026\u2122. Esta vez, el protagonista fue Pablo Hurtado, integrante de Camila y uno de los guitarristas m\u00e1s reconocidos de la m\u00fasica latina, quien form\u00f3 parte del cierre\u2026","rel":"","context":"En \u00abEntretenimiento\u00bb","block_context":{"text":"Entretenimiento","link":"https:\/\/zeromagazine.mx\/index.php\/category\/entretenimiento-cine-tv-teatro\/"},"img":{"alt_text":"","src":"https:\/\/i0.wp.com\/zeromagazine.mx\/wp-content\/uploads\/2026\/06\/P1000625-scaled.jpeg?fit=1200%2C800&ssl=1&resize=350%2C200","width":350,"height":200,"srcset":"https:\/\/i0.wp.com\/zeromagazine.mx\/wp-content\/uploads\/2026\/06\/P1000625-scaled.jpeg?fit=1200%2C800&ssl=1&resize=350%2C200 1x, https:\/\/i0.wp.com\/zeromagazine.mx\/wp-content\/uploads\/2026\/06\/P1000625-scaled.jpeg?fit=1200%2C800&ssl=1&resize=525%2C300 1.5x, https:\/\/i0.wp.com\/zeromagazine.mx\/wp-content\/uploads\/2026\/06\/P1000625-scaled.jpeg?fit=1200%2C800&ssl=1&resize=700%2C400 2x, https:\/\/i0.wp.com\/zeromagazine.mx\/wp-content\/uploads\/2026\/06\/P1000625-scaled.jpeg?fit=1200%2C800&ssl=1&resize=1050%2C600 3x"},"classes":[]},{"id":112904,"url":"https:\/\/zeromagazine.mx\/index.php\/2026\/01\/09\/saibu-productor-musical-latino\/","url_meta":{"origin":129409,"position":1},"title":"SAIBU consolida su posici\u00f3n como uno de los productores m\u00e1s influyentes en la m\u00fasica latina.","author":"David Morales","date":"9 de enero de 2026","format":false,"excerpt":"Hay nombres que aparecen en los cr\u00e9ditos y otros que definen el sonido de una era.\u00a0SAIBU productor musical\u00a0pertenece claramente al segundo grupo. Despu\u00e9s de que\u00a0\u201cCuando No Era Cantante (Remix)\u201d\u00a0debutara como #1 global en Spotify, una pregunta empez\u00f3 a circular fuerte en la industria: \u00bfqui\u00e9n est\u00e1 detr\u00e1s de ese sonido que\u2026","rel":"","context":"En \u00abBlog\u00bb","block_context":{"text":"Blog","link":"https:\/\/zeromagazine.mx\/index.php\/category\/blog\/"},"img":{"alt_text":"","src":"https:\/\/i0.wp.com\/zeromagazine.mx\/wp-content\/uploads\/2026\/01\/IMG_7884.jpeg?fit=1200%2C799&ssl=1&resize=350%2C200","width":350,"height":200,"srcset":"https:\/\/i0.wp.com\/zeromagazine.mx\/wp-content\/uploads\/2026\/01\/IMG_7884.jpeg?fit=1200%2C799&ssl=1&resize=350%2C200 1x, https:\/\/i0.wp.com\/zeromagazine.mx\/wp-content\/uploads\/2026\/01\/IMG_7884.jpeg?fit=1200%2C799&ssl=1&resize=525%2C300 1.5x, https:\/\/i0.wp.com\/zeromagazine.mx\/wp-content\/uploads\/2026\/01\/IMG_7884.jpeg?fit=1200%2C799&ssl=1&resize=700%2C400 2x, https:\/\/i0.wp.com\/zeromagazine.mx\/wp-content\/uploads\/2026\/01\/IMG_7884.jpeg?fit=1200%2C799&ssl=1&resize=1050%2C600 3x"},"classes":[]},{"id":124031,"url":"https:\/\/zeromagazine.mx\/index.php\/2026\/06\/29\/unread-tomorrowland-2026-veracruz\/","url_meta":{"origin":129409,"position":2},"title":"Unread debutar\u00e1 en Tomorrowland 2026","author":"David Morales","date":"29 de junio de 2026","format":false,"excerpt":"El DJ mexicano Unread ser\u00e1 el primer artista originario de Veracruz en presentarse en Tomorrowland, el festival de electr\u00f3nica m\u00e1s importante del mundo.","rel":"","context":"En \u00abM\u00fasica\u00bb","block_context":{"text":"M\u00fasica","link":"https:\/\/zeromagazine.mx\/index.php\/category\/musica\/"},"img":{"alt_text":"DJ mexicano Unread representar\u00e1 a Veracruz en Tomorrowland","src":"https:\/\/i0.wp.com\/zeromagazine.mx\/wp-content\/uploads\/2026\/07\/UNREAD-press-2.jpg?fit=800%2C1200&ssl=1&resize=350%2C200","width":350,"height":200,"srcset":"https:\/\/i0.wp.com\/zeromagazine.mx\/wp-content\/uploads\/2026\/07\/UNREAD-press-2.jpg?fit=800%2C1200&ssl=1&resize=350%2C200 1x, https:\/\/i0.wp.com\/zeromagazine.mx\/wp-content\/uploads\/2026\/07\/UNREAD-press-2.jpg?fit=800%2C1200&ssl=1&resize=525%2C300 1.5x, https:\/\/i0.wp.com\/zeromagazine.mx\/wp-content\/uploads\/2026\/07\/UNREAD-press-2.jpg?fit=800%2C1200&ssl=1&resize=700%2C400 2x"},"classes":[]},{"id":121194,"url":"https:\/\/zeromagazine.mx\/index.php\/2026\/05\/25\/alejandro-sugich-red-rocks-cannes\/","url_meta":{"origin":129409,"position":3},"title":"Alejandro Sugich conquista Cannes","author":"zeromagazinemx","date":"25 de mayo de 2026","format":false,"excerpt":"Mientras todo el mundo mira la alfombra roja del Festival de Cannes buscando estrellas y vestidos virales, una de las historias m\u00e1s importantes para el cine mexicano este a\u00f1o est\u00e1 ocurriendo detr\u00e1s de c\u00e1maras. Y tiene nombre propio: Alejandro Sugich. El productor y director mexicano acaba de consolidar uno de\u2026","rel":"","context":"En \u00abBlog\u00bb","block_context":{"text":"Blog","link":"https:\/\/zeromagazine.mx\/index.php\/category\/blog\/"},"img":{"alt_text":"","src":"https:\/\/i0.wp.com\/zeromagazine.mx\/wp-content\/uploads\/2026\/05\/unnamed-8-1.png?fit=888%2C1124&ssl=1&resize=350%2C200","width":350,"height":200,"srcset":"https:\/\/i0.wp.com\/zeromagazine.mx\/wp-content\/uploads\/2026\/05\/unnamed-8-1.png?fit=888%2C1124&ssl=1&resize=350%2C200 1x, https:\/\/i0.wp.com\/zeromagazine.mx\/wp-content\/uploads\/2026\/05\/unnamed-8-1.png?fit=888%2C1124&ssl=1&resize=525%2C300 1.5x, https:\/\/i0.wp.com\/zeromagazine.mx\/wp-content\/uploads\/2026\/05\/unnamed-8-1.png?fit=888%2C1124&ssl=1&resize=700%2C400 2x"},"classes":[]},{"id":57930,"url":"https:\/\/zeromagazine.mx\/index.php\/2021\/11\/12\/entrevista-a-roberto-vaquero\/","url_meta":{"origin":129409,"position":4},"title":"Entrevista a Roberto Vaquero","author":"zeromagazinemx","date":"12 de noviembre de 2021","format":false,"excerpt":"El cantante y compositor Roberto Vaquero platic\u00f3 con nosotros sobre su m\u00e1s reciente sencillo \u201cNota de voz\u201d, sobre su carrera como compositor y productor de su propia m\u00fasica y c\u00f3mo naci\u00f3 \u201cNota de voz\u201d, te invitamos a leer la entrevista completa. Por Mateo Aguilar Plat\u00edcame de que habla tu sencillo\u2026","rel":"","context":"En \u00abEntretenimiento\u00bb","block_context":{"text":"Entretenimiento","link":"https:\/\/zeromagazine.mx\/index.php\/category\/entretenimiento-cine-tv-teatro\/"},"img":{"alt_text":"","src":"https:\/\/i0.wp.com\/zeromagazinemx.wpcomstaging.com\/wp-content\/uploads\/2022\/02\/7d2ad-roberto-vaquero.jpg?resize=350%2C200&ssl=1","width":350,"height":200,"srcset":"https:\/\/i0.wp.com\/zeromagazinemx.wpcomstaging.com\/wp-content\/uploads\/2022\/02\/7d2ad-roberto-vaquero.jpg?resize=350%2C200&ssl=1 1x, https:\/\/i0.wp.com\/zeromagazinemx.wpcomstaging.com\/wp-content\/uploads\/2022\/02\/7d2ad-roberto-vaquero.jpg?resize=525%2C300&ssl=1 1.5x, https:\/\/i0.wp.com\/zeromagazinemx.wpcomstaging.com\/wp-content\/uploads\/2022\/02\/7d2ad-roberto-vaquero.jpg?resize=700%2C400&ssl=1 2x"},"classes":[]},{"id":51753,"url":"https:\/\/zeromagazine.mx\/index.php\/2021\/08\/07\/jorge-coque-muniz-y-axel-muniz-un-estreno-de-lujo\/","url_meta":{"origin":129409,"position":5},"title":"Jorge \u201cCoque\u201d Mu\u00f1iz y Axel Mu\u00f1iz, un estreno de lujo","author":"zeromagazinemx","date":"7 de agosto de 2021","format":false,"excerpt":"POR GABRIELA H. DELGADILLO \u00bfC\u00f3mo le hicieron para juntar en una canci\u00f3n dos generaciones? Coque: Yo creo que no es juntarlos si no tener una opci\u00f3n para disfrutar en familia lo que m\u00e1s nos gusta que es la m\u00fasica, no es una canci\u00f3n que pretenda aparecer para competir con la\u2026","rel":"","context":"En \u00abEntrevistas\u00bb","block_context":{"text":"Entrevistas","link":"https:\/\/zeromagazine.mx\/index.php\/category\/entretenimiento-cine-tv-teatro\/entrevistas\/"},"img":{"alt_text":"","src":"","width":0,"height":0},"classes":[]}],"jetpack_sharing_enabled":true,"builder_content":"","jetpack_featured_media_url":"https:\/\/i0.wp.com\/zeromagazine.mx\/wp-content\/uploads\/2026\/09\/WhatsApp-Image-2026-08-31-at-10.04.46-1.jpeg?fit=1280%2C853&ssl=1","_links":{"self":[{"href":"https:\/\/zeromagazine.mx\/index.php\/wp-json\/wp\/v2\/posts\/129409","targetHints":{"allow":["GET"]}}],"collection":[{"href":"https:\/\/zeromagazine.mx\/index.php\/wp-json\/wp\/v2\/posts"}],"about":[{"href":"https:\/\/zeromagazine.mx\/index.php\/wp-json\/wp\/v2\/types\/post"}],"author":[{"embeddable":true,"href":"https:\/\/zeromagazine.mx\/index.php\/wp-json\/wp\/v2\/users\/4"}],"replies":[{"embeddable":true,"href":"https:\/\/zeromagazine.mx\/index.php\/wp-json\/wp\/v2\/comments?post=129409"}],"version-history":[{"count":1,"href":"https:\/\/zeromagazine.mx\/index.php\/wp-json\/wp\/v2\/posts\/129409\/revisions"}],"predecessor-version":[{"id":129412,"href":"https:\/\/zeromagazine.mx\/index.php\/wp-json\/wp\/v2\/posts\/129409\/revisions\/129412"}],"wp:featuredmedia":[{"embeddable":true,"href":"https:\/\/zeromagazine.mx\/index.php\/wp-json\/wp\/v2\/media\/129410"}],"wp:attachment":[{"href":"https:\/\/zeromagazine.mx\/index.php\/wp-json\/wp\/v2\/media?parent=129409"}],"wp:term":[{"taxonomy":"category","embeddable":true,"href":"https:\/\/zeromagazine.mx\/index.php\/wp-json\/wp\/v2\/categories?post=129409"},{"taxonomy":"post_tag","embeddable":true,"href":"https:\/\/zeromagazine.mx\/index.php\/wp-json\/wp\/v2\/tags?post=129409"}],"curies":[{"name":"wp","href":"https:\/\/api.w.org\/{rel}","templated":true}]}}