{"id":129418,"date":"2026-09-02T16:28:18","date_gmt":"2026-09-02T22:28:18","guid":{"rendered":"https:\/\/zeromagazine.mx\/?p=129418"},"modified":"2026-09-02T16:28:20","modified_gmt":"2026-09-02T22:28:20","slug":"soy-pau-ibiza-nueva-etapa-musical","status":"publish","type":"post","link":"https:\/\/zeromagazine.mx\/index.php\/2026\/09\/02\/soy-pau-ibiza-nueva-etapa-musical\/","title":{"rendered":"Soy Pau quiere conquistar m\u00fasica y televisi\u00f3n"},"content":{"rendered":"<!--themify_builder_content-->\n<div id=\"themify_builder_content-129418\" data-postid=\"129418\" class=\"themify_builder_content themify_builder_content-129418 themify_builder tf_clear\">\n    <\/div>\n<!--\/themify_builder_content-->\n\n\n<p class=\"wp-block-paragraph\">Hay carreras que empiezan frente a una c\u00e1mara y otras que empiezan detr\u00e1s de un micr\u00f3fono. Para Soy Pau, las dos cosas parecen estar sucediendo al mismo tiempo. Lo que comenz\u00f3 como una comunidad construida en redes sociales hoy se est\u00e1 convirtiendo en un proyecto art\u00edstico que tambi\u00e9n pasa por la m\u00fasica y la televisi\u00f3n.<\/p>\n\n\n\n<figure class=\"wp-block-image size-full\"><img data-recalc-dims=\"1\" decoding=\"async\" width=\"1067\" height=\"1600\" src=\"https:\/\/i0.wp.com\/zeromagazine.mx\/wp-content\/uploads\/2026\/09\/WhatsApp-Image-2026-08-31-at-10.05.15.jpeg?resize=1067%2C1600&#038;ssl=1\" alt=\"\" class=\"wp-image-129419\" srcset=\"https:\/\/i0.wp.com\/zeromagazine.mx\/wp-content\/uploads\/2026\/09\/WhatsApp-Image-2026-08-31-at-10.05.15.jpeg?w=1067&amp;ssl=1 1067w, https:\/\/i0.wp.com\/zeromagazine.mx\/wp-content\/uploads\/2026\/09\/WhatsApp-Image-2026-08-31-at-10.05.15.jpeg?resize=200%2C300&amp;ssl=1 200w, https:\/\/i0.wp.com\/zeromagazine.mx\/wp-content\/uploads\/2026\/09\/WhatsApp-Image-2026-08-31-at-10.05.15.jpeg?resize=683%2C1024&amp;ssl=1 683w, https:\/\/i0.wp.com\/zeromagazine.mx\/wp-content\/uploads\/2026\/09\/WhatsApp-Image-2026-08-31-at-10.05.15.jpeg?resize=768%2C1152&amp;ssl=1 768w, https:\/\/i0.wp.com\/zeromagazine.mx\/wp-content\/uploads\/2026\/09\/WhatsApp-Image-2026-08-31-at-10.05.15.jpeg?resize=1024%2C1536&amp;ssl=1 1024w\" sizes=\"(max-width: 1067px) 100vw, 1067px\" \/><\/figure>\n\n\n\n<p class=\"wp-block-paragraph\">Paula Cacho, mejor conocida como&nbsp;<strong>Soy Pau<\/strong>, ya re\u00fane a m\u00e1s de 10 millones de seguidores entre sus diferentes plataformas y ha crecido pr\u00e1cticamente a la par de una generaci\u00f3n que la ha acompa\u00f1ado desde sus primeros contenidos. Ahora, esa audiencia tambi\u00e9n est\u00e1 viendo una nueva etapa de su carrera, en la que la creaci\u00f3n de contenido convive con su trabajo como actriz y una propuesta musical que contin\u00faa tomando forma.<\/p>\n\n\n\n<h2 class=\"wp-block-heading\">De creadora de contenido a artista<\/h2>\n\n\n\n<p class=\"wp-block-paragraph\">Pasar de crear contenido en redes a construir una carrera en otras \u00e1reas del entretenimiento no es tan sencillo como parece. Una cosa es tener una comunidad y otra muy distinta conseguir que esa audiencia quiera acompa\u00f1arte cuando cambias de formato.<\/p>\n\n\n\n<p class=\"wp-block-paragraph\">Pau parece estar encontrando esa transici\u00f3n de manera bastante natural. En Spotify ya supera los&nbsp;<strong>80 mil oyentes mensuales<\/strong>, mientras que su canci\u00f3n&nbsp;<strong>\u201cBesito\u201d<\/strong>&nbsp;acumula m\u00e1s de 12 millones de reproducciones. A ella se suman \u201cIndirectas\u201d y \u201cQu\u00e9 pretend\u00edas?\u201d, dos temas que tambi\u00e9n han conseguido millones de streams.<\/p>\n\n\n\n<p class=\"wp-block-paragraph\">M\u00e1s que tratarse de un cambio repentino, la m\u00fasica comienza a convertirse en otra parte de una carrera que ya ten\u00eda una comunidad construida.<\/p>\n\n\n\n<h2 class=\"wp-block-heading\">\u201cIBIZA\u201d y los amores de verano<\/h2>\n\n\n\n<p class=\"wp-block-paragraph\">Ahora llega&nbsp;<strong>\u201cIBIZA\u201d<\/strong>, su nuevo sencillo, y probablemente uno de esos t\u00edtulos que desde el nombre ya te transportan a una temporada espec\u00edfica.<\/p>\n\n\n\n<p class=\"wp-block-paragraph\">La canci\u00f3n gira alrededor de los&nbsp;<strong>amores de verano<\/strong>, esas historias que aparecen durante unas vacaciones, un viaje o simplemente en un momento inesperado y que pueden terminar tan r\u00e1pido como comenzaron. Aunque quiz\u00e1 no est\u00e9n destinadas a durar para siempre, muchas veces terminan convirti\u00e9ndose en recuerdos que se quedan much\u00edsimo m\u00e1s tiempo.<\/p>\n\n\n\n<p class=\"wp-block-paragraph\">Ese concepto conecta especialmente con la etapa de vida de la audiencia de Soy Pau y contin\u00faa construyendo el universo de pop juvenil que ha comenzado a desarrollar con sus lanzamientos anteriores.<\/p>\n\n\n\n<h2 class=\"wp-block-heading\">Una identidad musical que sigue creciendo<\/h2>\n\n\n\n<p class=\"wp-block-paragraph\">Despu\u00e9s de \u201cBesito\u201d, \u201cIndirectas\u201d y \u201cQu\u00e9 pretend\u00edas?\u201d, \u201cIBIZA\u201d representa otro paso en la b\u00fasqueda de una identidad propia dentro de la m\u00fasica.<\/p>\n\n\n\n<p class=\"wp-block-paragraph\">La propuesta se mantiene cercana al pop juvenil y a experiencias que forman parte de la vida cotidiana de su p\u00fablico, pero tambi\u00e9n refleja el crecimiento de Pau como artista. La intenci\u00f3n ya no es \u00fanicamente lanzar canciones, sino encontrar poco a poco un sonido y una personalidad que puedan reconocerse como propios.<\/p>\n\n\n\n<p class=\"wp-block-paragraph\">Y eso quiz\u00e1 sea lo m\u00e1s interesante de esta etapa: estamos viendo c\u00f3mo una creadora que ya ten\u00eda una voz muy definida en internet comienza a descubrir cu\u00e1l quiere que sea su voz dentro de la m\u00fasica.<\/p>\n\n\n\n<h2 class=\"wp-block-heading\">Tambi\u00e9n est\u00e1 frente a las c\u00e1maras<\/h2>\n\n\n\n<p class=\"wp-block-paragraph\">Mientras su faceta musical contin\u00faa creciendo, Pau tambi\u00e9n mantiene una presencia activa en televisi\u00f3n.<\/p>\n\n\n\n<p class=\"wp-block-paragraph\">Actualmente forma parte del elenco de la telenovela&nbsp;<strong>\u201cTan Cerca de Ti Nace el Amor\u201d<\/strong>, donde interpreta a&nbsp;<strong>Daniela Miranda<\/strong>. La producci\u00f3n se transmite por&nbsp;<strong>Las Estrellas a las 8:30 p.m.<\/strong>, sumando una nueva audiencia a una carrera que ya ten\u00eda una fuerte presencia digital.<\/p>\n\n\n\n<p class=\"wp-block-paragraph\">Su experiencia frente a las c\u00e1maras tambi\u00e9n incluye la telenovela&nbsp;<strong>\u201cEl Precio de Amarte\u201d<\/strong>, donde interpret\u00f3 a Gina, y la serie juvenil&nbsp;<strong>\u201cTomy Zombie\u201d<\/strong>, en la que dio vida a Heidi.<\/p>\n\n\n\n<p class=\"wp-block-paragraph\">As\u00ed, mientras una parte de su p\u00fablico la conoci\u00f3 originalmente por redes sociales, otra comienza a descubrirla a trav\u00e9s de sus personajes y su trabajo como actriz.<\/p>\n\n\n\n<h2 class=\"wp-block-heading\">La nueva forma de construir una carrera<\/h2>\n\n\n\n<p class=\"wp-block-paragraph\">Quiz\u00e1 la historia de Soy Pau representa algo que cada vez vemos con mayor frecuencia en el entretenimiento: las carreras ya no necesariamente comienzan en un escenario, una disquera o un foro de televisi\u00f3n.<\/p>\n\n\n\n<p class=\"wp-block-paragraph\">Para una nueva generaci\u00f3n de artistas, las redes pueden convertirse en el primer lugar donde construyen una comunidad, desarrollan una personalidad y encuentran a las personas que despu\u00e9s los acompa\u00f1ar\u00e1n cuando decidan probar otros formatos.<\/p>\n\n\n\n<p class=\"wp-block-paragraph\">En el caso de Pau, esa comunidad ahora puede encontrarla en diferentes lugares: desde sus contenidos digitales hasta una telenovela y, por supuesto, sus canciones.<\/p>\n\n\n\n<h2 class=\"wp-block-heading\">\u00bfQu\u00e9 sigue para Soy Pau?<\/h2>\n\n\n\n<p class=\"wp-block-paragraph\">Con millones de seguidores, experiencia frente a las c\u00e1maras y una carrera musical que contin\u00faa creciendo, Soy Pau est\u00e1 entrando en una etapa en la que sus diferentes facetas comienzan a formar parte de un mismo proyecto.<\/p>\n\n\n\n<p class=\"wp-block-paragraph\">\u201cIBIZA\u201d llega como el siguiente cap\u00edtulo de esa historia y como una canci\u00f3n que conecta con una de esas experiencias que parecen peque\u00f1as mientras est\u00e1n sucediendo, pero que despu\u00e9s pueden convertirse en uno de nuestros mejores recuerdos de una temporada.<\/p>\n\n\n\n<p class=\"wp-block-paragraph\">Y si algo queda claro es que aquella creadora que conocimos en redes ya no est\u00e1 jugando en un solo terreno.&nbsp;<strong>Soy Pau est\u00e1 construyendo una carrera que quiere estar tanto en nuestras pantallas como en nuestros aud\u00edfonos.<\/strong><\/p>\n\n\n\n<h3 class=\"wp-block-heading\">Escucha \u201cIBIZA\u201d<\/h3>\n\n\n\n<p class=\"wp-block-paragraph\">El nuevo sencillo de Soy Pau ya se encuentra disponible en plataformas digitales.<\/p>\n\n\n\n<p class=\"wp-block-paragraph\"><a href=\"https:\/\/open.spotify.com\/intl-es\/artist\/0ybxkKRDEdRAwh7zYY9oSB?utm_source=chatgpt.com\">Escucha a Soy Pau en Spotify<\/a><\/p>","protected":false},"excerpt":{"rendered":"<p>Soy Pau presenta \u201cIBIZA\u201d, un nuevo sencillo sobre los amores de verano que llega mientras contin\u00faa creciendo como cantante, actriz y creadora.<\/p>\n","protected":false},"author":4,"featured_media":129419,"comment_status":"open","ping_status":"open","sticky":false,"template":"","format":"standard","meta":{"_jetpack_newsletter_access":"","_jetpack_dont_email_post_to_subs":false,"_jetpack_newsletter_tier_id":0,"_jetpack_memberships_contains_paywalled_content":false,"_jetpack_feature_clip_id":0,"_jetpack_memberships_contains_paid_content":false,"footnotes":"","jetpack_publicize_message":"","jetpack_publicize_feature_enabled":true,"jetpack_social_post_already_shared":true,"jetpack_social_options":{"image_generator_settings":{"template":"highway","default_image_id":0,"font":"","enabled":false},"version":2},"jetpack_post_was_ever_published":false},"categories":[14134],"tags":[14407,13080,4294,14191,14406,14404,4523,14405],"class_list":["post-129418","post","type-post","status-publish","format-standard","has-post-thumbnail","hentry","category-musica","tag-actrices-mexicanas","tag-ibiza","tag-musica","tag-musica-mexicana-2","tag-nuevos-talentos","tag-paula-cacho","tag-pop","tag-soy-pau","has-post-title","has-post-date","has-post-category","has-post-tag","has-post-comment","has-post-author",""],"yoast_head":"<!-- This site is optimized with the Yoast SEO plugin v28.4 - https:\/\/yoast.com\/product\/yoast-seo-wordpress\/ -->\n<title>Soy Pau quiere conquistar m\u00fasica y televisi\u00f3n - Zero Magazine<\/title>\n<meta name=\"description\" content=\"Soy Pau presenta \u201cIBIZA\u201d, su nuevo sencillo sobre los amores de verano, mientras consolida su carrera entre m\u00fasica, televisi\u00f3n y redes.\" \/>\n<meta name=\"robots\" content=\"index, follow, max-snippet:-1, max-image-preview:large, max-video-preview:-1\" \/>\n<link rel=\"canonical\" href=\"https:\/\/zeromagazine.mx\/index.php\/2026\/09\/02\/soy-pau-ibiza-nueva-etapa-musical\/\" \/>\n<meta property=\"og:locale\" content=\"es_ES\" \/>\n<meta property=\"og:type\" content=\"article\" \/>\n<meta property=\"og:title\" content=\"Soy Pau quiere conquistar m\u00fasica y televisi\u00f3n - Zero Magazine\" \/>\n<meta property=\"og:description\" content=\"Soy Pau presenta \u201cIBIZA\u201d, su nuevo sencillo sobre los amores de verano, mientras consolida su carrera entre m\u00fasica, televisi\u00f3n y redes.\" \/>\n<meta property=\"og:url\" content=\"https:\/\/zeromagazine.mx\/index.php\/2026\/09\/02\/soy-pau-ibiza-nueva-etapa-musical\/\" \/>\n<meta property=\"og:site_name\" content=\"Zero Magazine\" \/>\n<meta property=\"article:published_time\" content=\"2026-09-02T22:28:18+00:00\" \/>\n<meta property=\"article:modified_time\" content=\"2026-09-02T22:28:20+00:00\" \/>\n<meta property=\"og:image\" content=\"http:\/\/zeromagazine.mx\/wp-content\/uploads\/2026\/09\/WhatsApp-Image-2026-08-31-at-10.05.15.jpeg\" \/>\n\t<meta property=\"og:image:width\" content=\"1067\" \/>\n\t<meta property=\"og:image:height\" content=\"1600\" \/>\n\t<meta property=\"og:image:type\" content=\"image\/jpeg\" \/>\n<meta name=\"author\" content=\"David Morales\" \/>\n<meta name=\"twitter:card\" content=\"summary_large_image\" \/>\n<meta name=\"twitter:label1\" content=\"Escrito por\" \/>\n\t<meta name=\"twitter:data1\" content=\"David Morales\" \/>\n\t<meta name=\"twitter:label2\" content=\"Tiempo de lectura\" \/>\n\t<meta name=\"twitter:data2\" content=\"5 minutos\" \/>\n<script type=\"application\/ld+json\" class=\"yoast-schema-graph\">{\"@context\":\"https:\\\/\\\/schema.org\",\"@graph\":[{\"@type\":\"Article\",\"@id\":\"https:\\\/\\\/zeromagazine.mx\\\/index.php\\\/2026\\\/09\\\/02\\\/soy-pau-ibiza-nueva-etapa-musical\\\/#article\",\"isPartOf\":{\"@id\":\"https:\\\/\\\/zeromagazine.mx\\\/index.php\\\/2026\\\/09\\\/02\\\/soy-pau-ibiza-nueva-etapa-musical\\\/\"},\"author\":{\"name\":\"David Morales\",\"@id\":\"https:\\\/\\\/zeromagazine.mx\\\/#\\\/schema\\\/person\\\/9f7f1a17c60ba8e9980e3e6677aabe5a\"},\"headline\":\"Soy Pau quiere conquistar m\u00fasica y televisi\u00f3n\",\"datePublished\":\"2026-09-02T22:28:18+00:00\",\"dateModified\":\"2026-09-02T22:28:20+00:00\",\"mainEntityOfPage\":{\"@id\":\"https:\\\/\\\/zeromagazine.mx\\\/index.php\\\/2026\\\/09\\\/02\\\/soy-pau-ibiza-nueva-etapa-musical\\\/\"},\"wordCount\":929,\"commentCount\":0,\"publisher\":{\"@id\":\"https:\\\/\\\/zeromagazine.mx\\\/#organization\"},\"image\":{\"@id\":\"https:\\\/\\\/zeromagazine.mx\\\/index.php\\\/2026\\\/09\\\/02\\\/soy-pau-ibiza-nueva-etapa-musical\\\/#primaryimage\"},\"thumbnailUrl\":\"https:\\\/\\\/i0.wp.com\\\/zeromagazine.mx\\\/wp-content\\\/uploads\\\/2026\\\/09\\\/WhatsApp-Image-2026-08-31-at-10.05.15.jpeg?fit=1067%2C1600&ssl=1\",\"keywords\":[\"Actrices Mexicanas\",\"Ibiza\",\"M\u00fasica\",\"m\u00fasica mexicana\",\"Nuevos Talentos\",\"Paula Cacho\",\"Pop\",\"Soy Pau\"],\"articleSection\":[\"M\u00fasica\"],\"inLanguage\":\"es\",\"potentialAction\":[{\"@type\":\"CommentAction\",\"name\":\"Comment\",\"target\":[\"https:\\\/\\\/zeromagazine.mx\\\/index.php\\\/2026\\\/09\\\/02\\\/soy-pau-ibiza-nueva-etapa-musical\\\/#respond\"]}]},{\"@type\":\"WebPage\",\"@id\":\"https:\\\/\\\/zeromagazine.mx\\\/index.php\\\/2026\\\/09\\\/02\\\/soy-pau-ibiza-nueva-etapa-musical\\\/\",\"url\":\"https:\\\/\\\/zeromagazine.mx\\\/index.php\\\/2026\\\/09\\\/02\\\/soy-pau-ibiza-nueva-etapa-musical\\\/\",\"name\":\"Soy Pau quiere conquistar m\u00fasica y televisi\u00f3n - Zero Magazine\",\"isPartOf\":{\"@id\":\"https:\\\/\\\/zeromagazine.mx\\\/#website\"},\"primaryImageOfPage\":{\"@id\":\"https:\\\/\\\/zeromagazine.mx\\\/index.php\\\/2026\\\/09\\\/02\\\/soy-pau-ibiza-nueva-etapa-musical\\\/#primaryimage\"},\"image\":{\"@id\":\"https:\\\/\\\/zeromagazine.mx\\\/index.php\\\/2026\\\/09\\\/02\\\/soy-pau-ibiza-nueva-etapa-musical\\\/#primaryimage\"},\"thumbnailUrl\":\"https:\\\/\\\/i0.wp.com\\\/zeromagazine.mx\\\/wp-content\\\/uploads\\\/2026\\\/09\\\/WhatsApp-Image-2026-08-31-at-10.05.15.jpeg?fit=1067%2C1600&ssl=1\",\"datePublished\":\"2026-09-02T22:28:18+00:00\",\"dateModified\":\"2026-09-02T22:28:20+00:00\",\"description\":\"Soy Pau presenta \u201cIBIZA\u201d, su nuevo sencillo sobre los amores de verano, mientras consolida su carrera entre m\u00fasica, televisi\u00f3n y redes.\",\"breadcrumb\":{\"@id\":\"https:\\\/\\\/zeromagazine.mx\\\/index.php\\\/2026\\\/09\\\/02\\\/soy-pau-ibiza-nueva-etapa-musical\\\/#breadcrumb\"},\"inLanguage\":\"es\",\"potentialAction\":[{\"@type\":\"ReadAction\",\"target\":[\"https:\\\/\\\/zeromagazine.mx\\\/index.php\\\/2026\\\/09\\\/02\\\/soy-pau-ibiza-nueva-etapa-musical\\\/\"]}]},{\"@type\":\"ImageObject\",\"inLanguage\":\"es\",\"@id\":\"https:\\\/\\\/zeromagazine.mx\\\/index.php\\\/2026\\\/09\\\/02\\\/soy-pau-ibiza-nueva-etapa-musical\\\/#primaryimage\",\"url\":\"https:\\\/\\\/i0.wp.com\\\/zeromagazine.mx\\\/wp-content\\\/uploads\\\/2026\\\/09\\\/WhatsApp-Image-2026-08-31-at-10.05.15.jpeg?fit=1067%2C1600&ssl=1\",\"contentUrl\":\"https:\\\/\\\/i0.wp.com\\\/zeromagazine.mx\\\/wp-content\\\/uploads\\\/2026\\\/09\\\/WhatsApp-Image-2026-08-31-at-10.05.15.jpeg?fit=1067%2C1600&ssl=1\",\"width\":1067,\"height\":1600,\"caption\":\"Soy Pau presenta su nuevo sencillo IBIZA\"},{\"@type\":\"BreadcrumbList\",\"@id\":\"https:\\\/\\\/zeromagazine.mx\\\/index.php\\\/2026\\\/09\\\/02\\\/soy-pau-ibiza-nueva-etapa-musical\\\/#breadcrumb\",\"itemListElement\":[{\"@type\":\"ListItem\",\"position\":1,\"name\":\"Portada\",\"item\":\"https:\\\/\\\/zeromagazine.mx\\\/\"},{\"@type\":\"ListItem\",\"position\":2,\"name\":\"Soy Pau quiere conquistar m\u00fasica y televisi\u00f3n\"}]},{\"@type\":\"WebSite\",\"@id\":\"https:\\\/\\\/zeromagazine.mx\\\/#website\",\"url\":\"https:\\\/\\\/zeromagazine.mx\\\/\",\"name\":\"Zero Magazine\",\"description\":\"\",\"publisher\":{\"@id\":\"https:\\\/\\\/zeromagazine.mx\\\/#organization\"},\"potentialAction\":[{\"@type\":\"SearchAction\",\"target\":{\"@type\":\"EntryPoint\",\"urlTemplate\":\"https:\\\/\\\/zeromagazine.mx\\\/?s={search_term_string}\"},\"query-input\":{\"@type\":\"PropertyValueSpecification\",\"valueRequired\":true,\"valueName\":\"search_term_string\"}}],\"inLanguage\":\"es\"},{\"@type\":\"Organization\",\"@id\":\"https:\\\/\\\/zeromagazine.mx\\\/#organization\",\"name\":\"Zero Magazine\",\"url\":\"https:\\\/\\\/zeromagazine.mx\\\/\",\"logo\":{\"@type\":\"ImageObject\",\"inLanguage\":\"es\",\"@id\":\"https:\\\/\\\/zeromagazine.mx\\\/#\\\/schema\\\/logo\\\/image\\\/\",\"url\":\"https:\\\/\\\/i0.wp.com\\\/zeromagazine.mx\\\/wp-content\\\/uploads\\\/2025\\\/11\\\/1.jpeg?fit=1000%2C1000&ssl=1\",\"contentUrl\":\"https:\\\/\\\/i0.wp.com\\\/zeromagazine.mx\\\/wp-content\\\/uploads\\\/2025\\\/11\\\/1.jpeg?fit=1000%2C1000&ssl=1\",\"width\":1000,\"height\":1000,\"caption\":\"Zero Magazine\"},\"image\":{\"@id\":\"https:\\\/\\\/zeromagazine.mx\\\/#\\\/schema\\\/logo\\\/image\\\/\"},\"sameAs\":[\"https:\\\/\\\/instagram.com\\\/zeromagazinemx\"]},{\"@type\":\"Person\",\"@id\":\"https:\\\/\\\/zeromagazine.mx\\\/#\\\/schema\\\/person\\\/9f7f1a17c60ba8e9980e3e6677aabe5a\",\"name\":\"David Morales\",\"image\":{\"@type\":\"ImageObject\",\"inLanguage\":\"es\",\"@id\":\"https:\\\/\\\/zeromagazine.mx\\\/wp-content\\\/litespeed\\\/avatar\\\/76069d2136bfc1c37dc34815bb67ca42.jpg?ver=1787854196\",\"url\":\"https:\\\/\\\/zeromagazine.mx\\\/wp-content\\\/litespeed\\\/avatar\\\/76069d2136bfc1c37dc34815bb67ca42.jpg?ver=1787854196\",\"contentUrl\":\"https:\\\/\\\/zeromagazine.mx\\\/wp-content\\\/litespeed\\\/avatar\\\/76069d2136bfc1c37dc34815bb67ca42.jpg?ver=1787854196\",\"caption\":\"David Morales\"},\"url\":\"https:\\\/\\\/zeromagazine.mx\\\/index.php\\\/author\\\/david\\\/\"}]}<\/script>\n<!-- \/ Yoast SEO plugin. -->","yoast_head_json":{"title":"Soy Pau quiere conquistar m\u00fasica y televisi\u00f3n - Zero Magazine","description":"Soy Pau presenta \u201cIBIZA\u201d, su nuevo sencillo sobre los amores de verano, mientras consolida su carrera entre m\u00fasica, televisi\u00f3n y redes.","robots":{"index":"index","follow":"follow","max-snippet":"max-snippet:-1","max-image-preview":"max-image-preview:large","max-video-preview":"max-video-preview:-1"},"canonical":"https:\/\/zeromagazine.mx\/index.php\/2026\/09\/02\/soy-pau-ibiza-nueva-etapa-musical\/","og_locale":"es_ES","og_type":"article","og_title":"Soy Pau quiere conquistar m\u00fasica y televisi\u00f3n - Zero Magazine","og_description":"Soy Pau presenta \u201cIBIZA\u201d, su nuevo sencillo sobre los amores de verano, mientras consolida su carrera entre m\u00fasica, televisi\u00f3n y redes.","og_url":"https:\/\/zeromagazine.mx\/index.php\/2026\/09\/02\/soy-pau-ibiza-nueva-etapa-musical\/","og_site_name":"Zero Magazine","article_published_time":"2026-09-02T22:28:18+00:00","article_modified_time":"2026-09-02T22:28:20+00:00","og_image":[{"width":1067,"height":1600,"url":"http:\/\/zeromagazine.mx\/wp-content\/uploads\/2026\/09\/WhatsApp-Image-2026-08-31-at-10.05.15.jpeg","type":"image\/jpeg"}],"author":"David Morales","twitter_card":"summary_large_image","twitter_misc":{"Escrito por":"David Morales","Tiempo de lectura":"5 minutos"},"schema":{"@context":"https:\/\/schema.org","@graph":[{"@type":"Article","@id":"https:\/\/zeromagazine.mx\/index.php\/2026\/09\/02\/soy-pau-ibiza-nueva-etapa-musical\/#article","isPartOf":{"@id":"https:\/\/zeromagazine.mx\/index.php\/2026\/09\/02\/soy-pau-ibiza-nueva-etapa-musical\/"},"author":{"name":"David Morales","@id":"https:\/\/zeromagazine.mx\/#\/schema\/person\/9f7f1a17c60ba8e9980e3e6677aabe5a"},"headline":"Soy Pau quiere conquistar m\u00fasica y televisi\u00f3n","datePublished":"2026-09-02T22:28:18+00:00","dateModified":"2026-09-02T22:28:20+00:00","mainEntityOfPage":{"@id":"https:\/\/zeromagazine.mx\/index.php\/2026\/09\/02\/soy-pau-ibiza-nueva-etapa-musical\/"},"wordCount":929,"commentCount":0,"publisher":{"@id":"https:\/\/zeromagazine.mx\/#organization"},"image":{"@id":"https:\/\/zeromagazine.mx\/index.php\/2026\/09\/02\/soy-pau-ibiza-nueva-etapa-musical\/#primaryimage"},"thumbnailUrl":"https:\/\/i0.wp.com\/zeromagazine.mx\/wp-content\/uploads\/2026\/09\/WhatsApp-Image-2026-08-31-at-10.05.15.jpeg?fit=1067%2C1600&ssl=1","keywords":["Actrices Mexicanas","Ibiza","M\u00fasica","m\u00fasica mexicana","Nuevos Talentos","Paula Cacho","Pop","Soy Pau"],"articleSection":["M\u00fasica"],"inLanguage":"es","potentialAction":[{"@type":"CommentAction","name":"Comment","target":["https:\/\/zeromagazine.mx\/index.php\/2026\/09\/02\/soy-pau-ibiza-nueva-etapa-musical\/#respond"]}]},{"@type":"WebPage","@id":"https:\/\/zeromagazine.mx\/index.php\/2026\/09\/02\/soy-pau-ibiza-nueva-etapa-musical\/","url":"https:\/\/zeromagazine.mx\/index.php\/2026\/09\/02\/soy-pau-ibiza-nueva-etapa-musical\/","name":"Soy Pau quiere conquistar m\u00fasica y televisi\u00f3n - Zero Magazine","isPartOf":{"@id":"https:\/\/zeromagazine.mx\/#website"},"primaryImageOfPage":{"@id":"https:\/\/zeromagazine.mx\/index.php\/2026\/09\/02\/soy-pau-ibiza-nueva-etapa-musical\/#primaryimage"},"image":{"@id":"https:\/\/zeromagazine.mx\/index.php\/2026\/09\/02\/soy-pau-ibiza-nueva-etapa-musical\/#primaryimage"},"thumbnailUrl":"https:\/\/i0.wp.com\/zeromagazine.mx\/wp-content\/uploads\/2026\/09\/WhatsApp-Image-2026-08-31-at-10.05.15.jpeg?fit=1067%2C1600&ssl=1","datePublished":"2026-09-02T22:28:18+00:00","dateModified":"2026-09-02T22:28:20+00:00","description":"Soy Pau presenta \u201cIBIZA\u201d, su nuevo sencillo sobre los amores de verano, mientras consolida su carrera entre m\u00fasica, televisi\u00f3n y redes.","breadcrumb":{"@id":"https:\/\/zeromagazine.mx\/index.php\/2026\/09\/02\/soy-pau-ibiza-nueva-etapa-musical\/#breadcrumb"},"inLanguage":"es","potentialAction":[{"@type":"ReadAction","target":["https:\/\/zeromagazine.mx\/index.php\/2026\/09\/02\/soy-pau-ibiza-nueva-etapa-musical\/"]}]},{"@type":"ImageObject","inLanguage":"es","@id":"https:\/\/zeromagazine.mx\/index.php\/2026\/09\/02\/soy-pau-ibiza-nueva-etapa-musical\/#primaryimage","url":"https:\/\/i0.wp.com\/zeromagazine.mx\/wp-content\/uploads\/2026\/09\/WhatsApp-Image-2026-08-31-at-10.05.15.jpeg?fit=1067%2C1600&ssl=1","contentUrl":"https:\/\/i0.wp.com\/zeromagazine.mx\/wp-content\/uploads\/2026\/09\/WhatsApp-Image-2026-08-31-at-10.05.15.jpeg?fit=1067%2C1600&ssl=1","width":1067,"height":1600,"caption":"Soy Pau presenta su nuevo sencillo IBIZA"},{"@type":"BreadcrumbList","@id":"https:\/\/zeromagazine.mx\/index.php\/2026\/09\/02\/soy-pau-ibiza-nueva-etapa-musical\/#breadcrumb","itemListElement":[{"@type":"ListItem","position":1,"name":"Portada","item":"https:\/\/zeromagazine.mx\/"},{"@type":"ListItem","position":2,"name":"Soy Pau quiere conquistar m\u00fasica y televisi\u00f3n"}]},{"@type":"WebSite","@id":"https:\/\/zeromagazine.mx\/#website","url":"https:\/\/zeromagazine.mx\/","name":"Zero Magazine","description":"","publisher":{"@id":"https:\/\/zeromagazine.mx\/#organization"},"potentialAction":[{"@type":"SearchAction","target":{"@type":"EntryPoint","urlTemplate":"https:\/\/zeromagazine.mx\/?s={search_term_string}"},"query-input":{"@type":"PropertyValueSpecification","valueRequired":true,"valueName":"search_term_string"}}],"inLanguage":"es"},{"@type":"Organization","@id":"https:\/\/zeromagazine.mx\/#organization","name":"Zero Magazine","url":"https:\/\/zeromagazine.mx\/","logo":{"@type":"ImageObject","inLanguage":"es","@id":"https:\/\/zeromagazine.mx\/#\/schema\/logo\/image\/","url":"https:\/\/i0.wp.com\/zeromagazine.mx\/wp-content\/uploads\/2025\/11\/1.jpeg?fit=1000%2C1000&ssl=1","contentUrl":"https:\/\/i0.wp.com\/zeromagazine.mx\/wp-content\/uploads\/2025\/11\/1.jpeg?fit=1000%2C1000&ssl=1","width":1000,"height":1000,"caption":"Zero Magazine"},"image":{"@id":"https:\/\/zeromagazine.mx\/#\/schema\/logo\/image\/"},"sameAs":["https:\/\/instagram.com\/zeromagazinemx"]},{"@type":"Person","@id":"https:\/\/zeromagazine.mx\/#\/schema\/person\/9f7f1a17c60ba8e9980e3e6677aabe5a","name":"David Morales","image":{"@type":"ImageObject","inLanguage":"es","@id":"https:\/\/zeromagazine.mx\/wp-content\/litespeed\/avatar\/76069d2136bfc1c37dc34815bb67ca42.jpg?ver=1787854196","url":"https:\/\/zeromagazine.mx\/wp-content\/litespeed\/avatar\/76069d2136bfc1c37dc34815bb67ca42.jpg?ver=1787854196","contentUrl":"https:\/\/zeromagazine.mx\/wp-content\/litespeed\/avatar\/76069d2136bfc1c37dc34815bb67ca42.jpg?ver=1787854196","caption":"David Morales"},"url":"https:\/\/zeromagazine.mx\/index.php\/author\/david\/"}]}},"jetpack_publicize_connections":[],"jetpack-related-posts":[{"id":76478,"url":"https:\/\/zeromagazine.mx\/index.php\/2024\/05\/24\/paola-villalobos-transformando-su-carrera\/","url_meta":{"origin":129418,"position":0},"title":"Paola Villalobos: Transformando su Carrera","author":"zeromagazinemx","date":"24 de mayo de 2024","format":false,"excerpt":"En esta ocasi\u00f3n tuvimos el honor de conocer platicar con la guap\u00edsima Paola Villalobos sobre los proyectos en puerta y su participaci\u00f3n en su m\u00e1s reciente trabajo en la temporada 9 de El se\u00f1or de los cielos. - \u00bfCu\u00e1les son tus proyectos nuevos que vas a tener? - Bueno ahorita,\u2026","rel":"","context":"En \u00abEntretenimiento\u00bb","block_context":{"text":"Entretenimiento","link":"https:\/\/zeromagazine.mx\/index.php\/category\/entretenimiento-cine-tv-teatro\/"},"img":{"alt_text":"","src":"https:\/\/i0.wp.com\/zeromagazine.mx\/wp-content\/uploads\/2024\/05\/image00063.jpg?fit=900%2C1200&ssl=1&resize=350%2C200","width":350,"height":200,"srcset":"https:\/\/i0.wp.com\/zeromagazine.mx\/wp-content\/uploads\/2024\/05\/image00063.jpg?fit=900%2C1200&ssl=1&resize=350%2C200 1x, https:\/\/i0.wp.com\/zeromagazine.mx\/wp-content\/uploads\/2024\/05\/image00063.jpg?fit=900%2C1200&ssl=1&resize=525%2C300 1.5x, https:\/\/i0.wp.com\/zeromagazine.mx\/wp-content\/uploads\/2024\/05\/image00063.jpg?fit=900%2C1200&ssl=1&resize=700%2C400 2x"},"classes":[]},{"id":104140,"url":"https:\/\/zeromagazine.mx\/index.php\/2025\/05\/15\/blossoms-shanghai-llega-pronto-a-mexico\/","url_meta":{"origin":129418,"position":1},"title":"Blossoms Shanghai Llega Pronto A MUBI","author":"David Morales","date":"15 de mayo de 2025","format":false,"excerpt":"Amix, \u00bfte imaginas si In the Mood for Love tuviera un universo alterno lleno de luces ne\u00f3n, nostalgia noventera y drama financiero? Pues eso existe y se llama Blossoms Shanghai, la nueva serie de Wong Kar Wai que acaba de ser adquirida por MUBI para Latinoam\u00e9rica y otros pa\u00edses. Y\u2026","rel":"","context":"En \u00abEntretenimiento\u00bb","block_context":{"text":"Entretenimiento","link":"https:\/\/zeromagazine.mx\/index.php\/category\/entretenimiento-cine-tv-teatro\/"},"img":{"alt_text":"","src":"https:\/\/i0.wp.com\/zeromagazine.mx\/wp-content\/uploads\/2025\/05\/Blossoms-Shanghai-ep-1.jpg?fit=736%2C414&ssl=1&resize=350%2C200","width":350,"height":200,"srcset":"https:\/\/i0.wp.com\/zeromagazine.mx\/wp-content\/uploads\/2025\/05\/Blossoms-Shanghai-ep-1.jpg?fit=736%2C414&ssl=1&resize=350%2C200 1x, https:\/\/i0.wp.com\/zeromagazine.mx\/wp-content\/uploads\/2025\/05\/Blossoms-Shanghai-ep-1.jpg?fit=736%2C414&ssl=1&resize=525%2C300 1.5x, https:\/\/i0.wp.com\/zeromagazine.mx\/wp-content\/uploads\/2025\/05\/Blossoms-Shanghai-ep-1.jpg?fit=736%2C414&ssl=1&resize=700%2C400 2x"},"classes":[]},{"id":112171,"url":"https:\/\/zeromagazine.mx\/index.php\/2025\/12\/26\/pandora-holiday-2025-noche-brillo\/","url_meta":{"origin":129418,"position":2},"title":"Pandora Holiday 2025 brilla","author":"zeromagazinemx","date":"26 de diciembre de 2025","format":false,"excerpt":"Hay eventos que no solo se viven, se sienten. Pandora Holiday 2025 fue exactamente eso: una noche que mezcl\u00f3 brillo, emoci\u00f3n y esa vibra cozy que solo aparece cuando el a\u00f1o est\u00e1 por cerrar y todo invita a compartir. En pleno Bosque de Chapultepec, Casa del Lago se convirti\u00f3 en\u2026","rel":"","context":"En \u00abModa\u00bb","block_context":{"text":"Moda","link":"https:\/\/zeromagazine.mx\/index.php\/category\/moda\/"},"img":{"alt_text":"","src":"https:\/\/i0.wp.com\/zeromagazine.mx\/wp-content\/uploads\/2025\/12\/1000046279-scaled.jpg?fit=1200%2C800&ssl=1&resize=350%2C200","width":350,"height":200,"srcset":"https:\/\/i0.wp.com\/zeromagazine.mx\/wp-content\/uploads\/2025\/12\/1000046279-scaled.jpg?fit=1200%2C800&ssl=1&resize=350%2C200 1x, https:\/\/i0.wp.com\/zeromagazine.mx\/wp-content\/uploads\/2025\/12\/1000046279-scaled.jpg?fit=1200%2C800&ssl=1&resize=525%2C300 1.5x, https:\/\/i0.wp.com\/zeromagazine.mx\/wp-content\/uploads\/2025\/12\/1000046279-scaled.jpg?fit=1200%2C800&ssl=1&resize=700%2C400 2x, https:\/\/i0.wp.com\/zeromagazine.mx\/wp-content\/uploads\/2025\/12\/1000046279-scaled.jpg?fit=1200%2C800&ssl=1&resize=1050%2C600 3x"},"classes":[]},{"id":109424,"url":"https:\/\/zeromagazine.mx\/index.php\/2025\/10\/15\/house-of-beauty-sephora-mexico\/","url_meta":{"origin":129418,"position":3},"title":"House of Beauty llega con\u2026","author":"zeromagazinemx","date":"15 de octubre de 2025","format":false,"excerpt":"House of Beauty llega con todo a Antara Este octubre, House of Beauty toma por asalto la Ciudad de M\u00e9xico con su sexta edici\u00f3n, y s\u00ed, viene m\u00e1s grande, m\u00e1s interactiva y m\u00e1s brillante que nunca. Durante cuatro d\u00edas \u2014del 16 al 19 de octubre\u2014, Sephora M\u00e9xico convertir\u00e1 el centro\u2026","rel":"","context":"En \u00abBeauty\u00bb","block_context":{"text":"Beauty","link":"https:\/\/zeromagazine.mx\/index.php\/category\/beauty-belleza\/"},"img":{"alt_text":"","src":"https:\/\/i0.wp.com\/zeromagazine.mx\/wp-content\/uploads\/2025\/10\/sephoraHOB-1-scaled.jpg?fit=1200%2C732&ssl=1&resize=350%2C200","width":350,"height":200,"srcset":"https:\/\/i0.wp.com\/zeromagazine.mx\/wp-content\/uploads\/2025\/10\/sephoraHOB-1-scaled.jpg?fit=1200%2C732&ssl=1&resize=350%2C200 1x, https:\/\/i0.wp.com\/zeromagazine.mx\/wp-content\/uploads\/2025\/10\/sephoraHOB-1-scaled.jpg?fit=1200%2C732&ssl=1&resize=525%2C300 1.5x, https:\/\/i0.wp.com\/zeromagazine.mx\/wp-content\/uploads\/2025\/10\/sephoraHOB-1-scaled.jpg?fit=1200%2C732&ssl=1&resize=700%2C400 2x, https:\/\/i0.wp.com\/zeromagazine.mx\/wp-content\/uploads\/2025\/10\/sephoraHOB-1-scaled.jpg?fit=1200%2C732&ssl=1&resize=1050%2C600 3x"},"classes":[]},{"id":114139,"url":"https:\/\/zeromagazine.mx\/index.php\/2026\/01\/23\/kim-shantal-dj-edc-mexico-2026\/","url_meta":{"origin":129418,"position":4},"title":"Kim Shantal de influencer a DJ en EDC M\u00e9xico 2026","author":"David Morales","date":"23 de enero de 2026","format":false,"excerpt":"Kim Shantal est\u00e1 demostrando que reinventarse no solo es v\u00e1lido, sino necesario. Lo que empez\u00f3 como una carrera s\u00f3lida en redes sociales y televisi\u00f3n hoy da un giro interesante hacia la m\u00fasica electr\u00f3nica. Su confirmaci\u00f3n como DJ en\u00a0EDC M\u00e9xico 2026\u00a0no es casualidad: es el resultado de una evoluci\u00f3n creativa que\u2026","rel":"","context":"En \u00abConcierto\u00bb","block_context":{"text":"Concierto","link":"https:\/\/zeromagazine.mx\/index.php\/category\/concierto\/"},"img":{"alt_text":"","src":"https:\/\/i0.wp.com\/zeromagazine.mx\/wp-content\/uploads\/2026\/01\/IMG_1117-1.jpeg?fit=1066%2C1032&ssl=1&resize=350%2C200","width":350,"height":200,"srcset":"https:\/\/i0.wp.com\/zeromagazine.mx\/wp-content\/uploads\/2026\/01\/IMG_1117-1.jpeg?fit=1066%2C1032&ssl=1&resize=350%2C200 1x, https:\/\/i0.wp.com\/zeromagazine.mx\/wp-content\/uploads\/2026\/01\/IMG_1117-1.jpeg?fit=1066%2C1032&ssl=1&resize=525%2C300 1.5x, https:\/\/i0.wp.com\/zeromagazine.mx\/wp-content\/uploads\/2026\/01\/IMG_1117-1.jpeg?fit=1066%2C1032&ssl=1&resize=700%2C400 2x, https:\/\/i0.wp.com\/zeromagazine.mx\/wp-content\/uploads\/2026\/01\/IMG_1117-1.jpeg?fit=1066%2C1032&ssl=1&resize=1050%2C600 3x"},"classes":[]},{"id":123915,"url":"https:\/\/zeromagazine.mx\/index.php\/2026\/06\/25\/the-lucky-me-tour-hilary-duff\/","url_meta":{"origin":129418,"position":5},"title":"\u00a1HILARY DUFF ARRANCA SU MUY ESPERADO \u2018THE LUCKY ME TOUR\u2019!","author":"David Morales","date":"25 de junio de 2026","format":false,"excerpt":"Hilary Duff no volvi\u00f3 para recordar el pasado; volvi\u00f3 para adue\u00f1arse del presente Hay regresos que funcionan por nostalgia y otros que simplemente se sienten como algo que ten\u00eda que pasar. El de Hilary Duff entra en la segunda categor\u00eda. Porque s\u00ed, crecimos escuchando \u201cCome Clean\u201d como soundtrack involuntario de\u2026","rel":"","context":"En \u00abConcierto\u00bb","block_context":{"text":"Concierto","link":"https:\/\/zeromagazine.mx\/index.php\/category\/concierto\/"},"img":{"alt_text":"","src":"https:\/\/i0.wp.com\/zeromagazine.mx\/wp-content\/uploads\/2026\/06\/IMG_4439.jpeg?fit=1200%2C763&ssl=1&resize=350%2C200","width":350,"height":200,"srcset":"https:\/\/i0.wp.com\/zeromagazine.mx\/wp-content\/uploads\/2026\/06\/IMG_4439.jpeg?fit=1200%2C763&ssl=1&resize=350%2C200 1x, https:\/\/i0.wp.com\/zeromagazine.mx\/wp-content\/uploads\/2026\/06\/IMG_4439.jpeg?fit=1200%2C763&ssl=1&resize=525%2C300 1.5x, https:\/\/i0.wp.com\/zeromagazine.mx\/wp-content\/uploads\/2026\/06\/IMG_4439.jpeg?fit=1200%2C763&ssl=1&resize=700%2C400 2x, https:\/\/i0.wp.com\/zeromagazine.mx\/wp-content\/uploads\/2026\/06\/IMG_4439.jpeg?fit=1200%2C763&ssl=1&resize=1050%2C600 3x"},"classes":[]}],"jetpack_sharing_enabled":true,"builder_content":"","jetpack_featured_media_url":"https:\/\/i0.wp.com\/zeromagazine.mx\/wp-content\/uploads\/2026\/09\/WhatsApp-Image-2026-08-31-at-10.05.15.jpeg?fit=1067%2C1600&ssl=1","_links":{"self":[{"href":"https:\/\/zeromagazine.mx\/index.php\/wp-json\/wp\/v2\/posts\/129418","targetHints":{"allow":["GET"]}}],"collection":[{"href":"https:\/\/zeromagazine.mx\/index.php\/wp-json\/wp\/v2\/posts"}],"about":[{"href":"https:\/\/zeromagazine.mx\/index.php\/wp-json\/wp\/v2\/types\/post"}],"author":[{"embeddable":true,"href":"https:\/\/zeromagazine.mx\/index.php\/wp-json\/wp\/v2\/users\/4"}],"replies":[{"embeddable":true,"href":"https:\/\/zeromagazine.mx\/index.php\/wp-json\/wp\/v2\/comments?post=129418"}],"version-history":[{"count":1,"href":"https:\/\/zeromagazine.mx\/index.php\/wp-json\/wp\/v2\/posts\/129418\/revisions"}],"predecessor-version":[{"id":129420,"href":"https:\/\/zeromagazine.mx\/index.php\/wp-json\/wp\/v2\/posts\/129418\/revisions\/129420"}],"wp:featuredmedia":[{"embeddable":true,"href":"https:\/\/zeromagazine.mx\/index.php\/wp-json\/wp\/v2\/media\/129419"}],"wp:attachment":[{"href":"https:\/\/zeromagazine.mx\/index.php\/wp-json\/wp\/v2\/media?parent=129418"}],"wp:term":[{"taxonomy":"category","embeddable":true,"href":"https:\/\/zeromagazine.mx\/index.php\/wp-json\/wp\/v2\/categories?post=129418"},{"taxonomy":"post_tag","embeddable":true,"href":"https:\/\/zeromagazine.mx\/index.php\/wp-json\/wp\/v2\/tags?post=129418"}],"curies":[{"name":"wp","href":"https:\/\/api.w.org\/{rel}","templated":true}]}}