{"id":46575,"date":"2021-06-01T15:00:00","date_gmt":"2021-06-01T20:00:00","guid":{"rendered":"https:\/\/atomic-temporary-84115225.wpcomstaging.com\/?p=46575"},"modified":"2021-06-01T15:00:00","modified_gmt":"2021-06-01T20:00:00","slug":"jenny-beavan-la-disenadora-detras-del-vestuario-de-cruella","status":"publish","type":"post","link":"https:\/\/zeromagazine.mx\/index.php\/2021\/06\/01\/jenny-beavan-la-disenadora-detras-del-vestuario-de-cruella\/","title":{"rendered":"Jenny Beavan, la dise\u00f1adora detr\u00e1s del vestuario de CRUELLA"},"content":{"rendered":"\n<p><strong>CRUELLA <\/strong>la nueva pel\u00edcula de acci\u00f3n real de <strong>Disney <\/strong>nos transporta al coraz\u00f3n de Londres en la d\u00e9cada de los 70\u00b4s present\u00e1ndonos a <strong>Cruella de Vil<\/strong>, la icono de la moda en la pantalla. Pero \u00bfQui\u00e9n est\u00e1 detr\u00e1s de esos majestuosos trajes?<\/p>\n\n\n\n<div class=\"wp-block-buttons is-layout-flex wp-block-buttons-is-layout-flex\">\n<div class=\"wp-block-button is-style-outline is-style-outline--1\"><a class=\"wp-block-button__link\">por Mayra Torres<\/a><\/div>\n<\/div>\n\n\n\n<p><\/p>\n\n\n\n<p><strong>Jenny Beavan<\/strong> es una reconocida dise\u00f1adora de vestuario, ganadora de dos <strong>Premios Oscar<\/strong> y es la encargada de liderar el proceso creativo del vestuario de <strong>CRUELLA<\/strong>. <strong>Jenny <\/strong>busc\u00f3 la inspiraci\u00f3n en las fuentes m\u00e1s diversas, como la moda callejera de aquel tiempo, especialmente en la combinaci\u00f3n ecl\u00e9ctica de piezas de mercados con elementos del punk.<\/p>\n\n\n\n<blockquote class=\"wp-block-quote is-layout-flow wp-block-quote-is-layout-flow\"><p>\u00ab<em>La pel\u00edcula transcurre en los a\u00f1os 70, y yo estaba presente en esa d\u00e9cada, as\u00ed que la conozco muy bien y recuerdo que luc\u00eda la gente en aquel momento<\/em>\u00bb comenta <strong>Jenny<\/strong>.<\/p><\/blockquote>\n\n\n\n<p>El trabajo de dise\u00f1adores como <strong>John Galiano<\/strong> y <strong>Vivienne Westwood<\/strong> tambi\u00e9n form\u00f3 parte de su inspiraci\u00f3n.<\/p>\n\n\n\n<div class=\"wp-block-image coblocks-animate\"><figure class=\"aligncenter size-large\"><a href=\"https:\/\/i0.wp.com\/zeromagazinemx.wpcomstaging.com\/wp-content\/uploads\/2022\/02\/30d66-estrellas-y-musas.png?ssl=1\"><img data-recalc-dims=\"1\" decoding=\"async\" src=\"https:\/\/i0.wp.com\/zeromagazinemx.wpcomstaging.com\/wp-content\/uploads\/2022\/02\/30d66-estrellas-y-musas.png?w=1165&#038;ssl=1\" alt=\"\" class=\"wp-image-46586\" \/><\/a><\/figure><\/div>\n\n\n\n\n\n<div style=\"height:15px;\" aria-hidden=\"true\" class=\"wp-block-spacer\"><\/div>\n\n\n\n<p>Para <strong>Jenny Beavan, Emma Stone <\/strong>y <strong>Emma Thompson <\/strong>son las musas perfectas que potencian su proceso creativo, en la pel\u00edcula <strong>Emma Stone<\/strong> luce 47 looks diferentes, el trabajo comenz\u00f3 con la preparaci\u00f3n de diez maletas de prendas y compartiendo jornada entera de pruebas en la cocina de la casa de la actriz, para poder definir colores y estilos que mejor funcionaban para ella y el personaje.<\/p>\n\n\n\n<blockquote class=\"wp-block-quote is-layout-flow wp-block-quote-is-layout-flow\"><p>\u00ab<em>De esas primeras pruebas surgieron las bases de los looks de Estella. Si bien no utilizamos ninguna de las piezas que <strong>Emma <\/strong>se prob\u00f3 ese d\u00eda, sirvieron mucho de inspiraci\u00f3n. All\u00ed nos dimos cuenta de qu\u00e9 funcionaba y qu\u00e9 no<\/em>\u00bb explica la dise\u00f1adora.<\/p><\/blockquote>\n\n\n\n<div class=\"wp-block-image coblocks-animate\"><figure class=\"aligncenter size-large is-resized\"><a href=\"https:\/\/i0.wp.com\/zeromagazinemx.wpcomstaging.com\/wp-content\/uploads\/2022\/02\/3d2d0-diseno.png?ssl=1\"><img data-recalc-dims=\"1\" decoding=\"async\" src=\"https:\/\/i0.wp.com\/zeromagazinemx.wpcomstaging.com\/wp-content\/uploads\/2022\/02\/3d2d0-diseno.png?resize=418%2C621&#038;ssl=1\" alt=\"\" class=\"wp-image-46584\" width=\"418\" height=\"621\" \/><\/a><\/figure><\/div>\n\n\n\n<div style=\"height:15px;\" aria-hidden=\"true\" class=\"wp-block-spacer\"><\/div>\n\n\n\n<p>En esta historia todo transcurre antes de los acontecimientos de las pel\u00edculas <strong>101 D\u00e1lmatas<\/strong>, por lo que Jenny tuvo libertad creativa a la hora de imaginar los looks para los personajes. Algo que se pudo observar es el uso de los elementos del blanco y negro en <strong>Cruella <\/strong>y la fuerte huella de los d\u00e1lmatas.<\/p>\n\n\n\n<blockquote class=\"wp-block-quote is-layout-flow wp-block-quote-is-layout-flow\"><p>\u00ab<em>S\u00ed mir\u00e9 a los personajes de Horacio y Gaspar en la versi\u00f3n animada. Sent\u00ed que hab\u00eda algo muy encantador en la forma en que estaban dibujados y en sus colores, as\u00ed que llev\u00e9 eso al vestuario de Joel Fry y Paul Walter Hauser<\/em>\u00ab, se\u00f1ala la dise\u00f1adora, y agrega, \u00ab<em>Por otra parte, en cuanto a <strong>Cruella<\/strong>, me asegur\u00e9 de que fuera cre\u00edble que ella eventualmente lucir\u00eda como el personaje en la interpretaci\u00f3n de Glenn Close de 1996<\/em>\u00ab.<\/p><\/blockquote>\n\n\n\n<div class=\"wp-block-image coblocks-animate\"><figure class=\"aligncenter size-large is-resized\"><a href=\"https:\/\/i0.wp.com\/zeromagazinemx.wpcomstaging.com\/wp-content\/uploads\/2022\/02\/8b288-boceto.png?ssl=1\"><img data-recalc-dims=\"1\" decoding=\"async\" src=\"https:\/\/i0.wp.com\/zeromagazinemx.wpcomstaging.com\/wp-content\/uploads\/2022\/02\/8b288-boceto.png?resize=420%2C632&#038;ssl=1\" alt=\"\" class=\"wp-image-46582\" width=\"420\" height=\"632\" \/><\/a><\/figure><\/div>\n\n\n\n\n\n<div style=\"height:15px;\" aria-hidden=\"true\" class=\"wp-block-spacer\"><\/div>\n\n\n\n<p>Una de las prendas m\u00e1s memorables de la pel\u00edcula es el vestido que luce <strong>Cruella <\/strong>cuando desciende el auto y hace una entrada espectacular al baile Blanco y Negro, un vestido con una falda hecha de 5060 p\u00e9talos de organza, cosidos a mano\u00a0por un equipo de costureros.<\/p>\n\n\n\n<blockquote class=\"wp-block-quote is-layout-flow wp-block-quote-is-layout-flow\"><p>\u00ab<em>Este vestido deb\u00eda ser lo suficientemente pesado para que <strong>Emma <\/strong>hiciera giros con \u00e9l, pero al mismo tiempo lo suficientemente liviano para que pudiera descender del auto y moverse. Fue un desaf\u00edo<\/em>\u00ab, revela <strong>Jenny<\/strong>.<\/p><\/blockquote>\n\n\n\n<div class=\"wp-block-image coblocks-animate\"><figure class=\"aligncenter size-large\"><a href=\"https:\/\/i0.wp.com\/zeromagazinemx.wpcomstaging.com\/wp-content\/uploads\/2022\/02\/968a0-5060-petalos.png?ssl=1\"><img data-recalc-dims=\"1\" decoding=\"async\" src=\"https:\/\/i0.wp.com\/zeromagazinemx.wpcomstaging.com\/wp-content\/uploads\/2022\/02\/968a0-5060-petalos.png?w=1165&#038;ssl=1\" alt=\"\" class=\"wp-image-46579\" \/><\/a><\/figure><\/div>\n\n\n\n<div style=\"height:15px;\" aria-hidden=\"true\" class=\"wp-block-spacer\"><\/div>\n\n\n\n<p>El equipo de dise\u00f1o de vestuario se enfrent\u00f3 al desaf\u00eda de desarrollar el vestuario para tres bailes de gala, el baile del siglo XVII, el baile Blanco y Negro y el baile de beneficencia de estilo vikingo.<\/p>\n\n\n\n<blockquote class=\"wp-block-quote is-layout-flow wp-block-quote-is-layout-flow\"><p>\u00ab<em>El baile del siglo XVII tiene claras influencias del estilo de Mar\u00eda Antonieta, pero con una mirada de los a\u00f1os 70. Los invitados, entonces, llevan accesorios, maquillaje y peinados de esa \u00e9poca\u00bb,<\/em> se\u00f1ala <strong>Jenny<\/strong>.<\/p><\/blockquote>\n\n\n\n<div style=\"height:15px;\" aria-hidden=\"true\" class=\"wp-block-spacer\"><\/div>\n\n\n\n<p class=\"has-text-align-center\"><em>Ve m\u00e1s de estos incre\u00edbles dise\u00f1os en <strong>CRUELLA <\/strong>a trav\u00e9s de <strong>Disney+<\/strong><\/em><\/p>\n\n\n\n<div style=\"height:15px;\" aria-hidden=\"true\" class=\"wp-block-spacer\"><\/div>\n\n\n<!--themify_builder_content-->\n<div id=\"themify_builder_content-46575\" data-postid=\"46575\" class=\"themify_builder_content themify_builder_content-46575 themify_builder tf_clear\">\n    <\/div>\n<!--\/themify_builder_content-->\n","protected":false},"excerpt":{"rendered":"<p>CRUELLA la nueva pel\u00edcula de acci\u00f3n real de Disney nos transporta al coraz\u00f3n de Londres en la d\u00e9cada de los 70\u00b4s present\u00e1ndonos a Cruella de Vil, la icono de la moda en la pantalla. Pero \u00bfQui\u00e9n est\u00e1 detr\u00e1s de esos majestuosos trajes? Jenny Beavan es una reconocida dise\u00f1adora de vestuario, ganadora de dos Premios Oscar [&hellip;]<\/p>\n","protected":false},"author":2,"featured_media":35970,"comment_status":"open","ping_status":"open","sticky":false,"template":"","format":"standard","meta":{"_jetpack_memberships_contains_paid_content":false,"footnotes":"","jetpack_publicize_message":"Jenny Beavan fue la encargada de ser la Dise\u00f1adora de Vestuario de la reciente pel\u00edcula Cruella (Disney+) y estos fueron los retos que enfrent\u00f3 junto con todo el equipo.","jetpack_publicize_feature_enabled":true,"jetpack_social_post_already_shared":true,"jetpack_social_options":{"image_generator_settings":{"template":"highway","default_image_id":0,"font":"","enabled":false},"version":2}},"categories":[109,117,67],"tags":[108,110,111,112,113,114,115,116,118,119,120,121,69,123,124],"class_list":["post-46575","post","type-post","status-publish","format-standard","has-post-thumbnail","hentry","category-cine","category-entretenimiento","category-moda","tag-101-dalmatas","tag-cruella","tag-cruella-de-vil","tag-disenadora","tag-disney-plus","tag-emma-stone","tag-emma-thompson","tag-entretenimiento","tag-jenny-beavan","tag-john-galiano","tag-moda","tag-pelicula","tag-premios-oscar","tag-vestuario","tag-vivienne-westwood","has-post-title","has-post-date","has-post-category","has-post-tag","has-post-comment","has-post-author",""],"yoast_head":"<!-- This site is optimized with the Yoast SEO plugin v27.5 - https:\/\/yoast.com\/product\/yoast-seo-wordpress\/ -->\n<title>Jenny Beavan, la dise\u00f1adora detr\u00e1s del vestuario de CRUELLA - Zero Magazine<\/title>\n<meta name=\"robots\" content=\"index, follow, max-snippet:-1, max-image-preview:large, max-video-preview:-1\" \/>\n<link rel=\"canonical\" href=\"https:\/\/zeromagazine.mx\/index.php\/2021\/06\/01\/jenny-beavan-la-disenadora-detras-del-vestuario-de-cruella\/\" \/>\n<meta property=\"og:locale\" content=\"es_ES\" \/>\n<meta property=\"og:type\" content=\"article\" \/>\n<meta property=\"og:title\" content=\"Jenny Beavan, la dise\u00f1adora detr\u00e1s del vestuario de CRUELLA - Zero Magazine\" \/>\n<meta property=\"og:description\" content=\"CRUELLA la nueva pel\u00edcula de acci\u00f3n real de Disney nos transporta al coraz\u00f3n de Londres en la d\u00e9cada de los 70\u00b4s present\u00e1ndonos a Cruella de Vil, la icono de la moda en la pantalla. Pero \u00bfQui\u00e9n est\u00e1 detr\u00e1s de esos majestuosos trajes? Jenny Beavan es una reconocida dise\u00f1adora de vestuario, ganadora de dos Premios Oscar [&hellip;]\" \/>\n<meta property=\"og:url\" content=\"https:\/\/zeromagazine.mx\/index.php\/2021\/06\/01\/jenny-beavan-la-disenadora-detras-del-vestuario-de-cruella\/\" \/>\n<meta property=\"og:site_name\" content=\"Zero Magazine\" \/>\n<meta property=\"article:published_time\" content=\"2021-06-01T20:00:00+00:00\" \/>\n<meta name=\"author\" content=\"zeromagazinemx\" \/>\n<meta name=\"twitter:card\" content=\"summary_large_image\" \/>\n<meta name=\"twitter:label1\" content=\"Escrito por\" \/>\n\t<meta name=\"twitter:data1\" content=\"zeromagazinemx\" \/>\n\t<meta name=\"twitter:label2\" content=\"Tiempo de lectura\" \/>\n\t<meta name=\"twitter:data2\" content=\"3 minutos\" \/>\n<script type=\"application\/ld+json\" class=\"yoast-schema-graph\">{\"@context\":\"https:\\\/\\\/schema.org\",\"@graph\":[{\"@type\":\"Article\",\"@id\":\"https:\\\/\\\/zeromagazine.mx\\\/index.php\\\/2021\\\/06\\\/01\\\/jenny-beavan-la-disenadora-detras-del-vestuario-de-cruella\\\/#article\",\"isPartOf\":{\"@id\":\"https:\\\/\\\/zeromagazine.mx\\\/index.php\\\/2021\\\/06\\\/01\\\/jenny-beavan-la-disenadora-detras-del-vestuario-de-cruella\\\/\"},\"author\":{\"name\":\"zeromagazinemx\",\"@id\":\"https:\\\/\\\/zeromagazine.mx\\\/#\\\/schema\\\/person\\\/9aed9f33a7c39af3a348b86d723f7773\"},\"headline\":\"Jenny Beavan, la dise\u00f1adora detr\u00e1s del vestuario de CRUELLA\",\"datePublished\":\"2021-06-01T20:00:00+00:00\",\"mainEntityOfPage\":{\"@id\":\"https:\\\/\\\/zeromagazine.mx\\\/index.php\\\/2021\\\/06\\\/01\\\/jenny-beavan-la-disenadora-detras-del-vestuario-de-cruella\\\/\"},\"wordCount\":605,\"commentCount\":0,\"publisher\":{\"@id\":\"https:\\\/\\\/zeromagazine.mx\\\/#organization\"},\"image\":{\"@id\":\"https:\\\/\\\/zeromagazine.mx\\\/index.php\\\/2021\\\/06\\\/01\\\/jenny-beavan-la-disenadora-detras-del-vestuario-de-cruella\\\/#primaryimage\"},\"thumbnailUrl\":\"\",\"keywords\":[\"101 D\u00e1lmatas\",\"Cruella\",\"Cruella de Vil\",\"Dise\u00f1adora\",\"Disney Plus\",\"Emma stone\",\"Emma Thompson\",\"Entretenimiento\",\"Jenny Beavan\",\"John Galiano\",\"Moda\",\"Pel\u00edcula\",\"Premios Oscar\",\"Vestuario\",\"Vivienne Westwood\"],\"articleSection\":[\"Cine\",\"Entretenimiento\",\"Moda\"],\"inLanguage\":\"es\",\"potentialAction\":[{\"@type\":\"CommentAction\",\"name\":\"Comment\",\"target\":[\"https:\\\/\\\/zeromagazine.mx\\\/index.php\\\/2021\\\/06\\\/01\\\/jenny-beavan-la-disenadora-detras-del-vestuario-de-cruella\\\/#respond\"]}]},{\"@type\":\"WebPage\",\"@id\":\"https:\\\/\\\/zeromagazine.mx\\\/index.php\\\/2021\\\/06\\\/01\\\/jenny-beavan-la-disenadora-detras-del-vestuario-de-cruella\\\/\",\"url\":\"https:\\\/\\\/zeromagazine.mx\\\/index.php\\\/2021\\\/06\\\/01\\\/jenny-beavan-la-disenadora-detras-del-vestuario-de-cruella\\\/\",\"name\":\"Jenny Beavan, la dise\u00f1adora detr\u00e1s del vestuario de CRUELLA - Zero Magazine\",\"isPartOf\":{\"@id\":\"https:\\\/\\\/zeromagazine.mx\\\/#website\"},\"primaryImageOfPage\":{\"@id\":\"https:\\\/\\\/zeromagazine.mx\\\/index.php\\\/2021\\\/06\\\/01\\\/jenny-beavan-la-disenadora-detras-del-vestuario-de-cruella\\\/#primaryimage\"},\"image\":{\"@id\":\"https:\\\/\\\/zeromagazine.mx\\\/index.php\\\/2021\\\/06\\\/01\\\/jenny-beavan-la-disenadora-detras-del-vestuario-de-cruella\\\/#primaryimage\"},\"thumbnailUrl\":\"\",\"datePublished\":\"2021-06-01T20:00:00+00:00\",\"breadcrumb\":{\"@id\":\"https:\\\/\\\/zeromagazine.mx\\\/index.php\\\/2021\\\/06\\\/01\\\/jenny-beavan-la-disenadora-detras-del-vestuario-de-cruella\\\/#breadcrumb\"},\"inLanguage\":\"es\",\"potentialAction\":[{\"@type\":\"ReadAction\",\"target\":[\"https:\\\/\\\/zeromagazine.mx\\\/index.php\\\/2021\\\/06\\\/01\\\/jenny-beavan-la-disenadora-detras-del-vestuario-de-cruella\\\/\"]}]},{\"@type\":\"ImageObject\",\"inLanguage\":\"es\",\"@id\":\"https:\\\/\\\/zeromagazine.mx\\\/index.php\\\/2021\\\/06\\\/01\\\/jenny-beavan-la-disenadora-detras-del-vestuario-de-cruella\\\/#primaryimage\",\"url\":\"\",\"contentUrl\":\"\"},{\"@type\":\"BreadcrumbList\",\"@id\":\"https:\\\/\\\/zeromagazine.mx\\\/index.php\\\/2021\\\/06\\\/01\\\/jenny-beavan-la-disenadora-detras-del-vestuario-de-cruella\\\/#breadcrumb\",\"itemListElement\":[{\"@type\":\"ListItem\",\"position\":1,\"name\":\"Portada\",\"item\":\"https:\\\/\\\/zeromagazine.mx\\\/\"},{\"@type\":\"ListItem\",\"position\":2,\"name\":\"Jenny Beavan, la dise\u00f1adora detr\u00e1s del vestuario de CRUELLA\"}]},{\"@type\":\"WebSite\",\"@id\":\"https:\\\/\\\/zeromagazine.mx\\\/#website\",\"url\":\"https:\\\/\\\/zeromagazine.mx\\\/\",\"name\":\"Zero Magazine\",\"description\":\"\",\"publisher\":{\"@id\":\"https:\\\/\\\/zeromagazine.mx\\\/#organization\"},\"potentialAction\":[{\"@type\":\"SearchAction\",\"target\":{\"@type\":\"EntryPoint\",\"urlTemplate\":\"https:\\\/\\\/zeromagazine.mx\\\/?s={search_term_string}\"},\"query-input\":{\"@type\":\"PropertyValueSpecification\",\"valueRequired\":true,\"valueName\":\"search_term_string\"}}],\"inLanguage\":\"es\"},{\"@type\":\"Organization\",\"@id\":\"https:\\\/\\\/zeromagazine.mx\\\/#organization\",\"name\":\"Zero Magazine\",\"url\":\"https:\\\/\\\/zeromagazine.mx\\\/\",\"logo\":{\"@type\":\"ImageObject\",\"inLanguage\":\"es\",\"@id\":\"https:\\\/\\\/zeromagazine.mx\\\/#\\\/schema\\\/logo\\\/image\\\/\",\"url\":\"https:\\\/\\\/i0.wp.com\\\/zeromagazine.mx\\\/wp-content\\\/uploads\\\/2025\\\/11\\\/1.jpeg?fit=1000%2C1000&ssl=1\",\"contentUrl\":\"https:\\\/\\\/i0.wp.com\\\/zeromagazine.mx\\\/wp-content\\\/uploads\\\/2025\\\/11\\\/1.jpeg?fit=1000%2C1000&ssl=1\",\"width\":1000,\"height\":1000,\"caption\":\"Zero Magazine\"},\"image\":{\"@id\":\"https:\\\/\\\/zeromagazine.mx\\\/#\\\/schema\\\/logo\\\/image\\\/\"},\"sameAs\":[\"https:\\\/\\\/instagram.com\\\/zeromagazinemx\"]},{\"@type\":\"Person\",\"@id\":\"https:\\\/\\\/zeromagazine.mx\\\/#\\\/schema\\\/person\\\/9aed9f33a7c39af3a348b86d723f7773\",\"name\":\"zeromagazinemx\",\"image\":{\"@type\":\"ImageObject\",\"inLanguage\":\"es\",\"@id\":\"https:\\\/\\\/zeromagazine.mx\\\/wp-content\\\/litespeed\\\/avatar\\\/f91dfe5410d5dcb1a576bf8c45983896.jpg?ver=1776966396\",\"url\":\"https:\\\/\\\/zeromagazine.mx\\\/wp-content\\\/litespeed\\\/avatar\\\/f91dfe5410d5dcb1a576bf8c45983896.jpg?ver=1776966396\",\"contentUrl\":\"https:\\\/\\\/zeromagazine.mx\\\/wp-content\\\/litespeed\\\/avatar\\\/f91dfe5410d5dcb1a576bf8c45983896.jpg?ver=1776966396\",\"caption\":\"zeromagazinemx\"},\"url\":\"https:\\\/\\\/zeromagazine.mx\\\/index.php\\\/author\\\/zeromagazinemx\\\/\"}]}<\/script>\n<!-- \/ Yoast SEO plugin. -->","yoast_head_json":{"title":"Jenny Beavan, la dise\u00f1adora detr\u00e1s del vestuario de CRUELLA - Zero Magazine","robots":{"index":"index","follow":"follow","max-snippet":"max-snippet:-1","max-image-preview":"max-image-preview:large","max-video-preview":"max-video-preview:-1"},"canonical":"https:\/\/zeromagazine.mx\/index.php\/2021\/06\/01\/jenny-beavan-la-disenadora-detras-del-vestuario-de-cruella\/","og_locale":"es_ES","og_type":"article","og_title":"Jenny Beavan, la dise\u00f1adora detr\u00e1s del vestuario de CRUELLA - Zero Magazine","og_description":"CRUELLA la nueva pel\u00edcula de acci\u00f3n real de Disney nos transporta al coraz\u00f3n de Londres en la d\u00e9cada de los 70\u00b4s present\u00e1ndonos a Cruella de Vil, la icono de la moda en la pantalla. Pero \u00bfQui\u00e9n est\u00e1 detr\u00e1s de esos majestuosos trajes? Jenny Beavan es una reconocida dise\u00f1adora de vestuario, ganadora de dos Premios Oscar [&hellip;]","og_url":"https:\/\/zeromagazine.mx\/index.php\/2021\/06\/01\/jenny-beavan-la-disenadora-detras-del-vestuario-de-cruella\/","og_site_name":"Zero Magazine","article_published_time":"2021-06-01T20:00:00+00:00","author":"zeromagazinemx","twitter_card":"summary_large_image","twitter_misc":{"Escrito por":"zeromagazinemx","Tiempo de lectura":"3 minutos"},"schema":{"@context":"https:\/\/schema.org","@graph":[{"@type":"Article","@id":"https:\/\/zeromagazine.mx\/index.php\/2021\/06\/01\/jenny-beavan-la-disenadora-detras-del-vestuario-de-cruella\/#article","isPartOf":{"@id":"https:\/\/zeromagazine.mx\/index.php\/2021\/06\/01\/jenny-beavan-la-disenadora-detras-del-vestuario-de-cruella\/"},"author":{"name":"zeromagazinemx","@id":"https:\/\/zeromagazine.mx\/#\/schema\/person\/9aed9f33a7c39af3a348b86d723f7773"},"headline":"Jenny Beavan, la dise\u00f1adora detr\u00e1s del vestuario de CRUELLA","datePublished":"2021-06-01T20:00:00+00:00","mainEntityOfPage":{"@id":"https:\/\/zeromagazine.mx\/index.php\/2021\/06\/01\/jenny-beavan-la-disenadora-detras-del-vestuario-de-cruella\/"},"wordCount":605,"commentCount":0,"publisher":{"@id":"https:\/\/zeromagazine.mx\/#organization"},"image":{"@id":"https:\/\/zeromagazine.mx\/index.php\/2021\/06\/01\/jenny-beavan-la-disenadora-detras-del-vestuario-de-cruella\/#primaryimage"},"thumbnailUrl":"","keywords":["101 D\u00e1lmatas","Cruella","Cruella de Vil","Dise\u00f1adora","Disney Plus","Emma stone","Emma Thompson","Entretenimiento","Jenny Beavan","John Galiano","Moda","Pel\u00edcula","Premios Oscar","Vestuario","Vivienne Westwood"],"articleSection":["Cine","Entretenimiento","Moda"],"inLanguage":"es","potentialAction":[{"@type":"CommentAction","name":"Comment","target":["https:\/\/zeromagazine.mx\/index.php\/2021\/06\/01\/jenny-beavan-la-disenadora-detras-del-vestuario-de-cruella\/#respond"]}]},{"@type":"WebPage","@id":"https:\/\/zeromagazine.mx\/index.php\/2021\/06\/01\/jenny-beavan-la-disenadora-detras-del-vestuario-de-cruella\/","url":"https:\/\/zeromagazine.mx\/index.php\/2021\/06\/01\/jenny-beavan-la-disenadora-detras-del-vestuario-de-cruella\/","name":"Jenny Beavan, la dise\u00f1adora detr\u00e1s del vestuario de CRUELLA - Zero Magazine","isPartOf":{"@id":"https:\/\/zeromagazine.mx\/#website"},"primaryImageOfPage":{"@id":"https:\/\/zeromagazine.mx\/index.php\/2021\/06\/01\/jenny-beavan-la-disenadora-detras-del-vestuario-de-cruella\/#primaryimage"},"image":{"@id":"https:\/\/zeromagazine.mx\/index.php\/2021\/06\/01\/jenny-beavan-la-disenadora-detras-del-vestuario-de-cruella\/#primaryimage"},"thumbnailUrl":"","datePublished":"2021-06-01T20:00:00+00:00","breadcrumb":{"@id":"https:\/\/zeromagazine.mx\/index.php\/2021\/06\/01\/jenny-beavan-la-disenadora-detras-del-vestuario-de-cruella\/#breadcrumb"},"inLanguage":"es","potentialAction":[{"@type":"ReadAction","target":["https:\/\/zeromagazine.mx\/index.php\/2021\/06\/01\/jenny-beavan-la-disenadora-detras-del-vestuario-de-cruella\/"]}]},{"@type":"ImageObject","inLanguage":"es","@id":"https:\/\/zeromagazine.mx\/index.php\/2021\/06\/01\/jenny-beavan-la-disenadora-detras-del-vestuario-de-cruella\/#primaryimage","url":"","contentUrl":""},{"@type":"BreadcrumbList","@id":"https:\/\/zeromagazine.mx\/index.php\/2021\/06\/01\/jenny-beavan-la-disenadora-detras-del-vestuario-de-cruella\/#breadcrumb","itemListElement":[{"@type":"ListItem","position":1,"name":"Portada","item":"https:\/\/zeromagazine.mx\/"},{"@type":"ListItem","position":2,"name":"Jenny Beavan, la dise\u00f1adora detr\u00e1s del vestuario de CRUELLA"}]},{"@type":"WebSite","@id":"https:\/\/zeromagazine.mx\/#website","url":"https:\/\/zeromagazine.mx\/","name":"Zero Magazine","description":"","publisher":{"@id":"https:\/\/zeromagazine.mx\/#organization"},"potentialAction":[{"@type":"SearchAction","target":{"@type":"EntryPoint","urlTemplate":"https:\/\/zeromagazine.mx\/?s={search_term_string}"},"query-input":{"@type":"PropertyValueSpecification","valueRequired":true,"valueName":"search_term_string"}}],"inLanguage":"es"},{"@type":"Organization","@id":"https:\/\/zeromagazine.mx\/#organization","name":"Zero Magazine","url":"https:\/\/zeromagazine.mx\/","logo":{"@type":"ImageObject","inLanguage":"es","@id":"https:\/\/zeromagazine.mx\/#\/schema\/logo\/image\/","url":"https:\/\/i0.wp.com\/zeromagazine.mx\/wp-content\/uploads\/2025\/11\/1.jpeg?fit=1000%2C1000&ssl=1","contentUrl":"https:\/\/i0.wp.com\/zeromagazine.mx\/wp-content\/uploads\/2025\/11\/1.jpeg?fit=1000%2C1000&ssl=1","width":1000,"height":1000,"caption":"Zero Magazine"},"image":{"@id":"https:\/\/zeromagazine.mx\/#\/schema\/logo\/image\/"},"sameAs":["https:\/\/instagram.com\/zeromagazinemx"]},{"@type":"Person","@id":"https:\/\/zeromagazine.mx\/#\/schema\/person\/9aed9f33a7c39af3a348b86d723f7773","name":"zeromagazinemx","image":{"@type":"ImageObject","inLanguage":"es","@id":"https:\/\/zeromagazine.mx\/wp-content\/litespeed\/avatar\/f91dfe5410d5dcb1a576bf8c45983896.jpg?ver=1776966396","url":"https:\/\/zeromagazine.mx\/wp-content\/litespeed\/avatar\/f91dfe5410d5dcb1a576bf8c45983896.jpg?ver=1776966396","contentUrl":"https:\/\/zeromagazine.mx\/wp-content\/litespeed\/avatar\/f91dfe5410d5dcb1a576bf8c45983896.jpg?ver=1776966396","caption":"zeromagazinemx"},"url":"https:\/\/zeromagazine.mx\/index.php\/author\/zeromagazinemx\/"}]}},"jetpack_publicize_connections":[],"jetpack_featured_media_url":"","jetpack-related-posts":[{"id":51234,"url":"https:\/\/zeromagazine.mx\/index.php\/2021\/07\/31\/daniel-espinosa-poniendo-en-alto-el-nombre-de-mexico\/","url_meta":{"origin":46575,"position":0},"title":"Daniel Espinosa poniendo en alto el nombre de M\u00e9xico","author":"zeromagazinemx","date":"31 de julio de 2021","format":false,"excerpt":"Jeanny Beavan la stylist de la pel\u00edcula Cruella utiliz\u00f3 los dise\u00f1os de Daniel Espinosa en uno de los looks de la villana m\u00e1s elegante y sofisticada de la pel\u00edcula. Por Mayra Torres La colecci\u00f3n Mexican Geometry de Daniel Espinosa fue parte de la pel\u00edcula Cruella, en donde el estilo y\u2026","rel":"","context":"En \u00abDise\u00f1o\u00bb","block_context":{"text":"Dise\u00f1o","link":"https:\/\/zeromagazine.mx\/index.php\/category\/diseno\/"},"img":{"alt_text":"","src":"","width":0,"height":0},"classes":[]},{"id":86256,"url":"https:\/\/zeromagazine.mx\/index.php\/2024\/10\/10\/vibra-spooky-con-pandora-villains\/","url_meta":{"origin":46575,"position":1},"title":"\u00abVibra Spooky con Pandora Villains\u00bb","author":"zeromagazinemx","date":"10 de octubre de 2024","format":false,"excerpt":"Halloween is coming y si est\u00e1s buscando ways to level up tus vibes, Pandora has you covered with su nueva colecci\u00f3n Disney Villains. Let's be real, Halloween is that time of year donde puedes ser quien quieras, y las villanas de Disney son la inspiraci\u00f3n perfecta para sacar ese lado\u2026","rel":"","context":"En \u00abModa\u00bb","block_context":{"text":"Moda","link":"https:\/\/zeromagazine.mx\/index.php\/category\/moda\/"},"img":{"alt_text":"","src":"https:\/\/i0.wp.com\/zeromagazine.mx\/wp-content\/uploads\/2024\/10\/793423C01_RGB.jpg?fit=1200%2C1200&ssl=1&resize=350%2C200","width":350,"height":200,"srcset":"https:\/\/i0.wp.com\/zeromagazine.mx\/wp-content\/uploads\/2024\/10\/793423C01_RGB.jpg?fit=1200%2C1200&ssl=1&resize=350%2C200 1x, https:\/\/i0.wp.com\/zeromagazine.mx\/wp-content\/uploads\/2024\/10\/793423C01_RGB.jpg?fit=1200%2C1200&ssl=1&resize=525%2C300 1.5x, https:\/\/i0.wp.com\/zeromagazine.mx\/wp-content\/uploads\/2024\/10\/793423C01_RGB.jpg?fit=1200%2C1200&ssl=1&resize=700%2C400 2x, https:\/\/i0.wp.com\/zeromagazine.mx\/wp-content\/uploads\/2024\/10\/793423C01_RGB.jpg?fit=1200%2C1200&ssl=1&resize=1050%2C600 3x"},"classes":[]},{"id":86966,"url":"https:\/\/zeromagazine.mx\/index.php\/2024\/10\/16\/w-capsule-la-coleccion-de-las-villanas-de-disney-para-halloween\/","url_meta":{"origin":46575,"position":2},"title":"W Capsule: La colecci\u00f3n de las villanas de Disney para Halloween","author":"David Morales","date":"16 de octubre de 2024","format":false,"excerpt":"Amix, si aman Halloween tanto como yo, esto les va a encantar. W Capsule acaba de lanzar una colecci\u00f3n especial y limitada, justo a tiempo para la spooky season, y est\u00e1 inspirada en las villanas m\u00e1s ic\u00f3nicas de Disney. \u00a1S\u00ed, le\u00edste bien! Esta edici\u00f3n incluye tenis, mochilas, bolsas y accesorios\u2026","rel":"","context":"En \u00abModa\u00bb","block_context":{"text":"Moda","link":"https:\/\/zeromagazine.mx\/index.php\/category\/moda\/"},"img":{"alt_text":"","src":"https:\/\/i0.wp.com\/zeromagazine.mx\/wp-content\/uploads\/2024\/10\/IMG_1911.jpeg?fit=623%2C680&ssl=1&resize=350%2C200","width":350,"height":200,"srcset":"https:\/\/i0.wp.com\/zeromagazine.mx\/wp-content\/uploads\/2024\/10\/IMG_1911.jpeg?fit=623%2C680&ssl=1&resize=350%2C200 1x, https:\/\/i0.wp.com\/zeromagazine.mx\/wp-content\/uploads\/2024\/10\/IMG_1911.jpeg?fit=623%2C680&ssl=1&resize=525%2C300 1.5x"},"classes":[]},{"id":51650,"url":"https:\/\/zeromagazine.mx\/index.php\/2021\/08\/05\/jungle-cruise-8-datos-imprescindibles-para-conocer-antes-del-estreno\/","url_meta":{"origin":46575,"position":3},"title":"Jungle Cruise: 8 datos imprescindibles para conocer antes del estreno","author":"zeromagazinemx","date":"5 de agosto de 2021","format":false,"excerpt":"Con el estreno de la nueva pel\u00edcula de Disney \u201cJungle Cruise\u201d en cines y Disney+ a trav\u00e9s de Premier Access te dejamos 8 datos impresionantes que no te puedes perder. Por Moises Kushelevich \u201cJungle Cruise\u201d es la nueva pel\u00edcula de Disney ya disponible en cines y Disney+ trata sobre la\u2026","rel":"","context":"En \u00abCine\u00bb","block_context":{"text":"Cine","link":"https:\/\/zeromagazine.mx\/index.php\/category\/entretenimiento\/cine\/"},"img":{"alt_text":"","src":"","width":0,"height":0},"classes":[]},{"id":94914,"url":"https:\/\/zeromagazine.mx\/index.php\/2025\/01\/16\/brilla-con-hask\/","url_meta":{"origin":46575,"position":4},"title":"Brilla con Hask","author":"zeromagazinemx","date":"16 de enero de 2025","format":false,"excerpt":"Brilla con Hask\u00a0 Brilla con Hask. Sabemos que mantener el cabello en su mejor versi\u00f3n es una misi\u00f3n que no termina nunca. Todos so\u00f1amos con un cabello brillante, saludable y lleno de vida, pero \u00bfsab\u00edas que lograrlo puede ser mucho m\u00e1s f\u00e1cil de lo que piensas? La clave est\u00e1 en\u2026","rel":"","context":"En \u00abBeauty\u00bb","block_context":{"text":"Beauty","link":"https:\/\/zeromagazine.mx\/index.php\/category\/beauty\/"},"img":{"alt_text":"","src":"https:\/\/i0.wp.com\/zeromagazine.mx\/wp-content\/uploads\/2025\/01\/06_HASK_TeaTree_Creative.jpg?fit=1200%2C1200&ssl=1&resize=350%2C200","width":350,"height":200,"srcset":"https:\/\/i0.wp.com\/zeromagazine.mx\/wp-content\/uploads\/2025\/01\/06_HASK_TeaTree_Creative.jpg?fit=1200%2C1200&ssl=1&resize=350%2C200 1x, https:\/\/i0.wp.com\/zeromagazine.mx\/wp-content\/uploads\/2025\/01\/06_HASK_TeaTree_Creative.jpg?fit=1200%2C1200&ssl=1&resize=525%2C300 1.5x, https:\/\/i0.wp.com\/zeromagazine.mx\/wp-content\/uploads\/2025\/01\/06_HASK_TeaTree_Creative.jpg?fit=1200%2C1200&ssl=1&resize=700%2C400 2x, https:\/\/i0.wp.com\/zeromagazine.mx\/wp-content\/uploads\/2025\/01\/06_HASK_TeaTree_Creative.jpg?fit=1200%2C1200&ssl=1&resize=1050%2C600 3x"},"classes":[]},{"id":99883,"url":"https:\/\/zeromagazine.mx\/index.php\/2025\/03\/27\/morir-de-placer-rompe-esquemas\/","url_meta":{"origin":46575,"position":5},"title":"Morir de Placer: Rompe Esquemas","author":"David Morales","date":"27 de marzo de 2025","format":false,"excerpt":"Amix, si est\u00e1s buscando una serie que te saque de lo com\u00fan y te haga cuestionarte la vida, tienes que ver \"Morir de placer\". Esta nueva miniserie de FX llega exclusivamente a Disney+ en Latinoam\u00e9rica el pr\u00f3ximo 4 de abril, y cr\u00e9eme, va a dar mucho de qu\u00e9 hablar. La\u2026","rel":"","context":"En \u00abEntretenimiento\u00bb","block_context":{"text":"Entretenimiento","link":"https:\/\/zeromagazine.mx\/index.php\/category\/entretenimiento\/"},"img":{"alt_text":"","src":"https:\/\/i0.wp.com\/zeromagazine.mx\/wp-content\/uploads\/2025\/03\/Captura-de-pantalla-2025-03-27-163758.png?fit=1061%2C715&ssl=1&resize=350%2C200","width":350,"height":200,"srcset":"https:\/\/i0.wp.com\/zeromagazine.mx\/wp-content\/uploads\/2025\/03\/Captura-de-pantalla-2025-03-27-163758.png?fit=1061%2C715&ssl=1&resize=350%2C200 1x, https:\/\/i0.wp.com\/zeromagazine.mx\/wp-content\/uploads\/2025\/03\/Captura-de-pantalla-2025-03-27-163758.png?fit=1061%2C715&ssl=1&resize=525%2C300 1.5x, https:\/\/i0.wp.com\/zeromagazine.mx\/wp-content\/uploads\/2025\/03\/Captura-de-pantalla-2025-03-27-163758.png?fit=1061%2C715&ssl=1&resize=700%2C400 2x, https:\/\/i0.wp.com\/zeromagazine.mx\/wp-content\/uploads\/2025\/03\/Captura-de-pantalla-2025-03-27-163758.png?fit=1061%2C715&ssl=1&resize=1050%2C600 3x"},"classes":[]}],"jetpack_sharing_enabled":true,"builder_content":"","_links":{"self":[{"href":"https:\/\/zeromagazine.mx\/index.php\/wp-json\/wp\/v2\/posts\/46575","targetHints":{"allow":["GET"]}}],"collection":[{"href":"https:\/\/zeromagazine.mx\/index.php\/wp-json\/wp\/v2\/posts"}],"about":[{"href":"https:\/\/zeromagazine.mx\/index.php\/wp-json\/wp\/v2\/types\/post"}],"author":[{"embeddable":true,"href":"https:\/\/zeromagazine.mx\/index.php\/wp-json\/wp\/v2\/users\/2"}],"replies":[{"embeddable":true,"href":"https:\/\/zeromagazine.mx\/index.php\/wp-json\/wp\/v2\/comments?post=46575"}],"version-history":[{"count":0,"href":"https:\/\/zeromagazine.mx\/index.php\/wp-json\/wp\/v2\/posts\/46575\/revisions"}],"wp:featuredmedia":[{"embeddable":true,"href":"https:\/\/zeromagazine.mx\/index.php\/wp-json\/"}],"wp:attachment":[{"href":"https:\/\/zeromagazine.mx\/index.php\/wp-json\/wp\/v2\/media?parent=46575"}],"wp:term":[{"taxonomy":"category","embeddable":true,"href":"https:\/\/zeromagazine.mx\/index.php\/wp-json\/wp\/v2\/categories?post=46575"},{"taxonomy":"post_tag","embeddable":true,"href":"https:\/\/zeromagazine.mx\/index.php\/wp-json\/wp\/v2\/tags?post=46575"}],"curies":[{"name":"wp","href":"https:\/\/api.w.org\/{rel}","templated":true}]}}