{"id":46589,"date":"2021-06-01T16:00:00","date_gmt":"2021-06-01T21:00:00","guid":{"rendered":"https:\/\/atomic-temporary-84115225.wpcomstaging.com\/?p=46589"},"modified":"2021-06-01T16:00:00","modified_gmt":"2021-06-01T21:00:00","slug":"vans-y-tony-delfino-lanzan-su-primera-colaboracion","status":"publish","type":"post","link":"https:\/\/zeromagazine.mx\/index.php\/2021\/06\/01\/vans-y-tony-delfino-lanzan-su-primera-colaboracion\/","title":{"rendered":"Vans y Tony Delfino lanzan su primera colaboraci\u00f3n"},"content":{"rendered":"\n<p><strong>Vans <\/strong>anunci\u00f3 su primera colaboraci\u00f3n con la marca mexicana de <em>streetwear, <\/em><strong>Tony Delfino<\/strong> en la que presenta 3 dise\u00f1os que buscan reflejar el <em>Street culture<\/em> mediante colores y sabores presentes en la vida diaria.<\/p>\n\n\n\n<div class=\"wp-block-buttons is-layout-flex wp-block-buttons-is-layout-flex\">\n<div class=\"wp-block-button is-style-outline is-style-outline--1\"><a class=\"wp-block-button__link\">por Moises Kushelevich<\/a><\/div>\n<\/div>\n\n\n\n<p><\/p>\n\n\n\n<p><strong>Off The Wall<\/strong> en su constante b\u00fasqueda por llevar m\u00e1s all\u00e1 la expresi\u00f3n creativa y sus dise\u00f1os llamativos hacen el aliado ideal cuando se busca representar cultura y movimientos. La nueva colecci\u00f3n de calzado<strong><em> Vans X Tony Delfino<\/em><\/strong> representa los postres que vemos y que compramos en las calles m\u00e1s transitadas de la <em>Ciudad de M\u00e9xico<\/em>.<\/p>\n\n\n\n<p>El modelo <strong><em>Signature TD Vault SH8 HI LX<\/em><\/strong>, en color negro con diferentes texturas, incluye los colores que inspiran a <strong>Tony Delfino<\/strong>: morado jacarandas, naranja mangos con chile, el rojo ne\u00f3n de su\u00a0primera tienda y el turquesa de su mascota <strong><em>Dolphin Boy<\/em><\/strong>.\u00a0<\/p>\n\n\n\n<div class=\"wp-block-jetpack-slideshow aligncenter\" data-effect=\"slide\"><div class=\"wp-block-jetpack-slideshow_container swiper-container\"><ul class=\"wp-block-jetpack-slideshow_swiper-wrapper swiper-wrapper\"><li class=\"wp-block-jetpack-slideshow_slide swiper-slide\"><figure><img data-recalc-dims=\"1\" decoding=\"async\" alt=\"\" class=\"wp-block-jetpack-slideshow_image wp-image-46601\" data-id=\"46601\" src=\"https:\/\/i0.wp.com\/zeromagazinemx.wpcomstaging.com\/wp-content\/uploads\/2022\/02\/43bd5-unnamed-5.png?w=1165&#038;ssl=1\" \/><\/figure><\/li><\/ul><a class=\"wp-block-jetpack-slideshow_button-prev swiper-button-prev swiper-button-white\" role=\"button\"><\/a><a class=\"wp-block-jetpack-slideshow_button-next swiper-button-next swiper-button-white\" role=\"button\"><\/a><a aria-label=\"Pause Slideshow\" class=\"wp-block-jetpack-slideshow_button-pause\" role=\"button\"><\/a><div class=\"wp-block-jetpack-slideshow_pagination swiper-pagination swiper-pagination-white\"><\/div><\/div><\/div>\n\n\n\n\n\n<div style=\"height:15px;\" aria-hidden=\"true\" class=\"wp-block-spacer\"><\/div>\n\n\n\n<p>El modelo <strong><em>Old SkoolLX<\/em><\/strong> fresas con crema junta la inspiraci\u00f3n callejera con tu postre favorito. En colores como rosa fresas con crema, rosa popurr\u00ed y amarillo flan, estos <strong>Vans <\/strong>van a ser lo m\u00e1s original de tu closet. El waffle y la plantilla con impresi\u00f3n de nueces y fresas completan los elementos del postre.<\/p>\n\n\n\n<div class=\"wp-block-jetpack-slideshow aligncenter\" data-effect=\"slide\"><div class=\"wp-block-jetpack-slideshow_container swiper-container\"><ul class=\"wp-block-jetpack-slideshow_swiper-wrapper swiper-wrapper\"><li class=\"wp-block-jetpack-slideshow_slide swiper-slide\"><figure><img data-recalc-dims=\"1\" decoding=\"async\" alt=\"\" class=\"wp-block-jetpack-slideshow_image wp-image-46594\" data-id=\"46594\" src=\"https:\/\/i0.wp.com\/zeromagazinemx.wpcomstaging.com\/wp-content\/uploads\/2022\/02\/e839a-unnamed-3.png?w=1165&#038;ssl=1\" \/><\/figure><\/li><li class=\"wp-block-jetpack-slideshow_slide swiper-slide\"><figure><img data-recalc-dims=\"1\" decoding=\"async\" alt=\"\" class=\"wp-block-jetpack-slideshow_image wp-image-46595\" data-id=\"46595\" src=\"https:\/\/i0.wp.com\/zeromagazinemx.wpcomstaging.com\/wp-content\/uploads\/2022\/02\/04a6d-unnamed-7.png?w=1165&#038;ssl=1\" \/><\/figure><\/li><\/ul><a class=\"wp-block-jetpack-slideshow_button-prev swiper-button-prev swiper-button-white\" role=\"button\"><\/a><a class=\"wp-block-jetpack-slideshow_button-next swiper-button-next swiper-button-white\" role=\"button\"><\/a><a aria-label=\"Pause Slideshow\" class=\"wp-block-jetpack-slideshow_button-pause\" role=\"button\"><\/a><div class=\"wp-block-jetpack-slideshow_pagination swiper-pagination swiper-pagination-white\"><\/div><\/div><\/div>\n\n\n\n<div style=\"height:15px;\" aria-hidden=\"true\" class=\"wp-block-spacer\"><\/div>\n\n\n\n<p>Y el modelo <strong><em>VLT EPOCH LX<\/em><\/strong>, gelatina de mosaico trae toda la est\u00e9tica de las que venden en las cafeter\u00edas, puestitos y cantinas del <em>Centro Hist\u00f3rico<\/em>, hasta con su gelatina de leche de fondo.<\/p>\n\n\n\n<div class=\"wp-block-jetpack-slideshow aligncenter\" data-effect=\"slide\"><div class=\"wp-block-jetpack-slideshow_container swiper-container\"><ul class=\"wp-block-jetpack-slideshow_swiper-wrapper swiper-wrapper\"><li class=\"wp-block-jetpack-slideshow_slide swiper-slide\"><figure><img data-recalc-dims=\"1\" decoding=\"async\" alt=\"\" class=\"wp-block-jetpack-slideshow_image wp-image-46598\" data-id=\"46598\" src=\"https:\/\/i0.wp.com\/zeromagazinemx.wpcomstaging.com\/wp-content\/uploads\/2022\/02\/b2805-unnamed-1.png?w=1165&#038;ssl=1\" \/><\/figure><\/li><li class=\"wp-block-jetpack-slideshow_slide swiper-slide\"><figure><img data-recalc-dims=\"1\" decoding=\"async\" alt=\"\" class=\"wp-block-jetpack-slideshow_image wp-image-46599\" data-id=\"46599\" src=\"https:\/\/i0.wp.com\/zeromagazinemx.wpcomstaging.com\/wp-content\/uploads\/2022\/02\/31ce7-unnamed-2.png?w=1165&#038;ssl=1\" \/><\/figure><\/li><\/ul><a class=\"wp-block-jetpack-slideshow_button-prev swiper-button-prev swiper-button-white\" role=\"button\"><\/a><a class=\"wp-block-jetpack-slideshow_button-next swiper-button-next swiper-button-white\" role=\"button\"><\/a><a aria-label=\"Pause Slideshow\" class=\"wp-block-jetpack-slideshow_button-pause\" role=\"button\"><\/a><div class=\"wp-block-jetpack-slideshow_pagination swiper-pagination swiper-pagination-white\"><\/div><\/div><\/div>\n\n\n\n\n\n<div style=\"height:15px;\" aria-hidden=\"true\" class=\"wp-block-spacer\"><\/div>\n\n\n\n<p class=\"has-text-align-center\"><em>Todos los modelos est\u00e1n hechos para resistir todas las condiciones cambiantes y surreales que s\u00f3lo encuentras en la Ciudad de M\u00e9xico<\/em><\/p>\n\n\n\n<div style=\"height:15px;\" aria-hidden=\"true\" class=\"wp-block-spacer\"><\/div>\n\n\n\n\n\n<p><\/p>\n<!--themify_builder_content-->\n<div id=\"themify_builder_content-46589\" data-postid=\"46589\" class=\"themify_builder_content themify_builder_content-46589 themify_builder tf_clear\">\n    <\/div>\n<!--\/themify_builder_content-->\n","protected":false},"excerpt":{"rendered":"<p>Vans anunci\u00f3 su primera colaboraci\u00f3n con la marca mexicana de streetwear, Tony Delfino en la que presenta 3 dise\u00f1os que buscan reflejar el Street culture mediante colores y sabores presentes en la vida diaria. Off The Wall en su constante b\u00fasqueda por llevar m\u00e1s all\u00e1 la expresi\u00f3n creativa y sus dise\u00f1os llamativos hacen el aliado [&hellip;]<\/p>\n","protected":false},"author":2,"featured_media":46603,"comment_status":"open","ping_status":"open","sticky":false,"template":"","format":"standard","meta":{"_jetpack_memberships_contains_paid_content":false,"footnotes":"","jetpack_publicize_message":"Vans X Tony Delfino | Off The Wall lanza nueva colecci\u00f3n por primera vez con una marca mexicana, #TonyDelfino. Ve el calzado inspirado en los postres que podemos encontrar en cualquier lado de la #CDMX","jetpack_publicize_feature_enabled":true,"jetpack_social_post_already_shared":true,"jetpack_social_options":{"image_generator_settings":{"template":"highway","default_image_id":0,"font":"","enabled":false},"version":2}},"categories":[63,67],"tags":[125,126,127,128,129,130,131,132,133,134,135,136],"class_list":["post-46589","post","type-post","status-publish","format-standard","has-post-thumbnail","hentry","category-lifestyle","category-moda","tag-colaboracion","tag-dolphin-boy","tag-marca-mexicana","tag-off-the-wall","tag-old-skoollx","tag-signature-td-vault-sh8-hi-lx","tag-streetwear","tag-tony-delfino","tag-vans","tag-vans-mexico","tag-vans-x-tony-delfino","tag-vlt-epoch-lx","has-post-title","has-post-date","has-post-category","has-post-tag","has-post-comment","has-post-author",""],"yoast_head":"<!-- This site is optimized with the Yoast SEO plugin v27.5 - https:\/\/yoast.com\/product\/yoast-seo-wordpress\/ -->\n<title>Vans y Tony Delfino lanzan su primera colaboraci\u00f3n - Zero Magazine<\/title>\n<meta name=\"robots\" content=\"index, follow, max-snippet:-1, max-image-preview:large, max-video-preview:-1\" \/>\n<link rel=\"canonical\" href=\"https:\/\/zeromagazine.mx\/index.php\/2021\/06\/01\/vans-y-tony-delfino-lanzan-su-primera-colaboracion\/\" \/>\n<meta property=\"og:locale\" content=\"es_ES\" \/>\n<meta property=\"og:type\" content=\"article\" \/>\n<meta property=\"og:title\" content=\"Vans y Tony Delfino lanzan su primera colaboraci\u00f3n - Zero Magazine\" \/>\n<meta property=\"og:description\" content=\"Vans anunci\u00f3 su primera colaboraci\u00f3n con la marca mexicana de streetwear, Tony Delfino en la que presenta 3 dise\u00f1os que buscan reflejar el Street culture mediante colores y sabores presentes en la vida diaria. Off The Wall en su constante b\u00fasqueda por llevar m\u00e1s all\u00e1 la expresi\u00f3n creativa y sus dise\u00f1os llamativos hacen el aliado [&hellip;]\" \/>\n<meta property=\"og:url\" content=\"https:\/\/zeromagazine.mx\/index.php\/2021\/06\/01\/vans-y-tony-delfino-lanzan-su-primera-colaboracion\/\" \/>\n<meta property=\"og:site_name\" content=\"Zero Magazine\" \/>\n<meta property=\"article:published_time\" content=\"2021-06-01T21:00:00+00:00\" \/>\n<meta name=\"author\" content=\"zeromagazinemx\" \/>\n<meta name=\"twitter:card\" content=\"summary_large_image\" \/>\n<meta name=\"twitter:label1\" content=\"Escrito por\" \/>\n\t<meta name=\"twitter:data1\" content=\"zeromagazinemx\" \/>\n\t<meta name=\"twitter:label2\" content=\"Tiempo de lectura\" \/>\n\t<meta name=\"twitter:data2\" content=\"1 minuto\" \/>\n<script type=\"application\/ld+json\" class=\"yoast-schema-graph\">{\"@context\":\"https:\\\/\\\/schema.org\",\"@graph\":[{\"@type\":\"Article\",\"@id\":\"https:\\\/\\\/zeromagazine.mx\\\/index.php\\\/2021\\\/06\\\/01\\\/vans-y-tony-delfino-lanzan-su-primera-colaboracion\\\/#article\",\"isPartOf\":{\"@id\":\"https:\\\/\\\/zeromagazine.mx\\\/index.php\\\/2021\\\/06\\\/01\\\/vans-y-tony-delfino-lanzan-su-primera-colaboracion\\\/\"},\"author\":{\"name\":\"zeromagazinemx\",\"@id\":\"https:\\\/\\\/zeromagazine.mx\\\/#\\\/schema\\\/person\\\/9aed9f33a7c39af3a348b86d723f7773\"},\"headline\":\"Vans y Tony Delfino lanzan su primera colaboraci\u00f3n\",\"datePublished\":\"2021-06-01T21:00:00+00:00\",\"mainEntityOfPage\":{\"@id\":\"https:\\\/\\\/zeromagazine.mx\\\/index.php\\\/2021\\\/06\\\/01\\\/vans-y-tony-delfino-lanzan-su-primera-colaboracion\\\/\"},\"wordCount\":272,\"commentCount\":0,\"publisher\":{\"@id\":\"https:\\\/\\\/zeromagazine.mx\\\/#organization\"},\"image\":{\"@id\":\"https:\\\/\\\/zeromagazine.mx\\\/index.php\\\/2021\\\/06\\\/01\\\/vans-y-tony-delfino-lanzan-su-primera-colaboracion\\\/#primaryimage\"},\"thumbnailUrl\":\"\",\"keywords\":[\"colaboracion\",\"Dolphin Boy\",\"marca mexicana\",\"Off The Wall\",\"Old SkoolLX\",\"Signature TD Vault SH8 HI LX\",\"STREETWEAR\",\"Tony Delfino\",\"Vans\",\"Vans Mexico\",\"Vans X Tony Delfino\",\"VLT EPOCH LX\"],\"articleSection\":[\"Lifestyle\",\"Moda\"],\"inLanguage\":\"es\",\"potentialAction\":[{\"@type\":\"CommentAction\",\"name\":\"Comment\",\"target\":[\"https:\\\/\\\/zeromagazine.mx\\\/index.php\\\/2021\\\/06\\\/01\\\/vans-y-tony-delfino-lanzan-su-primera-colaboracion\\\/#respond\"]}]},{\"@type\":\"WebPage\",\"@id\":\"https:\\\/\\\/zeromagazine.mx\\\/index.php\\\/2021\\\/06\\\/01\\\/vans-y-tony-delfino-lanzan-su-primera-colaboracion\\\/\",\"url\":\"https:\\\/\\\/zeromagazine.mx\\\/index.php\\\/2021\\\/06\\\/01\\\/vans-y-tony-delfino-lanzan-su-primera-colaboracion\\\/\",\"name\":\"Vans y Tony Delfino lanzan su primera colaboraci\u00f3n - Zero Magazine\",\"isPartOf\":{\"@id\":\"https:\\\/\\\/zeromagazine.mx\\\/#website\"},\"primaryImageOfPage\":{\"@id\":\"https:\\\/\\\/zeromagazine.mx\\\/index.php\\\/2021\\\/06\\\/01\\\/vans-y-tony-delfino-lanzan-su-primera-colaboracion\\\/#primaryimage\"},\"image\":{\"@id\":\"https:\\\/\\\/zeromagazine.mx\\\/index.php\\\/2021\\\/06\\\/01\\\/vans-y-tony-delfino-lanzan-su-primera-colaboracion\\\/#primaryimage\"},\"thumbnailUrl\":\"\",\"datePublished\":\"2021-06-01T21:00:00+00:00\",\"breadcrumb\":{\"@id\":\"https:\\\/\\\/zeromagazine.mx\\\/index.php\\\/2021\\\/06\\\/01\\\/vans-y-tony-delfino-lanzan-su-primera-colaboracion\\\/#breadcrumb\"},\"inLanguage\":\"es\",\"potentialAction\":[{\"@type\":\"ReadAction\",\"target\":[\"https:\\\/\\\/zeromagazine.mx\\\/index.php\\\/2021\\\/06\\\/01\\\/vans-y-tony-delfino-lanzan-su-primera-colaboracion\\\/\"]}]},{\"@type\":\"ImageObject\",\"inLanguage\":\"es\",\"@id\":\"https:\\\/\\\/zeromagazine.mx\\\/index.php\\\/2021\\\/06\\\/01\\\/vans-y-tony-delfino-lanzan-su-primera-colaboracion\\\/#primaryimage\",\"url\":\"\",\"contentUrl\":\"\"},{\"@type\":\"BreadcrumbList\",\"@id\":\"https:\\\/\\\/zeromagazine.mx\\\/index.php\\\/2021\\\/06\\\/01\\\/vans-y-tony-delfino-lanzan-su-primera-colaboracion\\\/#breadcrumb\",\"itemListElement\":[{\"@type\":\"ListItem\",\"position\":1,\"name\":\"Portada\",\"item\":\"https:\\\/\\\/zeromagazine.mx\\\/\"},{\"@type\":\"ListItem\",\"position\":2,\"name\":\"Vans y Tony Delfino lanzan su primera colaboraci\u00f3n\"}]},{\"@type\":\"WebSite\",\"@id\":\"https:\\\/\\\/zeromagazine.mx\\\/#website\",\"url\":\"https:\\\/\\\/zeromagazine.mx\\\/\",\"name\":\"Zero Magazine\",\"description\":\"\",\"publisher\":{\"@id\":\"https:\\\/\\\/zeromagazine.mx\\\/#organization\"},\"potentialAction\":[{\"@type\":\"SearchAction\",\"target\":{\"@type\":\"EntryPoint\",\"urlTemplate\":\"https:\\\/\\\/zeromagazine.mx\\\/?s={search_term_string}\"},\"query-input\":{\"@type\":\"PropertyValueSpecification\",\"valueRequired\":true,\"valueName\":\"search_term_string\"}}],\"inLanguage\":\"es\"},{\"@type\":\"Organization\",\"@id\":\"https:\\\/\\\/zeromagazine.mx\\\/#organization\",\"name\":\"Zero Magazine\",\"url\":\"https:\\\/\\\/zeromagazine.mx\\\/\",\"logo\":{\"@type\":\"ImageObject\",\"inLanguage\":\"es\",\"@id\":\"https:\\\/\\\/zeromagazine.mx\\\/#\\\/schema\\\/logo\\\/image\\\/\",\"url\":\"https:\\\/\\\/i0.wp.com\\\/zeromagazine.mx\\\/wp-content\\\/uploads\\\/2025\\\/11\\\/1.jpeg?fit=1000%2C1000&ssl=1\",\"contentUrl\":\"https:\\\/\\\/i0.wp.com\\\/zeromagazine.mx\\\/wp-content\\\/uploads\\\/2025\\\/11\\\/1.jpeg?fit=1000%2C1000&ssl=1\",\"width\":1000,\"height\":1000,\"caption\":\"Zero Magazine\"},\"image\":{\"@id\":\"https:\\\/\\\/zeromagazine.mx\\\/#\\\/schema\\\/logo\\\/image\\\/\"},\"sameAs\":[\"https:\\\/\\\/instagram.com\\\/zeromagazinemx\"]},{\"@type\":\"Person\",\"@id\":\"https:\\\/\\\/zeromagazine.mx\\\/#\\\/schema\\\/person\\\/9aed9f33a7c39af3a348b86d723f7773\",\"name\":\"zeromagazinemx\",\"image\":{\"@type\":\"ImageObject\",\"inLanguage\":\"es\",\"@id\":\"https:\\\/\\\/zeromagazine.mx\\\/wp-content\\\/litespeed\\\/avatar\\\/f91dfe5410d5dcb1a576bf8c45983896.jpg?ver=1776966396\",\"url\":\"https:\\\/\\\/zeromagazine.mx\\\/wp-content\\\/litespeed\\\/avatar\\\/f91dfe5410d5dcb1a576bf8c45983896.jpg?ver=1776966396\",\"contentUrl\":\"https:\\\/\\\/zeromagazine.mx\\\/wp-content\\\/litespeed\\\/avatar\\\/f91dfe5410d5dcb1a576bf8c45983896.jpg?ver=1776966396\",\"caption\":\"zeromagazinemx\"},\"url\":\"https:\\\/\\\/zeromagazine.mx\\\/index.php\\\/author\\\/zeromagazinemx\\\/\"}]}<\/script>\n<!-- \/ Yoast SEO plugin. -->","yoast_head_json":{"title":"Vans y Tony Delfino lanzan su primera colaboraci\u00f3n - Zero Magazine","robots":{"index":"index","follow":"follow","max-snippet":"max-snippet:-1","max-image-preview":"max-image-preview:large","max-video-preview":"max-video-preview:-1"},"canonical":"https:\/\/zeromagazine.mx\/index.php\/2021\/06\/01\/vans-y-tony-delfino-lanzan-su-primera-colaboracion\/","og_locale":"es_ES","og_type":"article","og_title":"Vans y Tony Delfino lanzan su primera colaboraci\u00f3n - Zero Magazine","og_description":"Vans anunci\u00f3 su primera colaboraci\u00f3n con la marca mexicana de streetwear, Tony Delfino en la que presenta 3 dise\u00f1os que buscan reflejar el Street culture mediante colores y sabores presentes en la vida diaria. Off The Wall en su constante b\u00fasqueda por llevar m\u00e1s all\u00e1 la expresi\u00f3n creativa y sus dise\u00f1os llamativos hacen el aliado [&hellip;]","og_url":"https:\/\/zeromagazine.mx\/index.php\/2021\/06\/01\/vans-y-tony-delfino-lanzan-su-primera-colaboracion\/","og_site_name":"Zero Magazine","article_published_time":"2021-06-01T21:00:00+00:00","author":"zeromagazinemx","twitter_card":"summary_large_image","twitter_misc":{"Escrito por":"zeromagazinemx","Tiempo de lectura":"1 minuto"},"schema":{"@context":"https:\/\/schema.org","@graph":[{"@type":"Article","@id":"https:\/\/zeromagazine.mx\/index.php\/2021\/06\/01\/vans-y-tony-delfino-lanzan-su-primera-colaboracion\/#article","isPartOf":{"@id":"https:\/\/zeromagazine.mx\/index.php\/2021\/06\/01\/vans-y-tony-delfino-lanzan-su-primera-colaboracion\/"},"author":{"name":"zeromagazinemx","@id":"https:\/\/zeromagazine.mx\/#\/schema\/person\/9aed9f33a7c39af3a348b86d723f7773"},"headline":"Vans y Tony Delfino lanzan su primera colaboraci\u00f3n","datePublished":"2021-06-01T21:00:00+00:00","mainEntityOfPage":{"@id":"https:\/\/zeromagazine.mx\/index.php\/2021\/06\/01\/vans-y-tony-delfino-lanzan-su-primera-colaboracion\/"},"wordCount":272,"commentCount":0,"publisher":{"@id":"https:\/\/zeromagazine.mx\/#organization"},"image":{"@id":"https:\/\/zeromagazine.mx\/index.php\/2021\/06\/01\/vans-y-tony-delfino-lanzan-su-primera-colaboracion\/#primaryimage"},"thumbnailUrl":"","keywords":["colaboracion","Dolphin Boy","marca mexicana","Off The Wall","Old SkoolLX","Signature TD Vault SH8 HI LX","STREETWEAR","Tony Delfino","Vans","Vans Mexico","Vans X Tony Delfino","VLT EPOCH LX"],"articleSection":["Lifestyle","Moda"],"inLanguage":"es","potentialAction":[{"@type":"CommentAction","name":"Comment","target":["https:\/\/zeromagazine.mx\/index.php\/2021\/06\/01\/vans-y-tony-delfino-lanzan-su-primera-colaboracion\/#respond"]}]},{"@type":"WebPage","@id":"https:\/\/zeromagazine.mx\/index.php\/2021\/06\/01\/vans-y-tony-delfino-lanzan-su-primera-colaboracion\/","url":"https:\/\/zeromagazine.mx\/index.php\/2021\/06\/01\/vans-y-tony-delfino-lanzan-su-primera-colaboracion\/","name":"Vans y Tony Delfino lanzan su primera colaboraci\u00f3n - Zero Magazine","isPartOf":{"@id":"https:\/\/zeromagazine.mx\/#website"},"primaryImageOfPage":{"@id":"https:\/\/zeromagazine.mx\/index.php\/2021\/06\/01\/vans-y-tony-delfino-lanzan-su-primera-colaboracion\/#primaryimage"},"image":{"@id":"https:\/\/zeromagazine.mx\/index.php\/2021\/06\/01\/vans-y-tony-delfino-lanzan-su-primera-colaboracion\/#primaryimage"},"thumbnailUrl":"","datePublished":"2021-06-01T21:00:00+00:00","breadcrumb":{"@id":"https:\/\/zeromagazine.mx\/index.php\/2021\/06\/01\/vans-y-tony-delfino-lanzan-su-primera-colaboracion\/#breadcrumb"},"inLanguage":"es","potentialAction":[{"@type":"ReadAction","target":["https:\/\/zeromagazine.mx\/index.php\/2021\/06\/01\/vans-y-tony-delfino-lanzan-su-primera-colaboracion\/"]}]},{"@type":"ImageObject","inLanguage":"es","@id":"https:\/\/zeromagazine.mx\/index.php\/2021\/06\/01\/vans-y-tony-delfino-lanzan-su-primera-colaboracion\/#primaryimage","url":"","contentUrl":""},{"@type":"BreadcrumbList","@id":"https:\/\/zeromagazine.mx\/index.php\/2021\/06\/01\/vans-y-tony-delfino-lanzan-su-primera-colaboracion\/#breadcrumb","itemListElement":[{"@type":"ListItem","position":1,"name":"Portada","item":"https:\/\/zeromagazine.mx\/"},{"@type":"ListItem","position":2,"name":"Vans y Tony Delfino lanzan su primera colaboraci\u00f3n"}]},{"@type":"WebSite","@id":"https:\/\/zeromagazine.mx\/#website","url":"https:\/\/zeromagazine.mx\/","name":"Zero Magazine","description":"","publisher":{"@id":"https:\/\/zeromagazine.mx\/#organization"},"potentialAction":[{"@type":"SearchAction","target":{"@type":"EntryPoint","urlTemplate":"https:\/\/zeromagazine.mx\/?s={search_term_string}"},"query-input":{"@type":"PropertyValueSpecification","valueRequired":true,"valueName":"search_term_string"}}],"inLanguage":"es"},{"@type":"Organization","@id":"https:\/\/zeromagazine.mx\/#organization","name":"Zero Magazine","url":"https:\/\/zeromagazine.mx\/","logo":{"@type":"ImageObject","inLanguage":"es","@id":"https:\/\/zeromagazine.mx\/#\/schema\/logo\/image\/","url":"https:\/\/i0.wp.com\/zeromagazine.mx\/wp-content\/uploads\/2025\/11\/1.jpeg?fit=1000%2C1000&ssl=1","contentUrl":"https:\/\/i0.wp.com\/zeromagazine.mx\/wp-content\/uploads\/2025\/11\/1.jpeg?fit=1000%2C1000&ssl=1","width":1000,"height":1000,"caption":"Zero Magazine"},"image":{"@id":"https:\/\/zeromagazine.mx\/#\/schema\/logo\/image\/"},"sameAs":["https:\/\/instagram.com\/zeromagazinemx"]},{"@type":"Person","@id":"https:\/\/zeromagazine.mx\/#\/schema\/person\/9aed9f33a7c39af3a348b86d723f7773","name":"zeromagazinemx","image":{"@type":"ImageObject","inLanguage":"es","@id":"https:\/\/zeromagazine.mx\/wp-content\/litespeed\/avatar\/f91dfe5410d5dcb1a576bf8c45983896.jpg?ver=1776966396","url":"https:\/\/zeromagazine.mx\/wp-content\/litespeed\/avatar\/f91dfe5410d5dcb1a576bf8c45983896.jpg?ver=1776966396","contentUrl":"https:\/\/zeromagazine.mx\/wp-content\/litespeed\/avatar\/f91dfe5410d5dcb1a576bf8c45983896.jpg?ver=1776966396","caption":"zeromagazinemx"},"url":"https:\/\/zeromagazine.mx\/index.php\/author\/zeromagazinemx\/"}]}},"jetpack_publicize_connections":[],"jetpack_featured_media_url":"","jetpack-related-posts":[{"id":55658,"url":"https:\/\/zeromagazine.mx\/index.php\/2021\/10\/08\/vans-channel-66-da-la-bienvenida-a-octubre\/","url_meta":{"origin":46589,"position":0},"title":"VANS CHANNEL 66 da la bienvenida a octubre","author":"zeromagazinemx","date":"8 de octubre de 2021","format":false,"excerpt":"Si algo caracteriza a octubre, es la cantidad de estrenos, pel\u00edculas y celebraciones que existen a lo largo del mes, en esta ocasi\u00f3n la plataforma digital de Vans Channel 66 trae mucho contenido en formato de transmisi\u00f3n para disfrutar. Por Luis Lechuga El pasado 7 de octubre, en el evento\u2026","rel":"","context":"En \u00abEntretenimiento\u00bb","block_context":{"text":"Entretenimiento","link":"https:\/\/zeromagazine.mx\/index.php\/category\/entretenimiento\/"},"img":{"alt_text":"","src":"https:\/\/i0.wp.com\/zeromagazinemx.wpcomstaging.com\/wp-content\/uploads\/2022\/02\/432af-vans-channel-66.jpg?resize=350%2C200&ssl=1","width":350,"height":200,"srcset":"https:\/\/i0.wp.com\/zeromagazinemx.wpcomstaging.com\/wp-content\/uploads\/2022\/02\/432af-vans-channel-66.jpg?resize=350%2C200&ssl=1 1x, https:\/\/i0.wp.com\/zeromagazinemx.wpcomstaging.com\/wp-content\/uploads\/2022\/02\/432af-vans-channel-66.jpg?resize=525%2C300&ssl=1 1.5x, https:\/\/i0.wp.com\/zeromagazinemx.wpcomstaging.com\/wp-content\/uploads\/2022\/02\/432af-vans-channel-66.jpg?resize=700%2C400&ssl=1 2x"},"classes":[]},{"id":52865,"url":"https:\/\/zeromagazine.mx\/index.php\/2021\/08\/24\/go-your-own-way-la-nueva-coleccion-de-vans\/","url_meta":{"origin":46589,"position":1},"title":"\u201cGo your own way\u201d, la nueva colecci\u00f3n de Vans","author":"zeromagazinemx","date":"24 de agosto de 2021","format":false,"excerpt":"Vans presenta su nueva colecci\u00f3n \u201cGo your own way\u201d en colaboraci\u00f3n con Aries, la marca de streetwear. Por Mayra Torres La nueva colecci\u00f3n c\u00e1psula Vault by Vans de Aries \u201cGo your own way\u201d cuenta con 6 calzados diferentes, los cuales pretenden dar una sensaci\u00f3n de autenticidad y despreocupaci\u00f3n. La colecci\u00f3n\u2026","rel":"","context":"En \u00abLifestyle\u00bb","block_context":{"text":"Lifestyle","link":"https:\/\/zeromagazine.mx\/index.php\/category\/lifestyle\/"},"img":{"alt_text":"","src":"","width":0,"height":0},"classes":[]},{"id":115400,"url":"https:\/\/zeromagazine.mx\/index.php\/2026\/02\/16\/vans-upland-mexico-quesito\/","url_meta":{"origin":46589,"position":2},"title":"Vans Upland conquista M\u00e9xico","author":"zeromagazinemx","date":"16 de febrero de 2026","format":false,"excerpt":"Hay drops que solo son un lanzamiento\u2026 y hay otros que se sienten como un momento cultural. El nuevo Vans Upland cae justo en esa segunda categor\u00eda. Vans M\u00e9xico present\u00f3 su m\u00e1s reciente colorway acompa\u00f1ado de un anuncio importante: Kass Quezada, aka Quesito, se suma oficialmente como embajadora regional. Y\u2026","rel":"","context":"En \u00abModa\u00bb","block_context":{"text":"Moda","link":"https:\/\/zeromagazine.mx\/index.php\/category\/moda\/"},"img":{"alt_text":"","src":"https:\/\/i0.wp.com\/zeromagazine.mx\/wp-content\/uploads\/2026\/02\/1000051769-scaled.jpg?fit=1200%2C801&ssl=1&resize=350%2C200","width":350,"height":200,"srcset":"https:\/\/i0.wp.com\/zeromagazine.mx\/wp-content\/uploads\/2026\/02\/1000051769-scaled.jpg?fit=1200%2C801&ssl=1&resize=350%2C200 1x, https:\/\/i0.wp.com\/zeromagazine.mx\/wp-content\/uploads\/2026\/02\/1000051769-scaled.jpg?fit=1200%2C801&ssl=1&resize=525%2C300 1.5x, https:\/\/i0.wp.com\/zeromagazine.mx\/wp-content\/uploads\/2026\/02\/1000051769-scaled.jpg?fit=1200%2C801&ssl=1&resize=700%2C400 2x, https:\/\/i0.wp.com\/zeromagazine.mx\/wp-content\/uploads\/2026\/02\/1000051769-scaled.jpg?fit=1200%2C801&ssl=1&resize=1050%2C600 3x"},"classes":[]},{"id":49108,"url":"https:\/\/zeromagazine.mx\/index.php\/2021\/06\/29\/taf-le-da-la-bienvenida-a-vans-y-nickelodeon\/","url_meta":{"origin":46589,"position":3},"title":"TAF le da la bienvenida a VANS y Nickelodeon","author":"zeromagazinemx","date":"29 de junio de 2021","format":false,"excerpt":"Para que este verano sea m\u00e1s divertido llega a TAF la colecci\u00f3n de calzado, ropa y accesorios de la serie animada Bob Esponja. Por Mayra Torres Las colaboraciones de Nickelodeon y VANS llegan a TAF Ecomm y a sus principales tiendas f\u00edsicas, la primera colecci\u00f3n es una l\u00ednea de calzado,\u2026","rel":"","context":"En \u00abLifestyle\u00bb","block_context":{"text":"Lifestyle","link":"https:\/\/zeromagazine.mx\/index.php\/category\/lifestyle\/"},"img":{"alt_text":"","src":"","width":0,"height":0},"classes":[]},{"id":98004,"url":"https:\/\/zeromagazine.mx\/index.php\/2025\/03\/04\/haylane-vans-la-nostalgia-con-estilo\/","url_meta":{"origin":46589,"position":4},"title":"Hylane: Nostalgia con Estilo","author":"David Morales","date":"4 de marzo de 2025","format":false,"excerpt":"La nostalgia nunca se vio tan bien. Vans lo vuelve a hacer y nos regala un viaje en el tiempo con los nuevos Hylane, una silueta chunky que rescata la esencia del Y2K pero con toda la frescura del 2025. Si creciste viendo videos de skate en YouTube o te\u2026","rel":"","context":"En \u00abModa\u00bb","block_context":{"text":"Moda","link":"https:\/\/zeromagazine.mx\/index.php\/category\/moda\/"},"img":{"alt_text":"","src":"https:\/\/i0.wp.com\/zeromagazine.mx\/wp-content\/uploads\/2025\/03\/Vans_SP25Hylane_06LiestylePhotos-scaled.jpg?fit=1200%2C800&ssl=1&resize=350%2C200","width":350,"height":200,"srcset":"https:\/\/i0.wp.com\/zeromagazine.mx\/wp-content\/uploads\/2025\/03\/Vans_SP25Hylane_06LiestylePhotos-scaled.jpg?fit=1200%2C800&ssl=1&resize=350%2C200 1x, https:\/\/i0.wp.com\/zeromagazine.mx\/wp-content\/uploads\/2025\/03\/Vans_SP25Hylane_06LiestylePhotos-scaled.jpg?fit=1200%2C800&ssl=1&resize=525%2C300 1.5x, https:\/\/i0.wp.com\/zeromagazine.mx\/wp-content\/uploads\/2025\/03\/Vans_SP25Hylane_06LiestylePhotos-scaled.jpg?fit=1200%2C800&ssl=1&resize=700%2C400 2x, https:\/\/i0.wp.com\/zeromagazine.mx\/wp-content\/uploads\/2025\/03\/Vans_SP25Hylane_06LiestylePhotos-scaled.jpg?fit=1200%2C800&ssl=1&resize=1050%2C600 3x"},"classes":[]},{"id":106537,"url":"https:\/\/zeromagazine.mx\/index.php\/2025\/06\/30\/vans-hylane-estilo-retro-diario\/","url_meta":{"origin":46589,"position":5},"title":"Estilo retro diario: vuelve Vans Hylane","author":"David Morales","date":"30 de junio de 2025","format":false,"excerpt":"Amix, ag\u00e1rrense porque se viene fuerte el regreso de uno de los modelos m\u00e1s ic\u00f3nicos de Vans. Justo a tiempo para el Back to School, este 1 de julio aterrizan en M\u00e9xico los nuevos Vans Hylane, ese par que necesit\u00e1bamos para volver a clases sin perder el flow. Si eres\u2026","rel":"","context":"En \u00abModa\u00bb","block_context":{"text":"Moda","link":"https:\/\/zeromagazine.mx\/index.php\/category\/moda\/"},"img":{"alt_text":"","src":"https:\/\/i0.wp.com\/zeromagazine.mx\/wp-content\/uploads\/2025\/06\/img_4020-1.jpg?fit=800%2C1200&ssl=1&resize=350%2C200","width":350,"height":200,"srcset":"https:\/\/i0.wp.com\/zeromagazine.mx\/wp-content\/uploads\/2025\/06\/img_4020-1.jpg?fit=800%2C1200&ssl=1&resize=350%2C200 1x, https:\/\/i0.wp.com\/zeromagazine.mx\/wp-content\/uploads\/2025\/06\/img_4020-1.jpg?fit=800%2C1200&ssl=1&resize=525%2C300 1.5x, https:\/\/i0.wp.com\/zeromagazine.mx\/wp-content\/uploads\/2025\/06\/img_4020-1.jpg?fit=800%2C1200&ssl=1&resize=700%2C400 2x"},"classes":[]}],"jetpack_sharing_enabled":true,"builder_content":"","_links":{"self":[{"href":"https:\/\/zeromagazine.mx\/index.php\/wp-json\/wp\/v2\/posts\/46589","targetHints":{"allow":["GET"]}}],"collection":[{"href":"https:\/\/zeromagazine.mx\/index.php\/wp-json\/wp\/v2\/posts"}],"about":[{"href":"https:\/\/zeromagazine.mx\/index.php\/wp-json\/wp\/v2\/types\/post"}],"author":[{"embeddable":true,"href":"https:\/\/zeromagazine.mx\/index.php\/wp-json\/wp\/v2\/users\/2"}],"replies":[{"embeddable":true,"href":"https:\/\/zeromagazine.mx\/index.php\/wp-json\/wp\/v2\/comments?post=46589"}],"version-history":[{"count":0,"href":"https:\/\/zeromagazine.mx\/index.php\/wp-json\/wp\/v2\/posts\/46589\/revisions"}],"wp:featuredmedia":[{"embeddable":true,"href":"https:\/\/zeromagazine.mx\/index.php\/wp-json\/"}],"wp:attachment":[{"href":"https:\/\/zeromagazine.mx\/index.php\/wp-json\/wp\/v2\/media?parent=46589"}],"wp:term":[{"taxonomy":"category","embeddable":true,"href":"https:\/\/zeromagazine.mx\/index.php\/wp-json\/wp\/v2\/categories?post=46589"},{"taxonomy":"post_tag","embeddable":true,"href":"https:\/\/zeromagazine.mx\/index.php\/wp-json\/wp\/v2\/tags?post=46589"}],"curies":[{"name":"wp","href":"https:\/\/api.w.org\/{rel}","templated":true}]}}