{"id":46616,"date":"2021-06-02T09:00:00","date_gmt":"2021-06-02T14:00:00","guid":{"rendered":"https:\/\/atomic-temporary-84115225.wpcomstaging.com\/?p=46616"},"modified":"2021-06-02T09:00:00","modified_gmt":"2021-06-02T14:00:00","slug":"repercusiones-sociales-linea-12-del-metro","status":"publish","type":"post","link":"https:\/\/zeromagazine.mx\/index.php\/2021\/06\/02\/repercusiones-sociales-linea-12-del-metro\/","title":{"rendered":"repercusiones sociales linea 12 del metro"},"content":{"rendered":"\n<p>El accidente ocurrido la pasada noche del <em>3 de Mayo<\/em> en la <strong><em>estaci\u00f3n Olivos de la l\u00ednea 12 del metro<\/em><\/strong> el cual dej\u00f3 una gran cantidad de personas sin vida y otros tantos heridos, hasta el d\u00eda de hoy sigue siendo una tragedia muy comentada, las labores tanto de peritaje, recolecci\u00f3n de escombros, entre otras actividades ya comenzaron, incluso ya se ha mandado transporte de ayuda para los miles de usuarios que ocupan esta l\u00ednea a diario como <strong><em>RTPS, turibuses, metrobuses, entre otros<\/em><\/strong>, para las personas que viven de este lado del sur-oriente de la ciudad es raro ver estos transportes por las avenidas principales, pero es la nueva realidad desde el d\u00eda del siniestro y sin fecha de t\u00e9rmino por el momento.<\/p>\n\n\n\n<p><\/p>\n\n\n\n<ul class=\"wp-block-list\"><li><strong>Creadora de Imagen:<\/strong>&nbsp;<em>Elizabeth Ordo\u00f1ez.<\/em><\/li><\/ul>\n\n\n\n<p><\/p>\n\n\n\n<div class=\"wp-block-buttons is-layout-flex wp-block-buttons-is-layout-flex\">\n<div class=\"wp-block-button is-style-outline is-style-outline--1\"><a class=\"wp-block-button__link\">POR CHRISTOPHER RODR\u00cdGUEZ DUE\u00d1AS<\/a><\/div>\n<\/div>\n\n\n\n<p><\/p>\n\n\n\n<p>Pero aqu\u00ed no termina todo, comienza otro gran pesar para estos miles de usuarios que ahora debes de tomar otras rutas, otros transportes para llegar a sus casas, escuelas o trabajos, dos horas en el tr\u00e1fico, largas filas para abordar un autob\u00fas, microbuses, compitiendo por el pasaje y destinar m\u00e1s dinero al transporte, son algunas de las consecuencias colaterales para habitantes de <strong>Tl\u00e1huac, Iztapalapa<\/strong> y algunas entidades del <strong>Estado de M\u00e9xico<\/strong>.<\/p>\n\n\n\n<p>La <strong><em>l\u00ednea 12 del metro<\/em><\/strong> que va desde <strong>Tl\u00e1huac <\/strong>hasta <strong>Mixcoac <\/strong>era una maravilla para todos los que vivimos de este lado, era nuestra conexi\u00f3n con el resto de la Ciudad, en menos de una hora recorr\u00edas toda la l\u00ednea, ahora sin metro la gente se hace dos horas o m\u00e1s para llegar a sus destinos y sin contar la cantidad de dinero que ahora se deben gastar a diario en pasajes, he visto mucho esta frase en redes sociales y la comparto porque es una realidad <em>\u201cVivir en Tl\u00e1huac es despertarte a las 4:00 a.m. para llegar a las 7:00 a.m. a tu trabajo\u00bb<\/em>.<\/p>\n\n\n\n<div class=\"wp-block-image coblocks-animate\"><figure class=\"aligncenter size-large\"><a href=\"https:\/\/i0.wp.com\/zeromagazinemx.wpcomstaging.com\/wp-content\/uploads\/2022\/02\/f2c7f-whatsapp-image-2021-05-22-at-10.01.12-pm-1.jpeg?ssl=1\"><img data-recalc-dims=\"1\" decoding=\"async\" src=\"https:\/\/i0.wp.com\/zeromagazinemx.wpcomstaging.com\/wp-content\/uploads\/2022\/02\/f2c7f-whatsapp-image-2021-05-22-at-10.01.12-pm-1.jpeg?w=1165&#038;ssl=1\" alt=\"\" class=\"wp-image-46623\" \/><\/a><\/figure><\/div>\n\n\n\n\n\n<div style=\"height:15px;\" aria-hidden=\"true\" class=\"wp-block-spacer\"><\/div>\n\n\n\n<p>De acuerdo con un estudio realizado por la organizaci\u00f3n <strong>World Resources Institute (WRI)<\/strong> en M\u00e9xico en 2018, el 20% de los habitantes con menores ingresos se concentran en las alcald\u00edas <strong>Tl\u00e1huac, Iztapalapa, Xochimilco<\/strong> y <strong>Milpa alta<\/strong>, justo demarcaciones por donde corre esta l\u00ednea que se hizo justamente para conectar a esta zona con las dem\u00e1s y quitar un problema de transporte, ahora la <strong>Jefa de Gobierno, Claudia Sheinbaum<\/strong>, considera la posibilidad de abrir el tramo subterr\u00e1neo entre <strong>Mixcoac <\/strong>y <strong>Atlalilco<\/strong>, donde existen m\u00e1s opciones de transporte, las 11 estaciones del tramo elevado hasta la terminal <strong>Tl\u00e1huac<\/strong>, donde viven las personas con menores ingresos, no tienen fecha de reapertura, por lo tanto no hay mucha soluci\u00f3n.<\/p>\n\n\n\n<p>Y finalmente otra problem\u00e1tica a la que se enfrentan d\u00eda a d\u00eda usuarios de la nueva movilidad es la delincuencia, tristemente esta no pod\u00eda faltar, porque ni las peores tragedias dejan pasar, vecinos y pasajeros han reportado que personas en diferentes puntos de las rutas han subido a asaltar a mano armada, despoj\u00e1ndolos de celulares, carteras entre otros valores m\u00e1s, lo \u00fanico que piden los usuarios es vigilancia, que si el gobierno apoya con estos transportes que igualmente apoye con vigilancia en las calles por donde estos pasan y puedan sentirse un poquito m\u00e1s seguros en su trayecto.<\/p>\n\n\n\n<div class=\"wp-block-image coblocks-animate\"><figure class=\"aligncenter size-large\"><a href=\"https:\/\/i0.wp.com\/zeromagazinemx.wpcomstaging.com\/wp-content\/uploads\/2022\/02\/d8b64-whatsapp-image-2021-05-22-at-10.01.12-pm.jpeg?ssl=1\"><img data-recalc-dims=\"1\" decoding=\"async\" src=\"https:\/\/i0.wp.com\/zeromagazinemx.wpcomstaging.com\/wp-content\/uploads\/2022\/02\/d8b64-whatsapp-image-2021-05-22-at-10.01.12-pm.jpeg?w=1165&#038;ssl=1\" alt=\"\" class=\"wp-image-46625\" \/><\/a><\/figure><\/div>\n\n\n\n\n\n<div style=\"height:15px;\" aria-hidden=\"true\" class=\"wp-block-spacer\"><\/div>\n\n\n<!--themify_builder_content-->\n<div id=\"themify_builder_content-46616\" data-postid=\"46616\" class=\"themify_builder_content themify_builder_content-46616 themify_builder tf_clear\">\n    <\/div>\n<!--\/themify_builder_content-->\n","protected":false},"excerpt":{"rendered":"<p>El accidente ocurrido la pasada noche del 3 de Mayo en la estaci\u00f3n Olivos de la l\u00ednea 12 del metro el cual dej\u00f3 una gran cantidad de personas sin vida y otros tantos heridos, hasta el d\u00eda de hoy sigue siendo una tragedia muy comentada, las labores tanto de peritaje, recolecci\u00f3n de escombros, entre otras [&hellip;]<\/p>\n","protected":false},"author":2,"featured_media":46628,"comment_status":"open","ping_status":"open","sticky":false,"template":"","format":"standard","meta":{"_jetpack_memberships_contains_paid_content":false,"footnotes":"","jetpack_publicize_message":"El pasado 3 de Mayo en la l\u00ednea 12 del Metro, ocurri\u00f3 una tragedia que conmovi\u00f3 y caus\u00f3 muchas opiniones en M\u00e9xico. Esta es la situaci\u00f3n hoy d\u00eda en la zona afectada.","jetpack_publicize_feature_enabled":true,"jetpack_social_post_already_shared":true,"jetpack_social_options":{"image_generator_settings":{"template":"highway","default_image_id":0,"font":"","enabled":false},"version":2}},"categories":[63],"tags":[137,138,139,140,141,142,143,145,144,146,147,148,150,151,152],"class_list":["post-46616","post","type-post","status-publish","format-standard","has-post-thumbnail","hentry","category-lifestyle","tag-atlalilco","tag-claudia-sheinbaum","tag-estacion-olivos","tag-estado-de-mexico","tag-iztapalapa","tag-jefa-de-gobierno","tag-linea-12","tag-metro-en-la-linea-12","tag-mexico","tag-milpa-alta","tag-mixcoac","tag-repercusiones","tag-tlahuac","tag-world-resources-institute-wri","tag-xochimilco","has-post-title","has-post-date","has-post-category","has-post-tag","has-post-comment","has-post-author",""],"yoast_head":"<!-- This site is optimized with the Yoast SEO plugin v27.5 - https:\/\/yoast.com\/product\/yoast-seo-wordpress\/ -->\n<title>repercusiones sociales linea 12 del metro - Zero Magazine<\/title>\n<meta name=\"robots\" content=\"index, follow, max-snippet:-1, max-image-preview:large, max-video-preview:-1\" \/>\n<link rel=\"canonical\" href=\"https:\/\/zeromagazine.mx\/index.php\/2021\/06\/02\/repercusiones-sociales-linea-12-del-metro\/\" \/>\n<meta property=\"og:locale\" content=\"es_ES\" \/>\n<meta property=\"og:type\" content=\"article\" \/>\n<meta property=\"og:title\" content=\"repercusiones sociales linea 12 del metro - Zero Magazine\" \/>\n<meta property=\"og:description\" content=\"El accidente ocurrido la pasada noche del 3 de Mayo en la estaci\u00f3n Olivos de la l\u00ednea 12 del metro el cual dej\u00f3 una gran cantidad de personas sin vida y otros tantos heridos, hasta el d\u00eda de hoy sigue siendo una tragedia muy comentada, las labores tanto de peritaje, recolecci\u00f3n de escombros, entre otras [&hellip;]\" \/>\n<meta property=\"og:url\" content=\"https:\/\/zeromagazine.mx\/index.php\/2021\/06\/02\/repercusiones-sociales-linea-12-del-metro\/\" \/>\n<meta property=\"og:site_name\" content=\"Zero Magazine\" \/>\n<meta property=\"article:published_time\" content=\"2021-06-02T14:00:00+00:00\" \/>\n<meta name=\"author\" content=\"zeromagazinemx\" \/>\n<meta name=\"twitter:card\" content=\"summary_large_image\" \/>\n<meta name=\"twitter:label1\" content=\"Escrito por\" \/>\n\t<meta name=\"twitter:data1\" content=\"zeromagazinemx\" \/>\n\t<meta name=\"twitter:label2\" content=\"Tiempo de lectura\" \/>\n\t<meta name=\"twitter:data2\" content=\"3 minutos\" \/>\n<script type=\"application\/ld+json\" class=\"yoast-schema-graph\">{\"@context\":\"https:\\\/\\\/schema.org\",\"@graph\":[{\"@type\":\"Article\",\"@id\":\"https:\\\/\\\/zeromagazine.mx\\\/index.php\\\/2021\\\/06\\\/02\\\/repercusiones-sociales-linea-12-del-metro\\\/#article\",\"isPartOf\":{\"@id\":\"https:\\\/\\\/zeromagazine.mx\\\/index.php\\\/2021\\\/06\\\/02\\\/repercusiones-sociales-linea-12-del-metro\\\/\"},\"author\":{\"name\":\"zeromagazinemx\",\"@id\":\"https:\\\/\\\/zeromagazine.mx\\\/#\\\/schema\\\/person\\\/9aed9f33a7c39af3a348b86d723f7773\"},\"headline\":\"repercusiones sociales linea 12 del metro\",\"datePublished\":\"2021-06-02T14:00:00+00:00\",\"mainEntityOfPage\":{\"@id\":\"https:\\\/\\\/zeromagazine.mx\\\/index.php\\\/2021\\\/06\\\/02\\\/repercusiones-sociales-linea-12-del-metro\\\/\"},\"wordCount\":560,\"commentCount\":0,\"publisher\":{\"@id\":\"https:\\\/\\\/zeromagazine.mx\\\/#organization\"},\"image\":{\"@id\":\"https:\\\/\\\/zeromagazine.mx\\\/index.php\\\/2021\\\/06\\\/02\\\/repercusiones-sociales-linea-12-del-metro\\\/#primaryimage\"},\"thumbnailUrl\":\"\",\"keywords\":[\"Atlalilco\",\"Claudia Sheinbaum\",\"Estaci\u00f3n Olivos\",\"Estado de M\u00e9xico\",\"Iztapalapa\",\"Jefa de Gobierno\",\"L\u00ednea 12\",\"Metro en la L\u00ednea 12\",\"M\u00c9XICO\",\"Milpa alta\",\"Mixcoac\",\"Repercusiones\",\"tl\u00e1huac\",\"World Resources Institute (WRI)\",\"XOCHIMILCO\"],\"articleSection\":[\"Lifestyle\"],\"inLanguage\":\"es\",\"potentialAction\":[{\"@type\":\"CommentAction\",\"name\":\"Comment\",\"target\":[\"https:\\\/\\\/zeromagazine.mx\\\/index.php\\\/2021\\\/06\\\/02\\\/repercusiones-sociales-linea-12-del-metro\\\/#respond\"]}]},{\"@type\":\"WebPage\",\"@id\":\"https:\\\/\\\/zeromagazine.mx\\\/index.php\\\/2021\\\/06\\\/02\\\/repercusiones-sociales-linea-12-del-metro\\\/\",\"url\":\"https:\\\/\\\/zeromagazine.mx\\\/index.php\\\/2021\\\/06\\\/02\\\/repercusiones-sociales-linea-12-del-metro\\\/\",\"name\":\"repercusiones sociales linea 12 del metro - Zero Magazine\",\"isPartOf\":{\"@id\":\"https:\\\/\\\/zeromagazine.mx\\\/#website\"},\"primaryImageOfPage\":{\"@id\":\"https:\\\/\\\/zeromagazine.mx\\\/index.php\\\/2021\\\/06\\\/02\\\/repercusiones-sociales-linea-12-del-metro\\\/#primaryimage\"},\"image\":{\"@id\":\"https:\\\/\\\/zeromagazine.mx\\\/index.php\\\/2021\\\/06\\\/02\\\/repercusiones-sociales-linea-12-del-metro\\\/#primaryimage\"},\"thumbnailUrl\":\"\",\"datePublished\":\"2021-06-02T14:00:00+00:00\",\"breadcrumb\":{\"@id\":\"https:\\\/\\\/zeromagazine.mx\\\/index.php\\\/2021\\\/06\\\/02\\\/repercusiones-sociales-linea-12-del-metro\\\/#breadcrumb\"},\"inLanguage\":\"es\",\"potentialAction\":[{\"@type\":\"ReadAction\",\"target\":[\"https:\\\/\\\/zeromagazine.mx\\\/index.php\\\/2021\\\/06\\\/02\\\/repercusiones-sociales-linea-12-del-metro\\\/\"]}]},{\"@type\":\"ImageObject\",\"inLanguage\":\"es\",\"@id\":\"https:\\\/\\\/zeromagazine.mx\\\/index.php\\\/2021\\\/06\\\/02\\\/repercusiones-sociales-linea-12-del-metro\\\/#primaryimage\",\"url\":\"\",\"contentUrl\":\"\"},{\"@type\":\"BreadcrumbList\",\"@id\":\"https:\\\/\\\/zeromagazine.mx\\\/index.php\\\/2021\\\/06\\\/02\\\/repercusiones-sociales-linea-12-del-metro\\\/#breadcrumb\",\"itemListElement\":[{\"@type\":\"ListItem\",\"position\":1,\"name\":\"Portada\",\"item\":\"https:\\\/\\\/zeromagazine.mx\\\/\"},{\"@type\":\"ListItem\",\"position\":2,\"name\":\"repercusiones sociales linea 12 del metro\"}]},{\"@type\":\"WebSite\",\"@id\":\"https:\\\/\\\/zeromagazine.mx\\\/#website\",\"url\":\"https:\\\/\\\/zeromagazine.mx\\\/\",\"name\":\"Zero Magazine\",\"description\":\"\",\"publisher\":{\"@id\":\"https:\\\/\\\/zeromagazine.mx\\\/#organization\"},\"potentialAction\":[{\"@type\":\"SearchAction\",\"target\":{\"@type\":\"EntryPoint\",\"urlTemplate\":\"https:\\\/\\\/zeromagazine.mx\\\/?s={search_term_string}\"},\"query-input\":{\"@type\":\"PropertyValueSpecification\",\"valueRequired\":true,\"valueName\":\"search_term_string\"}}],\"inLanguage\":\"es\"},{\"@type\":\"Organization\",\"@id\":\"https:\\\/\\\/zeromagazine.mx\\\/#organization\",\"name\":\"Zero Magazine\",\"url\":\"https:\\\/\\\/zeromagazine.mx\\\/\",\"logo\":{\"@type\":\"ImageObject\",\"inLanguage\":\"es\",\"@id\":\"https:\\\/\\\/zeromagazine.mx\\\/#\\\/schema\\\/logo\\\/image\\\/\",\"url\":\"https:\\\/\\\/i0.wp.com\\\/zeromagazine.mx\\\/wp-content\\\/uploads\\\/2025\\\/11\\\/1.jpeg?fit=1000%2C1000&ssl=1\",\"contentUrl\":\"https:\\\/\\\/i0.wp.com\\\/zeromagazine.mx\\\/wp-content\\\/uploads\\\/2025\\\/11\\\/1.jpeg?fit=1000%2C1000&ssl=1\",\"width\":1000,\"height\":1000,\"caption\":\"Zero Magazine\"},\"image\":{\"@id\":\"https:\\\/\\\/zeromagazine.mx\\\/#\\\/schema\\\/logo\\\/image\\\/\"},\"sameAs\":[\"https:\\\/\\\/instagram.com\\\/zeromagazinemx\"]},{\"@type\":\"Person\",\"@id\":\"https:\\\/\\\/zeromagazine.mx\\\/#\\\/schema\\\/person\\\/9aed9f33a7c39af3a348b86d723f7773\",\"name\":\"zeromagazinemx\",\"image\":{\"@type\":\"ImageObject\",\"inLanguage\":\"es\",\"@id\":\"https:\\\/\\\/zeromagazine.mx\\\/wp-content\\\/litespeed\\\/avatar\\\/f91dfe5410d5dcb1a576bf8c45983896.jpg?ver=1776966396\",\"url\":\"https:\\\/\\\/zeromagazine.mx\\\/wp-content\\\/litespeed\\\/avatar\\\/f91dfe5410d5dcb1a576bf8c45983896.jpg?ver=1776966396\",\"contentUrl\":\"https:\\\/\\\/zeromagazine.mx\\\/wp-content\\\/litespeed\\\/avatar\\\/f91dfe5410d5dcb1a576bf8c45983896.jpg?ver=1776966396\",\"caption\":\"zeromagazinemx\"},\"url\":\"https:\\\/\\\/zeromagazine.mx\\\/index.php\\\/author\\\/zeromagazinemx\\\/\"}]}<\/script>\n<!-- \/ Yoast SEO plugin. -->","yoast_head_json":{"title":"repercusiones sociales linea 12 del metro - Zero Magazine","robots":{"index":"index","follow":"follow","max-snippet":"max-snippet:-1","max-image-preview":"max-image-preview:large","max-video-preview":"max-video-preview:-1"},"canonical":"https:\/\/zeromagazine.mx\/index.php\/2021\/06\/02\/repercusiones-sociales-linea-12-del-metro\/","og_locale":"es_ES","og_type":"article","og_title":"repercusiones sociales linea 12 del metro - Zero Magazine","og_description":"El accidente ocurrido la pasada noche del 3 de Mayo en la estaci\u00f3n Olivos de la l\u00ednea 12 del metro el cual dej\u00f3 una gran cantidad de personas sin vida y otros tantos heridos, hasta el d\u00eda de hoy sigue siendo una tragedia muy comentada, las labores tanto de peritaje, recolecci\u00f3n de escombros, entre otras [&hellip;]","og_url":"https:\/\/zeromagazine.mx\/index.php\/2021\/06\/02\/repercusiones-sociales-linea-12-del-metro\/","og_site_name":"Zero Magazine","article_published_time":"2021-06-02T14:00:00+00:00","author":"zeromagazinemx","twitter_card":"summary_large_image","twitter_misc":{"Escrito por":"zeromagazinemx","Tiempo de lectura":"3 minutos"},"schema":{"@context":"https:\/\/schema.org","@graph":[{"@type":"Article","@id":"https:\/\/zeromagazine.mx\/index.php\/2021\/06\/02\/repercusiones-sociales-linea-12-del-metro\/#article","isPartOf":{"@id":"https:\/\/zeromagazine.mx\/index.php\/2021\/06\/02\/repercusiones-sociales-linea-12-del-metro\/"},"author":{"name":"zeromagazinemx","@id":"https:\/\/zeromagazine.mx\/#\/schema\/person\/9aed9f33a7c39af3a348b86d723f7773"},"headline":"repercusiones sociales linea 12 del metro","datePublished":"2021-06-02T14:00:00+00:00","mainEntityOfPage":{"@id":"https:\/\/zeromagazine.mx\/index.php\/2021\/06\/02\/repercusiones-sociales-linea-12-del-metro\/"},"wordCount":560,"commentCount":0,"publisher":{"@id":"https:\/\/zeromagazine.mx\/#organization"},"image":{"@id":"https:\/\/zeromagazine.mx\/index.php\/2021\/06\/02\/repercusiones-sociales-linea-12-del-metro\/#primaryimage"},"thumbnailUrl":"","keywords":["Atlalilco","Claudia Sheinbaum","Estaci\u00f3n Olivos","Estado de M\u00e9xico","Iztapalapa","Jefa de Gobierno","L\u00ednea 12","Metro en la L\u00ednea 12","M\u00c9XICO","Milpa alta","Mixcoac","Repercusiones","tl\u00e1huac","World Resources Institute (WRI)","XOCHIMILCO"],"articleSection":["Lifestyle"],"inLanguage":"es","potentialAction":[{"@type":"CommentAction","name":"Comment","target":["https:\/\/zeromagazine.mx\/index.php\/2021\/06\/02\/repercusiones-sociales-linea-12-del-metro\/#respond"]}]},{"@type":"WebPage","@id":"https:\/\/zeromagazine.mx\/index.php\/2021\/06\/02\/repercusiones-sociales-linea-12-del-metro\/","url":"https:\/\/zeromagazine.mx\/index.php\/2021\/06\/02\/repercusiones-sociales-linea-12-del-metro\/","name":"repercusiones sociales linea 12 del metro - Zero Magazine","isPartOf":{"@id":"https:\/\/zeromagazine.mx\/#website"},"primaryImageOfPage":{"@id":"https:\/\/zeromagazine.mx\/index.php\/2021\/06\/02\/repercusiones-sociales-linea-12-del-metro\/#primaryimage"},"image":{"@id":"https:\/\/zeromagazine.mx\/index.php\/2021\/06\/02\/repercusiones-sociales-linea-12-del-metro\/#primaryimage"},"thumbnailUrl":"","datePublished":"2021-06-02T14:00:00+00:00","breadcrumb":{"@id":"https:\/\/zeromagazine.mx\/index.php\/2021\/06\/02\/repercusiones-sociales-linea-12-del-metro\/#breadcrumb"},"inLanguage":"es","potentialAction":[{"@type":"ReadAction","target":["https:\/\/zeromagazine.mx\/index.php\/2021\/06\/02\/repercusiones-sociales-linea-12-del-metro\/"]}]},{"@type":"ImageObject","inLanguage":"es","@id":"https:\/\/zeromagazine.mx\/index.php\/2021\/06\/02\/repercusiones-sociales-linea-12-del-metro\/#primaryimage","url":"","contentUrl":""},{"@type":"BreadcrumbList","@id":"https:\/\/zeromagazine.mx\/index.php\/2021\/06\/02\/repercusiones-sociales-linea-12-del-metro\/#breadcrumb","itemListElement":[{"@type":"ListItem","position":1,"name":"Portada","item":"https:\/\/zeromagazine.mx\/"},{"@type":"ListItem","position":2,"name":"repercusiones sociales linea 12 del metro"}]},{"@type":"WebSite","@id":"https:\/\/zeromagazine.mx\/#website","url":"https:\/\/zeromagazine.mx\/","name":"Zero Magazine","description":"","publisher":{"@id":"https:\/\/zeromagazine.mx\/#organization"},"potentialAction":[{"@type":"SearchAction","target":{"@type":"EntryPoint","urlTemplate":"https:\/\/zeromagazine.mx\/?s={search_term_string}"},"query-input":{"@type":"PropertyValueSpecification","valueRequired":true,"valueName":"search_term_string"}}],"inLanguage":"es"},{"@type":"Organization","@id":"https:\/\/zeromagazine.mx\/#organization","name":"Zero Magazine","url":"https:\/\/zeromagazine.mx\/","logo":{"@type":"ImageObject","inLanguage":"es","@id":"https:\/\/zeromagazine.mx\/#\/schema\/logo\/image\/","url":"https:\/\/i0.wp.com\/zeromagazine.mx\/wp-content\/uploads\/2025\/11\/1.jpeg?fit=1000%2C1000&ssl=1","contentUrl":"https:\/\/i0.wp.com\/zeromagazine.mx\/wp-content\/uploads\/2025\/11\/1.jpeg?fit=1000%2C1000&ssl=1","width":1000,"height":1000,"caption":"Zero Magazine"},"image":{"@id":"https:\/\/zeromagazine.mx\/#\/schema\/logo\/image\/"},"sameAs":["https:\/\/instagram.com\/zeromagazinemx"]},{"@type":"Person","@id":"https:\/\/zeromagazine.mx\/#\/schema\/person\/9aed9f33a7c39af3a348b86d723f7773","name":"zeromagazinemx","image":{"@type":"ImageObject","inLanguage":"es","@id":"https:\/\/zeromagazine.mx\/wp-content\/litespeed\/avatar\/f91dfe5410d5dcb1a576bf8c45983896.jpg?ver=1776966396","url":"https:\/\/zeromagazine.mx\/wp-content\/litespeed\/avatar\/f91dfe5410d5dcb1a576bf8c45983896.jpg?ver=1776966396","contentUrl":"https:\/\/zeromagazine.mx\/wp-content\/litespeed\/avatar\/f91dfe5410d5dcb1a576bf8c45983896.jpg?ver=1776966396","caption":"zeromagazinemx"},"url":"https:\/\/zeromagazine.mx\/index.php\/author\/zeromagazinemx\/"}]}},"jetpack_publicize_connections":[],"jetpack_featured_media_url":"","jetpack-related-posts":[{"id":50039,"url":"https:\/\/zeromagazine.mx\/index.php\/2021\/07\/12\/herman-miller-presenta-su-nueva-linea-de-mobiliario\/","url_meta":{"origin":46616,"position":0},"title":"Herman Miller presenta su nueva l\u00ednea de mobiliario","author":"zeromagazinemx","date":"12 de julio de 2021","format":false,"excerpt":"Herman Miller presenta OE1, la nueva l\u00ednea mobiliaria para oficinas post-pandemia. Por Mayra Torres OE1 es la nueva l\u00ednea de productos mobiliarios para oficinas que ofrece una amplia gama de elementos para crear entornos de trabajo variados y flexibles para adaptarse al crecimiento, a las nuevas necesidades o deseos e\u2026","rel":"","context":"En \u00abDise\u00f1o\u00bb","block_context":{"text":"Dise\u00f1o","link":"https:\/\/zeromagazine.mx\/index.php\/category\/diseno\/"},"img":{"alt_text":"","src":"","width":0,"height":0},"classes":[]},{"id":71302,"url":"https:\/\/zeromagazine.mx\/index.php\/2024\/02\/26\/brillando-en-los-world-olive-oil-awards\/","url_meta":{"origin":46616,"position":1},"title":"Brillando en los World Olive Oil Awards","author":"zeromagazinemx","date":"26 de febrero de 2024","format":false,"excerpt":"Les cuento que la onda de los Aceites de Oliva Europeos est\u00e1 m\u00e1s fuerte que nunca en la Ciudad de M\u00e9xico! El mi\u00e9rcoles 21 de febrero fue la noche en la que la magia culinaria brill\u00f3 en el Palacio Metropolitano, gracias a los World Olive Oil Awards \u201cSaborea la Vida\u201d.\u2026","rel":"","context":"En \u00abFoodie\u00bb","block_context":{"text":"Foodie","link":"https:\/\/zeromagazine.mx\/index.php\/category\/lifestyle\/foodie\/"},"img":{"alt_text":"","src":"https:\/\/i0.wp.com\/zeromagazine.mx\/wp-content\/uploads\/2024\/02\/1-Foto-familia-World-Olive-Oil-Awards-scaled.jpg?fit=1200%2C800&ssl=1&resize=350%2C200","width":350,"height":200,"srcset":"https:\/\/i0.wp.com\/zeromagazine.mx\/wp-content\/uploads\/2024\/02\/1-Foto-familia-World-Olive-Oil-Awards-scaled.jpg?fit=1200%2C800&ssl=1&resize=350%2C200 1x, https:\/\/i0.wp.com\/zeromagazine.mx\/wp-content\/uploads\/2024\/02\/1-Foto-familia-World-Olive-Oil-Awards-scaled.jpg?fit=1200%2C800&ssl=1&resize=525%2C300 1.5x, https:\/\/i0.wp.com\/zeromagazine.mx\/wp-content\/uploads\/2024\/02\/1-Foto-familia-World-Olive-Oil-Awards-scaled.jpg?fit=1200%2C800&ssl=1&resize=700%2C400 2x, https:\/\/i0.wp.com\/zeromagazine.mx\/wp-content\/uploads\/2024\/02\/1-Foto-familia-World-Olive-Oil-Awards-scaled.jpg?fit=1200%2C800&ssl=1&resize=1050%2C600 3x"},"classes":[]},{"id":100704,"url":"https:\/\/zeromagazine.mx\/index.php\/2025\/04\/07\/recompensas-idealz\/","url_meta":{"origin":46616,"position":2},"title":"Recompensas Idealz","author":"David Morales","date":"7 de abril de 2025","format":false,"excerpt":"Amix, \u00bfte imaginas hacer compras en l\u00ednea, jugar y adem\u00e1s tener chance de ganar un coche o un viaje de lujo? Pues deja de imaginar porque ya es real con Idealz, la plataforma que ha revolucionado el ecommerce en Dub\u00e1i, Londres y L\u00edbano, acaba de aterrizar en M\u00e9xico de la\u2026","rel":"","context":"En \u00abTech\u00bb","block_context":{"text":"Tech","link":"https:\/\/zeromagazine.mx\/index.php\/category\/tech\/"},"img":{"alt_text":"","src":"https:\/\/i0.wp.com\/zeromagazine.mx\/wp-content\/uploads\/2025\/04\/10.png?fit=1200%2C1177&ssl=1&resize=350%2C200","width":350,"height":200,"srcset":"https:\/\/i0.wp.com\/zeromagazine.mx\/wp-content\/uploads\/2025\/04\/10.png?fit=1200%2C1177&ssl=1&resize=350%2C200 1x, https:\/\/i0.wp.com\/zeromagazine.mx\/wp-content\/uploads\/2025\/04\/10.png?fit=1200%2C1177&ssl=1&resize=525%2C300 1.5x, https:\/\/i0.wp.com\/zeromagazine.mx\/wp-content\/uploads\/2025\/04\/10.png?fit=1200%2C1177&ssl=1&resize=700%2C400 2x, https:\/\/i0.wp.com\/zeromagazine.mx\/wp-content\/uploads\/2025\/04\/10.png?fit=1200%2C1177&ssl=1&resize=1050%2C600 3x"},"classes":[]},{"id":93560,"url":"https:\/\/zeromagazine.mx\/index.php\/2024\/12\/19\/recetas-faciles-para-personas-con-diabetes\/","url_meta":{"origin":46616,"position":3},"title":"Recetas F\u00e1ciles para Personas con Diabetes","author":"zeromagazinemx","date":"19 de diciembre de 2024","format":false,"excerpt":"\u00bfQui\u00e9n dijo que la diabetes es cosa de \u201cabuelit@s\u201d? porque obviamente ya no lo es. En pleno 2024, cada vez m\u00e1s j\u00f3venes entre 18 y 25 a\u00f1os en M\u00e9xico est\u00e1n siendo diagnosticados o est\u00e1n en riesgo de desarrollar esta condici\u00f3n. Y no, no es un drama m\u00e1s de nuestra generaci\u00f3n,\u2026","rel":"","context":"En \u00abFoodie\u00bb","block_context":{"text":"Foodie","link":"https:\/\/zeromagazine.mx\/index.php\/category\/lifestyle\/foodie\/"},"img":{"alt_text":"","src":"https:\/\/i0.wp.com\/zeromagazine.mx\/wp-content\/uploads\/2024\/12\/Lemon_thyme_steamed_chicken.jpg?fit=720%2C469&ssl=1&resize=350%2C200","width":350,"height":200,"srcset":"https:\/\/i0.wp.com\/zeromagazine.mx\/wp-content\/uploads\/2024\/12\/Lemon_thyme_steamed_chicken.jpg?fit=720%2C469&ssl=1&resize=350%2C200 1x, https:\/\/i0.wp.com\/zeromagazine.mx\/wp-content\/uploads\/2024\/12\/Lemon_thyme_steamed_chicken.jpg?fit=720%2C469&ssl=1&resize=525%2C300 1.5x, https:\/\/i0.wp.com\/zeromagazine.mx\/wp-content\/uploads\/2024\/12\/Lemon_thyme_steamed_chicken.jpg?fit=720%2C469&ssl=1&resize=700%2C400 2x"},"classes":[]},{"id":69939,"url":"https:\/\/zeromagazine.mx\/index.php\/2023\/12\/26\/fain-arte-emergente-en-tu-click\/","url_meta":{"origin":46616,"position":4},"title":"FAIN: Arte Emergente en Tu Click","author":"David Morales","date":"26 de diciembre de 2023","format":false,"excerpt":"\u00bfAndan buscando el regalo perfecto para estas fiestas? Tranquis, \u00a1tengo el dato que necesitan! La cuarta edici\u00f3n de FAIN, la Feria de Arte Independiente, fue un boom absoluto. Imaginen esta experiencia: 27 artistas, 6 Casas FAIN y la oportunidad de adentrarse en el mundo art\u00edstico emergente de la CDMX. No\u2026","rel":"","context":"En \u00abLifestyle\u00bb","block_context":{"text":"Lifestyle","link":"https:\/\/zeromagazine.mx\/index.php\/category\/lifestyle\/"},"img":{"alt_text":"","src":"https:\/\/i0.wp.com\/zeromagazine.mx\/wp-content\/uploads\/2023\/12\/Conferencia-FAIN-fa-6.jpg?fit=1200%2C800&ssl=1&resize=350%2C200","width":350,"height":200,"srcset":"https:\/\/i0.wp.com\/zeromagazine.mx\/wp-content\/uploads\/2023\/12\/Conferencia-FAIN-fa-6.jpg?fit=1200%2C800&ssl=1&resize=350%2C200 1x, https:\/\/i0.wp.com\/zeromagazine.mx\/wp-content\/uploads\/2023\/12\/Conferencia-FAIN-fa-6.jpg?fit=1200%2C800&ssl=1&resize=525%2C300 1.5x, https:\/\/i0.wp.com\/zeromagazine.mx\/wp-content\/uploads\/2023\/12\/Conferencia-FAIN-fa-6.jpg?fit=1200%2C800&ssl=1&resize=700%2C400 2x, https:\/\/i0.wp.com\/zeromagazine.mx\/wp-content\/uploads\/2023\/12\/Conferencia-FAIN-fa-6.jpg?fit=1200%2C800&ssl=1&resize=1050%2C600 3x"},"classes":[]},{"id":106979,"url":"https:\/\/zeromagazine.mx\/index.php\/2025\/07\/28\/power-block-bocinas-portatiles\/","url_meta":{"origin":46616,"position":5},"title":"Power Block: la bocina que prende la fiesta","author":"David Morales","date":"28 de julio de 2025","format":false,"excerpt":"Este verano, que no te falte ni m\u00fasica ni potencia. Las bocinas Power Block llegaron para prender el ambiente desde el primer beat, con un sonido tan potente que no hay pretexto para que tu fiesta se quede a medias. No importa si est\u00e1s organizando un karaoke improvisado, un asado\u2026","rel":"","context":"En \u00abTech\u00bb","block_context":{"text":"Tech","link":"https:\/\/zeromagazine.mx\/index.php\/category\/tech\/"},"img":{"alt_text":"","src":"https:\/\/i0.wp.com\/zeromagazine.mx\/wp-content\/uploads\/2025\/07\/FOTO-10.webp?fit=1000%2C1000&ssl=1&resize=350%2C200","width":350,"height":200,"srcset":"https:\/\/i0.wp.com\/zeromagazine.mx\/wp-content\/uploads\/2025\/07\/FOTO-10.webp?fit=1000%2C1000&ssl=1&resize=350%2C200 1x, https:\/\/i0.wp.com\/zeromagazine.mx\/wp-content\/uploads\/2025\/07\/FOTO-10.webp?fit=1000%2C1000&ssl=1&resize=525%2C300 1.5x, https:\/\/i0.wp.com\/zeromagazine.mx\/wp-content\/uploads\/2025\/07\/FOTO-10.webp?fit=1000%2C1000&ssl=1&resize=700%2C400 2x"},"classes":[]}],"jetpack_sharing_enabled":true,"builder_content":"","_links":{"self":[{"href":"https:\/\/zeromagazine.mx\/index.php\/wp-json\/wp\/v2\/posts\/46616","targetHints":{"allow":["GET"]}}],"collection":[{"href":"https:\/\/zeromagazine.mx\/index.php\/wp-json\/wp\/v2\/posts"}],"about":[{"href":"https:\/\/zeromagazine.mx\/index.php\/wp-json\/wp\/v2\/types\/post"}],"author":[{"embeddable":true,"href":"https:\/\/zeromagazine.mx\/index.php\/wp-json\/wp\/v2\/users\/2"}],"replies":[{"embeddable":true,"href":"https:\/\/zeromagazine.mx\/index.php\/wp-json\/wp\/v2\/comments?post=46616"}],"version-history":[{"count":0,"href":"https:\/\/zeromagazine.mx\/index.php\/wp-json\/wp\/v2\/posts\/46616\/revisions"}],"wp:featuredmedia":[{"embeddable":true,"href":"https:\/\/zeromagazine.mx\/index.php\/wp-json\/"}],"wp:attachment":[{"href":"https:\/\/zeromagazine.mx\/index.php\/wp-json\/wp\/v2\/media?parent=46616"}],"wp:term":[{"taxonomy":"category","embeddable":true,"href":"https:\/\/zeromagazine.mx\/index.php\/wp-json\/wp\/v2\/categories?post=46616"},{"taxonomy":"post_tag","embeddable":true,"href":"https:\/\/zeromagazine.mx\/index.php\/wp-json\/wp\/v2\/tags?post=46616"}],"curies":[{"name":"wp","href":"https:\/\/api.w.org\/{rel}","templated":true}]}}