{"id":47069,"date":"2021-06-08T09:00:00","date_gmt":"2021-06-08T14:00:00","guid":{"rendered":"https:\/\/atomic-temporary-84115225.wpcomstaging.com\/?p=47069"},"modified":"2021-06-08T09:00:00","modified_gmt":"2021-06-08T14:00:00","slug":"dependencia-economica-el-gran-problema-de-america-latina","status":"publish","type":"post","link":"https:\/\/zeromagazine.mx\/index.php\/2021\/06\/08\/dependencia-economica-el-gran-problema-de-america-latina\/","title":{"rendered":"Dependencia econ\u00f3mica, el gran problema de Am\u00e9rica Latina"},"content":{"rendered":"\n<p>El <strong><em>estancamiento econ\u00f3mico<\/em><\/strong> en M\u00e9xico y Am\u00e9rica Latina se ha visto muy pronunciado durante las \u00faltimas d\u00e9cadas. Es f\u00e1cil solo culpar a las malas decisiones tomadas por los gobiernos, pol\u00edticas p\u00fablicas y econ\u00f3micas mal fundamentadas o aplicadas, excesos, corrupci\u00f3n y un modelo econ\u00f3mico aplicado y ense\u00f1ado desde el estudio de econom\u00edas desarrolladas. Pero es mucho m\u00e1s que eso.<\/p>\n\n\n\n<div class=\"wp-block-buttons is-layout-flex wp-block-buttons-is-layout-flex\">\n<div class=\"wp-block-button is-style-outline is-style-outline--1\"><a class=\"wp-block-button__link\">por Eduardo Flores Ortiz<\/a><\/div>\n<\/div>\n\n\n\n<p><\/p>\n\n\n\n<p>Tan s\u00f3lo en la historia econ\u00f3mica del pa\u00eds hay acontecimientos muy importantes y que nos han dejado marcados, desde la <strong><em>crisis de los a\u00f1os 80\u2019s<\/em><\/strong> cuando el <strong>Gobierno Mexicano<\/strong> se vio obligado a dar un giro en su pol\u00edtica econ\u00f3mica, principalmente presionado por organismos financieros internacionales debido al alto nivel de endeudamiento, hasta la crisis denominada \u201c<em>el efecto tequila<\/em>\u201d.<\/p>\n\n\n\n<p>Pero\u2026 \u00bfEsto qu\u00e9 tiene que ver con la <strong><em>dependencia econ\u00f3mica<\/em><\/strong>?\u00a0Bueno, decimos que existe una relaci\u00f3n de dependencia cuando un pa\u00eds s\u00f3lo puede desarrollarse y crecer en funci\u00f3n del desarrollo econ\u00f3mico de otro pa\u00eds; la <strong><em>econom\u00eda mundial<\/em><\/strong> est\u00e1 en constante desarrollo y este a su vez comienza a generar problemas de desigualdad para los pa\u00edses subdesarrollados, esto sucede debido a que existe un pa\u00eds desarrollado como centro, que en lo general est\u00e1 mayormente dotado de altos niveles de inversi\u00f3n y en infraestructura para la producci\u00f3n, lo que le permite obtener un alto grado de valor agregado o ganancias extraordinarias. Ahora bien, si existe un pa\u00eds que funge como centro, hay pa\u00edses a su alrededor a los que denominamos la <strong><em>periferia <\/em><\/strong>o <strong><em>pa\u00edses subdesarrollados<\/em><\/strong>, estos se caracterizan por su bajo nivel de industrializaci\u00f3n y que por lo general se encargan de producir alimentos y materias primas; que tienen un valor muy bajo en los mercados lo que significa precios muy bajos y ganancias diminutas. Consecuentemente, mientras el centro o pa\u00eds desarrollado al obtener ganancias extraordinarias gracias a sus altos niveles de industrializaci\u00f3n y tecnolog\u00eda emprenden nuevos y m\u00e1s sofisticados procesos de producci\u00f3n que maximizan a\u00fan m\u00e1s sus ganancias; mientras que la periferia o los pa\u00edses subdesarrollados comienzan a padecer de un mayor \u00edndice de marginaci\u00f3n industrial y tecnol\u00f3gica que minimiza a\u00fan m\u00e1s sus ganancias.<\/p>\n\n\n\n<div class=\"wp-block-image coblocks-animate\"><figure class=\"aligncenter size-large\"><a href=\"https:\/\/i0.wp.com\/zeromagazinemx.wpcomstaging.com\/wp-content\/uploads\/2022\/02\/d380a-depen_ec.jpeg?ssl=1\"><img data-recalc-dims=\"1\" decoding=\"async\" src=\"https:\/\/i0.wp.com\/zeromagazinemx.wpcomstaging.com\/wp-content\/uploads\/2022\/02\/d380a-depen_ec.jpeg?w=1165&#038;ssl=1\" alt=\"\" class=\"wp-image-47075\" \/><\/a><\/figure><\/div>\n\n\n\n\n\n<div style=\"height:10px;\" aria-hidden=\"true\" class=\"wp-block-spacer\"><\/div>\n\n\n\n<p>Entonces, a partir de esto podemos saber qu\u00e9 es lo que pasa realmente en M\u00e9xico y Am\u00e9rica Latina, el estancamiento sostenido del <strong><em>desarrollo y crecimiento econ\u00f3mico<\/em><\/strong> est\u00e1 anclado a la alta dependencia que tenemos de nuestro pa\u00eds central, que en este caso es Estados Unidos, y es que es muy notorio que la evoluci\u00f3n de nuestra econom\u00eda est\u00e1 en funci\u00f3n de lo que suceda en los Estados Unidos, por ejemplo, la recuperaci\u00f3n de la econom\u00eda mexicana y de pa\u00edses latinoamericanos despu\u00e9s de la <em>pandemia <\/em>surge como una reacci\u00f3n de las pol\u00edticas fiscales del <strong>gobierno norteamericano<\/strong>, cabe mencionar que el <strong>FMI <\/strong>y expertos indican que la recuperaci\u00f3n del <strong>PIB <\/strong>de M\u00e9xico no muestra una fortaleza de nuestra econom\u00eda, sino es resultado de c\u00f3mo ser\u00e1 la din\u00e1mica econ\u00f3mica de los Estados Unidos.<\/p>\n\n\n\n<p>Adem\u00e1s de la fuerte e hist\u00f3rica intervenci\u00f3n medi\u00e1tica, geopol\u00edtica, econ\u00f3mica y social que ha aplicado el gobierno norteamericano sobre los pa\u00edses latinoamericanos, pues el centro no funciona sin la periferia y mantener la subordinaci\u00f3n de esta les permitir\u00e1 seguir con la hegemon\u00eda econ\u00f3mica mundial que tiene.<\/p>\n\n\n\n<div class=\"wp-block-image coblocks-animate\"><figure class=\"aligncenter size-large is-resized\"><a href=\"https:\/\/i0.wp.com\/zeromagazinemx.wpcomstaging.com\/wp-content\/uploads\/2022\/02\/756d8-ec_domin.jpg?ssl=1\"><img data-recalc-dims=\"1\" decoding=\"async\" src=\"https:\/\/i0.wp.com\/zeromagazinemx.wpcomstaging.com\/wp-content\/uploads\/2022\/02\/756d8-ec_domin.jpg?resize=514%2C343&#038;ssl=1\" alt=\"\" class=\"wp-image-47073\" width=\"514\" height=\"343\" \/><\/a><\/figure><\/div>\n\n\n\n\n\n<div style=\"height:10px;\" aria-hidden=\"true\" class=\"wp-block-spacer\"><\/div>\n\n\n\n<p>Todo esto de la dependencia econ\u00f3mica tiene tintes estructurales muy fuertes que comenzaron desde la aplicaci\u00f3n del modelo neoliberal en Am\u00e9rica Latina, y no es que sea un modelo econ\u00f3mico malo, sino que su aplicaci\u00f3n debi\u00f3 de ser distinta y desde el punto de vista del comportamiento de una econom\u00eda emergente. La dependencia econ\u00f3mica fue, es y ser\u00e1 el gran problema de M\u00e9xico y Am\u00e9rica Latina, que siendo pa\u00edses tan ricos en cultura y recursos naturales no pueden desarrollarse de manera exitosa por el fuerte comportamiento, donde la riqueza ya mencionada va desde la periferia hacia el centro.<\/p>\n\n\n\n<div style=\"height:15px;\" aria-hidden=\"true\" class=\"wp-block-spacer\"><\/div>\n\n\n<!--themify_builder_content-->\n<div id=\"themify_builder_content-47069\" data-postid=\"47069\" class=\"themify_builder_content themify_builder_content-47069 themify_builder tf_clear\">\n    <\/div>\n<!--\/themify_builder_content-->\n","protected":false},"excerpt":{"rendered":"<p>El estancamiento econ\u00f3mico en M\u00e9xico y Am\u00e9rica Latina se ha visto muy pronunciado durante las \u00faltimas d\u00e9cadas. Es f\u00e1cil solo culpar a las malas decisiones tomadas por los gobiernos, pol\u00edticas p\u00fablicas y econ\u00f3micas mal fundamentadas o aplicadas, excesos, corrupci\u00f3n y un modelo econ\u00f3mico aplicado y ense\u00f1ado desde el estudio de econom\u00edas desarrolladas. Pero es mucho [&hellip;]<\/p>\n","protected":false},"author":2,"featured_media":47074,"comment_status":"open","ping_status":"open","sticky":false,"template":"","format":"standard","meta":{"_jetpack_memberships_contains_paid_content":false,"footnotes":"","jetpack_publicize_message":"\u00bfSabes cu\u00e1l es el estancamiento econ\u00f3mico en nuestro pa\u00eds y en Am\u00e9rica Latina? Hoy El asesor nos lo cuenta","jetpack_publicize_feature_enabled":true,"jetpack_social_post_already_shared":true,"jetpack_social_options":{"image_generator_settings":{"template":"highway","default_image_id":0,"font":"","enabled":false},"version":2}},"categories":[75,80],"tags":[537,439,538,445,539,540,541,542,543,83],"class_list":["post-47069","post","type-post","status-publish","format-standard","has-post-thumbnail","hentry","category-dinero","category-finanzas","tag-america-latina","tag-crecimiento-y-desarrollo-economico","tag-dependencia-economica","tag-economia-mundial","tag-estancamiento-economico","tag-fmi","tag-gobierno-mexicano","tag-gobierno-norteamericano","tag-latinoamerica","tag-pib","has-post-title","has-post-date","has-post-category","has-post-tag","has-post-comment","has-post-author",""],"yoast_head":"<!-- This site is optimized with the Yoast SEO plugin v27.5 - https:\/\/yoast.com\/product\/yoast-seo-wordpress\/ -->\n<title>Dependencia econ\u00f3mica, el gran problema de Am\u00e9rica Latina - Zero Magazine<\/title>\n<meta name=\"robots\" content=\"index, follow, max-snippet:-1, max-image-preview:large, max-video-preview:-1\" \/>\n<link rel=\"canonical\" href=\"https:\/\/zeromagazine.mx\/index.php\/2021\/06\/08\/dependencia-economica-el-gran-problema-de-america-latina\/\" \/>\n<meta property=\"og:locale\" content=\"es_ES\" \/>\n<meta property=\"og:type\" content=\"article\" \/>\n<meta property=\"og:title\" content=\"Dependencia econ\u00f3mica, el gran problema de Am\u00e9rica Latina - Zero Magazine\" \/>\n<meta property=\"og:description\" content=\"El estancamiento econ\u00f3mico en M\u00e9xico y Am\u00e9rica Latina se ha visto muy pronunciado durante las \u00faltimas d\u00e9cadas. Es f\u00e1cil solo culpar a las malas decisiones tomadas por los gobiernos, pol\u00edticas p\u00fablicas y econ\u00f3micas mal fundamentadas o aplicadas, excesos, corrupci\u00f3n y un modelo econ\u00f3mico aplicado y ense\u00f1ado desde el estudio de econom\u00edas desarrolladas. Pero es mucho [&hellip;]\" \/>\n<meta property=\"og:url\" content=\"https:\/\/zeromagazine.mx\/index.php\/2021\/06\/08\/dependencia-economica-el-gran-problema-de-america-latina\/\" \/>\n<meta property=\"og:site_name\" content=\"Zero Magazine\" \/>\n<meta property=\"article:published_time\" content=\"2021-06-08T14:00:00+00:00\" \/>\n<meta name=\"author\" content=\"zeromagazinemx\" \/>\n<meta name=\"twitter:card\" content=\"summary_large_image\" \/>\n<meta name=\"twitter:label1\" content=\"Escrito por\" \/>\n\t<meta name=\"twitter:data1\" content=\"zeromagazinemx\" \/>\n\t<meta name=\"twitter:label2\" content=\"Tiempo de lectura\" \/>\n\t<meta name=\"twitter:data2\" content=\"4 minutos\" \/>\n<script type=\"application\/ld+json\" class=\"yoast-schema-graph\">{\"@context\":\"https:\\\/\\\/schema.org\",\"@graph\":[{\"@type\":\"Article\",\"@id\":\"https:\\\/\\\/zeromagazine.mx\\\/index.php\\\/2021\\\/06\\\/08\\\/dependencia-economica-el-gran-problema-de-america-latina\\\/#article\",\"isPartOf\":{\"@id\":\"https:\\\/\\\/zeromagazine.mx\\\/index.php\\\/2021\\\/06\\\/08\\\/dependencia-economica-el-gran-problema-de-america-latina\\\/\"},\"author\":{\"name\":\"zeromagazinemx\",\"@id\":\"https:\\\/\\\/zeromagazine.mx\\\/#\\\/schema\\\/person\\\/9aed9f33a7c39af3a348b86d723f7773\"},\"headline\":\"Dependencia econ\u00f3mica, el gran problema de Am\u00e9rica Latina\",\"datePublished\":\"2021-06-08T14:00:00+00:00\",\"mainEntityOfPage\":{\"@id\":\"https:\\\/\\\/zeromagazine.mx\\\/index.php\\\/2021\\\/06\\\/08\\\/dependencia-economica-el-gran-problema-de-america-latina\\\/\"},\"wordCount\":714,\"commentCount\":0,\"publisher\":{\"@id\":\"https:\\\/\\\/zeromagazine.mx\\\/#organization\"},\"image\":{\"@id\":\"https:\\\/\\\/zeromagazine.mx\\\/index.php\\\/2021\\\/06\\\/08\\\/dependencia-economica-el-gran-problema-de-america-latina\\\/#primaryimage\"},\"thumbnailUrl\":\"\",\"keywords\":[\"Am\u00e9rica Latina\",\"Crecimiento y Desarrollo Econ\u00f3mico\",\"Dependencia Econ\u00f3mica\",\"Econom\u00eda Mundial\",\"Estancamiento Econ\u00f3mico\",\"FMI\",\"Gobierno Mexicano\",\"Gobierno Norteamericano\",\"latinoamerica\",\"PIB\"],\"articleSection\":[\"Dinero\",\"Finanzas\"],\"inLanguage\":\"es\",\"potentialAction\":[{\"@type\":\"CommentAction\",\"name\":\"Comment\",\"target\":[\"https:\\\/\\\/zeromagazine.mx\\\/index.php\\\/2021\\\/06\\\/08\\\/dependencia-economica-el-gran-problema-de-america-latina\\\/#respond\"]}]},{\"@type\":\"WebPage\",\"@id\":\"https:\\\/\\\/zeromagazine.mx\\\/index.php\\\/2021\\\/06\\\/08\\\/dependencia-economica-el-gran-problema-de-america-latina\\\/\",\"url\":\"https:\\\/\\\/zeromagazine.mx\\\/index.php\\\/2021\\\/06\\\/08\\\/dependencia-economica-el-gran-problema-de-america-latina\\\/\",\"name\":\"Dependencia econ\u00f3mica, el gran problema de Am\u00e9rica Latina - Zero Magazine\",\"isPartOf\":{\"@id\":\"https:\\\/\\\/zeromagazine.mx\\\/#website\"},\"primaryImageOfPage\":{\"@id\":\"https:\\\/\\\/zeromagazine.mx\\\/index.php\\\/2021\\\/06\\\/08\\\/dependencia-economica-el-gran-problema-de-america-latina\\\/#primaryimage\"},\"image\":{\"@id\":\"https:\\\/\\\/zeromagazine.mx\\\/index.php\\\/2021\\\/06\\\/08\\\/dependencia-economica-el-gran-problema-de-america-latina\\\/#primaryimage\"},\"thumbnailUrl\":\"\",\"datePublished\":\"2021-06-08T14:00:00+00:00\",\"breadcrumb\":{\"@id\":\"https:\\\/\\\/zeromagazine.mx\\\/index.php\\\/2021\\\/06\\\/08\\\/dependencia-economica-el-gran-problema-de-america-latina\\\/#breadcrumb\"},\"inLanguage\":\"es\",\"potentialAction\":[{\"@type\":\"ReadAction\",\"target\":[\"https:\\\/\\\/zeromagazine.mx\\\/index.php\\\/2021\\\/06\\\/08\\\/dependencia-economica-el-gran-problema-de-america-latina\\\/\"]}]},{\"@type\":\"ImageObject\",\"inLanguage\":\"es\",\"@id\":\"https:\\\/\\\/zeromagazine.mx\\\/index.php\\\/2021\\\/06\\\/08\\\/dependencia-economica-el-gran-problema-de-america-latina\\\/#primaryimage\",\"url\":\"\",\"contentUrl\":\"\"},{\"@type\":\"BreadcrumbList\",\"@id\":\"https:\\\/\\\/zeromagazine.mx\\\/index.php\\\/2021\\\/06\\\/08\\\/dependencia-economica-el-gran-problema-de-america-latina\\\/#breadcrumb\",\"itemListElement\":[{\"@type\":\"ListItem\",\"position\":1,\"name\":\"Portada\",\"item\":\"https:\\\/\\\/zeromagazine.mx\\\/\"},{\"@type\":\"ListItem\",\"position\":2,\"name\":\"Dependencia econ\u00f3mica, el gran problema de Am\u00e9rica Latina\"}]},{\"@type\":\"WebSite\",\"@id\":\"https:\\\/\\\/zeromagazine.mx\\\/#website\",\"url\":\"https:\\\/\\\/zeromagazine.mx\\\/\",\"name\":\"Zero Magazine\",\"description\":\"\",\"publisher\":{\"@id\":\"https:\\\/\\\/zeromagazine.mx\\\/#organization\"},\"potentialAction\":[{\"@type\":\"SearchAction\",\"target\":{\"@type\":\"EntryPoint\",\"urlTemplate\":\"https:\\\/\\\/zeromagazine.mx\\\/?s={search_term_string}\"},\"query-input\":{\"@type\":\"PropertyValueSpecification\",\"valueRequired\":true,\"valueName\":\"search_term_string\"}}],\"inLanguage\":\"es\"},{\"@type\":\"Organization\",\"@id\":\"https:\\\/\\\/zeromagazine.mx\\\/#organization\",\"name\":\"Zero Magazine\",\"url\":\"https:\\\/\\\/zeromagazine.mx\\\/\",\"logo\":{\"@type\":\"ImageObject\",\"inLanguage\":\"es\",\"@id\":\"https:\\\/\\\/zeromagazine.mx\\\/#\\\/schema\\\/logo\\\/image\\\/\",\"url\":\"https:\\\/\\\/i0.wp.com\\\/zeromagazine.mx\\\/wp-content\\\/uploads\\\/2025\\\/11\\\/1.jpeg?fit=1000%2C1000&ssl=1\",\"contentUrl\":\"https:\\\/\\\/i0.wp.com\\\/zeromagazine.mx\\\/wp-content\\\/uploads\\\/2025\\\/11\\\/1.jpeg?fit=1000%2C1000&ssl=1\",\"width\":1000,\"height\":1000,\"caption\":\"Zero Magazine\"},\"image\":{\"@id\":\"https:\\\/\\\/zeromagazine.mx\\\/#\\\/schema\\\/logo\\\/image\\\/\"},\"sameAs\":[\"https:\\\/\\\/instagram.com\\\/zeromagazinemx\"]},{\"@type\":\"Person\",\"@id\":\"https:\\\/\\\/zeromagazine.mx\\\/#\\\/schema\\\/person\\\/9aed9f33a7c39af3a348b86d723f7773\",\"name\":\"zeromagazinemx\",\"image\":{\"@type\":\"ImageObject\",\"inLanguage\":\"es\",\"@id\":\"https:\\\/\\\/zeromagazine.mx\\\/wp-content\\\/litespeed\\\/avatar\\\/f91dfe5410d5dcb1a576bf8c45983896.jpg?ver=1777571230\",\"url\":\"https:\\\/\\\/zeromagazine.mx\\\/wp-content\\\/litespeed\\\/avatar\\\/f91dfe5410d5dcb1a576bf8c45983896.jpg?ver=1777571230\",\"contentUrl\":\"https:\\\/\\\/zeromagazine.mx\\\/wp-content\\\/litespeed\\\/avatar\\\/f91dfe5410d5dcb1a576bf8c45983896.jpg?ver=1777571230\",\"caption\":\"zeromagazinemx\"},\"url\":\"https:\\\/\\\/zeromagazine.mx\\\/index.php\\\/author\\\/zeromagazinemx\\\/\"}]}<\/script>\n<!-- \/ Yoast SEO plugin. -->","yoast_head_json":{"title":"Dependencia econ\u00f3mica, el gran problema de Am\u00e9rica Latina - Zero Magazine","robots":{"index":"index","follow":"follow","max-snippet":"max-snippet:-1","max-image-preview":"max-image-preview:large","max-video-preview":"max-video-preview:-1"},"canonical":"https:\/\/zeromagazine.mx\/index.php\/2021\/06\/08\/dependencia-economica-el-gran-problema-de-america-latina\/","og_locale":"es_ES","og_type":"article","og_title":"Dependencia econ\u00f3mica, el gran problema de Am\u00e9rica Latina - Zero Magazine","og_description":"El estancamiento econ\u00f3mico en M\u00e9xico y Am\u00e9rica Latina se ha visto muy pronunciado durante las \u00faltimas d\u00e9cadas. Es f\u00e1cil solo culpar a las malas decisiones tomadas por los gobiernos, pol\u00edticas p\u00fablicas y econ\u00f3micas mal fundamentadas o aplicadas, excesos, corrupci\u00f3n y un modelo econ\u00f3mico aplicado y ense\u00f1ado desde el estudio de econom\u00edas desarrolladas. Pero es mucho [&hellip;]","og_url":"https:\/\/zeromagazine.mx\/index.php\/2021\/06\/08\/dependencia-economica-el-gran-problema-de-america-latina\/","og_site_name":"Zero Magazine","article_published_time":"2021-06-08T14:00:00+00:00","author":"zeromagazinemx","twitter_card":"summary_large_image","twitter_misc":{"Escrito por":"zeromagazinemx","Tiempo de lectura":"4 minutos"},"schema":{"@context":"https:\/\/schema.org","@graph":[{"@type":"Article","@id":"https:\/\/zeromagazine.mx\/index.php\/2021\/06\/08\/dependencia-economica-el-gran-problema-de-america-latina\/#article","isPartOf":{"@id":"https:\/\/zeromagazine.mx\/index.php\/2021\/06\/08\/dependencia-economica-el-gran-problema-de-america-latina\/"},"author":{"name":"zeromagazinemx","@id":"https:\/\/zeromagazine.mx\/#\/schema\/person\/9aed9f33a7c39af3a348b86d723f7773"},"headline":"Dependencia econ\u00f3mica, el gran problema de Am\u00e9rica Latina","datePublished":"2021-06-08T14:00:00+00:00","mainEntityOfPage":{"@id":"https:\/\/zeromagazine.mx\/index.php\/2021\/06\/08\/dependencia-economica-el-gran-problema-de-america-latina\/"},"wordCount":714,"commentCount":0,"publisher":{"@id":"https:\/\/zeromagazine.mx\/#organization"},"image":{"@id":"https:\/\/zeromagazine.mx\/index.php\/2021\/06\/08\/dependencia-economica-el-gran-problema-de-america-latina\/#primaryimage"},"thumbnailUrl":"","keywords":["Am\u00e9rica Latina","Crecimiento y Desarrollo Econ\u00f3mico","Dependencia Econ\u00f3mica","Econom\u00eda Mundial","Estancamiento Econ\u00f3mico","FMI","Gobierno Mexicano","Gobierno Norteamericano","latinoamerica","PIB"],"articleSection":["Dinero","Finanzas"],"inLanguage":"es","potentialAction":[{"@type":"CommentAction","name":"Comment","target":["https:\/\/zeromagazine.mx\/index.php\/2021\/06\/08\/dependencia-economica-el-gran-problema-de-america-latina\/#respond"]}]},{"@type":"WebPage","@id":"https:\/\/zeromagazine.mx\/index.php\/2021\/06\/08\/dependencia-economica-el-gran-problema-de-america-latina\/","url":"https:\/\/zeromagazine.mx\/index.php\/2021\/06\/08\/dependencia-economica-el-gran-problema-de-america-latina\/","name":"Dependencia econ\u00f3mica, el gran problema de Am\u00e9rica Latina - Zero Magazine","isPartOf":{"@id":"https:\/\/zeromagazine.mx\/#website"},"primaryImageOfPage":{"@id":"https:\/\/zeromagazine.mx\/index.php\/2021\/06\/08\/dependencia-economica-el-gran-problema-de-america-latina\/#primaryimage"},"image":{"@id":"https:\/\/zeromagazine.mx\/index.php\/2021\/06\/08\/dependencia-economica-el-gran-problema-de-america-latina\/#primaryimage"},"thumbnailUrl":"","datePublished":"2021-06-08T14:00:00+00:00","breadcrumb":{"@id":"https:\/\/zeromagazine.mx\/index.php\/2021\/06\/08\/dependencia-economica-el-gran-problema-de-america-latina\/#breadcrumb"},"inLanguage":"es","potentialAction":[{"@type":"ReadAction","target":["https:\/\/zeromagazine.mx\/index.php\/2021\/06\/08\/dependencia-economica-el-gran-problema-de-america-latina\/"]}]},{"@type":"ImageObject","inLanguage":"es","@id":"https:\/\/zeromagazine.mx\/index.php\/2021\/06\/08\/dependencia-economica-el-gran-problema-de-america-latina\/#primaryimage","url":"","contentUrl":""},{"@type":"BreadcrumbList","@id":"https:\/\/zeromagazine.mx\/index.php\/2021\/06\/08\/dependencia-economica-el-gran-problema-de-america-latina\/#breadcrumb","itemListElement":[{"@type":"ListItem","position":1,"name":"Portada","item":"https:\/\/zeromagazine.mx\/"},{"@type":"ListItem","position":2,"name":"Dependencia econ\u00f3mica, el gran problema de Am\u00e9rica Latina"}]},{"@type":"WebSite","@id":"https:\/\/zeromagazine.mx\/#website","url":"https:\/\/zeromagazine.mx\/","name":"Zero Magazine","description":"","publisher":{"@id":"https:\/\/zeromagazine.mx\/#organization"},"potentialAction":[{"@type":"SearchAction","target":{"@type":"EntryPoint","urlTemplate":"https:\/\/zeromagazine.mx\/?s={search_term_string}"},"query-input":{"@type":"PropertyValueSpecification","valueRequired":true,"valueName":"search_term_string"}}],"inLanguage":"es"},{"@type":"Organization","@id":"https:\/\/zeromagazine.mx\/#organization","name":"Zero Magazine","url":"https:\/\/zeromagazine.mx\/","logo":{"@type":"ImageObject","inLanguage":"es","@id":"https:\/\/zeromagazine.mx\/#\/schema\/logo\/image\/","url":"https:\/\/i0.wp.com\/zeromagazine.mx\/wp-content\/uploads\/2025\/11\/1.jpeg?fit=1000%2C1000&ssl=1","contentUrl":"https:\/\/i0.wp.com\/zeromagazine.mx\/wp-content\/uploads\/2025\/11\/1.jpeg?fit=1000%2C1000&ssl=1","width":1000,"height":1000,"caption":"Zero Magazine"},"image":{"@id":"https:\/\/zeromagazine.mx\/#\/schema\/logo\/image\/"},"sameAs":["https:\/\/instagram.com\/zeromagazinemx"]},{"@type":"Person","@id":"https:\/\/zeromagazine.mx\/#\/schema\/person\/9aed9f33a7c39af3a348b86d723f7773","name":"zeromagazinemx","image":{"@type":"ImageObject","inLanguage":"es","@id":"https:\/\/zeromagazine.mx\/wp-content\/litespeed\/avatar\/f91dfe5410d5dcb1a576bf8c45983896.jpg?ver=1777571230","url":"https:\/\/zeromagazine.mx\/wp-content\/litespeed\/avatar\/f91dfe5410d5dcb1a576bf8c45983896.jpg?ver=1777571230","contentUrl":"https:\/\/zeromagazine.mx\/wp-content\/litespeed\/avatar\/f91dfe5410d5dcb1a576bf8c45983896.jpg?ver=1777571230","caption":"zeromagazinemx"},"url":"https:\/\/zeromagazine.mx\/index.php\/author\/zeromagazinemx\/"}]}},"jetpack_publicize_connections":[],"jetpack_featured_media_url":"","jetpack-related-posts":[{"id":55159,"url":"https:\/\/zeromagazine.mx\/index.php\/2021\/09\/28\/mexico-una-economia-infravalorada\/","url_meta":{"origin":47069,"position":0},"title":"M\u00e9xico, una econom\u00eda infravalorada","author":"zeromagazinemx","date":"28 de septiembre de 2021","format":false,"excerpt":"La estructura econ\u00f3mica a nivel mundial a trav\u00e9s de los a\u00f1os ha cambiado constantemente, desde el origen de la corriente del mercantilismo hasta los modelos econ\u00f3micos que permanecen en la actualidad. Todo el crecimiento y el postulado de nuevos y mejores modelos econ\u00f3micos vienen acompa\u00f1ados de desarrollo industrial y tecnol\u00f3gico,\u2026","rel":"","context":"En \u00abDinero\u00bb","block_context":{"text":"Dinero","link":"https:\/\/zeromagazine.mx\/index.php\/category\/dinero\/"},"img":{"alt_text":"","src":"https:\/\/i0.wp.com\/zeromagazinemx.wpcomstaging.com\/wp-content\/uploads\/2022\/02\/2d148-m_2.jpg?resize=350%2C200&ssl=1","width":350,"height":200,"srcset":"https:\/\/i0.wp.com\/zeromagazinemx.wpcomstaging.com\/wp-content\/uploads\/2022\/02\/2d148-m_2.jpg?resize=350%2C200&ssl=1 1x, https:\/\/i0.wp.com\/zeromagazinemx.wpcomstaging.com\/wp-content\/uploads\/2022\/02\/2d148-m_2.jpg?resize=525%2C300&ssl=1 1.5x, https:\/\/i0.wp.com\/zeromagazinemx.wpcomstaging.com\/wp-content\/uploads\/2022\/02\/2d148-m_2.jpg?resize=700%2C400&ssl=1 2x"},"classes":[]},{"id":54517,"url":"https:\/\/zeromagazine.mx\/index.php\/2021\/09\/14\/politica-fiscal\/","url_meta":{"origin":47069,"position":1},"title":"Pol\u00edtica Fiscal","author":"zeromagazinemx","date":"14 de septiembre de 2021","format":false,"excerpt":"Estamos entrando al \u00faltimo trimestre del a\u00f1o y se aproxima un 2022 donde se buscan mejores condiciones para la econom\u00eda mexicana, una de las claves principales del crecimiento econ\u00f3mico es la pol\u00edtica fiscal comandada por el Gobierno Federal y la Secretaria de Hacienda y Cr\u00e9dito P\u00fablico, mucho se critic\u00f3 al\u2026","rel":"","context":"En \u00abDinero\u00bb","block_context":{"text":"Dinero","link":"https:\/\/zeromagazine.mx\/index.php\/category\/dinero\/"},"img":{"alt_text":"","src":"https:\/\/i0.wp.com\/zeromagazinemx.wpcomstaging.com\/wp-content\/uploads\/2022\/02\/2aa14-p_f_1.jpg?resize=350%2C200&ssl=1","width":350,"height":200,"srcset":"https:\/\/i0.wp.com\/zeromagazinemx.wpcomstaging.com\/wp-content\/uploads\/2022\/02\/2aa14-p_f_1.jpg?resize=350%2C200&ssl=1 1x, https:\/\/i0.wp.com\/zeromagazinemx.wpcomstaging.com\/wp-content\/uploads\/2022\/02\/2aa14-p_f_1.jpg?resize=525%2C300&ssl=1 1.5x, https:\/\/i0.wp.com\/zeromagazinemx.wpcomstaging.com\/wp-content\/uploads\/2022\/02\/2aa14-p_f_1.jpg?resize=700%2C400&ssl=1 2x"},"classes":[]},{"id":46958,"url":"https:\/\/zeromagazine.mx\/index.php\/2021\/06\/05\/economia-ambiental-objetivos-urgentes\/","url_meta":{"origin":47069,"position":2},"title":"Econom\u00eda ambiental, Objetivos urgentes","author":"zeromagazinemx","date":"5 de junio de 2021","format":false,"excerpt":"La discusi\u00f3n sobre la Econom\u00eda Mundial en el contexto actual est\u00e1 completamente enfocada a tener pronto una recuperaci\u00f3n lo m\u00e1s r\u00e1pido posible, pero poco se habla del impacto real que aplica sobre el medio ambiente la evoluci\u00f3n de esta. por Eduardo Flores Ortiz El Crecimiento y Desarrollo Econ\u00f3mico est\u00e1 fuertemente\u2026","rel":"","context":"En \u00abBienestar\u00bb","block_context":{"text":"Bienestar","link":"https:\/\/zeromagazine.mx\/index.php\/category\/lifestyle\/bienestar\/"},"img":{"alt_text":"","src":"","width":0,"height":0},"classes":[]},{"id":50047,"url":"https:\/\/zeromagazine.mx\/index.php\/2021\/07\/13\/mas-que-un-cierre-de-actividades-seria-el-tiro-de-gracia\/","url_meta":{"origin":47069,"position":3},"title":"M\u00e1s que un cierre de actividades ser\u00eda el tiro de gracia","author":"zeromagazinemx","date":"13 de julio de 2021","format":false,"excerpt":"Con el regreso a sem\u00e1foro amarillo, la posible permanencia de este hasta mediados del mes de Julio, un cierre m\u00e1s no ser\u00eda lo ideal para la econom\u00eda tan golpeada durante este periodo de contingencia sanitaria. Por Eduardo Flores Ortiz Los resultados del primer trimestre para la din\u00e1mica econ\u00f3mica nacional han\u2026","rel":"","context":"En \u00abDinero\u00bb","block_context":{"text":"Dinero","link":"https:\/\/zeromagazine.mx\/index.php\/category\/dinero\/"},"img":{"alt_text":"","src":"","width":0,"height":0},"classes":[]},{"id":50526,"url":"https:\/\/zeromagazine.mx\/index.php\/2021\/07\/20\/clase-media-sosten-de-la-economia-y-del-gobierno\/","url_meta":{"origin":47069,"position":4},"title":"Clase media, sost\u00e9n de la econom\u00eda y del gobierno","author":"zeromagazinemx","date":"20 de julio de 2021","format":false,"excerpt":"Recientemente despu\u00e9s del duro golpe que recibi\u00f3 el partido pol\u00edtico en el poder, el presidente de la rep\u00fablica AMLO se volc\u00f3 en contra de la clase media y dijo lo siguiente. Por Eduardo Flores Ortiz \u201cHay un sector de la clase media que siempre ha sido as\u00ed, muy individualista, que\u2026","rel":"","context":"En \u00abDinero\u00bb","block_context":{"text":"Dinero","link":"https:\/\/zeromagazine.mx\/index.php\/category\/dinero\/"},"img":{"alt_text":"","src":"","width":0,"height":0},"classes":[]},{"id":53946,"url":"https:\/\/zeromagazine.mx\/index.php\/2021\/09\/07\/panorama-economico\/","url_meta":{"origin":47069,"position":5},"title":"Panorama econ\u00f3mico","author":"zeromagazinemx","date":"7 de septiembre de 2021","format":false,"excerpt":"La pandemia est\u00e1 justo en su tercera ola de contagios, la econom\u00eda se encuentra en plena recuperaci\u00f3n y las previsiones para el cierre de 2021 siguen mejorando gracias a las estrategias de vacunaci\u00f3n.\u00a0 concept of economic recovery after the fall due to the covid 19 coronavirus pandemic. Double exposure of\u2026","rel":"","context":"En \u00abDinero\u00bb","block_context":{"text":"Dinero","link":"https:\/\/zeromagazine.mx\/index.php\/category\/dinero\/"},"img":{"alt_text":"","src":"https:\/\/i0.wp.com\/zeromagazinemx.wpcomstaging.com\/wp-content\/uploads\/2022\/02\/b3d2a-p_e_2.jpg?resize=350%2C200&ssl=1","width":350,"height":200,"srcset":"https:\/\/i0.wp.com\/zeromagazinemx.wpcomstaging.com\/wp-content\/uploads\/2022\/02\/b3d2a-p_e_2.jpg?resize=350%2C200&ssl=1 1x, https:\/\/i0.wp.com\/zeromagazinemx.wpcomstaging.com\/wp-content\/uploads\/2022\/02\/b3d2a-p_e_2.jpg?resize=525%2C300&ssl=1 1.5x"},"classes":[]}],"jetpack_sharing_enabled":true,"builder_content":"","_links":{"self":[{"href":"https:\/\/zeromagazine.mx\/index.php\/wp-json\/wp\/v2\/posts\/47069","targetHints":{"allow":["GET"]}}],"collection":[{"href":"https:\/\/zeromagazine.mx\/index.php\/wp-json\/wp\/v2\/posts"}],"about":[{"href":"https:\/\/zeromagazine.mx\/index.php\/wp-json\/wp\/v2\/types\/post"}],"author":[{"embeddable":true,"href":"https:\/\/zeromagazine.mx\/index.php\/wp-json\/wp\/v2\/users\/2"}],"replies":[{"embeddable":true,"href":"https:\/\/zeromagazine.mx\/index.php\/wp-json\/wp\/v2\/comments?post=47069"}],"version-history":[{"count":0,"href":"https:\/\/zeromagazine.mx\/index.php\/wp-json\/wp\/v2\/posts\/47069\/revisions"}],"wp:featuredmedia":[{"embeddable":true,"href":"https:\/\/zeromagazine.mx\/index.php\/wp-json\/"}],"wp:attachment":[{"href":"https:\/\/zeromagazine.mx\/index.php\/wp-json\/wp\/v2\/media?parent=47069"}],"wp:term":[{"taxonomy":"category","embeddable":true,"href":"https:\/\/zeromagazine.mx\/index.php\/wp-json\/wp\/v2\/categories?post=47069"},{"taxonomy":"post_tag","embeddable":true,"href":"https:\/\/zeromagazine.mx\/index.php\/wp-json\/wp\/v2\/tags?post=47069"}],"curies":[{"name":"wp","href":"https:\/\/api.w.org\/{rel}","templated":true}]}}