{"id":47343,"date":"2021-06-10T11:00:00","date_gmt":"2021-06-10T16:00:00","guid":{"rendered":"https:\/\/atomic-temporary-84115225.wpcomstaging.com\/?p=47343"},"modified":"2021-06-10T11:00:00","modified_gmt":"2021-06-10T16:00:00","slug":"la-decadencia-de-los-golden-globes","status":"publish","type":"post","link":"https:\/\/zeromagazine.mx\/index.php\/2021\/06\/10\/la-decadencia-de-los-golden-globes\/","title":{"rendered":"LA DECADENCIA DE LOS GOLDEN GLOBES"},"content":{"rendered":"\n<p>La temporada de premios en <strong>Hollywood <\/strong>ha concluido y como cada a\u00f1o la pol\u00e9mica se ha hecho presente, esta vez los <em><strong>Golden Globes<\/strong><\/em> son los se\u00f1alados debido a que actores de la talla de <em><strong>Tom Cruise<\/strong><\/em> y <em><strong>Scarlett Johansson<\/strong><\/em> levantaron la voz en contra de los organizadores y los miembros encargados de seleccionar a los nominados y ganadores de dicha entrega, lo que ha puesto en riesgo la continuidad de la ceremonia.<\/p>\n\n\n\n<div class=\"wp-block-coblocks-gallery-masonry\"><div class=\"coblocks-gallery has-no-alignment has-caption-style-dark has-gutter\"><ul class=\"has-grid-xlrg has-gutter-15 has-gutter-mobile-15\"><li class=\"coblocks-gallery--item coblocks-animate\"><figure class=\"coblocks-gallery--figure\"><img data-recalc-dims=\"1\" decoding=\"async\" src=\"https:\/\/i0.wp.com\/zeromagazinemx.wpcomstaging.com\/wp-content\/uploads\/2022\/02\/759a1-scarlett-johansson.jpg?w=1165&#038;ssl=1\" alt=\"\" data-id=\"47350\" data-imglink=\"\" data-link=\"https:\/\/atomic-temporary-84115225.wpcomstaging.com\/?attachment_id=47350\" class=\"wp-image-47350\" \/><\/figure><\/li><li class=\"coblocks-gallery--item coblocks-animate\"><figure class=\"coblocks-gallery--figure\"><img data-recalc-dims=\"1\" decoding=\"async\" src=\"https:\/\/i0.wp.com\/zeromagazinemx.wpcomstaging.com\/wp-content\/uploads\/2022\/02\/b9b29-tom-cruise.jpg?w=1165&#038;ssl=1\" alt=\"\" data-id=\"47351\" data-imglink=\"\" data-link=\"https:\/\/atomic-temporary-84115225.wpcomstaging.com\/?attachment_id=47351\" class=\"wp-image-47351\" \/><\/figure><\/li><\/ul><\/div><\/div>\n\n\n\n<p><\/p>\n\n\n\n<div class=\"wp-block-buttons is-layout-flex wp-block-buttons-is-layout-flex\">\n<div class=\"wp-block-button is-style-outline is-style-outline--1\"><a class=\"wp-block-button__link\">por Rodrigo Eduardo L\u00f3pez Narv\u00e1ez<\/a><\/div>\n<\/div>\n\n\n\n<p><\/p>\n\n\n\n<p>El protagonista de <strong>Top Gun<\/strong><em>,<\/em> y tres veces ganador de un <em><strong>Globo de Oro<\/strong> <\/em>ha decidido devolver sus premios como se\u00f1al de protesta, donde el actor argumenta la poca diversidad que hay entre los 87 miembros de la <strong>Asociaci\u00f3n de Prensa Extranjera de Hollywood, HFPA<\/strong> por sus siglas en ingl\u00e9s. La sociedad afroamericana, latinos y asi\u00e1ticos han sido ignorados por muchos a\u00f1os, y por lo tanto las producciones de estos grupos pasan desapercibidas en las premiaciones.<\/p>\n\n\n\n<div class=\"wp-block-image coblocks-animate\"><figure class=\"aligncenter size-large\"><a href=\"https:\/\/i0.wp.com\/zeromagazinemx.wpcomstaging.com\/wp-content\/uploads\/2022\/02\/0e56c-hfpa.jpg?ssl=1\"><img data-recalc-dims=\"1\" decoding=\"async\" src=\"https:\/\/i0.wp.com\/zeromagazinemx.wpcomstaging.com\/wp-content\/uploads\/2022\/02\/0e56c-hfpa.jpg?w=1165&#038;ssl=1\" alt=\"\" class=\"wp-image-47348\" \/><\/a><\/figure><\/div>\n\n\n\n\n\n<p><strong><em>Scarlett Johansson<\/em><\/strong>, una de las actrices favoritas del momento se uni\u00f3 a la protesta, donde se\u00f1al\u00f3 de manera tajante que la <strong>HFPA <\/strong>llega a cometer actos de acoso hacia las actrices, estas deben soportar comentarios ofensivos y sexistas al momento de promocionar su trabajo, demeritando lo que las mujeres aportan en la industria del cine y la televisi\u00f3n.<\/p>\n\n\n\n<p>El golpe m\u00e1s fuerte que ha recibido esta premiaci\u00f3n es la cancelaci\u00f3n por parte de la <strong>Cadena NBC<\/strong>, que ya no transmitir\u00e1 la ceremonia como apoyo a las protestas de los sindicatos y patrocinadores, poniendo en peligro la existencia de los <em><strong>Golden Globes<\/strong><\/em>. Recordando que el a\u00f1o pasado la <strong>Asociaci\u00f3n <\/strong>atraves\u00f3 una crisis donde varios de sus miembros fueron acusados de buscar beneficios financieros para dar su apoyo a ciertas producciones.<\/p>\n\n\n\n<div class=\"wp-block-image coblocks-animate\"><figure class=\"aligncenter size-large\"><a href=\"https:\/\/i0.wp.com\/zeromagazinemx.wpcomstaging.com\/wp-content\/uploads\/2022\/02\/3e881-gg77_0661_0.jpg?ssl=1\"><img data-recalc-dims=\"1\" decoding=\"async\" src=\"https:\/\/i0.wp.com\/zeromagazinemx.wpcomstaging.com\/wp-content\/uploads\/2022\/02\/3e881-gg77_0661_0.jpg?w=1165&#038;ssl=1\" alt=\"\" class=\"wp-image-47353\" \/><\/a><\/figure><\/div>\n\n\n\n\n\n<p>El tema de la desigualdad en <strong>Hollywood <\/strong>no es nuevo, las protestas cada vez escalan en mayor dimensi\u00f3n y lastimosamente los encargados de llevar a cabo las premiaciones siguen sin dar el cambio que el p\u00fablico y creativos exigen.<\/p>\n\n\n\n<div style=\"height:15px;\" aria-hidden=\"true\" class=\"wp-block-spacer\"><\/div>\n\n\n<!--themify_builder_content-->\n<div id=\"themify_builder_content-47343\" data-postid=\"47343\" class=\"themify_builder_content themify_builder_content-47343 themify_builder tf_clear\">\n    <\/div>\n<!--\/themify_builder_content-->\n","protected":false},"excerpt":{"rendered":"<p>La temporada de premios en Hollywood ha concluido y como cada a\u00f1o la pol\u00e9mica se ha hecho presente, esta vez los Golden Globes son los se\u00f1alados debido a que actores de la talla de Tom Cruise y Scarlett Johansson levantaron la voz en contra de los organizadores y los miembros encargados de seleccionar a los [&hellip;]<\/p>\n","protected":false},"author":2,"featured_media":47347,"comment_status":"open","ping_status":"open","sticky":false,"template":"","format":"standard","meta":{"_jetpack_memberships_contains_paid_content":false,"footnotes":"","jetpack_publicize_message":"Sin duda alguna #Hollywood es la sede de los premios y los #GoldenGlobes no son la excepci\u00f3n, aunque han dejado mucho que hablar.","jetpack_publicize_feature_enabled":true,"jetpack_social_post_already_shared":true,"jetpack_social_options":{"image_generator_settings":{"template":"highway","default_image_id":0,"font":"","enabled":false},"version":2}},"categories":[109,117],"tags":[661,662,663,664,665,666,668,669,670],"class_list":["post-47343","post","type-post","status-publish","format-standard","has-post-thumbnail","hentry","category-cine","category-entretenimiento","tag-asociacion-de-prensa-extranjera-de-hollywood","tag-cadena-nbc","tag-globo-de-oro","tag-golden-globes","tag-hfpa","tag-hollywood","tag-scarlett-johansson","tag-tom-cruise","tag-top-gun","has-post-title","has-post-date","has-post-category","has-post-tag","has-post-comment","has-post-author",""],"yoast_head":"<!-- This site is optimized with the Yoast SEO plugin v27.5 - https:\/\/yoast.com\/product\/yoast-seo-wordpress\/ -->\n<title>LA DECADENCIA DE LOS GOLDEN GLOBES - Zero Magazine<\/title>\n<meta name=\"robots\" content=\"index, follow, max-snippet:-1, max-image-preview:large, max-video-preview:-1\" \/>\n<link rel=\"canonical\" href=\"https:\/\/zeromagazine.mx\/index.php\/2021\/06\/10\/la-decadencia-de-los-golden-globes\/\" \/>\n<meta property=\"og:locale\" content=\"es_ES\" \/>\n<meta property=\"og:type\" content=\"article\" \/>\n<meta property=\"og:title\" content=\"LA DECADENCIA DE LOS GOLDEN GLOBES - Zero Magazine\" \/>\n<meta property=\"og:description\" content=\"La temporada de premios en Hollywood ha concluido y como cada a\u00f1o la pol\u00e9mica se ha hecho presente, esta vez los Golden Globes son los se\u00f1alados debido a que actores de la talla de Tom Cruise y Scarlett Johansson levantaron la voz en contra de los organizadores y los miembros encargados de seleccionar a los [&hellip;]\" \/>\n<meta property=\"og:url\" content=\"https:\/\/zeromagazine.mx\/index.php\/2021\/06\/10\/la-decadencia-de-los-golden-globes\/\" \/>\n<meta property=\"og:site_name\" content=\"Zero Magazine\" \/>\n<meta property=\"article:published_time\" content=\"2021-06-10T16:00:00+00:00\" \/>\n<meta name=\"author\" content=\"zeromagazinemx\" \/>\n<meta name=\"twitter:card\" content=\"summary_large_image\" \/>\n<meta name=\"twitter:label1\" content=\"Escrito por\" \/>\n\t<meta name=\"twitter:data1\" content=\"zeromagazinemx\" \/>\n\t<meta name=\"twitter:label2\" content=\"Tiempo de lectura\" \/>\n\t<meta name=\"twitter:data2\" content=\"2 minutos\" \/>\n<script type=\"application\/ld+json\" class=\"yoast-schema-graph\">{\"@context\":\"https:\\\/\\\/schema.org\",\"@graph\":[{\"@type\":\"Article\",\"@id\":\"https:\\\/\\\/zeromagazine.mx\\\/index.php\\\/2021\\\/06\\\/10\\\/la-decadencia-de-los-golden-globes\\\/#article\",\"isPartOf\":{\"@id\":\"https:\\\/\\\/zeromagazine.mx\\\/index.php\\\/2021\\\/06\\\/10\\\/la-decadencia-de-los-golden-globes\\\/\"},\"author\":{\"name\":\"zeromagazinemx\",\"@id\":\"https:\\\/\\\/zeromagazine.mx\\\/#\\\/schema\\\/person\\\/9aed9f33a7c39af3a348b86d723f7773\"},\"headline\":\"LA DECADENCIA DE LOS GOLDEN GLOBES\",\"datePublished\":\"2021-06-10T16:00:00+00:00\",\"mainEntityOfPage\":{\"@id\":\"https:\\\/\\\/zeromagazine.mx\\\/index.php\\\/2021\\\/06\\\/10\\\/la-decadencia-de-los-golden-globes\\\/\"},\"wordCount\":345,\"commentCount\":0,\"publisher\":{\"@id\":\"https:\\\/\\\/zeromagazine.mx\\\/#organization\"},\"image\":{\"@id\":\"https:\\\/\\\/zeromagazine.mx\\\/index.php\\\/2021\\\/06\\\/10\\\/la-decadencia-de-los-golden-globes\\\/#primaryimage\"},\"thumbnailUrl\":\"\",\"keywords\":[\"Asociaci\u00f3n de Prensa Extranjera de Hollywood\",\"Cadena NBC\",\"globo de oro\",\"Golden Globes\",\"HFPA\",\"Hollywood\",\"Scarlett Johansson\",\"Tom Cruise\",\"Top Gun\"],\"articleSection\":[\"Cine\",\"Entretenimiento\"],\"inLanguage\":\"es\",\"potentialAction\":[{\"@type\":\"CommentAction\",\"name\":\"Comment\",\"target\":[\"https:\\\/\\\/zeromagazine.mx\\\/index.php\\\/2021\\\/06\\\/10\\\/la-decadencia-de-los-golden-globes\\\/#respond\"]}]},{\"@type\":\"WebPage\",\"@id\":\"https:\\\/\\\/zeromagazine.mx\\\/index.php\\\/2021\\\/06\\\/10\\\/la-decadencia-de-los-golden-globes\\\/\",\"url\":\"https:\\\/\\\/zeromagazine.mx\\\/index.php\\\/2021\\\/06\\\/10\\\/la-decadencia-de-los-golden-globes\\\/\",\"name\":\"LA DECADENCIA DE LOS GOLDEN GLOBES - Zero Magazine\",\"isPartOf\":{\"@id\":\"https:\\\/\\\/zeromagazine.mx\\\/#website\"},\"primaryImageOfPage\":{\"@id\":\"https:\\\/\\\/zeromagazine.mx\\\/index.php\\\/2021\\\/06\\\/10\\\/la-decadencia-de-los-golden-globes\\\/#primaryimage\"},\"image\":{\"@id\":\"https:\\\/\\\/zeromagazine.mx\\\/index.php\\\/2021\\\/06\\\/10\\\/la-decadencia-de-los-golden-globes\\\/#primaryimage\"},\"thumbnailUrl\":\"\",\"datePublished\":\"2021-06-10T16:00:00+00:00\",\"breadcrumb\":{\"@id\":\"https:\\\/\\\/zeromagazine.mx\\\/index.php\\\/2021\\\/06\\\/10\\\/la-decadencia-de-los-golden-globes\\\/#breadcrumb\"},\"inLanguage\":\"es\",\"potentialAction\":[{\"@type\":\"ReadAction\",\"target\":[\"https:\\\/\\\/zeromagazine.mx\\\/index.php\\\/2021\\\/06\\\/10\\\/la-decadencia-de-los-golden-globes\\\/\"]}]},{\"@type\":\"ImageObject\",\"inLanguage\":\"es\",\"@id\":\"https:\\\/\\\/zeromagazine.mx\\\/index.php\\\/2021\\\/06\\\/10\\\/la-decadencia-de-los-golden-globes\\\/#primaryimage\",\"url\":\"\",\"contentUrl\":\"\"},{\"@type\":\"BreadcrumbList\",\"@id\":\"https:\\\/\\\/zeromagazine.mx\\\/index.php\\\/2021\\\/06\\\/10\\\/la-decadencia-de-los-golden-globes\\\/#breadcrumb\",\"itemListElement\":[{\"@type\":\"ListItem\",\"position\":1,\"name\":\"Portada\",\"item\":\"https:\\\/\\\/zeromagazine.mx\\\/\"},{\"@type\":\"ListItem\",\"position\":2,\"name\":\"LA DECADENCIA DE LOS GOLDEN GLOBES\"}]},{\"@type\":\"WebSite\",\"@id\":\"https:\\\/\\\/zeromagazine.mx\\\/#website\",\"url\":\"https:\\\/\\\/zeromagazine.mx\\\/\",\"name\":\"Zero Magazine\",\"description\":\"\",\"publisher\":{\"@id\":\"https:\\\/\\\/zeromagazine.mx\\\/#organization\"},\"potentialAction\":[{\"@type\":\"SearchAction\",\"target\":{\"@type\":\"EntryPoint\",\"urlTemplate\":\"https:\\\/\\\/zeromagazine.mx\\\/?s={search_term_string}\"},\"query-input\":{\"@type\":\"PropertyValueSpecification\",\"valueRequired\":true,\"valueName\":\"search_term_string\"}}],\"inLanguage\":\"es\"},{\"@type\":\"Organization\",\"@id\":\"https:\\\/\\\/zeromagazine.mx\\\/#organization\",\"name\":\"Zero Magazine\",\"url\":\"https:\\\/\\\/zeromagazine.mx\\\/\",\"logo\":{\"@type\":\"ImageObject\",\"inLanguage\":\"es\",\"@id\":\"https:\\\/\\\/zeromagazine.mx\\\/#\\\/schema\\\/logo\\\/image\\\/\",\"url\":\"https:\\\/\\\/i0.wp.com\\\/zeromagazine.mx\\\/wp-content\\\/uploads\\\/2025\\\/11\\\/1.jpeg?fit=1000%2C1000&ssl=1\",\"contentUrl\":\"https:\\\/\\\/i0.wp.com\\\/zeromagazine.mx\\\/wp-content\\\/uploads\\\/2025\\\/11\\\/1.jpeg?fit=1000%2C1000&ssl=1\",\"width\":1000,\"height\":1000,\"caption\":\"Zero Magazine\"},\"image\":{\"@id\":\"https:\\\/\\\/zeromagazine.mx\\\/#\\\/schema\\\/logo\\\/image\\\/\"},\"sameAs\":[\"https:\\\/\\\/instagram.com\\\/zeromagazinemx\"]},{\"@type\":\"Person\",\"@id\":\"https:\\\/\\\/zeromagazine.mx\\\/#\\\/schema\\\/person\\\/9aed9f33a7c39af3a348b86d723f7773\",\"name\":\"zeromagazinemx\",\"image\":{\"@type\":\"ImageObject\",\"inLanguage\":\"es\",\"@id\":\"https:\\\/\\\/zeromagazine.mx\\\/wp-content\\\/litespeed\\\/avatar\\\/f91dfe5410d5dcb1a576bf8c45983896.jpg?ver=1777571230\",\"url\":\"https:\\\/\\\/zeromagazine.mx\\\/wp-content\\\/litespeed\\\/avatar\\\/f91dfe5410d5dcb1a576bf8c45983896.jpg?ver=1777571230\",\"contentUrl\":\"https:\\\/\\\/zeromagazine.mx\\\/wp-content\\\/litespeed\\\/avatar\\\/f91dfe5410d5dcb1a576bf8c45983896.jpg?ver=1777571230\",\"caption\":\"zeromagazinemx\"},\"url\":\"https:\\\/\\\/zeromagazine.mx\\\/index.php\\\/author\\\/zeromagazinemx\\\/\"}]}<\/script>\n<!-- \/ Yoast SEO plugin. -->","yoast_head_json":{"title":"LA DECADENCIA DE LOS GOLDEN GLOBES - Zero Magazine","robots":{"index":"index","follow":"follow","max-snippet":"max-snippet:-1","max-image-preview":"max-image-preview:large","max-video-preview":"max-video-preview:-1"},"canonical":"https:\/\/zeromagazine.mx\/index.php\/2021\/06\/10\/la-decadencia-de-los-golden-globes\/","og_locale":"es_ES","og_type":"article","og_title":"LA DECADENCIA DE LOS GOLDEN GLOBES - Zero Magazine","og_description":"La temporada de premios en Hollywood ha concluido y como cada a\u00f1o la pol\u00e9mica se ha hecho presente, esta vez los Golden Globes son los se\u00f1alados debido a que actores de la talla de Tom Cruise y Scarlett Johansson levantaron la voz en contra de los organizadores y los miembros encargados de seleccionar a los [&hellip;]","og_url":"https:\/\/zeromagazine.mx\/index.php\/2021\/06\/10\/la-decadencia-de-los-golden-globes\/","og_site_name":"Zero Magazine","article_published_time":"2021-06-10T16:00:00+00:00","author":"zeromagazinemx","twitter_card":"summary_large_image","twitter_misc":{"Escrito por":"zeromagazinemx","Tiempo de lectura":"2 minutos"},"schema":{"@context":"https:\/\/schema.org","@graph":[{"@type":"Article","@id":"https:\/\/zeromagazine.mx\/index.php\/2021\/06\/10\/la-decadencia-de-los-golden-globes\/#article","isPartOf":{"@id":"https:\/\/zeromagazine.mx\/index.php\/2021\/06\/10\/la-decadencia-de-los-golden-globes\/"},"author":{"name":"zeromagazinemx","@id":"https:\/\/zeromagazine.mx\/#\/schema\/person\/9aed9f33a7c39af3a348b86d723f7773"},"headline":"LA DECADENCIA DE LOS GOLDEN GLOBES","datePublished":"2021-06-10T16:00:00+00:00","mainEntityOfPage":{"@id":"https:\/\/zeromagazine.mx\/index.php\/2021\/06\/10\/la-decadencia-de-los-golden-globes\/"},"wordCount":345,"commentCount":0,"publisher":{"@id":"https:\/\/zeromagazine.mx\/#organization"},"image":{"@id":"https:\/\/zeromagazine.mx\/index.php\/2021\/06\/10\/la-decadencia-de-los-golden-globes\/#primaryimage"},"thumbnailUrl":"","keywords":["Asociaci\u00f3n de Prensa Extranjera de Hollywood","Cadena NBC","globo de oro","Golden Globes","HFPA","Hollywood","Scarlett Johansson","Tom Cruise","Top Gun"],"articleSection":["Cine","Entretenimiento"],"inLanguage":"es","potentialAction":[{"@type":"CommentAction","name":"Comment","target":["https:\/\/zeromagazine.mx\/index.php\/2021\/06\/10\/la-decadencia-de-los-golden-globes\/#respond"]}]},{"@type":"WebPage","@id":"https:\/\/zeromagazine.mx\/index.php\/2021\/06\/10\/la-decadencia-de-los-golden-globes\/","url":"https:\/\/zeromagazine.mx\/index.php\/2021\/06\/10\/la-decadencia-de-los-golden-globes\/","name":"LA DECADENCIA DE LOS GOLDEN GLOBES - Zero Magazine","isPartOf":{"@id":"https:\/\/zeromagazine.mx\/#website"},"primaryImageOfPage":{"@id":"https:\/\/zeromagazine.mx\/index.php\/2021\/06\/10\/la-decadencia-de-los-golden-globes\/#primaryimage"},"image":{"@id":"https:\/\/zeromagazine.mx\/index.php\/2021\/06\/10\/la-decadencia-de-los-golden-globes\/#primaryimage"},"thumbnailUrl":"","datePublished":"2021-06-10T16:00:00+00:00","breadcrumb":{"@id":"https:\/\/zeromagazine.mx\/index.php\/2021\/06\/10\/la-decadencia-de-los-golden-globes\/#breadcrumb"},"inLanguage":"es","potentialAction":[{"@type":"ReadAction","target":["https:\/\/zeromagazine.mx\/index.php\/2021\/06\/10\/la-decadencia-de-los-golden-globes\/"]}]},{"@type":"ImageObject","inLanguage":"es","@id":"https:\/\/zeromagazine.mx\/index.php\/2021\/06\/10\/la-decadencia-de-los-golden-globes\/#primaryimage","url":"","contentUrl":""},{"@type":"BreadcrumbList","@id":"https:\/\/zeromagazine.mx\/index.php\/2021\/06\/10\/la-decadencia-de-los-golden-globes\/#breadcrumb","itemListElement":[{"@type":"ListItem","position":1,"name":"Portada","item":"https:\/\/zeromagazine.mx\/"},{"@type":"ListItem","position":2,"name":"LA DECADENCIA DE LOS GOLDEN GLOBES"}]},{"@type":"WebSite","@id":"https:\/\/zeromagazine.mx\/#website","url":"https:\/\/zeromagazine.mx\/","name":"Zero Magazine","description":"","publisher":{"@id":"https:\/\/zeromagazine.mx\/#organization"},"potentialAction":[{"@type":"SearchAction","target":{"@type":"EntryPoint","urlTemplate":"https:\/\/zeromagazine.mx\/?s={search_term_string}"},"query-input":{"@type":"PropertyValueSpecification","valueRequired":true,"valueName":"search_term_string"}}],"inLanguage":"es"},{"@type":"Organization","@id":"https:\/\/zeromagazine.mx\/#organization","name":"Zero Magazine","url":"https:\/\/zeromagazine.mx\/","logo":{"@type":"ImageObject","inLanguage":"es","@id":"https:\/\/zeromagazine.mx\/#\/schema\/logo\/image\/","url":"https:\/\/i0.wp.com\/zeromagazine.mx\/wp-content\/uploads\/2025\/11\/1.jpeg?fit=1000%2C1000&ssl=1","contentUrl":"https:\/\/i0.wp.com\/zeromagazine.mx\/wp-content\/uploads\/2025\/11\/1.jpeg?fit=1000%2C1000&ssl=1","width":1000,"height":1000,"caption":"Zero Magazine"},"image":{"@id":"https:\/\/zeromagazine.mx\/#\/schema\/logo\/image\/"},"sameAs":["https:\/\/instagram.com\/zeromagazinemx"]},{"@type":"Person","@id":"https:\/\/zeromagazine.mx\/#\/schema\/person\/9aed9f33a7c39af3a348b86d723f7773","name":"zeromagazinemx","image":{"@type":"ImageObject","inLanguage":"es","@id":"https:\/\/zeromagazine.mx\/wp-content\/litespeed\/avatar\/f91dfe5410d5dcb1a576bf8c45983896.jpg?ver=1777571230","url":"https:\/\/zeromagazine.mx\/wp-content\/litespeed\/avatar\/f91dfe5410d5dcb1a576bf8c45983896.jpg?ver=1777571230","contentUrl":"https:\/\/zeromagazine.mx\/wp-content\/litespeed\/avatar\/f91dfe5410d5dcb1a576bf8c45983896.jpg?ver=1777571230","caption":"zeromagazinemx"},"url":"https:\/\/zeromagazine.mx\/index.php\/author\/zeromagazinemx\/"}]}},"jetpack_publicize_connections":[],"jetpack_featured_media_url":"","jetpack-related-posts":[{"id":113117,"url":"https:\/\/zeromagazine.mx\/index.php\/2026\/01\/12\/fabiola-guajardo-golden-globes\/","url_meta":{"origin":47343,"position":0},"title":"Fabiola Guajardo conquista Hollywood","author":"zeromagazinemx","date":"12 de enero de 2026","format":false,"excerpt":"Plot twist del bueno: una mexicana brillando en alfombra roja USA\u2014no en ficci\u00f3n, en la vida real.Fabiola Guajardo se present\u00f3 como invitada especial a los Golden Globes y s\u00ed, esto es un flex realmente importante para su carrera\u2026 y para todos quienes so\u00f1amos con ver m\u00e1s talento latino rompi\u00e9ndola fuera\u2026","rel":"","context":"En \u00abCine\u00bb","block_context":{"text":"Cine","link":"https:\/\/zeromagazine.mx\/index.php\/category\/entretenimiento\/cine\/"},"img":{"alt_text":"","src":"https:\/\/i0.wp.com\/zeromagazine.mx\/wp-content\/uploads\/2026\/01\/GOLDEN-GLOBES-146-scaled.jpg?fit=900%2C1200&ssl=1&resize=350%2C200","width":350,"height":200,"srcset":"https:\/\/i0.wp.com\/zeromagazine.mx\/wp-content\/uploads\/2026\/01\/GOLDEN-GLOBES-146-scaled.jpg?fit=900%2C1200&ssl=1&resize=350%2C200 1x, https:\/\/i0.wp.com\/zeromagazine.mx\/wp-content\/uploads\/2026\/01\/GOLDEN-GLOBES-146-scaled.jpg?fit=900%2C1200&ssl=1&resize=525%2C300 1.5x, https:\/\/i0.wp.com\/zeromagazine.mx\/wp-content\/uploads\/2026\/01\/GOLDEN-GLOBES-146-scaled.jpg?fit=900%2C1200&ssl=1&resize=700%2C400 2x"},"classes":[]},{"id":50194,"url":"https:\/\/zeromagazine.mx\/index.php\/2021\/07\/15\/scarlett-johansson-y-la-evolucion-en-su-personaje-natasha-romanoff\/","url_meta":{"origin":47343,"position":1},"title":"Scarlett Johansson y la evoluci\u00f3n en su personaje Natasha Romanoff","author":"zeromagazinemx","date":"15 de julio de 2021","format":false,"excerpt":"Black Widow nos cuenta la historia de Natasha Romanoff fuera de Los Vengadores, se confrontar\u00e1 a las partes m\u00e1s oscuras de su pasado. Por Mayra Torres Black Widow comienza inmediatamente despu\u00e9s de los sucesos transcurridos en Capit\u00e1n Am\u00e9rica: Civil War. En una rueda de prensa Johansson coment\u00f3 que como agente\u2026","rel":"","context":"En \u00abCine\u00bb","block_context":{"text":"Cine","link":"https:\/\/zeromagazine.mx\/index.php\/category\/entretenimiento\/cine\/"},"img":{"alt_text":"","src":"https:\/\/i0.wp.com\/zeromagazinemx.wpcomstaging.com\/wp-content\/uploads\/2022\/02\/8ed94-black.jpg?resize=350%2C200&ssl=1","width":350,"height":200,"srcset":"https:\/\/i0.wp.com\/zeromagazinemx.wpcomstaging.com\/wp-content\/uploads\/2022\/02\/8ed94-black.jpg?resize=350%2C200&ssl=1 1x, https:\/\/i0.wp.com\/zeromagazinemx.wpcomstaging.com\/wp-content\/uploads\/2022\/02\/8ed94-black.jpg?resize=525%2C300&ssl=1 1.5x"},"classes":[]},{"id":49197,"url":"https:\/\/zeromagazine.mx\/index.php\/2021\/07\/01\/black-widow-una-de-las-peliculas-mas-esperadas-de-marvel-a-punto-de-salir-del-horno-y-un-deleite-para-los-fans-de-hueso-colorado-de-la-gran-actriz-scarlett-johansson\/","url_meta":{"origin":47343,"position":2},"title":"BLACK WIDOW | Una de las pel\u00edculas m\u00e1s esperadas de Marvel a punto de salir del horno y un deleite para los fans de hueso colorado de la gran actriz Scarlett Johansson","author":"zeromagazinemx","date":"1 de julio de 2021","format":false,"excerpt":"El pr\u00f3ximo jueves 9 de julio se estrena la pel\u00edcula Black Widow donde se puede ver la conmovedora historia de Natasha Romanoff mejor conocida como \u201cLa Viuda Negra\u201d personaje de Marvel Comics interpretado por la actriz estadunidense Scarlett Johansson. POR GABRIELA H. DELGADILLO Es una pel\u00edcula con excelente escenograf\u00eda, el\u2026","rel":"","context":"En \u00abCine\u00bb","block_context":{"text":"Cine","link":"https:\/\/zeromagazine.mx\/index.php\/category\/entretenimiento\/cine\/"},"img":{"alt_text":"","src":"https:\/\/i0.wp.com\/zeromagazine.mx\/wp-content\/uploads\/2022\/02\/1d867-screenshot_20210701_142043_com.google.android.youtube.jpg?fit=1200%2C554&ssl=1&resize=350%2C200","width":350,"height":200,"srcset":"https:\/\/i0.wp.com\/zeromagazine.mx\/wp-content\/uploads\/2022\/02\/1d867-screenshot_20210701_142043_com.google.android.youtube.jpg?fit=1200%2C554&ssl=1&resize=350%2C200 1x, https:\/\/i0.wp.com\/zeromagazine.mx\/wp-content\/uploads\/2022\/02\/1d867-screenshot_20210701_142043_com.google.android.youtube.jpg?fit=1200%2C554&ssl=1&resize=525%2C300 1.5x, https:\/\/i0.wp.com\/zeromagazine.mx\/wp-content\/uploads\/2022\/02\/1d867-screenshot_20210701_142043_com.google.android.youtube.jpg?fit=1200%2C554&ssl=1&resize=700%2C400 2x, https:\/\/i0.wp.com\/zeromagazine.mx\/wp-content\/uploads\/2022\/02\/1d867-screenshot_20210701_142043_com.google.android.youtube.jpg?fit=1200%2C554&ssl=1&resize=1050%2C600 3x"},"classes":[]},{"id":80396,"url":"https:\/\/zeromagazine.mx\/index.php\/2024\/07\/16\/la-peli-que-te-llevara-a-la-luna\/","url_meta":{"origin":47343,"position":3},"title":"La Peli que te Llevar\u00e1 a la Luna","author":"zeromagazinemx","date":"16 de julio de 2024","format":false,"excerpt":"Desde el 11 de julio, gracias a la famosa Garant\u00eda Cin\u00e9polis\u00ae\ufe0f, hemos tenido la oportunidad de disfrutar de \"La otra cara de la luna\", una comedia rom\u00e1ntica que promete ser un viaje inolvidable. Con Scarlett Johansson (de \"Jojo Rabbit\", 2019) y Channing Tatum (de \"The Lost City\", 2022) como protagonistas,\u2026","rel":"","context":"En \u00abCine\u00bb","block_context":{"text":"Cine","link":"https:\/\/zeromagazine.mx\/index.php\/category\/entretenimiento\/cine\/"},"img":{"alt_text":"","src":"https:\/\/i0.wp.com\/zeromagazine.mx\/wp-content\/uploads\/2024\/07\/image002-1.jpg?fit=736%2C1046&ssl=1&resize=350%2C200","width":350,"height":200,"srcset":"https:\/\/i0.wp.com\/zeromagazine.mx\/wp-content\/uploads\/2024\/07\/image002-1.jpg?fit=736%2C1046&ssl=1&resize=350%2C200 1x, https:\/\/i0.wp.com\/zeromagazine.mx\/wp-content\/uploads\/2024\/07\/image002-1.jpg?fit=736%2C1046&ssl=1&resize=525%2C300 1.5x, https:\/\/i0.wp.com\/zeromagazine.mx\/wp-content\/uploads\/2024\/07\/image002-1.jpg?fit=736%2C1046&ssl=1&resize=700%2C400 2x"},"classes":[]},{"id":96343,"url":"https:\/\/zeromagazine.mx\/index.php\/2025\/02\/13\/moda-en-la-alfombra-roja\/","url_meta":{"origin":47343,"position":4},"title":"Dise\u00f1adores en la alfombra roja","author":"David Morales","date":"13 de febrero de 2025","format":false,"excerpt":"Cuando hablamos de la temporada de premios, no solo pensamos en qui\u00e9n se lleva la estatuilla, sino en los looks que marcan historia en la alfombra roja. La moda en estos eventos se ha convertido en un espect\u00e1culo en s\u00ed mismo, donde dise\u00f1adores y marcas buscan sorprender con creaciones que\u2026","rel":"","context":"En \u00abBlog\u00bb","block_context":{"text":"Blog","link":"https:\/\/zeromagazine.mx\/index.php\/category\/blog\/"},"img":{"alt_text":"","src":"https:\/\/i0.wp.com\/zeromagazine.mx\/wp-content\/uploads\/2025\/02\/unnamed-2-2.jpg?fit=1160%2C532&ssl=1&resize=350%2C200","width":350,"height":200,"srcset":"https:\/\/i0.wp.com\/zeromagazine.mx\/wp-content\/uploads\/2025\/02\/unnamed-2-2.jpg?fit=1160%2C532&ssl=1&resize=350%2C200 1x, https:\/\/i0.wp.com\/zeromagazine.mx\/wp-content\/uploads\/2025\/02\/unnamed-2-2.jpg?fit=1160%2C532&ssl=1&resize=525%2C300 1.5x, https:\/\/i0.wp.com\/zeromagazine.mx\/wp-content\/uploads\/2025\/02\/unnamed-2-2.jpg?fit=1160%2C532&ssl=1&resize=700%2C400 2x, https:\/\/i0.wp.com\/zeromagazine.mx\/wp-content\/uploads\/2025\/02\/unnamed-2-2.jpg?fit=1160%2C532&ssl=1&resize=1050%2C600 3x"},"classes":[]},{"id":53097,"url":"https:\/\/zeromagazine.mx\/index.php\/2021\/08\/27\/if-i-cant-have-love-i-want-power-el-nuevo-album-de-halsey\/","url_meta":{"origin":47343,"position":5},"title":"\u201cIf I Can\u2019t Have Love, I Want Power\u201d, el nuevo \u00e1lbum de Halsey.","author":"zeromagazinemx","date":"27 de agosto de 2021","format":false,"excerpt":"Halsey presento su nuevo \u00e1lbum de estudio \u201cIf I Can\u2019t Have Love, I Want Power\u201d con 13 canciones escritas por la cantante. Halsey Cr\u00e9dito: Lucas Garrido Por Mayra Torres Halsey lanzo su cuarto \u00e1lbum de estudio \u201cIf I Can\u2019t Have Love, I Want Power\u201d en el que presenta 13 canciones\u2026","rel":"","context":"En \u00abEntretenimiento\u00bb","block_context":{"text":"Entretenimiento","link":"https:\/\/zeromagazine.mx\/index.php\/category\/entretenimiento\/"},"img":{"alt_text":"","src":"","width":0,"height":0},"classes":[]}],"jetpack_sharing_enabled":true,"builder_content":"","_links":{"self":[{"href":"https:\/\/zeromagazine.mx\/index.php\/wp-json\/wp\/v2\/posts\/47343","targetHints":{"allow":["GET"]}}],"collection":[{"href":"https:\/\/zeromagazine.mx\/index.php\/wp-json\/wp\/v2\/posts"}],"about":[{"href":"https:\/\/zeromagazine.mx\/index.php\/wp-json\/wp\/v2\/types\/post"}],"author":[{"embeddable":true,"href":"https:\/\/zeromagazine.mx\/index.php\/wp-json\/wp\/v2\/users\/2"}],"replies":[{"embeddable":true,"href":"https:\/\/zeromagazine.mx\/index.php\/wp-json\/wp\/v2\/comments?post=47343"}],"version-history":[{"count":0,"href":"https:\/\/zeromagazine.mx\/index.php\/wp-json\/wp\/v2\/posts\/47343\/revisions"}],"wp:featuredmedia":[{"embeddable":true,"href":"https:\/\/zeromagazine.mx\/index.php\/wp-json\/"}],"wp:attachment":[{"href":"https:\/\/zeromagazine.mx\/index.php\/wp-json\/wp\/v2\/media?parent=47343"}],"wp:term":[{"taxonomy":"category","embeddable":true,"href":"https:\/\/zeromagazine.mx\/index.php\/wp-json\/wp\/v2\/categories?post=47343"},{"taxonomy":"post_tag","embeddable":true,"href":"https:\/\/zeromagazine.mx\/index.php\/wp-json\/wp\/v2\/tags?post=47343"}],"curies":[{"name":"wp","href":"https:\/\/api.w.org\/{rel}","templated":true}]}}