{"id":47356,"date":"2021-06-10T12:00:00","date_gmt":"2021-06-10T17:00:00","guid":{"rendered":"https:\/\/atomic-temporary-84115225.wpcomstaging.com\/?p=47356"},"modified":"2021-06-10T12:00:00","modified_gmt":"2021-06-10T17:00:00","slug":"entrevista-con-fer-tovar","status":"publish","type":"post","link":"https:\/\/zeromagazine.mx\/index.php\/2021\/06\/10\/entrevista-con-fer-tovar\/","title":{"rendered":"Entrevista con Fer Tovar"},"content":{"rendered":"\n<p>En pasados d\u00edas, el cantante <strong>Fer Tovar<\/strong> public\u00f3 su nuevo sencillo \u201c<strong><em>Enamor\u00e1ndonos<\/em><\/strong>\u201d, una producci\u00f3n que realiz\u00f3 con la cantante <strong>Barbie Renaud<\/strong>.<\/p>\n\n\n\n<div class=\"wp-block-buttons is-layout-flex wp-block-buttons-is-layout-flex\">\n<div class=\"wp-block-button is-style-outline is-style-outline--1\"><a class=\"wp-block-button__link\">por c\u00e9sar palomares<\/a><\/div>\n<\/div>\n\n\n\n<p><\/p>\n\n\n\n<p><strong>Fer <\/strong>nos cont\u00f3 c\u00f3mo vivi\u00f3 el proceso de grabaci\u00f3n de esta nueva producci\u00f3n, si quieres saber todos los detalles, checa toda la entrevista.<\/p>\n\n\n\n<div style=\"height:10px;\" aria-hidden=\"true\" class=\"wp-block-spacer\"><\/div>\n\n\n\n<p><strong>Nos puedes contar acerca de este nuevo sencillo.<\/strong><\/p>\n\n\n\n<p>Antes que nada, muchas gracias por el espacio, agradezco mucho a la gente que me toma en cuenta y que nos abren espacios, as\u00ed que muchas gracias por esta oportunidad.&nbsp;<\/p>\n\n\n\n<p>Como bien dec\u00edas estoy muy contento por los n\u00fameros que traemos en redes sociales, la verdad es que ha sido un repunte muy beneficioso para mi carrera, estoy muy contento por eso. Hace unos d\u00edas lanc\u00e9 este nuevo sencillo que se llama \u201c<strong>Enamor\u00e1ndonos<\/strong>\u201d, que si bien es un <em>cover <\/em>yo trat\u00e9 de hacer un concepto diferente, hicimos unos arreglos mucho m\u00e1s \u201c<strong>Pop Urbano<\/strong>\u201d, con un estilo fresco que adem\u00e1s viene acompa\u00f1ado de un video que realic\u00e9 con <strong>Barbie Renaud<\/strong>.<\/p>\n\n\n\n<p>Estoy contento porque al final estoy g\u00e9nero m\u00e1s material, cada dos o tres meses sac\u00f3 un sencillo, ya estoy empezando a descifrar mi esencia con este g\u00e9nero que es un poco \u201c<em>pop urbano<\/em>\u201d movido e incluso bailable, la verdad me gusta mucho y estoy contento con estos ritmos, en esta corta carrera he hecho un poco de todo, realic\u00e9 algunos covers y despu\u00e9s inici\u00e9 como mis propias canciones como \u201c<strong><em>El Pegaso<\/em><\/strong>\u201d. Ahorita que presento enamor\u00e1ndonos me siento muy c\u00f3modo porque es un g\u00e9nero que disfruto mucho cantar y producir.<\/p>\n\n\n\n<p><strong>\u00bfSiempre tuviste en mente dedicarte a ese g\u00e9nero?<\/strong><\/p>\n\n\n\n<p>Pues mira realmente no soy reggaetonero, pero me gustan algunos ritmos del reggaet\u00f3n, me gustan algunos ritmos del pop de los 90\u2019s y creo que este pop urbano lo que hace es rescatar un poco de estos ritmos. Alguna vez si llegu\u00e9 a pensar en ambos g\u00e9neros y lo he hecho a lo largo de mi carrera, pero en donde ya me estoy sintiendo muy c\u00f3modo es aqu\u00ed.<\/p>\n\n\n\n<p><strong>\u00bfC\u00f3mo fue la experiencia de grabar con Barbie Renaud?<\/strong><\/p>\n\n\n\n<p>Ella es una artista muy completa, ella es una artista pl\u00e1stica, pinta, baila, canta, adem\u00e1s es muy guapa y muy buena persona, fue una experiencia muy interesante, porque adem\u00e1s es mi amiga y cuando hay una qu\u00edmica con esa persona al momento de producir una canci\u00f3n se vuelve muy atractivo, para m\u00ed es muy importante siempre generar producciones con gente que tengo qu\u00edmica, que tengo alguna relaci\u00f3n, en este caso con <strong>Barbie <\/strong>es una muy buena amiga. Te puedo decir que como experiencia fue muy satisfactorio.<\/p>\n\n\n\n<p><strong>\u00bfA qui\u00e9n te recuerda \u201cEnamor\u00e1ndonos\u201d?<\/strong><\/p>\n\n\n\n<p>Yo creo que todos los cantantes y artistas siempre se inspiran en alguien o algo, en mi caso no es la excepci\u00f3n la verdad es que s\u00ed tengo amores pasados, amores actuales que te hacen inspirarte para poder producir y transmitir ciertos sentimientos en las canciones, no puedo decir una persona en espec\u00edfico en este momento, pero s\u00ed que he tenido experiencias amorosas que me llevan a inspirarme en estas canciones.<\/p>\n\n\n\n<div class=\"wp-block-image coblocks-animate\"><figure class=\"aligncenter size-large\"><a href=\"https:\/\/i0.wp.com\/zeromagazinemx.wpcomstaging.com\/wp-content\/uploads\/2022\/02\/369f9-foto-para-contenido-entrevista-con-fer-tovar.jpg?ssl=1\"><img data-recalc-dims=\"1\" decoding=\"async\" src=\"https:\/\/i0.wp.com\/zeromagazinemx.wpcomstaging.com\/wp-content\/uploads\/2022\/02\/369f9-foto-para-contenido-entrevista-con-fer-tovar.jpg?w=1165&#038;ssl=1\" alt=\"\" class=\"wp-image-47369\" \/><\/a><\/figure><\/div>\n\n\n\n\n\n<p><strong>\u00bfPor qu\u00e9 decidiste grabar tu videoclip en Acapulco?<\/strong><\/p>\n\n\n\n<p>Justo con mi m\u00fasica adem\u00e1s de apoyarnos entre mexicanos, los productores de esta canci\u00f3n tambi\u00e9n son mexicanos y busco transmitir a trav\u00e9s de los videos el fomento hacia nuestra propia tierra, grabe la canci\u00f3n de \u201c<strong><em>Tanto<\/em><\/strong>\u201d en Puerto Escondido, pero esta canci\u00f3n decid\u00ed grabarla en Acapulco, porque creo que todos los mexicanos hemos pasado alguna vez por ah\u00ed, nos hemos enamorado alguna vez en ese lugar y es una ciudad important\u00edsima en M\u00e9xico a nivel tur\u00edstico, as\u00ed es que aprovecho para sacar una parte de Acapulco, que es esta zona de la bah\u00eda que es preciosa.<\/p>\n\n\n\n<p><strong>\u00bfC\u00f3mo puedes valorar tus primeros temas unos a\u00f1os despu\u00e9s?<br><br><\/strong>Como todo, hay evoluci\u00f3n y cuestiones que pasan una vez en la vida, como algunas producciones que dices <em>\u201cqu\u00e9 bien me sali\u00f3 en ese momento\u201d<\/em>, tambi\u00e9n hay cosas que vas evolucionando como artista y que las cambias en alg\u00fan sentido, pero en general contento porque vas avanzando y cuando te das cuenta y volteas hacia atr\u00e1s notas m\u00e1s confianza en la c\u00e1mara, en un estudio de grabaci\u00f3n, en un escenario. Entonces siempre vas a ver cosas buenas y otras que dices <em>\u201cqu\u00e9 bueno que mejore\u201d<\/em>, voltear a ver tu pasado es interesante y ver el camino que has trazado.<\/p>\n\n\n\n<p><strong>\u00bfCon qui\u00e9n te gustar\u00eda realizar alguna colaboraci\u00f3n?<\/strong><\/p>\n\n\n\n<p>Pues no me cierro e incluso hasta hacer otros g\u00e9neros, por eso te digo que no me cierro a un g\u00e9nero en espec\u00edfico, no te podr\u00eda decir que ya no volver\u00e9 hacer una canci\u00f3n regional mexicana, como hice \u201c<strong><em>Amorcito coraz\u00f3n<\/em><\/strong>\u201d, yo creo que al final la clave est\u00e1 en ir generando una propia esencia y estilo, yo soy una persona que pienso que nosotros como int\u00e9rpretes somos quienes tenemos que imprimir nuestro sello a las canciones.<\/p>\n\n\n\n<p>En alg\u00fan momento hice una canci\u00f3n regional mexicana como \u201c<strong><em>Amorcito coraz\u00f3n\u201d<\/em><\/strong>, trat\u00e9 de meterme en lo regional y ah\u00ed me di cuenta de que a lo mejor es al rev\u00e9s, hacer canciones mexicanas, pero en mi estilo, son temas que uno va aprendiendo.<\/p>\n\n\n\n<div class=\"wp-block-image coblocks-animate\"><figure class=\"aligncenter size-large\"><a href=\"https:\/\/i0.wp.com\/zeromagazinemx.wpcomstaging.com\/wp-content\/uploads\/2022\/02\/0425c-foto-para-contenido-entrevista-con-fer-tovar-1.jpg?ssl=1\"><img data-recalc-dims=\"1\" decoding=\"async\" src=\"https:\/\/i0.wp.com\/zeromagazinemx.wpcomstaging.com\/wp-content\/uploads\/2022\/02\/0425c-foto-para-contenido-entrevista-con-fer-tovar-1.jpg?w=1165&#038;ssl=1\" alt=\"\" class=\"wp-image-47367\" \/><\/a><\/figure><\/div>\n\n\n\n\n\n<p><strong>\u00bfCu\u00e1les son tus planes para estos pr\u00f3ximos meses?<br><br><\/strong>Quiero hacer un disco, el conjunto y los sencillos creo que ya dan para realizar un disco, ya puedo hacer la presentaci\u00f3n de este con dos o tres canciones m\u00e1s y a partir de eso empezar a hacer tours o presentaciones en escenarios que es algo que he tenido muchas ganas de hacer. En eso quiero enfocarme m\u00e1s o menos en este semestre que se viene y tambi\u00e9n agradecer a la gente que nos da la oportunidad de presentarles nuestro nuevo material y nuevas propuestas.<\/p>\n\n\n\n<p><strong>\u00bfEn qu\u00e9 foro de la Ciudad de M\u00e9xico has anhelado presentarte?<\/strong><br><br>S\u00ed, yo te podr\u00eda decir que me encantar\u00eda un <strong>Lunario <\/strong>o un<strong> Auditorio Nacional<\/strong> ya ser\u00eda un gran sue\u00f1o, eventualmente me encantar\u00eda llevarlo a cabo.<\/p>\n\n\n\n<p><strong>\u00bfQu\u00e9 mensaje te gustar\u00eda darle al mundo?<\/strong><\/p>\n\n\n\n<p>Pues que se atrevan, creo que muchas veces tenemos ese gusanito de hacer un proyecto ya sea art\u00edstico, profesional o comercial y nos da miedo. Es muy importante creer en uno mismo, so\u00f1ar no cuesta y atreverse tampoco cuesta, muchas veces es un gran sacrificio, algunas veces desvelos, pero al final creo que es muy importante atreverse y cuando ya ves ciertos resultados te llena de emoci\u00f3n.<\/p>\n\n\n\n<p><\/p>\n\n\n\n<p class=\"has-text-align-center\"><em>T\u00fa tambi\u00e9n d\u00e9jate enamorar por las bellas melod\u00edas de <strong>Fer Tovar<\/strong>, aqu\u00ed te compartimos su sencillo \u201c<strong>Enamor\u00e1ndonos<\/strong>\u201d<\/em><\/p>\n\n\n\n<figure class=\"wp-block-embed aligncenter is-type-video is-provider-youtube wp-block-embed-youtube wp-embed-aspect-16-9 wp-has-aspect-ratio\"><div class=\"wp-block-embed__wrapper\">\n<div class=\"post-video\"><iframe title=\"Fer Tovar y Barbie Renaud - Enamor\u00e1ndonos\" width=\"1165\" height=\"655\" src=\"https:\/\/www.youtube.com\/embed\/uh2lf5xPyrw?feature=oembed\" frameborder=\"0\" allow=\"accelerometer; autoplay; clipboard-write; encrypted-media; gyroscope; picture-in-picture; web-share\" allowfullscreen><\/iframe><\/div>\n<\/div><\/figure>\n\n\n\n<div style=\"height:15px;\" aria-hidden=\"true\" class=\"wp-block-spacer\"><\/div>\n\n\n<!--themify_builder_content-->\n<div id=\"themify_builder_content-47356\" data-postid=\"47356\" class=\"themify_builder_content themify_builder_content-47356 themify_builder tf_clear\">\n    <\/div>\n<!--\/themify_builder_content-->\n","protected":false},"excerpt":{"rendered":"<p>En pasados d\u00edas, el cantante Fer Tovar public\u00f3 su nuevo sencillo \u201cEnamor\u00e1ndonos\u201d, una producci\u00f3n que realiz\u00f3 con la cantante Barbie Renaud. Fer nos cont\u00f3 c\u00f3mo vivi\u00f3 el proceso de grabaci\u00f3n de esta nueva producci\u00f3n, si quieres saber todos los detalles, checa toda la entrevista. Nos puedes contar acerca de este nuevo sencillo. Antes que nada, [&hellip;]<\/p>\n","protected":false},"author":2,"featured_media":47366,"comment_status":"open","ping_status":"open","sticky":false,"template":"","format":"standard","meta":{"_jetpack_memberships_contains_paid_content":false,"footnotes":"","jetpack_publicize_message":"#Entrevista | Fer Tovar nos platic\u00f3 acerca de su nuevo sencillo #Enamor\u00e1ndonos junto a la Barbie Renaud \u00a1Esc\u00fachala ya mismo!","jetpack_publicize_feature_enabled":true,"jetpack_social_post_already_shared":true,"jetpack_social_options":{"image_generator_settings":{"template":"highway","default_image_id":0,"font":"","enabled":false},"version":2}},"categories":[117,91],"tags":[671,371,672,673,674,329,675,358,676,677,678,679,360,680],"class_list":["post-47356","post","type-post","status-publish","format-standard","has-post-thumbnail","hentry","category-entretenimiento","category-entrevistas","tag-amorcito-corazon","tag-auditorio-nacional","tag-barbie-renaud","tag-el-pegaso","tag-enamorandonos","tag-entrevista","tag-fer-tovar","tag-lanzamiento","tag-lunario","tag-pop-urbano","tag-reggaeton","tag-regional-mexicano","tag-sencillo","tag-tanto","has-post-title","has-post-date","has-post-category","has-post-tag","has-post-comment","has-post-author",""],"yoast_head":"<!-- This site is optimized with the Yoast SEO plugin v27.5 - https:\/\/yoast.com\/product\/yoast-seo-wordpress\/ -->\n<title>Entrevista con Fer Tovar - Zero Magazine<\/title>\n<meta name=\"robots\" content=\"index, follow, max-snippet:-1, max-image-preview:large, max-video-preview:-1\" \/>\n<link rel=\"canonical\" href=\"https:\/\/zeromagazine.mx\/index.php\/2021\/06\/10\/entrevista-con-fer-tovar\/\" \/>\n<meta property=\"og:locale\" content=\"es_ES\" \/>\n<meta property=\"og:type\" content=\"article\" \/>\n<meta property=\"og:title\" content=\"Entrevista con Fer Tovar - Zero Magazine\" \/>\n<meta property=\"og:description\" content=\"En pasados d\u00edas, el cantante Fer Tovar public\u00f3 su nuevo sencillo \u201cEnamor\u00e1ndonos\u201d, una producci\u00f3n que realiz\u00f3 con la cantante Barbie Renaud. Fer nos cont\u00f3 c\u00f3mo vivi\u00f3 el proceso de grabaci\u00f3n de esta nueva producci\u00f3n, si quieres saber todos los detalles, checa toda la entrevista. Nos puedes contar acerca de este nuevo sencillo. Antes que nada, [&hellip;]\" \/>\n<meta property=\"og:url\" content=\"https:\/\/zeromagazine.mx\/index.php\/2021\/06\/10\/entrevista-con-fer-tovar\/\" \/>\n<meta property=\"og:site_name\" content=\"Zero Magazine\" \/>\n<meta property=\"article:published_time\" content=\"2021-06-10T17:00:00+00:00\" \/>\n<meta name=\"author\" content=\"zeromagazinemx\" \/>\n<meta name=\"twitter:card\" content=\"summary_large_image\" \/>\n<meta name=\"twitter:label1\" content=\"Escrito por\" \/>\n\t<meta name=\"twitter:data1\" content=\"zeromagazinemx\" \/>\n\t<meta name=\"twitter:label2\" content=\"Tiempo de lectura\" \/>\n\t<meta name=\"twitter:data2\" content=\"6 minutos\" \/>\n<script type=\"application\/ld+json\" class=\"yoast-schema-graph\">{\"@context\":\"https:\\\/\\\/schema.org\",\"@graph\":[{\"@type\":\"Article\",\"@id\":\"https:\\\/\\\/zeromagazine.mx\\\/index.php\\\/2021\\\/06\\\/10\\\/entrevista-con-fer-tovar\\\/#article\",\"isPartOf\":{\"@id\":\"https:\\\/\\\/zeromagazine.mx\\\/index.php\\\/2021\\\/06\\\/10\\\/entrevista-con-fer-tovar\\\/\"},\"author\":{\"name\":\"zeromagazinemx\",\"@id\":\"https:\\\/\\\/zeromagazine.mx\\\/#\\\/schema\\\/person\\\/9aed9f33a7c39af3a348b86d723f7773\"},\"headline\":\"Entrevista con Fer Tovar\",\"datePublished\":\"2021-06-10T17:00:00+00:00\",\"mainEntityOfPage\":{\"@id\":\"https:\\\/\\\/zeromagazine.mx\\\/index.php\\\/2021\\\/06\\\/10\\\/entrevista-con-fer-tovar\\\/\"},\"wordCount\":1164,\"commentCount\":0,\"publisher\":{\"@id\":\"https:\\\/\\\/zeromagazine.mx\\\/#organization\"},\"image\":{\"@id\":\"https:\\\/\\\/zeromagazine.mx\\\/index.php\\\/2021\\\/06\\\/10\\\/entrevista-con-fer-tovar\\\/#primaryimage\"},\"thumbnailUrl\":\"\",\"keywords\":[\"Amorcito Coraz\u00f3n\",\"auditorio nacional\",\"Barbie Renaud\",\"El Pegaso\",\"Enamor\u00e1ndonos\",\"Entrevista\",\"Fer Tovar\",\"lanzamiento\",\"lunario\",\"Pop urbano\",\"reggaet\u00f3n\",\"Regional Mexicano\",\"Sencillo\",\"Tanto\"],\"articleSection\":[\"Entretenimiento\",\"Entrevistas\"],\"inLanguage\":\"es\",\"potentialAction\":[{\"@type\":\"CommentAction\",\"name\":\"Comment\",\"target\":[\"https:\\\/\\\/zeromagazine.mx\\\/index.php\\\/2021\\\/06\\\/10\\\/entrevista-con-fer-tovar\\\/#respond\"]}]},{\"@type\":\"WebPage\",\"@id\":\"https:\\\/\\\/zeromagazine.mx\\\/index.php\\\/2021\\\/06\\\/10\\\/entrevista-con-fer-tovar\\\/\",\"url\":\"https:\\\/\\\/zeromagazine.mx\\\/index.php\\\/2021\\\/06\\\/10\\\/entrevista-con-fer-tovar\\\/\",\"name\":\"Entrevista con Fer Tovar - Zero Magazine\",\"isPartOf\":{\"@id\":\"https:\\\/\\\/zeromagazine.mx\\\/#website\"},\"primaryImageOfPage\":{\"@id\":\"https:\\\/\\\/zeromagazine.mx\\\/index.php\\\/2021\\\/06\\\/10\\\/entrevista-con-fer-tovar\\\/#primaryimage\"},\"image\":{\"@id\":\"https:\\\/\\\/zeromagazine.mx\\\/index.php\\\/2021\\\/06\\\/10\\\/entrevista-con-fer-tovar\\\/#primaryimage\"},\"thumbnailUrl\":\"\",\"datePublished\":\"2021-06-10T17:00:00+00:00\",\"breadcrumb\":{\"@id\":\"https:\\\/\\\/zeromagazine.mx\\\/index.php\\\/2021\\\/06\\\/10\\\/entrevista-con-fer-tovar\\\/#breadcrumb\"},\"inLanguage\":\"es\",\"potentialAction\":[{\"@type\":\"ReadAction\",\"target\":[\"https:\\\/\\\/zeromagazine.mx\\\/index.php\\\/2021\\\/06\\\/10\\\/entrevista-con-fer-tovar\\\/\"]}]},{\"@type\":\"ImageObject\",\"inLanguage\":\"es\",\"@id\":\"https:\\\/\\\/zeromagazine.mx\\\/index.php\\\/2021\\\/06\\\/10\\\/entrevista-con-fer-tovar\\\/#primaryimage\",\"url\":\"\",\"contentUrl\":\"\"},{\"@type\":\"BreadcrumbList\",\"@id\":\"https:\\\/\\\/zeromagazine.mx\\\/index.php\\\/2021\\\/06\\\/10\\\/entrevista-con-fer-tovar\\\/#breadcrumb\",\"itemListElement\":[{\"@type\":\"ListItem\",\"position\":1,\"name\":\"Portada\",\"item\":\"https:\\\/\\\/zeromagazine.mx\\\/\"},{\"@type\":\"ListItem\",\"position\":2,\"name\":\"Entrevista con Fer Tovar\"}]},{\"@type\":\"WebSite\",\"@id\":\"https:\\\/\\\/zeromagazine.mx\\\/#website\",\"url\":\"https:\\\/\\\/zeromagazine.mx\\\/\",\"name\":\"Zero Magazine\",\"description\":\"\",\"publisher\":{\"@id\":\"https:\\\/\\\/zeromagazine.mx\\\/#organization\"},\"potentialAction\":[{\"@type\":\"SearchAction\",\"target\":{\"@type\":\"EntryPoint\",\"urlTemplate\":\"https:\\\/\\\/zeromagazine.mx\\\/?s={search_term_string}\"},\"query-input\":{\"@type\":\"PropertyValueSpecification\",\"valueRequired\":true,\"valueName\":\"search_term_string\"}}],\"inLanguage\":\"es\"},{\"@type\":\"Organization\",\"@id\":\"https:\\\/\\\/zeromagazine.mx\\\/#organization\",\"name\":\"Zero Magazine\",\"url\":\"https:\\\/\\\/zeromagazine.mx\\\/\",\"logo\":{\"@type\":\"ImageObject\",\"inLanguage\":\"es\",\"@id\":\"https:\\\/\\\/zeromagazine.mx\\\/#\\\/schema\\\/logo\\\/image\\\/\",\"url\":\"https:\\\/\\\/i0.wp.com\\\/zeromagazine.mx\\\/wp-content\\\/uploads\\\/2025\\\/11\\\/1.jpeg?fit=1000%2C1000&ssl=1\",\"contentUrl\":\"https:\\\/\\\/i0.wp.com\\\/zeromagazine.mx\\\/wp-content\\\/uploads\\\/2025\\\/11\\\/1.jpeg?fit=1000%2C1000&ssl=1\",\"width\":1000,\"height\":1000,\"caption\":\"Zero Magazine\"},\"image\":{\"@id\":\"https:\\\/\\\/zeromagazine.mx\\\/#\\\/schema\\\/logo\\\/image\\\/\"},\"sameAs\":[\"https:\\\/\\\/instagram.com\\\/zeromagazinemx\"]},{\"@type\":\"Person\",\"@id\":\"https:\\\/\\\/zeromagazine.mx\\\/#\\\/schema\\\/person\\\/9aed9f33a7c39af3a348b86d723f7773\",\"name\":\"zeromagazinemx\",\"image\":{\"@type\":\"ImageObject\",\"inLanguage\":\"es\",\"@id\":\"https:\\\/\\\/zeromagazine.mx\\\/wp-content\\\/litespeed\\\/avatar\\\/f91dfe5410d5dcb1a576bf8c45983896.jpg?ver=1777571230\",\"url\":\"https:\\\/\\\/zeromagazine.mx\\\/wp-content\\\/litespeed\\\/avatar\\\/f91dfe5410d5dcb1a576bf8c45983896.jpg?ver=1777571230\",\"contentUrl\":\"https:\\\/\\\/zeromagazine.mx\\\/wp-content\\\/litespeed\\\/avatar\\\/f91dfe5410d5dcb1a576bf8c45983896.jpg?ver=1777571230\",\"caption\":\"zeromagazinemx\"},\"url\":\"https:\\\/\\\/zeromagazine.mx\\\/index.php\\\/author\\\/zeromagazinemx\\\/\"}]}<\/script>\n<!-- \/ Yoast SEO plugin. -->","yoast_head_json":{"title":"Entrevista con Fer Tovar - Zero Magazine","robots":{"index":"index","follow":"follow","max-snippet":"max-snippet:-1","max-image-preview":"max-image-preview:large","max-video-preview":"max-video-preview:-1"},"canonical":"https:\/\/zeromagazine.mx\/index.php\/2021\/06\/10\/entrevista-con-fer-tovar\/","og_locale":"es_ES","og_type":"article","og_title":"Entrevista con Fer Tovar - Zero Magazine","og_description":"En pasados d\u00edas, el cantante Fer Tovar public\u00f3 su nuevo sencillo \u201cEnamor\u00e1ndonos\u201d, una producci\u00f3n que realiz\u00f3 con la cantante Barbie Renaud. Fer nos cont\u00f3 c\u00f3mo vivi\u00f3 el proceso de grabaci\u00f3n de esta nueva producci\u00f3n, si quieres saber todos los detalles, checa toda la entrevista. Nos puedes contar acerca de este nuevo sencillo. Antes que nada, [&hellip;]","og_url":"https:\/\/zeromagazine.mx\/index.php\/2021\/06\/10\/entrevista-con-fer-tovar\/","og_site_name":"Zero Magazine","article_published_time":"2021-06-10T17:00:00+00:00","author":"zeromagazinemx","twitter_card":"summary_large_image","twitter_misc":{"Escrito por":"zeromagazinemx","Tiempo de lectura":"6 minutos"},"schema":{"@context":"https:\/\/schema.org","@graph":[{"@type":"Article","@id":"https:\/\/zeromagazine.mx\/index.php\/2021\/06\/10\/entrevista-con-fer-tovar\/#article","isPartOf":{"@id":"https:\/\/zeromagazine.mx\/index.php\/2021\/06\/10\/entrevista-con-fer-tovar\/"},"author":{"name":"zeromagazinemx","@id":"https:\/\/zeromagazine.mx\/#\/schema\/person\/9aed9f33a7c39af3a348b86d723f7773"},"headline":"Entrevista con Fer Tovar","datePublished":"2021-06-10T17:00:00+00:00","mainEntityOfPage":{"@id":"https:\/\/zeromagazine.mx\/index.php\/2021\/06\/10\/entrevista-con-fer-tovar\/"},"wordCount":1164,"commentCount":0,"publisher":{"@id":"https:\/\/zeromagazine.mx\/#organization"},"image":{"@id":"https:\/\/zeromagazine.mx\/index.php\/2021\/06\/10\/entrevista-con-fer-tovar\/#primaryimage"},"thumbnailUrl":"","keywords":["Amorcito Coraz\u00f3n","auditorio nacional","Barbie Renaud","El Pegaso","Enamor\u00e1ndonos","Entrevista","Fer Tovar","lanzamiento","lunario","Pop urbano","reggaet\u00f3n","Regional Mexicano","Sencillo","Tanto"],"articleSection":["Entretenimiento","Entrevistas"],"inLanguage":"es","potentialAction":[{"@type":"CommentAction","name":"Comment","target":["https:\/\/zeromagazine.mx\/index.php\/2021\/06\/10\/entrevista-con-fer-tovar\/#respond"]}]},{"@type":"WebPage","@id":"https:\/\/zeromagazine.mx\/index.php\/2021\/06\/10\/entrevista-con-fer-tovar\/","url":"https:\/\/zeromagazine.mx\/index.php\/2021\/06\/10\/entrevista-con-fer-tovar\/","name":"Entrevista con Fer Tovar - Zero Magazine","isPartOf":{"@id":"https:\/\/zeromagazine.mx\/#website"},"primaryImageOfPage":{"@id":"https:\/\/zeromagazine.mx\/index.php\/2021\/06\/10\/entrevista-con-fer-tovar\/#primaryimage"},"image":{"@id":"https:\/\/zeromagazine.mx\/index.php\/2021\/06\/10\/entrevista-con-fer-tovar\/#primaryimage"},"thumbnailUrl":"","datePublished":"2021-06-10T17:00:00+00:00","breadcrumb":{"@id":"https:\/\/zeromagazine.mx\/index.php\/2021\/06\/10\/entrevista-con-fer-tovar\/#breadcrumb"},"inLanguage":"es","potentialAction":[{"@type":"ReadAction","target":["https:\/\/zeromagazine.mx\/index.php\/2021\/06\/10\/entrevista-con-fer-tovar\/"]}]},{"@type":"ImageObject","inLanguage":"es","@id":"https:\/\/zeromagazine.mx\/index.php\/2021\/06\/10\/entrevista-con-fer-tovar\/#primaryimage","url":"","contentUrl":""},{"@type":"BreadcrumbList","@id":"https:\/\/zeromagazine.mx\/index.php\/2021\/06\/10\/entrevista-con-fer-tovar\/#breadcrumb","itemListElement":[{"@type":"ListItem","position":1,"name":"Portada","item":"https:\/\/zeromagazine.mx\/"},{"@type":"ListItem","position":2,"name":"Entrevista con Fer Tovar"}]},{"@type":"WebSite","@id":"https:\/\/zeromagazine.mx\/#website","url":"https:\/\/zeromagazine.mx\/","name":"Zero Magazine","description":"","publisher":{"@id":"https:\/\/zeromagazine.mx\/#organization"},"potentialAction":[{"@type":"SearchAction","target":{"@type":"EntryPoint","urlTemplate":"https:\/\/zeromagazine.mx\/?s={search_term_string}"},"query-input":{"@type":"PropertyValueSpecification","valueRequired":true,"valueName":"search_term_string"}}],"inLanguage":"es"},{"@type":"Organization","@id":"https:\/\/zeromagazine.mx\/#organization","name":"Zero Magazine","url":"https:\/\/zeromagazine.mx\/","logo":{"@type":"ImageObject","inLanguage":"es","@id":"https:\/\/zeromagazine.mx\/#\/schema\/logo\/image\/","url":"https:\/\/i0.wp.com\/zeromagazine.mx\/wp-content\/uploads\/2025\/11\/1.jpeg?fit=1000%2C1000&ssl=1","contentUrl":"https:\/\/i0.wp.com\/zeromagazine.mx\/wp-content\/uploads\/2025\/11\/1.jpeg?fit=1000%2C1000&ssl=1","width":1000,"height":1000,"caption":"Zero Magazine"},"image":{"@id":"https:\/\/zeromagazine.mx\/#\/schema\/logo\/image\/"},"sameAs":["https:\/\/instagram.com\/zeromagazinemx"]},{"@type":"Person","@id":"https:\/\/zeromagazine.mx\/#\/schema\/person\/9aed9f33a7c39af3a348b86d723f7773","name":"zeromagazinemx","image":{"@type":"ImageObject","inLanguage":"es","@id":"https:\/\/zeromagazine.mx\/wp-content\/litespeed\/avatar\/f91dfe5410d5dcb1a576bf8c45983896.jpg?ver=1777571230","url":"https:\/\/zeromagazine.mx\/wp-content\/litespeed\/avatar\/f91dfe5410d5dcb1a576bf8c45983896.jpg?ver=1777571230","contentUrl":"https:\/\/zeromagazine.mx\/wp-content\/litespeed\/avatar\/f91dfe5410d5dcb1a576bf8c45983896.jpg?ver=1777571230","caption":"zeromagazinemx"},"url":"https:\/\/zeromagazine.mx\/index.php\/author\/zeromagazinemx\/"}]}},"jetpack_publicize_connections":[],"jetpack_featured_media_url":"","jetpack-related-posts":[{"id":49726,"url":"https:\/\/zeromagazine.mx\/index.php\/2021\/07\/08\/entrevista-con-sarah-salgado\/","url_meta":{"origin":47356,"position":0},"title":"Entrevista con Sarah Salgado","author":"zeromagazinemx","date":"8 de julio de 2021","format":false,"excerpt":"Tuvimos la oportunidad de platicar con Sarah Salgado, quien nos platic\u00f3 sobre su sencillo \u201cBrujer\u00eda\u201d, si quieres saber qu\u00e9 nos cont\u00f3, checa la entrevista. Por C\u00e9sar Palomares \u00bfCon qu\u00e9 g\u00e9nero podemos identificar a Sarah Salgado?Pues la verdad es que no tengo como un g\u00e9nero es si, me encantan todos los\u2026","rel":"","context":"En \u00abEntretenimiento\u00bb","block_context":{"text":"Entretenimiento","link":"https:\/\/zeromagazine.mx\/index.php\/category\/entretenimiento\/"},"img":{"alt_text":"","src":"https:\/\/i0.wp.com\/img.youtube.com\/vi\/nq9rElEMjBU\/0.jpg?resize=350%2C200","width":350,"height":200},"classes":[]},{"id":54270,"url":"https:\/\/zeromagazine.mx\/index.php\/2021\/09\/10\/entrevista-con-alma-paz\/","url_meta":{"origin":47356,"position":1},"title":"Entrevista con Alma Paz\u00a0","author":"zeromagazinemx","date":"10 de septiembre de 2021","format":false,"excerpt":"La cantante de g\u00e9nero urbano Alma Paz, lanz\u00f3 recientemente su \u00faltimo sencillo \u201cI need you\u201d, un tema que busca lograr una conexi\u00f3n con su p\u00fablico a trav\u00e9s de las letras y sonidos. Alma nos cont\u00f3 sobre esta nueva producci\u00f3n y cu\u00e1les son sus planes para los pr\u00f3ximos meses, te invitamos\u2026","rel":"","context":"En \u00abEntretenimiento\u00bb","block_context":{"text":"Entretenimiento","link":"https:\/\/zeromagazine.mx\/index.php\/category\/entretenimiento\/"},"img":{"alt_text":"","src":"https:\/\/i0.wp.com\/img.youtube.com\/vi\/iq89DNdEXDw\/0.jpg?resize=350%2C200","width":350,"height":200},"classes":[]},{"id":57930,"url":"https:\/\/zeromagazine.mx\/index.php\/2021\/11\/12\/entrevista-a-roberto-vaquero\/","url_meta":{"origin":47356,"position":2},"title":"Entrevista a Roberto Vaquero","author":"zeromagazinemx","date":"12 de noviembre de 2021","format":false,"excerpt":"El cantante y compositor Roberto Vaquero platic\u00f3 con nosotros sobre su m\u00e1s reciente sencillo \u201cNota de voz\u201d, sobre su carrera como compositor y productor de su propia m\u00fasica y c\u00f3mo naci\u00f3 \u201cNota de voz\u201d, te invitamos a leer la entrevista completa. Por Mateo Aguilar Plat\u00edcame de que habla tu sencillo\u2026","rel":"","context":"En \u00abEntretenimiento\u00bb","block_context":{"text":"Entretenimiento","link":"https:\/\/zeromagazine.mx\/index.php\/category\/entretenimiento\/"},"img":{"alt_text":"","src":"https:\/\/i0.wp.com\/zeromagazinemx.wpcomstaging.com\/wp-content\/uploads\/2022\/02\/7d2ad-roberto-vaquero.jpg?resize=350%2C200&ssl=1","width":350,"height":200,"srcset":"https:\/\/i0.wp.com\/zeromagazinemx.wpcomstaging.com\/wp-content\/uploads\/2022\/02\/7d2ad-roberto-vaquero.jpg?resize=350%2C200&ssl=1 1x, https:\/\/i0.wp.com\/zeromagazinemx.wpcomstaging.com\/wp-content\/uploads\/2022\/02\/7d2ad-roberto-vaquero.jpg?resize=525%2C300&ssl=1 1.5x, https:\/\/i0.wp.com\/zeromagazinemx.wpcomstaging.com\/wp-content\/uploads\/2022\/02\/7d2ad-roberto-vaquero.jpg?resize=700%2C400&ssl=1 2x"},"classes":[]},{"id":55116,"url":"https:\/\/zeromagazine.mx\/index.php\/2021\/09\/24\/entrevista-con-grand-owel\/","url_meta":{"origin":47356,"position":3},"title":"Entrevista con Grand Owel","author":"zeromagazinemx","date":"24 de septiembre de 2021","format":false,"excerpt":"","rel":"","context":"En \u00abEntretenimiento\u00bb","block_context":{"text":"Entretenimiento","link":"https:\/\/zeromagazine.mx\/index.php\/category\/entretenimiento\/"},"img":{"alt_text":"","src":"https:\/\/i0.wp.com\/img.youtube.com\/vi\/_ArlRPcUhg4\/0.jpg?resize=350%2C200","width":350,"height":200},"classes":[]},{"id":58655,"url":"https:\/\/zeromagazine.mx\/index.php\/2021\/11\/19\/entrevista-a-andres-cervantes\/","url_meta":{"origin":47356,"position":4},"title":"Entrevista a Andr\u00e9s Cervantes","author":"zeromagazinemx","date":"19 de noviembre de 2021","format":false,"excerpt":"El cantante, compositor y actor mexicano Andr\u00e9s Cervantes lanz\u00f3 su m\u00e1s reciente sencillo \u201cA-Marte\u201d en su nueva faceta como solista. Platicamos con \u00e9l y nos platic\u00f3 todo sobre este sencillo, la nueva etapa que vive y muchas cosas m\u00e1s. Te invitamos a leer el resto de la entrevista. Por Mateo\u2026","rel":"","context":"En \u00abEntretenimiento\u00bb","block_context":{"text":"Entretenimiento","link":"https:\/\/zeromagazine.mx\/index.php\/category\/entretenimiento\/"},"img":{"alt_text":"","src":"https:\/\/i0.wp.com\/zeromagazinemx.wpcomstaging.com\/wp-content\/uploads\/2022\/02\/cdd35-andres-cervantes.jpeg?resize=350%2C200&ssl=1","width":350,"height":200,"srcset":"https:\/\/i0.wp.com\/zeromagazinemx.wpcomstaging.com\/wp-content\/uploads\/2022\/02\/cdd35-andres-cervantes.jpeg?resize=350%2C200&ssl=1 1x, https:\/\/i0.wp.com\/zeromagazinemx.wpcomstaging.com\/wp-content\/uploads\/2022\/02\/cdd35-andres-cervantes.jpeg?resize=525%2C300&ssl=1 1.5x, https:\/\/i0.wp.com\/zeromagazinemx.wpcomstaging.com\/wp-content\/uploads\/2022\/02\/cdd35-andres-cervantes.jpeg?resize=700%2C400&ssl=1 2x"},"classes":[]},{"id":49318,"url":"https:\/\/zeromagazine.mx\/index.php\/2021\/07\/03\/entrevista-a-foreign-teck\/","url_meta":{"origin":47356,"position":5},"title":"Entrevista a Foreign Teck","author":"zeromagazinemx","date":"3 de julio de 2021","format":false,"excerpt":"Foreign Teck gran productor nominado al GRAMMY no ense\u00f1a otra etapa en su carrera sacando su primera canci\u00f3n como artista llamada \u201cConexi\u00f3n\u201d POR GABRIELA H. DELGADILLO Plat\u00edcame de tu nuevo sencillo \u201cConexi\u00f3n\u201d Fue el primer tema que saque como productor artista y el tema empez\u00f3 con Bryant Myers, yo estaba\u2026","rel":"","context":"En \u00abEntretenimiento\u00bb","block_context":{"text":"Entretenimiento","link":"https:\/\/zeromagazine.mx\/index.php\/category\/entretenimiento\/"},"img":{"alt_text":"","src":"https:\/\/i0.wp.com\/zeromagazine.mx\/wp-content\/uploads\/2022\/02\/294dc-connection-bts-012-scaled.jpg?fit=1200%2C801&ssl=1&resize=350%2C200","width":350,"height":200,"srcset":"https:\/\/i0.wp.com\/zeromagazine.mx\/wp-content\/uploads\/2022\/02\/294dc-connection-bts-012-scaled.jpg?fit=1200%2C801&ssl=1&resize=350%2C200 1x, https:\/\/i0.wp.com\/zeromagazine.mx\/wp-content\/uploads\/2022\/02\/294dc-connection-bts-012-scaled.jpg?fit=1200%2C801&ssl=1&resize=525%2C300 1.5x, https:\/\/i0.wp.com\/zeromagazine.mx\/wp-content\/uploads\/2022\/02\/294dc-connection-bts-012-scaled.jpg?fit=1200%2C801&ssl=1&resize=700%2C400 2x, https:\/\/i0.wp.com\/zeromagazine.mx\/wp-content\/uploads\/2022\/02\/294dc-connection-bts-012-scaled.jpg?fit=1200%2C801&ssl=1&resize=1050%2C600 3x"},"classes":[]}],"jetpack_sharing_enabled":true,"builder_content":"","_links":{"self":[{"href":"https:\/\/zeromagazine.mx\/index.php\/wp-json\/wp\/v2\/posts\/47356","targetHints":{"allow":["GET"]}}],"collection":[{"href":"https:\/\/zeromagazine.mx\/index.php\/wp-json\/wp\/v2\/posts"}],"about":[{"href":"https:\/\/zeromagazine.mx\/index.php\/wp-json\/wp\/v2\/types\/post"}],"author":[{"embeddable":true,"href":"https:\/\/zeromagazine.mx\/index.php\/wp-json\/wp\/v2\/users\/2"}],"replies":[{"embeddable":true,"href":"https:\/\/zeromagazine.mx\/index.php\/wp-json\/wp\/v2\/comments?post=47356"}],"version-history":[{"count":0,"href":"https:\/\/zeromagazine.mx\/index.php\/wp-json\/wp\/v2\/posts\/47356\/revisions"}],"wp:featuredmedia":[{"embeddable":true,"href":"https:\/\/zeromagazine.mx\/index.php\/wp-json\/"}],"wp:attachment":[{"href":"https:\/\/zeromagazine.mx\/index.php\/wp-json\/wp\/v2\/media?parent=47356"}],"wp:term":[{"taxonomy":"category","embeddable":true,"href":"https:\/\/zeromagazine.mx\/index.php\/wp-json\/wp\/v2\/categories?post=47356"},{"taxonomy":"post_tag","embeddable":true,"href":"https:\/\/zeromagazine.mx\/index.php\/wp-json\/wp\/v2\/tags?post=47356"}],"curies":[{"name":"wp","href":"https:\/\/api.w.org\/{rel}","templated":true}]}}