{"id":47404,"date":"2021-06-10T20:25:42","date_gmt":"2021-06-11T01:25:42","guid":{"rendered":"https:\/\/atomic-temporary-84115225.wpcomstaging.com\/?p=47404"},"modified":"2021-06-10T20:25:42","modified_gmt":"2021-06-11T01:25:42","slug":"feid-lanza-su-nuevo-tema-musical-fumeteo","status":"publish","type":"post","link":"https:\/\/zeromagazine.mx\/index.php\/2021\/06\/10\/feid-lanza-su-nuevo-tema-musical-fumeteo\/","title":{"rendered":"Feid lanza su nuevo tema musical \u201cFUMETEO\u201d"},"content":{"rendered":"\n<p><strong><em>FUMETEO <\/em><\/strong>es el nuevo sencillo de reggaet\u00f3n del artista <strong>Feid<\/strong>, una interpretaci\u00f3n de perreo fresca y poderosa.<\/p>\n\n\n\n<div class=\"wp-block-buttons is-layout-flex wp-block-buttons-is-layout-flex\">\n<div class=\"wp-block-button is-style-outline is-style-outline--1\"><a class=\"wp-block-button__link\">por Mayra Torres<\/a><\/div>\n<\/div>\n\n\n\n<p><\/p>\n\n\n\n<p>Escrita por <strong>Feid <\/strong>y producida por <strong>SKY ROMPIENDO<\/strong>, \u201c<strong><em>FUMETEO<\/em><\/strong>\u201d es un sencillo ideal para este verano, con una esencia de la vieja escuela en la letra, que combina con la vibra de club nocturno e incorpora coros hechos especialmente para que las mujeres bailen y los hombres disfruten del momento.<\/p>\n\n\n\n<p>El video musical tiene una clara est\u00e9tica reggaetonera, pero conservando la esencia de <strong>Feid <\/strong>y sus impactantes im\u00e1genes:<\/p>\n\n\n\n<blockquote class=\"wp-block-quote is-layout-flow wp-block-quote-is-layout-flow\"><p>\u00abEste es el v\u00eddeo m\u00e1s importante de toda mi carrera. Estoy muy feliz de compartirlo con los que empezaron conmigo en Medallo (Medell\u00edn) en los estudios, moliendo, y con mi equipo que siempre est\u00e1 trabajando tan duro para que yo est\u00e9 aqu\u00ed haciendo esto. Es solo el comienzo y mi pr\u00f3ximo \u00e1lbum ser\u00e1 incre\u00edble. Por ahora, disfruten de esta obra maestra. \u00bfD\u00f3nde est\u00e1n las gatas que les gusta el perreo?\u00bb comenta <strong>Feid<\/strong>.<\/p><\/blockquote>\n\n\n\n<figure class=\"wp-block-embed aligncenter is-type-video is-provider-youtube wp-block-embed-youtube wp-embed-aspect-16-9 wp-has-aspect-ratio\"><div class=\"wp-block-embed__wrapper\">\n<div class=\"post-video\"><iframe title=\"Feid - FUMETEO (Official Video)\" width=\"1165\" height=\"655\" src=\"https:\/\/www.youtube.com\/embed\/dhlK7CuEjWo?feature=oembed\" frameborder=\"0\" allow=\"accelerometer; autoplay; clipboard-write; encrypted-media; gyroscope; picture-in-picture; web-share\" allowfullscreen><\/iframe><\/div>\n<\/div><\/figure>\n\n\n\n\n\n<p class=\"has-text-align-center\"><em><strong>FUMETEO<\/strong> ya se encuentra en plataformas digitales.<\/em><\/p>\n\n\n\n<div style=\"height:15px;\" aria-hidden=\"true\" class=\"wp-block-spacer\"><\/div>\n\n\n<!--themify_builder_content-->\n<div id=\"themify_builder_content-47404\" data-postid=\"47404\" class=\"themify_builder_content themify_builder_content-47404 themify_builder tf_clear\">\n    <\/div>\n<!--\/themify_builder_content-->\n","protected":false},"excerpt":{"rendered":"<p>FUMETEO es el nuevo sencillo de reggaet\u00f3n del artista Feid, una interpretaci\u00f3n de perreo fresca y poderosa. Escrita por Feid y producida por SKY ROMPIENDO, \u201cFUMETEO\u201d es un sencillo ideal para este verano, con una esencia de la vieja escuela en la letra, que combina con la vibra de club nocturno e incorpora coros hechos [&hellip;]<\/p>\n","protected":false},"author":2,"featured_media":47409,"comment_status":"open","ping_status":"open","sticky":false,"template":"","format":"standard","meta":{"_jetpack_memberships_contains_paid_content":false,"footnotes":"","jetpack_publicize_message":"Feid lanza su nuevo sencillo #Fumeteo, una mezcla de reggaet\u00f3n y perreo.","jetpack_publicize_feature_enabled":true,"jetpack_social_post_already_shared":true,"jetpack_social_options":{"image_generator_settings":{"template":"highway","default_image_id":0,"font":"","enabled":false},"version":2}},"categories":[117],"tags":[708,709,358,360,710],"class_list":["post-47404","post","type-post","status-publish","format-standard","has-post-thumbnail","hentry","category-entretenimiento","tag-feid","tag-fumeteo","tag-lanzamiento","tag-sencillo","tag-sky-rompiendo","has-post-title","has-post-date","has-post-category","has-post-tag","has-post-comment","has-post-author",""],"yoast_head":"<!-- This site is optimized with the Yoast SEO plugin v27.5 - https:\/\/yoast.com\/product\/yoast-seo-wordpress\/ -->\n<title>Feid lanza su nuevo tema musical \u201cFUMETEO\u201d - Zero Magazine<\/title>\n<meta name=\"robots\" content=\"index, follow, max-snippet:-1, max-image-preview:large, max-video-preview:-1\" \/>\n<link rel=\"canonical\" href=\"https:\/\/zeromagazine.mx\/index.php\/2021\/06\/10\/feid-lanza-su-nuevo-tema-musical-fumeteo\/\" \/>\n<meta property=\"og:locale\" content=\"es_ES\" \/>\n<meta property=\"og:type\" content=\"article\" \/>\n<meta property=\"og:title\" content=\"Feid lanza su nuevo tema musical \u201cFUMETEO\u201d - Zero Magazine\" \/>\n<meta property=\"og:description\" content=\"FUMETEO es el nuevo sencillo de reggaet\u00f3n del artista Feid, una interpretaci\u00f3n de perreo fresca y poderosa. Escrita por Feid y producida por SKY ROMPIENDO, \u201cFUMETEO\u201d es un sencillo ideal para este verano, con una esencia de la vieja escuela en la letra, que combina con la vibra de club nocturno e incorpora coros hechos [&hellip;]\" \/>\n<meta property=\"og:url\" content=\"https:\/\/zeromagazine.mx\/index.php\/2021\/06\/10\/feid-lanza-su-nuevo-tema-musical-fumeteo\/\" \/>\n<meta property=\"og:site_name\" content=\"Zero Magazine\" \/>\n<meta property=\"article:published_time\" content=\"2021-06-11T01:25:42+00:00\" \/>\n<meta name=\"author\" content=\"zeromagazinemx\" \/>\n<meta name=\"twitter:card\" content=\"summary_large_image\" \/>\n<meta name=\"twitter:label1\" content=\"Escrito por\" \/>\n\t<meta name=\"twitter:data1\" content=\"zeromagazinemx\" \/>\n\t<meta name=\"twitter:label2\" content=\"Tiempo de lectura\" \/>\n\t<meta name=\"twitter:data2\" content=\"1 minuto\" \/>\n<script type=\"application\/ld+json\" class=\"yoast-schema-graph\">{\"@context\":\"https:\\\/\\\/schema.org\",\"@graph\":[{\"@type\":\"Article\",\"@id\":\"https:\\\/\\\/zeromagazine.mx\\\/index.php\\\/2021\\\/06\\\/10\\\/feid-lanza-su-nuevo-tema-musical-fumeteo\\\/#article\",\"isPartOf\":{\"@id\":\"https:\\\/\\\/zeromagazine.mx\\\/index.php\\\/2021\\\/06\\\/10\\\/feid-lanza-su-nuevo-tema-musical-fumeteo\\\/\"},\"author\":{\"name\":\"zeromagazinemx\",\"@id\":\"https:\\\/\\\/zeromagazine.mx\\\/#\\\/schema\\\/person\\\/9aed9f33a7c39af3a348b86d723f7773\"},\"headline\":\"Feid lanza su nuevo tema musical \u201cFUMETEO\u201d\",\"datePublished\":\"2021-06-11T01:25:42+00:00\",\"mainEntityOfPage\":{\"@id\":\"https:\\\/\\\/zeromagazine.mx\\\/index.php\\\/2021\\\/06\\\/10\\\/feid-lanza-su-nuevo-tema-musical-fumeteo\\\/\"},\"wordCount\":193,\"commentCount\":0,\"publisher\":{\"@id\":\"https:\\\/\\\/zeromagazine.mx\\\/#organization\"},\"image\":{\"@id\":\"https:\\\/\\\/zeromagazine.mx\\\/index.php\\\/2021\\\/06\\\/10\\\/feid-lanza-su-nuevo-tema-musical-fumeteo\\\/#primaryimage\"},\"thumbnailUrl\":\"\",\"keywords\":[\"Feid\",\"Fumeteo\",\"lanzamiento\",\"Sencillo\",\"Sky Rompiendo\"],\"articleSection\":[\"Entretenimiento\"],\"inLanguage\":\"es\",\"potentialAction\":[{\"@type\":\"CommentAction\",\"name\":\"Comment\",\"target\":[\"https:\\\/\\\/zeromagazine.mx\\\/index.php\\\/2021\\\/06\\\/10\\\/feid-lanza-su-nuevo-tema-musical-fumeteo\\\/#respond\"]}]},{\"@type\":\"WebPage\",\"@id\":\"https:\\\/\\\/zeromagazine.mx\\\/index.php\\\/2021\\\/06\\\/10\\\/feid-lanza-su-nuevo-tema-musical-fumeteo\\\/\",\"url\":\"https:\\\/\\\/zeromagazine.mx\\\/index.php\\\/2021\\\/06\\\/10\\\/feid-lanza-su-nuevo-tema-musical-fumeteo\\\/\",\"name\":\"Feid lanza su nuevo tema musical \u201cFUMETEO\u201d - Zero Magazine\",\"isPartOf\":{\"@id\":\"https:\\\/\\\/zeromagazine.mx\\\/#website\"},\"primaryImageOfPage\":{\"@id\":\"https:\\\/\\\/zeromagazine.mx\\\/index.php\\\/2021\\\/06\\\/10\\\/feid-lanza-su-nuevo-tema-musical-fumeteo\\\/#primaryimage\"},\"image\":{\"@id\":\"https:\\\/\\\/zeromagazine.mx\\\/index.php\\\/2021\\\/06\\\/10\\\/feid-lanza-su-nuevo-tema-musical-fumeteo\\\/#primaryimage\"},\"thumbnailUrl\":\"\",\"datePublished\":\"2021-06-11T01:25:42+00:00\",\"breadcrumb\":{\"@id\":\"https:\\\/\\\/zeromagazine.mx\\\/index.php\\\/2021\\\/06\\\/10\\\/feid-lanza-su-nuevo-tema-musical-fumeteo\\\/#breadcrumb\"},\"inLanguage\":\"es\",\"potentialAction\":[{\"@type\":\"ReadAction\",\"target\":[\"https:\\\/\\\/zeromagazine.mx\\\/index.php\\\/2021\\\/06\\\/10\\\/feid-lanza-su-nuevo-tema-musical-fumeteo\\\/\"]}]},{\"@type\":\"ImageObject\",\"inLanguage\":\"es\",\"@id\":\"https:\\\/\\\/zeromagazine.mx\\\/index.php\\\/2021\\\/06\\\/10\\\/feid-lanza-su-nuevo-tema-musical-fumeteo\\\/#primaryimage\",\"url\":\"\",\"contentUrl\":\"\"},{\"@type\":\"BreadcrumbList\",\"@id\":\"https:\\\/\\\/zeromagazine.mx\\\/index.php\\\/2021\\\/06\\\/10\\\/feid-lanza-su-nuevo-tema-musical-fumeteo\\\/#breadcrumb\",\"itemListElement\":[{\"@type\":\"ListItem\",\"position\":1,\"name\":\"Portada\",\"item\":\"https:\\\/\\\/zeromagazine.mx\\\/\"},{\"@type\":\"ListItem\",\"position\":2,\"name\":\"Feid lanza su nuevo tema musical \u201cFUMETEO\u201d\"}]},{\"@type\":\"WebSite\",\"@id\":\"https:\\\/\\\/zeromagazine.mx\\\/#website\",\"url\":\"https:\\\/\\\/zeromagazine.mx\\\/\",\"name\":\"Zero Magazine\",\"description\":\"\",\"publisher\":{\"@id\":\"https:\\\/\\\/zeromagazine.mx\\\/#organization\"},\"potentialAction\":[{\"@type\":\"SearchAction\",\"target\":{\"@type\":\"EntryPoint\",\"urlTemplate\":\"https:\\\/\\\/zeromagazine.mx\\\/?s={search_term_string}\"},\"query-input\":{\"@type\":\"PropertyValueSpecification\",\"valueRequired\":true,\"valueName\":\"search_term_string\"}}],\"inLanguage\":\"es\"},{\"@type\":\"Organization\",\"@id\":\"https:\\\/\\\/zeromagazine.mx\\\/#organization\",\"name\":\"Zero Magazine\",\"url\":\"https:\\\/\\\/zeromagazine.mx\\\/\",\"logo\":{\"@type\":\"ImageObject\",\"inLanguage\":\"es\",\"@id\":\"https:\\\/\\\/zeromagazine.mx\\\/#\\\/schema\\\/logo\\\/image\\\/\",\"url\":\"https:\\\/\\\/i0.wp.com\\\/zeromagazine.mx\\\/wp-content\\\/uploads\\\/2025\\\/11\\\/1.jpeg?fit=1000%2C1000&ssl=1\",\"contentUrl\":\"https:\\\/\\\/i0.wp.com\\\/zeromagazine.mx\\\/wp-content\\\/uploads\\\/2025\\\/11\\\/1.jpeg?fit=1000%2C1000&ssl=1\",\"width\":1000,\"height\":1000,\"caption\":\"Zero Magazine\"},\"image\":{\"@id\":\"https:\\\/\\\/zeromagazine.mx\\\/#\\\/schema\\\/logo\\\/image\\\/\"},\"sameAs\":[\"https:\\\/\\\/instagram.com\\\/zeromagazinemx\"]},{\"@type\":\"Person\",\"@id\":\"https:\\\/\\\/zeromagazine.mx\\\/#\\\/schema\\\/person\\\/9aed9f33a7c39af3a348b86d723f7773\",\"name\":\"zeromagazinemx\",\"image\":{\"@type\":\"ImageObject\",\"inLanguage\":\"es\",\"@id\":\"https:\\\/\\\/zeromagazine.mx\\\/wp-content\\\/litespeed\\\/avatar\\\/f91dfe5410d5dcb1a576bf8c45983896.jpg?ver=1777571230\",\"url\":\"https:\\\/\\\/zeromagazine.mx\\\/wp-content\\\/litespeed\\\/avatar\\\/f91dfe5410d5dcb1a576bf8c45983896.jpg?ver=1777571230\",\"contentUrl\":\"https:\\\/\\\/zeromagazine.mx\\\/wp-content\\\/litespeed\\\/avatar\\\/f91dfe5410d5dcb1a576bf8c45983896.jpg?ver=1777571230\",\"caption\":\"zeromagazinemx\"},\"url\":\"https:\\\/\\\/zeromagazine.mx\\\/index.php\\\/author\\\/zeromagazinemx\\\/\"}]}<\/script>\n<!-- \/ Yoast SEO plugin. -->","yoast_head_json":{"title":"Feid lanza su nuevo tema musical \u201cFUMETEO\u201d - Zero Magazine","robots":{"index":"index","follow":"follow","max-snippet":"max-snippet:-1","max-image-preview":"max-image-preview:large","max-video-preview":"max-video-preview:-1"},"canonical":"https:\/\/zeromagazine.mx\/index.php\/2021\/06\/10\/feid-lanza-su-nuevo-tema-musical-fumeteo\/","og_locale":"es_ES","og_type":"article","og_title":"Feid lanza su nuevo tema musical \u201cFUMETEO\u201d - Zero Magazine","og_description":"FUMETEO es el nuevo sencillo de reggaet\u00f3n del artista Feid, una interpretaci\u00f3n de perreo fresca y poderosa. Escrita por Feid y producida por SKY ROMPIENDO, \u201cFUMETEO\u201d es un sencillo ideal para este verano, con una esencia de la vieja escuela en la letra, que combina con la vibra de club nocturno e incorpora coros hechos [&hellip;]","og_url":"https:\/\/zeromagazine.mx\/index.php\/2021\/06\/10\/feid-lanza-su-nuevo-tema-musical-fumeteo\/","og_site_name":"Zero Magazine","article_published_time":"2021-06-11T01:25:42+00:00","author":"zeromagazinemx","twitter_card":"summary_large_image","twitter_misc":{"Escrito por":"zeromagazinemx","Tiempo de lectura":"1 minuto"},"schema":{"@context":"https:\/\/schema.org","@graph":[{"@type":"Article","@id":"https:\/\/zeromagazine.mx\/index.php\/2021\/06\/10\/feid-lanza-su-nuevo-tema-musical-fumeteo\/#article","isPartOf":{"@id":"https:\/\/zeromagazine.mx\/index.php\/2021\/06\/10\/feid-lanza-su-nuevo-tema-musical-fumeteo\/"},"author":{"name":"zeromagazinemx","@id":"https:\/\/zeromagazine.mx\/#\/schema\/person\/9aed9f33a7c39af3a348b86d723f7773"},"headline":"Feid lanza su nuevo tema musical \u201cFUMETEO\u201d","datePublished":"2021-06-11T01:25:42+00:00","mainEntityOfPage":{"@id":"https:\/\/zeromagazine.mx\/index.php\/2021\/06\/10\/feid-lanza-su-nuevo-tema-musical-fumeteo\/"},"wordCount":193,"commentCount":0,"publisher":{"@id":"https:\/\/zeromagazine.mx\/#organization"},"image":{"@id":"https:\/\/zeromagazine.mx\/index.php\/2021\/06\/10\/feid-lanza-su-nuevo-tema-musical-fumeteo\/#primaryimage"},"thumbnailUrl":"","keywords":["Feid","Fumeteo","lanzamiento","Sencillo","Sky Rompiendo"],"articleSection":["Entretenimiento"],"inLanguage":"es","potentialAction":[{"@type":"CommentAction","name":"Comment","target":["https:\/\/zeromagazine.mx\/index.php\/2021\/06\/10\/feid-lanza-su-nuevo-tema-musical-fumeteo\/#respond"]}]},{"@type":"WebPage","@id":"https:\/\/zeromagazine.mx\/index.php\/2021\/06\/10\/feid-lanza-su-nuevo-tema-musical-fumeteo\/","url":"https:\/\/zeromagazine.mx\/index.php\/2021\/06\/10\/feid-lanza-su-nuevo-tema-musical-fumeteo\/","name":"Feid lanza su nuevo tema musical \u201cFUMETEO\u201d - Zero Magazine","isPartOf":{"@id":"https:\/\/zeromagazine.mx\/#website"},"primaryImageOfPage":{"@id":"https:\/\/zeromagazine.mx\/index.php\/2021\/06\/10\/feid-lanza-su-nuevo-tema-musical-fumeteo\/#primaryimage"},"image":{"@id":"https:\/\/zeromagazine.mx\/index.php\/2021\/06\/10\/feid-lanza-su-nuevo-tema-musical-fumeteo\/#primaryimage"},"thumbnailUrl":"","datePublished":"2021-06-11T01:25:42+00:00","breadcrumb":{"@id":"https:\/\/zeromagazine.mx\/index.php\/2021\/06\/10\/feid-lanza-su-nuevo-tema-musical-fumeteo\/#breadcrumb"},"inLanguage":"es","potentialAction":[{"@type":"ReadAction","target":["https:\/\/zeromagazine.mx\/index.php\/2021\/06\/10\/feid-lanza-su-nuevo-tema-musical-fumeteo\/"]}]},{"@type":"ImageObject","inLanguage":"es","@id":"https:\/\/zeromagazine.mx\/index.php\/2021\/06\/10\/feid-lanza-su-nuevo-tema-musical-fumeteo\/#primaryimage","url":"","contentUrl":""},{"@type":"BreadcrumbList","@id":"https:\/\/zeromagazine.mx\/index.php\/2021\/06\/10\/feid-lanza-su-nuevo-tema-musical-fumeteo\/#breadcrumb","itemListElement":[{"@type":"ListItem","position":1,"name":"Portada","item":"https:\/\/zeromagazine.mx\/"},{"@type":"ListItem","position":2,"name":"Feid lanza su nuevo tema musical \u201cFUMETEO\u201d"}]},{"@type":"WebSite","@id":"https:\/\/zeromagazine.mx\/#website","url":"https:\/\/zeromagazine.mx\/","name":"Zero Magazine","description":"","publisher":{"@id":"https:\/\/zeromagazine.mx\/#organization"},"potentialAction":[{"@type":"SearchAction","target":{"@type":"EntryPoint","urlTemplate":"https:\/\/zeromagazine.mx\/?s={search_term_string}"},"query-input":{"@type":"PropertyValueSpecification","valueRequired":true,"valueName":"search_term_string"}}],"inLanguage":"es"},{"@type":"Organization","@id":"https:\/\/zeromagazine.mx\/#organization","name":"Zero Magazine","url":"https:\/\/zeromagazine.mx\/","logo":{"@type":"ImageObject","inLanguage":"es","@id":"https:\/\/zeromagazine.mx\/#\/schema\/logo\/image\/","url":"https:\/\/i0.wp.com\/zeromagazine.mx\/wp-content\/uploads\/2025\/11\/1.jpeg?fit=1000%2C1000&ssl=1","contentUrl":"https:\/\/i0.wp.com\/zeromagazine.mx\/wp-content\/uploads\/2025\/11\/1.jpeg?fit=1000%2C1000&ssl=1","width":1000,"height":1000,"caption":"Zero Magazine"},"image":{"@id":"https:\/\/zeromagazine.mx\/#\/schema\/logo\/image\/"},"sameAs":["https:\/\/instagram.com\/zeromagazinemx"]},{"@type":"Person","@id":"https:\/\/zeromagazine.mx\/#\/schema\/person\/9aed9f33a7c39af3a348b86d723f7773","name":"zeromagazinemx","image":{"@type":"ImageObject","inLanguage":"es","@id":"https:\/\/zeromagazine.mx\/wp-content\/litespeed\/avatar\/f91dfe5410d5dcb1a576bf8c45983896.jpg?ver=1777571230","url":"https:\/\/zeromagazine.mx\/wp-content\/litespeed\/avatar\/f91dfe5410d5dcb1a576bf8c45983896.jpg?ver=1777571230","contentUrl":"https:\/\/zeromagazine.mx\/wp-content\/litespeed\/avatar\/f91dfe5410d5dcb1a576bf8c45983896.jpg?ver=1777571230","caption":"zeromagazinemx"},"url":"https:\/\/zeromagazine.mx\/index.php\/author\/zeromagazinemx\/"}]}},"jetpack_publicize_connections":[],"jetpack_featured_media_url":"","jetpack-related-posts":[{"id":75778,"url":"https:\/\/zeromagazine.mx\/index.php\/2024\/05\/09\/young-miko-y-feid-offline\/","url_meta":{"origin":47404,"position":0},"title":"\u00a1Young Miko y Feid: \u00abOffline\u00bb!","author":"zeromagazinemx","date":"9 de mayo de 2024","format":false,"excerpt":"Hoy quiero hablarles sobre el \u00faltimo lanzamiento musical que est\u00e1 causando sensaci\u00f3n: el nuevo video de Young Miko en colaboraci\u00f3n con Feid, \"Offline\". Si a\u00fan no lo han visto, est\u00e1n a punto de descubrir algo realmente especial. Para empezar, este video es una obra maestra. Filmado en Los \u00c1ngeles, nos\u2026","rel":"","context":"En \u00abEntretenimiento\u00bb","block_context":{"text":"Entretenimiento","link":"https:\/\/zeromagazine.mx\/index.php\/category\/entretenimiento\/"},"img":{"alt_text":"","src":"https:\/\/i0.wp.com\/zeromagazine.mx\/wp-content\/uploads\/2024\/05\/offline40-scaled.jpeg?fit=1200%2C796&ssl=1&resize=350%2C200","width":350,"height":200,"srcset":"https:\/\/i0.wp.com\/zeromagazine.mx\/wp-content\/uploads\/2024\/05\/offline40-scaled.jpeg?fit=1200%2C796&ssl=1&resize=350%2C200 1x, https:\/\/i0.wp.com\/zeromagazine.mx\/wp-content\/uploads\/2024\/05\/offline40-scaled.jpeg?fit=1200%2C796&ssl=1&resize=525%2C300 1.5x, https:\/\/i0.wp.com\/zeromagazine.mx\/wp-content\/uploads\/2024\/05\/offline40-scaled.jpeg?fit=1200%2C796&ssl=1&resize=700%2C400 2x, https:\/\/i0.wp.com\/zeromagazine.mx\/wp-content\/uploads\/2024\/05\/offline40-scaled.jpeg?fit=1200%2C796&ssl=1&resize=1050%2C600 3x"},"classes":[]},{"id":52516,"url":"https:\/\/zeromagazine.mx\/index.php\/2021\/08\/20\/feid-el-primer-reggaetonero-en-tener-alianza-con-monster-energy-ademas-de-lanzar-su-cuarto-album\/","url_meta":{"origin":47404,"position":1},"title":"Feid estrena su cuarto \u00e1lbum","author":"zeromagazinemx","date":"20 de agosto de 2021","format":false,"excerpt":"FEID lanza su cuarto \u00e1lbum de estudio titulado Inter Shibuya \u2013 La Mafia este 20 de Agosto innovando con este en la parte visual prometi\u00e9ndonos una sensaci\u00f3n totalmente nueva y una gran experiencia musical y de esto no tenemos duda, pues recordemos que FEID es un incre\u00edble compositor y ha\u2026","rel":"","context":"En \u00abEntrevistas\u00bb","block_context":{"text":"Entrevistas","link":"https:\/\/zeromagazine.mx\/index.php\/category\/entretenimiento\/entrevistas\/"},"img":{"alt_text":"","src":"","width":0,"height":0},"classes":[]},{"id":78429,"url":"https:\/\/zeromagazine.mx\/index.php\/2024\/06\/17\/bershka-y-saiko-la-rompen-en-tiktok\/","url_meta":{"origin":47404,"position":2},"title":"\u00a1Bershka y Saiko la rompen en TikTok!","author":"zeromagazinemx","date":"17 de junio de 2024","format":false,"excerpt":"Amix, prep\u00e1rense porque Bershka y Saiko acaban de tirar la casa por la ventana con un remix exclusivo en TikTok que no te puedes perder. \u00bfYa conoces a Saiko? Este chavo de Granada, Espa\u00f1a, la est\u00e1 rompiendo con su m\u00fasica urbana. A los 14 a\u00f1os ya estaba dando sus primeros\u2026","rel":"","context":"En \u00abBlog\u00bb","block_context":{"text":"Blog","link":"https:\/\/zeromagazine.mx\/index.php\/category\/blog\/"},"img":{"alt_text":"","src":"https:\/\/i0.wp.com\/zeromagazine.mx\/wp-content\/uploads\/2024\/06\/SAIKO-x-BERSHKA-capsule-collection-3-rotated.jpg?fit=1200%2C800&ssl=1&resize=350%2C200","width":350,"height":200,"srcset":"https:\/\/i0.wp.com\/zeromagazine.mx\/wp-content\/uploads\/2024\/06\/SAIKO-x-BERSHKA-capsule-collection-3-rotated.jpg?fit=1200%2C800&ssl=1&resize=350%2C200 1x, https:\/\/i0.wp.com\/zeromagazine.mx\/wp-content\/uploads\/2024\/06\/SAIKO-x-BERSHKA-capsule-collection-3-rotated.jpg?fit=1200%2C800&ssl=1&resize=525%2C300 1.5x, https:\/\/i0.wp.com\/zeromagazine.mx\/wp-content\/uploads\/2024\/06\/SAIKO-x-BERSHKA-capsule-collection-3-rotated.jpg?fit=1200%2C800&ssl=1&resize=700%2C400 2x, https:\/\/i0.wp.com\/zeromagazine.mx\/wp-content\/uploads\/2024\/06\/SAIKO-x-BERSHKA-capsule-collection-3-rotated.jpg?fit=1200%2C800&ssl=1&resize=1050%2C600 3x"},"classes":[]},{"id":98628,"url":"https:\/\/zeromagazine.mx\/index.php\/2025\/03\/14\/dialoges-de-paz-nueva-pieza-musical-de-maisak-y-nanpa-basico\/","url_meta":{"origin":47404,"position":3},"title":"Di\u00e1logos de Paz: M\u00fasica que Sana Corazones","author":"David Morales","date":"14 de marzo de 2025","format":false,"excerpt":"Amix, si alguna vez han estado en una relaci\u00f3n donde el orgullo y el amor chocan, entonces la canci\u00f3n de Nanpa B\u00e1sico y Maisak es para ti; pues estos dos artistas se unen en \u201cDi\u00e1logos de Paz\u201d, un tema que explora el conflicto, el arrepentimiento y la reconciliaci\u00f3n en el\u2026","rel":"","context":"En \u00abEntretenimiento\u00bb","block_context":{"text":"Entretenimiento","link":"https:\/\/zeromagazine.mx\/index.php\/category\/entretenimiento\/"},"img":{"alt_text":"","src":"https:\/\/i0.wp.com\/zeromagazine.mx\/wp-content\/uploads\/2025\/03\/Imagen-de-WhatsApp-2025-03-13-a-las-14.42.33_7cf170ca-e1741954992620.jpg?fit=651%2C370&ssl=1&resize=350%2C200","width":350,"height":200,"srcset":"https:\/\/i0.wp.com\/zeromagazine.mx\/wp-content\/uploads\/2025\/03\/Imagen-de-WhatsApp-2025-03-13-a-las-14.42.33_7cf170ca-e1741954992620.jpg?fit=651%2C370&ssl=1&resize=350%2C200 1x, https:\/\/i0.wp.com\/zeromagazine.mx\/wp-content\/uploads\/2025\/03\/Imagen-de-WhatsApp-2025-03-13-a-las-14.42.33_7cf170ca-e1741954992620.jpg?fit=651%2C370&ssl=1&resize=525%2C300 1.5x"},"classes":[]},{"id":69622,"url":"https:\/\/zeromagazine.mx\/index.php\/2023\/12\/14\/fep-2024-vibra-en-el-centro\/","url_meta":{"origin":47404,"position":4},"title":"\u00a1\u00bbFEP 2024: Vibra en el Centro\u00bb!","author":"David Morales","date":"14 de diciembre de 2023","format":false,"excerpt":"El Festival Est\u00e9reo Picnic, \u00a1esa experiencia que nos hace vibrar con cada beat y nos transporta a un mundo diferente!, est\u00e1 a punto de sorprendernos una vez m\u00e1s. \u00bfListos para sumergirnos en el presente musical m\u00e1s \u00e9pico? Este a\u00f1o, el #FEP2024 promete llevarnos a un viaje inolvidable con un lineup\u2026","rel":"","context":"En \u00abEntretenimiento\u00bb","block_context":{"text":"Entretenimiento","link":"https:\/\/zeromagazine.mx\/index.php\/category\/entretenimiento\/"},"img":{"alt_text":"","src":"https:\/\/i0.wp.com\/zeromagazine.mx\/wp-content\/uploads\/2023\/12\/unnamed-13.png?fit=1200%2C668&ssl=1&resize=350%2C200","width":350,"height":200,"srcset":"https:\/\/i0.wp.com\/zeromagazine.mx\/wp-content\/uploads\/2023\/12\/unnamed-13.png?fit=1200%2C668&ssl=1&resize=350%2C200 1x, https:\/\/i0.wp.com\/zeromagazine.mx\/wp-content\/uploads\/2023\/12\/unnamed-13.png?fit=1200%2C668&ssl=1&resize=525%2C300 1.5x, https:\/\/i0.wp.com\/zeromagazine.mx\/wp-content\/uploads\/2023\/12\/unnamed-13.png?fit=1200%2C668&ssl=1&resize=700%2C400 2x, https:\/\/i0.wp.com\/zeromagazine.mx\/wp-content\/uploads\/2023\/12\/unnamed-13.png?fit=1200%2C668&ssl=1&resize=1050%2C600 3x"},"classes":[]},{"id":74248,"url":"https:\/\/zeromagazine.mx\/index.php\/2024\/04\/17\/lo-mejor-del-fep-2024\/","url_meta":{"origin":47404,"position":5},"title":"\u00a1Lo Mejor del FEP 2024!","author":"zeromagazinemx","date":"17 de abril de 2024","format":false,"excerpt":"Con m\u00e1s de 160 mil asistentes durante cuatro d\u00edas consecutivos, el Festival Est\u00e9reo Picnic 2024 se erigi\u00f3 como el epicentro indiscutible de la m\u00fasica y la cultura en la capital colombiana. Desde el emblem\u00e1tico Sim\u00f3n Bol\u00edvar, el primer d\u00eda del evento estuvo impregnado de la esencia del rock y el\u2026","rel":"","context":"En \u00abEntretenimiento\u00bb","block_context":{"text":"Entretenimiento","link":"https:\/\/zeromagazine.mx\/index.php\/category\/entretenimiento\/"},"img":{"alt_text":"","src":"https:\/\/i0.wp.com\/zeromagazine.mx\/wp-content\/uploads\/2024\/04\/unnamed-26.jpg?fit=1200%2C800&ssl=1&resize=350%2C200","width":350,"height":200,"srcset":"https:\/\/i0.wp.com\/zeromagazine.mx\/wp-content\/uploads\/2024\/04\/unnamed-26.jpg?fit=1200%2C800&ssl=1&resize=350%2C200 1x, https:\/\/i0.wp.com\/zeromagazine.mx\/wp-content\/uploads\/2024\/04\/unnamed-26.jpg?fit=1200%2C800&ssl=1&resize=525%2C300 1.5x, https:\/\/i0.wp.com\/zeromagazine.mx\/wp-content\/uploads\/2024\/04\/unnamed-26.jpg?fit=1200%2C800&ssl=1&resize=700%2C400 2x, https:\/\/i0.wp.com\/zeromagazine.mx\/wp-content\/uploads\/2024\/04\/unnamed-26.jpg?fit=1200%2C800&ssl=1&resize=1050%2C600 3x"},"classes":[]}],"jetpack_sharing_enabled":true,"builder_content":"","_links":{"self":[{"href":"https:\/\/zeromagazine.mx\/index.php\/wp-json\/wp\/v2\/posts\/47404","targetHints":{"allow":["GET"]}}],"collection":[{"href":"https:\/\/zeromagazine.mx\/index.php\/wp-json\/wp\/v2\/posts"}],"about":[{"href":"https:\/\/zeromagazine.mx\/index.php\/wp-json\/wp\/v2\/types\/post"}],"author":[{"embeddable":true,"href":"https:\/\/zeromagazine.mx\/index.php\/wp-json\/wp\/v2\/users\/2"}],"replies":[{"embeddable":true,"href":"https:\/\/zeromagazine.mx\/index.php\/wp-json\/wp\/v2\/comments?post=47404"}],"version-history":[{"count":0,"href":"https:\/\/zeromagazine.mx\/index.php\/wp-json\/wp\/v2\/posts\/47404\/revisions"}],"wp:featuredmedia":[{"embeddable":true,"href":"https:\/\/zeromagazine.mx\/index.php\/wp-json\/"}],"wp:attachment":[{"href":"https:\/\/zeromagazine.mx\/index.php\/wp-json\/wp\/v2\/media?parent=47404"}],"wp:term":[{"taxonomy":"category","embeddable":true,"href":"https:\/\/zeromagazine.mx\/index.php\/wp-json\/wp\/v2\/categories?post=47404"},{"taxonomy":"post_tag","embeddable":true,"href":"https:\/\/zeromagazine.mx\/index.php\/wp-json\/wp\/v2\/tags?post=47404"}],"curies":[{"name":"wp","href":"https:\/\/api.w.org\/{rel}","templated":true}]}}