{"id":47443,"date":"2021-06-11T12:00:00","date_gmt":"2021-06-11T17:00:00","guid":{"rendered":"https:\/\/atomic-temporary-84115225.wpcomstaging.com\/?p=47443"},"modified":"2021-06-11T12:00:00","modified_gmt":"2021-06-11T17:00:00","slug":"mezcal-mitre-dinos-la-personalidad-de-tu-papa-y-te-diremos-cual-mezcal-le-podras-regalar","status":"publish","type":"post","link":"https:\/\/zeromagazine.mx\/index.php\/2021\/06\/11\/mezcal-mitre-dinos-la-personalidad-de-tu-papa-y-te-diremos-cual-mezcal-le-podras-regalar\/","title":{"rendered":"Mezcal Mitre: Dinos la personalidad de tu pap\u00e1 y te diremos cu\u00e1l mezcal le podr\u00e1s regalar"},"content":{"rendered":"\n<p>El <strong><em>D\u00eda del Padre<\/em><\/strong> se acerca y si no sabes que regalarle a pap\u00e1,<strong> Mezcal Mitre<\/strong> te ayuda a saber qu\u00e9 mezcal regalarle dependiendo de su personalidad.<\/p>\n\n\n\n<div class=\"wp-block-image coblocks-animate\"><figure class=\"aligncenter size-large is-resized\"><a href=\"https:\/\/i0.wp.com\/atomic-temporary-84115225.wpcomstaging.com\/wp-content\/uploads\/2021\/06\/Anforita-Mitre.jpg?ssl=1\"><img data-recalc-dims=\"1\" decoding=\"async\" src=\"https:\/\/i0.wp.com\/zeromagazinemx.wpcomstaging.com\/wp-content\/uploads\/2022\/02\/3080d-anforita-mitre-edited.jpg?resize=745%2C558&#038;ssl=1\" alt=\"\" class=\"wp-image-47461\" width=\"745\" height=\"558\" \/><\/a><\/figure><\/div>\n\n\n\n<p><\/p>\n\n\n\n<div class=\"wp-block-buttons is-layout-flex wp-block-buttons-is-layout-flex\">\n<div class=\"wp-block-button is-style-outline is-style-outline--1\"><a class=\"wp-block-button__link\">por Moises Kushelevich<\/a><\/div>\n<\/div>\n\n\n\n<p><\/p>\n\n\n\n<p>Las botellas de <strong>Mezcal <\/strong>es el regalo perfecto ya que al tener dos de sus tres etiquetas, la forma de una cabeza de jaguar que despu\u00e9s puede funcionar como elemento decorativo. Si tu padre bebe destilados o no, tambi\u00e9n podr\u00e1 usarlas como recuerdo o para iniciar una colecci\u00f3n con las ediciones especiales intervenidas por reconocidos artistas mexicanos.<\/p>\n\n\n\n<p><\/p>\n\n\n\n<p><strong>\u00bfQu\u00e9 mezcal encajar\u00e1 mejor con tu pap\u00e1?<\/strong><\/p>\n\n\n\n<ul class=\"wp-block-list\"><li><strong><em>Mezcal Mitre Espad\u00edn<\/em><\/strong>: Para el pap\u00e1 tradicional, los experimentados en mezcal detectar\u00e1n su excelencia, en una gran armon\u00eda donde se puede encontrar aromas c\u00edtricos y herb\u00e1ceos como la misma penca, con un ligero toque ahumado. En boca suave confirmando los aromas y dejando una sensaci\u00f3n fresca gracias a su agradable acidez que permanece de forma amable y larga en el retrogusto. Ideal para maridar con alimentos o simplemente para consumirlo.<\/li><\/ul>\n\n\n\n<figure class=\"wp-block-gallery aligncenter columns-2 is-cropped coblocks-animate wp-block-gallery-2 is-layout-flex wp-block-gallery-is-layout-flex\"><ul class=\"blocks-gallery-grid\"><li class=\"blocks-gallery-item\"><figure><a href=\"https:\/\/i0.wp.com\/zeromagazinemx.wpcomstaging.com\/wp-content\/uploads\/2022\/02\/4b334-mezcal-mitre-espadin-1.jpg?ssl=1\"><img data-recalc-dims=\"1\" decoding=\"async\" src=\"https:\/\/i0.wp.com\/zeromagazinemx.wpcomstaging.com\/wp-content\/uploads\/2022\/02\/4b334-mezcal-mitre-espadin-1.jpg?w=1165&#038;ssl=1\" alt=\"\" data-id=\"47449\" data-link=\"https:\/\/atomic-temporary-84115225.wpcomstaging.com\/?attachment_id=47449\" class=\"wp-image-47449\" \/><\/a><\/figure><\/li><li class=\"blocks-gallery-item\"><figure><a href=\"https:\/\/i0.wp.com\/zeromagazinemx.wpcomstaging.com\/wp-content\/uploads\/2022\/02\/bdf17-mezcal-mitre-espadin-2.jpg?ssl=1\"><img data-recalc-dims=\"1\" decoding=\"async\" src=\"https:\/\/i0.wp.com\/zeromagazinemx.wpcomstaging.com\/wp-content\/uploads\/2022\/02\/bdf17-mezcal-mitre-espadin-2.jpg?w=1165&#038;ssl=1\" alt=\"\" data-id=\"47451\" data-link=\"https:\/\/atomic-temporary-84115225.wpcomstaging.com\/?attachment_id=47451\" class=\"wp-image-47451\" \/><\/a><\/figure><\/li><\/ul><\/figure>\n\n\n\n\n\n<ul class=\"wp-block-list\"><li><strong><em>Mezcal Mitre 3 Magueyes<\/em><\/strong>: Para el pap\u00e1 conocedor, ideal para los amantes del lujo y distinci\u00f3n, la etiqueta Mitre 3 magueyes es ideal por ser un mezcal en perfecta armon\u00eda y balance que ofrece sensaciones como acidez, astringencia y amargor en sinton\u00eda con una extrema calidad como carta de presentaci\u00f3n. Contiene 2\/3 partes en agaves silvestres y 1\/3 parte en espad\u00edn. El agave espad\u00edn tiende a ser bastante amigable de digerir y fusionado con otras dos especies, lo cual le permite al consumidor disfrutar un poco m\u00e1s del car\u00e1cter de sus variedades.<\/li><\/ul>\n\n\n\n<figure class=\"wp-block-gallery aligncenter columns-2 is-cropped coblocks-animate wp-block-gallery-3 is-layout-flex wp-block-gallery-is-layout-flex\"><ul class=\"blocks-gallery-grid\"><li class=\"blocks-gallery-item\"><figure><a href=\"https:\/\/i0.wp.com\/zeromagazinemx.wpcomstaging.com\/wp-content\/uploads\/2022\/02\/9726c-mezcal-mitre-3-magueyes-1.jpg?ssl=1\"><img data-recalc-dims=\"1\" decoding=\"async\" src=\"https:\/\/i0.wp.com\/zeromagazinemx.wpcomstaging.com\/wp-content\/uploads\/2022\/02\/9726c-mezcal-mitre-3-magueyes-1.jpg?w=1165&#038;ssl=1\" alt=\"\" data-id=\"47453\" data-link=\"https:\/\/atomic-temporary-84115225.wpcomstaging.com\/?attachment_id=47453\" class=\"wp-image-47453\" \/><\/a><\/figure><\/li><li class=\"blocks-gallery-item\"><figure><a href=\"https:\/\/i0.wp.com\/zeromagazinemx.wpcomstaging.com\/wp-content\/uploads\/2022\/02\/dab2b-mezcal-mitre-3-magueyes-2.jpg?ssl=1\"><img data-recalc-dims=\"1\" decoding=\"async\" src=\"https:\/\/i0.wp.com\/zeromagazinemx.wpcomstaging.com\/wp-content\/uploads\/2022\/02\/dab2b-mezcal-mitre-3-magueyes-2.jpg?w=1165&#038;ssl=1\" alt=\"\" data-id=\"47454\" data-link=\"https:\/\/atomic-temporary-84115225.wpcomstaging.com\/?attachment_id=47454\" class=\"wp-image-47454\" \/><\/a><\/figure><\/li><\/ul><\/figure>\n\n\n\n<ul class=\"wp-block-list\"><li><strong><em>Kit Mezcalero Mitre<\/em><\/strong>: Para el pap\u00e1 extrovertido, este kit incluye la etiqueta Mitre Espad\u00edn Selecto, dos veladoras para brindar en pareja y sal de gusano Gran Mitla para acompa\u00f1ar de una forma m\u00e1s deliciosa los tragos de mezcal. Un regalo ideal para alguien con car\u00e1cter desenfrenado y aventurero.<\/li><\/ul>\n\n\n\n<div class=\"wp-block-coblocks-gallery-masonry\"><div class=\"coblocks-gallery has-no-alignment has-caption-style-dark has-gutter\"><ul class=\"has-grid-xlrg has-gutter-15 has-gutter-mobile-15\"><li class=\"coblocks-gallery--item coblocks-animate\"><figure class=\"coblocks-gallery--figure\"><img data-recalc-dims=\"1\" decoding=\"async\" src=\"https:\/\/i0.wp.com\/zeromagazinemx.wpcomstaging.com\/wp-content\/uploads\/2022\/02\/6b2b8-kit-mezcalero-mezcal-mitre-2.jpg?w=1165&#038;ssl=1\" alt=\"\" data-id=\"47456\" data-imglink=\"\" class=\"wp-image-47456\" \/><\/figure><\/li><li class=\"coblocks-gallery--item coblocks-animate\"><figure class=\"coblocks-gallery--figure\"><img data-recalc-dims=\"1\" decoding=\"async\" src=\"https:\/\/i0.wp.com\/zeromagazinemx.wpcomstaging.com\/wp-content\/uploads\/2022\/02\/085a5-kit-mezcalero-mezcal-mitre-1.jpg?w=1165&#038;ssl=1\" alt=\"\" data-id=\"47458\" data-imglink=\"\" class=\"wp-image-47458\" \/><\/figure><\/li><\/ul><\/div><\/div>\n\n\n\n\n\n<div style=\"height:10px;\" aria-hidden=\"true\" class=\"wp-block-spacer\"><\/div>\n\n\n\n<p class=\"has-text-align-center\"><em>El <strong>D\u00eda del Padre<\/strong> est\u00e1 cerca y <strong>Mezcal Mitre<\/strong> es una excelente opci\u00f3n para regalarle a pap\u00e1<\/em><\/p>\n\n\n\n<div style=\"height:10px;\" aria-hidden=\"true\" class=\"wp-block-spacer\"><\/div>\n\n\n<!--themify_builder_content-->\n<div id=\"themify_builder_content-47443\" data-postid=\"47443\" class=\"themify_builder_content themify_builder_content-47443 themify_builder tf_clear\">\n    <\/div>\n<!--\/themify_builder_content-->\n","protected":false},"excerpt":{"rendered":"<p>El D\u00eda del Padre se acerca y si no sabes que regalarle a pap\u00e1, Mezcal Mitre te ayuda a saber qu\u00e9 mezcal regalarle dependiendo de su personalidad. Las botellas de Mezcal es el regalo perfecto ya que al tener dos de sus tres etiquetas, la forma de una cabeza de jaguar que despu\u00e9s puede funcionar [&hellip;]<\/p>\n","protected":false},"author":2,"featured_media":47462,"comment_status":"open","ping_status":"open","sticky":false,"template":"","format":"standard","meta":{"_jetpack_memberships_contains_paid_content":false,"footnotes":"","jetpack_publicize_message":"Mezcal Mitre ","jetpack_publicize_feature_enabled":true,"jetpack_social_post_already_shared":true,"jetpack_social_options":{"image_generator_settings":{"template":"highway","default_image_id":0,"font":"","enabled":false},"version":2}},"categories":[63],"tags":[401,730,691,731,732],"class_list":["post-47443","post","type-post","status-publish","format-standard","has-post-thumbnail","hentry","category-lifestyle","tag-dia-del-padre","tag-kit-mezcalero-mitre","tag-mezcal-mitre","tag-mezcal-mitre-3-magueyes","tag-mezcal-mitre-espadin","has-post-title","has-post-date","has-post-category","has-post-tag","has-post-comment","has-post-author",""],"yoast_head":"<!-- This site is optimized with the Yoast SEO plugin v27.5 - https:\/\/yoast.com\/product\/yoast-seo-wordpress\/ -->\n<title>Mezcal Mitre: Dinos la personalidad de tu pap\u00e1 y te diremos cu\u00e1l mezcal le podr\u00e1s regalar - Zero Magazine<\/title>\n<meta name=\"robots\" content=\"index, follow, max-snippet:-1, max-image-preview:large, max-video-preview:-1\" \/>\n<link rel=\"canonical\" href=\"https:\/\/zeromagazine.mx\/index.php\/2021\/06\/11\/mezcal-mitre-dinos-la-personalidad-de-tu-papa-y-te-diremos-cual-mezcal-le-podras-regalar\/\" \/>\n<meta property=\"og:locale\" content=\"es_ES\" \/>\n<meta property=\"og:type\" content=\"article\" \/>\n<meta property=\"og:title\" content=\"Mezcal Mitre: Dinos la personalidad de tu pap\u00e1 y te diremos cu\u00e1l mezcal le podr\u00e1s regalar - Zero Magazine\" \/>\n<meta property=\"og:description\" content=\"El D\u00eda del Padre se acerca y si no sabes que regalarle a pap\u00e1, Mezcal Mitre te ayuda a saber qu\u00e9 mezcal regalarle dependiendo de su personalidad. Las botellas de Mezcal es el regalo perfecto ya que al tener dos de sus tres etiquetas, la forma de una cabeza de jaguar que despu\u00e9s puede funcionar [&hellip;]\" \/>\n<meta property=\"og:url\" content=\"https:\/\/zeromagazine.mx\/index.php\/2021\/06\/11\/mezcal-mitre-dinos-la-personalidad-de-tu-papa-y-te-diremos-cual-mezcal-le-podras-regalar\/\" \/>\n<meta property=\"og:site_name\" content=\"Zero Magazine\" \/>\n<meta property=\"article:published_time\" content=\"2021-06-11T17:00:00+00:00\" \/>\n<meta name=\"author\" content=\"zeromagazinemx\" \/>\n<meta name=\"twitter:card\" content=\"summary_large_image\" \/>\n<meta name=\"twitter:label1\" content=\"Escrito por\" \/>\n\t<meta name=\"twitter:data1\" content=\"zeromagazinemx\" \/>\n\t<meta name=\"twitter:label2\" content=\"Tiempo de lectura\" \/>\n\t<meta name=\"twitter:data2\" content=\"2 minutos\" \/>\n<script type=\"application\/ld+json\" class=\"yoast-schema-graph\">{\"@context\":\"https:\\\/\\\/schema.org\",\"@graph\":[{\"@type\":\"Article\",\"@id\":\"https:\\\/\\\/zeromagazine.mx\\\/index.php\\\/2021\\\/06\\\/11\\\/mezcal-mitre-dinos-la-personalidad-de-tu-papa-y-te-diremos-cual-mezcal-le-podras-regalar\\\/#article\",\"isPartOf\":{\"@id\":\"https:\\\/\\\/zeromagazine.mx\\\/index.php\\\/2021\\\/06\\\/11\\\/mezcal-mitre-dinos-la-personalidad-de-tu-papa-y-te-diremos-cual-mezcal-le-podras-regalar\\\/\"},\"author\":{\"name\":\"zeromagazinemx\",\"@id\":\"https:\\\/\\\/zeromagazine.mx\\\/#\\\/schema\\\/person\\\/9aed9f33a7c39af3a348b86d723f7773\"},\"headline\":\"Mezcal Mitre: Dinos la personalidad de tu pap\u00e1 y te diremos cu\u00e1l mezcal le podr\u00e1s regalar\",\"datePublished\":\"2021-06-11T17:00:00+00:00\",\"mainEntityOfPage\":{\"@id\":\"https:\\\/\\\/zeromagazine.mx\\\/index.php\\\/2021\\\/06\\\/11\\\/mezcal-mitre-dinos-la-personalidad-de-tu-papa-y-te-diremos-cual-mezcal-le-podras-regalar\\\/\"},\"wordCount\":359,\"commentCount\":0,\"publisher\":{\"@id\":\"https:\\\/\\\/zeromagazine.mx\\\/#organization\"},\"image\":{\"@id\":\"https:\\\/\\\/zeromagazine.mx\\\/index.php\\\/2021\\\/06\\\/11\\\/mezcal-mitre-dinos-la-personalidad-de-tu-papa-y-te-diremos-cual-mezcal-le-podras-regalar\\\/#primaryimage\"},\"thumbnailUrl\":\"\",\"keywords\":[\"D\u00eda del padre\",\"Kit Mezcalero Mitre\",\"Mezcal Mitre\",\"Mezcal Mitre 3 Magueyes\",\"Mezcal Mitre Espad\u00edn\"],\"articleSection\":[\"Lifestyle\"],\"inLanguage\":\"es\",\"potentialAction\":[{\"@type\":\"CommentAction\",\"name\":\"Comment\",\"target\":[\"https:\\\/\\\/zeromagazine.mx\\\/index.php\\\/2021\\\/06\\\/11\\\/mezcal-mitre-dinos-la-personalidad-de-tu-papa-y-te-diremos-cual-mezcal-le-podras-regalar\\\/#respond\"]}]},{\"@type\":\"WebPage\",\"@id\":\"https:\\\/\\\/zeromagazine.mx\\\/index.php\\\/2021\\\/06\\\/11\\\/mezcal-mitre-dinos-la-personalidad-de-tu-papa-y-te-diremos-cual-mezcal-le-podras-regalar\\\/\",\"url\":\"https:\\\/\\\/zeromagazine.mx\\\/index.php\\\/2021\\\/06\\\/11\\\/mezcal-mitre-dinos-la-personalidad-de-tu-papa-y-te-diremos-cual-mezcal-le-podras-regalar\\\/\",\"name\":\"Mezcal Mitre: Dinos la personalidad de tu pap\u00e1 y te diremos cu\u00e1l mezcal le podr\u00e1s regalar - Zero Magazine\",\"isPartOf\":{\"@id\":\"https:\\\/\\\/zeromagazine.mx\\\/#website\"},\"primaryImageOfPage\":{\"@id\":\"https:\\\/\\\/zeromagazine.mx\\\/index.php\\\/2021\\\/06\\\/11\\\/mezcal-mitre-dinos-la-personalidad-de-tu-papa-y-te-diremos-cual-mezcal-le-podras-regalar\\\/#primaryimage\"},\"image\":{\"@id\":\"https:\\\/\\\/zeromagazine.mx\\\/index.php\\\/2021\\\/06\\\/11\\\/mezcal-mitre-dinos-la-personalidad-de-tu-papa-y-te-diremos-cual-mezcal-le-podras-regalar\\\/#primaryimage\"},\"thumbnailUrl\":\"\",\"datePublished\":\"2021-06-11T17:00:00+00:00\",\"breadcrumb\":{\"@id\":\"https:\\\/\\\/zeromagazine.mx\\\/index.php\\\/2021\\\/06\\\/11\\\/mezcal-mitre-dinos-la-personalidad-de-tu-papa-y-te-diremos-cual-mezcal-le-podras-regalar\\\/#breadcrumb\"},\"inLanguage\":\"es\",\"potentialAction\":[{\"@type\":\"ReadAction\",\"target\":[\"https:\\\/\\\/zeromagazine.mx\\\/index.php\\\/2021\\\/06\\\/11\\\/mezcal-mitre-dinos-la-personalidad-de-tu-papa-y-te-diremos-cual-mezcal-le-podras-regalar\\\/\"]}]},{\"@type\":\"ImageObject\",\"inLanguage\":\"es\",\"@id\":\"https:\\\/\\\/zeromagazine.mx\\\/index.php\\\/2021\\\/06\\\/11\\\/mezcal-mitre-dinos-la-personalidad-de-tu-papa-y-te-diremos-cual-mezcal-le-podras-regalar\\\/#primaryimage\",\"url\":\"\",\"contentUrl\":\"\"},{\"@type\":\"BreadcrumbList\",\"@id\":\"https:\\\/\\\/zeromagazine.mx\\\/index.php\\\/2021\\\/06\\\/11\\\/mezcal-mitre-dinos-la-personalidad-de-tu-papa-y-te-diremos-cual-mezcal-le-podras-regalar\\\/#breadcrumb\",\"itemListElement\":[{\"@type\":\"ListItem\",\"position\":1,\"name\":\"Portada\",\"item\":\"https:\\\/\\\/zeromagazine.mx\\\/\"},{\"@type\":\"ListItem\",\"position\":2,\"name\":\"Mezcal Mitre: Dinos la personalidad de tu pap\u00e1 y te diremos cu\u00e1l mezcal le podr\u00e1s regalar\"}]},{\"@type\":\"WebSite\",\"@id\":\"https:\\\/\\\/zeromagazine.mx\\\/#website\",\"url\":\"https:\\\/\\\/zeromagazine.mx\\\/\",\"name\":\"Zero Magazine\",\"description\":\"\",\"publisher\":{\"@id\":\"https:\\\/\\\/zeromagazine.mx\\\/#organization\"},\"potentialAction\":[{\"@type\":\"SearchAction\",\"target\":{\"@type\":\"EntryPoint\",\"urlTemplate\":\"https:\\\/\\\/zeromagazine.mx\\\/?s={search_term_string}\"},\"query-input\":{\"@type\":\"PropertyValueSpecification\",\"valueRequired\":true,\"valueName\":\"search_term_string\"}}],\"inLanguage\":\"es\"},{\"@type\":\"Organization\",\"@id\":\"https:\\\/\\\/zeromagazine.mx\\\/#organization\",\"name\":\"Zero Magazine\",\"url\":\"https:\\\/\\\/zeromagazine.mx\\\/\",\"logo\":{\"@type\":\"ImageObject\",\"inLanguage\":\"es\",\"@id\":\"https:\\\/\\\/zeromagazine.mx\\\/#\\\/schema\\\/logo\\\/image\\\/\",\"url\":\"https:\\\/\\\/i0.wp.com\\\/zeromagazine.mx\\\/wp-content\\\/uploads\\\/2025\\\/11\\\/1.jpeg?fit=1000%2C1000&ssl=1\",\"contentUrl\":\"https:\\\/\\\/i0.wp.com\\\/zeromagazine.mx\\\/wp-content\\\/uploads\\\/2025\\\/11\\\/1.jpeg?fit=1000%2C1000&ssl=1\",\"width\":1000,\"height\":1000,\"caption\":\"Zero Magazine\"},\"image\":{\"@id\":\"https:\\\/\\\/zeromagazine.mx\\\/#\\\/schema\\\/logo\\\/image\\\/\"},\"sameAs\":[\"https:\\\/\\\/instagram.com\\\/zeromagazinemx\"]},{\"@type\":\"Person\",\"@id\":\"https:\\\/\\\/zeromagazine.mx\\\/#\\\/schema\\\/person\\\/9aed9f33a7c39af3a348b86d723f7773\",\"name\":\"zeromagazinemx\",\"image\":{\"@type\":\"ImageObject\",\"inLanguage\":\"es\",\"@id\":\"https:\\\/\\\/zeromagazine.mx\\\/wp-content\\\/litespeed\\\/avatar\\\/f91dfe5410d5dcb1a576bf8c45983896.jpg?ver=1777571230\",\"url\":\"https:\\\/\\\/zeromagazine.mx\\\/wp-content\\\/litespeed\\\/avatar\\\/f91dfe5410d5dcb1a576bf8c45983896.jpg?ver=1777571230\",\"contentUrl\":\"https:\\\/\\\/zeromagazine.mx\\\/wp-content\\\/litespeed\\\/avatar\\\/f91dfe5410d5dcb1a576bf8c45983896.jpg?ver=1777571230\",\"caption\":\"zeromagazinemx\"},\"url\":\"https:\\\/\\\/zeromagazine.mx\\\/index.php\\\/author\\\/zeromagazinemx\\\/\"}]}<\/script>\n<!-- \/ Yoast SEO plugin. -->","yoast_head_json":{"title":"Mezcal Mitre: Dinos la personalidad de tu pap\u00e1 y te diremos cu\u00e1l mezcal le podr\u00e1s regalar - Zero Magazine","robots":{"index":"index","follow":"follow","max-snippet":"max-snippet:-1","max-image-preview":"max-image-preview:large","max-video-preview":"max-video-preview:-1"},"canonical":"https:\/\/zeromagazine.mx\/index.php\/2021\/06\/11\/mezcal-mitre-dinos-la-personalidad-de-tu-papa-y-te-diremos-cual-mezcal-le-podras-regalar\/","og_locale":"es_ES","og_type":"article","og_title":"Mezcal Mitre: Dinos la personalidad de tu pap\u00e1 y te diremos cu\u00e1l mezcal le podr\u00e1s regalar - Zero Magazine","og_description":"El D\u00eda del Padre se acerca y si no sabes que regalarle a pap\u00e1, Mezcal Mitre te ayuda a saber qu\u00e9 mezcal regalarle dependiendo de su personalidad. Las botellas de Mezcal es el regalo perfecto ya que al tener dos de sus tres etiquetas, la forma de una cabeza de jaguar que despu\u00e9s puede funcionar [&hellip;]","og_url":"https:\/\/zeromagazine.mx\/index.php\/2021\/06\/11\/mezcal-mitre-dinos-la-personalidad-de-tu-papa-y-te-diremos-cual-mezcal-le-podras-regalar\/","og_site_name":"Zero Magazine","article_published_time":"2021-06-11T17:00:00+00:00","author":"zeromagazinemx","twitter_card":"summary_large_image","twitter_misc":{"Escrito por":"zeromagazinemx","Tiempo de lectura":"2 minutos"},"schema":{"@context":"https:\/\/schema.org","@graph":[{"@type":"Article","@id":"https:\/\/zeromagazine.mx\/index.php\/2021\/06\/11\/mezcal-mitre-dinos-la-personalidad-de-tu-papa-y-te-diremos-cual-mezcal-le-podras-regalar\/#article","isPartOf":{"@id":"https:\/\/zeromagazine.mx\/index.php\/2021\/06\/11\/mezcal-mitre-dinos-la-personalidad-de-tu-papa-y-te-diremos-cual-mezcal-le-podras-regalar\/"},"author":{"name":"zeromagazinemx","@id":"https:\/\/zeromagazine.mx\/#\/schema\/person\/9aed9f33a7c39af3a348b86d723f7773"},"headline":"Mezcal Mitre: Dinos la personalidad de tu pap\u00e1 y te diremos cu\u00e1l mezcal le podr\u00e1s regalar","datePublished":"2021-06-11T17:00:00+00:00","mainEntityOfPage":{"@id":"https:\/\/zeromagazine.mx\/index.php\/2021\/06\/11\/mezcal-mitre-dinos-la-personalidad-de-tu-papa-y-te-diremos-cual-mezcal-le-podras-regalar\/"},"wordCount":359,"commentCount":0,"publisher":{"@id":"https:\/\/zeromagazine.mx\/#organization"},"image":{"@id":"https:\/\/zeromagazine.mx\/index.php\/2021\/06\/11\/mezcal-mitre-dinos-la-personalidad-de-tu-papa-y-te-diremos-cual-mezcal-le-podras-regalar\/#primaryimage"},"thumbnailUrl":"","keywords":["D\u00eda del padre","Kit Mezcalero Mitre","Mezcal Mitre","Mezcal Mitre 3 Magueyes","Mezcal Mitre Espad\u00edn"],"articleSection":["Lifestyle"],"inLanguage":"es","potentialAction":[{"@type":"CommentAction","name":"Comment","target":["https:\/\/zeromagazine.mx\/index.php\/2021\/06\/11\/mezcal-mitre-dinos-la-personalidad-de-tu-papa-y-te-diremos-cual-mezcal-le-podras-regalar\/#respond"]}]},{"@type":"WebPage","@id":"https:\/\/zeromagazine.mx\/index.php\/2021\/06\/11\/mezcal-mitre-dinos-la-personalidad-de-tu-papa-y-te-diremos-cual-mezcal-le-podras-regalar\/","url":"https:\/\/zeromagazine.mx\/index.php\/2021\/06\/11\/mezcal-mitre-dinos-la-personalidad-de-tu-papa-y-te-diremos-cual-mezcal-le-podras-regalar\/","name":"Mezcal Mitre: Dinos la personalidad de tu pap\u00e1 y te diremos cu\u00e1l mezcal le podr\u00e1s regalar - Zero Magazine","isPartOf":{"@id":"https:\/\/zeromagazine.mx\/#website"},"primaryImageOfPage":{"@id":"https:\/\/zeromagazine.mx\/index.php\/2021\/06\/11\/mezcal-mitre-dinos-la-personalidad-de-tu-papa-y-te-diremos-cual-mezcal-le-podras-regalar\/#primaryimage"},"image":{"@id":"https:\/\/zeromagazine.mx\/index.php\/2021\/06\/11\/mezcal-mitre-dinos-la-personalidad-de-tu-papa-y-te-diremos-cual-mezcal-le-podras-regalar\/#primaryimage"},"thumbnailUrl":"","datePublished":"2021-06-11T17:00:00+00:00","breadcrumb":{"@id":"https:\/\/zeromagazine.mx\/index.php\/2021\/06\/11\/mezcal-mitre-dinos-la-personalidad-de-tu-papa-y-te-diremos-cual-mezcal-le-podras-regalar\/#breadcrumb"},"inLanguage":"es","potentialAction":[{"@type":"ReadAction","target":["https:\/\/zeromagazine.mx\/index.php\/2021\/06\/11\/mezcal-mitre-dinos-la-personalidad-de-tu-papa-y-te-diremos-cual-mezcal-le-podras-regalar\/"]}]},{"@type":"ImageObject","inLanguage":"es","@id":"https:\/\/zeromagazine.mx\/index.php\/2021\/06\/11\/mezcal-mitre-dinos-la-personalidad-de-tu-papa-y-te-diremos-cual-mezcal-le-podras-regalar\/#primaryimage","url":"","contentUrl":""},{"@type":"BreadcrumbList","@id":"https:\/\/zeromagazine.mx\/index.php\/2021\/06\/11\/mezcal-mitre-dinos-la-personalidad-de-tu-papa-y-te-diremos-cual-mezcal-le-podras-regalar\/#breadcrumb","itemListElement":[{"@type":"ListItem","position":1,"name":"Portada","item":"https:\/\/zeromagazine.mx\/"},{"@type":"ListItem","position":2,"name":"Mezcal Mitre: Dinos la personalidad de tu pap\u00e1 y te diremos cu\u00e1l mezcal le podr\u00e1s regalar"}]},{"@type":"WebSite","@id":"https:\/\/zeromagazine.mx\/#website","url":"https:\/\/zeromagazine.mx\/","name":"Zero Magazine","description":"","publisher":{"@id":"https:\/\/zeromagazine.mx\/#organization"},"potentialAction":[{"@type":"SearchAction","target":{"@type":"EntryPoint","urlTemplate":"https:\/\/zeromagazine.mx\/?s={search_term_string}"},"query-input":{"@type":"PropertyValueSpecification","valueRequired":true,"valueName":"search_term_string"}}],"inLanguage":"es"},{"@type":"Organization","@id":"https:\/\/zeromagazine.mx\/#organization","name":"Zero Magazine","url":"https:\/\/zeromagazine.mx\/","logo":{"@type":"ImageObject","inLanguage":"es","@id":"https:\/\/zeromagazine.mx\/#\/schema\/logo\/image\/","url":"https:\/\/i0.wp.com\/zeromagazine.mx\/wp-content\/uploads\/2025\/11\/1.jpeg?fit=1000%2C1000&ssl=1","contentUrl":"https:\/\/i0.wp.com\/zeromagazine.mx\/wp-content\/uploads\/2025\/11\/1.jpeg?fit=1000%2C1000&ssl=1","width":1000,"height":1000,"caption":"Zero Magazine"},"image":{"@id":"https:\/\/zeromagazine.mx\/#\/schema\/logo\/image\/"},"sameAs":["https:\/\/instagram.com\/zeromagazinemx"]},{"@type":"Person","@id":"https:\/\/zeromagazine.mx\/#\/schema\/person\/9aed9f33a7c39af3a348b86d723f7773","name":"zeromagazinemx","image":{"@type":"ImageObject","inLanguage":"es","@id":"https:\/\/zeromagazine.mx\/wp-content\/litespeed\/avatar\/f91dfe5410d5dcb1a576bf8c45983896.jpg?ver=1777571230","url":"https:\/\/zeromagazine.mx\/wp-content\/litespeed\/avatar\/f91dfe5410d5dcb1a576bf8c45983896.jpg?ver=1777571230","contentUrl":"https:\/\/zeromagazine.mx\/wp-content\/litespeed\/avatar\/f91dfe5410d5dcb1a576bf8c45983896.jpg?ver=1777571230","caption":"zeromagazinemx"},"url":"https:\/\/zeromagazine.mx\/index.php\/author\/zeromagazinemx\/"}]}},"jetpack_publicize_connections":[],"jetpack_featured_media_url":"","jetpack-related-posts":[{"id":51193,"url":"https:\/\/zeromagazine.mx\/index.php\/2021\/07\/30\/mezcal-mitre-llega-a-casa-visconti\/","url_meta":{"origin":47443,"position":0},"title":"Mezcal Mitre llega a Casa Visconti","author":"zeromagazinemx","date":"30 de julio de 2021","format":false,"excerpt":"Mezcal Mitre le da un toque nuevo y refrescante al verano con los nuevos sabores de helado y paleta en Casa Visconti. Por Mayra Torres En conjunto con la reconocida helader\u00eda Casa Visconti, la marca mexicana Mezcal Mitre ha elegido 2 sabores que podr\u00e1n disfrutar los amantes del mezcal y\u2026","rel":"","context":"En \u00abLifestyle\u00bb","block_context":{"text":"Lifestyle","link":"https:\/\/zeromagazine.mx\/index.php\/category\/lifestyle\/"},"img":{"alt_text":"","src":"","width":0,"height":0},"classes":[]},{"id":81274,"url":"https:\/\/zeromagazine.mx\/index.php\/2024\/08\/01\/spicy-mezcal-sabor-y-tradicion\/","url_meta":{"origin":47443,"position":1},"title":"\u00abSpicy Mezcal: Sabor y Tradici\u00f3n\u00bb","author":"zeromagazinemx","date":"1 de agosto de 2024","format":false,"excerpt":"Oaxaca nunca nos deja de sorprender con esos aromas y sabores que nos transportan directo a nuestras ra\u00edces, haci\u00e9ndonos recordar de d\u00f3nde venimos y mostrando al mundo un poquito de nuestra cultura.\u00a0 El Mezcal Mitre\u00a0\u00a0es el producto m\u00e1s vers\u00e1til y es b\u00e1sicamente tu puerta de entrada al mundo del mezcal.\u2026","rel":"","context":"En \u00abBlog\u00bb","block_context":{"text":"Blog","link":"https:\/\/zeromagazine.mx\/index.php\/category\/blog\/"},"img":{"alt_text":"","src":"https:\/\/i0.wp.com\/zeromagazine.mx\/wp-content\/uploads\/2024\/08\/DSC04764-Edit-scaled.jpg?fit=675%2C1200&ssl=1&resize=350%2C200","width":350,"height":200,"srcset":"https:\/\/i0.wp.com\/zeromagazine.mx\/wp-content\/uploads\/2024\/08\/DSC04764-Edit-scaled.jpg?fit=675%2C1200&ssl=1&resize=350%2C200 1x, https:\/\/i0.wp.com\/zeromagazine.mx\/wp-content\/uploads\/2024\/08\/DSC04764-Edit-scaled.jpg?fit=675%2C1200&ssl=1&resize=525%2C300 1.5x"},"classes":[]},{"id":48646,"url":"https:\/\/zeromagazine.mx\/index.php\/2021\/06\/24\/mezcal-mitre-expresa-su-apoyo-a-la-comunidad-lgbtttiq-con-botella-de-edicion-especial\/","url_meta":{"origin":47443,"position":2},"title":"Mezcal Mitre, expresa su apoyo a la comunidad LGBTTTIQ+ con botella de edici\u00f3n especial","author":"zeromagazinemx","date":"24 de junio de 2021","format":false,"excerpt":"Los seis colores de la Bandera LGBTTTIQ+ son la inspiraci\u00f3n para lanzar al mercado la edici\u00f3n especial de Mezcal Mitre para el D\u00eda del Orgullo. Una nueva edici\u00f3n limitada de mezcal que homenajea las singularidades y diferencias. Por Moises Kushelevich La lucha por los derechos LGBTTTIQ+ cumple 51 a\u00f1os y\u2026","rel":"","context":"En \u00abLifestyle\u00bb","block_context":{"text":"Lifestyle","link":"https:\/\/zeromagazine.mx\/index.php\/category\/lifestyle\/"},"img":{"alt_text":"","src":"","width":0,"height":0},"classes":[]},{"id":91400,"url":"https:\/\/zeromagazine.mx\/index.php\/2024\/11\/22\/mitre-tamborines-mezcal-para-el-otono\/","url_meta":{"origin":47443,"position":3},"title":"Mitre Tamborines: Mezcal para el Oto\u00f1o","author":"zeromagazinemx","date":"22 de noviembre de 2024","format":false,"excerpt":"Oto\u00f1o est\u00e1 aqu\u00ed Zero Squad, y con \u00e9l llegan esas tardes frescas que tanto nos gustan. El clima cambia, las hojas se caen, y es el momento perfecto para armar esos planes cozy con tus amigxs, familia o ese grupito especial. Y si hay algo que no puede faltar en\u2026","rel":"","context":"En \u00abFoodie\u00bb","block_context":{"text":"Foodie","link":"https:\/\/zeromagazine.mx\/index.php\/category\/lifestyle\/foodie\/"},"img":{"alt_text":"","src":"https:\/\/i0.wp.com\/zeromagazine.mx\/wp-content\/uploads\/2024\/11\/WhatsApp-Image-2024-11-22-at-2.28.22-PM.jpeg?fit=533%2C533&ssl=1&resize=350%2C200","width":350,"height":200,"srcset":"https:\/\/i0.wp.com\/zeromagazine.mx\/wp-content\/uploads\/2024\/11\/WhatsApp-Image-2024-11-22-at-2.28.22-PM.jpeg?fit=533%2C533&ssl=1&resize=350%2C200 1x, https:\/\/i0.wp.com\/zeromagazine.mx\/wp-content\/uploads\/2024\/11\/WhatsApp-Image-2024-11-22-at-2.28.22-PM.jpeg?fit=533%2C533&ssl=1&resize=525%2C300 1.5x"},"classes":[]},{"id":51179,"url":"https:\/\/zeromagazine.mx\/index.php\/2021\/07\/30\/mitre-ancestral-la-nueva-etiqueta-de-mezcal-mitre-destilada-en-olla-de-barro\/","url_meta":{"origin":47443,"position":4},"title":"Mitre Ancestral: la nueva etiqueta de Mezcal Mitre destilada en olla de barro","author":"zeromagazinemx","date":"30 de julio de 2021","format":false,"excerpt":"La nueva etiqueta de la familia Mezcal Mitre, que exalta los elementos de su proceso de elaboraci\u00f3n al ser destilado en olla de barro, lo cual le da un sabor \u00fanico e innovador. Por Moises Kushelevich Mezcal Mitre, marca mexicana de la bebida espirituosa y con la cual trabaja Don\u2026","rel":"","context":"En \u00abLifestyle\u00bb","block_context":{"text":"Lifestyle","link":"https:\/\/zeromagazine.mx\/index.php\/category\/lifestyle\/"},"img":{"alt_text":"","src":"","width":0,"height":0},"classes":[]},{"id":47389,"url":"https:\/\/zeromagazine.mx\/index.php\/2021\/06\/10\/mezcal-mitre-presenta-una-edicion-especial-en-apoyo-a-la-comunidad-lgbtttiq\/","url_meta":{"origin":47443,"position":5},"title":"Mezcal Mitre presenta una edici\u00f3n especial en apoyo a la comunidad LGBTTTIQ+","author":"zeromagazinemx","date":"10 de junio de 2021","format":false,"excerpt":"La marca mexicana celebra el Mes del Orgullo con una botella de edici\u00f3n especial de la Bandera del Arco\u00edris a favor de la libertad y el orgullo de amar sin restricciones. por Mayra Torres Mezcal Mitre se suma a la lucha por los Derechos LGBTTTIQ+ comprometi\u00e9ndose con una campa\u00f1a a\u2026","rel":"","context":"En \u00abLifestyle\u00bb","block_context":{"text":"Lifestyle","link":"https:\/\/zeromagazine.mx\/index.php\/category\/lifestyle\/"},"img":{"alt_text":"","src":"https:\/\/i0.wp.com\/zeromagazinemx.wpcomstaging.com\/wp-content\/uploads\/2022\/02\/2788e-id_mitre_2020_curvas-black.png?resize=350%2C200&ssl=1","width":350,"height":200,"srcset":"https:\/\/i0.wp.com\/zeromagazinemx.wpcomstaging.com\/wp-content\/uploads\/2022\/02\/2788e-id_mitre_2020_curvas-black.png?resize=350%2C200&ssl=1 1x, https:\/\/i0.wp.com\/zeromagazinemx.wpcomstaging.com\/wp-content\/uploads\/2022\/02\/2788e-id_mitre_2020_curvas-black.png?resize=525%2C300&ssl=1 1.5x, https:\/\/i0.wp.com\/zeromagazinemx.wpcomstaging.com\/wp-content\/uploads\/2022\/02\/2788e-id_mitre_2020_curvas-black.png?resize=700%2C400&ssl=1 2x"},"classes":[]}],"jetpack_sharing_enabled":true,"builder_content":"","_links":{"self":[{"href":"https:\/\/zeromagazine.mx\/index.php\/wp-json\/wp\/v2\/posts\/47443","targetHints":{"allow":["GET"]}}],"collection":[{"href":"https:\/\/zeromagazine.mx\/index.php\/wp-json\/wp\/v2\/posts"}],"about":[{"href":"https:\/\/zeromagazine.mx\/index.php\/wp-json\/wp\/v2\/types\/post"}],"author":[{"embeddable":true,"href":"https:\/\/zeromagazine.mx\/index.php\/wp-json\/wp\/v2\/users\/2"}],"replies":[{"embeddable":true,"href":"https:\/\/zeromagazine.mx\/index.php\/wp-json\/wp\/v2\/comments?post=47443"}],"version-history":[{"count":0,"href":"https:\/\/zeromagazine.mx\/index.php\/wp-json\/wp\/v2\/posts\/47443\/revisions"}],"wp:featuredmedia":[{"embeddable":true,"href":"https:\/\/zeromagazine.mx\/index.php\/wp-json\/"}],"wp:attachment":[{"href":"https:\/\/zeromagazine.mx\/index.php\/wp-json\/wp\/v2\/media?parent=47443"}],"wp:term":[{"taxonomy":"category","embeddable":true,"href":"https:\/\/zeromagazine.mx\/index.php\/wp-json\/wp\/v2\/categories?post=47443"},{"taxonomy":"post_tag","embeddable":true,"href":"https:\/\/zeromagazine.mx\/index.php\/wp-json\/wp\/v2\/tags?post=47443"}],"curies":[{"name":"wp","href":"https:\/\/api.w.org\/{rel}","templated":true}]}}