{"id":47526,"date":"2021-06-12T08:00:00","date_gmt":"2021-06-12T13:00:00","guid":{"rendered":"https:\/\/atomic-temporary-84115225.wpcomstaging.com\/?p=47526"},"modified":"2021-06-12T08:00:00","modified_gmt":"2021-06-12T13:00:00","slug":"exposicion-fotografica-fotoactivate-presentada-por-fundacion-alfredo-harp-helu","status":"publish","type":"post","link":"https:\/\/zeromagazine.mx\/index.php\/2021\/06\/12\/exposicion-fotografica-fotoactivate-presentada-por-fundacion-alfredo-harp-helu\/","title":{"rendered":"Exposici\u00f3n fotogr\u00e1fica \u201cFotoACT\u00cdVATE\u201d, presentada por Fundaci\u00f3n Alfredo Harp Hel\u00fa"},"content":{"rendered":"\n<p>Con la finalidad de promover la activaci\u00f3n y cultura f\u00edsica social en tiempo de confinamiento derivado del <em>Covid-19<\/em>, la <strong>Fundaci\u00f3n AHH<\/strong> te invita a esta exposici\u00f3n.<\/p>\n\n\n\n<div class=\"wp-block-buttons is-layout-flex wp-block-buttons-is-layout-flex\">\n<div class=\"wp-block-button is-style-outline is-style-outline--1\"><a class=\"wp-block-button__link\">por Moises Kushelevich<\/a><\/div>\n<\/div>\n\n\n\n<p><\/p>\n\n\n\n<p>La <strong>Fundaci\u00f3n AHH para el<\/strong> <strong>Deporte<\/strong> y <strong>Sport City<\/strong> te invitan a conocer los trabajos ganadores del <strong><em>Concurso de Fotograf\u00eda \u201cFotoACT\u00cdVATE\u201d<\/em><\/strong>. Dentro de la ceremonia inaugural de la exposici\u00f3n contar\u00e1n con la presencia del <strong>Doctor Daniel Aveces Villagr\u00e1n<\/strong>, Director de la <strong>Fundaci\u00f3n Alfredo Harp Hel\u00fa<\/strong> <strong>para el<\/strong> <strong>deporte <\/strong>y del <strong>Licenciado Luis Miguel Rodr\u00edguez Penagos<\/strong>, Director General de <strong>Mart\u00ed<\/strong>.<\/p>\n\n\n\n<figure class=\"wp-block-embed is-type-rich is-provider-twitter wp-block-embed-twitter\"><div class=\"wp-block-embed__wrapper\">\n<blockquote class=\"twitter-tweet\" data-width=\"550\" data-dnt=\"true\"><p lang=\"es\" dir=\"ltr\">Con la anfitrion\u00eda y apoyo del Act. Luis Miguel Rodr\u00edguez, Director General de <a href=\"https:\/\/twitter.com\/DeportesMarti?ref_src=twsrc%5Etfw\">@DeportesMarti<\/a> y Doctor <a href=\"https:\/\/twitter.com\/DanielAceves84?ref_src=twsrc%5Etfw\">@DanielAceves84<\/a> Director de la <a href=\"https:\/\/twitter.com\/FAHHdeporte?ref_src=twsrc%5Etfw\">@FAHHdeporte<\/a>, se inaugura en <a href=\"https:\/\/twitter.com\/sportcity_mx?ref_src=twsrc%5Etfw\">@sportcity_mx<\/a> Eureka, la Exposici\u00f3n Itinerante sobre el Concurso <a href=\"https:\/\/twitter.com\/hashtag\/FotoACT%C3%8DVATE?src=hash&amp;ref_src=twsrc%5Etfw\">#FotoACT\u00cdVATE<\/a>, con las fotograf\u00edas ganadoras. <a href=\"https:\/\/t.co\/W1FasVHlGy\">pic.twitter.com\/W1FasVHlGy<\/a><\/p>&mdash; FAHHdeporte (@FAHHdeporte) <a href=\"https:\/\/twitter.com\/FAHHdeporte\/status\/1403039059966971906?ref_src=twsrc%5Etfw\">June 10, 2021<\/a><\/blockquote><script async src=\"https:\/\/platform.twitter.com\/widgets.js\" charset=\"utf-8\"><\/script>\n<\/div><\/figure>\n\n\n\n\n\n<p>Para esta exposici\u00f3n se recibieron 691 trabajos fotogr\u00e1ficos de 242 personas entre 09 y 60 a\u00f1os de edad ubicados en 15 diferentes estados de la Rep\u00fablica Mexicana, todos con mucha calidad y creatividad. Se premiar\u00e1 un primer lugar, un segundo lugar, cuatro terceros lugares y se otorgar\u00e1 17 menciones honor\u00edficas.<\/p>\n\n\n\n<div style=\"height:10px;\" aria-hidden=\"true\" class=\"wp-block-spacer\"><\/div>\n\n\n\n<p class=\"has-text-align-center\"><em>\u201c<strong>FotoACT\u00cdVATE<\/strong>\u201d ser\u00e1 una exposici\u00f3n fotogr\u00e1fica itinerante la cual dar\u00e1 comienzo en <strong>Sport City Eureka<\/strong> del 10 al 16 de junio<\/em><\/p>\n\n\n\n<div style=\"height:10px;\" aria-hidden=\"true\" class=\"wp-block-spacer\"><\/div>\n\n\n<!--themify_builder_content-->\n<div id=\"themify_builder_content-47526\" data-postid=\"47526\" class=\"themify_builder_content themify_builder_content-47526 themify_builder tf_clear\">\n    <\/div>\n<!--\/themify_builder_content-->\n","protected":false},"excerpt":{"rendered":"<p>Con la finalidad de promover la activaci\u00f3n y cultura f\u00edsica social en tiempo de confinamiento derivado del Covid-19, la Fundaci\u00f3n AHH te invita a esta exposici\u00f3n. La Fundaci\u00f3n AHH para el Deporte y Sport City te invitan a conocer los trabajos ganadores del Concurso de Fotograf\u00eda \u201cFotoACT\u00cdVATE\u201d. Dentro de la ceremonia inaugural de la exposici\u00f3n [&hellip;]<\/p>\n","protected":false},"author":2,"featured_media":47532,"comment_status":"open","ping_status":"open","sticky":false,"template":"","format":"standard","meta":{"_jetpack_memberships_contains_paid_content":false,"footnotes":"","jetpack_publicize_message":"","jetpack_publicize_feature_enabled":true,"jetpack_social_post_already_shared":true,"jetpack_social_options":{"image_generator_settings":{"template":"highway","default_image_id":0,"font":"","enabled":false},"version":2}},"categories":[790,791,63],"tags":[793,794,795,796,797,798],"class_list":["post-47526","post","type-post","status-publish","format-standard","has-post-thumbnail","hentry","category-concursos","category-cultura","category-lifestyle","tag-fotoactivate","tag-fundacion-ahh","tag-fundacion-alfredo-harp-helu","tag-marti","tag-sport-city","tag-sport-city-eureka","has-post-title","has-post-date","has-post-category","has-post-tag","has-post-comment","has-post-author",""],"yoast_head":"<!-- This site is optimized with the Yoast SEO plugin v27.4 - https:\/\/yoast.com\/product\/yoast-seo-wordpress\/ -->\n<title>Exposici\u00f3n fotogr\u00e1fica \u201cFotoACT\u00cdVATE\u201d, presentada por Fundaci\u00f3n Alfredo Harp Hel\u00fa - Zero Magazine<\/title>\n<meta name=\"robots\" content=\"index, follow, max-snippet:-1, max-image-preview:large, max-video-preview:-1\" \/>\n<link rel=\"canonical\" href=\"https:\/\/zeromagazine.mx\/index.php\/2021\/06\/12\/exposicion-fotografica-fotoactivate-presentada-por-fundacion-alfredo-harp-helu\/\" \/>\n<meta property=\"og:locale\" content=\"es_ES\" \/>\n<meta property=\"og:type\" content=\"article\" \/>\n<meta property=\"og:title\" content=\"Exposici\u00f3n fotogr\u00e1fica \u201cFotoACT\u00cdVATE\u201d, presentada por Fundaci\u00f3n Alfredo Harp Hel\u00fa - Zero Magazine\" \/>\n<meta property=\"og:description\" content=\"Con la finalidad de promover la activaci\u00f3n y cultura f\u00edsica social en tiempo de confinamiento derivado del Covid-19, la Fundaci\u00f3n AHH te invita a esta exposici\u00f3n. La Fundaci\u00f3n AHH para el Deporte y Sport City te invitan a conocer los trabajos ganadores del Concurso de Fotograf\u00eda \u201cFotoACT\u00cdVATE\u201d. Dentro de la ceremonia inaugural de la exposici\u00f3n [&hellip;]\" \/>\n<meta property=\"og:url\" content=\"https:\/\/zeromagazine.mx\/index.php\/2021\/06\/12\/exposicion-fotografica-fotoactivate-presentada-por-fundacion-alfredo-harp-helu\/\" \/>\n<meta property=\"og:site_name\" content=\"Zero Magazine\" \/>\n<meta property=\"article:published_time\" content=\"2021-06-12T13:00:00+00:00\" \/>\n<meta name=\"author\" content=\"zeromagazinemx\" \/>\n<meta name=\"twitter:card\" content=\"summary_large_image\" \/>\n<meta name=\"twitter:label1\" content=\"Escrito por\" \/>\n\t<meta name=\"twitter:data1\" content=\"zeromagazinemx\" \/>\n\t<meta name=\"twitter:label2\" content=\"Tiempo de lectura\" \/>\n\t<meta name=\"twitter:data2\" content=\"1 minuto\" \/>\n<script type=\"application\/ld+json\" class=\"yoast-schema-graph\">{\"@context\":\"https:\\\/\\\/schema.org\",\"@graph\":[{\"@type\":\"Article\",\"@id\":\"https:\\\/\\\/zeromagazine.mx\\\/index.php\\\/2021\\\/06\\\/12\\\/exposicion-fotografica-fotoactivate-presentada-por-fundacion-alfredo-harp-helu\\\/#article\",\"isPartOf\":{\"@id\":\"https:\\\/\\\/zeromagazine.mx\\\/index.php\\\/2021\\\/06\\\/12\\\/exposicion-fotografica-fotoactivate-presentada-por-fundacion-alfredo-harp-helu\\\/\"},\"author\":{\"name\":\"zeromagazinemx\",\"@id\":\"https:\\\/\\\/zeromagazine.mx\\\/#\\\/schema\\\/person\\\/9aed9f33a7c39af3a348b86d723f7773\"},\"headline\":\"Exposici\u00f3n fotogr\u00e1fica \u201cFotoACT\u00cdVATE\u201d, presentada por Fundaci\u00f3n Alfredo Harp Hel\u00fa\",\"datePublished\":\"2021-06-12T13:00:00+00:00\",\"mainEntityOfPage\":{\"@id\":\"https:\\\/\\\/zeromagazine.mx\\\/index.php\\\/2021\\\/06\\\/12\\\/exposicion-fotografica-fotoactivate-presentada-por-fundacion-alfredo-harp-helu\\\/\"},\"wordCount\":188,\"commentCount\":0,\"publisher\":{\"@id\":\"https:\\\/\\\/zeromagazine.mx\\\/#organization\"},\"image\":{\"@id\":\"https:\\\/\\\/zeromagazine.mx\\\/index.php\\\/2021\\\/06\\\/12\\\/exposicion-fotografica-fotoactivate-presentada-por-fundacion-alfredo-harp-helu\\\/#primaryimage\"},\"thumbnailUrl\":\"\",\"keywords\":[\"FotoACT\u00cdVATE\",\"Fundaci\u00f3n AHH\",\"Fundaci\u00f3n Alfredo Harp Hel\u00fa\",\"Mart\u00ed\",\"sport city\",\"Sport City Eureka\"],\"articleSection\":[\"Concursos\",\"Cultura\",\"Lifestyle\"],\"inLanguage\":\"es\",\"potentialAction\":[{\"@type\":\"CommentAction\",\"name\":\"Comment\",\"target\":[\"https:\\\/\\\/zeromagazine.mx\\\/index.php\\\/2021\\\/06\\\/12\\\/exposicion-fotografica-fotoactivate-presentada-por-fundacion-alfredo-harp-helu\\\/#respond\"]}]},{\"@type\":\"WebPage\",\"@id\":\"https:\\\/\\\/zeromagazine.mx\\\/index.php\\\/2021\\\/06\\\/12\\\/exposicion-fotografica-fotoactivate-presentada-por-fundacion-alfredo-harp-helu\\\/\",\"url\":\"https:\\\/\\\/zeromagazine.mx\\\/index.php\\\/2021\\\/06\\\/12\\\/exposicion-fotografica-fotoactivate-presentada-por-fundacion-alfredo-harp-helu\\\/\",\"name\":\"Exposici\u00f3n fotogr\u00e1fica \u201cFotoACT\u00cdVATE\u201d, presentada por Fundaci\u00f3n Alfredo Harp Hel\u00fa - Zero Magazine\",\"isPartOf\":{\"@id\":\"https:\\\/\\\/zeromagazine.mx\\\/#website\"},\"primaryImageOfPage\":{\"@id\":\"https:\\\/\\\/zeromagazine.mx\\\/index.php\\\/2021\\\/06\\\/12\\\/exposicion-fotografica-fotoactivate-presentada-por-fundacion-alfredo-harp-helu\\\/#primaryimage\"},\"image\":{\"@id\":\"https:\\\/\\\/zeromagazine.mx\\\/index.php\\\/2021\\\/06\\\/12\\\/exposicion-fotografica-fotoactivate-presentada-por-fundacion-alfredo-harp-helu\\\/#primaryimage\"},\"thumbnailUrl\":\"\",\"datePublished\":\"2021-06-12T13:00:00+00:00\",\"breadcrumb\":{\"@id\":\"https:\\\/\\\/zeromagazine.mx\\\/index.php\\\/2021\\\/06\\\/12\\\/exposicion-fotografica-fotoactivate-presentada-por-fundacion-alfredo-harp-helu\\\/#breadcrumb\"},\"inLanguage\":\"es\",\"potentialAction\":[{\"@type\":\"ReadAction\",\"target\":[\"https:\\\/\\\/zeromagazine.mx\\\/index.php\\\/2021\\\/06\\\/12\\\/exposicion-fotografica-fotoactivate-presentada-por-fundacion-alfredo-harp-helu\\\/\"]}]},{\"@type\":\"ImageObject\",\"inLanguage\":\"es\",\"@id\":\"https:\\\/\\\/zeromagazine.mx\\\/index.php\\\/2021\\\/06\\\/12\\\/exposicion-fotografica-fotoactivate-presentada-por-fundacion-alfredo-harp-helu\\\/#primaryimage\",\"url\":\"\",\"contentUrl\":\"\"},{\"@type\":\"BreadcrumbList\",\"@id\":\"https:\\\/\\\/zeromagazine.mx\\\/index.php\\\/2021\\\/06\\\/12\\\/exposicion-fotografica-fotoactivate-presentada-por-fundacion-alfredo-harp-helu\\\/#breadcrumb\",\"itemListElement\":[{\"@type\":\"ListItem\",\"position\":1,\"name\":\"Portada\",\"item\":\"https:\\\/\\\/zeromagazine.mx\\\/\"},{\"@type\":\"ListItem\",\"position\":2,\"name\":\"Exposici\u00f3n fotogr\u00e1fica \u201cFotoACT\u00cdVATE\u201d, presentada por Fundaci\u00f3n Alfredo Harp Hel\u00fa\"}]},{\"@type\":\"WebSite\",\"@id\":\"https:\\\/\\\/zeromagazine.mx\\\/#website\",\"url\":\"https:\\\/\\\/zeromagazine.mx\\\/\",\"name\":\"Zero Magazine\",\"description\":\"\",\"publisher\":{\"@id\":\"https:\\\/\\\/zeromagazine.mx\\\/#organization\"},\"potentialAction\":[{\"@type\":\"SearchAction\",\"target\":{\"@type\":\"EntryPoint\",\"urlTemplate\":\"https:\\\/\\\/zeromagazine.mx\\\/?s={search_term_string}\"},\"query-input\":{\"@type\":\"PropertyValueSpecification\",\"valueRequired\":true,\"valueName\":\"search_term_string\"}}],\"inLanguage\":\"es\"},{\"@type\":\"Organization\",\"@id\":\"https:\\\/\\\/zeromagazine.mx\\\/#organization\",\"name\":\"Zero Magazine\",\"url\":\"https:\\\/\\\/zeromagazine.mx\\\/\",\"logo\":{\"@type\":\"ImageObject\",\"inLanguage\":\"es\",\"@id\":\"https:\\\/\\\/zeromagazine.mx\\\/#\\\/schema\\\/logo\\\/image\\\/\",\"url\":\"https:\\\/\\\/i0.wp.com\\\/zeromagazine.mx\\\/wp-content\\\/uploads\\\/2025\\\/11\\\/1.jpeg?fit=1000%2C1000&ssl=1\",\"contentUrl\":\"https:\\\/\\\/i0.wp.com\\\/zeromagazine.mx\\\/wp-content\\\/uploads\\\/2025\\\/11\\\/1.jpeg?fit=1000%2C1000&ssl=1\",\"width\":1000,\"height\":1000,\"caption\":\"Zero Magazine\"},\"image\":{\"@id\":\"https:\\\/\\\/zeromagazine.mx\\\/#\\\/schema\\\/logo\\\/image\\\/\"},\"sameAs\":[\"https:\\\/\\\/instagram.com\\\/zeromagazinemx\"]},{\"@type\":\"Person\",\"@id\":\"https:\\\/\\\/zeromagazine.mx\\\/#\\\/schema\\\/person\\\/9aed9f33a7c39af3a348b86d723f7773\",\"name\":\"zeromagazinemx\",\"image\":{\"@type\":\"ImageObject\",\"inLanguage\":\"es\",\"@id\":\"https:\\\/\\\/zeromagazine.mx\\\/wp-content\\\/litespeed\\\/avatar\\\/f91dfe5410d5dcb1a576bf8c45983896.jpg?ver=1776966396\",\"url\":\"https:\\\/\\\/zeromagazine.mx\\\/wp-content\\\/litespeed\\\/avatar\\\/f91dfe5410d5dcb1a576bf8c45983896.jpg?ver=1776966396\",\"contentUrl\":\"https:\\\/\\\/zeromagazine.mx\\\/wp-content\\\/litespeed\\\/avatar\\\/f91dfe5410d5dcb1a576bf8c45983896.jpg?ver=1776966396\",\"caption\":\"zeromagazinemx\"},\"url\":\"https:\\\/\\\/zeromagazine.mx\\\/index.php\\\/author\\\/zeromagazinemx\\\/\"}]}<\/script>\n<!-- \/ Yoast SEO plugin. -->","yoast_head_json":{"title":"Exposici\u00f3n fotogr\u00e1fica \u201cFotoACT\u00cdVATE\u201d, presentada por Fundaci\u00f3n Alfredo Harp Hel\u00fa - Zero Magazine","robots":{"index":"index","follow":"follow","max-snippet":"max-snippet:-1","max-image-preview":"max-image-preview:large","max-video-preview":"max-video-preview:-1"},"canonical":"https:\/\/zeromagazine.mx\/index.php\/2021\/06\/12\/exposicion-fotografica-fotoactivate-presentada-por-fundacion-alfredo-harp-helu\/","og_locale":"es_ES","og_type":"article","og_title":"Exposici\u00f3n fotogr\u00e1fica \u201cFotoACT\u00cdVATE\u201d, presentada por Fundaci\u00f3n Alfredo Harp Hel\u00fa - Zero Magazine","og_description":"Con la finalidad de promover la activaci\u00f3n y cultura f\u00edsica social en tiempo de confinamiento derivado del Covid-19, la Fundaci\u00f3n AHH te invita a esta exposici\u00f3n. La Fundaci\u00f3n AHH para el Deporte y Sport City te invitan a conocer los trabajos ganadores del Concurso de Fotograf\u00eda \u201cFotoACT\u00cdVATE\u201d. Dentro de la ceremonia inaugural de la exposici\u00f3n [&hellip;]","og_url":"https:\/\/zeromagazine.mx\/index.php\/2021\/06\/12\/exposicion-fotografica-fotoactivate-presentada-por-fundacion-alfredo-harp-helu\/","og_site_name":"Zero Magazine","article_published_time":"2021-06-12T13:00:00+00:00","author":"zeromagazinemx","twitter_card":"summary_large_image","twitter_misc":{"Escrito por":"zeromagazinemx","Tiempo de lectura":"1 minuto"},"schema":{"@context":"https:\/\/schema.org","@graph":[{"@type":"Article","@id":"https:\/\/zeromagazine.mx\/index.php\/2021\/06\/12\/exposicion-fotografica-fotoactivate-presentada-por-fundacion-alfredo-harp-helu\/#article","isPartOf":{"@id":"https:\/\/zeromagazine.mx\/index.php\/2021\/06\/12\/exposicion-fotografica-fotoactivate-presentada-por-fundacion-alfredo-harp-helu\/"},"author":{"name":"zeromagazinemx","@id":"https:\/\/zeromagazine.mx\/#\/schema\/person\/9aed9f33a7c39af3a348b86d723f7773"},"headline":"Exposici\u00f3n fotogr\u00e1fica \u201cFotoACT\u00cdVATE\u201d, presentada por Fundaci\u00f3n Alfredo Harp Hel\u00fa","datePublished":"2021-06-12T13:00:00+00:00","mainEntityOfPage":{"@id":"https:\/\/zeromagazine.mx\/index.php\/2021\/06\/12\/exposicion-fotografica-fotoactivate-presentada-por-fundacion-alfredo-harp-helu\/"},"wordCount":188,"commentCount":0,"publisher":{"@id":"https:\/\/zeromagazine.mx\/#organization"},"image":{"@id":"https:\/\/zeromagazine.mx\/index.php\/2021\/06\/12\/exposicion-fotografica-fotoactivate-presentada-por-fundacion-alfredo-harp-helu\/#primaryimage"},"thumbnailUrl":"","keywords":["FotoACT\u00cdVATE","Fundaci\u00f3n AHH","Fundaci\u00f3n Alfredo Harp Hel\u00fa","Mart\u00ed","sport city","Sport City Eureka"],"articleSection":["Concursos","Cultura","Lifestyle"],"inLanguage":"es","potentialAction":[{"@type":"CommentAction","name":"Comment","target":["https:\/\/zeromagazine.mx\/index.php\/2021\/06\/12\/exposicion-fotografica-fotoactivate-presentada-por-fundacion-alfredo-harp-helu\/#respond"]}]},{"@type":"WebPage","@id":"https:\/\/zeromagazine.mx\/index.php\/2021\/06\/12\/exposicion-fotografica-fotoactivate-presentada-por-fundacion-alfredo-harp-helu\/","url":"https:\/\/zeromagazine.mx\/index.php\/2021\/06\/12\/exposicion-fotografica-fotoactivate-presentada-por-fundacion-alfredo-harp-helu\/","name":"Exposici\u00f3n fotogr\u00e1fica \u201cFotoACT\u00cdVATE\u201d, presentada por Fundaci\u00f3n Alfredo Harp Hel\u00fa - Zero Magazine","isPartOf":{"@id":"https:\/\/zeromagazine.mx\/#website"},"primaryImageOfPage":{"@id":"https:\/\/zeromagazine.mx\/index.php\/2021\/06\/12\/exposicion-fotografica-fotoactivate-presentada-por-fundacion-alfredo-harp-helu\/#primaryimage"},"image":{"@id":"https:\/\/zeromagazine.mx\/index.php\/2021\/06\/12\/exposicion-fotografica-fotoactivate-presentada-por-fundacion-alfredo-harp-helu\/#primaryimage"},"thumbnailUrl":"","datePublished":"2021-06-12T13:00:00+00:00","breadcrumb":{"@id":"https:\/\/zeromagazine.mx\/index.php\/2021\/06\/12\/exposicion-fotografica-fotoactivate-presentada-por-fundacion-alfredo-harp-helu\/#breadcrumb"},"inLanguage":"es","potentialAction":[{"@type":"ReadAction","target":["https:\/\/zeromagazine.mx\/index.php\/2021\/06\/12\/exposicion-fotografica-fotoactivate-presentada-por-fundacion-alfredo-harp-helu\/"]}]},{"@type":"ImageObject","inLanguage":"es","@id":"https:\/\/zeromagazine.mx\/index.php\/2021\/06\/12\/exposicion-fotografica-fotoactivate-presentada-por-fundacion-alfredo-harp-helu\/#primaryimage","url":"","contentUrl":""},{"@type":"BreadcrumbList","@id":"https:\/\/zeromagazine.mx\/index.php\/2021\/06\/12\/exposicion-fotografica-fotoactivate-presentada-por-fundacion-alfredo-harp-helu\/#breadcrumb","itemListElement":[{"@type":"ListItem","position":1,"name":"Portada","item":"https:\/\/zeromagazine.mx\/"},{"@type":"ListItem","position":2,"name":"Exposici\u00f3n fotogr\u00e1fica \u201cFotoACT\u00cdVATE\u201d, presentada por Fundaci\u00f3n Alfredo Harp Hel\u00fa"}]},{"@type":"WebSite","@id":"https:\/\/zeromagazine.mx\/#website","url":"https:\/\/zeromagazine.mx\/","name":"Zero Magazine","description":"","publisher":{"@id":"https:\/\/zeromagazine.mx\/#organization"},"potentialAction":[{"@type":"SearchAction","target":{"@type":"EntryPoint","urlTemplate":"https:\/\/zeromagazine.mx\/?s={search_term_string}"},"query-input":{"@type":"PropertyValueSpecification","valueRequired":true,"valueName":"search_term_string"}}],"inLanguage":"es"},{"@type":"Organization","@id":"https:\/\/zeromagazine.mx\/#organization","name":"Zero Magazine","url":"https:\/\/zeromagazine.mx\/","logo":{"@type":"ImageObject","inLanguage":"es","@id":"https:\/\/zeromagazine.mx\/#\/schema\/logo\/image\/","url":"https:\/\/i0.wp.com\/zeromagazine.mx\/wp-content\/uploads\/2025\/11\/1.jpeg?fit=1000%2C1000&ssl=1","contentUrl":"https:\/\/i0.wp.com\/zeromagazine.mx\/wp-content\/uploads\/2025\/11\/1.jpeg?fit=1000%2C1000&ssl=1","width":1000,"height":1000,"caption":"Zero Magazine"},"image":{"@id":"https:\/\/zeromagazine.mx\/#\/schema\/logo\/image\/"},"sameAs":["https:\/\/instagram.com\/zeromagazinemx"]},{"@type":"Person","@id":"https:\/\/zeromagazine.mx\/#\/schema\/person\/9aed9f33a7c39af3a348b86d723f7773","name":"zeromagazinemx","image":{"@type":"ImageObject","inLanguage":"es","@id":"https:\/\/zeromagazine.mx\/wp-content\/litespeed\/avatar\/f91dfe5410d5dcb1a576bf8c45983896.jpg?ver=1776966396","url":"https:\/\/zeromagazine.mx\/wp-content\/litespeed\/avatar\/f91dfe5410d5dcb1a576bf8c45983896.jpg?ver=1776966396","contentUrl":"https:\/\/zeromagazine.mx\/wp-content\/litespeed\/avatar\/f91dfe5410d5dcb1a576bf8c45983896.jpg?ver=1776966396","caption":"zeromagazinemx"},"url":"https:\/\/zeromagazine.mx\/index.php\/author\/zeromagazinemx\/"}]}},"jetpack_publicize_connections":[],"jetpack_featured_media_url":"","jetpack-related-posts":[{"id":74280,"url":"https:\/\/zeromagazine.mx\/index.php\/2024\/04\/18\/star-wars-x-diablos-rojos\/","url_meta":{"origin":47526,"position":0},"title":"\u00a1Star Wars x Diablos Rojos!","author":"zeromagazinemx","date":"18 de abril de 2024","format":false,"excerpt":"The Walt Disney Company M\u00e9xico y Los Diablos Rojos del M\u00e9xico est\u00e1n lanzando una l\u00ednea de ropa alucinante inspirada en Star Wars. \u00a1S\u00ed, escuchaste bien! As\u00ed que prep\u00e1rate para llevar el poder de la Fuerza a otro nivel mientras apoyamos a nuestro equipo favorito. Para empezar, ayer tuvo lugar un\u2026","rel":"","context":"En \u00abDise\u00f1o\u00bb","block_context":{"text":"Dise\u00f1o","link":"https:\/\/zeromagazine.mx\/index.php\/category\/diseno\/"},"img":{"alt_text":"","src":"https:\/\/i0.wp.com\/zeromagazine.mx\/wp-content\/uploads\/2024\/04\/image001-2.jpg?fit=1074%2C1069&ssl=1&resize=350%2C200","width":350,"height":200,"srcset":"https:\/\/i0.wp.com\/zeromagazine.mx\/wp-content\/uploads\/2024\/04\/image001-2.jpg?fit=1074%2C1069&ssl=1&resize=350%2C200 1x, https:\/\/i0.wp.com\/zeromagazine.mx\/wp-content\/uploads\/2024\/04\/image001-2.jpg?fit=1074%2C1069&ssl=1&resize=525%2C300 1.5x, https:\/\/i0.wp.com\/zeromagazine.mx\/wp-content\/uploads\/2024\/04\/image001-2.jpg?fit=1074%2C1069&ssl=1&resize=700%2C400 2x, https:\/\/i0.wp.com\/zeromagazine.mx\/wp-content\/uploads\/2024\/04\/image001-2.jpg?fit=1074%2C1069&ssl=1&resize=1050%2C600 3x"},"classes":[]},{"id":116604,"url":"https:\/\/zeromagazine.mx\/index.php\/2026\/03\/12\/aerie-fundacion-origen-empoderamiento-mujeres\/","url_meta":{"origin":47526,"position":1},"title":"Aerie Fundaci\u00f3n Origen inspiran cambio","author":"zeromagazinemx","date":"12 de marzo de 2026","format":false,"excerpt":"Cuando una marca de moda decide ir m\u00e1s all\u00e1 de la est\u00e9tica y apostar por conversaciones reales, el resultado puede ser mucho m\u00e1s poderoso que cualquier tendencia. Eso es exactamente lo que ocurri\u00f3 con Aerie Fundaci\u00f3n Origen, una iniciativa que reuni\u00f3 comunidad, reflexi\u00f3n y acci\u00f3n en un encuentro especial en\u2026","rel":"","context":"En \u00abModa\u00bb","block_context":{"text":"Moda","link":"https:\/\/zeromagazine.mx\/index.php\/category\/moda\/"},"img":{"alt_text":"","src":"https:\/\/i0.wp.com\/zeromagazine.mx\/wp-content\/uploads\/2026\/03\/IMG_3102.heic?resize=350%2C200","width":350,"height":200},"classes":[]},{"id":50119,"url":"https:\/\/zeromagazine.mx\/index.php\/2021\/07\/14\/mejora-tu-relacion-con-la-comida-de-la-mano-de-sport-city\/","url_meta":{"origin":47526,"position":2},"title":"Mejora tu relaci\u00f3n con la comida, de la mano de Sport City","author":"zeromagazinemx","date":"14 de julio de 2021","format":false,"excerpt":"La comida es considerada uno de los m\u00e1s grandes placeres para el ser humano, pero debemos de mantener una sana alimentaci\u00f3n y Sport City te ayuda a mejorar tu relaci\u00f3n con ella. Por Moises Kushelevich \u201cDebes comer para vivir\u201d y \u201cVivir para comer\u201d son dos frases muy comunes y que\u2026","rel":"","context":"En \u00abLifestyle\u00bb","block_context":{"text":"Lifestyle","link":"https:\/\/zeromagazine.mx\/index.php\/category\/lifestyle\/"},"img":{"alt_text":"","src":"","width":0,"height":0},"classes":[]},{"id":55543,"url":"https:\/\/zeromagazine.mx\/index.php\/2021\/10\/06\/cycle-perfomance-pedalea-diviertete-mientras-te-ejercitas\/","url_meta":{"origin":47526,"position":3},"title":"Cycle Perfomance, pedalea, divi\u00e9rtete mientras te ejercitas","author":"zeromagazinemx","date":"6 de octubre de 2021","format":false,"excerpt":"La bicicleta siempre ha sido una opci\u00f3n bastante viable para ejercitarse, ya sea desde casa o en gimnasio. Por ello mismo, Sport City trae para nosotros Sport City \u201cCycle Perfomance\u201d, una clase presencial o virtual donde lo \u00fanico que necesitaremos ser\u00e1 una bicicleta est\u00e1tica, muchas ganas y buena m\u00fasica.\u00a0\u00a0 Por\u2026","rel":"","context":"En \u00abEntretenimiento\u00bb","block_context":{"text":"Entretenimiento","link":"https:\/\/zeromagazine.mx\/index.php\/category\/entretenimiento\/"},"img":{"alt_text":"","src":"https:\/\/i0.wp.com\/zeromagazinemx.wpcomstaging.com\/wp-content\/uploads\/2022\/02\/b2db2-cycle-perfomance.jpg?resize=350%2C200&ssl=1","width":350,"height":200,"srcset":"https:\/\/i0.wp.com\/zeromagazinemx.wpcomstaging.com\/wp-content\/uploads\/2022\/02\/b2db2-cycle-perfomance.jpg?resize=350%2C200&ssl=1 1x, https:\/\/i0.wp.com\/zeromagazinemx.wpcomstaging.com\/wp-content\/uploads\/2022\/02\/b2db2-cycle-perfomance.jpg?resize=525%2C300&ssl=1 1.5x, https:\/\/i0.wp.com\/zeromagazinemx.wpcomstaging.com\/wp-content\/uploads\/2022\/02\/b2db2-cycle-perfomance.jpg?resize=700%2C400&ssl=1 2x"},"classes":[]},{"id":76120,"url":"https:\/\/zeromagazine.mx\/index.php\/2024\/05\/16\/vinofy-y-otazu-arte-y-vino-en-cdmx\/","url_meta":{"origin":47526,"position":4},"title":"Vinofy y Otazu: Arte y Vino en CDMX","author":"zeromagazinemx","date":"16 de mayo de 2024","format":false,"excerpt":"Sumergirse en la efervescencia cultural de la Ciudad de M\u00e9xico es como explorar un oc\u00e9ano de creatividad y experiencias sensoriales. En esta metr\u00f3poli, el arte y la comunidad se entrelazan para ofrecer propuestas innovadoras que despiertan nuestros sentidos y nos invitan a conectar con lo m\u00e1s profundo de nuestra esencia.\u2026","rel":"","context":"En \u00abEntretenimiento\u00bb","block_context":{"text":"Entretenimiento","link":"https:\/\/zeromagazine.mx\/index.php\/category\/entretenimiento\/"},"img":{"alt_text":"","src":"https:\/\/i0.wp.com\/zeromagazine.mx\/wp-content\/uploads\/2024\/05\/Vinofy_06.png?fit=1200%2C802&ssl=1&resize=350%2C200","width":350,"height":200,"srcset":"https:\/\/i0.wp.com\/zeromagazine.mx\/wp-content\/uploads\/2024\/05\/Vinofy_06.png?fit=1200%2C802&ssl=1&resize=350%2C200 1x, https:\/\/i0.wp.com\/zeromagazine.mx\/wp-content\/uploads\/2024\/05\/Vinofy_06.png?fit=1200%2C802&ssl=1&resize=525%2C300 1.5x, https:\/\/i0.wp.com\/zeromagazine.mx\/wp-content\/uploads\/2024\/05\/Vinofy_06.png?fit=1200%2C802&ssl=1&resize=700%2C400 2x, https:\/\/i0.wp.com\/zeromagazine.mx\/wp-content\/uploads\/2024\/05\/Vinofy_06.png?fit=1200%2C802&ssl=1&resize=1050%2C600 3x"},"classes":[]},{"id":98309,"url":"https:\/\/zeromagazine.mx\/index.php\/2025\/03\/07\/fundacion-origen-transforma-vidas-con-bazar-spring-fever\/","url_meta":{"origin":47526,"position":5},"title":"Fundaci\u00f3n Origen: Invita a Transformar Vidas","author":"David Morales","date":"7 de marzo de 2025","format":false,"excerpt":"Amix, \u00bfse imaginan impactar millones de vidas en 25 a\u00f1os? Eso es justo lo que ha hecho Fundaci\u00f3n Origen, una organizaci\u00f3n que ha estado al pie del ca\u00f1\u00f3n apoyando a mujeres en situaciones de violencia y pobreza en M\u00e9xico. Para celebrar su aniversario, organizar\u00e1n el Bazar Spring Fever 2025, un\u2026","rel":"","context":"En \u00abViajes\u00bb","block_context":{"text":"Viajes","link":"https:\/\/zeromagazine.mx\/index.php\/category\/lugares\/"},"img":{"alt_text":"","src":"https:\/\/i0.wp.com\/zeromagazine.mx\/wp-content\/uploads\/2025\/03\/WhatsApp-Image-2025-03-05-at-5.40.23-PM-4-2.jpeg?fit=1200%2C800&ssl=1&resize=350%2C200","width":350,"height":200,"srcset":"https:\/\/i0.wp.com\/zeromagazine.mx\/wp-content\/uploads\/2025\/03\/WhatsApp-Image-2025-03-05-at-5.40.23-PM-4-2.jpeg?fit=1200%2C800&ssl=1&resize=350%2C200 1x, https:\/\/i0.wp.com\/zeromagazine.mx\/wp-content\/uploads\/2025\/03\/WhatsApp-Image-2025-03-05-at-5.40.23-PM-4-2.jpeg?fit=1200%2C800&ssl=1&resize=525%2C300 1.5x, https:\/\/i0.wp.com\/zeromagazine.mx\/wp-content\/uploads\/2025\/03\/WhatsApp-Image-2025-03-05-at-5.40.23-PM-4-2.jpeg?fit=1200%2C800&ssl=1&resize=700%2C400 2x, https:\/\/i0.wp.com\/zeromagazine.mx\/wp-content\/uploads\/2025\/03\/WhatsApp-Image-2025-03-05-at-5.40.23-PM-4-2.jpeg?fit=1200%2C800&ssl=1&resize=1050%2C600 3x"},"classes":[]}],"jetpack_sharing_enabled":true,"builder_content":"","_links":{"self":[{"href":"https:\/\/zeromagazine.mx\/index.php\/wp-json\/wp\/v2\/posts\/47526","targetHints":{"allow":["GET"]}}],"collection":[{"href":"https:\/\/zeromagazine.mx\/index.php\/wp-json\/wp\/v2\/posts"}],"about":[{"href":"https:\/\/zeromagazine.mx\/index.php\/wp-json\/wp\/v2\/types\/post"}],"author":[{"embeddable":true,"href":"https:\/\/zeromagazine.mx\/index.php\/wp-json\/wp\/v2\/users\/2"}],"replies":[{"embeddable":true,"href":"https:\/\/zeromagazine.mx\/index.php\/wp-json\/wp\/v2\/comments?post=47526"}],"version-history":[{"count":0,"href":"https:\/\/zeromagazine.mx\/index.php\/wp-json\/wp\/v2\/posts\/47526\/revisions"}],"wp:featuredmedia":[{"embeddable":true,"href":"https:\/\/zeromagazine.mx\/index.php\/wp-json\/"}],"wp:attachment":[{"href":"https:\/\/zeromagazine.mx\/index.php\/wp-json\/wp\/v2\/media?parent=47526"}],"wp:term":[{"taxonomy":"category","embeddable":true,"href":"https:\/\/zeromagazine.mx\/index.php\/wp-json\/wp\/v2\/categories?post=47526"},{"taxonomy":"post_tag","embeddable":true,"href":"https:\/\/zeromagazine.mx\/index.php\/wp-json\/wp\/v2\/tags?post=47526"}],"curies":[{"name":"wp","href":"https:\/\/api.w.org\/{rel}","templated":true}]}}