{"id":47534,"date":"2021-06-12T08:30:00","date_gmt":"2021-06-12T13:30:00","guid":{"rendered":"https:\/\/atomic-temporary-84115225.wpcomstaging.com\/?p=47534"},"modified":"2021-06-12T08:30:00","modified_gmt":"2021-06-12T13:30:00","slug":"conservatorio-de-actuacion-un-programa-para-interpretes-creadores","status":"publish","type":"post","link":"https:\/\/zeromagazine.mx\/index.php\/2021\/06\/12\/conservatorio-de-actuacion-un-programa-para-interpretes-creadores\/","title":{"rendered":"Conservatorio de Actuaci\u00f3n, un programa para int\u00e9rpretes creadores"},"content":{"rendered":"\n<p><strong>Diego del R\u00edo<\/strong> y <strong>Evan Regueira <\/strong>lanzan el <strong>Conservatorio de Actuaci\u00f3n<\/strong>, un programa dise\u00f1ado para una nueva generaci\u00f3n de int\u00e9rpretes creadores.<\/p>\n\n\n\n<div class=\"wp-block-buttons is-layout-flex wp-block-buttons-is-layout-flex\">\n<div class=\"wp-block-button is-style-outline is-style-outline--1\"><a class=\"wp-block-button__link\">por Mayra Torres<\/a><\/div>\n<\/div>\n\n\n\n<p><\/p>\n\n\n\n<p>El <strong>Conservatorio de Actuaci\u00f3n<\/strong> en <strong>Sunland <\/strong>abre sus puertas a su primera generaci\u00f3n de actores y actrices, este programa est\u00e1 a cargo del director de teatro <strong>Diego del Rio<\/strong> y el actor y director <strong>Evan Regueira<\/strong> junto a un incomparable colegio de profesores, entre los que destacan <strong>Vicky Araico, Mar\u00eda Penella, Didanwy<\/strong> <strong>Kent<\/strong> y muchos m\u00e1s.\u00a0<\/p>\n\n\n\n<p>Un espacio para que sus estudiantes se desempe\u00f1en exitosamente en la escena teatral, audiovisual y en los medios emergentes en M\u00e9xico y el extranjero.<\/p>\n\n\n\n<blockquote class=\"wp-block-quote is-layout-flow wp-block-quote-is-layout-flow\"><p>\u00ab<em>El <strong>Conservatorio de Actuaci\u00f3n<\/strong> es un espacio de investigaci\u00f3n en el que acompa\u00f1amos el proceso de cada estudiante en un entorno seguro para que desarrollen su potencial art\u00edstico\u00bb,<\/em> Puntualiz\u00f3\u00a0<strong>Diego del R\u00edo<\/strong>, Director Art\u00edstico del <strong>Conservatorio de Actuaci\u00f3n<\/strong>. \u00ab<em>Por eso hemos convocado a un grupo de maestras y maestros con verdadera vocaci\u00f3n pedag\u00f3gica y que tienen la disposici\u00f3n de \u2018hacer colegio\u2019. Ese es el esp\u00edritu del Conservatorio: la vinculaci\u00f3n entre todas las \u00e1reas de estudio e investigaci\u00f3n<\/em>\u00ab<\/p><\/blockquote>\n\n\n\n<figure class=\"wp-block-embed is-type-rich is-provider-instagram wp-block-embed-instagram\"><div class=\"wp-block-embed__wrapper\">\nhttps:\/\/www.instagram.com\/p\/CP_lL7tj9gZ\/\n<\/div><\/figure>\n\n\n\n\n\n<p><strong>\u00bfC\u00f3mo surge el Conservatorio de Actuaci\u00f3n en Sunland?<\/strong><\/p>\n\n\n\n<blockquote class=\"wp-block-quote is-layout-flow wp-block-quote-is-layout-flow\"><p>\u00ab<em>Desde hace varios a\u00f1os, Evan y yo hemos tenido la oportunidad de reflexionar sobre la formaci\u00f3n actoral en nuestro pa\u00eds y los desaf\u00edos a los que se enfrenta en el mundo en el que vivimos<\/em>\u00ab, comenta <strong>Diego del R\u00edo<\/strong>.\u00a0<\/p><\/blockquote>\n\n\n\n<blockquote class=\"wp-block-quote is-layout-flow wp-block-quote-is-layout-flow\"><p>\u00ab<em>De ah\u00ed nace el sue\u00f1o de crear el <strong>Conservatorio de Actuaci\u00f3n<\/strong>, que gracias a la sociedad con Nicol\u00e1s y Sebasti\u00e1n Aguilar, directores de\u00a0Sunland, es ya una realidad<\/em>\u00ab, concluy\u00f3 <strong>Evan Regueira<\/strong>, Director Acad\u00e9mico del <strong>Conservatorio de Actuaci\u00f3n<\/strong>.<\/p><\/blockquote>\n\n\n\n<figure class=\"wp-block-embed is-type-rich is-provider-instagram wp-block-embed-instagram\"><div class=\"wp-block-embed__wrapper\">\nhttps:\/\/www.instagram.com\/p\/CP4KSEcDWB6\/\n<\/div><\/figure>\n\n\n\n\n\n<p>El <strong>Conservatorio de Actuaci\u00f3n<\/strong> ofrece programas como: <strong>Carrera de Actuaci\u00f3n, Programa de Perfeccionamiento Actoral, Talleres, Cursos de<\/strong> <strong>actualizaci\u00f3n y entrenamiento para int\u00e9rpretes profesionales o sin experiencia.<\/strong><\/p>\n\n\n\n<p>La convocatoria de admisi\u00f3n para la carrera de <strong><em>Actuaci\u00f3n 2021-2022<\/em><\/strong> est\u00e1 abierta hasta agosto, las clases inician en <strong><em>Septiembre 2021<\/em><\/strong>. El plan de estudios est\u00e1 dise\u00f1ado para un grupo de 15 estudiantes.<\/p>\n\n\n\n<div style=\"height:10px;\" aria-hidden=\"true\" class=\"wp-block-spacer\"><\/div>\n\n\n\n<p class=\"has-text-align-center\"><em>Encuentra las instalaciones del Conservatorio de Actuaci\u00f3n en la calle Colima #388, Colonia Roma Norte de la Ciudad de M\u00e9xico.<\/em><\/p>\n\n\n\n<div style=\"height:15px;\" aria-hidden=\"true\" class=\"wp-block-spacer\"><\/div>\n\n\n<!--themify_builder_content-->\n<div id=\"themify_builder_content-47534\" data-postid=\"47534\" class=\"themify_builder_content themify_builder_content-47534 themify_builder tf_clear\">\n    <\/div>\n<!--\/themify_builder_content-->\n","protected":false},"excerpt":{"rendered":"<p>Diego del R\u00edo y Evan Regueira lanzan el Conservatorio de Actuaci\u00f3n, un programa dise\u00f1ado para una nueva generaci\u00f3n de int\u00e9rpretes creadores. El Conservatorio de Actuaci\u00f3n en Sunland abre sus puertas a su primera generaci\u00f3n de actores y actrices, este programa est\u00e1 a cargo del director de teatro Diego del Rio y el actor y director [&hellip;]<\/p>\n","protected":false},"author":2,"featured_media":47538,"comment_status":"open","ping_status":"open","sticky":false,"template":"","format":"standard","meta":{"_jetpack_memberships_contains_paid_content":false,"footnotes":"","jetpack_publicize_message":"","jetpack_publicize_feature_enabled":true,"jetpack_social_post_already_shared":true,"jetpack_social_options":{"image_generator_settings":{"template":"highway","default_image_id":0,"font":"","enabled":false},"version":2}},"categories":[63],"tags":[800,801,802,803,804,805],"class_list":["post-47534","post","type-post","status-publish","format-standard","has-post-thumbnail","hentry","category-lifestyle","tag-conservatorio-de-actuacion","tag-didanwy-kent","tag-diego-del-rio","tag-evan-regueira","tag-maria-penella","tag-vicky-araico","has-post-title","has-post-date","has-post-category","has-post-tag","has-post-comment","has-post-author",""],"yoast_head":"<!-- This site is optimized with the Yoast SEO plugin v27.4 - https:\/\/yoast.com\/product\/yoast-seo-wordpress\/ -->\n<title>Conservatorio de Actuaci\u00f3n, un programa para int\u00e9rpretes creadores - Zero Magazine<\/title>\n<meta name=\"robots\" content=\"index, follow, max-snippet:-1, max-image-preview:large, max-video-preview:-1\" \/>\n<link rel=\"canonical\" href=\"https:\/\/zeromagazine.mx\/index.php\/2021\/06\/12\/conservatorio-de-actuacion-un-programa-para-interpretes-creadores\/\" \/>\n<meta property=\"og:locale\" content=\"es_ES\" \/>\n<meta property=\"og:type\" content=\"article\" \/>\n<meta property=\"og:title\" content=\"Conservatorio de Actuaci\u00f3n, un programa para int\u00e9rpretes creadores - Zero Magazine\" \/>\n<meta property=\"og:description\" content=\"Diego del R\u00edo y Evan Regueira lanzan el Conservatorio de Actuaci\u00f3n, un programa dise\u00f1ado para una nueva generaci\u00f3n de int\u00e9rpretes creadores. El Conservatorio de Actuaci\u00f3n en Sunland abre sus puertas a su primera generaci\u00f3n de actores y actrices, este programa est\u00e1 a cargo del director de teatro Diego del Rio y el actor y director [&hellip;]\" \/>\n<meta property=\"og:url\" content=\"https:\/\/zeromagazine.mx\/index.php\/2021\/06\/12\/conservatorio-de-actuacion-un-programa-para-interpretes-creadores\/\" \/>\n<meta property=\"og:site_name\" content=\"Zero Magazine\" \/>\n<meta property=\"article:published_time\" content=\"2021-06-12T13:30:00+00:00\" \/>\n<meta name=\"author\" content=\"zeromagazinemx\" \/>\n<meta name=\"twitter:card\" content=\"summary_large_image\" \/>\n<meta name=\"twitter:label1\" content=\"Escrito por\" \/>\n\t<meta name=\"twitter:data1\" content=\"zeromagazinemx\" \/>\n\t<meta name=\"twitter:label2\" content=\"Tiempo de lectura\" \/>\n\t<meta name=\"twitter:data2\" content=\"2 minutos\" \/>\n<script type=\"application\/ld+json\" class=\"yoast-schema-graph\">{\"@context\":\"https:\\\/\\\/schema.org\",\"@graph\":[{\"@type\":\"Article\",\"@id\":\"https:\\\/\\\/zeromagazine.mx\\\/index.php\\\/2021\\\/06\\\/12\\\/conservatorio-de-actuacion-un-programa-para-interpretes-creadores\\\/#article\",\"isPartOf\":{\"@id\":\"https:\\\/\\\/zeromagazine.mx\\\/index.php\\\/2021\\\/06\\\/12\\\/conservatorio-de-actuacion-un-programa-para-interpretes-creadores\\\/\"},\"author\":{\"name\":\"zeromagazinemx\",\"@id\":\"https:\\\/\\\/zeromagazine.mx\\\/#\\\/schema\\\/person\\\/9aed9f33a7c39af3a348b86d723f7773\"},\"headline\":\"Conservatorio de Actuaci\u00f3n, un programa para int\u00e9rpretes creadores\",\"datePublished\":\"2021-06-12T13:30:00+00:00\",\"mainEntityOfPage\":{\"@id\":\"https:\\\/\\\/zeromagazine.mx\\\/index.php\\\/2021\\\/06\\\/12\\\/conservatorio-de-actuacion-un-programa-para-interpretes-creadores\\\/\"},\"wordCount\":412,\"commentCount\":0,\"publisher\":{\"@id\":\"https:\\\/\\\/zeromagazine.mx\\\/#organization\"},\"image\":{\"@id\":\"https:\\\/\\\/zeromagazine.mx\\\/index.php\\\/2021\\\/06\\\/12\\\/conservatorio-de-actuacion-un-programa-para-interpretes-creadores\\\/#primaryimage\"},\"thumbnailUrl\":\"\",\"keywords\":[\"Conservatorio de Actuaci\u00f3n\",\"Didanwy Kent\",\"Diego del rio\",\"Evan Regueira\",\"Mar\u00eda Penella\",\"Vicky Araico\"],\"articleSection\":[\"Lifestyle\"],\"inLanguage\":\"es\",\"potentialAction\":[{\"@type\":\"CommentAction\",\"name\":\"Comment\",\"target\":[\"https:\\\/\\\/zeromagazine.mx\\\/index.php\\\/2021\\\/06\\\/12\\\/conservatorio-de-actuacion-un-programa-para-interpretes-creadores\\\/#respond\"]}]},{\"@type\":\"WebPage\",\"@id\":\"https:\\\/\\\/zeromagazine.mx\\\/index.php\\\/2021\\\/06\\\/12\\\/conservatorio-de-actuacion-un-programa-para-interpretes-creadores\\\/\",\"url\":\"https:\\\/\\\/zeromagazine.mx\\\/index.php\\\/2021\\\/06\\\/12\\\/conservatorio-de-actuacion-un-programa-para-interpretes-creadores\\\/\",\"name\":\"Conservatorio de Actuaci\u00f3n, un programa para int\u00e9rpretes creadores - Zero Magazine\",\"isPartOf\":{\"@id\":\"https:\\\/\\\/zeromagazine.mx\\\/#website\"},\"primaryImageOfPage\":{\"@id\":\"https:\\\/\\\/zeromagazine.mx\\\/index.php\\\/2021\\\/06\\\/12\\\/conservatorio-de-actuacion-un-programa-para-interpretes-creadores\\\/#primaryimage\"},\"image\":{\"@id\":\"https:\\\/\\\/zeromagazine.mx\\\/index.php\\\/2021\\\/06\\\/12\\\/conservatorio-de-actuacion-un-programa-para-interpretes-creadores\\\/#primaryimage\"},\"thumbnailUrl\":\"\",\"datePublished\":\"2021-06-12T13:30:00+00:00\",\"breadcrumb\":{\"@id\":\"https:\\\/\\\/zeromagazine.mx\\\/index.php\\\/2021\\\/06\\\/12\\\/conservatorio-de-actuacion-un-programa-para-interpretes-creadores\\\/#breadcrumb\"},\"inLanguage\":\"es\",\"potentialAction\":[{\"@type\":\"ReadAction\",\"target\":[\"https:\\\/\\\/zeromagazine.mx\\\/index.php\\\/2021\\\/06\\\/12\\\/conservatorio-de-actuacion-un-programa-para-interpretes-creadores\\\/\"]}]},{\"@type\":\"ImageObject\",\"inLanguage\":\"es\",\"@id\":\"https:\\\/\\\/zeromagazine.mx\\\/index.php\\\/2021\\\/06\\\/12\\\/conservatorio-de-actuacion-un-programa-para-interpretes-creadores\\\/#primaryimage\",\"url\":\"\",\"contentUrl\":\"\"},{\"@type\":\"BreadcrumbList\",\"@id\":\"https:\\\/\\\/zeromagazine.mx\\\/index.php\\\/2021\\\/06\\\/12\\\/conservatorio-de-actuacion-un-programa-para-interpretes-creadores\\\/#breadcrumb\",\"itemListElement\":[{\"@type\":\"ListItem\",\"position\":1,\"name\":\"Portada\",\"item\":\"https:\\\/\\\/zeromagazine.mx\\\/\"},{\"@type\":\"ListItem\",\"position\":2,\"name\":\"Conservatorio de Actuaci\u00f3n, un programa para int\u00e9rpretes creadores\"}]},{\"@type\":\"WebSite\",\"@id\":\"https:\\\/\\\/zeromagazine.mx\\\/#website\",\"url\":\"https:\\\/\\\/zeromagazine.mx\\\/\",\"name\":\"Zero Magazine\",\"description\":\"\",\"publisher\":{\"@id\":\"https:\\\/\\\/zeromagazine.mx\\\/#organization\"},\"potentialAction\":[{\"@type\":\"SearchAction\",\"target\":{\"@type\":\"EntryPoint\",\"urlTemplate\":\"https:\\\/\\\/zeromagazine.mx\\\/?s={search_term_string}\"},\"query-input\":{\"@type\":\"PropertyValueSpecification\",\"valueRequired\":true,\"valueName\":\"search_term_string\"}}],\"inLanguage\":\"es\"},{\"@type\":\"Organization\",\"@id\":\"https:\\\/\\\/zeromagazine.mx\\\/#organization\",\"name\":\"Zero Magazine\",\"url\":\"https:\\\/\\\/zeromagazine.mx\\\/\",\"logo\":{\"@type\":\"ImageObject\",\"inLanguage\":\"es\",\"@id\":\"https:\\\/\\\/zeromagazine.mx\\\/#\\\/schema\\\/logo\\\/image\\\/\",\"url\":\"https:\\\/\\\/i0.wp.com\\\/zeromagazine.mx\\\/wp-content\\\/uploads\\\/2025\\\/11\\\/1.jpeg?fit=1000%2C1000&ssl=1\",\"contentUrl\":\"https:\\\/\\\/i0.wp.com\\\/zeromagazine.mx\\\/wp-content\\\/uploads\\\/2025\\\/11\\\/1.jpeg?fit=1000%2C1000&ssl=1\",\"width\":1000,\"height\":1000,\"caption\":\"Zero Magazine\"},\"image\":{\"@id\":\"https:\\\/\\\/zeromagazine.mx\\\/#\\\/schema\\\/logo\\\/image\\\/\"},\"sameAs\":[\"https:\\\/\\\/instagram.com\\\/zeromagazinemx\"]},{\"@type\":\"Person\",\"@id\":\"https:\\\/\\\/zeromagazine.mx\\\/#\\\/schema\\\/person\\\/9aed9f33a7c39af3a348b86d723f7773\",\"name\":\"zeromagazinemx\",\"image\":{\"@type\":\"ImageObject\",\"inLanguage\":\"es\",\"@id\":\"https:\\\/\\\/zeromagazine.mx\\\/wp-content\\\/litespeed\\\/avatar\\\/f91dfe5410d5dcb1a576bf8c45983896.jpg?ver=1776966396\",\"url\":\"https:\\\/\\\/zeromagazine.mx\\\/wp-content\\\/litespeed\\\/avatar\\\/f91dfe5410d5dcb1a576bf8c45983896.jpg?ver=1776966396\",\"contentUrl\":\"https:\\\/\\\/zeromagazine.mx\\\/wp-content\\\/litespeed\\\/avatar\\\/f91dfe5410d5dcb1a576bf8c45983896.jpg?ver=1776966396\",\"caption\":\"zeromagazinemx\"},\"url\":\"https:\\\/\\\/zeromagazine.mx\\\/index.php\\\/author\\\/zeromagazinemx\\\/\"}]}<\/script>\n<!-- \/ Yoast SEO plugin. -->","yoast_head_json":{"title":"Conservatorio de Actuaci\u00f3n, un programa para int\u00e9rpretes creadores - Zero Magazine","robots":{"index":"index","follow":"follow","max-snippet":"max-snippet:-1","max-image-preview":"max-image-preview:large","max-video-preview":"max-video-preview:-1"},"canonical":"https:\/\/zeromagazine.mx\/index.php\/2021\/06\/12\/conservatorio-de-actuacion-un-programa-para-interpretes-creadores\/","og_locale":"es_ES","og_type":"article","og_title":"Conservatorio de Actuaci\u00f3n, un programa para int\u00e9rpretes creadores - Zero Magazine","og_description":"Diego del R\u00edo y Evan Regueira lanzan el Conservatorio de Actuaci\u00f3n, un programa dise\u00f1ado para una nueva generaci\u00f3n de int\u00e9rpretes creadores. El Conservatorio de Actuaci\u00f3n en Sunland abre sus puertas a su primera generaci\u00f3n de actores y actrices, este programa est\u00e1 a cargo del director de teatro Diego del Rio y el actor y director [&hellip;]","og_url":"https:\/\/zeromagazine.mx\/index.php\/2021\/06\/12\/conservatorio-de-actuacion-un-programa-para-interpretes-creadores\/","og_site_name":"Zero Magazine","article_published_time":"2021-06-12T13:30:00+00:00","author":"zeromagazinemx","twitter_card":"summary_large_image","twitter_misc":{"Escrito por":"zeromagazinemx","Tiempo de lectura":"2 minutos"},"schema":{"@context":"https:\/\/schema.org","@graph":[{"@type":"Article","@id":"https:\/\/zeromagazine.mx\/index.php\/2021\/06\/12\/conservatorio-de-actuacion-un-programa-para-interpretes-creadores\/#article","isPartOf":{"@id":"https:\/\/zeromagazine.mx\/index.php\/2021\/06\/12\/conservatorio-de-actuacion-un-programa-para-interpretes-creadores\/"},"author":{"name":"zeromagazinemx","@id":"https:\/\/zeromagazine.mx\/#\/schema\/person\/9aed9f33a7c39af3a348b86d723f7773"},"headline":"Conservatorio de Actuaci\u00f3n, un programa para int\u00e9rpretes creadores","datePublished":"2021-06-12T13:30:00+00:00","mainEntityOfPage":{"@id":"https:\/\/zeromagazine.mx\/index.php\/2021\/06\/12\/conservatorio-de-actuacion-un-programa-para-interpretes-creadores\/"},"wordCount":412,"commentCount":0,"publisher":{"@id":"https:\/\/zeromagazine.mx\/#organization"},"image":{"@id":"https:\/\/zeromagazine.mx\/index.php\/2021\/06\/12\/conservatorio-de-actuacion-un-programa-para-interpretes-creadores\/#primaryimage"},"thumbnailUrl":"","keywords":["Conservatorio de Actuaci\u00f3n","Didanwy Kent","Diego del rio","Evan Regueira","Mar\u00eda Penella","Vicky Araico"],"articleSection":["Lifestyle"],"inLanguage":"es","potentialAction":[{"@type":"CommentAction","name":"Comment","target":["https:\/\/zeromagazine.mx\/index.php\/2021\/06\/12\/conservatorio-de-actuacion-un-programa-para-interpretes-creadores\/#respond"]}]},{"@type":"WebPage","@id":"https:\/\/zeromagazine.mx\/index.php\/2021\/06\/12\/conservatorio-de-actuacion-un-programa-para-interpretes-creadores\/","url":"https:\/\/zeromagazine.mx\/index.php\/2021\/06\/12\/conservatorio-de-actuacion-un-programa-para-interpretes-creadores\/","name":"Conservatorio de Actuaci\u00f3n, un programa para int\u00e9rpretes creadores - Zero Magazine","isPartOf":{"@id":"https:\/\/zeromagazine.mx\/#website"},"primaryImageOfPage":{"@id":"https:\/\/zeromagazine.mx\/index.php\/2021\/06\/12\/conservatorio-de-actuacion-un-programa-para-interpretes-creadores\/#primaryimage"},"image":{"@id":"https:\/\/zeromagazine.mx\/index.php\/2021\/06\/12\/conservatorio-de-actuacion-un-programa-para-interpretes-creadores\/#primaryimage"},"thumbnailUrl":"","datePublished":"2021-06-12T13:30:00+00:00","breadcrumb":{"@id":"https:\/\/zeromagazine.mx\/index.php\/2021\/06\/12\/conservatorio-de-actuacion-un-programa-para-interpretes-creadores\/#breadcrumb"},"inLanguage":"es","potentialAction":[{"@type":"ReadAction","target":["https:\/\/zeromagazine.mx\/index.php\/2021\/06\/12\/conservatorio-de-actuacion-un-programa-para-interpretes-creadores\/"]}]},{"@type":"ImageObject","inLanguage":"es","@id":"https:\/\/zeromagazine.mx\/index.php\/2021\/06\/12\/conservatorio-de-actuacion-un-programa-para-interpretes-creadores\/#primaryimage","url":"","contentUrl":""},{"@type":"BreadcrumbList","@id":"https:\/\/zeromagazine.mx\/index.php\/2021\/06\/12\/conservatorio-de-actuacion-un-programa-para-interpretes-creadores\/#breadcrumb","itemListElement":[{"@type":"ListItem","position":1,"name":"Portada","item":"https:\/\/zeromagazine.mx\/"},{"@type":"ListItem","position":2,"name":"Conservatorio de Actuaci\u00f3n, un programa para int\u00e9rpretes creadores"}]},{"@type":"WebSite","@id":"https:\/\/zeromagazine.mx\/#website","url":"https:\/\/zeromagazine.mx\/","name":"Zero Magazine","description":"","publisher":{"@id":"https:\/\/zeromagazine.mx\/#organization"},"potentialAction":[{"@type":"SearchAction","target":{"@type":"EntryPoint","urlTemplate":"https:\/\/zeromagazine.mx\/?s={search_term_string}"},"query-input":{"@type":"PropertyValueSpecification","valueRequired":true,"valueName":"search_term_string"}}],"inLanguage":"es"},{"@type":"Organization","@id":"https:\/\/zeromagazine.mx\/#organization","name":"Zero Magazine","url":"https:\/\/zeromagazine.mx\/","logo":{"@type":"ImageObject","inLanguage":"es","@id":"https:\/\/zeromagazine.mx\/#\/schema\/logo\/image\/","url":"https:\/\/i0.wp.com\/zeromagazine.mx\/wp-content\/uploads\/2025\/11\/1.jpeg?fit=1000%2C1000&ssl=1","contentUrl":"https:\/\/i0.wp.com\/zeromagazine.mx\/wp-content\/uploads\/2025\/11\/1.jpeg?fit=1000%2C1000&ssl=1","width":1000,"height":1000,"caption":"Zero Magazine"},"image":{"@id":"https:\/\/zeromagazine.mx\/#\/schema\/logo\/image\/"},"sameAs":["https:\/\/instagram.com\/zeromagazinemx"]},{"@type":"Person","@id":"https:\/\/zeromagazine.mx\/#\/schema\/person\/9aed9f33a7c39af3a348b86d723f7773","name":"zeromagazinemx","image":{"@type":"ImageObject","inLanguage":"es","@id":"https:\/\/zeromagazine.mx\/wp-content\/litespeed\/avatar\/f91dfe5410d5dcb1a576bf8c45983896.jpg?ver=1776966396","url":"https:\/\/zeromagazine.mx\/wp-content\/litespeed\/avatar\/f91dfe5410d5dcb1a576bf8c45983896.jpg?ver=1776966396","contentUrl":"https:\/\/zeromagazine.mx\/wp-content\/litespeed\/avatar\/f91dfe5410d5dcb1a576bf8c45983896.jpg?ver=1776966396","caption":"zeromagazinemx"},"url":"https:\/\/zeromagazine.mx\/index.php\/author\/zeromagazinemx\/"}]}},"jetpack_publicize_connections":[],"jetpack_featured_media_url":"","jetpack-related-posts":[{"id":73152,"url":"https:\/\/zeromagazine.mx\/index.php\/2024\/04\/04\/tras-bastidores-con-diego-peniche\/","url_meta":{"origin":47534,"position":0},"title":"Tras Bastidores con Diego Peniche","author":"David Morales","date":"4 de abril de 2024","format":false,"excerpt":"En una conversaci\u00f3n exclusiva, Diego Peniche nos lleva a un viaje por su carrera en la actuaci\u00f3n, destacando su papel en \"El Club Perfecto\" como Alberto, un personaje que le ha permitido explorar nuevas facetas en la comedia. Por: Sam AlvaradoFot\u00f3grafa: Alain AmatecoMUAH: Margarita SandovalStyling: El Poderoso Dave Al hablar\u2026","rel":"","context":"En \u00abEntrevistas\u00bb","block_context":{"text":"Entrevistas","link":"https:\/\/zeromagazine.mx\/index.php\/category\/entretenimiento\/entrevistas\/"},"img":{"alt_text":"","src":"https:\/\/i0.wp.com\/zeromagazine.mx\/wp-content\/uploads\/2024\/04\/61277e51-f802-4616-b930-caa8e4e2ddde.jpeg?fit=800%2C1200&ssl=1&resize=350%2C200","width":350,"height":200,"srcset":"https:\/\/i0.wp.com\/zeromagazine.mx\/wp-content\/uploads\/2024\/04\/61277e51-f802-4616-b930-caa8e4e2ddde.jpeg?fit=800%2C1200&ssl=1&resize=350%2C200 1x, https:\/\/i0.wp.com\/zeromagazine.mx\/wp-content\/uploads\/2024\/04\/61277e51-f802-4616-b930-caa8e4e2ddde.jpeg?fit=800%2C1200&ssl=1&resize=525%2C300 1.5x, https:\/\/i0.wp.com\/zeromagazine.mx\/wp-content\/uploads\/2024\/04\/61277e51-f802-4616-b930-caa8e4e2ddde.jpeg?fit=800%2C1200&ssl=1&resize=700%2C400 2x"},"classes":[]},{"id":72189,"url":"https:\/\/zeromagazine.mx\/index.php\/2024\/03\/15\/pierre-niney-se-une-como-embajador-a-la-familia-de-lacoste\/","url_meta":{"origin":47534,"position":1},"title":"Pierre Niney se une como embajador a la familia de Lacoste","author":"zeromagazinemx","date":"15 de marzo de 2024","format":false,"excerpt":"Pierre Niney, ese actor s\u00faper talentoso que todos conocemos, \u00a1se une al equipo de Lacoste como su embajador mundial! Ahora, d\u00e9jenme contarles un poco m\u00e1s sobre este chico que est\u00e1 haciendo olas en la escena. Pierre Niney, ese actor, director y guionista franc\u00e9s que nos tiene a todos enamorados, se\u2026","rel":"","context":"En \u00abBlog\u00bb","block_context":{"text":"Blog","link":"https:\/\/zeromagazine.mx\/index.php\/category\/blog\/"},"img":{"alt_text":"","src":"https:\/\/i0.wp.com\/zeromagazine.mx\/wp-content\/uploads\/2024\/03\/240109_03Portrait_Pierre_050_150.jpg?resize=350%2C200&ssl=1","width":350,"height":200},"classes":[]},{"id":51360,"url":"https:\/\/zeromagazine.mx\/index.php\/2021\/08\/02\/cual-es-tu-personaje-favorito-de-alexander-skarsgard\/","url_meta":{"origin":47534,"position":2},"title":"\u00bfCu\u00e1l es tu personaje favorito de Alexander Skarsgard?","author":"zeromagazinemx","date":"2 de agosto de 2021","format":false,"excerpt":"Alexander Skarsgard asume uno de los papeles m\u00e1s importantes en el filme de Godzilla VS Kong, interpretando al Dr. Nathan Lind. Por Moises Kushelevich El papel de Alexander en Godzilla VS Kong ha sido su m\u00e1s reciente papel de los muchos papeles exitosos que ha interpretado como en True Blood\u2026","rel":"","context":"En \u00abCine\u00bb","block_context":{"text":"Cine","link":"https:\/\/zeromagazine.mx\/index.php\/category\/entretenimiento\/cine\/"},"img":{"alt_text":"","src":"","width":0,"height":0},"classes":[]},{"id":114924,"url":"https:\/\/zeromagazine.mx\/index.php\/2026\/02\/05\/jay-artista-multifacetico-musica-actuacion\/","url_meta":{"origin":47534,"position":3},"title":"Jay: m\u00fasica, actuaci\u00f3n y emoci\u00f3n sin fronteras","author":"David Morales","date":"5 de febrero de 2026","format":false,"excerpt":"Hablar de\u00a0Jay\u00a0es hablar de alguien que no se conforma con una sola etiqueta. Cantautor, compositor, actor y locutor, este artista lleva\u00a0m\u00e1s de dos d\u00e9cadas\u00a0construyendo una carrera que cruza m\u00fasica, actuaci\u00f3n y performance con una sensibilidad que se siente honesta, cercana y cero pose. De esos talentos que no gritan para\u2026","rel":"","context":"En \u00abM\u00fasica\u00bb","block_context":{"text":"M\u00fasica","link":"https:\/\/zeromagazine.mx\/index.php\/category\/musica\/"},"img":{"alt_text":"","src":"https:\/\/i0.wp.com\/zeromagazine.mx\/wp-content\/uploads\/2026\/02\/Picsart_26-01-31_04-09-53-847-scaled.jpeg?fit=800%2C1200&ssl=1&resize=350%2C200","width":350,"height":200,"srcset":"https:\/\/i0.wp.com\/zeromagazine.mx\/wp-content\/uploads\/2026\/02\/Picsart_26-01-31_04-09-53-847-scaled.jpeg?fit=800%2C1200&ssl=1&resize=350%2C200 1x, https:\/\/i0.wp.com\/zeromagazine.mx\/wp-content\/uploads\/2026\/02\/Picsart_26-01-31_04-09-53-847-scaled.jpeg?fit=800%2C1200&ssl=1&resize=525%2C300 1.5x, https:\/\/i0.wp.com\/zeromagazine.mx\/wp-content\/uploads\/2026\/02\/Picsart_26-01-31_04-09-53-847-scaled.jpeg?fit=800%2C1200&ssl=1&resize=700%2C400 2x"},"classes":[]},{"id":82537,"url":"https:\/\/zeromagazine.mx\/index.php\/2024\/08\/27\/rafael-paz-desafios-y-triunfos\/","url_meta":{"origin":47534,"position":4},"title":"Rafael Paz: Desaf\u00edos y Triunfos","author":"David Morales","date":"27 de agosto de 2024","format":false,"excerpt":"Rafael Paz es un actor mexicano en ascenso que ha destacado por su versatilidad en producciones como Madre S\u00f3lo Hay Dos de Netflix y Como T\u00fa No Hay Dos en VIX. En esta entrevista, nos habla sobre su evoluci\u00f3n como actor, los desaf\u00edos que ha enfrentado y lo que nos\u2026","rel":"","context":"En \u00abEntrevistas\u00bb","block_context":{"text":"Entrevistas","link":"https:\/\/zeromagazine.mx\/index.php\/category\/entretenimiento\/entrevistas\/"},"img":{"alt_text":"","src":"https:\/\/i0.wp.com\/zeromagazine.mx\/wp-content\/uploads\/2024\/08\/IMG_1477-scaled.jpeg?fit=800%2C1200&ssl=1&resize=350%2C200","width":350,"height":200,"srcset":"https:\/\/i0.wp.com\/zeromagazine.mx\/wp-content\/uploads\/2024\/08\/IMG_1477-scaled.jpeg?fit=800%2C1200&ssl=1&resize=350%2C200 1x, https:\/\/i0.wp.com\/zeromagazine.mx\/wp-content\/uploads\/2024\/08\/IMG_1477-scaled.jpeg?fit=800%2C1200&ssl=1&resize=525%2C300 1.5x, https:\/\/i0.wp.com\/zeromagazine.mx\/wp-content\/uploads\/2024\/08\/IMG_1477-scaled.jpeg?fit=800%2C1200&ssl=1&resize=700%2C400 2x"},"classes":[]},{"id":88125,"url":"https:\/\/zeromagazine.mx\/index.php\/2024\/10\/22\/premios-metropolitanos-nominaciones-que-sorprenden\/","url_meta":{"origin":47534,"position":5},"title":"Premios Metropolitanos: Nominaciones que Sorprenden","author":"zeromagazinemx","date":"22 de octubre de 2024","format":false,"excerpt":"\u00bfSab\u00edas que el teatro en M\u00e9xico est\u00e1 viviendo una etapa de puro crecimiento? En serio, cada vez hay m\u00e1s producciones que nos dejan boquiabiertos y, por supuesto, los Premios Metropolitanos de Teatro se han vuelto el evento m\u00e1s esperado del a\u00f1o. Es como la noche de los \u00d3scar, pero para\u2026","rel":"","context":"En \u00abCultura\u00bb","block_context":{"text":"Cultura","link":"https:\/\/zeromagazine.mx\/index.php\/category\/cultura\/"},"img":{"alt_text":"","src":"https:\/\/i0.wp.com\/zeromagazine.mx\/wp-content\/uploads\/2024\/10\/Los-Premios-Metropolitanos-de-Teatro-anuncian-sus-nominaciones-2024.jpg?fit=1100%2C742&ssl=1&resize=350%2C200","width":350,"height":200,"srcset":"https:\/\/i0.wp.com\/zeromagazine.mx\/wp-content\/uploads\/2024\/10\/Los-Premios-Metropolitanos-de-Teatro-anuncian-sus-nominaciones-2024.jpg?fit=1100%2C742&ssl=1&resize=350%2C200 1x, https:\/\/i0.wp.com\/zeromagazine.mx\/wp-content\/uploads\/2024\/10\/Los-Premios-Metropolitanos-de-Teatro-anuncian-sus-nominaciones-2024.jpg?fit=1100%2C742&ssl=1&resize=525%2C300 1.5x, https:\/\/i0.wp.com\/zeromagazine.mx\/wp-content\/uploads\/2024\/10\/Los-Premios-Metropolitanos-de-Teatro-anuncian-sus-nominaciones-2024.jpg?fit=1100%2C742&ssl=1&resize=700%2C400 2x, https:\/\/i0.wp.com\/zeromagazine.mx\/wp-content\/uploads\/2024\/10\/Los-Premios-Metropolitanos-de-Teatro-anuncian-sus-nominaciones-2024.jpg?fit=1100%2C742&ssl=1&resize=1050%2C600 3x"},"classes":[]}],"jetpack_sharing_enabled":true,"builder_content":"","_links":{"self":[{"href":"https:\/\/zeromagazine.mx\/index.php\/wp-json\/wp\/v2\/posts\/47534","targetHints":{"allow":["GET"]}}],"collection":[{"href":"https:\/\/zeromagazine.mx\/index.php\/wp-json\/wp\/v2\/posts"}],"about":[{"href":"https:\/\/zeromagazine.mx\/index.php\/wp-json\/wp\/v2\/types\/post"}],"author":[{"embeddable":true,"href":"https:\/\/zeromagazine.mx\/index.php\/wp-json\/wp\/v2\/users\/2"}],"replies":[{"embeddable":true,"href":"https:\/\/zeromagazine.mx\/index.php\/wp-json\/wp\/v2\/comments?post=47534"}],"version-history":[{"count":0,"href":"https:\/\/zeromagazine.mx\/index.php\/wp-json\/wp\/v2\/posts\/47534\/revisions"}],"wp:featuredmedia":[{"embeddable":true,"href":"https:\/\/zeromagazine.mx\/index.php\/wp-json\/"}],"wp:attachment":[{"href":"https:\/\/zeromagazine.mx\/index.php\/wp-json\/wp\/v2\/media?parent=47534"}],"wp:term":[{"taxonomy":"category","embeddable":true,"href":"https:\/\/zeromagazine.mx\/index.php\/wp-json\/wp\/v2\/categories?post=47534"},{"taxonomy":"post_tag","embeddable":true,"href":"https:\/\/zeromagazine.mx\/index.php\/wp-json\/wp\/v2\/tags?post=47534"}],"curies":[{"name":"wp","href":"https:\/\/api.w.org\/{rel}","templated":true}]}}