{"id":47826,"date":"2021-06-15T12:00:00","date_gmt":"2021-06-15T17:00:00","guid":{"rendered":"https:\/\/atomic-temporary-84115225.wpcomstaging.com\/?p=47826"},"modified":"2021-06-15T12:00:00","modified_gmt":"2021-06-15T17:00:00","slug":"marcas-baneadas-por-discriminacion-a-la-comunidad-lgbt","status":"publish","type":"post","link":"https:\/\/zeromagazine.mx\/index.php\/2021\/06\/15\/marcas-baneadas-por-discriminacion-a-la-comunidad-lgbt\/","title":{"rendered":"Marcas baneadas por discriminaci\u00f3n a la comunidad LGBT+"},"content":{"rendered":"\n<p><strong>El racismo, la homofobia y la xenofobia<\/strong> son ideas sin fundamento, prejuicios, que se construyen como una forma de protecci\u00f3n y distanciamiento a circunstancias que de alguna forma cuestionan los privilegios.<\/p>\n\n\n\n<div class=\"wp-block-image coblocks-animate\"><figure class=\"aligncenter size-large\"><a href=\"https:\/\/i0.wp.com\/zeromagazinemx.wpcomstaging.com\/wp-content\/uploads\/2022\/02\/1682d-marcas-baneadas-2.jpg?ssl=1\"><img data-recalc-dims=\"1\" decoding=\"async\" src=\"https:\/\/i0.wp.com\/zeromagazinemx.wpcomstaging.com\/wp-content\/uploads\/2022\/02\/1682d-marcas-baneadas-2.jpg?w=1165&#038;ssl=1\" alt=\"\" class=\"wp-image-47830\" \/><\/a><\/figure><\/div>\n\n\n\n<div class=\"wp-block-buttons is-layout-flex wp-block-buttons-is-layout-flex\">\n<div class=\"wp-block-button is-style-outline is-style-outline--1\"><a class=\"wp-block-button__link\">Por Samantha Palma Dur\u00e1n<\/a><\/div>\n<\/div>\n\n\n\n<p>Sabemos que hay avances en la <strong>lucha contra la homofobia<\/strong>, sin embargo, estas personas siguen enfrent\u00e1ndose a situaciones de violencia y desigualdad tan s\u00f3lo por su orientaci\u00f3n sexual o identidad de g\u00e9nero. Algunas de las marcas que lamentablemente han discriminado a la <strong><em>Comunidad LGBT+<\/em><\/strong> son:&nbsp;<\/p>\n\n\n\n<ol class=\"wp-block-list\"><li><strong>Dolce &amp; Gabbana<\/strong><\/li><\/ol>\n\n\n\n<p>El cantante <strong>Elton John<\/strong> junto con otras celebridades como <strong>Victoria Beckham<\/strong> y <strong>Jos\u00e9 Manuel Padilla Ruiz<\/strong> (<em>Periodista M\u00e1ster en Comunicaci\u00f3n Corporativa<\/em>) se unieron para boicotear a la marca <strong>Dolce &amp; Gabbana<\/strong>, despu\u00e9s de que algunos famosos dise\u00f1adores expresaran que los ni\u00f1os concebidos a trav\u00e9s del <em>m\u00e9todo in vitro<\/em> eran \u201c<em>sint\u00e9ticos<\/em>\u201d.<\/p>\n\n\n\n<div class=\"wp-block-image coblocks-animate\"><figure class=\"aligncenter size-large\"><a href=\"https:\/\/i0.wp.com\/zeromagazinemx.wpcomstaging.com\/wp-content\/uploads\/2022\/02\/a6e4c-marcas-baneadas-3.jpg?ssl=1\"><img data-recalc-dims=\"1\" decoding=\"async\" src=\"https:\/\/i0.wp.com\/zeromagazinemx.wpcomstaging.com\/wp-content\/uploads\/2022\/02\/a6e4c-marcas-baneadas-3.jpg?w=1165&#038;ssl=1\" alt=\"\" class=\"wp-image-47832\" \/><\/a><\/figure><\/div>\n\n\n\n\n\n<ol class=\"wp-block-list\" start=\"2\"><li><strong>Mozilla<\/strong><\/li><\/ol>\n\n\n\n<p><strong>Brendan Eich<\/strong>, que era el <strong>CEO <\/strong>de la compa\u00f1\u00eda, tuvo que renunciar a su cargo debido a la pol\u00e9mica por su postura en relaci\u00f3n a una <strong><em>Ley Anti Homosexual<\/em><\/strong> en California que origin\u00f3 un complot contra <strong>Firefox<\/strong>. Al final lament\u00f3 que sus ideas pol\u00edticas afectaran la reputaci\u00f3n de la marca.<\/p>\n\n\n\n<div class=\"wp-block-image coblocks-animate\"><figure class=\"aligncenter size-large\"><a href=\"https:\/\/i0.wp.com\/zeromagazinemx.wpcomstaging.com\/wp-content\/uploads\/2022\/02\/19eb8-marcas-baneadas-4.jpg?ssl=1\"><img data-recalc-dims=\"1\" decoding=\"async\" src=\"https:\/\/i0.wp.com\/zeromagazinemx.wpcomstaging.com\/wp-content\/uploads\/2022\/02\/19eb8-marcas-baneadas-4.jpg?w=1165&#038;ssl=1\" alt=\"\" class=\"wp-image-47834\" \/><\/a><\/figure><\/div>\n\n\n\n\n\n<ol class=\"wp-block-list\" start=\"3\"><li><strong>Barilla<\/strong><\/li><\/ol>\n\n\n\n<p>Durante una entrevista que se le realiz\u00f3 a <strong>Guido Barilla<\/strong>, el Presidente del Grupo coment\u00f3:<\/p>\n\n\n\n<blockquote class=\"wp-block-quote is-layout-flow wp-block-quote-is-layout-flow\"><p>\u201cNunca har\u00eda un comercial con una familia homosexual.&nbsp;No por falta de respeto a los homosexuales, que pueden hacer lo que quieran mientras no molesten a otros\u2026 pero yo no veo las cosas como ellos las ven y creo que nosotros le hablamos a la familia tradicional\u201d.<\/p><\/blockquote>\n\n\n\n<p>Esto desat\u00f3 muchas cr\u00edticas de indignaci\u00f3n en las redes sociales, haciendo que sus competidores aprovecharan esta oportunidad para levantar la voz <strong><em>A favor de la Inclusi\u00f3n<\/em><\/strong>.<\/p>\n\n\n\n<div class=\"wp-block-image coblocks-animate\"><figure class=\"aligncenter size-large\"><a href=\"https:\/\/i0.wp.com\/zeromagazinemx.wpcomstaging.com\/wp-content\/uploads\/2022\/02\/15e8d-marcas-baneadas-5.jpg?ssl=1\"><img data-recalc-dims=\"1\" decoding=\"async\" src=\"https:\/\/i0.wp.com\/zeromagazinemx.wpcomstaging.com\/wp-content\/uploads\/2022\/02\/15e8d-marcas-baneadas-5.jpg?w=1165&#038;ssl=1\" alt=\"\" class=\"wp-image-47835\" \/><\/a><\/figure><\/div>\n\n\n<!--themify_builder_content-->\n<div id=\"themify_builder_content-47826\" data-postid=\"47826\" class=\"themify_builder_content themify_builder_content-47826 themify_builder tf_clear\">\n    <\/div>\n<!--\/themify_builder_content-->\n","protected":false},"excerpt":{"rendered":"<p>El racismo, la homofobia y la xenofobia son ideas sin fundamento, prejuicios, que se construyen como una forma de protecci\u00f3n y distanciamiento a circunstancias que de alguna forma cuestionan los privilegios. Sabemos que hay avances en la lucha contra la homofobia, sin embargo, estas personas siguen enfrent\u00e1ndose a situaciones de violencia y desigualdad tan s\u00f3lo [&hellip;]<\/p>\n","protected":false},"author":2,"featured_media":47829,"comment_status":"open","ping_status":"open","sticky":false,"template":"","format":"standard","meta":{"_jetpack_memberships_contains_paid_content":false,"footnotes":"","jetpack_publicize_message":"#MesdelOrgullo | Te traemos un peque\u00f1o listado de marcas que han sido \"baneadas\" por discriminar a la #ComunidadLGBT","jetpack_publicize_feature_enabled":true,"jetpack_social_post_already_shared":true,"jetpack_social_options":{"image_generator_settings":{"template":"highway","default_image_id":0,"font":"","enabled":false},"version":2}},"categories":[63,67],"tags":[967,968,74,161,969,970,971,972,162,973,974,975,976,977,978,979,980],"class_list":["post-47826","post","type-post","status-publish","format-standard","has-post-thumbnail","hentry","category-lifestyle","category-moda","tag-barilla","tag-brendan-eich","tag-comunidad-lgbt","tag-discriminacion","tag-dolce-gabbana","tag-elton-john","tag-firefox","tag-guido-barilla","tag-homofobia","tag-jose-manuel-padilla-ruiz","tag-ley-anti-homosexual","tag-lucha-contra-la-homofobia","tag-marcas-baneadas","tag-mozilla","tag-racismo","tag-victoria-beckham","tag-xenofobia","has-post-title","has-post-date","has-post-category","has-post-tag","has-post-comment","has-post-author",""],"yoast_head":"<!-- This site is optimized with the Yoast SEO plugin v27.5 - https:\/\/yoast.com\/product\/yoast-seo-wordpress\/ -->\n<title>Marcas baneadas por discriminaci\u00f3n a la comunidad LGBT+ - Zero Magazine<\/title>\n<meta name=\"robots\" content=\"index, follow, max-snippet:-1, max-image-preview:large, max-video-preview:-1\" \/>\n<link rel=\"canonical\" href=\"https:\/\/zeromagazine.mx\/index.php\/2021\/06\/15\/marcas-baneadas-por-discriminacion-a-la-comunidad-lgbt\/\" \/>\n<meta property=\"og:locale\" content=\"es_ES\" \/>\n<meta property=\"og:type\" content=\"article\" \/>\n<meta property=\"og:title\" content=\"Marcas baneadas por discriminaci\u00f3n a la comunidad LGBT+ - Zero Magazine\" \/>\n<meta property=\"og:description\" content=\"El racismo, la homofobia y la xenofobia son ideas sin fundamento, prejuicios, que se construyen como una forma de protecci\u00f3n y distanciamiento a circunstancias que de alguna forma cuestionan los privilegios. Sabemos que hay avances en la lucha contra la homofobia, sin embargo, estas personas siguen enfrent\u00e1ndose a situaciones de violencia y desigualdad tan s\u00f3lo [&hellip;]\" \/>\n<meta property=\"og:url\" content=\"https:\/\/zeromagazine.mx\/index.php\/2021\/06\/15\/marcas-baneadas-por-discriminacion-a-la-comunidad-lgbt\/\" \/>\n<meta property=\"og:site_name\" content=\"Zero Magazine\" \/>\n<meta property=\"article:published_time\" content=\"2021-06-15T17:00:00+00:00\" \/>\n<meta name=\"author\" content=\"zeromagazinemx\" \/>\n<meta name=\"twitter:card\" content=\"summary_large_image\" \/>\n<meta name=\"twitter:label1\" content=\"Escrito por\" \/>\n\t<meta name=\"twitter:data1\" content=\"zeromagazinemx\" \/>\n\t<meta name=\"twitter:label2\" content=\"Tiempo de lectura\" \/>\n\t<meta name=\"twitter:data2\" content=\"1 minuto\" \/>\n<script type=\"application\/ld+json\" class=\"yoast-schema-graph\">{\"@context\":\"https:\\\/\\\/schema.org\",\"@graph\":[{\"@type\":\"Article\",\"@id\":\"https:\\\/\\\/zeromagazine.mx\\\/index.php\\\/2021\\\/06\\\/15\\\/marcas-baneadas-por-discriminacion-a-la-comunidad-lgbt\\\/#article\",\"isPartOf\":{\"@id\":\"https:\\\/\\\/zeromagazine.mx\\\/index.php\\\/2021\\\/06\\\/15\\\/marcas-baneadas-por-discriminacion-a-la-comunidad-lgbt\\\/\"},\"author\":{\"name\":\"zeromagazinemx\",\"@id\":\"https:\\\/\\\/zeromagazine.mx\\\/#\\\/schema\\\/person\\\/9aed9f33a7c39af3a348b86d723f7773\"},\"headline\":\"Marcas baneadas por discriminaci\u00f3n a la comunidad LGBT+\",\"datePublished\":\"2021-06-15T17:00:00+00:00\",\"mainEntityOfPage\":{\"@id\":\"https:\\\/\\\/zeromagazine.mx\\\/index.php\\\/2021\\\/06\\\/15\\\/marcas-baneadas-por-discriminacion-a-la-comunidad-lgbt\\\/\"},\"wordCount\":307,\"commentCount\":0,\"publisher\":{\"@id\":\"https:\\\/\\\/zeromagazine.mx\\\/#organization\"},\"image\":{\"@id\":\"https:\\\/\\\/zeromagazine.mx\\\/index.php\\\/2021\\\/06\\\/15\\\/marcas-baneadas-por-discriminacion-a-la-comunidad-lgbt\\\/#primaryimage\"},\"thumbnailUrl\":\"\",\"keywords\":[\"Barilla\",\"Brendan Eich\",\"Comunidad LGBT+\",\"Discriminaci\u00f3n\",\"Dolce &amp; Gabbana\",\"Elton John\",\"Firefox\",\"Guido Barilla\",\"Homofobia\",\"Jos\u00e9 Manuel Padilla Ruiz\",\"Ley Anti Homosexual\",\"Lucha contra la Homofobia\",\"Marcas Baneadas\",\"Mozilla\",\"racismo\",\"Victoria Beckham\",\"Xenofobia\"],\"articleSection\":[\"Lifestyle\",\"Moda\"],\"inLanguage\":\"es\",\"potentialAction\":[{\"@type\":\"CommentAction\",\"name\":\"Comment\",\"target\":[\"https:\\\/\\\/zeromagazine.mx\\\/index.php\\\/2021\\\/06\\\/15\\\/marcas-baneadas-por-discriminacion-a-la-comunidad-lgbt\\\/#respond\"]}]},{\"@type\":\"WebPage\",\"@id\":\"https:\\\/\\\/zeromagazine.mx\\\/index.php\\\/2021\\\/06\\\/15\\\/marcas-baneadas-por-discriminacion-a-la-comunidad-lgbt\\\/\",\"url\":\"https:\\\/\\\/zeromagazine.mx\\\/index.php\\\/2021\\\/06\\\/15\\\/marcas-baneadas-por-discriminacion-a-la-comunidad-lgbt\\\/\",\"name\":\"Marcas baneadas por discriminaci\u00f3n a la comunidad LGBT+ - Zero Magazine\",\"isPartOf\":{\"@id\":\"https:\\\/\\\/zeromagazine.mx\\\/#website\"},\"primaryImageOfPage\":{\"@id\":\"https:\\\/\\\/zeromagazine.mx\\\/index.php\\\/2021\\\/06\\\/15\\\/marcas-baneadas-por-discriminacion-a-la-comunidad-lgbt\\\/#primaryimage\"},\"image\":{\"@id\":\"https:\\\/\\\/zeromagazine.mx\\\/index.php\\\/2021\\\/06\\\/15\\\/marcas-baneadas-por-discriminacion-a-la-comunidad-lgbt\\\/#primaryimage\"},\"thumbnailUrl\":\"\",\"datePublished\":\"2021-06-15T17:00:00+00:00\",\"breadcrumb\":{\"@id\":\"https:\\\/\\\/zeromagazine.mx\\\/index.php\\\/2021\\\/06\\\/15\\\/marcas-baneadas-por-discriminacion-a-la-comunidad-lgbt\\\/#breadcrumb\"},\"inLanguage\":\"es\",\"potentialAction\":[{\"@type\":\"ReadAction\",\"target\":[\"https:\\\/\\\/zeromagazine.mx\\\/index.php\\\/2021\\\/06\\\/15\\\/marcas-baneadas-por-discriminacion-a-la-comunidad-lgbt\\\/\"]}]},{\"@type\":\"ImageObject\",\"inLanguage\":\"es\",\"@id\":\"https:\\\/\\\/zeromagazine.mx\\\/index.php\\\/2021\\\/06\\\/15\\\/marcas-baneadas-por-discriminacion-a-la-comunidad-lgbt\\\/#primaryimage\",\"url\":\"\",\"contentUrl\":\"\"},{\"@type\":\"BreadcrumbList\",\"@id\":\"https:\\\/\\\/zeromagazine.mx\\\/index.php\\\/2021\\\/06\\\/15\\\/marcas-baneadas-por-discriminacion-a-la-comunidad-lgbt\\\/#breadcrumb\",\"itemListElement\":[{\"@type\":\"ListItem\",\"position\":1,\"name\":\"Portada\",\"item\":\"https:\\\/\\\/zeromagazine.mx\\\/\"},{\"@type\":\"ListItem\",\"position\":2,\"name\":\"Marcas baneadas por discriminaci\u00f3n a la comunidad LGBT+\"}]},{\"@type\":\"WebSite\",\"@id\":\"https:\\\/\\\/zeromagazine.mx\\\/#website\",\"url\":\"https:\\\/\\\/zeromagazine.mx\\\/\",\"name\":\"Zero Magazine\",\"description\":\"\",\"publisher\":{\"@id\":\"https:\\\/\\\/zeromagazine.mx\\\/#organization\"},\"potentialAction\":[{\"@type\":\"SearchAction\",\"target\":{\"@type\":\"EntryPoint\",\"urlTemplate\":\"https:\\\/\\\/zeromagazine.mx\\\/?s={search_term_string}\"},\"query-input\":{\"@type\":\"PropertyValueSpecification\",\"valueRequired\":true,\"valueName\":\"search_term_string\"}}],\"inLanguage\":\"es\"},{\"@type\":\"Organization\",\"@id\":\"https:\\\/\\\/zeromagazine.mx\\\/#organization\",\"name\":\"Zero Magazine\",\"url\":\"https:\\\/\\\/zeromagazine.mx\\\/\",\"logo\":{\"@type\":\"ImageObject\",\"inLanguage\":\"es\",\"@id\":\"https:\\\/\\\/zeromagazine.mx\\\/#\\\/schema\\\/logo\\\/image\\\/\",\"url\":\"https:\\\/\\\/i0.wp.com\\\/zeromagazine.mx\\\/wp-content\\\/uploads\\\/2025\\\/11\\\/1.jpeg?fit=1000%2C1000&ssl=1\",\"contentUrl\":\"https:\\\/\\\/i0.wp.com\\\/zeromagazine.mx\\\/wp-content\\\/uploads\\\/2025\\\/11\\\/1.jpeg?fit=1000%2C1000&ssl=1\",\"width\":1000,\"height\":1000,\"caption\":\"Zero Magazine\"},\"image\":{\"@id\":\"https:\\\/\\\/zeromagazine.mx\\\/#\\\/schema\\\/logo\\\/image\\\/\"},\"sameAs\":[\"https:\\\/\\\/instagram.com\\\/zeromagazinemx\"]},{\"@type\":\"Person\",\"@id\":\"https:\\\/\\\/zeromagazine.mx\\\/#\\\/schema\\\/person\\\/9aed9f33a7c39af3a348b86d723f7773\",\"name\":\"zeromagazinemx\",\"image\":{\"@type\":\"ImageObject\",\"inLanguage\":\"es\",\"@id\":\"https:\\\/\\\/zeromagazine.mx\\\/wp-content\\\/litespeed\\\/avatar\\\/f91dfe5410d5dcb1a576bf8c45983896.jpg?ver=1777571230\",\"url\":\"https:\\\/\\\/zeromagazine.mx\\\/wp-content\\\/litespeed\\\/avatar\\\/f91dfe5410d5dcb1a576bf8c45983896.jpg?ver=1777571230\",\"contentUrl\":\"https:\\\/\\\/zeromagazine.mx\\\/wp-content\\\/litespeed\\\/avatar\\\/f91dfe5410d5dcb1a576bf8c45983896.jpg?ver=1777571230\",\"caption\":\"zeromagazinemx\"},\"url\":\"https:\\\/\\\/zeromagazine.mx\\\/index.php\\\/author\\\/zeromagazinemx\\\/\"}]}<\/script>\n<!-- \/ Yoast SEO plugin. -->","yoast_head_json":{"title":"Marcas baneadas por discriminaci\u00f3n a la comunidad LGBT+ - Zero Magazine","robots":{"index":"index","follow":"follow","max-snippet":"max-snippet:-1","max-image-preview":"max-image-preview:large","max-video-preview":"max-video-preview:-1"},"canonical":"https:\/\/zeromagazine.mx\/index.php\/2021\/06\/15\/marcas-baneadas-por-discriminacion-a-la-comunidad-lgbt\/","og_locale":"es_ES","og_type":"article","og_title":"Marcas baneadas por discriminaci\u00f3n a la comunidad LGBT+ - Zero Magazine","og_description":"El racismo, la homofobia y la xenofobia son ideas sin fundamento, prejuicios, que se construyen como una forma de protecci\u00f3n y distanciamiento a circunstancias que de alguna forma cuestionan los privilegios. Sabemos que hay avances en la lucha contra la homofobia, sin embargo, estas personas siguen enfrent\u00e1ndose a situaciones de violencia y desigualdad tan s\u00f3lo [&hellip;]","og_url":"https:\/\/zeromagazine.mx\/index.php\/2021\/06\/15\/marcas-baneadas-por-discriminacion-a-la-comunidad-lgbt\/","og_site_name":"Zero Magazine","article_published_time":"2021-06-15T17:00:00+00:00","author":"zeromagazinemx","twitter_card":"summary_large_image","twitter_misc":{"Escrito por":"zeromagazinemx","Tiempo de lectura":"1 minuto"},"schema":{"@context":"https:\/\/schema.org","@graph":[{"@type":"Article","@id":"https:\/\/zeromagazine.mx\/index.php\/2021\/06\/15\/marcas-baneadas-por-discriminacion-a-la-comunidad-lgbt\/#article","isPartOf":{"@id":"https:\/\/zeromagazine.mx\/index.php\/2021\/06\/15\/marcas-baneadas-por-discriminacion-a-la-comunidad-lgbt\/"},"author":{"name":"zeromagazinemx","@id":"https:\/\/zeromagazine.mx\/#\/schema\/person\/9aed9f33a7c39af3a348b86d723f7773"},"headline":"Marcas baneadas por discriminaci\u00f3n a la comunidad LGBT+","datePublished":"2021-06-15T17:00:00+00:00","mainEntityOfPage":{"@id":"https:\/\/zeromagazine.mx\/index.php\/2021\/06\/15\/marcas-baneadas-por-discriminacion-a-la-comunidad-lgbt\/"},"wordCount":307,"commentCount":0,"publisher":{"@id":"https:\/\/zeromagazine.mx\/#organization"},"image":{"@id":"https:\/\/zeromagazine.mx\/index.php\/2021\/06\/15\/marcas-baneadas-por-discriminacion-a-la-comunidad-lgbt\/#primaryimage"},"thumbnailUrl":"","keywords":["Barilla","Brendan Eich","Comunidad LGBT+","Discriminaci\u00f3n","Dolce &amp; Gabbana","Elton John","Firefox","Guido Barilla","Homofobia","Jos\u00e9 Manuel Padilla Ruiz","Ley Anti Homosexual","Lucha contra la Homofobia","Marcas Baneadas","Mozilla","racismo","Victoria Beckham","Xenofobia"],"articleSection":["Lifestyle","Moda"],"inLanguage":"es","potentialAction":[{"@type":"CommentAction","name":"Comment","target":["https:\/\/zeromagazine.mx\/index.php\/2021\/06\/15\/marcas-baneadas-por-discriminacion-a-la-comunidad-lgbt\/#respond"]}]},{"@type":"WebPage","@id":"https:\/\/zeromagazine.mx\/index.php\/2021\/06\/15\/marcas-baneadas-por-discriminacion-a-la-comunidad-lgbt\/","url":"https:\/\/zeromagazine.mx\/index.php\/2021\/06\/15\/marcas-baneadas-por-discriminacion-a-la-comunidad-lgbt\/","name":"Marcas baneadas por discriminaci\u00f3n a la comunidad LGBT+ - Zero Magazine","isPartOf":{"@id":"https:\/\/zeromagazine.mx\/#website"},"primaryImageOfPage":{"@id":"https:\/\/zeromagazine.mx\/index.php\/2021\/06\/15\/marcas-baneadas-por-discriminacion-a-la-comunidad-lgbt\/#primaryimage"},"image":{"@id":"https:\/\/zeromagazine.mx\/index.php\/2021\/06\/15\/marcas-baneadas-por-discriminacion-a-la-comunidad-lgbt\/#primaryimage"},"thumbnailUrl":"","datePublished":"2021-06-15T17:00:00+00:00","breadcrumb":{"@id":"https:\/\/zeromagazine.mx\/index.php\/2021\/06\/15\/marcas-baneadas-por-discriminacion-a-la-comunidad-lgbt\/#breadcrumb"},"inLanguage":"es","potentialAction":[{"@type":"ReadAction","target":["https:\/\/zeromagazine.mx\/index.php\/2021\/06\/15\/marcas-baneadas-por-discriminacion-a-la-comunidad-lgbt\/"]}]},{"@type":"ImageObject","inLanguage":"es","@id":"https:\/\/zeromagazine.mx\/index.php\/2021\/06\/15\/marcas-baneadas-por-discriminacion-a-la-comunidad-lgbt\/#primaryimage","url":"","contentUrl":""},{"@type":"BreadcrumbList","@id":"https:\/\/zeromagazine.mx\/index.php\/2021\/06\/15\/marcas-baneadas-por-discriminacion-a-la-comunidad-lgbt\/#breadcrumb","itemListElement":[{"@type":"ListItem","position":1,"name":"Portada","item":"https:\/\/zeromagazine.mx\/"},{"@type":"ListItem","position":2,"name":"Marcas baneadas por discriminaci\u00f3n a la comunidad LGBT+"}]},{"@type":"WebSite","@id":"https:\/\/zeromagazine.mx\/#website","url":"https:\/\/zeromagazine.mx\/","name":"Zero Magazine","description":"","publisher":{"@id":"https:\/\/zeromagazine.mx\/#organization"},"potentialAction":[{"@type":"SearchAction","target":{"@type":"EntryPoint","urlTemplate":"https:\/\/zeromagazine.mx\/?s={search_term_string}"},"query-input":{"@type":"PropertyValueSpecification","valueRequired":true,"valueName":"search_term_string"}}],"inLanguage":"es"},{"@type":"Organization","@id":"https:\/\/zeromagazine.mx\/#organization","name":"Zero Magazine","url":"https:\/\/zeromagazine.mx\/","logo":{"@type":"ImageObject","inLanguage":"es","@id":"https:\/\/zeromagazine.mx\/#\/schema\/logo\/image\/","url":"https:\/\/i0.wp.com\/zeromagazine.mx\/wp-content\/uploads\/2025\/11\/1.jpeg?fit=1000%2C1000&ssl=1","contentUrl":"https:\/\/i0.wp.com\/zeromagazine.mx\/wp-content\/uploads\/2025\/11\/1.jpeg?fit=1000%2C1000&ssl=1","width":1000,"height":1000,"caption":"Zero Magazine"},"image":{"@id":"https:\/\/zeromagazine.mx\/#\/schema\/logo\/image\/"},"sameAs":["https:\/\/instagram.com\/zeromagazinemx"]},{"@type":"Person","@id":"https:\/\/zeromagazine.mx\/#\/schema\/person\/9aed9f33a7c39af3a348b86d723f7773","name":"zeromagazinemx","image":{"@type":"ImageObject","inLanguage":"es","@id":"https:\/\/zeromagazine.mx\/wp-content\/litespeed\/avatar\/f91dfe5410d5dcb1a576bf8c45983896.jpg?ver=1777571230","url":"https:\/\/zeromagazine.mx\/wp-content\/litespeed\/avatar\/f91dfe5410d5dcb1a576bf8c45983896.jpg?ver=1777571230","contentUrl":"https:\/\/zeromagazine.mx\/wp-content\/litespeed\/avatar\/f91dfe5410d5dcb1a576bf8c45983896.jpg?ver=1777571230","caption":"zeromagazinemx"},"url":"https:\/\/zeromagazine.mx\/index.php\/author\/zeromagazinemx\/"}]}},"jetpack_publicize_connections":[],"jetpack_featured_media_url":"","jetpack-related-posts":[{"id":48423,"url":"https:\/\/zeromagazine.mx\/index.php\/2021\/06\/22\/como-afecta-la-discriminacion-a-la-comunidad-lgbtq\/","url_meta":{"origin":47826,"position":0},"title":"\u00bfC\u00d3MO AFECTA LA DISCRIMINACI\u00d3N A LA COMUNIDAD LGBTQ+?","author":"zeromagazinemx","date":"22 de junio de 2021","format":false,"excerpt":"En distintas partes del mundo se sigue luchando contra la homofobia, a\u00fan as\u00ed, sigue habiendo mucha violencia y desigualdad debido a su orientaci\u00f3n sexual. POR ARELI HERN\u00c1NDEZ AMPARO Seg\u00fan estad\u00edsticas, la CDMX es donde m\u00e1s asesinatos se cometen contra miembros de esta comunidad y donde hay m\u00e1s quejas de discriminaci\u00f3n,\u2026","rel":"","context":"En \u00abBienestar\u00bb","block_context":{"text":"Bienestar","link":"https:\/\/zeromagazine.mx\/index.php\/category\/lifestyle\/bienestar\/"},"img":{"alt_text":"","src":"","width":0,"height":0},"classes":[]},{"id":46636,"url":"https:\/\/zeromagazine.mx\/index.php\/2021\/06\/02\/homofobia-en-el-deporte\/","url_meta":{"origin":47826,"position":1},"title":"Homofobia en el deporte","author":"zeromagazinemx","date":"2 de junio de 2021","format":false,"excerpt":"A pesar de que hay deportistas que se declaran orgullosos de pertenecer a la Comunidad LGBTTTIQ, a\u00fan son muchos los que se callan por miedo a las represalias y el cierre de oportunidades que les traer\u00eda como consecuencia si deciden expresar sus preferencias sexuales. por daniela ruiz Algunos pa\u00edses junto\u2026","rel":"","context":"En \u00abLifestyle\u00bb","block_context":{"text":"Lifestyle","link":"https:\/\/zeromagazine.mx\/index.php\/category\/lifestyle\/"},"img":{"alt_text":"","src":"https:\/\/i0.wp.com\/zeromagazinemx.wpcomstaging.com\/wp-content\/uploads\/2022\/02\/93871-img48.jpg?resize=350%2C200&ssl=1","width":350,"height":200},"classes":[]},{"id":48525,"url":"https:\/\/zeromagazine.mx\/index.php\/2021\/06\/23\/levis-la-diversidad-en-mexico-siempre-ha-existido-resistido-y-hecho-historia\/","url_meta":{"origin":47826,"position":2},"title":"Levi\u2019s, la diversidad en M\u00e9xico siempre ha existido, resistido y hecho historia","author":"zeromagazinemx","date":"23 de junio de 2021","format":false,"excerpt":"Levi\u2019s lanz\u00f3 una nueva colecci\u00f3n Pride 2021 y hace un llamado a lo que no podemos ignorar \u201cRespetemos todos los pronombres\u201d https:\/\/www.instagram.com\/p\/CPt61czBM6m\/ Por Moises Kushelevich La Comunidad LGBTTTTIQA+ en M\u00e9xico no s\u00f3lo se ha hecho presente hace siglos, ha resistido y fortalecido para romper moldes y esquemas que no solo\u2026","rel":"","context":"En \u00abLifestyle\u00bb","block_context":{"text":"Lifestyle","link":"https:\/\/zeromagazine.mx\/index.php\/category\/lifestyle\/"},"img":{"alt_text":"","src":"","width":0,"height":0},"classes":[]},{"id":47079,"url":"https:\/\/zeromagazine.mx\/index.php\/2021\/06\/08\/intolerancia-a-la-diversidad-sexual-homofobia\/","url_meta":{"origin":47826,"position":3},"title":"INTOLERANCIA A LA DIVERSIDAD SEXUAL: HOMOFOBIA","author":"zeromagazinemx","date":"8 de junio de 2021","format":false,"excerpt":"La homosexualidad pas\u00f3\u00a0de ser una \"condici\u00f3n\" vergonzosa a reconocerse como una decisi\u00f3n normal y positiva de la sexualidad.\u00a0Aunque no aceptada por todos. A pesar de la evoluci\u00f3n que ha habido en la forma de mirar la diversidad sexual por parte de muchos, a\u00fan siguen existiendo prejuicios hacia las personas homosexuales,\u2026","rel":"","context":"En \u00abBienestar\u00bb","block_context":{"text":"Bienestar","link":"https:\/\/zeromagazine.mx\/index.php\/category\/lifestyle\/bienestar\/"},"img":{"alt_text":"","src":"","width":0,"height":0},"classes":[]},{"id":47187,"url":"https:\/\/zeromagazine.mx\/index.php\/2021\/06\/09\/discriminacion-la-otra-cara-de-la-comunidad-lgbttt\/","url_meta":{"origin":47826,"position":4},"title":"DISCRIMINACI\u00d3N, LA OTRA CARA DE LA COMUNIDAD LGBTTT","author":"zeromagazinemx","date":"9 de junio de 2021","format":false,"excerpt":"M\u00e9xico es un pa\u00eds que se caracteriza por muchas cuestiones; su turismo, su gastronom\u00eda, su solidaridad en momentos desastrosos pero tambi\u00e9n con su pr\u00f3jimo, al ser as\u00ed suena incre\u00edble que pueda existir a\u00fan en pleno Siglo XXI el machismo y la misoginia. Ha habido muchos llamados al Gobierno y a\u2026","rel":"","context":"En \u00abBienestar\u00bb","block_context":{"text":"Bienestar","link":"https:\/\/zeromagazine.mx\/index.php\/category\/lifestyle\/bienestar\/"},"img":{"alt_text":"","src":"","width":0,"height":0},"classes":[]},{"id":48995,"url":"https:\/\/zeromagazine.mx\/index.php\/2021\/06\/28\/empresarios-lgbt\/","url_meta":{"origin":47826,"position":5},"title":"Empresarios LGBT+","author":"zeromagazinemx","date":"28 de junio de 2021","format":false,"excerpt":"Como cada 28 de Junio desde 1978, en nuestro pa\u00eds se conmemora el Movimiento por los derechos de la comunidad LGBT+. En M\u00e9xico existe la Federaci\u00f3n Mexicana de Empresarios LGBT+, que gracias al esfuerzo de C\u00e9sar Casas y un grupo de empresarios miembros de la Comunidad LGBT+ en M\u00e9xico decidieron\u2026","rel":"","context":"En \u00abDinero\u00bb","block_context":{"text":"Dinero","link":"https:\/\/zeromagazine.mx\/index.php\/category\/dinero\/"},"img":{"alt_text":"","src":"","width":0,"height":0},"classes":[]}],"jetpack_sharing_enabled":true,"builder_content":"","_links":{"self":[{"href":"https:\/\/zeromagazine.mx\/index.php\/wp-json\/wp\/v2\/posts\/47826","targetHints":{"allow":["GET"]}}],"collection":[{"href":"https:\/\/zeromagazine.mx\/index.php\/wp-json\/wp\/v2\/posts"}],"about":[{"href":"https:\/\/zeromagazine.mx\/index.php\/wp-json\/wp\/v2\/types\/post"}],"author":[{"embeddable":true,"href":"https:\/\/zeromagazine.mx\/index.php\/wp-json\/wp\/v2\/users\/2"}],"replies":[{"embeddable":true,"href":"https:\/\/zeromagazine.mx\/index.php\/wp-json\/wp\/v2\/comments?post=47826"}],"version-history":[{"count":0,"href":"https:\/\/zeromagazine.mx\/index.php\/wp-json\/wp\/v2\/posts\/47826\/revisions"}],"wp:featuredmedia":[{"embeddable":true,"href":"https:\/\/zeromagazine.mx\/index.php\/wp-json\/"}],"wp:attachment":[{"href":"https:\/\/zeromagazine.mx\/index.php\/wp-json\/wp\/v2\/media?parent=47826"}],"wp:term":[{"taxonomy":"category","embeddable":true,"href":"https:\/\/zeromagazine.mx\/index.php\/wp-json\/wp\/v2\/categories?post=47826"},{"taxonomy":"post_tag","embeddable":true,"href":"https:\/\/zeromagazine.mx\/index.php\/wp-json\/wp\/v2\/tags?post=47826"}],"curies":[{"name":"wp","href":"https:\/\/api.w.org\/{rel}","templated":true}]}}