{"id":48154,"date":"2021-06-18T11:00:00","date_gmt":"2021-06-18T16:00:00","guid":{"rendered":"https:\/\/atomic-temporary-84115225.wpcomstaging.com\/?p=48154"},"modified":"2021-06-18T11:00:00","modified_gmt":"2021-06-18T16:00:00","slug":"entrevista-con-alex-duran","status":"publish","type":"post","link":"https:\/\/zeromagazine.mx\/index.php\/2021\/06\/18\/entrevista-con-alex-duran\/","title":{"rendered":"Entrevista con Alex Dur\u00e1n"},"content":{"rendered":"\n<p>El entorno del espect\u00e1culo sigue en movimiento, <strong>Alex Dur\u00e1n<\/strong> es el ejemplo de c\u00f3mo se puede optimizar el tiempo durante el periodo que dur\u00f3 la cuarentena, el actor y cantante recientemente tuvo una participaci\u00f3n muy importante en la serie de <strong>Netflix <\/strong>\u201c<strong><em>El drag\u00f3n<\/em><\/strong>\u201d, d\u00e1ndole vida al personaje de <em>Ishiro Tanaka<\/em>.<\/p>\n\n\n\n<div class=\"wp-block-buttons is-layout-flex wp-block-buttons-is-layout-flex\">\n<div class=\"wp-block-button is-style-outline is-style-outline--1\"><a class=\"wp-block-button__link\">Por C\u00e9sar Palomares<\/a><\/div>\n<\/div>\n\n\n\n<p>Alex nos platic\u00f3 sobre la experiencia que vivi\u00f3 durante el rodaje de la serie y nos comparte su nuevo sencillo \u201c<strong>La receta<\/strong>\u201d, ponte c\u00f3modo y disfruta de la entrevista.<\/p>\n\n\n\n<div style=\"height:10px;\" aria-hidden=\"true\" class=\"wp-block-spacer\"><\/div>\n\n\n\n<p><strong>\u00bfC\u00f3mo llega la propuesta para formar parte de la serie \u201cEl drag\u00f3n\u201d?<\/strong><br><br>Ha sido una trabajo de muchos a\u00f1os, de mucho esfuerzo y hasta la fecha lo sigue siendo, en ning\u00fan momento he sentido que ya estoy posicionado al punto de estar aqu\u00ed en mi casa escogiendo mis proyectos, te soy muy honesto y esa no es mi realidad, pero estoy contento porque la gente como t\u00fa tiene esa perspectiva de que soy una persona trabajadora, que la da continuidad a sus proyectos y que se rifa con los personajes, al final de cuentas el trabajo de un artista est\u00e1 relacionado con esto, aprovechar cualquier medio para poder darle un mensaje al espectador.<\/p>\n\n\n\n<p>En este caso en la actuaci\u00f3n as\u00ed se me dio, antes de <strong><em>\u201cLa bella y las bestias\u201d<\/em><\/strong>, yo hice una serie que se llama <strong><em>\u201cLas buchonas\u201d<\/em><\/strong>, esta fue la primera serie que hice con esta productora que es<strong> \u201cW studios<\/strong>\u201d y <strong>\u201cLemon films\u201d<\/strong>, que son los productores de la serie <strong><em>\u201cEl drag\u00f3n\u201d<\/em><\/strong>, yo arranque son <strong><em>\u201cLas buchonas\u201d<\/em><\/strong> despu\u00e9s de esa me ligue a<strong><em> \u201cLa bella y las bestias\u201d <\/em><\/strong>y despu\u00e9s de esa ca\u00ed a <strong><em>\u201cEl drag\u00f3n\u201d<\/em><\/strong>.&nbsp;<\/p>\n\n\n\n<p>Fue un proceso muy chistoso, porque en<strong><em> \u201cLas buchonas\u201d<\/em><\/strong> yo interpretaba un personaje que se llamaba \u201c<em>El gallo<\/em>\u201d un buen personaje la verdad y despu\u00e9s de ah\u00ed interpret\u00e9 a <em>Norman <\/em>en \u201c<strong><em>La bella y las bestias<\/em><\/strong>\u201d, termin\u00f3 esta serie y comenzaron a producir la serie \u201c<strong><em>Amar a muerte<\/em><\/strong>\u201d y yo quer\u00eda estar en esta serie, hab\u00eda un personaje que a m\u00ed me llamaba mucho la atenci\u00f3n, entonces yo hable con mi manager y le dije: <em>\u201cGabriel yo necesito este personaje\u201d<\/em>, hago el casting y todo el rollo, lo mandamos y no me quedo. Me dio mucho coraje y yo dec\u00eda:<em> \u201cNo puede ser, por qu\u00e9 no me qued\u00e9 con ese personaje yo era el perfil perfecto, ya he hecho dos series con ellos\u201d<\/em>.<\/p>\n\n\n\n<p>Despu\u00e9s de eso suena mi celular y era el productor general y me dice:<em> \u201c\u00bfQu\u00e9 est\u00e1 pasando Alex?\u201d<\/em> y yo le dije:<em> \u201cOye Carlos, es que mira ya he hecho tal personaje y luego hice Norman en esta otra serie y me gustar\u00eda estar en esta producci\u00f3n\u201d<\/em>. Y me dijo: <em>\u201cEs que no te puedo dar un personaje en <strong>amar a muerte<\/strong> porque ya tiene un personaje en <strong>el drag\u00f3n<\/strong>\u201d<\/em>, y yo as\u00ed de <em>\u201cokey por eso digo que esto es un malentendido nada m\u00e1s ja, ja\u201d<\/em>.&nbsp;<\/p>\n\n\n\n<p>La verdad es que <strong><em>\u201cEl drag\u00f3n\u201d<\/em><\/strong> era una serie que ya ven\u00edan preparando como desde hace dos a\u00f1os y era una serie donde todos los actores quer\u00edamos estar, era una serie que se iba a grabar como por nueve meses y para nosotros como actores trabajar nueve meses seguidos esta super chido. Era una serie muy grande, que se iba a grabar en varios pa\u00edses, todo mundo quer\u00eda estar ah\u00ed.<\/p>\n\n\n\n<p>Pero yo no sab\u00eda que el productor ya ten\u00eda un personaje para m\u00ed, me habla y me dice<em> \u201cOye mira, es un personaje que es japon\u00e9s, es samur\u00e1i, tiene que saber artes marciales\u201d<\/em>, la verdad es que los personajes que han llegado a mi vida han sido excepcionales, no es que yo los busque, simplemente caen.<\/p>\n\n\n\n<p>Hay una frase que dicen en el ambiente art\u00edstico que dice <em>\u201cUno no busca a los personajes, los personajes buscan al actor\u201d<\/em>. Cuando lleg\u00f3 <em>Ishiro <\/em>fue un gran reto, es un personaje que ha sido un parteaguas, me abri\u00f3 puertas que yo no sab\u00eda que exist\u00edan, cuando sali\u00f3 en <strong>Netflix <\/strong>se proyect\u00f3 en 192 pa\u00edses y de esos 192 pa\u00edses me escrib\u00edan y yo dec\u00eda<em> \u201cLlevo 14 a\u00f1os actuando y apenas <strong>el drag\u00f3n<\/strong> me abri\u00f3 esta compuerta, estoy eternamente agradecido con este proyecto\u201d.<\/em>&nbsp;<\/p>\n\n\n\n<p><strong>\u00bfQu\u00e9 tan dif\u00edcil fue adaptarte al personaje de Ishiro?<\/strong><\/p>\n\n\n\n<p>Desde el d\u00eda uno fue un reto, yo nunca supe por qu\u00e9 me dieron el personaje a m\u00ed, yo soy hiperactivo, me estoy moviendo todo el tiempo, todos mis personajes siempre son villanos. Cuando la producci\u00f3n estaba eligiendo qui\u00e9n iba a interpretar cada personaje dentro de la serie, preguntaron<em> \u201c\u00bfQui\u00e9n va a interpretar a Ishiro?\u201d<\/em> y de repente uno de ellos dice <em>\u201c\u00bfY si lo interpreta Alex Dur\u00e1n?\u00bb<\/em>, todos se voltean a ver y le dicen <em>\u201c\u00bfDe qu\u00e9 est\u00e1s hablando?\u201d<\/em>. A m\u00ed me da mucho gusto que por mi trabajo exista esta perspectiva y que me visualicen como un japon\u00e9s, como un samur\u00e1i, que crean en mi capacidad.&nbsp;<\/p>\n\n\n\n<p>Cuando me hablan y me dicen que iba a interpretar a <em>Ishiro<\/em>, fue una gran emoci\u00f3n al punto de conseguirme un sable, me caracterice y me tom\u00e9 unas fotos incre\u00edbles y se las mande a la producci\u00f3n. Siempre fue un gran reto y lo supimos llevar de la mejor manera, cuando ellos me dijeron que el personaje ten\u00eda que ver con artes marciales, en alg\u00fan punto de mi carrera tom\u00e9 clases de defensa personal porque lo requer\u00eda cuando grabe <strong><em>\u201cSe\u00f1orita p\u00f3lvora\u201d<\/em><\/strong> y aparte esto era algo totalmente diferente, porque el personaje de <em>Ishiro <\/em>sab\u00eda artes marciales, algo que realmente yo no.&nbsp;<\/p>\n\n\n\n<p>Habla con nosotros la producci\u00f3n y nos dicen <em>\u201c<strong>Sebasti\u00e1n Rulli<\/strong> y t\u00fa necesitamos que tomen clases porque tienen muchas escenas de acci\u00f3n y yo les dije \u201cAdelante\u201d<\/em>, yo lo que m\u00e1s quer\u00eda era hacerlo de la mejor manera. Fueron tres meses y dos horas diarias de entrenamientos, era una chinga, al final eso es lo que armoniza un personaje, que no s\u00f3lo entres como a actuar, sino que el personaje lo construyas a base de entrenamiento y lecturas.<\/p>\n\n\n\n<p>Yo tengo un amigo japon\u00e9s que se cas\u00f3 con una gran amiga de la familia, le dije a su esposa que me urg\u00eda sentarme a platicar con \u00e9l, cuando nos vimos fue chistoso, porque ellos son muy serios, yo s\u00e9 que \u00e9l me quiere mucho, pero toda la pl\u00e1tica era muy inexpresivo y yo dec\u00eda <em>\u201cGesticula algo, dame a entender que nos la estamos pasando chido\u201d<\/em>, pero al final ellos son as\u00ed, en una ocasi\u00f3n le pregunt\u00e9 <em>\u201cCuando est\u00e1s contento \u00bfQu\u00e9 es lo m\u00e1s que puedes demostrar?\u201d<\/em> y \u00e9l me dec\u00eda <em>\u201cEs que nosotros no estamos acostumbrados como los latinos a sonre\u00edr y abrazarse\u201d<\/em>, yo le dec\u00eda <em>\u201c\u00bfPara ti es lo mismo que se te haya muerto un familiar a que te hayas ganado la loter\u00eda?\u201d<\/em> y solo mov\u00eda la cabeza diciendo que s\u00ed ja, ja.&nbsp;<\/p>\n\n\n\n<p>La verdad es que me cost\u00f3 mucho trabajo, siempre que entr\u00e1bamos al set ten\u00eda que controlar el cuerpo, mi gesticulaci\u00f3n. El acento fue todo un tema que se platic\u00f3 mucho, obviamente lo primero que se les ocurri\u00f3 a todos era expresarme como un chino de una caricatura, pero yo no quer\u00eda eso, no quer\u00eda caricaturizar el personaje y les di la opci\u00f3n de hacerlo en un tono neutral. Obviamente yo no hablo mandar\u00edn y en alg\u00fan momento quer\u00edan contratar a una traductora para que me ense\u00f1ara palabras, frases, etc\u00e9tera.<\/p>\n\n\n\n<p>A m\u00ed realmente no me gustaba la idea porque iba a ser muy notorio, al final decidimos dejarlo en un tono neutro y fue un gran acierto, la gente nos lo compr\u00f3 totalmente, la gente me escrib\u00eda en las redes y me dec\u00eda <em>\u201cYo jur\u00e9 que eras japon\u00e9s\u201d<\/em>, fueron detallitos que se hicieron con un esfuerzo muy grande. La gente est\u00e1 muy acostumbrada a vernos en televisi\u00f3n y decirnos<em> \u201cQu\u00e9 buen personaje\u201d<\/em>, pero hay mucha gente detr\u00e1s de todo esto.<\/p>\n\n\n\n<p>Los tatuajes de <em>Ishiro <\/em>era algo que me volaba la cabeza, se ven muy pocas veces en la serie, pero las pocas veces que se ven es como de \u201c<em>wow<\/em>\u201d, siete horas de trabajo para poner esos tatuajes \u00bft\u00fa crees que no val\u00eda la pena?<\/p>\n\n\n\n<div class=\"wp-block-image coblocks-animate\"><figure class=\"aligncenter size-large\"><a href=\"https:\/\/i0.wp.com\/zeromagazinemx.wpcomstaging.com\/wp-content\/uploads\/2022\/02\/382c3-foto-para-contenido-entrevista-con-alex-duran.jpg?ssl=1\"><img data-recalc-dims=\"1\" decoding=\"async\" src=\"https:\/\/i0.wp.com\/zeromagazinemx.wpcomstaging.com\/wp-content\/uploads\/2022\/02\/382c3-foto-para-contenido-entrevista-con-alex-duran.jpg?w=1165&#038;ssl=1\" alt=\"\" class=\"wp-image-48166\" \/><\/a><\/figure><\/div>\n\n\n\n\n\n<p><strong>\u00bfQu\u00e9 tanto disfrutaste realizar este personaje?<\/strong><\/p>\n\n\n\n<p>F\u00edjate que yo dudaba mucho de <em>Ishiro<\/em>, dud\u00e9 hasta el \u00faltimo momento. Es un personaje tan limitante, nunca hab\u00eda hecho un personaje as\u00ed, es un personaje que cuando su patr\u00f3n le dec\u00eda: <em>\u201cQuiero que vayas a matar a esa persona\u201d<\/em>, <em>Ishiro <\/em>no preguntaba por qu\u00e9, \u00e9l solo iba y lo mataba.&nbsp;<\/p>\n\n\n\n<p>Por otro lado, este ser oscuro lo ves con una historia de amor t\u00f3rrida, era incre\u00edble y yo como actor dud\u00e9 mucho de eso, porque siempre lo digo en las entrevistas, la gente no sabe que las series o las telenovelas no se hacen en orden cronol\u00f3gico, nosotros grabamos, el <em>cap\u00edtulo 5<\/em> de la <em>escena 18<\/em> y despu\u00e9s de eso grabamos la<em> escena 120<\/em> del <em>cap\u00edtulo 400<\/em>. Nosotros no vamos como ustedes lo ven al aire, de repente para m\u00ed era muy dif\u00edcil estar en una escena matando a alguien y de luego estar en una escena donde <em>Chisca <\/em>me dice que pens\u00f3 que estaba embarazada, a m\u00ed eso me volaba la cabeza y yo me preguntaba si realmente la gente iba a entender esto.&nbsp;<\/p>\n\n\n\n<p>En una ocasi\u00f3n sal\u00ed de grabar, le mand\u00e9 un mensaje a <strong>Sebasti\u00e1n <\/strong>y le pregunt\u00e9 <em>\u201cSebas \u00bfd\u00f3nde est\u00e1s?\u201d<\/em> y me dijo <em>\u201cEstoy aqu\u00ed en el camper\u201d<\/em>, le caigo a su camper y le dije <em>\u201cSebas tengo mucho miedo de pensar qu\u00e9 va a pasar con Ishiro, no s\u00e9 si lo estoy haciendo de la mejor manera porque veo que es un contraste muy ca\u00f1\u00f3n, no s\u00e9 si la gente lo va a comprar\u201d<\/em>, <strong>Sebas <\/strong>me dijo <em>\u201cAlex a Ishiro lo van a amar, lo que pasa es que t\u00fa no lo est\u00e1s viendo desde la perspectiva que lo va a ver el p\u00fablico\u201d<\/em>.&nbsp;<\/p>\n\n\n\n<p>Lo que pas\u00f3 fue magia, cuando sali\u00f3 la primera temporada en<strong> Netflix<\/strong>, <em>Ishiro <\/em>no tiene tanto juego, sale muy poquito y conoce a <em>Chisca<\/em>, hay como pocas se\u00f1ales de lo que puede pasar en una segunda temporada. Pero cuando pas\u00f3 a la <em>segunda temporada<\/em>, era una locura y creo que el secreto de esto era que nadie lo ve\u00eda venir, normalmente cuando t\u00fa ves una novela te imaginas que puede pasar despu\u00e9s, pero en esta serie no sucedi\u00f3 lo mismo.<\/p>\n\n\n\n<p><strong>\u00bfSabes si habr\u00e1 una tercera temporada?<\/strong><\/p>\n\n\n\n<p>La verdad es que no lo s\u00e9, de repente la gente cree que yo estoy jugando con ellos, generando expectativas. Cuando terminamos de grabar nosotros jur\u00e1bamos que iba a haber una continuidad, pero justo cuando terminamos de grabar cay\u00f3 la pandemia y parti\u00f3 todo en dos, yo creo que se frenaron muchas cosas, cada uno tom\u00f3 su rumbo. Pero te aseguro que si nos hablan para decir <em>\u201cVa a haber una tercera temporada \u00bfQui\u00e9n jala?\u201d<\/em>, jala la mayor\u00eda, porque es un proyecto que todos terminamos amando.<\/p>\n\n\n\n<p>Nos fuimos a grabar a Huatulco y te juro que termin\u00e1bamos de grabar y nos qued\u00e1bamos horas platicando, era algo s\u00faper chido y actualmente <strong>Sebasti\u00e1n <\/strong>es un gran amigo. Pero hoy en d\u00eda no hay una <em>tercera temporada<\/em>, a m\u00ed no me han dicho nada, tampoco a <strong>Sebas<\/strong>, a veces le preguntaba <em>\u201cOye Sebas, \u00bfsabes algo?\u201d<\/em> y solo me dec\u00eda <em>\u201cNo s\u00e9 nada, neta\u201d<\/em>. Lo que s\u00ed nos queda muy claro, es que ahorita dependemos de c\u00f3mo le vaya en <strong>Televisa<\/strong>, porque sabemos que es una pantalla importante en M\u00e9xico y si le va bien en la <em>segunda temporada<\/em> eso puede provocar una<em> tercera temporada<\/em>.<\/p>\n\n\n\n<p>Adem\u00e1s en el final de la <em>segunda temporada<\/em> quedan mil cosas por resolver, <em>Jimena <\/em>se va con el dinero, <em>Adela <\/em>choca y uno se queda, as\u00ed como de <em>\u201c\u00bfEn qu\u00e9 momento pas\u00f3?\u201d<\/em>.<\/p>\n\n\n\n<p><strong>\u00bfQu\u00e9 fue lo que te estimul\u00f3 para sacar este nuevo sencillo?<\/strong><br><br>Te voy a hacer honesto, la verdad es que este proyecto de la m\u00fasica lo tengo en mente desde hace muchos a\u00f1os, lo que pasa es que no hab\u00eda tenido tiempo, porque de repente la gente me dice <em>\u201c\u00bfAhora ya cantas?\u201d<\/em>, la verdad es que he cantado desde siempre, cuando comenc\u00e9 a estudiar actuaci\u00f3n, empec\u00e9 a estudiar m\u00fasica, pero se dio primero la actuaci\u00f3n. Ayer estuve platicando con <strong>Michel Duval<\/strong>, \u00e9l tambi\u00e9n tiene un proyecto musical y platic\u00e1bamos lo mismo, como la gente se aferra a que si eres actor no puedes ser cantante o al rev\u00e9s.<\/p>\n\n\n\n<p>He hecho teatro musical, he tomado clases de canto, pero Gracias a Dios y al trabajo actoral nunca me ha dado tiempo de realizar este proyecto y cuando cae la pandemia el tiempo era lo que me sobraba, yo ven\u00eda de hacer varias series, un total de cuatro series en un periodo de m\u00e1s de tres a\u00f1os. Yo no ten\u00eda tiempo ni de vivir, yo me levantaba y mi hija estaba dormida, llegaba y mi hija estaba dormida, era mucho trabajo Gracias a Dios.&nbsp;<\/p>\n\n\n\n<p>Cuando cae la pandemia lo tom\u00e9 como un descanso obligado, llega un momento en el que dije <em>\u201c\u00bfQu\u00e9 est\u00e1 pasando?\u201d<\/em>, porque t\u00fa sabes que a todos nos afect\u00f3 el bolsillo, cuarenta d\u00edas los brincas, pero un mes, dos meses, tres meses y sin entradas, puras salidas. Mi hija ya no iba a la escuela, todos est\u00e1bamos aqu\u00ed, todos com\u00edamos tres veces, cuatro veces al d\u00eda, eran muchos gastos. De repente dije:<em> \u201cTengo que hacer algo\u201d<\/em>, actoralmente no pod\u00eda hacer nada, entonces mi esposa me dice:<em> \u201cFlaco \u00bfPorqu\u00e9 no les das el proyecto de m\u00fasica?\u201d<\/em>, y yo dije <em>\u201cClaro es el momento perfecto\u201d.<\/em><\/p>\n\n\n\n<p>Obviamente para m\u00ed era importante tener gente a mi lado para realizar ese proyecto, porque te soy honesto, yo nunca he estudiado composici\u00f3n y muchas cosas que se requieren para crear m\u00fasica, pero tra\u00eda el proyecto muy claro en mi cabeza. Entonces comienzo con el proyecto y mi idea era s\u00f3lo hacer una canci\u00f3n y esta canci\u00f3n iba dirigida a mis fans de <strong><em>\u201cel drag\u00f3n\u201d<\/em><\/strong>, en ese momento estaba la pandemia y se estaba lanzando la <em>segunda temporada<\/em> en <strong>Netflix <\/strong>y yo les quer\u00eda agradecer de alguna manera, yo nunca hab\u00eda tenido tantos fans.<\/p>\n\n\n\n<p>Y pens\u00e9 que era la mejor manera de darles las gracias, escribi\u00e9ndoles una canci\u00f3n y as\u00ed naci\u00f3 \u201c<strong><em>Ven<\/em><\/strong>\u201d mi primer sencillo, era s\u00faper claro lo que yo quer\u00eda decir y de repente las cosas se fueron dando, no era mi plan y me sorprende decirte que estoy a punto de sacar mi quinto sencillo, mi idea era sacar una canci\u00f3n y cantarla en <strong>Instagram<\/strong>, pero las cosas se dieron solas.<\/p>\n\n\n\n<div class=\"wp-block-image coblocks-animate\"><figure class=\"aligncenter size-large\"><a href=\"https:\/\/i0.wp.com\/zeromagazinemx.wpcomstaging.com\/wp-content\/uploads\/2022\/02\/92d1e-foto-para-contenido-entrevista-con-alex-duran-2.jpg?ssl=1\"><img data-recalc-dims=\"1\" decoding=\"async\" src=\"https:\/\/i0.wp.com\/zeromagazinemx.wpcomstaging.com\/wp-content\/uploads\/2022\/02\/92d1e-foto-para-contenido-entrevista-con-alex-duran-2.jpg?w=1165&#038;ssl=1\" alt=\"\" class=\"wp-image-48168\" \/><\/a><\/figure><\/div>\n\n\n\n\n\n<p><strong>\u00bfQu\u00e9 hay detr\u00e1s del tema \u201cLa receta\u201d?<\/strong><\/p>\n\n\n\n<p>Lo que me encanta de la m\u00fasica es que a trav\u00e9s de estas canciones la gente est\u00e1 conociendo a <strong>Alex Dur\u00e1n<\/strong>, como actor no tienen la oportunidad de conocer a <strong>Alex<\/strong>, conocen a <em>Ishiro <\/em>y en la m\u00fasica se da la oportunidad de conocerme como <strong>Alex Dur\u00e1n<\/strong>. \u201c<strong><em>La receta<\/em><\/strong>\u201d es la historia de amor con mi esposa, porque ella ven\u00eda de una relaci\u00f3n y hab\u00eda prometido no volver a enamorarse, la canci\u00f3n empieza con una estrofa que dice <em>\u201cFui a ver al doctor por un mal de amores y me recet\u00f3 no enamorarme\u201d<\/em>, pero este doctor no es propiamente un doctor, sino que este doctor encierra a los amigos, a las borracheras que te pones con tus cuates, esa es la idea del doctor que disfrutes y veas la vida de otra manera.<\/p>\n\n\n\n<p>En una ocasi\u00f3n nos juntamos <strong>Kalimba, \u00d3scar Calder\u00f3n<\/strong> y yo, en el estudio de <strong>\u00d3scar<\/strong>, nos sentamos a platicar y les dec\u00eda que yo ya tra\u00eda esa idea, quer\u00eda contar la historia de una persona que sufre el mal de amores y que decide ya no enamorarse, pero la decisi\u00f3n no es de uno, porque al final de cuentas el destino ya tiene todo arreglado y de eso va la receta. Eso fue lo que paso con nuestra historia de amor, mi esposa ven\u00eda con la idea de <em>\u201cYa no me voy a enamorar\u201d<\/em>, nosotros nos conocimos en un antro, el antro menos esperado, yo no s\u00e9 c\u00f3mo llegamos ah\u00ed, fuimos por coincidencia, yo nunca eleg\u00ed ir ah\u00ed y ella tampoco, pero el destino ya lo ten\u00eda preparado.<\/p>\n\n\n\n<p>La verdad es que \u201c<strong><em>La receta<\/em><\/strong>\u201d me encanta, es una gran canci\u00f3n, es una gran historia de amor, esta muy sabrosa la canci\u00f3n a m\u00ed me gusta mucho. Y lo mejor es que ya viene el videoclip.<\/p>\n\n\n\n<p><strong>\u00bfTe gustar\u00eda realizar una colaboraci\u00f3n con Kalimba?<\/strong><br><br>De hecho tenemos una canci\u00f3n producida, pero est\u00e1 en tr\u00e1mites con <strong>Universal Music<\/strong>, es todo un tema porque no es tan f\u00e1cil como decir <em>\u201cVamos a grabar una canci\u00f3n\u201d<\/em>, el problema es que <strong>Kalimba <\/strong>va a sacar su nuevo material, nosotros grabamos nuestra canci\u00f3n y la mandamos a <strong>Universal Music<\/strong>, pero nos dijeron <em>\u201cNo sean gachos, esp\u00e9rense tantito, dejen que salga el proyecto de <strong>Kalimba <\/strong>y el siguiente a\u00f1o aventamos esta canci\u00f3n\u201d<\/em>.&nbsp;<\/p>\n\n\n\n<p>Pero s\u00ed la tenemos, porque mucha gente me dice <em>\u201cOye ya firmaste con <strong>Kalimba <\/strong>y no has sacado una canci\u00f3n\u201d<\/em>, pero les doy la misma respuesta.<\/p>\n\n\n\n<p><strong>\u00bfC\u00f3mo fue realizar esta colaboraci\u00f3n con \u00d3scar Calder\u00f3n?<\/strong><br><br>Est\u00e1bamos en el estudio y <strong>\u00d3scar <\/strong>comenz\u00f3 a cantar una parte de la rola y yo pens\u00e9 <em>\u201cEsta canci\u00f3n la tiene que cantar tambi\u00e9n \u00e9l\u201d<\/em>, la verdad es que es un gran artista, tiene una voz incre\u00edble y creo que la mezcla de las voces es muy buena.&nbsp;<\/p>\n\n\n\n<div class=\"wp-block-image coblocks-animate\"><figure class=\"aligncenter size-large\"><a href=\"https:\/\/i0.wp.com\/zeromagazinemx.wpcomstaging.com\/wp-content\/uploads\/2022\/02\/223f6-foto-para-contenido-entrevista-con-alex-duran-3.jpg?ssl=1\"><img data-recalc-dims=\"1\" decoding=\"async\" src=\"https:\/\/i0.wp.com\/zeromagazinemx.wpcomstaging.com\/wp-content\/uploads\/2022\/02\/223f6-foto-para-contenido-entrevista-con-alex-duran-3.jpg?w=1165&#038;ssl=1\" alt=\"\" class=\"wp-image-48169\" \/><\/a><\/figure><\/div>\n\n\n\n\n\n<p><strong>\u00bfTe gustar\u00eda seguir produciendo m\u00fasica o piensas enfocarte m\u00e1s en la actuaci\u00f3n?<\/strong><br><br>Totalmente, yo no voy a dejar de actuar ni hoy ni nunca, yo amo actuar y me encanta actuar, la m\u00fasica fue algo emergente, pero eso emergente se volvi\u00f3 parte de mi vida, yo no puedo negar que ya voy a dejar la m\u00fasica, la m\u00fasica ya ser\u00e1 parte de <strong>Alex<\/strong>. Tengo la idea de seguir produciendo canciones, la m\u00fasica lleg\u00f3 a mi vida y tampoco le puedo decir que no, ser\u00eda muy ego\u00edsta tambi\u00e9n de mi parte si se est\u00e1n dando bien las cosas, ahorita ya estamos hablando de fechas para ir a cantar a Estados Unidos, son cosas que nunca pens\u00e9, pero a la par estamos haciendo la actuaci\u00f3n, tambi\u00e9n se habl\u00f3 de una serie musical donde quer\u00edan que yo fuera uno de los protagonistas, esta super chido poder mezclas las dos cosas.<\/p>\n\n\n\n<p>Mi siguiente sencillo que voy a sacar despu\u00e9s de \u201c<strong><em>La receta<\/em><\/strong>\u201d sale en julio, es un sencillo que escrib\u00ed <strong><em>al drag\u00f3n<\/em><\/strong>, que escribir a <em>Ishiro<\/em>, es como si la cantara <em>Ishiro <\/em>y es una canci\u00f3n que voy a sincronizar con el final de la segunda temporada en <strong>Televisa<\/strong>. Esa es la estrategia, hacer un tributo a <em>Ishiro <\/em>y s\u00e9 que la gente se va a volver loca porque estamos haciendo un gran proyecto con esta canci\u00f3n que se llama \u201c<strong><em>C\u00f3mo le hago<\/em><\/strong>\u201d.<\/p>\n\n\n\n<p><strong>\u00bfTe gustar\u00eda agregar algo m\u00e1s?<\/strong><\/p>\n\n\n\n<p>Agradecerte e invitar a toda la gente a que no se pierda la <em>segunda temporada<\/em> de <strong><em>\u201cEl drag\u00f3n\u201d<\/em><\/strong>, de lunes a viernes 9:30 de la noche, se esta poniendo buen\u00edsima y falta un mes para que se termine, as\u00ed que no se la pueden perder.<\/p>\n\n\n\n<p>Respecto a la m\u00fasica, que me den la oportunidad de desprenderlos, dense una vuelta por<strong> Spotify<\/strong>, s\u00edganme en mis redes sociales, vean los videoclips que hicimos para ustedes, lo hicimos con mucho cari\u00f1o y muchas gracias, que Dios los Bendiga.<\/p>\n\n\n\n<p class=\"has-text-align-center\"><strong>Antes de irte recuerda escuchar el nuevo sencillo de Alex Dur\u00e1n \u201cLa receta\u201d, aqu\u00ed te la compartimos.<\/strong><\/p>\n\n\n\n<figure class=\"wp-block-embed aligncenter is-type-video is-provider-youtube wp-block-embed-youtube wp-embed-aspect-4-3 wp-has-aspect-ratio\"><div class=\"wp-block-embed__wrapper\">\n<div class=\"post-video\"><iframe title=\"La Receta\" width=\"1165\" height=\"874\" src=\"https:\/\/www.youtube.com\/embed\/cJ85lQnIqnE?feature=oembed\" frameborder=\"0\" allow=\"accelerometer; autoplay; clipboard-write; encrypted-media; gyroscope; picture-in-picture; web-share\" allowfullscreen><\/iframe><\/div>\n<\/div><\/figure>\n\n\n<!--themify_builder_content-->\n<div id=\"themify_builder_content-48154\" data-postid=\"48154\" class=\"themify_builder_content themify_builder_content-48154 themify_builder tf_clear\">\n    <\/div>\n<!--\/themify_builder_content-->\n","protected":false},"excerpt":{"rendered":"<p>El entorno del espect\u00e1culo sigue en movimiento, Alex Dur\u00e1n es el ejemplo de c\u00f3mo se puede optimizar el tiempo durante el periodo que dur\u00f3 la cuarentena, el actor y cantante recientemente tuvo una participaci\u00f3n muy importante en la serie de Netflix \u201cEl drag\u00f3n\u201d, d\u00e1ndole vida al personaje de Ishiro Tanaka. Alex nos platic\u00f3 sobre la [&hellip;]<\/p>\n","protected":false},"author":2,"featured_media":48165,"comment_status":"open","ping_status":"open","sticky":false,"template":"","format":"standard","meta":{"_jetpack_memberships_contains_paid_content":false,"footnotes":"","jetpack_publicize_message":"#Entrevista | Tuvimos una gran y maravillosa pl\u00e1tica con Alex Dur\u00e1n, quien nos habla de la serie de Netflix #ElDrag\u00f3n y su m\u00e1s reciente sencillo #LaReceta","jetpack_publicize_feature_enabled":true,"jetpack_social_post_already_shared":true,"jetpack_social_options":{"image_generator_settings":{"template":"highway","default_image_id":0,"font":"","enabled":false},"version":2}},"categories":[117,91],"tags":[1267,277,1269,285,329,1270,1271,1272,1273,1274,1275,1276,1277,1268,1279,360,1278,1280,313,1281,1282,1283],"class_list":["post-48154","post","type-post","status-publish","format-standard","has-post-thumbnail","hentry","category-entretenimiento","category-entrevistas","tag-alex-duran","tag-amar-a-muerte","tag-como-le-hago","tag-el-dragon","tag-entrevista","tag-instagram","tag-ishiro-tanaka","tag-kalimba","tag-la-bella-y-las-bestias","tag-la-receta","tag-las-buchonas","tag-lemon-films","tag-michel-duval","tag-oscar-calderon","tag-sebastian-rulli","tag-sencillo","tag-senorita-polvora","tag-series","tag-televisa","tag-universal-music","tag-ven","tag-w-studios","has-post-title","has-post-date","has-post-category","has-post-tag","has-post-comment","has-post-author",""],"yoast_head":"<!-- This site is optimized with the Yoast SEO plugin v27.4 - https:\/\/yoast.com\/product\/yoast-seo-wordpress\/ -->\n<title>Entrevista con Alex Dur\u00e1n - Zero Magazine<\/title>\n<meta name=\"robots\" content=\"index, follow, max-snippet:-1, max-image-preview:large, max-video-preview:-1\" \/>\n<link rel=\"canonical\" href=\"https:\/\/zeromagazine.mx\/index.php\/2021\/06\/18\/entrevista-con-alex-duran\/\" \/>\n<meta property=\"og:locale\" content=\"es_ES\" \/>\n<meta property=\"og:type\" content=\"article\" \/>\n<meta property=\"og:title\" content=\"Entrevista con Alex Dur\u00e1n - Zero Magazine\" \/>\n<meta property=\"og:description\" content=\"El entorno del espect\u00e1culo sigue en movimiento, Alex Dur\u00e1n es el ejemplo de c\u00f3mo se puede optimizar el tiempo durante el periodo que dur\u00f3 la cuarentena, el actor y cantante recientemente tuvo una participaci\u00f3n muy importante en la serie de Netflix \u201cEl drag\u00f3n\u201d, d\u00e1ndole vida al personaje de Ishiro Tanaka. Alex nos platic\u00f3 sobre la [&hellip;]\" \/>\n<meta property=\"og:url\" content=\"https:\/\/zeromagazine.mx\/index.php\/2021\/06\/18\/entrevista-con-alex-duran\/\" \/>\n<meta property=\"og:site_name\" content=\"Zero Magazine\" \/>\n<meta property=\"article:published_time\" content=\"2021-06-18T16:00:00+00:00\" \/>\n<meta name=\"author\" content=\"zeromagazinemx\" \/>\n<meta name=\"twitter:card\" content=\"summary_large_image\" \/>\n<meta name=\"twitter:label1\" content=\"Escrito por\" \/>\n\t<meta name=\"twitter:data1\" content=\"zeromagazinemx\" \/>\n\t<meta name=\"twitter:label2\" content=\"Tiempo de lectura\" \/>\n\t<meta name=\"twitter:data2\" content=\"17 minutos\" \/>\n<script type=\"application\/ld+json\" class=\"yoast-schema-graph\">{\"@context\":\"https:\\\/\\\/schema.org\",\"@graph\":[{\"@type\":\"Article\",\"@id\":\"https:\\\/\\\/zeromagazine.mx\\\/index.php\\\/2021\\\/06\\\/18\\\/entrevista-con-alex-duran\\\/#article\",\"isPartOf\":{\"@id\":\"https:\\\/\\\/zeromagazine.mx\\\/index.php\\\/2021\\\/06\\\/18\\\/entrevista-con-alex-duran\\\/\"},\"author\":{\"name\":\"zeromagazinemx\",\"@id\":\"https:\\\/\\\/zeromagazine.mx\\\/#\\\/schema\\\/person\\\/9aed9f33a7c39af3a348b86d723f7773\"},\"headline\":\"Entrevista con Alex Dur\u00e1n\",\"datePublished\":\"2021-06-18T16:00:00+00:00\",\"mainEntityOfPage\":{\"@id\":\"https:\\\/\\\/zeromagazine.mx\\\/index.php\\\/2021\\\/06\\\/18\\\/entrevista-con-alex-duran\\\/\"},\"wordCount\":3439,\"commentCount\":0,\"publisher\":{\"@id\":\"https:\\\/\\\/zeromagazine.mx\\\/#organization\"},\"image\":{\"@id\":\"https:\\\/\\\/zeromagazine.mx\\\/index.php\\\/2021\\\/06\\\/18\\\/entrevista-con-alex-duran\\\/#primaryimage\"},\"thumbnailUrl\":\"\",\"keywords\":[\"Alex Dur\u00e1n\",\"Amar a muerte\",\"C\u00f3mo le hago\",\"El Drag\u00f3n\",\"Entrevista\",\"Instagram\",\"Ishiro Tanaka\",\"Kalimba\",\"La bella y las bestias\",\"La receta\",\"Las buchonas\",\"Lemon films\",\"Michel Duval\",\"\u00d3scar Calder\u00f3n\",\"Sebasti\u00e1n Rulli\",\"Sencillo\",\"Se\u00f1orita p\u00f3lvora\",\"Series\",\"televisa\",\"Universal Music\",\"Ven\",\"W studios\"],\"articleSection\":[\"Entretenimiento\",\"Entrevistas\"],\"inLanguage\":\"es\",\"potentialAction\":[{\"@type\":\"CommentAction\",\"name\":\"Comment\",\"target\":[\"https:\\\/\\\/zeromagazine.mx\\\/index.php\\\/2021\\\/06\\\/18\\\/entrevista-con-alex-duran\\\/#respond\"]}]},{\"@type\":\"WebPage\",\"@id\":\"https:\\\/\\\/zeromagazine.mx\\\/index.php\\\/2021\\\/06\\\/18\\\/entrevista-con-alex-duran\\\/\",\"url\":\"https:\\\/\\\/zeromagazine.mx\\\/index.php\\\/2021\\\/06\\\/18\\\/entrevista-con-alex-duran\\\/\",\"name\":\"Entrevista con Alex Dur\u00e1n - Zero Magazine\",\"isPartOf\":{\"@id\":\"https:\\\/\\\/zeromagazine.mx\\\/#website\"},\"primaryImageOfPage\":{\"@id\":\"https:\\\/\\\/zeromagazine.mx\\\/index.php\\\/2021\\\/06\\\/18\\\/entrevista-con-alex-duran\\\/#primaryimage\"},\"image\":{\"@id\":\"https:\\\/\\\/zeromagazine.mx\\\/index.php\\\/2021\\\/06\\\/18\\\/entrevista-con-alex-duran\\\/#primaryimage\"},\"thumbnailUrl\":\"\",\"datePublished\":\"2021-06-18T16:00:00+00:00\",\"breadcrumb\":{\"@id\":\"https:\\\/\\\/zeromagazine.mx\\\/index.php\\\/2021\\\/06\\\/18\\\/entrevista-con-alex-duran\\\/#breadcrumb\"},\"inLanguage\":\"es\",\"potentialAction\":[{\"@type\":\"ReadAction\",\"target\":[\"https:\\\/\\\/zeromagazine.mx\\\/index.php\\\/2021\\\/06\\\/18\\\/entrevista-con-alex-duran\\\/\"]}]},{\"@type\":\"ImageObject\",\"inLanguage\":\"es\",\"@id\":\"https:\\\/\\\/zeromagazine.mx\\\/index.php\\\/2021\\\/06\\\/18\\\/entrevista-con-alex-duran\\\/#primaryimage\",\"url\":\"\",\"contentUrl\":\"\"},{\"@type\":\"BreadcrumbList\",\"@id\":\"https:\\\/\\\/zeromagazine.mx\\\/index.php\\\/2021\\\/06\\\/18\\\/entrevista-con-alex-duran\\\/#breadcrumb\",\"itemListElement\":[{\"@type\":\"ListItem\",\"position\":1,\"name\":\"Portada\",\"item\":\"https:\\\/\\\/zeromagazine.mx\\\/\"},{\"@type\":\"ListItem\",\"position\":2,\"name\":\"Entrevista con Alex Dur\u00e1n\"}]},{\"@type\":\"WebSite\",\"@id\":\"https:\\\/\\\/zeromagazine.mx\\\/#website\",\"url\":\"https:\\\/\\\/zeromagazine.mx\\\/\",\"name\":\"Zero Magazine\",\"description\":\"\",\"publisher\":{\"@id\":\"https:\\\/\\\/zeromagazine.mx\\\/#organization\"},\"potentialAction\":[{\"@type\":\"SearchAction\",\"target\":{\"@type\":\"EntryPoint\",\"urlTemplate\":\"https:\\\/\\\/zeromagazine.mx\\\/?s={search_term_string}\"},\"query-input\":{\"@type\":\"PropertyValueSpecification\",\"valueRequired\":true,\"valueName\":\"search_term_string\"}}],\"inLanguage\":\"es\"},{\"@type\":\"Organization\",\"@id\":\"https:\\\/\\\/zeromagazine.mx\\\/#organization\",\"name\":\"Zero Magazine\",\"url\":\"https:\\\/\\\/zeromagazine.mx\\\/\",\"logo\":{\"@type\":\"ImageObject\",\"inLanguage\":\"es\",\"@id\":\"https:\\\/\\\/zeromagazine.mx\\\/#\\\/schema\\\/logo\\\/image\\\/\",\"url\":\"https:\\\/\\\/i0.wp.com\\\/zeromagazine.mx\\\/wp-content\\\/uploads\\\/2025\\\/11\\\/1.jpeg?fit=1000%2C1000&ssl=1\",\"contentUrl\":\"https:\\\/\\\/i0.wp.com\\\/zeromagazine.mx\\\/wp-content\\\/uploads\\\/2025\\\/11\\\/1.jpeg?fit=1000%2C1000&ssl=1\",\"width\":1000,\"height\":1000,\"caption\":\"Zero Magazine\"},\"image\":{\"@id\":\"https:\\\/\\\/zeromagazine.mx\\\/#\\\/schema\\\/logo\\\/image\\\/\"},\"sameAs\":[\"https:\\\/\\\/instagram.com\\\/zeromagazinemx\"]},{\"@type\":\"Person\",\"@id\":\"https:\\\/\\\/zeromagazine.mx\\\/#\\\/schema\\\/person\\\/9aed9f33a7c39af3a348b86d723f7773\",\"name\":\"zeromagazinemx\",\"image\":{\"@type\":\"ImageObject\",\"inLanguage\":\"es\",\"@id\":\"https:\\\/\\\/zeromagazine.mx\\\/wp-content\\\/litespeed\\\/avatar\\\/f91dfe5410d5dcb1a576bf8c45983896.jpg?ver=1776966396\",\"url\":\"https:\\\/\\\/zeromagazine.mx\\\/wp-content\\\/litespeed\\\/avatar\\\/f91dfe5410d5dcb1a576bf8c45983896.jpg?ver=1776966396\",\"contentUrl\":\"https:\\\/\\\/zeromagazine.mx\\\/wp-content\\\/litespeed\\\/avatar\\\/f91dfe5410d5dcb1a576bf8c45983896.jpg?ver=1776966396\",\"caption\":\"zeromagazinemx\"},\"url\":\"https:\\\/\\\/zeromagazine.mx\\\/index.php\\\/author\\\/zeromagazinemx\\\/\"}]}<\/script>\n<!-- \/ Yoast SEO plugin. -->","yoast_head_json":{"title":"Entrevista con Alex Dur\u00e1n - Zero Magazine","robots":{"index":"index","follow":"follow","max-snippet":"max-snippet:-1","max-image-preview":"max-image-preview:large","max-video-preview":"max-video-preview:-1"},"canonical":"https:\/\/zeromagazine.mx\/index.php\/2021\/06\/18\/entrevista-con-alex-duran\/","og_locale":"es_ES","og_type":"article","og_title":"Entrevista con Alex Dur\u00e1n - Zero Magazine","og_description":"El entorno del espect\u00e1culo sigue en movimiento, Alex Dur\u00e1n es el ejemplo de c\u00f3mo se puede optimizar el tiempo durante el periodo que dur\u00f3 la cuarentena, el actor y cantante recientemente tuvo una participaci\u00f3n muy importante en la serie de Netflix \u201cEl drag\u00f3n\u201d, d\u00e1ndole vida al personaje de Ishiro Tanaka. Alex nos platic\u00f3 sobre la [&hellip;]","og_url":"https:\/\/zeromagazine.mx\/index.php\/2021\/06\/18\/entrevista-con-alex-duran\/","og_site_name":"Zero Magazine","article_published_time":"2021-06-18T16:00:00+00:00","author":"zeromagazinemx","twitter_card":"summary_large_image","twitter_misc":{"Escrito por":"zeromagazinemx","Tiempo de lectura":"17 minutos"},"schema":{"@context":"https:\/\/schema.org","@graph":[{"@type":"Article","@id":"https:\/\/zeromagazine.mx\/index.php\/2021\/06\/18\/entrevista-con-alex-duran\/#article","isPartOf":{"@id":"https:\/\/zeromagazine.mx\/index.php\/2021\/06\/18\/entrevista-con-alex-duran\/"},"author":{"name":"zeromagazinemx","@id":"https:\/\/zeromagazine.mx\/#\/schema\/person\/9aed9f33a7c39af3a348b86d723f7773"},"headline":"Entrevista con Alex Dur\u00e1n","datePublished":"2021-06-18T16:00:00+00:00","mainEntityOfPage":{"@id":"https:\/\/zeromagazine.mx\/index.php\/2021\/06\/18\/entrevista-con-alex-duran\/"},"wordCount":3439,"commentCount":0,"publisher":{"@id":"https:\/\/zeromagazine.mx\/#organization"},"image":{"@id":"https:\/\/zeromagazine.mx\/index.php\/2021\/06\/18\/entrevista-con-alex-duran\/#primaryimage"},"thumbnailUrl":"","keywords":["Alex Dur\u00e1n","Amar a muerte","C\u00f3mo le hago","El Drag\u00f3n","Entrevista","Instagram","Ishiro Tanaka","Kalimba","La bella y las bestias","La receta","Las buchonas","Lemon films","Michel Duval","\u00d3scar Calder\u00f3n","Sebasti\u00e1n Rulli","Sencillo","Se\u00f1orita p\u00f3lvora","Series","televisa","Universal Music","Ven","W studios"],"articleSection":["Entretenimiento","Entrevistas"],"inLanguage":"es","potentialAction":[{"@type":"CommentAction","name":"Comment","target":["https:\/\/zeromagazine.mx\/index.php\/2021\/06\/18\/entrevista-con-alex-duran\/#respond"]}]},{"@type":"WebPage","@id":"https:\/\/zeromagazine.mx\/index.php\/2021\/06\/18\/entrevista-con-alex-duran\/","url":"https:\/\/zeromagazine.mx\/index.php\/2021\/06\/18\/entrevista-con-alex-duran\/","name":"Entrevista con Alex Dur\u00e1n - Zero Magazine","isPartOf":{"@id":"https:\/\/zeromagazine.mx\/#website"},"primaryImageOfPage":{"@id":"https:\/\/zeromagazine.mx\/index.php\/2021\/06\/18\/entrevista-con-alex-duran\/#primaryimage"},"image":{"@id":"https:\/\/zeromagazine.mx\/index.php\/2021\/06\/18\/entrevista-con-alex-duran\/#primaryimage"},"thumbnailUrl":"","datePublished":"2021-06-18T16:00:00+00:00","breadcrumb":{"@id":"https:\/\/zeromagazine.mx\/index.php\/2021\/06\/18\/entrevista-con-alex-duran\/#breadcrumb"},"inLanguage":"es","potentialAction":[{"@type":"ReadAction","target":["https:\/\/zeromagazine.mx\/index.php\/2021\/06\/18\/entrevista-con-alex-duran\/"]}]},{"@type":"ImageObject","inLanguage":"es","@id":"https:\/\/zeromagazine.mx\/index.php\/2021\/06\/18\/entrevista-con-alex-duran\/#primaryimage","url":"","contentUrl":""},{"@type":"BreadcrumbList","@id":"https:\/\/zeromagazine.mx\/index.php\/2021\/06\/18\/entrevista-con-alex-duran\/#breadcrumb","itemListElement":[{"@type":"ListItem","position":1,"name":"Portada","item":"https:\/\/zeromagazine.mx\/"},{"@type":"ListItem","position":2,"name":"Entrevista con Alex Dur\u00e1n"}]},{"@type":"WebSite","@id":"https:\/\/zeromagazine.mx\/#website","url":"https:\/\/zeromagazine.mx\/","name":"Zero Magazine","description":"","publisher":{"@id":"https:\/\/zeromagazine.mx\/#organization"},"potentialAction":[{"@type":"SearchAction","target":{"@type":"EntryPoint","urlTemplate":"https:\/\/zeromagazine.mx\/?s={search_term_string}"},"query-input":{"@type":"PropertyValueSpecification","valueRequired":true,"valueName":"search_term_string"}}],"inLanguage":"es"},{"@type":"Organization","@id":"https:\/\/zeromagazine.mx\/#organization","name":"Zero Magazine","url":"https:\/\/zeromagazine.mx\/","logo":{"@type":"ImageObject","inLanguage":"es","@id":"https:\/\/zeromagazine.mx\/#\/schema\/logo\/image\/","url":"https:\/\/i0.wp.com\/zeromagazine.mx\/wp-content\/uploads\/2025\/11\/1.jpeg?fit=1000%2C1000&ssl=1","contentUrl":"https:\/\/i0.wp.com\/zeromagazine.mx\/wp-content\/uploads\/2025\/11\/1.jpeg?fit=1000%2C1000&ssl=1","width":1000,"height":1000,"caption":"Zero Magazine"},"image":{"@id":"https:\/\/zeromagazine.mx\/#\/schema\/logo\/image\/"},"sameAs":["https:\/\/instagram.com\/zeromagazinemx"]},{"@type":"Person","@id":"https:\/\/zeromagazine.mx\/#\/schema\/person\/9aed9f33a7c39af3a348b86d723f7773","name":"zeromagazinemx","image":{"@type":"ImageObject","inLanguage":"es","@id":"https:\/\/zeromagazine.mx\/wp-content\/litespeed\/avatar\/f91dfe5410d5dcb1a576bf8c45983896.jpg?ver=1776966396","url":"https:\/\/zeromagazine.mx\/wp-content\/litespeed\/avatar\/f91dfe5410d5dcb1a576bf8c45983896.jpg?ver=1776966396","contentUrl":"https:\/\/zeromagazine.mx\/wp-content\/litespeed\/avatar\/f91dfe5410d5dcb1a576bf8c45983896.jpg?ver=1776966396","caption":"zeromagazinemx"},"url":"https:\/\/zeromagazine.mx\/index.php\/author\/zeromagazinemx\/"}]}},"jetpack_publicize_connections":[],"jetpack_featured_media_url":"","jetpack-related-posts":[{"id":52817,"url":"https:\/\/zeromagazine.mx\/index.php\/2021\/08\/23\/entrevista-a-8cho\/","url_meta":{"origin":48154,"position":0},"title":"ENTREVISTA A 8cho","author":"zeromagazinemx","date":"23 de agosto de 2021","format":false,"excerpt":"El italiano venezolano 8cho nos trae su nuevo sencillo \u201cGanas\u201d a lado de Alex Roy. POR GABRIELA H. DELGADILLO \u00bfDe d\u00f3nde nace 8cho? Mi nombre 8cho nace porque el 8 tambi\u00e9n es el signo del infinito yo lo relaciono a la m\u00fasica, porque es lo que me gusta hacer y\u2026","rel":"","context":"En \u00abEntretenimiento\u00bb","block_context":{"text":"Entretenimiento","link":"https:\/\/zeromagazine.mx\/index.php\/category\/entretenimiento\/"},"img":{"alt_text":"","src":"","width":0,"height":0},"classes":[]},{"id":77733,"url":"https:\/\/zeromagazine.mx\/index.php\/2024\/06\/12\/alexa-moreno-un-triunfo-historico-y-un-impulso-renovado-para-la-autoestima\/","url_meta":{"origin":48154,"position":1},"title":"Alexa Moreno: Un triunfo hist\u00f3rico y un impulso renovado para la autoestima","author":"David Morales","date":"12 de junio de 2024","format":false,"excerpt":"Ya escucharon la \u00faltima noticia sobre nuestra incre\u00edble Alexa Moreno? \u00bfNo? Pues d\u00e9jenme contarles que nuestra querida gimnasta mexicana ha vuelto a hacer historia, \u00a1s\u00ed, otra vez! En el primer d\u00eda de la Copa del Mundo de Gimnasia en Eslovenia, se colg\u00f3 la medalla de oro. \u00bfSe dan cuenta? \u00a1Es\u2026","rel":"","context":"En \u00abBlog\u00bb","block_context":{"text":"Blog","link":"https:\/\/zeromagazine.mx\/index.php\/category\/blog\/"},"img":{"alt_text":"","src":"https:\/\/i0.wp.com\/zeromagazine.mx\/wp-content\/uploads\/2024\/06\/Alexa-Moreno-Nair-1.png?fit=1200%2C794&ssl=1&resize=350%2C200","width":350,"height":200,"srcset":"https:\/\/i0.wp.com\/zeromagazine.mx\/wp-content\/uploads\/2024\/06\/Alexa-Moreno-Nair-1.png?fit=1200%2C794&ssl=1&resize=350%2C200 1x, https:\/\/i0.wp.com\/zeromagazine.mx\/wp-content\/uploads\/2024\/06\/Alexa-Moreno-Nair-1.png?fit=1200%2C794&ssl=1&resize=525%2C300 1.5x, https:\/\/i0.wp.com\/zeromagazine.mx\/wp-content\/uploads\/2024\/06\/Alexa-Moreno-Nair-1.png?fit=1200%2C794&ssl=1&resize=700%2C400 2x, https:\/\/i0.wp.com\/zeromagazine.mx\/wp-content\/uploads\/2024\/06\/Alexa-Moreno-Nair-1.png?fit=1200%2C794&ssl=1&resize=1050%2C600 3x"},"classes":[]},{"id":52529,"url":"https:\/\/zeromagazine.mx\/index.php\/2021\/08\/20\/entrevista-a-alex-rodriguez\/","url_meta":{"origin":48154,"position":2},"title":"Entrevista a Alex Rodr\u00edguez","author":"zeromagazinemx","date":"20 de agosto de 2021","format":false,"excerpt":"\u00c9l es Alex Rodr\u00edguez, periodista y conductor de espect\u00e1culos de origen espa\u00f1ol, a lo largo de su carrera ha presenciado momentos hist\u00f3ricos como la Coronaci\u00f3n Real de los reyes de Espa\u00f1a y los atentados terroristas de Par\u00eds y B\u00e9lgica, Alex es reconocido en el medio del entretenimiento por las exclusivas\u2026","rel":"","context":"En \u00abEntretenimiento\u00bb","block_context":{"text":"Entretenimiento","link":"https:\/\/zeromagazine.mx\/index.php\/category\/entretenimiento\/"},"img":{"alt_text":"","src":"","width":0,"height":0},"classes":[]},{"id":57947,"url":"https:\/\/zeromagazine.mx\/index.php\/2021\/11\/12\/entrevista-a-millen\/","url_meta":{"origin":48154,"position":3},"title":"Entrevista a Millen","author":"zeromagazinemx","date":"12 de noviembre de 2021","format":false,"excerpt":"Millen estrena su m\u00e1s reciente sencillo \u201cVamos juntos a volar\u201d. Platicamos con esta banda de Guadalajara integrada por John, Alex y Gerardo y nos contaron sobre c\u00f3mo naci\u00f3 esta canci\u00f3n y el mensaje que quer\u00edan hacernos llegar a trav\u00e9s de ella. Te invitamos a leer toda la entrevista. Por Mateo\u2026","rel":"","context":"En \u00abEntretenimiento\u00bb","block_context":{"text":"Entretenimiento","link":"https:\/\/zeromagazine.mx\/index.php\/category\/entretenimiento\/"},"img":{"alt_text":"","src":"","width":0,"height":0},"classes":[]},{"id":73964,"url":"https:\/\/zeromagazine.mx\/index.php\/2024\/04\/13\/alex-luna-de-aficionado-a-narrador\/","url_meta":{"origin":48154,"position":4},"title":"Alex Luna: De Aficionado a Narrador.","author":"David Morales","date":"13 de abril de 2024","format":false,"excerpt":"Desde los campos de f\u00fatbol de su infancia hasta las cabinas de transmisi\u00f3n de los eventos deportivos m\u00e1s emocionantes, Alex Luna ha recorrido un camino vibrante y lleno de pasi\u00f3n hacia su carrera en el periodismo deportivo. En esta entrevista exclusiva, Luna comparte su viaje desde sus primeros d\u00edas como\u2026","rel":"","context":"En \u00abBlog\u00bb","block_context":{"text":"Blog","link":"https:\/\/zeromagazine.mx\/index.php\/category\/blog\/"},"img":{"alt_text":"","src":"https:\/\/i0.wp.com\/zeromagazine.mx\/wp-content\/uploads\/2024\/04\/image2.jpeg?fit=789%2C1024&ssl=1&resize=350%2C200","width":350,"height":200,"srcset":"https:\/\/i0.wp.com\/zeromagazine.mx\/wp-content\/uploads\/2024\/04\/image2.jpeg?fit=789%2C1024&ssl=1&resize=350%2C200 1x, https:\/\/i0.wp.com\/zeromagazine.mx\/wp-content\/uploads\/2024\/04\/image2.jpeg?fit=789%2C1024&ssl=1&resize=525%2C300 1.5x, https:\/\/i0.wp.com\/zeromagazine.mx\/wp-content\/uploads\/2024\/04\/image2.jpeg?fit=789%2C1024&ssl=1&resize=700%2C400 2x"},"classes":[]},{"id":58322,"url":"https:\/\/zeromagazine.mx\/index.php\/2021\/11\/16\/alexa-kusulas-rebelde-y-sofisticada\/","url_meta":{"origin":48154,"position":5},"title":"Alexa Kusulas: \u201cRebelde y Sofisticada\u201d","author":"zeromagazinemx","date":"16 de noviembre de 2021","format":false,"excerpt":"Sin duda alguna, M\u00e9xico cuenta con muchos talentos dentro de la industria de la moda, con diferentes propuestas, estilos e ideas, en esta ocasi\u00f3n tuve la oportunidad de platicar con una de las 7 dise\u00f1adoras que participaron en la edici\u00f3n m\u00e1s reciente de New York Fashion Week. https:\/\/www.instagram.com\/p\/CJyjgE7hI8c\/?utm_medium=copy_link Por Luis\u2026","rel":"","context":"En \u00abLifestyle\u00bb","block_context":{"text":"Lifestyle","link":"https:\/\/zeromagazine.mx\/index.php\/category\/lifestyle\/"},"img":{"alt_text":"","src":"https:\/\/i0.wp.com\/zeromagazine.mx\/wp-content\/uploads\/2021\/11\/f312a-alexa_kusulas.jpg?fit=410%2C512&ssl=1&resize=350%2C200","width":350,"height":200},"classes":[]}],"jetpack_sharing_enabled":true,"builder_content":"","_links":{"self":[{"href":"https:\/\/zeromagazine.mx\/index.php\/wp-json\/wp\/v2\/posts\/48154","targetHints":{"allow":["GET"]}}],"collection":[{"href":"https:\/\/zeromagazine.mx\/index.php\/wp-json\/wp\/v2\/posts"}],"about":[{"href":"https:\/\/zeromagazine.mx\/index.php\/wp-json\/wp\/v2\/types\/post"}],"author":[{"embeddable":true,"href":"https:\/\/zeromagazine.mx\/index.php\/wp-json\/wp\/v2\/users\/2"}],"replies":[{"embeddable":true,"href":"https:\/\/zeromagazine.mx\/index.php\/wp-json\/wp\/v2\/comments?post=48154"}],"version-history":[{"count":0,"href":"https:\/\/zeromagazine.mx\/index.php\/wp-json\/wp\/v2\/posts\/48154\/revisions"}],"wp:featuredmedia":[{"embeddable":true,"href":"https:\/\/zeromagazine.mx\/index.php\/wp-json\/"}],"wp:attachment":[{"href":"https:\/\/zeromagazine.mx\/index.php\/wp-json\/wp\/v2\/media?parent=48154"}],"wp:term":[{"taxonomy":"category","embeddable":true,"href":"https:\/\/zeromagazine.mx\/index.php\/wp-json\/wp\/v2\/categories?post=48154"},{"taxonomy":"post_tag","embeddable":true,"href":"https:\/\/zeromagazine.mx\/index.php\/wp-json\/wp\/v2\/tags?post=48154"}],"curies":[{"name":"wp","href":"https:\/\/api.w.org\/{rel}","templated":true}]}}