{"id":48776,"date":"2021-06-25T12:00:00","date_gmt":"2021-06-25T17:00:00","guid":{"rendered":"https:\/\/atomic-temporary-84115225.wpcomstaging.com\/?p=48776"},"modified":"2021-06-25T12:00:00","modified_gmt":"2021-06-25T17:00:00","slug":"entrevista-a-numa","status":"publish","type":"post","link":"https:\/\/zeromagazine.mx\/index.php\/2021\/06\/25\/entrevista-a-numa\/","title":{"rendered":"Entrevista a Numa"},"content":{"rendered":"\n<p><strong>Numa <\/strong>es un productor y DJ Europeo, Co-Fundador de <strong>Numa Shourai Productions<\/strong>, productora que se enfoca a promover artistas no importando su origen geogr\u00e1fico con los que han realizado canciones en Ingl\u00e9s, franc\u00e9s, alem\u00e1n y suajil (lengua africana). Futuros proyectos de <strong>Numa <\/strong>se enfocan a canciones en Espa\u00f1ol y Portugu\u00e9s por lo que este grandioso DJ llega a M\u00e9xico y Latino Am\u00e9rica con su arte y con su m\u00e1s reciente sencillo <strong><em>Mona lisa (feat. Amvis)<\/em><\/strong> disponible ya en todas las plataformas digitales.<\/p>\n\n\n\n<div class=\"wp-block-image coblocks-animate\"><figure class=\"aligncenter size-large\"><a href=\"https:\/\/i0.wp.com\/zeromagazinemx.wpcomstaging.com\/wp-content\/uploads\/2022\/02\/bc4b8-img_4125.jpg?ssl=1\"><img data-recalc-dims=\"1\" decoding=\"async\" src=\"https:\/\/i0.wp.com\/zeromagazinemx.wpcomstaging.com\/wp-content\/uploads\/2022\/02\/bc4b8-img_4125.jpg?w=1165&#038;ssl=1\" alt=\"\" class=\"wp-image-48782\" \/><\/a><\/figure><\/div>\n\n\n\n<div class=\"wp-block-buttons is-layout-flex wp-block-buttons-is-layout-flex\">\n<div class=\"wp-block-button is-style-outline is-style-outline--1\"><a class=\"wp-block-button__link\">Por Christopher Rodr\u00edguez Due\u00f1as<\/a><\/div>\n<\/div>\n\n\n\n<p><strong>Zero Magazine Mx<\/strong> platic\u00f3 con <strong>Numa <\/strong>y esto fue lo que nos cont\u00f3 de \u00e9l, de sus proyectos y de su m\u00fasica.<\/p>\n\n\n\n<div style=\"height:10px;\" aria-hidden=\"true\" class=\"wp-block-spacer\"><\/div>\n\n\n\n<p><strong>\u00bfC\u00f3mo es un d\u00eda con Numa?<\/strong><\/p>\n\n\n\n<p>Por el momento estoy haciendo un receso, ya termine la carrera profesional en contadur\u00eda y de trabajar tambi\u00e9n, ya que aqu\u00ed en Suiza hay un sistema diferente de trabajo entonces me di una pausa para poder viajar, descansar un poco y poder realizar mi m\u00fasica, el plan era viajar m\u00e1s pero por la situaci\u00f3n de <strong><em>COVID <\/em><\/strong>no se pudo, hubo ciertas limitaciones pero aun as\u00ed pudimos conocer destinos muy bonitos.<\/p>\n\n\n\n<div class=\"wp-block-image coblocks-animate\"><figure class=\"aligncenter size-large\"><a href=\"https:\/\/i0.wp.com\/zeromagazinemx.wpcomstaging.com\/wp-content\/uploads\/2022\/02\/1d8d4-dji_20210224_181041_819-rotated-1.jpg?ssl=1\"><img data-recalc-dims=\"1\" decoding=\"async\" src=\"https:\/\/i0.wp.com\/zeromagazinemx.wpcomstaging.com\/wp-content\/uploads\/2021\/06\/ce57a-dji_20210224_181041_819-768x1024-1.jpg?w=1165\" alt=\"\" class=\"wp-image-48783\" \/><\/a><\/figure><\/div>\n\n\n\n<p><strong>\u00bfC\u00f3mo surgi\u00f3 tu gusto por la m\u00fasica?<\/strong><\/p>\n\n\n\n<p>Al principio no sab\u00eda que me gustaba la m\u00fasica, no ten\u00eda esa pasi\u00f3n ni inter\u00e9s, desde peque\u00f1o tocaba la flauta, despu\u00e9s empec\u00e9 a tocar el piano aunque tampoco era algo que me interesara tanto despu\u00e9s me pas\u00e9 a tocar la bater\u00eda y con ella aprend\u00ed mucho de ritmo y bueno todo empez\u00f3 con un proyecto de la clase de m\u00fasica en donde el profesor nos puso a generar una canci\u00f3n por medio de un software de m\u00fasica despu\u00e9s de un tiempo me di cuenta de que ten\u00eda ciertas limitaciones ese programa, entonces me pase a otro m\u00e1s profesional y con \u00e9l empec\u00e9 a aprender a hacer m\u00fasica por medio de tutoriales y tratando de ser autodidacta tambi\u00e9n, mi proyecto fue el mejor de mi clase, esto me motiv\u00f3 y me demostr\u00f3 que ten\u00eda talento para generar m\u00fasica y a pesar de que no sab\u00eda leer muy bien las notas musicales porque siempre me parecieron muy aburridas pero el hacer las composiciones y la m\u00fasica lo pod\u00eda hacer sin dificultad.&nbsp;<\/p>\n\n\n\n<div class=\"wp-block-image coblocks-animate\"><figure class=\"aligncenter size-large\"><a href=\"https:\/\/i0.wp.com\/zeromagazinemx.wpcomstaging.com\/wp-content\/uploads\/2022\/02\/01224-dji_20210224_182029_518-2-rotated-1.jpg?ssl=1\"><img data-recalc-dims=\"1\" decoding=\"async\" src=\"https:\/\/i0.wp.com\/zeromagazinemx.wpcomstaging.com\/wp-content\/uploads\/2021\/06\/31f71-dji_20210224_182029_518-2-768x1024-1.jpg?w=1165\" alt=\"\" class=\"wp-image-48785\" \/><\/a><\/figure><\/div>\n\n\n\n\n\n<p><strong>\u00bfC\u00f3mo surgi\u00f3 Numa Shourai Productions?&nbsp;<\/strong><\/p>\n\n\n\n<p>Al principio yo creaba m\u00fasica para m\u00ed mismo, ten\u00eda muchos proyectos en mi ordenador y un amigo m\u00edo llamado Esteban me empez\u00f3 a decir: <em>\u201cpor qu\u00e9 no haces esto de manera m\u00e1s profesional y lo sacas al mercado\u201d<\/em> por <strong><em>COVID<\/em> <\/strong>ten\u00edamos un poco m\u00e1s de tiempo libre entonces mi amigo y yo comenzamos a pensar que hacer y decidimos armar nuestra propia productora de m\u00fasica yo soy la parte musical y Esteban es el que hace la gesti\u00f3n de relaciones p\u00fablicas y dem\u00e1s, as\u00ed fue c\u00f3mo surgi\u00f3 <strong>Numa Shourai Productions<\/strong>. Igual hemos tenido colaboradores de diferentes lugares, no me limito a buscar a alguien que est\u00e9 cerca de m\u00ed, yo busco en internet cantantes y aunque est\u00e9n en una peque\u00f1a isla en el oc\u00e9ano \u00edndico se hace la colaboraci\u00f3n, el contacto virtual es algo que me gusta y el descubrir el potencial de artistas que hay en todo el mundo.&nbsp;<\/p>\n\n\n\n<div class=\"wp-block-image coblocks-animate\"><figure class=\"aligncenter size-large\"><a href=\"https:\/\/i0.wp.com\/zeromagazinemx.wpcomstaging.com\/wp-content\/uploads\/2022\/02\/d2866-img_2891.png?ssl=1\"><img data-recalc-dims=\"1\" decoding=\"async\" src=\"https:\/\/i0.wp.com\/zeromagazinemx.wpcomstaging.com\/wp-content\/uploads\/2022\/02\/d2866-img_2891.png?w=1165&#038;ssl=1\" alt=\"\" class=\"wp-image-48787\" \/><\/a><\/figure><\/div>\n\n\n\n<p><strong>\u00bfA lo largo de tu carrera qu\u00e9 retos se te han presentado?&nbsp;<\/strong><\/p>\n\n\n\n<p>No es como tal un reto pero algo que me frustra es que yo pongo mucha energ\u00eda, mucha pasi\u00f3n en las canciones que hago y es algo decepcionante que algunas de ellas no tengan el rendimiento que yo me esperaba, yo comprendo que estas cosas suceden, son parte del negocio y que a todos los artistas les pasa pero yo sigo motivado haciendo las canciones y d\u00e1ndolo todo siempre.<\/p>\n\n\n\n<div class=\"wp-block-image coblocks-animate\"><figure class=\"aligncenter size-large\"><a href=\"https:\/\/i0.wp.com\/zeromagazinemx.wpcomstaging.com\/wp-content\/uploads\/2022\/02\/4da7e-img_4127.jpg?ssl=1\"><img data-recalc-dims=\"1\" decoding=\"async\" src=\"https:\/\/i0.wp.com\/zeromagazinemx.wpcomstaging.com\/wp-content\/uploads\/2022\/02\/4da7e-img_4127.jpg?w=1165&#038;ssl=1\" alt=\"\" class=\"wp-image-48788\" \/><\/a><\/figure><\/div>\n\n\n\n\n\n<p><strong>Cu\u00e9ntanos un poco de tu nuevo sencillo \u201cMona lisa\u201d<\/strong><\/p>\n\n\n\n<p>Todo empez\u00f3 una noche estaba trabajando, tratando de componer nuevas canciones y lastimosamente no avanzaba, me faltaba inspiraci\u00f3n, entonces ya casi a punto de cerrar la computadora me met\u00ed a una p\u00e1gina web llamada <strong>looperman <\/strong>aqu\u00ed uno encuentra a capelas de diferentes artistas que ponen estas a disposici\u00f3n para que alg\u00fan artista las tome y haga algo bueno de ellas, entonces encontr\u00e9 la canci\u00f3n de <strong><em>Mona lisa<\/em><\/strong> de <strong>Amvis <\/strong>que es un artista de <strong><em>Zimbabue<\/em><\/strong>, la tom\u00e9 y despu\u00e9s de una hora ya ten\u00eda la base de la canci\u00f3n, quede muy feliz y emocionado con el resultado, contacte a <strong>Amvis<\/strong>, a \u00e9l tambi\u00e9n le gusto y de ah\u00ed surgi\u00f3 <strong><em>Mona Lisa<\/em><\/strong>.\u00a0<\/p>\n\n\n\n<div class=\"wp-block-image coblocks-animate\"><figure class=\"aligncenter size-large\"><a href=\"https:\/\/i0.wp.com\/zeromagazinemx.wpcomstaging.com\/wp-content\/uploads\/2022\/02\/42269-img_4128.jpg?ssl=1\"><img data-recalc-dims=\"1\" decoding=\"async\" src=\"https:\/\/i0.wp.com\/zeromagazinemx.wpcomstaging.com\/wp-content\/uploads\/2022\/02\/42269-img_4128.jpg?w=1165&#038;ssl=1\" alt=\"\" class=\"wp-image-48789\" \/><\/a><\/figure><\/div>\n\n\n\n<p><strong>\u00bfQu\u00e9 proyectos o ideas tienes ahora para M\u00e9xico y Latinoam\u00e9rica?<\/strong><\/p>\n\n\n\n<p>Estamos pensando lanzar una canci\u00f3n en espa\u00f1ol porque tenemos mucha audiencia en M\u00e9xico un pa\u00eds muy bonito, este a\u00f1o\u00a0tuvimos la oportunidad de visitar Canc\u00fan, Tulum y Ciudad de M\u00e9xico, mi equipo y yo quedamos fascinados de la comida y la gente, tenemos bonitas experiencias de este pa\u00eds y claro aprovecho para agradecer a los fans que hablan espa\u00f1ol, otro idioma que tambi\u00e9n queremos incluir es el portugu\u00e9s porque es un idioma muy bonito e igualmente tenemos mucha audiencia en Brasil.\u00a0<\/p>\n\n\n\n<div class=\"wp-block-image coblocks-animate\"><figure class=\"aligncenter size-large\"><a href=\"https:\/\/i0.wp.com\/zeromagazinemx.wpcomstaging.com\/wp-content\/uploads\/2022\/02\/cd9b2-img_4129.jpeg?ssl=1\"><img data-recalc-dims=\"1\" decoding=\"async\" src=\"https:\/\/i0.wp.com\/zeromagazinemx.wpcomstaging.com\/wp-content\/uploads\/2022\/02\/cd9b2-img_4129.jpeg?w=1165&#038;ssl=1\" alt=\"\" class=\"wp-image-48790\" \/><\/a><\/figure><\/div>\n\n\n\n\n\n<div style=\"height:10px;\" aria-hidden=\"true\" class=\"wp-block-spacer\"><\/div>\n\n\n\n<p class=\"has-text-align-center\"><strong>Sigue a Numa en:<\/strong><\/p>\n\n\n\n<p class=\"has-text-align-center\"><strong>Instagram, YouTube, Facebook,&nbsp;Tiktok: <\/strong><em>@usernuma<\/em> | <strong>P\u00e1gina Web:<\/strong> <a href=\"http:\/\/www.itsnuma.com\"><em>www.itsnuma.com<\/em><\/a><\/p>\n\n\n\n<div style=\"height:10px;\" aria-hidden=\"true\" class=\"wp-block-spacer\"><\/div>\n\n\n<!--themify_builder_content-->\n<div id=\"themify_builder_content-48776\" data-postid=\"48776\" class=\"themify_builder_content themify_builder_content-48776 themify_builder tf_clear\">\n    <\/div>\n<!--\/themify_builder_content-->\n","protected":false},"excerpt":{"rendered":"<p>Numa es un productor y DJ Europeo, Co-Fundador de Numa Shourai Productions, productora que se enfoca a promover artistas no importando su origen geogr\u00e1fico con los que han realizado canciones en Ingl\u00e9s, franc\u00e9s, alem\u00e1n y suajil (lengua africana). Futuros proyectos de Numa se enfocan a canciones en Espa\u00f1ol y Portugu\u00e9s por lo que este grandioso [&hellip;]<\/p>\n","protected":false},"author":2,"featured_media":48781,"comment_status":"open","ping_status":"open","sticky":false,"template":"","format":"standard","meta":{"_jetpack_memberships_contains_paid_content":false,"footnotes":"","jetpack_publicize_message":"#Entrevista | Numa, el DJ y Productor europeo con el cu\u00e1l hablamos sobre #NumaShouraiProductions y #MonaLisa, su m\u00e1s reciente sencillo.","jetpack_publicize_feature_enabled":true,"jetpack_social_post_already_shared":true,"jetpack_social_options":{"image_generator_settings":{"template":"highway","default_image_id":0,"font":"","enabled":false},"version":2}},"categories":[117,91],"tags":[1619,329,1620,1621,1622,1623,1624,1625],"class_list":["post-48776","post","type-post","status-publish","format-standard","has-post-thumbnail","hentry","category-entretenimiento","category-entrevistas","tag-amvis","tag-entrevista","tag-looperman","tag-mona-lisa","tag-mona-lisa-feat-amvis","tag-numa","tag-numa-shourai-productions","tag-zimbabue","has-post-title","has-post-date","has-post-category","has-post-tag","has-post-comment","has-post-author",""],"yoast_head":"<!-- This site is optimized with the Yoast SEO plugin v27.5 - https:\/\/yoast.com\/product\/yoast-seo-wordpress\/ -->\n<title>Entrevista a Numa - Zero Magazine<\/title>\n<meta name=\"robots\" content=\"index, follow, max-snippet:-1, max-image-preview:large, max-video-preview:-1\" \/>\n<link rel=\"canonical\" href=\"https:\/\/zeromagazine.mx\/index.php\/2021\/06\/25\/entrevista-a-numa\/\" \/>\n<meta property=\"og:locale\" content=\"es_ES\" \/>\n<meta property=\"og:type\" content=\"article\" \/>\n<meta property=\"og:title\" content=\"Entrevista a Numa - Zero Magazine\" \/>\n<meta property=\"og:description\" content=\"Numa es un productor y DJ Europeo, Co-Fundador de Numa Shourai Productions, productora que se enfoca a promover artistas no importando su origen geogr\u00e1fico con los que han realizado canciones en Ingl\u00e9s, franc\u00e9s, alem\u00e1n y suajil (lengua africana). Futuros proyectos de Numa se enfocan a canciones en Espa\u00f1ol y Portugu\u00e9s por lo que este grandioso [&hellip;]\" \/>\n<meta property=\"og:url\" content=\"https:\/\/zeromagazine.mx\/index.php\/2021\/06\/25\/entrevista-a-numa\/\" \/>\n<meta property=\"og:site_name\" content=\"Zero Magazine\" \/>\n<meta property=\"article:published_time\" content=\"2021-06-25T17:00:00+00:00\" \/>\n<meta name=\"author\" content=\"zeromagazinemx\" \/>\n<meta name=\"twitter:card\" content=\"summary_large_image\" \/>\n<meta name=\"twitter:label1\" content=\"Escrito por\" \/>\n\t<meta name=\"twitter:data1\" content=\"zeromagazinemx\" \/>\n\t<meta name=\"twitter:label2\" content=\"Tiempo de lectura\" \/>\n\t<meta name=\"twitter:data2\" content=\"5 minutos\" \/>\n<script type=\"application\/ld+json\" class=\"yoast-schema-graph\">{\"@context\":\"https:\\\/\\\/schema.org\",\"@graph\":[{\"@type\":\"Article\",\"@id\":\"https:\\\/\\\/zeromagazine.mx\\\/index.php\\\/2021\\\/06\\\/25\\\/entrevista-a-numa\\\/#article\",\"isPartOf\":{\"@id\":\"https:\\\/\\\/zeromagazine.mx\\\/index.php\\\/2021\\\/06\\\/25\\\/entrevista-a-numa\\\/\"},\"author\":{\"name\":\"zeromagazinemx\",\"@id\":\"https:\\\/\\\/zeromagazine.mx\\\/#\\\/schema\\\/person\\\/9aed9f33a7c39af3a348b86d723f7773\"},\"headline\":\"Entrevista a Numa\",\"datePublished\":\"2021-06-25T17:00:00+00:00\",\"mainEntityOfPage\":{\"@id\":\"https:\\\/\\\/zeromagazine.mx\\\/index.php\\\/2021\\\/06\\\/25\\\/entrevista-a-numa\\\/\"},\"wordCount\":915,\"commentCount\":0,\"publisher\":{\"@id\":\"https:\\\/\\\/zeromagazine.mx\\\/#organization\"},\"image\":{\"@id\":\"https:\\\/\\\/zeromagazine.mx\\\/index.php\\\/2021\\\/06\\\/25\\\/entrevista-a-numa\\\/#primaryimage\"},\"thumbnailUrl\":\"\",\"keywords\":[\"Amvis\",\"Entrevista\",\"looperman\",\"Mona lisa\",\"Mona lisa (feat. Amvis)\",\"Numa\",\"Numa Shourai Productions\",\"Zimbabue\"],\"articleSection\":[\"Entretenimiento\",\"Entrevistas\"],\"inLanguage\":\"es\",\"potentialAction\":[{\"@type\":\"CommentAction\",\"name\":\"Comment\",\"target\":[\"https:\\\/\\\/zeromagazine.mx\\\/index.php\\\/2021\\\/06\\\/25\\\/entrevista-a-numa\\\/#respond\"]}]},{\"@type\":\"WebPage\",\"@id\":\"https:\\\/\\\/zeromagazine.mx\\\/index.php\\\/2021\\\/06\\\/25\\\/entrevista-a-numa\\\/\",\"url\":\"https:\\\/\\\/zeromagazine.mx\\\/index.php\\\/2021\\\/06\\\/25\\\/entrevista-a-numa\\\/\",\"name\":\"Entrevista a Numa - Zero Magazine\",\"isPartOf\":{\"@id\":\"https:\\\/\\\/zeromagazine.mx\\\/#website\"},\"primaryImageOfPage\":{\"@id\":\"https:\\\/\\\/zeromagazine.mx\\\/index.php\\\/2021\\\/06\\\/25\\\/entrevista-a-numa\\\/#primaryimage\"},\"image\":{\"@id\":\"https:\\\/\\\/zeromagazine.mx\\\/index.php\\\/2021\\\/06\\\/25\\\/entrevista-a-numa\\\/#primaryimage\"},\"thumbnailUrl\":\"\",\"datePublished\":\"2021-06-25T17:00:00+00:00\",\"breadcrumb\":{\"@id\":\"https:\\\/\\\/zeromagazine.mx\\\/index.php\\\/2021\\\/06\\\/25\\\/entrevista-a-numa\\\/#breadcrumb\"},\"inLanguage\":\"es\",\"potentialAction\":[{\"@type\":\"ReadAction\",\"target\":[\"https:\\\/\\\/zeromagazine.mx\\\/index.php\\\/2021\\\/06\\\/25\\\/entrevista-a-numa\\\/\"]}]},{\"@type\":\"ImageObject\",\"inLanguage\":\"es\",\"@id\":\"https:\\\/\\\/zeromagazine.mx\\\/index.php\\\/2021\\\/06\\\/25\\\/entrevista-a-numa\\\/#primaryimage\",\"url\":\"\",\"contentUrl\":\"\"},{\"@type\":\"BreadcrumbList\",\"@id\":\"https:\\\/\\\/zeromagazine.mx\\\/index.php\\\/2021\\\/06\\\/25\\\/entrevista-a-numa\\\/#breadcrumb\",\"itemListElement\":[{\"@type\":\"ListItem\",\"position\":1,\"name\":\"Portada\",\"item\":\"https:\\\/\\\/zeromagazine.mx\\\/\"},{\"@type\":\"ListItem\",\"position\":2,\"name\":\"Entrevista a Numa\"}]},{\"@type\":\"WebSite\",\"@id\":\"https:\\\/\\\/zeromagazine.mx\\\/#website\",\"url\":\"https:\\\/\\\/zeromagazine.mx\\\/\",\"name\":\"Zero Magazine\",\"description\":\"\",\"publisher\":{\"@id\":\"https:\\\/\\\/zeromagazine.mx\\\/#organization\"},\"potentialAction\":[{\"@type\":\"SearchAction\",\"target\":{\"@type\":\"EntryPoint\",\"urlTemplate\":\"https:\\\/\\\/zeromagazine.mx\\\/?s={search_term_string}\"},\"query-input\":{\"@type\":\"PropertyValueSpecification\",\"valueRequired\":true,\"valueName\":\"search_term_string\"}}],\"inLanguage\":\"es\"},{\"@type\":\"Organization\",\"@id\":\"https:\\\/\\\/zeromagazine.mx\\\/#organization\",\"name\":\"Zero Magazine\",\"url\":\"https:\\\/\\\/zeromagazine.mx\\\/\",\"logo\":{\"@type\":\"ImageObject\",\"inLanguage\":\"es\",\"@id\":\"https:\\\/\\\/zeromagazine.mx\\\/#\\\/schema\\\/logo\\\/image\\\/\",\"url\":\"https:\\\/\\\/i0.wp.com\\\/zeromagazine.mx\\\/wp-content\\\/uploads\\\/2025\\\/11\\\/1.jpeg?fit=1000%2C1000&ssl=1\",\"contentUrl\":\"https:\\\/\\\/i0.wp.com\\\/zeromagazine.mx\\\/wp-content\\\/uploads\\\/2025\\\/11\\\/1.jpeg?fit=1000%2C1000&ssl=1\",\"width\":1000,\"height\":1000,\"caption\":\"Zero Magazine\"},\"image\":{\"@id\":\"https:\\\/\\\/zeromagazine.mx\\\/#\\\/schema\\\/logo\\\/image\\\/\"},\"sameAs\":[\"https:\\\/\\\/instagram.com\\\/zeromagazinemx\"]},{\"@type\":\"Person\",\"@id\":\"https:\\\/\\\/zeromagazine.mx\\\/#\\\/schema\\\/person\\\/9aed9f33a7c39af3a348b86d723f7773\",\"name\":\"zeromagazinemx\",\"image\":{\"@type\":\"ImageObject\",\"inLanguage\":\"es\",\"@id\":\"https:\\\/\\\/zeromagazine.mx\\\/wp-content\\\/litespeed\\\/avatar\\\/f91dfe5410d5dcb1a576bf8c45983896.jpg?ver=1777571230\",\"url\":\"https:\\\/\\\/zeromagazine.mx\\\/wp-content\\\/litespeed\\\/avatar\\\/f91dfe5410d5dcb1a576bf8c45983896.jpg?ver=1777571230\",\"contentUrl\":\"https:\\\/\\\/zeromagazine.mx\\\/wp-content\\\/litespeed\\\/avatar\\\/f91dfe5410d5dcb1a576bf8c45983896.jpg?ver=1777571230\",\"caption\":\"zeromagazinemx\"},\"url\":\"https:\\\/\\\/zeromagazine.mx\\\/index.php\\\/author\\\/zeromagazinemx\\\/\"}]}<\/script>\n<!-- \/ Yoast SEO plugin. -->","yoast_head_json":{"title":"Entrevista a Numa - Zero Magazine","robots":{"index":"index","follow":"follow","max-snippet":"max-snippet:-1","max-image-preview":"max-image-preview:large","max-video-preview":"max-video-preview:-1"},"canonical":"https:\/\/zeromagazine.mx\/index.php\/2021\/06\/25\/entrevista-a-numa\/","og_locale":"es_ES","og_type":"article","og_title":"Entrevista a Numa - Zero Magazine","og_description":"Numa es un productor y DJ Europeo, Co-Fundador de Numa Shourai Productions, productora que se enfoca a promover artistas no importando su origen geogr\u00e1fico con los que han realizado canciones en Ingl\u00e9s, franc\u00e9s, alem\u00e1n y suajil (lengua africana). Futuros proyectos de Numa se enfocan a canciones en Espa\u00f1ol y Portugu\u00e9s por lo que este grandioso [&hellip;]","og_url":"https:\/\/zeromagazine.mx\/index.php\/2021\/06\/25\/entrevista-a-numa\/","og_site_name":"Zero Magazine","article_published_time":"2021-06-25T17:00:00+00:00","author":"zeromagazinemx","twitter_card":"summary_large_image","twitter_misc":{"Escrito por":"zeromagazinemx","Tiempo de lectura":"5 minutos"},"schema":{"@context":"https:\/\/schema.org","@graph":[{"@type":"Article","@id":"https:\/\/zeromagazine.mx\/index.php\/2021\/06\/25\/entrevista-a-numa\/#article","isPartOf":{"@id":"https:\/\/zeromagazine.mx\/index.php\/2021\/06\/25\/entrevista-a-numa\/"},"author":{"name":"zeromagazinemx","@id":"https:\/\/zeromagazine.mx\/#\/schema\/person\/9aed9f33a7c39af3a348b86d723f7773"},"headline":"Entrevista a Numa","datePublished":"2021-06-25T17:00:00+00:00","mainEntityOfPage":{"@id":"https:\/\/zeromagazine.mx\/index.php\/2021\/06\/25\/entrevista-a-numa\/"},"wordCount":915,"commentCount":0,"publisher":{"@id":"https:\/\/zeromagazine.mx\/#organization"},"image":{"@id":"https:\/\/zeromagazine.mx\/index.php\/2021\/06\/25\/entrevista-a-numa\/#primaryimage"},"thumbnailUrl":"","keywords":["Amvis","Entrevista","looperman","Mona lisa","Mona lisa (feat. Amvis)","Numa","Numa Shourai Productions","Zimbabue"],"articleSection":["Entretenimiento","Entrevistas"],"inLanguage":"es","potentialAction":[{"@type":"CommentAction","name":"Comment","target":["https:\/\/zeromagazine.mx\/index.php\/2021\/06\/25\/entrevista-a-numa\/#respond"]}]},{"@type":"WebPage","@id":"https:\/\/zeromagazine.mx\/index.php\/2021\/06\/25\/entrevista-a-numa\/","url":"https:\/\/zeromagazine.mx\/index.php\/2021\/06\/25\/entrevista-a-numa\/","name":"Entrevista a Numa - Zero Magazine","isPartOf":{"@id":"https:\/\/zeromagazine.mx\/#website"},"primaryImageOfPage":{"@id":"https:\/\/zeromagazine.mx\/index.php\/2021\/06\/25\/entrevista-a-numa\/#primaryimage"},"image":{"@id":"https:\/\/zeromagazine.mx\/index.php\/2021\/06\/25\/entrevista-a-numa\/#primaryimage"},"thumbnailUrl":"","datePublished":"2021-06-25T17:00:00+00:00","breadcrumb":{"@id":"https:\/\/zeromagazine.mx\/index.php\/2021\/06\/25\/entrevista-a-numa\/#breadcrumb"},"inLanguage":"es","potentialAction":[{"@type":"ReadAction","target":["https:\/\/zeromagazine.mx\/index.php\/2021\/06\/25\/entrevista-a-numa\/"]}]},{"@type":"ImageObject","inLanguage":"es","@id":"https:\/\/zeromagazine.mx\/index.php\/2021\/06\/25\/entrevista-a-numa\/#primaryimage","url":"","contentUrl":""},{"@type":"BreadcrumbList","@id":"https:\/\/zeromagazine.mx\/index.php\/2021\/06\/25\/entrevista-a-numa\/#breadcrumb","itemListElement":[{"@type":"ListItem","position":1,"name":"Portada","item":"https:\/\/zeromagazine.mx\/"},{"@type":"ListItem","position":2,"name":"Entrevista a Numa"}]},{"@type":"WebSite","@id":"https:\/\/zeromagazine.mx\/#website","url":"https:\/\/zeromagazine.mx\/","name":"Zero Magazine","description":"","publisher":{"@id":"https:\/\/zeromagazine.mx\/#organization"},"potentialAction":[{"@type":"SearchAction","target":{"@type":"EntryPoint","urlTemplate":"https:\/\/zeromagazine.mx\/?s={search_term_string}"},"query-input":{"@type":"PropertyValueSpecification","valueRequired":true,"valueName":"search_term_string"}}],"inLanguage":"es"},{"@type":"Organization","@id":"https:\/\/zeromagazine.mx\/#organization","name":"Zero Magazine","url":"https:\/\/zeromagazine.mx\/","logo":{"@type":"ImageObject","inLanguage":"es","@id":"https:\/\/zeromagazine.mx\/#\/schema\/logo\/image\/","url":"https:\/\/i0.wp.com\/zeromagazine.mx\/wp-content\/uploads\/2025\/11\/1.jpeg?fit=1000%2C1000&ssl=1","contentUrl":"https:\/\/i0.wp.com\/zeromagazine.mx\/wp-content\/uploads\/2025\/11\/1.jpeg?fit=1000%2C1000&ssl=1","width":1000,"height":1000,"caption":"Zero Magazine"},"image":{"@id":"https:\/\/zeromagazine.mx\/#\/schema\/logo\/image\/"},"sameAs":["https:\/\/instagram.com\/zeromagazinemx"]},{"@type":"Person","@id":"https:\/\/zeromagazine.mx\/#\/schema\/person\/9aed9f33a7c39af3a348b86d723f7773","name":"zeromagazinemx","image":{"@type":"ImageObject","inLanguage":"es","@id":"https:\/\/zeromagazine.mx\/wp-content\/litespeed\/avatar\/f91dfe5410d5dcb1a576bf8c45983896.jpg?ver=1777571230","url":"https:\/\/zeromagazine.mx\/wp-content\/litespeed\/avatar\/f91dfe5410d5dcb1a576bf8c45983896.jpg?ver=1777571230","contentUrl":"https:\/\/zeromagazine.mx\/wp-content\/litespeed\/avatar\/f91dfe5410d5dcb1a576bf8c45983896.jpg?ver=1777571230","caption":"zeromagazinemx"},"url":"https:\/\/zeromagazine.mx\/index.php\/author\/zeromagazinemx\/"}]}},"jetpack_publicize_connections":[],"jetpack_featured_media_url":"","jetpack-related-posts":[{"id":49318,"url":"https:\/\/zeromagazine.mx\/index.php\/2021\/07\/03\/entrevista-a-foreign-teck\/","url_meta":{"origin":48776,"position":0},"title":"Entrevista a Foreign Teck","author":"zeromagazinemx","date":"3 de julio de 2021","format":false,"excerpt":"Foreign Teck gran productor nominado al GRAMMY no ense\u00f1a otra etapa en su carrera sacando su primera canci\u00f3n como artista llamada \u201cConexi\u00f3n\u201d POR GABRIELA H. DELGADILLO Plat\u00edcame de tu nuevo sencillo \u201cConexi\u00f3n\u201d Fue el primer tema que saque como productor artista y el tema empez\u00f3 con Bryant Myers, yo estaba\u2026","rel":"","context":"En \u00abEntretenimiento\u00bb","block_context":{"text":"Entretenimiento","link":"https:\/\/zeromagazine.mx\/index.php\/category\/entretenimiento\/"},"img":{"alt_text":"","src":"https:\/\/i0.wp.com\/zeromagazine.mx\/wp-content\/uploads\/2022\/02\/294dc-connection-bts-012-scaled.jpg?fit=1200%2C801&ssl=1&resize=350%2C200","width":350,"height":200,"srcset":"https:\/\/i0.wp.com\/zeromagazine.mx\/wp-content\/uploads\/2022\/02\/294dc-connection-bts-012-scaled.jpg?fit=1200%2C801&ssl=1&resize=350%2C200 1x, https:\/\/i0.wp.com\/zeromagazine.mx\/wp-content\/uploads\/2022\/02\/294dc-connection-bts-012-scaled.jpg?fit=1200%2C801&ssl=1&resize=525%2C300 1.5x, https:\/\/i0.wp.com\/zeromagazine.mx\/wp-content\/uploads\/2022\/02\/294dc-connection-bts-012-scaled.jpg?fit=1200%2C801&ssl=1&resize=700%2C400 2x, https:\/\/i0.wp.com\/zeromagazine.mx\/wp-content\/uploads\/2022\/02\/294dc-connection-bts-012-scaled.jpg?fit=1200%2C801&ssl=1&resize=1050%2C600 3x"},"classes":[]},{"id":50838,"url":"https:\/\/zeromagazine.mx\/index.php\/2021\/07\/26\/entrevista-a-dylan-kenjiro\/","url_meta":{"origin":48776,"position":1},"title":"Entrevista a Dylan Kenjiro","author":"zeromagazinemx","date":"26 de julio de 2021","format":false,"excerpt":"Un cantautor revolucionando el reguet\u00f3n y explotando la creatividad en sus cortometrajes. POR GABRIELA H. DELGADILLO \u00bfQu\u00e9 influencias musicales manejas? Es muy variada, pero va enfocado al hip-hop de los 90s y soy muy vers\u00e1til ya que me ayud\u00f3 estudiar Producci\u00f3n Musical, he aprendido a apreciar cualquier g\u00e9nero, no me\u2026","rel":"","context":"En \u00abEntretenimiento\u00bb","block_context":{"text":"Entretenimiento","link":"https:\/\/zeromagazine.mx\/index.php\/category\/entretenimiento\/"},"img":{"alt_text":"","src":"","width":0,"height":0},"classes":[]},{"id":50720,"url":"https:\/\/zeromagazine.mx\/index.php\/2021\/07\/23\/entrevista-con-dj-cornetto\/","url_meta":{"origin":48776,"position":2},"title":"Entrevista con Dj Cornetto","author":"zeromagazinemx","date":"23 de julio de 2021","format":false,"excerpt":"El embajador global de la guaracha Dj Cornetto recientemente estren\u00f3 su nueva producci\u00f3n \u201cCornettazos Vol. 2\u201d, un material que logr\u00f3 integrar temas ic\u00f3nicos de la m\u00fasica y un toque especial de las mezclas y sonidos que tanto caracterizan a Dj Cornetto. Por C\u00e9sar Palomares Cornetto nos platic\u00f3 sobre esta nueva\u2026","rel":"","context":"En \u00abEntretenimiento\u00bb","block_context":{"text":"Entretenimiento","link":"https:\/\/zeromagazine.mx\/index.php\/category\/entretenimiento\/"},"img":{"alt_text":"","src":"https:\/\/i0.wp.com\/img.youtube.com\/vi\/OLAK5uy_nea-u2ac6-Fzz1M9AuZElLccfArLJoh6I\/0.jpg?resize=350%2C200","width":350,"height":200},"classes":[]},{"id":57930,"url":"https:\/\/zeromagazine.mx\/index.php\/2021\/11\/12\/entrevista-a-roberto-vaquero\/","url_meta":{"origin":48776,"position":3},"title":"Entrevista a Roberto Vaquero","author":"zeromagazinemx","date":"12 de noviembre de 2021","format":false,"excerpt":"El cantante y compositor Roberto Vaquero platic\u00f3 con nosotros sobre su m\u00e1s reciente sencillo \u201cNota de voz\u201d, sobre su carrera como compositor y productor de su propia m\u00fasica y c\u00f3mo naci\u00f3 \u201cNota de voz\u201d, te invitamos a leer la entrevista completa. Por Mateo Aguilar Plat\u00edcame de que habla tu sencillo\u2026","rel":"","context":"En \u00abEntretenimiento\u00bb","block_context":{"text":"Entretenimiento","link":"https:\/\/zeromagazine.mx\/index.php\/category\/entretenimiento\/"},"img":{"alt_text":"","src":"https:\/\/i0.wp.com\/zeromagazinemx.wpcomstaging.com\/wp-content\/uploads\/2022\/02\/7d2ad-roberto-vaquero.jpg?resize=350%2C200&ssl=1","width":350,"height":200,"srcset":"https:\/\/i0.wp.com\/zeromagazinemx.wpcomstaging.com\/wp-content\/uploads\/2022\/02\/7d2ad-roberto-vaquero.jpg?resize=350%2C200&ssl=1 1x, https:\/\/i0.wp.com\/zeromagazinemx.wpcomstaging.com\/wp-content\/uploads\/2022\/02\/7d2ad-roberto-vaquero.jpg?resize=525%2C300&ssl=1 1.5x, https:\/\/i0.wp.com\/zeromagazinemx.wpcomstaging.com\/wp-content\/uploads\/2022\/02\/7d2ad-roberto-vaquero.jpg?resize=700%2C400&ssl=1 2x"},"classes":[]},{"id":52723,"url":"https:\/\/zeromagazine.mx\/index.php\/2021\/08\/22\/entrevista-a-danny-sanjose\/","url_meta":{"origin":48776,"position":4},"title":"ENTREVISTA A DANNY SANJOSE","author":"zeromagazinemx","date":"22 de agosto de 2021","format":false,"excerpt":"Platicamos con el talentoso Danny Sanjose sobre su canci\u00f3n \u201cRumores\u201d. Para invitarnos a escuchar sus canciones en su canal y lo sigan en sus redes sociales. Fot\u00f3grafo:\u00a0Daniel Garc\u00eda\u00a0(@heydaniel_garcia)Styling:\u00a0David Morales (@elpoderosodave)Maquillaje y Peinado:\u00a0Julio Cesar Le\u00f3n\u00a0(@julio_cesar_leon)Locacion:\u00a0Amnes!a\u00a0@mx.amnesia. POR GABRIELA H. DELGADILLO \u00bfCu\u00e9ntanos sobre tu tema rumores? La verdad me urg\u00eda sacar nuevo tema\u2026","rel":"","context":"En \u00abEntretenimiento\u00bb","block_context":{"text":"Entretenimiento","link":"https:\/\/zeromagazine.mx\/index.php\/category\/entretenimiento\/"},"img":{"alt_text":"","src":"https:\/\/i0.wp.com\/zeromagazinemx.wpcomstaging.com\/wp-content\/uploads\/2022\/02\/8b40c-1-1.jpg-1-683x1024.jpg?resize=350%2C200&ssl=1","width":350,"height":200,"srcset":"https:\/\/i0.wp.com\/zeromagazinemx.wpcomstaging.com\/wp-content\/uploads\/2022\/02\/8b40c-1-1.jpg-1-683x1024.jpg?resize=350%2C200&ssl=1 1x, https:\/\/i0.wp.com\/zeromagazinemx.wpcomstaging.com\/wp-content\/uploads\/2022\/02\/8b40c-1-1.jpg-1-683x1024.jpg?resize=525%2C300&ssl=1 1.5x"},"classes":[]},{"id":52808,"url":"https:\/\/zeromagazine.mx\/index.php\/2021\/08\/23\/entrevista-a-urboi\/","url_meta":{"origin":48776,"position":5},"title":"ENTREVISTA A URBOI","author":"zeromagazinemx","date":"23 de agosto de 2021","format":false,"excerpt":"URBOI un cantante super talentoso con una propuesta musical inigualable, que nos invita a escuchar su nuevo sencillo \u201cMorena Mujer\u201d. POR GABRIELA H. DELGADILLO Plat\u00edcanos de \u201cMorena Mujer\u201d Pues contento, a la gente le gusta la combinaci\u00f3n de g\u00e9neros entre el ac\u00fastico y la electr\u00f3nica y la respuesta ha sido\u2026","rel":"","context":"En \u00abEntretenimiento\u00bb","block_context":{"text":"Entretenimiento","link":"https:\/\/zeromagazine.mx\/index.php\/category\/entretenimiento\/"},"img":{"alt_text":"","src":"","width":0,"height":0},"classes":[]}],"jetpack_sharing_enabled":true,"builder_content":"","_links":{"self":[{"href":"https:\/\/zeromagazine.mx\/index.php\/wp-json\/wp\/v2\/posts\/48776","targetHints":{"allow":["GET"]}}],"collection":[{"href":"https:\/\/zeromagazine.mx\/index.php\/wp-json\/wp\/v2\/posts"}],"about":[{"href":"https:\/\/zeromagazine.mx\/index.php\/wp-json\/wp\/v2\/types\/post"}],"author":[{"embeddable":true,"href":"https:\/\/zeromagazine.mx\/index.php\/wp-json\/wp\/v2\/users\/2"}],"replies":[{"embeddable":true,"href":"https:\/\/zeromagazine.mx\/index.php\/wp-json\/wp\/v2\/comments?post=48776"}],"version-history":[{"count":0,"href":"https:\/\/zeromagazine.mx\/index.php\/wp-json\/wp\/v2\/posts\/48776\/revisions"}],"wp:featuredmedia":[{"embeddable":true,"href":"https:\/\/zeromagazine.mx\/index.php\/wp-json\/"}],"wp:attachment":[{"href":"https:\/\/zeromagazine.mx\/index.php\/wp-json\/wp\/v2\/media?parent=48776"}],"wp:term":[{"taxonomy":"category","embeddable":true,"href":"https:\/\/zeromagazine.mx\/index.php\/wp-json\/wp\/v2\/categories?post=48776"},{"taxonomy":"post_tag","embeddable":true,"href":"https:\/\/zeromagazine.mx\/index.php\/wp-json\/wp\/v2\/tags?post=48776"}],"curies":[{"name":"wp","href":"https:\/\/api.w.org\/{rel}","templated":true}]}}