{"id":48794,"date":"2021-06-25T13:00:00","date_gmt":"2021-06-25T18:00:00","guid":{"rendered":"https:\/\/atomic-temporary-84115225.wpcomstaging.com\/?p=48794"},"modified":"2021-06-25T13:00:00","modified_gmt":"2021-06-25T18:00:00","slug":"el-duo-tom-collins-se-presentara-en-tomorrowland-around-the-world-el-proximo-16-y-17-de-julio","status":"publish","type":"post","link":"https:\/\/zeromagazine.mx\/index.php\/2021\/06\/25\/el-duo-tom-collins-se-presentara-en-tomorrowland-around-the-world-el-proximo-16-y-17-de-julio\/","title":{"rendered":"El d\u00fao Tom &amp; Collins se presentar\u00e1 en Tomorrowland Around the World el pr\u00f3ximo 16 y 17 de julio"},"content":{"rendered":"\n<p class=\"wp-block-paragraph\">El d\u00fao <strong>Tom &amp; Collins<\/strong> ser\u00e1n los \u00fanicos DJ\u2019s mexicanos en tocar en la edici\u00f3n digital de \u201c<strong><em>Tomorrowland Around The World<\/em><\/strong>\u201d.<\/p>\n\n\n\n<div class=\"wp-block-buttons is-layout-flex wp-block-buttons-is-layout-flex\">\n<div class=\"wp-block-button is-style-outline is-style-outline--1\"><a class=\"wp-block-button__link\">Por Moises Kushelevich<\/a><\/div>\n<\/div>\n\n\n\n<p class=\"wp-block-paragraph\">Fue en 2017 cuando la agencia mexicana, <strong>Rokkatto Agency<\/strong> empez\u00f3 a hacer historia en el g\u00e9nero de la m\u00fasica electr\u00f3nica, logrando posicionar el talento mexicano en los festivales y club\u2019s nocturnos m\u00e1s famosos del mundo. Ahora este 2021 vuelve a posicionar el talento nacional en <strong>Tomorrowland<\/strong>. El d\u00fao mexicano lanz\u00f3 su m\u00e1s reciente colaboraci\u00f3n <strong><em>\u201cShake Me\u201d<\/em><\/strong> con <strong>Alex Preston<\/strong> proveniente de Australia.<\/p>\n\n\n\n<p class=\"wp-block-paragraph\">Estamos a menos de un mes para que <strong>Tomorrowland <\/strong>d\u00e9 la bienvenida a todos los rincones del mundo en la isla m\u00e1gica de <strong>Papilonem <\/strong>para <strong><em>Tomorrowland Around The World 2021<\/em><\/strong>. Esta experiencia del festival de m\u00fasica digital de dos d\u00edas se llevar\u00e1 a cabo el viernes 16 de julio y el s\u00e1bado 17 de julio de 2021 y est\u00e1 adaptada a todos los horarios. Este festival reunir\u00e1 a m\u00e1s de 40 de los artistas m\u00e1s destacados del mundo de la m\u00fasica electr\u00f3nica de baile en 6 fascinantes escenarios digitales con espectaculares efectos especiales y una asombrosa tecnolog\u00eda 3D y producci\u00f3n de video, <strong>Tomorrowland <\/strong>lanza ahora la programaci\u00f3n completa para el festival digital de este a\u00f1o.<\/p>\n\n\n\n<p class=\"wp-block-paragraph\">El festival contar\u00e1 con los mayores pesos pesado pesados de la industria, incluidos <strong>Afrojack, Alan Walker, Armin van Buuren, Claptone, Fedde Le Grand, KC Lights, Kolsch, Lost Frequencies, Nicky Romero, Robin Schulz, Sam Feldt, Sunnery James &amp; Ryan, \u00a0Marciano, Topic, Vini Vici, Vintage Culture e Yves V.El escenario Elixir tambi\u00e9n contar\u00e1 con una alineaci\u00f3n repleta de estrellas con artistas de clase mundial, incluidos Adam Beyer, Cat Dealers, Charlotte de Witte, Danny Avila, HI-LO, Mike Williams, Ofenbach, Quintino, Reb\u016bke<\/strong> y <strong>Tom &amp; Collins<\/strong> y muchos m\u00e1s.<\/p>\n\n\n\n<div style=\"height:10px;\" aria-hidden=\"true\" class=\"wp-block-spacer\"><\/div>\n\n\n\n<p class=\"has-text-align-center wp-block-paragraph\"><em>Consulta los boletos en <a href=\"https:\/\/www.tomorrowland.com\/home\/\">Tomorrowland<\/a><\/em><\/p>\n\n\n\n<div style=\"height:10px;\" aria-hidden=\"true\" class=\"wp-block-spacer\"><\/div>\n\n\n<!--themify_builder_content-->\n<div id=\"themify_builder_content-48794\" data-postid=\"48794\" class=\"themify_builder_content themify_builder_content-48794 themify_builder tf_clear\">\n    <\/div>\n<!--\/themify_builder_content-->\n","protected":false},"excerpt":{"rendered":"<p>El d\u00fao Tom &amp; Collins ser\u00e1n los \u00fanicos DJ\u2019s mexicanos en tocar en la edici\u00f3n digital de \u201cTomorrowland Around The World\u201d. Fue en 2017 cuando la agencia mexicana, Rokkatto Agency empez\u00f3 a hacer historia en el g\u00e9nero de la m\u00fasica electr\u00f3nica, logrando posicionar el talento mexicano en los festivales y club\u2019s nocturnos m\u00e1s famosos del [&hellip;]<\/p>\n","protected":false},"author":2,"featured_media":48798,"comment_status":"open","ping_status":"open","sticky":false,"template":"","format":"standard","meta":{"_jetpack_newsletter_access":"","_jetpack_dont_email_post_to_subs":false,"_jetpack_newsletter_tier_id":0,"_jetpack_memberships_contains_paywalled_content":false,"_jetpack_feature_clip_id":0,"_jetpack_memberships_contains_paid_content":false,"footnotes":"","jetpack_publicize_message":"Tom & Collins formar\u00e1 parte del pr\u00f3ximo #TomorrowlandAroundTheWorld el pr\u00f3ximo 16 y 17 de Julio, siendo los \u00fanicos DJ\u00b4s mexicanos.","jetpack_publicize_feature_enabled":true,"jetpack_social_post_already_shared":true,"jetpack_social_options":{"image_generator_settings":{"template":"highway","default_image_id":0,"font":"","enabled":false},"version":2},"jetpack_post_was_ever_published":false},"categories":[117],"tags":[1626,1627,1628,1629,1630,1631,1632,1633,1634,1635,1636,1637,1638,1639,1640,1641,1642,1643,1644,1645,1646,1647,1648,1649,1650,1651,1652,1653,1654,1655,1656,1657,1658],"class_list":["post-48794","post","type-post","status-publish","format-standard","has-post-thumbnail","hentry","category-entretenimiento-cine-tv-teatro","tag-afrojack","tag-alan-walker","tag-alex-preston","tag-armin-van-buuren","tag-cat-dealers","tag-charlotte-de-witte","tag-claptone","tag-danny-avila","tag-fedde-le-grand","tag-hi-lo","tag-incluidos-adam-beyer","tag-kc-lights","tag-kolsch","tag-lost-frequencies","tag-marciano","tag-mike-williams","tag-nicky-romero","tag-ofenbach","tag-papilonem","tag-quintino","tag-rebuke","tag-robin-schulz","tag-rokkatto-agency","tag-sam-feldt","tag-shake-me","tag-sunnery-james-ryan","tag-tom-collins","tag-tomorrowland","tag-tomorrowland-around-the-world","tag-tomorrowland-around-the-world-2021","tag-topic","tag-vini-vici","tag-vintage-culture-e-yves-v-el-escenario-elixir-tambien-contara-con-una-alineacion-repleta-de-estrellas-con-artistas-de-clase-mundial","has-post-title","has-post-date","has-post-category","has-post-tag","has-post-comment","has-post-author",""],"yoast_head":"<!-- This site is optimized with the Yoast SEO plugin v28.4 - https:\/\/yoast.com\/product\/yoast-seo-wordpress\/ -->\n<title>El d\u00fao Tom &amp; Collins se presentar\u00e1 en Tomorrowland Around the World el pr\u00f3ximo 16 y 17 de julio - Zero Magazine<\/title>\n<meta name=\"robots\" content=\"index, follow, max-snippet:-1, max-image-preview:large, max-video-preview:-1\" \/>\n<link rel=\"canonical\" href=\"https:\/\/zeromagazine.mx\/index.php\/2021\/06\/25\/el-duo-tom-collins-se-presentara-en-tomorrowland-around-the-world-el-proximo-16-y-17-de-julio\/\" \/>\n<meta property=\"og:locale\" content=\"es_ES\" \/>\n<meta property=\"og:type\" content=\"article\" \/>\n<meta property=\"og:title\" content=\"El d\u00fao Tom &amp; Collins se presentar\u00e1 en Tomorrowland Around the World el pr\u00f3ximo 16 y 17 de julio - Zero Magazine\" \/>\n<meta property=\"og:description\" content=\"El d\u00fao Tom &amp; Collins ser\u00e1n los \u00fanicos DJ\u2019s mexicanos en tocar en la edici\u00f3n digital de \u201cTomorrowland Around The World\u201d. Fue en 2017 cuando la agencia mexicana, Rokkatto Agency empez\u00f3 a hacer historia en el g\u00e9nero de la m\u00fasica electr\u00f3nica, logrando posicionar el talento mexicano en los festivales y club\u2019s nocturnos m\u00e1s famosos del [&hellip;]\" \/>\n<meta property=\"og:url\" content=\"https:\/\/zeromagazine.mx\/index.php\/2021\/06\/25\/el-duo-tom-collins-se-presentara-en-tomorrowland-around-the-world-el-proximo-16-y-17-de-julio\/\" \/>\n<meta property=\"og:site_name\" content=\"Zero Magazine\" \/>\n<meta property=\"article:published_time\" content=\"2021-06-25T18:00:00+00:00\" \/>\n<meta name=\"author\" content=\"zeromagazinemx\" \/>\n<meta name=\"twitter:card\" content=\"summary_large_image\" \/>\n<meta name=\"twitter:label1\" content=\"Escrito por\" \/>\n\t<meta name=\"twitter:data1\" content=\"zeromagazinemx\" \/>\n\t<meta name=\"twitter:label2\" content=\"Tiempo de lectura\" \/>\n\t<meta name=\"twitter:data2\" content=\"2 minutos\" \/>\n<script type=\"application\/ld+json\" class=\"yoast-schema-graph\">{\"@context\":\"https:\\\/\\\/schema.org\",\"@graph\":[{\"@type\":\"Article\",\"@id\":\"https:\\\/\\\/zeromagazine.mx\\\/index.php\\\/2021\\\/06\\\/25\\\/el-duo-tom-collins-se-presentara-en-tomorrowland-around-the-world-el-proximo-16-y-17-de-julio\\\/#article\",\"isPartOf\":{\"@id\":\"https:\\\/\\\/zeromagazine.mx\\\/index.php\\\/2021\\\/06\\\/25\\\/el-duo-tom-collins-se-presentara-en-tomorrowland-around-the-world-el-proximo-16-y-17-de-julio\\\/\"},\"author\":{\"name\":\"zeromagazinemx\",\"@id\":\"https:\\\/\\\/zeromagazine.mx\\\/#\\\/schema\\\/person\\\/9aed9f33a7c39af3a348b86d723f7773\"},\"headline\":\"El d\u00fao Tom &amp; Collins se presentar\u00e1 en Tomorrowland Around the World el pr\u00f3ximo 16 y 17 de julio\",\"datePublished\":\"2021-06-25T18:00:00+00:00\",\"mainEntityOfPage\":{\"@id\":\"https:\\\/\\\/zeromagazine.mx\\\/index.php\\\/2021\\\/06\\\/25\\\/el-duo-tom-collins-se-presentara-en-tomorrowland-around-the-world-el-proximo-16-y-17-de-julio\\\/\"},\"wordCount\":331,\"commentCount\":0,\"publisher\":{\"@id\":\"https:\\\/\\\/zeromagazine.mx\\\/#organization\"},\"image\":{\"@id\":\"https:\\\/\\\/zeromagazine.mx\\\/index.php\\\/2021\\\/06\\\/25\\\/el-duo-tom-collins-se-presentara-en-tomorrowland-around-the-world-el-proximo-16-y-17-de-julio\\\/#primaryimage\"},\"thumbnailUrl\":\"\",\"keywords\":[\"Afrojack\",\"Alan Walker\",\"Alex Preston\",\"Armin Van Buuren\",\"Cat Dealers\",\"CHARLOTTE DE WITTE\",\"Claptone\",\"Danny Avila\",\"Fedde Le Grand\",\"HI-LO\",\"incluidos Adam Beyer\",\"KC Lights\",\"Kolsch\",\"Lost Frequencies\",\"Marciano\",\"Mike Williams\",\"Nicky Romero\",\"Ofenbach\",\"Papilonem\",\"Quintino\",\"Reb\u016bke\",\"Robin Schulz\",\"rokkatto agency\",\"Sam Feldt\",\"Shake Me\",\"Sunnery James &amp; Ryan\",\"Tom &amp; Collins\",\"TOMORROWLAND\",\"Tomorrowland Around The World\",\"Tomorrowland Around The World 2021\",\"Topic\",\"Vini Vici\",\"Vintage Culture e Yves V.El escenario Elixir tambi\u00e9n contar\u00e1 con una alineaci\u00f3n repleta de estrellas con artistas de clase mundial\"],\"articleSection\":[\"Entretenimiento\"],\"inLanguage\":\"es\",\"potentialAction\":[{\"@type\":\"CommentAction\",\"name\":\"Comment\",\"target\":[\"https:\\\/\\\/zeromagazine.mx\\\/index.php\\\/2021\\\/06\\\/25\\\/el-duo-tom-collins-se-presentara-en-tomorrowland-around-the-world-el-proximo-16-y-17-de-julio\\\/#respond\"]}]},{\"@type\":\"WebPage\",\"@id\":\"https:\\\/\\\/zeromagazine.mx\\\/index.php\\\/2021\\\/06\\\/25\\\/el-duo-tom-collins-se-presentara-en-tomorrowland-around-the-world-el-proximo-16-y-17-de-julio\\\/\",\"url\":\"https:\\\/\\\/zeromagazine.mx\\\/index.php\\\/2021\\\/06\\\/25\\\/el-duo-tom-collins-se-presentara-en-tomorrowland-around-the-world-el-proximo-16-y-17-de-julio\\\/\",\"name\":\"El d\u00fao Tom &amp; Collins se presentar\u00e1 en Tomorrowland Around the World el pr\u00f3ximo 16 y 17 de julio - Zero Magazine\",\"isPartOf\":{\"@id\":\"https:\\\/\\\/zeromagazine.mx\\\/#website\"},\"primaryImageOfPage\":{\"@id\":\"https:\\\/\\\/zeromagazine.mx\\\/index.php\\\/2021\\\/06\\\/25\\\/el-duo-tom-collins-se-presentara-en-tomorrowland-around-the-world-el-proximo-16-y-17-de-julio\\\/#primaryimage\"},\"image\":{\"@id\":\"https:\\\/\\\/zeromagazine.mx\\\/index.php\\\/2021\\\/06\\\/25\\\/el-duo-tom-collins-se-presentara-en-tomorrowland-around-the-world-el-proximo-16-y-17-de-julio\\\/#primaryimage\"},\"thumbnailUrl\":\"\",\"datePublished\":\"2021-06-25T18:00:00+00:00\",\"breadcrumb\":{\"@id\":\"https:\\\/\\\/zeromagazine.mx\\\/index.php\\\/2021\\\/06\\\/25\\\/el-duo-tom-collins-se-presentara-en-tomorrowland-around-the-world-el-proximo-16-y-17-de-julio\\\/#breadcrumb\"},\"inLanguage\":\"es\",\"potentialAction\":[{\"@type\":\"ReadAction\",\"target\":[\"https:\\\/\\\/zeromagazine.mx\\\/index.php\\\/2021\\\/06\\\/25\\\/el-duo-tom-collins-se-presentara-en-tomorrowland-around-the-world-el-proximo-16-y-17-de-julio\\\/\"]}]},{\"@type\":\"ImageObject\",\"inLanguage\":\"es\",\"@id\":\"https:\\\/\\\/zeromagazine.mx\\\/index.php\\\/2021\\\/06\\\/25\\\/el-duo-tom-collins-se-presentara-en-tomorrowland-around-the-world-el-proximo-16-y-17-de-julio\\\/#primaryimage\",\"url\":\"\",\"contentUrl\":\"\"},{\"@type\":\"BreadcrumbList\",\"@id\":\"https:\\\/\\\/zeromagazine.mx\\\/index.php\\\/2021\\\/06\\\/25\\\/el-duo-tom-collins-se-presentara-en-tomorrowland-around-the-world-el-proximo-16-y-17-de-julio\\\/#breadcrumb\",\"itemListElement\":[{\"@type\":\"ListItem\",\"position\":1,\"name\":\"Portada\",\"item\":\"https:\\\/\\\/zeromagazine.mx\\\/\"},{\"@type\":\"ListItem\",\"position\":2,\"name\":\"El d\u00fao Tom &amp; Collins se presentar\u00e1 en Tomorrowland Around the World el pr\u00f3ximo 16 y 17 de julio\"}]},{\"@type\":\"WebSite\",\"@id\":\"https:\\\/\\\/zeromagazine.mx\\\/#website\",\"url\":\"https:\\\/\\\/zeromagazine.mx\\\/\",\"name\":\"Zero Magazine\",\"description\":\"\",\"publisher\":{\"@id\":\"https:\\\/\\\/zeromagazine.mx\\\/#organization\"},\"potentialAction\":[{\"@type\":\"SearchAction\",\"target\":{\"@type\":\"EntryPoint\",\"urlTemplate\":\"https:\\\/\\\/zeromagazine.mx\\\/?s={search_term_string}\"},\"query-input\":{\"@type\":\"PropertyValueSpecification\",\"valueRequired\":true,\"valueName\":\"search_term_string\"}}],\"inLanguage\":\"es\"},{\"@type\":\"Organization\",\"@id\":\"https:\\\/\\\/zeromagazine.mx\\\/#organization\",\"name\":\"Zero Magazine\",\"url\":\"https:\\\/\\\/zeromagazine.mx\\\/\",\"logo\":{\"@type\":\"ImageObject\",\"inLanguage\":\"es\",\"@id\":\"https:\\\/\\\/zeromagazine.mx\\\/#\\\/schema\\\/logo\\\/image\\\/\",\"url\":\"https:\\\/\\\/i0.wp.com\\\/zeromagazine.mx\\\/wp-content\\\/uploads\\\/2025\\\/11\\\/1.jpeg?fit=1000%2C1000&ssl=1\",\"contentUrl\":\"https:\\\/\\\/i0.wp.com\\\/zeromagazine.mx\\\/wp-content\\\/uploads\\\/2025\\\/11\\\/1.jpeg?fit=1000%2C1000&ssl=1\",\"width\":1000,\"height\":1000,\"caption\":\"Zero Magazine\"},\"image\":{\"@id\":\"https:\\\/\\\/zeromagazine.mx\\\/#\\\/schema\\\/logo\\\/image\\\/\"},\"sameAs\":[\"https:\\\/\\\/instagram.com\\\/zeromagazinemx\"]},{\"@type\":\"Person\",\"@id\":\"https:\\\/\\\/zeromagazine.mx\\\/#\\\/schema\\\/person\\\/9aed9f33a7c39af3a348b86d723f7773\",\"name\":\"zeromagazinemx\",\"image\":{\"@type\":\"ImageObject\",\"inLanguage\":\"es\",\"@id\":\"https:\\\/\\\/zeromagazine.mx\\\/wp-content\\\/litespeed\\\/avatar\\\/f91dfe5410d5dcb1a576bf8c45983896.jpg?ver=1788458678\",\"url\":\"https:\\\/\\\/zeromagazine.mx\\\/wp-content\\\/litespeed\\\/avatar\\\/f91dfe5410d5dcb1a576bf8c45983896.jpg?ver=1788458678\",\"contentUrl\":\"https:\\\/\\\/zeromagazine.mx\\\/wp-content\\\/litespeed\\\/avatar\\\/f91dfe5410d5dcb1a576bf8c45983896.jpg?ver=1788458678\",\"caption\":\"zeromagazinemx\"},\"url\":\"https:\\\/\\\/zeromagazine.mx\\\/index.php\\\/author\\\/zeromagazinemx\\\/\"}]}<\/script>\n<!-- \/ Yoast SEO plugin. -->","yoast_head_json":{"title":"El d\u00fao Tom &amp; Collins se presentar\u00e1 en Tomorrowland Around the World el pr\u00f3ximo 16 y 17 de julio - Zero Magazine","robots":{"index":"index","follow":"follow","max-snippet":"max-snippet:-1","max-image-preview":"max-image-preview:large","max-video-preview":"max-video-preview:-1"},"canonical":"https:\/\/zeromagazine.mx\/index.php\/2021\/06\/25\/el-duo-tom-collins-se-presentara-en-tomorrowland-around-the-world-el-proximo-16-y-17-de-julio\/","og_locale":"es_ES","og_type":"article","og_title":"El d\u00fao Tom &amp; Collins se presentar\u00e1 en Tomorrowland Around the World el pr\u00f3ximo 16 y 17 de julio - Zero Magazine","og_description":"El d\u00fao Tom &amp; Collins ser\u00e1n los \u00fanicos DJ\u2019s mexicanos en tocar en la edici\u00f3n digital de \u201cTomorrowland Around The World\u201d. Fue en 2017 cuando la agencia mexicana, Rokkatto Agency empez\u00f3 a hacer historia en el g\u00e9nero de la m\u00fasica electr\u00f3nica, logrando posicionar el talento mexicano en los festivales y club\u2019s nocturnos m\u00e1s famosos del [&hellip;]","og_url":"https:\/\/zeromagazine.mx\/index.php\/2021\/06\/25\/el-duo-tom-collins-se-presentara-en-tomorrowland-around-the-world-el-proximo-16-y-17-de-julio\/","og_site_name":"Zero Magazine","article_published_time":"2021-06-25T18:00:00+00:00","author":"zeromagazinemx","twitter_card":"summary_large_image","twitter_misc":{"Escrito por":"zeromagazinemx","Tiempo de lectura":"2 minutos"},"schema":{"@context":"https:\/\/schema.org","@graph":[{"@type":"Article","@id":"https:\/\/zeromagazine.mx\/index.php\/2021\/06\/25\/el-duo-tom-collins-se-presentara-en-tomorrowland-around-the-world-el-proximo-16-y-17-de-julio\/#article","isPartOf":{"@id":"https:\/\/zeromagazine.mx\/index.php\/2021\/06\/25\/el-duo-tom-collins-se-presentara-en-tomorrowland-around-the-world-el-proximo-16-y-17-de-julio\/"},"author":{"name":"zeromagazinemx","@id":"https:\/\/zeromagazine.mx\/#\/schema\/person\/9aed9f33a7c39af3a348b86d723f7773"},"headline":"El d\u00fao Tom &amp; Collins se presentar\u00e1 en Tomorrowland Around the World el pr\u00f3ximo 16 y 17 de julio","datePublished":"2021-06-25T18:00:00+00:00","mainEntityOfPage":{"@id":"https:\/\/zeromagazine.mx\/index.php\/2021\/06\/25\/el-duo-tom-collins-se-presentara-en-tomorrowland-around-the-world-el-proximo-16-y-17-de-julio\/"},"wordCount":331,"commentCount":0,"publisher":{"@id":"https:\/\/zeromagazine.mx\/#organization"},"image":{"@id":"https:\/\/zeromagazine.mx\/index.php\/2021\/06\/25\/el-duo-tom-collins-se-presentara-en-tomorrowland-around-the-world-el-proximo-16-y-17-de-julio\/#primaryimage"},"thumbnailUrl":"","keywords":["Afrojack","Alan Walker","Alex Preston","Armin Van Buuren","Cat Dealers","CHARLOTTE DE WITTE","Claptone","Danny Avila","Fedde Le Grand","HI-LO","incluidos Adam Beyer","KC Lights","Kolsch","Lost Frequencies","Marciano","Mike Williams","Nicky Romero","Ofenbach","Papilonem","Quintino","Reb\u016bke","Robin Schulz","rokkatto agency","Sam Feldt","Shake Me","Sunnery James &amp; Ryan","Tom &amp; Collins","TOMORROWLAND","Tomorrowland Around The World","Tomorrowland Around The World 2021","Topic","Vini Vici","Vintage Culture e Yves V.El escenario Elixir tambi\u00e9n contar\u00e1 con una alineaci\u00f3n repleta de estrellas con artistas de clase mundial"],"articleSection":["Entretenimiento"],"inLanguage":"es","potentialAction":[{"@type":"CommentAction","name":"Comment","target":["https:\/\/zeromagazine.mx\/index.php\/2021\/06\/25\/el-duo-tom-collins-se-presentara-en-tomorrowland-around-the-world-el-proximo-16-y-17-de-julio\/#respond"]}]},{"@type":"WebPage","@id":"https:\/\/zeromagazine.mx\/index.php\/2021\/06\/25\/el-duo-tom-collins-se-presentara-en-tomorrowland-around-the-world-el-proximo-16-y-17-de-julio\/","url":"https:\/\/zeromagazine.mx\/index.php\/2021\/06\/25\/el-duo-tom-collins-se-presentara-en-tomorrowland-around-the-world-el-proximo-16-y-17-de-julio\/","name":"El d\u00fao Tom &amp; Collins se presentar\u00e1 en Tomorrowland Around the World el pr\u00f3ximo 16 y 17 de julio - Zero Magazine","isPartOf":{"@id":"https:\/\/zeromagazine.mx\/#website"},"primaryImageOfPage":{"@id":"https:\/\/zeromagazine.mx\/index.php\/2021\/06\/25\/el-duo-tom-collins-se-presentara-en-tomorrowland-around-the-world-el-proximo-16-y-17-de-julio\/#primaryimage"},"image":{"@id":"https:\/\/zeromagazine.mx\/index.php\/2021\/06\/25\/el-duo-tom-collins-se-presentara-en-tomorrowland-around-the-world-el-proximo-16-y-17-de-julio\/#primaryimage"},"thumbnailUrl":"","datePublished":"2021-06-25T18:00:00+00:00","breadcrumb":{"@id":"https:\/\/zeromagazine.mx\/index.php\/2021\/06\/25\/el-duo-tom-collins-se-presentara-en-tomorrowland-around-the-world-el-proximo-16-y-17-de-julio\/#breadcrumb"},"inLanguage":"es","potentialAction":[{"@type":"ReadAction","target":["https:\/\/zeromagazine.mx\/index.php\/2021\/06\/25\/el-duo-tom-collins-se-presentara-en-tomorrowland-around-the-world-el-proximo-16-y-17-de-julio\/"]}]},{"@type":"ImageObject","inLanguage":"es","@id":"https:\/\/zeromagazine.mx\/index.php\/2021\/06\/25\/el-duo-tom-collins-se-presentara-en-tomorrowland-around-the-world-el-proximo-16-y-17-de-julio\/#primaryimage","url":"","contentUrl":""},{"@type":"BreadcrumbList","@id":"https:\/\/zeromagazine.mx\/index.php\/2021\/06\/25\/el-duo-tom-collins-se-presentara-en-tomorrowland-around-the-world-el-proximo-16-y-17-de-julio\/#breadcrumb","itemListElement":[{"@type":"ListItem","position":1,"name":"Portada","item":"https:\/\/zeromagazine.mx\/"},{"@type":"ListItem","position":2,"name":"El d\u00fao Tom &amp; Collins se presentar\u00e1 en Tomorrowland Around the World el pr\u00f3ximo 16 y 17 de julio"}]},{"@type":"WebSite","@id":"https:\/\/zeromagazine.mx\/#website","url":"https:\/\/zeromagazine.mx\/","name":"Zero Magazine","description":"","publisher":{"@id":"https:\/\/zeromagazine.mx\/#organization"},"potentialAction":[{"@type":"SearchAction","target":{"@type":"EntryPoint","urlTemplate":"https:\/\/zeromagazine.mx\/?s={search_term_string}"},"query-input":{"@type":"PropertyValueSpecification","valueRequired":true,"valueName":"search_term_string"}}],"inLanguage":"es"},{"@type":"Organization","@id":"https:\/\/zeromagazine.mx\/#organization","name":"Zero Magazine","url":"https:\/\/zeromagazine.mx\/","logo":{"@type":"ImageObject","inLanguage":"es","@id":"https:\/\/zeromagazine.mx\/#\/schema\/logo\/image\/","url":"https:\/\/i0.wp.com\/zeromagazine.mx\/wp-content\/uploads\/2025\/11\/1.jpeg?fit=1000%2C1000&ssl=1","contentUrl":"https:\/\/i0.wp.com\/zeromagazine.mx\/wp-content\/uploads\/2025\/11\/1.jpeg?fit=1000%2C1000&ssl=1","width":1000,"height":1000,"caption":"Zero Magazine"},"image":{"@id":"https:\/\/zeromagazine.mx\/#\/schema\/logo\/image\/"},"sameAs":["https:\/\/instagram.com\/zeromagazinemx"]},{"@type":"Person","@id":"https:\/\/zeromagazine.mx\/#\/schema\/person\/9aed9f33a7c39af3a348b86d723f7773","name":"zeromagazinemx","image":{"@type":"ImageObject","inLanguage":"es","@id":"https:\/\/zeromagazine.mx\/wp-content\/litespeed\/avatar\/f91dfe5410d5dcb1a576bf8c45983896.jpg?ver=1788458678","url":"https:\/\/zeromagazine.mx\/wp-content\/litespeed\/avatar\/f91dfe5410d5dcb1a576bf8c45983896.jpg?ver=1788458678","contentUrl":"https:\/\/zeromagazine.mx\/wp-content\/litespeed\/avatar\/f91dfe5410d5dcb1a576bf8c45983896.jpg?ver=1788458678","caption":"zeromagazinemx"},"url":"https:\/\/zeromagazine.mx\/index.php\/author\/zeromagazinemx\/"}]}},"jetpack_publicize_connections":[],"jetpack-related-posts":[{"id":124031,"url":"https:\/\/zeromagazine.mx\/index.php\/2026\/06\/29\/unread-tomorrowland-2026-veracruz\/","url_meta":{"origin":48794,"position":0},"title":"Unread debutar\u00e1 en Tomorrowland 2026","author":"David Morales","date":"29 de junio de 2026","format":false,"excerpt":"El DJ mexicano Unread ser\u00e1 el primer artista originario de Veracruz en presentarse en Tomorrowland, el festival de electr\u00f3nica m\u00e1s importante del mundo.","rel":"","context":"En \u00abM\u00fasica\u00bb","block_context":{"text":"M\u00fasica","link":"https:\/\/zeromagazine.mx\/index.php\/category\/musica\/"},"img":{"alt_text":"DJ mexicano Unread representar\u00e1 a Veracruz en Tomorrowland","src":"https:\/\/i0.wp.com\/zeromagazine.mx\/wp-content\/uploads\/2026\/07\/UNREAD-press-2.jpg?fit=800%2C1200&ssl=1&resize=350%2C200","width":350,"height":200,"srcset":"https:\/\/i0.wp.com\/zeromagazine.mx\/wp-content\/uploads\/2026\/07\/UNREAD-press-2.jpg?fit=800%2C1200&ssl=1&resize=350%2C200 1x, https:\/\/i0.wp.com\/zeromagazine.mx\/wp-content\/uploads\/2026\/07\/UNREAD-press-2.jpg?fit=800%2C1200&ssl=1&resize=525%2C300 1.5x, https:\/\/i0.wp.com\/zeromagazine.mx\/wp-content\/uploads\/2026\/07\/UNREAD-press-2.jpg?fit=800%2C1200&ssl=1&resize=700%2C400 2x"},"classes":[]},{"id":122699,"url":"https:\/\/zeromagazine.mx\/index.php\/2026\/06\/09\/the-criminal-sounds-tomorrowland-2026\/","url_meta":{"origin":48794,"position":1},"title":"THE CRIMINAL SOUNDS HAR\u00c1 HISTORIA EN TOMORROWLAND 2026.","author":"David Morales","date":"9 de junio de 2026","format":false,"excerpt":"Con una propuesta que mezcla m\u00fasica, identidad visual y una comunidad en constante crecimiento, The Criminal Sounds debutar\u00e1 este verano en Tomorrowland, uno de los festivales m\u00e1s importantes del planeta. Hay metas que parecen imposibles hasta que un d\u00eda aparecen en el cartel de Tomorrowland. Para cualquier artista de m\u00fasica\u2026","rel":"","context":"En \u00abM\u00fasica\u00bb","block_context":{"text":"M\u00fasica","link":"https:\/\/zeromagazine.mx\/index.php\/category\/musica\/"},"img":{"alt_text":"","src":"https:\/\/i0.wp.com\/zeromagazine.mx\/wp-content\/uploads\/2026\/06\/83b99922-09dd-4c91-a78d-3b7ef5f505c2.jpeg?fit=1200%2C800&ssl=1&resize=350%2C200","width":350,"height":200,"srcset":"https:\/\/i0.wp.com\/zeromagazine.mx\/wp-content\/uploads\/2026\/06\/83b99922-09dd-4c91-a78d-3b7ef5f505c2.jpeg?fit=1200%2C800&ssl=1&resize=350%2C200 1x, https:\/\/i0.wp.com\/zeromagazine.mx\/wp-content\/uploads\/2026\/06\/83b99922-09dd-4c91-a78d-3b7ef5f505c2.jpeg?fit=1200%2C800&ssl=1&resize=525%2C300 1.5x, https:\/\/i0.wp.com\/zeromagazine.mx\/wp-content\/uploads\/2026\/06\/83b99922-09dd-4c91-a78d-3b7ef5f505c2.jpeg?fit=1200%2C800&ssl=1&resize=700%2C400 2x, https:\/\/i0.wp.com\/zeromagazine.mx\/wp-content\/uploads\/2026\/06\/83b99922-09dd-4c91-a78d-3b7ef5f505c2.jpeg?fit=1200%2C800&ssl=1&resize=1050%2C600 3x"},"classes":[]},{"id":114960,"url":"https:\/\/zeromagazine.mx\/index.php\/2026\/02\/09\/dwitches-wikka-edc-mexico-2026\/","url_meta":{"origin":48794,"position":2},"title":"D\u2019WITCHES\u00a0consolida Wikka tras su exitosa presentaci\u00f3n en Tulum y se prepara para su show en EDC M\u00e9xico con su nuevo release.","author":"David Morales","date":"9 de febrero de 2026","format":false,"excerpt":"La escena electr\u00f3nica mexicana tiene nuevos rituales sonoros y llevan firma femenina.\u00a0D\u2019Witches WIKKA\u00a0no solo es un concepto: es un universo creativo que mezcla m\u00fasica, energ\u00eda colectiva y narrativa m\u00edstica en un mismo pulso. Tras un sold out en Tulum que marc\u00f3 el nacimiento oficial de su label, el d\u00fao integrado\u2026","rel":"","context":"En \u00abBlog\u00bb","block_context":{"text":"Blog","link":"https:\/\/zeromagazine.mx\/index.php\/category\/blog\/"},"img":{"alt_text":"","src":"https:\/\/i0.wp.com\/zeromagazine.mx\/wp-content\/uploads\/2026\/02\/DWITCHESxCONEJO-41-1-1-scaled.jpeg?fit=801%2C1200&ssl=1&resize=350%2C200","width":350,"height":200,"srcset":"https:\/\/i0.wp.com\/zeromagazine.mx\/wp-content\/uploads\/2026\/02\/DWITCHESxCONEJO-41-1-1-scaled.jpeg?fit=801%2C1200&ssl=1&resize=350%2C200 1x, https:\/\/i0.wp.com\/zeromagazine.mx\/wp-content\/uploads\/2026\/02\/DWITCHESxCONEJO-41-1-1-scaled.jpeg?fit=801%2C1200&ssl=1&resize=525%2C300 1.5x, https:\/\/i0.wp.com\/zeromagazine.mx\/wp-content\/uploads\/2026\/02\/DWITCHESxCONEJO-41-1-1-scaled.jpeg?fit=801%2C1200&ssl=1&resize=700%2C400 2x"},"classes":[]},{"id":115195,"url":"https:\/\/zeromagazine.mx\/index.php\/2026\/02\/11\/le-twins-edc-mexico-2026-headliners\/","url_meta":{"origin":48794,"position":3},"title":"Le Twins hacen historia en EDC M\u00e9xico 2026 como headliners del escenario Dos Equis.","author":"David Morales","date":"11 de febrero de 2026","format":false,"excerpt":"La historia de la electr\u00f3nica mexicana acaba de sumar un cap\u00edtulo heavy.\u00a0Le Twins EDC M\u00e9xico\u00a0no solo representa un booking m\u00e1s dentro del festival: es la confirmaci\u00f3n de que el talento local puede dominar los escenarios m\u00e1s grandes del planeta\u2026 y hacerlo a su manera. El d\u00fao regresa a EDC M\u00e9xico\u2026","rel":"","context":"En \u00abConcierto\u00bb","block_context":{"text":"Concierto","link":"https:\/\/zeromagazine.mx\/index.php\/category\/concierto\/"},"img":{"alt_text":"","src":"https:\/\/i0.wp.com\/zeromagazine.mx\/wp-content\/uploads\/2026\/02\/IMG_1410-1.jpeg?fit=1200%2C686&ssl=1&resize=350%2C200","width":350,"height":200,"srcset":"https:\/\/i0.wp.com\/zeromagazine.mx\/wp-content\/uploads\/2026\/02\/IMG_1410-1.jpeg?fit=1200%2C686&ssl=1&resize=350%2C200 1x, https:\/\/i0.wp.com\/zeromagazine.mx\/wp-content\/uploads\/2026\/02\/IMG_1410-1.jpeg?fit=1200%2C686&ssl=1&resize=525%2C300 1.5x, https:\/\/i0.wp.com\/zeromagazine.mx\/wp-content\/uploads\/2026\/02\/IMG_1410-1.jpeg?fit=1200%2C686&ssl=1&resize=700%2C400 2x, https:\/\/i0.wp.com\/zeromagazine.mx\/wp-content\/uploads\/2026\/02\/IMG_1410-1.jpeg?fit=1200%2C686&ssl=1&resize=1050%2C600 3x"},"classes":[]},{"id":81771,"url":"https:\/\/zeromagazine.mx\/index.php\/2024\/08\/13\/__trashed\/","url_meta":{"origin":48794,"position":4},"title":"Angemi: La Evoluci\u00f3n de un DJ y Productor","author":"David Morales","date":"13 de agosto de 2024","format":false,"excerpt":"Hoy hablamos con Angemi, el DJ y productor que ha transformado su pasi\u00f3n por la m\u00fasica electr\u00f3nica en una carrera exitosa. Desde sus inicios autodidactas hasta colaborar con gigantes del EDM, Angemi comparte c\u00f3mo ha superado desaf\u00edos personales y profesionales. Descubre su viaje desde el bullying hasta el lanzamiento de\u2026","rel":"","context":"En \u00abBlog\u00bb","block_context":{"text":"Blog","link":"https:\/\/zeromagazine.mx\/index.php\/category\/blog\/"},"img":{"alt_text":"","src":"https:\/\/i0.wp.com\/zeromagazine.mx\/wp-content\/uploads\/2024\/08\/IMG_1442-scaled.jpeg?fit=960%2C1200&ssl=1&resize=350%2C200","width":350,"height":200,"srcset":"https:\/\/i0.wp.com\/zeromagazine.mx\/wp-content\/uploads\/2024\/08\/IMG_1442-scaled.jpeg?fit=960%2C1200&ssl=1&resize=350%2C200 1x, https:\/\/i0.wp.com\/zeromagazine.mx\/wp-content\/uploads\/2024\/08\/IMG_1442-scaled.jpeg?fit=960%2C1200&ssl=1&resize=525%2C300 1.5x, https:\/\/i0.wp.com\/zeromagazine.mx\/wp-content\/uploads\/2024\/08\/IMG_1442-scaled.jpeg?fit=960%2C1200&ssl=1&resize=700%2C400 2x"},"classes":[]},{"id":97437,"url":"https:\/\/zeromagazine.mx\/index.php\/2025\/02\/24\/marlon-villamil-portada-zero-magazine\/","url_meta":{"origin":48794,"position":5},"title":"Marlon Villamil: una historia de autenticidad y evoluci\u00f3n","author":"David Morales","date":"24 de febrero de 2025","format":false,"excerpt":"Desde sus primeros pasos en redes sociales hasta convertirse en una figura destacada en el mundo digital, Marlon Villamil ha demostrado que la autenticidad es clave para conectar con millones de personas. Su carisma, naturalidad y estilo lo han llevado a explorar diferentes facetas de su carrera, y ahora est\u00e1\u2026","rel":"","context":"En \u00abPortada\u00bb","block_context":{"text":"Portada","link":"https:\/\/zeromagazine.mx\/index.php\/category\/portada\/"},"img":{"alt_text":"","src":"https:\/\/i0.wp.com\/zeromagazine.mx\/wp-content\/uploads\/2025\/02\/IMG_3563-scaled.jpeg?fit=927%2C1200&ssl=1&resize=350%2C200","width":350,"height":200,"srcset":"https:\/\/i0.wp.com\/zeromagazine.mx\/wp-content\/uploads\/2025\/02\/IMG_3563-scaled.jpeg?fit=927%2C1200&ssl=1&resize=350%2C200 1x, https:\/\/i0.wp.com\/zeromagazine.mx\/wp-content\/uploads\/2025\/02\/IMG_3563-scaled.jpeg?fit=927%2C1200&ssl=1&resize=525%2C300 1.5x, https:\/\/i0.wp.com\/zeromagazine.mx\/wp-content\/uploads\/2025\/02\/IMG_3563-scaled.jpeg?fit=927%2C1200&ssl=1&resize=700%2C400 2x"},"classes":[]}],"jetpack_sharing_enabled":true,"builder_content":"","jetpack_featured_media_url":"","_links":{"self":[{"href":"https:\/\/zeromagazine.mx\/index.php\/wp-json\/wp\/v2\/posts\/48794","targetHints":{"allow":["GET"]}}],"collection":[{"href":"https:\/\/zeromagazine.mx\/index.php\/wp-json\/wp\/v2\/posts"}],"about":[{"href":"https:\/\/zeromagazine.mx\/index.php\/wp-json\/wp\/v2\/types\/post"}],"author":[{"embeddable":true,"href":"https:\/\/zeromagazine.mx\/index.php\/wp-json\/wp\/v2\/users\/2"}],"replies":[{"embeddable":true,"href":"https:\/\/zeromagazine.mx\/index.php\/wp-json\/wp\/v2\/comments?post=48794"}],"version-history":[{"count":0,"href":"https:\/\/zeromagazine.mx\/index.php\/wp-json\/wp\/v2\/posts\/48794\/revisions"}],"wp:attachment":[{"href":"https:\/\/zeromagazine.mx\/index.php\/wp-json\/wp\/v2\/media?parent=48794"}],"wp:term":[{"taxonomy":"category","embeddable":true,"href":"https:\/\/zeromagazine.mx\/index.php\/wp-json\/wp\/v2\/categories?post=48794"},{"taxonomy":"post_tag","embeddable":true,"href":"https:\/\/zeromagazine.mx\/index.php\/wp-json\/wp\/v2\/tags?post=48794"}],"curies":[{"name":"wp","href":"https:\/\/api.w.org\/{rel}","templated":true}]}}