{"id":48928,"date":"2021-06-27T09:00:00","date_gmt":"2021-06-27T14:00:00","guid":{"rendered":"https:\/\/atomic-temporary-84115225.wpcomstaging.com\/?p=48928"},"modified":"2021-06-27T09:00:00","modified_gmt":"2021-06-27T14:00:00","slug":"fano-callejo-regresan-con-su-nuevo-sencillo-carretera-2","status":"publish","type":"post","link":"https:\/\/zeromagazine.mx\/index.php\/2021\/06\/27\/fano-callejo-regresan-con-su-nuevo-sencillo-carretera-2\/","title":{"rendered":"Fano &amp; Callejo regresan con su nuevo sencillo \u201cCarretera\u201d"},"content":{"rendered":"\n<p>Como parte del colectivo <em><strong>El Caribe Mexicano<\/strong><\/em><strong>, Fano &amp; Callejo<\/strong> vuelven este verano con su nuevo sencillo \u201c<strong><em>Carretera<\/em><\/strong>\u201d.<\/p>\n\n\n\n<div class=\"wp-block-buttons is-layout-flex wp-block-buttons-is-layout-flex\">\n<div class=\"wp-block-button is-style-outline is-style-outline--1\"><a class=\"wp-block-button__link\">Por Mayra Torres<\/a><\/div>\n<\/div>\n\n\n\n<p><strong><em>Carretera <\/em><\/strong>es la canci\u00f3n que se perfila como uno de los himnos del romance contempor\u00e1neo, en el que no hay ramos de flores pero si mucho bellaqueo, m\u00fasica y <em>chilling<\/em>, para escapar de la rutina y dejarse llevar.<\/p>\n\n\n\n<figure class=\"wp-block-embed aligncenter is-type-video is-provider-youtube wp-block-embed-youtube wp-embed-aspect-16-9 wp-has-aspect-ratio\"><div class=\"wp-block-embed__wrapper\">\n<div class=\"post-video\"><iframe title=\"CARRETERA - FANO x Callejo\" width=\"1165\" height=\"655\" src=\"https:\/\/www.youtube.com\/embed\/KdCsXagpAdM?feature=oembed\" frameborder=\"0\" allow=\"accelerometer; autoplay; clipboard-write; encrypted-media; gyroscope; picture-in-picture; web-share\" allowfullscreen><\/iframe><\/div>\n<\/div><\/figure>\n\n\n\n\n\n<p><strong>Fano y Callejo<\/strong> son cantantes que han ganado relevancia en la escena de pop urbano, siendo part\u00edcipes de<em><strong> El Caribe Mexicano<\/strong><\/em>, un colectivo de j\u00f3venes artistas urbanos que est\u00e1n poniendo en alto el nombre de M\u00e9xico en el mundo. En solo unos meses han acumulado millones de streams y vistas con hits como <strong><em>Hakuna Matata, Pandora, Fuga, Salvaje<\/em><\/strong>, entre otros.<\/p>\n\n\n<!--themify_builder_content-->\n<div id=\"themify_builder_content-48928\" data-postid=\"48928\" class=\"themify_builder_content themify_builder_content-48928 themify_builder tf_clear\">\n    <\/div>\n<!--\/themify_builder_content-->\n","protected":false},"excerpt":{"rendered":"<p>Como parte del colectivo El Caribe Mexicano, Fano &amp; Callejo vuelven este verano con su nuevo sencillo \u201cCarretera\u201d. Carretera es la canci\u00f3n que se perfila como uno de los himnos del romance contempor\u00e1neo, en el que no hay ramos de flores pero si mucho bellaqueo, m\u00fasica y chilling, para escapar de la rutina y dejarse [&hellip;]<\/p>\n","protected":false},"author":2,"featured_media":48926,"comment_status":"open","ping_status":"open","sticky":false,"template":"","format":"standard","meta":{"_jetpack_memberships_contains_paid_content":false,"footnotes":"","jetpack_publicize_message":"#Carretera es el nuevo hit que nos prepararon Fano & Callejo para disfrutarlo este Verano \u00a1Esc\u00fachala ya mismo!","jetpack_publicize_feature_enabled":true,"jetpack_social_post_already_shared":true,"jetpack_social_options":{"image_generator_settings":{"template":"highway","default_image_id":0,"font":"","enabled":false},"version":2}},"categories":[117],"tags":[1726,1727,1728,1729,1730,1731,1732,1733,360],"class_list":["post-48928","post","type-post","status-publish","format-standard","has-post-thumbnail","hentry","category-entretenimiento","tag-carretera","tag-el-caribe-mexicano","tag-fano-callejo","tag-fuga","tag-hakuna-matata","tag-michaelbm","tag-pandora","tag-salvaje","tag-sencillo","has-post-title","has-post-date","has-post-category","has-post-tag","has-post-comment","has-post-author",""],"yoast_head":"<!-- This site is optimized with the Yoast SEO plugin v27.4 - https:\/\/yoast.com\/product\/yoast-seo-wordpress\/ -->\n<title>Fano &amp; Callejo regresan con su nuevo sencillo \u201cCarretera\u201d - Zero Magazine<\/title>\n<meta name=\"robots\" content=\"index, follow, max-snippet:-1, max-image-preview:large, max-video-preview:-1\" \/>\n<link rel=\"canonical\" href=\"https:\/\/zeromagazine.mx\/index.php\/2021\/06\/27\/fano-callejo-regresan-con-su-nuevo-sencillo-carretera-2\/\" \/>\n<meta property=\"og:locale\" content=\"es_ES\" \/>\n<meta property=\"og:type\" content=\"article\" \/>\n<meta property=\"og:title\" content=\"Fano &amp; Callejo regresan con su nuevo sencillo \u201cCarretera\u201d - Zero Magazine\" \/>\n<meta property=\"og:description\" content=\"Como parte del colectivo El Caribe Mexicano, Fano &amp; Callejo vuelven este verano con su nuevo sencillo \u201cCarretera\u201d. Carretera es la canci\u00f3n que se perfila como uno de los himnos del romance contempor\u00e1neo, en el que no hay ramos de flores pero si mucho bellaqueo, m\u00fasica y chilling, para escapar de la rutina y dejarse [&hellip;]\" \/>\n<meta property=\"og:url\" content=\"https:\/\/zeromagazine.mx\/index.php\/2021\/06\/27\/fano-callejo-regresan-con-su-nuevo-sencillo-carretera-2\/\" \/>\n<meta property=\"og:site_name\" content=\"Zero Magazine\" \/>\n<meta property=\"article:published_time\" content=\"2021-06-27T14:00:00+00:00\" \/>\n<meta name=\"author\" content=\"zeromagazinemx\" \/>\n<meta name=\"twitter:card\" content=\"summary_large_image\" \/>\n<meta name=\"twitter:label1\" content=\"Escrito por\" \/>\n\t<meta name=\"twitter:data1\" content=\"zeromagazinemx\" \/>\n\t<meta name=\"twitter:label2\" content=\"Tiempo de lectura\" \/>\n\t<meta name=\"twitter:data2\" content=\"1 minuto\" \/>\n<script type=\"application\/ld+json\" class=\"yoast-schema-graph\">{\"@context\":\"https:\\\/\\\/schema.org\",\"@graph\":[{\"@type\":\"Article\",\"@id\":\"https:\\\/\\\/zeromagazine.mx\\\/index.php\\\/2021\\\/06\\\/27\\\/fano-callejo-regresan-con-su-nuevo-sencillo-carretera-2\\\/#article\",\"isPartOf\":{\"@id\":\"https:\\\/\\\/zeromagazine.mx\\\/index.php\\\/2021\\\/06\\\/27\\\/fano-callejo-regresan-con-su-nuevo-sencillo-carretera-2\\\/\"},\"author\":{\"name\":\"zeromagazinemx\",\"@id\":\"https:\\\/\\\/zeromagazine.mx\\\/#\\\/schema\\\/person\\\/9aed9f33a7c39af3a348b86d723f7773\"},\"headline\":\"Fano &amp; Callejo regresan con su nuevo sencillo \u201cCarretera\u201d\",\"datePublished\":\"2021-06-27T14:00:00+00:00\",\"mainEntityOfPage\":{\"@id\":\"https:\\\/\\\/zeromagazine.mx\\\/index.php\\\/2021\\\/06\\\/27\\\/fano-callejo-regresan-con-su-nuevo-sencillo-carretera-2\\\/\"},\"wordCount\":142,\"commentCount\":0,\"publisher\":{\"@id\":\"https:\\\/\\\/zeromagazine.mx\\\/#organization\"},\"image\":{\"@id\":\"https:\\\/\\\/zeromagazine.mx\\\/index.php\\\/2021\\\/06\\\/27\\\/fano-callejo-regresan-con-su-nuevo-sencillo-carretera-2\\\/#primaryimage\"},\"thumbnailUrl\":\"\",\"keywords\":[\"Carretera\",\"El Caribe Mexicano\",\"Fano &amp; Callejo\",\"Fuga\",\"Hakuna Matata\",\"MichaelBM\",\"Pandora\",\"Salvaje\",\"Sencillo\"],\"articleSection\":[\"Entretenimiento\"],\"inLanguage\":\"es\",\"potentialAction\":[{\"@type\":\"CommentAction\",\"name\":\"Comment\",\"target\":[\"https:\\\/\\\/zeromagazine.mx\\\/index.php\\\/2021\\\/06\\\/27\\\/fano-callejo-regresan-con-su-nuevo-sencillo-carretera-2\\\/#respond\"]}]},{\"@type\":\"WebPage\",\"@id\":\"https:\\\/\\\/zeromagazine.mx\\\/index.php\\\/2021\\\/06\\\/27\\\/fano-callejo-regresan-con-su-nuevo-sencillo-carretera-2\\\/\",\"url\":\"https:\\\/\\\/zeromagazine.mx\\\/index.php\\\/2021\\\/06\\\/27\\\/fano-callejo-regresan-con-su-nuevo-sencillo-carretera-2\\\/\",\"name\":\"Fano &amp; Callejo regresan con su nuevo sencillo \u201cCarretera\u201d - Zero Magazine\",\"isPartOf\":{\"@id\":\"https:\\\/\\\/zeromagazine.mx\\\/#website\"},\"primaryImageOfPage\":{\"@id\":\"https:\\\/\\\/zeromagazine.mx\\\/index.php\\\/2021\\\/06\\\/27\\\/fano-callejo-regresan-con-su-nuevo-sencillo-carretera-2\\\/#primaryimage\"},\"image\":{\"@id\":\"https:\\\/\\\/zeromagazine.mx\\\/index.php\\\/2021\\\/06\\\/27\\\/fano-callejo-regresan-con-su-nuevo-sencillo-carretera-2\\\/#primaryimage\"},\"thumbnailUrl\":\"\",\"datePublished\":\"2021-06-27T14:00:00+00:00\",\"breadcrumb\":{\"@id\":\"https:\\\/\\\/zeromagazine.mx\\\/index.php\\\/2021\\\/06\\\/27\\\/fano-callejo-regresan-con-su-nuevo-sencillo-carretera-2\\\/#breadcrumb\"},\"inLanguage\":\"es\",\"potentialAction\":[{\"@type\":\"ReadAction\",\"target\":[\"https:\\\/\\\/zeromagazine.mx\\\/index.php\\\/2021\\\/06\\\/27\\\/fano-callejo-regresan-con-su-nuevo-sencillo-carretera-2\\\/\"]}]},{\"@type\":\"ImageObject\",\"inLanguage\":\"es\",\"@id\":\"https:\\\/\\\/zeromagazine.mx\\\/index.php\\\/2021\\\/06\\\/27\\\/fano-callejo-regresan-con-su-nuevo-sencillo-carretera-2\\\/#primaryimage\",\"url\":\"\",\"contentUrl\":\"\"},{\"@type\":\"BreadcrumbList\",\"@id\":\"https:\\\/\\\/zeromagazine.mx\\\/index.php\\\/2021\\\/06\\\/27\\\/fano-callejo-regresan-con-su-nuevo-sencillo-carretera-2\\\/#breadcrumb\",\"itemListElement\":[{\"@type\":\"ListItem\",\"position\":1,\"name\":\"Portada\",\"item\":\"https:\\\/\\\/zeromagazine.mx\\\/\"},{\"@type\":\"ListItem\",\"position\":2,\"name\":\"Fano &amp; Callejo regresan con su nuevo sencillo \u201cCarretera\u201d\"}]},{\"@type\":\"WebSite\",\"@id\":\"https:\\\/\\\/zeromagazine.mx\\\/#website\",\"url\":\"https:\\\/\\\/zeromagazine.mx\\\/\",\"name\":\"Zero Magazine\",\"description\":\"\",\"publisher\":{\"@id\":\"https:\\\/\\\/zeromagazine.mx\\\/#organization\"},\"potentialAction\":[{\"@type\":\"SearchAction\",\"target\":{\"@type\":\"EntryPoint\",\"urlTemplate\":\"https:\\\/\\\/zeromagazine.mx\\\/?s={search_term_string}\"},\"query-input\":{\"@type\":\"PropertyValueSpecification\",\"valueRequired\":true,\"valueName\":\"search_term_string\"}}],\"inLanguage\":\"es\"},{\"@type\":\"Organization\",\"@id\":\"https:\\\/\\\/zeromagazine.mx\\\/#organization\",\"name\":\"Zero Magazine\",\"url\":\"https:\\\/\\\/zeromagazine.mx\\\/\",\"logo\":{\"@type\":\"ImageObject\",\"inLanguage\":\"es\",\"@id\":\"https:\\\/\\\/zeromagazine.mx\\\/#\\\/schema\\\/logo\\\/image\\\/\",\"url\":\"https:\\\/\\\/i0.wp.com\\\/zeromagazine.mx\\\/wp-content\\\/uploads\\\/2025\\\/11\\\/1.jpeg?fit=1000%2C1000&ssl=1\",\"contentUrl\":\"https:\\\/\\\/i0.wp.com\\\/zeromagazine.mx\\\/wp-content\\\/uploads\\\/2025\\\/11\\\/1.jpeg?fit=1000%2C1000&ssl=1\",\"width\":1000,\"height\":1000,\"caption\":\"Zero Magazine\"},\"image\":{\"@id\":\"https:\\\/\\\/zeromagazine.mx\\\/#\\\/schema\\\/logo\\\/image\\\/\"},\"sameAs\":[\"https:\\\/\\\/instagram.com\\\/zeromagazinemx\"]},{\"@type\":\"Person\",\"@id\":\"https:\\\/\\\/zeromagazine.mx\\\/#\\\/schema\\\/person\\\/9aed9f33a7c39af3a348b86d723f7773\",\"name\":\"zeromagazinemx\",\"image\":{\"@type\":\"ImageObject\",\"inLanguage\":\"es\",\"@id\":\"https:\\\/\\\/zeromagazine.mx\\\/wp-content\\\/litespeed\\\/avatar\\\/f91dfe5410d5dcb1a576bf8c45983896.jpg?ver=1776966396\",\"url\":\"https:\\\/\\\/zeromagazine.mx\\\/wp-content\\\/litespeed\\\/avatar\\\/f91dfe5410d5dcb1a576bf8c45983896.jpg?ver=1776966396\",\"contentUrl\":\"https:\\\/\\\/zeromagazine.mx\\\/wp-content\\\/litespeed\\\/avatar\\\/f91dfe5410d5dcb1a576bf8c45983896.jpg?ver=1776966396\",\"caption\":\"zeromagazinemx\"},\"url\":\"https:\\\/\\\/zeromagazine.mx\\\/index.php\\\/author\\\/zeromagazinemx\\\/\"}]}<\/script>\n<!-- \/ Yoast SEO plugin. -->","yoast_head_json":{"title":"Fano &amp; Callejo regresan con su nuevo sencillo \u201cCarretera\u201d - Zero Magazine","robots":{"index":"index","follow":"follow","max-snippet":"max-snippet:-1","max-image-preview":"max-image-preview:large","max-video-preview":"max-video-preview:-1"},"canonical":"https:\/\/zeromagazine.mx\/index.php\/2021\/06\/27\/fano-callejo-regresan-con-su-nuevo-sencillo-carretera-2\/","og_locale":"es_ES","og_type":"article","og_title":"Fano &amp; Callejo regresan con su nuevo sencillo \u201cCarretera\u201d - Zero Magazine","og_description":"Como parte del colectivo El Caribe Mexicano, Fano &amp; Callejo vuelven este verano con su nuevo sencillo \u201cCarretera\u201d. Carretera es la canci\u00f3n que se perfila como uno de los himnos del romance contempor\u00e1neo, en el que no hay ramos de flores pero si mucho bellaqueo, m\u00fasica y chilling, para escapar de la rutina y dejarse [&hellip;]","og_url":"https:\/\/zeromagazine.mx\/index.php\/2021\/06\/27\/fano-callejo-regresan-con-su-nuevo-sencillo-carretera-2\/","og_site_name":"Zero Magazine","article_published_time":"2021-06-27T14:00:00+00:00","author":"zeromagazinemx","twitter_card":"summary_large_image","twitter_misc":{"Escrito por":"zeromagazinemx","Tiempo de lectura":"1 minuto"},"schema":{"@context":"https:\/\/schema.org","@graph":[{"@type":"Article","@id":"https:\/\/zeromagazine.mx\/index.php\/2021\/06\/27\/fano-callejo-regresan-con-su-nuevo-sencillo-carretera-2\/#article","isPartOf":{"@id":"https:\/\/zeromagazine.mx\/index.php\/2021\/06\/27\/fano-callejo-regresan-con-su-nuevo-sencillo-carretera-2\/"},"author":{"name":"zeromagazinemx","@id":"https:\/\/zeromagazine.mx\/#\/schema\/person\/9aed9f33a7c39af3a348b86d723f7773"},"headline":"Fano &amp; Callejo regresan con su nuevo sencillo \u201cCarretera\u201d","datePublished":"2021-06-27T14:00:00+00:00","mainEntityOfPage":{"@id":"https:\/\/zeromagazine.mx\/index.php\/2021\/06\/27\/fano-callejo-regresan-con-su-nuevo-sencillo-carretera-2\/"},"wordCount":142,"commentCount":0,"publisher":{"@id":"https:\/\/zeromagazine.mx\/#organization"},"image":{"@id":"https:\/\/zeromagazine.mx\/index.php\/2021\/06\/27\/fano-callejo-regresan-con-su-nuevo-sencillo-carretera-2\/#primaryimage"},"thumbnailUrl":"","keywords":["Carretera","El Caribe Mexicano","Fano &amp; Callejo","Fuga","Hakuna Matata","MichaelBM","Pandora","Salvaje","Sencillo"],"articleSection":["Entretenimiento"],"inLanguage":"es","potentialAction":[{"@type":"CommentAction","name":"Comment","target":["https:\/\/zeromagazine.mx\/index.php\/2021\/06\/27\/fano-callejo-regresan-con-su-nuevo-sencillo-carretera-2\/#respond"]}]},{"@type":"WebPage","@id":"https:\/\/zeromagazine.mx\/index.php\/2021\/06\/27\/fano-callejo-regresan-con-su-nuevo-sencillo-carretera-2\/","url":"https:\/\/zeromagazine.mx\/index.php\/2021\/06\/27\/fano-callejo-regresan-con-su-nuevo-sencillo-carretera-2\/","name":"Fano &amp; Callejo regresan con su nuevo sencillo \u201cCarretera\u201d - Zero Magazine","isPartOf":{"@id":"https:\/\/zeromagazine.mx\/#website"},"primaryImageOfPage":{"@id":"https:\/\/zeromagazine.mx\/index.php\/2021\/06\/27\/fano-callejo-regresan-con-su-nuevo-sencillo-carretera-2\/#primaryimage"},"image":{"@id":"https:\/\/zeromagazine.mx\/index.php\/2021\/06\/27\/fano-callejo-regresan-con-su-nuevo-sencillo-carretera-2\/#primaryimage"},"thumbnailUrl":"","datePublished":"2021-06-27T14:00:00+00:00","breadcrumb":{"@id":"https:\/\/zeromagazine.mx\/index.php\/2021\/06\/27\/fano-callejo-regresan-con-su-nuevo-sencillo-carretera-2\/#breadcrumb"},"inLanguage":"es","potentialAction":[{"@type":"ReadAction","target":["https:\/\/zeromagazine.mx\/index.php\/2021\/06\/27\/fano-callejo-regresan-con-su-nuevo-sencillo-carretera-2\/"]}]},{"@type":"ImageObject","inLanguage":"es","@id":"https:\/\/zeromagazine.mx\/index.php\/2021\/06\/27\/fano-callejo-regresan-con-su-nuevo-sencillo-carretera-2\/#primaryimage","url":"","contentUrl":""},{"@type":"BreadcrumbList","@id":"https:\/\/zeromagazine.mx\/index.php\/2021\/06\/27\/fano-callejo-regresan-con-su-nuevo-sencillo-carretera-2\/#breadcrumb","itemListElement":[{"@type":"ListItem","position":1,"name":"Portada","item":"https:\/\/zeromagazine.mx\/"},{"@type":"ListItem","position":2,"name":"Fano &amp; Callejo regresan con su nuevo sencillo \u201cCarretera\u201d"}]},{"@type":"WebSite","@id":"https:\/\/zeromagazine.mx\/#website","url":"https:\/\/zeromagazine.mx\/","name":"Zero Magazine","description":"","publisher":{"@id":"https:\/\/zeromagazine.mx\/#organization"},"potentialAction":[{"@type":"SearchAction","target":{"@type":"EntryPoint","urlTemplate":"https:\/\/zeromagazine.mx\/?s={search_term_string}"},"query-input":{"@type":"PropertyValueSpecification","valueRequired":true,"valueName":"search_term_string"}}],"inLanguage":"es"},{"@type":"Organization","@id":"https:\/\/zeromagazine.mx\/#organization","name":"Zero Magazine","url":"https:\/\/zeromagazine.mx\/","logo":{"@type":"ImageObject","inLanguage":"es","@id":"https:\/\/zeromagazine.mx\/#\/schema\/logo\/image\/","url":"https:\/\/i0.wp.com\/zeromagazine.mx\/wp-content\/uploads\/2025\/11\/1.jpeg?fit=1000%2C1000&ssl=1","contentUrl":"https:\/\/i0.wp.com\/zeromagazine.mx\/wp-content\/uploads\/2025\/11\/1.jpeg?fit=1000%2C1000&ssl=1","width":1000,"height":1000,"caption":"Zero Magazine"},"image":{"@id":"https:\/\/zeromagazine.mx\/#\/schema\/logo\/image\/"},"sameAs":["https:\/\/instagram.com\/zeromagazinemx"]},{"@type":"Person","@id":"https:\/\/zeromagazine.mx\/#\/schema\/person\/9aed9f33a7c39af3a348b86d723f7773","name":"zeromagazinemx","image":{"@type":"ImageObject","inLanguage":"es","@id":"https:\/\/zeromagazine.mx\/wp-content\/litespeed\/avatar\/f91dfe5410d5dcb1a576bf8c45983896.jpg?ver=1776966396","url":"https:\/\/zeromagazine.mx\/wp-content\/litespeed\/avatar\/f91dfe5410d5dcb1a576bf8c45983896.jpg?ver=1776966396","contentUrl":"https:\/\/zeromagazine.mx\/wp-content\/litespeed\/avatar\/f91dfe5410d5dcb1a576bf8c45983896.jpg?ver=1776966396","caption":"zeromagazinemx"},"url":"https:\/\/zeromagazine.mx\/index.php\/author\/zeromagazinemx\/"}]}},"jetpack_publicize_connections":[],"jetpack_featured_media_url":"","jetpack-related-posts":[{"id":107441,"url":"https:\/\/zeromagazine.mx\/index.php\/2025\/08\/21\/iqos-esteban-tamayo-colaboracion-edicion-especial\/","url_meta":{"origin":48928,"position":0},"title":"IQOS x Esteban Tamayo","author":"David Morales","date":"21 de agosto de 2025","format":false,"excerpt":"En un mundo donde la innovaci\u00f3n se encuentra con el dise\u00f1o, IQOS presenta su nueva edici\u00f3n especial en colaboraci\u00f3n con el dise\u00f1ador mexicano Esteban Tamayo. Una propuesta que no solo busca transformar la manera en que vivimos el consumo de nicotina, sino tambi\u00e9n reflejar la curiosidad, la creatividad y el\u2026","rel":"","context":"En \u00abModa\u00bb","block_context":{"text":"Moda","link":"https:\/\/zeromagazine.mx\/index.php\/category\/moda\/"},"img":{"alt_text":"","src":"https:\/\/i0.wp.com\/zeromagazine.mx\/wp-content\/uploads\/2025\/08\/img_6495.jpg?fit=900%2C1200&ssl=1&resize=350%2C200","width":350,"height":200,"srcset":"https:\/\/i0.wp.com\/zeromagazine.mx\/wp-content\/uploads\/2025\/08\/img_6495.jpg?fit=900%2C1200&ssl=1&resize=350%2C200 1x, https:\/\/i0.wp.com\/zeromagazine.mx\/wp-content\/uploads\/2025\/08\/img_6495.jpg?fit=900%2C1200&ssl=1&resize=525%2C300 1.5x, https:\/\/i0.wp.com\/zeromagazine.mx\/wp-content\/uploads\/2025\/08\/img_6495.jpg?fit=900%2C1200&ssl=1&resize=700%2C400 2x"},"classes":[]},{"id":86639,"url":"https:\/\/zeromagazine.mx\/index.php\/2024\/10\/15\/celebra-el-caribe-mexicano\/","url_meta":{"origin":48928,"position":1},"title":"\u00ab\u00a1Celebra el Caribe Mexicano!\u00bb","author":"zeromagazinemx","date":"15 de octubre de 2024","format":false,"excerpt":"\u00bfListos para una celebraci\u00f3n \u00e9pica? El Caribe Mexicano est\u00e1 de fiesta por su 50 aniversario como Estado Libre y Soberano, y la vibra es incre\u00edble. La gobernadora Mara Lezama Espinosa est\u00e1 al frente de este evento que combina historia, cultura y un mont\u00f3n de cosas chidas. Con la presentaci\u00f3n del\u2026","rel":"","context":"En \u00abViajes\u00bb","block_context":{"text":"Viajes","link":"https:\/\/zeromagazine.mx\/index.php\/category\/lugares\/"},"img":{"alt_text":"","src":"https:\/\/i0.wp.com\/zeromagazine.mx\/wp-content\/uploads\/2024\/10\/COZUMEL_buzo-scaled.jpg?fit=1200%2C1059&ssl=1&resize=350%2C200","width":350,"height":200,"srcset":"https:\/\/i0.wp.com\/zeromagazine.mx\/wp-content\/uploads\/2024\/10\/COZUMEL_buzo-scaled.jpg?fit=1200%2C1059&ssl=1&resize=350%2C200 1x, https:\/\/i0.wp.com\/zeromagazine.mx\/wp-content\/uploads\/2024\/10\/COZUMEL_buzo-scaled.jpg?fit=1200%2C1059&ssl=1&resize=525%2C300 1.5x, https:\/\/i0.wp.com\/zeromagazine.mx\/wp-content\/uploads\/2024\/10\/COZUMEL_buzo-scaled.jpg?fit=1200%2C1059&ssl=1&resize=700%2C400 2x, https:\/\/i0.wp.com\/zeromagazine.mx\/wp-content\/uploads\/2024\/10\/COZUMEL_buzo-scaled.jpg?fit=1200%2C1059&ssl=1&resize=1050%2C600 3x"},"classes":[]},{"id":103015,"url":"https:\/\/zeromagazine.mx\/index.php\/2025\/05\/06\/my-body-el-nuevo-sencillo-de-snowapple-collective\/","url_meta":{"origin":48928,"position":2},"title":"\u00abMy Body\u00bb El Nuevo Sencillo De Snowapple Collective","author":"David Morales","date":"6 de mayo de 2025","format":false,"excerpt":"Amix, si eres de les que aman cuando la m\u00fasica no solo suena sino que te hace sentir cosas profundas pues \u201cMy Body\u201d, el nuevo sencillo de Snowapple Collective, es perfecto para ti. Pues este es es el primer adelanto de su pr\u00f3ximo \u00e1lbum Utopia, que se viene fuerte con\u2026","rel":"","context":"En \u00abEntretenimiento\u00bb","block_context":{"text":"Entretenimiento","link":"https:\/\/zeromagazine.mx\/index.php\/category\/entretenimiento\/"},"img":{"alt_text":"","src":"https:\/\/i0.wp.com\/zeromagazine.mx\/wp-content\/uploads\/2025\/05\/Imagen-de-WhatsApp-2025-05-06-a-las-09.20.22_ba1d914a.jpg?fit=768%2C512&ssl=1&resize=350%2C200","width":350,"height":200,"srcset":"https:\/\/i0.wp.com\/zeromagazine.mx\/wp-content\/uploads\/2025\/05\/Imagen-de-WhatsApp-2025-05-06-a-las-09.20.22_ba1d914a.jpg?fit=768%2C512&ssl=1&resize=350%2C200 1x, https:\/\/i0.wp.com\/zeromagazine.mx\/wp-content\/uploads\/2025\/05\/Imagen-de-WhatsApp-2025-05-06-a-las-09.20.22_ba1d914a.jpg?fit=768%2C512&ssl=1&resize=525%2C300 1.5x, https:\/\/i0.wp.com\/zeromagazine.mx\/wp-content\/uploads\/2025\/05\/Imagen-de-WhatsApp-2025-05-06-a-las-09.20.22_ba1d914a.jpg?fit=768%2C512&ssl=1&resize=700%2C400 2x"},"classes":[]},{"id":76828,"url":"https:\/\/zeromagazine.mx\/index.php\/2024\/05\/31\/shein-x-unidesign-impulsando-el-talento-mexicano-en-la-moda\/","url_meta":{"origin":48928,"position":3},"title":"SHEIN x UniDesign: Impulsando el Talento Mexicano en la Moda","author":"David Morales","date":"31 de mayo de 2024","format":false,"excerpt":"Les traigo una noticia s\u00faper chida que est\u00e1 revolucionando el mundo de la moda en M\u00e9xico. El proyecto \"SHEIN x UniDesign\" ha llegado a su etapa final, y la Universidad An\u00e1huac M\u00e9xico, Campus Norte, fue la sede de este emocionante evento. SHEIN, en colaboraci\u00f3n con la universidad, ha potenciado a\u2026","rel":"","context":"En \u00abModa\u00bb","block_context":{"text":"Moda","link":"https:\/\/zeromagazine.mx\/index.php\/category\/moda\/"},"img":{"alt_text":"","src":"https:\/\/i0.wp.com\/zeromagazine.mx\/wp-content\/uploads\/2024\/05\/H7A2106-scaled.jpg?fit=1200%2C800&ssl=1&resize=350%2C200","width":350,"height":200,"srcset":"https:\/\/i0.wp.com\/zeromagazine.mx\/wp-content\/uploads\/2024\/05\/H7A2106-scaled.jpg?fit=1200%2C800&ssl=1&resize=350%2C200 1x, https:\/\/i0.wp.com\/zeromagazine.mx\/wp-content\/uploads\/2024\/05\/H7A2106-scaled.jpg?fit=1200%2C800&ssl=1&resize=525%2C300 1.5x, https:\/\/i0.wp.com\/zeromagazine.mx\/wp-content\/uploads\/2024\/05\/H7A2106-scaled.jpg?fit=1200%2C800&ssl=1&resize=700%2C400 2x, https:\/\/i0.wp.com\/zeromagazine.mx\/wp-content\/uploads\/2024\/05\/H7A2106-scaled.jpg?fit=1200%2C800&ssl=1&resize=1050%2C600 3x"},"classes":[]},{"id":119008,"url":"https:\/\/zeromagazine.mx\/index.php\/2026\/04\/18\/el-pasajero-del-diablo-estreno-terror\/","url_meta":{"origin":48928,"position":4},"title":"El Pasajero del Diablo aterra","author":"zeromagazinemx","date":"18 de abril de 2026","format":false,"excerpt":"Si pensabas que los road trips eran solo paisajes bonitos, m\u00fasica alta y libertad\u2026 pi\u00e9nsalo otra vez. El Pasajero del Diablo llega para convertir esa fantas\u00eda en algo mucho m\u00e1s oscuro. Y s\u00ed, el tr\u00e1iler ya deja claro que este viaje no tiene regreso. Con una premisa simple pero efectiva\u2026","rel":"","context":"En \u00abBlog\u00bb","block_context":{"text":"Blog","link":"https:\/\/zeromagazine.mx\/index.php\/category\/blog\/"},"img":{"alt_text":"","src":"https:\/\/i0.wp.com\/zeromagazine.mx\/wp-content\/uploads\/2026\/04\/unnamed-1-1.png?resize=350%2C200&ssl=1","width":350,"height":200,"srcset":"https:\/\/i0.wp.com\/zeromagazine.mx\/wp-content\/uploads\/2026\/04\/unnamed-1-1.png?resize=350%2C200&ssl=1 1x, https:\/\/i0.wp.com\/zeromagazine.mx\/wp-content\/uploads\/2026\/04\/unnamed-1-1.png?resize=525%2C300&ssl=1 1.5x"},"classes":[]},{"id":94436,"url":"https:\/\/zeromagazine.mx\/index.php\/2025\/01\/09\/andy-zuno-lanza-no-te-puedo-olvidar\/","url_meta":{"origin":48928,"position":5},"title":"Andy Zuno Lanza No te Puedo Olvidar","author":"zeromagazinemx","date":"9 de enero de 2025","format":false,"excerpt":"Amix \u00bfTe acuerdas de esos d\u00edas en los que sal\u00edas de la escuela y corr\u00edas al sof\u00e1 para ver Al diablo con los guapos? Si eras fan de la telenovela, seguro te acuerdas de Hugo (interpretado por Andy Zuno) cant\u00e1ndole a Mili \"No te puedo olvidar\". Pues bien, aqu\u00ed va\u2026","rel":"","context":"En \u00abEntretenimiento\u00bb","block_context":{"text":"Entretenimiento","link":"https:\/\/zeromagazine.mx\/index.php\/category\/entretenimiento\/"},"img":{"alt_text":"","src":"https:\/\/i0.wp.com\/zeromagazine.mx\/wp-content\/uploads\/2025\/01\/Portada-_No-te-puedo-olvidar_.jpeg?fit=1198%2C1200&ssl=1&resize=350%2C200","width":350,"height":200,"srcset":"https:\/\/i0.wp.com\/zeromagazine.mx\/wp-content\/uploads\/2025\/01\/Portada-_No-te-puedo-olvidar_.jpeg?fit=1198%2C1200&ssl=1&resize=350%2C200 1x, https:\/\/i0.wp.com\/zeromagazine.mx\/wp-content\/uploads\/2025\/01\/Portada-_No-te-puedo-olvidar_.jpeg?fit=1198%2C1200&ssl=1&resize=525%2C300 1.5x, https:\/\/i0.wp.com\/zeromagazine.mx\/wp-content\/uploads\/2025\/01\/Portada-_No-te-puedo-olvidar_.jpeg?fit=1198%2C1200&ssl=1&resize=700%2C400 2x, https:\/\/i0.wp.com\/zeromagazine.mx\/wp-content\/uploads\/2025\/01\/Portada-_No-te-puedo-olvidar_.jpeg?fit=1198%2C1200&ssl=1&resize=1050%2C600 3x"},"classes":[]}],"jetpack_sharing_enabled":true,"builder_content":"","_links":{"self":[{"href":"https:\/\/zeromagazine.mx\/index.php\/wp-json\/wp\/v2\/posts\/48928","targetHints":{"allow":["GET"]}}],"collection":[{"href":"https:\/\/zeromagazine.mx\/index.php\/wp-json\/wp\/v2\/posts"}],"about":[{"href":"https:\/\/zeromagazine.mx\/index.php\/wp-json\/wp\/v2\/types\/post"}],"author":[{"embeddable":true,"href":"https:\/\/zeromagazine.mx\/index.php\/wp-json\/wp\/v2\/users\/2"}],"replies":[{"embeddable":true,"href":"https:\/\/zeromagazine.mx\/index.php\/wp-json\/wp\/v2\/comments?post=48928"}],"version-history":[{"count":0,"href":"https:\/\/zeromagazine.mx\/index.php\/wp-json\/wp\/v2\/posts\/48928\/revisions"}],"wp:featuredmedia":[{"embeddable":true,"href":"https:\/\/zeromagazine.mx\/index.php\/wp-json\/"}],"wp:attachment":[{"href":"https:\/\/zeromagazine.mx\/index.php\/wp-json\/wp\/v2\/media?parent=48928"}],"wp:term":[{"taxonomy":"category","embeddable":true,"href":"https:\/\/zeromagazine.mx\/index.php\/wp-json\/wp\/v2\/categories?post=48928"},{"taxonomy":"post_tag","embeddable":true,"href":"https:\/\/zeromagazine.mx\/index.php\/wp-json\/wp\/v2\/tags?post=48928"}],"curies":[{"name":"wp","href":"https:\/\/api.w.org\/{rel}","templated":true}]}}