{"id":49108,"date":"2021-06-29T12:00:00","date_gmt":"2021-06-29T17:00:00","guid":{"rendered":"https:\/\/atomic-temporary-84115225.wpcomstaging.com\/?p=49108"},"modified":"2021-06-29T12:00:00","modified_gmt":"2021-06-29T17:00:00","slug":"taf-le-da-la-bienvenida-a-vans-y-nickelodeon","status":"publish","type":"post","link":"https:\/\/zeromagazine.mx\/index.php\/2021\/06\/29\/taf-le-da-la-bienvenida-a-vans-y-nickelodeon\/","title":{"rendered":"TAF le da la bienvenida a VANS y Nickelodeon"},"content":{"rendered":"\n<p class=\"wp-block-paragraph\">Para que este verano sea m\u00e1s divertido llega a <strong>TAF <\/strong>la colecci\u00f3n de calzado, ropa y accesorios de la serie animada <strong>Bob Esponja<\/strong>.<\/p>\n\n\n\n<div class=\"wp-block-buttons is-layout-flex wp-block-buttons-is-layout-flex\">\n<div class=\"wp-block-button is-style-outline is-style-outline--1\"><a class=\"wp-block-button__link\">Por Mayra Torres<\/a><\/div>\n<\/div>\n\n\n\n<p class=\"wp-block-paragraph\">Las colaboraciones de <strong>Nickelodeon <\/strong>y <strong>VANS <\/strong>llegan a <strong>TAF Ecomm<\/strong> y a sus principales tiendas f\u00edsicas, la primera colecci\u00f3n es una l\u00ednea de calzado, ropa y accesorios cl\u00e1sicos para todos los fans de la serie. La segunda colecci\u00f3n es una colaboraci\u00f3n con la dise\u00f1adora de moda neoyorquina<strong> Sandy Liang<\/strong>, en la que presenta su propia interpretaci\u00f3n de los elementos y personajes de la famosa serie.<\/p>\n\n\n\n<p class=\"wp-block-paragraph\">Las principales piezas de la colecci\u00f3n<strong><em> VANS x SpongeBob SquarePants<\/em><\/strong> son:<\/p>\n\n\n\n<ul class=\"wp-block-list\"><li><strong><em>Old Skool<\/em><\/strong> con checkerboard y la imagen de <strong>Bob Esponja<\/strong> con <strong>Gary<\/strong>, con una banda lateral amarilla de cuero y <strong><em>\u201cOff The Wall\u201d<\/em><\/strong> escrito con un tipo de letra que hace referencia a la serie.<\/li><\/ul>\n\n\n\n<div class=\"wp-block-image\"><figure class=\"aligncenter size-large\"><a href=\"https:\/\/i0.wp.com\/zeromagazinemx.wpcomstaging.com\/wp-content\/uploads\/2022\/02\/37dd0-vn0a5kcwzaw-parte-de-atras.png?ssl=1\"><img data-recalc-dims=\"1\" decoding=\"async\" src=\"https:\/\/i0.wp.com\/zeromagazinemx.wpcomstaging.com\/wp-content\/uploads\/2022\/02\/37dd0-vn0a5kcwzaw-parte-de-atras.png?w=1165&#038;ssl=1\" alt=\"\" class=\"wp-image-49113\" \/><\/a><\/figure><\/div>\n\n\n\n<ul class=\"wp-block-list\"><li>T-shirt manga corta<strong><em> \u201cImagination\u201d<\/em><\/strong> inspirada en el episodio de la tercera temporada en la que muestra a<strong> Bob Esponja<\/strong> y <strong>Patricio <\/strong>mientras usan su creatividad para jugar con una caja vac\u00eda.<\/li><\/ul>\n\n\n\n<div class=\"wp-block-image\"><figure class=\"aligncenter size-large\"><a href=\"https:\/\/i0.wp.com\/zeromagazinemx.wpcomstaging.com\/wp-content\/uploads\/2022\/02\/6adc6-vn0a5i3byz0-alt2.jpg?ssl=1\"><img data-recalc-dims=\"1\" decoding=\"async\" src=\"https:\/\/i0.wp.com\/zeromagazinemx.wpcomstaging.com\/wp-content\/uploads\/2022\/02\/6adc6-vn0a5i3byz0-alt2.jpg?w=1165&#038;ssl=1\" alt=\"\" class=\"wp-image-49119\" \/><\/a><\/figure><\/div>\n\n\n\n<ul class=\"wp-block-list\"><li>Dos versiones del calzado <strong><em>Sk8-Hi 38 DX<\/em><\/strong>, la primera presenta una aplicaci\u00f3n de parches en el cuarto panel de la hi-top inspirada en el checkerboard de <strong>VANS<\/strong>. La segunda versi\u00f3n rinde homenaje a <strong>Arenita<\/strong>, la hi-top utiliza una parte superior de cuero que muestra un degradado azul-verde de ensue\u00f1o.<\/li><\/ul>\n\n\n\n<div class=\"wp-block-image\"><figure class=\"aligncenter size-large\"><a href=\"https:\/\/i0.wp.com\/zeromagazinemx.wpcomstaging.com\/wp-content\/uploads\/2022\/02\/81d3d-vn0a33tbyz1-hero.png?ssl=1\"><img data-recalc-dims=\"1\" decoding=\"async\" src=\"https:\/\/i0.wp.com\/zeromagazinemx.wpcomstaging.com\/wp-content\/uploads\/2022\/02\/81d3d-vn0a33tbyz1-hero.png?w=1165&#038;ssl=1\" alt=\"\" class=\"wp-image-49118\" \/><\/a><\/figure><\/div>\n\n\n\n<ul class=\"wp-block-list\"><li>Las <strong><em>Sk9-Hi 38 DX<\/em><\/strong> tienen acabados con delicados detalles florales que recuerdan a la flor que se encuentra encima de la ropa de buceo de <strong>Arenita<\/strong>.<\/li><\/ul>\n\n\n\n<figure class=\"wp-block-gallery columns-2 is-cropped wp-block-gallery-2 is-layout-flex wp-block-gallery-is-layout-flex\"><ul class=\"blocks-gallery-grid\"><li class=\"blocks-gallery-item\"><figure><a href=\"https:\/\/i0.wp.com\/zeromagazinemx.wpcomstaging.com\/wp-content\/uploads\/2022\/02\/76153-vn0a38gf9zm.png?ssl=1\"><img data-recalc-dims=\"1\" decoding=\"async\" src=\"https:\/\/i0.wp.com\/zeromagazinemx.wpcomstaging.com\/wp-content\/uploads\/2022\/02\/76153-vn0a38gf9zm.png?w=1165&#038;ssl=1\" alt=\"\" data-id=\"49115\" data-link=\"https:\/\/atomic-temporary-84115225.wpcomstaging.com\/?attachment_id=49115\" class=\"wp-image-49115\" \/><\/a><\/figure><\/li><li class=\"blocks-gallery-item\"><figure><a href=\"https:\/\/i0.wp.com\/zeromagazinemx.wpcomstaging.com\/wp-content\/uploads\/2022\/02\/fa8e4-vn0a54fb9zp-1.png?ssl=1\"><img data-recalc-dims=\"1\" decoding=\"async\" src=\"https:\/\/i0.wp.com\/zeromagazinemx.wpcomstaging.com\/wp-content\/uploads\/2022\/02\/fa8e4-vn0a54fb9zp-1.png?w=1165&#038;ssl=1\" alt=\"\" data-id=\"49116\" data-link=\"https:\/\/atomic-temporary-84115225.wpcomstaging.com\/?attachment_id=49116\" class=\"wp-image-49116\" \/><\/a><\/figure><\/li><\/ul><\/figure>\n\n\n\n<p class=\"wp-block-paragraph\">La colecci\u00f3n se complementa con un surtido de ropa y accesorios de tres piezas que representan a <strong>Arenita, Calamardo, Patricio Estrella<\/strong> y <strong>Bob Esponja Pantalones Cuadrados <\/strong>reinterpretados a los estilos cl\u00e1sicos de <strong>Sandy Liang<\/strong>.<\/p>\n\n\n<!--themify_builder_content-->\n<div id=\"themify_builder_content-49108\" data-postid=\"49108\" class=\"themify_builder_content themify_builder_content-49108 themify_builder tf_clear\">\n    <\/div>\n<!--\/themify_builder_content-->\n","protected":false},"excerpt":{"rendered":"<p>Para que este verano sea m\u00e1s divertido llega a TAF la colecci\u00f3n de calzado, ropa y accesorios de la serie animada Bob Esponja. Las colaboraciones de Nickelodeon y VANS llegan a TAF Ecomm y a sus principales tiendas f\u00edsicas, la primera colecci\u00f3n es una l\u00ednea de calzado, ropa y accesorios cl\u00e1sicos para todos los fans [&hellip;]<\/p>\n","protected":false},"author":2,"featured_media":49121,"comment_status":"open","ping_status":"open","sticky":false,"template":"","format":"standard","meta":{"_jetpack_newsletter_access":"","_jetpack_dont_email_post_to_subs":false,"_jetpack_newsletter_tier_id":0,"_jetpack_memberships_contains_paywalled_content":false,"_jetpack_feature_clip_id":0,"_jetpack_memberships_contains_paid_content":false,"footnotes":"","jetpack_publicize_message":"","jetpack_publicize_feature_enabled":true,"jetpack_social_post_already_shared":true,"jetpack_social_options":{"image_generator_settings":{"template":"highway","default_image_id":0,"font":"","enabled":false},"version":2},"jetpack_post_was_ever_published":false},"categories":[63,67],"tags":[1857,1608,1858,1859,1860,888,128,930,1861,1862,1863,1864,1865,1866,133,134,1867],"class_list":["post-49108","post","type-post","status-publish","format-standard","has-post-thumbnail","hentry","category-lifestyle","category-moda","tag-arenita","tag-bob-esponja","tag-calamardo","tag-gary","tag-imagination","tag-nickelodeon","tag-off-the-wall","tag-old-skool","tag-patricio-estrella","tag-sandy-liang","tag-sk8-hi-38-dx","tag-sk9-hi-38-dx","tag-taf","tag-taf-ecomm","tag-vans","tag-vans-mexico","tag-vans-x-spongebob-squarepants","has-post-title","has-post-date","has-post-category","has-post-tag","has-post-comment","has-post-author",""],"yoast_head":"<!-- This site is optimized with the Yoast SEO plugin v28.4 - https:\/\/yoast.com\/product\/yoast-seo-wordpress\/ -->\n<title>TAF le da la bienvenida a VANS y Nickelodeon - Zero Magazine<\/title>\n<meta name=\"robots\" content=\"index, follow, max-snippet:-1, max-image-preview:large, max-video-preview:-1\" \/>\n<link rel=\"canonical\" href=\"https:\/\/zeromagazine.mx\/index.php\/2021\/06\/29\/taf-le-da-la-bienvenida-a-vans-y-nickelodeon\/\" \/>\n<meta property=\"og:locale\" content=\"es_ES\" \/>\n<meta property=\"og:type\" content=\"article\" \/>\n<meta property=\"og:title\" content=\"TAF le da la bienvenida a VANS y Nickelodeon - Zero Magazine\" \/>\n<meta property=\"og:description\" content=\"Para que este verano sea m\u00e1s divertido llega a TAF la colecci\u00f3n de calzado, ropa y accesorios de la serie animada Bob Esponja. Las colaboraciones de Nickelodeon y VANS llegan a TAF Ecomm y a sus principales tiendas f\u00edsicas, la primera colecci\u00f3n es una l\u00ednea de calzado, ropa y accesorios cl\u00e1sicos para todos los fans [&hellip;]\" \/>\n<meta property=\"og:url\" content=\"https:\/\/zeromagazine.mx\/index.php\/2021\/06\/29\/taf-le-da-la-bienvenida-a-vans-y-nickelodeon\/\" \/>\n<meta property=\"og:site_name\" content=\"Zero Magazine\" \/>\n<meta property=\"article:published_time\" content=\"2021-06-29T17:00:00+00:00\" \/>\n<meta name=\"author\" content=\"zeromagazinemx\" \/>\n<meta name=\"twitter:card\" content=\"summary_large_image\" \/>\n<meta name=\"twitter:label1\" content=\"Escrito por\" \/>\n\t<meta name=\"twitter:data1\" content=\"zeromagazinemx\" \/>\n\t<meta name=\"twitter:label2\" content=\"Tiempo de lectura\" \/>\n\t<meta name=\"twitter:data2\" content=\"1 minuto\" \/>\n<script type=\"application\/ld+json\" class=\"yoast-schema-graph\">{\"@context\":\"https:\\\/\\\/schema.org\",\"@graph\":[{\"@type\":\"Article\",\"@id\":\"https:\\\/\\\/zeromagazine.mx\\\/index.php\\\/2021\\\/06\\\/29\\\/taf-le-da-la-bienvenida-a-vans-y-nickelodeon\\\/#article\",\"isPartOf\":{\"@id\":\"https:\\\/\\\/zeromagazine.mx\\\/index.php\\\/2021\\\/06\\\/29\\\/taf-le-da-la-bienvenida-a-vans-y-nickelodeon\\\/\"},\"author\":{\"name\":\"zeromagazinemx\",\"@id\":\"https:\\\/\\\/zeromagazine.mx\\\/#\\\/schema\\\/person\\\/9aed9f33a7c39af3a348b86d723f7773\"},\"headline\":\"TAF le da la bienvenida a VANS y Nickelodeon\",\"datePublished\":\"2021-06-29T17:00:00+00:00\",\"mainEntityOfPage\":{\"@id\":\"https:\\\/\\\/zeromagazine.mx\\\/index.php\\\/2021\\\/06\\\/29\\\/taf-le-da-la-bienvenida-a-vans-y-nickelodeon\\\/\"},\"wordCount\":303,\"commentCount\":0,\"publisher\":{\"@id\":\"https:\\\/\\\/zeromagazine.mx\\\/#organization\"},\"image\":{\"@id\":\"https:\\\/\\\/zeromagazine.mx\\\/index.php\\\/2021\\\/06\\\/29\\\/taf-le-da-la-bienvenida-a-vans-y-nickelodeon\\\/#primaryimage\"},\"thumbnailUrl\":\"\",\"keywords\":[\"Arenita\",\"bob esponja\",\"Calamardo\",\"Gary\",\"Imagination\",\"Nickelodeon\",\"Off The Wall\",\"Old Skool\",\"Patricio Estrella\",\"Sandy Liang\",\"Sk8-Hi 38 DX\",\"Sk9-Hi 38 DX\",\"TAF\",\"TAF Ecomm\",\"Vans\",\"Vans Mexico\",\"VANS x SpongeBob SquarePants\"],\"articleSection\":[\"Lifestyle\",\"Moda\"],\"inLanguage\":\"es\",\"potentialAction\":[{\"@type\":\"CommentAction\",\"name\":\"Comment\",\"target\":[\"https:\\\/\\\/zeromagazine.mx\\\/index.php\\\/2021\\\/06\\\/29\\\/taf-le-da-la-bienvenida-a-vans-y-nickelodeon\\\/#respond\"]}]},{\"@type\":\"WebPage\",\"@id\":\"https:\\\/\\\/zeromagazine.mx\\\/index.php\\\/2021\\\/06\\\/29\\\/taf-le-da-la-bienvenida-a-vans-y-nickelodeon\\\/\",\"url\":\"https:\\\/\\\/zeromagazine.mx\\\/index.php\\\/2021\\\/06\\\/29\\\/taf-le-da-la-bienvenida-a-vans-y-nickelodeon\\\/\",\"name\":\"TAF le da la bienvenida a VANS y Nickelodeon - Zero Magazine\",\"isPartOf\":{\"@id\":\"https:\\\/\\\/zeromagazine.mx\\\/#website\"},\"primaryImageOfPage\":{\"@id\":\"https:\\\/\\\/zeromagazine.mx\\\/index.php\\\/2021\\\/06\\\/29\\\/taf-le-da-la-bienvenida-a-vans-y-nickelodeon\\\/#primaryimage\"},\"image\":{\"@id\":\"https:\\\/\\\/zeromagazine.mx\\\/index.php\\\/2021\\\/06\\\/29\\\/taf-le-da-la-bienvenida-a-vans-y-nickelodeon\\\/#primaryimage\"},\"thumbnailUrl\":\"\",\"datePublished\":\"2021-06-29T17:00:00+00:00\",\"breadcrumb\":{\"@id\":\"https:\\\/\\\/zeromagazine.mx\\\/index.php\\\/2021\\\/06\\\/29\\\/taf-le-da-la-bienvenida-a-vans-y-nickelodeon\\\/#breadcrumb\"},\"inLanguage\":\"es\",\"potentialAction\":[{\"@type\":\"ReadAction\",\"target\":[\"https:\\\/\\\/zeromagazine.mx\\\/index.php\\\/2021\\\/06\\\/29\\\/taf-le-da-la-bienvenida-a-vans-y-nickelodeon\\\/\"]}]},{\"@type\":\"ImageObject\",\"inLanguage\":\"es\",\"@id\":\"https:\\\/\\\/zeromagazine.mx\\\/index.php\\\/2021\\\/06\\\/29\\\/taf-le-da-la-bienvenida-a-vans-y-nickelodeon\\\/#primaryimage\",\"url\":\"\",\"contentUrl\":\"\"},{\"@type\":\"BreadcrumbList\",\"@id\":\"https:\\\/\\\/zeromagazine.mx\\\/index.php\\\/2021\\\/06\\\/29\\\/taf-le-da-la-bienvenida-a-vans-y-nickelodeon\\\/#breadcrumb\",\"itemListElement\":[{\"@type\":\"ListItem\",\"position\":1,\"name\":\"Portada\",\"item\":\"https:\\\/\\\/zeromagazine.mx\\\/\"},{\"@type\":\"ListItem\",\"position\":2,\"name\":\"TAF le da la bienvenida a VANS y Nickelodeon\"}]},{\"@type\":\"WebSite\",\"@id\":\"https:\\\/\\\/zeromagazine.mx\\\/#website\",\"url\":\"https:\\\/\\\/zeromagazine.mx\\\/\",\"name\":\"Zero Magazine\",\"description\":\"\",\"publisher\":{\"@id\":\"https:\\\/\\\/zeromagazine.mx\\\/#organization\"},\"potentialAction\":[{\"@type\":\"SearchAction\",\"target\":{\"@type\":\"EntryPoint\",\"urlTemplate\":\"https:\\\/\\\/zeromagazine.mx\\\/?s={search_term_string}\"},\"query-input\":{\"@type\":\"PropertyValueSpecification\",\"valueRequired\":true,\"valueName\":\"search_term_string\"}}],\"inLanguage\":\"es\"},{\"@type\":\"Organization\",\"@id\":\"https:\\\/\\\/zeromagazine.mx\\\/#organization\",\"name\":\"Zero Magazine\",\"url\":\"https:\\\/\\\/zeromagazine.mx\\\/\",\"logo\":{\"@type\":\"ImageObject\",\"inLanguage\":\"es\",\"@id\":\"https:\\\/\\\/zeromagazine.mx\\\/#\\\/schema\\\/logo\\\/image\\\/\",\"url\":\"https:\\\/\\\/i0.wp.com\\\/zeromagazine.mx\\\/wp-content\\\/uploads\\\/2025\\\/11\\\/1.jpeg?fit=1000%2C1000&ssl=1\",\"contentUrl\":\"https:\\\/\\\/i0.wp.com\\\/zeromagazine.mx\\\/wp-content\\\/uploads\\\/2025\\\/11\\\/1.jpeg?fit=1000%2C1000&ssl=1\",\"width\":1000,\"height\":1000,\"caption\":\"Zero Magazine\"},\"image\":{\"@id\":\"https:\\\/\\\/zeromagazine.mx\\\/#\\\/schema\\\/logo\\\/image\\\/\"},\"sameAs\":[\"https:\\\/\\\/instagram.com\\\/zeromagazinemx\"]},{\"@type\":\"Person\",\"@id\":\"https:\\\/\\\/zeromagazine.mx\\\/#\\\/schema\\\/person\\\/9aed9f33a7c39af3a348b86d723f7773\",\"name\":\"zeromagazinemx\",\"image\":{\"@type\":\"ImageObject\",\"inLanguage\":\"es\",\"@id\":\"https:\\\/\\\/zeromagazine.mx\\\/wp-content\\\/litespeed\\\/avatar\\\/f91dfe5410d5dcb1a576bf8c45983896.jpg?ver=1788458678\",\"url\":\"https:\\\/\\\/zeromagazine.mx\\\/wp-content\\\/litespeed\\\/avatar\\\/f91dfe5410d5dcb1a576bf8c45983896.jpg?ver=1788458678\",\"contentUrl\":\"https:\\\/\\\/zeromagazine.mx\\\/wp-content\\\/litespeed\\\/avatar\\\/f91dfe5410d5dcb1a576bf8c45983896.jpg?ver=1788458678\",\"caption\":\"zeromagazinemx\"},\"url\":\"https:\\\/\\\/zeromagazine.mx\\\/index.php\\\/author\\\/zeromagazinemx\\\/\"}]}<\/script>\n<!-- \/ Yoast SEO plugin. -->","yoast_head_json":{"title":"TAF le da la bienvenida a VANS y Nickelodeon - Zero Magazine","robots":{"index":"index","follow":"follow","max-snippet":"max-snippet:-1","max-image-preview":"max-image-preview:large","max-video-preview":"max-video-preview:-1"},"canonical":"https:\/\/zeromagazine.mx\/index.php\/2021\/06\/29\/taf-le-da-la-bienvenida-a-vans-y-nickelodeon\/","og_locale":"es_ES","og_type":"article","og_title":"TAF le da la bienvenida a VANS y Nickelodeon - Zero Magazine","og_description":"Para que este verano sea m\u00e1s divertido llega a TAF la colecci\u00f3n de calzado, ropa y accesorios de la serie animada Bob Esponja. Las colaboraciones de Nickelodeon y VANS llegan a TAF Ecomm y a sus principales tiendas f\u00edsicas, la primera colecci\u00f3n es una l\u00ednea de calzado, ropa y accesorios cl\u00e1sicos para todos los fans [&hellip;]","og_url":"https:\/\/zeromagazine.mx\/index.php\/2021\/06\/29\/taf-le-da-la-bienvenida-a-vans-y-nickelodeon\/","og_site_name":"Zero Magazine","article_published_time":"2021-06-29T17:00:00+00:00","author":"zeromagazinemx","twitter_card":"summary_large_image","twitter_misc":{"Escrito por":"zeromagazinemx","Tiempo de lectura":"1 minuto"},"schema":{"@context":"https:\/\/schema.org","@graph":[{"@type":"Article","@id":"https:\/\/zeromagazine.mx\/index.php\/2021\/06\/29\/taf-le-da-la-bienvenida-a-vans-y-nickelodeon\/#article","isPartOf":{"@id":"https:\/\/zeromagazine.mx\/index.php\/2021\/06\/29\/taf-le-da-la-bienvenida-a-vans-y-nickelodeon\/"},"author":{"name":"zeromagazinemx","@id":"https:\/\/zeromagazine.mx\/#\/schema\/person\/9aed9f33a7c39af3a348b86d723f7773"},"headline":"TAF le da la bienvenida a VANS y Nickelodeon","datePublished":"2021-06-29T17:00:00+00:00","mainEntityOfPage":{"@id":"https:\/\/zeromagazine.mx\/index.php\/2021\/06\/29\/taf-le-da-la-bienvenida-a-vans-y-nickelodeon\/"},"wordCount":303,"commentCount":0,"publisher":{"@id":"https:\/\/zeromagazine.mx\/#organization"},"image":{"@id":"https:\/\/zeromagazine.mx\/index.php\/2021\/06\/29\/taf-le-da-la-bienvenida-a-vans-y-nickelodeon\/#primaryimage"},"thumbnailUrl":"","keywords":["Arenita","bob esponja","Calamardo","Gary","Imagination","Nickelodeon","Off The Wall","Old Skool","Patricio Estrella","Sandy Liang","Sk8-Hi 38 DX","Sk9-Hi 38 DX","TAF","TAF Ecomm","Vans","Vans Mexico","VANS x SpongeBob SquarePants"],"articleSection":["Lifestyle","Moda"],"inLanguage":"es","potentialAction":[{"@type":"CommentAction","name":"Comment","target":["https:\/\/zeromagazine.mx\/index.php\/2021\/06\/29\/taf-le-da-la-bienvenida-a-vans-y-nickelodeon\/#respond"]}]},{"@type":"WebPage","@id":"https:\/\/zeromagazine.mx\/index.php\/2021\/06\/29\/taf-le-da-la-bienvenida-a-vans-y-nickelodeon\/","url":"https:\/\/zeromagazine.mx\/index.php\/2021\/06\/29\/taf-le-da-la-bienvenida-a-vans-y-nickelodeon\/","name":"TAF le da la bienvenida a VANS y Nickelodeon - Zero Magazine","isPartOf":{"@id":"https:\/\/zeromagazine.mx\/#website"},"primaryImageOfPage":{"@id":"https:\/\/zeromagazine.mx\/index.php\/2021\/06\/29\/taf-le-da-la-bienvenida-a-vans-y-nickelodeon\/#primaryimage"},"image":{"@id":"https:\/\/zeromagazine.mx\/index.php\/2021\/06\/29\/taf-le-da-la-bienvenida-a-vans-y-nickelodeon\/#primaryimage"},"thumbnailUrl":"","datePublished":"2021-06-29T17:00:00+00:00","breadcrumb":{"@id":"https:\/\/zeromagazine.mx\/index.php\/2021\/06\/29\/taf-le-da-la-bienvenida-a-vans-y-nickelodeon\/#breadcrumb"},"inLanguage":"es","potentialAction":[{"@type":"ReadAction","target":["https:\/\/zeromagazine.mx\/index.php\/2021\/06\/29\/taf-le-da-la-bienvenida-a-vans-y-nickelodeon\/"]}]},{"@type":"ImageObject","inLanguage":"es","@id":"https:\/\/zeromagazine.mx\/index.php\/2021\/06\/29\/taf-le-da-la-bienvenida-a-vans-y-nickelodeon\/#primaryimage","url":"","contentUrl":""},{"@type":"BreadcrumbList","@id":"https:\/\/zeromagazine.mx\/index.php\/2021\/06\/29\/taf-le-da-la-bienvenida-a-vans-y-nickelodeon\/#breadcrumb","itemListElement":[{"@type":"ListItem","position":1,"name":"Portada","item":"https:\/\/zeromagazine.mx\/"},{"@type":"ListItem","position":2,"name":"TAF le da la bienvenida a VANS y Nickelodeon"}]},{"@type":"WebSite","@id":"https:\/\/zeromagazine.mx\/#website","url":"https:\/\/zeromagazine.mx\/","name":"Zero Magazine","description":"","publisher":{"@id":"https:\/\/zeromagazine.mx\/#organization"},"potentialAction":[{"@type":"SearchAction","target":{"@type":"EntryPoint","urlTemplate":"https:\/\/zeromagazine.mx\/?s={search_term_string}"},"query-input":{"@type":"PropertyValueSpecification","valueRequired":true,"valueName":"search_term_string"}}],"inLanguage":"es"},{"@type":"Organization","@id":"https:\/\/zeromagazine.mx\/#organization","name":"Zero Magazine","url":"https:\/\/zeromagazine.mx\/","logo":{"@type":"ImageObject","inLanguage":"es","@id":"https:\/\/zeromagazine.mx\/#\/schema\/logo\/image\/","url":"https:\/\/i0.wp.com\/zeromagazine.mx\/wp-content\/uploads\/2025\/11\/1.jpeg?fit=1000%2C1000&ssl=1","contentUrl":"https:\/\/i0.wp.com\/zeromagazine.mx\/wp-content\/uploads\/2025\/11\/1.jpeg?fit=1000%2C1000&ssl=1","width":1000,"height":1000,"caption":"Zero Magazine"},"image":{"@id":"https:\/\/zeromagazine.mx\/#\/schema\/logo\/image\/"},"sameAs":["https:\/\/instagram.com\/zeromagazinemx"]},{"@type":"Person","@id":"https:\/\/zeromagazine.mx\/#\/schema\/person\/9aed9f33a7c39af3a348b86d723f7773","name":"zeromagazinemx","image":{"@type":"ImageObject","inLanguage":"es","@id":"https:\/\/zeromagazine.mx\/wp-content\/litespeed\/avatar\/f91dfe5410d5dcb1a576bf8c45983896.jpg?ver=1788458678","url":"https:\/\/zeromagazine.mx\/wp-content\/litespeed\/avatar\/f91dfe5410d5dcb1a576bf8c45983896.jpg?ver=1788458678","contentUrl":"https:\/\/zeromagazine.mx\/wp-content\/litespeed\/avatar\/f91dfe5410d5dcb1a576bf8c45983896.jpg?ver=1788458678","caption":"zeromagazinemx"},"url":"https:\/\/zeromagazine.mx\/index.php\/author\/zeromagazinemx\/"}]}},"jetpack_publicize_connections":[],"jetpack-related-posts":[{"id":48685,"url":"https:\/\/zeromagazine.mx\/index.php\/2021\/06\/25\/vans-y-el-skater-mike-gigliotti-reinterpretan-bob-esponja\/","url_meta":{"origin":49108,"position":0},"title":"VANS y el skater Mike Gigliotti reinterpretan Bob Esponja","author":"zeromagazinemx","date":"25 de junio de 2021","format":false,"excerpt":"El artista de Los \u00c1ngeles le da un giro a Bob Esponja y crea junto a Vans una nueva colecci\u00f3n ya disponible. Por Moises Kushelevich La marca n\u00famero uno de skateboarding se ha asociado con el artista, ilustrador y skater Mike Gigliotti, para ofrecer una nueva colecci\u00f3n de calzado y\u2026","rel":"","context":"En \u00abLifestyle\u00bb","block_context":{"text":"Lifestyle","link":"https:\/\/zeromagazine.mx\/index.php\/category\/lifestyle\/"},"img":{"alt_text":"","src":"","width":0,"height":0},"classes":[]},{"id":53384,"url":"https:\/\/zeromagazine.mx\/index.php\/2021\/09\/01\/regreso-a-clases-con-taf\/","url_meta":{"origin":49108,"position":1},"title":"Regreso a clases con TAF.","author":"zeromagazinemx","date":"1 de septiembre de 2021","format":false,"excerpt":"TAF re\u00fane a las grandes marcas y sus siluetas en blanco y negro para el regreso a las aulas. Photo by Riyan Ong on Pexels.com Por Mayra Torres Para este regreso a clases TAF nos presenta una selecci\u00f3n de siluetas en blancos y negros de las m\u00faltiples marcas en moda\u2026","rel":"","context":"En \u00abLifestyle\u00bb","block_context":{"text":"Lifestyle","link":"https:\/\/zeromagazine.mx\/index.php\/category\/lifestyle\/"},"img":{"alt_text":"","src":"","width":0,"height":0},"classes":[]},{"id":124051,"url":"https:\/\/zeromagazine.mx\/index.php\/2026\/07\/09\/vans-bape-knu-skool-mexico-2026\/","url_meta":{"origin":49108,"position":2},"title":"Vans y BAPE lanzan nuevo Knu Skool","author":"David Morales","date":"9 de julio de 2026","format":false,"excerpt":"Vans y BAPE presentan una nueva edici\u00f3n del Knu Skool con Color Camo, materiales premium y lanzamiento en M\u00e9xico el 15 de julio.","rel":"","context":"En \u00abModa\u00bb","block_context":{"text":"Moda","link":"https:\/\/zeromagazine.mx\/index.php\/category\/moda\/"},"img":{"alt_text":"Colecci\u00f3n Vans x BAPE disponible en M\u00e9xico el 15 de julio","src":"https:\/\/i0.wp.com\/zeromagazine.mx\/wp-content\/uploads\/2026\/07\/VANS-X-BAPE7.jpg?fit=960%2C1200&ssl=1&resize=350%2C200","width":350,"height":200,"srcset":"https:\/\/i0.wp.com\/zeromagazine.mx\/wp-content\/uploads\/2026\/07\/VANS-X-BAPE7.jpg?fit=960%2C1200&ssl=1&resize=350%2C200 1x, https:\/\/i0.wp.com\/zeromagazine.mx\/wp-content\/uploads\/2026\/07\/VANS-X-BAPE7.jpg?fit=960%2C1200&ssl=1&resize=525%2C300 1.5x, https:\/\/i0.wp.com\/zeromagazine.mx\/wp-content\/uploads\/2026\/07\/VANS-X-BAPE7.jpg?fit=960%2C1200&ssl=1&resize=700%2C400 2x"},"classes":[]},{"id":46589,"url":"https:\/\/zeromagazine.mx\/index.php\/2021\/06\/01\/vans-y-tony-delfino-lanzan-su-primera-colaboracion\/","url_meta":{"origin":49108,"position":3},"title":"Vans y Tony Delfino lanzan su primera colaboraci\u00f3n","author":"zeromagazinemx","date":"1 de junio de 2021","format":false,"excerpt":"Vans anunci\u00f3 su primera colaboraci\u00f3n con la marca mexicana de streetwear, Tony Delfino en la que presenta 3 dise\u00f1os que buscan reflejar el Street culture mediante colores y sabores presentes en la vida diaria. por Moises Kushelevich Off The Wall en su constante b\u00fasqueda por llevar m\u00e1s all\u00e1 la expresi\u00f3n\u2026","rel":"","context":"En \u00abLifestyle\u00bb","block_context":{"text":"Lifestyle","link":"https:\/\/zeromagazine.mx\/index.php\/category\/lifestyle\/"},"img":{"alt_text":"","src":"","width":0,"height":0},"classes":[]},{"id":115400,"url":"https:\/\/zeromagazine.mx\/index.php\/2026\/02\/16\/vans-upland-mexico-quesito\/","url_meta":{"origin":49108,"position":4},"title":"Vans Upland conquista M\u00e9xico","author":"zeromagazinemx","date":"16 de febrero de 2026","format":false,"excerpt":"Hay drops que solo son un lanzamiento\u2026 y hay otros que se sienten como un momento cultural. El nuevo Vans Upland cae justo en esa segunda categor\u00eda. Vans M\u00e9xico present\u00f3 su m\u00e1s reciente colorway acompa\u00f1ado de un anuncio importante: Kass Quezada, aka Quesito, se suma oficialmente como embajadora regional. Y\u2026","rel":"","context":"En \u00abModa\u00bb","block_context":{"text":"Moda","link":"https:\/\/zeromagazine.mx\/index.php\/category\/moda\/"},"img":{"alt_text":"","src":"https:\/\/i0.wp.com\/zeromagazine.mx\/wp-content\/uploads\/2026\/02\/1000051769-scaled.jpg?fit=1200%2C801&ssl=1&resize=350%2C200","width":350,"height":200,"srcset":"https:\/\/i0.wp.com\/zeromagazine.mx\/wp-content\/uploads\/2026\/02\/1000051769-scaled.jpg?fit=1200%2C801&ssl=1&resize=350%2C200 1x, https:\/\/i0.wp.com\/zeromagazine.mx\/wp-content\/uploads\/2026\/02\/1000051769-scaled.jpg?fit=1200%2C801&ssl=1&resize=525%2C300 1.5x, https:\/\/i0.wp.com\/zeromagazine.mx\/wp-content\/uploads\/2026\/02\/1000051769-scaled.jpg?fit=1200%2C801&ssl=1&resize=700%2C400 2x, https:\/\/i0.wp.com\/zeromagazine.mx\/wp-content\/uploads\/2026\/02\/1000051769-scaled.jpg?fit=1200%2C801&ssl=1&resize=1050%2C600 3x"},"classes":[]},{"id":95634,"url":"https:\/\/zeromagazine.mx\/index.php\/2025\/01\/30\/vans-lanza-old-skool-36\/","url_meta":{"origin":49108,"position":5},"title":"Vans da un paso al frente con el Skate Old Skool 36+","author":"David Morales","date":"30 de enero de 2025","format":false,"excerpt":"El Style 36, mejor conocido como Old Skool\u2122, fue lanzado por Vans en 1977 y se convirti\u00f3 en un cl\u00e1sico instant\u00e1neo. Fue el segundo calzado creado por la marca para el skate, y el primero en presentar el ic\u00f3nico Sidestripe\u2122, que se ha mantenido como una de las firmas m\u00e1s\u2026","rel":"","context":"En \u00abModa\u00bb","block_context":{"text":"Moda","link":"https:\/\/zeromagazine.mx\/index.php\/category\/moda\/"},"img":{"alt_text":"","src":"https:\/\/i0.wp.com\/zeromagazine.mx\/wp-content\/uploads\/2025\/01\/IMG_3312.jpeg?fit=800%2C1200&ssl=1&resize=350%2C200","width":350,"height":200,"srcset":"https:\/\/i0.wp.com\/zeromagazine.mx\/wp-content\/uploads\/2025\/01\/IMG_3312.jpeg?fit=800%2C1200&ssl=1&resize=350%2C200 1x, https:\/\/i0.wp.com\/zeromagazine.mx\/wp-content\/uploads\/2025\/01\/IMG_3312.jpeg?fit=800%2C1200&ssl=1&resize=525%2C300 1.5x, https:\/\/i0.wp.com\/zeromagazine.mx\/wp-content\/uploads\/2025\/01\/IMG_3312.jpeg?fit=800%2C1200&ssl=1&resize=700%2C400 2x"},"classes":[]}],"jetpack_sharing_enabled":true,"builder_content":"","jetpack_featured_media_url":"","_links":{"self":[{"href":"https:\/\/zeromagazine.mx\/index.php\/wp-json\/wp\/v2\/posts\/49108","targetHints":{"allow":["GET"]}}],"collection":[{"href":"https:\/\/zeromagazine.mx\/index.php\/wp-json\/wp\/v2\/posts"}],"about":[{"href":"https:\/\/zeromagazine.mx\/index.php\/wp-json\/wp\/v2\/types\/post"}],"author":[{"embeddable":true,"href":"https:\/\/zeromagazine.mx\/index.php\/wp-json\/wp\/v2\/users\/2"}],"replies":[{"embeddable":true,"href":"https:\/\/zeromagazine.mx\/index.php\/wp-json\/wp\/v2\/comments?post=49108"}],"version-history":[{"count":0,"href":"https:\/\/zeromagazine.mx\/index.php\/wp-json\/wp\/v2\/posts\/49108\/revisions"}],"wp:attachment":[{"href":"https:\/\/zeromagazine.mx\/index.php\/wp-json\/wp\/v2\/media?parent=49108"}],"wp:term":[{"taxonomy":"category","embeddable":true,"href":"https:\/\/zeromagazine.mx\/index.php\/wp-json\/wp\/v2\/categories?post=49108"},{"taxonomy":"post_tag","embeddable":true,"href":"https:\/\/zeromagazine.mx\/index.php\/wp-json\/wp\/v2\/tags?post=49108"}],"curies":[{"name":"wp","href":"https:\/\/api.w.org\/{rel}","templated":true}]}}