{"id":49218,"date":"2021-08-13T13:00:00","date_gmt":"2021-08-13T18:00:00","guid":{"rendered":"https:\/\/atomic-temporary-84115225.wpcomstaging.com\/?p=49218"},"modified":"2021-08-13T13:00:00","modified_gmt":"2021-08-13T18:00:00","slug":"alan-navarro-el-fenomeno-pop-mas-importante-de-la-decada-en-latinoamerica","status":"publish","type":"post","link":"https:\/\/zeromagazine.mx\/index.php\/2021\/08\/13\/alan-navarro-el-fenomeno-pop-mas-importante-de-la-decada-en-latinoamerica\/","title":{"rendered":"Alan Navarro"},"content":{"rendered":"\n<p>\u00c9l es <strong>Alan Navarro<\/strong>, cantante Mexicano que inici\u00f3 su carrera musical a los 17 a\u00f1os dentro de la exitosa agrupaci\u00f3n <strong>CD9 <\/strong>conocida por ser el fen\u00f3meno pop m\u00e1s importante de la d\u00e9cada en <strong><em>LATAM<\/em><\/strong>, <strong>Alan <\/strong>durante su estancia como integrante de este grupo realiz\u00f3 5 giras con m\u00e1s de 400 conciertos en distintos recintos nacionales e internacionales adem\u00e1s de ser acreedor a numerosos discos de oro, platino y doble platino y un <strong>r\u00e9cord Guinness<\/strong> por la mayor cantidad de discos firmados consecutivamente por un artista.<\/p>\n\n\n\n<div class=\"wp-block-jetpack-slideshow aligncenter\" data-autoplay=\"true\" data-delay=\"3\" data-effect=\"slide\"><div class=\"wp-block-jetpack-slideshow_container swiper-container\"><ul class=\"wp-block-jetpack-slideshow_swiper-wrapper swiper-wrapper\"><li class=\"wp-block-jetpack-slideshow_slide swiper-slide\"><figure><img data-recalc-dims=\"1\" decoding=\"async\" alt=\"\" class=\"wp-block-jetpack-slideshow_image wp-image-52027\" data-id=\"52027\" src=\"https:\/\/i0.wp.com\/zeromagazinemx.wpcomstaging.com\/wp-content\/uploads\/2022\/02\/af70e-img_4549.png?w=1165&#038;ssl=1\" \/><\/figure><\/li><li class=\"wp-block-jetpack-slideshow_slide swiper-slide\"><figure><img data-recalc-dims=\"1\" decoding=\"async\" alt=\"\" class=\"wp-block-jetpack-slideshow_image wp-image-52028\" data-id=\"52028\" src=\"https:\/\/i0.wp.com\/zeromagazinemx.wpcomstaging.com\/wp-content\/uploads\/2022\/02\/a2cea-img_4550.png?w=1165&#038;ssl=1\" \/><\/figure><\/li><li class=\"wp-block-jetpack-slideshow_slide swiper-slide\"><figure><img data-recalc-dims=\"1\" decoding=\"async\" alt=\"\" class=\"wp-block-jetpack-slideshow_image wp-image-52029\" data-id=\"52029\" src=\"https:\/\/i0.wp.com\/zeromagazinemx.wpcomstaging.com\/wp-content\/uploads\/2022\/02\/4191f-img_4551.png?w=1165&#038;ssl=1\" \/><\/figure><\/li><\/ul><a class=\"wp-block-jetpack-slideshow_button-prev swiper-button-prev swiper-button-white\" role=\"button\"><\/a><a class=\"wp-block-jetpack-slideshow_button-next swiper-button-next swiper-button-white\" role=\"button\"><\/a><a aria-label=\"Pause Slideshow\" class=\"wp-block-jetpack-slideshow_button-pause\" role=\"button\"><\/a><div class=\"wp-block-jetpack-slideshow_pagination swiper-pagination swiper-pagination-white\"><\/div><\/div><\/div>\n\n\n\n<div class=\"wp-block-buttons is-layout-flex wp-block-buttons-is-layout-flex\">\n<div class=\"wp-block-button is-style-outline is-style-outline--1\"><a class=\"wp-block-button__link\">Por Christopher Rodr\u00edguez Due\u00f1as<\/a><\/div>\n<\/div>\n\n\n\n<p>Ahora <strong>Alan Navarro<\/strong> inicia una nueva faceta como solista, ya prepara su primer material discogr\u00e1fico y nos presenta el single <strong><em>\u201cThe Bleachers\u201d<\/em><\/strong> que tras ser estrenado el pasado <em>25 de Junio<\/em> fue tendencia en <strong>Twitter<\/strong>. <strong><em>Zero Magazine Mx <\/em><\/strong>platic\u00f3 con \u00e9l y nos cont\u00f3 sobre su nuevo single y sus inicios como solista.<\/p>\n\n\n\n<div style=\"height:10px;\" aria-hidden=\"true\" class=\"wp-block-spacer\"><\/div>\n\n\n\n<p><strong>\u00bfC\u00f3mo fue para ti iniciar tu carrera a los 17 a\u00f1os?<\/strong><\/p>\n\n\n\n<p>Fue muy padre y a la vez muy raro, porque a los 17 mis amigos y los de esa edad&nbsp; tienen en mente escuela, fiestas, amigos y nosotros no, est\u00e1bamos trabajando, est\u00e1bamos par\u00e1ndonos s\u00faper temprano, durmiendo tarde quiz\u00e1 trabajando pero yo la verdad lo disfrut\u00e9 much\u00edsimo, porque independientemente que haya empezado a los 17 a\u00f1os cuando ten\u00eda esa edad me sent\u00eda ya muy grande, hoy puedo ver a un ni\u00f1o de 17 a\u00f1os y decir: <em>\u201cNo manches es un beb\u00e9\u201d<\/em>, pero mientras yo ten\u00eda esa edad yo ya me sent\u00eda el s\u00faper adulto en <strong>CD9 <\/strong>que ya estaba haciendo sus cosas y si lo disfrut\u00e9, aunque fue distinto, yo creo que eso me ayud\u00f3 tambi\u00e9n a convertirme en quien soy hoy y las experiencias que he tenido me han ense\u00f1ado mucho.<\/p>\n\n\n\n<div class=\"wp-block-coblocks-gallery-masonry\"><div class=\"coblocks-gallery has-no-alignment has-caption-style-dark has-gutter\"><ul class=\"has-grid-xlrg has-gutter-15 has-gutter-mobile-15\"><li class=\"coblocks-gallery--item coblocks-animate\"><figure class=\"coblocks-gallery--figure\"><img data-recalc-dims=\"1\" decoding=\"async\" src=\"https:\/\/i0.wp.com\/zeromagazinemx.wpcomstaging.com\/wp-content\/uploads\/2022\/02\/efd6d-468e0fa6-daf0-41df-b45d-e3cc3d6c628a.jpg?w=1165&#038;ssl=1\" alt=\"\" data-id=\"52038\" data-imglink=\"\" data-link=\"https:\/\/atomic-temporary-84115225.wpcomstaging.com\/?attachment_id=52038\" class=\"wp-image-52038\" \/><\/figure><\/li><li class=\"coblocks-gallery--item coblocks-animate\"><figure class=\"coblocks-gallery--figure\"><img data-recalc-dims=\"1\" decoding=\"async\" src=\"https:\/\/i0.wp.com\/zeromagazinemx.wpcomstaging.com\/wp-content\/uploads\/2022\/02\/2da25-37c52260-18a8-40ec-8ef4-3d3338e7626b.jpg?w=1165&#038;ssl=1\" alt=\"\" data-id=\"52039\" data-imglink=\"\" data-link=\"https:\/\/atomic-temporary-84115225.wpcomstaging.com\/?attachment_id=52039\" class=\"wp-image-52039\" \/><\/figure><\/li><\/ul><\/div><\/div>\n\n\n\n\n\n<p><strong>\u00bfSiempre te gust\u00f3 la m\u00fasica?<\/strong><\/p>\n\n\n\n<p>Si, siempre me ha gustado la m\u00fasica, desde que tengo conciencia me gusta y sobre todo la m\u00fasica pop es algo que he recalcado mucho estos d\u00edas o en estos momentos, ya que me voy a lanzar yo solito, la m\u00fasica pop realmente me encanta porque te permite experimentar lo que t\u00fa quieras o sea puedes mezclarle al pop sonidos rock, sonidos techno, sonidos electr\u00f3nicos, lo que t\u00fa quieras entonces me da la oportunidad justo de experimentar much\u00edsimo.<\/p>\n\n\n\n<p>Ahorita por ejemplo tengo un primer sencillo que se llama <strong><em>The Bleachers<\/em><\/strong> y justo buscaba hacer como ese sonido, del cual yo estoy acostumbrado o que a m\u00ed me gusta escuchar pero en mi idioma, porque creo que siempre lo hemos escuchado en ingl\u00e9s u otros idiomas ese sonido como pop anglo pero nunca en nuestro idioma, creo que el poder lograr yo una canci\u00f3n justo de ese estilo pero en mi idioma me hizo muy feliz, muy contento y no s\u00f3lo eso porque ya prepare m\u00e1s que ya podr\u00e1n estar escuchando en Agosto, entonces la verdad es que qued\u00e9 muy satisfecho, realmente creo que refleja quien soy, el tipo de m\u00fasica que me gusta, el tipo de m\u00fasica que escucho pero cantado en el idioma de mis fans, de mis seguidores y tengo la esperanza que les guste mucho.<\/p>\n\n\n\n<div class=\"wp-block-coblocks-gallery-masonry\"><div class=\"coblocks-gallery has-no-alignment has-caption-style-dark has-gutter\"><ul class=\"has-grid-xlrg has-gutter-15 has-gutter-mobile-15\"><li class=\"coblocks-gallery--item coblocks-animate\"><figure class=\"coblocks-gallery--figure\"><img data-recalc-dims=\"1\" decoding=\"async\" src=\"https:\/\/i0.wp.com\/zeromagazinemx.wpcomstaging.com\/wp-content\/uploads\/2022\/02\/c22ef-8c619e36-7749-43c0-bae2-2dfde0022838.jpg?w=1165&#038;ssl=1\" alt=\"\" data-id=\"52034\" data-imglink=\"\" data-link=\"https:\/\/atomic-temporary-84115225.wpcomstaging.com\/?attachment_id=52034\" class=\"wp-image-52034\" \/><\/figure><\/li><li class=\"coblocks-gallery--item coblocks-animate\"><figure class=\"coblocks-gallery--figure\"><img data-recalc-dims=\"1\" decoding=\"async\" src=\"https:\/\/i0.wp.com\/zeromagazinemx.wpcomstaging.com\/wp-content\/uploads\/2022\/02\/dec8e-fa4c97cc-6f4a-49da-95e2-423c83e139be.jpg?w=1165&#038;ssl=1\" alt=\"\" data-id=\"52036\" data-imglink=\"\" data-link=\"https:\/\/atomic-temporary-84115225.wpcomstaging.com\/?attachment_id=52036\" class=\"wp-image-52036\" \/><\/figure><\/li><\/ul><\/div><\/div>\n\n\n\n\n\n<p><strong>\u00bfQui\u00e9n te inspira o que referencias tienes para hacer m\u00fasica?<\/strong><\/p>\n\n\n\n<p>Tengo muchas referencias y muchas inspiraciones <strong>Michael Jackson<\/strong> es una obviamente, me gusta mucho <strong>Queen<\/strong>, <strong>David Bowie<\/strong>, me gusta much\u00edsimo la m\u00fasica de <strong>Lady Gaga<\/strong>, de hecho tenemos pensado hacer un <em>mood <\/em><strong>Lady Gaga<\/strong><em> bites, <\/em>porque realmente creo que son referentes del pop, creo que son artistas que te dan un pop real, despu\u00e9s de <strong>Michael Jackson<\/strong> el \u00fanico artista que he visto dar un performance igual fue a <strong>Lady Gaga<\/strong> de esos que no te esperas que va a pasar, s\u00e9 que no soy <strong>Michael Jackson<\/strong> ni <strong>Lady Gaga<\/strong> pero si busco tambi\u00e9n como agarrar mucho de ellos, esos <em>bites <\/em>que traen, ese tipo de presentaciones, como que todo eso me emociona much\u00edsimo, siento que engloba lo que es ser un artista.<\/p>\n\n\n\n<p>Entonces creo que me enfoco mucho en ser un artista completo que cante, que baile, que haga un performance, que haga todo, o sea, que englobe todo no s\u00f3lo como de <em>\u201cte canto pero aqu\u00ed en mi casa en un live\u201d<\/em> o cosas as\u00ed, me gusta realmente que una canci\u00f3n tenga toda una historia, tenga todo un concepto, tenga todo un estilo y espero que mis fans cuando lo sientan y cuando lo tengan tambi\u00e9n lo puedan explotar al m\u00e1ximo, no hay un mejor sue\u00f1o para m\u00ed que la gente tenga sus aud\u00edfonos puestos con mi m\u00fasica y se est\u00e9n sintiendo bien.<\/p>\n\n\n\n<div class=\"wp-block-coblocks-gallery-masonry\"><div class=\"coblocks-gallery has-no-alignment has-caption-style-dark has-gutter\"><ul class=\"has-grid-xlrg has-gutter-15 has-gutter-mobile-15\"><li class=\"coblocks-gallery--item coblocks-animate\"><figure class=\"coblocks-gallery--figure\"><img data-recalc-dims=\"1\" decoding=\"async\" src=\"https:\/\/i0.wp.com\/zeromagazinemx.wpcomstaging.com\/wp-content\/uploads\/2022\/02\/fea9c-dd7cf043-202b-48fb-834f-20fac86f407b.jpg?w=1165&#038;ssl=1\" alt=\"\" data-id=\"52040\" data-imglink=\"\" data-link=\"https:\/\/atomic-temporary-84115225.wpcomstaging.com\/?attachment_id=52040\" class=\"wp-image-52040\" \/><\/figure><\/li><li class=\"coblocks-gallery--item coblocks-animate\"><figure class=\"coblocks-gallery--figure\"><img data-recalc-dims=\"1\" decoding=\"async\" src=\"https:\/\/i0.wp.com\/zeromagazinemx.wpcomstaging.com\/wp-content\/uploads\/2022\/02\/ccd55-cd174282-d35b-4043-87d9-e834aa785da8.jpg?w=1165&#038;ssl=1\" alt=\"\" data-id=\"52041\" data-imglink=\"\" data-link=\"https:\/\/atomic-temporary-84115225.wpcomstaging.com\/?attachment_id=52041\" class=\"wp-image-52041\" \/><\/figure><\/li><\/ul><\/div><\/div>\n\n\n\n\n\n<p><strong>Despu\u00e9s de pertenecer a un grupo tan exitoso como CD9 \u00bfQu\u00e9 retos se te presentan ahora como solista?<\/strong><\/p>\n\n\n\n<p>Retos si tuve y creo que me gustaron much\u00edsimo porque fueron retos, pero como siempre cada reto te ense\u00f1a algo y en este caso tuve la oportunidad por primera vez despu\u00e9s de todos esos a\u00f1os de componer yo solito, entonces, te lo juro la verdad yo estaba muy bajoneado al principio cuando yo comenc\u00e9 a querer hacer mi m\u00fasica porque todo pas\u00f3 muy de la nada, pero mis productores comenzaron como de<em> \u201cNo, vas a componer, tienes que componer y me vale pero compones\u201d<\/em> entonces de alguna forma como que me dieron mucho \u00e1nimo, muchas ganas y me atrev\u00ed, entonces me puse a componer y de repente me di cuenta que me estaba yo curando la tristeza mientras compon\u00eda y eso yo no lo pod\u00eda creer y adem\u00e1s me di cuenta que realmente pod\u00eda hablar de cosas que estaba yo viviendo y poder expresarlas musicalmente, es como m\u00e1gico poder transformar el dolor en magia que no s\u00f3lo me va a curar a m\u00ed, sino que quiz\u00e1 puede curar a alguien m\u00e1s en alg\u00fan momento.<\/p>\n\n\n\n<p>Creo que esa fue la mejor experiencia para m\u00ed, el poder realmente hablar de quien soy en mi m\u00fasica, poder expresar quien soy con mi m\u00fasica y con mis sonidos, mis fans pudieron escuchar la canci\u00f3n por primera vez en un live que hice en <strong>TikTok <\/strong>y los comentarios han sido incre\u00edbles, cada noticia que les he dado ha sido <em>trending topic<\/em> y yo les digo gracias, porque realmente no s\u00e9 por qu\u00e9 estaba triste, es natural creo, pero sigo sin saber por qu\u00e9 lo estaba porque aqu\u00ed siguen, siempre les agradezco much\u00edsimo a mis seguidores porque sin ellos no tendr\u00eda sentido hacer nada realmente.<\/p>\n\n\n\n<div class=\"wp-block-coblocks-gallery-masonry\"><div class=\"coblocks-gallery has-no-alignment has-caption-style-dark has-gutter\"><ul class=\"has-grid-xlrg has-gutter-15 has-gutter-mobile-15\"><li class=\"coblocks-gallery--item coblocks-animate\"><figure class=\"coblocks-gallery--figure\"><img data-recalc-dims=\"1\" decoding=\"async\" src=\"https:\/\/i0.wp.com\/zeromagazinemx.wpcomstaging.com\/wp-content\/uploads\/2022\/02\/05496-6942cfdc-9f70-4abf-b803-88b4af70784b.jpg?w=1165&#038;ssl=1\" alt=\"\" data-id=\"52042\" data-imglink=\"\" data-link=\"https:\/\/atomic-temporary-84115225.wpcomstaging.com\/?attachment_id=52042\" class=\"wp-image-52042\" \/><\/figure><\/li><li class=\"coblocks-gallery--item coblocks-animate\"><figure class=\"coblocks-gallery--figure\"><img data-recalc-dims=\"1\" decoding=\"async\" src=\"https:\/\/i0.wp.com\/zeromagazinemx.wpcomstaging.com\/wp-content\/uploads\/2022\/02\/33690-e09ae13d-781d-4b63-ac96-998cd8ed20f5.jpg?w=1165&#038;ssl=1\" alt=\"\" data-id=\"52044\" data-imglink=\"\" data-link=\"https:\/\/atomic-temporary-84115225.wpcomstaging.com\/?attachment_id=52044\" class=\"wp-image-52044\" \/><\/figure><\/li><\/ul><\/div><\/div>\n\n\n\n\n\n<p><strong>\u00bfQu\u00e9 hay detr\u00e1s de The Bleachers?<\/strong><\/p>\n\n\n\n<p><strong><em>The Bleachers<\/em><\/strong> significa las gradas, yo buscaba crear un himno que hablara de ser t\u00fa mismo, de no importa qui\u00e9n eres, no importa de d\u00f3nde vienes, no importa qu\u00e9 te gusta o qu\u00e9 no te gusta\u2026 s\u00e9 t\u00fa mismo y eres bienvenido aqu\u00ed, porque es lo que m\u00e1s vale, cuando eres aut\u00e9ntico, cuando alguien es quien es, es cuando m\u00e1s vale, cuando m\u00e1s quieres tener cerca a ese alguien, a ese amigo, a esa persona, entonces con <strong><em>The Bleachers <\/em><\/strong>yo quise decir, yo estoy de vuelta en la m\u00fasica, estoy de vuelta en el escenario y si quieres divertirte o si quieres pasarla bien y quieres ser t\u00fa mismo <strong><em>\u201cMeet me on the bleachers now\u201d<\/em><\/strong> que es <em>\u201cnos vemos en las gradas ahora\u201d<\/em> y pues vamos a disfrutar, vamos bailar, vamos a cantar, vamos a disfrutar la m\u00fasica y vamos a ser nosotros mismos por siempre.<\/p>\n\n\n\n<div class=\"wp-block-coblocks-gallery-masonry\"><div class=\"coblocks-gallery has-no-alignment has-caption-style-dark has-gutter\"><ul class=\"has-grid-xlrg has-gutter-15 has-gutter-mobile-15\"><li class=\"coblocks-gallery--item coblocks-animate\"><figure class=\"coblocks-gallery--figure\"><img data-recalc-dims=\"1\" decoding=\"async\" src=\"https:\/\/i0.wp.com\/zeromagazinemx.wpcomstaging.com\/wp-content\/uploads\/2022\/02\/e1d54-69c5b2dc-3761-44b2-9136-0e4d57779da1.jpg?w=1165&#038;ssl=1\" alt=\"\" data-id=\"52045\" data-imglink=\"\" data-link=\"https:\/\/atomic-temporary-84115225.wpcomstaging.com\/?attachment_id=52045\" class=\"wp-image-52045\" \/><\/figure><\/li><li class=\"coblocks-gallery--item coblocks-animate\"><figure class=\"coblocks-gallery--figure\"><img data-recalc-dims=\"1\" decoding=\"async\" src=\"https:\/\/i0.wp.com\/zeromagazinemx.wpcomstaging.com\/wp-content\/uploads\/2022\/02\/76ab6-8b59806d-6403-4f0a-af01-6ef9c9195357.jpg?w=1165&#038;ssl=1\" alt=\"\" data-id=\"52046\" data-imglink=\"\" data-link=\"https:\/\/atomic-temporary-84115225.wpcomstaging.com\/?attachment_id=52046\" class=\"wp-image-52046\" \/><\/figure><\/li><\/ul><\/div><\/div>\n\n\n\n\n\n<p><strong>\u00bfQu\u00e9 proyectos nuevos vienen en esta nueva faceta?&nbsp;&nbsp;<\/strong><\/p>\n\n\n\n<p>Primero empiezo con<strong><em> The Bleachers <\/em><\/strong>pero mi primer \u00e1lbum musical ya lo tengo listo va a salir en Agosto o sea ya en cosa de nada, a\u00fan no tengo una fecha exacta pero falta muy poquito y tengo m\u00e1s sorpresas, m\u00e1s m\u00fasica, hay video musical o sea muchas cosas que van a ir sucediendo poco a poco, al principio estaba como de<em> \u201cLa Pandemia me arruina todo\u201d<\/em> pero luego me di cuenta que la <em>pandemia <\/em>tambi\u00e9n me ha ayudado justo en concentrarme much\u00edsimo en lo que quiero hacer y tener el tiempo de preparar lo que quiero preparar y veo el lado positivo, porque he hecho cosas incre\u00edbles en este tiempo.<\/p>\n\n\n\n<div class=\"wp-block-coblocks-gallery-masonry\"><div class=\"coblocks-gallery has-no-alignment has-caption-style-dark has-gutter\"><ul class=\"has-grid-xlrg has-gutter-15 has-gutter-mobile-15\"><li class=\"coblocks-gallery--item coblocks-animate\"><figure class=\"coblocks-gallery--figure\"><img data-recalc-dims=\"1\" decoding=\"async\" src=\"https:\/\/i0.wp.com\/zeromagazinemx.wpcomstaging.com\/wp-content\/uploads\/2022\/02\/0a0c3-f3022735-b798-4aaa-a4af-25d83a23e30b.jpg?w=1165&#038;ssl=1\" alt=\"\" data-id=\"52047\" data-imglink=\"\" data-link=\"https:\/\/atomic-temporary-84115225.wpcomstaging.com\/?attachment_id=52047\" class=\"wp-image-52047\" \/><\/figure><\/li><li class=\"coblocks-gallery--item coblocks-animate\"><figure class=\"coblocks-gallery--figure\"><img data-recalc-dims=\"1\" decoding=\"async\" src=\"https:\/\/i0.wp.com\/zeromagazinemx.wpcomstaging.com\/wp-content\/uploads\/2022\/02\/071b4-5cb63abb-4dce-4d78-a62b-3a9af628e696.jpg?w=1165&#038;ssl=1\" alt=\"\" data-id=\"52048\" data-imglink=\"\" data-link=\"https:\/\/atomic-temporary-84115225.wpcomstaging.com\/?attachment_id=52048\" class=\"wp-image-52048\" \/><\/figure><\/li><\/ul><\/div><\/div>\n\n\n\n\n\n<div style=\"height:10px;\" aria-hidden=\"true\" class=\"wp-block-spacer\"><\/div>\n\n\n\n<p class=\"has-text-align-center\"><strong>Sigue a Alan Navarro en:<\/strong><\/p>\n\n\n\n<p class=\"has-text-align-center\"><strong>Instagram<\/strong>: <em>@alannavarro<\/em> | <strong>TikTok<\/strong>: <em>@.alannavarro<\/em> | <strong>Twitter<\/strong>: <em>@soyalannavarro<\/em><\/p>\n\n\n\n<div style=\"height:10px;\" aria-hidden=\"true\" class=\"wp-block-spacer\"><\/div>\n\n\n<!--themify_builder_content-->\n<div id=\"themify_builder_content-49218\" data-postid=\"49218\" class=\"themify_builder_content themify_builder_content-49218 themify_builder tf_clear\">\n    <\/div>\n<!--\/themify_builder_content-->\n","protected":false},"excerpt":{"rendered":"<p>\u00c9l es Alan Navarro, cantante Mexicano que inici\u00f3 su carrera musical a los 17 a\u00f1os dentro de la exitosa agrupaci\u00f3n CD9 conocida por ser el fen\u00f3meno pop m\u00e1s importante de la d\u00e9cada en LATAM, Alan durante su estancia como integrante de este grupo realiz\u00f3 5 giras con m\u00e1s de 400 conciertos en distintos recintos nacionales [&hellip;]<\/p>\n","protected":false},"author":2,"featured_media":52039,"comment_status":"open","ping_status":"open","sticky":false,"template":"","format":"standard","meta":{"_jetpack_memberships_contains_paid_content":false,"footnotes":"","jetpack_publicize_message":"#Entrevista | Platicamos con Alan Navarro, ex integrante de la boyband #CD9 y esto nos comparti\u00f3 sobre #TheBleachers, su nuevo \u00e9xito.","jetpack_publicize_feature_enabled":true,"jetpack_social_post_already_shared":true,"jetpack_social_options":{"image_generator_settings":{"template":"highway","default_image_id":0,"font":"","enabled":false},"version":2}},"categories":[91,98,100],"tags":[3577,3578,233,3384,90,329,1270,1465,543,1665,2508,3579,3580,1976,1287],"class_list":["post-49218","post","type-post","status-publish","format-standard","has-post-thumbnail","hentry","category-entrevistas","category-portada","category-revista","tag-alan-navarro","tag-cd9","tag-david-bowie","tag-destacada","tag-en-portada","tag-entrevista","tag-instagram","tag-lady-gaga","tag-latinoamerica","tag-michael-jackson","tag-queen","tag-record-guinness","tag-the-bleachers","tag-tiktok","tag-twitter","has-post-title","has-post-date","has-post-category","has-post-tag","has-post-comment","has-post-author",""],"yoast_head":"<!-- This site is optimized with the Yoast SEO plugin v27.5 - https:\/\/yoast.com\/product\/yoast-seo-wordpress\/ -->\n<title>Alan Navarro - Zero Magazine<\/title>\n<meta name=\"robots\" content=\"index, follow, max-snippet:-1, max-image-preview:large, max-video-preview:-1\" \/>\n<link rel=\"canonical\" href=\"https:\/\/zeromagazine.mx\/index.php\/2021\/08\/13\/alan-navarro-el-fenomeno-pop-mas-importante-de-la-decada-en-latinoamerica\/\" \/>\n<meta property=\"og:locale\" content=\"es_ES\" \/>\n<meta property=\"og:type\" content=\"article\" \/>\n<meta property=\"og:title\" content=\"Alan Navarro - Zero Magazine\" \/>\n<meta property=\"og:description\" content=\"\u00c9l es Alan Navarro, cantante Mexicano que inici\u00f3 su carrera musical a los 17 a\u00f1os dentro de la exitosa agrupaci\u00f3n CD9 conocida por ser el fen\u00f3meno pop m\u00e1s importante de la d\u00e9cada en LATAM, Alan durante su estancia como integrante de este grupo realiz\u00f3 5 giras con m\u00e1s de 400 conciertos en distintos recintos nacionales [&hellip;]\" \/>\n<meta property=\"og:url\" content=\"https:\/\/zeromagazine.mx\/index.php\/2021\/08\/13\/alan-navarro-el-fenomeno-pop-mas-importante-de-la-decada-en-latinoamerica\/\" \/>\n<meta property=\"og:site_name\" content=\"Zero Magazine\" \/>\n<meta property=\"article:published_time\" content=\"2021-08-13T18:00:00+00:00\" \/>\n<meta name=\"author\" content=\"zeromagazinemx\" \/>\n<meta name=\"twitter:card\" content=\"summary_large_image\" \/>\n<meta name=\"twitter:label1\" content=\"Escrito por\" \/>\n\t<meta name=\"twitter:data1\" content=\"zeromagazinemx\" \/>\n\t<meta name=\"twitter:label2\" content=\"Tiempo de lectura\" \/>\n\t<meta name=\"twitter:data2\" content=\"7 minutos\" \/>\n<script type=\"application\/ld+json\" class=\"yoast-schema-graph\">{\"@context\":\"https:\\\/\\\/schema.org\",\"@graph\":[{\"@type\":\"Article\",\"@id\":\"https:\\\/\\\/zeromagazine.mx\\\/index.php\\\/2021\\\/08\\\/13\\\/alan-navarro-el-fenomeno-pop-mas-importante-de-la-decada-en-latinoamerica\\\/#article\",\"isPartOf\":{\"@id\":\"https:\\\/\\\/zeromagazine.mx\\\/index.php\\\/2021\\\/08\\\/13\\\/alan-navarro-el-fenomeno-pop-mas-importante-de-la-decada-en-latinoamerica\\\/\"},\"author\":{\"name\":\"zeromagazinemx\",\"@id\":\"https:\\\/\\\/zeromagazine.mx\\\/#\\\/schema\\\/person\\\/9aed9f33a7c39af3a348b86d723f7773\"},\"headline\":\"Alan Navarro\",\"datePublished\":\"2021-08-13T18:00:00+00:00\",\"mainEntityOfPage\":{\"@id\":\"https:\\\/\\\/zeromagazine.mx\\\/index.php\\\/2021\\\/08\\\/13\\\/alan-navarro-el-fenomeno-pop-mas-importante-de-la-decada-en-latinoamerica\\\/\"},\"wordCount\":1411,\"commentCount\":0,\"publisher\":{\"@id\":\"https:\\\/\\\/zeromagazine.mx\\\/#organization\"},\"image\":{\"@id\":\"https:\\\/\\\/zeromagazine.mx\\\/index.php\\\/2021\\\/08\\\/13\\\/alan-navarro-el-fenomeno-pop-mas-importante-de-la-decada-en-latinoamerica\\\/#primaryimage\"},\"thumbnailUrl\":\"\",\"keywords\":[\"Alan Navarro\",\"CD9\",\"David Bowie\",\"Destacada\",\"En Portada\",\"Entrevista\",\"Instagram\",\"Lady Gaga\",\"latinoamerica\",\"Michael Jackson\",\"queen\",\"R\u00e9cord Guinness\",\"The Bleachers\",\"TikTok\",\"Twitter\"],\"articleSection\":[\"Entrevistas\",\"Portada\",\"Revista\"],\"inLanguage\":\"es\",\"potentialAction\":[{\"@type\":\"CommentAction\",\"name\":\"Comment\",\"target\":[\"https:\\\/\\\/zeromagazine.mx\\\/index.php\\\/2021\\\/08\\\/13\\\/alan-navarro-el-fenomeno-pop-mas-importante-de-la-decada-en-latinoamerica\\\/#respond\"]}]},{\"@type\":\"WebPage\",\"@id\":\"https:\\\/\\\/zeromagazine.mx\\\/index.php\\\/2021\\\/08\\\/13\\\/alan-navarro-el-fenomeno-pop-mas-importante-de-la-decada-en-latinoamerica\\\/\",\"url\":\"https:\\\/\\\/zeromagazine.mx\\\/index.php\\\/2021\\\/08\\\/13\\\/alan-navarro-el-fenomeno-pop-mas-importante-de-la-decada-en-latinoamerica\\\/\",\"name\":\"Alan Navarro - Zero Magazine\",\"isPartOf\":{\"@id\":\"https:\\\/\\\/zeromagazine.mx\\\/#website\"},\"primaryImageOfPage\":{\"@id\":\"https:\\\/\\\/zeromagazine.mx\\\/index.php\\\/2021\\\/08\\\/13\\\/alan-navarro-el-fenomeno-pop-mas-importante-de-la-decada-en-latinoamerica\\\/#primaryimage\"},\"image\":{\"@id\":\"https:\\\/\\\/zeromagazine.mx\\\/index.php\\\/2021\\\/08\\\/13\\\/alan-navarro-el-fenomeno-pop-mas-importante-de-la-decada-en-latinoamerica\\\/#primaryimage\"},\"thumbnailUrl\":\"\",\"datePublished\":\"2021-08-13T18:00:00+00:00\",\"breadcrumb\":{\"@id\":\"https:\\\/\\\/zeromagazine.mx\\\/index.php\\\/2021\\\/08\\\/13\\\/alan-navarro-el-fenomeno-pop-mas-importante-de-la-decada-en-latinoamerica\\\/#breadcrumb\"},\"inLanguage\":\"es\",\"potentialAction\":[{\"@type\":\"ReadAction\",\"target\":[\"https:\\\/\\\/zeromagazine.mx\\\/index.php\\\/2021\\\/08\\\/13\\\/alan-navarro-el-fenomeno-pop-mas-importante-de-la-decada-en-latinoamerica\\\/\"]}]},{\"@type\":\"ImageObject\",\"inLanguage\":\"es\",\"@id\":\"https:\\\/\\\/zeromagazine.mx\\\/index.php\\\/2021\\\/08\\\/13\\\/alan-navarro-el-fenomeno-pop-mas-importante-de-la-decada-en-latinoamerica\\\/#primaryimage\",\"url\":\"\",\"contentUrl\":\"\"},{\"@type\":\"BreadcrumbList\",\"@id\":\"https:\\\/\\\/zeromagazine.mx\\\/index.php\\\/2021\\\/08\\\/13\\\/alan-navarro-el-fenomeno-pop-mas-importante-de-la-decada-en-latinoamerica\\\/#breadcrumb\",\"itemListElement\":[{\"@type\":\"ListItem\",\"position\":1,\"name\":\"Portada\",\"item\":\"https:\\\/\\\/zeromagazine.mx\\\/\"},{\"@type\":\"ListItem\",\"position\":2,\"name\":\"Alan Navarro\"}]},{\"@type\":\"WebSite\",\"@id\":\"https:\\\/\\\/zeromagazine.mx\\\/#website\",\"url\":\"https:\\\/\\\/zeromagazine.mx\\\/\",\"name\":\"Zero Magazine\",\"description\":\"\",\"publisher\":{\"@id\":\"https:\\\/\\\/zeromagazine.mx\\\/#organization\"},\"potentialAction\":[{\"@type\":\"SearchAction\",\"target\":{\"@type\":\"EntryPoint\",\"urlTemplate\":\"https:\\\/\\\/zeromagazine.mx\\\/?s={search_term_string}\"},\"query-input\":{\"@type\":\"PropertyValueSpecification\",\"valueRequired\":true,\"valueName\":\"search_term_string\"}}],\"inLanguage\":\"es\"},{\"@type\":\"Organization\",\"@id\":\"https:\\\/\\\/zeromagazine.mx\\\/#organization\",\"name\":\"Zero Magazine\",\"url\":\"https:\\\/\\\/zeromagazine.mx\\\/\",\"logo\":{\"@type\":\"ImageObject\",\"inLanguage\":\"es\",\"@id\":\"https:\\\/\\\/zeromagazine.mx\\\/#\\\/schema\\\/logo\\\/image\\\/\",\"url\":\"https:\\\/\\\/i0.wp.com\\\/zeromagazine.mx\\\/wp-content\\\/uploads\\\/2025\\\/11\\\/1.jpeg?fit=1000%2C1000&ssl=1\",\"contentUrl\":\"https:\\\/\\\/i0.wp.com\\\/zeromagazine.mx\\\/wp-content\\\/uploads\\\/2025\\\/11\\\/1.jpeg?fit=1000%2C1000&ssl=1\",\"width\":1000,\"height\":1000,\"caption\":\"Zero Magazine\"},\"image\":{\"@id\":\"https:\\\/\\\/zeromagazine.mx\\\/#\\\/schema\\\/logo\\\/image\\\/\"},\"sameAs\":[\"https:\\\/\\\/instagram.com\\\/zeromagazinemx\"]},{\"@type\":\"Person\",\"@id\":\"https:\\\/\\\/zeromagazine.mx\\\/#\\\/schema\\\/person\\\/9aed9f33a7c39af3a348b86d723f7773\",\"name\":\"zeromagazinemx\",\"image\":{\"@type\":\"ImageObject\",\"inLanguage\":\"es\",\"@id\":\"https:\\\/\\\/zeromagazine.mx\\\/wp-content\\\/litespeed\\\/avatar\\\/f91dfe5410d5dcb1a576bf8c45983896.jpg?ver=1777571230\",\"url\":\"https:\\\/\\\/zeromagazine.mx\\\/wp-content\\\/litespeed\\\/avatar\\\/f91dfe5410d5dcb1a576bf8c45983896.jpg?ver=1777571230\",\"contentUrl\":\"https:\\\/\\\/zeromagazine.mx\\\/wp-content\\\/litespeed\\\/avatar\\\/f91dfe5410d5dcb1a576bf8c45983896.jpg?ver=1777571230\",\"caption\":\"zeromagazinemx\"},\"url\":\"https:\\\/\\\/zeromagazine.mx\\\/index.php\\\/author\\\/zeromagazinemx\\\/\"}]}<\/script>\n<!-- \/ Yoast SEO plugin. -->","yoast_head_json":{"title":"Alan Navarro - Zero Magazine","robots":{"index":"index","follow":"follow","max-snippet":"max-snippet:-1","max-image-preview":"max-image-preview:large","max-video-preview":"max-video-preview:-1"},"canonical":"https:\/\/zeromagazine.mx\/index.php\/2021\/08\/13\/alan-navarro-el-fenomeno-pop-mas-importante-de-la-decada-en-latinoamerica\/","og_locale":"es_ES","og_type":"article","og_title":"Alan Navarro - Zero Magazine","og_description":"\u00c9l es Alan Navarro, cantante Mexicano que inici\u00f3 su carrera musical a los 17 a\u00f1os dentro de la exitosa agrupaci\u00f3n CD9 conocida por ser el fen\u00f3meno pop m\u00e1s importante de la d\u00e9cada en LATAM, Alan durante su estancia como integrante de este grupo realiz\u00f3 5 giras con m\u00e1s de 400 conciertos en distintos recintos nacionales [&hellip;]","og_url":"https:\/\/zeromagazine.mx\/index.php\/2021\/08\/13\/alan-navarro-el-fenomeno-pop-mas-importante-de-la-decada-en-latinoamerica\/","og_site_name":"Zero Magazine","article_published_time":"2021-08-13T18:00:00+00:00","author":"zeromagazinemx","twitter_card":"summary_large_image","twitter_misc":{"Escrito por":"zeromagazinemx","Tiempo de lectura":"7 minutos"},"schema":{"@context":"https:\/\/schema.org","@graph":[{"@type":"Article","@id":"https:\/\/zeromagazine.mx\/index.php\/2021\/08\/13\/alan-navarro-el-fenomeno-pop-mas-importante-de-la-decada-en-latinoamerica\/#article","isPartOf":{"@id":"https:\/\/zeromagazine.mx\/index.php\/2021\/08\/13\/alan-navarro-el-fenomeno-pop-mas-importante-de-la-decada-en-latinoamerica\/"},"author":{"name":"zeromagazinemx","@id":"https:\/\/zeromagazine.mx\/#\/schema\/person\/9aed9f33a7c39af3a348b86d723f7773"},"headline":"Alan Navarro","datePublished":"2021-08-13T18:00:00+00:00","mainEntityOfPage":{"@id":"https:\/\/zeromagazine.mx\/index.php\/2021\/08\/13\/alan-navarro-el-fenomeno-pop-mas-importante-de-la-decada-en-latinoamerica\/"},"wordCount":1411,"commentCount":0,"publisher":{"@id":"https:\/\/zeromagazine.mx\/#organization"},"image":{"@id":"https:\/\/zeromagazine.mx\/index.php\/2021\/08\/13\/alan-navarro-el-fenomeno-pop-mas-importante-de-la-decada-en-latinoamerica\/#primaryimage"},"thumbnailUrl":"","keywords":["Alan Navarro","CD9","David Bowie","Destacada","En Portada","Entrevista","Instagram","Lady Gaga","latinoamerica","Michael Jackson","queen","R\u00e9cord Guinness","The Bleachers","TikTok","Twitter"],"articleSection":["Entrevistas","Portada","Revista"],"inLanguage":"es","potentialAction":[{"@type":"CommentAction","name":"Comment","target":["https:\/\/zeromagazine.mx\/index.php\/2021\/08\/13\/alan-navarro-el-fenomeno-pop-mas-importante-de-la-decada-en-latinoamerica\/#respond"]}]},{"@type":"WebPage","@id":"https:\/\/zeromagazine.mx\/index.php\/2021\/08\/13\/alan-navarro-el-fenomeno-pop-mas-importante-de-la-decada-en-latinoamerica\/","url":"https:\/\/zeromagazine.mx\/index.php\/2021\/08\/13\/alan-navarro-el-fenomeno-pop-mas-importante-de-la-decada-en-latinoamerica\/","name":"Alan Navarro - Zero Magazine","isPartOf":{"@id":"https:\/\/zeromagazine.mx\/#website"},"primaryImageOfPage":{"@id":"https:\/\/zeromagazine.mx\/index.php\/2021\/08\/13\/alan-navarro-el-fenomeno-pop-mas-importante-de-la-decada-en-latinoamerica\/#primaryimage"},"image":{"@id":"https:\/\/zeromagazine.mx\/index.php\/2021\/08\/13\/alan-navarro-el-fenomeno-pop-mas-importante-de-la-decada-en-latinoamerica\/#primaryimage"},"thumbnailUrl":"","datePublished":"2021-08-13T18:00:00+00:00","breadcrumb":{"@id":"https:\/\/zeromagazine.mx\/index.php\/2021\/08\/13\/alan-navarro-el-fenomeno-pop-mas-importante-de-la-decada-en-latinoamerica\/#breadcrumb"},"inLanguage":"es","potentialAction":[{"@type":"ReadAction","target":["https:\/\/zeromagazine.mx\/index.php\/2021\/08\/13\/alan-navarro-el-fenomeno-pop-mas-importante-de-la-decada-en-latinoamerica\/"]}]},{"@type":"ImageObject","inLanguage":"es","@id":"https:\/\/zeromagazine.mx\/index.php\/2021\/08\/13\/alan-navarro-el-fenomeno-pop-mas-importante-de-la-decada-en-latinoamerica\/#primaryimage","url":"","contentUrl":""},{"@type":"BreadcrumbList","@id":"https:\/\/zeromagazine.mx\/index.php\/2021\/08\/13\/alan-navarro-el-fenomeno-pop-mas-importante-de-la-decada-en-latinoamerica\/#breadcrumb","itemListElement":[{"@type":"ListItem","position":1,"name":"Portada","item":"https:\/\/zeromagazine.mx\/"},{"@type":"ListItem","position":2,"name":"Alan Navarro"}]},{"@type":"WebSite","@id":"https:\/\/zeromagazine.mx\/#website","url":"https:\/\/zeromagazine.mx\/","name":"Zero Magazine","description":"","publisher":{"@id":"https:\/\/zeromagazine.mx\/#organization"},"potentialAction":[{"@type":"SearchAction","target":{"@type":"EntryPoint","urlTemplate":"https:\/\/zeromagazine.mx\/?s={search_term_string}"},"query-input":{"@type":"PropertyValueSpecification","valueRequired":true,"valueName":"search_term_string"}}],"inLanguage":"es"},{"@type":"Organization","@id":"https:\/\/zeromagazine.mx\/#organization","name":"Zero Magazine","url":"https:\/\/zeromagazine.mx\/","logo":{"@type":"ImageObject","inLanguage":"es","@id":"https:\/\/zeromagazine.mx\/#\/schema\/logo\/image\/","url":"https:\/\/i0.wp.com\/zeromagazine.mx\/wp-content\/uploads\/2025\/11\/1.jpeg?fit=1000%2C1000&ssl=1","contentUrl":"https:\/\/i0.wp.com\/zeromagazine.mx\/wp-content\/uploads\/2025\/11\/1.jpeg?fit=1000%2C1000&ssl=1","width":1000,"height":1000,"caption":"Zero Magazine"},"image":{"@id":"https:\/\/zeromagazine.mx\/#\/schema\/logo\/image\/"},"sameAs":["https:\/\/instagram.com\/zeromagazinemx"]},{"@type":"Person","@id":"https:\/\/zeromagazine.mx\/#\/schema\/person\/9aed9f33a7c39af3a348b86d723f7773","name":"zeromagazinemx","image":{"@type":"ImageObject","inLanguage":"es","@id":"https:\/\/zeromagazine.mx\/wp-content\/litespeed\/avatar\/f91dfe5410d5dcb1a576bf8c45983896.jpg?ver=1777571230","url":"https:\/\/zeromagazine.mx\/wp-content\/litespeed\/avatar\/f91dfe5410d5dcb1a576bf8c45983896.jpg?ver=1777571230","contentUrl":"https:\/\/zeromagazine.mx\/wp-content\/litespeed\/avatar\/f91dfe5410d5dcb1a576bf8c45983896.jpg?ver=1777571230","caption":"zeromagazinemx"},"url":"https:\/\/zeromagazine.mx\/index.php\/author\/zeromagazinemx\/"}]}},"jetpack_publicize_connections":[],"jetpack_featured_media_url":"","jetpack-related-posts":[{"id":93333,"url":"https:\/\/zeromagazine.mx\/index.php\/2024\/12\/17\/cd9-4to-sold-out-historico\/","url_meta":{"origin":49218,"position":0},"title":"CD9: 4to Sold Out Hist\u00f3rico","author":"zeromagazinemx","date":"17 de diciembre de 2024","format":false,"excerpt":"CD9 lo hizo de nuevo CD9 lo hizo de nuevo, Amix, es un placer para m\u00ed contarte un poco del gran concierto que tuvo mi boy band favorita. Si cre\u00edas que el 2024 no pod\u00eda sorprendernos m\u00e1s, la despedida de CD9 vino a demostrarnos lo contrario. La boyband m\u00e1s ic\u00f3nica\u2026","rel":"","context":"En \u00abEntretenimiento\u00bb","block_context":{"text":"Entretenimiento","link":"https:\/\/zeromagazine.mx\/index.php\/category\/entretenimiento\/"},"img":{"alt_text":"","src":"https:\/\/i0.wp.com\/zeromagazine.mx\/wp-content\/uploads\/2024\/12\/CDM-CDMX-V4-1-scaled.jpg?fit=1200%2C800&ssl=1&resize=350%2C200","width":350,"height":200,"srcset":"https:\/\/i0.wp.com\/zeromagazine.mx\/wp-content\/uploads\/2024\/12\/CDM-CDMX-V4-1-scaled.jpg?fit=1200%2C800&ssl=1&resize=350%2C200 1x, https:\/\/i0.wp.com\/zeromagazine.mx\/wp-content\/uploads\/2024\/12\/CDM-CDMX-V4-1-scaled.jpg?fit=1200%2C800&ssl=1&resize=525%2C300 1.5x, https:\/\/i0.wp.com\/zeromagazine.mx\/wp-content\/uploads\/2024\/12\/CDM-CDMX-V4-1-scaled.jpg?fit=1200%2C800&ssl=1&resize=700%2C400 2x, https:\/\/i0.wp.com\/zeromagazine.mx\/wp-content\/uploads\/2024\/12\/CDM-CDMX-V4-1-scaled.jpg?fit=1200%2C800&ssl=1&resize=1050%2C600 3x"},"classes":[]},{"id":75912,"url":"https:\/\/zeromagazine.mx\/index.php\/2024\/05\/14\/cd9-the-last-party-tour\/","url_meta":{"origin":49218,"position":1},"title":"CD9: The Last Party Tour","author":"zeromagazinemx","date":"14 de mayo de 2024","format":false,"excerpt":"\u00a1La espera ha terminado! CD9 est\u00e1 de regreso para brindar un \u00faltimo hurra a sus fans con su gira de despedida \"The Last Party\". As\u00ed es, prep\u00e1rense para la fiesta m\u00e1s \u00e9pica de todas porque la boyband que marc\u00f3 una era en la m\u00fasica est\u00e1 de vuelta y ha extendido\u2026","rel":"","context":"En \u00abEntretenimiento\u00bb","block_context":{"text":"Entretenimiento","link":"https:\/\/zeromagazine.mx\/index.php\/category\/entretenimiento\/"},"img":{"alt_text":"","src":"https:\/\/i0.wp.com\/zeromagazine.mx\/wp-content\/uploads\/2024\/05\/CD9-POST.png?fit=960%2C1200&ssl=1&resize=350%2C200","width":350,"height":200,"srcset":"https:\/\/i0.wp.com\/zeromagazine.mx\/wp-content\/uploads\/2024\/05\/CD9-POST.png?fit=960%2C1200&ssl=1&resize=350%2C200 1x, https:\/\/i0.wp.com\/zeromagazine.mx\/wp-content\/uploads\/2024\/05\/CD9-POST.png?fit=960%2C1200&ssl=1&resize=525%2C300 1.5x, https:\/\/i0.wp.com\/zeromagazine.mx\/wp-content\/uploads\/2024\/05\/CD9-POST.png?fit=960%2C1200&ssl=1&resize=700%2C400 2x"},"classes":[]},{"id":117811,"url":"https:\/\/zeromagazine.mx\/index.php\/2026\/04\/03\/cd9-regreso-2026-otra-vez-vol1\/","url_meta":{"origin":49218,"position":2},"title":"CD9 PRESENTA \u201cOTRA VEZ VOL. 1\u201d: EL RENACER DE UN \u00cdCONO GENERACIONAL","author":"David Morales","date":"3 de abril de 2026","format":false,"excerpt":"Despu\u00e9s de una pausa que solo los hizo m\u00e1s grandes, el comeback m\u00e1s esperado del pop latino ya es una realidad (y suena mejor que nunca). Algunas bandas no regresan\u2026 renacen. Y eso es exactamente lo que est\u00e1 pasando con\u00a0CD9. Despu\u00e9s de un silencio que se sinti\u00f3 eterno \u2014pero necesario\u2014,\u2026","rel":"","context":"En \u00abBlog\u00bb","block_context":{"text":"Blog","link":"https:\/\/zeromagazine.mx\/index.php\/category\/blog\/"},"img":{"alt_text":"","src":"https:\/\/i0.wp.com\/zeromagazine.mx\/wp-content\/uploads\/2026\/04\/IMG_1975.jpeg?fit=1200%2C800&ssl=1&resize=350%2C200","width":350,"height":200,"srcset":"https:\/\/i0.wp.com\/zeromagazine.mx\/wp-content\/uploads\/2026\/04\/IMG_1975.jpeg?fit=1200%2C800&ssl=1&resize=350%2C200 1x, https:\/\/i0.wp.com\/zeromagazine.mx\/wp-content\/uploads\/2026\/04\/IMG_1975.jpeg?fit=1200%2C800&ssl=1&resize=525%2C300 1.5x, https:\/\/i0.wp.com\/zeromagazine.mx\/wp-content\/uploads\/2026\/04\/IMG_1975.jpeg?fit=1200%2C800&ssl=1&resize=700%2C400 2x, https:\/\/i0.wp.com\/zeromagazine.mx\/wp-content\/uploads\/2026\/04\/IMG_1975.jpeg?fit=1200%2C800&ssl=1&resize=1050%2C600 3x"},"classes":[]},{"id":55425,"url":"https:\/\/zeromagazine.mx\/index.php\/2021\/10\/04\/alan-slim-carisma-y-talento\/","url_meta":{"origin":49218,"position":3},"title":"Alan Slim: Carisma y Talento","author":"zeromagazinemx","date":"4 de octubre de 2021","format":false,"excerpt":"\u201cDesde que realic\u00e9 mi audici\u00f3n para el se\u00f1or de los cielos y mire la reacci\u00f3n de los ah\u00ed presentes, supe que el papel era m\u00edo\u201d. Alan Slim el joven actor que est\u00e1 destacando en la tv, con personajes que resaltan m\u00e1s de lo normal por su carisma, intensidad y sobre\u2026","rel":"","context":"En \u00abEntrevistas\u00bb","block_context":{"text":"Entrevistas","link":"https:\/\/zeromagazine.mx\/index.php\/category\/entretenimiento\/entrevistas\/"},"img":{"alt_text":"","src":"","width":0,"height":0},"classes":[]},{"id":48660,"url":"https:\/\/zeromagazine.mx\/index.php\/2021\/06\/24\/alan-estrada-realizara-una-expedicion-a-los-restos-del-titanic\/","url_meta":{"origin":49218,"position":4},"title":"Alan Estrada realizar\u00e1 una expedici\u00f3n a los restos del Titanic","author":"zeromagazinemx","date":"24 de junio de 2021","format":false,"excerpt":"Alan Estrada cumple 11 a\u00f1os con su canal de YouTube: Alan x el mundo, con el cual ha tenido la oportunidad de viajar alrededor del mundo y siempre llev\u00e1ndose un aprendizaje en cada lugar que visita. Por Moises Kushelevich Alan es conocido por compartir sus viajes con el p\u00fablico y\u2026","rel":"","context":"En \u00abEntretenimiento\u00bb","block_context":{"text":"Entretenimiento","link":"https:\/\/zeromagazine.mx\/index.php\/category\/entretenimiento\/"},"img":{"alt_text":"","src":"https:\/\/i0.wp.com\/img.youtube.com\/vi\/VE9Y_3iikFg\/0.jpg?resize=350%2C200","width":350,"height":200},"classes":[]},{"id":51050,"url":"https:\/\/zeromagazine.mx\/index.php\/2021\/07\/28\/alan-estrada-estuvo-de-vuelta-en-hoy-no-me-puedo-levantar\/","url_meta":{"origin":49218,"position":5},"title":"Alan Estrada estuvo de vuelta en \u00abHoy No Me Puedo Levantar\u00bb","author":"zeromagazinemx","date":"28 de julio de 2021","format":false,"excerpt":"Este viernes 23 de julio, Alan Estrada regres\u00f3 a la obra que le dio su primera oportunidad como protagonista, \"Hoy No Me Puedo Levantar\". Por Moises Kushelevich El productor, Alejandro Gou, logr\u00f3 que Alan regresara a despedirse de su personaje \u201cMario\u201d, por s\u00f3lo 8 funciones, siendo el viernes 23 la\u2026","rel":"","context":"En \u00abEntretenimiento\u00bb","block_context":{"text":"Entretenimiento","link":"https:\/\/zeromagazine.mx\/index.php\/category\/entretenimiento\/"},"img":{"alt_text":"","src":"","width":0,"height":0},"classes":[]}],"jetpack_sharing_enabled":true,"builder_content":"","_links":{"self":[{"href":"https:\/\/zeromagazine.mx\/index.php\/wp-json\/wp\/v2\/posts\/49218","targetHints":{"allow":["GET"]}}],"collection":[{"href":"https:\/\/zeromagazine.mx\/index.php\/wp-json\/wp\/v2\/posts"}],"about":[{"href":"https:\/\/zeromagazine.mx\/index.php\/wp-json\/wp\/v2\/types\/post"}],"author":[{"embeddable":true,"href":"https:\/\/zeromagazine.mx\/index.php\/wp-json\/wp\/v2\/users\/2"}],"replies":[{"embeddable":true,"href":"https:\/\/zeromagazine.mx\/index.php\/wp-json\/wp\/v2\/comments?post=49218"}],"version-history":[{"count":0,"href":"https:\/\/zeromagazine.mx\/index.php\/wp-json\/wp\/v2\/posts\/49218\/revisions"}],"wp:featuredmedia":[{"embeddable":true,"href":"https:\/\/zeromagazine.mx\/index.php\/wp-json\/"}],"wp:attachment":[{"href":"https:\/\/zeromagazine.mx\/index.php\/wp-json\/wp\/v2\/media?parent=49218"}],"wp:term":[{"taxonomy":"category","embeddable":true,"href":"https:\/\/zeromagazine.mx\/index.php\/wp-json\/wp\/v2\/categories?post=49218"},{"taxonomy":"post_tag","embeddable":true,"href":"https:\/\/zeromagazine.mx\/index.php\/wp-json\/wp\/v2\/tags?post=49218"}],"curies":[{"name":"wp","href":"https:\/\/api.w.org\/{rel}","templated":true}]}}