{"id":49281,"date":"2021-07-02T17:00:00","date_gmt":"2021-07-02T22:00:00","guid":{"rendered":"https:\/\/atomic-temporary-84115225.wpcomstaging.com\/?p=49281"},"modified":"2021-07-02T17:00:00","modified_gmt":"2021-07-02T22:00:00","slug":"j-balvin-y-skrillex-se-unen-en-una-nueva-cancion-in-da-getto","status":"publish","type":"post","link":"https:\/\/zeromagazine.mx\/index.php\/2021\/07\/02\/j-balvin-y-skrillex-se-unen-en-una-nueva-cancion-in-da-getto\/","title":{"rendered":"J Balvin y Skrillex se unen en una nueva canci\u00f3n \u201cIn Da Getto\u201d"},"content":{"rendered":"\n<p><strong>J Balvin<\/strong> y <strong>Skrillex <\/strong>colaboran en una nueva canci\u00f3n, ideal para este verano.<\/p>\n\n\n\n<div class=\"wp-block-buttons is-layout-flex wp-block-buttons-is-layout-flex\">\n<div class=\"wp-block-button is-style-outline is-style-outline--1\"><a class=\"wp-block-button__link\">Por Mayra Torres<\/a><\/div>\n<\/div>\n\n\n\n<p><strong><em>\u201cIn Da Getto\u201d<\/em><\/strong> es un sencillo que incluye elementos del \u00e9xito de los a\u00f1os 90 <strong><em>\u201cIn De Guetto\u201d<\/em><\/strong> de <strong>David Morales<\/strong> y <strong>The Bad Yard Club<\/strong>. El video captura la energ\u00eda pegajosa del tema a medida que sigue al d\u00fao a trav\u00e9s de diferentes fiestas.\u00a0<\/p>\n\n\n\n<p>El video fue dirigido por<strong> Alfred Marroqu\u00edn <\/strong>y figura el reconocido comediante de <strong>TikTok<\/strong>, <strong>Khaby Lame<\/strong>, uno de los generadores de contenido con mayor crecimiento dentro de la plataforma. El video llega antes de la presentaci\u00f3n de<strong> J Balvin<\/strong> en <strong><em>Tiktok Headstream<\/em><\/strong> el d\u00eda de ma\u00f1ana, en donde hablar\u00e1 de la canci\u00f3n en vivo con los fans.<\/p>\n\n\n\n<figure class=\"wp-block-embed aligncenter is-type-video is-provider-youtube wp-block-embed-youtube wp-embed-aspect-16-9 wp-has-aspect-ratio\"><div class=\"wp-block-embed__wrapper\">\n<div class=\"post-video\"><iframe title=\"J. Balvin, Skrillex - In Da Getto (Official Video)\" width=\"1165\" height=\"655\" src=\"https:\/\/www.youtube.com\/embed\/MjlTKXujfwE?feature=oembed\" frameborder=\"0\" allow=\"accelerometer; autoplay; clipboard-write; encrypted-media; gyroscope; picture-in-picture; web-share\" allowfullscreen><\/iframe><\/div>\n<\/div><\/figure>\n\n\n\n\n\n<p>El tema llega tras las nominaciones que <strong>J Balvin<\/strong> recibi\u00f3 en la edici\u00f3n de este a\u00f1o de<strong> Premios Juventud <\/strong>y haber ganado a <strong><em>Artista Latin Pop\/Reggaeton del A\u00f1o<\/em><\/strong> en los<strong> iHeartRadio Music<\/strong> <strong>Awards<\/strong>, as\u00ed como sus nominaciones a los <strong>Premios MTV MIAW<\/strong>.<\/p>\n\n\n\n<p class=\"has-text-align-center\"><em>Escucha <strong>\u201cIn Da Getto\u201d<\/strong>, disponible en plataformas digitales.<\/em><\/p>\n\n\n<!--themify_builder_content-->\n<div id=\"themify_builder_content-49281\" data-postid=\"49281\" class=\"themify_builder_content themify_builder_content-49281 themify_builder tf_clear\">\n    <\/div>\n<!--\/themify_builder_content-->\n","protected":false},"excerpt":{"rendered":"<p>J Balvin y Skrillex colaboran en una nueva canci\u00f3n, ideal para este verano. \u201cIn Da Getto\u201d es un sencillo que incluye elementos del \u00e9xito de los a\u00f1os 90 \u201cIn De Guetto\u201d de David Morales y The Bad Yard Club. El video captura la energ\u00eda pegajosa del tema a medida que sigue al d\u00fao a trav\u00e9s [&hellip;]<\/p>\n","protected":false},"author":2,"featured_media":49285,"comment_status":"open","ping_status":"open","sticky":false,"template":"","format":"standard","meta":{"_jetpack_memberships_contains_paid_content":false,"footnotes":"","jetpack_publicize_message":"","jetpack_publicize_feature_enabled":true,"jetpack_social_post_already_shared":true,"jetpack_social_options":{"image_generator_settings":{"template":"highway","default_image_id":0,"font":"","enabled":false},"version":2}},"categories":[117],"tags":[1986,1987,1988,1989,1990,1991,1452,1992,1993,1286,360,1994,1995,1976,1996],"class_list":["post-49281","post","type-post","status-publish","format-standard","has-post-thumbnail","hentry","category-entretenimiento","tag-alfred-marroquin","tag-artista-latin-pop-reggaeton-del-ano","tag-david-morales","tag-iheartradio-music-awards","tag-in-da-getto","tag-in-de-guetto","tag-j-balvin","tag-khaby-lame","tag-premios-juventud","tag-premios-mtv-miaw","tag-sencillo","tag-skrillex","tag-the-bad-yard-club","tag-tiktok","tag-tiktok-headstream","has-post-title","has-post-date","has-post-category","has-post-tag","has-post-comment","has-post-author",""],"yoast_head":"<!-- This site is optimized with the Yoast SEO plugin v27.4 - https:\/\/yoast.com\/product\/yoast-seo-wordpress\/ -->\n<title>J Balvin y Skrillex se unen en una nueva canci\u00f3n \u201cIn Da Getto\u201d - Zero Magazine<\/title>\n<meta name=\"robots\" content=\"index, follow, max-snippet:-1, max-image-preview:large, max-video-preview:-1\" \/>\n<link rel=\"canonical\" href=\"https:\/\/zeromagazine.mx\/index.php\/2021\/07\/02\/j-balvin-y-skrillex-se-unen-en-una-nueva-cancion-in-da-getto\/\" \/>\n<meta property=\"og:locale\" content=\"es_ES\" \/>\n<meta property=\"og:type\" content=\"article\" \/>\n<meta property=\"og:title\" content=\"J Balvin y Skrillex se unen en una nueva canci\u00f3n \u201cIn Da Getto\u201d - Zero Magazine\" \/>\n<meta property=\"og:description\" content=\"J Balvin y Skrillex colaboran en una nueva canci\u00f3n, ideal para este verano. \u201cIn Da Getto\u201d es un sencillo que incluye elementos del \u00e9xito de los a\u00f1os 90 \u201cIn De Guetto\u201d de David Morales y The Bad Yard Club. El video captura la energ\u00eda pegajosa del tema a medida que sigue al d\u00fao a trav\u00e9s [&hellip;]\" \/>\n<meta property=\"og:url\" content=\"https:\/\/zeromagazine.mx\/index.php\/2021\/07\/02\/j-balvin-y-skrillex-se-unen-en-una-nueva-cancion-in-da-getto\/\" \/>\n<meta property=\"og:site_name\" content=\"Zero Magazine\" \/>\n<meta property=\"article:published_time\" content=\"2021-07-02T22:00:00+00:00\" \/>\n<meta property=\"og:image\" content=\"https:\/\/i0.wp.com\/zeromagazine.mx\/wp-content\/uploads\/2022\/02\/de87a-j-balvin-and-skrillex-by-viviana-garcia-scaled.jpg?fit=2560%2C1707&ssl=1\" \/>\n\t<meta property=\"og:image:width\" content=\"2560\" \/>\n\t<meta property=\"og:image:height\" content=\"1707\" \/>\n\t<meta property=\"og:image:type\" content=\"image\/jpeg\" \/>\n<meta name=\"author\" content=\"zeromagazinemx\" \/>\n<meta name=\"twitter:card\" content=\"summary_large_image\" \/>\n<meta name=\"twitter:label1\" content=\"Escrito por\" \/>\n\t<meta name=\"twitter:data1\" content=\"zeromagazinemx\" \/>\n\t<meta name=\"twitter:label2\" content=\"Tiempo de lectura\" \/>\n\t<meta name=\"twitter:data2\" content=\"1 minuto\" \/>\n<script type=\"application\/ld+json\" class=\"yoast-schema-graph\">{\"@context\":\"https:\\\/\\\/schema.org\",\"@graph\":[{\"@type\":\"Article\",\"@id\":\"https:\\\/\\\/zeromagazine.mx\\\/index.php\\\/2021\\\/07\\\/02\\\/j-balvin-y-skrillex-se-unen-en-una-nueva-cancion-in-da-getto\\\/#article\",\"isPartOf\":{\"@id\":\"https:\\\/\\\/zeromagazine.mx\\\/index.php\\\/2021\\\/07\\\/02\\\/j-balvin-y-skrillex-se-unen-en-una-nueva-cancion-in-da-getto\\\/\"},\"author\":{\"name\":\"zeromagazinemx\",\"@id\":\"https:\\\/\\\/zeromagazine.mx\\\/#\\\/schema\\\/person\\\/9aed9f33a7c39af3a348b86d723f7773\"},\"headline\":\"J Balvin y Skrillex se unen en una nueva canci\u00f3n \u201cIn Da Getto\u201d\",\"datePublished\":\"2021-07-02T22:00:00+00:00\",\"mainEntityOfPage\":{\"@id\":\"https:\\\/\\\/zeromagazine.mx\\\/index.php\\\/2021\\\/07\\\/02\\\/j-balvin-y-skrillex-se-unen-en-una-nueva-cancion-in-da-getto\\\/\"},\"wordCount\":202,\"commentCount\":0,\"publisher\":{\"@id\":\"https:\\\/\\\/zeromagazine.mx\\\/#organization\"},\"image\":{\"@id\":\"https:\\\/\\\/zeromagazine.mx\\\/index.php\\\/2021\\\/07\\\/02\\\/j-balvin-y-skrillex-se-unen-en-una-nueva-cancion-in-da-getto\\\/#primaryimage\"},\"thumbnailUrl\":\"https:\\\/\\\/i0.wp.com\\\/zeromagazine.mx\\\/wp-content\\\/uploads\\\/2022\\\/02\\\/de87a-j-balvin-and-skrillex-by-viviana-garcia-scaled.jpg?fit=2560%2C1707&ssl=1\",\"keywords\":[\"Alfred Marroqu\u00edn\",\"Artista Latin Pop\\\/Reggaeton del A\u00f1o\",\"David Morales\",\"iHeartRadio Music Awards\",\"In Da Getto\",\"In De Guetto\",\"J Balvin\",\"Khaby Lame\",\"Premios Juventud\",\"Premios MTV Miaw\",\"Sencillo\",\"Skrillex\",\"The Bad Yard Club\",\"TikTok\",\"Tiktok Headstream\"],\"articleSection\":[\"Entretenimiento\"],\"inLanguage\":\"es\",\"potentialAction\":[{\"@type\":\"CommentAction\",\"name\":\"Comment\",\"target\":[\"https:\\\/\\\/zeromagazine.mx\\\/index.php\\\/2021\\\/07\\\/02\\\/j-balvin-y-skrillex-se-unen-en-una-nueva-cancion-in-da-getto\\\/#respond\"]}]},{\"@type\":\"WebPage\",\"@id\":\"https:\\\/\\\/zeromagazine.mx\\\/index.php\\\/2021\\\/07\\\/02\\\/j-balvin-y-skrillex-se-unen-en-una-nueva-cancion-in-da-getto\\\/\",\"url\":\"https:\\\/\\\/zeromagazine.mx\\\/index.php\\\/2021\\\/07\\\/02\\\/j-balvin-y-skrillex-se-unen-en-una-nueva-cancion-in-da-getto\\\/\",\"name\":\"J Balvin y Skrillex se unen en una nueva canci\u00f3n \u201cIn Da Getto\u201d - Zero Magazine\",\"isPartOf\":{\"@id\":\"https:\\\/\\\/zeromagazine.mx\\\/#website\"},\"primaryImageOfPage\":{\"@id\":\"https:\\\/\\\/zeromagazine.mx\\\/index.php\\\/2021\\\/07\\\/02\\\/j-balvin-y-skrillex-se-unen-en-una-nueva-cancion-in-da-getto\\\/#primaryimage\"},\"image\":{\"@id\":\"https:\\\/\\\/zeromagazine.mx\\\/index.php\\\/2021\\\/07\\\/02\\\/j-balvin-y-skrillex-se-unen-en-una-nueva-cancion-in-da-getto\\\/#primaryimage\"},\"thumbnailUrl\":\"https:\\\/\\\/i0.wp.com\\\/zeromagazine.mx\\\/wp-content\\\/uploads\\\/2022\\\/02\\\/de87a-j-balvin-and-skrillex-by-viviana-garcia-scaled.jpg?fit=2560%2C1707&ssl=1\",\"datePublished\":\"2021-07-02T22:00:00+00:00\",\"breadcrumb\":{\"@id\":\"https:\\\/\\\/zeromagazine.mx\\\/index.php\\\/2021\\\/07\\\/02\\\/j-balvin-y-skrillex-se-unen-en-una-nueva-cancion-in-da-getto\\\/#breadcrumb\"},\"inLanguage\":\"es\",\"potentialAction\":[{\"@type\":\"ReadAction\",\"target\":[\"https:\\\/\\\/zeromagazine.mx\\\/index.php\\\/2021\\\/07\\\/02\\\/j-balvin-y-skrillex-se-unen-en-una-nueva-cancion-in-da-getto\\\/\"]}]},{\"@type\":\"ImageObject\",\"inLanguage\":\"es\",\"@id\":\"https:\\\/\\\/zeromagazine.mx\\\/index.php\\\/2021\\\/07\\\/02\\\/j-balvin-y-skrillex-se-unen-en-una-nueva-cancion-in-da-getto\\\/#primaryimage\",\"url\":\"https:\\\/\\\/i0.wp.com\\\/zeromagazine.mx\\\/wp-content\\\/uploads\\\/2022\\\/02\\\/de87a-j-balvin-and-skrillex-by-viviana-garcia-scaled.jpg?fit=2560%2C1707&ssl=1\",\"contentUrl\":\"https:\\\/\\\/i0.wp.com\\\/zeromagazine.mx\\\/wp-content\\\/uploads\\\/2022\\\/02\\\/de87a-j-balvin-and-skrillex-by-viviana-garcia-scaled.jpg?fit=2560%2C1707&ssl=1\",\"width\":2560,\"height\":1707},{\"@type\":\"BreadcrumbList\",\"@id\":\"https:\\\/\\\/zeromagazine.mx\\\/index.php\\\/2021\\\/07\\\/02\\\/j-balvin-y-skrillex-se-unen-en-una-nueva-cancion-in-da-getto\\\/#breadcrumb\",\"itemListElement\":[{\"@type\":\"ListItem\",\"position\":1,\"name\":\"Portada\",\"item\":\"https:\\\/\\\/zeromagazine.mx\\\/\"},{\"@type\":\"ListItem\",\"position\":2,\"name\":\"J Balvin y Skrillex se unen en una nueva canci\u00f3n \u201cIn Da Getto\u201d\"}]},{\"@type\":\"WebSite\",\"@id\":\"https:\\\/\\\/zeromagazine.mx\\\/#website\",\"url\":\"https:\\\/\\\/zeromagazine.mx\\\/\",\"name\":\"Zero Magazine\",\"description\":\"\",\"publisher\":{\"@id\":\"https:\\\/\\\/zeromagazine.mx\\\/#organization\"},\"potentialAction\":[{\"@type\":\"SearchAction\",\"target\":{\"@type\":\"EntryPoint\",\"urlTemplate\":\"https:\\\/\\\/zeromagazine.mx\\\/?s={search_term_string}\"},\"query-input\":{\"@type\":\"PropertyValueSpecification\",\"valueRequired\":true,\"valueName\":\"search_term_string\"}}],\"inLanguage\":\"es\"},{\"@type\":\"Organization\",\"@id\":\"https:\\\/\\\/zeromagazine.mx\\\/#organization\",\"name\":\"Zero Magazine\",\"url\":\"https:\\\/\\\/zeromagazine.mx\\\/\",\"logo\":{\"@type\":\"ImageObject\",\"inLanguage\":\"es\",\"@id\":\"https:\\\/\\\/zeromagazine.mx\\\/#\\\/schema\\\/logo\\\/image\\\/\",\"url\":\"https:\\\/\\\/i0.wp.com\\\/zeromagazine.mx\\\/wp-content\\\/uploads\\\/2025\\\/11\\\/1.jpeg?fit=1000%2C1000&ssl=1\",\"contentUrl\":\"https:\\\/\\\/i0.wp.com\\\/zeromagazine.mx\\\/wp-content\\\/uploads\\\/2025\\\/11\\\/1.jpeg?fit=1000%2C1000&ssl=1\",\"width\":1000,\"height\":1000,\"caption\":\"Zero Magazine\"},\"image\":{\"@id\":\"https:\\\/\\\/zeromagazine.mx\\\/#\\\/schema\\\/logo\\\/image\\\/\"},\"sameAs\":[\"https:\\\/\\\/instagram.com\\\/zeromagazinemx\"]},{\"@type\":\"Person\",\"@id\":\"https:\\\/\\\/zeromagazine.mx\\\/#\\\/schema\\\/person\\\/9aed9f33a7c39af3a348b86d723f7773\",\"name\":\"zeromagazinemx\",\"image\":{\"@type\":\"ImageObject\",\"inLanguage\":\"es\",\"@id\":\"https:\\\/\\\/zeromagazine.mx\\\/wp-content\\\/litespeed\\\/avatar\\\/f91dfe5410d5dcb1a576bf8c45983896.jpg?ver=1776966396\",\"url\":\"https:\\\/\\\/zeromagazine.mx\\\/wp-content\\\/litespeed\\\/avatar\\\/f91dfe5410d5dcb1a576bf8c45983896.jpg?ver=1776966396\",\"contentUrl\":\"https:\\\/\\\/zeromagazine.mx\\\/wp-content\\\/litespeed\\\/avatar\\\/f91dfe5410d5dcb1a576bf8c45983896.jpg?ver=1776966396\",\"caption\":\"zeromagazinemx\"},\"url\":\"https:\\\/\\\/zeromagazine.mx\\\/index.php\\\/author\\\/zeromagazinemx\\\/\"}]}<\/script>\n<!-- \/ Yoast SEO plugin. -->","yoast_head_json":{"title":"J Balvin y Skrillex se unen en una nueva canci\u00f3n \u201cIn Da Getto\u201d - Zero Magazine","robots":{"index":"index","follow":"follow","max-snippet":"max-snippet:-1","max-image-preview":"max-image-preview:large","max-video-preview":"max-video-preview:-1"},"canonical":"https:\/\/zeromagazine.mx\/index.php\/2021\/07\/02\/j-balvin-y-skrillex-se-unen-en-una-nueva-cancion-in-da-getto\/","og_locale":"es_ES","og_type":"article","og_title":"J Balvin y Skrillex se unen en una nueva canci\u00f3n \u201cIn Da Getto\u201d - Zero Magazine","og_description":"J Balvin y Skrillex colaboran en una nueva canci\u00f3n, ideal para este verano. \u201cIn Da Getto\u201d es un sencillo que incluye elementos del \u00e9xito de los a\u00f1os 90 \u201cIn De Guetto\u201d de David Morales y The Bad Yard Club. El video captura la energ\u00eda pegajosa del tema a medida que sigue al d\u00fao a trav\u00e9s [&hellip;]","og_url":"https:\/\/zeromagazine.mx\/index.php\/2021\/07\/02\/j-balvin-y-skrillex-se-unen-en-una-nueva-cancion-in-da-getto\/","og_site_name":"Zero Magazine","article_published_time":"2021-07-02T22:00:00+00:00","og_image":[{"width":2560,"height":1707,"url":"https:\/\/i0.wp.com\/zeromagazine.mx\/wp-content\/uploads\/2022\/02\/de87a-j-balvin-and-skrillex-by-viviana-garcia-scaled.jpg?fit=2560%2C1707&ssl=1","type":"image\/jpeg"}],"author":"zeromagazinemx","twitter_card":"summary_large_image","twitter_misc":{"Escrito por":"zeromagazinemx","Tiempo de lectura":"1 minuto"},"schema":{"@context":"https:\/\/schema.org","@graph":[{"@type":"Article","@id":"https:\/\/zeromagazine.mx\/index.php\/2021\/07\/02\/j-balvin-y-skrillex-se-unen-en-una-nueva-cancion-in-da-getto\/#article","isPartOf":{"@id":"https:\/\/zeromagazine.mx\/index.php\/2021\/07\/02\/j-balvin-y-skrillex-se-unen-en-una-nueva-cancion-in-da-getto\/"},"author":{"name":"zeromagazinemx","@id":"https:\/\/zeromagazine.mx\/#\/schema\/person\/9aed9f33a7c39af3a348b86d723f7773"},"headline":"J Balvin y Skrillex se unen en una nueva canci\u00f3n \u201cIn Da Getto\u201d","datePublished":"2021-07-02T22:00:00+00:00","mainEntityOfPage":{"@id":"https:\/\/zeromagazine.mx\/index.php\/2021\/07\/02\/j-balvin-y-skrillex-se-unen-en-una-nueva-cancion-in-da-getto\/"},"wordCount":202,"commentCount":0,"publisher":{"@id":"https:\/\/zeromagazine.mx\/#organization"},"image":{"@id":"https:\/\/zeromagazine.mx\/index.php\/2021\/07\/02\/j-balvin-y-skrillex-se-unen-en-una-nueva-cancion-in-da-getto\/#primaryimage"},"thumbnailUrl":"https:\/\/i0.wp.com\/zeromagazine.mx\/wp-content\/uploads\/2022\/02\/de87a-j-balvin-and-skrillex-by-viviana-garcia-scaled.jpg?fit=2560%2C1707&ssl=1","keywords":["Alfred Marroqu\u00edn","Artista Latin Pop\/Reggaeton del A\u00f1o","David Morales","iHeartRadio Music Awards","In Da Getto","In De Guetto","J Balvin","Khaby Lame","Premios Juventud","Premios MTV Miaw","Sencillo","Skrillex","The Bad Yard Club","TikTok","Tiktok Headstream"],"articleSection":["Entretenimiento"],"inLanguage":"es","potentialAction":[{"@type":"CommentAction","name":"Comment","target":["https:\/\/zeromagazine.mx\/index.php\/2021\/07\/02\/j-balvin-y-skrillex-se-unen-en-una-nueva-cancion-in-da-getto\/#respond"]}]},{"@type":"WebPage","@id":"https:\/\/zeromagazine.mx\/index.php\/2021\/07\/02\/j-balvin-y-skrillex-se-unen-en-una-nueva-cancion-in-da-getto\/","url":"https:\/\/zeromagazine.mx\/index.php\/2021\/07\/02\/j-balvin-y-skrillex-se-unen-en-una-nueva-cancion-in-da-getto\/","name":"J Balvin y Skrillex se unen en una nueva canci\u00f3n \u201cIn Da Getto\u201d - Zero Magazine","isPartOf":{"@id":"https:\/\/zeromagazine.mx\/#website"},"primaryImageOfPage":{"@id":"https:\/\/zeromagazine.mx\/index.php\/2021\/07\/02\/j-balvin-y-skrillex-se-unen-en-una-nueva-cancion-in-da-getto\/#primaryimage"},"image":{"@id":"https:\/\/zeromagazine.mx\/index.php\/2021\/07\/02\/j-balvin-y-skrillex-se-unen-en-una-nueva-cancion-in-da-getto\/#primaryimage"},"thumbnailUrl":"https:\/\/i0.wp.com\/zeromagazine.mx\/wp-content\/uploads\/2022\/02\/de87a-j-balvin-and-skrillex-by-viviana-garcia-scaled.jpg?fit=2560%2C1707&ssl=1","datePublished":"2021-07-02T22:00:00+00:00","breadcrumb":{"@id":"https:\/\/zeromagazine.mx\/index.php\/2021\/07\/02\/j-balvin-y-skrillex-se-unen-en-una-nueva-cancion-in-da-getto\/#breadcrumb"},"inLanguage":"es","potentialAction":[{"@type":"ReadAction","target":["https:\/\/zeromagazine.mx\/index.php\/2021\/07\/02\/j-balvin-y-skrillex-se-unen-en-una-nueva-cancion-in-da-getto\/"]}]},{"@type":"ImageObject","inLanguage":"es","@id":"https:\/\/zeromagazine.mx\/index.php\/2021\/07\/02\/j-balvin-y-skrillex-se-unen-en-una-nueva-cancion-in-da-getto\/#primaryimage","url":"https:\/\/i0.wp.com\/zeromagazine.mx\/wp-content\/uploads\/2022\/02\/de87a-j-balvin-and-skrillex-by-viviana-garcia-scaled.jpg?fit=2560%2C1707&ssl=1","contentUrl":"https:\/\/i0.wp.com\/zeromagazine.mx\/wp-content\/uploads\/2022\/02\/de87a-j-balvin-and-skrillex-by-viviana-garcia-scaled.jpg?fit=2560%2C1707&ssl=1","width":2560,"height":1707},{"@type":"BreadcrumbList","@id":"https:\/\/zeromagazine.mx\/index.php\/2021\/07\/02\/j-balvin-y-skrillex-se-unen-en-una-nueva-cancion-in-da-getto\/#breadcrumb","itemListElement":[{"@type":"ListItem","position":1,"name":"Portada","item":"https:\/\/zeromagazine.mx\/"},{"@type":"ListItem","position":2,"name":"J Balvin y Skrillex se unen en una nueva canci\u00f3n \u201cIn Da Getto\u201d"}]},{"@type":"WebSite","@id":"https:\/\/zeromagazine.mx\/#website","url":"https:\/\/zeromagazine.mx\/","name":"Zero Magazine","description":"","publisher":{"@id":"https:\/\/zeromagazine.mx\/#organization"},"potentialAction":[{"@type":"SearchAction","target":{"@type":"EntryPoint","urlTemplate":"https:\/\/zeromagazine.mx\/?s={search_term_string}"},"query-input":{"@type":"PropertyValueSpecification","valueRequired":true,"valueName":"search_term_string"}}],"inLanguage":"es"},{"@type":"Organization","@id":"https:\/\/zeromagazine.mx\/#organization","name":"Zero Magazine","url":"https:\/\/zeromagazine.mx\/","logo":{"@type":"ImageObject","inLanguage":"es","@id":"https:\/\/zeromagazine.mx\/#\/schema\/logo\/image\/","url":"https:\/\/i0.wp.com\/zeromagazine.mx\/wp-content\/uploads\/2025\/11\/1.jpeg?fit=1000%2C1000&ssl=1","contentUrl":"https:\/\/i0.wp.com\/zeromagazine.mx\/wp-content\/uploads\/2025\/11\/1.jpeg?fit=1000%2C1000&ssl=1","width":1000,"height":1000,"caption":"Zero Magazine"},"image":{"@id":"https:\/\/zeromagazine.mx\/#\/schema\/logo\/image\/"},"sameAs":["https:\/\/instagram.com\/zeromagazinemx"]},{"@type":"Person","@id":"https:\/\/zeromagazine.mx\/#\/schema\/person\/9aed9f33a7c39af3a348b86d723f7773","name":"zeromagazinemx","image":{"@type":"ImageObject","inLanguage":"es","@id":"https:\/\/zeromagazine.mx\/wp-content\/litespeed\/avatar\/f91dfe5410d5dcb1a576bf8c45983896.jpg?ver=1776966396","url":"https:\/\/zeromagazine.mx\/wp-content\/litespeed\/avatar\/f91dfe5410d5dcb1a576bf8c45983896.jpg?ver=1776966396","contentUrl":"https:\/\/zeromagazine.mx\/wp-content\/litespeed\/avatar\/f91dfe5410d5dcb1a576bf8c45983896.jpg?ver=1776966396","caption":"zeromagazinemx"},"url":"https:\/\/zeromagazine.mx\/index.php\/author\/zeromagazinemx\/"}]}},"jetpack_publicize_connections":[],"jetpack_featured_media_url":"https:\/\/i0.wp.com\/zeromagazine.mx\/wp-content\/uploads\/2022\/02\/de87a-j-balvin-and-skrillex-by-viviana-garcia-scaled.jpg?fit=2560%2C1707&ssl=1","jetpack-related-posts":[{"id":53928,"url":"https:\/\/zeromagazine.mx\/index.php\/2021\/09\/06\/j-balvin-el-nino-de-medellin\/","url_meta":{"origin":49281,"position":0},"title":"J BALVIN, EL NI\u00d1O DE MEDELL\u00cdN","author":"zeromagazinemx","date":"6 de septiembre de 2021","format":false,"excerpt":"Jos\u00e9 \u00c1lvaro Osorio Balv\u00edn, conocido mundialmente como J Balvin, a pesar de la pandemia anda m\u00e1s activo que nada. Recientemente tuvo aparici\u00f3n en Fortnite, anunci\u00f3 el Festival Ne\u00f3n Canc\u00fan el cual se llevar\u00e1 a cabo del 20 a\u00a024 de Enero del 2022, y tambi\u00e9n estrena material discogr\u00e1fico este\u00a010 de septiembre\u00a0\u201cJos\u00e9\u201d.\u00a0\u2026","rel":"","context":"En \u00abEntrevistas\u00bb","block_context":{"text":"Entrevistas","link":"https:\/\/zeromagazine.mx\/index.php\/category\/entretenimiento\/entrevistas\/"},"img":{"alt_text":"","src":"","width":0,"height":0},"classes":[]},{"id":54287,"url":"https:\/\/zeromagazine.mx\/index.php\/2021\/09\/10\/j-balvin-lanza-su-nuevo-album-jose\/","url_meta":{"origin":49281,"position":1},"title":"J Balv\u00edn lanza su nuevo \u00e1lbum \u201cJose\u201d","author":"zeromagazinemx","date":"10 de septiembre de 2021","format":false,"excerpt":"J Balvin logra el 31\u00b0 n\u00famero uno en la historia de Latin Ariplay, empatando el record de m\u00e1s n\u00famero 1 de todos los tiempos. @TEOGRAPH Por Moises Kushelevich J Balvin lanza su esperado quinto \u00e1lbum de estudio \u201cJose\u201d que se encuentra ya disponible en todo el mundo. El nombre del\u2026","rel":"","context":"En \u00abBlog\u00bb","block_context":{"text":"Blog","link":"https:\/\/zeromagazine.mx\/index.php\/category\/blog\/"},"img":{"alt_text":"","src":"","width":0,"height":0},"classes":[]},{"id":71368,"url":"https:\/\/zeromagazine.mx\/index.php\/2024\/03\/01\/j-balvin-jowell-y-randy-y-de-la-ghetto-revolucionan-el-genero-urbano-con-nuevo-sencillo-triple-s\/","url_meta":{"origin":49281,"position":2},"title":"J Balvin, Jowell y Randy, y De La Ghetto revolucionan el g\u00e9nero urbano con nuevo sencillo \u00abTriple S\u00bb","author":"zeromagazinemx","date":"1 de marzo de 2024","format":false,"excerpt":"Hoy quiero compartirles la emoci\u00f3n que siento por el pr\u00f3ximo lanzamiento del nuevo sencillo de J Balvin, titulado \"Triple S\". Este tema es m\u00e1s que una canci\u00f3n, es un retorno a sus ra\u00edces y adem\u00e1s es un himno de empoderamiento para todas las mujeres que escuchan. Primero que nada, quiero\u2026","rel":"","context":"En \u00abBlog\u00bb","block_context":{"text":"Blog","link":"https:\/\/zeromagazine.mx\/index.php\/category\/blog\/"},"img":{"alt_text":"","src":"https:\/\/i0.wp.com\/zeromagazine.mx\/wp-content\/uploads\/2024\/03\/8A3A0043-scaled.jpg?fit=1200%2C729&ssl=1&resize=350%2C200","width":350,"height":200,"srcset":"https:\/\/i0.wp.com\/zeromagazine.mx\/wp-content\/uploads\/2024\/03\/8A3A0043-scaled.jpg?fit=1200%2C729&ssl=1&resize=350%2C200 1x, https:\/\/i0.wp.com\/zeromagazine.mx\/wp-content\/uploads\/2024\/03\/8A3A0043-scaled.jpg?fit=1200%2C729&ssl=1&resize=525%2C300 1.5x, https:\/\/i0.wp.com\/zeromagazine.mx\/wp-content\/uploads\/2024\/03\/8A3A0043-scaled.jpg?fit=1200%2C729&ssl=1&resize=700%2C400 2x, https:\/\/i0.wp.com\/zeromagazine.mx\/wp-content\/uploads\/2024\/03\/8A3A0043-scaled.jpg?fit=1200%2C729&ssl=1&resize=1050%2C600 3x"},"classes":[]},{"id":53107,"url":"https:\/\/zeromagazine.mx\/index.php\/2021\/08\/27\/j-balvin-estrena-nueva-cancion-junto-a-tokischa\/","url_meta":{"origin":49281,"position":3},"title":"J Balvin estrena nueva canci\u00f3n junto a Tokischa","author":"zeromagazinemx","date":"27 de agosto de 2021","format":false,"excerpt":"J Balvin comparte su nueva canci\u00f3n \u201cPerra\u201d junto a Tokischa, el tema es parte de su quinto \u00e1lbum \u201cJose\u201d que saldr\u00e1 a la venta el 10 de septiembre. Por Mayra Torres El nuevo tema musical de J Balvin \u201cPerra\u201d con Tokischa el cual llega junto con la presentaci\u00f3n del arte\u2026","rel":"","context":"En \u00abCultura\u00bb","block_context":{"text":"Cultura","link":"https:\/\/zeromagazine.mx\/index.php\/category\/cultura\/"},"img":{"alt_text":"","src":"https:\/\/i0.wp.com\/zeromagazinemx.wpcomstaging.com\/wp-content\/uploads\/2022\/02\/c0b08-artwork-440x440-1-1.jpg?resize=350%2C200&ssl=1","width":350,"height":200},"classes":[]},{"id":50827,"url":"https:\/\/zeromagazine.mx\/index.php\/2021\/07\/26\/entrevista-a-athzy\/","url_meta":{"origin":49281,"position":4},"title":"ENTREVISTA A ATHZY","author":"zeromagazinemx","date":"26 de julio de 2021","format":false,"excerpt":"Joven cantante y compositora mexicana que nos muestra que las mujeres podemos con el g\u00e9nero urbano y lanza su sencillo LA UBI. POR GABRIELA H. DELGADILLO Plat\u00edcame el proceso de lanzamiento de esta canci\u00f3n \u201cLa Ubi\u201d Es la primera canci\u00f3n que grab\u00e9 despu\u00e9s de mucho tiempo, decidimos lanzarla ahora porque\u2026","rel":"","context":"En \u00abEntretenimiento\u00bb","block_context":{"text":"Entretenimiento","link":"https:\/\/zeromagazine.mx\/index.php\/category\/entretenimiento\/"},"img":{"alt_text":"","src":"","width":0,"height":0},"classes":[]},{"id":51673,"url":"https:\/\/zeromagazine.mx\/index.php\/2021\/08\/06\/entrevista-con-diego-castillo\/","url_meta":{"origin":49281,"position":5},"title":"Entrevista con Diego Castillo","author":"zeromagazinemx","date":"6 de agosto de 2021","format":false,"excerpt":"El cantautor Diego Castillo en pasados d\u00edas revel\u00f3 su nuevo sencillo \u201cAgua de coco\u201d, un tema que nos sumerge en la frescura y madurez a trav\u00e9s de sus mezclas, tuvimos la oportunidad de platicar con Diego y esto fue lo que nos cont\u00f3. Por C\u00e9sar Palomares \u00bfQu\u00e9 g\u00e9nero define a\u2026","rel":"","context":"En \u00abEntretenimiento\u00bb","block_context":{"text":"Entretenimiento","link":"https:\/\/zeromagazine.mx\/index.php\/category\/entretenimiento\/"},"img":{"alt_text":"","src":"https:\/\/i0.wp.com\/img.youtube.com\/vi\/Ec1WJYRhhWo\/0.jpg?resize=350%2C200","width":350,"height":200},"classes":[]}],"jetpack_sharing_enabled":true,"builder_content":"","_links":{"self":[{"href":"https:\/\/zeromagazine.mx\/index.php\/wp-json\/wp\/v2\/posts\/49281","targetHints":{"allow":["GET"]}}],"collection":[{"href":"https:\/\/zeromagazine.mx\/index.php\/wp-json\/wp\/v2\/posts"}],"about":[{"href":"https:\/\/zeromagazine.mx\/index.php\/wp-json\/wp\/v2\/types\/post"}],"author":[{"embeddable":true,"href":"https:\/\/zeromagazine.mx\/index.php\/wp-json\/wp\/v2\/users\/2"}],"replies":[{"embeddable":true,"href":"https:\/\/zeromagazine.mx\/index.php\/wp-json\/wp\/v2\/comments?post=49281"}],"version-history":[{"count":0,"href":"https:\/\/zeromagazine.mx\/index.php\/wp-json\/wp\/v2\/posts\/49281\/revisions"}],"wp:featuredmedia":[{"embeddable":true,"href":"https:\/\/zeromagazine.mx\/index.php\/wp-json\/wp\/v2\/media\/49285"}],"wp:attachment":[{"href":"https:\/\/zeromagazine.mx\/index.php\/wp-json\/wp\/v2\/media?parent=49281"}],"wp:term":[{"taxonomy":"category","embeddable":true,"href":"https:\/\/zeromagazine.mx\/index.php\/wp-json\/wp\/v2\/categories?post=49281"},{"taxonomy":"post_tag","embeddable":true,"href":"https:\/\/zeromagazine.mx\/index.php\/wp-json\/wp\/v2\/tags?post=49281"}],"curies":[{"name":"wp","href":"https:\/\/api.w.org\/{rel}","templated":true}]}}