{"id":49850,"date":"2021-07-10T09:00:00","date_gmt":"2021-07-10T14:00:00","guid":{"rendered":"https:\/\/atomic-temporary-84115225.wpcomstaging.com\/?p=49850"},"modified":"2021-07-10T09:00:00","modified_gmt":"2021-07-10T14:00:00","slug":"conoce-la-coleccion-home-decor-by-roth","status":"publish","type":"post","link":"https:\/\/zeromagazine.mx\/index.php\/2021\/07\/10\/conoce-la-coleccion-home-decor-by-roth\/","title":{"rendered":"Conoce la colecci\u00f3n Home &amp; Decor by Roth"},"content":{"rendered":"\n<p><strong>Azulik <\/strong>une fuerzas con una creativa interiorista y dise\u00f1adora textil, creando una emocionante colecci\u00f3n.<\/p>\n\n\n\n<div class=\"wp-block-buttons is-layout-flex wp-block-buttons-is-layout-flex\">\n<div class=\"wp-block-button is-style-outline is-style-outline--1\"><a class=\"wp-block-button__link\">Por Mayra Torres<\/a><\/div>\n<\/div>\n\n\n\n<p>El dise\u00f1o ancestral y creativo del hotel <strong>Azulik <\/strong>se ha extendido a la l\u00ednea para casa <strong>By Roth Home<\/strong> en esta alianza con<strong> Nyra Troyce <\/strong>creando una colecci\u00f3n que te invita a sumergirse en un universo de fibras naturales, cer\u00e1micas, macram\u00e9 y metales repletos de historia puestos en piezas \u00fanicas por mentes creativas en los talleres colaborativos ubicados en <strong>Uh May<\/strong>.<\/p>\n\n\n\n<p>Las piezas clave van desde coloridas mantas para poner sobre la cama o sill\u00f3n, bandejas para servir mezcales o una selecci\u00f3n de sofisticados juegos de t\u00e9.<\/p>\n\n\n\n\n<!--themify_builder_content-->\n<div id=\"themify_builder_content-49850\" data-postid=\"49850\" class=\"themify_builder_content themify_builder_content-49850 themify_builder tf_clear\">\n    <\/div>\n<!--\/themify_builder_content-->\n","protected":false},"excerpt":{"rendered":"<p>Azulik une fuerzas con una creativa interiorista y dise\u00f1adora textil, creando una emocionante colecci\u00f3n. El dise\u00f1o ancestral y creativo del hotel Azulik se ha extendido a la l\u00ednea para casa By Roth Home en esta alianza con Nyra Troyce creando una colecci\u00f3n que te invita a sumergirse en un universo de fibras naturales, cer\u00e1micas, macram\u00e9 [&hellip;]<\/p>\n","protected":false},"author":2,"featured_media":49853,"comment_status":"open","ping_status":"open","sticky":false,"template":"","format":"standard","meta":{"_jetpack_memberships_contains_paid_content":false,"footnotes":"","jetpack_publicize_message":"","jetpack_publicize_feature_enabled":true,"jetpack_social_post_already_shared":true,"jetpack_social_options":{"image_generator_settings":{"template":"highway","default_image_id":0,"font":"","enabled":false},"version":2}},"categories":[1403,63],"tags":[2285,2286,2287,2288,2289],"class_list":["post-49850","post","type-post","status-publish","format-standard","has-post-thumbnail","hentry","category-diseno","category-lifestyle","tag-azulik","tag-by-roth-home","tag-home-decor-by-roth","tag-nyra-troyce","tag-uh-may","has-post-title","has-post-date","has-post-category","has-post-tag","has-post-comment","has-post-author",""],"yoast_head":"<!-- This site is optimized with the Yoast SEO plugin v27.4 - https:\/\/yoast.com\/product\/yoast-seo-wordpress\/ -->\n<title>Conoce la colecci\u00f3n Home &amp; Decor by Roth - Zero Magazine<\/title>\n<meta name=\"robots\" content=\"index, follow, max-snippet:-1, max-image-preview:large, max-video-preview:-1\" \/>\n<link rel=\"canonical\" href=\"https:\/\/zeromagazine.mx\/index.php\/2021\/07\/10\/conoce-la-coleccion-home-decor-by-roth\/\" \/>\n<meta property=\"og:locale\" content=\"es_ES\" \/>\n<meta property=\"og:type\" content=\"article\" \/>\n<meta property=\"og:title\" content=\"Conoce la colecci\u00f3n Home &amp; Decor by Roth - Zero Magazine\" \/>\n<meta property=\"og:description\" content=\"Azulik une fuerzas con una creativa interiorista y dise\u00f1adora textil, creando una emocionante colecci\u00f3n. El dise\u00f1o ancestral y creativo del hotel Azulik se ha extendido a la l\u00ednea para casa By Roth Home en esta alianza con Nyra Troyce creando una colecci\u00f3n que te invita a sumergirse en un universo de fibras naturales, cer\u00e1micas, macram\u00e9 [&hellip;]\" \/>\n<meta property=\"og:url\" content=\"https:\/\/zeromagazine.mx\/index.php\/2021\/07\/10\/conoce-la-coleccion-home-decor-by-roth\/\" \/>\n<meta property=\"og:site_name\" content=\"Zero Magazine\" \/>\n<meta property=\"article:published_time\" content=\"2021-07-10T14:00:00+00:00\" \/>\n<meta name=\"author\" content=\"zeromagazinemx\" \/>\n<meta name=\"twitter:card\" content=\"summary_large_image\" \/>\n<meta name=\"twitter:label1\" content=\"Escrito por\" \/>\n\t<meta name=\"twitter:data1\" content=\"zeromagazinemx\" \/>\n\t<meta name=\"twitter:label2\" content=\"Tiempo de lectura\" \/>\n\t<meta name=\"twitter:data2\" content=\"1 minuto\" \/>\n<script type=\"application\/ld+json\" class=\"yoast-schema-graph\">{\"@context\":\"https:\\\/\\\/schema.org\",\"@graph\":[{\"@type\":\"Article\",\"@id\":\"https:\\\/\\\/zeromagazine.mx\\\/index.php\\\/2021\\\/07\\\/10\\\/conoce-la-coleccion-home-decor-by-roth\\\/#article\",\"isPartOf\":{\"@id\":\"https:\\\/\\\/zeromagazine.mx\\\/index.php\\\/2021\\\/07\\\/10\\\/conoce-la-coleccion-home-decor-by-roth\\\/\"},\"author\":{\"name\":\"zeromagazinemx\",\"@id\":\"https:\\\/\\\/zeromagazine.mx\\\/#\\\/schema\\\/person\\\/9aed9f33a7c39af3a348b86d723f7773\"},\"headline\":\"Conoce la colecci\u00f3n Home &amp; Decor by Roth\",\"datePublished\":\"2021-07-10T14:00:00+00:00\",\"mainEntityOfPage\":{\"@id\":\"https:\\\/\\\/zeromagazine.mx\\\/index.php\\\/2021\\\/07\\\/10\\\/conoce-la-coleccion-home-decor-by-roth\\\/\"},\"wordCount\":121,\"commentCount\":0,\"publisher\":{\"@id\":\"https:\\\/\\\/zeromagazine.mx\\\/#organization\"},\"image\":{\"@id\":\"https:\\\/\\\/zeromagazine.mx\\\/index.php\\\/2021\\\/07\\\/10\\\/conoce-la-coleccion-home-decor-by-roth\\\/#primaryimage\"},\"thumbnailUrl\":\"\",\"keywords\":[\"Azulik\",\"By Roth Home\",\"Home &amp; Decor by Roth\",\"Nyra Troyce\",\"Uh May\"],\"articleSection\":[\"Dise\u00f1o\",\"Lifestyle\"],\"inLanguage\":\"es\",\"potentialAction\":[{\"@type\":\"CommentAction\",\"name\":\"Comment\",\"target\":[\"https:\\\/\\\/zeromagazine.mx\\\/index.php\\\/2021\\\/07\\\/10\\\/conoce-la-coleccion-home-decor-by-roth\\\/#respond\"]}]},{\"@type\":\"WebPage\",\"@id\":\"https:\\\/\\\/zeromagazine.mx\\\/index.php\\\/2021\\\/07\\\/10\\\/conoce-la-coleccion-home-decor-by-roth\\\/\",\"url\":\"https:\\\/\\\/zeromagazine.mx\\\/index.php\\\/2021\\\/07\\\/10\\\/conoce-la-coleccion-home-decor-by-roth\\\/\",\"name\":\"Conoce la colecci\u00f3n Home &amp; Decor by Roth - Zero Magazine\",\"isPartOf\":{\"@id\":\"https:\\\/\\\/zeromagazine.mx\\\/#website\"},\"primaryImageOfPage\":{\"@id\":\"https:\\\/\\\/zeromagazine.mx\\\/index.php\\\/2021\\\/07\\\/10\\\/conoce-la-coleccion-home-decor-by-roth\\\/#primaryimage\"},\"image\":{\"@id\":\"https:\\\/\\\/zeromagazine.mx\\\/index.php\\\/2021\\\/07\\\/10\\\/conoce-la-coleccion-home-decor-by-roth\\\/#primaryimage\"},\"thumbnailUrl\":\"\",\"datePublished\":\"2021-07-10T14:00:00+00:00\",\"breadcrumb\":{\"@id\":\"https:\\\/\\\/zeromagazine.mx\\\/index.php\\\/2021\\\/07\\\/10\\\/conoce-la-coleccion-home-decor-by-roth\\\/#breadcrumb\"},\"inLanguage\":\"es\",\"potentialAction\":[{\"@type\":\"ReadAction\",\"target\":[\"https:\\\/\\\/zeromagazine.mx\\\/index.php\\\/2021\\\/07\\\/10\\\/conoce-la-coleccion-home-decor-by-roth\\\/\"]}]},{\"@type\":\"ImageObject\",\"inLanguage\":\"es\",\"@id\":\"https:\\\/\\\/zeromagazine.mx\\\/index.php\\\/2021\\\/07\\\/10\\\/conoce-la-coleccion-home-decor-by-roth\\\/#primaryimage\",\"url\":\"\",\"contentUrl\":\"\"},{\"@type\":\"BreadcrumbList\",\"@id\":\"https:\\\/\\\/zeromagazine.mx\\\/index.php\\\/2021\\\/07\\\/10\\\/conoce-la-coleccion-home-decor-by-roth\\\/#breadcrumb\",\"itemListElement\":[{\"@type\":\"ListItem\",\"position\":1,\"name\":\"Portada\",\"item\":\"https:\\\/\\\/zeromagazine.mx\\\/\"},{\"@type\":\"ListItem\",\"position\":2,\"name\":\"Conoce la colecci\u00f3n Home &amp; Decor by Roth\"}]},{\"@type\":\"WebSite\",\"@id\":\"https:\\\/\\\/zeromagazine.mx\\\/#website\",\"url\":\"https:\\\/\\\/zeromagazine.mx\\\/\",\"name\":\"Zero Magazine\",\"description\":\"\",\"publisher\":{\"@id\":\"https:\\\/\\\/zeromagazine.mx\\\/#organization\"},\"potentialAction\":[{\"@type\":\"SearchAction\",\"target\":{\"@type\":\"EntryPoint\",\"urlTemplate\":\"https:\\\/\\\/zeromagazine.mx\\\/?s={search_term_string}\"},\"query-input\":{\"@type\":\"PropertyValueSpecification\",\"valueRequired\":true,\"valueName\":\"search_term_string\"}}],\"inLanguage\":\"es\"},{\"@type\":\"Organization\",\"@id\":\"https:\\\/\\\/zeromagazine.mx\\\/#organization\",\"name\":\"Zero Magazine\",\"url\":\"https:\\\/\\\/zeromagazine.mx\\\/\",\"logo\":{\"@type\":\"ImageObject\",\"inLanguage\":\"es\",\"@id\":\"https:\\\/\\\/zeromagazine.mx\\\/#\\\/schema\\\/logo\\\/image\\\/\",\"url\":\"https:\\\/\\\/i0.wp.com\\\/zeromagazine.mx\\\/wp-content\\\/uploads\\\/2025\\\/11\\\/1.jpeg?fit=1000%2C1000&ssl=1\",\"contentUrl\":\"https:\\\/\\\/i0.wp.com\\\/zeromagazine.mx\\\/wp-content\\\/uploads\\\/2025\\\/11\\\/1.jpeg?fit=1000%2C1000&ssl=1\",\"width\":1000,\"height\":1000,\"caption\":\"Zero Magazine\"},\"image\":{\"@id\":\"https:\\\/\\\/zeromagazine.mx\\\/#\\\/schema\\\/logo\\\/image\\\/\"},\"sameAs\":[\"https:\\\/\\\/instagram.com\\\/zeromagazinemx\"]},{\"@type\":\"Person\",\"@id\":\"https:\\\/\\\/zeromagazine.mx\\\/#\\\/schema\\\/person\\\/9aed9f33a7c39af3a348b86d723f7773\",\"name\":\"zeromagazinemx\",\"image\":{\"@type\":\"ImageObject\",\"inLanguage\":\"es\",\"@id\":\"https:\\\/\\\/zeromagazine.mx\\\/wp-content\\\/litespeed\\\/avatar\\\/f91dfe5410d5dcb1a576bf8c45983896.jpg?ver=1776966396\",\"url\":\"https:\\\/\\\/zeromagazine.mx\\\/wp-content\\\/litespeed\\\/avatar\\\/f91dfe5410d5dcb1a576bf8c45983896.jpg?ver=1776966396\",\"contentUrl\":\"https:\\\/\\\/zeromagazine.mx\\\/wp-content\\\/litespeed\\\/avatar\\\/f91dfe5410d5dcb1a576bf8c45983896.jpg?ver=1776966396\",\"caption\":\"zeromagazinemx\"},\"url\":\"https:\\\/\\\/zeromagazine.mx\\\/index.php\\\/author\\\/zeromagazinemx\\\/\"}]}<\/script>\n<!-- \/ Yoast SEO plugin. -->","yoast_head_json":{"title":"Conoce la colecci\u00f3n Home &amp; Decor by Roth - Zero Magazine","robots":{"index":"index","follow":"follow","max-snippet":"max-snippet:-1","max-image-preview":"max-image-preview:large","max-video-preview":"max-video-preview:-1"},"canonical":"https:\/\/zeromagazine.mx\/index.php\/2021\/07\/10\/conoce-la-coleccion-home-decor-by-roth\/","og_locale":"es_ES","og_type":"article","og_title":"Conoce la colecci\u00f3n Home &amp; Decor by Roth - Zero Magazine","og_description":"Azulik une fuerzas con una creativa interiorista y dise\u00f1adora textil, creando una emocionante colecci\u00f3n. El dise\u00f1o ancestral y creativo del hotel Azulik se ha extendido a la l\u00ednea para casa By Roth Home en esta alianza con Nyra Troyce creando una colecci\u00f3n que te invita a sumergirse en un universo de fibras naturales, cer\u00e1micas, macram\u00e9 [&hellip;]","og_url":"https:\/\/zeromagazine.mx\/index.php\/2021\/07\/10\/conoce-la-coleccion-home-decor-by-roth\/","og_site_name":"Zero Magazine","article_published_time":"2021-07-10T14:00:00+00:00","author":"zeromagazinemx","twitter_card":"summary_large_image","twitter_misc":{"Escrito por":"zeromagazinemx","Tiempo de lectura":"1 minuto"},"schema":{"@context":"https:\/\/schema.org","@graph":[{"@type":"Article","@id":"https:\/\/zeromagazine.mx\/index.php\/2021\/07\/10\/conoce-la-coleccion-home-decor-by-roth\/#article","isPartOf":{"@id":"https:\/\/zeromagazine.mx\/index.php\/2021\/07\/10\/conoce-la-coleccion-home-decor-by-roth\/"},"author":{"name":"zeromagazinemx","@id":"https:\/\/zeromagazine.mx\/#\/schema\/person\/9aed9f33a7c39af3a348b86d723f7773"},"headline":"Conoce la colecci\u00f3n Home &amp; Decor by Roth","datePublished":"2021-07-10T14:00:00+00:00","mainEntityOfPage":{"@id":"https:\/\/zeromagazine.mx\/index.php\/2021\/07\/10\/conoce-la-coleccion-home-decor-by-roth\/"},"wordCount":121,"commentCount":0,"publisher":{"@id":"https:\/\/zeromagazine.mx\/#organization"},"image":{"@id":"https:\/\/zeromagazine.mx\/index.php\/2021\/07\/10\/conoce-la-coleccion-home-decor-by-roth\/#primaryimage"},"thumbnailUrl":"","keywords":["Azulik","By Roth Home","Home &amp; Decor by Roth","Nyra Troyce","Uh May"],"articleSection":["Dise\u00f1o","Lifestyle"],"inLanguage":"es","potentialAction":[{"@type":"CommentAction","name":"Comment","target":["https:\/\/zeromagazine.mx\/index.php\/2021\/07\/10\/conoce-la-coleccion-home-decor-by-roth\/#respond"]}]},{"@type":"WebPage","@id":"https:\/\/zeromagazine.mx\/index.php\/2021\/07\/10\/conoce-la-coleccion-home-decor-by-roth\/","url":"https:\/\/zeromagazine.mx\/index.php\/2021\/07\/10\/conoce-la-coleccion-home-decor-by-roth\/","name":"Conoce la colecci\u00f3n Home &amp; Decor by Roth - Zero Magazine","isPartOf":{"@id":"https:\/\/zeromagazine.mx\/#website"},"primaryImageOfPage":{"@id":"https:\/\/zeromagazine.mx\/index.php\/2021\/07\/10\/conoce-la-coleccion-home-decor-by-roth\/#primaryimage"},"image":{"@id":"https:\/\/zeromagazine.mx\/index.php\/2021\/07\/10\/conoce-la-coleccion-home-decor-by-roth\/#primaryimage"},"thumbnailUrl":"","datePublished":"2021-07-10T14:00:00+00:00","breadcrumb":{"@id":"https:\/\/zeromagazine.mx\/index.php\/2021\/07\/10\/conoce-la-coleccion-home-decor-by-roth\/#breadcrumb"},"inLanguage":"es","potentialAction":[{"@type":"ReadAction","target":["https:\/\/zeromagazine.mx\/index.php\/2021\/07\/10\/conoce-la-coleccion-home-decor-by-roth\/"]}]},{"@type":"ImageObject","inLanguage":"es","@id":"https:\/\/zeromagazine.mx\/index.php\/2021\/07\/10\/conoce-la-coleccion-home-decor-by-roth\/#primaryimage","url":"","contentUrl":""},{"@type":"BreadcrumbList","@id":"https:\/\/zeromagazine.mx\/index.php\/2021\/07\/10\/conoce-la-coleccion-home-decor-by-roth\/#breadcrumb","itemListElement":[{"@type":"ListItem","position":1,"name":"Portada","item":"https:\/\/zeromagazine.mx\/"},{"@type":"ListItem","position":2,"name":"Conoce la colecci\u00f3n Home &amp; Decor by Roth"}]},{"@type":"WebSite","@id":"https:\/\/zeromagazine.mx\/#website","url":"https:\/\/zeromagazine.mx\/","name":"Zero Magazine","description":"","publisher":{"@id":"https:\/\/zeromagazine.mx\/#organization"},"potentialAction":[{"@type":"SearchAction","target":{"@type":"EntryPoint","urlTemplate":"https:\/\/zeromagazine.mx\/?s={search_term_string}"},"query-input":{"@type":"PropertyValueSpecification","valueRequired":true,"valueName":"search_term_string"}}],"inLanguage":"es"},{"@type":"Organization","@id":"https:\/\/zeromagazine.mx\/#organization","name":"Zero Magazine","url":"https:\/\/zeromagazine.mx\/","logo":{"@type":"ImageObject","inLanguage":"es","@id":"https:\/\/zeromagazine.mx\/#\/schema\/logo\/image\/","url":"https:\/\/i0.wp.com\/zeromagazine.mx\/wp-content\/uploads\/2025\/11\/1.jpeg?fit=1000%2C1000&ssl=1","contentUrl":"https:\/\/i0.wp.com\/zeromagazine.mx\/wp-content\/uploads\/2025\/11\/1.jpeg?fit=1000%2C1000&ssl=1","width":1000,"height":1000,"caption":"Zero Magazine"},"image":{"@id":"https:\/\/zeromagazine.mx\/#\/schema\/logo\/image\/"},"sameAs":["https:\/\/instagram.com\/zeromagazinemx"]},{"@type":"Person","@id":"https:\/\/zeromagazine.mx\/#\/schema\/person\/9aed9f33a7c39af3a348b86d723f7773","name":"zeromagazinemx","image":{"@type":"ImageObject","inLanguage":"es","@id":"https:\/\/zeromagazine.mx\/wp-content\/litespeed\/avatar\/f91dfe5410d5dcb1a576bf8c45983896.jpg?ver=1776966396","url":"https:\/\/zeromagazine.mx\/wp-content\/litespeed\/avatar\/f91dfe5410d5dcb1a576bf8c45983896.jpg?ver=1776966396","contentUrl":"https:\/\/zeromagazine.mx\/wp-content\/litespeed\/avatar\/f91dfe5410d5dcb1a576bf8c45983896.jpg?ver=1776966396","caption":"zeromagazinemx"},"url":"https:\/\/zeromagazine.mx\/index.php\/author\/zeromagazinemx\/"}]}},"jetpack_publicize_connections":[],"jetpack_featured_media_url":"","jetpack-related-posts":[{"id":85525,"url":"https:\/\/zeromagazine.mx\/index.php\/2024\/10\/07\/aniversario-con-estilo-soho-x-paty\/","url_meta":{"origin":49850,"position":0},"title":"\u00abAniversario con Estilo: SOHO x Paty\u00bb","author":"zeromagazinemx","date":"7 de octubre de 2024","format":false,"excerpt":"\u00a1Holaa fashinositas! Esta semana les traigo un chisme que no se pueden perder. La marca mexicana de ropa SOHO est\u00e1 de fiesta porque cumple 30 a\u00f1os y lo celebra de la manera m\u00e1s \u00e9pica posible: \u00a1con una colaboraci\u00f3n exclusiva con la incre\u00edble Paty Cant\u00fa! S\u00ed, as\u00ed como lo oyen, la\u2026","rel":"","context":"En \u00abModa\u00bb","block_context":{"text":"Moda","link":"https:\/\/zeromagazine.mx\/index.php\/category\/moda\/"},"img":{"alt_text":"","src":"https:\/\/i0.wp.com\/zeromagazine.mx\/wp-content\/uploads\/2024\/10\/16-scaled.jpg?fit=1200%2C800&ssl=1&resize=350%2C200","width":350,"height":200,"srcset":"https:\/\/i0.wp.com\/zeromagazine.mx\/wp-content\/uploads\/2024\/10\/16-scaled.jpg?fit=1200%2C800&ssl=1&resize=350%2C200 1x, https:\/\/i0.wp.com\/zeromagazine.mx\/wp-content\/uploads\/2024\/10\/16-scaled.jpg?fit=1200%2C800&ssl=1&resize=525%2C300 1.5x, https:\/\/i0.wp.com\/zeromagazine.mx\/wp-content\/uploads\/2024\/10\/16-scaled.jpg?fit=1200%2C800&ssl=1&resize=700%2C400 2x, https:\/\/i0.wp.com\/zeromagazine.mx\/wp-content\/uploads\/2024\/10\/16-scaled.jpg?fit=1200%2C800&ssl=1&resize=1050%2C600 3x"},"classes":[]},{"id":93854,"url":"https:\/\/zeromagazine.mx\/index.php\/2024\/11\/25\/jonathan-morales-y-belinda-se-unen-con-shein\/","url_meta":{"origin":49850,"position":1},"title":"Jonathan Morales y Belinda crean magia con SHEIN","author":"David Morales","date":"25 de noviembre de 2024","format":false,"excerpt":"La moda es un lenguaje que comunica emociones, estilos y visiones \u00fanicas. Jonathan Morales, dise\u00f1ador detr\u00e1s de la marca NoName, ha logrado capturar esa esencia al colaborar con una de las artistas m\u00e1s ic\u00f3nicas de M\u00e9xico, Belinda, para una colecci\u00f3n especial con SHEIN. En esta entrevista exclusiva para\u00a0Zero Magazine Mx,\u2026","rel":"","context":"En \u00abModa\u00bb","block_context":{"text":"Moda","link":"https:\/\/zeromagazine.mx\/index.php\/category\/moda\/"},"img":{"alt_text":"","src":"https:\/\/i0.wp.com\/zeromagazine.mx\/wp-content\/uploads\/2024\/12\/IMG_9392-scaled.jpeg?fit=677%2C1200&ssl=1&resize=350%2C200","width":350,"height":200,"srcset":"https:\/\/i0.wp.com\/zeromagazine.mx\/wp-content\/uploads\/2024\/12\/IMG_9392-scaled.jpeg?fit=677%2C1200&ssl=1&resize=350%2C200 1x, https:\/\/i0.wp.com\/zeromagazine.mx\/wp-content\/uploads\/2024\/12\/IMG_9392-scaled.jpeg?fit=677%2C1200&ssl=1&resize=525%2C300 1.5x"},"classes":[]},{"id":81716,"url":"https:\/\/zeromagazine.mx\/index.php\/2024\/08\/12\/bambi-dark-cute-must-have-looks\/","url_meta":{"origin":49850,"position":2},"title":"\u00abBambi Dark Cute: Must-Have Looks\u00bb","author":"zeromagazinemx","date":"12 de agosto de 2024","format":false,"excerpt":"Hola a tod@s, esta semana tenemos una tendencia ic\u00f3nica que nos permite expresarnos de una manera \u00fanica y no convencional. Estamos hablando justamente de la nueva colecci\u00f3n de the Bambi Collection by Disney la cual est\u00e1 conformada por\u00a0piezas que no solo celebran a un personaje cl\u00e1sico, sino que tambi\u00e9n lo\u2026","rel":"","context":"En \u00abModa\u00bb","block_context":{"text":"Moda","link":"https:\/\/zeromagazine.mx\/index.php\/category\/moda\/"},"img":{"alt_text":"","src":"https:\/\/i0.wp.com\/zeromagazine.mx\/wp-content\/uploads\/2024\/08\/BAMBI-I-BERSHKA-5-scaled.jpg?fit=960%2C1200&ssl=1&resize=350%2C200","width":350,"height":200,"srcset":"https:\/\/i0.wp.com\/zeromagazine.mx\/wp-content\/uploads\/2024\/08\/BAMBI-I-BERSHKA-5-scaled.jpg?fit=960%2C1200&ssl=1&resize=350%2C200 1x, https:\/\/i0.wp.com\/zeromagazine.mx\/wp-content\/uploads\/2024\/08\/BAMBI-I-BERSHKA-5-scaled.jpg?fit=960%2C1200&ssl=1&resize=525%2C300 1.5x, https:\/\/i0.wp.com\/zeromagazine.mx\/wp-content\/uploads\/2024\/08\/BAMBI-I-BERSHKA-5-scaled.jpg?fit=960%2C1200&ssl=1&resize=700%2C400 2x"},"classes":[]},{"id":83449,"url":"https:\/\/zeromagazine.mx\/index.php\/2024\/09\/09\/arte-y-lujo-en-fragancias\/","url_meta":{"origin":49850,"position":3},"title":"\u201cArte y Lujo en Fragancias\u201d","author":"zeromagazinemx","date":"9 de septiembre de 2024","format":false,"excerpt":"Hoy les traigo algo que va a volar la mente y darles unas vibes bien fresh en el mundo del lujo y la exclusividad. LOEWE, la ic\u00f3nica marca espa\u00f1ola de perfumes, se uni\u00f3 con LLADR\u00d3, la leyenda de la porcelana, para crear una colecci\u00f3n de fragancias que es literalmente una\u2026","rel":"","context":"En \u00abBeauty\u00bb","block_context":{"text":"Beauty","link":"https:\/\/zeromagazine.mx\/index.php\/category\/beauty\/"},"img":{"alt_text":"","src":"https:\/\/i0.wp.com\/zeromagazine.mx\/wp-content\/uploads\/2024\/09\/Loewe-Lladro_abril_03117295_grupal-scaled.jpg?fit=1200%2C960&ssl=1&resize=350%2C200","width":350,"height":200,"srcset":"https:\/\/i0.wp.com\/zeromagazine.mx\/wp-content\/uploads\/2024\/09\/Loewe-Lladro_abril_03117295_grupal-scaled.jpg?fit=1200%2C960&ssl=1&resize=350%2C200 1x, https:\/\/i0.wp.com\/zeromagazine.mx\/wp-content\/uploads\/2024\/09\/Loewe-Lladro_abril_03117295_grupal-scaled.jpg?fit=1200%2C960&ssl=1&resize=525%2C300 1.5x, https:\/\/i0.wp.com\/zeromagazine.mx\/wp-content\/uploads\/2024\/09\/Loewe-Lladro_abril_03117295_grupal-scaled.jpg?fit=1200%2C960&ssl=1&resize=700%2C400 2x, https:\/\/i0.wp.com\/zeromagazine.mx\/wp-content\/uploads\/2024\/09\/Loewe-Lladro_abril_03117295_grupal-scaled.jpg?fit=1200%2C960&ssl=1&resize=1050%2C600 3x"},"classes":[]},{"id":79361,"url":"https:\/\/zeromagazine.mx\/index.php\/2024\/06\/26\/descubre-la-nueva-coleccion-de-urbanic\/","url_meta":{"origin":49850,"position":4},"title":"Descubre la Nueva Colecci\u00f3n de Urbanic","author":"zeromagazinemx","date":"26 de junio de 2024","format":false,"excerpt":"\u00bfListxs para darle la bienvenida al verano con estilo? Hoy les vengo a contar sobre la nueva colecci\u00f3n de Urbanic que est\u00e1 rompiendo todas las reglas y trayendo una vibra fresca y creativa a nuestros outfits veraniegos. Para empezar, hablemos de las siluetas de los vestidos. Desde cortes fluidos que\u2026","rel":"","context":"En \u00abModa\u00bb","block_context":{"text":"Moda","link":"https:\/\/zeromagazine.mx\/index.php\/category\/moda\/"},"img":{"alt_text":"","src":"https:\/\/i0.wp.com\/zeromagazine.mx\/wp-content\/uploads\/2024\/06\/unnamed-13-1.png?fit=1200%2C803&ssl=1&resize=350%2C200","width":350,"height":200,"srcset":"https:\/\/i0.wp.com\/zeromagazine.mx\/wp-content\/uploads\/2024\/06\/unnamed-13-1.png?fit=1200%2C803&ssl=1&resize=350%2C200 1x, https:\/\/i0.wp.com\/zeromagazine.mx\/wp-content\/uploads\/2024\/06\/unnamed-13-1.png?fit=1200%2C803&ssl=1&resize=525%2C300 1.5x, https:\/\/i0.wp.com\/zeromagazine.mx\/wp-content\/uploads\/2024\/06\/unnamed-13-1.png?fit=1200%2C803&ssl=1&resize=700%2C400 2x, https:\/\/i0.wp.com\/zeromagazine.mx\/wp-content\/uploads\/2024\/06\/unnamed-13-1.png?fit=1200%2C803&ssl=1&resize=1050%2C600 3x"},"classes":[]},{"id":86359,"url":"https:\/\/zeromagazine.mx\/index.php\/2024\/10\/11\/moscow-fashion-week-vibra-global\/","url_meta":{"origin":49850,"position":5},"title":"\u00abMoscow Fashion Week: Vibra Global\u00bb","author":"zeromagazinemx","date":"11 de octubre de 2024","format":false,"excerpt":"Esta semana, \u00a1Moscow Fashion Week (MFW) estuvo irreal! Desde el arranque, dej\u00f3 a todos facinados, mostr\u00e1ndonos lo mejorcito de dise\u00f1adores de Rusia y beyond. Los primeros ocho shows han sido puro arte y mezcla de vibes culturales que nos tienen on the edge. Y lo m\u00e1s cool de todo es\u2026","rel":"","context":"En \u00abEntretenimiento\u00bb","block_context":{"text":"Entretenimiento","link":"https:\/\/zeromagazine.mx\/index.php\/category\/entretenimiento\/"},"img":{"alt_text":"","src":"https:\/\/i0.wp.com\/zeromagazine.mx\/wp-content\/uploads\/2024\/10\/Alexandra-Serova_MFW-8-scaled.jpg?fit=1200%2C900&ssl=1&resize=350%2C200","width":350,"height":200,"srcset":"https:\/\/i0.wp.com\/zeromagazine.mx\/wp-content\/uploads\/2024\/10\/Alexandra-Serova_MFW-8-scaled.jpg?fit=1200%2C900&ssl=1&resize=350%2C200 1x, https:\/\/i0.wp.com\/zeromagazine.mx\/wp-content\/uploads\/2024\/10\/Alexandra-Serova_MFW-8-scaled.jpg?fit=1200%2C900&ssl=1&resize=525%2C300 1.5x, https:\/\/i0.wp.com\/zeromagazine.mx\/wp-content\/uploads\/2024\/10\/Alexandra-Serova_MFW-8-scaled.jpg?fit=1200%2C900&ssl=1&resize=700%2C400 2x, https:\/\/i0.wp.com\/zeromagazine.mx\/wp-content\/uploads\/2024\/10\/Alexandra-Serova_MFW-8-scaled.jpg?fit=1200%2C900&ssl=1&resize=1050%2C600 3x"},"classes":[]}],"jetpack_sharing_enabled":true,"builder_content":"","_links":{"self":[{"href":"https:\/\/zeromagazine.mx\/index.php\/wp-json\/wp\/v2\/posts\/49850","targetHints":{"allow":["GET"]}}],"collection":[{"href":"https:\/\/zeromagazine.mx\/index.php\/wp-json\/wp\/v2\/posts"}],"about":[{"href":"https:\/\/zeromagazine.mx\/index.php\/wp-json\/wp\/v2\/types\/post"}],"author":[{"embeddable":true,"href":"https:\/\/zeromagazine.mx\/index.php\/wp-json\/wp\/v2\/users\/2"}],"replies":[{"embeddable":true,"href":"https:\/\/zeromagazine.mx\/index.php\/wp-json\/wp\/v2\/comments?post=49850"}],"version-history":[{"count":0,"href":"https:\/\/zeromagazine.mx\/index.php\/wp-json\/wp\/v2\/posts\/49850\/revisions"}],"wp:featuredmedia":[{"embeddable":true,"href":"https:\/\/zeromagazine.mx\/index.php\/wp-json\/"}],"wp:attachment":[{"href":"https:\/\/zeromagazine.mx\/index.php\/wp-json\/wp\/v2\/media?parent=49850"}],"wp:term":[{"taxonomy":"category","embeddable":true,"href":"https:\/\/zeromagazine.mx\/index.php\/wp-json\/wp\/v2\/categories?post=49850"},{"taxonomy":"post_tag","embeddable":true,"href":"https:\/\/zeromagazine.mx\/index.php\/wp-json\/wp\/v2\/tags?post=49850"}],"curies":[{"name":"wp","href":"https:\/\/api.w.org\/{rel}","templated":true}]}}