{"id":49893,"date":"2021-07-11T10:00:00","date_gmt":"2021-07-11T15:00:00","guid":{"rendered":"https:\/\/atomic-temporary-84115225.wpcomstaging.com\/?p=49893"},"modified":"2021-07-11T10:00:00","modified_gmt":"2021-07-11T15:00:00","slug":"entrevista-con-la-doctora-maria-del-mar-guerrera-medicina-genomica","status":"publish","type":"post","link":"https:\/\/zeromagazine.mx\/index.php\/2021\/07\/11\/entrevista-con-la-doctora-maria-del-mar-guerrera-medicina-genomica\/","title":{"rendered":"ENTREVISTA CON LA DOCTORA MAR\u00cdA DEL MAR GUERRERA, MEDICINA GEN\u00d3MICA"},"content":{"rendered":"\n<p>En <strong>Zero Magazine Mx<\/strong> entrevistamos a la <strong>Doctora Mar\u00eda Del Mar Guerrera<\/strong>, para hablar sobre la <em><strong>medicina gen\u00f3mica<\/strong><\/em>, <em>\u201cla medicina del futuro\u201d<\/em> y las maravillas que trae a la salud, nos contar\u00e1 una peque\u00f1a parte de lo que hacen en la cl\u00ednica <strong>Medae Life Science<\/strong> que en M\u00e9xico es la primera cl\u00ednica de medicina gen\u00f3mica y antienvejecimiento, d\u00e1ndole a sus pacientes los mejores tratamientos y atenci\u00f3n personalizada.<\/p>\n\n\n\n<div class=\"wp-block-buttons is-layout-flex wp-block-buttons-is-layout-flex\">\n<div class=\"wp-block-button is-style-outline is-style-outline--1\"><a class=\"wp-block-button__link\">Por Karla Paola Ruiz Arteaga<\/a><\/div>\n<\/div>\n\n\n\n<ol class=\"wp-block-list\"><li><strong>Doctora, podr\u00eda explicarnos \u00bfQu\u00e9 es la medicina gen\u00f3mica? \u00bfC\u00f3mo es especializarse en esta \u00e1rea?<\/strong><\/li><\/ol>\n\n\n\n<p>La medicina gen\u00f3mica es una rama de la medicina que usa el ADN para establecer tratamientos de manera personalizada, trabaja en conjunto con la medicina gen\u00e9tica que no es lo mismo pero aporta informaci\u00f3n junto con estad\u00edstica, matem\u00e1ticas etc.&nbsp;Realmente es una ciencia interdisciplinaria que tiene como principal&nbsp;objetivo:<\/p>\n\n\n\n<ul class=\"wp-block-list\"><li>Personalizar al paciente.<\/li><li>Que los tratamientos sean espec\u00edficos y certeros para cada tratamiento y para cada paciente de forma individual&nbsp;<\/li><li>y establecer una relaci\u00f3n entre la participaci\u00f3n del paciente y c\u00f3mo va a modificar su ambiente para que la gen\u00e9tica se exprese o no a su favor.<\/li><\/ul>\n\n\n\n<ol class=\"wp-block-list\" start=\"2\"><li><strong>\u00bfPor qu\u00e9 decidi\u00f3 especializarse en esta \u00e1rea?<\/strong><\/li><\/ol>\n\n\n\n<p>F\u00edjate que la medicina gen\u00f3mica es una ciencia nueva pero que permite ver a los pacientes ya no a trav\u00e9s del escritorio sino dentro de ellos, es ser un m\u00e9dico m\u00e1s certero y considero (el tiempo nos ha ido dando la raz\u00f3n ), que es la medicina del futuro, obvio en el presentes es hacer, hoy en el presente es hac\u00eda donde todas la especialidades m\u00e9dicas estamos volteando para tener un mejor beneficio en todos nuestros pacientes.&nbsp;<\/p>\n\n\n\n<ol class=\"wp-block-list\" start=\"3\"><li><strong>\u00bfC\u00f3mo nace la idea de Medae Life Science? \u00bfCu\u00e1l es su misi\u00f3n y visi\u00f3n como cl\u00ednica?<\/strong><\/li><\/ol>\n\n\n\n<p>Nace por una necesidad enorme en M\u00e9xico de usar medicina de precisi\u00f3n, somos la primera cl\u00ednica de medicina gen\u00f3mica, que establece y utiliza el ADN a favor de la salud y la belleza. La verdad es que si, efectivamente hace 8 a\u00f1os fue un gran impacto porque no exist\u00eda ninguna cl\u00ednica que utilizara estos m\u00e9todos, ni siquiera como lo usamos ahora que trabajamos con colegas para que ellos tambi\u00e9n la puedan utilizar.<\/p>\n\n\n\n<p>La misi\u00f3n de la cl\u00ednica es establecer tratamientos muy seguros, certeros, llenos de tecnolog\u00eda y de la m\u00e1s alta vanguardia para cualquiera \u00e1rea de nuestros tratamientos, con la visi\u00f3n de que cada vez podamos llegar a m\u00e1s pacientes en M\u00e9xico y llevar la medicina gen\u00f3mica a todas las \u00e1reas m\u00e9dicas.<\/p>\n\n\n\n<p>Abrimos hace 8 a\u00f1os <strong>Medae Life Science<\/strong> y seguimos siendo l\u00edderes en la medicina gen\u00f3mica en M\u00e9xico.&nbsp;<\/p>\n\n\n\n<ol class=\"wp-block-list\" start=\"4\"><li><strong>\u00bfCada cuanto se tiene que hacer los estudios de medicina gen\u00f3mica?&nbsp;\u00bfC\u00f3mo se realizan estos estudios? \u00bfHay alguna edad espec\u00edfica para ser candidato a estos estudios?<\/strong><\/li><\/ol>\n\n\n\n<p>Es una sola vez en la vida, la idea es hacerla al nacimiento junto con el tamiz neonatal para poder establecer medidas m\u00e1s certeras, para que el ambiente trabaje a nuestro favor y no en nuestra contra, pero se puede hacer a cualquier edad. Es una prueba no dolorosa, es una prueba de saliva que se toma, se fija con un gel especial.<\/p>\n\n\n\n<div class=\"wp-block-image coblocks-animate\"><figure class=\"aligncenter size-full\"><a href=\"https:\/\/i0.wp.com\/zeromagazinemx.wpcomstaging.com\/wp-content\/uploads\/2022\/02\/39576-imagen-2.jpg?ssl=1\"><img data-recalc-dims=\"1\" decoding=\"async\" src=\"https:\/\/i0.wp.com\/zeromagazinemx.wpcomstaging.com\/wp-content\/uploads\/2022\/02\/39576-imagen-2.jpg?w=1165&#038;ssl=1\" alt=\"\" class=\"wp-image-49903\" \/><\/a><\/figure><\/div>\n\n\n\n\n\n<ol class=\"wp-block-list\" start=\"5\"><li><strong>Aproximadamente \u00bfCu\u00e1l es el costo de este estudio?&nbsp;<\/strong><\/li><\/ol>\n\n\n\n<p>Una prueba completa cuesta alrededor de entre 700 y 900 d\u00f3lares.<\/p>\n\n\n\n<ol class=\"wp-block-list\" start=\"6\"><li><strong>Dentro de los tratamientos que se enfocan m\u00e1s son el DNA facial, DNA corporal y DNA capilar, podr\u00eda darnos una peque\u00f1a rese\u00f1a en qu\u00e9 consisten estos tratamientos y ejemplos de ellos.<\/strong><\/li><\/ol>\n\n\n\n<p>Nuestro <em>DNA capilar<\/em> busca modificar el curso de la enfermedad de la alopecia, ya sea androg\u00e9nica que tiene una base gen\u00e9tica como su nombre lo dice o cualquier tipo de alopecia puede ser, por ejemplo en estos momentos post COVID que ha sido una demanda enorme, porque pr\u00e1cticamente el 98% de los pacientes que han tenido COVID presentan p\u00e9rdida de pelo entonces dentro de ello si bien no se necesita una prueba gen\u00e9tica para establecer el tratamiento post COVID podemos hacer tratamientos personalizados. Nuestro diferenciador con todas las dem\u00e1s cl\u00ednicas es que todo es 100% personalizado, tratamos cualquier tipo de alopecia inmunol\u00f3gica, cicatricial, gen\u00e9tica, por f\u00e1rmacos, enfermedades.<\/p>\n\n\n\n<p><em>DNA facial<\/em> tiene como objetivo principal establecer tratamientos que establezcan la belleza individual de cada paciente sin modificar su expresi\u00f3n propia, se busca que sean arm\u00f3nicas, elegantes, \u00fanicas y que los tratamientos sean a favor de nuestras c\u00e9lulas, evitando as\u00ed las deformaciones faciales.<\/p>\n\n\n\n<p>En el <em>DNA corporal<\/em> que es uno de nuestros tratamientos m\u00e1s demandados establecemos mucho de la medicina gen\u00f3mica pero tambi\u00e9n de la medicina inmunol\u00f3gica que nos permiten saber pruebas para no solamente ver como gen\u00e9ticamente tendr\u00edamos que comer sino tambi\u00e9n ver que alimentos nos benefician y que alimentos no nos benefician.&nbsp;<\/p>\n\n\n\n<p>Tenemos dentro de los tratamientos el <strong>Sport Science<\/strong> que es saber cual es el ejercicio ideal para cada persona.&nbsp;<\/p>\n\n\n\n<p>Tomamos en cuenta al paciente desde la base gen\u00e9tica, desde la base gen\u00f3mica, su estilo de vida, sus necesidades y requerimientos y sobre eso hacemos los tratamientos.<\/p>\n\n\n\n<ol class=\"wp-block-list\" start=\"7\"><li><strong>\u00bfExisten efectos secundarios, contraindicaciones o precauciones en cualquiera de estos tratamientos?<\/strong><\/li><\/ol>\n\n\n\n<p>Como todos los tratamientos m\u00e9dicos existen contraindicaciones y aspectos adversos aunque justamente con este tipo de medicina se minimizan al m\u00e1ximo, aunque cabe aclarar que nosotros no hacemos ning\u00fan procedimiento invasivo y si le espec\u00edfica a los pacientes los aspectos referentes a cada tratamiento a realizar.<\/p>\n\n\n\n<ol class=\"wp-block-list\" start=\"8\"><li><strong>Dentro de la gran gama de tratamientos que manejan tambi\u00e9n se especializan en un tratamiento muy interesante que es, personalizar dietas a trav\u00e9s de la Nutrigen\u00f3mica y pruebas inmunol\u00f3gicas \u00bfQu\u00e9 diferencias, competencias y beneficios tiene este m\u00e9todo Vs un plan por parte de un nutri\u00f3logo con un m\u00e9todo tradicional?<\/strong><\/li><\/ol>\n\n\n\n<p>Establecemos 2 herramientas que es la nutrigen\u00f3mica que tiene que ver con el ADN y establecer por ejemplo como se tiene que hacer una dieta de manera personal, cu\u00e1ntos de los macronutrientes que son grasas, prote\u00ednas y carbohidratos tengo que consumir y adicional a esa prueba hacemos una prueba inmunol\u00f3gica de 200 alimentos que inmunol\u00f3gicamente responden o no a cierta interacci\u00f3n a nuestro cuerpo, as\u00ed estamos trabajando m\u00e1s el estilo de vida del paciente, actividad metab\u00f3lica y hasta la condici\u00f3n econ\u00f3mica para establecer la dieta y eso nos pone en un punto diferencial enorme porque empezamos a ver la nutrici\u00f3n como un complemento de vida, estamos de acuerdo que si estamos bien por dentro estamos bien por fuera, no puede haber una dieta \u00fanica, las dietas tiene que ser para el momento en el paciente que establezca su gen\u00e9tica y su estado actual.<\/p>\n\n\n\n<p>\u00bfNunca se han preguntado porque una persona puede comerse unas papas fritas y no engorda y yo \u201ctomo aire\u201d y en gordo?, eso tiene que ver con la nutrigen\u00f3mica, tambi\u00e9n las inflamaciones intestinales y el proceso tiene que ver con la parte inmunol\u00f3gica, tratamos de atar todos los cabos y personalizar las dietas de nuestros pacientes.<\/p>\n\n\n\n<div class=\"wp-block-image coblocks-animate\"><figure class=\"aligncenter size-full\"><a href=\"https:\/\/i0.wp.com\/zeromagazinemx.wpcomstaging.com\/wp-content\/uploads\/2022\/02\/1dc06-imagen-3.jpg?ssl=1\"><img data-recalc-dims=\"1\" decoding=\"async\" src=\"https:\/\/i0.wp.com\/zeromagazinemx.wpcomstaging.com\/wp-content\/uploads\/2022\/02\/1dc06-imagen-3.jpg?w=1165&#038;ssl=1\" alt=\"\" class=\"wp-image-49906\" \/><\/a><\/figure><\/div>\n\n\n\n\n\n<ol class=\"wp-block-list\" start=\"9\"><li><strong>En el ramo de la fisioterapia existe la rama de fisioterapia deportiva que no s\u00f3lo ayuda a tratar y prevenir lesiones musculoesquel\u00e9ticas, tambi\u00e9n ayuda buscar las mejores herramientas para optimizar las cualidades f\u00edsicas desde una edad temprana, porque se sabe que entre m\u00e1s temprano se desarrolle en un deporte en espec\u00edfico es mejor, \u00bfEl estudio que hace la medicina gen\u00f3mica ayudar\u00eda a predecir tambi\u00e9n estos aspectos para formar y mejorar deportistas de alto rendimiento?<\/strong><\/li><\/ol>\n\n\n\n<p>Que bonita pregunta, la respuesta es si la medicina gen\u00f3mica puede medir el rendimiento de las fibras musculares, las actitudes de hecho incluso hasta tendencias y adicciones, que no solo tienen que ver con adquisici\u00f3n de sustancias, se ve la personalidad, si se tiene o no riesgo de lesiones a ciertos deportes, incluso con la misma nutrigen\u00f3mica podemos establecer los suplementos que el deportista necesita y junto con fisioterapeutas y m\u00e9dicos del deporte establecer hasta el horario de entrenamiento.<\/p>\n\n\n\n<ol class=\"wp-block-list\" start=\"10\"><li><strong>En los tratamientos enfocados en combatir el envejecimiento cut\u00e1neo existen m\u00e9todos como la aplicaci\u00f3n de toxina botul\u00ednica y el \u00e1cido hialur\u00f3nico, pero existe mucha controversia que uno es mejor que otro, podr\u00eda explicarnos sus diferencias.<\/strong>&nbsp;<\/li><\/ol>\n\n\n\n<p>Si existe una confusi\u00f3n enorme, son completamente diferentes.<\/p>\n\n\n\n<p>La toxina botul\u00ednica funciona muy bien para relajar los m\u00fasculos entonces trabaja l\u00edneas de expresi\u00f3n din\u00e1micas cuando elevamos la ceja, cuando sonre\u00edmos, cuando bajamos la punta de la nariz, incluso cuando tenemos un problema de apretar demasiado los dientes (Bruxismo) porque dormimos muy tensos generando una hipertrofia en la parte de la cara, tambi\u00e9n funciona mucho para pacientes que sudan mucho (Hiperhidrosis) y tambi\u00e9n para el acn\u00e9.<\/p>\n\n\n\n<p>El \u00e1cido hialur\u00f3nico tiene presentaciones completamente distintas que va desde hidratar la piel hasta rellenar alg\u00fan tipo de cicatriz, una cicatriz puede ser una arruga. Entonces uno genera volumen o reestructura d\u00e9rmica y el otro trabaja en la contracci\u00f3n.<\/p>\n\n\n\n<p>Generalmente van muy de la mano en la medicina antienvejecimiento, bien aplicados ambos tienen resultados espectaculares.<\/p>\n\n\n\n<p>El \u00e1cido hialur\u00f3nico tiene una duraci\u00f3n aproximada dependiendo del mercado de 8 a 12 meses de duraci\u00f3n y la toxina botul\u00ednica como m\u00e1ximo 6 meses.&nbsp;<\/p>\n\n\n\n<p>11. <strong>\u00bfExiste alguna rama relacionada o estudios dentro de la medicina gen\u00f3mica que ayuden a predecir enfermedades desde la gestaci\u00f3n? Por ejemplo: S\u00edndrome de Down, S\u00edndrome de Patau, S\u00edndrome de Edwards etc.<\/strong><\/p>\n\n\n\n<p>Esos son s\u00edndromes gen\u00e9ticos y se establecen en una prueba en espec\u00edfica que se le hace a las mam\u00e1s embarazadas, existe otra prueba que va antes que se llama<em> portadores<\/em> que se le hace a la mam\u00e1 y al pap\u00e1 para ver el riesgo de poca compatibilidad gen\u00e9tica y con ello establecer si la familia tiene varios antecedentes de p\u00e9rdida pero en espec\u00edfico esta prueba se puede hacer en la octava o doceava semana pero es una prueba gen\u00e9tica y va enfocada al embarazo de la madre<\/p>\n\n\n\n<p>12.<strong>&nbsp;Hablando sobre las enfermedades que previenen los estudios que realiza tambi\u00e9n est\u00e1 el Parkinson y Alzheimer. Por ejemplo, una vez que un paciente sale en el estudio que si es candidato para padecer estas enfermedades \u00bfSon referidos a otras especialidades como neurolog\u00eda? \u00bfC\u00f3mo es el seguimiento despu\u00e9s de estos resultados?<\/strong><\/p>\n\n\n\n<p>Que linda pregunta tambi\u00e9n, si especifico porque tanto el Alzheimer como el Parkinson y como la degeneraci\u00f3n senil tiene mucho que ver con los suplementos y con el envejecimiento acelerado de ciertas ramas celulares, entonces nosotros establecemos s\u00f3lo el riesgo y nuestro trabajo es hacer medicina preventiva en la cual ir\u00eda por ejemplo ciertos ejercicios mentales, el aprender otro idioma y estar monitorizando junto con el neur\u00f3logo que no exista ning\u00fan tipo de degeneraci\u00f3n, aport\u00e1ndole ciertos omegas al paciente, claro que siempre bajo la indicaci\u00f3n del especialista y del m\u00e9dico tratante que son los que van a poner la directriz pero nosotros vamos ir aportando lo que este en la ciencia basada en evidencia que es algo muy importante, las aportaciones que damos no son el creo que.. todo tiene un sustento importante para la prevenci\u00f3n de la enfermedad.<\/p>\n\n\n\n<p>Nosotros tenemos una red de trabajo muy grande como cirujanos pl\u00e1sticos, dermat\u00f3logos, soci\u00f3logos, fisioterapeutas pero cuando necesitamos referir a un ginec\u00f3logo, onc\u00f3logo, neur\u00f3logo estamos dentro de una misma red que en conjunto vemos al paciente y deja de estar votando entre m\u00e9dico y m\u00e9dico, sino en conjunto lo vemos todos, tomando las mejores decisiones para el paciente, pero que tambi\u00e9n est\u00e9 involucrado el paciente es muy importante.\u00a0<\/p>\n\n\n\n<div class=\"wp-block-image coblocks-animate\"><figure class=\"aligncenter size-full\"><a href=\"https:\/\/i0.wp.com\/zeromagazinemx.wpcomstaging.com\/wp-content\/uploads\/2022\/02\/3e15d-imagen-4.jpg?ssl=1\"><img data-recalc-dims=\"1\" decoding=\"async\" src=\"https:\/\/i0.wp.com\/zeromagazinemx.wpcomstaging.com\/wp-content\/uploads\/2022\/02\/3e15d-imagen-4.jpg?w=1165&#038;ssl=1\" alt=\"\" class=\"wp-image-49908\" \/><\/a><\/figure><\/div>\n\n\n\n\n\n<p>13. <strong>Usted trabaja mucho con el trabajo multidisciplinario para poder mejorar la salud de sus pacientes. En el caso de la Fisioterapia que tambi\u00e9n es un campo profesional en M\u00e9xico que se est\u00e1 actualizando mucho en diferentes \u00e1reas como: Dermatofuncional, Neurol\u00f3gica, Cardiovascular, Respiratoria, Deportiva etc.&nbsp; \u00bfCree que en el caso de la medicina gen\u00f3mica se pueda trabajar en conjunto con esta \u00e1rea? \u00bfPor qu\u00e9?<\/strong><\/p>\n\n\n\n<p>La medicina gen\u00f3mica tiene la hermosa bendici\u00f3n de poder trabajar con todas las \u00e1reas que est\u00e9n involucradas en la salud no s\u00f3lo con doctores tambi\u00e9n con psic\u00f3logos, odont\u00f3logos, fisioterapeutas, pr\u00e1cticamente todos los que estemos interesados en la calidad de vida de los pacientes formar\u00e1n parte al equipo de la medicina gen\u00f3mica de prevenci\u00f3n y precisi\u00f3n y son bienvenidos.<\/p>\n\n\n\n<p>Por supuesto que la parte de la fisioterapia ha ido creciendo de una forma enorme en M\u00e9xico porque es una rama que permite dar mucho bienestar a los pacientes. Hoy el paciente busca tener calidad de vida, mucho m\u00e1s que a\u00f1os busca que los a\u00f1os que vaya a vivir, tenerlos con calidad, la fisioterapia forma un pilar importante en ello.<\/p>\n\n\n\n<div style=\"height:10px;\" aria-hidden=\"true\" class=\"wp-block-spacer\"><\/div>\n\n\n\n<p class=\"has-text-align-center\"><strong>CONTACTO.<\/strong><\/p>\n\n\n\n<p class=\"has-text-align-center\"><strong><em>Doctora Mar\u00eda del Mar Guerra, Directora de Medae Life Science<\/em><\/strong><\/p>\n\n\n\n<p class=\"has-text-align-center\">Newton 286, segundo y tercer piso en Polanco CDMX<\/p>\n\n\n\n<p class=\"has-text-align-center\"><strong>Redes sociales<\/strong>: <em>Dra. Marimar Guerra<\/em><\/p>\n\n\n\n<p class=\"has-text-align-center\"><strong>Tel\u00e9fono<\/strong>: <em>5563632163<\/em><\/p>\n\n\n<!--themify_builder_content-->\n<div id=\"themify_builder_content-49893\" data-postid=\"49893\" class=\"themify_builder_content themify_builder_content-49893 themify_builder tf_clear\">\n    <\/div>\n<!--\/themify_builder_content-->\n","protected":false},"excerpt":{"rendered":"<p>En Zero Magazine Mx entrevistamos a la Doctora Mar\u00eda Del Mar Guerrera, para hablar sobre la medicina gen\u00f3mica, \u201cla medicina del futuro\u201d y las maravillas que trae a la salud, nos contar\u00e1 una peque\u00f1a parte de lo que hacen en la cl\u00ednica Medae Life Science que en M\u00e9xico es la primera cl\u00ednica de medicina gen\u00f3mica [&hellip;]<\/p>\n","protected":false},"author":2,"featured_media":49900,"comment_status":"open","ping_status":"open","sticky":false,"template":"","format":"standard","meta":{"_jetpack_memberships_contains_paid_content":false,"footnotes":"","jetpack_publicize_message":"#Entrevista | Platicamos con la Dr. Mar\u00eda del Mar Guerrera acerca de la medicina gen\u00f3mica, la llamada #MedicinadelFuturo","jetpack_publicize_feature_enabled":true,"jetpack_social_post_already_shared":true,"jetpack_social_options":{"image_generator_settings":{"template":"highway","default_image_id":0,"font":"","enabled":false},"version":2}},"categories":[45,91],"tags":[2351,329,2352,2353,2354],"class_list":["post-49893","post","type-post","status-publish","format-standard","has-post-thumbnail","hentry","category-bienestar","category-entrevistas","tag-doctora-maria-del-mar-guerrera","tag-entrevista","tag-la-medicina-del-futuro","tag-medae-life-science","tag-medicina-genomica","has-post-title","has-post-date","has-post-category","has-post-tag","has-post-comment","has-post-author",""],"yoast_head":"<!-- This site is optimized with the Yoast SEO plugin v27.4 - https:\/\/yoast.com\/product\/yoast-seo-wordpress\/ -->\n<title>ENTREVISTA CON LA DOCTORA MAR\u00cdA DEL MAR GUERRERA, MEDICINA GEN\u00d3MICA - Zero Magazine<\/title>\n<meta name=\"robots\" content=\"index, follow, max-snippet:-1, max-image-preview:large, max-video-preview:-1\" \/>\n<link rel=\"canonical\" href=\"https:\/\/zeromagazine.mx\/index.php\/2021\/07\/11\/entrevista-con-la-doctora-maria-del-mar-guerrera-medicina-genomica\/\" \/>\n<meta property=\"og:locale\" content=\"es_ES\" \/>\n<meta property=\"og:type\" content=\"article\" \/>\n<meta property=\"og:title\" content=\"ENTREVISTA CON LA DOCTORA MAR\u00cdA DEL MAR GUERRERA, MEDICINA GEN\u00d3MICA - Zero Magazine\" \/>\n<meta property=\"og:description\" content=\"En Zero Magazine Mx entrevistamos a la Doctora Mar\u00eda Del Mar Guerrera, para hablar sobre la medicina gen\u00f3mica, \u201cla medicina del futuro\u201d y las maravillas que trae a la salud, nos contar\u00e1 una peque\u00f1a parte de lo que hacen en la cl\u00ednica Medae Life Science que en M\u00e9xico es la primera cl\u00ednica de medicina gen\u00f3mica [&hellip;]\" \/>\n<meta property=\"og:url\" content=\"https:\/\/zeromagazine.mx\/index.php\/2021\/07\/11\/entrevista-con-la-doctora-maria-del-mar-guerrera-medicina-genomica\/\" \/>\n<meta property=\"og:site_name\" content=\"Zero Magazine\" \/>\n<meta property=\"article:published_time\" content=\"2021-07-11T15:00:00+00:00\" \/>\n<meta name=\"author\" content=\"zeromagazinemx\" \/>\n<meta name=\"twitter:card\" content=\"summary_large_image\" \/>\n<meta name=\"twitter:label1\" content=\"Escrito por\" \/>\n\t<meta name=\"twitter:data1\" content=\"zeromagazinemx\" \/>\n\t<meta name=\"twitter:label2\" content=\"Tiempo de lectura\" \/>\n\t<meta name=\"twitter:data2\" content=\"11 minutos\" \/>\n<script type=\"application\/ld+json\" class=\"yoast-schema-graph\">{\"@context\":\"https:\\\/\\\/schema.org\",\"@graph\":[{\"@type\":\"Article\",\"@id\":\"https:\\\/\\\/zeromagazine.mx\\\/index.php\\\/2021\\\/07\\\/11\\\/entrevista-con-la-doctora-maria-del-mar-guerrera-medicina-genomica\\\/#article\",\"isPartOf\":{\"@id\":\"https:\\\/\\\/zeromagazine.mx\\\/index.php\\\/2021\\\/07\\\/11\\\/entrevista-con-la-doctora-maria-del-mar-guerrera-medicina-genomica\\\/\"},\"author\":{\"name\":\"zeromagazinemx\",\"@id\":\"https:\\\/\\\/zeromagazine.mx\\\/#\\\/schema\\\/person\\\/9aed9f33a7c39af3a348b86d723f7773\"},\"headline\":\"ENTREVISTA CON LA DOCTORA MAR\u00cdA DEL MAR GUERRERA, MEDICINA GEN\u00d3MICA\",\"datePublished\":\"2021-07-11T15:00:00+00:00\",\"mainEntityOfPage\":{\"@id\":\"https:\\\/\\\/zeromagazine.mx\\\/index.php\\\/2021\\\/07\\\/11\\\/entrevista-con-la-doctora-maria-del-mar-guerrera-medicina-genomica\\\/\"},\"wordCount\":2259,\"commentCount\":0,\"publisher\":{\"@id\":\"https:\\\/\\\/zeromagazine.mx\\\/#organization\"},\"image\":{\"@id\":\"https:\\\/\\\/zeromagazine.mx\\\/index.php\\\/2021\\\/07\\\/11\\\/entrevista-con-la-doctora-maria-del-mar-guerrera-medicina-genomica\\\/#primaryimage\"},\"thumbnailUrl\":\"\",\"keywords\":[\"Doctora Mar\u00eda del Mar Guerrera\",\"Entrevista\",\"La Medicina del Futuro\",\"Medae Life Science\",\"Medicina Gen\u00f3mica\"],\"articleSection\":[\"Bienestar\",\"Entrevistas\"],\"inLanguage\":\"es\",\"potentialAction\":[{\"@type\":\"CommentAction\",\"name\":\"Comment\",\"target\":[\"https:\\\/\\\/zeromagazine.mx\\\/index.php\\\/2021\\\/07\\\/11\\\/entrevista-con-la-doctora-maria-del-mar-guerrera-medicina-genomica\\\/#respond\"]}]},{\"@type\":\"WebPage\",\"@id\":\"https:\\\/\\\/zeromagazine.mx\\\/index.php\\\/2021\\\/07\\\/11\\\/entrevista-con-la-doctora-maria-del-mar-guerrera-medicina-genomica\\\/\",\"url\":\"https:\\\/\\\/zeromagazine.mx\\\/index.php\\\/2021\\\/07\\\/11\\\/entrevista-con-la-doctora-maria-del-mar-guerrera-medicina-genomica\\\/\",\"name\":\"ENTREVISTA CON LA DOCTORA MAR\u00cdA DEL MAR GUERRERA, MEDICINA GEN\u00d3MICA - Zero Magazine\",\"isPartOf\":{\"@id\":\"https:\\\/\\\/zeromagazine.mx\\\/#website\"},\"primaryImageOfPage\":{\"@id\":\"https:\\\/\\\/zeromagazine.mx\\\/index.php\\\/2021\\\/07\\\/11\\\/entrevista-con-la-doctora-maria-del-mar-guerrera-medicina-genomica\\\/#primaryimage\"},\"image\":{\"@id\":\"https:\\\/\\\/zeromagazine.mx\\\/index.php\\\/2021\\\/07\\\/11\\\/entrevista-con-la-doctora-maria-del-mar-guerrera-medicina-genomica\\\/#primaryimage\"},\"thumbnailUrl\":\"\",\"datePublished\":\"2021-07-11T15:00:00+00:00\",\"breadcrumb\":{\"@id\":\"https:\\\/\\\/zeromagazine.mx\\\/index.php\\\/2021\\\/07\\\/11\\\/entrevista-con-la-doctora-maria-del-mar-guerrera-medicina-genomica\\\/#breadcrumb\"},\"inLanguage\":\"es\",\"potentialAction\":[{\"@type\":\"ReadAction\",\"target\":[\"https:\\\/\\\/zeromagazine.mx\\\/index.php\\\/2021\\\/07\\\/11\\\/entrevista-con-la-doctora-maria-del-mar-guerrera-medicina-genomica\\\/\"]}]},{\"@type\":\"ImageObject\",\"inLanguage\":\"es\",\"@id\":\"https:\\\/\\\/zeromagazine.mx\\\/index.php\\\/2021\\\/07\\\/11\\\/entrevista-con-la-doctora-maria-del-mar-guerrera-medicina-genomica\\\/#primaryimage\",\"url\":\"\",\"contentUrl\":\"\"},{\"@type\":\"BreadcrumbList\",\"@id\":\"https:\\\/\\\/zeromagazine.mx\\\/index.php\\\/2021\\\/07\\\/11\\\/entrevista-con-la-doctora-maria-del-mar-guerrera-medicina-genomica\\\/#breadcrumb\",\"itemListElement\":[{\"@type\":\"ListItem\",\"position\":1,\"name\":\"Portada\",\"item\":\"https:\\\/\\\/zeromagazine.mx\\\/\"},{\"@type\":\"ListItem\",\"position\":2,\"name\":\"ENTREVISTA CON LA DOCTORA MAR\u00cdA DEL MAR GUERRERA, MEDICINA GEN\u00d3MICA\"}]},{\"@type\":\"WebSite\",\"@id\":\"https:\\\/\\\/zeromagazine.mx\\\/#website\",\"url\":\"https:\\\/\\\/zeromagazine.mx\\\/\",\"name\":\"Zero Magazine\",\"description\":\"\",\"publisher\":{\"@id\":\"https:\\\/\\\/zeromagazine.mx\\\/#organization\"},\"potentialAction\":[{\"@type\":\"SearchAction\",\"target\":{\"@type\":\"EntryPoint\",\"urlTemplate\":\"https:\\\/\\\/zeromagazine.mx\\\/?s={search_term_string}\"},\"query-input\":{\"@type\":\"PropertyValueSpecification\",\"valueRequired\":true,\"valueName\":\"search_term_string\"}}],\"inLanguage\":\"es\"},{\"@type\":\"Organization\",\"@id\":\"https:\\\/\\\/zeromagazine.mx\\\/#organization\",\"name\":\"Zero Magazine\",\"url\":\"https:\\\/\\\/zeromagazine.mx\\\/\",\"logo\":{\"@type\":\"ImageObject\",\"inLanguage\":\"es\",\"@id\":\"https:\\\/\\\/zeromagazine.mx\\\/#\\\/schema\\\/logo\\\/image\\\/\",\"url\":\"https:\\\/\\\/i0.wp.com\\\/zeromagazine.mx\\\/wp-content\\\/uploads\\\/2025\\\/11\\\/1.jpeg?fit=1000%2C1000&ssl=1\",\"contentUrl\":\"https:\\\/\\\/i0.wp.com\\\/zeromagazine.mx\\\/wp-content\\\/uploads\\\/2025\\\/11\\\/1.jpeg?fit=1000%2C1000&ssl=1\",\"width\":1000,\"height\":1000,\"caption\":\"Zero Magazine\"},\"image\":{\"@id\":\"https:\\\/\\\/zeromagazine.mx\\\/#\\\/schema\\\/logo\\\/image\\\/\"},\"sameAs\":[\"https:\\\/\\\/instagram.com\\\/zeromagazinemx\"]},{\"@type\":\"Person\",\"@id\":\"https:\\\/\\\/zeromagazine.mx\\\/#\\\/schema\\\/person\\\/9aed9f33a7c39af3a348b86d723f7773\",\"name\":\"zeromagazinemx\",\"image\":{\"@type\":\"ImageObject\",\"inLanguage\":\"es\",\"@id\":\"https:\\\/\\\/zeromagazine.mx\\\/wp-content\\\/litespeed\\\/avatar\\\/f91dfe5410d5dcb1a576bf8c45983896.jpg?ver=1776966396\",\"url\":\"https:\\\/\\\/zeromagazine.mx\\\/wp-content\\\/litespeed\\\/avatar\\\/f91dfe5410d5dcb1a576bf8c45983896.jpg?ver=1776966396\",\"contentUrl\":\"https:\\\/\\\/zeromagazine.mx\\\/wp-content\\\/litespeed\\\/avatar\\\/f91dfe5410d5dcb1a576bf8c45983896.jpg?ver=1776966396\",\"caption\":\"zeromagazinemx\"},\"url\":\"https:\\\/\\\/zeromagazine.mx\\\/index.php\\\/author\\\/zeromagazinemx\\\/\"}]}<\/script>\n<!-- \/ Yoast SEO plugin. -->","yoast_head_json":{"title":"ENTREVISTA CON LA DOCTORA MAR\u00cdA DEL MAR GUERRERA, MEDICINA GEN\u00d3MICA - Zero Magazine","robots":{"index":"index","follow":"follow","max-snippet":"max-snippet:-1","max-image-preview":"max-image-preview:large","max-video-preview":"max-video-preview:-1"},"canonical":"https:\/\/zeromagazine.mx\/index.php\/2021\/07\/11\/entrevista-con-la-doctora-maria-del-mar-guerrera-medicina-genomica\/","og_locale":"es_ES","og_type":"article","og_title":"ENTREVISTA CON LA DOCTORA MAR\u00cdA DEL MAR GUERRERA, MEDICINA GEN\u00d3MICA - Zero Magazine","og_description":"En Zero Magazine Mx entrevistamos a la Doctora Mar\u00eda Del Mar Guerrera, para hablar sobre la medicina gen\u00f3mica, \u201cla medicina del futuro\u201d y las maravillas que trae a la salud, nos contar\u00e1 una peque\u00f1a parte de lo que hacen en la cl\u00ednica Medae Life Science que en M\u00e9xico es la primera cl\u00ednica de medicina gen\u00f3mica [&hellip;]","og_url":"https:\/\/zeromagazine.mx\/index.php\/2021\/07\/11\/entrevista-con-la-doctora-maria-del-mar-guerrera-medicina-genomica\/","og_site_name":"Zero Magazine","article_published_time":"2021-07-11T15:00:00+00:00","author":"zeromagazinemx","twitter_card":"summary_large_image","twitter_misc":{"Escrito por":"zeromagazinemx","Tiempo de lectura":"11 minutos"},"schema":{"@context":"https:\/\/schema.org","@graph":[{"@type":"Article","@id":"https:\/\/zeromagazine.mx\/index.php\/2021\/07\/11\/entrevista-con-la-doctora-maria-del-mar-guerrera-medicina-genomica\/#article","isPartOf":{"@id":"https:\/\/zeromagazine.mx\/index.php\/2021\/07\/11\/entrevista-con-la-doctora-maria-del-mar-guerrera-medicina-genomica\/"},"author":{"name":"zeromagazinemx","@id":"https:\/\/zeromagazine.mx\/#\/schema\/person\/9aed9f33a7c39af3a348b86d723f7773"},"headline":"ENTREVISTA CON LA DOCTORA MAR\u00cdA DEL MAR GUERRERA, MEDICINA GEN\u00d3MICA","datePublished":"2021-07-11T15:00:00+00:00","mainEntityOfPage":{"@id":"https:\/\/zeromagazine.mx\/index.php\/2021\/07\/11\/entrevista-con-la-doctora-maria-del-mar-guerrera-medicina-genomica\/"},"wordCount":2259,"commentCount":0,"publisher":{"@id":"https:\/\/zeromagazine.mx\/#organization"},"image":{"@id":"https:\/\/zeromagazine.mx\/index.php\/2021\/07\/11\/entrevista-con-la-doctora-maria-del-mar-guerrera-medicina-genomica\/#primaryimage"},"thumbnailUrl":"","keywords":["Doctora Mar\u00eda del Mar Guerrera","Entrevista","La Medicina del Futuro","Medae Life Science","Medicina Gen\u00f3mica"],"articleSection":["Bienestar","Entrevistas"],"inLanguage":"es","potentialAction":[{"@type":"CommentAction","name":"Comment","target":["https:\/\/zeromagazine.mx\/index.php\/2021\/07\/11\/entrevista-con-la-doctora-maria-del-mar-guerrera-medicina-genomica\/#respond"]}]},{"@type":"WebPage","@id":"https:\/\/zeromagazine.mx\/index.php\/2021\/07\/11\/entrevista-con-la-doctora-maria-del-mar-guerrera-medicina-genomica\/","url":"https:\/\/zeromagazine.mx\/index.php\/2021\/07\/11\/entrevista-con-la-doctora-maria-del-mar-guerrera-medicina-genomica\/","name":"ENTREVISTA CON LA DOCTORA MAR\u00cdA DEL MAR GUERRERA, MEDICINA GEN\u00d3MICA - Zero Magazine","isPartOf":{"@id":"https:\/\/zeromagazine.mx\/#website"},"primaryImageOfPage":{"@id":"https:\/\/zeromagazine.mx\/index.php\/2021\/07\/11\/entrevista-con-la-doctora-maria-del-mar-guerrera-medicina-genomica\/#primaryimage"},"image":{"@id":"https:\/\/zeromagazine.mx\/index.php\/2021\/07\/11\/entrevista-con-la-doctora-maria-del-mar-guerrera-medicina-genomica\/#primaryimage"},"thumbnailUrl":"","datePublished":"2021-07-11T15:00:00+00:00","breadcrumb":{"@id":"https:\/\/zeromagazine.mx\/index.php\/2021\/07\/11\/entrevista-con-la-doctora-maria-del-mar-guerrera-medicina-genomica\/#breadcrumb"},"inLanguage":"es","potentialAction":[{"@type":"ReadAction","target":["https:\/\/zeromagazine.mx\/index.php\/2021\/07\/11\/entrevista-con-la-doctora-maria-del-mar-guerrera-medicina-genomica\/"]}]},{"@type":"ImageObject","inLanguage":"es","@id":"https:\/\/zeromagazine.mx\/index.php\/2021\/07\/11\/entrevista-con-la-doctora-maria-del-mar-guerrera-medicina-genomica\/#primaryimage","url":"","contentUrl":""},{"@type":"BreadcrumbList","@id":"https:\/\/zeromagazine.mx\/index.php\/2021\/07\/11\/entrevista-con-la-doctora-maria-del-mar-guerrera-medicina-genomica\/#breadcrumb","itemListElement":[{"@type":"ListItem","position":1,"name":"Portada","item":"https:\/\/zeromagazine.mx\/"},{"@type":"ListItem","position":2,"name":"ENTREVISTA CON LA DOCTORA MAR\u00cdA DEL MAR GUERRERA, MEDICINA GEN\u00d3MICA"}]},{"@type":"WebSite","@id":"https:\/\/zeromagazine.mx\/#website","url":"https:\/\/zeromagazine.mx\/","name":"Zero Magazine","description":"","publisher":{"@id":"https:\/\/zeromagazine.mx\/#organization"},"potentialAction":[{"@type":"SearchAction","target":{"@type":"EntryPoint","urlTemplate":"https:\/\/zeromagazine.mx\/?s={search_term_string}"},"query-input":{"@type":"PropertyValueSpecification","valueRequired":true,"valueName":"search_term_string"}}],"inLanguage":"es"},{"@type":"Organization","@id":"https:\/\/zeromagazine.mx\/#organization","name":"Zero Magazine","url":"https:\/\/zeromagazine.mx\/","logo":{"@type":"ImageObject","inLanguage":"es","@id":"https:\/\/zeromagazine.mx\/#\/schema\/logo\/image\/","url":"https:\/\/i0.wp.com\/zeromagazine.mx\/wp-content\/uploads\/2025\/11\/1.jpeg?fit=1000%2C1000&ssl=1","contentUrl":"https:\/\/i0.wp.com\/zeromagazine.mx\/wp-content\/uploads\/2025\/11\/1.jpeg?fit=1000%2C1000&ssl=1","width":1000,"height":1000,"caption":"Zero Magazine"},"image":{"@id":"https:\/\/zeromagazine.mx\/#\/schema\/logo\/image\/"},"sameAs":["https:\/\/instagram.com\/zeromagazinemx"]},{"@type":"Person","@id":"https:\/\/zeromagazine.mx\/#\/schema\/person\/9aed9f33a7c39af3a348b86d723f7773","name":"zeromagazinemx","image":{"@type":"ImageObject","inLanguage":"es","@id":"https:\/\/zeromagazine.mx\/wp-content\/litespeed\/avatar\/f91dfe5410d5dcb1a576bf8c45983896.jpg?ver=1776966396","url":"https:\/\/zeromagazine.mx\/wp-content\/litespeed\/avatar\/f91dfe5410d5dcb1a576bf8c45983896.jpg?ver=1776966396","contentUrl":"https:\/\/zeromagazine.mx\/wp-content\/litespeed\/avatar\/f91dfe5410d5dcb1a576bf8c45983896.jpg?ver=1776966396","caption":"zeromagazinemx"},"url":"https:\/\/zeromagazine.mx\/index.php\/author\/zeromagazinemx\/"}]}},"jetpack_publicize_connections":[],"jetpack_featured_media_url":"","jetpack-related-posts":[{"id":107707,"url":"https:\/\/zeromagazine.mx\/index.php\/2025\/05\/28\/lonvida-polanco-centro-longevidad-bienestar-lujo\/","url_meta":{"origin":49893,"position":0},"title":"Lonvida: El futuro del bienestar llega a Polanco","author":"David Morales","date":"28 de mayo de 2025","format":false,"excerpt":"En el coraz\u00f3n de Polanco se inaugur\u00f3 Lonvida, el primer centro en M\u00e9xico que redefine la manera en que entendemos el cuidado personal, la salud y la longevidad. M\u00e1s que un espacio, es un nuevo estilo de vida donde la medicina regenerativa, la inteligencia artificial y la hospitalidad de lujo\u2026","rel":"","context":"En \u00abBeauty\u00bb","block_context":{"text":"Beauty","link":"https:\/\/zeromagazine.mx\/index.php\/category\/beauty\/"},"img":{"alt_text":"","src":"https:\/\/i0.wp.com\/zeromagazine.mx\/wp-content\/uploads\/2025\/09\/Still-2025-05-18-205401_1.10.1-scaled.jpg?fit=1200%2C675&ssl=1&resize=350%2C200","width":350,"height":200,"srcset":"https:\/\/i0.wp.com\/zeromagazine.mx\/wp-content\/uploads\/2025\/09\/Still-2025-05-18-205401_1.10.1-scaled.jpg?fit=1200%2C675&ssl=1&resize=350%2C200 1x, https:\/\/i0.wp.com\/zeromagazine.mx\/wp-content\/uploads\/2025\/09\/Still-2025-05-18-205401_1.10.1-scaled.jpg?fit=1200%2C675&ssl=1&resize=525%2C300 1.5x, https:\/\/i0.wp.com\/zeromagazine.mx\/wp-content\/uploads\/2025\/09\/Still-2025-05-18-205401_1.10.1-scaled.jpg?fit=1200%2C675&ssl=1&resize=700%2C400 2x, https:\/\/i0.wp.com\/zeromagazine.mx\/wp-content\/uploads\/2025\/09\/Still-2025-05-18-205401_1.10.1-scaled.jpg?fit=1200%2C675&ssl=1&resize=1050%2C600 3x"},"classes":[]},{"id":94284,"url":"https:\/\/zeromagazine.mx\/index.php\/2025\/01\/07\/bienestar-integral-siempre-sin-drama\/","url_meta":{"origin":49893,"position":1},"title":"Bienestar Integral Siempre, Sin Drama","author":"zeromagazinemx","date":"7 de enero de 2025","format":false,"excerpt":"Bienestar integral siempre Bienestar integral siempre es lo m\u00e1s importante en este nuevo a\u00f1o. Amix, sabemos que a\u00f1o nuevo significa metas frescas. Pero la neta es que transformar tu salud y estilo de vida no es tan simple como quererlo; necesitas un plan real, basado en ciencia. Aqu\u00ed te cuento\u2026","rel":"","context":"En \u00abBienestar\u00bb","block_context":{"text":"Bienestar","link":"https:\/\/zeromagazine.mx\/index.php\/category\/lifestyle\/bienestar\/"},"img":{"alt_text":"","src":"https:\/\/i0.wp.com\/zeromagazine.mx\/wp-content\/uploads\/2025\/01\/Dr.-Luis-Dorado.jpeg?fit=1200%2C706&ssl=1&resize=350%2C200","width":350,"height":200,"srcset":"https:\/\/i0.wp.com\/zeromagazine.mx\/wp-content\/uploads\/2025\/01\/Dr.-Luis-Dorado.jpeg?fit=1200%2C706&ssl=1&resize=350%2C200 1x, https:\/\/i0.wp.com\/zeromagazine.mx\/wp-content\/uploads\/2025\/01\/Dr.-Luis-Dorado.jpeg?fit=1200%2C706&ssl=1&resize=525%2C300 1.5x, https:\/\/i0.wp.com\/zeromagazine.mx\/wp-content\/uploads\/2025\/01\/Dr.-Luis-Dorado.jpeg?fit=1200%2C706&ssl=1&resize=700%2C400 2x, https:\/\/i0.wp.com\/zeromagazine.mx\/wp-content\/uploads\/2025\/01\/Dr.-Luis-Dorado.jpeg?fit=1200%2C706&ssl=1&resize=1050%2C600 3x"},"classes":[]},{"id":55127,"url":"https:\/\/zeromagazine.mx\/index.php\/2021\/09\/24\/la-cara-de-la-urologia\/","url_meta":{"origin":49893,"position":2},"title":"La cara de la Urolog\u00eda","author":"zeromagazinemx","date":"24 de septiembre de 2021","format":false,"excerpt":"Entrevista con el Dr. Mario Enrique Ortega Gonz\u00e1lez.Especialista en Cirug\u00eda Laparosc\u00f3pica, Oncolog\u00eda y Endourolog\u00eda. Fotograf\u00eda: Ver\u00f3nica Rosas (@mont.photo) y Rodrigo Ososrio (@photo_r86 ) Por Ver\u00f3nica Rosas y Rodrigo Osorio \u00bfC\u00f3mo es que decide ingresar al mundo de la medicina? Mi inter\u00e9s por esta \u00e1rea inici\u00f3 cuando v\u00ed un documental justamente\u2026","rel":"","context":"En \u00abBienestar\u00bb","block_context":{"text":"Bienestar","link":"https:\/\/zeromagazine.mx\/index.php\/category\/lifestyle\/bienestar\/"},"img":{"alt_text":"","src":"https:\/\/i0.wp.com\/zeromagazinemx.wpcomstaging.com\/wp-content\/uploads\/2022\/02\/441b7-3-1.png?resize=350%2C200&ssl=1","width":350,"height":200,"srcset":"https:\/\/i0.wp.com\/zeromagazinemx.wpcomstaging.com\/wp-content\/uploads\/2022\/02\/441b7-3-1.png?resize=350%2C200&ssl=1 1x, https:\/\/i0.wp.com\/zeromagazinemx.wpcomstaging.com\/wp-content\/uploads\/2022\/02\/441b7-3-1.png?resize=525%2C300&ssl=1 1.5x, https:\/\/i0.wp.com\/zeromagazinemx.wpcomstaging.com\/wp-content\/uploads\/2022\/02\/441b7-3-1.png?resize=700%2C400&ssl=1 2x"},"classes":[]},{"id":98302,"url":"https:\/\/zeromagazine.mx\/index.php\/2025\/03\/06\/transforma-tu-salud-con-clinica-medicina-metabolica\/","url_meta":{"origin":49893,"position":3},"title":"Cl\u00ednica Metab\u00f3lica que Transforma tu Salud","author":"David Morales","date":"6 de marzo de 2025","format":false,"excerpt":"Cada inicio de a\u00f1o, muchxs nos prometemos comer mejor, hacer ejercicio y dejar los malos h\u00e1bitos atr\u00e1s. Pero, seamos realistas, no basta con tener ganas, se necesita un plan realista y basado en ciencia. Si est\u00e1s buscando cambiar tu vida, la nutrici\u00f3n cl\u00ednica podr\u00eda ser la clave para lograrlo. La\u2026","rel":"","context":"En \u00abBienestar\u00bb","block_context":{"text":"Bienestar","link":"https:\/\/zeromagazine.mx\/index.php\/category\/lifestyle\/bienestar\/"},"img":{"alt_text":"","src":"https:\/\/i0.wp.com\/zeromagazine.mx\/wp-content\/uploads\/2025\/03\/Captura-de-pantalla-2025-03-06-132012.png?fit=544%2C297&ssl=1&resize=350%2C200","width":350,"height":200,"srcset":"https:\/\/i0.wp.com\/zeromagazine.mx\/wp-content\/uploads\/2025\/03\/Captura-de-pantalla-2025-03-06-132012.png?fit=544%2C297&ssl=1&resize=350%2C200 1x, https:\/\/i0.wp.com\/zeromagazine.mx\/wp-content\/uploads\/2025\/03\/Captura-de-pantalla-2025-03-06-132012.png?fit=544%2C297&ssl=1&resize=525%2C300 1.5x"},"classes":[]},{"id":49925,"url":"https:\/\/zeromagazine.mx\/index.php\/2021\/07\/11\/entrevista-a-la-doctora-kimberly-acata-gonzalez\/","url_meta":{"origin":49893,"position":4},"title":"Entrevista a la Doctora Kimberly Acata Gonz\u00e1lez","author":"zeromagazinemx","date":"11 de julio de 2021","format":false,"excerpt":"La Dra. Kimberly Acata Gonz\u00e1lez es M\u00e9dico Cirujano de la Universidad Justo Sierra, M\u00e9dico Est\u00e9tico de la Universidad Aut\u00f3noma de Barcelona y actualmente est\u00e1 por concluir la Especialidad de Cirug\u00eda Est\u00e9tica por la Universidad del CONDE en Veracruz. Por Ang\u00e9lica Cisneros En la actualidad es Fundadora de la Cl\u00ednica \u201c1\u2026","rel":"","context":"En \u00abBienestar\u00bb","block_context":{"text":"Bienestar","link":"https:\/\/zeromagazine.mx\/index.php\/category\/lifestyle\/bienestar\/"},"img":{"alt_text":"","src":"","width":0,"height":0},"classes":[]},{"id":54886,"url":"https:\/\/zeromagazine.mx\/index.php\/2021\/09\/18\/cristian-isaac-villeda-sandoval\/","url_meta":{"origin":49893,"position":5},"title":"Christian Isaac Villeda Sandoval","author":"zeromagazinemx","date":"18 de septiembre de 2021","format":false,"excerpt":"Ur\u00f3logo con subespecialidad en urolog\u00eda oncol\u00f3gica y cirug\u00eda rob\u00f3tica y laparosc\u00f3pica. \u201cMe dedico a la consulta de pacientes con padecimientos de la v\u00eda urinaria, que involucra ri\u00f1ones, los tubos que bajan hacia la vejiga, la vejiga misma, en el caso de los hombres la pr\u00f3stata, el tubo de salida llamado\u2026","rel":"","context":"En \u00abBienestar\u00bb","block_context":{"text":"Bienestar","link":"https:\/\/zeromagazine.mx\/index.php\/category\/lifestyle\/bienestar\/"},"img":{"alt_text":"","src":"https:\/\/i0.wp.com\/zeromagazinemx.wpcomstaging.com\/wp-content\/uploads\/2022\/02\/685cb-captura.png?resize=350%2C200&ssl=1","width":350,"height":200,"srcset":"https:\/\/i0.wp.com\/zeromagazinemx.wpcomstaging.com\/wp-content\/uploads\/2022\/02\/685cb-captura.png?resize=350%2C200&ssl=1 1x, https:\/\/i0.wp.com\/zeromagazinemx.wpcomstaging.com\/wp-content\/uploads\/2022\/02\/685cb-captura.png?resize=525%2C300&ssl=1 1.5x, https:\/\/i0.wp.com\/zeromagazinemx.wpcomstaging.com\/wp-content\/uploads\/2022\/02\/685cb-captura.png?resize=700%2C400&ssl=1 2x"},"classes":[]}],"jetpack_sharing_enabled":true,"builder_content":"","_links":{"self":[{"href":"https:\/\/zeromagazine.mx\/index.php\/wp-json\/wp\/v2\/posts\/49893","targetHints":{"allow":["GET"]}}],"collection":[{"href":"https:\/\/zeromagazine.mx\/index.php\/wp-json\/wp\/v2\/posts"}],"about":[{"href":"https:\/\/zeromagazine.mx\/index.php\/wp-json\/wp\/v2\/types\/post"}],"author":[{"embeddable":true,"href":"https:\/\/zeromagazine.mx\/index.php\/wp-json\/wp\/v2\/users\/2"}],"replies":[{"embeddable":true,"href":"https:\/\/zeromagazine.mx\/index.php\/wp-json\/wp\/v2\/comments?post=49893"}],"version-history":[{"count":0,"href":"https:\/\/zeromagazine.mx\/index.php\/wp-json\/wp\/v2\/posts\/49893\/revisions"}],"wp:featuredmedia":[{"embeddable":true,"href":"https:\/\/zeromagazine.mx\/index.php\/wp-json\/"}],"wp:attachment":[{"href":"https:\/\/zeromagazine.mx\/index.php\/wp-json\/wp\/v2\/media?parent=49893"}],"wp:term":[{"taxonomy":"category","embeddable":true,"href":"https:\/\/zeromagazine.mx\/index.php\/wp-json\/wp\/v2\/categories?post=49893"},{"taxonomy":"post_tag","embeddable":true,"href":"https:\/\/zeromagazine.mx\/index.php\/wp-json\/wp\/v2\/tags?post=49893"}],"curies":[{"name":"wp","href":"https:\/\/api.w.org\/{rel}","templated":true}]}}