{"id":49945,"date":"2021-06-26T15:30:00","date_gmt":"2021-06-26T20:30:00","guid":{"rendered":"https:\/\/atomic-temporary-84115225.wpcomstaging.com\/?p=49945"},"modified":"2021-06-26T15:30:00","modified_gmt":"2021-06-26T20:30:00","slug":"f33-7he-70ue","status":"publish","type":"post","link":"https:\/\/zeromagazine.mx\/index.php\/2021\/06\/26\/f33-7he-70ue\/","title":{"rendered":"FEEL THE LOVE"},"content":{"rendered":"\n<p>Por David Morales.<\/p>\n\n\n\n<figure class=\"wp-block-image size-large\"><a href=\"https:\/\/i0.wp.com\/zeromagazinemx.wpcomstaging.com\/wp-content\/uploads\/2022\/02\/6c10f-c_apride215738.jpg?ssl=1\"><img data-recalc-dims=\"1\" decoding=\"async\" src=\"https:\/\/i0.wp.com\/zeromagazinemx.wpcomstaging.com\/wp-content\/uploads\/2022\/02\/6c10f-c_apride215738.jpg?w=1165&#038;ssl=1\" alt=\"\" class=\"wp-image-49952\" \/><\/a><\/figure>\n\n\n\n\n\n<p>Lleg\u00f3 el Pride, una fiesta en la que todos podemos celebrar nuestra identidad y la que soporte\u2026pero sentirnos orgullosos va m\u00e1s all\u00e1 de una simple fecha o de una celebraci\u00f3n, es llevarlo en cada rinc\u00f3n de nuestra piel y de nuestra vida.<\/p>\n\n\n\n\n\n<p>Es por eso que algunas marcas se solidarizan con la comunidad LGBTTIQ+ Al crear productos con los cuales puedan mostrar su orgullo, pero nosotros creemos que las marcas pueden hacer mucho m\u00e1s que solo crear colecciones inspiradas en la comunidad. Es por eso que nos acercamos con C&amp;A, para que nos cuenten sobre su campa\u00f1a y c\u00f3mo llevan el orgullo en sus tiendas.<\/p>\n\n\n\n<figure class=\"wp-block-image size-large\"><a href=\"https:\/\/i0.wp.com\/zeromagazinemx.wpcomstaging.com\/wp-content\/uploads\/2022\/02\/a595e-c_apride215447.jpg?ssl=1\"><img data-recalc-dims=\"1\" decoding=\"async\" src=\"https:\/\/i0.wp.com\/zeromagazinemx.wpcomstaging.com\/wp-content\/uploads\/2022\/02\/a595e-c_apride215447.jpg?w=1165&#038;ssl=1\" alt=\"\" class=\"wp-image-49955\" \/><\/a><\/figure>\n\n\n\n<p><strong>\u00bfQu\u00e9 importancia tiene la comunidad para C&amp;A?<\/strong><\/p>\n\n\n\n<p>La inclusi\u00f3n y el respeto a la diversidad han sido piezas fundamentales de la evoluci\u00f3n de la marca y han acompa\u00f1ado a las personas que forman parte de ella en todo momento. Creemos firmemente que parte de la responsabilidad inmersa en nuestra misi\u00f3n es hacer que la moda sea para todas y todos. La comunidad LGBTIQ+ es parte de C&amp;A y aunque apenas hace 3 a\u00f1os lanzamos la primera colecci\u00f3n para celebrar el mes del orgullo, las pol\u00edticas, la postura de la marca y el acompa\u00f1amiento han estado siempre.&nbsp;<\/p>\n\n\n\n<p>Por esa raz\u00f3n, buscamos dise\u00f1ar prendas y accesorios para que todas las personas se sientan identificadas y puedan expresar su personalidad. Adem\u00e1s, estamos muy orgullosos de que nuestras y nuestros colaboradores vivan un espacio laboral inclusivo y respetuoso.<\/p>\n\n\n\n\n\n<p><strong>Se dice que muchas marcas utilizan este mes m\u00e1s como una estrategia de marketing que como realmente un compromiso social, no es as\u00ed en el caso de C&amp;A, \u00bfqu\u00e9 acciones promueven a lo largo del a\u00f1o para reafirmar su compromiso con la comunidad?<br><\/strong><br>Nuestro compromiso con la inclusi\u00f3n y el respeto es permanente, y va desde nuestra oferta de prendas y accesorios para todos los g\u00e9neros y edades hasta la elecci\u00f3n de aliados que pertenecen a la comunidad LGBTIQ+. Desde luego, nos cercioramos de ofrecer espacios de trabajo seguros e incluyentes para todas y todos nuestros colaboradores.\u00a0<\/p>\n\n\n\n<p>Por otra parte, para reforzar estos mensajes en todos nuestros canales y puntos de contacto, este a\u00f1o llevamos a tiendas (entrada, cajas y probadores) el posicionamiento de la marca respecto a la inclusi\u00f3n y el rechazo a cualquier tipo de discriminaci\u00f3n, as\u00ed como tambi\u00e9n a nuestros canales digitales y mediante capacitaciones a colaboradores y staff. De esta forma, seremos claros y enf\u00e1ticos respecto a nuestra postura durante todo el a\u00f1o.\u00a0<\/p>\n\n\n\n<p><strong>Dicen que hay que predicar con el ejemplo, adem\u00e1s de acciones dirigidas a sus clientes, \u00bfC&amp;A tiene pol\u00edticas de inclusi\u00f3n y acciones que fomenten la libertad y seguridad de su personal perteneciente a la comunidad?<\/strong><\/p>\n\n\n\n\n\n<p>Como bien dices, es muy importante llevar ese mensaje de inclusi\u00f3n dentro y fuera de nuestra empresa. Por eso, hemos buscado crear un entorno de no discriminaci\u00f3n para nuestras y nuestros colaboradores en todas las \u00e1reas de&nbsp;<strong>C&amp;A<\/strong>: El centro de distribuci\u00f3n, nuestras oficinas centrales y las tiendas. Nos hemos enfocado desde siempre en que&nbsp;<strong>C&amp;A<\/strong>&nbsp;sea un lugar seguro y c\u00f3modo para que todas las personas, sin importar su sexo, g\u00e9nero, identidad y expresi\u00f3n de g\u00e9nero, puedan prosperar. Dentro de nuestros equipos de liderazgo y gesti\u00f3n contamos con miembros de la comunidad LGBTIQ+ que tienen una amplia trayectoria en la compa\u00f1\u00eda y son testimonios de nuestra cultura inclusiva y respetuosa.&nbsp;<\/p>\n\n\n\n<p>Entre las acciones que hemos instaurado se encuentra nuestra\u00a0<strong>pol\u00edtica de no discriminaci\u00f3n<\/strong>, en ella se establece que la compa\u00f1\u00eda promueve una cultura de diversidad, equidad e inclusi\u00f3n para todas las personas. Adem\u00e1s, se fomenta un ambiente laboral de respeto, una atm\u00f3sfera humana de comunicaci\u00f3n abierta y un lugar de trabajo libre de discriminaci\u00f3n, de acoso sexual y de otras formas de intolerancia y violencia que asegure las buenas relaciones y el cuidado de la integridad tanto de nuestro personal como de nuestros clientes. Gracias a este tipo de esfuerzos, en 2020 fuimos reconocidos por ser uno de los\u00a0<strong>\u201cMejores Lugares para Trabajar LGBT 2021\u201d<\/strong>\u00a0del\u00a0<strong>Programa Global de Equidad Laboral HRC MX<\/strong>, coordinado por Human Rights Campaign y ADIL Diversidad e Inclusi\u00f3n Laboral.<\/p>\n\n\n\n<figure class=\"wp-block-image size-large\"><a href=\"https:\/\/i0.wp.com\/zeromagazinemx.wpcomstaging.com\/wp-content\/uploads\/2022\/02\/fdd8e-94b9c249-5354-4c0c-a3fe-d437b6bd3c62.jpeg?ssl=1\"><img data-recalc-dims=\"1\" decoding=\"async\" src=\"https:\/\/i0.wp.com\/zeromagazinemx.wpcomstaging.com\/wp-content\/uploads\/2022\/02\/fdd8e-94b9c249-5354-4c0c-a3fe-d437b6bd3c62.jpeg?w=1165&#038;ssl=1\" alt=\"\" class=\"wp-image-50498\" \/><\/a><\/figure>\n\n\n\n<p><strong>\u00bfDentro de&nbsp;<\/strong><strong><em>Feel the Love<\/em><\/strong><strong>&nbsp;podemos encontrar prendas que sean amigables con el medio ambiente, como las creadas para&nbsp;<\/strong><strong><em>Wear the Change<\/em><\/strong><strong>?<\/strong><\/p>\n\n\n\n<p>Nuestro compromiso con la sustentabilidad es permanente, y por esa raz\u00f3n, contamos con prendas m\u00e1s sustentables en nuestras tiendas durante todo el a\u00f1o. Adicional a esto, estamos trabajando con nuestros proveedores para generar nuevos procesos que sean m\u00e1s amigables con el medio ambiente y las comunidades en donde se desarrollan. Por \u00faltimo, estamos preparando el lanzamiento de nuestra nueva estrategia de sustentabilidad con objetivos hacia 2025, la cual daremos a conocer pr\u00f3ximamente.\u00a0<\/p>\n\n\n\n\n\n<p><strong>Dentro de esta colecci\u00f3n podemos ver a un personaje que ha causado mucha pol\u00e9mica  respecto a su orientaci\u00f3n sexual, Bob Esponja, \u00bfpor qu\u00e9 lo eligieron a \u00e9l?<\/strong><\/p>\n\n\n\n<p>Bob Esponja es un personaje que lleva m\u00e1s de dos d\u00e9cadas brindando empat\u00eda y diversi\u00f3n. \u00c9l y sus amigos son coloridos, muy\u00a0<em>cool\u00a0<\/em>y no siempre se muestran tal y como son. Por otra parte, Fondo de Bikini es una comunidad en la que todos son diferentes y conviven respetando y celebrando esas diferencias. Cuando la gente piensa en Bob Esponja suele sonre\u00edr, nosotros buscamos transmitir esa alegr\u00eda a trav\u00e9s de nuestros dise\u00f1os y de esta colaboraci\u00f3n.<\/p>\n\n\n\n<p><strong>Una de las acciones m\u00e1s importantes de C&amp;A es la uni\u00f3n con dos asociaciones que trabajan en Pro de la comunidad, \u00bfc\u00f3mo fue el acercamiento con estas asociaciones, c\u00f3mo las escogieron y cu\u00e1l va a ser la forma de trabajar con ellas?<\/strong><\/p>\n\n\n\n<p>Nosotros sabemos que, para generar un cambio m\u00e1s profundo, debemos sumar otro tipo de acciones e iniciativas. Por eso elegimos a la&nbsp;<strong>Fundaci\u00f3n Arco\u00edris&nbsp;<\/strong>y a&nbsp;<strong>It Get\u2019s Better M\u00e9xico<\/strong>. Ambas asociaciones han trabajado mucho por la inclusi\u00f3n en nuestro pa\u00eds, y en el caso de la&nbsp;<strong>Fundaci\u00f3n Arco\u00edris<\/strong>, ofreceremos un donativo para crear un manual y distintas herramientas de comunicaci\u00f3n para el Observatorio de Cr\u00edmenes de Odio. En cuanto a&nbsp;<strong>It Get\u2019s Better M\u00e9xico<\/strong>, nos apoyar\u00e1 con un espacio con conservatorios para nuestros colaboradores, y tambi\u00e9n daremos un donativo para impulsar su estrategia de comunicaci\u00f3n digital. Todo esto est\u00e1 enfocado en potenciar los mensajes de ambas asociaciones.<\/p>\n\n\n\n<figure class=\"wp-block-image size-large\"><a href=\"https:\/\/i0.wp.com\/zeromagazinemx.wpcomstaging.com\/wp-content\/uploads\/2022\/02\/121a6-b37919a0-885a-437e-bfb2-64f7704a5293.jpeg?ssl=1\"><img data-recalc-dims=\"1\" decoding=\"async\" src=\"https:\/\/i0.wp.com\/zeromagazinemx.wpcomstaging.com\/wp-content\/uploads\/2022\/02\/121a6-b37919a0-885a-437e-bfb2-64f7704a5293.jpeg?w=1165&#038;ssl=1\" alt=\"\" class=\"wp-image-50506\" \/><\/a><\/figure>\n\n\n<!--themify_builder_content-->\n<div id=\"themify_builder_content-49945\" data-postid=\"49945\" class=\"themify_builder_content themify_builder_content-49945 themify_builder tf_clear\">\n    <\/div>\n<!--\/themify_builder_content-->\n","protected":false},"excerpt":{"rendered":"<p>Por David Morales. Lleg\u00f3 el Pride, una fiesta en la que todos podemos celebrar nuestra identidad y la que soporte\u2026pero sentirnos orgullosos va m\u00e1s all\u00e1 de una simple fecha o de una celebraci\u00f3n, es llevarlo en cada rinc\u00f3n de nuestra piel y de nuestra vida. Es por eso que algunas marcas se solidarizan con la [&hellip;]<\/p>\n","protected":false},"author":2,"featured_media":49952,"comment_status":"open","ping_status":"open","sticky":false,"template":"","format":"standard","meta":{"_jetpack_memberships_contains_paid_content":false,"footnotes":"","jetpack_publicize_message":"","jetpack_publicize_feature_enabled":true,"jetpack_social_post_already_shared":true,"jetpack_social_options":{"image_generator_settings":{"template":"highway","default_image_id":0,"font":"","enabled":false},"version":2}},"categories":[67],"tags":[658,1739],"class_list":["post-49945","post","type-post","status-publish","format-standard","has-post-thumbnail","hentry","category-moda","tag-ca","tag-love-is-love","has-post-title","has-post-date","has-post-category","has-post-tag","has-post-comment","has-post-author",""],"yoast_head":"<!-- This site is optimized with the Yoast SEO plugin v27.5 - https:\/\/yoast.com\/product\/yoast-seo-wordpress\/ -->\n<title>FEEL THE LOVE - Zero Magazine<\/title>\n<meta name=\"robots\" content=\"index, follow, max-snippet:-1, max-image-preview:large, max-video-preview:-1\" \/>\n<link rel=\"canonical\" href=\"https:\/\/zeromagazine.mx\/index.php\/2021\/06\/26\/f33-7he-70ue\/\" \/>\n<meta property=\"og:locale\" content=\"es_ES\" \/>\n<meta property=\"og:type\" content=\"article\" \/>\n<meta property=\"og:title\" content=\"FEEL THE LOVE - Zero Magazine\" \/>\n<meta property=\"og:description\" content=\"Por David Morales. Lleg\u00f3 el Pride, una fiesta en la que todos podemos celebrar nuestra identidad y la que soporte\u2026pero sentirnos orgullosos va m\u00e1s all\u00e1 de una simple fecha o de una celebraci\u00f3n, es llevarlo en cada rinc\u00f3n de nuestra piel y de nuestra vida. Es por eso que algunas marcas se solidarizan con la [&hellip;]\" \/>\n<meta property=\"og:url\" content=\"https:\/\/zeromagazine.mx\/index.php\/2021\/06\/26\/f33-7he-70ue\/\" \/>\n<meta property=\"og:site_name\" content=\"Zero Magazine\" \/>\n<meta property=\"article:published_time\" content=\"2021-06-26T20:30:00+00:00\" \/>\n<meta name=\"author\" content=\"zeromagazinemx\" \/>\n<meta name=\"twitter:card\" content=\"summary_large_image\" \/>\n<meta name=\"twitter:label1\" content=\"Escrito por\" \/>\n\t<meta name=\"twitter:data1\" content=\"zeromagazinemx\" \/>\n\t<meta name=\"twitter:label2\" content=\"Tiempo de lectura\" \/>\n\t<meta name=\"twitter:data2\" content=\"6 minutos\" \/>\n<script type=\"application\/ld+json\" class=\"yoast-schema-graph\">{\"@context\":\"https:\\\/\\\/schema.org\",\"@graph\":[{\"@type\":\"Article\",\"@id\":\"https:\\\/\\\/zeromagazine.mx\\\/index.php\\\/2021\\\/06\\\/26\\\/f33-7he-70ue\\\/#article\",\"isPartOf\":{\"@id\":\"https:\\\/\\\/zeromagazine.mx\\\/index.php\\\/2021\\\/06\\\/26\\\/f33-7he-70ue\\\/\"},\"author\":{\"name\":\"zeromagazinemx\",\"@id\":\"https:\\\/\\\/zeromagazine.mx\\\/#\\\/schema\\\/person\\\/9aed9f33a7c39af3a348b86d723f7773\"},\"headline\":\"FEEL THE LOVE\",\"datePublished\":\"2021-06-26T20:30:00+00:00\",\"mainEntityOfPage\":{\"@id\":\"https:\\\/\\\/zeromagazine.mx\\\/index.php\\\/2021\\\/06\\\/26\\\/f33-7he-70ue\\\/\"},\"wordCount\":1142,\"commentCount\":0,\"publisher\":{\"@id\":\"https:\\\/\\\/zeromagazine.mx\\\/#organization\"},\"image\":{\"@id\":\"https:\\\/\\\/zeromagazine.mx\\\/index.php\\\/2021\\\/06\\\/26\\\/f33-7he-70ue\\\/#primaryimage\"},\"thumbnailUrl\":\"\",\"keywords\":[\"C&amp;A\",\"love is love\"],\"articleSection\":[\"Moda\"],\"inLanguage\":\"es\",\"potentialAction\":[{\"@type\":\"CommentAction\",\"name\":\"Comment\",\"target\":[\"https:\\\/\\\/zeromagazine.mx\\\/index.php\\\/2021\\\/06\\\/26\\\/f33-7he-70ue\\\/#respond\"]}]},{\"@type\":\"WebPage\",\"@id\":\"https:\\\/\\\/zeromagazine.mx\\\/index.php\\\/2021\\\/06\\\/26\\\/f33-7he-70ue\\\/\",\"url\":\"https:\\\/\\\/zeromagazine.mx\\\/index.php\\\/2021\\\/06\\\/26\\\/f33-7he-70ue\\\/\",\"name\":\"FEEL THE LOVE - Zero Magazine\",\"isPartOf\":{\"@id\":\"https:\\\/\\\/zeromagazine.mx\\\/#website\"},\"primaryImageOfPage\":{\"@id\":\"https:\\\/\\\/zeromagazine.mx\\\/index.php\\\/2021\\\/06\\\/26\\\/f33-7he-70ue\\\/#primaryimage\"},\"image\":{\"@id\":\"https:\\\/\\\/zeromagazine.mx\\\/index.php\\\/2021\\\/06\\\/26\\\/f33-7he-70ue\\\/#primaryimage\"},\"thumbnailUrl\":\"\",\"datePublished\":\"2021-06-26T20:30:00+00:00\",\"breadcrumb\":{\"@id\":\"https:\\\/\\\/zeromagazine.mx\\\/index.php\\\/2021\\\/06\\\/26\\\/f33-7he-70ue\\\/#breadcrumb\"},\"inLanguage\":\"es\",\"potentialAction\":[{\"@type\":\"ReadAction\",\"target\":[\"https:\\\/\\\/zeromagazine.mx\\\/index.php\\\/2021\\\/06\\\/26\\\/f33-7he-70ue\\\/\"]}]},{\"@type\":\"ImageObject\",\"inLanguage\":\"es\",\"@id\":\"https:\\\/\\\/zeromagazine.mx\\\/index.php\\\/2021\\\/06\\\/26\\\/f33-7he-70ue\\\/#primaryimage\",\"url\":\"\",\"contentUrl\":\"\"},{\"@type\":\"BreadcrumbList\",\"@id\":\"https:\\\/\\\/zeromagazine.mx\\\/index.php\\\/2021\\\/06\\\/26\\\/f33-7he-70ue\\\/#breadcrumb\",\"itemListElement\":[{\"@type\":\"ListItem\",\"position\":1,\"name\":\"Portada\",\"item\":\"https:\\\/\\\/zeromagazine.mx\\\/\"},{\"@type\":\"ListItem\",\"position\":2,\"name\":\"FEEL THE LOVE\"}]},{\"@type\":\"WebSite\",\"@id\":\"https:\\\/\\\/zeromagazine.mx\\\/#website\",\"url\":\"https:\\\/\\\/zeromagazine.mx\\\/\",\"name\":\"Zero Magazine\",\"description\":\"\",\"publisher\":{\"@id\":\"https:\\\/\\\/zeromagazine.mx\\\/#organization\"},\"potentialAction\":[{\"@type\":\"SearchAction\",\"target\":{\"@type\":\"EntryPoint\",\"urlTemplate\":\"https:\\\/\\\/zeromagazine.mx\\\/?s={search_term_string}\"},\"query-input\":{\"@type\":\"PropertyValueSpecification\",\"valueRequired\":true,\"valueName\":\"search_term_string\"}}],\"inLanguage\":\"es\"},{\"@type\":\"Organization\",\"@id\":\"https:\\\/\\\/zeromagazine.mx\\\/#organization\",\"name\":\"Zero Magazine\",\"url\":\"https:\\\/\\\/zeromagazine.mx\\\/\",\"logo\":{\"@type\":\"ImageObject\",\"inLanguage\":\"es\",\"@id\":\"https:\\\/\\\/zeromagazine.mx\\\/#\\\/schema\\\/logo\\\/image\\\/\",\"url\":\"https:\\\/\\\/i0.wp.com\\\/zeromagazine.mx\\\/wp-content\\\/uploads\\\/2025\\\/11\\\/1.jpeg?fit=1000%2C1000&ssl=1\",\"contentUrl\":\"https:\\\/\\\/i0.wp.com\\\/zeromagazine.mx\\\/wp-content\\\/uploads\\\/2025\\\/11\\\/1.jpeg?fit=1000%2C1000&ssl=1\",\"width\":1000,\"height\":1000,\"caption\":\"Zero Magazine\"},\"image\":{\"@id\":\"https:\\\/\\\/zeromagazine.mx\\\/#\\\/schema\\\/logo\\\/image\\\/\"},\"sameAs\":[\"https:\\\/\\\/instagram.com\\\/zeromagazinemx\"]},{\"@type\":\"Person\",\"@id\":\"https:\\\/\\\/zeromagazine.mx\\\/#\\\/schema\\\/person\\\/9aed9f33a7c39af3a348b86d723f7773\",\"name\":\"zeromagazinemx\",\"image\":{\"@type\":\"ImageObject\",\"inLanguage\":\"es\",\"@id\":\"https:\\\/\\\/zeromagazine.mx\\\/wp-content\\\/litespeed\\\/avatar\\\/f91dfe5410d5dcb1a576bf8c45983896.jpg?ver=1777571230\",\"url\":\"https:\\\/\\\/zeromagazine.mx\\\/wp-content\\\/litespeed\\\/avatar\\\/f91dfe5410d5dcb1a576bf8c45983896.jpg?ver=1777571230\",\"contentUrl\":\"https:\\\/\\\/zeromagazine.mx\\\/wp-content\\\/litespeed\\\/avatar\\\/f91dfe5410d5dcb1a576bf8c45983896.jpg?ver=1777571230\",\"caption\":\"zeromagazinemx\"},\"url\":\"https:\\\/\\\/zeromagazine.mx\\\/index.php\\\/author\\\/zeromagazinemx\\\/\"}]}<\/script>\n<!-- \/ Yoast SEO plugin. -->","yoast_head_json":{"title":"FEEL THE LOVE - Zero Magazine","robots":{"index":"index","follow":"follow","max-snippet":"max-snippet:-1","max-image-preview":"max-image-preview:large","max-video-preview":"max-video-preview:-1"},"canonical":"https:\/\/zeromagazine.mx\/index.php\/2021\/06\/26\/f33-7he-70ue\/","og_locale":"es_ES","og_type":"article","og_title":"FEEL THE LOVE - Zero Magazine","og_description":"Por David Morales. Lleg\u00f3 el Pride, una fiesta en la que todos podemos celebrar nuestra identidad y la que soporte\u2026pero sentirnos orgullosos va m\u00e1s all\u00e1 de una simple fecha o de una celebraci\u00f3n, es llevarlo en cada rinc\u00f3n de nuestra piel y de nuestra vida. Es por eso que algunas marcas se solidarizan con la [&hellip;]","og_url":"https:\/\/zeromagazine.mx\/index.php\/2021\/06\/26\/f33-7he-70ue\/","og_site_name":"Zero Magazine","article_published_time":"2021-06-26T20:30:00+00:00","author":"zeromagazinemx","twitter_card":"summary_large_image","twitter_misc":{"Escrito por":"zeromagazinemx","Tiempo de lectura":"6 minutos"},"schema":{"@context":"https:\/\/schema.org","@graph":[{"@type":"Article","@id":"https:\/\/zeromagazine.mx\/index.php\/2021\/06\/26\/f33-7he-70ue\/#article","isPartOf":{"@id":"https:\/\/zeromagazine.mx\/index.php\/2021\/06\/26\/f33-7he-70ue\/"},"author":{"name":"zeromagazinemx","@id":"https:\/\/zeromagazine.mx\/#\/schema\/person\/9aed9f33a7c39af3a348b86d723f7773"},"headline":"FEEL THE LOVE","datePublished":"2021-06-26T20:30:00+00:00","mainEntityOfPage":{"@id":"https:\/\/zeromagazine.mx\/index.php\/2021\/06\/26\/f33-7he-70ue\/"},"wordCount":1142,"commentCount":0,"publisher":{"@id":"https:\/\/zeromagazine.mx\/#organization"},"image":{"@id":"https:\/\/zeromagazine.mx\/index.php\/2021\/06\/26\/f33-7he-70ue\/#primaryimage"},"thumbnailUrl":"","keywords":["C&amp;A","love is love"],"articleSection":["Moda"],"inLanguage":"es","potentialAction":[{"@type":"CommentAction","name":"Comment","target":["https:\/\/zeromagazine.mx\/index.php\/2021\/06\/26\/f33-7he-70ue\/#respond"]}]},{"@type":"WebPage","@id":"https:\/\/zeromagazine.mx\/index.php\/2021\/06\/26\/f33-7he-70ue\/","url":"https:\/\/zeromagazine.mx\/index.php\/2021\/06\/26\/f33-7he-70ue\/","name":"FEEL THE LOVE - Zero Magazine","isPartOf":{"@id":"https:\/\/zeromagazine.mx\/#website"},"primaryImageOfPage":{"@id":"https:\/\/zeromagazine.mx\/index.php\/2021\/06\/26\/f33-7he-70ue\/#primaryimage"},"image":{"@id":"https:\/\/zeromagazine.mx\/index.php\/2021\/06\/26\/f33-7he-70ue\/#primaryimage"},"thumbnailUrl":"","datePublished":"2021-06-26T20:30:00+00:00","breadcrumb":{"@id":"https:\/\/zeromagazine.mx\/index.php\/2021\/06\/26\/f33-7he-70ue\/#breadcrumb"},"inLanguage":"es","potentialAction":[{"@type":"ReadAction","target":["https:\/\/zeromagazine.mx\/index.php\/2021\/06\/26\/f33-7he-70ue\/"]}]},{"@type":"ImageObject","inLanguage":"es","@id":"https:\/\/zeromagazine.mx\/index.php\/2021\/06\/26\/f33-7he-70ue\/#primaryimage","url":"","contentUrl":""},{"@type":"BreadcrumbList","@id":"https:\/\/zeromagazine.mx\/index.php\/2021\/06\/26\/f33-7he-70ue\/#breadcrumb","itemListElement":[{"@type":"ListItem","position":1,"name":"Portada","item":"https:\/\/zeromagazine.mx\/"},{"@type":"ListItem","position":2,"name":"FEEL THE LOVE"}]},{"@type":"WebSite","@id":"https:\/\/zeromagazine.mx\/#website","url":"https:\/\/zeromagazine.mx\/","name":"Zero Magazine","description":"","publisher":{"@id":"https:\/\/zeromagazine.mx\/#organization"},"potentialAction":[{"@type":"SearchAction","target":{"@type":"EntryPoint","urlTemplate":"https:\/\/zeromagazine.mx\/?s={search_term_string}"},"query-input":{"@type":"PropertyValueSpecification","valueRequired":true,"valueName":"search_term_string"}}],"inLanguage":"es"},{"@type":"Organization","@id":"https:\/\/zeromagazine.mx\/#organization","name":"Zero Magazine","url":"https:\/\/zeromagazine.mx\/","logo":{"@type":"ImageObject","inLanguage":"es","@id":"https:\/\/zeromagazine.mx\/#\/schema\/logo\/image\/","url":"https:\/\/i0.wp.com\/zeromagazine.mx\/wp-content\/uploads\/2025\/11\/1.jpeg?fit=1000%2C1000&ssl=1","contentUrl":"https:\/\/i0.wp.com\/zeromagazine.mx\/wp-content\/uploads\/2025\/11\/1.jpeg?fit=1000%2C1000&ssl=1","width":1000,"height":1000,"caption":"Zero Magazine"},"image":{"@id":"https:\/\/zeromagazine.mx\/#\/schema\/logo\/image\/"},"sameAs":["https:\/\/instagram.com\/zeromagazinemx"]},{"@type":"Person","@id":"https:\/\/zeromagazine.mx\/#\/schema\/person\/9aed9f33a7c39af3a348b86d723f7773","name":"zeromagazinemx","image":{"@type":"ImageObject","inLanguage":"es","@id":"https:\/\/zeromagazine.mx\/wp-content\/litespeed\/avatar\/f91dfe5410d5dcb1a576bf8c45983896.jpg?ver=1777571230","url":"https:\/\/zeromagazine.mx\/wp-content\/litespeed\/avatar\/f91dfe5410d5dcb1a576bf8c45983896.jpg?ver=1777571230","contentUrl":"https:\/\/zeromagazine.mx\/wp-content\/litespeed\/avatar\/f91dfe5410d5dcb1a576bf8c45983896.jpg?ver=1777571230","caption":"zeromagazinemx"},"url":"https:\/\/zeromagazine.mx\/index.php\/author\/zeromagazinemx\/"}]}},"jetpack_publicize_connections":[],"jetpack_featured_media_url":"","jetpack-related-posts":[{"id":76731,"url":"https:\/\/zeromagazine.mx\/index.php\/2024\/05\/30\/calvin-klein-celebra-el-amor-y-el-orgullo\/","url_meta":{"origin":49945,"position":0},"title":"Calvin Klein Celebra el Amor y el Orgullo","author":"zeromagazinemx","date":"30 de mayo de 2024","format":false,"excerpt":"La nueva campa\u00f1a de Calvin Klein est\u00e1 que arde. Este a\u00f1o, la marca lanz\u00f3 su campa\u00f1a 2024 \"This Is Love\" protagonizada por Cara Delevingne y Jeremy Pope. Y d\u00e9jenme decirles, es todo un espect\u00e1culo de amor y orgullo. Adem\u00e1s, echando un vistazo m\u00e1s de cerca, las fotos de la campa\u00f1a\u2026","rel":"","context":"En \u00abModa\u00bb","block_context":{"text":"Moda","link":"https:\/\/zeromagazine.mx\/index.php\/category\/moda\/"},"img":{"alt_text":"","src":"https:\/\/i0.wp.com\/zeromagazine.mx\/wp-content\/uploads\/2024\/05\/S24_PRIDE_PR_logo_1080x1350_8.jpg?fit=1200%2C960&ssl=1&resize=350%2C200","width":350,"height":200,"srcset":"https:\/\/i0.wp.com\/zeromagazine.mx\/wp-content\/uploads\/2024\/05\/S24_PRIDE_PR_logo_1080x1350_8.jpg?fit=1200%2C960&ssl=1&resize=350%2C200 1x, https:\/\/i0.wp.com\/zeromagazine.mx\/wp-content\/uploads\/2024\/05\/S24_PRIDE_PR_logo_1080x1350_8.jpg?fit=1200%2C960&ssl=1&resize=525%2C300 1.5x, https:\/\/i0.wp.com\/zeromagazine.mx\/wp-content\/uploads\/2024\/05\/S24_PRIDE_PR_logo_1080x1350_8.jpg?fit=1200%2C960&ssl=1&resize=700%2C400 2x, https:\/\/i0.wp.com\/zeromagazine.mx\/wp-content\/uploads\/2024\/05\/S24_PRIDE_PR_logo_1080x1350_8.jpg?fit=1200%2C960&ssl=1&resize=1050%2C600 3x"},"classes":[]},{"id":109265,"url":"https:\/\/zeromagazine.mx\/index.php\/2025\/10\/08\/seasons-love-your-skin-revolucion-mexicana\/","url_meta":{"origin":49945,"position":1},"title":"Seasons Love Your Skin: revoluci\u00f3n mexicana del skincare","author":"zeromagazinemx","date":"8 de octubre de 2025","format":false,"excerpt":"El skincare acaba de tener su glow up m\u00e1s emocionante y, s\u00ed, viene desde M\u00e9xico. Seasons Love Your Skin est\u00e1 redefiniendo lo que significa cuidar la piel latina: f\u00f3rmulas inteligentes, ingredientes naturales y texturas que no se sienten pesadas ni en el calor m\u00e1s intenso. Porque cuidar tu piel tambi\u00e9n\u2026","rel":"","context":"En \u00abBeauty\u00bb","block_context":{"text":"Beauty","link":"https:\/\/zeromagazine.mx\/index.php\/category\/beauty\/"},"img":{"alt_text":"","src":"https:\/\/i0.wp.com\/zeromagazine.mx\/wp-content\/uploads\/2025\/10\/Foto_Institucional5.jpg?fit=1160%2C1200&ssl=1&resize=350%2C200","width":350,"height":200,"srcset":"https:\/\/i0.wp.com\/zeromagazine.mx\/wp-content\/uploads\/2025\/10\/Foto_Institucional5.jpg?fit=1160%2C1200&ssl=1&resize=350%2C200 1x, https:\/\/i0.wp.com\/zeromagazine.mx\/wp-content\/uploads\/2025\/10\/Foto_Institucional5.jpg?fit=1160%2C1200&ssl=1&resize=525%2C300 1.5x, https:\/\/i0.wp.com\/zeromagazine.mx\/wp-content\/uploads\/2025\/10\/Foto_Institucional5.jpg?fit=1160%2C1200&ssl=1&resize=700%2C400 2x, https:\/\/i0.wp.com\/zeromagazine.mx\/wp-content\/uploads\/2025\/10\/Foto_Institucional5.jpg?fit=1160%2C1200&ssl=1&resize=1050%2C600 3x"},"classes":[]},{"id":106082,"url":"https:\/\/zeromagazine.mx\/index.php\/2025\/06\/17\/love-for-all-de-ae-es-el-pride-que-se-lleva-puesto\/","url_meta":{"origin":49945,"position":2},"title":"Love for All de AE es el Pride que se lleva puesto","author":"David Morales","date":"17 de junio de 2025","format":false,"excerpt":"Amix, ya lleg\u00f3 junio y obvio estamos en modo arco\u00edris ON. Pero m\u00e1s all\u00e1 del glitter y las fotos en el Z\u00f3calo, este mes va de resistir, existir y expresarnos como somos. Por eso, si quieres un look que diga \u201caqu\u00ed estoy\u201d sin tener que gritarlo, pues te traigo todo\u2026","rel":"","context":"En \u00abModa\u00bb","block_context":{"text":"Moda","link":"https:\/\/zeromagazine.mx\/index.php\/category\/moda\/"},"img":{"alt_text":"","src":"https:\/\/i0.wp.com\/zeromagazine.mx\/wp-content\/uploads\/2025\/06\/BUTTON-UP-SHIRT-3.webp?fit=937%2C1200&ssl=1&resize=350%2C200","width":350,"height":200,"srcset":"https:\/\/i0.wp.com\/zeromagazine.mx\/wp-content\/uploads\/2025\/06\/BUTTON-UP-SHIRT-3.webp?fit=937%2C1200&ssl=1&resize=350%2C200 1x, https:\/\/i0.wp.com\/zeromagazine.mx\/wp-content\/uploads\/2025\/06\/BUTTON-UP-SHIRT-3.webp?fit=937%2C1200&ssl=1&resize=525%2C300 1.5x, https:\/\/i0.wp.com\/zeromagazine.mx\/wp-content\/uploads\/2025\/06\/BUTTON-UP-SHIRT-3.webp?fit=937%2C1200&ssl=1&resize=700%2C400 2x"},"classes":[]},{"id":117355,"url":"https:\/\/zeromagazine.mx\/index.php\/2026\/03\/26\/love-the-90s-festival-cdmx\/","url_meta":{"origin":49945,"position":3},"title":"LOVE THE 90&#8217;s: EL FESTIVAL QUE LLEV\u00d3 A LA ARENA CDMX DIRECTO A REVIVIR LA MEJOR \u00c9POCA DEL MUNDO","author":"David Morales","date":"26 de marzo de 2026","format":false,"excerpt":"La noche en la\u00a0Arena CDMX\u00a0no fue cualquier evento: fue un viaje directo al pasado donde la m\u00fasica, la energ\u00eda y la emoci\u00f3n se alinearon para crear una experiencia que se sinti\u00f3 tan intensa como inesperada. El fen\u00f3meno de\u00a0Love the 90s no solo reuni\u00f3 a miles de personas, tambi\u00e9n confirm\u00f3 que\u2026","rel":"","context":"En \u00abConcierto\u00bb","block_context":{"text":"Concierto","link":"https:\/\/zeromagazine.mx\/index.php\/category\/concierto\/"},"img":{"alt_text":"","src":"https:\/\/i0.wp.com\/zeromagazine.mx\/wp-content\/uploads\/2026\/03\/IMG_1869.jpeg?fit=1200%2C649&ssl=1&resize=350%2C200","width":350,"height":200,"srcset":"https:\/\/i0.wp.com\/zeromagazine.mx\/wp-content\/uploads\/2026\/03\/IMG_1869.jpeg?fit=1200%2C649&ssl=1&resize=350%2C200 1x, https:\/\/i0.wp.com\/zeromagazine.mx\/wp-content\/uploads\/2026\/03\/IMG_1869.jpeg?fit=1200%2C649&ssl=1&resize=525%2C300 1.5x, https:\/\/i0.wp.com\/zeromagazine.mx\/wp-content\/uploads\/2026\/03\/IMG_1869.jpeg?fit=1200%2C649&ssl=1&resize=700%2C400 2x, https:\/\/i0.wp.com\/zeromagazine.mx\/wp-content\/uploads\/2026\/03\/IMG_1869.jpeg?fit=1200%2C649&ssl=1&resize=1050%2C600 3x"},"classes":[]},{"id":101687,"url":"https:\/\/zeromagazine.mx\/index.php\/2025\/03\/01\/be-love-con-winona\/","url_meta":{"origin":49945,"position":4},"title":"BE LOVE Con Winona","author":"David Morales","date":"1 de marzo de 2025","format":false,"excerpt":"Amix, no s\u00e9 ustedes, pero yo siempre he sentido que un buen accesorio dice m\u00e1s que mil palabras. Y ahora, Pandora lo deja clar\u00edsimo con su nueva campa\u00f1a Be Love, protagonizada por la ic\u00f3nica Winona Ryder \u2014s\u00ed, la misma leyenda de \u201cStranger Things\u201d y nuestros sue\u00f1os noventeros. El amor en\u2026","rel":"","context":"En \u00abModa\u00bb","block_context":{"text":"Moda","link":"https:\/\/zeromagazine.mx\/index.php\/category\/moda\/"},"img":{"alt_text":"","src":"https:\/\/i0.wp.com\/zeromagazine.mx\/wp-content\/uploads\/2025\/04\/Captura-de-pantalla-2025-04-15-180141.png?fit=607%2C405&ssl=1&resize=350%2C200","width":350,"height":200,"srcset":"https:\/\/i0.wp.com\/zeromagazine.mx\/wp-content\/uploads\/2025\/04\/Captura-de-pantalla-2025-04-15-180141.png?fit=607%2C405&ssl=1&resize=350%2C200 1x, https:\/\/i0.wp.com\/zeromagazine.mx\/wp-content\/uploads\/2025\/04\/Captura-de-pantalla-2025-04-15-180141.png?fit=607%2C405&ssl=1&resize=525%2C300 1.5x"},"classes":[]},{"id":70690,"url":"https:\/\/zeromagazine.mx\/index.php\/2024\/02\/16\/descubre-el-encanto-de-potion-love-con-la-nueva-propuesta-de-cassava-roots\/","url_meta":{"origin":49945,"position":5},"title":"Descubre el Encanto de \u00abPotion Love\u00bb con la Nueva Propuesta de Cassava Roots","author":"zeromagazinemx","date":"16 de febrero de 2024","format":false,"excerpt":"\u00a1Al fin lleg\u00f3 el momento! \u00bfYa vieron la \u00faltima publicaci\u00f3n de Cassava Roots en sus redes sociales? \u00a1Est\u00e1n estrenando una bebida de temporada llamada \"Potion Love\"! Pero, \u00bfqu\u00e9 onda con esta nueva creaci\u00f3n? Bueno, les cuento que es algo completamente fuera de lo com\u00fan. Es como si le echaran un\u2026","rel":"","context":"En \u00abFoodie\u00bb","block_context":{"text":"Foodie","link":"https:\/\/zeromagazine.mx\/index.php\/category\/lifestyle\/foodie\/"},"img":{"alt_text":"","src":"https:\/\/i0.wp.com\/zeromagazine.mx\/wp-content\/uploads\/2024\/02\/cassava3.jpeg?fit=1170%2C1101&ssl=1&resize=350%2C200","width":350,"height":200,"srcset":"https:\/\/i0.wp.com\/zeromagazine.mx\/wp-content\/uploads\/2024\/02\/cassava3.jpeg?fit=1170%2C1101&ssl=1&resize=350%2C200 1x, https:\/\/i0.wp.com\/zeromagazine.mx\/wp-content\/uploads\/2024\/02\/cassava3.jpeg?fit=1170%2C1101&ssl=1&resize=525%2C300 1.5x, https:\/\/i0.wp.com\/zeromagazine.mx\/wp-content\/uploads\/2024\/02\/cassava3.jpeg?fit=1170%2C1101&ssl=1&resize=700%2C400 2x, https:\/\/i0.wp.com\/zeromagazine.mx\/wp-content\/uploads\/2024\/02\/cassava3.jpeg?fit=1170%2C1101&ssl=1&resize=1050%2C600 3x"},"classes":[]}],"jetpack_sharing_enabled":true,"builder_content":"","_links":{"self":[{"href":"https:\/\/zeromagazine.mx\/index.php\/wp-json\/wp\/v2\/posts\/49945","targetHints":{"allow":["GET"]}}],"collection":[{"href":"https:\/\/zeromagazine.mx\/index.php\/wp-json\/wp\/v2\/posts"}],"about":[{"href":"https:\/\/zeromagazine.mx\/index.php\/wp-json\/wp\/v2\/types\/post"}],"author":[{"embeddable":true,"href":"https:\/\/zeromagazine.mx\/index.php\/wp-json\/wp\/v2\/users\/2"}],"replies":[{"embeddable":true,"href":"https:\/\/zeromagazine.mx\/index.php\/wp-json\/wp\/v2\/comments?post=49945"}],"version-history":[{"count":0,"href":"https:\/\/zeromagazine.mx\/index.php\/wp-json\/wp\/v2\/posts\/49945\/revisions"}],"wp:featuredmedia":[{"embeddable":true,"href":"https:\/\/zeromagazine.mx\/index.php\/wp-json\/"}],"wp:attachment":[{"href":"https:\/\/zeromagazine.mx\/index.php\/wp-json\/wp\/v2\/media?parent=49945"}],"wp:term":[{"taxonomy":"category","embeddable":true,"href":"https:\/\/zeromagazine.mx\/index.php\/wp-json\/wp\/v2\/categories?post=49945"},{"taxonomy":"post_tag","embeddable":true,"href":"https:\/\/zeromagazine.mx\/index.php\/wp-json\/wp\/v2\/tags?post=49945"}],"curies":[{"name":"wp","href":"https:\/\/api.w.org\/{rel}","templated":true}]}}