{"id":50218,"date":"2021-07-15T14:00:00","date_gmt":"2021-07-15T19:00:00","guid":{"rendered":"https:\/\/atomic-temporary-84115225.wpcomstaging.com\/?p=50218"},"modified":"2021-07-15T14:00:00","modified_gmt":"2021-07-15T19:00:00","slug":"comienzan-las-grabaciones-de-tierra-incognita","status":"publish","type":"post","link":"https:\/\/zeromagazine.mx\/index.php\/2021\/07\/15\/comienzan-las-grabaciones-de-tierra-incognita\/","title":{"rendered":"Comienzan las grabaciones de \u201cTierra Inc\u00f3gnita\u201d"},"content":{"rendered":"\n<p>La nueva historia de terror y misterio comienza su producci\u00f3n en Latinoam\u00e9rica por<strong> Disney+<\/strong>.<\/p>\n\n\n\n<div class=\"wp-block-buttons is-layout-flex wp-block-buttons-is-layout-flex\">\n<div class=\"wp-block-button is-style-outline is-style-outline--1\"><a class=\"wp-block-button__link\">Por Mayra Torres<\/a><\/div>\n<\/div>\n\n\n\n<p>La nueva historia llegar\u00e1 al servicio de streaming de <strong>Disney <\/strong>en 2022, <strong>Tierra Inc\u00f3gnita<\/strong> est\u00e1 siendo grabada en locaciones de Argentina, en la que se destaca un impresionante set de parque de diversiones.\u00a0<\/p>\n\n\n\n<p>La historia est\u00e1 protagonizada por <strong>Pedro Maurizi, Mora Fisz, Tomas Kirzner, Carla Pandolfi, Ver\u00f3nica Intile, Ezequiel Rodr\u00edguez, Osmar N\u00fa\u00f1ez, Silvia Kutika, Thomas Lepera, Azucena Zhou<\/strong> y <strong>Lautaro Delgado Tymruk<\/strong>, y dirigida por <strong>Sebasti\u00e1n Pivotto<\/strong>.<\/p>\n\n\n\n<figure class=\"wp-block-embed aligncenter is-type-video is-provider-youtube wp-block-embed-youtube wp-embed-aspect-16-9 wp-has-aspect-ratio\"><div class=\"wp-block-embed__wrapper\">\n<div class=\"post-video\"><iframe title=\"Tierra Inc\u00f3gnita | Anuncio | Disney+\" width=\"1165\" height=\"655\" src=\"https:\/\/www.youtube.com\/embed\/aGxmsoV-TTw?feature=oembed\" frameborder=\"0\" allow=\"accelerometer; autoplay; clipboard-write; encrypted-media; gyroscope; picture-in-picture; web-share\" allowfullscreen><\/iframe><\/div>\n<\/div><\/figure>\n\n\n\n\n\n<p><strong>Tierra Inc\u00f3gnita <\/strong>estar\u00e1 compuesta de ocho episodios de 30 minutos de duraci\u00f3n y seguir\u00e1 los pasos de <em>Eric Dalaras<\/em>\u00a0(<strong>Pedro Maurizi<\/strong>), un adolescente que descubre un mundo escalofriante mientras busca la verdad detr\u00e1s de la misteriosa desaparici\u00f3n de sus padres ocurrida ocho a\u00f1os atr\u00e1s. Criado por sus abuelos maternos junto a su hermana\u00a0<em>Uma\u00a0<\/em>(<strong>Mora<\/strong>\u00a0<strong>Fisz<\/strong>), <em>Eric <\/em>decide escapar de su casa y regresar al pueblo de su infancia, <em>Cabo Qwert<\/em>, para encontrar respuestas en el parque de diversiones de terror <strong>Tierra Inc\u00f3gnita<\/strong>, donde sus padres fueron vistos por \u00faltima vez.\u00a0Junto a sus amigos, su hermana y su t\u00eda, <em>Eric <\/em>deber\u00e1 superar sus miedos para resolver el misterio y encontrar respuestas en un universo tan oscuro como desconocido.<\/p>\n\n\n<!--themify_builder_content-->\n<div id=\"themify_builder_content-50218\" data-postid=\"50218\" class=\"themify_builder_content themify_builder_content-50218 themify_builder tf_clear\">\n    <\/div>\n<!--\/themify_builder_content-->\n","protected":false},"excerpt":{"rendered":"<p>La nueva historia de terror y misterio comienza su producci\u00f3n en Latinoam\u00e9rica por Disney+. La nueva historia llegar\u00e1 al servicio de streaming de Disney en 2022, Tierra Inc\u00f3gnita est\u00e1 siendo grabada en locaciones de Argentina, en la que se destaca un impresionante set de parque de diversiones.\u00a0 La historia est\u00e1 protagonizada por Pedro Maurizi, Mora [&hellip;]<\/p>\n","protected":false},"author":2,"featured_media":50221,"comment_status":"open","ping_status":"open","sticky":false,"template":"","format":"standard","meta":{"_jetpack_memberships_contains_paid_content":false,"footnotes":"","jetpack_publicize_message":"#TierraInc\u00f3gnita, la nueva historia de Terror\/Misterio que no te querr\u00e1s perder por Disney+ en un futuro.","jetpack_publicize_feature_enabled":true,"jetpack_social_post_already_shared":true,"jetpack_social_options":{"image_generator_settings":{"template":"highway","default_image_id":0,"font":"","enabled":false},"version":2}},"categories":[117],"tags":[2540,2541,113,116,2542,543,2543,2544,2545,2546,2547,1280,2548,2549,2550,2551,2552],"class_list":["post-50218","post","type-post","status-publish","format-standard","has-post-thumbnail","hentry","category-entretenimiento","tag-azucena-zhou","tag-carla-pandolfi","tag-disney-plus","tag-entretenimiento","tag-ezequiel-rodriguez","tag-latinoamerica","tag-lautaro-delgado-tymruk","tag-mora-fisz","tag-osmar-nunez","tag-pedro-maurizi","tag-sebastian-pivotto","tag-series","tag-silvia-kutika","tag-thomas-lepera","tag-tierra-incognita","tag-tomas-kirzner","tag-veronica-intile","has-post-title","has-post-date","has-post-category","has-post-tag","has-post-comment","has-post-author",""],"yoast_head":"<!-- This site is optimized with the Yoast SEO plugin v27.4 - https:\/\/yoast.com\/product\/yoast-seo-wordpress\/ -->\n<title>Comienzan las grabaciones de \u201cTierra Inc\u00f3gnita\u201d - Zero Magazine<\/title>\n<meta name=\"robots\" content=\"index, follow, max-snippet:-1, max-image-preview:large, max-video-preview:-1\" \/>\n<link rel=\"canonical\" href=\"https:\/\/zeromagazine.mx\/index.php\/2021\/07\/15\/comienzan-las-grabaciones-de-tierra-incognita\/\" \/>\n<meta property=\"og:locale\" content=\"es_ES\" \/>\n<meta property=\"og:type\" content=\"article\" \/>\n<meta property=\"og:title\" content=\"Comienzan las grabaciones de \u201cTierra Inc\u00f3gnita\u201d - Zero Magazine\" \/>\n<meta property=\"og:description\" content=\"La nueva historia de terror y misterio comienza su producci\u00f3n en Latinoam\u00e9rica por Disney+. La nueva historia llegar\u00e1 al servicio de streaming de Disney en 2022, Tierra Inc\u00f3gnita est\u00e1 siendo grabada en locaciones de Argentina, en la que se destaca un impresionante set de parque de diversiones.\u00a0 La historia est\u00e1 protagonizada por Pedro Maurizi, Mora [&hellip;]\" \/>\n<meta property=\"og:url\" content=\"https:\/\/zeromagazine.mx\/index.php\/2021\/07\/15\/comienzan-las-grabaciones-de-tierra-incognita\/\" \/>\n<meta property=\"og:site_name\" content=\"Zero Magazine\" \/>\n<meta property=\"article:published_time\" content=\"2021-07-15T19:00:00+00:00\" \/>\n<meta name=\"author\" content=\"zeromagazinemx\" \/>\n<meta name=\"twitter:card\" content=\"summary_large_image\" \/>\n<meta name=\"twitter:label1\" content=\"Escrito por\" \/>\n\t<meta name=\"twitter:data1\" content=\"zeromagazinemx\" \/>\n\t<meta name=\"twitter:label2\" content=\"Tiempo de lectura\" \/>\n\t<meta name=\"twitter:data2\" content=\"1 minuto\" \/>\n<script type=\"application\/ld+json\" class=\"yoast-schema-graph\">{\"@context\":\"https:\\\/\\\/schema.org\",\"@graph\":[{\"@type\":\"Article\",\"@id\":\"https:\\\/\\\/zeromagazine.mx\\\/index.php\\\/2021\\\/07\\\/15\\\/comienzan-las-grabaciones-de-tierra-incognita\\\/#article\",\"isPartOf\":{\"@id\":\"https:\\\/\\\/zeromagazine.mx\\\/index.php\\\/2021\\\/07\\\/15\\\/comienzan-las-grabaciones-de-tierra-incognita\\\/\"},\"author\":{\"name\":\"zeromagazinemx\",\"@id\":\"https:\\\/\\\/zeromagazine.mx\\\/#\\\/schema\\\/person\\\/9aed9f33a7c39af3a348b86d723f7773\"},\"headline\":\"Comienzan las grabaciones de \u201cTierra Inc\u00f3gnita\u201d\",\"datePublished\":\"2021-07-15T19:00:00+00:00\",\"mainEntityOfPage\":{\"@id\":\"https:\\\/\\\/zeromagazine.mx\\\/index.php\\\/2021\\\/07\\\/15\\\/comienzan-las-grabaciones-de-tierra-incognita\\\/\"},\"wordCount\":230,\"commentCount\":0,\"publisher\":{\"@id\":\"https:\\\/\\\/zeromagazine.mx\\\/#organization\"},\"image\":{\"@id\":\"https:\\\/\\\/zeromagazine.mx\\\/index.php\\\/2021\\\/07\\\/15\\\/comienzan-las-grabaciones-de-tierra-incognita\\\/#primaryimage\"},\"thumbnailUrl\":\"\",\"keywords\":[\"Azucena Zhou\",\"Carla Pandolfi\",\"Disney Plus\",\"Entretenimiento\",\"Ezequiel Rodr\u00edguez\",\"latinoamerica\",\"Lautaro Delgado Tymruk\",\"Mora Fisz\",\"Osmar N\u00fa\u00f1ez\",\"Pedro Maurizi\",\"Sebasti\u00e1n Pivotto\",\"Series\",\"Silvia Kutika\",\"Thomas Lepera\",\"Tierra Inc\u00f3gnita\",\"Tomas Kirzner\",\"Ver\u00f3nica Intile\"],\"articleSection\":[\"Entretenimiento\"],\"inLanguage\":\"es\",\"potentialAction\":[{\"@type\":\"CommentAction\",\"name\":\"Comment\",\"target\":[\"https:\\\/\\\/zeromagazine.mx\\\/index.php\\\/2021\\\/07\\\/15\\\/comienzan-las-grabaciones-de-tierra-incognita\\\/#respond\"]}]},{\"@type\":\"WebPage\",\"@id\":\"https:\\\/\\\/zeromagazine.mx\\\/index.php\\\/2021\\\/07\\\/15\\\/comienzan-las-grabaciones-de-tierra-incognita\\\/\",\"url\":\"https:\\\/\\\/zeromagazine.mx\\\/index.php\\\/2021\\\/07\\\/15\\\/comienzan-las-grabaciones-de-tierra-incognita\\\/\",\"name\":\"Comienzan las grabaciones de \u201cTierra Inc\u00f3gnita\u201d - Zero Magazine\",\"isPartOf\":{\"@id\":\"https:\\\/\\\/zeromagazine.mx\\\/#website\"},\"primaryImageOfPage\":{\"@id\":\"https:\\\/\\\/zeromagazine.mx\\\/index.php\\\/2021\\\/07\\\/15\\\/comienzan-las-grabaciones-de-tierra-incognita\\\/#primaryimage\"},\"image\":{\"@id\":\"https:\\\/\\\/zeromagazine.mx\\\/index.php\\\/2021\\\/07\\\/15\\\/comienzan-las-grabaciones-de-tierra-incognita\\\/#primaryimage\"},\"thumbnailUrl\":\"\",\"datePublished\":\"2021-07-15T19:00:00+00:00\",\"breadcrumb\":{\"@id\":\"https:\\\/\\\/zeromagazine.mx\\\/index.php\\\/2021\\\/07\\\/15\\\/comienzan-las-grabaciones-de-tierra-incognita\\\/#breadcrumb\"},\"inLanguage\":\"es\",\"potentialAction\":[{\"@type\":\"ReadAction\",\"target\":[\"https:\\\/\\\/zeromagazine.mx\\\/index.php\\\/2021\\\/07\\\/15\\\/comienzan-las-grabaciones-de-tierra-incognita\\\/\"]}]},{\"@type\":\"ImageObject\",\"inLanguage\":\"es\",\"@id\":\"https:\\\/\\\/zeromagazine.mx\\\/index.php\\\/2021\\\/07\\\/15\\\/comienzan-las-grabaciones-de-tierra-incognita\\\/#primaryimage\",\"url\":\"\",\"contentUrl\":\"\"},{\"@type\":\"BreadcrumbList\",\"@id\":\"https:\\\/\\\/zeromagazine.mx\\\/index.php\\\/2021\\\/07\\\/15\\\/comienzan-las-grabaciones-de-tierra-incognita\\\/#breadcrumb\",\"itemListElement\":[{\"@type\":\"ListItem\",\"position\":1,\"name\":\"Portada\",\"item\":\"https:\\\/\\\/zeromagazine.mx\\\/\"},{\"@type\":\"ListItem\",\"position\":2,\"name\":\"Comienzan las grabaciones de \u201cTierra Inc\u00f3gnita\u201d\"}]},{\"@type\":\"WebSite\",\"@id\":\"https:\\\/\\\/zeromagazine.mx\\\/#website\",\"url\":\"https:\\\/\\\/zeromagazine.mx\\\/\",\"name\":\"Zero Magazine\",\"description\":\"\",\"publisher\":{\"@id\":\"https:\\\/\\\/zeromagazine.mx\\\/#organization\"},\"potentialAction\":[{\"@type\":\"SearchAction\",\"target\":{\"@type\":\"EntryPoint\",\"urlTemplate\":\"https:\\\/\\\/zeromagazine.mx\\\/?s={search_term_string}\"},\"query-input\":{\"@type\":\"PropertyValueSpecification\",\"valueRequired\":true,\"valueName\":\"search_term_string\"}}],\"inLanguage\":\"es\"},{\"@type\":\"Organization\",\"@id\":\"https:\\\/\\\/zeromagazine.mx\\\/#organization\",\"name\":\"Zero Magazine\",\"url\":\"https:\\\/\\\/zeromagazine.mx\\\/\",\"logo\":{\"@type\":\"ImageObject\",\"inLanguage\":\"es\",\"@id\":\"https:\\\/\\\/zeromagazine.mx\\\/#\\\/schema\\\/logo\\\/image\\\/\",\"url\":\"https:\\\/\\\/i0.wp.com\\\/zeromagazine.mx\\\/wp-content\\\/uploads\\\/2025\\\/11\\\/1.jpeg?fit=1000%2C1000&ssl=1\",\"contentUrl\":\"https:\\\/\\\/i0.wp.com\\\/zeromagazine.mx\\\/wp-content\\\/uploads\\\/2025\\\/11\\\/1.jpeg?fit=1000%2C1000&ssl=1\",\"width\":1000,\"height\":1000,\"caption\":\"Zero Magazine\"},\"image\":{\"@id\":\"https:\\\/\\\/zeromagazine.mx\\\/#\\\/schema\\\/logo\\\/image\\\/\"},\"sameAs\":[\"https:\\\/\\\/instagram.com\\\/zeromagazinemx\"]},{\"@type\":\"Person\",\"@id\":\"https:\\\/\\\/zeromagazine.mx\\\/#\\\/schema\\\/person\\\/9aed9f33a7c39af3a348b86d723f7773\",\"name\":\"zeromagazinemx\",\"image\":{\"@type\":\"ImageObject\",\"inLanguage\":\"es\",\"@id\":\"https:\\\/\\\/zeromagazine.mx\\\/wp-content\\\/litespeed\\\/avatar\\\/f91dfe5410d5dcb1a576bf8c45983896.jpg?ver=1776966396\",\"url\":\"https:\\\/\\\/zeromagazine.mx\\\/wp-content\\\/litespeed\\\/avatar\\\/f91dfe5410d5dcb1a576bf8c45983896.jpg?ver=1776966396\",\"contentUrl\":\"https:\\\/\\\/zeromagazine.mx\\\/wp-content\\\/litespeed\\\/avatar\\\/f91dfe5410d5dcb1a576bf8c45983896.jpg?ver=1776966396\",\"caption\":\"zeromagazinemx\"},\"url\":\"https:\\\/\\\/zeromagazine.mx\\\/index.php\\\/author\\\/zeromagazinemx\\\/\"}]}<\/script>\n<!-- \/ Yoast SEO plugin. -->","yoast_head_json":{"title":"Comienzan las grabaciones de \u201cTierra Inc\u00f3gnita\u201d - Zero Magazine","robots":{"index":"index","follow":"follow","max-snippet":"max-snippet:-1","max-image-preview":"max-image-preview:large","max-video-preview":"max-video-preview:-1"},"canonical":"https:\/\/zeromagazine.mx\/index.php\/2021\/07\/15\/comienzan-las-grabaciones-de-tierra-incognita\/","og_locale":"es_ES","og_type":"article","og_title":"Comienzan las grabaciones de \u201cTierra Inc\u00f3gnita\u201d - Zero Magazine","og_description":"La nueva historia de terror y misterio comienza su producci\u00f3n en Latinoam\u00e9rica por Disney+. La nueva historia llegar\u00e1 al servicio de streaming de Disney en 2022, Tierra Inc\u00f3gnita est\u00e1 siendo grabada en locaciones de Argentina, en la que se destaca un impresionante set de parque de diversiones.\u00a0 La historia est\u00e1 protagonizada por Pedro Maurizi, Mora [&hellip;]","og_url":"https:\/\/zeromagazine.mx\/index.php\/2021\/07\/15\/comienzan-las-grabaciones-de-tierra-incognita\/","og_site_name":"Zero Magazine","article_published_time":"2021-07-15T19:00:00+00:00","author":"zeromagazinemx","twitter_card":"summary_large_image","twitter_misc":{"Escrito por":"zeromagazinemx","Tiempo de lectura":"1 minuto"},"schema":{"@context":"https:\/\/schema.org","@graph":[{"@type":"Article","@id":"https:\/\/zeromagazine.mx\/index.php\/2021\/07\/15\/comienzan-las-grabaciones-de-tierra-incognita\/#article","isPartOf":{"@id":"https:\/\/zeromagazine.mx\/index.php\/2021\/07\/15\/comienzan-las-grabaciones-de-tierra-incognita\/"},"author":{"name":"zeromagazinemx","@id":"https:\/\/zeromagazine.mx\/#\/schema\/person\/9aed9f33a7c39af3a348b86d723f7773"},"headline":"Comienzan las grabaciones de \u201cTierra Inc\u00f3gnita\u201d","datePublished":"2021-07-15T19:00:00+00:00","mainEntityOfPage":{"@id":"https:\/\/zeromagazine.mx\/index.php\/2021\/07\/15\/comienzan-las-grabaciones-de-tierra-incognita\/"},"wordCount":230,"commentCount":0,"publisher":{"@id":"https:\/\/zeromagazine.mx\/#organization"},"image":{"@id":"https:\/\/zeromagazine.mx\/index.php\/2021\/07\/15\/comienzan-las-grabaciones-de-tierra-incognita\/#primaryimage"},"thumbnailUrl":"","keywords":["Azucena Zhou","Carla Pandolfi","Disney Plus","Entretenimiento","Ezequiel Rodr\u00edguez","latinoamerica","Lautaro Delgado Tymruk","Mora Fisz","Osmar N\u00fa\u00f1ez","Pedro Maurizi","Sebasti\u00e1n Pivotto","Series","Silvia Kutika","Thomas Lepera","Tierra Inc\u00f3gnita","Tomas Kirzner","Ver\u00f3nica Intile"],"articleSection":["Entretenimiento"],"inLanguage":"es","potentialAction":[{"@type":"CommentAction","name":"Comment","target":["https:\/\/zeromagazine.mx\/index.php\/2021\/07\/15\/comienzan-las-grabaciones-de-tierra-incognita\/#respond"]}]},{"@type":"WebPage","@id":"https:\/\/zeromagazine.mx\/index.php\/2021\/07\/15\/comienzan-las-grabaciones-de-tierra-incognita\/","url":"https:\/\/zeromagazine.mx\/index.php\/2021\/07\/15\/comienzan-las-grabaciones-de-tierra-incognita\/","name":"Comienzan las grabaciones de \u201cTierra Inc\u00f3gnita\u201d - Zero Magazine","isPartOf":{"@id":"https:\/\/zeromagazine.mx\/#website"},"primaryImageOfPage":{"@id":"https:\/\/zeromagazine.mx\/index.php\/2021\/07\/15\/comienzan-las-grabaciones-de-tierra-incognita\/#primaryimage"},"image":{"@id":"https:\/\/zeromagazine.mx\/index.php\/2021\/07\/15\/comienzan-las-grabaciones-de-tierra-incognita\/#primaryimage"},"thumbnailUrl":"","datePublished":"2021-07-15T19:00:00+00:00","breadcrumb":{"@id":"https:\/\/zeromagazine.mx\/index.php\/2021\/07\/15\/comienzan-las-grabaciones-de-tierra-incognita\/#breadcrumb"},"inLanguage":"es","potentialAction":[{"@type":"ReadAction","target":["https:\/\/zeromagazine.mx\/index.php\/2021\/07\/15\/comienzan-las-grabaciones-de-tierra-incognita\/"]}]},{"@type":"ImageObject","inLanguage":"es","@id":"https:\/\/zeromagazine.mx\/index.php\/2021\/07\/15\/comienzan-las-grabaciones-de-tierra-incognita\/#primaryimage","url":"","contentUrl":""},{"@type":"BreadcrumbList","@id":"https:\/\/zeromagazine.mx\/index.php\/2021\/07\/15\/comienzan-las-grabaciones-de-tierra-incognita\/#breadcrumb","itemListElement":[{"@type":"ListItem","position":1,"name":"Portada","item":"https:\/\/zeromagazine.mx\/"},{"@type":"ListItem","position":2,"name":"Comienzan las grabaciones de \u201cTierra Inc\u00f3gnita\u201d"}]},{"@type":"WebSite","@id":"https:\/\/zeromagazine.mx\/#website","url":"https:\/\/zeromagazine.mx\/","name":"Zero Magazine","description":"","publisher":{"@id":"https:\/\/zeromagazine.mx\/#organization"},"potentialAction":[{"@type":"SearchAction","target":{"@type":"EntryPoint","urlTemplate":"https:\/\/zeromagazine.mx\/?s={search_term_string}"},"query-input":{"@type":"PropertyValueSpecification","valueRequired":true,"valueName":"search_term_string"}}],"inLanguage":"es"},{"@type":"Organization","@id":"https:\/\/zeromagazine.mx\/#organization","name":"Zero Magazine","url":"https:\/\/zeromagazine.mx\/","logo":{"@type":"ImageObject","inLanguage":"es","@id":"https:\/\/zeromagazine.mx\/#\/schema\/logo\/image\/","url":"https:\/\/i0.wp.com\/zeromagazine.mx\/wp-content\/uploads\/2025\/11\/1.jpeg?fit=1000%2C1000&ssl=1","contentUrl":"https:\/\/i0.wp.com\/zeromagazine.mx\/wp-content\/uploads\/2025\/11\/1.jpeg?fit=1000%2C1000&ssl=1","width":1000,"height":1000,"caption":"Zero Magazine"},"image":{"@id":"https:\/\/zeromagazine.mx\/#\/schema\/logo\/image\/"},"sameAs":["https:\/\/instagram.com\/zeromagazinemx"]},{"@type":"Person","@id":"https:\/\/zeromagazine.mx\/#\/schema\/person\/9aed9f33a7c39af3a348b86d723f7773","name":"zeromagazinemx","image":{"@type":"ImageObject","inLanguage":"es","@id":"https:\/\/zeromagazine.mx\/wp-content\/litespeed\/avatar\/f91dfe5410d5dcb1a576bf8c45983896.jpg?ver=1776966396","url":"https:\/\/zeromagazine.mx\/wp-content\/litespeed\/avatar\/f91dfe5410d5dcb1a576bf8c45983896.jpg?ver=1776966396","contentUrl":"https:\/\/zeromagazine.mx\/wp-content\/litespeed\/avatar\/f91dfe5410d5dcb1a576bf8c45983896.jpg?ver=1776966396","caption":"zeromagazinemx"},"url":"https:\/\/zeromagazine.mx\/index.php\/author\/zeromagazinemx\/"}]}},"jetpack_publicize_connections":[],"jetpack_featured_media_url":"","jetpack-related-posts":[{"id":49305,"url":"https:\/\/zeromagazine.mx\/index.php\/2021\/07\/03\/en-el-marco-del-mes-del-orgullo-high-school-musical-el-musical-la-serie-presento-una-celebracion-muy-especial\/","url_meta":{"origin":50218,"position":0},"title":"En el marco del Mes del Orgullo, High School Musical: El Musical, la serie present\u00f3 una celebraci\u00f3n muy especial","author":"zeromagazinemx","date":"3 de julio de 2021","format":false,"excerpt":"El mundo entero celebra en Junio el Mes del Orgullo, una conmemoraci\u00f3n en torno al D\u00eda Internacional del Orgullo (29 de Junio) y Disney se uni\u00f3 a este movimiento. Por Moises Kushelevich Disney+ emiti\u00f3 un episodio de High School Musical: El Musical: La serie, en donde los chicos de East\u2026","rel":"","context":"En \u00abEntretenimiento\u00bb","block_context":{"text":"Entretenimiento","link":"https:\/\/zeromagazine.mx\/index.php\/category\/entretenimiento\/"},"img":{"alt_text":"","src":"https:\/\/i0.wp.com\/zeromagazine.mx\/wp-content\/uploads\/2022\/02\/63cfe-image012.png?fit=555%2C448&ssl=1&resize=350%2C200","width":350,"height":200,"srcset":"https:\/\/i0.wp.com\/zeromagazine.mx\/wp-content\/uploads\/2022\/02\/63cfe-image012.png?fit=555%2C448&ssl=1&resize=350%2C200 1x, https:\/\/i0.wp.com\/zeromagazine.mx\/wp-content\/uploads\/2022\/02\/63cfe-image012.png?fit=555%2C448&ssl=1&resize=525%2C300 1.5x"},"classes":[]},{"id":99883,"url":"https:\/\/zeromagazine.mx\/index.php\/2025\/03\/27\/morir-de-placer-rompe-esquemas\/","url_meta":{"origin":50218,"position":1},"title":"Morir de Placer: Rompe Esquemas","author":"David Morales","date":"27 de marzo de 2025","format":false,"excerpt":"Amix, si est\u00e1s buscando una serie que te saque de lo com\u00fan y te haga cuestionarte la vida, tienes que ver \"Morir de placer\". Esta nueva miniserie de FX llega exclusivamente a Disney+ en Latinoam\u00e9rica el pr\u00f3ximo 4 de abril, y cr\u00e9eme, va a dar mucho de qu\u00e9 hablar. La\u2026","rel":"","context":"En \u00abEntretenimiento\u00bb","block_context":{"text":"Entretenimiento","link":"https:\/\/zeromagazine.mx\/index.php\/category\/entretenimiento\/"},"img":{"alt_text":"","src":"https:\/\/i0.wp.com\/zeromagazine.mx\/wp-content\/uploads\/2025\/03\/Captura-de-pantalla-2025-03-27-163758.png?fit=1061%2C715&ssl=1&resize=350%2C200","width":350,"height":200,"srcset":"https:\/\/i0.wp.com\/zeromagazine.mx\/wp-content\/uploads\/2025\/03\/Captura-de-pantalla-2025-03-27-163758.png?fit=1061%2C715&ssl=1&resize=350%2C200 1x, https:\/\/i0.wp.com\/zeromagazine.mx\/wp-content\/uploads\/2025\/03\/Captura-de-pantalla-2025-03-27-163758.png?fit=1061%2C715&ssl=1&resize=525%2C300 1.5x, https:\/\/i0.wp.com\/zeromagazine.mx\/wp-content\/uploads\/2025\/03\/Captura-de-pantalla-2025-03-27-163758.png?fit=1061%2C715&ssl=1&resize=700%2C400 2x, https:\/\/i0.wp.com\/zeromagazine.mx\/wp-content\/uploads\/2025\/03\/Captura-de-pantalla-2025-03-27-163758.png?fit=1061%2C715&ssl=1&resize=1050%2C600 3x"},"classes":[]},{"id":47205,"url":"https:\/\/zeromagazine.mx\/index.php\/2021\/06\/09\/6-trucos-y-bromas-inolvidables-de-loki-en-honor-al-estreno-de-su-nueva-serie-en-disney\/","url_meta":{"origin":50218,"position":2},"title":"6 trucos y bromas inolvidables de Loki, en honor al estreno de su nueva serie en Disney+","author":"zeromagazinemx","date":"9 de junio de 2021","format":false,"excerpt":"Loki, la nueva serie de Marvel Studios exclusiva para Disney+ llega hoy 9 de junio y reencontrar\u00e1 a la audiencia con el Dios de los enga\u00f1os. por Moises Kushelevich Este 9 de junio podremos seguir\u00a0a Loki y sus andanzas luego de los acontecimientos en Avengers: Endgame. La serie presentar\u00e1 nuevos\u2026","rel":"","context":"En \u00abEntretenimiento\u00bb","block_context":{"text":"Entretenimiento","link":"https:\/\/zeromagazine.mx\/index.php\/category\/entretenimiento\/"},"img":{"alt_text":"","src":"","width":0,"height":0},"classes":[]},{"id":51650,"url":"https:\/\/zeromagazine.mx\/index.php\/2021\/08\/05\/jungle-cruise-8-datos-imprescindibles-para-conocer-antes-del-estreno\/","url_meta":{"origin":50218,"position":3},"title":"Jungle Cruise: 8 datos imprescindibles para conocer antes del estreno","author":"zeromagazinemx","date":"5 de agosto de 2021","format":false,"excerpt":"Con el estreno de la nueva pel\u00edcula de Disney \u201cJungle Cruise\u201d en cines y Disney+ a trav\u00e9s de Premier Access te dejamos 8 datos impresionantes que no te puedes perder. Por Moises Kushelevich \u201cJungle Cruise\u201d es la nueva pel\u00edcula de Disney ya disponible en cines y Disney+ trata sobre la\u2026","rel":"","context":"En \u00abCine\u00bb","block_context":{"text":"Cine","link":"https:\/\/zeromagazine.mx\/index.php\/category\/entretenimiento\/cine\/"},"img":{"alt_text":"","src":"","width":0,"height":0},"classes":[]},{"id":119013,"url":"https:\/\/zeromagazine.mx\/index.php\/2026\/04\/18\/disney-cinemacon-2026-estrenos\/","url_meta":{"origin":50218,"position":4},"title":"Disney CinemaCon 2026 arrasa","author":"zeromagazinemx","date":"18 de abril de 2026","format":false,"excerpt":"Si hab\u00eda dudas de qui\u00e9n domina el cine global, The Walt Disney Studios lleg\u00f3 a CinemaCon 2026 a dejarlo clar\u00edsimo: vienen con TODO. Entre anuncios, adelantos exclusivos y apariciones sorpresa, el estudio solt\u00f3 una alineaci\u00f3n que mezcla nostalgia, franquicias gigantes y nuevas apuestas que ya est\u00e1n generando hype. Y s\u00ed,\u2026","rel":"","context":"En \u00abBlog\u00bb","block_context":{"text":"Blog","link":"https:\/\/zeromagazine.mx\/index.php\/category\/blog\/"},"img":{"alt_text":"","src":"https:\/\/i0.wp.com\/zeromagazine.mx\/wp-content\/uploads\/2026\/04\/image-6.png?resize=350%2C200&ssl=1","width":350,"height":200,"srcset":"https:\/\/i0.wp.com\/zeromagazine.mx\/wp-content\/uploads\/2026\/04\/image-6.png?resize=350%2C200&ssl=1 1x, https:\/\/i0.wp.com\/zeromagazine.mx\/wp-content\/uploads\/2026\/04\/image-6.png?resize=525%2C300&ssl=1 1.5x, https:\/\/i0.wp.com\/zeromagazine.mx\/wp-content\/uploads\/2026\/04\/image-6.png?resize=700%2C400&ssl=1 2x"},"classes":[]},{"id":105651,"url":"https:\/\/zeromagazine.mx\/index.php\/2025\/06\/06\/estrenos-disney-plu-que-emocionan-en-junio\/","url_meta":{"origin":50218,"position":5},"title":"Estrenos Disney Plus de Junio que emocionan","author":"David Morales","date":"6 de junio de 2025","format":false,"excerpt":"Amix, ya lleg\u00f3 ese momento del mes en el que checamos qu\u00e9 joyitas se vienen a nuestra plataforma fav. Porque s\u00ed, los estrenos Disney Plus de junio est\u00e1n m\u00e1s que emocionantes, intensos y hasta creepy, en el mejor sentido. Pues nos trae desde dramas hist\u00f3ricos con vikingas sanguinarias, hasta lo\u2026","rel":"","context":"En \u00abEntretenimiento\u00bb","block_context":{"text":"Entretenimiento","link":"https:\/\/zeromagazine.mx\/index.php\/category\/entretenimiento\/"},"img":{"alt_text":"","src":"https:\/\/i0.wp.com\/zeromagazine.mx\/wp-content\/uploads\/2025\/06\/predator_killer_of_killers_trlrframes_02_b3d1261f-scaled.jpeg?fit=1200%2C492&ssl=1&resize=350%2C200","width":350,"height":200,"srcset":"https:\/\/i0.wp.com\/zeromagazine.mx\/wp-content\/uploads\/2025\/06\/predator_killer_of_killers_trlrframes_02_b3d1261f-scaled.jpeg?fit=1200%2C492&ssl=1&resize=350%2C200 1x, https:\/\/i0.wp.com\/zeromagazine.mx\/wp-content\/uploads\/2025\/06\/predator_killer_of_killers_trlrframes_02_b3d1261f-scaled.jpeg?fit=1200%2C492&ssl=1&resize=525%2C300 1.5x, https:\/\/i0.wp.com\/zeromagazine.mx\/wp-content\/uploads\/2025\/06\/predator_killer_of_killers_trlrframes_02_b3d1261f-scaled.jpeg?fit=1200%2C492&ssl=1&resize=700%2C400 2x, https:\/\/i0.wp.com\/zeromagazine.mx\/wp-content\/uploads\/2025\/06\/predator_killer_of_killers_trlrframes_02_b3d1261f-scaled.jpeg?fit=1200%2C492&ssl=1&resize=1050%2C600 3x"},"classes":[]}],"jetpack_sharing_enabled":true,"builder_content":"","_links":{"self":[{"href":"https:\/\/zeromagazine.mx\/index.php\/wp-json\/wp\/v2\/posts\/50218","targetHints":{"allow":["GET"]}}],"collection":[{"href":"https:\/\/zeromagazine.mx\/index.php\/wp-json\/wp\/v2\/posts"}],"about":[{"href":"https:\/\/zeromagazine.mx\/index.php\/wp-json\/wp\/v2\/types\/post"}],"author":[{"embeddable":true,"href":"https:\/\/zeromagazine.mx\/index.php\/wp-json\/wp\/v2\/users\/2"}],"replies":[{"embeddable":true,"href":"https:\/\/zeromagazine.mx\/index.php\/wp-json\/wp\/v2\/comments?post=50218"}],"version-history":[{"count":0,"href":"https:\/\/zeromagazine.mx\/index.php\/wp-json\/wp\/v2\/posts\/50218\/revisions"}],"wp:featuredmedia":[{"embeddable":true,"href":"https:\/\/zeromagazine.mx\/index.php\/wp-json\/"}],"wp:attachment":[{"href":"https:\/\/zeromagazine.mx\/index.php\/wp-json\/wp\/v2\/media?parent=50218"}],"wp:term":[{"taxonomy":"category","embeddable":true,"href":"https:\/\/zeromagazine.mx\/index.php\/wp-json\/wp\/v2\/categories?post=50218"},{"taxonomy":"post_tag","embeddable":true,"href":"https:\/\/zeromagazine.mx\/index.php\/wp-json\/wp\/v2\/tags?post=50218"}],"curies":[{"name":"wp","href":"https:\/\/api.w.org\/{rel}","templated":true}]}}