{"id":50223,"date":"2021-07-15T15:00:00","date_gmt":"2021-07-15T20:00:00","guid":{"rendered":"https:\/\/atomic-temporary-84115225.wpcomstaging.com\/?p=50223"},"modified":"2021-07-15T15:00:00","modified_gmt":"2021-07-15T20:00:00","slug":"se-revela-el-primer-trailer-y-poster-de-la-pelicula-red","status":"publish","type":"post","link":"https:\/\/zeromagazine.mx\/index.php\/2021\/07\/15\/se-revela-el-primer-trailer-y-poster-de-la-pelicula-red\/","title":{"rendered":"Se revela el primer tr\u00e1iler y poster de la pel\u00edcula RED"},"content":{"rendered":"\n<p><strong>Disney <\/strong>y <strong>Pixar <\/strong>presentan el primer tr\u00e1iler y poster de la pel\u00edcula <strong>RED<\/strong>, que tendr\u00e1 su estreno en Marzo de 2022.<\/p>\n\n\n\n<div class=\"wp-block-buttons is-layout-flex wp-block-buttons-is-layout-flex\">\n<div class=\"wp-block-button is-style-outline is-style-outline--1\"><a class=\"wp-block-button__link\">Por Mayra Torres<\/a><\/div>\n<\/div>\n\n\n\n<p><strong>RED <\/strong>nos presenta<em> Mei Lee<\/em>, una joven de 13 a\u00f1os que repentinamente se convierte en un panda rojo gigante cada vez que se emociona demasiado (lo que\u00a0sucede, pr\u00e1cticamente, siempre). <strong>Sandra Oh<\/strong> (<em>La Directora,\u00a0<strong>Killing Eve<\/strong><\/em>) es la voz en ingl\u00e9s\u00a0a\u00a0<em>Ming<\/em>, la madre sobreprotectora, y un poco autoritaria de <em>Mei Lee<\/em>. Ella nunca est\u00e1 lejos de su hija, una realidad desafortunada para la adolescente.<\/p>\n\n\n\n<figure class=\"wp-block-embed aligncenter is-type-video is-provider-youtube wp-block-embed-youtube wp-embed-aspect-16-9 wp-has-aspect-ratio\"><div class=\"wp-block-embed__wrapper\">\n<div class=\"post-video\"><iframe title=\"Red |\u00a0Teaser Tr\u00e1iler | Subtitulado\" width=\"1165\" height=\"655\" src=\"https:\/\/www.youtube.com\/embed\/EZP8yM_oPgw?feature=oembed\" frameborder=\"0\" allow=\"accelerometer; autoplay; clipboard-write; encrypted-media; gyroscope; picture-in-picture; web-share\" allowfullscreen><\/iframe><\/div>\n<\/div><\/figure>\n\n\n\n\n<!--themify_builder_content-->\n<div id=\"themify_builder_content-50223\" data-postid=\"50223\" class=\"themify_builder_content themify_builder_content-50223 themify_builder tf_clear\">\n    <\/div>\n<!--\/themify_builder_content-->\n","protected":false},"excerpt":{"rendered":"<p>Disney y Pixar presentan el primer tr\u00e1iler y poster de la pel\u00edcula RED, que tendr\u00e1 su estreno en Marzo de 2022. RED nos presenta Mei Lee, una joven de 13 a\u00f1os que repentinamente se convierte en un panda rojo gigante cada vez que se emociona demasiado (lo que\u00a0sucede, pr\u00e1cticamente, siempre). Sandra Oh (La Directora,\u00a0Killing Eve) [&hellip;]<\/p>\n","protected":false},"author":2,"featured_media":50226,"comment_status":"open","ping_status":"open","sticky":false,"template":"","format":"standard","meta":{"_jetpack_memberships_contains_paid_content":false,"footnotes":"","jetpack_publicize_message":"Te aseguramos que querr\u00e1s que pronto sea Marzo\/2022 y ver la nueva pel\u00edcula de Disney y Pixar, #RED. Por lo mientras aqu\u00ed est\u00e1 el tr\u00e1iler.","jetpack_publicize_feature_enabled":true,"jetpack_social_post_already_shared":true,"jetpack_social_options":{"image_generator_settings":{"template":"highway","default_image_id":0,"font":"","enabled":false},"version":2}},"categories":[117],"tags":[113,116,2553,121,849,2294,2528,2554],"class_list":["post-50223","post","type-post","status-publish","format-standard","has-post-thumbnail","hentry","category-entretenimiento","tag-disney-plus","tag-entretenimiento","tag-marzo-2022","tag-pelicula","tag-pixar","tag-poster","tag-primer-trailer","tag-sandra-oh","has-post-title","has-post-date","has-post-category","has-post-tag","has-post-comment","has-post-author",""],"yoast_head":"<!-- This site is optimized with the Yoast SEO plugin v27.5 - https:\/\/yoast.com\/product\/yoast-seo-wordpress\/ -->\n<title>Se revela el primer tr\u00e1iler y poster de la pel\u00edcula RED - Zero Magazine<\/title>\n<meta name=\"robots\" content=\"index, follow, max-snippet:-1, max-image-preview:large, max-video-preview:-1\" \/>\n<link rel=\"canonical\" href=\"https:\/\/zeromagazine.mx\/index.php\/2021\/07\/15\/se-revela-el-primer-trailer-y-poster-de-la-pelicula-red\/\" \/>\n<meta property=\"og:locale\" content=\"es_ES\" \/>\n<meta property=\"og:type\" content=\"article\" \/>\n<meta property=\"og:title\" content=\"Se revela el primer tr\u00e1iler y poster de la pel\u00edcula RED - Zero Magazine\" \/>\n<meta property=\"og:description\" content=\"Disney y Pixar presentan el primer tr\u00e1iler y poster de la pel\u00edcula RED, que tendr\u00e1 su estreno en Marzo de 2022. RED nos presenta Mei Lee, una joven de 13 a\u00f1os que repentinamente se convierte en un panda rojo gigante cada vez que se emociona demasiado (lo que\u00a0sucede, pr\u00e1cticamente, siempre). Sandra Oh (La Directora,\u00a0Killing Eve) [&hellip;]\" \/>\n<meta property=\"og:url\" content=\"https:\/\/zeromagazine.mx\/index.php\/2021\/07\/15\/se-revela-el-primer-trailer-y-poster-de-la-pelicula-red\/\" \/>\n<meta property=\"og:site_name\" content=\"Zero Magazine\" \/>\n<meta property=\"article:published_time\" content=\"2021-07-15T20:00:00+00:00\" \/>\n<meta name=\"author\" content=\"zeromagazinemx\" \/>\n<meta name=\"twitter:card\" content=\"summary_large_image\" \/>\n<meta name=\"twitter:label1\" content=\"Escrito por\" \/>\n\t<meta name=\"twitter:data1\" content=\"zeromagazinemx\" \/>\n\t<meta name=\"twitter:label2\" content=\"Tiempo de lectura\" \/>\n\t<meta name=\"twitter:data2\" content=\"1 minuto\" \/>\n<script type=\"application\/ld+json\" class=\"yoast-schema-graph\">{\"@context\":\"https:\\\/\\\/schema.org\",\"@graph\":[{\"@type\":\"Article\",\"@id\":\"https:\\\/\\\/zeromagazine.mx\\\/index.php\\\/2021\\\/07\\\/15\\\/se-revela-el-primer-trailer-y-poster-de-la-pelicula-red\\\/#article\",\"isPartOf\":{\"@id\":\"https:\\\/\\\/zeromagazine.mx\\\/index.php\\\/2021\\\/07\\\/15\\\/se-revela-el-primer-trailer-y-poster-de-la-pelicula-red\\\/\"},\"author\":{\"name\":\"zeromagazinemx\",\"@id\":\"https:\\\/\\\/zeromagazine.mx\\\/#\\\/schema\\\/person\\\/9aed9f33a7c39af3a348b86d723f7773\"},\"headline\":\"Se revela el primer tr\u00e1iler y poster de la pel\u00edcula RED\",\"datePublished\":\"2021-07-15T20:00:00+00:00\",\"mainEntityOfPage\":{\"@id\":\"https:\\\/\\\/zeromagazine.mx\\\/index.php\\\/2021\\\/07\\\/15\\\/se-revela-el-primer-trailer-y-poster-de-la-pelicula-red\\\/\"},\"wordCount\":115,\"commentCount\":0,\"publisher\":{\"@id\":\"https:\\\/\\\/zeromagazine.mx\\\/#organization\"},\"image\":{\"@id\":\"https:\\\/\\\/zeromagazine.mx\\\/index.php\\\/2021\\\/07\\\/15\\\/se-revela-el-primer-trailer-y-poster-de-la-pelicula-red\\\/#primaryimage\"},\"thumbnailUrl\":\"\",\"keywords\":[\"Disney Plus\",\"Entretenimiento\",\"Marzo 2022\",\"Pel\u00edcula\",\"pixar\",\"P\u00f3ster\",\"Primer Tr\u00e1iler\",\"SANDRA OH\"],\"articleSection\":[\"Entretenimiento\"],\"inLanguage\":\"es\",\"potentialAction\":[{\"@type\":\"CommentAction\",\"name\":\"Comment\",\"target\":[\"https:\\\/\\\/zeromagazine.mx\\\/index.php\\\/2021\\\/07\\\/15\\\/se-revela-el-primer-trailer-y-poster-de-la-pelicula-red\\\/#respond\"]}]},{\"@type\":\"WebPage\",\"@id\":\"https:\\\/\\\/zeromagazine.mx\\\/index.php\\\/2021\\\/07\\\/15\\\/se-revela-el-primer-trailer-y-poster-de-la-pelicula-red\\\/\",\"url\":\"https:\\\/\\\/zeromagazine.mx\\\/index.php\\\/2021\\\/07\\\/15\\\/se-revela-el-primer-trailer-y-poster-de-la-pelicula-red\\\/\",\"name\":\"Se revela el primer tr\u00e1iler y poster de la pel\u00edcula RED - Zero Magazine\",\"isPartOf\":{\"@id\":\"https:\\\/\\\/zeromagazine.mx\\\/#website\"},\"primaryImageOfPage\":{\"@id\":\"https:\\\/\\\/zeromagazine.mx\\\/index.php\\\/2021\\\/07\\\/15\\\/se-revela-el-primer-trailer-y-poster-de-la-pelicula-red\\\/#primaryimage\"},\"image\":{\"@id\":\"https:\\\/\\\/zeromagazine.mx\\\/index.php\\\/2021\\\/07\\\/15\\\/se-revela-el-primer-trailer-y-poster-de-la-pelicula-red\\\/#primaryimage\"},\"thumbnailUrl\":\"\",\"datePublished\":\"2021-07-15T20:00:00+00:00\",\"breadcrumb\":{\"@id\":\"https:\\\/\\\/zeromagazine.mx\\\/index.php\\\/2021\\\/07\\\/15\\\/se-revela-el-primer-trailer-y-poster-de-la-pelicula-red\\\/#breadcrumb\"},\"inLanguage\":\"es\",\"potentialAction\":[{\"@type\":\"ReadAction\",\"target\":[\"https:\\\/\\\/zeromagazine.mx\\\/index.php\\\/2021\\\/07\\\/15\\\/se-revela-el-primer-trailer-y-poster-de-la-pelicula-red\\\/\"]}]},{\"@type\":\"ImageObject\",\"inLanguage\":\"es\",\"@id\":\"https:\\\/\\\/zeromagazine.mx\\\/index.php\\\/2021\\\/07\\\/15\\\/se-revela-el-primer-trailer-y-poster-de-la-pelicula-red\\\/#primaryimage\",\"url\":\"\",\"contentUrl\":\"\"},{\"@type\":\"BreadcrumbList\",\"@id\":\"https:\\\/\\\/zeromagazine.mx\\\/index.php\\\/2021\\\/07\\\/15\\\/se-revela-el-primer-trailer-y-poster-de-la-pelicula-red\\\/#breadcrumb\",\"itemListElement\":[{\"@type\":\"ListItem\",\"position\":1,\"name\":\"Portada\",\"item\":\"https:\\\/\\\/zeromagazine.mx\\\/\"},{\"@type\":\"ListItem\",\"position\":2,\"name\":\"Se revela el primer tr\u00e1iler y poster de la pel\u00edcula RED\"}]},{\"@type\":\"WebSite\",\"@id\":\"https:\\\/\\\/zeromagazine.mx\\\/#website\",\"url\":\"https:\\\/\\\/zeromagazine.mx\\\/\",\"name\":\"Zero Magazine\",\"description\":\"\",\"publisher\":{\"@id\":\"https:\\\/\\\/zeromagazine.mx\\\/#organization\"},\"potentialAction\":[{\"@type\":\"SearchAction\",\"target\":{\"@type\":\"EntryPoint\",\"urlTemplate\":\"https:\\\/\\\/zeromagazine.mx\\\/?s={search_term_string}\"},\"query-input\":{\"@type\":\"PropertyValueSpecification\",\"valueRequired\":true,\"valueName\":\"search_term_string\"}}],\"inLanguage\":\"es\"},{\"@type\":\"Organization\",\"@id\":\"https:\\\/\\\/zeromagazine.mx\\\/#organization\",\"name\":\"Zero Magazine\",\"url\":\"https:\\\/\\\/zeromagazine.mx\\\/\",\"logo\":{\"@type\":\"ImageObject\",\"inLanguage\":\"es\",\"@id\":\"https:\\\/\\\/zeromagazine.mx\\\/#\\\/schema\\\/logo\\\/image\\\/\",\"url\":\"https:\\\/\\\/i0.wp.com\\\/zeromagazine.mx\\\/wp-content\\\/uploads\\\/2025\\\/11\\\/1.jpeg?fit=1000%2C1000&ssl=1\",\"contentUrl\":\"https:\\\/\\\/i0.wp.com\\\/zeromagazine.mx\\\/wp-content\\\/uploads\\\/2025\\\/11\\\/1.jpeg?fit=1000%2C1000&ssl=1\",\"width\":1000,\"height\":1000,\"caption\":\"Zero Magazine\"},\"image\":{\"@id\":\"https:\\\/\\\/zeromagazine.mx\\\/#\\\/schema\\\/logo\\\/image\\\/\"},\"sameAs\":[\"https:\\\/\\\/instagram.com\\\/zeromagazinemx\"]},{\"@type\":\"Person\",\"@id\":\"https:\\\/\\\/zeromagazine.mx\\\/#\\\/schema\\\/person\\\/9aed9f33a7c39af3a348b86d723f7773\",\"name\":\"zeromagazinemx\",\"image\":{\"@type\":\"ImageObject\",\"inLanguage\":\"es\",\"@id\":\"https:\\\/\\\/zeromagazine.mx\\\/wp-content\\\/litespeed\\\/avatar\\\/f91dfe5410d5dcb1a576bf8c45983896.jpg?ver=1777571230\",\"url\":\"https:\\\/\\\/zeromagazine.mx\\\/wp-content\\\/litespeed\\\/avatar\\\/f91dfe5410d5dcb1a576bf8c45983896.jpg?ver=1777571230\",\"contentUrl\":\"https:\\\/\\\/zeromagazine.mx\\\/wp-content\\\/litespeed\\\/avatar\\\/f91dfe5410d5dcb1a576bf8c45983896.jpg?ver=1777571230\",\"caption\":\"zeromagazinemx\"},\"url\":\"https:\\\/\\\/zeromagazine.mx\\\/index.php\\\/author\\\/zeromagazinemx\\\/\"}]}<\/script>\n<!-- \/ Yoast SEO plugin. -->","yoast_head_json":{"title":"Se revela el primer tr\u00e1iler y poster de la pel\u00edcula RED - Zero Magazine","robots":{"index":"index","follow":"follow","max-snippet":"max-snippet:-1","max-image-preview":"max-image-preview:large","max-video-preview":"max-video-preview:-1"},"canonical":"https:\/\/zeromagazine.mx\/index.php\/2021\/07\/15\/se-revela-el-primer-trailer-y-poster-de-la-pelicula-red\/","og_locale":"es_ES","og_type":"article","og_title":"Se revela el primer tr\u00e1iler y poster de la pel\u00edcula RED - Zero Magazine","og_description":"Disney y Pixar presentan el primer tr\u00e1iler y poster de la pel\u00edcula RED, que tendr\u00e1 su estreno en Marzo de 2022. RED nos presenta Mei Lee, una joven de 13 a\u00f1os que repentinamente se convierte en un panda rojo gigante cada vez que se emociona demasiado (lo que\u00a0sucede, pr\u00e1cticamente, siempre). Sandra Oh (La Directora,\u00a0Killing Eve) [&hellip;]","og_url":"https:\/\/zeromagazine.mx\/index.php\/2021\/07\/15\/se-revela-el-primer-trailer-y-poster-de-la-pelicula-red\/","og_site_name":"Zero Magazine","article_published_time":"2021-07-15T20:00:00+00:00","author":"zeromagazinemx","twitter_card":"summary_large_image","twitter_misc":{"Escrito por":"zeromagazinemx","Tiempo de lectura":"1 minuto"},"schema":{"@context":"https:\/\/schema.org","@graph":[{"@type":"Article","@id":"https:\/\/zeromagazine.mx\/index.php\/2021\/07\/15\/se-revela-el-primer-trailer-y-poster-de-la-pelicula-red\/#article","isPartOf":{"@id":"https:\/\/zeromagazine.mx\/index.php\/2021\/07\/15\/se-revela-el-primer-trailer-y-poster-de-la-pelicula-red\/"},"author":{"name":"zeromagazinemx","@id":"https:\/\/zeromagazine.mx\/#\/schema\/person\/9aed9f33a7c39af3a348b86d723f7773"},"headline":"Se revela el primer tr\u00e1iler y poster de la pel\u00edcula RED","datePublished":"2021-07-15T20:00:00+00:00","mainEntityOfPage":{"@id":"https:\/\/zeromagazine.mx\/index.php\/2021\/07\/15\/se-revela-el-primer-trailer-y-poster-de-la-pelicula-red\/"},"wordCount":115,"commentCount":0,"publisher":{"@id":"https:\/\/zeromagazine.mx\/#organization"},"image":{"@id":"https:\/\/zeromagazine.mx\/index.php\/2021\/07\/15\/se-revela-el-primer-trailer-y-poster-de-la-pelicula-red\/#primaryimage"},"thumbnailUrl":"","keywords":["Disney Plus","Entretenimiento","Marzo 2022","Pel\u00edcula","pixar","P\u00f3ster","Primer Tr\u00e1iler","SANDRA OH"],"articleSection":["Entretenimiento"],"inLanguage":"es","potentialAction":[{"@type":"CommentAction","name":"Comment","target":["https:\/\/zeromagazine.mx\/index.php\/2021\/07\/15\/se-revela-el-primer-trailer-y-poster-de-la-pelicula-red\/#respond"]}]},{"@type":"WebPage","@id":"https:\/\/zeromagazine.mx\/index.php\/2021\/07\/15\/se-revela-el-primer-trailer-y-poster-de-la-pelicula-red\/","url":"https:\/\/zeromagazine.mx\/index.php\/2021\/07\/15\/se-revela-el-primer-trailer-y-poster-de-la-pelicula-red\/","name":"Se revela el primer tr\u00e1iler y poster de la pel\u00edcula RED - Zero Magazine","isPartOf":{"@id":"https:\/\/zeromagazine.mx\/#website"},"primaryImageOfPage":{"@id":"https:\/\/zeromagazine.mx\/index.php\/2021\/07\/15\/se-revela-el-primer-trailer-y-poster-de-la-pelicula-red\/#primaryimage"},"image":{"@id":"https:\/\/zeromagazine.mx\/index.php\/2021\/07\/15\/se-revela-el-primer-trailer-y-poster-de-la-pelicula-red\/#primaryimage"},"thumbnailUrl":"","datePublished":"2021-07-15T20:00:00+00:00","breadcrumb":{"@id":"https:\/\/zeromagazine.mx\/index.php\/2021\/07\/15\/se-revela-el-primer-trailer-y-poster-de-la-pelicula-red\/#breadcrumb"},"inLanguage":"es","potentialAction":[{"@type":"ReadAction","target":["https:\/\/zeromagazine.mx\/index.php\/2021\/07\/15\/se-revela-el-primer-trailer-y-poster-de-la-pelicula-red\/"]}]},{"@type":"ImageObject","inLanguage":"es","@id":"https:\/\/zeromagazine.mx\/index.php\/2021\/07\/15\/se-revela-el-primer-trailer-y-poster-de-la-pelicula-red\/#primaryimage","url":"","contentUrl":""},{"@type":"BreadcrumbList","@id":"https:\/\/zeromagazine.mx\/index.php\/2021\/07\/15\/se-revela-el-primer-trailer-y-poster-de-la-pelicula-red\/#breadcrumb","itemListElement":[{"@type":"ListItem","position":1,"name":"Portada","item":"https:\/\/zeromagazine.mx\/"},{"@type":"ListItem","position":2,"name":"Se revela el primer tr\u00e1iler y poster de la pel\u00edcula RED"}]},{"@type":"WebSite","@id":"https:\/\/zeromagazine.mx\/#website","url":"https:\/\/zeromagazine.mx\/","name":"Zero Magazine","description":"","publisher":{"@id":"https:\/\/zeromagazine.mx\/#organization"},"potentialAction":[{"@type":"SearchAction","target":{"@type":"EntryPoint","urlTemplate":"https:\/\/zeromagazine.mx\/?s={search_term_string}"},"query-input":{"@type":"PropertyValueSpecification","valueRequired":true,"valueName":"search_term_string"}}],"inLanguage":"es"},{"@type":"Organization","@id":"https:\/\/zeromagazine.mx\/#organization","name":"Zero Magazine","url":"https:\/\/zeromagazine.mx\/","logo":{"@type":"ImageObject","inLanguage":"es","@id":"https:\/\/zeromagazine.mx\/#\/schema\/logo\/image\/","url":"https:\/\/i0.wp.com\/zeromagazine.mx\/wp-content\/uploads\/2025\/11\/1.jpeg?fit=1000%2C1000&ssl=1","contentUrl":"https:\/\/i0.wp.com\/zeromagazine.mx\/wp-content\/uploads\/2025\/11\/1.jpeg?fit=1000%2C1000&ssl=1","width":1000,"height":1000,"caption":"Zero Magazine"},"image":{"@id":"https:\/\/zeromagazine.mx\/#\/schema\/logo\/image\/"},"sameAs":["https:\/\/instagram.com\/zeromagazinemx"]},{"@type":"Person","@id":"https:\/\/zeromagazine.mx\/#\/schema\/person\/9aed9f33a7c39af3a348b86d723f7773","name":"zeromagazinemx","image":{"@type":"ImageObject","inLanguage":"es","@id":"https:\/\/zeromagazine.mx\/wp-content\/litespeed\/avatar\/f91dfe5410d5dcb1a576bf8c45983896.jpg?ver=1777571230","url":"https:\/\/zeromagazine.mx\/wp-content\/litespeed\/avatar\/f91dfe5410d5dcb1a576bf8c45983896.jpg?ver=1777571230","contentUrl":"https:\/\/zeromagazine.mx\/wp-content\/litespeed\/avatar\/f91dfe5410d5dcb1a576bf8c45983896.jpg?ver=1777571230","caption":"zeromagazinemx"},"url":"https:\/\/zeromagazine.mx\/index.php\/author\/zeromagazinemx\/"}]}},"jetpack_publicize_connections":[],"jetpack_featured_media_url":"","jetpack-related-posts":[{"id":50206,"url":"https:\/\/zeromagazine.mx\/index.php\/2021\/07\/15\/disney-revela-el-primer-trailer-poster-y-elenco-de-la-version-en-ingles-de-encanto\/","url_meta":{"origin":50223,"position":0},"title":"Disney revela el primer tr\u00e1iler, p\u00f3ster y elenco de la versi\u00f3n en ingl\u00e9s de \u201cEncanto\u201d","author":"zeromagazinemx","date":"15 de julio de 2021","format":false,"excerpt":"Adelantos sobre la nueva pel\u00edcula original de Disney \u201cEncanto\u201d que se estrenar\u00e1 en cines en noviembre de 2021, te contamos m\u00e1s sobre \u201cEncanto\u201d. Por Moises Kushelevich \u201cEncanto\u201d cuenta la historia de los Madrigal, una familia extraordinaria que vive en las monta\u00f1as de Colombia, en una casa m\u00e1gica, en un pueblo\u2026","rel":"","context":"En \u00abCine\u00bb","block_context":{"text":"Cine","link":"https:\/\/zeromagazine.mx\/index.php\/category\/entretenimiento\/cine\/"},"img":{"alt_text":"","src":"https:\/\/i0.wp.com\/img.youtube.com\/vi\/MwY5Upn61FI\/0.jpg?resize=350%2C200","width":350,"height":200},"classes":[]},{"id":69894,"url":"https:\/\/zeromagazine.mx\/index.php\/2023\/12\/23\/magia-animada-2024-en-disney-pixar\/","url_meta":{"origin":50223,"position":1},"title":"\u00a1Magia Animada: 2024 en Disney-Pixar!","author":"David Morales","date":"23 de diciembre de 2023","format":false,"excerpt":"Prep\u00e1rense porque el 2024 viene con todo en cuanto a pel\u00edculas de Disney y Pixar. Tres de sus \u00faltimas joyitas llegan a la pantalla grande por primera vez, y cr\u00e9anme, \u00a1no se pueden perder esta experiencia cinematogr\u00e1fica \u00fanica! Ahora, les contar\u00e9 un poco sobre estas pel\u00edculas y lo que pueden\u2026","rel":"","context":"En \u00abCine\u00bb","block_context":{"text":"Cine","link":"https:\/\/zeromagazine.mx\/index.php\/category\/entretenimiento\/cine\/"},"img":{"alt_text":"","src":"https:\/\/i0.wp.com\/zeromagazine.mx\/wp-content\/uploads\/2023\/12\/Pixar-Poster.png?resize=350%2C200&ssl=1","width":350,"height":200},"classes":[]},{"id":47573,"url":"https:\/\/zeromagazine.mx\/index.php\/2021\/06\/12\/nuevo-clip-y-poster-de-luca-de-disney-y-pixar\/","url_meta":{"origin":50223,"position":2},"title":"Nuevo clip y poster de Luca de Disney y Pixar","author":"zeromagazinemx","date":"12 de junio de 2021","format":false,"excerpt":"Luca, la nueva pel\u00edcula de Disney y Pixar que nos demostrar\u00e1 sobre esas amistades que nos ayudan a encontrarnos a nosotros mismos. por Moises Kushelevich En un nuevo contenido especial de Luca, comentan lo que significa para ellos la historia de la pel\u00edcula y la importancia de la amistad. Adem\u00e1s\u2026","rel":"","context":"En \u00abCine\u00bb","block_context":{"text":"Cine","link":"https:\/\/zeromagazine.mx\/index.php\/category\/entretenimiento\/cine\/"},"img":{"alt_text":"","src":"https:\/\/i0.wp.com\/zeromagazinemx.wpcomstaging.com\/wp-content\/uploads\/2022\/02\/8696b-original_1622660815_sidekick_ig_char_banner_dplus_alberto_las.jpg?resize=350%2C200&ssl=1","width":350,"height":200},"classes":[]},{"id":49856,"url":"https:\/\/zeromagazine.mx\/index.php\/2021\/07\/10\/te-presentamos-el-primer-poster-de-encanto-la-nueva-pelicula-de-disney\/","url_meta":{"origin":50223,"position":3},"title":"Te presentamos el primer p\u00f3ster de \u201cENCANTO\u201d la nueva pel\u00edcula de Disney","author":"zeromagazinemx","date":"10 de julio de 2021","format":false,"excerpt":"\u201cENCANTO\u201d es la nueva pel\u00edcula de Walt Disney Animation Studios y tendr\u00e1 su estreno en noviembre de 2021. Por Mayra Torres ENCANTO cuenta la historia de los Madrigal, una familia extraordinaria que vive escondida en las monta\u00f1as de Colombia,\u00a0en una casa m\u00e1gica, en un pueblo vibrante, en un lugar maravilloso\u00a0conocido\u2026","rel":"","context":"En \u00abCine\u00bb","block_context":{"text":"Cine","link":"https:\/\/zeromagazine.mx\/index.php\/category\/entretenimiento\/cine\/"},"img":{"alt_text":"","src":"","width":0,"height":0},"classes":[]},{"id":77059,"url":"https:\/\/zeromagazine.mx\/index.php\/2024\/06\/04\/venom-el-ultimo-baile-la-sombra-se-eleva-en-el-nuevo-poster-y-trailer-revelados-por-sony-pictures\/","url_meta":{"origin":50223,"position":4},"title":"Venom: El \u00daltimo Baile &#8211; La Sombra se Eleva en el Nuevo P\u00f3ster y Trailer Revelados por Sony Pictures","author":"David Morales","date":"4 de junio de 2024","format":false,"excerpt":"Sony Pictures acaba de soltar una bomba: el p\u00f3ster y el primer tr\u00e1iler de \"Venom: El \u00daltimo Baile\". S\u00ed, escucharon bien, Tom Hardy est\u00e1 de vuelta como nuestro simbionte favorito y la emoci\u00f3n est\u00e1 a tope. Esta tercera entrega promete cerrar con broche de oro la trilog\u00eda que hemos seguido\u2026","rel":"","context":"En \u00abCine\u00bb","block_context":{"text":"Cine","link":"https:\/\/zeromagazine.mx\/index.php\/category\/entretenimiento\/cine\/"},"img":{"alt_text":"","src":"https:\/\/i0.wp.com\/zeromagazine.mx\/wp-content\/uploads\/2024\/06\/dcc04742-6460-9b39-0c71-b9847d1d75bc.jpg?fit=960%2C1200&ssl=1&resize=350%2C200","width":350,"height":200,"srcset":"https:\/\/i0.wp.com\/zeromagazine.mx\/wp-content\/uploads\/2024\/06\/dcc04742-6460-9b39-0c71-b9847d1d75bc.jpg?fit=960%2C1200&ssl=1&resize=350%2C200 1x, https:\/\/i0.wp.com\/zeromagazine.mx\/wp-content\/uploads\/2024\/06\/dcc04742-6460-9b39-0c71-b9847d1d75bc.jpg?fit=960%2C1200&ssl=1&resize=525%2C300 1.5x, https:\/\/i0.wp.com\/zeromagazine.mx\/wp-content\/uploads\/2024\/06\/dcc04742-6460-9b39-0c71-b9847d1d75bc.jpg?fit=960%2C1200&ssl=1&resize=700%2C400 2x"},"classes":[]},{"id":48276,"url":"https:\/\/zeromagazine.mx\/index.php\/2021\/06\/20\/peliculas-conmovedoras-sobre-padres\/","url_meta":{"origin":50223,"position":5},"title":"Pel\u00edculas conmovedoras sobre padres","author":"zeromagazinemx","date":"20 de junio de 2021","format":false,"excerpt":"Hay padres que har\u00edan todo por sus hijos y eso implica hasta lo imposible. Existen grandes historias basadas en la realidad o en la ficci\u00f3n que demuestran el valor y amor que es ser padre. Y en cine podemos encontrar una gran variedad de ejemplos, por lo cual te presentamos\u2026","rel":"","context":"En \u00abCine\u00bb","block_context":{"text":"Cine","link":"https:\/\/zeromagazine.mx\/index.php\/category\/entretenimiento\/cine\/"},"img":{"alt_text":"","src":"https:\/\/i0.wp.com\/zeromagazinemx.wpcomstaging.com\/wp-content\/uploads\/2022\/02\/816e6-enbuscadelafelicidad.jpg?resize=350%2C200&ssl=1","width":350,"height":200,"srcset":"https:\/\/i0.wp.com\/zeromagazinemx.wpcomstaging.com\/wp-content\/uploads\/2022\/02\/816e6-enbuscadelafelicidad.jpg?resize=350%2C200&ssl=1 1x, https:\/\/i0.wp.com\/zeromagazinemx.wpcomstaging.com\/wp-content\/uploads\/2022\/02\/816e6-enbuscadelafelicidad.jpg?resize=525%2C300&ssl=1 1.5x"},"classes":[]}],"jetpack_sharing_enabled":true,"builder_content":"","_links":{"self":[{"href":"https:\/\/zeromagazine.mx\/index.php\/wp-json\/wp\/v2\/posts\/50223","targetHints":{"allow":["GET"]}}],"collection":[{"href":"https:\/\/zeromagazine.mx\/index.php\/wp-json\/wp\/v2\/posts"}],"about":[{"href":"https:\/\/zeromagazine.mx\/index.php\/wp-json\/wp\/v2\/types\/post"}],"author":[{"embeddable":true,"href":"https:\/\/zeromagazine.mx\/index.php\/wp-json\/wp\/v2\/users\/2"}],"replies":[{"embeddable":true,"href":"https:\/\/zeromagazine.mx\/index.php\/wp-json\/wp\/v2\/comments?post=50223"}],"version-history":[{"count":0,"href":"https:\/\/zeromagazine.mx\/index.php\/wp-json\/wp\/v2\/posts\/50223\/revisions"}],"wp:featuredmedia":[{"embeddable":true,"href":"https:\/\/zeromagazine.mx\/index.php\/wp-json\/"}],"wp:attachment":[{"href":"https:\/\/zeromagazine.mx\/index.php\/wp-json\/wp\/v2\/media?parent=50223"}],"wp:term":[{"taxonomy":"category","embeddable":true,"href":"https:\/\/zeromagazine.mx\/index.php\/wp-json\/wp\/v2\/categories?post=50223"},{"taxonomy":"post_tag","embeddable":true,"href":"https:\/\/zeromagazine.mx\/index.php\/wp-json\/wp\/v2\/tags?post=50223"}],"curies":[{"name":"wp","href":"https:\/\/api.w.org\/{rel}","templated":true}]}}