{"id":50700,"date":"2021-07-21T20:59:38","date_gmt":"2021-07-22T01:59:38","guid":{"rendered":"https:\/\/atomic-temporary-84115225.wpcomstaging.com\/?p=50700"},"modified":"2021-07-21T20:59:38","modified_gmt":"2021-07-22T01:59:38","slug":"somos-la-historia-que-no-te-querras-perder","status":"publish","type":"post","link":"https:\/\/zeromagazine.mx\/index.php\/2021\/07\/21\/somos-la-historia-que-no-te-querras-perder\/","title":{"rendered":"Somos, la historia que no te querr\u00e1s perder"},"content":{"rendered":"\n<div class=\"wp-block-buttons is-layout-flex wp-block-buttons-is-layout-flex\">\n<div class=\"wp-block-button is-style-outline is-style-outline--1\"><a class=\"wp-block-button__link\">Por Daniel Garc\u00eda<\/a><\/div>\n<\/div>\n\n\n\n<p class=\"has-text-align-center\"><strong>\u00bfC\u00f3mo lleg\u00f3 este proyecto a Ustedes?<\/strong><\/p>\n\n\n\n<p><strong>Arel\u00ed Gonz\u00e1lez<\/strong><\/p>\n\n\n\n<p>Este proyecto lleg\u00f3 por casting a trav\u00e9s de mi manager que es <strong>Paola D\u00edaz<\/strong> y as\u00ed fue la convocatoria a casting donde no daban mucha informaci\u00f3n acerca del proyecto, en realidad nada, s\u00f3lo te mandaban tu escena y listo; de hecho una vez dentro del proyecto fue cuando me dieron toda la informaci\u00f3n de lo que iba en realidad toda la historia pero fue as\u00ed a trav\u00e9s de casting.<\/p>\n\n\n\n<p><strong>Josu\u00e9 Guerra<\/strong><\/p>\n\n\n\n<p>Yo ya hab\u00eda cateado con <strong>Bernardo <\/strong>para otros proyectos o sea casteado, m\u00e1s no quedado; y justo con \u00e9ste, al igual que <strong>Arely <\/strong>no me dijeron de qu\u00e9 iba. Sab\u00eda que iba como de narcos porque mencionaban el z 40 z 41 y pues, s\u00ed dec\u00eda:<em> \u00abChin, otra historia de narcos, ni modo\u00bb<\/em> y hasta que ya qued\u00e9 y me dicen l\u00e9ete este art\u00edculo que es el art\u00edculo de <strong><em>\u00abGinger Thompson\u00bb<\/em><\/strong> y a parte hay un Podcast que se los recomiendo mucho se llama <strong><em>\u00abThe Making of a Massacre\u00bb\u00a0<\/em><\/strong>y ah\u00ed sale la voz de mi personaje<strong> \u00abEl Diablo\u00bb<\/strong> y pues fue con eso que yo empec\u00e9 a conocer la historia, el desenlace y se me hab\u00eda olvidado lo que hab\u00eda dicho <strong>Arely <\/strong>que el \u00faltimo cap\u00edtulo no se le dio a nadie hasta el final y b\u00e1sicamente mi personaje es quien le mov\u00eda la droga y el dinero a los Zetas y ahora s\u00ed que por su manera de ver la situaci\u00f3n, el desenlace decide tomar lo que desencadena todo esto; no voy a decir c\u00f3mo ni por qu\u00e9 pero ya sabemos el final.<\/p>\n\n\n\n<p><strong>Everardo Arzate<\/strong><\/p>\n\n\n\n<p>Me invitaron a un casting con <strong>Bernardo Velasco<\/strong> y no ten\u00eda informaci\u00f3n de qu\u00e9 iba, solamente me ped\u00edan hacer cosas muy b\u00e1sicas acerca de una escena de un personaje, era un proceso largo como de 3 meses y fue muy confidencial en este caso y hasta despu\u00e9s de ese per\u00edodo fue cuando supe de qu\u00e9 iba este proyecto y de qu\u00e9 se trataba; vaya, lo m\u00e1s interesante que rescato de este proceso fue que ped\u00edan mucho desde el casting, <strong>Charo Cruz<\/strong> la asistente de <strong>Bernardo <\/strong>ped\u00eda olvidarte de todo lo que sab\u00edas como actor y c\u00f3mo dejarte ir por la intuici\u00f3n y por cosas muy b\u00e1sicas de la emoci\u00f3n y de los sentimientos y de las coordenadas humanas de la realidad y eso me pareci\u00f3 bien interesante de alejarte de toda esta vor\u00e1gine que a veces ya trae uno como actor, de que ya sabes por d\u00f3nde hacer y las cosas eran muy diferente desde el casting.<\/p>\n\n\n\n<p class=\"has-text-align-center\"><strong>\u00bfC\u00f3mo fue el proceso de producci\u00f3n de la serie?<\/strong><\/p>\n\n\n\n<p><strong>Arel\u00ed Gonz\u00e1lez<\/strong><\/p>\n\n\n\n<p>A nosotros nos incluyen una vez que tienen definidos todo el casting pero una vez que ya estaba todo puesto, las locaciones, donde se iba a grabar las fechas etc\u00e9tera, ya nos convocan a nosotros, primero que nada a un ensayo, a una especie de trabajo de mesa con el director y as\u00ed fue el primer acercamiento, fue con<strong> \u00c1lvaro Curiel <\/strong>y de hecho nos reunimos ah\u00ed con otra compa\u00f1era actriz, <strong>Liliana Donatlan<\/strong> y ah\u00ed fue donde se nos platic\u00f3; bueno, un mes antes ya se nos hab\u00eda dado los guiones, sin embargo, no todo el gui\u00f3n completo. Nunca estuvimos enterados del \u00faltimo cap\u00edtulo o del gui\u00f3n final hasta ya una semana antes de grabar, no ten\u00edamos conocimiento, nadie sab\u00eda el desenlace de su personaje. Entonces fue as\u00ed para presentarnos con quienes \u00edbamos a relacionarnos, en cuanto a actores, porque existe este \u00ab<em>crew<\/em>\u00bb de mitad actores profesionales y mitad de actores naturales y ellos se encontraban en Durango, as\u00ed que despu\u00e9s fue el encuentro con ellos y tambi\u00e9n un poquito nos prepar\u00f3 para ello para c\u00f3mo iba a ser el trabajo junto con ellos.<\/p>\n\n\n\n<p><strong>Josu\u00e9 Guerra<\/strong><\/p>\n\n\n\n<p>La gran parte de mis escenas son con otro actor que s\u00ed es actor, ya que hay bastantes actores naturales, que les llamamos, desafortunadamente no tuve el privilegio de estar con este tipo de actores. Y si me hubiera encantado, porque he escuchado cosas maravillosas de esto y pues yo estuve al lado de la casa de <strong>Curiel<\/strong>, estuvimos ensayando, nos dio material que ten\u00edamos que ver, documentales, pel\u00edculas para entender un poquito el mundo en el que est\u00e1bamos porque pr\u00e1cticamente todas mis escenas son con otro personaje casi siempre.<\/p>\n\n\n\n<p><strong>Everardo Arzate<\/strong><\/p>\n\n\n\n<p>Fue s\u00faper interesante, en qu\u00e9 sentido, grabamos como en pueblitos del norte del pa\u00eds, fue en Durango en la comunidad de \u00ab<strong>Canatl\u00e1n<\/strong>\u00bb y ah\u00ed estuvimos a lo largo de 3, 4 meses. Se interrumpi\u00f3 por la pandemia pero si lo grabamos ah\u00ed y eso me pareci\u00f3 que fue un hallazgo incre\u00edble por parte de la producci\u00f3n y no s\u00f3lo de ellos sino desde la concepci\u00f3n que ten\u00eda qui\u00e9n est\u00e1 detr\u00e1s de todo esto que es <strong>\u00abJames Schamus\u00bb<\/strong> de ir hasta este tipo de lugares y encontrar lo que \u00e9l quer\u00eda, porque lo m\u00e1s importante de esta serie es que no hay ning\u00fan protagonista en s\u00ed es el pueblo el protagonista y no hay un personaje \u00e9pico a los que estamos acostumbrados a ver en otras producciones o en otras series. Es el colectivo el que habla, todo lo importante es c\u00f3mo se van tejiendo todas las relaciones humanas en el pueblo. Mi personaje por ejemplo es \u00ab<strong>Chema<\/strong>\u00ab, es un hombre del pueblo que est\u00e1 queriendo ser pap\u00e1; se acaba de casar, pero est\u00e1 en ese asunto de la paternidad y tiene ah\u00ed un problema con el alcohol, se est\u00e1 rehabilitando, se gana la vida como coach de la preparatoria porque su pasi\u00f3n es el f\u00fatbol americano y bueno a parte tiene un carisma ah\u00ed con los vecinos que es voluntario de los bomberos del pueblo. Entonces si te das cuenta, este tipo de personajes pues dices t\u00fa \u00bfQui\u00e9n es? no es nadie, es exactamente como cualquier otra persona como t\u00fa o como yo, que nos desempe\u00f1amos todo el d\u00eda por tratar de llevar el bien a tu casa y desarrollarte y no sabes lo que est\u00e1 pasando a tu alrededor y que desafortunadamente despu\u00e9s eres llamado a un da\u00f1o colateral, una v\u00edctima y no sabes ni siquiera d\u00f3nde est\u00e1 tu cuerpo y en cambio dejas mucho dolor en tu familia y no sabes en qu\u00e9 est\u00e1s metido.<\/p>\n\n\n\n<div class=\"wp-block-image coblocks-animate\"><figure class=\"aligncenter size-large\"><a href=\"https:\/\/i0.wp.com\/zeromagazinemx.wpcomstaging.com\/wp-content\/uploads\/2022\/02\/dd8b5-2-1.jpg-1.jpg?ssl=1\"><img data-recalc-dims=\"1\" height=\"1024\" width=\"683\" decoding=\"async\" src=\"https:\/\/i0.wp.com\/zeromagazinemx.wpcomstaging.com\/wp-content\/uploads\/2022\/02\/dd8b5-2-1.jpg-1-683x1024.jpg?resize=683%2C1024&#038;ssl=1\" alt=\"\" class=\"wp-image-50710\" \/><\/a><\/figure><\/div>\n\n\n\n\n\n<p class=\"has-text-align-center\"><strong>\u00bfQu\u00e9 retos trajo interpretar a tu personaje cuando ni siquiera sab\u00edas el desenlace de \u00e9l?<\/strong><\/p>\n\n\n\n<p><strong>Arel\u00ed Gonz\u00e1lez<\/strong><\/p>\n\n\n\n<p>Lo que tiene esta historia en particular, esta serie, es que m\u00e1s all\u00e1 de que est\u00e9 basada en un hecho real espec\u00edfico y que el cual, todos, cualquiera se pone a investigar sobre ese hecho va a saber el desenlace justo. Lo importante de esta historia es hablar de la gente, de las historias de la gente, las historias en particular de su vida cotidiana. Entonces, en realidad el desenlace de ella era, por no decir irrelevante; sin embargo, al final del d\u00eda mi personaje que es <em>\u00ab\u00c9rika Cort\u00e9s\u00bb<\/em> es una mam\u00e1, una esposa, una profesionista, una veterinaria y ah\u00ed me centr\u00e9 en todo alrededor de eso y el desenlace pues es involuntario, eso ya despu\u00e9s se fue viendo conforme nos iban soltando la informaci\u00f3n.<\/p>\n\n\n\n<p class=\"has-text-align-center\"><strong>\u00bfC\u00f3mo te preparaste para tu personaje?<\/strong><\/p>\n\n\n\n<p><strong>Josu\u00e9 Guerra<\/strong><\/p>\n\n\n\n<p>Me fui a Dallas un rato porque el personaje como te dije si existe en el Podcast, sale la voz del <strong>Diablo <\/strong>y \u00e9l es mexicano pero desde muy chavito se lo llevaron a vivir a Dallas y entonces cuando yo me enter\u00e9 de eso s\u00ed quer\u00eda tratar de sentir qu\u00e9 es lo que es ser un mexicano en Dallas y si es muy interesante porque no se siente ni de aqu\u00ed ni de all\u00e1 y si es mucho de esta idea de una identidad que a lo mejor ellos mismos se sienten como un poquito en el limbo porque obviamente no se sienten americanos y a veces los mexicanos no los vemos como mexicanos porque son texanos, por as\u00ed decirlo, y si tienen su propia cultura, su propia manera de ver esta dicotom\u00eda de Estados Unidos y M\u00e9xico\u00a0\u00a0<\/p>\n\n\n\n<p><strong>Everardo Arzate<\/strong><\/p>\n\n\n\n<p>Tuvimos ah\u00ed unas sesiones con el director, con <strong>\u00ab\u00c1lvaro Curiel\u00bb<\/strong> y el nos encamin\u00f3 hacia qu\u00e9 era lo que \u00e9l quer\u00eda de nosotros y para m\u00ed lo m\u00e1s importante fue el c\u00f3mo trabajar porque para m\u00ed hab\u00eda otra parte con la que hab\u00eda que trabajar y convivir mucho, que era con los actores naturales, entonces ten\u00eda que olvidarme de todo lo que s\u00e9 como actor y dejar ir solamente a la intuici\u00f3n, a lo m\u00e1s b\u00e1sico, olvidarte de que est\u00e1s haciendo una serie. De olvidarte de que est\u00e1 una c\u00e1mara ah\u00ed, que esto parece que es f\u00e1cil y que lo hacemos todo el tiempo, pero aqu\u00ed requer\u00eda un esfuerzo mucho mayor porque hab\u00eda actores que eran\u00a0justamente naturales y que uno ten\u00eda que mimetizarse con ellos y yo en mi caso busqu\u00e9 clases a parte para saber como \u00ab<em>couchear<\/em>\u00bb en f\u00fatbol americano. Tambi\u00e9n como bombero, porque hay escenas donde si movemos el cami\u00f3n, las mangueras, los trajes que son pesad\u00edsimos, entonces trabaj\u00e9 por mi cuenta en ese sentido para no llegar all\u00e1 totalmente verde y no saber, entonces si hice mi trabajo como actor, trabaj\u00e9 con unos chavos de la <strong>UNAM <\/strong>en Americano y tambi\u00e9n all\u00e1 con los bomberos de la estaci\u00f3n de Durango.<\/p>\n\n\n\n<div class=\"wp-block-image coblocks-animate\"><figure class=\"aligncenter size-large\"><a href=\"https:\/\/i0.wp.com\/zeromagazinemx.wpcomstaging.com\/wp-content\/uploads\/2022\/02\/751a5-3-1.jpg-1.jpg?ssl=1\"><img data-recalc-dims=\"1\" height=\"1024\" width=\"683\" decoding=\"async\" src=\"https:\/\/i0.wp.com\/zeromagazinemx.wpcomstaging.com\/wp-content\/uploads\/2022\/02\/751a5-3-1.jpg-1-683x1024.jpg?resize=683%2C1024&#038;ssl=1\" alt=\"\" class=\"wp-image-50713\" \/><\/a><\/figure><\/div>\n\n\n\n\n\n<p class=\"has-text-align-center\"><strong>\u00bfQu\u00e9 le puedes decir a la gente para que se anime a ver esta historia?<\/strong><\/p>\n\n\n\n<p><strong>Arel\u00ed Gonz\u00e1lez<\/strong><\/p>\n\n\n\n<p>Tienen que verla porque desafortunadamente este es un caso que sucedi\u00f3 en la vida real y puedo apostar que el 90% de la poblaci\u00f3n ni siquiera est\u00e1bamos enterados de ese hecho y eso es una tragedia en s\u00ed y es preocupante y es indignante, as\u00ed que \u00e9sta es una buena oportunidad para que la gente sepa lo que pas\u00f3, para que se entere, para que se ponga a discusi\u00f3n en la mesa de lo que realidad pas\u00f3 y sigue sucediendo en nuestra comunidad as\u00ed que yo los invito a verla.<\/p>\n\n\n\n<p><strong>Josu\u00e9 Guerra<\/strong><\/p>\n\n\n\n<p>Un poquito con lo que dijo <strong>Arel\u00ed <\/strong>tambi\u00e9n que no es la t\u00edpica historia de <strong>Narcos <\/strong>o sea que s\u00ed tengamos esto en cuenta por favor y que si estamos tratando de pintar otro, al que ya han pintado otras series y que queremos empezar un di\u00e1logo con esto que es lo que est\u00e1 pasando con nuestra sociedad que ya es necesario. Siempre decimos que ya estamos cansados, pero pues qu\u00e9 tan cansados realmente estamos, si sigue pasando.<\/p>\n\n\n\n<p><strong>Everardo Arzate<\/strong><\/p>\n\n\n\n<p>Ojal\u00e1 que esta serie cambie la manera de hacer televisi\u00f3n y que sea un parteaguas para que nuestra violencia y digo nuestra, porque ya est\u00e1 tan normalizada, que ya hagamos un alto, porque ya estamos dejando un pa\u00eds de hu\u00e9rfanos, de v\u00edctimas, de madres que buscan a sus hijos, a sus seres queridos y que no es justo. Ojal\u00e1 que con esto nos atrevamos a dialogar y que necesitamos hablar porque ya hay mucho dolor en todo nuestro pa\u00eds.<\/p>\n\n\n\n<div class=\"wp-block-image coblocks-animate\"><figure class=\"aligncenter size-large\"><a href=\"https:\/\/i0.wp.com\/zeromagazinemx.wpcomstaging.com\/wp-content\/uploads\/2022\/02\/29d33-4.jpg.jpg?ssl=1\"><img data-recalc-dims=\"1\" height=\"1024\" width=\"683\" decoding=\"async\" src=\"https:\/\/i0.wp.com\/zeromagazinemx.wpcomstaging.com\/wp-content\/uploads\/2022\/02\/29d33-4.jpg-683x1024.jpg?resize=683%2C1024&#038;ssl=1\" alt=\"\" class=\"wp-image-50716\" \/><\/a><\/figure><\/div>\n\n\n\n\n<!--themify_builder_content-->\n<div id=\"themify_builder_content-50700\" data-postid=\"50700\" class=\"themify_builder_content themify_builder_content-50700 themify_builder tf_clear\">\n    <\/div>\n<!--\/themify_builder_content-->\n","protected":false},"excerpt":{"rendered":"<p>\u00bfC\u00f3mo lleg\u00f3 este proyecto a Ustedes? Arel\u00ed Gonz\u00e1lez Este proyecto lleg\u00f3 por casting a trav\u00e9s de mi manager que es Paola D\u00edaz y as\u00ed fue la convocatoria a casting donde no daban mucha informaci\u00f3n acerca del proyecto, en realidad nada, s\u00f3lo te mandaban tu escena y listo; de hecho una vez dentro del proyecto fue [&hellip;]<\/p>\n","protected":false},"author":2,"featured_media":50709,"comment_status":"open","ping_status":"open","sticky":false,"template":"","format":"standard","meta":{"_jetpack_memberships_contains_paid_content":false,"footnotes":"","jetpack_publicize_message":"","jetpack_publicize_feature_enabled":true,"jetpack_social_post_already_shared":true,"jetpack_social_options":{"image_generator_settings":{"template":"highway","default_image_id":0,"font":"","enabled":false},"version":2}},"categories":[117,91],"tags":[2819,2818,2820,2821,2822,2823,2824,2825,2826,2827,2828,2829,2830,2831,2832,2833],"class_list":["post-50700","post","type-post","status-publish","format-standard","has-post-thumbnail","hentry","category-entretenimiento","category-entrevistas","tag-alvaro-curiel","tag-areli-gonzalez","tag-bernardo-velasco","tag-canatlan","tag-charo-cruz","tag-el-diablo","tag-everardo-arzate","tag-ginger-thompson","tag-james-schamus","tag-josue-guerra","tag-liliana-donatlan","tag-narcos","tag-paola-diaz","tag-somos","tag-the-making-of-a-massacre","tag-unam","has-post-title","has-post-date","has-post-category","has-post-tag","has-post-comment","has-post-author",""],"yoast_head":"<!-- This site is optimized with the Yoast SEO plugin v27.5 - https:\/\/yoast.com\/product\/yoast-seo-wordpress\/ -->\n<title>Somos, la historia que no te querr\u00e1s perder - Zero Magazine<\/title>\n<meta name=\"robots\" content=\"index, follow, max-snippet:-1, max-image-preview:large, max-video-preview:-1\" \/>\n<link rel=\"canonical\" href=\"https:\/\/zeromagazine.mx\/index.php\/2021\/07\/21\/somos-la-historia-que-no-te-querras-perder\/\" \/>\n<meta property=\"og:locale\" content=\"es_ES\" \/>\n<meta property=\"og:type\" content=\"article\" \/>\n<meta property=\"og:title\" content=\"Somos, la historia que no te querr\u00e1s perder - Zero Magazine\" \/>\n<meta property=\"og:description\" content=\"\u00bfC\u00f3mo lleg\u00f3 este proyecto a Ustedes? Arel\u00ed Gonz\u00e1lez Este proyecto lleg\u00f3 por casting a trav\u00e9s de mi manager que es Paola D\u00edaz y as\u00ed fue la convocatoria a casting donde no daban mucha informaci\u00f3n acerca del proyecto, en realidad nada, s\u00f3lo te mandaban tu escena y listo; de hecho una vez dentro del proyecto fue [&hellip;]\" \/>\n<meta property=\"og:url\" content=\"https:\/\/zeromagazine.mx\/index.php\/2021\/07\/21\/somos-la-historia-que-no-te-querras-perder\/\" \/>\n<meta property=\"og:site_name\" content=\"Zero Magazine\" \/>\n<meta property=\"article:published_time\" content=\"2021-07-22T01:59:38+00:00\" \/>\n<meta name=\"author\" content=\"zeromagazinemx\" \/>\n<meta name=\"twitter:card\" content=\"summary_large_image\" \/>\n<meta name=\"twitter:label1\" content=\"Escrito por\" \/>\n\t<meta name=\"twitter:data1\" content=\"zeromagazinemx\" \/>\n\t<meta name=\"twitter:label2\" content=\"Tiempo de lectura\" \/>\n\t<meta name=\"twitter:data2\" content=\"10 minutos\" \/>\n<script type=\"application\/ld+json\" class=\"yoast-schema-graph\">{\"@context\":\"https:\\\/\\\/schema.org\",\"@graph\":[{\"@type\":\"Article\",\"@id\":\"https:\\\/\\\/zeromagazine.mx\\\/index.php\\\/2021\\\/07\\\/21\\\/somos-la-historia-que-no-te-querras-perder\\\/#article\",\"isPartOf\":{\"@id\":\"https:\\\/\\\/zeromagazine.mx\\\/index.php\\\/2021\\\/07\\\/21\\\/somos-la-historia-que-no-te-querras-perder\\\/\"},\"author\":{\"name\":\"zeromagazinemx\",\"@id\":\"https:\\\/\\\/zeromagazine.mx\\\/#\\\/schema\\\/person\\\/9aed9f33a7c39af3a348b86d723f7773\"},\"headline\":\"Somos, la historia que no te querr\u00e1s perder\",\"datePublished\":\"2021-07-22T01:59:38+00:00\",\"mainEntityOfPage\":{\"@id\":\"https:\\\/\\\/zeromagazine.mx\\\/index.php\\\/2021\\\/07\\\/21\\\/somos-la-historia-que-no-te-querras-perder\\\/\"},\"wordCount\":1924,\"commentCount\":0,\"publisher\":{\"@id\":\"https:\\\/\\\/zeromagazine.mx\\\/#organization\"},\"image\":{\"@id\":\"https:\\\/\\\/zeromagazine.mx\\\/index.php\\\/2021\\\/07\\\/21\\\/somos-la-historia-que-no-te-querras-perder\\\/#primaryimage\"},\"thumbnailUrl\":\"\",\"keywords\":[\"\u00c1lvaro Curiel\",\"Arel\u00ed Gonz\u00e1lez\",\"Bernardo Velasco\",\"Canatl\u00e1n\",\"Charo Cruz\",\"El Diablo\",\"Everardo Arzate\",\"Ginger Thompson\",\"James Schamus\",\"Josu\u00e9 Guerra\",\"Liliana Donatlan\",\"narcos\",\"Paola D\u00edaz\",\"Somos\",\"The Making of a Massacre\",\"UNAM\"],\"articleSection\":[\"Entretenimiento\",\"Entrevistas\"],\"inLanguage\":\"es\",\"potentialAction\":[{\"@type\":\"CommentAction\",\"name\":\"Comment\",\"target\":[\"https:\\\/\\\/zeromagazine.mx\\\/index.php\\\/2021\\\/07\\\/21\\\/somos-la-historia-que-no-te-querras-perder\\\/#respond\"]}]},{\"@type\":\"WebPage\",\"@id\":\"https:\\\/\\\/zeromagazine.mx\\\/index.php\\\/2021\\\/07\\\/21\\\/somos-la-historia-que-no-te-querras-perder\\\/\",\"url\":\"https:\\\/\\\/zeromagazine.mx\\\/index.php\\\/2021\\\/07\\\/21\\\/somos-la-historia-que-no-te-querras-perder\\\/\",\"name\":\"Somos, la historia que no te querr\u00e1s perder - Zero Magazine\",\"isPartOf\":{\"@id\":\"https:\\\/\\\/zeromagazine.mx\\\/#website\"},\"primaryImageOfPage\":{\"@id\":\"https:\\\/\\\/zeromagazine.mx\\\/index.php\\\/2021\\\/07\\\/21\\\/somos-la-historia-que-no-te-querras-perder\\\/#primaryimage\"},\"image\":{\"@id\":\"https:\\\/\\\/zeromagazine.mx\\\/index.php\\\/2021\\\/07\\\/21\\\/somos-la-historia-que-no-te-querras-perder\\\/#primaryimage\"},\"thumbnailUrl\":\"\",\"datePublished\":\"2021-07-22T01:59:38+00:00\",\"breadcrumb\":{\"@id\":\"https:\\\/\\\/zeromagazine.mx\\\/index.php\\\/2021\\\/07\\\/21\\\/somos-la-historia-que-no-te-querras-perder\\\/#breadcrumb\"},\"inLanguage\":\"es\",\"potentialAction\":[{\"@type\":\"ReadAction\",\"target\":[\"https:\\\/\\\/zeromagazine.mx\\\/index.php\\\/2021\\\/07\\\/21\\\/somos-la-historia-que-no-te-querras-perder\\\/\"]}]},{\"@type\":\"ImageObject\",\"inLanguage\":\"es\",\"@id\":\"https:\\\/\\\/zeromagazine.mx\\\/index.php\\\/2021\\\/07\\\/21\\\/somos-la-historia-que-no-te-querras-perder\\\/#primaryimage\",\"url\":\"\",\"contentUrl\":\"\"},{\"@type\":\"BreadcrumbList\",\"@id\":\"https:\\\/\\\/zeromagazine.mx\\\/index.php\\\/2021\\\/07\\\/21\\\/somos-la-historia-que-no-te-querras-perder\\\/#breadcrumb\",\"itemListElement\":[{\"@type\":\"ListItem\",\"position\":1,\"name\":\"Portada\",\"item\":\"https:\\\/\\\/zeromagazine.mx\\\/\"},{\"@type\":\"ListItem\",\"position\":2,\"name\":\"Somos, la historia que no te querr\u00e1s perder\"}]},{\"@type\":\"WebSite\",\"@id\":\"https:\\\/\\\/zeromagazine.mx\\\/#website\",\"url\":\"https:\\\/\\\/zeromagazine.mx\\\/\",\"name\":\"Zero Magazine\",\"description\":\"\",\"publisher\":{\"@id\":\"https:\\\/\\\/zeromagazine.mx\\\/#organization\"},\"potentialAction\":[{\"@type\":\"SearchAction\",\"target\":{\"@type\":\"EntryPoint\",\"urlTemplate\":\"https:\\\/\\\/zeromagazine.mx\\\/?s={search_term_string}\"},\"query-input\":{\"@type\":\"PropertyValueSpecification\",\"valueRequired\":true,\"valueName\":\"search_term_string\"}}],\"inLanguage\":\"es\"},{\"@type\":\"Organization\",\"@id\":\"https:\\\/\\\/zeromagazine.mx\\\/#organization\",\"name\":\"Zero Magazine\",\"url\":\"https:\\\/\\\/zeromagazine.mx\\\/\",\"logo\":{\"@type\":\"ImageObject\",\"inLanguage\":\"es\",\"@id\":\"https:\\\/\\\/zeromagazine.mx\\\/#\\\/schema\\\/logo\\\/image\\\/\",\"url\":\"https:\\\/\\\/i0.wp.com\\\/zeromagazine.mx\\\/wp-content\\\/uploads\\\/2025\\\/11\\\/1.jpeg?fit=1000%2C1000&ssl=1\",\"contentUrl\":\"https:\\\/\\\/i0.wp.com\\\/zeromagazine.mx\\\/wp-content\\\/uploads\\\/2025\\\/11\\\/1.jpeg?fit=1000%2C1000&ssl=1\",\"width\":1000,\"height\":1000,\"caption\":\"Zero Magazine\"},\"image\":{\"@id\":\"https:\\\/\\\/zeromagazine.mx\\\/#\\\/schema\\\/logo\\\/image\\\/\"},\"sameAs\":[\"https:\\\/\\\/instagram.com\\\/zeromagazinemx\"]},{\"@type\":\"Person\",\"@id\":\"https:\\\/\\\/zeromagazine.mx\\\/#\\\/schema\\\/person\\\/9aed9f33a7c39af3a348b86d723f7773\",\"name\":\"zeromagazinemx\",\"image\":{\"@type\":\"ImageObject\",\"inLanguage\":\"es\",\"@id\":\"https:\\\/\\\/zeromagazine.mx\\\/wp-content\\\/litespeed\\\/avatar\\\/f91dfe5410d5dcb1a576bf8c45983896.jpg?ver=1777571230\",\"url\":\"https:\\\/\\\/zeromagazine.mx\\\/wp-content\\\/litespeed\\\/avatar\\\/f91dfe5410d5dcb1a576bf8c45983896.jpg?ver=1777571230\",\"contentUrl\":\"https:\\\/\\\/zeromagazine.mx\\\/wp-content\\\/litespeed\\\/avatar\\\/f91dfe5410d5dcb1a576bf8c45983896.jpg?ver=1777571230\",\"caption\":\"zeromagazinemx\"},\"url\":\"https:\\\/\\\/zeromagazine.mx\\\/index.php\\\/author\\\/zeromagazinemx\\\/\"}]}<\/script>\n<!-- \/ Yoast SEO plugin. -->","yoast_head_json":{"title":"Somos, la historia que no te querr\u00e1s perder - Zero Magazine","robots":{"index":"index","follow":"follow","max-snippet":"max-snippet:-1","max-image-preview":"max-image-preview:large","max-video-preview":"max-video-preview:-1"},"canonical":"https:\/\/zeromagazine.mx\/index.php\/2021\/07\/21\/somos-la-historia-que-no-te-querras-perder\/","og_locale":"es_ES","og_type":"article","og_title":"Somos, la historia que no te querr\u00e1s perder - Zero Magazine","og_description":"\u00bfC\u00f3mo lleg\u00f3 este proyecto a Ustedes? Arel\u00ed Gonz\u00e1lez Este proyecto lleg\u00f3 por casting a trav\u00e9s de mi manager que es Paola D\u00edaz y as\u00ed fue la convocatoria a casting donde no daban mucha informaci\u00f3n acerca del proyecto, en realidad nada, s\u00f3lo te mandaban tu escena y listo; de hecho una vez dentro del proyecto fue [&hellip;]","og_url":"https:\/\/zeromagazine.mx\/index.php\/2021\/07\/21\/somos-la-historia-que-no-te-querras-perder\/","og_site_name":"Zero Magazine","article_published_time":"2021-07-22T01:59:38+00:00","author":"zeromagazinemx","twitter_card":"summary_large_image","twitter_misc":{"Escrito por":"zeromagazinemx","Tiempo de lectura":"10 minutos"},"schema":{"@context":"https:\/\/schema.org","@graph":[{"@type":"Article","@id":"https:\/\/zeromagazine.mx\/index.php\/2021\/07\/21\/somos-la-historia-que-no-te-querras-perder\/#article","isPartOf":{"@id":"https:\/\/zeromagazine.mx\/index.php\/2021\/07\/21\/somos-la-historia-que-no-te-querras-perder\/"},"author":{"name":"zeromagazinemx","@id":"https:\/\/zeromagazine.mx\/#\/schema\/person\/9aed9f33a7c39af3a348b86d723f7773"},"headline":"Somos, la historia que no te querr\u00e1s perder","datePublished":"2021-07-22T01:59:38+00:00","mainEntityOfPage":{"@id":"https:\/\/zeromagazine.mx\/index.php\/2021\/07\/21\/somos-la-historia-que-no-te-querras-perder\/"},"wordCount":1924,"commentCount":0,"publisher":{"@id":"https:\/\/zeromagazine.mx\/#organization"},"image":{"@id":"https:\/\/zeromagazine.mx\/index.php\/2021\/07\/21\/somos-la-historia-que-no-te-querras-perder\/#primaryimage"},"thumbnailUrl":"","keywords":["\u00c1lvaro Curiel","Arel\u00ed Gonz\u00e1lez","Bernardo Velasco","Canatl\u00e1n","Charo Cruz","El Diablo","Everardo Arzate","Ginger Thompson","James Schamus","Josu\u00e9 Guerra","Liliana Donatlan","narcos","Paola D\u00edaz","Somos","The Making of a Massacre","UNAM"],"articleSection":["Entretenimiento","Entrevistas"],"inLanguage":"es","potentialAction":[{"@type":"CommentAction","name":"Comment","target":["https:\/\/zeromagazine.mx\/index.php\/2021\/07\/21\/somos-la-historia-que-no-te-querras-perder\/#respond"]}]},{"@type":"WebPage","@id":"https:\/\/zeromagazine.mx\/index.php\/2021\/07\/21\/somos-la-historia-que-no-te-querras-perder\/","url":"https:\/\/zeromagazine.mx\/index.php\/2021\/07\/21\/somos-la-historia-que-no-te-querras-perder\/","name":"Somos, la historia que no te querr\u00e1s perder - Zero Magazine","isPartOf":{"@id":"https:\/\/zeromagazine.mx\/#website"},"primaryImageOfPage":{"@id":"https:\/\/zeromagazine.mx\/index.php\/2021\/07\/21\/somos-la-historia-que-no-te-querras-perder\/#primaryimage"},"image":{"@id":"https:\/\/zeromagazine.mx\/index.php\/2021\/07\/21\/somos-la-historia-que-no-te-querras-perder\/#primaryimage"},"thumbnailUrl":"","datePublished":"2021-07-22T01:59:38+00:00","breadcrumb":{"@id":"https:\/\/zeromagazine.mx\/index.php\/2021\/07\/21\/somos-la-historia-que-no-te-querras-perder\/#breadcrumb"},"inLanguage":"es","potentialAction":[{"@type":"ReadAction","target":["https:\/\/zeromagazine.mx\/index.php\/2021\/07\/21\/somos-la-historia-que-no-te-querras-perder\/"]}]},{"@type":"ImageObject","inLanguage":"es","@id":"https:\/\/zeromagazine.mx\/index.php\/2021\/07\/21\/somos-la-historia-que-no-te-querras-perder\/#primaryimage","url":"","contentUrl":""},{"@type":"BreadcrumbList","@id":"https:\/\/zeromagazine.mx\/index.php\/2021\/07\/21\/somos-la-historia-que-no-te-querras-perder\/#breadcrumb","itemListElement":[{"@type":"ListItem","position":1,"name":"Portada","item":"https:\/\/zeromagazine.mx\/"},{"@type":"ListItem","position":2,"name":"Somos, la historia que no te querr\u00e1s perder"}]},{"@type":"WebSite","@id":"https:\/\/zeromagazine.mx\/#website","url":"https:\/\/zeromagazine.mx\/","name":"Zero Magazine","description":"","publisher":{"@id":"https:\/\/zeromagazine.mx\/#organization"},"potentialAction":[{"@type":"SearchAction","target":{"@type":"EntryPoint","urlTemplate":"https:\/\/zeromagazine.mx\/?s={search_term_string}"},"query-input":{"@type":"PropertyValueSpecification","valueRequired":true,"valueName":"search_term_string"}}],"inLanguage":"es"},{"@type":"Organization","@id":"https:\/\/zeromagazine.mx\/#organization","name":"Zero Magazine","url":"https:\/\/zeromagazine.mx\/","logo":{"@type":"ImageObject","inLanguage":"es","@id":"https:\/\/zeromagazine.mx\/#\/schema\/logo\/image\/","url":"https:\/\/i0.wp.com\/zeromagazine.mx\/wp-content\/uploads\/2025\/11\/1.jpeg?fit=1000%2C1000&ssl=1","contentUrl":"https:\/\/i0.wp.com\/zeromagazine.mx\/wp-content\/uploads\/2025\/11\/1.jpeg?fit=1000%2C1000&ssl=1","width":1000,"height":1000,"caption":"Zero Magazine"},"image":{"@id":"https:\/\/zeromagazine.mx\/#\/schema\/logo\/image\/"},"sameAs":["https:\/\/instagram.com\/zeromagazinemx"]},{"@type":"Person","@id":"https:\/\/zeromagazine.mx\/#\/schema\/person\/9aed9f33a7c39af3a348b86d723f7773","name":"zeromagazinemx","image":{"@type":"ImageObject","inLanguage":"es","@id":"https:\/\/zeromagazine.mx\/wp-content\/litespeed\/avatar\/f91dfe5410d5dcb1a576bf8c45983896.jpg?ver=1777571230","url":"https:\/\/zeromagazine.mx\/wp-content\/litespeed\/avatar\/f91dfe5410d5dcb1a576bf8c45983896.jpg?ver=1777571230","contentUrl":"https:\/\/zeromagazine.mx\/wp-content\/litespeed\/avatar\/f91dfe5410d5dcb1a576bf8c45983896.jpg?ver=1777571230","caption":"zeromagazinemx"},"url":"https:\/\/zeromagazine.mx\/index.php\/author\/zeromagazinemx\/"}]}},"jetpack_publicize_connections":[],"jetpack_featured_media_url":"","jetpack-related-posts":[{"id":76478,"url":"https:\/\/zeromagazine.mx\/index.php\/2024\/05\/24\/paola-villalobos-transformando-su-carrera\/","url_meta":{"origin":50700,"position":0},"title":"Paola Villalobos: Transformando su Carrera","author":"zeromagazinemx","date":"24 de mayo de 2024","format":false,"excerpt":"En esta ocasi\u00f3n tuvimos el honor de conocer platicar con la guap\u00edsima Paola Villalobos sobre los proyectos en puerta y su participaci\u00f3n en su m\u00e1s reciente trabajo en la temporada 9 de El se\u00f1or de los cielos. - \u00bfCu\u00e1les son tus proyectos nuevos que vas a tener? - Bueno ahorita,\u2026","rel":"","context":"En \u00abEntretenimiento\u00bb","block_context":{"text":"Entretenimiento","link":"https:\/\/zeromagazine.mx\/index.php\/category\/entretenimiento\/"},"img":{"alt_text":"","src":"https:\/\/i0.wp.com\/zeromagazine.mx\/wp-content\/uploads\/2024\/05\/image00063.jpg?fit=900%2C1200&ssl=1&resize=350%2C200","width":350,"height":200,"srcset":"https:\/\/i0.wp.com\/zeromagazine.mx\/wp-content\/uploads\/2024\/05\/image00063.jpg?fit=900%2C1200&ssl=1&resize=350%2C200 1x, https:\/\/i0.wp.com\/zeromagazine.mx\/wp-content\/uploads\/2024\/05\/image00063.jpg?fit=900%2C1200&ssl=1&resize=525%2C300 1.5x, https:\/\/i0.wp.com\/zeromagazine.mx\/wp-content\/uploads\/2024\/05\/image00063.jpg?fit=900%2C1200&ssl=1&resize=700%2C400 2x"},"classes":[]},{"id":50415,"url":"https:\/\/zeromagazine.mx\/index.php\/2021\/07\/19\/entrevista-a-vanessa-bauche-de-guerra-de-vecinos\/","url_meta":{"origin":50700,"position":1},"title":"Entrevista a Vanessa Bauche de \u00abGuerra de Vecinos\u00bb","author":"zeromagazinemx","date":"19 de julio de 2021","format":false,"excerpt":"Vanessa Bauche protagoniza Guerra de Vecinos en Netflix donde le da vida a Leonor, Esta es una comedia delirante sobre el amor familiar y la lucha entre Leonor y Silvia, dos mujeres diametralmente opuestas quienes creen saber lo que es mejor para sus familias, Guerra de Vecinos se estren\u00f3 el\u2026","rel":"","context":"En \u00abEntretenimiento\u00bb","block_context":{"text":"Entretenimiento","link":"https:\/\/zeromagazine.mx\/index.php\/category\/entretenimiento\/"},"img":{"alt_text":"","src":"","width":0,"height":0},"classes":[]},{"id":57471,"url":"https:\/\/zeromagazine.mx\/index.php\/2021\/11\/05\/historia-inconclusa-monumento-a-la-revolucion-una-historia-sin-terminar\/","url_meta":{"origin":50700,"position":2},"title":"Historia inconclusa Monumento a la Revoluci\u00f3n, una historia sin terminar","author":"zeromagazinemx","date":"5 de noviembre de 2021","format":false,"excerpt":"Tenemos la fortuna de estar en un pa\u00eds rico en cultura, costumbres, tradiciones y arquitectura impresionante. Por Brayan Alfredo Nu\u00f1ez Garrido Sin duda alguna tenemos referentes incre\u00edbles en nuestra colorida CDMX, como son: El monumento a la independencia.El palacio de Bellas artes.El Monumento a la Revoluci\u00f3n. Todos con una historia\u2026","rel":"","context":"En \u00abCultura\u00bb","block_context":{"text":"Cultura","link":"https:\/\/zeromagazine.mx\/index.php\/category\/cultura\/"},"img":{"alt_text":"","src":"","width":0,"height":0},"classes":[]},{"id":119485,"url":"https:\/\/zeromagazine.mx\/index.php\/2026\/04\/26\/mexico-86-netflix-pelicula\/","url_meta":{"origin":50700,"position":3},"title":"M\u00e9xico 86 revela su historia","author":"zeromagazinemx","date":"26 de abril de 2026","format":false,"excerpt":"Hay historias que no salen en los libros\u2026 pero cambian el rumbo de todo. M\u00e9xico 86 llega para contar justo una de esas: la del hombre que, sin reflectores, hizo posible algo que parec\u00eda imposible. Y no, no se trata de goles ni de jugadores. Se trata de lo que\u2026","rel":"","context":"En \u00abBlog\u00bb","block_context":{"text":"Blog","link":"https:\/\/zeromagazine.mx\/index.php\/category\/blog\/"},"img":{"alt_text":"","src":"https:\/\/i0.wp.com\/zeromagazine.mx\/wp-content\/uploads\/2026\/04\/unnamed-8.jpg?fit=810%2C1200&ssl=1&resize=350%2C200","width":350,"height":200,"srcset":"https:\/\/i0.wp.com\/zeromagazine.mx\/wp-content\/uploads\/2026\/04\/unnamed-8.jpg?fit=810%2C1200&ssl=1&resize=350%2C200 1x, https:\/\/i0.wp.com\/zeromagazine.mx\/wp-content\/uploads\/2026\/04\/unnamed-8.jpg?fit=810%2C1200&ssl=1&resize=525%2C300 1.5x, https:\/\/i0.wp.com\/zeromagazine.mx\/wp-content\/uploads\/2026\/04\/unnamed-8.jpg?fit=810%2C1200&ssl=1&resize=700%2C400 2x"},"classes":[]},{"id":49076,"url":"https:\/\/zeromagazine.mx\/index.php\/2021\/06\/29\/danone-en-apoyo-a-los-pequenos-productores\/","url_meta":{"origin":50700,"position":4},"title":"Danone en apoyo a los peque\u00f1os productores","author":"zeromagazinemx","date":"29 de junio de 2021","format":false,"excerpt":"Danone presenta su proyecto Margarita, una iniciativa que apoya a los peque\u00f1os productores de leche que proveen a Danone. Por Mayra Torres \u201cMargarita\u201d es un proyecto de abastecimiento de leche que impulsa el empoderamiento de los peque\u00f1os productores mexicanos, el proyecto es apoyado por Fondo Danone Ecosystem, un fondo social\u2026","rel":"","context":"En \u00abBienestar\u00bb","block_context":{"text":"Bienestar","link":"https:\/\/zeromagazine.mx\/index.php\/category\/lifestyle\/bienestar\/"},"img":{"alt_text":"","src":"","width":0,"height":0},"classes":[]},{"id":51623,"url":"https:\/\/zeromagazine.mx\/index.php\/2021\/08\/05\/entrevista-a-marco-leon\/","url_meta":{"origin":50700,"position":5},"title":"Entrevista a Marco Le\u00f3n","author":"zeromagazinemx","date":"5 de agosto de 2021","format":false,"excerpt":"Marco Le\u00f3n es un actor y cantante mexicano, egresado del CEA Televisa; ha participado en televisi\u00f3n en diferentes proyectos como \u201cRosario Tijeras 3\u201d, \u201cAmar A Muerte\u201d, \u201cLa Taxista\u201d, \u201cTres Milagros\u201d, \u201cLa Rosa de Guadalupe\u201d, por mencionar algunos; en teatro tambi\u00e9n ha estado en diferentes puestas en escena, algunas de estas\u2026","rel":"","context":"En \u00abCine\u00bb","block_context":{"text":"Cine","link":"https:\/\/zeromagazine.mx\/index.php\/category\/entretenimiento\/cine\/"},"img":{"alt_text":"","src":"","width":0,"height":0},"classes":[]}],"jetpack_sharing_enabled":true,"builder_content":"","_links":{"self":[{"href":"https:\/\/zeromagazine.mx\/index.php\/wp-json\/wp\/v2\/posts\/50700","targetHints":{"allow":["GET"]}}],"collection":[{"href":"https:\/\/zeromagazine.mx\/index.php\/wp-json\/wp\/v2\/posts"}],"about":[{"href":"https:\/\/zeromagazine.mx\/index.php\/wp-json\/wp\/v2\/types\/post"}],"author":[{"embeddable":true,"href":"https:\/\/zeromagazine.mx\/index.php\/wp-json\/wp\/v2\/users\/2"}],"replies":[{"embeddable":true,"href":"https:\/\/zeromagazine.mx\/index.php\/wp-json\/wp\/v2\/comments?post=50700"}],"version-history":[{"count":0,"href":"https:\/\/zeromagazine.mx\/index.php\/wp-json\/wp\/v2\/posts\/50700\/revisions"}],"wp:featuredmedia":[{"embeddable":true,"href":"https:\/\/zeromagazine.mx\/index.php\/wp-json\/"}],"wp:attachment":[{"href":"https:\/\/zeromagazine.mx\/index.php\/wp-json\/wp\/v2\/media?parent=50700"}],"wp:term":[{"taxonomy":"category","embeddable":true,"href":"https:\/\/zeromagazine.mx\/index.php\/wp-json\/wp\/v2\/categories?post=50700"},{"taxonomy":"post_tag","embeddable":true,"href":"https:\/\/zeromagazine.mx\/index.php\/wp-json\/wp\/v2\/tags?post=50700"}],"curies":[{"name":"wp","href":"https:\/\/api.w.org\/{rel}","templated":true}]}}