{"id":50893,"date":"2021-07-26T15:00:00","date_gmt":"2021-07-26T20:00:00","guid":{"rendered":"https:\/\/atomic-temporary-84115225.wpcomstaging.com\/?p=50893"},"modified":"2021-07-26T15:00:00","modified_gmt":"2021-07-26T20:00:00","slug":"puebla-sera-la-segunda-ciudad-que-celebre-mercedes-benz-fashion-week-mexico-del-30-de-julio-al-1-de-agosto","status":"publish","type":"post","link":"https:\/\/zeromagazine.mx\/index.php\/2021\/07\/26\/puebla-sera-la-segunda-ciudad-que-celebre-mercedes-benz-fashion-week-mexico-del-30-de-julio-al-1-de-agosto\/","title":{"rendered":"Puebla ser\u00e1 la segunda ciudad que celebre Mercedes-Benz Fashion Week M\u00e9xico del 30 de julio al 1 de agosto"},"content":{"rendered":"\n<p>Del <em>30 de Julio al 1 de agosto<\/em>, <strong>Puebla <\/strong>ser\u00e1 el escenario para presentar las nuevas colecciones de <strong>Julia <\/strong>y <strong>Renata, Montserrat Messeguer <\/strong>y <strong>Denisse Kuri<\/strong>.<\/p>\n\n\n\n<div class=\"wp-block-buttons is-layout-flex wp-block-buttons-is-layout-flex\">\n<div class=\"wp-block-button is-style-outline is-style-outline--1\"><a class=\"wp-block-button__link\">Por Moises Kushelevich<\/a><\/div>\n<\/div>\n\n\n\n<p><strong>Mercedes-Benz Fashion Week M\u00e9xico<\/strong> contin\u00faa su recorrido por ciudades claves del dise\u00f1o, la moda y las industrias creativas. Del <em>30 de Julio al 1 de agosto<\/em>, <strong>Puebla <\/strong>ser\u00e1 el segundo destino para vivir experiencias de lujo sustentable desde la perspectiva local.<\/p>\n\n\n\n<figure class=\"wp-block-embed is-type-rich is-provider-instagram wp-block-embed-instagram\"><div class=\"wp-block-embed__wrapper\">\nhttps:\/\/www.instagram.com\/p\/CRonWC_F8SO\/\n<\/div><\/figure>\n\n\n\n\n\n<p>Las propuestas de moda mexicana ser\u00e1n presentadas en un escenario efervescente para las artes, el dise\u00f1o y la destacada gastronom\u00eda local. Con el cuidado de los protocolos actuales se llevar\u00e1n a cabo los desfiles de<strong> Montserrat Messeguer, Julia<\/strong> y <strong>Renata <\/strong>presentados por <strong>Mercedes-Benz<\/strong> y el talento local, <strong>Denisse Kuri<\/strong>. Adem\u00e1s esta edici\u00f3n regresar\u00e1 a <strong><em>\u201cLaboratorio\u201d<\/em><\/strong> a su formato presencial, un espacio dise\u00f1ado para generar conversaciones en voz de expertos sobre la actualidad de la industria de la moda en nuestro pa\u00eds.<\/p>\n\n\n\n<figure class=\"wp-block-embed is-type-rich is-provider-instagram wp-block-embed-instagram\"><div class=\"wp-block-embed__wrapper\">\nhttps:\/\/www.instagram.com\/p\/CRrEpt0F8tg\/\n<\/div><\/figure>\n\n\n\n\n\n<p>Como parte de la estrategia de sostenibilidad de <strong>Mercedes-Benz<\/strong>, en las diferentes actividades del segundo destino, se presentar\u00e1n los diferentes veh\u00edculos h\u00edbridos conectables de la marca que acompa\u00f1ar\u00e1n estas experiencias de lujo sustentable.<\/p>\n\n\n<!--themify_builder_content-->\n<div id=\"themify_builder_content-50893\" data-postid=\"50893\" class=\"themify_builder_content themify_builder_content-50893 themify_builder tf_clear\">\n    <\/div>\n<!--\/themify_builder_content-->\n","protected":false},"excerpt":{"rendered":"<p>Del 30 de Julio al 1 de agosto, Puebla ser\u00e1 el escenario para presentar las nuevas colecciones de Julia y Renata, Montserrat Messeguer y Denisse Kuri. Mercedes-Benz Fashion Week M\u00e9xico contin\u00faa su recorrido por ciudades claves del dise\u00f1o, la moda y las industrias creativas. Del 30 de Julio al 1 de agosto, Puebla ser\u00e1 el [&hellip;]<\/p>\n","protected":false},"author":2,"featured_media":50896,"comment_status":"open","ping_status":"open","sticky":false,"template":"","format":"standard","meta":{"_jetpack_memberships_contains_paid_content":false,"footnotes":"","jetpack_publicize_message":"El evento de moda #MercedesBenzFashionWeekM\u00e9xico se llevar\u00e1 a cabo en Puebla del 30 de julio al 1 de agosto.","jetpack_publicize_feature_enabled":true,"jetpack_social_post_already_shared":true,"jetpack_social_options":{"image_generator_settings":{"template":"highway","default_image_id":0,"font":"","enabled":false},"version":2}},"categories":[63,67],"tags":[3014,3015,3016,299,3017,3018,1475],"class_list":["post-50893","post","type-post","status-publish","format-standard","has-post-thumbnail","hentry","category-lifestyle","category-moda","tag-denisse-kuri","tag-julia-y-renata","tag-laboratorio","tag-mercedes-benz","tag-mercedes-benz-fashion-week-mexico","tag-montserrat-messeguer","tag-puebla","has-post-title","has-post-date","has-post-category","has-post-tag","has-post-comment","has-post-author",""],"yoast_head":"<!-- This site is optimized with the Yoast SEO plugin v27.5 - https:\/\/yoast.com\/product\/yoast-seo-wordpress\/ -->\n<title>Puebla ser\u00e1 la segunda ciudad que celebre Mercedes-Benz Fashion Week M\u00e9xico del 30 de julio al 1 de agosto - Zero Magazine<\/title>\n<meta name=\"robots\" content=\"index, follow, max-snippet:-1, max-image-preview:large, max-video-preview:-1\" \/>\n<link rel=\"canonical\" href=\"https:\/\/zeromagazine.mx\/index.php\/2021\/07\/26\/puebla-sera-la-segunda-ciudad-que-celebre-mercedes-benz-fashion-week-mexico-del-30-de-julio-al-1-de-agosto\/\" \/>\n<meta property=\"og:locale\" content=\"es_ES\" \/>\n<meta property=\"og:type\" content=\"article\" \/>\n<meta property=\"og:title\" content=\"Puebla ser\u00e1 la segunda ciudad que celebre Mercedes-Benz Fashion Week M\u00e9xico del 30 de julio al 1 de agosto - Zero Magazine\" \/>\n<meta property=\"og:description\" content=\"Del 30 de Julio al 1 de agosto, Puebla ser\u00e1 el escenario para presentar las nuevas colecciones de Julia y Renata, Montserrat Messeguer y Denisse Kuri. Mercedes-Benz Fashion Week M\u00e9xico contin\u00faa su recorrido por ciudades claves del dise\u00f1o, la moda y las industrias creativas. Del 30 de Julio al 1 de agosto, Puebla ser\u00e1 el [&hellip;]\" \/>\n<meta property=\"og:url\" content=\"https:\/\/zeromagazine.mx\/index.php\/2021\/07\/26\/puebla-sera-la-segunda-ciudad-que-celebre-mercedes-benz-fashion-week-mexico-del-30-de-julio-al-1-de-agosto\/\" \/>\n<meta property=\"og:site_name\" content=\"Zero Magazine\" \/>\n<meta property=\"article:published_time\" content=\"2021-07-26T20:00:00+00:00\" \/>\n<meta name=\"author\" content=\"zeromagazinemx\" \/>\n<meta name=\"twitter:card\" content=\"summary_large_image\" \/>\n<meta name=\"twitter:label1\" content=\"Escrito por\" \/>\n\t<meta name=\"twitter:data1\" content=\"zeromagazinemx\" \/>\n\t<meta name=\"twitter:label2\" content=\"Tiempo de lectura\" \/>\n\t<meta name=\"twitter:data2\" content=\"1 minuto\" \/>\n<script type=\"application\/ld+json\" class=\"yoast-schema-graph\">{\"@context\":\"https:\\\/\\\/schema.org\",\"@graph\":[{\"@type\":\"Article\",\"@id\":\"https:\\\/\\\/zeromagazine.mx\\\/index.php\\\/2021\\\/07\\\/26\\\/puebla-sera-la-segunda-ciudad-que-celebre-mercedes-benz-fashion-week-mexico-del-30-de-julio-al-1-de-agosto\\\/#article\",\"isPartOf\":{\"@id\":\"https:\\\/\\\/zeromagazine.mx\\\/index.php\\\/2021\\\/07\\\/26\\\/puebla-sera-la-segunda-ciudad-que-celebre-mercedes-benz-fashion-week-mexico-del-30-de-julio-al-1-de-agosto\\\/\"},\"author\":{\"name\":\"zeromagazinemx\",\"@id\":\"https:\\\/\\\/zeromagazine.mx\\\/#\\\/schema\\\/person\\\/9aed9f33a7c39af3a348b86d723f7773\"},\"headline\":\"Puebla ser\u00e1 la segunda ciudad que celebre Mercedes-Benz Fashion Week M\u00e9xico del 30 de julio al 1 de agosto\",\"datePublished\":\"2021-07-26T20:00:00+00:00\",\"mainEntityOfPage\":{\"@id\":\"https:\\\/\\\/zeromagazine.mx\\\/index.php\\\/2021\\\/07\\\/26\\\/puebla-sera-la-segunda-ciudad-que-celebre-mercedes-benz-fashion-week-mexico-del-30-de-julio-al-1-de-agosto\\\/\"},\"wordCount\":230,\"commentCount\":0,\"publisher\":{\"@id\":\"https:\\\/\\\/zeromagazine.mx\\\/#organization\"},\"image\":{\"@id\":\"https:\\\/\\\/zeromagazine.mx\\\/index.php\\\/2021\\\/07\\\/26\\\/puebla-sera-la-segunda-ciudad-que-celebre-mercedes-benz-fashion-week-mexico-del-30-de-julio-al-1-de-agosto\\\/#primaryimage\"},\"thumbnailUrl\":\"\",\"keywords\":[\"Denisse Kuri\",\"Julia y Renata\",\"Laboratorio\",\"Mercedes benz\",\"Mercedes-Benz Fashion Week M\u00e9xico\",\"Montserrat Messeguer\",\"Puebla\"],\"articleSection\":[\"Lifestyle\",\"Moda\"],\"inLanguage\":\"es\",\"potentialAction\":[{\"@type\":\"CommentAction\",\"name\":\"Comment\",\"target\":[\"https:\\\/\\\/zeromagazine.mx\\\/index.php\\\/2021\\\/07\\\/26\\\/puebla-sera-la-segunda-ciudad-que-celebre-mercedes-benz-fashion-week-mexico-del-30-de-julio-al-1-de-agosto\\\/#respond\"]}]},{\"@type\":\"WebPage\",\"@id\":\"https:\\\/\\\/zeromagazine.mx\\\/index.php\\\/2021\\\/07\\\/26\\\/puebla-sera-la-segunda-ciudad-que-celebre-mercedes-benz-fashion-week-mexico-del-30-de-julio-al-1-de-agosto\\\/\",\"url\":\"https:\\\/\\\/zeromagazine.mx\\\/index.php\\\/2021\\\/07\\\/26\\\/puebla-sera-la-segunda-ciudad-que-celebre-mercedes-benz-fashion-week-mexico-del-30-de-julio-al-1-de-agosto\\\/\",\"name\":\"Puebla ser\u00e1 la segunda ciudad que celebre Mercedes-Benz Fashion Week M\u00e9xico del 30 de julio al 1 de agosto - Zero Magazine\",\"isPartOf\":{\"@id\":\"https:\\\/\\\/zeromagazine.mx\\\/#website\"},\"primaryImageOfPage\":{\"@id\":\"https:\\\/\\\/zeromagazine.mx\\\/index.php\\\/2021\\\/07\\\/26\\\/puebla-sera-la-segunda-ciudad-que-celebre-mercedes-benz-fashion-week-mexico-del-30-de-julio-al-1-de-agosto\\\/#primaryimage\"},\"image\":{\"@id\":\"https:\\\/\\\/zeromagazine.mx\\\/index.php\\\/2021\\\/07\\\/26\\\/puebla-sera-la-segunda-ciudad-que-celebre-mercedes-benz-fashion-week-mexico-del-30-de-julio-al-1-de-agosto\\\/#primaryimage\"},\"thumbnailUrl\":\"\",\"datePublished\":\"2021-07-26T20:00:00+00:00\",\"breadcrumb\":{\"@id\":\"https:\\\/\\\/zeromagazine.mx\\\/index.php\\\/2021\\\/07\\\/26\\\/puebla-sera-la-segunda-ciudad-que-celebre-mercedes-benz-fashion-week-mexico-del-30-de-julio-al-1-de-agosto\\\/#breadcrumb\"},\"inLanguage\":\"es\",\"potentialAction\":[{\"@type\":\"ReadAction\",\"target\":[\"https:\\\/\\\/zeromagazine.mx\\\/index.php\\\/2021\\\/07\\\/26\\\/puebla-sera-la-segunda-ciudad-que-celebre-mercedes-benz-fashion-week-mexico-del-30-de-julio-al-1-de-agosto\\\/\"]}]},{\"@type\":\"ImageObject\",\"inLanguage\":\"es\",\"@id\":\"https:\\\/\\\/zeromagazine.mx\\\/index.php\\\/2021\\\/07\\\/26\\\/puebla-sera-la-segunda-ciudad-que-celebre-mercedes-benz-fashion-week-mexico-del-30-de-julio-al-1-de-agosto\\\/#primaryimage\",\"url\":\"\",\"contentUrl\":\"\"},{\"@type\":\"BreadcrumbList\",\"@id\":\"https:\\\/\\\/zeromagazine.mx\\\/index.php\\\/2021\\\/07\\\/26\\\/puebla-sera-la-segunda-ciudad-que-celebre-mercedes-benz-fashion-week-mexico-del-30-de-julio-al-1-de-agosto\\\/#breadcrumb\",\"itemListElement\":[{\"@type\":\"ListItem\",\"position\":1,\"name\":\"Portada\",\"item\":\"https:\\\/\\\/zeromagazine.mx\\\/\"},{\"@type\":\"ListItem\",\"position\":2,\"name\":\"Puebla ser\u00e1 la segunda ciudad que celebre Mercedes-Benz Fashion Week M\u00e9xico del 30 de julio al 1 de agosto\"}]},{\"@type\":\"WebSite\",\"@id\":\"https:\\\/\\\/zeromagazine.mx\\\/#website\",\"url\":\"https:\\\/\\\/zeromagazine.mx\\\/\",\"name\":\"Zero Magazine\",\"description\":\"\",\"publisher\":{\"@id\":\"https:\\\/\\\/zeromagazine.mx\\\/#organization\"},\"potentialAction\":[{\"@type\":\"SearchAction\",\"target\":{\"@type\":\"EntryPoint\",\"urlTemplate\":\"https:\\\/\\\/zeromagazine.mx\\\/?s={search_term_string}\"},\"query-input\":{\"@type\":\"PropertyValueSpecification\",\"valueRequired\":true,\"valueName\":\"search_term_string\"}}],\"inLanguage\":\"es\"},{\"@type\":\"Organization\",\"@id\":\"https:\\\/\\\/zeromagazine.mx\\\/#organization\",\"name\":\"Zero Magazine\",\"url\":\"https:\\\/\\\/zeromagazine.mx\\\/\",\"logo\":{\"@type\":\"ImageObject\",\"inLanguage\":\"es\",\"@id\":\"https:\\\/\\\/zeromagazine.mx\\\/#\\\/schema\\\/logo\\\/image\\\/\",\"url\":\"https:\\\/\\\/i0.wp.com\\\/zeromagazine.mx\\\/wp-content\\\/uploads\\\/2025\\\/11\\\/1.jpeg?fit=1000%2C1000&ssl=1\",\"contentUrl\":\"https:\\\/\\\/i0.wp.com\\\/zeromagazine.mx\\\/wp-content\\\/uploads\\\/2025\\\/11\\\/1.jpeg?fit=1000%2C1000&ssl=1\",\"width\":1000,\"height\":1000,\"caption\":\"Zero Magazine\"},\"image\":{\"@id\":\"https:\\\/\\\/zeromagazine.mx\\\/#\\\/schema\\\/logo\\\/image\\\/\"},\"sameAs\":[\"https:\\\/\\\/instagram.com\\\/zeromagazinemx\"]},{\"@type\":\"Person\",\"@id\":\"https:\\\/\\\/zeromagazine.mx\\\/#\\\/schema\\\/person\\\/9aed9f33a7c39af3a348b86d723f7773\",\"name\":\"zeromagazinemx\",\"image\":{\"@type\":\"ImageObject\",\"inLanguage\":\"es\",\"@id\":\"https:\\\/\\\/zeromagazine.mx\\\/wp-content\\\/litespeed\\\/avatar\\\/f91dfe5410d5dcb1a576bf8c45983896.jpg?ver=1777571230\",\"url\":\"https:\\\/\\\/zeromagazine.mx\\\/wp-content\\\/litespeed\\\/avatar\\\/f91dfe5410d5dcb1a576bf8c45983896.jpg?ver=1777571230\",\"contentUrl\":\"https:\\\/\\\/zeromagazine.mx\\\/wp-content\\\/litespeed\\\/avatar\\\/f91dfe5410d5dcb1a576bf8c45983896.jpg?ver=1777571230\",\"caption\":\"zeromagazinemx\"},\"url\":\"https:\\\/\\\/zeromagazine.mx\\\/index.php\\\/author\\\/zeromagazinemx\\\/\"}]}<\/script>\n<!-- \/ Yoast SEO plugin. -->","yoast_head_json":{"title":"Puebla ser\u00e1 la segunda ciudad que celebre Mercedes-Benz Fashion Week M\u00e9xico del 30 de julio al 1 de agosto - Zero Magazine","robots":{"index":"index","follow":"follow","max-snippet":"max-snippet:-1","max-image-preview":"max-image-preview:large","max-video-preview":"max-video-preview:-1"},"canonical":"https:\/\/zeromagazine.mx\/index.php\/2021\/07\/26\/puebla-sera-la-segunda-ciudad-que-celebre-mercedes-benz-fashion-week-mexico-del-30-de-julio-al-1-de-agosto\/","og_locale":"es_ES","og_type":"article","og_title":"Puebla ser\u00e1 la segunda ciudad que celebre Mercedes-Benz Fashion Week M\u00e9xico del 30 de julio al 1 de agosto - Zero Magazine","og_description":"Del 30 de Julio al 1 de agosto, Puebla ser\u00e1 el escenario para presentar las nuevas colecciones de Julia y Renata, Montserrat Messeguer y Denisse Kuri. Mercedes-Benz Fashion Week M\u00e9xico contin\u00faa su recorrido por ciudades claves del dise\u00f1o, la moda y las industrias creativas. Del 30 de Julio al 1 de agosto, Puebla ser\u00e1 el [&hellip;]","og_url":"https:\/\/zeromagazine.mx\/index.php\/2021\/07\/26\/puebla-sera-la-segunda-ciudad-que-celebre-mercedes-benz-fashion-week-mexico-del-30-de-julio-al-1-de-agosto\/","og_site_name":"Zero Magazine","article_published_time":"2021-07-26T20:00:00+00:00","author":"zeromagazinemx","twitter_card":"summary_large_image","twitter_misc":{"Escrito por":"zeromagazinemx","Tiempo de lectura":"1 minuto"},"schema":{"@context":"https:\/\/schema.org","@graph":[{"@type":"Article","@id":"https:\/\/zeromagazine.mx\/index.php\/2021\/07\/26\/puebla-sera-la-segunda-ciudad-que-celebre-mercedes-benz-fashion-week-mexico-del-30-de-julio-al-1-de-agosto\/#article","isPartOf":{"@id":"https:\/\/zeromagazine.mx\/index.php\/2021\/07\/26\/puebla-sera-la-segunda-ciudad-que-celebre-mercedes-benz-fashion-week-mexico-del-30-de-julio-al-1-de-agosto\/"},"author":{"name":"zeromagazinemx","@id":"https:\/\/zeromagazine.mx\/#\/schema\/person\/9aed9f33a7c39af3a348b86d723f7773"},"headline":"Puebla ser\u00e1 la segunda ciudad que celebre Mercedes-Benz Fashion Week M\u00e9xico del 30 de julio al 1 de agosto","datePublished":"2021-07-26T20:00:00+00:00","mainEntityOfPage":{"@id":"https:\/\/zeromagazine.mx\/index.php\/2021\/07\/26\/puebla-sera-la-segunda-ciudad-que-celebre-mercedes-benz-fashion-week-mexico-del-30-de-julio-al-1-de-agosto\/"},"wordCount":230,"commentCount":0,"publisher":{"@id":"https:\/\/zeromagazine.mx\/#organization"},"image":{"@id":"https:\/\/zeromagazine.mx\/index.php\/2021\/07\/26\/puebla-sera-la-segunda-ciudad-que-celebre-mercedes-benz-fashion-week-mexico-del-30-de-julio-al-1-de-agosto\/#primaryimage"},"thumbnailUrl":"","keywords":["Denisse Kuri","Julia y Renata","Laboratorio","Mercedes benz","Mercedes-Benz Fashion Week M\u00e9xico","Montserrat Messeguer","Puebla"],"articleSection":["Lifestyle","Moda"],"inLanguage":"es","potentialAction":[{"@type":"CommentAction","name":"Comment","target":["https:\/\/zeromagazine.mx\/index.php\/2021\/07\/26\/puebla-sera-la-segunda-ciudad-que-celebre-mercedes-benz-fashion-week-mexico-del-30-de-julio-al-1-de-agosto\/#respond"]}]},{"@type":"WebPage","@id":"https:\/\/zeromagazine.mx\/index.php\/2021\/07\/26\/puebla-sera-la-segunda-ciudad-que-celebre-mercedes-benz-fashion-week-mexico-del-30-de-julio-al-1-de-agosto\/","url":"https:\/\/zeromagazine.mx\/index.php\/2021\/07\/26\/puebla-sera-la-segunda-ciudad-que-celebre-mercedes-benz-fashion-week-mexico-del-30-de-julio-al-1-de-agosto\/","name":"Puebla ser\u00e1 la segunda ciudad que celebre Mercedes-Benz Fashion Week M\u00e9xico del 30 de julio al 1 de agosto - Zero Magazine","isPartOf":{"@id":"https:\/\/zeromagazine.mx\/#website"},"primaryImageOfPage":{"@id":"https:\/\/zeromagazine.mx\/index.php\/2021\/07\/26\/puebla-sera-la-segunda-ciudad-que-celebre-mercedes-benz-fashion-week-mexico-del-30-de-julio-al-1-de-agosto\/#primaryimage"},"image":{"@id":"https:\/\/zeromagazine.mx\/index.php\/2021\/07\/26\/puebla-sera-la-segunda-ciudad-que-celebre-mercedes-benz-fashion-week-mexico-del-30-de-julio-al-1-de-agosto\/#primaryimage"},"thumbnailUrl":"","datePublished":"2021-07-26T20:00:00+00:00","breadcrumb":{"@id":"https:\/\/zeromagazine.mx\/index.php\/2021\/07\/26\/puebla-sera-la-segunda-ciudad-que-celebre-mercedes-benz-fashion-week-mexico-del-30-de-julio-al-1-de-agosto\/#breadcrumb"},"inLanguage":"es","potentialAction":[{"@type":"ReadAction","target":["https:\/\/zeromagazine.mx\/index.php\/2021\/07\/26\/puebla-sera-la-segunda-ciudad-que-celebre-mercedes-benz-fashion-week-mexico-del-30-de-julio-al-1-de-agosto\/"]}]},{"@type":"ImageObject","inLanguage":"es","@id":"https:\/\/zeromagazine.mx\/index.php\/2021\/07\/26\/puebla-sera-la-segunda-ciudad-que-celebre-mercedes-benz-fashion-week-mexico-del-30-de-julio-al-1-de-agosto\/#primaryimage","url":"","contentUrl":""},{"@type":"BreadcrumbList","@id":"https:\/\/zeromagazine.mx\/index.php\/2021\/07\/26\/puebla-sera-la-segunda-ciudad-que-celebre-mercedes-benz-fashion-week-mexico-del-30-de-julio-al-1-de-agosto\/#breadcrumb","itemListElement":[{"@type":"ListItem","position":1,"name":"Portada","item":"https:\/\/zeromagazine.mx\/"},{"@type":"ListItem","position":2,"name":"Puebla ser\u00e1 la segunda ciudad que celebre Mercedes-Benz Fashion Week M\u00e9xico del 30 de julio al 1 de agosto"}]},{"@type":"WebSite","@id":"https:\/\/zeromagazine.mx\/#website","url":"https:\/\/zeromagazine.mx\/","name":"Zero Magazine","description":"","publisher":{"@id":"https:\/\/zeromagazine.mx\/#organization"},"potentialAction":[{"@type":"SearchAction","target":{"@type":"EntryPoint","urlTemplate":"https:\/\/zeromagazine.mx\/?s={search_term_string}"},"query-input":{"@type":"PropertyValueSpecification","valueRequired":true,"valueName":"search_term_string"}}],"inLanguage":"es"},{"@type":"Organization","@id":"https:\/\/zeromagazine.mx\/#organization","name":"Zero Magazine","url":"https:\/\/zeromagazine.mx\/","logo":{"@type":"ImageObject","inLanguage":"es","@id":"https:\/\/zeromagazine.mx\/#\/schema\/logo\/image\/","url":"https:\/\/i0.wp.com\/zeromagazine.mx\/wp-content\/uploads\/2025\/11\/1.jpeg?fit=1000%2C1000&ssl=1","contentUrl":"https:\/\/i0.wp.com\/zeromagazine.mx\/wp-content\/uploads\/2025\/11\/1.jpeg?fit=1000%2C1000&ssl=1","width":1000,"height":1000,"caption":"Zero Magazine"},"image":{"@id":"https:\/\/zeromagazine.mx\/#\/schema\/logo\/image\/"},"sameAs":["https:\/\/instagram.com\/zeromagazinemx"]},{"@type":"Person","@id":"https:\/\/zeromagazine.mx\/#\/schema\/person\/9aed9f33a7c39af3a348b86d723f7773","name":"zeromagazinemx","image":{"@type":"ImageObject","inLanguage":"es","@id":"https:\/\/zeromagazine.mx\/wp-content\/litespeed\/avatar\/f91dfe5410d5dcb1a576bf8c45983896.jpg?ver=1777571230","url":"https:\/\/zeromagazine.mx\/wp-content\/litespeed\/avatar\/f91dfe5410d5dcb1a576bf8c45983896.jpg?ver=1777571230","contentUrl":"https:\/\/zeromagazine.mx\/wp-content\/litespeed\/avatar\/f91dfe5410d5dcb1a576bf8c45983896.jpg?ver=1777571230","caption":"zeromagazinemx"},"url":"https:\/\/zeromagazine.mx\/index.php\/author\/zeromagazinemx\/"}]}},"jetpack_publicize_connections":[],"jetpack_featured_media_url":"","jetpack-related-posts":[{"id":51558,"url":"https:\/\/zeromagazine.mx\/index.php\/2021\/08\/04\/mercedes-benz-fashion-week-mexico\/","url_meta":{"origin":50893,"position":0},"title":"Mercedes-Benz Fashion Week M\u00e9xico","author":"zeromagazinemx","date":"4 de agosto de 2021","format":false,"excerpt":"Mercedes-Benz Fashion Week M\u00e9xico present\u00f3 en Puebla las nuevas colecciones de las creativas mexicanas Montserrat Messeguer, Denisse Kuri y Julia y Renata. Por Mayra Torres La agenda inici\u00f3 con la dise\u00f1adora mexicana Montserrat Messeguer en el Museo de Arte Popular de Puebla con su colecci\u00f3n titulada \u201cRancho Grande\u201d, que retrata\u2026","rel":"","context":"En \u00abLifestyle\u00bb","block_context":{"text":"Lifestyle","link":"https:\/\/zeromagazine.mx\/index.php\/category\/lifestyle\/"},"img":{"alt_text":"","src":"","width":0,"height":0},"classes":[]},{"id":55638,"url":"https:\/\/zeromagazine.mx\/index.php\/2021\/10\/08\/mexico-y-mercedes-benz-fashion-week-celebran-15-anos-juntos\/","url_meta":{"origin":50893,"position":1},"title":"M\u00e9xico y Mercedes &#8211; Benz Fashion Week celebran 15 a\u00f1os juntos","author":"zeromagazinemx","date":"8 de octubre de 2021","format":false,"excerpt":"M\u00e9xico ha sido uno de los lugares donde se encuentra una de las sedes m\u00e1s importantes para la moda de la alta costura como lo es, Mercedes \u2013 Benz Fashion Week y en esta 30\u00aa edici\u00f3n podremos contar con desfiles protagonizados por los dise\u00f1adores m\u00e1s emblem\u00e1ticos como Vero D\u00edaz, Collectiva\u2026","rel":"","context":"En \u00abLifestyle\u00bb","block_context":{"text":"Lifestyle","link":"https:\/\/zeromagazine.mx\/index.php\/category\/lifestyle\/"},"img":{"alt_text":"","src":"https:\/\/i0.wp.com\/zeromagazinemx.wpcomstaging.com\/wp-content\/uploads\/2022\/02\/4c072-benz-fashion.jpg?resize=350%2C200&ssl=1","width":350,"height":200,"srcset":"https:\/\/i0.wp.com\/zeromagazinemx.wpcomstaging.com\/wp-content\/uploads\/2022\/02\/4c072-benz-fashion.jpg?resize=350%2C200&ssl=1 1x, https:\/\/i0.wp.com\/zeromagazinemx.wpcomstaging.com\/wp-content\/uploads\/2022\/02\/4c072-benz-fashion.jpg?resize=525%2C300&ssl=1 1.5x, https:\/\/i0.wp.com\/zeromagazinemx.wpcomstaging.com\/wp-content\/uploads\/2022\/02\/4c072-benz-fashion.jpg?resize=700%2C400&ssl=1 2x"},"classes":[]},{"id":72580,"url":"https:\/\/zeromagazine.mx\/index.php\/2024\/03\/27\/los-cabos-sede-de-mercedes-benz-fashion-week-mexico\/","url_meta":{"origin":50893,"position":2},"title":"Los Cabos: Sede de Mercedes-Benz Fashion Week M\u00e9xico","author":"zeromagazinemx","date":"27 de marzo de 2024","format":false,"excerpt":"Un evento de gran relevancia est\u00e1 por llegar a Los Cabos, y se trata nada m\u00e1s y nada menos que de Mercedes-Benz Fashion Week, presentado por Marriott Bonvoy Banorte. Del 02 al 06 de abril, este destino de lujo mexicano se convertir\u00e1 en el epicentro de la moda, al recibir\u2026","rel":"","context":"En \u00abModa\u00bb","block_context":{"text":"Moda","link":"https:\/\/zeromagazine.mx\/index.php\/category\/moda\/"},"img":{"alt_text":"","src":"https:\/\/i0.wp.com\/zeromagazine.mx\/wp-content\/uploads\/2024\/03\/Solaz-Luxury-Collection-12-scaled.jpg?fit=1200%2C899&ssl=1&resize=350%2C200","width":350,"height":200,"srcset":"https:\/\/i0.wp.com\/zeromagazine.mx\/wp-content\/uploads\/2024\/03\/Solaz-Luxury-Collection-12-scaled.jpg?fit=1200%2C899&ssl=1&resize=350%2C200 1x, https:\/\/i0.wp.com\/zeromagazine.mx\/wp-content\/uploads\/2024\/03\/Solaz-Luxury-Collection-12-scaled.jpg?fit=1200%2C899&ssl=1&resize=525%2C300 1.5x, https:\/\/i0.wp.com\/zeromagazine.mx\/wp-content\/uploads\/2024\/03\/Solaz-Luxury-Collection-12-scaled.jpg?fit=1200%2C899&ssl=1&resize=700%2C400 2x, https:\/\/i0.wp.com\/zeromagazine.mx\/wp-content\/uploads\/2024\/03\/Solaz-Luxury-Collection-12-scaled.jpg?fit=1200%2C899&ssl=1&resize=1050%2C600 3x"},"classes":[]},{"id":85897,"url":"https:\/\/zeromagazine.mx\/index.php\/2024\/10\/09\/fashion-week-cdmx-vibes-on-point\/","url_meta":{"origin":50893,"position":3},"title":"\u00abFashion Week CDMX: Vibes On Point\u00bb","author":"zeromagazinemx","date":"9 de octubre de 2024","format":false,"excerpt":"\u00a1Omg, la\u00a0Mercedes-Benz Fashion Week M\u00e9xico\u00a0est\u00e1 de regreso en la\u00a0CDMX, y honestly, est\u00e1 lista para dejar su huella m\u00e1s grande que nunca del 15 al 18 de octubre! Si eres fan de la moda o solo quieres vibes trendy, esta es\u00a0the place to be. Imag\u00ednate un evento donde el arte, la\u2026","rel":"","context":"En \u00abEntretenimiento\u00bb","block_context":{"text":"Entretenimiento","link":"https:\/\/zeromagazine.mx\/index.php\/category\/entretenimiento\/"},"img":{"alt_text":"","src":"https:\/\/i0.wp.com\/zeromagazine.mx\/wp-content\/uploads\/2024\/10\/CAMPANANA-MBFWMx-Oficial-1-1.png?fit=1200%2C800&ssl=1&resize=350%2C200","width":350,"height":200,"srcset":"https:\/\/i0.wp.com\/zeromagazine.mx\/wp-content\/uploads\/2024\/10\/CAMPANANA-MBFWMx-Oficial-1-1.png?fit=1200%2C800&ssl=1&resize=350%2C200 1x, https:\/\/i0.wp.com\/zeromagazine.mx\/wp-content\/uploads\/2024\/10\/CAMPANANA-MBFWMx-Oficial-1-1.png?fit=1200%2C800&ssl=1&resize=525%2C300 1.5x, https:\/\/i0.wp.com\/zeromagazine.mx\/wp-content\/uploads\/2024\/10\/CAMPANANA-MBFWMx-Oficial-1-1.png?fit=1200%2C800&ssl=1&resize=700%2C400 2x, https:\/\/i0.wp.com\/zeromagazine.mx\/wp-content\/uploads\/2024\/10\/CAMPANANA-MBFWMx-Oficial-1-1.png?fit=1200%2C800&ssl=1&resize=1050%2C600 3x"},"classes":[]},{"id":73361,"url":"https:\/\/zeromagazine.mx\/index.php\/2024\/04\/06\/mercedes-benz-en-mexico-y-medio-oriente\/","url_meta":{"origin":50893,"position":4},"title":"Mercedes-Benz en M\u00e9xico y Medio Oriente","author":"zeromagazinemx","date":"6 de abril de 2024","format":false,"excerpt":"\u00a1Les tengo noticias s\u00faper emocionantes sobre el mundo de la moda! Resulta que estamos a punto de presenciar algo incre\u00edble: la fusi\u00f3n de la moda mexicana con el talento de Medio Oriente en una edici\u00f3n de lujo que va a ser \u00e9pica. Primero que nada, d\u00e9jenme contarles que esta colaboraci\u00f3n\u2026","rel":"","context":"En \u00abCultura\u00bb","block_context":{"text":"Cultura","link":"https:\/\/zeromagazine.mx\/index.php\/category\/cultura\/"},"img":{"alt_text":"","src":"https:\/\/i0.wp.com\/zeromagazine.mx\/wp-content\/uploads\/2024\/04\/SAUDI-FASHION-3-scaled.jpg?fit=1200%2C1015&ssl=1&resize=350%2C200","width":350,"height":200,"srcset":"https:\/\/i0.wp.com\/zeromagazine.mx\/wp-content\/uploads\/2024\/04\/SAUDI-FASHION-3-scaled.jpg?fit=1200%2C1015&ssl=1&resize=350%2C200 1x, https:\/\/i0.wp.com\/zeromagazine.mx\/wp-content\/uploads\/2024\/04\/SAUDI-FASHION-3-scaled.jpg?fit=1200%2C1015&ssl=1&resize=525%2C300 1.5x, https:\/\/i0.wp.com\/zeromagazine.mx\/wp-content\/uploads\/2024\/04\/SAUDI-FASHION-3-scaled.jpg?fit=1200%2C1015&ssl=1&resize=700%2C400 2x, https:\/\/i0.wp.com\/zeromagazine.mx\/wp-content\/uploads\/2024\/04\/SAUDI-FASHION-3-scaled.jpg?fit=1200%2C1015&ssl=1&resize=1050%2C600 3x"},"classes":[]},{"id":85193,"url":"https:\/\/zeromagazine.mx\/index.php\/2024\/10\/03\/mbfw-2024-moda-sin-limites\/","url_meta":{"origin":50893,"position":5},"title":"\u00abMBFW 2024: Moda sin L\u00edmites\u00bb","author":"zeromagazinemx","date":"3 de octubre de 2024","format":false,"excerpt":"\u00a1Hey, fashionistas! Si eres de los que vive y respira moda, no puedes dejar pasar lo que est\u00e1 a punto de suceder en la Ciudad de M\u00e9xico del 15 al 18 de octubre de 2024. S\u00ed, estamos hablando de la Mercedes Benz Fashion Week M\u00e9xico, un evento que no solo\u2026","rel":"","context":"En \u00abModa\u00bb","block_context":{"text":"Moda","link":"https:\/\/zeromagazine.mx\/index.php\/category\/moda\/"},"img":{"alt_text":"","src":"https:\/\/i0.wp.com\/zeromagazine.mx\/wp-content\/uploads\/2024\/10\/CAMPANANA-MBFWMx-Oficial-1.png?fit=1200%2C800&ssl=1&resize=350%2C200","width":350,"height":200,"srcset":"https:\/\/i0.wp.com\/zeromagazine.mx\/wp-content\/uploads\/2024\/10\/CAMPANANA-MBFWMx-Oficial-1.png?fit=1200%2C800&ssl=1&resize=350%2C200 1x, https:\/\/i0.wp.com\/zeromagazine.mx\/wp-content\/uploads\/2024\/10\/CAMPANANA-MBFWMx-Oficial-1.png?fit=1200%2C800&ssl=1&resize=525%2C300 1.5x, https:\/\/i0.wp.com\/zeromagazine.mx\/wp-content\/uploads\/2024\/10\/CAMPANANA-MBFWMx-Oficial-1.png?fit=1200%2C800&ssl=1&resize=700%2C400 2x, https:\/\/i0.wp.com\/zeromagazine.mx\/wp-content\/uploads\/2024\/10\/CAMPANANA-MBFWMx-Oficial-1.png?fit=1200%2C800&ssl=1&resize=1050%2C600 3x"},"classes":[]}],"jetpack_sharing_enabled":true,"builder_content":"","_links":{"self":[{"href":"https:\/\/zeromagazine.mx\/index.php\/wp-json\/wp\/v2\/posts\/50893","targetHints":{"allow":["GET"]}}],"collection":[{"href":"https:\/\/zeromagazine.mx\/index.php\/wp-json\/wp\/v2\/posts"}],"about":[{"href":"https:\/\/zeromagazine.mx\/index.php\/wp-json\/wp\/v2\/types\/post"}],"author":[{"embeddable":true,"href":"https:\/\/zeromagazine.mx\/index.php\/wp-json\/wp\/v2\/users\/2"}],"replies":[{"embeddable":true,"href":"https:\/\/zeromagazine.mx\/index.php\/wp-json\/wp\/v2\/comments?post=50893"}],"version-history":[{"count":0,"href":"https:\/\/zeromagazine.mx\/index.php\/wp-json\/wp\/v2\/posts\/50893\/revisions"}],"wp:featuredmedia":[{"embeddable":true,"href":"https:\/\/zeromagazine.mx\/index.php\/wp-json\/"}],"wp:attachment":[{"href":"https:\/\/zeromagazine.mx\/index.php\/wp-json\/wp\/v2\/media?parent=50893"}],"wp:term":[{"taxonomy":"category","embeddable":true,"href":"https:\/\/zeromagazine.mx\/index.php\/wp-json\/wp\/v2\/categories?post=50893"},{"taxonomy":"post_tag","embeddable":true,"href":"https:\/\/zeromagazine.mx\/index.php\/wp-json\/wp\/v2\/tags?post=50893"}],"curies":[{"name":"wp","href":"https:\/\/api.w.org\/{rel}","templated":true}]}}