{"id":50927,"date":"2021-07-26T18:48:11","date_gmt":"2021-07-26T23:48:11","guid":{"rendered":"https:\/\/atomic-temporary-84115225.wpcomstaging.com\/?p=50927"},"modified":"2021-07-26T18:48:11","modified_gmt":"2021-07-26T23:48:11","slug":"vadhir-y-ximena-sarinana-presentan-el-nuevo-sencillo-te-confieso","status":"publish","type":"post","link":"https:\/\/zeromagazine.mx\/index.php\/2021\/07\/26\/vadhir-y-ximena-sarinana-presentan-el-nuevo-sencillo-te-confieso\/","title":{"rendered":"Vadhir y Ximena Sari\u00f1ana presentan el nuevo sencillo \u201cTe Confieso\u201d"},"content":{"rendered":"\n<p><strong>Vadhir <\/strong>sorprende al p\u00fablico con un nuevo sencillo en colaboraci\u00f3n con la reconocida <strong>Ximena Sari\u00f1ana<\/strong>.<\/p>\n\n\n\n<div class=\"wp-block-buttons is-layout-flex wp-block-buttons-is-layout-flex\">\n<div class=\"wp-block-button is-style-outline is-style-outline--1\"><a class=\"wp-block-button__link\">Por Mayra Torres<\/a><\/div>\n<\/div>\n\n\n\n<p><strong><em>\u201cTe Confieso\u201d<\/em><\/strong> es el nuevo tema de <strong>Vadhir <\/strong>en colaboraci\u00f3n con la cantante <strong>Ximena Sari\u00f1ana<\/strong>, una balada pop que deja ver el lado melanc\u00f3lico y sentimental del cantante con una letra desgarradora y emocionante que retrata el conflicto emocional tras una ruptura amorosa.<\/p>\n\n\n\n<figure class=\"wp-block-embed aligncenter is-type-video is-provider-youtube wp-block-embed-youtube wp-embed-aspect-16-9 wp-has-aspect-ratio\"><div class=\"wp-block-embed__wrapper\">\n<div class=\"post-video\"><iframe title=\"TE CONFIESO - Vadhir ft. Ximena Sari\u00f1ana (Official Video)\" width=\"1165\" height=\"655\" src=\"https:\/\/www.youtube.com\/embed\/Vxbl0TxHQUU?feature=oembed\" frameborder=\"0\" allow=\"accelerometer; autoplay; clipboard-write; encrypted-media; gyroscope; picture-in-picture; web-share\" allowfullscreen><\/iframe><\/div>\n<\/div><\/figure>\n\n\n\n\n\n<p>El video de <strong><em>\u201cTe Confieso\u201d<\/em><\/strong> tiene una atm\u00f3sfera retro que simula un <em>unplugged <\/em>en los a\u00f1os 70 \u0301s y fue producido por <strong>The Broducers<\/strong> quienes tambi\u00e9n produjeron el video de <strong><em>\u201cBuena suerte\u201d<\/em><\/strong> y <strong><em>\u201cLuna\u201d<\/em><\/strong>.<\/p>\n\n\n\n<p class=\"has-text-align-center\"><em><strong>\u201cTe Confieso\u201d<\/strong> ya se encuentra en plataformas digitales.<\/em><\/p>\n\n\n<!--themify_builder_content-->\n<div id=\"themify_builder_content-50927\" data-postid=\"50927\" class=\"themify_builder_content themify_builder_content-50927 themify_builder tf_clear\">\n    <\/div>\n<!--\/themify_builder_content-->\n","protected":false},"excerpt":{"rendered":"<p>Vadhir sorprende al p\u00fablico con un nuevo sencillo en colaboraci\u00f3n con la reconocida Ximena Sari\u00f1ana. \u201cTe Confieso\u201d es el nuevo tema de Vadhir en colaboraci\u00f3n con la cantante Ximena Sari\u00f1ana, una balada pop que deja ver el lado melanc\u00f3lico y sentimental del cantante con una letra desgarradora y emocionante que retrata el conflicto emocional tras [&hellip;]<\/p>\n","protected":false},"author":2,"featured_media":50931,"comment_status":"open","ping_status":"open","sticky":false,"template":"","format":"standard","meta":{"_jetpack_memberships_contains_paid_content":false,"footnotes":"","jetpack_publicize_message":"","jetpack_publicize_feature_enabled":true,"jetpack_social_post_already_shared":true,"jetpack_social_options":{"image_generator_settings":{"template":"highway","default_image_id":0,"font":"","enabled":false},"version":2}},"categories":[117],"tags":[3052,3053,360,3054,3055,3056,3057],"class_list":["post-50927","post","type-post","status-publish","format-standard","has-post-thumbnail","hentry","category-entretenimiento","tag-buena-suerte","tag-luna","tag-sencillo","tag-te-confieso","tag-the-broducers","tag-vadhir","tag-ximena-sarinana","has-post-title","has-post-date","has-post-category","has-post-tag","has-post-comment","has-post-author",""],"yoast_head":"<!-- This site is optimized with the Yoast SEO plugin v27.4 - https:\/\/yoast.com\/product\/yoast-seo-wordpress\/ -->\n<title>Vadhir y Ximena Sari\u00f1ana presentan el nuevo sencillo \u201cTe Confieso\u201d - Zero Magazine<\/title>\n<meta name=\"robots\" content=\"index, follow, max-snippet:-1, max-image-preview:large, max-video-preview:-1\" \/>\n<link rel=\"canonical\" href=\"https:\/\/zeromagazine.mx\/index.php\/2021\/07\/26\/vadhir-y-ximena-sarinana-presentan-el-nuevo-sencillo-te-confieso\/\" \/>\n<meta property=\"og:locale\" content=\"es_ES\" \/>\n<meta property=\"og:type\" content=\"article\" \/>\n<meta property=\"og:title\" content=\"Vadhir y Ximena Sari\u00f1ana presentan el nuevo sencillo \u201cTe Confieso\u201d - Zero Magazine\" \/>\n<meta property=\"og:description\" content=\"Vadhir sorprende al p\u00fablico con un nuevo sencillo en colaboraci\u00f3n con la reconocida Ximena Sari\u00f1ana. \u201cTe Confieso\u201d es el nuevo tema de Vadhir en colaboraci\u00f3n con la cantante Ximena Sari\u00f1ana, una balada pop que deja ver el lado melanc\u00f3lico y sentimental del cantante con una letra desgarradora y emocionante que retrata el conflicto emocional tras [&hellip;]\" \/>\n<meta property=\"og:url\" content=\"https:\/\/zeromagazine.mx\/index.php\/2021\/07\/26\/vadhir-y-ximena-sarinana-presentan-el-nuevo-sencillo-te-confieso\/\" \/>\n<meta property=\"og:site_name\" content=\"Zero Magazine\" \/>\n<meta property=\"article:published_time\" content=\"2021-07-26T23:48:11+00:00\" \/>\n<meta name=\"author\" content=\"zeromagazinemx\" \/>\n<meta name=\"twitter:card\" content=\"summary_large_image\" \/>\n<meta name=\"twitter:label1\" content=\"Escrito por\" \/>\n\t<meta name=\"twitter:data1\" content=\"zeromagazinemx\" \/>\n\t<meta name=\"twitter:label2\" content=\"Tiempo de lectura\" \/>\n\t<meta name=\"twitter:data2\" content=\"1 minuto\" \/>\n<script type=\"application\/ld+json\" class=\"yoast-schema-graph\">{\"@context\":\"https:\\\/\\\/schema.org\",\"@graph\":[{\"@type\":\"Article\",\"@id\":\"https:\\\/\\\/zeromagazine.mx\\\/index.php\\\/2021\\\/07\\\/26\\\/vadhir-y-ximena-sarinana-presentan-el-nuevo-sencillo-te-confieso\\\/#article\",\"isPartOf\":{\"@id\":\"https:\\\/\\\/zeromagazine.mx\\\/index.php\\\/2021\\\/07\\\/26\\\/vadhir-y-ximena-sarinana-presentan-el-nuevo-sencillo-te-confieso\\\/\"},\"author\":{\"name\":\"zeromagazinemx\",\"@id\":\"https:\\\/\\\/zeromagazine.mx\\\/#\\\/schema\\\/person\\\/9aed9f33a7c39af3a348b86d723f7773\"},\"headline\":\"Vadhir y Ximena Sari\u00f1ana presentan el nuevo sencillo \u201cTe Confieso\u201d\",\"datePublished\":\"2021-07-26T23:48:11+00:00\",\"mainEntityOfPage\":{\"@id\":\"https:\\\/\\\/zeromagazine.mx\\\/index.php\\\/2021\\\/07\\\/26\\\/vadhir-y-ximena-sarinana-presentan-el-nuevo-sencillo-te-confieso\\\/\"},\"wordCount\":130,\"commentCount\":0,\"publisher\":{\"@id\":\"https:\\\/\\\/zeromagazine.mx\\\/#organization\"},\"image\":{\"@id\":\"https:\\\/\\\/zeromagazine.mx\\\/index.php\\\/2021\\\/07\\\/26\\\/vadhir-y-ximena-sarinana-presentan-el-nuevo-sencillo-te-confieso\\\/#primaryimage\"},\"thumbnailUrl\":\"\",\"keywords\":[\"Buena Suerte\",\"lUNA\",\"Sencillo\",\"Te Confieso\",\"the broducers\",\"Vadhir\",\"Ximena Sari\u00f1ana\"],\"articleSection\":[\"Entretenimiento\"],\"inLanguage\":\"es\",\"potentialAction\":[{\"@type\":\"CommentAction\",\"name\":\"Comment\",\"target\":[\"https:\\\/\\\/zeromagazine.mx\\\/index.php\\\/2021\\\/07\\\/26\\\/vadhir-y-ximena-sarinana-presentan-el-nuevo-sencillo-te-confieso\\\/#respond\"]}]},{\"@type\":\"WebPage\",\"@id\":\"https:\\\/\\\/zeromagazine.mx\\\/index.php\\\/2021\\\/07\\\/26\\\/vadhir-y-ximena-sarinana-presentan-el-nuevo-sencillo-te-confieso\\\/\",\"url\":\"https:\\\/\\\/zeromagazine.mx\\\/index.php\\\/2021\\\/07\\\/26\\\/vadhir-y-ximena-sarinana-presentan-el-nuevo-sencillo-te-confieso\\\/\",\"name\":\"Vadhir y Ximena Sari\u00f1ana presentan el nuevo sencillo \u201cTe Confieso\u201d - Zero Magazine\",\"isPartOf\":{\"@id\":\"https:\\\/\\\/zeromagazine.mx\\\/#website\"},\"primaryImageOfPage\":{\"@id\":\"https:\\\/\\\/zeromagazine.mx\\\/index.php\\\/2021\\\/07\\\/26\\\/vadhir-y-ximena-sarinana-presentan-el-nuevo-sencillo-te-confieso\\\/#primaryimage\"},\"image\":{\"@id\":\"https:\\\/\\\/zeromagazine.mx\\\/index.php\\\/2021\\\/07\\\/26\\\/vadhir-y-ximena-sarinana-presentan-el-nuevo-sencillo-te-confieso\\\/#primaryimage\"},\"thumbnailUrl\":\"\",\"datePublished\":\"2021-07-26T23:48:11+00:00\",\"breadcrumb\":{\"@id\":\"https:\\\/\\\/zeromagazine.mx\\\/index.php\\\/2021\\\/07\\\/26\\\/vadhir-y-ximena-sarinana-presentan-el-nuevo-sencillo-te-confieso\\\/#breadcrumb\"},\"inLanguage\":\"es\",\"potentialAction\":[{\"@type\":\"ReadAction\",\"target\":[\"https:\\\/\\\/zeromagazine.mx\\\/index.php\\\/2021\\\/07\\\/26\\\/vadhir-y-ximena-sarinana-presentan-el-nuevo-sencillo-te-confieso\\\/\"]}]},{\"@type\":\"ImageObject\",\"inLanguage\":\"es\",\"@id\":\"https:\\\/\\\/zeromagazine.mx\\\/index.php\\\/2021\\\/07\\\/26\\\/vadhir-y-ximena-sarinana-presentan-el-nuevo-sencillo-te-confieso\\\/#primaryimage\",\"url\":\"\",\"contentUrl\":\"\"},{\"@type\":\"BreadcrumbList\",\"@id\":\"https:\\\/\\\/zeromagazine.mx\\\/index.php\\\/2021\\\/07\\\/26\\\/vadhir-y-ximena-sarinana-presentan-el-nuevo-sencillo-te-confieso\\\/#breadcrumb\",\"itemListElement\":[{\"@type\":\"ListItem\",\"position\":1,\"name\":\"Portada\",\"item\":\"https:\\\/\\\/zeromagazine.mx\\\/\"},{\"@type\":\"ListItem\",\"position\":2,\"name\":\"Vadhir y Ximena Sari\u00f1ana presentan el nuevo sencillo \u201cTe Confieso\u201d\"}]},{\"@type\":\"WebSite\",\"@id\":\"https:\\\/\\\/zeromagazine.mx\\\/#website\",\"url\":\"https:\\\/\\\/zeromagazine.mx\\\/\",\"name\":\"Zero Magazine\",\"description\":\"\",\"publisher\":{\"@id\":\"https:\\\/\\\/zeromagazine.mx\\\/#organization\"},\"potentialAction\":[{\"@type\":\"SearchAction\",\"target\":{\"@type\":\"EntryPoint\",\"urlTemplate\":\"https:\\\/\\\/zeromagazine.mx\\\/?s={search_term_string}\"},\"query-input\":{\"@type\":\"PropertyValueSpecification\",\"valueRequired\":true,\"valueName\":\"search_term_string\"}}],\"inLanguage\":\"es\"},{\"@type\":\"Organization\",\"@id\":\"https:\\\/\\\/zeromagazine.mx\\\/#organization\",\"name\":\"Zero Magazine\",\"url\":\"https:\\\/\\\/zeromagazine.mx\\\/\",\"logo\":{\"@type\":\"ImageObject\",\"inLanguage\":\"es\",\"@id\":\"https:\\\/\\\/zeromagazine.mx\\\/#\\\/schema\\\/logo\\\/image\\\/\",\"url\":\"https:\\\/\\\/i0.wp.com\\\/zeromagazine.mx\\\/wp-content\\\/uploads\\\/2025\\\/11\\\/1.jpeg?fit=1000%2C1000&ssl=1\",\"contentUrl\":\"https:\\\/\\\/i0.wp.com\\\/zeromagazine.mx\\\/wp-content\\\/uploads\\\/2025\\\/11\\\/1.jpeg?fit=1000%2C1000&ssl=1\",\"width\":1000,\"height\":1000,\"caption\":\"Zero Magazine\"},\"image\":{\"@id\":\"https:\\\/\\\/zeromagazine.mx\\\/#\\\/schema\\\/logo\\\/image\\\/\"},\"sameAs\":[\"https:\\\/\\\/instagram.com\\\/zeromagazinemx\"]},{\"@type\":\"Person\",\"@id\":\"https:\\\/\\\/zeromagazine.mx\\\/#\\\/schema\\\/person\\\/9aed9f33a7c39af3a348b86d723f7773\",\"name\":\"zeromagazinemx\",\"image\":{\"@type\":\"ImageObject\",\"inLanguage\":\"es\",\"@id\":\"https:\\\/\\\/zeromagazine.mx\\\/wp-content\\\/litespeed\\\/avatar\\\/f91dfe5410d5dcb1a576bf8c45983896.jpg?ver=1776966396\",\"url\":\"https:\\\/\\\/zeromagazine.mx\\\/wp-content\\\/litespeed\\\/avatar\\\/f91dfe5410d5dcb1a576bf8c45983896.jpg?ver=1776966396\",\"contentUrl\":\"https:\\\/\\\/zeromagazine.mx\\\/wp-content\\\/litespeed\\\/avatar\\\/f91dfe5410d5dcb1a576bf8c45983896.jpg?ver=1776966396\",\"caption\":\"zeromagazinemx\"},\"url\":\"https:\\\/\\\/zeromagazine.mx\\\/index.php\\\/author\\\/zeromagazinemx\\\/\"}]}<\/script>\n<!-- \/ Yoast SEO plugin. -->","yoast_head_json":{"title":"Vadhir y Ximena Sari\u00f1ana presentan el nuevo sencillo \u201cTe Confieso\u201d - Zero Magazine","robots":{"index":"index","follow":"follow","max-snippet":"max-snippet:-1","max-image-preview":"max-image-preview:large","max-video-preview":"max-video-preview:-1"},"canonical":"https:\/\/zeromagazine.mx\/index.php\/2021\/07\/26\/vadhir-y-ximena-sarinana-presentan-el-nuevo-sencillo-te-confieso\/","og_locale":"es_ES","og_type":"article","og_title":"Vadhir y Ximena Sari\u00f1ana presentan el nuevo sencillo \u201cTe Confieso\u201d - Zero Magazine","og_description":"Vadhir sorprende al p\u00fablico con un nuevo sencillo en colaboraci\u00f3n con la reconocida Ximena Sari\u00f1ana. \u201cTe Confieso\u201d es el nuevo tema de Vadhir en colaboraci\u00f3n con la cantante Ximena Sari\u00f1ana, una balada pop que deja ver el lado melanc\u00f3lico y sentimental del cantante con una letra desgarradora y emocionante que retrata el conflicto emocional tras [&hellip;]","og_url":"https:\/\/zeromagazine.mx\/index.php\/2021\/07\/26\/vadhir-y-ximena-sarinana-presentan-el-nuevo-sencillo-te-confieso\/","og_site_name":"Zero Magazine","article_published_time":"2021-07-26T23:48:11+00:00","author":"zeromagazinemx","twitter_card":"summary_large_image","twitter_misc":{"Escrito por":"zeromagazinemx","Tiempo de lectura":"1 minuto"},"schema":{"@context":"https:\/\/schema.org","@graph":[{"@type":"Article","@id":"https:\/\/zeromagazine.mx\/index.php\/2021\/07\/26\/vadhir-y-ximena-sarinana-presentan-el-nuevo-sencillo-te-confieso\/#article","isPartOf":{"@id":"https:\/\/zeromagazine.mx\/index.php\/2021\/07\/26\/vadhir-y-ximena-sarinana-presentan-el-nuevo-sencillo-te-confieso\/"},"author":{"name":"zeromagazinemx","@id":"https:\/\/zeromagazine.mx\/#\/schema\/person\/9aed9f33a7c39af3a348b86d723f7773"},"headline":"Vadhir y Ximena Sari\u00f1ana presentan el nuevo sencillo \u201cTe Confieso\u201d","datePublished":"2021-07-26T23:48:11+00:00","mainEntityOfPage":{"@id":"https:\/\/zeromagazine.mx\/index.php\/2021\/07\/26\/vadhir-y-ximena-sarinana-presentan-el-nuevo-sencillo-te-confieso\/"},"wordCount":130,"commentCount":0,"publisher":{"@id":"https:\/\/zeromagazine.mx\/#organization"},"image":{"@id":"https:\/\/zeromagazine.mx\/index.php\/2021\/07\/26\/vadhir-y-ximena-sarinana-presentan-el-nuevo-sencillo-te-confieso\/#primaryimage"},"thumbnailUrl":"","keywords":["Buena Suerte","lUNA","Sencillo","Te Confieso","the broducers","Vadhir","Ximena Sari\u00f1ana"],"articleSection":["Entretenimiento"],"inLanguage":"es","potentialAction":[{"@type":"CommentAction","name":"Comment","target":["https:\/\/zeromagazine.mx\/index.php\/2021\/07\/26\/vadhir-y-ximena-sarinana-presentan-el-nuevo-sencillo-te-confieso\/#respond"]}]},{"@type":"WebPage","@id":"https:\/\/zeromagazine.mx\/index.php\/2021\/07\/26\/vadhir-y-ximena-sarinana-presentan-el-nuevo-sencillo-te-confieso\/","url":"https:\/\/zeromagazine.mx\/index.php\/2021\/07\/26\/vadhir-y-ximena-sarinana-presentan-el-nuevo-sencillo-te-confieso\/","name":"Vadhir y Ximena Sari\u00f1ana presentan el nuevo sencillo \u201cTe Confieso\u201d - Zero Magazine","isPartOf":{"@id":"https:\/\/zeromagazine.mx\/#website"},"primaryImageOfPage":{"@id":"https:\/\/zeromagazine.mx\/index.php\/2021\/07\/26\/vadhir-y-ximena-sarinana-presentan-el-nuevo-sencillo-te-confieso\/#primaryimage"},"image":{"@id":"https:\/\/zeromagazine.mx\/index.php\/2021\/07\/26\/vadhir-y-ximena-sarinana-presentan-el-nuevo-sencillo-te-confieso\/#primaryimage"},"thumbnailUrl":"","datePublished":"2021-07-26T23:48:11+00:00","breadcrumb":{"@id":"https:\/\/zeromagazine.mx\/index.php\/2021\/07\/26\/vadhir-y-ximena-sarinana-presentan-el-nuevo-sencillo-te-confieso\/#breadcrumb"},"inLanguage":"es","potentialAction":[{"@type":"ReadAction","target":["https:\/\/zeromagazine.mx\/index.php\/2021\/07\/26\/vadhir-y-ximena-sarinana-presentan-el-nuevo-sencillo-te-confieso\/"]}]},{"@type":"ImageObject","inLanguage":"es","@id":"https:\/\/zeromagazine.mx\/index.php\/2021\/07\/26\/vadhir-y-ximena-sarinana-presentan-el-nuevo-sencillo-te-confieso\/#primaryimage","url":"","contentUrl":""},{"@type":"BreadcrumbList","@id":"https:\/\/zeromagazine.mx\/index.php\/2021\/07\/26\/vadhir-y-ximena-sarinana-presentan-el-nuevo-sencillo-te-confieso\/#breadcrumb","itemListElement":[{"@type":"ListItem","position":1,"name":"Portada","item":"https:\/\/zeromagazine.mx\/"},{"@type":"ListItem","position":2,"name":"Vadhir y Ximena Sari\u00f1ana presentan el nuevo sencillo \u201cTe Confieso\u201d"}]},{"@type":"WebSite","@id":"https:\/\/zeromagazine.mx\/#website","url":"https:\/\/zeromagazine.mx\/","name":"Zero Magazine","description":"","publisher":{"@id":"https:\/\/zeromagazine.mx\/#organization"},"potentialAction":[{"@type":"SearchAction","target":{"@type":"EntryPoint","urlTemplate":"https:\/\/zeromagazine.mx\/?s={search_term_string}"},"query-input":{"@type":"PropertyValueSpecification","valueRequired":true,"valueName":"search_term_string"}}],"inLanguage":"es"},{"@type":"Organization","@id":"https:\/\/zeromagazine.mx\/#organization","name":"Zero Magazine","url":"https:\/\/zeromagazine.mx\/","logo":{"@type":"ImageObject","inLanguage":"es","@id":"https:\/\/zeromagazine.mx\/#\/schema\/logo\/image\/","url":"https:\/\/i0.wp.com\/zeromagazine.mx\/wp-content\/uploads\/2025\/11\/1.jpeg?fit=1000%2C1000&ssl=1","contentUrl":"https:\/\/i0.wp.com\/zeromagazine.mx\/wp-content\/uploads\/2025\/11\/1.jpeg?fit=1000%2C1000&ssl=1","width":1000,"height":1000,"caption":"Zero Magazine"},"image":{"@id":"https:\/\/zeromagazine.mx\/#\/schema\/logo\/image\/"},"sameAs":["https:\/\/instagram.com\/zeromagazinemx"]},{"@type":"Person","@id":"https:\/\/zeromagazine.mx\/#\/schema\/person\/9aed9f33a7c39af3a348b86d723f7773","name":"zeromagazinemx","image":{"@type":"ImageObject","inLanguage":"es","@id":"https:\/\/zeromagazine.mx\/wp-content\/litespeed\/avatar\/f91dfe5410d5dcb1a576bf8c45983896.jpg?ver=1776966396","url":"https:\/\/zeromagazine.mx\/wp-content\/litespeed\/avatar\/f91dfe5410d5dcb1a576bf8c45983896.jpg?ver=1776966396","contentUrl":"https:\/\/zeromagazine.mx\/wp-content\/litespeed\/avatar\/f91dfe5410d5dcb1a576bf8c45983896.jpg?ver=1776966396","caption":"zeromagazinemx"},"url":"https:\/\/zeromagazine.mx\/index.php\/author\/zeromagazinemx\/"}]}},"jetpack_publicize_connections":[],"jetpack_featured_media_url":"","jetpack-related-posts":[{"id":103702,"url":"https:\/\/zeromagazine.mx\/index.php\/2025\/05\/06\/nueva-fecha-de-miguel-bose-en-el-auditorio-nacional\/","url_meta":{"origin":50927,"position":0},"title":"Nueva Fecha De Miguel Bos\u00e9 En El Auditorio Nacional","author":"David Morales","date":"6 de mayo de 2025","format":false,"excerpt":"Ey amix, ya s\u00e9 que en tu playlist hay de todo: reggaet\u00f3n sucio, pop indie, y obvio alguna rola triste para llorar. Pero si neta te consideras fan de la m\u00fasica que dej\u00f3 huella, entonces este anuncio te va a poner en mood de nostalgia total. Porque s\u00ed, Miguel Bos\u00e9\u2026","rel":"","context":"En \u00abEntretenimiento\u00bb","block_context":{"text":"Entretenimiento","link":"https:\/\/zeromagazine.mx\/index.php\/category\/entretenimiento\/"},"img":{"alt_text":"","src":"https:\/\/i0.wp.com\/zeromagazine.mx\/wp-content\/uploads\/2025\/05\/Todo-sobre-%E2%80%98Importante-Tour-el-regreso-de-Miguel-Bose-a-los-escenarios.jpg?fit=736%2C478&ssl=1&resize=350%2C200","width":350,"height":200,"srcset":"https:\/\/i0.wp.com\/zeromagazine.mx\/wp-content\/uploads\/2025\/05\/Todo-sobre-%E2%80%98Importante-Tour-el-regreso-de-Miguel-Bose-a-los-escenarios.jpg?fit=736%2C478&ssl=1&resize=350%2C200 1x, https:\/\/i0.wp.com\/zeromagazine.mx\/wp-content\/uploads\/2025\/05\/Todo-sobre-%E2%80%98Importante-Tour-el-regreso-de-Miguel-Bose-a-los-escenarios.jpg?fit=736%2C478&ssl=1&resize=525%2C300 1.5x, https:\/\/i0.wp.com\/zeromagazine.mx\/wp-content\/uploads\/2025\/05\/Todo-sobre-%E2%80%98Importante-Tour-el-regreso-de-Miguel-Bose-a-los-escenarios.jpg?fit=736%2C478&ssl=1&resize=700%2C400 2x"},"classes":[]},{"id":77877,"url":"https:\/\/zeromagazine.mx\/index.php\/2024\/06\/13\/hera-hsbc-el-festival-del-verano-que-no-te-puedes-perder\/","url_meta":{"origin":50927,"position":1},"title":"HERA HSBC: El Festival del Verano que No Te Puedes Perder","author":"zeromagazinemx","date":"13 de junio de 2024","format":false,"excerpt":"Se acerca HERA HSBC, el festival del verano que promete sacudir la escena musical en M\u00e9xico con un lineup espectacular. Desde grandes nombres internacionales hasta talento nacional, este evento se perfila como una experiencia imperdible para todes los amantes de la m\u00fasica. Para empezar, HERA HSBC aterriza por primera vez\u2026","rel":"","context":"En \u00abBlog\u00bb","block_context":{"text":"Blog","link":"https:\/\/zeromagazine.mx\/index.php\/category\/blog\/"},"img":{"alt_text":"","src":"https:\/\/i0.wp.com\/zeromagazine.mx\/wp-content\/uploads\/2024\/06\/image_processing20240612-9-zqjysm.jpg?fit=1200%2C628&ssl=1&resize=350%2C200","width":350,"height":200,"srcset":"https:\/\/i0.wp.com\/zeromagazine.mx\/wp-content\/uploads\/2024\/06\/image_processing20240612-9-zqjysm.jpg?fit=1200%2C628&ssl=1&resize=350%2C200 1x, https:\/\/i0.wp.com\/zeromagazine.mx\/wp-content\/uploads\/2024\/06\/image_processing20240612-9-zqjysm.jpg?fit=1200%2C628&ssl=1&resize=525%2C300 1.5x, https:\/\/i0.wp.com\/zeromagazine.mx\/wp-content\/uploads\/2024\/06\/image_processing20240612-9-zqjysm.jpg?fit=1200%2C628&ssl=1&resize=700%2C400 2x, https:\/\/i0.wp.com\/zeromagazine.mx\/wp-content\/uploads\/2024\/06\/image_processing20240612-9-zqjysm.jpg?fit=1200%2C628&ssl=1&resize=1050%2C600 3x"},"classes":[]},{"id":49162,"url":"https:\/\/zeromagazine.mx\/index.php\/2021\/06\/30\/i-m-yoni-presenta-su-nuevo-sencillo-en-colaboracion-con-la-cantautora-francesa-sarah-maison\/","url_meta":{"origin":50927,"position":2},"title":"I.M. YONI presenta su nuevo sencillo en colaboraci\u00f3n con la cantautora francesa Sarah Maison","author":"zeromagazinemx","date":"30 de junio de 2021","format":false,"excerpt":"\u201cDeja Vu\u201d es el segundo sencillo de I.M. Yoni, un colectivo formado por Ana Rizo, Estefani Brolo, Josefa Y Esperanza, Ximena Duggan y Valeria Cruz. Por Mayra Torres I.M. YONI produce sus propias canciones en distinto idiomas, tomando como base g\u00e9neros como el Funk, R&B, Dance, Pop, entre otros. En\u2026","rel":"","context":"En \u00abEntretenimiento\u00bb","block_context":{"text":"Entretenimiento","link":"https:\/\/zeromagazine.mx\/index.php\/category\/entretenimiento\/"},"img":{"alt_text":"","src":"","width":0,"height":0},"classes":[]},{"id":82872,"url":"https:\/\/zeromagazine.mx\/index.php\/2024\/08\/31\/elsa-y-elmar-musica-sin-limites\/","url_meta":{"origin":50927,"position":3},"title":"Elsa y Elmar: M\u00fasica Sin L\u00edmites","author":"zeromagazinemx","date":"31 de agosto de 2024","format":false,"excerpt":"\u00a1Qu\u00e9 onda, music lovers! Prep\u00e1rense para el bombazo del a\u00f1o porque Elsa y Elmar, la artista colombiana que est\u00e1 rompiendo con todo, est\u00e1 a punto de lanzar su nuevo \u00e1lbum, PALACIO. Este 30 de agosto, la cantautora y productora nos trae un disco que es un viaje musical total, lleno\u2026","rel":"","context":"En \u00abEntretenimiento\u00bb","block_context":{"text":"Entretenimiento","link":"https:\/\/zeromagazine.mx\/index.php\/category\/entretenimiento\/"},"img":{"alt_text":"","src":"https:\/\/i0.wp.com\/zeromagazine.mx\/wp-content\/uploads\/2024\/08\/unnamed-15.jpg?fit=1200%2C1200&ssl=1&resize=350%2C200","width":350,"height":200,"srcset":"https:\/\/i0.wp.com\/zeromagazine.mx\/wp-content\/uploads\/2024\/08\/unnamed-15.jpg?fit=1200%2C1200&ssl=1&resize=350%2C200 1x, https:\/\/i0.wp.com\/zeromagazine.mx\/wp-content\/uploads\/2024\/08\/unnamed-15.jpg?fit=1200%2C1200&ssl=1&resize=525%2C300 1.5x, https:\/\/i0.wp.com\/zeromagazine.mx\/wp-content\/uploads\/2024\/08\/unnamed-15.jpg?fit=1200%2C1200&ssl=1&resize=700%2C400 2x, https:\/\/i0.wp.com\/zeromagazine.mx\/wp-content\/uploads\/2024\/08\/unnamed-15.jpg?fit=1200%2C1200&ssl=1&resize=1050%2C600 3x"},"classes":[]},{"id":69760,"url":"https:\/\/zeromagazine.mx\/index.php\/2023\/12\/20\/warner-music-latin-america-ocesa-seitrack-y-checho-rodriguez-lanzan-una-agencia-artistica-en-conjunto\/","url_meta":{"origin":50927,"position":4},"title":"Warner\u00a0Music\u00a0Latin\u00a0America, OCESA\u00a0Seitrack\u00a0y &#8216;Checho&#8217; Rodr\u00edguez lanzan una agencia art\u00edstica en conjunto","author":"David Morales","date":"20 de diciembre de 2023","format":false,"excerpt":"Warner\u00a0Music\u00a0Latin\u00a0America\u00a0y la empresa de management y promoci\u00f3n OCESA\u00a0Seitrack\u00a0est\u00e1n lanzando una agencia de booking y asociaci\u00f3n de marcas para artistas, junto con Sergio \"Checho\" Rodr\u00edguez. Todos los artistas de Warner\u00a0Music\u00a0tendr\u00e1n acceso a los servicios ofrecidos.La empresa conjunta, llamada \"Touring\u00a0the\u00a0World\", estar\u00e1 dirigida por Rodr\u00edguez, operando desde oficinas en Colombia, M\u00e9xico, Espa\u00f1a y\u2026","rel":"","context":"En \u00abBlog\u00bb","block_context":{"text":"Blog","link":"https:\/\/zeromagazine.mx\/index.php\/category\/blog\/"},"img":{"alt_text":"","src":"https:\/\/i0.wp.com\/zeromagazine.mx\/wp-content\/uploads\/2023\/12\/Captura-de-Pantalla-2023-12-19-a-las-11.19.16-p.m.png?fit=1200%2C670&ssl=1&resize=350%2C200","width":350,"height":200,"srcset":"https:\/\/i0.wp.com\/zeromagazine.mx\/wp-content\/uploads\/2023\/12\/Captura-de-Pantalla-2023-12-19-a-las-11.19.16-p.m.png?fit=1200%2C670&ssl=1&resize=350%2C200 1x, https:\/\/i0.wp.com\/zeromagazine.mx\/wp-content\/uploads\/2023\/12\/Captura-de-Pantalla-2023-12-19-a-las-11.19.16-p.m.png?fit=1200%2C670&ssl=1&resize=525%2C300 1.5x, https:\/\/i0.wp.com\/zeromagazine.mx\/wp-content\/uploads\/2023\/12\/Captura-de-Pantalla-2023-12-19-a-las-11.19.16-p.m.png?fit=1200%2C670&ssl=1&resize=700%2C400 2x, https:\/\/i0.wp.com\/zeromagazine.mx\/wp-content\/uploads\/2023\/12\/Captura-de-Pantalla-2023-12-19-a-las-11.19.16-p.m.png?fit=1200%2C670&ssl=1&resize=1050%2C600 3x"},"classes":[]},{"id":91714,"url":"https:\/\/zeromagazine.mx\/index.php\/2024\/11\/26\/tecate-comuna-2024-el-mejor-fest\/","url_meta":{"origin":50927,"position":5},"title":"Tecate Comuna 2024: El Mejor Fest","author":"zeromagazinemx","date":"26 de noviembre de 2024","format":false,"excerpt":"\u00a1El Tecate Comuna 2024 fue otro nivel, de esos eventos que se quedan en la memoria como un buen trip! En Puebla, la vibra estuvo encendida todo el fin de semana, con una producci\u00f3n que nos dej\u00f3 boquiabiertos, un line-up de infarto, y 75 mil personas bailando, cantando y viviendo\u2026","rel":"","context":"En \u00abEntretenimiento\u00bb","block_context":{"text":"Entretenimiento","link":"https:\/\/zeromagazine.mx\/index.php\/category\/entretenimiento\/"},"img":{"alt_text":"","src":"https:\/\/i0.wp.com\/zeromagazine.mx\/wp-content\/uploads\/2024\/11\/unnamed-20-scaled.jpg?fit=1200%2C800&ssl=1&resize=350%2C200","width":350,"height":200,"srcset":"https:\/\/i0.wp.com\/zeromagazine.mx\/wp-content\/uploads\/2024\/11\/unnamed-20-scaled.jpg?fit=1200%2C800&ssl=1&resize=350%2C200 1x, https:\/\/i0.wp.com\/zeromagazine.mx\/wp-content\/uploads\/2024\/11\/unnamed-20-scaled.jpg?fit=1200%2C800&ssl=1&resize=525%2C300 1.5x, https:\/\/i0.wp.com\/zeromagazine.mx\/wp-content\/uploads\/2024\/11\/unnamed-20-scaled.jpg?fit=1200%2C800&ssl=1&resize=700%2C400 2x, https:\/\/i0.wp.com\/zeromagazine.mx\/wp-content\/uploads\/2024\/11\/unnamed-20-scaled.jpg?fit=1200%2C800&ssl=1&resize=1050%2C600 3x"},"classes":[]}],"jetpack_sharing_enabled":true,"builder_content":"","_links":{"self":[{"href":"https:\/\/zeromagazine.mx\/index.php\/wp-json\/wp\/v2\/posts\/50927","targetHints":{"allow":["GET"]}}],"collection":[{"href":"https:\/\/zeromagazine.mx\/index.php\/wp-json\/wp\/v2\/posts"}],"about":[{"href":"https:\/\/zeromagazine.mx\/index.php\/wp-json\/wp\/v2\/types\/post"}],"author":[{"embeddable":true,"href":"https:\/\/zeromagazine.mx\/index.php\/wp-json\/wp\/v2\/users\/2"}],"replies":[{"embeddable":true,"href":"https:\/\/zeromagazine.mx\/index.php\/wp-json\/wp\/v2\/comments?post=50927"}],"version-history":[{"count":0,"href":"https:\/\/zeromagazine.mx\/index.php\/wp-json\/wp\/v2\/posts\/50927\/revisions"}],"wp:featuredmedia":[{"embeddable":true,"href":"https:\/\/zeromagazine.mx\/index.php\/wp-json\/"}],"wp:attachment":[{"href":"https:\/\/zeromagazine.mx\/index.php\/wp-json\/wp\/v2\/media?parent=50927"}],"wp:term":[{"taxonomy":"category","embeddable":true,"href":"https:\/\/zeromagazine.mx\/index.php\/wp-json\/wp\/v2\/categories?post=50927"},{"taxonomy":"post_tag","embeddable":true,"href":"https:\/\/zeromagazine.mx\/index.php\/wp-json\/wp\/v2\/tags?post=50927"}],"curies":[{"name":"wp","href":"https:\/\/api.w.org\/{rel}","templated":true}]}}