{"id":51063,"date":"2021-07-29T09:00:00","date_gmt":"2021-07-29T14:00:00","guid":{"rendered":"https:\/\/atomic-temporary-84115225.wpcomstaging.com\/?p=51063"},"modified":"2021-07-29T09:00:00","modified_gmt":"2021-07-29T14:00:00","slug":"cinco-piezas-basicas-que-no-pueden-faltar-en-tu-maleta-para-estas-vacaciones","status":"publish","type":"post","link":"https:\/\/zeromagazine.mx\/index.php\/2021\/07\/29\/cinco-piezas-basicas-que-no-pueden-faltar-en-tu-maleta-para-estas-vacaciones\/","title":{"rendered":"Cinco piezas b\u00e1sicas que no pueden faltar en tu maleta para estas vacaciones"},"content":{"rendered":"\n<p><strong>Birkenstock <\/strong>nos aconseja sobre las cinco piezas que no pueden faltar en nuestra maleta para estas vacaciones de verano pand\u00e9mico.<\/p>\n\n\n\n<div class=\"wp-block-buttons is-layout-flex wp-block-buttons-is-layout-flex\">\n<div class=\"wp-block-button is-style-outline is-style-outline--1\"><a class=\"wp-block-button__link\">Por Mayra Torres<\/a><\/div>\n<\/div>\n\n\n\n<ol class=\"wp-block-list\"><li><strong>El capazo de rafia.<\/strong><\/li><\/ol>\n\n\n\n<p>Apuesta por grandes bolsos de tama\u00f1os XXL, que pesen poco y de colores neutros que encajen para ir a la playa o a la alberca.<\/p>\n\n\n\n<ol class=\"wp-block-list\" start=\"2\"><li><strong>Un ba\u00f1ador negro, si o si\u2026<\/strong><\/li><\/ol>\n\n\n\n<p>Esta temporada el color negro llega con fuerza y da mucha versatilidad ya que lo puedes utilizar todo el dia con otras prendas a modo de body.<\/p>\n\n\n\n<ol class=\"wp-block-list\" start=\"3\"><li><strong>Una toalla multiusos.<\/strong><\/li><\/ol>\n\n\n\n<p>Las toallas reversibles permiten tener dos en una, modelos con bolsillo que ahorran bolsos y que tienen dise\u00f1os que se pueden usar a modo de pareo.<\/p>\n\n\n\n\n\n<ol class=\"wp-block-list\" start=\"4\"><li><strong>Las sandalias a todas horas.<\/strong><\/li><\/ol>\n\n\n\n<p>Las cl\u00e1sicas <strong><em>Birkenstock Arizona<\/em><\/strong> o uno de los modelos m\u00e1s recientes <strong><em>Eva <\/em><\/strong>son pr\u00e1cticas y c\u00f3modas, ya que agregan un mejor soporte para el pie que permite llevarlas por muchas horas.<\/p>\n\n\n\n<figure class=\"wp-block-gallery aligncenter columns-2 is-cropped coblocks-animate wp-block-gallery-2 is-layout-flex wp-block-gallery-is-layout-flex\"><ul class=\"blocks-gallery-grid\"><li class=\"blocks-gallery-item\"><figure><a href=\"https:\/\/i0.wp.com\/zeromagazinemx.wpcomstaging.com\/wp-content\/uploads\/2022\/02\/2c8ae-arizona.jpg?ssl=1\"><img data-recalc-dims=\"1\" decoding=\"async\" src=\"https:\/\/i0.wp.com\/zeromagazinemx.wpcomstaging.com\/wp-content\/uploads\/2022\/02\/2c8ae-arizona.jpg?w=1165&#038;ssl=1\" alt=\"\" data-id=\"51066\" data-link=\"https:\/\/atomic-temporary-84115225.wpcomstaging.com\/?attachment_id=51066\" class=\"wp-image-51066\" \/><\/a><\/figure><\/li><li class=\"blocks-gallery-item\"><figure><a href=\"https:\/\/i0.wp.com\/zeromagazinemx.wpcomstaging.com\/wp-content\/uploads\/2022\/02\/5f3e9-eva.jpg?ssl=1\"><img data-recalc-dims=\"1\" decoding=\"async\" src=\"https:\/\/i0.wp.com\/zeromagazinemx.wpcomstaging.com\/wp-content\/uploads\/2022\/02\/5f3e9-eva.jpg?w=1165&#038;ssl=1\" alt=\"\" data-id=\"51067\" data-link=\"https:\/\/atomic-temporary-84115225.wpcomstaging.com\/?attachment_id=51067\" class=\"wp-image-51067\" \/><\/a><\/figure><\/li><\/ul><\/figure>\n\n\n\n<ol class=\"wp-block-list\" start=\"5\"><li><strong>Un protector solar con FPS 50+.<\/strong><\/li><\/ol>\n\n\n\n<p>Protege tu piel de los rayos del sol que pueden causar enfermedades irreversibles en la piel como manchas, arrugas e incluso c\u00e1ncer cut\u00e1neo. Utiliza <strong><em>Anthelios Fluido Invisible FPS 50+<\/em><\/strong> que cuenta con <strong><em>tecnolog\u00eda NETLOCK <\/em><\/strong>que ayuda a absorber r\u00e1pidamente el protector en la piel.<\/p>\n\n\n\n<div class=\"wp-block-image coblocks-animate\"><figure class=\"aligncenter size-full\"><a href=\"https:\/\/i0.wp.com\/zeromagazinemx.wpcomstaging.com\/wp-content\/uploads\/2022\/02\/a61ff-protector.jpg?ssl=1\"><img data-recalc-dims=\"1\" decoding=\"async\" src=\"https:\/\/i0.wp.com\/zeromagazinemx.wpcomstaging.com\/wp-content\/uploads\/2022\/02\/a61ff-protector.jpg?w=1165&#038;ssl=1\" alt=\"\" class=\"wp-image-51068\" \/><\/a><\/figure><\/div>\n\n\n\n\n<!--themify_builder_content-->\n<div id=\"themify_builder_content-51063\" data-postid=\"51063\" class=\"themify_builder_content themify_builder_content-51063 themify_builder tf_clear\">\n    <\/div>\n<!--\/themify_builder_content-->\n","protected":false},"excerpt":{"rendered":"<p>Birkenstock nos aconseja sobre las cinco piezas que no pueden faltar en nuestra maleta para estas vacaciones de verano pand\u00e9mico. El capazo de rafia. Apuesta por grandes bolsos de tama\u00f1os XXL, que pesen poco y de colores neutros que encajen para ir a la playa o a la alberca. Un ba\u00f1ador negro, si o si\u2026 [&hellip;]<\/p>\n","protected":false},"author":2,"featured_media":51066,"comment_status":"open","ping_status":"open","sticky":false,"template":"","format":"standard","meta":{"_jetpack_memberships_contains_paid_content":false,"footnotes":"","jetpack_publicize_message":"","jetpack_publicize_feature_enabled":true,"jetpack_social_post_already_shared":true,"jetpack_social_options":{"image_generator_settings":{"template":"highway","default_image_id":0,"font":"","enabled":false},"version":2}},"categories":[63,67],"tags":[3104,2088,654,2089,655,3105,3106,396],"class_list":["post-51063","post","type-post","status-publish","format-standard","has-post-thumbnail","hentry","category-lifestyle","category-moda","tag-anthelios-fluido-invisible-fps-50","tag-arizona","tag-birkenstock","tag-birkenstock-2021","tag-birkenstock-mexico","tag-tecnologia-netlock","tag-vacaciones","tag-verano","has-post-title","has-post-date","has-post-category","has-post-tag","has-post-comment","has-post-author",""],"yoast_head":"<!-- This site is optimized with the Yoast SEO plugin v27.5 - https:\/\/yoast.com\/product\/yoast-seo-wordpress\/ -->\n<title>Cinco piezas b\u00e1sicas que no pueden faltar en tu maleta para estas vacaciones - Zero Magazine<\/title>\n<meta name=\"robots\" content=\"index, follow, max-snippet:-1, max-image-preview:large, max-video-preview:-1\" \/>\n<link rel=\"canonical\" href=\"https:\/\/zeromagazine.mx\/index.php\/2021\/07\/29\/cinco-piezas-basicas-que-no-pueden-faltar-en-tu-maleta-para-estas-vacaciones\/\" \/>\n<meta property=\"og:locale\" content=\"es_ES\" \/>\n<meta property=\"og:type\" content=\"article\" \/>\n<meta property=\"og:title\" content=\"Cinco piezas b\u00e1sicas que no pueden faltar en tu maleta para estas vacaciones - Zero Magazine\" \/>\n<meta property=\"og:description\" content=\"Birkenstock nos aconseja sobre las cinco piezas que no pueden faltar en nuestra maleta para estas vacaciones de verano pand\u00e9mico. El capazo de rafia. Apuesta por grandes bolsos de tama\u00f1os XXL, que pesen poco y de colores neutros que encajen para ir a la playa o a la alberca. Un ba\u00f1ador negro, si o si\u2026 [&hellip;]\" \/>\n<meta property=\"og:url\" content=\"https:\/\/zeromagazine.mx\/index.php\/2021\/07\/29\/cinco-piezas-basicas-que-no-pueden-faltar-en-tu-maleta-para-estas-vacaciones\/\" \/>\n<meta property=\"og:site_name\" content=\"Zero Magazine\" \/>\n<meta property=\"article:published_time\" content=\"2021-07-29T14:00:00+00:00\" \/>\n<meta name=\"author\" content=\"zeromagazinemx\" \/>\n<meta name=\"twitter:card\" content=\"summary_large_image\" \/>\n<meta name=\"twitter:label1\" content=\"Escrito por\" \/>\n\t<meta name=\"twitter:data1\" content=\"zeromagazinemx\" \/>\n\t<meta name=\"twitter:label2\" content=\"Tiempo de lectura\" \/>\n\t<meta name=\"twitter:data2\" content=\"1 minuto\" \/>\n<script type=\"application\/ld+json\" class=\"yoast-schema-graph\">{\"@context\":\"https:\\\/\\\/schema.org\",\"@graph\":[{\"@type\":\"Article\",\"@id\":\"https:\\\/\\\/zeromagazine.mx\\\/index.php\\\/2021\\\/07\\\/29\\\/cinco-piezas-basicas-que-no-pueden-faltar-en-tu-maleta-para-estas-vacaciones\\\/#article\",\"isPartOf\":{\"@id\":\"https:\\\/\\\/zeromagazine.mx\\\/index.php\\\/2021\\\/07\\\/29\\\/cinco-piezas-basicas-que-no-pueden-faltar-en-tu-maleta-para-estas-vacaciones\\\/\"},\"author\":{\"name\":\"zeromagazinemx\",\"@id\":\"https:\\\/\\\/zeromagazine.mx\\\/#\\\/schema\\\/person\\\/9aed9f33a7c39af3a348b86d723f7773\"},\"headline\":\"Cinco piezas b\u00e1sicas que no pueden faltar en tu maleta para estas vacaciones\",\"datePublished\":\"2021-07-29T14:00:00+00:00\",\"mainEntityOfPage\":{\"@id\":\"https:\\\/\\\/zeromagazine.mx\\\/index.php\\\/2021\\\/07\\\/29\\\/cinco-piezas-basicas-que-no-pueden-faltar-en-tu-maleta-para-estas-vacaciones\\\/\"},\"wordCount\":224,\"commentCount\":0,\"publisher\":{\"@id\":\"https:\\\/\\\/zeromagazine.mx\\\/#organization\"},\"image\":{\"@id\":\"https:\\\/\\\/zeromagazine.mx\\\/index.php\\\/2021\\\/07\\\/29\\\/cinco-piezas-basicas-que-no-pueden-faltar-en-tu-maleta-para-estas-vacaciones\\\/#primaryimage\"},\"thumbnailUrl\":\"\",\"keywords\":[\"Anthelios Fluido Invisible FPS 50+\",\"arizona\",\"Birkenstock\",\"Birkenstock 2021\",\"Birkenstock M\u00e9xico\",\"Tecnolog\u00eda NETLOCK\",\"vacaciones\",\"verano\"],\"articleSection\":[\"Lifestyle\",\"Moda\"],\"inLanguage\":\"es\",\"potentialAction\":[{\"@type\":\"CommentAction\",\"name\":\"Comment\",\"target\":[\"https:\\\/\\\/zeromagazine.mx\\\/index.php\\\/2021\\\/07\\\/29\\\/cinco-piezas-basicas-que-no-pueden-faltar-en-tu-maleta-para-estas-vacaciones\\\/#respond\"]}]},{\"@type\":\"WebPage\",\"@id\":\"https:\\\/\\\/zeromagazine.mx\\\/index.php\\\/2021\\\/07\\\/29\\\/cinco-piezas-basicas-que-no-pueden-faltar-en-tu-maleta-para-estas-vacaciones\\\/\",\"url\":\"https:\\\/\\\/zeromagazine.mx\\\/index.php\\\/2021\\\/07\\\/29\\\/cinco-piezas-basicas-que-no-pueden-faltar-en-tu-maleta-para-estas-vacaciones\\\/\",\"name\":\"Cinco piezas b\u00e1sicas que no pueden faltar en tu maleta para estas vacaciones - Zero Magazine\",\"isPartOf\":{\"@id\":\"https:\\\/\\\/zeromagazine.mx\\\/#website\"},\"primaryImageOfPage\":{\"@id\":\"https:\\\/\\\/zeromagazine.mx\\\/index.php\\\/2021\\\/07\\\/29\\\/cinco-piezas-basicas-que-no-pueden-faltar-en-tu-maleta-para-estas-vacaciones\\\/#primaryimage\"},\"image\":{\"@id\":\"https:\\\/\\\/zeromagazine.mx\\\/index.php\\\/2021\\\/07\\\/29\\\/cinco-piezas-basicas-que-no-pueden-faltar-en-tu-maleta-para-estas-vacaciones\\\/#primaryimage\"},\"thumbnailUrl\":\"\",\"datePublished\":\"2021-07-29T14:00:00+00:00\",\"breadcrumb\":{\"@id\":\"https:\\\/\\\/zeromagazine.mx\\\/index.php\\\/2021\\\/07\\\/29\\\/cinco-piezas-basicas-que-no-pueden-faltar-en-tu-maleta-para-estas-vacaciones\\\/#breadcrumb\"},\"inLanguage\":\"es\",\"potentialAction\":[{\"@type\":\"ReadAction\",\"target\":[\"https:\\\/\\\/zeromagazine.mx\\\/index.php\\\/2021\\\/07\\\/29\\\/cinco-piezas-basicas-que-no-pueden-faltar-en-tu-maleta-para-estas-vacaciones\\\/\"]}]},{\"@type\":\"ImageObject\",\"inLanguage\":\"es\",\"@id\":\"https:\\\/\\\/zeromagazine.mx\\\/index.php\\\/2021\\\/07\\\/29\\\/cinco-piezas-basicas-que-no-pueden-faltar-en-tu-maleta-para-estas-vacaciones\\\/#primaryimage\",\"url\":\"\",\"contentUrl\":\"\"},{\"@type\":\"BreadcrumbList\",\"@id\":\"https:\\\/\\\/zeromagazine.mx\\\/index.php\\\/2021\\\/07\\\/29\\\/cinco-piezas-basicas-que-no-pueden-faltar-en-tu-maleta-para-estas-vacaciones\\\/#breadcrumb\",\"itemListElement\":[{\"@type\":\"ListItem\",\"position\":1,\"name\":\"Portada\",\"item\":\"https:\\\/\\\/zeromagazine.mx\\\/\"},{\"@type\":\"ListItem\",\"position\":2,\"name\":\"Cinco piezas b\u00e1sicas que no pueden faltar en tu maleta para estas vacaciones\"}]},{\"@type\":\"WebSite\",\"@id\":\"https:\\\/\\\/zeromagazine.mx\\\/#website\",\"url\":\"https:\\\/\\\/zeromagazine.mx\\\/\",\"name\":\"Zero Magazine\",\"description\":\"\",\"publisher\":{\"@id\":\"https:\\\/\\\/zeromagazine.mx\\\/#organization\"},\"potentialAction\":[{\"@type\":\"SearchAction\",\"target\":{\"@type\":\"EntryPoint\",\"urlTemplate\":\"https:\\\/\\\/zeromagazine.mx\\\/?s={search_term_string}\"},\"query-input\":{\"@type\":\"PropertyValueSpecification\",\"valueRequired\":true,\"valueName\":\"search_term_string\"}}],\"inLanguage\":\"es\"},{\"@type\":\"Organization\",\"@id\":\"https:\\\/\\\/zeromagazine.mx\\\/#organization\",\"name\":\"Zero Magazine\",\"url\":\"https:\\\/\\\/zeromagazine.mx\\\/\",\"logo\":{\"@type\":\"ImageObject\",\"inLanguage\":\"es\",\"@id\":\"https:\\\/\\\/zeromagazine.mx\\\/#\\\/schema\\\/logo\\\/image\\\/\",\"url\":\"https:\\\/\\\/i0.wp.com\\\/zeromagazine.mx\\\/wp-content\\\/uploads\\\/2025\\\/11\\\/1.jpeg?fit=1000%2C1000&ssl=1\",\"contentUrl\":\"https:\\\/\\\/i0.wp.com\\\/zeromagazine.mx\\\/wp-content\\\/uploads\\\/2025\\\/11\\\/1.jpeg?fit=1000%2C1000&ssl=1\",\"width\":1000,\"height\":1000,\"caption\":\"Zero Magazine\"},\"image\":{\"@id\":\"https:\\\/\\\/zeromagazine.mx\\\/#\\\/schema\\\/logo\\\/image\\\/\"},\"sameAs\":[\"https:\\\/\\\/instagram.com\\\/zeromagazinemx\"]},{\"@type\":\"Person\",\"@id\":\"https:\\\/\\\/zeromagazine.mx\\\/#\\\/schema\\\/person\\\/9aed9f33a7c39af3a348b86d723f7773\",\"name\":\"zeromagazinemx\",\"image\":{\"@type\":\"ImageObject\",\"inLanguage\":\"es\",\"@id\":\"https:\\\/\\\/zeromagazine.mx\\\/wp-content\\\/litespeed\\\/avatar\\\/f91dfe5410d5dcb1a576bf8c45983896.jpg?ver=1777571230\",\"url\":\"https:\\\/\\\/zeromagazine.mx\\\/wp-content\\\/litespeed\\\/avatar\\\/f91dfe5410d5dcb1a576bf8c45983896.jpg?ver=1777571230\",\"contentUrl\":\"https:\\\/\\\/zeromagazine.mx\\\/wp-content\\\/litespeed\\\/avatar\\\/f91dfe5410d5dcb1a576bf8c45983896.jpg?ver=1777571230\",\"caption\":\"zeromagazinemx\"},\"url\":\"https:\\\/\\\/zeromagazine.mx\\\/index.php\\\/author\\\/zeromagazinemx\\\/\"}]}<\/script>\n<!-- \/ Yoast SEO plugin. -->","yoast_head_json":{"title":"Cinco piezas b\u00e1sicas que no pueden faltar en tu maleta para estas vacaciones - Zero Magazine","robots":{"index":"index","follow":"follow","max-snippet":"max-snippet:-1","max-image-preview":"max-image-preview:large","max-video-preview":"max-video-preview:-1"},"canonical":"https:\/\/zeromagazine.mx\/index.php\/2021\/07\/29\/cinco-piezas-basicas-que-no-pueden-faltar-en-tu-maleta-para-estas-vacaciones\/","og_locale":"es_ES","og_type":"article","og_title":"Cinco piezas b\u00e1sicas que no pueden faltar en tu maleta para estas vacaciones - Zero Magazine","og_description":"Birkenstock nos aconseja sobre las cinco piezas que no pueden faltar en nuestra maleta para estas vacaciones de verano pand\u00e9mico. El capazo de rafia. Apuesta por grandes bolsos de tama\u00f1os XXL, que pesen poco y de colores neutros que encajen para ir a la playa o a la alberca. Un ba\u00f1ador negro, si o si\u2026 [&hellip;]","og_url":"https:\/\/zeromagazine.mx\/index.php\/2021\/07\/29\/cinco-piezas-basicas-que-no-pueden-faltar-en-tu-maleta-para-estas-vacaciones\/","og_site_name":"Zero Magazine","article_published_time":"2021-07-29T14:00:00+00:00","author":"zeromagazinemx","twitter_card":"summary_large_image","twitter_misc":{"Escrito por":"zeromagazinemx","Tiempo de lectura":"1 minuto"},"schema":{"@context":"https:\/\/schema.org","@graph":[{"@type":"Article","@id":"https:\/\/zeromagazine.mx\/index.php\/2021\/07\/29\/cinco-piezas-basicas-que-no-pueden-faltar-en-tu-maleta-para-estas-vacaciones\/#article","isPartOf":{"@id":"https:\/\/zeromagazine.mx\/index.php\/2021\/07\/29\/cinco-piezas-basicas-que-no-pueden-faltar-en-tu-maleta-para-estas-vacaciones\/"},"author":{"name":"zeromagazinemx","@id":"https:\/\/zeromagazine.mx\/#\/schema\/person\/9aed9f33a7c39af3a348b86d723f7773"},"headline":"Cinco piezas b\u00e1sicas que no pueden faltar en tu maleta para estas vacaciones","datePublished":"2021-07-29T14:00:00+00:00","mainEntityOfPage":{"@id":"https:\/\/zeromagazine.mx\/index.php\/2021\/07\/29\/cinco-piezas-basicas-que-no-pueden-faltar-en-tu-maleta-para-estas-vacaciones\/"},"wordCount":224,"commentCount":0,"publisher":{"@id":"https:\/\/zeromagazine.mx\/#organization"},"image":{"@id":"https:\/\/zeromagazine.mx\/index.php\/2021\/07\/29\/cinco-piezas-basicas-que-no-pueden-faltar-en-tu-maleta-para-estas-vacaciones\/#primaryimage"},"thumbnailUrl":"","keywords":["Anthelios Fluido Invisible FPS 50+","arizona","Birkenstock","Birkenstock 2021","Birkenstock M\u00e9xico","Tecnolog\u00eda NETLOCK","vacaciones","verano"],"articleSection":["Lifestyle","Moda"],"inLanguage":"es","potentialAction":[{"@type":"CommentAction","name":"Comment","target":["https:\/\/zeromagazine.mx\/index.php\/2021\/07\/29\/cinco-piezas-basicas-que-no-pueden-faltar-en-tu-maleta-para-estas-vacaciones\/#respond"]}]},{"@type":"WebPage","@id":"https:\/\/zeromagazine.mx\/index.php\/2021\/07\/29\/cinco-piezas-basicas-que-no-pueden-faltar-en-tu-maleta-para-estas-vacaciones\/","url":"https:\/\/zeromagazine.mx\/index.php\/2021\/07\/29\/cinco-piezas-basicas-que-no-pueden-faltar-en-tu-maleta-para-estas-vacaciones\/","name":"Cinco piezas b\u00e1sicas que no pueden faltar en tu maleta para estas vacaciones - Zero Magazine","isPartOf":{"@id":"https:\/\/zeromagazine.mx\/#website"},"primaryImageOfPage":{"@id":"https:\/\/zeromagazine.mx\/index.php\/2021\/07\/29\/cinco-piezas-basicas-que-no-pueden-faltar-en-tu-maleta-para-estas-vacaciones\/#primaryimage"},"image":{"@id":"https:\/\/zeromagazine.mx\/index.php\/2021\/07\/29\/cinco-piezas-basicas-que-no-pueden-faltar-en-tu-maleta-para-estas-vacaciones\/#primaryimage"},"thumbnailUrl":"","datePublished":"2021-07-29T14:00:00+00:00","breadcrumb":{"@id":"https:\/\/zeromagazine.mx\/index.php\/2021\/07\/29\/cinco-piezas-basicas-que-no-pueden-faltar-en-tu-maleta-para-estas-vacaciones\/#breadcrumb"},"inLanguage":"es","potentialAction":[{"@type":"ReadAction","target":["https:\/\/zeromagazine.mx\/index.php\/2021\/07\/29\/cinco-piezas-basicas-que-no-pueden-faltar-en-tu-maleta-para-estas-vacaciones\/"]}]},{"@type":"ImageObject","inLanguage":"es","@id":"https:\/\/zeromagazine.mx\/index.php\/2021\/07\/29\/cinco-piezas-basicas-que-no-pueden-faltar-en-tu-maleta-para-estas-vacaciones\/#primaryimage","url":"","contentUrl":""},{"@type":"BreadcrumbList","@id":"https:\/\/zeromagazine.mx\/index.php\/2021\/07\/29\/cinco-piezas-basicas-que-no-pueden-faltar-en-tu-maleta-para-estas-vacaciones\/#breadcrumb","itemListElement":[{"@type":"ListItem","position":1,"name":"Portada","item":"https:\/\/zeromagazine.mx\/"},{"@type":"ListItem","position":2,"name":"Cinco piezas b\u00e1sicas que no pueden faltar en tu maleta para estas vacaciones"}]},{"@type":"WebSite","@id":"https:\/\/zeromagazine.mx\/#website","url":"https:\/\/zeromagazine.mx\/","name":"Zero Magazine","description":"","publisher":{"@id":"https:\/\/zeromagazine.mx\/#organization"},"potentialAction":[{"@type":"SearchAction","target":{"@type":"EntryPoint","urlTemplate":"https:\/\/zeromagazine.mx\/?s={search_term_string}"},"query-input":{"@type":"PropertyValueSpecification","valueRequired":true,"valueName":"search_term_string"}}],"inLanguage":"es"},{"@type":"Organization","@id":"https:\/\/zeromagazine.mx\/#organization","name":"Zero Magazine","url":"https:\/\/zeromagazine.mx\/","logo":{"@type":"ImageObject","inLanguage":"es","@id":"https:\/\/zeromagazine.mx\/#\/schema\/logo\/image\/","url":"https:\/\/i0.wp.com\/zeromagazine.mx\/wp-content\/uploads\/2025\/11\/1.jpeg?fit=1000%2C1000&ssl=1","contentUrl":"https:\/\/i0.wp.com\/zeromagazine.mx\/wp-content\/uploads\/2025\/11\/1.jpeg?fit=1000%2C1000&ssl=1","width":1000,"height":1000,"caption":"Zero Magazine"},"image":{"@id":"https:\/\/zeromagazine.mx\/#\/schema\/logo\/image\/"},"sameAs":["https:\/\/instagram.com\/zeromagazinemx"]},{"@type":"Person","@id":"https:\/\/zeromagazine.mx\/#\/schema\/person\/9aed9f33a7c39af3a348b86d723f7773","name":"zeromagazinemx","image":{"@type":"ImageObject","inLanguage":"es","@id":"https:\/\/zeromagazine.mx\/wp-content\/litespeed\/avatar\/f91dfe5410d5dcb1a576bf8c45983896.jpg?ver=1777571230","url":"https:\/\/zeromagazine.mx\/wp-content\/litespeed\/avatar\/f91dfe5410d5dcb1a576bf8c45983896.jpg?ver=1777571230","contentUrl":"https:\/\/zeromagazine.mx\/wp-content\/litespeed\/avatar\/f91dfe5410d5dcb1a576bf8c45983896.jpg?ver=1777571230","caption":"zeromagazinemx"},"url":"https:\/\/zeromagazine.mx\/index.php\/author\/zeromagazinemx\/"}]}},"jetpack_publicize_connections":[],"jetpack_featured_media_url":"","jetpack-related-posts":[{"id":117681,"url":"https:\/\/zeromagazine.mx\/index.php\/2026\/04\/01\/sandalias-birkenstock-vacaciones-semana-santa\/","url_meta":{"origin":51063,"position":0},"title":"Sandalias Birkenstock vacaciones perfectas","author":"Luis Trujano","date":"1 de abril de 2026","format":false,"excerpt":"Seamos honestos: armar la maleta para vacaciones siempre es un caos\u2026 pero si hay algo que puede salvar TODO tu look (y tus pies), son unas buenas sandalias Birkenstock. Porque s\u00ed, ya no es solo comodidad, ahora tambi\u00e9n son full fashion moment. Esta temporada, la marca vuelve a posicionarse como\u2026","rel":"","context":"En \u00abModa\u00bb","block_context":{"text":"Moda","link":"https:\/\/zeromagazine.mx\/index.php\/category\/moda\/"},"img":{"alt_text":"","src":"https:\/\/i0.wp.com\/zeromagazine.mx\/wp-content\/uploads\/2026\/04\/IMG_6612.png?fit=1200%2C723&ssl=1&resize=350%2C200","width":350,"height":200,"srcset":"https:\/\/i0.wp.com\/zeromagazine.mx\/wp-content\/uploads\/2026\/04\/IMG_6612.png?fit=1200%2C723&ssl=1&resize=350%2C200 1x, https:\/\/i0.wp.com\/zeromagazine.mx\/wp-content\/uploads\/2026\/04\/IMG_6612.png?fit=1200%2C723&ssl=1&resize=525%2C300 1.5x, https:\/\/i0.wp.com\/zeromagazine.mx\/wp-content\/uploads\/2026\/04\/IMG_6612.png?fit=1200%2C723&ssl=1&resize=700%2C400 2x, https:\/\/i0.wp.com\/zeromagazine.mx\/wp-content\/uploads\/2026\/04\/IMG_6612.png?fit=1200%2C723&ssl=1&resize=1050%2C600 3x"},"classes":[]},{"id":116779,"url":"https:\/\/zeromagazine.mx\/index.php\/2026\/03\/15\/birkenstock-utti-lace-zapato-urbano\/","url_meta":{"origin":51063,"position":1},"title":"Birkenstock Utti Lace conquista la ciudad","author":"zeromagazinemx","date":"15 de marzo de 2026","format":false,"excerpt":"Durante a\u00f1os, cuando pens\u00e1bamos en Birkenstock, la imagen era clara: sandalias c\u00f3modas, correas gruesas y una vibra effortless que parec\u00eda vivir eternamente entre verano y vacaciones. Pero el universo de la marca lleva tiempo evolucionando y ahora lo vuelve a demostrar con el lanzamiento de Birkenstock Utti Lace, un modelo\u2026","rel":"","context":"En \u00abModa\u00bb","block_context":{"text":"Moda","link":"https:\/\/zeromagazine.mx\/index.php\/category\/moda\/"},"img":{"alt_text":"","src":"https:\/\/i0.wp.com\/zeromagazine.mx\/wp-content\/uploads\/2026\/03\/26SS_HowToWear_OM_1030035_112-scaled.jpg?fit=1200%2C800&ssl=1&resize=350%2C200","width":350,"height":200,"srcset":"https:\/\/i0.wp.com\/zeromagazine.mx\/wp-content\/uploads\/2026\/03\/26SS_HowToWear_OM_1030035_112-scaled.jpg?fit=1200%2C800&ssl=1&resize=350%2C200 1x, https:\/\/i0.wp.com\/zeromagazine.mx\/wp-content\/uploads\/2026\/03\/26SS_HowToWear_OM_1030035_112-scaled.jpg?fit=1200%2C800&ssl=1&resize=525%2C300 1.5x, https:\/\/i0.wp.com\/zeromagazine.mx\/wp-content\/uploads\/2026\/03\/26SS_HowToWear_OM_1030035_112-scaled.jpg?fit=1200%2C800&ssl=1&resize=700%2C400 2x, https:\/\/i0.wp.com\/zeromagazine.mx\/wp-content\/uploads\/2026\/03\/26SS_HowToWear_OM_1030035_112-scaled.jpg?fit=1200%2C800&ssl=1&resize=1050%2C600 3x"},"classes":[]},{"id":112637,"url":"https:\/\/zeromagazine.mx\/index.php\/2026\/01\/05\/birkenstock-kids-reyes-regalos\/","url_meta":{"origin":51063,"position":2},"title":"Birkenstock Kids Reyes","author":"Luis Trujano","date":"5 de enero de 2026","format":false,"excerpt":"\u00a0que s\u00ed valen la pena Hay regalos que se sienten incre\u00edbles el momento en que se abren\u2026 y hay otros que siguen dando puntos durante todo el a\u00f1o. Justo ah\u00ed entra Birkenstock Kids Reyes, una idea que mezcla estilo, comodidad y ese \u201calgo\u201d pr\u00e1ctico que agradecen tanto ni\u00f1os como adultos\u2026","rel":"","context":"En \u00abModa\u00bb","block_context":{"text":"Moda","link":"https:\/\/zeromagazine.mx\/index.php\/category\/moda\/"},"img":{"alt_text":"","src":"https:\/\/i0.wp.com\/zeromagazine.mx\/wp-content\/uploads\/2026\/01\/IMG_6275.png?fit=1100%2C834&ssl=1&resize=350%2C200","width":350,"height":200,"srcset":"https:\/\/i0.wp.com\/zeromagazine.mx\/wp-content\/uploads\/2026\/01\/IMG_6275.png?fit=1100%2C834&ssl=1&resize=350%2C200 1x, https:\/\/i0.wp.com\/zeromagazine.mx\/wp-content\/uploads\/2026\/01\/IMG_6275.png?fit=1100%2C834&ssl=1&resize=525%2C300 1.5x, https:\/\/i0.wp.com\/zeromagazine.mx\/wp-content\/uploads\/2026\/01\/IMG_6275.png?fit=1100%2C834&ssl=1&resize=700%2C400 2x, https:\/\/i0.wp.com\/zeromagazine.mx\/wp-content\/uploads\/2026\/01\/IMG_6275.png?fit=1100%2C834&ssl=1&resize=1050%2C600 3x"},"classes":[]},{"id":111784,"url":"https:\/\/zeromagazine.mx\/index.php\/2025\/12\/21\/sandalia-invernal-birkenstock-solana-shearling\/","url_meta":{"origin":51063,"position":3},"title":"Sandalia invernal Birkenstock redefine el invierno","author":"zeromagazinemx","date":"21 de diciembre de 2025","format":false,"excerpt":"Durante a\u00f1os nos dijeron que las sandalias ten\u00edan temporada y que el fr\u00edo era territorio exclusivo de botas pesadas y sneakers acolchonados. Spoiler: ya no. La sandalia invernal Birkenstock llega a M\u00e9xico para romper reglas, looks y prejuicios con el modelo Solana Shearling, una pieza que se siente tan c\u00f3moda\u2026","rel":"","context":"En \u00abModa\u00bb","block_context":{"text":"Moda","link":"https:\/\/zeromagazine.mx\/index.php\/category\/moda\/"},"img":{"alt_text":"","src":"https:\/\/i0.wp.com\/zeromagazine.mx\/wp-content\/uploads\/2025\/12\/1000045315-scaled.jpg?fit=1200%2C800&ssl=1&resize=350%2C200","width":350,"height":200,"srcset":"https:\/\/i0.wp.com\/zeromagazine.mx\/wp-content\/uploads\/2025\/12\/1000045315-scaled.jpg?fit=1200%2C800&ssl=1&resize=350%2C200 1x, https:\/\/i0.wp.com\/zeromagazine.mx\/wp-content\/uploads\/2025\/12\/1000045315-scaled.jpg?fit=1200%2C800&ssl=1&resize=525%2C300 1.5x, https:\/\/i0.wp.com\/zeromagazine.mx\/wp-content\/uploads\/2025\/12\/1000045315-scaled.jpg?fit=1200%2C800&ssl=1&resize=700%2C400 2x, https:\/\/i0.wp.com\/zeromagazine.mx\/wp-content\/uploads\/2025\/12\/1000045315-scaled.jpg?fit=1200%2C800&ssl=1&resize=1050%2C600 3x"},"classes":[]},{"id":111373,"url":"https:\/\/zeromagazine.mx\/index.php\/2025\/11\/29\/guia-de-regalos-birkenstock-navidad\/","url_meta":{"origin":51063,"position":4},"title":"Gu\u00eda de Regalos Birkenstock: el encanto definitivo","author":"zeromagazinemx","date":"29 de noviembre de 2025","format":false,"excerpt":"Si algo sabemos es que encontrar el regalo perfecto es un arte emocional. No se trata solo de envolver algo lindo: es elegir una pieza que diga \u201cpens\u00e9 en ti\u201d de una manera que perdure. Y s\u00ed, pocas marcas lo logran tan bien como Birkenstock, que se ha convertido en\u2026","rel":"","context":"En \u00abModa\u00bb","block_context":{"text":"Moda","link":"https:\/\/zeromagazine.mx\/index.php\/category\/moda\/"},"img":{"alt_text":"","src":"https:\/\/i0.wp.com\/zeromagazine.mx\/wp-content\/uploads\/2025\/11\/1000042151-scaled.jpg?fit=1200%2C960&ssl=1&resize=350%2C200","width":350,"height":200,"srcset":"https:\/\/i0.wp.com\/zeromagazine.mx\/wp-content\/uploads\/2025\/11\/1000042151-scaled.jpg?fit=1200%2C960&ssl=1&resize=350%2C200 1x, https:\/\/i0.wp.com\/zeromagazine.mx\/wp-content\/uploads\/2025\/11\/1000042151-scaled.jpg?fit=1200%2C960&ssl=1&resize=525%2C300 1.5x, https:\/\/i0.wp.com\/zeromagazine.mx\/wp-content\/uploads\/2025\/11\/1000042151-scaled.jpg?fit=1200%2C960&ssl=1&resize=700%2C400 2x, https:\/\/i0.wp.com\/zeromagazine.mx\/wp-content\/uploads\/2025\/11\/1000042151-scaled.jpg?fit=1200%2C960&ssl=1&resize=1050%2C600 3x"},"classes":[]},{"id":75458,"url":"https:\/\/zeromagazine.mx\/index.php\/2024\/05\/06\/regalos-birkenstock-para-mama\/","url_meta":{"origin":51063,"position":5},"title":"Regalos Birkenstock para Mam\u00e1","author":"zeromagazinemx","date":"6 de mayo de 2024","format":false,"excerpt":"Se acerca el D\u00eda de las Madres y, como siempre, queremos hacer sentir a nuestras mam\u00e1s lo especiales que son. Este a\u00f1o, \u00bfpor qu\u00e9 no sorprenderlas con un regalo que les brinde comodidad y frescura en medio de este calor sofocante? Birkenstock nos ofrece cinco opciones cuidadosamente seleccionadas que seguramente\u2026","rel":"","context":"En \u00abLifestyle\u00bb","block_context":{"text":"Lifestyle","link":"https:\/\/zeromagazine.mx\/index.php\/category\/lifestyle\/"},"img":{"alt_text":"","src":"https:\/\/i0.wp.com\/zeromagazine.mx\/wp-content\/uploads\/2024\/05\/unnamed-37.png?fit=1200%2C801&ssl=1&resize=350%2C200","width":350,"height":200,"srcset":"https:\/\/i0.wp.com\/zeromagazine.mx\/wp-content\/uploads\/2024\/05\/unnamed-37.png?fit=1200%2C801&ssl=1&resize=350%2C200 1x, https:\/\/i0.wp.com\/zeromagazine.mx\/wp-content\/uploads\/2024\/05\/unnamed-37.png?fit=1200%2C801&ssl=1&resize=525%2C300 1.5x, https:\/\/i0.wp.com\/zeromagazine.mx\/wp-content\/uploads\/2024\/05\/unnamed-37.png?fit=1200%2C801&ssl=1&resize=700%2C400 2x, https:\/\/i0.wp.com\/zeromagazine.mx\/wp-content\/uploads\/2024\/05\/unnamed-37.png?fit=1200%2C801&ssl=1&resize=1050%2C600 3x"},"classes":[]}],"jetpack_sharing_enabled":true,"builder_content":"","_links":{"self":[{"href":"https:\/\/zeromagazine.mx\/index.php\/wp-json\/wp\/v2\/posts\/51063","targetHints":{"allow":["GET"]}}],"collection":[{"href":"https:\/\/zeromagazine.mx\/index.php\/wp-json\/wp\/v2\/posts"}],"about":[{"href":"https:\/\/zeromagazine.mx\/index.php\/wp-json\/wp\/v2\/types\/post"}],"author":[{"embeddable":true,"href":"https:\/\/zeromagazine.mx\/index.php\/wp-json\/wp\/v2\/users\/2"}],"replies":[{"embeddable":true,"href":"https:\/\/zeromagazine.mx\/index.php\/wp-json\/wp\/v2\/comments?post=51063"}],"version-history":[{"count":0,"href":"https:\/\/zeromagazine.mx\/index.php\/wp-json\/wp\/v2\/posts\/51063\/revisions"}],"wp:featuredmedia":[{"embeddable":true,"href":"https:\/\/zeromagazine.mx\/index.php\/wp-json\/"}],"wp:attachment":[{"href":"https:\/\/zeromagazine.mx\/index.php\/wp-json\/wp\/v2\/media?parent=51063"}],"wp:term":[{"taxonomy":"category","embeddable":true,"href":"https:\/\/zeromagazine.mx\/index.php\/wp-json\/wp\/v2\/categories?post=51063"},{"taxonomy":"post_tag","embeddable":true,"href":"https:\/\/zeromagazine.mx\/index.php\/wp-json\/wp\/v2\/tags?post=51063"}],"curies":[{"name":"wp","href":"https:\/\/api.w.org\/{rel}","templated":true}]}}