{"id":51234,"date":"2021-07-31T11:00:00","date_gmt":"2021-07-31T16:00:00","guid":{"rendered":"https:\/\/atomic-temporary-84115225.wpcomstaging.com\/?p=51234"},"modified":"2021-07-31T11:00:00","modified_gmt":"2021-07-31T16:00:00","slug":"daniel-espinosa-poniendo-en-alto-el-nombre-de-mexico","status":"publish","type":"post","link":"https:\/\/zeromagazine.mx\/index.php\/2021\/07\/31\/daniel-espinosa-poniendo-en-alto-el-nombre-de-mexico\/","title":{"rendered":"Daniel Espinosa poniendo en alto el nombre de M\u00e9xico"},"content":{"rendered":"\n<p><strong>Jeanny Beavan<\/strong> la stylist de la pel\u00edcula <strong>Cruella <\/strong>utiliz\u00f3 los dise\u00f1os de <strong>Daniel Espinosa<\/strong> en uno de los looks de la villana m\u00e1s elegante y sofisticada de la pel\u00edcula.<\/p>\n\n\n\n<div class=\"wp-block-buttons is-layout-flex wp-block-buttons-is-layout-flex\">\n<div class=\"wp-block-button is-style-outline is-style-outline--1\"><a class=\"wp-block-button__link\">Por Mayra Torres<\/a><\/div>\n<\/div>\n\n\n\n<p>La colecci\u00f3n <strong><em>Mexican Geometry<\/em><\/strong> de <strong>Daniel Espinosa<\/strong> fue parte de la pel\u00edcula <strong>Cruella<\/strong>, en donde el estilo y sentido de la moda es fundamental en los personajes, <strong>Emma Thompson<\/strong> que representa a la <em>Baronesa Von Hellman<\/em>, la magnate y despiadada dise\u00f1adora de modas fue elegida para lucir estas piezas en uno de sus stunning looks que la caracterizaron durante todo el largometraje.<\/p>\n\n\n\n<figure class=\"wp-block-gallery aligncenter columns-2 is-cropped coblocks-animate wp-block-gallery-2 is-layout-flex wp-block-gallery-is-layout-flex\"><ul class=\"blocks-gallery-grid\"><li class=\"blocks-gallery-item\"><figure><a href=\"https:\/\/i0.wp.com\/zeromagazinemx.wpcomstaging.com\/wp-content\/uploads\/2022\/02\/a54b2-aretes.jpg?ssl=1\"><img data-recalc-dims=\"1\" decoding=\"async\" src=\"https:\/\/i0.wp.com\/zeromagazinemx.wpcomstaging.com\/wp-content\/uploads\/2022\/02\/a54b2-aretes.jpg?w=1165&#038;ssl=1\" alt=\"\" data-id=\"51238\" data-link=\"https:\/\/atomic-temporary-84115225.wpcomstaging.com\/?attachment_id=51238\" class=\"wp-image-51238\" \/><\/a><\/figure><\/li><li class=\"blocks-gallery-item\"><figure><a href=\"https:\/\/i0.wp.com\/zeromagazinemx.wpcomstaging.com\/wp-content\/uploads\/2022\/02\/187b0-coleccion-1.jpg?ssl=1\"><img data-recalc-dims=\"1\" decoding=\"async\" src=\"https:\/\/i0.wp.com\/zeromagazinemx.wpcomstaging.com\/wp-content\/uploads\/2022\/02\/187b0-coleccion-1.jpg?w=1165&#038;ssl=1\" alt=\"\" data-id=\"51239\" data-link=\"https:\/\/atomic-temporary-84115225.wpcomstaging.com\/?attachment_id=51239\" class=\"wp-image-51239\" \/><\/a><\/figure><\/li><\/ul><\/figure>\n\n\n\n\n\n<p><strong><em>Mexican Geometry <\/em><\/strong>es una colecci\u00f3n inspirada en la arquitectura, la geometr\u00eda y las formas puras de Barrag\u00e1n, en donde los cubos perfectos que unidos forman una estructura limpia y sofisticada que sobrevive al paso del tiempo y las tendencias, ideales para una pel\u00edcula llena de estilo.<\/p>\n\n\n\n<p class=\"has-text-align-center\">Encuentra <strong><em>Mexican Geometry<\/em><\/strong> en las boutique <strong>Daniel Espinosa Jewelry<\/strong>, <strong>El Palacio de Hierro<\/strong> en la boutique online <a href=\"https:\/\/danielespinosa.shop\/mx\">danielespinosa.shop\/mx<\/a><\/p>\n\n\n<!--themify_builder_content-->\n<div id=\"themify_builder_content-51234\" data-postid=\"51234\" class=\"themify_builder_content themify_builder_content-51234 themify_builder tf_clear\">\n    <\/div>\n<!--\/themify_builder_content-->\n","protected":false},"excerpt":{"rendered":"<p>Jeanny Beavan la stylist de la pel\u00edcula Cruella utiliz\u00f3 los dise\u00f1os de Daniel Espinosa en uno de los looks de la villana m\u00e1s elegante y sofisticada de la pel\u00edcula. La colecci\u00f3n Mexican Geometry de Daniel Espinosa fue parte de la pel\u00edcula Cruella, en donde el estilo y sentido de la moda es fundamental en los [&hellip;]<\/p>\n","protected":false},"author":2,"featured_media":51237,"comment_status":"open","ping_status":"open","sticky":false,"template":"","format":"standard","meta":{"_jetpack_memberships_contains_paid_content":false,"footnotes":"","jetpack_publicize_message":"Daniel Espinosa Jewelry y su colecci\u00f3n #MexicanGeometry que pudimos apreciar en Cruella.","jetpack_publicize_feature_enabled":true,"jetpack_social_post_already_shared":true,"jetpack_social_options":{"image_generator_settings":{"template":"highway","default_image_id":0,"font":"","enabled":false},"version":2}},"categories":[1403,63,67],"tags":[110,3198,989,115,3199,1156,3200],"class_list":["post-51234","post","type-post","status-publish","format-standard","has-post-thumbnail","hentry","category-diseno","category-lifestyle","category-moda","tag-cruella","tag-daniel-espinosa-jewelry","tag-el-palacio-de-hierro","tag-emma-thompson","tag-jeanny-beavan","tag-joyeria","tag-mexican-geometry","has-post-title","has-post-date","has-post-category","has-post-tag","has-post-comment","has-post-author",""],"yoast_head":"<!-- This site is optimized with the Yoast SEO plugin v27.5 - https:\/\/yoast.com\/product\/yoast-seo-wordpress\/ -->\n<title>Daniel Espinosa poniendo en alto el nombre de M\u00e9xico - Zero Magazine<\/title>\n<meta name=\"robots\" content=\"index, follow, max-snippet:-1, max-image-preview:large, max-video-preview:-1\" \/>\n<link rel=\"canonical\" href=\"https:\/\/zeromagazine.mx\/index.php\/2021\/07\/31\/daniel-espinosa-poniendo-en-alto-el-nombre-de-mexico\/\" \/>\n<meta property=\"og:locale\" content=\"es_ES\" \/>\n<meta property=\"og:type\" content=\"article\" \/>\n<meta property=\"og:title\" content=\"Daniel Espinosa poniendo en alto el nombre de M\u00e9xico - Zero Magazine\" \/>\n<meta property=\"og:description\" content=\"Jeanny Beavan la stylist de la pel\u00edcula Cruella utiliz\u00f3 los dise\u00f1os de Daniel Espinosa en uno de los looks de la villana m\u00e1s elegante y sofisticada de la pel\u00edcula. La colecci\u00f3n Mexican Geometry de Daniel Espinosa fue parte de la pel\u00edcula Cruella, en donde el estilo y sentido de la moda es fundamental en los [&hellip;]\" \/>\n<meta property=\"og:url\" content=\"https:\/\/zeromagazine.mx\/index.php\/2021\/07\/31\/daniel-espinosa-poniendo-en-alto-el-nombre-de-mexico\/\" \/>\n<meta property=\"og:site_name\" content=\"Zero Magazine\" \/>\n<meta property=\"article:published_time\" content=\"2021-07-31T16:00:00+00:00\" \/>\n<meta name=\"author\" content=\"zeromagazinemx\" \/>\n<meta name=\"twitter:card\" content=\"summary_large_image\" \/>\n<meta name=\"twitter:label1\" content=\"Escrito por\" \/>\n\t<meta name=\"twitter:data1\" content=\"zeromagazinemx\" \/>\n\t<meta name=\"twitter:label2\" content=\"Tiempo de lectura\" \/>\n\t<meta name=\"twitter:data2\" content=\"1 minuto\" \/>\n<script type=\"application\/ld+json\" class=\"yoast-schema-graph\">{\"@context\":\"https:\\\/\\\/schema.org\",\"@graph\":[{\"@type\":\"Article\",\"@id\":\"https:\\\/\\\/zeromagazine.mx\\\/index.php\\\/2021\\\/07\\\/31\\\/daniel-espinosa-poniendo-en-alto-el-nombre-de-mexico\\\/#article\",\"isPartOf\":{\"@id\":\"https:\\\/\\\/zeromagazine.mx\\\/index.php\\\/2021\\\/07\\\/31\\\/daniel-espinosa-poniendo-en-alto-el-nombre-de-mexico\\\/\"},\"author\":{\"name\":\"zeromagazinemx\",\"@id\":\"https:\\\/\\\/zeromagazine.mx\\\/#\\\/schema\\\/person\\\/9aed9f33a7c39af3a348b86d723f7773\"},\"headline\":\"Daniel Espinosa poniendo en alto el nombre de M\u00e9xico\",\"datePublished\":\"2021-07-31T16:00:00+00:00\",\"mainEntityOfPage\":{\"@id\":\"https:\\\/\\\/zeromagazine.mx\\\/index.php\\\/2021\\\/07\\\/31\\\/daniel-espinosa-poniendo-en-alto-el-nombre-de-mexico\\\/\"},\"wordCount\":181,\"commentCount\":0,\"publisher\":{\"@id\":\"https:\\\/\\\/zeromagazine.mx\\\/#organization\"},\"image\":{\"@id\":\"https:\\\/\\\/zeromagazine.mx\\\/index.php\\\/2021\\\/07\\\/31\\\/daniel-espinosa-poniendo-en-alto-el-nombre-de-mexico\\\/#primaryimage\"},\"thumbnailUrl\":\"\",\"keywords\":[\"Cruella\",\"Daniel Espinosa Jewelry\",\"el palacio de hierro\",\"Emma Thompson\",\"Jeanny Beavan\",\"joyeria\",\"Mexican Geometry\"],\"articleSection\":[\"Dise\u00f1o\",\"Lifestyle\",\"Moda\"],\"inLanguage\":\"es\",\"potentialAction\":[{\"@type\":\"CommentAction\",\"name\":\"Comment\",\"target\":[\"https:\\\/\\\/zeromagazine.mx\\\/index.php\\\/2021\\\/07\\\/31\\\/daniel-espinosa-poniendo-en-alto-el-nombre-de-mexico\\\/#respond\"]}]},{\"@type\":\"WebPage\",\"@id\":\"https:\\\/\\\/zeromagazine.mx\\\/index.php\\\/2021\\\/07\\\/31\\\/daniel-espinosa-poniendo-en-alto-el-nombre-de-mexico\\\/\",\"url\":\"https:\\\/\\\/zeromagazine.mx\\\/index.php\\\/2021\\\/07\\\/31\\\/daniel-espinosa-poniendo-en-alto-el-nombre-de-mexico\\\/\",\"name\":\"Daniel Espinosa poniendo en alto el nombre de M\u00e9xico - Zero Magazine\",\"isPartOf\":{\"@id\":\"https:\\\/\\\/zeromagazine.mx\\\/#website\"},\"primaryImageOfPage\":{\"@id\":\"https:\\\/\\\/zeromagazine.mx\\\/index.php\\\/2021\\\/07\\\/31\\\/daniel-espinosa-poniendo-en-alto-el-nombre-de-mexico\\\/#primaryimage\"},\"image\":{\"@id\":\"https:\\\/\\\/zeromagazine.mx\\\/index.php\\\/2021\\\/07\\\/31\\\/daniel-espinosa-poniendo-en-alto-el-nombre-de-mexico\\\/#primaryimage\"},\"thumbnailUrl\":\"\",\"datePublished\":\"2021-07-31T16:00:00+00:00\",\"breadcrumb\":{\"@id\":\"https:\\\/\\\/zeromagazine.mx\\\/index.php\\\/2021\\\/07\\\/31\\\/daniel-espinosa-poniendo-en-alto-el-nombre-de-mexico\\\/#breadcrumb\"},\"inLanguage\":\"es\",\"potentialAction\":[{\"@type\":\"ReadAction\",\"target\":[\"https:\\\/\\\/zeromagazine.mx\\\/index.php\\\/2021\\\/07\\\/31\\\/daniel-espinosa-poniendo-en-alto-el-nombre-de-mexico\\\/\"]}]},{\"@type\":\"ImageObject\",\"inLanguage\":\"es\",\"@id\":\"https:\\\/\\\/zeromagazine.mx\\\/index.php\\\/2021\\\/07\\\/31\\\/daniel-espinosa-poniendo-en-alto-el-nombre-de-mexico\\\/#primaryimage\",\"url\":\"\",\"contentUrl\":\"\"},{\"@type\":\"BreadcrumbList\",\"@id\":\"https:\\\/\\\/zeromagazine.mx\\\/index.php\\\/2021\\\/07\\\/31\\\/daniel-espinosa-poniendo-en-alto-el-nombre-de-mexico\\\/#breadcrumb\",\"itemListElement\":[{\"@type\":\"ListItem\",\"position\":1,\"name\":\"Portada\",\"item\":\"https:\\\/\\\/zeromagazine.mx\\\/\"},{\"@type\":\"ListItem\",\"position\":2,\"name\":\"Daniel Espinosa poniendo en alto el nombre de M\u00e9xico\"}]},{\"@type\":\"WebSite\",\"@id\":\"https:\\\/\\\/zeromagazine.mx\\\/#website\",\"url\":\"https:\\\/\\\/zeromagazine.mx\\\/\",\"name\":\"Zero Magazine\",\"description\":\"\",\"publisher\":{\"@id\":\"https:\\\/\\\/zeromagazine.mx\\\/#organization\"},\"potentialAction\":[{\"@type\":\"SearchAction\",\"target\":{\"@type\":\"EntryPoint\",\"urlTemplate\":\"https:\\\/\\\/zeromagazine.mx\\\/?s={search_term_string}\"},\"query-input\":{\"@type\":\"PropertyValueSpecification\",\"valueRequired\":true,\"valueName\":\"search_term_string\"}}],\"inLanguage\":\"es\"},{\"@type\":\"Organization\",\"@id\":\"https:\\\/\\\/zeromagazine.mx\\\/#organization\",\"name\":\"Zero Magazine\",\"url\":\"https:\\\/\\\/zeromagazine.mx\\\/\",\"logo\":{\"@type\":\"ImageObject\",\"inLanguage\":\"es\",\"@id\":\"https:\\\/\\\/zeromagazine.mx\\\/#\\\/schema\\\/logo\\\/image\\\/\",\"url\":\"https:\\\/\\\/i0.wp.com\\\/zeromagazine.mx\\\/wp-content\\\/uploads\\\/2025\\\/11\\\/1.jpeg?fit=1000%2C1000&ssl=1\",\"contentUrl\":\"https:\\\/\\\/i0.wp.com\\\/zeromagazine.mx\\\/wp-content\\\/uploads\\\/2025\\\/11\\\/1.jpeg?fit=1000%2C1000&ssl=1\",\"width\":1000,\"height\":1000,\"caption\":\"Zero Magazine\"},\"image\":{\"@id\":\"https:\\\/\\\/zeromagazine.mx\\\/#\\\/schema\\\/logo\\\/image\\\/\"},\"sameAs\":[\"https:\\\/\\\/instagram.com\\\/zeromagazinemx\"]},{\"@type\":\"Person\",\"@id\":\"https:\\\/\\\/zeromagazine.mx\\\/#\\\/schema\\\/person\\\/9aed9f33a7c39af3a348b86d723f7773\",\"name\":\"zeromagazinemx\",\"image\":{\"@type\":\"ImageObject\",\"inLanguage\":\"es\",\"@id\":\"https:\\\/\\\/zeromagazine.mx\\\/wp-content\\\/litespeed\\\/avatar\\\/f91dfe5410d5dcb1a576bf8c45983896.jpg?ver=1777571230\",\"url\":\"https:\\\/\\\/zeromagazine.mx\\\/wp-content\\\/litespeed\\\/avatar\\\/f91dfe5410d5dcb1a576bf8c45983896.jpg?ver=1777571230\",\"contentUrl\":\"https:\\\/\\\/zeromagazine.mx\\\/wp-content\\\/litespeed\\\/avatar\\\/f91dfe5410d5dcb1a576bf8c45983896.jpg?ver=1777571230\",\"caption\":\"zeromagazinemx\"},\"url\":\"https:\\\/\\\/zeromagazine.mx\\\/index.php\\\/author\\\/zeromagazinemx\\\/\"}]}<\/script>\n<!-- \/ Yoast SEO plugin. -->","yoast_head_json":{"title":"Daniel Espinosa poniendo en alto el nombre de M\u00e9xico - Zero Magazine","robots":{"index":"index","follow":"follow","max-snippet":"max-snippet:-1","max-image-preview":"max-image-preview:large","max-video-preview":"max-video-preview:-1"},"canonical":"https:\/\/zeromagazine.mx\/index.php\/2021\/07\/31\/daniel-espinosa-poniendo-en-alto-el-nombre-de-mexico\/","og_locale":"es_ES","og_type":"article","og_title":"Daniel Espinosa poniendo en alto el nombre de M\u00e9xico - Zero Magazine","og_description":"Jeanny Beavan la stylist de la pel\u00edcula Cruella utiliz\u00f3 los dise\u00f1os de Daniel Espinosa en uno de los looks de la villana m\u00e1s elegante y sofisticada de la pel\u00edcula. La colecci\u00f3n Mexican Geometry de Daniel Espinosa fue parte de la pel\u00edcula Cruella, en donde el estilo y sentido de la moda es fundamental en los [&hellip;]","og_url":"https:\/\/zeromagazine.mx\/index.php\/2021\/07\/31\/daniel-espinosa-poniendo-en-alto-el-nombre-de-mexico\/","og_site_name":"Zero Magazine","article_published_time":"2021-07-31T16:00:00+00:00","author":"zeromagazinemx","twitter_card":"summary_large_image","twitter_misc":{"Escrito por":"zeromagazinemx","Tiempo de lectura":"1 minuto"},"schema":{"@context":"https:\/\/schema.org","@graph":[{"@type":"Article","@id":"https:\/\/zeromagazine.mx\/index.php\/2021\/07\/31\/daniel-espinosa-poniendo-en-alto-el-nombre-de-mexico\/#article","isPartOf":{"@id":"https:\/\/zeromagazine.mx\/index.php\/2021\/07\/31\/daniel-espinosa-poniendo-en-alto-el-nombre-de-mexico\/"},"author":{"name":"zeromagazinemx","@id":"https:\/\/zeromagazine.mx\/#\/schema\/person\/9aed9f33a7c39af3a348b86d723f7773"},"headline":"Daniel Espinosa poniendo en alto el nombre de M\u00e9xico","datePublished":"2021-07-31T16:00:00+00:00","mainEntityOfPage":{"@id":"https:\/\/zeromagazine.mx\/index.php\/2021\/07\/31\/daniel-espinosa-poniendo-en-alto-el-nombre-de-mexico\/"},"wordCount":181,"commentCount":0,"publisher":{"@id":"https:\/\/zeromagazine.mx\/#organization"},"image":{"@id":"https:\/\/zeromagazine.mx\/index.php\/2021\/07\/31\/daniel-espinosa-poniendo-en-alto-el-nombre-de-mexico\/#primaryimage"},"thumbnailUrl":"","keywords":["Cruella","Daniel Espinosa Jewelry","el palacio de hierro","Emma Thompson","Jeanny Beavan","joyeria","Mexican Geometry"],"articleSection":["Dise\u00f1o","Lifestyle","Moda"],"inLanguage":"es","potentialAction":[{"@type":"CommentAction","name":"Comment","target":["https:\/\/zeromagazine.mx\/index.php\/2021\/07\/31\/daniel-espinosa-poniendo-en-alto-el-nombre-de-mexico\/#respond"]}]},{"@type":"WebPage","@id":"https:\/\/zeromagazine.mx\/index.php\/2021\/07\/31\/daniel-espinosa-poniendo-en-alto-el-nombre-de-mexico\/","url":"https:\/\/zeromagazine.mx\/index.php\/2021\/07\/31\/daniel-espinosa-poniendo-en-alto-el-nombre-de-mexico\/","name":"Daniel Espinosa poniendo en alto el nombre de M\u00e9xico - Zero Magazine","isPartOf":{"@id":"https:\/\/zeromagazine.mx\/#website"},"primaryImageOfPage":{"@id":"https:\/\/zeromagazine.mx\/index.php\/2021\/07\/31\/daniel-espinosa-poniendo-en-alto-el-nombre-de-mexico\/#primaryimage"},"image":{"@id":"https:\/\/zeromagazine.mx\/index.php\/2021\/07\/31\/daniel-espinosa-poniendo-en-alto-el-nombre-de-mexico\/#primaryimage"},"thumbnailUrl":"","datePublished":"2021-07-31T16:00:00+00:00","breadcrumb":{"@id":"https:\/\/zeromagazine.mx\/index.php\/2021\/07\/31\/daniel-espinosa-poniendo-en-alto-el-nombre-de-mexico\/#breadcrumb"},"inLanguage":"es","potentialAction":[{"@type":"ReadAction","target":["https:\/\/zeromagazine.mx\/index.php\/2021\/07\/31\/daniel-espinosa-poniendo-en-alto-el-nombre-de-mexico\/"]}]},{"@type":"ImageObject","inLanguage":"es","@id":"https:\/\/zeromagazine.mx\/index.php\/2021\/07\/31\/daniel-espinosa-poniendo-en-alto-el-nombre-de-mexico\/#primaryimage","url":"","contentUrl":""},{"@type":"BreadcrumbList","@id":"https:\/\/zeromagazine.mx\/index.php\/2021\/07\/31\/daniel-espinosa-poniendo-en-alto-el-nombre-de-mexico\/#breadcrumb","itemListElement":[{"@type":"ListItem","position":1,"name":"Portada","item":"https:\/\/zeromagazine.mx\/"},{"@type":"ListItem","position":2,"name":"Daniel Espinosa poniendo en alto el nombre de M\u00e9xico"}]},{"@type":"WebSite","@id":"https:\/\/zeromagazine.mx\/#website","url":"https:\/\/zeromagazine.mx\/","name":"Zero Magazine","description":"","publisher":{"@id":"https:\/\/zeromagazine.mx\/#organization"},"potentialAction":[{"@type":"SearchAction","target":{"@type":"EntryPoint","urlTemplate":"https:\/\/zeromagazine.mx\/?s={search_term_string}"},"query-input":{"@type":"PropertyValueSpecification","valueRequired":true,"valueName":"search_term_string"}}],"inLanguage":"es"},{"@type":"Organization","@id":"https:\/\/zeromagazine.mx\/#organization","name":"Zero Magazine","url":"https:\/\/zeromagazine.mx\/","logo":{"@type":"ImageObject","inLanguage":"es","@id":"https:\/\/zeromagazine.mx\/#\/schema\/logo\/image\/","url":"https:\/\/i0.wp.com\/zeromagazine.mx\/wp-content\/uploads\/2025\/11\/1.jpeg?fit=1000%2C1000&ssl=1","contentUrl":"https:\/\/i0.wp.com\/zeromagazine.mx\/wp-content\/uploads\/2025\/11\/1.jpeg?fit=1000%2C1000&ssl=1","width":1000,"height":1000,"caption":"Zero Magazine"},"image":{"@id":"https:\/\/zeromagazine.mx\/#\/schema\/logo\/image\/"},"sameAs":["https:\/\/instagram.com\/zeromagazinemx"]},{"@type":"Person","@id":"https:\/\/zeromagazine.mx\/#\/schema\/person\/9aed9f33a7c39af3a348b86d723f7773","name":"zeromagazinemx","image":{"@type":"ImageObject","inLanguage":"es","@id":"https:\/\/zeromagazine.mx\/wp-content\/litespeed\/avatar\/f91dfe5410d5dcb1a576bf8c45983896.jpg?ver=1777571230","url":"https:\/\/zeromagazine.mx\/wp-content\/litespeed\/avatar\/f91dfe5410d5dcb1a576bf8c45983896.jpg?ver=1777571230","contentUrl":"https:\/\/zeromagazine.mx\/wp-content\/litespeed\/avatar\/f91dfe5410d5dcb1a576bf8c45983896.jpg?ver=1777571230","caption":"zeromagazinemx"},"url":"https:\/\/zeromagazine.mx\/index.php\/author\/zeromagazinemx\/"}]}},"jetpack_publicize_connections":[],"jetpack_featured_media_url":"","jetpack-related-posts":[{"id":46575,"url":"https:\/\/zeromagazine.mx\/index.php\/2021\/06\/01\/jenny-beavan-la-disenadora-detras-del-vestuario-de-cruella\/","url_meta":{"origin":51234,"position":0},"title":"Jenny Beavan, la dise\u00f1adora detr\u00e1s del vestuario de CRUELLA","author":"zeromagazinemx","date":"1 de junio de 2021","format":false,"excerpt":"CRUELLA la nueva pel\u00edcula de acci\u00f3n real de Disney nos transporta al coraz\u00f3n de Londres en la d\u00e9cada de los 70\u00b4s present\u00e1ndonos a Cruella de Vil, la icono de la moda en la pantalla. Pero \u00bfQui\u00e9n est\u00e1 detr\u00e1s de esos majestuosos trajes? por Mayra Torres Jenny Beavan es una reconocida\u2026","rel":"","context":"En \u00abCine\u00bb","block_context":{"text":"Cine","link":"https:\/\/zeromagazine.mx\/index.php\/category\/entretenimiento\/cine\/"},"img":{"alt_text":"","src":"https:\/\/i0.wp.com\/zeromagazinemx.wpcomstaging.com\/wp-content\/uploads\/2022\/02\/3d2d0-diseno.png?resize=350%2C200&ssl=1","width":350,"height":200},"classes":[]},{"id":48764,"url":"https:\/\/zeromagazine.mx\/index.php\/2021\/06\/25\/tendencias-de-joyeria-para-este-verano-2021\/","url_meta":{"origin":51234,"position":1},"title":"Tendencias de joyer\u00eda para este verano 2021","author":"zeromagazinemx","date":"25 de junio de 2021","format":false,"excerpt":"Te presentamos las nuevas propuestas de joyer\u00eda para que deslumbres a donde quiera que vayas este verano. Por Mayra Torres El joyero Daniel Espinosa nos platica sobre las tendencias en joyer\u00eda que llegan para este verano 2021. Hor\u00f3scopos. La joyer\u00eda con signos zodiacales y constelaciones se posiciona como una gran\u2026","rel":"","context":"En \u00abLifestyle\u00bb","block_context":{"text":"Lifestyle","link":"https:\/\/zeromagazine.mx\/index.php\/category\/lifestyle\/"},"img":{"alt_text":"","src":"","width":0,"height":0},"classes":[]},{"id":86256,"url":"https:\/\/zeromagazine.mx\/index.php\/2024\/10\/10\/vibra-spooky-con-pandora-villains\/","url_meta":{"origin":51234,"position":2},"title":"\u00abVibra Spooky con Pandora Villains\u00bb","author":"zeromagazinemx","date":"10 de octubre de 2024","format":false,"excerpt":"Halloween is coming y si est\u00e1s buscando ways to level up tus vibes, Pandora has you covered with su nueva colecci\u00f3n Disney Villains. Let's be real, Halloween is that time of year donde puedes ser quien quieras, y las villanas de Disney son la inspiraci\u00f3n perfecta para sacar ese lado\u2026","rel":"","context":"En \u00abModa\u00bb","block_context":{"text":"Moda","link":"https:\/\/zeromagazine.mx\/index.php\/category\/moda\/"},"img":{"alt_text":"","src":"https:\/\/i0.wp.com\/zeromagazine.mx\/wp-content\/uploads\/2024\/10\/793423C01_RGB.jpg?fit=1200%2C1200&ssl=1&resize=350%2C200","width":350,"height":200,"srcset":"https:\/\/i0.wp.com\/zeromagazine.mx\/wp-content\/uploads\/2024\/10\/793423C01_RGB.jpg?fit=1200%2C1200&ssl=1&resize=350%2C200 1x, https:\/\/i0.wp.com\/zeromagazine.mx\/wp-content\/uploads\/2024\/10\/793423C01_RGB.jpg?fit=1200%2C1200&ssl=1&resize=525%2C300 1.5x, https:\/\/i0.wp.com\/zeromagazine.mx\/wp-content\/uploads\/2024\/10\/793423C01_RGB.jpg?fit=1200%2C1200&ssl=1&resize=700%2C400 2x, https:\/\/i0.wp.com\/zeromagazine.mx\/wp-content\/uploads\/2024\/10\/793423C01_RGB.jpg?fit=1200%2C1200&ssl=1&resize=1050%2C600 3x"},"classes":[]},{"id":86966,"url":"https:\/\/zeromagazine.mx\/index.php\/2024\/10\/16\/w-capsule-la-coleccion-de-las-villanas-de-disney-para-halloween\/","url_meta":{"origin":51234,"position":3},"title":"W Capsule: La colecci\u00f3n de las villanas de Disney para Halloween","author":"David Morales","date":"16 de octubre de 2024","format":false,"excerpt":"Amix, si aman Halloween tanto como yo, esto les va a encantar. W Capsule acaba de lanzar una colecci\u00f3n especial y limitada, justo a tiempo para la spooky season, y est\u00e1 inspirada en las villanas m\u00e1s ic\u00f3nicas de Disney. \u00a1S\u00ed, le\u00edste bien! Esta edici\u00f3n incluye tenis, mochilas, bolsas y accesorios\u2026","rel":"","context":"En \u00abModa\u00bb","block_context":{"text":"Moda","link":"https:\/\/zeromagazine.mx\/index.php\/category\/moda\/"},"img":{"alt_text":"","src":"https:\/\/i0.wp.com\/zeromagazine.mx\/wp-content\/uploads\/2024\/10\/IMG_1911.jpeg?fit=623%2C680&ssl=1&resize=350%2C200","width":350,"height":200,"srcset":"https:\/\/i0.wp.com\/zeromagazine.mx\/wp-content\/uploads\/2024\/10\/IMG_1911.jpeg?fit=623%2C680&ssl=1&resize=350%2C200 1x, https:\/\/i0.wp.com\/zeromagazine.mx\/wp-content\/uploads\/2024\/10\/IMG_1911.jpeg?fit=623%2C680&ssl=1&resize=525%2C300 1.5x"},"classes":[]},{"id":94914,"url":"https:\/\/zeromagazine.mx\/index.php\/2025\/01\/16\/brilla-con-hask\/","url_meta":{"origin":51234,"position":4},"title":"Brilla con Hask","author":"zeromagazinemx","date":"16 de enero de 2025","format":false,"excerpt":"Brilla con Hask\u00a0 Brilla con Hask. Sabemos que mantener el cabello en su mejor versi\u00f3n es una misi\u00f3n que no termina nunca. Todos so\u00f1amos con un cabello brillante, saludable y lleno de vida, pero \u00bfsab\u00edas que lograrlo puede ser mucho m\u00e1s f\u00e1cil de lo que piensas? La clave est\u00e1 en\u2026","rel":"","context":"En \u00abBeauty\u00bb","block_context":{"text":"Beauty","link":"https:\/\/zeromagazine.mx\/index.php\/category\/beauty\/"},"img":{"alt_text":"","src":"https:\/\/i0.wp.com\/zeromagazine.mx\/wp-content\/uploads\/2025\/01\/06_HASK_TeaTree_Creative.jpg?fit=1200%2C1200&ssl=1&resize=350%2C200","width":350,"height":200,"srcset":"https:\/\/i0.wp.com\/zeromagazine.mx\/wp-content\/uploads\/2025\/01\/06_HASK_TeaTree_Creative.jpg?fit=1200%2C1200&ssl=1&resize=350%2C200 1x, https:\/\/i0.wp.com\/zeromagazine.mx\/wp-content\/uploads\/2025\/01\/06_HASK_TeaTree_Creative.jpg?fit=1200%2C1200&ssl=1&resize=525%2C300 1.5x, https:\/\/i0.wp.com\/zeromagazine.mx\/wp-content\/uploads\/2025\/01\/06_HASK_TeaTree_Creative.jpg?fit=1200%2C1200&ssl=1&resize=700%2C400 2x, https:\/\/i0.wp.com\/zeromagazine.mx\/wp-content\/uploads\/2025\/01\/06_HASK_TeaTree_Creative.jpg?fit=1200%2C1200&ssl=1&resize=1050%2C600 3x"},"classes":[]},{"id":70279,"url":"https:\/\/zeromagazine.mx\/index.php\/2024\/01\/09\/trazos-de-libertad-bella-baxter\/","url_meta":{"origin":51234,"position":5},"title":"Trazos de Libertad: Bella Baxter","author":"David Morales","date":"9 de enero de 2024","format":false,"excerpt":"Estoy emocionade de compartirles todo sobre la nueva pel\u00edcula que est\u00e1 causando sensaci\u00f3n en todos lados. Se trata de \"Pobres Criaturas\", dirigida por Yorgos Lanthimos y protagonizada por la talentos\u00edsima Emma Stone, que nos lleva por una traves\u00eda visual y narrativa que no te puedes perder. Esta cinta nos introduce\u2026","rel":"","context":"En \u00abCine\u00bb","block_context":{"text":"Cine","link":"https:\/\/zeromagazine.mx\/index.php\/category\/entretenimiento\/cine\/"},"img":{"alt_text":"","src":"https:\/\/i0.wp.com\/zeromagazine.mx\/wp-content\/uploads\/2024\/01\/image002-2.png?fit=320%2C320&ssl=1&resize=350%2C200","width":350,"height":200},"classes":[]}],"jetpack_sharing_enabled":true,"builder_content":"","_links":{"self":[{"href":"https:\/\/zeromagazine.mx\/index.php\/wp-json\/wp\/v2\/posts\/51234","targetHints":{"allow":["GET"]}}],"collection":[{"href":"https:\/\/zeromagazine.mx\/index.php\/wp-json\/wp\/v2\/posts"}],"about":[{"href":"https:\/\/zeromagazine.mx\/index.php\/wp-json\/wp\/v2\/types\/post"}],"author":[{"embeddable":true,"href":"https:\/\/zeromagazine.mx\/index.php\/wp-json\/wp\/v2\/users\/2"}],"replies":[{"embeddable":true,"href":"https:\/\/zeromagazine.mx\/index.php\/wp-json\/wp\/v2\/comments?post=51234"}],"version-history":[{"count":0,"href":"https:\/\/zeromagazine.mx\/index.php\/wp-json\/wp\/v2\/posts\/51234\/revisions"}],"wp:featuredmedia":[{"embeddable":true,"href":"https:\/\/zeromagazine.mx\/index.php\/wp-json\/"}],"wp:attachment":[{"href":"https:\/\/zeromagazine.mx\/index.php\/wp-json\/wp\/v2\/media?parent=51234"}],"wp:term":[{"taxonomy":"category","embeddable":true,"href":"https:\/\/zeromagazine.mx\/index.php\/wp-json\/wp\/v2\/categories?post=51234"},{"taxonomy":"post_tag","embeddable":true,"href":"https:\/\/zeromagazine.mx\/index.php\/wp-json\/wp\/v2\/tags?post=51234"}],"curies":[{"name":"wp","href":"https:\/\/api.w.org\/{rel}","templated":true}]}}