{"id":51416,"date":"2021-08-03T11:00:00","date_gmt":"2021-08-03T16:00:00","guid":{"rendered":"https:\/\/atomic-temporary-84115225.wpcomstaging.com\/?p=51416"},"modified":"2021-08-03T11:00:00","modified_gmt":"2021-08-03T16:00:00","slug":"levis-y-grateful-dead-se-unen-en-una-nueva-coleccion","status":"publish","type":"post","link":"https:\/\/zeromagazine.mx\/index.php\/2021\/08\/03\/levis-y-grateful-dead-se-unen-en-una-nueva-coleccion\/","title":{"rendered":"Levi\u00b4s y Grateful Dead se unen en una nueva colecci\u00f3n"},"content":{"rendered":"\n<p><strong>Levi\u00b4s<\/strong> presenta la nueva colecci\u00f3n c\u00e1psula para celebrar el continuo legado de m\u00fasica, comunidad y creatividad junto <strong>Grateful Dead<\/strong>.<\/p>\n\n\n\n<div class=\"wp-block-buttons is-layout-flex wp-block-buttons-is-layout-flex\">\n<div class=\"wp-block-button is-style-outline is-style-outline--1\"><a class=\"wp-block-button__link\">Por Mayra Torres<\/a><\/div>\n<\/div>\n\n\n\n<p>La nueva colecci\u00f3n c\u00e1psula <strong>Levi\u00b4s X Grateful Dead<\/strong> incluye una l\u00ednea de playeras, sudaderas, jeans y accesorios <strong>Levi\u00b4s<\/strong> con gr\u00e1ficos de los <strong>Dead <\/strong>y un colorido <em>tie-dye<\/em> inspirado en la banda. Gran parte de la colecci\u00f3n celebra el aniversario del \u00e1lbum en vivo de <strong>Grateful Dead<em> \u201cSkull &amp; Roses\u201d<\/em><\/strong>, las piezas presentan el ic\u00f3nico arte grafico pero con un twist por parte de <strong>Levi\u00b4s<\/strong> en colores originales.<\/p>\n\n\n\n<figure class=\"wp-block-gallery aligncenter columns-2 is-cropped coblocks-animate wp-block-gallery-2 is-layout-flex wp-block-gallery-is-layout-flex\"><ul class=\"blocks-gallery-grid\"><li class=\"blocks-gallery-item\"><figure><a href=\"https:\/\/i0.wp.com\/zeromagazinemx.wpcomstaging.com\/wp-content\/uploads\/2022\/02\/e6d37-levi-sc2ae_x_grateful_dead_short_sleeved_graphic_tee_a1204-0002_1.jpg?ssl=1\"><img data-recalc-dims=\"1\" decoding=\"async\" src=\"https:\/\/i0.wp.com\/zeromagazinemx.wpcomstaging.com\/wp-content\/uploads\/2022\/02\/e6d37-levi-sc2ae_x_grateful_dead_short_sleeved_graphic_tee_a1204-0002_1.jpg?w=1165&#038;ssl=1\" alt=\"\" data-id=\"51421\" data-link=\"https:\/\/atomic-temporary-84115225.wpcomstaging.com\/?attachment_id=51421\" class=\"wp-image-51421\" \/><\/a><\/figure><\/li><li class=\"blocks-gallery-item\"><figure><a href=\"https:\/\/i0.wp.com\/zeromagazinemx.wpcomstaging.com\/wp-content\/uploads\/2022\/02\/40b12-levi-sc2ae_x_grateful_dead_long_sleeved_graphic_tee_a1203-0000_1.jpg?ssl=1\"><img data-recalc-dims=\"1\" decoding=\"async\" src=\"https:\/\/i0.wp.com\/zeromagazinemx.wpcomstaging.com\/wp-content\/uploads\/2022\/02\/40b12-levi-sc2ae_x_grateful_dead_long_sleeved_graphic_tee_a1203-0000_1.jpg?w=1165&#038;ssl=1\" alt=\"\" data-id=\"51422\" data-link=\"https:\/\/atomic-temporary-84115225.wpcomstaging.com\/?attachment_id=51422\" class=\"wp-image-51422\" \/><\/a><\/figure><\/li><\/ul><\/figure>\n\n\n\n\n\n<p>Entre las piezas de la colecci\u00f3n que todos los <strong>Dead Heads<\/strong> deben tener es una camiseta verde con gr\u00e1ficos extra\u00eddos de un folleto del famoso concierto de los <strong>Dead <\/strong>en <em>1977 <\/em>en el <strong><em>Barton Hall<\/em><\/strong> de la <strong><em>Universidad de Cornell<\/em><\/strong> en Ithaca, Nueva York. Tambi\u00e9n una camiseta de manga larga te\u00f1ida con la inscripci\u00f3n <strong>Grateful Dead<\/strong> tomada de una oscura calcoman\u00eda de los 80. Los <em><strong>Levi\u00b4s<\/strong> <strong>501<\/strong><\/em> en <em>denim <\/em>y un <strong><em>Type III Trucker<\/em><\/strong> con el logotipo de \u201c<strong>DEAD<\/strong>\u201d serigrafiado en el ic\u00f3nico logotipo de huesos de la banda.<\/p>\n\n\n\n<p class=\"has-text-align-center\"><em>Una colecci\u00f3n dise\u00f1ada para los verdaderos Dead Heads y para fans casuales.<strong>Levi\u00b4s X Grateful Dead<\/strong> disponible en <a href=\"https:\/\/www.levi.com.mx\/\">www.levi.com.mx<\/a> y en tiendas <strong>Levi\u00b4s<\/strong><\/em><\/p>\n\n\n<!--themify_builder_content-->\n<div id=\"themify_builder_content-51416\" data-postid=\"51416\" class=\"themify_builder_content themify_builder_content-51416 themify_builder tf_clear\">\n    <\/div>\n<!--\/themify_builder_content-->\n","protected":false},"excerpt":{"rendered":"<p>Levi\u00b4s presenta la nueva colecci\u00f3n c\u00e1psula para celebrar el continuo legado de m\u00fasica, comunidad y creatividad junto Grateful Dead. La nueva colecci\u00f3n c\u00e1psula Levi\u00b4s X Grateful Dead incluye una l\u00ednea de playeras, sudaderas, jeans y accesorios Levi\u00b4s con gr\u00e1ficos de los Dead y un colorido tie-dye inspirado en la banda. Gran parte de la colecci\u00f3n [&hellip;]<\/p>\n","protected":false},"author":2,"featured_media":51420,"comment_status":"open","ping_status":"open","sticky":false,"template":"","format":"standard","meta":{"_jetpack_memberships_contains_paid_content":false,"footnotes":"","jetpack_publicize_message":"Levi\u00b4s X Grateful Dead | Descubre esta nueva colecci\u00f3n del legado de m\u00fasica, Grateful Dead.","jetpack_publicize_feature_enabled":true,"jetpack_social_post_already_shared":true,"jetpack_social_options":{"image_generator_settings":{"template":"highway","default_image_id":0,"font":"","enabled":false},"version":2}},"categories":[63,67],"tags":[3311,3312,3313,553,3314,3315,3316,3317,3318],"class_list":["post-51416","post","type-post","status-publish","format-standard","has-post-thumbnail","hentry","category-lifestyle","category-moda","tag-barton-hall","tag-dead-heads","tag-grateful-dead","tag-levis","tag-levis-501","tag-levis-x-grateful-dead","tag-skull-roses","tag-type-iii-trucker","tag-universidad-de-cornell","has-post-title","has-post-date","has-post-category","has-post-tag","has-post-comment","has-post-author",""],"yoast_head":"<!-- This site is optimized with the Yoast SEO plugin v27.5 - https:\/\/yoast.com\/product\/yoast-seo-wordpress\/ -->\n<title>Levi\u00b4s y Grateful Dead se unen en una nueva colecci\u00f3n - Zero Magazine<\/title>\n<meta name=\"robots\" content=\"index, follow, max-snippet:-1, max-image-preview:large, max-video-preview:-1\" \/>\n<link rel=\"canonical\" href=\"https:\/\/zeromagazine.mx\/index.php\/2021\/08\/03\/levis-y-grateful-dead-se-unen-en-una-nueva-coleccion\/\" \/>\n<meta property=\"og:locale\" content=\"es_ES\" \/>\n<meta property=\"og:type\" content=\"article\" \/>\n<meta property=\"og:title\" content=\"Levi\u00b4s y Grateful Dead se unen en una nueva colecci\u00f3n - Zero Magazine\" \/>\n<meta property=\"og:description\" content=\"Levi\u00b4s presenta la nueva colecci\u00f3n c\u00e1psula para celebrar el continuo legado de m\u00fasica, comunidad y creatividad junto Grateful Dead. La nueva colecci\u00f3n c\u00e1psula Levi\u00b4s X Grateful Dead incluye una l\u00ednea de playeras, sudaderas, jeans y accesorios Levi\u00b4s con gr\u00e1ficos de los Dead y un colorido tie-dye inspirado en la banda. Gran parte de la colecci\u00f3n [&hellip;]\" \/>\n<meta property=\"og:url\" content=\"https:\/\/zeromagazine.mx\/index.php\/2021\/08\/03\/levis-y-grateful-dead-se-unen-en-una-nueva-coleccion\/\" \/>\n<meta property=\"og:site_name\" content=\"Zero Magazine\" \/>\n<meta property=\"article:published_time\" content=\"2021-08-03T16:00:00+00:00\" \/>\n<meta name=\"author\" content=\"zeromagazinemx\" \/>\n<meta name=\"twitter:card\" content=\"summary_large_image\" \/>\n<meta name=\"twitter:label1\" content=\"Escrito por\" \/>\n\t<meta name=\"twitter:data1\" content=\"zeromagazinemx\" \/>\n\t<meta name=\"twitter:label2\" content=\"Tiempo de lectura\" \/>\n\t<meta name=\"twitter:data2\" content=\"1 minuto\" \/>\n<script type=\"application\/ld+json\" class=\"yoast-schema-graph\">{\"@context\":\"https:\\\/\\\/schema.org\",\"@graph\":[{\"@type\":\"Article\",\"@id\":\"https:\\\/\\\/zeromagazine.mx\\\/index.php\\\/2021\\\/08\\\/03\\\/levis-y-grateful-dead-se-unen-en-una-nueva-coleccion\\\/#article\",\"isPartOf\":{\"@id\":\"https:\\\/\\\/zeromagazine.mx\\\/index.php\\\/2021\\\/08\\\/03\\\/levis-y-grateful-dead-se-unen-en-una-nueva-coleccion\\\/\"},\"author\":{\"name\":\"zeromagazinemx\",\"@id\":\"https:\\\/\\\/zeromagazine.mx\\\/#\\\/schema\\\/person\\\/9aed9f33a7c39af3a348b86d723f7773\"},\"headline\":\"Levi\u00b4s y Grateful Dead se unen en una nueva colecci\u00f3n\",\"datePublished\":\"2021-08-03T16:00:00+00:00\",\"mainEntityOfPage\":{\"@id\":\"https:\\\/\\\/zeromagazine.mx\\\/index.php\\\/2021\\\/08\\\/03\\\/levis-y-grateful-dead-se-unen-en-una-nueva-coleccion\\\/\"},\"wordCount\":239,\"commentCount\":0,\"publisher\":{\"@id\":\"https:\\\/\\\/zeromagazine.mx\\\/#organization\"},\"image\":{\"@id\":\"https:\\\/\\\/zeromagazine.mx\\\/index.php\\\/2021\\\/08\\\/03\\\/levis-y-grateful-dead-se-unen-en-una-nueva-coleccion\\\/#primaryimage\"},\"thumbnailUrl\":\"\",\"keywords\":[\"Barton Hall\",\"Dead Heads\",\"Grateful Dead\",\"Levi\u00b4s\",\"Levi\u00b4s 501\",\"Levi\u00b4s X Grateful Dead\",\"Skull &amp; Roses\",\"Type III Trucker\",\"Universidad de Cornell\"],\"articleSection\":[\"Lifestyle\",\"Moda\"],\"inLanguage\":\"es\",\"potentialAction\":[{\"@type\":\"CommentAction\",\"name\":\"Comment\",\"target\":[\"https:\\\/\\\/zeromagazine.mx\\\/index.php\\\/2021\\\/08\\\/03\\\/levis-y-grateful-dead-se-unen-en-una-nueva-coleccion\\\/#respond\"]}]},{\"@type\":\"WebPage\",\"@id\":\"https:\\\/\\\/zeromagazine.mx\\\/index.php\\\/2021\\\/08\\\/03\\\/levis-y-grateful-dead-se-unen-en-una-nueva-coleccion\\\/\",\"url\":\"https:\\\/\\\/zeromagazine.mx\\\/index.php\\\/2021\\\/08\\\/03\\\/levis-y-grateful-dead-se-unen-en-una-nueva-coleccion\\\/\",\"name\":\"Levi\u00b4s y Grateful Dead se unen en una nueva colecci\u00f3n - Zero Magazine\",\"isPartOf\":{\"@id\":\"https:\\\/\\\/zeromagazine.mx\\\/#website\"},\"primaryImageOfPage\":{\"@id\":\"https:\\\/\\\/zeromagazine.mx\\\/index.php\\\/2021\\\/08\\\/03\\\/levis-y-grateful-dead-se-unen-en-una-nueva-coleccion\\\/#primaryimage\"},\"image\":{\"@id\":\"https:\\\/\\\/zeromagazine.mx\\\/index.php\\\/2021\\\/08\\\/03\\\/levis-y-grateful-dead-se-unen-en-una-nueva-coleccion\\\/#primaryimage\"},\"thumbnailUrl\":\"\",\"datePublished\":\"2021-08-03T16:00:00+00:00\",\"breadcrumb\":{\"@id\":\"https:\\\/\\\/zeromagazine.mx\\\/index.php\\\/2021\\\/08\\\/03\\\/levis-y-grateful-dead-se-unen-en-una-nueva-coleccion\\\/#breadcrumb\"},\"inLanguage\":\"es\",\"potentialAction\":[{\"@type\":\"ReadAction\",\"target\":[\"https:\\\/\\\/zeromagazine.mx\\\/index.php\\\/2021\\\/08\\\/03\\\/levis-y-grateful-dead-se-unen-en-una-nueva-coleccion\\\/\"]}]},{\"@type\":\"ImageObject\",\"inLanguage\":\"es\",\"@id\":\"https:\\\/\\\/zeromagazine.mx\\\/index.php\\\/2021\\\/08\\\/03\\\/levis-y-grateful-dead-se-unen-en-una-nueva-coleccion\\\/#primaryimage\",\"url\":\"\",\"contentUrl\":\"\"},{\"@type\":\"BreadcrumbList\",\"@id\":\"https:\\\/\\\/zeromagazine.mx\\\/index.php\\\/2021\\\/08\\\/03\\\/levis-y-grateful-dead-se-unen-en-una-nueva-coleccion\\\/#breadcrumb\",\"itemListElement\":[{\"@type\":\"ListItem\",\"position\":1,\"name\":\"Portada\",\"item\":\"https:\\\/\\\/zeromagazine.mx\\\/\"},{\"@type\":\"ListItem\",\"position\":2,\"name\":\"Levi\u00b4s y Grateful Dead se unen en una nueva colecci\u00f3n\"}]},{\"@type\":\"WebSite\",\"@id\":\"https:\\\/\\\/zeromagazine.mx\\\/#website\",\"url\":\"https:\\\/\\\/zeromagazine.mx\\\/\",\"name\":\"Zero Magazine\",\"description\":\"\",\"publisher\":{\"@id\":\"https:\\\/\\\/zeromagazine.mx\\\/#organization\"},\"potentialAction\":[{\"@type\":\"SearchAction\",\"target\":{\"@type\":\"EntryPoint\",\"urlTemplate\":\"https:\\\/\\\/zeromagazine.mx\\\/?s={search_term_string}\"},\"query-input\":{\"@type\":\"PropertyValueSpecification\",\"valueRequired\":true,\"valueName\":\"search_term_string\"}}],\"inLanguage\":\"es\"},{\"@type\":\"Organization\",\"@id\":\"https:\\\/\\\/zeromagazine.mx\\\/#organization\",\"name\":\"Zero Magazine\",\"url\":\"https:\\\/\\\/zeromagazine.mx\\\/\",\"logo\":{\"@type\":\"ImageObject\",\"inLanguage\":\"es\",\"@id\":\"https:\\\/\\\/zeromagazine.mx\\\/#\\\/schema\\\/logo\\\/image\\\/\",\"url\":\"https:\\\/\\\/i0.wp.com\\\/zeromagazine.mx\\\/wp-content\\\/uploads\\\/2025\\\/11\\\/1.jpeg?fit=1000%2C1000&ssl=1\",\"contentUrl\":\"https:\\\/\\\/i0.wp.com\\\/zeromagazine.mx\\\/wp-content\\\/uploads\\\/2025\\\/11\\\/1.jpeg?fit=1000%2C1000&ssl=1\",\"width\":1000,\"height\":1000,\"caption\":\"Zero Magazine\"},\"image\":{\"@id\":\"https:\\\/\\\/zeromagazine.mx\\\/#\\\/schema\\\/logo\\\/image\\\/\"},\"sameAs\":[\"https:\\\/\\\/instagram.com\\\/zeromagazinemx\"]},{\"@type\":\"Person\",\"@id\":\"https:\\\/\\\/zeromagazine.mx\\\/#\\\/schema\\\/person\\\/9aed9f33a7c39af3a348b86d723f7773\",\"name\":\"zeromagazinemx\",\"image\":{\"@type\":\"ImageObject\",\"inLanguage\":\"es\",\"@id\":\"https:\\\/\\\/zeromagazine.mx\\\/wp-content\\\/litespeed\\\/avatar\\\/f91dfe5410d5dcb1a576bf8c45983896.jpg?ver=1777571230\",\"url\":\"https:\\\/\\\/zeromagazine.mx\\\/wp-content\\\/litespeed\\\/avatar\\\/f91dfe5410d5dcb1a576bf8c45983896.jpg?ver=1777571230\",\"contentUrl\":\"https:\\\/\\\/zeromagazine.mx\\\/wp-content\\\/litespeed\\\/avatar\\\/f91dfe5410d5dcb1a576bf8c45983896.jpg?ver=1777571230\",\"caption\":\"zeromagazinemx\"},\"url\":\"https:\\\/\\\/zeromagazine.mx\\\/index.php\\\/author\\\/zeromagazinemx\\\/\"}]}<\/script>\n<!-- \/ Yoast SEO plugin. -->","yoast_head_json":{"title":"Levi\u00b4s y Grateful Dead se unen en una nueva colecci\u00f3n - Zero Magazine","robots":{"index":"index","follow":"follow","max-snippet":"max-snippet:-1","max-image-preview":"max-image-preview:large","max-video-preview":"max-video-preview:-1"},"canonical":"https:\/\/zeromagazine.mx\/index.php\/2021\/08\/03\/levis-y-grateful-dead-se-unen-en-una-nueva-coleccion\/","og_locale":"es_ES","og_type":"article","og_title":"Levi\u00b4s y Grateful Dead se unen en una nueva colecci\u00f3n - Zero Magazine","og_description":"Levi\u00b4s presenta la nueva colecci\u00f3n c\u00e1psula para celebrar el continuo legado de m\u00fasica, comunidad y creatividad junto Grateful Dead. La nueva colecci\u00f3n c\u00e1psula Levi\u00b4s X Grateful Dead incluye una l\u00ednea de playeras, sudaderas, jeans y accesorios Levi\u00b4s con gr\u00e1ficos de los Dead y un colorido tie-dye inspirado en la banda. Gran parte de la colecci\u00f3n [&hellip;]","og_url":"https:\/\/zeromagazine.mx\/index.php\/2021\/08\/03\/levis-y-grateful-dead-se-unen-en-una-nueva-coleccion\/","og_site_name":"Zero Magazine","article_published_time":"2021-08-03T16:00:00+00:00","author":"zeromagazinemx","twitter_card":"summary_large_image","twitter_misc":{"Escrito por":"zeromagazinemx","Tiempo de lectura":"1 minuto"},"schema":{"@context":"https:\/\/schema.org","@graph":[{"@type":"Article","@id":"https:\/\/zeromagazine.mx\/index.php\/2021\/08\/03\/levis-y-grateful-dead-se-unen-en-una-nueva-coleccion\/#article","isPartOf":{"@id":"https:\/\/zeromagazine.mx\/index.php\/2021\/08\/03\/levis-y-grateful-dead-se-unen-en-una-nueva-coleccion\/"},"author":{"name":"zeromagazinemx","@id":"https:\/\/zeromagazine.mx\/#\/schema\/person\/9aed9f33a7c39af3a348b86d723f7773"},"headline":"Levi\u00b4s y Grateful Dead se unen en una nueva colecci\u00f3n","datePublished":"2021-08-03T16:00:00+00:00","mainEntityOfPage":{"@id":"https:\/\/zeromagazine.mx\/index.php\/2021\/08\/03\/levis-y-grateful-dead-se-unen-en-una-nueva-coleccion\/"},"wordCount":239,"commentCount":0,"publisher":{"@id":"https:\/\/zeromagazine.mx\/#organization"},"image":{"@id":"https:\/\/zeromagazine.mx\/index.php\/2021\/08\/03\/levis-y-grateful-dead-se-unen-en-una-nueva-coleccion\/#primaryimage"},"thumbnailUrl":"","keywords":["Barton Hall","Dead Heads","Grateful Dead","Levi\u00b4s","Levi\u00b4s 501","Levi\u00b4s X Grateful Dead","Skull &amp; Roses","Type III Trucker","Universidad de Cornell"],"articleSection":["Lifestyle","Moda"],"inLanguage":"es","potentialAction":[{"@type":"CommentAction","name":"Comment","target":["https:\/\/zeromagazine.mx\/index.php\/2021\/08\/03\/levis-y-grateful-dead-se-unen-en-una-nueva-coleccion\/#respond"]}]},{"@type":"WebPage","@id":"https:\/\/zeromagazine.mx\/index.php\/2021\/08\/03\/levis-y-grateful-dead-se-unen-en-una-nueva-coleccion\/","url":"https:\/\/zeromagazine.mx\/index.php\/2021\/08\/03\/levis-y-grateful-dead-se-unen-en-una-nueva-coleccion\/","name":"Levi\u00b4s y Grateful Dead se unen en una nueva colecci\u00f3n - Zero Magazine","isPartOf":{"@id":"https:\/\/zeromagazine.mx\/#website"},"primaryImageOfPage":{"@id":"https:\/\/zeromagazine.mx\/index.php\/2021\/08\/03\/levis-y-grateful-dead-se-unen-en-una-nueva-coleccion\/#primaryimage"},"image":{"@id":"https:\/\/zeromagazine.mx\/index.php\/2021\/08\/03\/levis-y-grateful-dead-se-unen-en-una-nueva-coleccion\/#primaryimage"},"thumbnailUrl":"","datePublished":"2021-08-03T16:00:00+00:00","breadcrumb":{"@id":"https:\/\/zeromagazine.mx\/index.php\/2021\/08\/03\/levis-y-grateful-dead-se-unen-en-una-nueva-coleccion\/#breadcrumb"},"inLanguage":"es","potentialAction":[{"@type":"ReadAction","target":["https:\/\/zeromagazine.mx\/index.php\/2021\/08\/03\/levis-y-grateful-dead-se-unen-en-una-nueva-coleccion\/"]}]},{"@type":"ImageObject","inLanguage":"es","@id":"https:\/\/zeromagazine.mx\/index.php\/2021\/08\/03\/levis-y-grateful-dead-se-unen-en-una-nueva-coleccion\/#primaryimage","url":"","contentUrl":""},{"@type":"BreadcrumbList","@id":"https:\/\/zeromagazine.mx\/index.php\/2021\/08\/03\/levis-y-grateful-dead-se-unen-en-una-nueva-coleccion\/#breadcrumb","itemListElement":[{"@type":"ListItem","position":1,"name":"Portada","item":"https:\/\/zeromagazine.mx\/"},{"@type":"ListItem","position":2,"name":"Levi\u00b4s y Grateful Dead se unen en una nueva colecci\u00f3n"}]},{"@type":"WebSite","@id":"https:\/\/zeromagazine.mx\/#website","url":"https:\/\/zeromagazine.mx\/","name":"Zero Magazine","description":"","publisher":{"@id":"https:\/\/zeromagazine.mx\/#organization"},"potentialAction":[{"@type":"SearchAction","target":{"@type":"EntryPoint","urlTemplate":"https:\/\/zeromagazine.mx\/?s={search_term_string}"},"query-input":{"@type":"PropertyValueSpecification","valueRequired":true,"valueName":"search_term_string"}}],"inLanguage":"es"},{"@type":"Organization","@id":"https:\/\/zeromagazine.mx\/#organization","name":"Zero Magazine","url":"https:\/\/zeromagazine.mx\/","logo":{"@type":"ImageObject","inLanguage":"es","@id":"https:\/\/zeromagazine.mx\/#\/schema\/logo\/image\/","url":"https:\/\/i0.wp.com\/zeromagazine.mx\/wp-content\/uploads\/2025\/11\/1.jpeg?fit=1000%2C1000&ssl=1","contentUrl":"https:\/\/i0.wp.com\/zeromagazine.mx\/wp-content\/uploads\/2025\/11\/1.jpeg?fit=1000%2C1000&ssl=1","width":1000,"height":1000,"caption":"Zero Magazine"},"image":{"@id":"https:\/\/zeromagazine.mx\/#\/schema\/logo\/image\/"},"sameAs":["https:\/\/instagram.com\/zeromagazinemx"]},{"@type":"Person","@id":"https:\/\/zeromagazine.mx\/#\/schema\/person\/9aed9f33a7c39af3a348b86d723f7773","name":"zeromagazinemx","image":{"@type":"ImageObject","inLanguage":"es","@id":"https:\/\/zeromagazine.mx\/wp-content\/litespeed\/avatar\/f91dfe5410d5dcb1a576bf8c45983896.jpg?ver=1777571230","url":"https:\/\/zeromagazine.mx\/wp-content\/litespeed\/avatar\/f91dfe5410d5dcb1a576bf8c45983896.jpg?ver=1777571230","contentUrl":"https:\/\/zeromagazine.mx\/wp-content\/litespeed\/avatar\/f91dfe5410d5dcb1a576bf8c45983896.jpg?ver=1777571230","caption":"zeromagazinemx"},"url":"https:\/\/zeromagazine.mx\/index.php\/author\/zeromagazinemx\/"}]}},"jetpack_publicize_connections":[],"jetpack_featured_media_url":"","jetpack-related-posts":[{"id":50101,"url":"https:\/\/zeromagazine.mx\/index.php\/2021\/07\/13\/levis-presenta-su-nueva-coleccion-otono-invierno-2021\/","url_meta":{"origin":51416,"position":0},"title":"Levi\u00b4s presenta su nueva colecci\u00f3n Oto\u00f1o\/Invierno 2021","author":"zeromagazinemx","date":"13 de julio de 2021","format":false,"excerpt":"Bajo el lema \u201cCompra mejor, usa m\u00e1s\u201d Levi\u00b4s presenta su nueva colecci\u00f3n Oto\u00f1o\/Invierno, prendas dise\u00f1adas para ser duraderas y que resistan el paso del tiempo. Por Mayra Torres La colecci\u00f3n Oto\u00f1o\/Invierno est\u00e1 enfocada en la sostenibilidad para proteger y preservar el ambiente, una celebraci\u00f3n de la naturaleza tanto en t\u00e9rminos\u2026","rel":"","context":"En \u00abLifestyle\u00bb","block_context":{"text":"Lifestyle","link":"https:\/\/zeromagazine.mx\/index.php\/category\/lifestyle\/"},"img":{"alt_text":"","src":"","width":0,"height":0},"classes":[]},{"id":53963,"url":"https:\/\/zeromagazine.mx\/index.php\/2021\/09\/07\/guia-para-lograr-un-estilo-unisex\/","url_meta":{"origin":51416,"position":1},"title":"Gu\u00eda para lograr un estilo unisex","author":"zeromagazinemx","date":"7 de septiembre de 2021","format":false,"excerpt":"Levi\u00b4s sabe de la importancia de la autoexpresi\u00f3n y es por ello que contin\u00faa creando prendas que se adaptan a todos. Por Mayra Torres Levi\u00b4s nos presenta su gu\u00eda para lograr un estilo unisex, una moda que se origin\u00f3 como una manifestaci\u00f3n contracultural de una sociedad conservadora. Infalible dentro y\u2026","rel":"","context":"En \u00abLifestyle\u00bb","block_context":{"text":"Lifestyle","link":"https:\/\/zeromagazine.mx\/index.php\/category\/lifestyle\/"},"img":{"alt_text":"","src":"","width":0,"height":0},"classes":[]},{"id":52363,"url":"https:\/\/zeromagazine.mx\/index.php\/2021\/08\/18\/las-prendas-basicas-que-debemos-tener-en-nuestro-closet\/","url_meta":{"origin":51416,"position":2},"title":"Las prendas b\u00e1sicas que debemos tener en nuestro closet","author":"zeromagazinemx","date":"18 de agosto de 2021","format":false,"excerpt":"Reinv\u00e9ntate con los b\u00e1sicos de Levi\u00b4s para crear un sinf\u00edn de looks para este regreso a clases. Por Mayra Torres Te presentamos los b\u00e1sicos que Levi\u00b4s tiene para ti para que regreses a clases con todo el estilo. Familia So High. Los 70's High Straight para Mujer y So High\u2026","rel":"","context":"En \u00abLifestyle\u00bb","block_context":{"text":"Lifestyle","link":"https:\/\/zeromagazine.mx\/index.php\/category\/lifestyle\/"},"img":{"alt_text":"","src":"","width":0,"height":0},"classes":[]},{"id":52236,"url":"https:\/\/zeromagazine.mx\/index.php\/2021\/08\/17\/levis-sube-el-nivel-y-la-cintura-para-el-otono-invierno-2021-de-los-hombres\/","url_meta":{"origin":51416,"position":3},"title":"Levis, sube el nivel y la cintura para el oto\u00f1o\/invierno 2021 de los hombres","author":"zeromagazinemx","date":"17 de agosto de 2021","format":false,"excerpt":"Hoy en d\u00eda todo gira en torno a los 70 's a trav\u00e9s de los 90' s y es por eso que esta es la principal tendencia de Levi 's para el Oto\u00f1o\/Invierno 2021. Por Moises Kushelevich Inspir\u00e1ndose en los estilos cl\u00e1sicos de la colecci\u00f3n Levis Orange Tab, el So-High\u2026","rel":"","context":"En \u00abLifestyle\u00bb","block_context":{"text":"Lifestyle","link":"https:\/\/zeromagazine.mx\/index.php\/category\/lifestyle\/"},"img":{"alt_text":"","src":"","width":0,"height":0},"classes":[]},{"id":48525,"url":"https:\/\/zeromagazine.mx\/index.php\/2021\/06\/23\/levis-la-diversidad-en-mexico-siempre-ha-existido-resistido-y-hecho-historia\/","url_meta":{"origin":51416,"position":4},"title":"Levi\u2019s, la diversidad en M\u00e9xico siempre ha existido, resistido y hecho historia","author":"zeromagazinemx","date":"23 de junio de 2021","format":false,"excerpt":"Levi\u2019s lanz\u00f3 una nueva colecci\u00f3n Pride 2021 y hace un llamado a lo que no podemos ignorar \u201cRespetemos todos los pronombres\u201d https:\/\/www.instagram.com\/p\/CPt61czBM6m\/ Por Moises Kushelevich La Comunidad LGBTTTTIQA+ en M\u00e9xico no s\u00f3lo se ha hecho presente hace siglos, ha resistido y fortalecido para romper moldes y esquemas que no solo\u2026","rel":"","context":"En \u00abLifestyle\u00bb","block_context":{"text":"Lifestyle","link":"https:\/\/zeromagazine.mx\/index.php\/category\/lifestyle\/"},"img":{"alt_text":"","src":"","width":0,"height":0},"classes":[]},{"id":47091,"url":"https:\/\/zeromagazine.mx\/index.php\/2021\/06\/08\/el-pride-como-tendencia\/","url_meta":{"origin":51416,"position":5},"title":"El Pride como tendencia","author":"zeromagazinemx","date":"8 de junio de 2021","format":false,"excerpt":"Junio es el Mes del Orgullo, celebraciones, protestas o marchas que tienen como objetivo aumentar la visibilidad de las personas de la Comunidad LGBT+ as\u00ed como celebrar y reivindicar la igualdad y diversidad. por Samantha Palma Dur\u00e1n Muchas firmas de moda se han sumado a esta causa ya que el\u2026","rel":"","context":"En \u00abLifestyle\u00bb","block_context":{"text":"Lifestyle","link":"https:\/\/zeromagazine.mx\/index.php\/category\/lifestyle\/"},"img":{"alt_text":"","src":"https:\/\/i0.wp.com\/zeromagazinemx.wpcomstaging.com\/wp-content\/uploads\/2022\/02\/ac1d1-pride-como-tendencia-2.jpg?resize=350%2C200&ssl=1","width":350,"height":200},"classes":[]}],"jetpack_sharing_enabled":true,"builder_content":"","_links":{"self":[{"href":"https:\/\/zeromagazine.mx\/index.php\/wp-json\/wp\/v2\/posts\/51416","targetHints":{"allow":["GET"]}}],"collection":[{"href":"https:\/\/zeromagazine.mx\/index.php\/wp-json\/wp\/v2\/posts"}],"about":[{"href":"https:\/\/zeromagazine.mx\/index.php\/wp-json\/wp\/v2\/types\/post"}],"author":[{"embeddable":true,"href":"https:\/\/zeromagazine.mx\/index.php\/wp-json\/wp\/v2\/users\/2"}],"replies":[{"embeddable":true,"href":"https:\/\/zeromagazine.mx\/index.php\/wp-json\/wp\/v2\/comments?post=51416"}],"version-history":[{"count":0,"href":"https:\/\/zeromagazine.mx\/index.php\/wp-json\/wp\/v2\/posts\/51416\/revisions"}],"wp:featuredmedia":[{"embeddable":true,"href":"https:\/\/zeromagazine.mx\/index.php\/wp-json\/"}],"wp:attachment":[{"href":"https:\/\/zeromagazine.mx\/index.php\/wp-json\/wp\/v2\/media?parent=51416"}],"wp:term":[{"taxonomy":"category","embeddable":true,"href":"https:\/\/zeromagazine.mx\/index.php\/wp-json\/wp\/v2\/categories?post=51416"},{"taxonomy":"post_tag","embeddable":true,"href":"https:\/\/zeromagazine.mx\/index.php\/wp-json\/wp\/v2\/tags?post=51416"}],"curies":[{"name":"wp","href":"https:\/\/api.w.org\/{rel}","templated":true}]}}