{"id":51590,"date":"2021-08-05T09:00:00","date_gmt":"2021-08-05T14:00:00","guid":{"rendered":"https:\/\/atomic-temporary-84115225.wpcomstaging.com\/?p=51590"},"modified":"2021-08-05T09:00:00","modified_gmt":"2021-08-05T14:00:00","slug":"mi-querida-luz-una-platica-impartida-por-gloria-stalina","status":"publish","type":"post","link":"https:\/\/zeromagazine.mx\/index.php\/2021\/08\/05\/mi-querida-luz-una-platica-impartida-por-gloria-stalina\/","title":{"rendered":"Mi querida luz, una pl\u00e1tica impartida por Gloria Stalina"},"content":{"rendered":"\n<p><strong>Gloria Stalina<\/strong> presenta una platica que te ayudar\u00e1 a encontrar las respuestas que alg\u00fan momento todos nos hemos hecho.<\/p>\n\n\n\n<div class=\"wp-block-buttons is-layout-flex wp-block-buttons-is-layout-flex\">\n<div class=\"wp-block-button is-style-outline is-style-outline--1\"><a class=\"wp-block-button__link\">Por Mayra Torres<\/a><\/div>\n<\/div>\n\n\n\n<p><strong><em>Mi querida luz<\/em><\/strong> es una pl\u00e1tica que tiene el prop\u00f3sito de activar la conciencia y de brindar tips para el cambio de tu vida, respondiendo a esas preguntas que todos en alg\u00fan momento nos hemos hecho.<\/p>\n\n\n\n<div class=\"wp-block-group\"><div class=\"wp-block-group__inner-container is-layout-flow wp-block-group-is-layout-flow\">\n<p class=\"has-text-align-center\">\u201c\u00bfCu\u00e1ntas veces te has cuestionado si eres feliz?<\/p>\n\n\n\n<p class=\"has-text-align-center\">Yo lo hice y en ese momento cambi\u00f3 mi vida.<\/p>\n\n\n\n<p class=\"has-text-align-center\">\u00bfCu\u00e1ntas veces has pensado que la vida es injusta contigo?<\/p>\n\n\n\n<p class=\"has-text-align-center\">Eleg\u00ed salir en ese momento de mi victimismo.<\/p>\n\n\n\n<p class=\"has-text-align-center\">\u00bfCrees que haces todo y no llegas a tus objetivos?<\/p>\n\n\n\n<p class=\"has-text-align-center\">Seguramente te sientes perdido o perdida c\u00f3mo en alg\u00fan momento yo me sent\u00ed.<\/p>\n\n\n\n<p class=\"has-text-align-center\">La Activaci\u00f3n de conciencia me ha sanado la vida. En esta pl\u00e1tica te quiero compartir ciertos tips que han modificado mi vida, he logrado sentirme en equilibrio, en amor y mis picos de felicidad son m\u00e1s constantes.<\/p>\n\n\n\n<p class=\"has-text-align-center\">Y t\u00fa? \u00bfC\u00f3mo eliges vivir hoy?<\/p>\n\n\n\n<p class=\"has-text-align-center\">Con amor Gloria<\/p>\n\n\n\n<p class=\"has-text-align-center\">Mi Querida Luz\u201d<\/p>\n<\/div><\/div>\n\n\n\n\n<!--themify_builder_content-->\n<div id=\"themify_builder_content-51590\" data-postid=\"51590\" class=\"themify_builder_content themify_builder_content-51590 themify_builder tf_clear\">\n    <\/div>\n<!--\/themify_builder_content-->\n","protected":false},"excerpt":{"rendered":"<p>Gloria Stalina presenta una platica que te ayudar\u00e1 a encontrar las respuestas que alg\u00fan momento todos nos hemos hecho. Mi querida luz es una pl\u00e1tica que tiene el prop\u00f3sito de activar la conciencia y de brindar tips para el cambio de tu vida, respondiendo a esas preguntas que todos en alg\u00fan momento nos hemos hecho. [&hellip;]<\/p>\n","protected":false},"author":2,"featured_media":51594,"comment_status":"open","ping_status":"open","sticky":false,"template":"","format":"standard","meta":{"_jetpack_memberships_contains_paid_content":false,"footnotes":"","jetpack_publicize_message":"#MiQueridLuz, una pl\u00e1tica que te ayudar\u00e1 a encontrar respuestas, impartida por Gloria Stalina.","jetpack_publicize_feature_enabled":true,"jetpack_social_post_already_shared":true,"jetpack_social_options":{"image_generator_settings":{"template":"highway","default_image_id":0,"font":"","enabled":false},"version":2}},"categories":[45,63],"tags":[3398,3399],"class_list":["post-51590","post","type-post","status-publish","format-standard","has-post-thumbnail","hentry","category-bienestar","category-lifestyle","tag-gloria-stalina","tag-mi-querida-luz","has-post-title","has-post-date","has-post-category","has-post-tag","has-post-comment","has-post-author",""],"yoast_head":"<!-- This site is optimized with the Yoast SEO plugin v27.4 - https:\/\/yoast.com\/product\/yoast-seo-wordpress\/ -->\n<title>Mi querida luz, una pl\u00e1tica impartida por Gloria Stalina - Zero Magazine<\/title>\n<meta name=\"robots\" content=\"index, follow, max-snippet:-1, max-image-preview:large, max-video-preview:-1\" \/>\n<link rel=\"canonical\" href=\"https:\/\/zeromagazine.mx\/index.php\/2021\/08\/05\/mi-querida-luz-una-platica-impartida-por-gloria-stalina\/\" \/>\n<meta property=\"og:locale\" content=\"es_ES\" \/>\n<meta property=\"og:type\" content=\"article\" \/>\n<meta property=\"og:title\" content=\"Mi querida luz, una pl\u00e1tica impartida por Gloria Stalina - Zero Magazine\" \/>\n<meta property=\"og:description\" content=\"Gloria Stalina presenta una platica que te ayudar\u00e1 a encontrar las respuestas que alg\u00fan momento todos nos hemos hecho. Mi querida luz es una pl\u00e1tica que tiene el prop\u00f3sito de activar la conciencia y de brindar tips para el cambio de tu vida, respondiendo a esas preguntas que todos en alg\u00fan momento nos hemos hecho. [&hellip;]\" \/>\n<meta property=\"og:url\" content=\"https:\/\/zeromagazine.mx\/index.php\/2021\/08\/05\/mi-querida-luz-una-platica-impartida-por-gloria-stalina\/\" \/>\n<meta property=\"og:site_name\" content=\"Zero Magazine\" \/>\n<meta property=\"article:published_time\" content=\"2021-08-05T14:00:00+00:00\" \/>\n<meta name=\"author\" content=\"zeromagazinemx\" \/>\n<meta name=\"twitter:card\" content=\"summary_large_image\" \/>\n<meta name=\"twitter:label1\" content=\"Escrito por\" \/>\n\t<meta name=\"twitter:data1\" content=\"zeromagazinemx\" \/>\n\t<meta name=\"twitter:label2\" content=\"Tiempo de lectura\" \/>\n\t<meta name=\"twitter:data2\" content=\"1 minuto\" \/>\n<script type=\"application\/ld+json\" class=\"yoast-schema-graph\">{\"@context\":\"https:\\\/\\\/schema.org\",\"@graph\":[{\"@type\":\"Article\",\"@id\":\"https:\\\/\\\/zeromagazine.mx\\\/index.php\\\/2021\\\/08\\\/05\\\/mi-querida-luz-una-platica-impartida-por-gloria-stalina\\\/#article\",\"isPartOf\":{\"@id\":\"https:\\\/\\\/zeromagazine.mx\\\/index.php\\\/2021\\\/08\\\/05\\\/mi-querida-luz-una-platica-impartida-por-gloria-stalina\\\/\"},\"author\":{\"name\":\"zeromagazinemx\",\"@id\":\"https:\\\/\\\/zeromagazine.mx\\\/#\\\/schema\\\/person\\\/9aed9f33a7c39af3a348b86d723f7773\"},\"headline\":\"Mi querida luz, una pl\u00e1tica impartida por Gloria Stalina\",\"datePublished\":\"2021-08-05T14:00:00+00:00\",\"mainEntityOfPage\":{\"@id\":\"https:\\\/\\\/zeromagazine.mx\\\/index.php\\\/2021\\\/08\\\/05\\\/mi-querida-luz-una-platica-impartida-por-gloria-stalina\\\/\"},\"wordCount\":188,\"commentCount\":0,\"publisher\":{\"@id\":\"https:\\\/\\\/zeromagazine.mx\\\/#organization\"},\"image\":{\"@id\":\"https:\\\/\\\/zeromagazine.mx\\\/index.php\\\/2021\\\/08\\\/05\\\/mi-querida-luz-una-platica-impartida-por-gloria-stalina\\\/#primaryimage\"},\"thumbnailUrl\":\"\",\"keywords\":[\"Gloria Stalina\",\"Mi Querida Luz\"],\"articleSection\":[\"Bienestar\",\"Lifestyle\"],\"inLanguage\":\"es\",\"potentialAction\":[{\"@type\":\"CommentAction\",\"name\":\"Comment\",\"target\":[\"https:\\\/\\\/zeromagazine.mx\\\/index.php\\\/2021\\\/08\\\/05\\\/mi-querida-luz-una-platica-impartida-por-gloria-stalina\\\/#respond\"]}]},{\"@type\":\"WebPage\",\"@id\":\"https:\\\/\\\/zeromagazine.mx\\\/index.php\\\/2021\\\/08\\\/05\\\/mi-querida-luz-una-platica-impartida-por-gloria-stalina\\\/\",\"url\":\"https:\\\/\\\/zeromagazine.mx\\\/index.php\\\/2021\\\/08\\\/05\\\/mi-querida-luz-una-platica-impartida-por-gloria-stalina\\\/\",\"name\":\"Mi querida luz, una pl\u00e1tica impartida por Gloria Stalina - Zero Magazine\",\"isPartOf\":{\"@id\":\"https:\\\/\\\/zeromagazine.mx\\\/#website\"},\"primaryImageOfPage\":{\"@id\":\"https:\\\/\\\/zeromagazine.mx\\\/index.php\\\/2021\\\/08\\\/05\\\/mi-querida-luz-una-platica-impartida-por-gloria-stalina\\\/#primaryimage\"},\"image\":{\"@id\":\"https:\\\/\\\/zeromagazine.mx\\\/index.php\\\/2021\\\/08\\\/05\\\/mi-querida-luz-una-platica-impartida-por-gloria-stalina\\\/#primaryimage\"},\"thumbnailUrl\":\"\",\"datePublished\":\"2021-08-05T14:00:00+00:00\",\"breadcrumb\":{\"@id\":\"https:\\\/\\\/zeromagazine.mx\\\/index.php\\\/2021\\\/08\\\/05\\\/mi-querida-luz-una-platica-impartida-por-gloria-stalina\\\/#breadcrumb\"},\"inLanguage\":\"es\",\"potentialAction\":[{\"@type\":\"ReadAction\",\"target\":[\"https:\\\/\\\/zeromagazine.mx\\\/index.php\\\/2021\\\/08\\\/05\\\/mi-querida-luz-una-platica-impartida-por-gloria-stalina\\\/\"]}]},{\"@type\":\"ImageObject\",\"inLanguage\":\"es\",\"@id\":\"https:\\\/\\\/zeromagazine.mx\\\/index.php\\\/2021\\\/08\\\/05\\\/mi-querida-luz-una-platica-impartida-por-gloria-stalina\\\/#primaryimage\",\"url\":\"\",\"contentUrl\":\"\"},{\"@type\":\"BreadcrumbList\",\"@id\":\"https:\\\/\\\/zeromagazine.mx\\\/index.php\\\/2021\\\/08\\\/05\\\/mi-querida-luz-una-platica-impartida-por-gloria-stalina\\\/#breadcrumb\",\"itemListElement\":[{\"@type\":\"ListItem\",\"position\":1,\"name\":\"Portada\",\"item\":\"https:\\\/\\\/zeromagazine.mx\\\/\"},{\"@type\":\"ListItem\",\"position\":2,\"name\":\"Mi querida luz, una pl\u00e1tica impartida por Gloria Stalina\"}]},{\"@type\":\"WebSite\",\"@id\":\"https:\\\/\\\/zeromagazine.mx\\\/#website\",\"url\":\"https:\\\/\\\/zeromagazine.mx\\\/\",\"name\":\"Zero Magazine\",\"description\":\"\",\"publisher\":{\"@id\":\"https:\\\/\\\/zeromagazine.mx\\\/#organization\"},\"potentialAction\":[{\"@type\":\"SearchAction\",\"target\":{\"@type\":\"EntryPoint\",\"urlTemplate\":\"https:\\\/\\\/zeromagazine.mx\\\/?s={search_term_string}\"},\"query-input\":{\"@type\":\"PropertyValueSpecification\",\"valueRequired\":true,\"valueName\":\"search_term_string\"}}],\"inLanguage\":\"es\"},{\"@type\":\"Organization\",\"@id\":\"https:\\\/\\\/zeromagazine.mx\\\/#organization\",\"name\":\"Zero Magazine\",\"url\":\"https:\\\/\\\/zeromagazine.mx\\\/\",\"logo\":{\"@type\":\"ImageObject\",\"inLanguage\":\"es\",\"@id\":\"https:\\\/\\\/zeromagazine.mx\\\/#\\\/schema\\\/logo\\\/image\\\/\",\"url\":\"https:\\\/\\\/i0.wp.com\\\/zeromagazine.mx\\\/wp-content\\\/uploads\\\/2025\\\/11\\\/1.jpeg?fit=1000%2C1000&ssl=1\",\"contentUrl\":\"https:\\\/\\\/i0.wp.com\\\/zeromagazine.mx\\\/wp-content\\\/uploads\\\/2025\\\/11\\\/1.jpeg?fit=1000%2C1000&ssl=1\",\"width\":1000,\"height\":1000,\"caption\":\"Zero Magazine\"},\"image\":{\"@id\":\"https:\\\/\\\/zeromagazine.mx\\\/#\\\/schema\\\/logo\\\/image\\\/\"},\"sameAs\":[\"https:\\\/\\\/instagram.com\\\/zeromagazinemx\"]},{\"@type\":\"Person\",\"@id\":\"https:\\\/\\\/zeromagazine.mx\\\/#\\\/schema\\\/person\\\/9aed9f33a7c39af3a348b86d723f7773\",\"name\":\"zeromagazinemx\",\"image\":{\"@type\":\"ImageObject\",\"inLanguage\":\"es\",\"@id\":\"https:\\\/\\\/zeromagazine.mx\\\/wp-content\\\/litespeed\\\/avatar\\\/f91dfe5410d5dcb1a576bf8c45983896.jpg?ver=1776966396\",\"url\":\"https:\\\/\\\/zeromagazine.mx\\\/wp-content\\\/litespeed\\\/avatar\\\/f91dfe5410d5dcb1a576bf8c45983896.jpg?ver=1776966396\",\"contentUrl\":\"https:\\\/\\\/zeromagazine.mx\\\/wp-content\\\/litespeed\\\/avatar\\\/f91dfe5410d5dcb1a576bf8c45983896.jpg?ver=1776966396\",\"caption\":\"zeromagazinemx\"},\"url\":\"https:\\\/\\\/zeromagazine.mx\\\/index.php\\\/author\\\/zeromagazinemx\\\/\"}]}<\/script>\n<!-- \/ Yoast SEO plugin. -->","yoast_head_json":{"title":"Mi querida luz, una pl\u00e1tica impartida por Gloria Stalina - Zero Magazine","robots":{"index":"index","follow":"follow","max-snippet":"max-snippet:-1","max-image-preview":"max-image-preview:large","max-video-preview":"max-video-preview:-1"},"canonical":"https:\/\/zeromagazine.mx\/index.php\/2021\/08\/05\/mi-querida-luz-una-platica-impartida-por-gloria-stalina\/","og_locale":"es_ES","og_type":"article","og_title":"Mi querida luz, una pl\u00e1tica impartida por Gloria Stalina - Zero Magazine","og_description":"Gloria Stalina presenta una platica que te ayudar\u00e1 a encontrar las respuestas que alg\u00fan momento todos nos hemos hecho. Mi querida luz es una pl\u00e1tica que tiene el prop\u00f3sito de activar la conciencia y de brindar tips para el cambio de tu vida, respondiendo a esas preguntas que todos en alg\u00fan momento nos hemos hecho. [&hellip;]","og_url":"https:\/\/zeromagazine.mx\/index.php\/2021\/08\/05\/mi-querida-luz-una-platica-impartida-por-gloria-stalina\/","og_site_name":"Zero Magazine","article_published_time":"2021-08-05T14:00:00+00:00","author":"zeromagazinemx","twitter_card":"summary_large_image","twitter_misc":{"Escrito por":"zeromagazinemx","Tiempo de lectura":"1 minuto"},"schema":{"@context":"https:\/\/schema.org","@graph":[{"@type":"Article","@id":"https:\/\/zeromagazine.mx\/index.php\/2021\/08\/05\/mi-querida-luz-una-platica-impartida-por-gloria-stalina\/#article","isPartOf":{"@id":"https:\/\/zeromagazine.mx\/index.php\/2021\/08\/05\/mi-querida-luz-una-platica-impartida-por-gloria-stalina\/"},"author":{"name":"zeromagazinemx","@id":"https:\/\/zeromagazine.mx\/#\/schema\/person\/9aed9f33a7c39af3a348b86d723f7773"},"headline":"Mi querida luz, una pl\u00e1tica impartida por Gloria Stalina","datePublished":"2021-08-05T14:00:00+00:00","mainEntityOfPage":{"@id":"https:\/\/zeromagazine.mx\/index.php\/2021\/08\/05\/mi-querida-luz-una-platica-impartida-por-gloria-stalina\/"},"wordCount":188,"commentCount":0,"publisher":{"@id":"https:\/\/zeromagazine.mx\/#organization"},"image":{"@id":"https:\/\/zeromagazine.mx\/index.php\/2021\/08\/05\/mi-querida-luz-una-platica-impartida-por-gloria-stalina\/#primaryimage"},"thumbnailUrl":"","keywords":["Gloria Stalina","Mi Querida Luz"],"articleSection":["Bienestar","Lifestyle"],"inLanguage":"es","potentialAction":[{"@type":"CommentAction","name":"Comment","target":["https:\/\/zeromagazine.mx\/index.php\/2021\/08\/05\/mi-querida-luz-una-platica-impartida-por-gloria-stalina\/#respond"]}]},{"@type":"WebPage","@id":"https:\/\/zeromagazine.mx\/index.php\/2021\/08\/05\/mi-querida-luz-una-platica-impartida-por-gloria-stalina\/","url":"https:\/\/zeromagazine.mx\/index.php\/2021\/08\/05\/mi-querida-luz-una-platica-impartida-por-gloria-stalina\/","name":"Mi querida luz, una pl\u00e1tica impartida por Gloria Stalina - Zero Magazine","isPartOf":{"@id":"https:\/\/zeromagazine.mx\/#website"},"primaryImageOfPage":{"@id":"https:\/\/zeromagazine.mx\/index.php\/2021\/08\/05\/mi-querida-luz-una-platica-impartida-por-gloria-stalina\/#primaryimage"},"image":{"@id":"https:\/\/zeromagazine.mx\/index.php\/2021\/08\/05\/mi-querida-luz-una-platica-impartida-por-gloria-stalina\/#primaryimage"},"thumbnailUrl":"","datePublished":"2021-08-05T14:00:00+00:00","breadcrumb":{"@id":"https:\/\/zeromagazine.mx\/index.php\/2021\/08\/05\/mi-querida-luz-una-platica-impartida-por-gloria-stalina\/#breadcrumb"},"inLanguage":"es","potentialAction":[{"@type":"ReadAction","target":["https:\/\/zeromagazine.mx\/index.php\/2021\/08\/05\/mi-querida-luz-una-platica-impartida-por-gloria-stalina\/"]}]},{"@type":"ImageObject","inLanguage":"es","@id":"https:\/\/zeromagazine.mx\/index.php\/2021\/08\/05\/mi-querida-luz-una-platica-impartida-por-gloria-stalina\/#primaryimage","url":"","contentUrl":""},{"@type":"BreadcrumbList","@id":"https:\/\/zeromagazine.mx\/index.php\/2021\/08\/05\/mi-querida-luz-una-platica-impartida-por-gloria-stalina\/#breadcrumb","itemListElement":[{"@type":"ListItem","position":1,"name":"Portada","item":"https:\/\/zeromagazine.mx\/"},{"@type":"ListItem","position":2,"name":"Mi querida luz, una pl\u00e1tica impartida por Gloria Stalina"}]},{"@type":"WebSite","@id":"https:\/\/zeromagazine.mx\/#website","url":"https:\/\/zeromagazine.mx\/","name":"Zero Magazine","description":"","publisher":{"@id":"https:\/\/zeromagazine.mx\/#organization"},"potentialAction":[{"@type":"SearchAction","target":{"@type":"EntryPoint","urlTemplate":"https:\/\/zeromagazine.mx\/?s={search_term_string}"},"query-input":{"@type":"PropertyValueSpecification","valueRequired":true,"valueName":"search_term_string"}}],"inLanguage":"es"},{"@type":"Organization","@id":"https:\/\/zeromagazine.mx\/#organization","name":"Zero Magazine","url":"https:\/\/zeromagazine.mx\/","logo":{"@type":"ImageObject","inLanguage":"es","@id":"https:\/\/zeromagazine.mx\/#\/schema\/logo\/image\/","url":"https:\/\/i0.wp.com\/zeromagazine.mx\/wp-content\/uploads\/2025\/11\/1.jpeg?fit=1000%2C1000&ssl=1","contentUrl":"https:\/\/i0.wp.com\/zeromagazine.mx\/wp-content\/uploads\/2025\/11\/1.jpeg?fit=1000%2C1000&ssl=1","width":1000,"height":1000,"caption":"Zero Magazine"},"image":{"@id":"https:\/\/zeromagazine.mx\/#\/schema\/logo\/image\/"},"sameAs":["https:\/\/instagram.com\/zeromagazinemx"]},{"@type":"Person","@id":"https:\/\/zeromagazine.mx\/#\/schema\/person\/9aed9f33a7c39af3a348b86d723f7773","name":"zeromagazinemx","image":{"@type":"ImageObject","inLanguage":"es","@id":"https:\/\/zeromagazine.mx\/wp-content\/litespeed\/avatar\/f91dfe5410d5dcb1a576bf8c45983896.jpg?ver=1776966396","url":"https:\/\/zeromagazine.mx\/wp-content\/litespeed\/avatar\/f91dfe5410d5dcb1a576bf8c45983896.jpg?ver=1776966396","contentUrl":"https:\/\/zeromagazine.mx\/wp-content\/litespeed\/avatar\/f91dfe5410d5dcb1a576bf8c45983896.jpg?ver=1776966396","caption":"zeromagazinemx"},"url":"https:\/\/zeromagazine.mx\/index.php\/author\/zeromagazinemx\/"}]}},"jetpack_publicize_connections":[],"jetpack_featured_media_url":"","jetpack-related-posts":[{"id":53030,"url":"https:\/\/zeromagazine.mx\/index.php\/2021\/08\/27\/entrevista-a-maria-leon\/","url_meta":{"origin":51590,"position":0},"title":"Entrevista a Mar\u00eda Le\u00f3n","author":"zeromagazinemx","date":"27 de agosto de 2021","format":false,"excerpt":"Platicamos con Mar\u00eda Le\u00f3n una de las artistas m\u00e1s queridas de M\u00e9xico que nos cuenta sobre la picard\u00eda de su sencillo \u201cPecados Solitarios\u201d y de su nuevo sencillo \u201cMudanza de Hormiga\u201d a lado de la gran Gloria Trevi.\u00a0 Por Gabriela H. Delgadillo \u00bfQu\u00e9 onda con el temazo con el que\u2026","rel":"","context":"En \u00abCultura\u00bb","block_context":{"text":"Cultura","link":"https:\/\/zeromagazine.mx\/index.php\/category\/cultura\/"},"img":{"alt_text":"","src":"https:\/\/i0.wp.com\/img.youtube.com\/vi\/JwCeHN8-W5c\/0.jpg?resize=350%2C200","width":350,"height":200},"classes":[]},{"id":54450,"url":"https:\/\/zeromagazine.mx\/index.php\/2021\/09\/13\/gloria-trevi-nos-vuelve-locos\/","url_meta":{"origin":51590,"position":1},"title":"GLORIA TREVI NOS VUELVE LOCOS","author":"zeromagazinemx","date":"13 de septiembre de 2021","format":false,"excerpt":"Cumplimos 6 a\u00f1os, 6 a\u00f1os en los que hemos demostrado que ser mexicano es sin\u00f3nimo de grandeza, y que ser mexicano no es una nacionalidad, es un estilo de vida. Y si hay una mujer que representa esto es Gloria Trevi, una mexicana orgullosa que ha triunfado, y que hoy\u2026","rel":"","context":"En \u00abEntrevistas\u00bb","block_context":{"text":"Entrevistas","link":"https:\/\/zeromagazine.mx\/index.php\/category\/entretenimiento\/entrevistas\/"},"img":{"alt_text":"","src":"","width":0,"height":0},"classes":[]},{"id":53746,"url":"https:\/\/zeromagazine.mx\/index.php\/2021\/09\/05\/entrevista-con-japonica\/","url_meta":{"origin":51590,"position":2},"title":"Entrevista con Jap\u00f3nica","author":"zeromagazinemx","date":"5 de septiembre de 2021","format":false,"excerpt":"Jap\u00f3nica la banda de rock pop latino ha lanzado su nuevo sencillo \u201cHaz de luz\u201d, tuvimos la oportunidad de platicar con Erick Morelos sobre esta nueva producci\u00f3n y nos dio algunos adelantos y sorpresas que vendr\u00e1n en pr\u00f3ximos meses. Si quieres saber todos los detalles, te invitamos a checar toda\u2026","rel":"","context":"En \u00abEntretenimiento\u00bb","block_context":{"text":"Entretenimiento","link":"https:\/\/zeromagazine.mx\/index.php\/category\/entretenimiento\/"},"img":{"alt_text":"","src":"https:\/\/i0.wp.com\/img.youtube.com\/vi\/hOyIk8lrqQw\/0.jpg?resize=350%2C200","width":350,"height":200},"classes":[]},{"id":116794,"url":"https:\/\/zeromagazine.mx\/index.php\/2026\/03\/16\/matilda-el-musical-gloria-aura-miss-honey\/","url_meta":{"origin":51590,"position":3},"title":"Gloria Aura regresa al teatro como Miss Honey en Matilda: El musical.\u00a0","author":"David Morales","date":"16 de marzo de 2026","format":false,"excerpt":"\u00a0\u00a1Hola,\u00a0gente guape! Estoy brincando de la emoci\u00f3n porque\u00a0Matilda\u00a0vuelve a ser tema de conversaci\u00f3n, esta vez en su fascinante formato de musical. Esta puesta en escena, inspirada en la obra original\u00a0literaria\u00a0de Roald Dahl \u2014un \u00e9xito de ventas en los ochenta\u2014, retoma la magia que en los noventa nos cautiv\u00f3 con su\u2026","rel":"","context":"En \u00abPortada\u00bb","block_context":{"text":"Portada","link":"https:\/\/zeromagazine.mx\/index.php\/category\/portada\/"},"img":{"alt_text":"","src":"https:\/\/i0.wp.com\/zeromagazine.mx\/wp-content\/uploads\/2026\/03\/IMG_7329-scaled.jpeg?fit=927%2C1200&ssl=1&resize=350%2C200","width":350,"height":200,"srcset":"https:\/\/i0.wp.com\/zeromagazine.mx\/wp-content\/uploads\/2026\/03\/IMG_7329-scaled.jpeg?fit=927%2C1200&ssl=1&resize=350%2C200 1x, https:\/\/i0.wp.com\/zeromagazine.mx\/wp-content\/uploads\/2026\/03\/IMG_7329-scaled.jpeg?fit=927%2C1200&ssl=1&resize=525%2C300 1.5x, https:\/\/i0.wp.com\/zeromagazine.mx\/wp-content\/uploads\/2026\/03\/IMG_7329-scaled.jpeg?fit=927%2C1200&ssl=1&resize=700%2C400 2x"},"classes":[]},{"id":58655,"url":"https:\/\/zeromagazine.mx\/index.php\/2021\/11\/19\/entrevista-a-andres-cervantes\/","url_meta":{"origin":51590,"position":4},"title":"Entrevista a Andr\u00e9s Cervantes","author":"zeromagazinemx","date":"19 de noviembre de 2021","format":false,"excerpt":"El cantante, compositor y actor mexicano Andr\u00e9s Cervantes lanz\u00f3 su m\u00e1s reciente sencillo \u201cA-Marte\u201d en su nueva faceta como solista. Platicamos con \u00e9l y nos platic\u00f3 todo sobre este sencillo, la nueva etapa que vive y muchas cosas m\u00e1s. Te invitamos a leer el resto de la entrevista. Por Mateo\u2026","rel":"","context":"En \u00abEntretenimiento\u00bb","block_context":{"text":"Entretenimiento","link":"https:\/\/zeromagazine.mx\/index.php\/category\/entretenimiento\/"},"img":{"alt_text":"","src":"https:\/\/i0.wp.com\/zeromagazinemx.wpcomstaging.com\/wp-content\/uploads\/2022\/02\/cdd35-andres-cervantes.jpeg?resize=350%2C200&ssl=1","width":350,"height":200,"srcset":"https:\/\/i0.wp.com\/zeromagazinemx.wpcomstaging.com\/wp-content\/uploads\/2022\/02\/cdd35-andres-cervantes.jpeg?resize=350%2C200&ssl=1 1x, https:\/\/i0.wp.com\/zeromagazinemx.wpcomstaging.com\/wp-content\/uploads\/2022\/02\/cdd35-andres-cervantes.jpeg?resize=525%2C300&ssl=1 1.5x, https:\/\/i0.wp.com\/zeromagazinemx.wpcomstaging.com\/wp-content\/uploads\/2022\/02\/cdd35-andres-cervantes.jpeg?resize=700%2C400&ssl=1 2x"},"classes":[]},{"id":82009,"url":"https:\/\/zeromagazine.mx\/index.php\/2024\/08\/16\/gloria-aura-x-enchufe-tv-risas-garantizadas\/","url_meta":{"origin":51590,"position":5},"title":"Gloria Aura x Enchufe.tv: Risas Garantizadas","author":"zeromagazinemx","date":"16 de agosto de 2024","format":false,"excerpt":"\u00a1Qu\u00e9 tranza, chiques! Si te laten ca\u00f1\u00f3n los videos de Enchufe.tv y ya te has echado uno que otro marat\u00f3n, te tengo el chisme m\u00e1s fresh para ti. \u00bfAdivinen qu\u00e9? Me entere de fuentes muy confiables que vienen con todo en la nueva temporada. Este 18 de agosto, prep\u00e1rate para\u2026","rel":"","context":"En \u00abEntretenimiento\u00bb","block_context":{"text":"Entretenimiento","link":"https:\/\/zeromagazine.mx\/index.php\/category\/entretenimiento\/"},"img":{"alt_text":"","src":"https:\/\/i0.wp.com\/zeromagazine.mx\/wp-content\/uploads\/2024\/08\/Enchufe02.jpeg?fit=1200%2C675&ssl=1&resize=350%2C200","width":350,"height":200,"srcset":"https:\/\/i0.wp.com\/zeromagazine.mx\/wp-content\/uploads\/2024\/08\/Enchufe02.jpeg?fit=1200%2C675&ssl=1&resize=350%2C200 1x, https:\/\/i0.wp.com\/zeromagazine.mx\/wp-content\/uploads\/2024\/08\/Enchufe02.jpeg?fit=1200%2C675&ssl=1&resize=525%2C300 1.5x, https:\/\/i0.wp.com\/zeromagazine.mx\/wp-content\/uploads\/2024\/08\/Enchufe02.jpeg?fit=1200%2C675&ssl=1&resize=700%2C400 2x, https:\/\/i0.wp.com\/zeromagazine.mx\/wp-content\/uploads\/2024\/08\/Enchufe02.jpeg?fit=1200%2C675&ssl=1&resize=1050%2C600 3x"},"classes":[]}],"jetpack_sharing_enabled":true,"builder_content":"","_links":{"self":[{"href":"https:\/\/zeromagazine.mx\/index.php\/wp-json\/wp\/v2\/posts\/51590","targetHints":{"allow":["GET"]}}],"collection":[{"href":"https:\/\/zeromagazine.mx\/index.php\/wp-json\/wp\/v2\/posts"}],"about":[{"href":"https:\/\/zeromagazine.mx\/index.php\/wp-json\/wp\/v2\/types\/post"}],"author":[{"embeddable":true,"href":"https:\/\/zeromagazine.mx\/index.php\/wp-json\/wp\/v2\/users\/2"}],"replies":[{"embeddable":true,"href":"https:\/\/zeromagazine.mx\/index.php\/wp-json\/wp\/v2\/comments?post=51590"}],"version-history":[{"count":0,"href":"https:\/\/zeromagazine.mx\/index.php\/wp-json\/wp\/v2\/posts\/51590\/revisions"}],"wp:featuredmedia":[{"embeddable":true,"href":"https:\/\/zeromagazine.mx\/index.php\/wp-json\/"}],"wp:attachment":[{"href":"https:\/\/zeromagazine.mx\/index.php\/wp-json\/wp\/v2\/media?parent=51590"}],"wp:term":[{"taxonomy":"category","embeddable":true,"href":"https:\/\/zeromagazine.mx\/index.php\/wp-json\/wp\/v2\/categories?post=51590"},{"taxonomy":"post_tag","embeddable":true,"href":"https:\/\/zeromagazine.mx\/index.php\/wp-json\/wp\/v2\/tags?post=51590"}],"curies":[{"name":"wp","href":"https:\/\/api.w.org\/{rel}","templated":true}]}}