{"id":51611,"date":"2021-08-05T11:00:00","date_gmt":"2021-08-05T16:00:00","guid":{"rendered":"https:\/\/atomic-temporary-84115225.wpcomstaging.com\/?p=51611"},"modified":"2021-08-05T11:00:00","modified_gmt":"2021-08-05T16:00:00","slug":"luis-gerardo-mendez-es-el-anfitrion-de-verano-en-airbnb","status":"publish","type":"post","link":"https:\/\/zeromagazine.mx\/index.php\/2021\/08\/05\/luis-gerardo-mendez-es-el-anfitrion-de-verano-en-airbnb\/","title":{"rendered":"Luis Gerardo M\u00e9ndez es el anfitri\u00f3n de verano en Airbnb"},"content":{"rendered":"\n<p>El actor y productor <strong>Luis Gerardo M\u00e9ndez<\/strong> es el anfitri\u00f3n estrella de <strong>Airbnb<\/strong>, quien comparte algunos de sus destinos nacionales favoritos para disfrutar del verano como anfitri\u00f3n.<\/p>\n\n\n\n<div class=\"wp-block-buttons is-layout-flex wp-block-buttons-is-layout-flex\">\n<div class=\"wp-block-button is-style-outline is-style-outline--1\"><a class=\"wp-block-button__link\">Por Mayra Torres<\/a><\/div>\n<\/div>\n\n\n\n<p><strong>Luis Gerardo M\u00e9ndez<\/strong> comparte sus destinos favoritos para disfrutar del verano y algunos tips de Anfitri\u00f3n, pues es parte de la comunidad de anfitriones de <strong>Airbnb <\/strong>desde hace 3 a\u00f1os.<\/p>\n\n\n\n<blockquote class=\"wp-block-quote is-layout-flow wp-block-quote-is-layout-flow\"><p>\u201cSer Anfitri\u00f3n dentro de <strong>Airbnb <\/strong>me ha permitido conocer a personas originarias de distintos lugares del mundo, compartirles mi espacio, contarles sobre las maravillas que M\u00e9xico tiene para ofrecer&#8230; pero tambi\u00e9n escucharlos para conocer m\u00e1s sobre su cultura, sus costumbres y tradiciones, y sobre lo que los motiva a visitar nuestro pa\u00eds\u201d afirma el actor.<\/p><\/blockquote>\n\n\n\n\n\n<p>El actor es un amante de recorrer M\u00e9xico y conocer todos sus rincones, es por ello que nos comparte su lista de alojamientos y experiencias favoritas en la plataforma para vivir un verano inolvidable.<\/p>\n\n\n\n<ul class=\"wp-block-list\"><li>Toma un ba\u00f1o en la piscina privada de la hermosa <strong><em>Casa Madera<\/em><\/strong> en Tulum.<\/li><\/ul>\n\n\n\n<div class=\"wp-block-image coblocks-animate\"><figure class=\"aligncenter size-large\"><a href=\"https:\/\/i0.wp.com\/zeromagazinemx.wpcomstaging.com\/wp-content\/uploads\/2022\/02\/33fdc-tulum.jpg?ssl=1\"><img data-recalc-dims=\"1\" decoding=\"async\" src=\"https:\/\/i0.wp.com\/zeromagazinemx.wpcomstaging.com\/wp-content\/uploads\/2022\/02\/33fdc-tulum.jpg?w=1165&#038;ssl=1\" alt=\"\" class=\"wp-image-51614\" \/><\/a><\/figure><\/div>\n\n\n\n<ul class=\"wp-block-list\"><li><strong><em>Casa La Distancia<\/em><\/strong>, un alojamiento hermoso con vistas panor\u00e1micas a Punta Cometa y al mar de Mermejita.<\/li><\/ul>\n\n\n\n<div class=\"wp-block-image coblocks-animate\"><figure class=\"aligncenter size-large\"><a href=\"https:\/\/i0.wp.com\/zeromagazinemx.wpcomstaging.com\/wp-content\/uploads\/2022\/02\/991c8-casa-la-distancia.jpg?ssl=1\"><img data-recalc-dims=\"1\" decoding=\"async\" src=\"https:\/\/i0.wp.com\/zeromagazinemx.wpcomstaging.com\/wp-content\/uploads\/2022\/02\/991c8-casa-la-distancia.jpg?w=1165&#038;ssl=1\" alt=\"\" class=\"wp-image-51615\" \/><\/a><\/figure><\/div>\n\n\n\n\n\n<ul class=\"wp-block-list\"><li><strong><em>Casa Kootenay<\/em><\/strong> frente al mar en La Paz.<\/li><\/ul>\n\n\n\n<div class=\"wp-block-image coblocks-animate\"><figure class=\"aligncenter size-full\"><a href=\"https:\/\/i0.wp.com\/zeromagazinemx.wpcomstaging.com\/wp-content\/uploads\/2022\/02\/1f567-casa-kootenay.jpg?ssl=1\"><img data-recalc-dims=\"1\" decoding=\"async\" src=\"https:\/\/i0.wp.com\/zeromagazinemx.wpcomstaging.com\/wp-content\/uploads\/2022\/02\/1f567-casa-kootenay.jpg?w=1165&#038;ssl=1\" alt=\"\" class=\"wp-image-51617\" \/><\/a><\/figure><\/div>\n\n\n\n<ul class=\"wp-block-list\"><li><strong><em>Casa Claustros del Parque<\/em><\/strong>, Quer\u00e9taro.<\/li><\/ul>\n\n\n\n<div class=\"wp-block-image coblocks-animate\"><figure class=\"aligncenter size-full\"><a href=\"https:\/\/i0.wp.com\/zeromagazinemx.wpcomstaging.com\/wp-content\/uploads\/2022\/02\/dcf42-claustros-del-parque.jpg?ssl=1\"><img data-recalc-dims=\"1\" decoding=\"async\" src=\"https:\/\/i0.wp.com\/zeromagazinemx.wpcomstaging.com\/wp-content\/uploads\/2022\/02\/dcf42-claustros-del-parque.jpg?w=1165&#038;ssl=1\" alt=\"\" class=\"wp-image-51618\" \/><\/a><\/figure><\/div>\n\n\n\n\n<!--themify_builder_content-->\n<div id=\"themify_builder_content-51611\" data-postid=\"51611\" class=\"themify_builder_content themify_builder_content-51611 themify_builder tf_clear\">\n    <\/div>\n<!--\/themify_builder_content-->\n","protected":false},"excerpt":{"rendered":"<p>El actor y productor Luis Gerardo M\u00e9ndez es el anfitri\u00f3n estrella de Airbnb, quien comparte algunos de sus destinos nacionales favoritos para disfrutar del verano como anfitri\u00f3n. Luis Gerardo M\u00e9ndez comparte sus destinos favoritos para disfrutar del verano y algunos tips de Anfitri\u00f3n, pues es parte de la comunidad de anfitriones de Airbnb desde hace [&hellip;]<\/p>\n","protected":false},"author":2,"featured_media":51613,"comment_status":"open","ping_status":"open","sticky":false,"template":"","format":"standard","meta":{"_jetpack_memberships_contains_paid_content":false,"footnotes":"","jetpack_publicize_message":"Conoce los lugares que el actor y productor, Luis Gerardo M\u00e9ndez recomienda siendo anfitri\u00f3n estrella de Airbnb.","jetpack_publicize_feature_enabled":true,"jetpack_social_post_already_shared":true,"jetpack_social_options":{"image_generator_settings":{"template":"highway","default_image_id":0,"font":"","enabled":false},"version":2}},"categories":[63,322],"tags":[511,880,3102,2014],"class_list":["post-51611","post","type-post","status-publish","format-standard","has-post-thumbnail","hentry","category-lifestyle","category-lugares","tag-actor","tag-airbnb","tag-luis-gerardo-mendez","tag-productor","has-post-title","has-post-date","has-post-category","has-post-tag","has-post-comment","has-post-author",""],"yoast_head":"<!-- This site is optimized with the Yoast SEO plugin v27.5 - https:\/\/yoast.com\/product\/yoast-seo-wordpress\/ -->\n<title>Luis Gerardo M\u00e9ndez es el anfitri\u00f3n de verano en Airbnb - Zero Magazine<\/title>\n<meta name=\"robots\" content=\"index, follow, max-snippet:-1, max-image-preview:large, max-video-preview:-1\" \/>\n<link rel=\"canonical\" href=\"https:\/\/zeromagazine.mx\/index.php\/2021\/08\/05\/luis-gerardo-mendez-es-el-anfitrion-de-verano-en-airbnb\/\" \/>\n<meta property=\"og:locale\" content=\"es_ES\" \/>\n<meta property=\"og:type\" content=\"article\" \/>\n<meta property=\"og:title\" content=\"Luis Gerardo M\u00e9ndez es el anfitri\u00f3n de verano en Airbnb - Zero Magazine\" \/>\n<meta property=\"og:description\" content=\"El actor y productor Luis Gerardo M\u00e9ndez es el anfitri\u00f3n estrella de Airbnb, quien comparte algunos de sus destinos nacionales favoritos para disfrutar del verano como anfitri\u00f3n. Luis Gerardo M\u00e9ndez comparte sus destinos favoritos para disfrutar del verano y algunos tips de Anfitri\u00f3n, pues es parte de la comunidad de anfitriones de Airbnb desde hace [&hellip;]\" \/>\n<meta property=\"og:url\" content=\"https:\/\/zeromagazine.mx\/index.php\/2021\/08\/05\/luis-gerardo-mendez-es-el-anfitrion-de-verano-en-airbnb\/\" \/>\n<meta property=\"og:site_name\" content=\"Zero Magazine\" \/>\n<meta property=\"article:published_time\" content=\"2021-08-05T16:00:00+00:00\" \/>\n<meta name=\"author\" content=\"zeromagazinemx\" \/>\n<meta name=\"twitter:card\" content=\"summary_large_image\" \/>\n<meta name=\"twitter:label1\" content=\"Escrito por\" \/>\n\t<meta name=\"twitter:data1\" content=\"zeromagazinemx\" \/>\n\t<meta name=\"twitter:label2\" content=\"Tiempo de lectura\" \/>\n\t<meta name=\"twitter:data2\" content=\"1 minuto\" \/>\n<script type=\"application\/ld+json\" class=\"yoast-schema-graph\">{\"@context\":\"https:\\\/\\\/schema.org\",\"@graph\":[{\"@type\":\"Article\",\"@id\":\"https:\\\/\\\/zeromagazine.mx\\\/index.php\\\/2021\\\/08\\\/05\\\/luis-gerardo-mendez-es-el-anfitrion-de-verano-en-airbnb\\\/#article\",\"isPartOf\":{\"@id\":\"https:\\\/\\\/zeromagazine.mx\\\/index.php\\\/2021\\\/08\\\/05\\\/luis-gerardo-mendez-es-el-anfitrion-de-verano-en-airbnb\\\/\"},\"author\":{\"name\":\"zeromagazinemx\",\"@id\":\"https:\\\/\\\/zeromagazine.mx\\\/#\\\/schema\\\/person\\\/9aed9f33a7c39af3a348b86d723f7773\"},\"headline\":\"Luis Gerardo M\u00e9ndez es el anfitri\u00f3n de verano en Airbnb\",\"datePublished\":\"2021-08-05T16:00:00+00:00\",\"mainEntityOfPage\":{\"@id\":\"https:\\\/\\\/zeromagazine.mx\\\/index.php\\\/2021\\\/08\\\/05\\\/luis-gerardo-mendez-es-el-anfitrion-de-verano-en-airbnb\\\/\"},\"wordCount\":219,\"commentCount\":0,\"publisher\":{\"@id\":\"https:\\\/\\\/zeromagazine.mx\\\/#organization\"},\"image\":{\"@id\":\"https:\\\/\\\/zeromagazine.mx\\\/index.php\\\/2021\\\/08\\\/05\\\/luis-gerardo-mendez-es-el-anfitrion-de-verano-en-airbnb\\\/#primaryimage\"},\"thumbnailUrl\":\"\",\"keywords\":[\"Actor\",\"airbnb\",\"Luis Gerardo M\u00e9ndez\",\"PRODUCTOR\"],\"articleSection\":[\"Lifestyle\",\"Viajes\"],\"inLanguage\":\"es\",\"potentialAction\":[{\"@type\":\"CommentAction\",\"name\":\"Comment\",\"target\":[\"https:\\\/\\\/zeromagazine.mx\\\/index.php\\\/2021\\\/08\\\/05\\\/luis-gerardo-mendez-es-el-anfitrion-de-verano-en-airbnb\\\/#respond\"]}]},{\"@type\":\"WebPage\",\"@id\":\"https:\\\/\\\/zeromagazine.mx\\\/index.php\\\/2021\\\/08\\\/05\\\/luis-gerardo-mendez-es-el-anfitrion-de-verano-en-airbnb\\\/\",\"url\":\"https:\\\/\\\/zeromagazine.mx\\\/index.php\\\/2021\\\/08\\\/05\\\/luis-gerardo-mendez-es-el-anfitrion-de-verano-en-airbnb\\\/\",\"name\":\"Luis Gerardo M\u00e9ndez es el anfitri\u00f3n de verano en Airbnb - Zero Magazine\",\"isPartOf\":{\"@id\":\"https:\\\/\\\/zeromagazine.mx\\\/#website\"},\"primaryImageOfPage\":{\"@id\":\"https:\\\/\\\/zeromagazine.mx\\\/index.php\\\/2021\\\/08\\\/05\\\/luis-gerardo-mendez-es-el-anfitrion-de-verano-en-airbnb\\\/#primaryimage\"},\"image\":{\"@id\":\"https:\\\/\\\/zeromagazine.mx\\\/index.php\\\/2021\\\/08\\\/05\\\/luis-gerardo-mendez-es-el-anfitrion-de-verano-en-airbnb\\\/#primaryimage\"},\"thumbnailUrl\":\"\",\"datePublished\":\"2021-08-05T16:00:00+00:00\",\"breadcrumb\":{\"@id\":\"https:\\\/\\\/zeromagazine.mx\\\/index.php\\\/2021\\\/08\\\/05\\\/luis-gerardo-mendez-es-el-anfitrion-de-verano-en-airbnb\\\/#breadcrumb\"},\"inLanguage\":\"es\",\"potentialAction\":[{\"@type\":\"ReadAction\",\"target\":[\"https:\\\/\\\/zeromagazine.mx\\\/index.php\\\/2021\\\/08\\\/05\\\/luis-gerardo-mendez-es-el-anfitrion-de-verano-en-airbnb\\\/\"]}]},{\"@type\":\"ImageObject\",\"inLanguage\":\"es\",\"@id\":\"https:\\\/\\\/zeromagazine.mx\\\/index.php\\\/2021\\\/08\\\/05\\\/luis-gerardo-mendez-es-el-anfitrion-de-verano-en-airbnb\\\/#primaryimage\",\"url\":\"\",\"contentUrl\":\"\"},{\"@type\":\"BreadcrumbList\",\"@id\":\"https:\\\/\\\/zeromagazine.mx\\\/index.php\\\/2021\\\/08\\\/05\\\/luis-gerardo-mendez-es-el-anfitrion-de-verano-en-airbnb\\\/#breadcrumb\",\"itemListElement\":[{\"@type\":\"ListItem\",\"position\":1,\"name\":\"Portada\",\"item\":\"https:\\\/\\\/zeromagazine.mx\\\/\"},{\"@type\":\"ListItem\",\"position\":2,\"name\":\"Luis Gerardo M\u00e9ndez es el anfitri\u00f3n de verano en Airbnb\"}]},{\"@type\":\"WebSite\",\"@id\":\"https:\\\/\\\/zeromagazine.mx\\\/#website\",\"url\":\"https:\\\/\\\/zeromagazine.mx\\\/\",\"name\":\"Zero Magazine\",\"description\":\"\",\"publisher\":{\"@id\":\"https:\\\/\\\/zeromagazine.mx\\\/#organization\"},\"potentialAction\":[{\"@type\":\"SearchAction\",\"target\":{\"@type\":\"EntryPoint\",\"urlTemplate\":\"https:\\\/\\\/zeromagazine.mx\\\/?s={search_term_string}\"},\"query-input\":{\"@type\":\"PropertyValueSpecification\",\"valueRequired\":true,\"valueName\":\"search_term_string\"}}],\"inLanguage\":\"es\"},{\"@type\":\"Organization\",\"@id\":\"https:\\\/\\\/zeromagazine.mx\\\/#organization\",\"name\":\"Zero Magazine\",\"url\":\"https:\\\/\\\/zeromagazine.mx\\\/\",\"logo\":{\"@type\":\"ImageObject\",\"inLanguage\":\"es\",\"@id\":\"https:\\\/\\\/zeromagazine.mx\\\/#\\\/schema\\\/logo\\\/image\\\/\",\"url\":\"https:\\\/\\\/i0.wp.com\\\/zeromagazine.mx\\\/wp-content\\\/uploads\\\/2025\\\/11\\\/1.jpeg?fit=1000%2C1000&ssl=1\",\"contentUrl\":\"https:\\\/\\\/i0.wp.com\\\/zeromagazine.mx\\\/wp-content\\\/uploads\\\/2025\\\/11\\\/1.jpeg?fit=1000%2C1000&ssl=1\",\"width\":1000,\"height\":1000,\"caption\":\"Zero Magazine\"},\"image\":{\"@id\":\"https:\\\/\\\/zeromagazine.mx\\\/#\\\/schema\\\/logo\\\/image\\\/\"},\"sameAs\":[\"https:\\\/\\\/instagram.com\\\/zeromagazinemx\"]},{\"@type\":\"Person\",\"@id\":\"https:\\\/\\\/zeromagazine.mx\\\/#\\\/schema\\\/person\\\/9aed9f33a7c39af3a348b86d723f7773\",\"name\":\"zeromagazinemx\",\"image\":{\"@type\":\"ImageObject\",\"inLanguage\":\"es\",\"@id\":\"https:\\\/\\\/zeromagazine.mx\\\/wp-content\\\/litespeed\\\/avatar\\\/f91dfe5410d5dcb1a576bf8c45983896.jpg?ver=1777571230\",\"url\":\"https:\\\/\\\/zeromagazine.mx\\\/wp-content\\\/litespeed\\\/avatar\\\/f91dfe5410d5dcb1a576bf8c45983896.jpg?ver=1777571230\",\"contentUrl\":\"https:\\\/\\\/zeromagazine.mx\\\/wp-content\\\/litespeed\\\/avatar\\\/f91dfe5410d5dcb1a576bf8c45983896.jpg?ver=1777571230\",\"caption\":\"zeromagazinemx\"},\"url\":\"https:\\\/\\\/zeromagazine.mx\\\/index.php\\\/author\\\/zeromagazinemx\\\/\"}]}<\/script>\n<!-- \/ Yoast SEO plugin. -->","yoast_head_json":{"title":"Luis Gerardo M\u00e9ndez es el anfitri\u00f3n de verano en Airbnb - Zero Magazine","robots":{"index":"index","follow":"follow","max-snippet":"max-snippet:-1","max-image-preview":"max-image-preview:large","max-video-preview":"max-video-preview:-1"},"canonical":"https:\/\/zeromagazine.mx\/index.php\/2021\/08\/05\/luis-gerardo-mendez-es-el-anfitrion-de-verano-en-airbnb\/","og_locale":"es_ES","og_type":"article","og_title":"Luis Gerardo M\u00e9ndez es el anfitri\u00f3n de verano en Airbnb - Zero Magazine","og_description":"El actor y productor Luis Gerardo M\u00e9ndez es el anfitri\u00f3n estrella de Airbnb, quien comparte algunos de sus destinos nacionales favoritos para disfrutar del verano como anfitri\u00f3n. Luis Gerardo M\u00e9ndez comparte sus destinos favoritos para disfrutar del verano y algunos tips de Anfitri\u00f3n, pues es parte de la comunidad de anfitriones de Airbnb desde hace [&hellip;]","og_url":"https:\/\/zeromagazine.mx\/index.php\/2021\/08\/05\/luis-gerardo-mendez-es-el-anfitrion-de-verano-en-airbnb\/","og_site_name":"Zero Magazine","article_published_time":"2021-08-05T16:00:00+00:00","author":"zeromagazinemx","twitter_card":"summary_large_image","twitter_misc":{"Escrito por":"zeromagazinemx","Tiempo de lectura":"1 minuto"},"schema":{"@context":"https:\/\/schema.org","@graph":[{"@type":"Article","@id":"https:\/\/zeromagazine.mx\/index.php\/2021\/08\/05\/luis-gerardo-mendez-es-el-anfitrion-de-verano-en-airbnb\/#article","isPartOf":{"@id":"https:\/\/zeromagazine.mx\/index.php\/2021\/08\/05\/luis-gerardo-mendez-es-el-anfitrion-de-verano-en-airbnb\/"},"author":{"name":"zeromagazinemx","@id":"https:\/\/zeromagazine.mx\/#\/schema\/person\/9aed9f33a7c39af3a348b86d723f7773"},"headline":"Luis Gerardo M\u00e9ndez es el anfitri\u00f3n de verano en Airbnb","datePublished":"2021-08-05T16:00:00+00:00","mainEntityOfPage":{"@id":"https:\/\/zeromagazine.mx\/index.php\/2021\/08\/05\/luis-gerardo-mendez-es-el-anfitrion-de-verano-en-airbnb\/"},"wordCount":219,"commentCount":0,"publisher":{"@id":"https:\/\/zeromagazine.mx\/#organization"},"image":{"@id":"https:\/\/zeromagazine.mx\/index.php\/2021\/08\/05\/luis-gerardo-mendez-es-el-anfitrion-de-verano-en-airbnb\/#primaryimage"},"thumbnailUrl":"","keywords":["Actor","airbnb","Luis Gerardo M\u00e9ndez","PRODUCTOR"],"articleSection":["Lifestyle","Viajes"],"inLanguage":"es","potentialAction":[{"@type":"CommentAction","name":"Comment","target":["https:\/\/zeromagazine.mx\/index.php\/2021\/08\/05\/luis-gerardo-mendez-es-el-anfitrion-de-verano-en-airbnb\/#respond"]}]},{"@type":"WebPage","@id":"https:\/\/zeromagazine.mx\/index.php\/2021\/08\/05\/luis-gerardo-mendez-es-el-anfitrion-de-verano-en-airbnb\/","url":"https:\/\/zeromagazine.mx\/index.php\/2021\/08\/05\/luis-gerardo-mendez-es-el-anfitrion-de-verano-en-airbnb\/","name":"Luis Gerardo M\u00e9ndez es el anfitri\u00f3n de verano en Airbnb - Zero Magazine","isPartOf":{"@id":"https:\/\/zeromagazine.mx\/#website"},"primaryImageOfPage":{"@id":"https:\/\/zeromagazine.mx\/index.php\/2021\/08\/05\/luis-gerardo-mendez-es-el-anfitrion-de-verano-en-airbnb\/#primaryimage"},"image":{"@id":"https:\/\/zeromagazine.mx\/index.php\/2021\/08\/05\/luis-gerardo-mendez-es-el-anfitrion-de-verano-en-airbnb\/#primaryimage"},"thumbnailUrl":"","datePublished":"2021-08-05T16:00:00+00:00","breadcrumb":{"@id":"https:\/\/zeromagazine.mx\/index.php\/2021\/08\/05\/luis-gerardo-mendez-es-el-anfitrion-de-verano-en-airbnb\/#breadcrumb"},"inLanguage":"es","potentialAction":[{"@type":"ReadAction","target":["https:\/\/zeromagazine.mx\/index.php\/2021\/08\/05\/luis-gerardo-mendez-es-el-anfitrion-de-verano-en-airbnb\/"]}]},{"@type":"ImageObject","inLanguage":"es","@id":"https:\/\/zeromagazine.mx\/index.php\/2021\/08\/05\/luis-gerardo-mendez-es-el-anfitrion-de-verano-en-airbnb\/#primaryimage","url":"","contentUrl":""},{"@type":"BreadcrumbList","@id":"https:\/\/zeromagazine.mx\/index.php\/2021\/08\/05\/luis-gerardo-mendez-es-el-anfitrion-de-verano-en-airbnb\/#breadcrumb","itemListElement":[{"@type":"ListItem","position":1,"name":"Portada","item":"https:\/\/zeromagazine.mx\/"},{"@type":"ListItem","position":2,"name":"Luis Gerardo M\u00e9ndez es el anfitri\u00f3n de verano en Airbnb"}]},{"@type":"WebSite","@id":"https:\/\/zeromagazine.mx\/#website","url":"https:\/\/zeromagazine.mx\/","name":"Zero Magazine","description":"","publisher":{"@id":"https:\/\/zeromagazine.mx\/#organization"},"potentialAction":[{"@type":"SearchAction","target":{"@type":"EntryPoint","urlTemplate":"https:\/\/zeromagazine.mx\/?s={search_term_string}"},"query-input":{"@type":"PropertyValueSpecification","valueRequired":true,"valueName":"search_term_string"}}],"inLanguage":"es"},{"@type":"Organization","@id":"https:\/\/zeromagazine.mx\/#organization","name":"Zero Magazine","url":"https:\/\/zeromagazine.mx\/","logo":{"@type":"ImageObject","inLanguage":"es","@id":"https:\/\/zeromagazine.mx\/#\/schema\/logo\/image\/","url":"https:\/\/i0.wp.com\/zeromagazine.mx\/wp-content\/uploads\/2025\/11\/1.jpeg?fit=1000%2C1000&ssl=1","contentUrl":"https:\/\/i0.wp.com\/zeromagazine.mx\/wp-content\/uploads\/2025\/11\/1.jpeg?fit=1000%2C1000&ssl=1","width":1000,"height":1000,"caption":"Zero Magazine"},"image":{"@id":"https:\/\/zeromagazine.mx\/#\/schema\/logo\/image\/"},"sameAs":["https:\/\/instagram.com\/zeromagazinemx"]},{"@type":"Person","@id":"https:\/\/zeromagazine.mx\/#\/schema\/person\/9aed9f33a7c39af3a348b86d723f7773","name":"zeromagazinemx","image":{"@type":"ImageObject","inLanguage":"es","@id":"https:\/\/zeromagazine.mx\/wp-content\/litespeed\/avatar\/f91dfe5410d5dcb1a576bf8c45983896.jpg?ver=1777571230","url":"https:\/\/zeromagazine.mx\/wp-content\/litespeed\/avatar\/f91dfe5410d5dcb1a576bf8c45983896.jpg?ver=1777571230","contentUrl":"https:\/\/zeromagazine.mx\/wp-content\/litespeed\/avatar\/f91dfe5410d5dcb1a576bf8c45983896.jpg?ver=1777571230","caption":"zeromagazinemx"},"url":"https:\/\/zeromagazine.mx\/index.php\/author\/zeromagazinemx\/"}]}},"jetpack_publicize_connections":[],"jetpack_featured_media_url":"","jetpack-related-posts":[{"id":116325,"url":"https:\/\/zeromagazine.mx\/index.php\/2026\/03\/04\/airbnb-nuevos-anfitriones-mundial-2026\/","url_meta":{"origin":51611,"position":0},"title":"Airbnb ofrece hasta $750 USD a nuevos anfitriones de la Copa Mundial de la FIFA 2026\u2122","author":"David Morales","date":"4 de marzo de 2026","format":false,"excerpt":"La cuenta regresiva para la\u00a0Copa Mundial de la FIFA 2026\u00a0ya empez\u00f3, y no solo los fans est\u00e1n haciendo planes: tambi\u00e9n quienes quieren convertir su casa en oportunidad. Con el programa\u00a0Airbnb nuevos anfitriones Mundial, la plataforma ofrece hasta $750 USD a quienes publiquen un alojamiento completo en ciudades sede y reciban\u2026","rel":"","context":"En \u00abBlog\u00bb","block_context":{"text":"Blog","link":"https:\/\/zeromagazine.mx\/index.php\/category\/blog\/"},"img":{"alt_text":"","src":"https:\/\/i0.wp.com\/zeromagazine.mx\/wp-content\/uploads\/2026\/03\/IMG_1663.jpeg?fit=1200%2C799&ssl=1&resize=350%2C200","width":350,"height":200,"srcset":"https:\/\/i0.wp.com\/zeromagazine.mx\/wp-content\/uploads\/2026\/03\/IMG_1663.jpeg?fit=1200%2C799&ssl=1&resize=350%2C200 1x, https:\/\/i0.wp.com\/zeromagazine.mx\/wp-content\/uploads\/2026\/03\/IMG_1663.jpeg?fit=1200%2C799&ssl=1&resize=525%2C300 1.5x, https:\/\/i0.wp.com\/zeromagazine.mx\/wp-content\/uploads\/2026\/03\/IMG_1663.jpeg?fit=1200%2C799&ssl=1&resize=700%2C400 2x, https:\/\/i0.wp.com\/zeromagazine.mx\/wp-content\/uploads\/2026\/03\/IMG_1663.jpeg?fit=1200%2C799&ssl=1&resize=1050%2C600 3x"},"classes":[]},{"id":87800,"url":"https:\/\/zeromagazine.mx\/index.php\/2024\/10\/21\/airbnb-coanfitriones-gana-sin-estres\/","url_meta":{"origin":51611,"position":1},"title":"\u00abAirbnb Coanfitriones: Gana Sin Estr\u00e9s\u00bb","author":"zeromagazinemx","date":"21 de octubre de 2024","format":false,"excerpt":"Si eres de los que tienen un Airbnb en su casa o en alg\u00fan lugar cool y quieres ganar billete mientras otros se hospedan, ser anfitri\u00f3n es una de las formas m\u00e1s fire de hacerlo. Pero let\u2019s be real, no todos tienen el tiempo o la paciencia para estar chateando\u2026","rel":"","context":"En \u00abTech\u00bb","block_context":{"text":"Tech","link":"https:\/\/zeromagazine.mx\/index.php\/category\/tech\/"},"img":{"alt_text":"","src":"https:\/\/i0.wp.com\/zeromagazine.mx\/wp-content\/uploads\/2024\/10\/Co-host-Services-2024-Winter-Release-ES-scaled.jpg?fit=1200%2C800&ssl=1&resize=350%2C200","width":350,"height":200,"srcset":"https:\/\/i0.wp.com\/zeromagazine.mx\/wp-content\/uploads\/2024\/10\/Co-host-Services-2024-Winter-Release-ES-scaled.jpg?fit=1200%2C800&ssl=1&resize=350%2C200 1x, https:\/\/i0.wp.com\/zeromagazine.mx\/wp-content\/uploads\/2024\/10\/Co-host-Services-2024-Winter-Release-ES-scaled.jpg?fit=1200%2C800&ssl=1&resize=525%2C300 1.5x, https:\/\/i0.wp.com\/zeromagazine.mx\/wp-content\/uploads\/2024\/10\/Co-host-Services-2024-Winter-Release-ES-scaled.jpg?fit=1200%2C800&ssl=1&resize=700%2C400 2x, https:\/\/i0.wp.com\/zeromagazine.mx\/wp-content\/uploads\/2024\/10\/Co-host-Services-2024-Winter-Release-ES-scaled.jpg?fit=1200%2C800&ssl=1&resize=1050%2C600 3x"},"classes":[]},{"id":48119,"url":"https:\/\/zeromagazine.mx\/index.php\/2021\/06\/18\/airbnb-celebra-25-anos-del-lanzamiento-del-hit-de-los-90s-macarena-con-los-del-rio-como-anfitriones\/","url_meta":{"origin":51611,"position":2},"title":"Airbnb celebra 25 a\u00f1os del lanzamiento del hit de los 90\u2019s \u201cMacarena\u201d con Los del R\u00edo como Anfitriones","author":"zeromagazinemx","date":"18 de junio de 2021","format":false,"excerpt":"La \u201cMacarena\" lleg\u00f3 a Airbnb este verano y Los del R\u00edo se convertir\u00e1n en anfitriones en la plataforma y abrir\u00e1n las puertas de una villa tradiciones andaluza. Por Moises Kushelevich \u00bfQui\u00e9n no ha cantado y bailado \u201cMacarena\u201d? Esta pegajosa canci\u00f3n toc\u00f3 el primer puesto de la lista de \u00e9xitos pop\u2026","rel":"","context":"En \u00abEntretenimiento\u00bb","block_context":{"text":"Entretenimiento","link":"https:\/\/zeromagazine.mx\/index.php\/category\/entretenimiento\/"},"img":{"alt_text":"","src":"","width":0,"height":0},"classes":[]},{"id":114117,"url":"https:\/\/zeromagazine.mx\/index.php\/2026\/01\/23\/airbnb-mundial-2026-consejos-anfitriones\/","url_meta":{"origin":51611,"position":3},"title":"10 consejos para preparar tu Airbnb e impulsar tu econom\u00eda familiar durante la Copa Mundial de la FIFA 2026","author":"David Morales","date":"23 de enero de 2026","format":false,"excerpt":"La\u00a0Airbnb Mundial 2026\u00a0no solo ser\u00e1 una fiesta de f\u00fatbol: tambi\u00e9n es una oportunidad real para impulsar la econom\u00eda familiar desde casa. Con M\u00e9xico como uno de los pa\u00edses anfitriones, ciudades como CDMX, Guadalajara y Monterrey recibir\u00e1n a miles de visitantes listos para vivir partidos, cultura y experiencias locales. Y s\u00ed,\u2026","rel":"","context":"En \u00abBlog\u00bb","block_context":{"text":"Blog","link":"https:\/\/zeromagazine.mx\/index.php\/category\/blog\/"},"img":{"alt_text":"","src":"https:\/\/i0.wp.com\/zeromagazine.mx\/wp-content\/uploads\/2026\/01\/IMG_1108.jpeg?fit=1200%2C800&ssl=1&resize=350%2C200","width":350,"height":200,"srcset":"https:\/\/i0.wp.com\/zeromagazine.mx\/wp-content\/uploads\/2026\/01\/IMG_1108.jpeg?fit=1200%2C800&ssl=1&resize=350%2C200 1x, https:\/\/i0.wp.com\/zeromagazine.mx\/wp-content\/uploads\/2026\/01\/IMG_1108.jpeg?fit=1200%2C800&ssl=1&resize=525%2C300 1.5x, https:\/\/i0.wp.com\/zeromagazine.mx\/wp-content\/uploads\/2026\/01\/IMG_1108.jpeg?fit=1200%2C800&ssl=1&resize=700%2C400 2x, https:\/\/i0.wp.com\/zeromagazine.mx\/wp-content\/uploads\/2026\/01\/IMG_1108.jpeg?fit=1200%2C800&ssl=1&resize=1050%2C600 3x"},"classes":[]},{"id":77952,"url":"https:\/\/zeromagazine.mx\/index.php\/2024\/06\/13\/puerto-vallarta-en-el-top-10-mundial-de-destinos-lgbtq-en-airbnb\/","url_meta":{"origin":51611,"position":4},"title":"Puerto Vallarta, en el Top 10 Mundial de Destinos LGBTQ+ en Airbnb","author":"zeromagazinemx","date":"13 de junio de 2024","format":false,"excerpt":"\u00a1La temporada favorita de muches est\u00e1 aqu\u00ed, mis amigues! A medida que nos adentramos en el Mes del Orgullo, es emocionante ver c\u00f3mo cada vez m\u00e1s personas de nuestra generaci\u00f3n est\u00e1n marcando la diferencia. Nuevos datos de Airbnb revelan que estamos siendo verdaderes pionerxs en la creaci\u00f3n de espacios seguros\u2026","rel":"","context":"En \u00abBlog\u00bb","block_context":{"text":"Blog","link":"https:\/\/zeromagazine.mx\/index.php\/category\/blog\/"},"img":{"alt_text":"","src":"https:\/\/i0.wp.com\/zeromagazine.mx\/wp-content\/uploads\/2024\/06\/Captura-de-pantalla-2024-06-13-102547.png?fit=761%2C529&ssl=1&resize=350%2C200","width":350,"height":200,"srcset":"https:\/\/i0.wp.com\/zeromagazine.mx\/wp-content\/uploads\/2024\/06\/Captura-de-pantalla-2024-06-13-102547.png?fit=761%2C529&ssl=1&resize=350%2C200 1x, https:\/\/i0.wp.com\/zeromagazine.mx\/wp-content\/uploads\/2024\/06\/Captura-de-pantalla-2024-06-13-102547.png?fit=761%2C529&ssl=1&resize=525%2C300 1.5x, https:\/\/i0.wp.com\/zeromagazine.mx\/wp-content\/uploads\/2024\/06\/Captura-de-pantalla-2024-06-13-102547.png?fit=761%2C529&ssl=1&resize=700%2C400 2x"},"classes":[]},{"id":55616,"url":"https:\/\/zeromagazine.mx\/index.php\/2021\/10\/08\/si-eres-amante-de-los-clasicos-del-terror-airbnb-es-tu-mejor-opcion\/","url_meta":{"origin":51611,"position":5},"title":"Si eres amante de los cl\u00e1sicos del Terror, AIRBNB es tu mejor opci\u00f3n.","author":"zeromagazinemx","date":"8 de octubre de 2021","format":false,"excerpt":"Scream es una de las pel\u00edculas de terror m\u00e1s famosas de todos los tiempos, incluso considerada como un cl\u00e1sico dentro del g\u00e9nero y que, este a\u00f1o, est\u00e1 por cumplir 25 a\u00f1os desde su estreno. Si eres un fan\u00e1tico tanto de la saga como del g\u00e9nero, la noche de Halloween ser\u00e1\u2026","rel":"","context":"En \u00abEntretenimiento\u00bb","block_context":{"text":"Entretenimiento","link":"https:\/\/zeromagazine.mx\/index.php\/category\/entretenimiento\/"},"img":{"alt_text":"","src":"https:\/\/i0.wp.com\/zeromagazinemx.wpcomstaging.com\/wp-content\/uploads\/2022\/02\/45ad2-airbnb_.jpg?resize=350%2C200&ssl=1","width":350,"height":200,"srcset":"https:\/\/i0.wp.com\/zeromagazinemx.wpcomstaging.com\/wp-content\/uploads\/2022\/02\/45ad2-airbnb_.jpg?resize=350%2C200&ssl=1 1x, https:\/\/i0.wp.com\/zeromagazinemx.wpcomstaging.com\/wp-content\/uploads\/2022\/02\/45ad2-airbnb_.jpg?resize=525%2C300&ssl=1 1.5x, https:\/\/i0.wp.com\/zeromagazinemx.wpcomstaging.com\/wp-content\/uploads\/2022\/02\/45ad2-airbnb_.jpg?resize=700%2C400&ssl=1 2x"},"classes":[]}],"jetpack_sharing_enabled":true,"builder_content":"","_links":{"self":[{"href":"https:\/\/zeromagazine.mx\/index.php\/wp-json\/wp\/v2\/posts\/51611","targetHints":{"allow":["GET"]}}],"collection":[{"href":"https:\/\/zeromagazine.mx\/index.php\/wp-json\/wp\/v2\/posts"}],"about":[{"href":"https:\/\/zeromagazine.mx\/index.php\/wp-json\/wp\/v2\/types\/post"}],"author":[{"embeddable":true,"href":"https:\/\/zeromagazine.mx\/index.php\/wp-json\/wp\/v2\/users\/2"}],"replies":[{"embeddable":true,"href":"https:\/\/zeromagazine.mx\/index.php\/wp-json\/wp\/v2\/comments?post=51611"}],"version-history":[{"count":0,"href":"https:\/\/zeromagazine.mx\/index.php\/wp-json\/wp\/v2\/posts\/51611\/revisions"}],"wp:featuredmedia":[{"embeddable":true,"href":"https:\/\/zeromagazine.mx\/index.php\/wp-json\/"}],"wp:attachment":[{"href":"https:\/\/zeromagazine.mx\/index.php\/wp-json\/wp\/v2\/media?parent=51611"}],"wp:term":[{"taxonomy":"category","embeddable":true,"href":"https:\/\/zeromagazine.mx\/index.php\/wp-json\/wp\/v2\/categories?post=51611"},{"taxonomy":"post_tag","embeddable":true,"href":"https:\/\/zeromagazine.mx\/index.php\/wp-json\/wp\/v2\/tags?post=51611"}],"curies":[{"name":"wp","href":"https:\/\/api.w.org\/{rel}","templated":true}]}}