{"id":51742,"date":"2021-08-06T17:28:54","date_gmt":"2021-08-06T22:28:54","guid":{"rendered":"https:\/\/atomic-temporary-84115225.wpcomstaging.com\/?p=51742"},"modified":"2021-08-06T17:28:54","modified_gmt":"2021-08-06T22:28:54","slug":"the-weeknd-presenta-take-my-breath","status":"publish","type":"post","link":"https:\/\/zeromagazine.mx\/index.php\/2021\/08\/06\/the-weeknd-presenta-take-my-breath\/","title":{"rendered":"The Weeknd presenta \u201cTake My Breath\u201d"},"content":{"rendered":"\n<p><strong>The Weeknd<\/strong> lanza su nuevo sencillo, el primero de su pr\u00f3ximo \u00e1lbum como se anunci\u00f3 en su portada de <strong>GQ <\/strong>esta semana.<\/p>\n\n\n\n<figure class=\"wp-block-embed is-type-rich is-provider-instagram wp-block-embed-instagram\"><div class=\"wp-block-embed__wrapper\">\nhttps:\/\/www.instagram.com\/p\/CSEfctMn0i2\/\n<\/div><\/figure>\n\n\n\n<div class=\"wp-block-buttons is-layout-flex wp-block-buttons-is-layout-flex\">\n<div class=\"wp-block-button is-style-outline is-style-outline--1\"><a class=\"wp-block-button__link\">Por Moises Kushelevich<\/a><\/div>\n<\/div>\n\n\n\n<p><strong>The Weeknd<\/strong> nos dio el primer adelanto de lo que ser\u00e1 su nuevo \u00e1lbum en donde nuevamente vuelve a evolucionar su sonido y talento para contar historias a trav\u00e9s de su m\u00fasica. El lunes por la ma\u00f1ana, <strong>GQ <\/strong>debut\u00f3 el primer n\u00famero mundial en 90 a\u00f1os con <strong>The Weeknd<\/strong> como la \u00fanica estrella de portada en todas las ediciones. En la entrevista adjunta, el cantante insinu\u00f3 lo que los oyentes podr\u00edan anticipar con el pr\u00f3ximo disco. El mismo d\u00eda, revel\u00f3 un fragmento de<strong><em> \u201cTake My Breath\u201d<\/em><\/strong> junto con la fecha de lanzamiento, en un teaser promocional de los <strong>Juegos Ol\u00edmpicos<\/strong>.<\/p>\n\n\n\n<figure class=\"wp-block-embed is-type-rich is-provider-instagram wp-block-embed-instagram\"><div class=\"wp-block-embed__wrapper\">\nhttps:\/\/www.instagram.com\/p\/CSOBTDwHvrs\/\n<\/div><\/figure>\n\n\n\n\n\n<blockquote class=\"wp-block-quote is-layout-flow wp-block-quote-is-layout-flow\"><p><em>\u201cSe volvi\u00f3 casi imposible encontrar algo m\u00e1s para escuchar. Todo lo dem\u00e1s sonaba suave, o no se movi\u00f3 lo suficiente, o me sent\u00ed demasiado feliz, o demasiado triste. Para m\u00ed estaba claro que este no es solo el \u00e1lbum que The Weeknd siempre ha querido hacer, es el \u00e1lbum que siempre hemos querido que hiciera\u201d<\/em>, <strong>Mark Anthony Green <\/strong>en <strong>GQ<\/strong>.<\/p><\/blockquote>\n\n\n\n<figure class=\"wp-block-embed is-type-rich is-provider-instagram wp-block-embed-instagram\"><div class=\"wp-block-embed__wrapper\">\nhttps:\/\/www.instagram.com\/p\/CSP5673BRN5\/\n<\/div><\/figure>\n\n\n\n\n\n<p>Recordemos que su \u00faltimo lanzamiento fue <strong><em>\u201cAfter Hours\u201d<\/em><\/strong> un \u00e1lbum aclamado por la cr\u00edtica, lanzado en marzo de 2020. <strong><em>After Hours<\/em><\/strong> es el cuarto \u00e1lbum n\u00famero uno de <strong>The Weeknd<\/strong> en los Estados Unidos y est\u00e1 certificado doble platino por la <strong>RIAA<\/strong> con m\u00e1s de 15,7 mil millones de transmisiones.<\/p>\n\n\n\n<p class=\"has-text-align-center\"><em>Disfruta del nuevo sencillo <a href=\"https:\/\/universalmusicmexico.lnk.to\/TWTakeMyBreath\">TWTakeMyBreath<\/a><\/em><\/p>\n\n\n<!--themify_builder_content-->\n<div id=\"themify_builder_content-51742\" data-postid=\"51742\" class=\"themify_builder_content themify_builder_content-51742 themify_builder tf_clear\">\n    <\/div>\n<!--\/themify_builder_content-->\n","protected":false},"excerpt":{"rendered":"<p>The Weeknd lanza su nuevo sencillo, el primero de su pr\u00f3ximo \u00e1lbum como se anunci\u00f3 en su portada de GQ esta semana. The Weeknd nos dio el primer adelanto de lo que ser\u00e1 su nuevo \u00e1lbum en donde nuevamente vuelve a evolucionar su sonido y talento para contar historias a trav\u00e9s de su m\u00fasica. El [&hellip;]<\/p>\n","protected":false},"author":2,"featured_media":51747,"comment_status":"open","ping_status":"open","sticky":false,"template":"","format":"standard","meta":{"_jetpack_memberships_contains_paid_content":false,"footnotes":"","jetpack_publicize_message":"The Weeknd presenta su nuevo sencillo musical #TakeMyBreath, ent\u00e9rate todo lo nuevo que trae a sus fans.","jetpack_publicize_feature_enabled":true,"jetpack_social_post_already_shared":true,"jetpack_social_options":{"image_generator_settings":{"template":"highway","default_image_id":0,"font":"","enabled":false},"version":2}},"categories":[117],"tags":[3496,603,3497,360,3498,3499],"class_list":["post-51742","post","type-post","status-publish","format-standard","has-post-thumbnail","hentry","category-entretenimiento","tag-gq","tag-juegos-olimpicos","tag-riaa","tag-sencillo","tag-take-my-breath","tag-the-weeknd","has-post-title","has-post-date","has-post-category","has-post-tag","has-post-comment","has-post-author",""],"yoast_head":"<!-- This site is optimized with the Yoast SEO plugin v27.4 - https:\/\/yoast.com\/product\/yoast-seo-wordpress\/ -->\n<title>The Weeknd presenta \u201cTake My Breath\u201d - Zero Magazine<\/title>\n<meta name=\"robots\" content=\"index, follow, max-snippet:-1, max-image-preview:large, max-video-preview:-1\" \/>\n<link rel=\"canonical\" href=\"https:\/\/zeromagazine.mx\/index.php\/2021\/08\/06\/the-weeknd-presenta-take-my-breath\/\" \/>\n<meta property=\"og:locale\" content=\"es_ES\" \/>\n<meta property=\"og:type\" content=\"article\" \/>\n<meta property=\"og:title\" content=\"The Weeknd presenta \u201cTake My Breath\u201d - Zero Magazine\" \/>\n<meta property=\"og:description\" content=\"The Weeknd lanza su nuevo sencillo, el primero de su pr\u00f3ximo \u00e1lbum como se anunci\u00f3 en su portada de GQ esta semana. The Weeknd nos dio el primer adelanto de lo que ser\u00e1 su nuevo \u00e1lbum en donde nuevamente vuelve a evolucionar su sonido y talento para contar historias a trav\u00e9s de su m\u00fasica. El [&hellip;]\" \/>\n<meta property=\"og:url\" content=\"https:\/\/zeromagazine.mx\/index.php\/2021\/08\/06\/the-weeknd-presenta-take-my-breath\/\" \/>\n<meta property=\"og:site_name\" content=\"Zero Magazine\" \/>\n<meta property=\"article:published_time\" content=\"2021-08-06T22:28:54+00:00\" \/>\n<meta name=\"author\" content=\"zeromagazinemx\" \/>\n<meta name=\"twitter:card\" content=\"summary_large_image\" \/>\n<meta name=\"twitter:label1\" content=\"Escrito por\" \/>\n\t<meta name=\"twitter:data1\" content=\"zeromagazinemx\" \/>\n\t<meta name=\"twitter:label2\" content=\"Tiempo de lectura\" \/>\n\t<meta name=\"twitter:data2\" content=\"1 minuto\" \/>\n<script type=\"application\/ld+json\" class=\"yoast-schema-graph\">{\"@context\":\"https:\\\/\\\/schema.org\",\"@graph\":[{\"@type\":\"Article\",\"@id\":\"https:\\\/\\\/zeromagazine.mx\\\/index.php\\\/2021\\\/08\\\/06\\\/the-weeknd-presenta-take-my-breath\\\/#article\",\"isPartOf\":{\"@id\":\"https:\\\/\\\/zeromagazine.mx\\\/index.php\\\/2021\\\/08\\\/06\\\/the-weeknd-presenta-take-my-breath\\\/\"},\"author\":{\"name\":\"zeromagazinemx\",\"@id\":\"https:\\\/\\\/zeromagazine.mx\\\/#\\\/schema\\\/person\\\/9aed9f33a7c39af3a348b86d723f7773\"},\"headline\":\"The Weeknd presenta \u201cTake My Breath\u201d\",\"datePublished\":\"2021-08-06T22:28:54+00:00\",\"mainEntityOfPage\":{\"@id\":\"https:\\\/\\\/zeromagazine.mx\\\/index.php\\\/2021\\\/08\\\/06\\\/the-weeknd-presenta-take-my-breath\\\/\"},\"wordCount\":278,\"commentCount\":0,\"publisher\":{\"@id\":\"https:\\\/\\\/zeromagazine.mx\\\/#organization\"},\"image\":{\"@id\":\"https:\\\/\\\/zeromagazine.mx\\\/index.php\\\/2021\\\/08\\\/06\\\/the-weeknd-presenta-take-my-breath\\\/#primaryimage\"},\"thumbnailUrl\":\"\",\"keywords\":[\"GQ\",\"Juegos Ol\u00edmpicos\",\"RIAA\",\"Sencillo\",\"Take My Breath\",\"The Weeknd\"],\"articleSection\":[\"Entretenimiento\"],\"inLanguage\":\"es\",\"potentialAction\":[{\"@type\":\"CommentAction\",\"name\":\"Comment\",\"target\":[\"https:\\\/\\\/zeromagazine.mx\\\/index.php\\\/2021\\\/08\\\/06\\\/the-weeknd-presenta-take-my-breath\\\/#respond\"]}]},{\"@type\":\"WebPage\",\"@id\":\"https:\\\/\\\/zeromagazine.mx\\\/index.php\\\/2021\\\/08\\\/06\\\/the-weeknd-presenta-take-my-breath\\\/\",\"url\":\"https:\\\/\\\/zeromagazine.mx\\\/index.php\\\/2021\\\/08\\\/06\\\/the-weeknd-presenta-take-my-breath\\\/\",\"name\":\"The Weeknd presenta \u201cTake My Breath\u201d - Zero Magazine\",\"isPartOf\":{\"@id\":\"https:\\\/\\\/zeromagazine.mx\\\/#website\"},\"primaryImageOfPage\":{\"@id\":\"https:\\\/\\\/zeromagazine.mx\\\/index.php\\\/2021\\\/08\\\/06\\\/the-weeknd-presenta-take-my-breath\\\/#primaryimage\"},\"image\":{\"@id\":\"https:\\\/\\\/zeromagazine.mx\\\/index.php\\\/2021\\\/08\\\/06\\\/the-weeknd-presenta-take-my-breath\\\/#primaryimage\"},\"thumbnailUrl\":\"\",\"datePublished\":\"2021-08-06T22:28:54+00:00\",\"breadcrumb\":{\"@id\":\"https:\\\/\\\/zeromagazine.mx\\\/index.php\\\/2021\\\/08\\\/06\\\/the-weeknd-presenta-take-my-breath\\\/#breadcrumb\"},\"inLanguage\":\"es\",\"potentialAction\":[{\"@type\":\"ReadAction\",\"target\":[\"https:\\\/\\\/zeromagazine.mx\\\/index.php\\\/2021\\\/08\\\/06\\\/the-weeknd-presenta-take-my-breath\\\/\"]}]},{\"@type\":\"ImageObject\",\"inLanguage\":\"es\",\"@id\":\"https:\\\/\\\/zeromagazine.mx\\\/index.php\\\/2021\\\/08\\\/06\\\/the-weeknd-presenta-take-my-breath\\\/#primaryimage\",\"url\":\"\",\"contentUrl\":\"\"},{\"@type\":\"BreadcrumbList\",\"@id\":\"https:\\\/\\\/zeromagazine.mx\\\/index.php\\\/2021\\\/08\\\/06\\\/the-weeknd-presenta-take-my-breath\\\/#breadcrumb\",\"itemListElement\":[{\"@type\":\"ListItem\",\"position\":1,\"name\":\"Portada\",\"item\":\"https:\\\/\\\/zeromagazine.mx\\\/\"},{\"@type\":\"ListItem\",\"position\":2,\"name\":\"The Weeknd presenta \u201cTake My Breath\u201d\"}]},{\"@type\":\"WebSite\",\"@id\":\"https:\\\/\\\/zeromagazine.mx\\\/#website\",\"url\":\"https:\\\/\\\/zeromagazine.mx\\\/\",\"name\":\"Zero Magazine\",\"description\":\"\",\"publisher\":{\"@id\":\"https:\\\/\\\/zeromagazine.mx\\\/#organization\"},\"potentialAction\":[{\"@type\":\"SearchAction\",\"target\":{\"@type\":\"EntryPoint\",\"urlTemplate\":\"https:\\\/\\\/zeromagazine.mx\\\/?s={search_term_string}\"},\"query-input\":{\"@type\":\"PropertyValueSpecification\",\"valueRequired\":true,\"valueName\":\"search_term_string\"}}],\"inLanguage\":\"es\"},{\"@type\":\"Organization\",\"@id\":\"https:\\\/\\\/zeromagazine.mx\\\/#organization\",\"name\":\"Zero Magazine\",\"url\":\"https:\\\/\\\/zeromagazine.mx\\\/\",\"logo\":{\"@type\":\"ImageObject\",\"inLanguage\":\"es\",\"@id\":\"https:\\\/\\\/zeromagazine.mx\\\/#\\\/schema\\\/logo\\\/image\\\/\",\"url\":\"https:\\\/\\\/i0.wp.com\\\/zeromagazine.mx\\\/wp-content\\\/uploads\\\/2025\\\/11\\\/1.jpeg?fit=1000%2C1000&ssl=1\",\"contentUrl\":\"https:\\\/\\\/i0.wp.com\\\/zeromagazine.mx\\\/wp-content\\\/uploads\\\/2025\\\/11\\\/1.jpeg?fit=1000%2C1000&ssl=1\",\"width\":1000,\"height\":1000,\"caption\":\"Zero Magazine\"},\"image\":{\"@id\":\"https:\\\/\\\/zeromagazine.mx\\\/#\\\/schema\\\/logo\\\/image\\\/\"},\"sameAs\":[\"https:\\\/\\\/instagram.com\\\/zeromagazinemx\"]},{\"@type\":\"Person\",\"@id\":\"https:\\\/\\\/zeromagazine.mx\\\/#\\\/schema\\\/person\\\/9aed9f33a7c39af3a348b86d723f7773\",\"name\":\"zeromagazinemx\",\"image\":{\"@type\":\"ImageObject\",\"inLanguage\":\"es\",\"@id\":\"https:\\\/\\\/zeromagazine.mx\\\/wp-content\\\/litespeed\\\/avatar\\\/f91dfe5410d5dcb1a576bf8c45983896.jpg?ver=1776966396\",\"url\":\"https:\\\/\\\/zeromagazine.mx\\\/wp-content\\\/litespeed\\\/avatar\\\/f91dfe5410d5dcb1a576bf8c45983896.jpg?ver=1776966396\",\"contentUrl\":\"https:\\\/\\\/zeromagazine.mx\\\/wp-content\\\/litespeed\\\/avatar\\\/f91dfe5410d5dcb1a576bf8c45983896.jpg?ver=1776966396\",\"caption\":\"zeromagazinemx\"},\"url\":\"https:\\\/\\\/zeromagazine.mx\\\/index.php\\\/author\\\/zeromagazinemx\\\/\"}]}<\/script>\n<!-- \/ Yoast SEO plugin. -->","yoast_head_json":{"title":"The Weeknd presenta \u201cTake My Breath\u201d - Zero Magazine","robots":{"index":"index","follow":"follow","max-snippet":"max-snippet:-1","max-image-preview":"max-image-preview:large","max-video-preview":"max-video-preview:-1"},"canonical":"https:\/\/zeromagazine.mx\/index.php\/2021\/08\/06\/the-weeknd-presenta-take-my-breath\/","og_locale":"es_ES","og_type":"article","og_title":"The Weeknd presenta \u201cTake My Breath\u201d - Zero Magazine","og_description":"The Weeknd lanza su nuevo sencillo, el primero de su pr\u00f3ximo \u00e1lbum como se anunci\u00f3 en su portada de GQ esta semana. The Weeknd nos dio el primer adelanto de lo que ser\u00e1 su nuevo \u00e1lbum en donde nuevamente vuelve a evolucionar su sonido y talento para contar historias a trav\u00e9s de su m\u00fasica. El [&hellip;]","og_url":"https:\/\/zeromagazine.mx\/index.php\/2021\/08\/06\/the-weeknd-presenta-take-my-breath\/","og_site_name":"Zero Magazine","article_published_time":"2021-08-06T22:28:54+00:00","author":"zeromagazinemx","twitter_card":"summary_large_image","twitter_misc":{"Escrito por":"zeromagazinemx","Tiempo de lectura":"1 minuto"},"schema":{"@context":"https:\/\/schema.org","@graph":[{"@type":"Article","@id":"https:\/\/zeromagazine.mx\/index.php\/2021\/08\/06\/the-weeknd-presenta-take-my-breath\/#article","isPartOf":{"@id":"https:\/\/zeromagazine.mx\/index.php\/2021\/08\/06\/the-weeknd-presenta-take-my-breath\/"},"author":{"name":"zeromagazinemx","@id":"https:\/\/zeromagazine.mx\/#\/schema\/person\/9aed9f33a7c39af3a348b86d723f7773"},"headline":"The Weeknd presenta \u201cTake My Breath\u201d","datePublished":"2021-08-06T22:28:54+00:00","mainEntityOfPage":{"@id":"https:\/\/zeromagazine.mx\/index.php\/2021\/08\/06\/the-weeknd-presenta-take-my-breath\/"},"wordCount":278,"commentCount":0,"publisher":{"@id":"https:\/\/zeromagazine.mx\/#organization"},"image":{"@id":"https:\/\/zeromagazine.mx\/index.php\/2021\/08\/06\/the-weeknd-presenta-take-my-breath\/#primaryimage"},"thumbnailUrl":"","keywords":["GQ","Juegos Ol\u00edmpicos","RIAA","Sencillo","Take My Breath","The Weeknd"],"articleSection":["Entretenimiento"],"inLanguage":"es","potentialAction":[{"@type":"CommentAction","name":"Comment","target":["https:\/\/zeromagazine.mx\/index.php\/2021\/08\/06\/the-weeknd-presenta-take-my-breath\/#respond"]}]},{"@type":"WebPage","@id":"https:\/\/zeromagazine.mx\/index.php\/2021\/08\/06\/the-weeknd-presenta-take-my-breath\/","url":"https:\/\/zeromagazine.mx\/index.php\/2021\/08\/06\/the-weeknd-presenta-take-my-breath\/","name":"The Weeknd presenta \u201cTake My Breath\u201d - Zero Magazine","isPartOf":{"@id":"https:\/\/zeromagazine.mx\/#website"},"primaryImageOfPage":{"@id":"https:\/\/zeromagazine.mx\/index.php\/2021\/08\/06\/the-weeknd-presenta-take-my-breath\/#primaryimage"},"image":{"@id":"https:\/\/zeromagazine.mx\/index.php\/2021\/08\/06\/the-weeknd-presenta-take-my-breath\/#primaryimage"},"thumbnailUrl":"","datePublished":"2021-08-06T22:28:54+00:00","breadcrumb":{"@id":"https:\/\/zeromagazine.mx\/index.php\/2021\/08\/06\/the-weeknd-presenta-take-my-breath\/#breadcrumb"},"inLanguage":"es","potentialAction":[{"@type":"ReadAction","target":["https:\/\/zeromagazine.mx\/index.php\/2021\/08\/06\/the-weeknd-presenta-take-my-breath\/"]}]},{"@type":"ImageObject","inLanguage":"es","@id":"https:\/\/zeromagazine.mx\/index.php\/2021\/08\/06\/the-weeknd-presenta-take-my-breath\/#primaryimage","url":"","contentUrl":""},{"@type":"BreadcrumbList","@id":"https:\/\/zeromagazine.mx\/index.php\/2021\/08\/06\/the-weeknd-presenta-take-my-breath\/#breadcrumb","itemListElement":[{"@type":"ListItem","position":1,"name":"Portada","item":"https:\/\/zeromagazine.mx\/"},{"@type":"ListItem","position":2,"name":"The Weeknd presenta \u201cTake My Breath\u201d"}]},{"@type":"WebSite","@id":"https:\/\/zeromagazine.mx\/#website","url":"https:\/\/zeromagazine.mx\/","name":"Zero Magazine","description":"","publisher":{"@id":"https:\/\/zeromagazine.mx\/#organization"},"potentialAction":[{"@type":"SearchAction","target":{"@type":"EntryPoint","urlTemplate":"https:\/\/zeromagazine.mx\/?s={search_term_string}"},"query-input":{"@type":"PropertyValueSpecification","valueRequired":true,"valueName":"search_term_string"}}],"inLanguage":"es"},{"@type":"Organization","@id":"https:\/\/zeromagazine.mx\/#organization","name":"Zero Magazine","url":"https:\/\/zeromagazine.mx\/","logo":{"@type":"ImageObject","inLanguage":"es","@id":"https:\/\/zeromagazine.mx\/#\/schema\/logo\/image\/","url":"https:\/\/i0.wp.com\/zeromagazine.mx\/wp-content\/uploads\/2025\/11\/1.jpeg?fit=1000%2C1000&ssl=1","contentUrl":"https:\/\/i0.wp.com\/zeromagazine.mx\/wp-content\/uploads\/2025\/11\/1.jpeg?fit=1000%2C1000&ssl=1","width":1000,"height":1000,"caption":"Zero Magazine"},"image":{"@id":"https:\/\/zeromagazine.mx\/#\/schema\/logo\/image\/"},"sameAs":["https:\/\/instagram.com\/zeromagazinemx"]},{"@type":"Person","@id":"https:\/\/zeromagazine.mx\/#\/schema\/person\/9aed9f33a7c39af3a348b86d723f7773","name":"zeromagazinemx","image":{"@type":"ImageObject","inLanguage":"es","@id":"https:\/\/zeromagazine.mx\/wp-content\/litespeed\/avatar\/f91dfe5410d5dcb1a576bf8c45983896.jpg?ver=1776966396","url":"https:\/\/zeromagazine.mx\/wp-content\/litespeed\/avatar\/f91dfe5410d5dcb1a576bf8c45983896.jpg?ver=1776966396","contentUrl":"https:\/\/zeromagazine.mx\/wp-content\/litespeed\/avatar\/f91dfe5410d5dcb1a576bf8c45983896.jpg?ver=1776966396","caption":"zeromagazinemx"},"url":"https:\/\/zeromagazine.mx\/index.php\/author\/zeromagazinemx\/"}]}},"jetpack_publicize_connections":[],"jetpack_featured_media_url":"","jetpack-related-posts":[{"id":57521,"url":"https:\/\/zeromagazine.mx\/index.php\/2021\/11\/05\/post-malone-y-the-weeknd-lanzan-un-nuevo-single-titulado-one-right-now-a-traves-de-republic-records\/","url_meta":{"origin":51742,"position":0},"title":"Post Malone y The Weeknd lanzan un nuevo single titulado \u00abOne Right Now\u00bb a trav\u00e9s de Republic Records","author":"zeromagazinemx","date":"5 de noviembre de 2021","format":false,"excerpt":"La canci\u00f3n marca en particular la primera colaboraci\u00f3n oficial entre los dos artistas certificados con diamantes de la RIAA. Producida por Louis Bell, Brian Lee y Andrew Bolooki, \"One Right Now\" une a dos de las voces m\u00e1s importantes de la m\u00fasica popular en la colaboraci\u00f3n m\u00e1s grande del a\u00f1o.\u2026","rel":"","context":"En \u00abEntretenimiento\u00bb","block_context":{"text":"Entretenimiento","link":"https:\/\/zeromagazine.mx\/index.php\/category\/entretenimiento\/"},"img":{"alt_text":"","src":"","width":0,"height":0},"classes":[]},{"id":47411,"url":"https:\/\/zeromagazine.mx\/index.php\/2021\/06\/11\/anthony-ramos-anuncia-su-esperado-segundo-album-y-lanza-echale-ya-disponible-en-plataformas\/","url_meta":{"origin":51742,"position":1},"title":"Anthony Ramos anuncia su esperado segundo \u00e1lbum y lanza \u201c\u00c9chale\u201d, ya disponible en plataformas","author":"zeromagazinemx","date":"11 de junio de 2021","format":false,"excerpt":"\u201c\u00c9chale\u201d una canci\u00f3n perfecta para este verano por el artista y actor Anthony Ramos, la canci\u00f3n acompa\u00f1a el anuncio del lanzamiento de su nuevo \u00e1lbum \u201cLove and Lies\u201d por Moises Kushelevich Anthony anunci\u00f3 que el 25 de junio saldr\u00e1 su nuevo \u00e1lbum \u201cLove and Lies\u201d y con esto, lanz\u00f3 \u201c\u00c9chale\u201d\u2026","rel":"","context":"En \u00abEntretenimiento\u00bb","block_context":{"text":"Entretenimiento","link":"https:\/\/zeromagazine.mx\/index.php\/category\/entretenimiento\/"},"img":{"alt_text":"","src":"","width":0,"height":0},"classes":[]},{"id":57467,"url":"https:\/\/zeromagazine.mx\/index.php\/2021\/11\/05\/jorge-blanco-nos-presenta-al-fin-su-sencillo-bad-karma\/","url_meta":{"origin":51742,"position":2},"title":"Jorge Blanco nos presenta al fin su sencillo \u2018Bad Karma\u2019","author":"zeromagazinemx","date":"5 de noviembre de 2021","format":false,"excerpt":"El artista multiplatino, con el que la mayor\u00eda de los j\u00f3venes crecimos viendo su paso televisivo, Jorge Blanco, estrena al fin su sencillo producido y grabado en el 2017, \u2018Bad Karma\u2019.\u00a0 https:\/\/www.instagram.com\/p\/CVmW5FcL8Ip\/?utm_medium=copy_link Por Kirya Hery Tras varios a\u00f1os en el que qued\u00f3 postergado, este sencillo oscuro y cr\u00edtico, fue escuchado\u2026","rel":"","context":"En \u00abEntretenimiento\u00bb","block_context":{"text":"Entretenimiento","link":"https:\/\/zeromagazine.mx\/index.php\/category\/entretenimiento\/"},"img":{"alt_text":"","src":"","width":0,"height":0},"classes":[]},{"id":107447,"url":"https:\/\/zeromagazine.mx\/index.php\/2025\/08\/22\/ed-sheeran-a-little-more-mexico\/","url_meta":{"origin":51742,"position":3},"title":"Ed Sheeran estrena \u201cA Little More\u201d&nbsp;en M\u00e9xico","author":"David Morales","date":"22 de agosto de 2025","format":false,"excerpt":"Para empezar, Ed Sheeran nos regal\u00f3 un momento m\u00e1gico desde la CDMX con el estreno del video en vivo de \u201cA Little More\u201d, grabado nada m\u00e1s y nada menos que en La Cuadra San Crist\u00f3bal, la ic\u00f3nica obra arquitect\u00f3nica de Luis Barrag\u00e1n. Entre muros coloridos y vibes modernistas, el brit\u00e1nico\u2026","rel":"","context":"En \u00abBlog\u00bb","block_context":{"text":"Blog","link":"https:\/\/zeromagazine.mx\/index.php\/category\/blog\/"},"img":{"alt_text":"","src":"https:\/\/i0.wp.com\/zeromagazine.mx\/wp-content\/uploads\/2025\/08\/edsheeran_alittlemore_livemexico4k_final_improvedbitrate.00_02_49_12.still003.jpg?fit=1200%2C675&ssl=1&resize=350%2C200","width":350,"height":200,"srcset":"https:\/\/i0.wp.com\/zeromagazine.mx\/wp-content\/uploads\/2025\/08\/edsheeran_alittlemore_livemexico4k_final_improvedbitrate.00_02_49_12.still003.jpg?fit=1200%2C675&ssl=1&resize=350%2C200 1x, https:\/\/i0.wp.com\/zeromagazine.mx\/wp-content\/uploads\/2025\/08\/edsheeran_alittlemore_livemexico4k_final_improvedbitrate.00_02_49_12.still003.jpg?fit=1200%2C675&ssl=1&resize=525%2C300 1.5x, https:\/\/i0.wp.com\/zeromagazine.mx\/wp-content\/uploads\/2025\/08\/edsheeran_alittlemore_livemexico4k_final_improvedbitrate.00_02_49_12.still003.jpg?fit=1200%2C675&ssl=1&resize=700%2C400 2x, https:\/\/i0.wp.com\/zeromagazine.mx\/wp-content\/uploads\/2025\/08\/edsheeran_alittlemore_livemexico4k_final_improvedbitrate.00_02_49_12.still003.jpg?fit=1200%2C675&ssl=1&resize=1050%2C600 3x"},"classes":[]},{"id":77690,"url":"https:\/\/zeromagazine.mx\/index.php\/2024\/06\/11\/max-vibra-al-ritmo-de-tus-artistas-favoritos-conciertos-y-producciones-musicales-que-te-haran-bailar\/","url_meta":{"origin":51742,"position":4},"title":"MAX Vibra al Ritmo de Tus Artistas Favoritos: \u00a1Conciertos y Producciones Musicales que Te Har\u00e1n Bailar","author":"zeromagazinemx","date":"11 de junio de 2024","format":false,"excerpt":"\u00bfEst\u00e1n listes para sumergirse en el vibrante universo de la m\u00fasica? Con Max, \u00a1preparaos para un viaje alucinante lleno de conciertos, documentales y producciones que te har\u00e1n cantar y bailar sin parar! Ahora, echemos un vistazo m\u00e1s de cerca a lo que Max tiene para ofrecer. \u00bfListos para conocer los\u2026","rel":"","context":"En \u00abBlog\u00bb","block_context":{"text":"Blog","link":"https:\/\/zeromagazine.mx\/index.php\/category\/blog\/"},"img":{"alt_text":"","src":"https:\/\/i0.wp.com\/zeromagazine.mx\/wp-content\/uploads\/2024\/06\/Believe200-scaled.jpg?fit=1200%2C798&ssl=1&resize=350%2C200","width":350,"height":200,"srcset":"https:\/\/i0.wp.com\/zeromagazine.mx\/wp-content\/uploads\/2024\/06\/Believe200-scaled.jpg?fit=1200%2C798&ssl=1&resize=350%2C200 1x, https:\/\/i0.wp.com\/zeromagazine.mx\/wp-content\/uploads\/2024\/06\/Believe200-scaled.jpg?fit=1200%2C798&ssl=1&resize=525%2C300 1.5x, https:\/\/i0.wp.com\/zeromagazine.mx\/wp-content\/uploads\/2024\/06\/Believe200-scaled.jpg?fit=1200%2C798&ssl=1&resize=700%2C400 2x, https:\/\/i0.wp.com\/zeromagazine.mx\/wp-content\/uploads\/2024\/06\/Believe200-scaled.jpg?fit=1200%2C798&ssl=1&resize=1050%2C600 3x"},"classes":[]},{"id":113019,"url":"https:\/\/zeromagazine.mx\/index.php\/2026\/01\/09\/bruno-mars-regresa-album-2026\/","url_meta":{"origin":51742,"position":5},"title":"Bruno Mars regresa con nuevo \u00e1lbum","author":"David Morales","date":"9 de enero de 2026","format":false,"excerpt":"Despu\u00e9s de una d\u00e9cada sin un proyecto en solitario, la espera termin\u00f3.\u00a0Bruno Mars regresa \u00e1lbum\u00a0y lo hace con\u00a0The Romantic, un disco que promete marcar una nueva etapa en su carrera y que ya tiene fecha oficial de lanzamiento: 27 de febrero. El anuncio no solo encendi\u00f3 las redes, tambi\u00e9n confirm\u00f3\u2026","rel":"","context":"En \u00abEntretenimiento\u00bb","block_context":{"text":"Entretenimiento","link":"https:\/\/zeromagazine.mx\/index.php\/category\/entretenimiento\/"},"img":{"alt_text":"","src":"https:\/\/i0.wp.com\/zeromagazine.mx\/wp-content\/uploads\/2026\/01\/image.jpeg?fit=1200%2C503&ssl=1&resize=350%2C200","width":350,"height":200,"srcset":"https:\/\/i0.wp.com\/zeromagazine.mx\/wp-content\/uploads\/2026\/01\/image.jpeg?fit=1200%2C503&ssl=1&resize=350%2C200 1x, https:\/\/i0.wp.com\/zeromagazine.mx\/wp-content\/uploads\/2026\/01\/image.jpeg?fit=1200%2C503&ssl=1&resize=525%2C300 1.5x, https:\/\/i0.wp.com\/zeromagazine.mx\/wp-content\/uploads\/2026\/01\/image.jpeg?fit=1200%2C503&ssl=1&resize=700%2C400 2x, https:\/\/i0.wp.com\/zeromagazine.mx\/wp-content\/uploads\/2026\/01\/image.jpeg?fit=1200%2C503&ssl=1&resize=1050%2C600 3x"},"classes":[]}],"jetpack_sharing_enabled":true,"builder_content":"","_links":{"self":[{"href":"https:\/\/zeromagazine.mx\/index.php\/wp-json\/wp\/v2\/posts\/51742","targetHints":{"allow":["GET"]}}],"collection":[{"href":"https:\/\/zeromagazine.mx\/index.php\/wp-json\/wp\/v2\/posts"}],"about":[{"href":"https:\/\/zeromagazine.mx\/index.php\/wp-json\/wp\/v2\/types\/post"}],"author":[{"embeddable":true,"href":"https:\/\/zeromagazine.mx\/index.php\/wp-json\/wp\/v2\/users\/2"}],"replies":[{"embeddable":true,"href":"https:\/\/zeromagazine.mx\/index.php\/wp-json\/wp\/v2\/comments?post=51742"}],"version-history":[{"count":0,"href":"https:\/\/zeromagazine.mx\/index.php\/wp-json\/wp\/v2\/posts\/51742\/revisions"}],"wp:featuredmedia":[{"embeddable":true,"href":"https:\/\/zeromagazine.mx\/index.php\/wp-json\/"}],"wp:attachment":[{"href":"https:\/\/zeromagazine.mx\/index.php\/wp-json\/wp\/v2\/media?parent=51742"}],"wp:term":[{"taxonomy":"category","embeddable":true,"href":"https:\/\/zeromagazine.mx\/index.php\/wp-json\/wp\/v2\/categories?post=51742"},{"taxonomy":"post_tag","embeddable":true,"href":"https:\/\/zeromagazine.mx\/index.php\/wp-json\/wp\/v2\/tags?post=51742"}],"curies":[{"name":"wp","href":"https:\/\/api.w.org\/{rel}","templated":true}]}}