{"id":51832,"date":"2021-08-09T13:00:00","date_gmt":"2021-08-09T18:00:00","guid":{"rendered":"https:\/\/atomic-temporary-84115225.wpcomstaging.com\/?p=51832"},"modified":"2021-08-09T13:00:00","modified_gmt":"2021-08-09T18:00:00","slug":"patricio-gallardo-y-su-personaje-de-gerry-en-control-z","status":"publish","type":"post","link":"https:\/\/zeromagazine.mx\/index.php\/2021\/08\/09\/patricio-gallardo-y-su-personaje-de-gerry-en-control-z\/","title":{"rendered":"Patricio Gallardo y su personaje de Gerry en \u00abControl Z\u00bb"},"content":{"rendered":"\n<p>Originario de la Ciudad de M\u00e9xico, \u00e9l es <strong>Patricio Gallardo<\/strong>, a sus 16 a\u00f1os decidi\u00f3 perseguir su sue\u00f1o por la actuaci\u00f3n obteniendo su primer proyecto en \u201c<strong><em>Lucho en Familia<\/em><\/strong>\u201d\u00a0para <strong>Coraz\u00f3n Films<\/strong> y <strong>Tv Azteca<\/strong>, desde entonces lo hemos visto en incre\u00edbles series como <strong><em>Silvana Sin Lana<\/em><\/strong> para <strong>Telemundo <\/strong>donde interpret\u00f3 a <em>Jorge Gallardo<\/em>,\u00a0 <strong><em>11-11: En mi cuadra nada cuadra<\/em><\/strong> para <strong>Nickelodeon Latinoam\u00e9rica<\/strong> con la que obtuvo su primer protag\u00f3nico y una nominaci\u00f3n como <strong><em>Actor Favorito<\/em><\/strong> en los <strong>Kids Choice Awards 2013<\/strong>, y m\u00e1s recientemente lo recordamos por exitosa serie de <strong>Netflix <\/strong><strong><em>Control Z <\/em><\/strong>donde Patricio le da vida <em>Gerry Granda<\/em>.<\/p>\n\n\n\n<ul class=\"wp-block-list\"><li><strong><em>Fot\u00f3grafo:<\/em><\/strong>\u00a0<em>Daniel Garc\u00eda<\/em>\u00a0<em>(<\/em><em><a href=\"https:\/\/www.instagram.com\/heydaniel_garcia\/\">@heydaniel_garcia<\/a><\/em><em>)<\/em><\/li><li><strong><em>Styling:<\/em><\/strong>\u00a0<em>David Morales (<\/em><em><a href=\"https:\/\/www.instagram.com\/elpoderosodave\/\">@elpoderosodave<\/a><\/em><em>)<\/em><\/li><li><strong><em>Grooming:<\/em><\/strong>\u00a0<em>Julio Cesar Le\u00f3n<\/em>\u00a0<em>(<\/em><em><a href=\"https:\/\/www.instagram.com\/julio_cesar_leon\/\">@julio_cesar_leon<\/a><\/em><em>)<\/em><\/li><li><em><strong>Locacion: <\/strong><\/em><em>Amnes!a<\/em>\u00a0<em><a href=\"https:\/\/www.instagram.com\/mx.amnesia\/\">@mx.amnesia<\/a><\/em><\/li><\/ul>\n\n\n\n<div class=\"wp-block-image coblocks-animate\"><figure class=\"aligncenter size-large\"><a href=\"https:\/\/i0.wp.com\/zeromagazinemx.wpcomstaging.com\/wp-content\/uploads\/2022\/02\/8722f-img_4520.png?ssl=1\"><img data-recalc-dims=\"1\" decoding=\"async\" src=\"https:\/\/i0.wp.com\/zeromagazinemx.wpcomstaging.com\/wp-content\/uploads\/2022\/02\/8722f-img_4520.png?w=1165&#038;ssl=1\" alt=\"\" class=\"wp-image-51835\" \/><\/a><\/figure><\/div>\n\n\n\n<div class=\"wp-block-buttons is-layout-flex wp-block-buttons-is-layout-flex\">\n<div class=\"wp-block-button is-style-outline is-style-outline--1\"><a class=\"wp-block-button__link\"> Por Christopher Rodr\u00edguez Due\u00f1as <\/a><\/div>\n<\/div>\n\n\n\n<p>Ahora <strong><em>Control Z<\/em><\/strong> anuncia su segunda temporada y todos estamos ansiosos de verla, <strong>Patricio Gallardo<\/strong> platic\u00f3 con <strong><em>Zero Magazine Mx<\/em><\/strong> y nos cuenta m\u00e1s sobre este incre\u00edble proyecto y tambi\u00e9n de su gran carrera.<\/p>\n\n\n\n<div style=\"height:10px;\" aria-hidden=\"true\" class=\"wp-block-spacer\"><\/div>\n\n\n\n<p><strong>\u00bfC\u00f3mo fue que entraste al mundo de la actuaci\u00f3n?<\/strong><\/p>\n\n\n\n<p>La verdad es que siempre estuve como de alguna manera interesado en este mundo, de chiquitito hice una novela pero despu\u00e9s mi mam\u00e1 decidi\u00f3 que ese mundo no era bueno para mi siendo yo tan chico y me saco pero siempre estuvo en mi cabeza el querer ser actor, el querer hacer castings, pero en ese tiempo mi mam\u00e1 simplemente me dec\u00eda que no, que estaba muy chiquito, despu\u00e9s aprend\u00ed a tocar guitarra y tuve una \u00e9poca muy grande donde quise ser m\u00fasico y ya como a los 17 a\u00f1os, ahora lo veo muy chistoso, por que como que me deprim\u00ed pensando que no hab\u00eda hecho nada de mi vida, estaba muy chico y yo pensado ya que se me hab\u00eda terminado la vida, entonces platicando con un amigo le dec\u00eda <em>\u201ces que no se si quiero hacer m\u00fasica o quiero hacer esto\u201d<\/em> y \u00e9l me dijo <em>\u201cintenta una y si no te gusta te vas a la otra\u201d<\/em> entonces intente actuaci\u00f3n y me empez\u00f3 a ir bien, me empez\u00f3 a encantar y cada vez me he enamorado m\u00e1s de esto la verdad.<\/p>\n\n\n\n<p><strong>\u00bfQu\u00e9 es lo que m\u00e1s te gusta de ser actor?<\/strong><\/p>\n\n\n\n<p>Yo creo que el servicio que de alguna manera le haces a la gente, no s\u00e9, nos gusta ver tantas pel\u00edculas y series porque nos gusta ver gente que se atreve a hacer cosas que nosotros no, o sea, se atreven a sentir, se atreven a llorar, se atreven a destruirse, a desnudarse frente de la c\u00e1mara y no me refiero a ropa, creo que eso es lo que m\u00e1s me gusta, la vulnerabilidad o terap\u00e9utico que puede llegar a ser, porque sacas muchas cosas ah\u00ed y el hecho de que inspiras y le llegas a mucha gente, eso me encanta.<\/p>\n\n\n\n<div class=\"wp-block-image coblocks-animate\"><figure class=\"aligncenter size-large\"><a href=\"https:\/\/i0.wp.com\/zeromagazinemx.wpcomstaging.com\/wp-content\/uploads\/2022\/02\/d1370-3-1.jpg-1.jpg?ssl=1\"><img data-recalc-dims=\"1\" decoding=\"async\" src=\"https:\/\/i0.wp.com\/zeromagazinemx.wpcomstaging.com\/wp-content\/uploads\/2022\/02\/d1370-3-1.jpg-1.jpg?w=1165&#038;ssl=1\" alt=\"\" class=\"wp-image-51842\" \/><\/a><\/figure><\/div>\n\n\n\n\n\n<p><strong>\u00bfHay algo en tu carrera que no hayas hecho y te gustar\u00eda hacer?<\/strong><\/p>\n\n\n\n<p>Si claro, yo creo que apenas estoy empezando, la verdad es que quisiera crecer mucho m\u00e1s en el mercado Mexicano con pel\u00edculas y series, tambi\u00e9n me falta explorar mercados internacionales que es mi objetivo y si quiero ser conocido como un actor en forma, no solamente como alguien que sali\u00f3 en una serie y ya.<\/p>\n\n\n\n<p><strong>\u00bfQu\u00e9 retos te ha tra\u00eddo el interpretar a Gerry Granda?<\/strong><\/p>\n\n\n\n<p>La verdad es que ambas temporadas fueron complicadas, la primera fue complicada porque apenas empec\u00e9 a conocer al personaje y si pens\u00e9 que la primera fue complicada la segunda temporada fue un reto muy muy grande, fue una temporada donde experimente emociones de todo tipo y a veces emociones que me abrumaban de alguna manera, pero sal\u00ed adelante, Gerry ha sido el personaje que m\u00e1s me ha retado y el que m\u00e1s me ha llevado a lugares muy profundos e alguna manera dentro de m\u00ed, lo agradezco mucho pero complicado si ha sido la verdad.<\/p>\n\n\n\n<div class=\"wp-block-image coblocks-animate\"><figure class=\"aligncenter size-large\"><a href=\"https:\/\/i0.wp.com\/zeromagazinemx.wpcomstaging.com\/wp-content\/uploads\/2022\/02\/28954-4.jpg.jpg?ssl=1\"><img data-recalc-dims=\"1\" decoding=\"async\" src=\"https:\/\/i0.wp.com\/zeromagazinemx.wpcomstaging.com\/wp-content\/uploads\/2022\/02\/28954-4.jpg.jpg?w=1165&#038;ssl=1\" alt=\"\" class=\"wp-image-51844\" \/><\/a><\/figure><\/div>\n\n\n\n\n\n<p><strong>\u00bfNos puedes adelantar algo de esta nueva temporada de Control Z?<\/strong><\/p>\n\n\n\n<p>Es la temporada en donde caen las consecuencias de todos los actos que hicieron en la primera temporada, y hablando de Gerry le dispar\u00f3 a uno y mat\u00f3 a otro, entonces trae todo en la cabeza, est\u00e1 corriendo, est\u00e1 escapando, no se sabe en d\u00f3nde est\u00e1, obviamente no puede hablar con su familia, no puede hablar con su mam\u00e1 ni con su pap\u00e1, no tiene amigos, est\u00e1 perdido f\u00edsicamente y tambi\u00e9n est\u00e1 perdido \u00e9l en su vida digamos, es una temporada de mucho, mucho m\u00e1s acci\u00f3n, de suspenso, me encanta que todos los personajes crecen much\u00edsimo, van a verlos a todos con un marco y una profundidad que no se vio en la primera, con problemas m\u00e1s humanos y tenemos un vengador, alguien que quiere vengar la muerte de Luis, entonces est\u00e1 exigi\u00e9ndole a la gente que le entreguen a Gerry, pero nadie sabe d\u00f3nde est\u00e1n Gerry, entonces por ah\u00ed va la cosa.<\/p>\n\n\n\n<p><strong>Invita a la gente a que vea Control Z segunda temporada.&nbsp;<\/strong><\/p>\n\n\n\n<p>Chavos, yo soy<strong> Patricio Gallardo<\/strong>, interpret\u00f3 a <em>Gerry <\/em>en <strong><em>Control Z<\/em><\/strong>, el 4 de Agosto se estren\u00f3 la segunda temporada de esta serie, si te gusto la primera temporada, esta te va a gustar mucho m\u00e1s y si no has visto la primera ve a verla y luego \u00e9chate esta, les mando un beso.<\/p>\n\n\n\n<div class=\"wp-block-image coblocks-animate\"><figure class=\"aligncenter size-large\"><a href=\"https:\/\/i0.wp.com\/zeromagazinemx.wpcomstaging.com\/wp-content\/uploads\/2022\/02\/314d8-5.jpg.jpg?ssl=1\"><img data-recalc-dims=\"1\" decoding=\"async\" src=\"https:\/\/i0.wp.com\/zeromagazinemx.wpcomstaging.com\/wp-content\/uploads\/2022\/02\/314d8-5.jpg.jpg?w=1165&#038;ssl=1\" alt=\"\" class=\"wp-image-51847\" \/><\/a><\/figure><\/div>\n\n\n\n\n\n<p class=\"has-text-align-center\"><strong>Sigue a Patricio Gallardo en:<\/strong><\/p>\n\n\n\n<p class=\"has-text-align-center\"><strong>Instagram:<\/strong> @patriciogallardo_ | <strong>Twitter:<\/strong> @PatriciooGallar | <strong>Facebook:<\/strong> Patricio Gallardo<\/p>\n\n\n<!--themify_builder_content-->\n<div id=\"themify_builder_content-51832\" data-postid=\"51832\" class=\"themify_builder_content themify_builder_content-51832 themify_builder tf_clear\">\n    <\/div>\n<!--\/themify_builder_content-->\n","protected":false},"excerpt":{"rendered":"<p>Originario de la Ciudad de M\u00e9xico, \u00e9l es Patricio Gallardo, a sus 16 a\u00f1os decidi\u00f3 perseguir su sue\u00f1o por la actuaci\u00f3n obteniendo su primer proyecto en \u201cLucho en Familia\u201d\u00a0para Coraz\u00f3n Films y Tv Azteca, desde entonces lo hemos visto en incre\u00edbles series como Silvana Sin Lana para Telemundo donde interpret\u00f3 a Jorge Gallardo,\u00a0 11-11: En [&hellip;]<\/p>\n","protected":false},"author":2,"featured_media":51837,"comment_status":"open","ping_status":"open","sticky":false,"template":"","format":"standard","meta":{"_jetpack_memberships_contains_paid_content":false,"footnotes":"","jetpack_publicize_message":"#Portada | Patricio Gallardo y su personaje de Gerry en \"Control Z\"","jetpack_publicize_feature_enabled":true,"jetpack_social_post_already_shared":true,"jetpack_social_options":{"image_generator_settings":{"template":"highway","default_image_id":0,"font":"","enabled":false},"version":2}},"categories":[91,98,100],"tags":[],"class_list":["post-51832","post","type-post","status-publish","format-standard","has-post-thumbnail","hentry","category-entrevistas","category-portada","category-revista","has-post-title","has-post-date","has-post-category","has-post-tag","has-post-comment","has-post-author",""],"yoast_head":"<!-- This site is optimized with the Yoast SEO plugin v27.4 - https:\/\/yoast.com\/product\/yoast-seo-wordpress\/ -->\n<title>Patricio Gallardo y su personaje de Gerry en &quot;Control Z&quot; - Zero Magazine<\/title>\n<meta name=\"robots\" content=\"index, follow, max-snippet:-1, max-image-preview:large, max-video-preview:-1\" \/>\n<link rel=\"canonical\" href=\"https:\/\/zeromagazine.mx\/index.php\/2021\/08\/09\/patricio-gallardo-y-su-personaje-de-gerry-en-control-z\/\" \/>\n<meta property=\"og:locale\" content=\"es_ES\" \/>\n<meta property=\"og:type\" content=\"article\" \/>\n<meta property=\"og:title\" content=\"Patricio Gallardo y su personaje de Gerry en &quot;Control Z&quot; - Zero Magazine\" \/>\n<meta property=\"og:description\" content=\"Originario de la Ciudad de M\u00e9xico, \u00e9l es Patricio Gallardo, a sus 16 a\u00f1os decidi\u00f3 perseguir su sue\u00f1o por la actuaci\u00f3n obteniendo su primer proyecto en \u201cLucho en Familia\u201d\u00a0para Coraz\u00f3n Films y Tv Azteca, desde entonces lo hemos visto en incre\u00edbles series como Silvana Sin Lana para Telemundo donde interpret\u00f3 a Jorge Gallardo,\u00a0 11-11: En [&hellip;]\" \/>\n<meta property=\"og:url\" content=\"https:\/\/zeromagazine.mx\/index.php\/2021\/08\/09\/patricio-gallardo-y-su-personaje-de-gerry-en-control-z\/\" \/>\n<meta property=\"og:site_name\" content=\"Zero Magazine\" \/>\n<meta property=\"article:published_time\" content=\"2021-08-09T18:00:00+00:00\" \/>\n<meta name=\"author\" content=\"zeromagazinemx\" \/>\n<meta name=\"twitter:card\" content=\"summary_large_image\" \/>\n<meta name=\"twitter:label1\" content=\"Escrito por\" \/>\n\t<meta name=\"twitter:data1\" content=\"zeromagazinemx\" \/>\n\t<meta name=\"twitter:label2\" content=\"Tiempo de lectura\" \/>\n\t<meta name=\"twitter:data2\" content=\"5 minutos\" \/>\n<script type=\"application\/ld+json\" class=\"yoast-schema-graph\">{\"@context\":\"https:\\\/\\\/schema.org\",\"@graph\":[{\"@type\":\"Article\",\"@id\":\"https:\\\/\\\/zeromagazine.mx\\\/index.php\\\/2021\\\/08\\\/09\\\/patricio-gallardo-y-su-personaje-de-gerry-en-control-z\\\/#article\",\"isPartOf\":{\"@id\":\"https:\\\/\\\/zeromagazine.mx\\\/index.php\\\/2021\\\/08\\\/09\\\/patricio-gallardo-y-su-personaje-de-gerry-en-control-z\\\/\"},\"author\":{\"name\":\"zeromagazinemx\",\"@id\":\"https:\\\/\\\/zeromagazine.mx\\\/#\\\/schema\\\/person\\\/9aed9f33a7c39af3a348b86d723f7773\"},\"headline\":\"Patricio Gallardo y su personaje de Gerry en \u00abControl Z\u00bb\",\"datePublished\":\"2021-08-09T18:00:00+00:00\",\"mainEntityOfPage\":{\"@id\":\"https:\\\/\\\/zeromagazine.mx\\\/index.php\\\/2021\\\/08\\\/09\\\/patricio-gallardo-y-su-personaje-de-gerry-en-control-z\\\/\"},\"wordCount\":938,\"commentCount\":0,\"publisher\":{\"@id\":\"https:\\\/\\\/zeromagazine.mx\\\/#organization\"},\"image\":{\"@id\":\"https:\\\/\\\/zeromagazine.mx\\\/index.php\\\/2021\\\/08\\\/09\\\/patricio-gallardo-y-su-personaje-de-gerry-en-control-z\\\/#primaryimage\"},\"thumbnailUrl\":\"\",\"articleSection\":[\"Entrevistas\",\"Portada\",\"Revista\"],\"inLanguage\":\"es\",\"potentialAction\":[{\"@type\":\"CommentAction\",\"name\":\"Comment\",\"target\":[\"https:\\\/\\\/zeromagazine.mx\\\/index.php\\\/2021\\\/08\\\/09\\\/patricio-gallardo-y-su-personaje-de-gerry-en-control-z\\\/#respond\"]}]},{\"@type\":\"WebPage\",\"@id\":\"https:\\\/\\\/zeromagazine.mx\\\/index.php\\\/2021\\\/08\\\/09\\\/patricio-gallardo-y-su-personaje-de-gerry-en-control-z\\\/\",\"url\":\"https:\\\/\\\/zeromagazine.mx\\\/index.php\\\/2021\\\/08\\\/09\\\/patricio-gallardo-y-su-personaje-de-gerry-en-control-z\\\/\",\"name\":\"Patricio Gallardo y su personaje de Gerry en \\\"Control Z\\\" - Zero Magazine\",\"isPartOf\":{\"@id\":\"https:\\\/\\\/zeromagazine.mx\\\/#website\"},\"primaryImageOfPage\":{\"@id\":\"https:\\\/\\\/zeromagazine.mx\\\/index.php\\\/2021\\\/08\\\/09\\\/patricio-gallardo-y-su-personaje-de-gerry-en-control-z\\\/#primaryimage\"},\"image\":{\"@id\":\"https:\\\/\\\/zeromagazine.mx\\\/index.php\\\/2021\\\/08\\\/09\\\/patricio-gallardo-y-su-personaje-de-gerry-en-control-z\\\/#primaryimage\"},\"thumbnailUrl\":\"\",\"datePublished\":\"2021-08-09T18:00:00+00:00\",\"breadcrumb\":{\"@id\":\"https:\\\/\\\/zeromagazine.mx\\\/index.php\\\/2021\\\/08\\\/09\\\/patricio-gallardo-y-su-personaje-de-gerry-en-control-z\\\/#breadcrumb\"},\"inLanguage\":\"es\",\"potentialAction\":[{\"@type\":\"ReadAction\",\"target\":[\"https:\\\/\\\/zeromagazine.mx\\\/index.php\\\/2021\\\/08\\\/09\\\/patricio-gallardo-y-su-personaje-de-gerry-en-control-z\\\/\"]}]},{\"@type\":\"ImageObject\",\"inLanguage\":\"es\",\"@id\":\"https:\\\/\\\/zeromagazine.mx\\\/index.php\\\/2021\\\/08\\\/09\\\/patricio-gallardo-y-su-personaje-de-gerry-en-control-z\\\/#primaryimage\",\"url\":\"\",\"contentUrl\":\"\"},{\"@type\":\"BreadcrumbList\",\"@id\":\"https:\\\/\\\/zeromagazine.mx\\\/index.php\\\/2021\\\/08\\\/09\\\/patricio-gallardo-y-su-personaje-de-gerry-en-control-z\\\/#breadcrumb\",\"itemListElement\":[{\"@type\":\"ListItem\",\"position\":1,\"name\":\"Portada\",\"item\":\"https:\\\/\\\/zeromagazine.mx\\\/\"},{\"@type\":\"ListItem\",\"position\":2,\"name\":\"Patricio Gallardo y su personaje de Gerry en \u00abControl Z\u00bb\"}]},{\"@type\":\"WebSite\",\"@id\":\"https:\\\/\\\/zeromagazine.mx\\\/#website\",\"url\":\"https:\\\/\\\/zeromagazine.mx\\\/\",\"name\":\"Zero Magazine\",\"description\":\"\",\"publisher\":{\"@id\":\"https:\\\/\\\/zeromagazine.mx\\\/#organization\"},\"potentialAction\":[{\"@type\":\"SearchAction\",\"target\":{\"@type\":\"EntryPoint\",\"urlTemplate\":\"https:\\\/\\\/zeromagazine.mx\\\/?s={search_term_string}\"},\"query-input\":{\"@type\":\"PropertyValueSpecification\",\"valueRequired\":true,\"valueName\":\"search_term_string\"}}],\"inLanguage\":\"es\"},{\"@type\":\"Organization\",\"@id\":\"https:\\\/\\\/zeromagazine.mx\\\/#organization\",\"name\":\"Zero Magazine\",\"url\":\"https:\\\/\\\/zeromagazine.mx\\\/\",\"logo\":{\"@type\":\"ImageObject\",\"inLanguage\":\"es\",\"@id\":\"https:\\\/\\\/zeromagazine.mx\\\/#\\\/schema\\\/logo\\\/image\\\/\",\"url\":\"https:\\\/\\\/i0.wp.com\\\/zeromagazine.mx\\\/wp-content\\\/uploads\\\/2025\\\/11\\\/1.jpeg?fit=1000%2C1000&ssl=1\",\"contentUrl\":\"https:\\\/\\\/i0.wp.com\\\/zeromagazine.mx\\\/wp-content\\\/uploads\\\/2025\\\/11\\\/1.jpeg?fit=1000%2C1000&ssl=1\",\"width\":1000,\"height\":1000,\"caption\":\"Zero Magazine\"},\"image\":{\"@id\":\"https:\\\/\\\/zeromagazine.mx\\\/#\\\/schema\\\/logo\\\/image\\\/\"},\"sameAs\":[\"https:\\\/\\\/instagram.com\\\/zeromagazinemx\"]},{\"@type\":\"Person\",\"@id\":\"https:\\\/\\\/zeromagazine.mx\\\/#\\\/schema\\\/person\\\/9aed9f33a7c39af3a348b86d723f7773\",\"name\":\"zeromagazinemx\",\"image\":{\"@type\":\"ImageObject\",\"inLanguage\":\"es\",\"@id\":\"https:\\\/\\\/zeromagazine.mx\\\/wp-content\\\/litespeed\\\/avatar\\\/f91dfe5410d5dcb1a576bf8c45983896.jpg?ver=1776966396\",\"url\":\"https:\\\/\\\/zeromagazine.mx\\\/wp-content\\\/litespeed\\\/avatar\\\/f91dfe5410d5dcb1a576bf8c45983896.jpg?ver=1776966396\",\"contentUrl\":\"https:\\\/\\\/zeromagazine.mx\\\/wp-content\\\/litespeed\\\/avatar\\\/f91dfe5410d5dcb1a576bf8c45983896.jpg?ver=1776966396\",\"caption\":\"zeromagazinemx\"},\"url\":\"https:\\\/\\\/zeromagazine.mx\\\/index.php\\\/author\\\/zeromagazinemx\\\/\"}]}<\/script>\n<!-- \/ Yoast SEO plugin. -->","yoast_head_json":{"title":"Patricio Gallardo y su personaje de Gerry en \"Control Z\" - Zero Magazine","robots":{"index":"index","follow":"follow","max-snippet":"max-snippet:-1","max-image-preview":"max-image-preview:large","max-video-preview":"max-video-preview:-1"},"canonical":"https:\/\/zeromagazine.mx\/index.php\/2021\/08\/09\/patricio-gallardo-y-su-personaje-de-gerry-en-control-z\/","og_locale":"es_ES","og_type":"article","og_title":"Patricio Gallardo y su personaje de Gerry en \"Control Z\" - Zero Magazine","og_description":"Originario de la Ciudad de M\u00e9xico, \u00e9l es Patricio Gallardo, a sus 16 a\u00f1os decidi\u00f3 perseguir su sue\u00f1o por la actuaci\u00f3n obteniendo su primer proyecto en \u201cLucho en Familia\u201d\u00a0para Coraz\u00f3n Films y Tv Azteca, desde entonces lo hemos visto en incre\u00edbles series como Silvana Sin Lana para Telemundo donde interpret\u00f3 a Jorge Gallardo,\u00a0 11-11: En [&hellip;]","og_url":"https:\/\/zeromagazine.mx\/index.php\/2021\/08\/09\/patricio-gallardo-y-su-personaje-de-gerry-en-control-z\/","og_site_name":"Zero Magazine","article_published_time":"2021-08-09T18:00:00+00:00","author":"zeromagazinemx","twitter_card":"summary_large_image","twitter_misc":{"Escrito por":"zeromagazinemx","Tiempo de lectura":"5 minutos"},"schema":{"@context":"https:\/\/schema.org","@graph":[{"@type":"Article","@id":"https:\/\/zeromagazine.mx\/index.php\/2021\/08\/09\/patricio-gallardo-y-su-personaje-de-gerry-en-control-z\/#article","isPartOf":{"@id":"https:\/\/zeromagazine.mx\/index.php\/2021\/08\/09\/patricio-gallardo-y-su-personaje-de-gerry-en-control-z\/"},"author":{"name":"zeromagazinemx","@id":"https:\/\/zeromagazine.mx\/#\/schema\/person\/9aed9f33a7c39af3a348b86d723f7773"},"headline":"Patricio Gallardo y su personaje de Gerry en \u00abControl Z\u00bb","datePublished":"2021-08-09T18:00:00+00:00","mainEntityOfPage":{"@id":"https:\/\/zeromagazine.mx\/index.php\/2021\/08\/09\/patricio-gallardo-y-su-personaje-de-gerry-en-control-z\/"},"wordCount":938,"commentCount":0,"publisher":{"@id":"https:\/\/zeromagazine.mx\/#organization"},"image":{"@id":"https:\/\/zeromagazine.mx\/index.php\/2021\/08\/09\/patricio-gallardo-y-su-personaje-de-gerry-en-control-z\/#primaryimage"},"thumbnailUrl":"","articleSection":["Entrevistas","Portada","Revista"],"inLanguage":"es","potentialAction":[{"@type":"CommentAction","name":"Comment","target":["https:\/\/zeromagazine.mx\/index.php\/2021\/08\/09\/patricio-gallardo-y-su-personaje-de-gerry-en-control-z\/#respond"]}]},{"@type":"WebPage","@id":"https:\/\/zeromagazine.mx\/index.php\/2021\/08\/09\/patricio-gallardo-y-su-personaje-de-gerry-en-control-z\/","url":"https:\/\/zeromagazine.mx\/index.php\/2021\/08\/09\/patricio-gallardo-y-su-personaje-de-gerry-en-control-z\/","name":"Patricio Gallardo y su personaje de Gerry en \"Control Z\" - Zero Magazine","isPartOf":{"@id":"https:\/\/zeromagazine.mx\/#website"},"primaryImageOfPage":{"@id":"https:\/\/zeromagazine.mx\/index.php\/2021\/08\/09\/patricio-gallardo-y-su-personaje-de-gerry-en-control-z\/#primaryimage"},"image":{"@id":"https:\/\/zeromagazine.mx\/index.php\/2021\/08\/09\/patricio-gallardo-y-su-personaje-de-gerry-en-control-z\/#primaryimage"},"thumbnailUrl":"","datePublished":"2021-08-09T18:00:00+00:00","breadcrumb":{"@id":"https:\/\/zeromagazine.mx\/index.php\/2021\/08\/09\/patricio-gallardo-y-su-personaje-de-gerry-en-control-z\/#breadcrumb"},"inLanguage":"es","potentialAction":[{"@type":"ReadAction","target":["https:\/\/zeromagazine.mx\/index.php\/2021\/08\/09\/patricio-gallardo-y-su-personaje-de-gerry-en-control-z\/"]}]},{"@type":"ImageObject","inLanguage":"es","@id":"https:\/\/zeromagazine.mx\/index.php\/2021\/08\/09\/patricio-gallardo-y-su-personaje-de-gerry-en-control-z\/#primaryimage","url":"","contentUrl":""},{"@type":"BreadcrumbList","@id":"https:\/\/zeromagazine.mx\/index.php\/2021\/08\/09\/patricio-gallardo-y-su-personaje-de-gerry-en-control-z\/#breadcrumb","itemListElement":[{"@type":"ListItem","position":1,"name":"Portada","item":"https:\/\/zeromagazine.mx\/"},{"@type":"ListItem","position":2,"name":"Patricio Gallardo y su personaje de Gerry en \u00abControl Z\u00bb"}]},{"@type":"WebSite","@id":"https:\/\/zeromagazine.mx\/#website","url":"https:\/\/zeromagazine.mx\/","name":"Zero Magazine","description":"","publisher":{"@id":"https:\/\/zeromagazine.mx\/#organization"},"potentialAction":[{"@type":"SearchAction","target":{"@type":"EntryPoint","urlTemplate":"https:\/\/zeromagazine.mx\/?s={search_term_string}"},"query-input":{"@type":"PropertyValueSpecification","valueRequired":true,"valueName":"search_term_string"}}],"inLanguage":"es"},{"@type":"Organization","@id":"https:\/\/zeromagazine.mx\/#organization","name":"Zero Magazine","url":"https:\/\/zeromagazine.mx\/","logo":{"@type":"ImageObject","inLanguage":"es","@id":"https:\/\/zeromagazine.mx\/#\/schema\/logo\/image\/","url":"https:\/\/i0.wp.com\/zeromagazine.mx\/wp-content\/uploads\/2025\/11\/1.jpeg?fit=1000%2C1000&ssl=1","contentUrl":"https:\/\/i0.wp.com\/zeromagazine.mx\/wp-content\/uploads\/2025\/11\/1.jpeg?fit=1000%2C1000&ssl=1","width":1000,"height":1000,"caption":"Zero Magazine"},"image":{"@id":"https:\/\/zeromagazine.mx\/#\/schema\/logo\/image\/"},"sameAs":["https:\/\/instagram.com\/zeromagazinemx"]},{"@type":"Person","@id":"https:\/\/zeromagazine.mx\/#\/schema\/person\/9aed9f33a7c39af3a348b86d723f7773","name":"zeromagazinemx","image":{"@type":"ImageObject","inLanguage":"es","@id":"https:\/\/zeromagazine.mx\/wp-content\/litespeed\/avatar\/f91dfe5410d5dcb1a576bf8c45983896.jpg?ver=1776966396","url":"https:\/\/zeromagazine.mx\/wp-content\/litespeed\/avatar\/f91dfe5410d5dcb1a576bf8c45983896.jpg?ver=1776966396","contentUrl":"https:\/\/zeromagazine.mx\/wp-content\/litespeed\/avatar\/f91dfe5410d5dcb1a576bf8c45983896.jpg?ver=1776966396","caption":"zeromagazinemx"},"url":"https:\/\/zeromagazine.mx\/index.php\/author\/zeromagazinemx\/"}]}},"jetpack_publicize_connections":[],"jetpack_featured_media_url":"","jetpack-related-posts":[{"id":89280,"url":"https:\/\/zeromagazine.mx\/index.php\/2024\/11\/04\/atrevete-a-visitar-destileria-san-patricio\/","url_meta":{"origin":51832,"position":0},"title":"\u00abAtr\u00e9vete a Visitar Destiler\u00eda San Patricio\u00bb","author":"zeromagazinemx","date":"4 de noviembre de 2024","format":false,"excerpt":"\u00bfAlguna vez pensaste que podr\u00edas ir a un evento donde se mezclaran historia, cultura, ofrendas de D\u00eda de Muertos y hasta un whiskey con inspiraci\u00f3n irlandesa? Pues en plena CDMX, en la hermosa delegaci\u00f3n de Coyoac\u00e1n, la Destiler\u00eda San Patricio arm\u00f3 una presentaci\u00f3n \u00e9pica de sus destilados en Casa Coahuila.\u2026","rel":"","context":"En \u00abFoodie\u00bb","block_context":{"text":"Foodie","link":"https:\/\/zeromagazine.mx\/index.php\/category\/lifestyle\/foodie\/"},"img":{"alt_text":"","src":"https:\/\/i0.wp.com\/zeromagazine.mx\/wp-content\/uploads\/2024\/11\/botella_etiqueta_nueva_3-scaled.jpg?fit=1200%2C800&ssl=1&resize=350%2C200","width":350,"height":200,"srcset":"https:\/\/i0.wp.com\/zeromagazine.mx\/wp-content\/uploads\/2024\/11\/botella_etiqueta_nueva_3-scaled.jpg?fit=1200%2C800&ssl=1&resize=350%2C200 1x, https:\/\/i0.wp.com\/zeromagazine.mx\/wp-content\/uploads\/2024\/11\/botella_etiqueta_nueva_3-scaled.jpg?fit=1200%2C800&ssl=1&resize=525%2C300 1.5x, https:\/\/i0.wp.com\/zeromagazine.mx\/wp-content\/uploads\/2024\/11\/botella_etiqueta_nueva_3-scaled.jpg?fit=1200%2C800&ssl=1&resize=700%2C400 2x, https:\/\/i0.wp.com\/zeromagazine.mx\/wp-content\/uploads\/2024\/11\/botella_etiqueta_nueva_3-scaled.jpg?fit=1200%2C800&ssl=1&resize=1050%2C600 3x"},"classes":[]},{"id":49108,"url":"https:\/\/zeromagazine.mx\/index.php\/2021\/06\/29\/taf-le-da-la-bienvenida-a-vans-y-nickelodeon\/","url_meta":{"origin":51832,"position":1},"title":"TAF le da la bienvenida a VANS y Nickelodeon","author":"zeromagazinemx","date":"29 de junio de 2021","format":false,"excerpt":"Para que este verano sea m\u00e1s divertido llega a TAF la colecci\u00f3n de calzado, ropa y accesorios de la serie animada Bob Esponja. Por Mayra Torres Las colaboraciones de Nickelodeon y VANS llegan a TAF Ecomm y a sus principales tiendas f\u00edsicas, la primera colecci\u00f3n es una l\u00ednea de calzado,\u2026","rel":"","context":"En \u00abLifestyle\u00bb","block_context":{"text":"Lifestyle","link":"https:\/\/zeromagazine.mx\/index.php\/category\/lifestyle\/"},"img":{"alt_text":"","src":"","width":0,"height":0},"classes":[]},{"id":113239,"url":"https:\/\/zeromagazine.mx\/index.php\/2026\/01\/14\/enloqueciendo-contigo-segunda-temporada-disney\/","url_meta":{"origin":51832,"position":2},"title":"Enloqueciendo Contigo vuelve con caos delicioso","author":"zeromagazinemx","date":"14 de enero de 2026","format":false,"excerpt":"Si eres del club que disfruta ver parejas reales pas\u00e1ndola bien y mal con toda la transparencia del mundo, hoy te traigo noticia que te va a hacer sonre\u00edr. Enloqueciendo Contigo vuelve a Disney+ el 25 de enero con una segunda temporada que promete risas, choques y confesiones inc\u00f3modas... aka\u2026","rel":"","context":"En \u00abCine\u00bb","block_context":{"text":"Cine","link":"https:\/\/zeromagazine.mx\/index.php\/category\/entretenimiento\/cine\/"},"img":{"alt_text":"","src":"https:\/\/i0.wp.com\/zeromagazine.mx\/wp-content\/uploads\/2026\/01\/image-4-1.png?fit=504%2C504&ssl=1&resize=350%2C200","width":350,"height":200},"classes":[]},{"id":77410,"url":"https:\/\/zeromagazine.mx\/index.php\/2024\/06\/07\/vive-el-dia-del-padre-como-nunca-en-destileria-san-patricio-una-experiencia-unica-y-memorable\/","url_meta":{"origin":51832,"position":3},"title":"Vive el D\u00eda del Padre como nunca en Destiler\u00eda San Patricio: una experiencia \u00fanica y memorable","author":"David Morales","date":"7 de junio de 2024","format":false,"excerpt":"Se viene el D\u00eda del Padre y, si andas buscando un plan nice y diferente, d\u00e9jame contarte de una joyita que encontr\u00e9: Destiler\u00eda San Patricio. Este lugar est\u00e1 en las faldas de los impresionantes volcanes del Valle de M\u00e9xico y ofrece una experiencia que no tiene comparaci\u00f3n. Imag\u00ednate combinar la\u2026","rel":"","context":"En \u00abBlog\u00bb","block_context":{"text":"Blog","link":"https:\/\/zeromagazine.mx\/index.php\/category\/blog\/"},"img":{"alt_text":"","src":"https:\/\/i0.wp.com\/zeromagazine.mx\/wp-content\/uploads\/2024\/06\/9V6A5614-1-scaled.jpg?fit=1200%2C800&ssl=1&resize=350%2C200","width":350,"height":200,"srcset":"https:\/\/i0.wp.com\/zeromagazine.mx\/wp-content\/uploads\/2024\/06\/9V6A5614-1-scaled.jpg?fit=1200%2C800&ssl=1&resize=350%2C200 1x, https:\/\/i0.wp.com\/zeromagazine.mx\/wp-content\/uploads\/2024\/06\/9V6A5614-1-scaled.jpg?fit=1200%2C800&ssl=1&resize=525%2C300 1.5x, https:\/\/i0.wp.com\/zeromagazine.mx\/wp-content\/uploads\/2024\/06\/9V6A5614-1-scaled.jpg?fit=1200%2C800&ssl=1&resize=700%2C400 2x, https:\/\/i0.wp.com\/zeromagazine.mx\/wp-content\/uploads\/2024\/06\/9V6A5614-1-scaled.jpg?fit=1200%2C800&ssl=1&resize=1050%2C600 3x"},"classes":[]},{"id":71403,"url":"https:\/\/zeromagazine.mx\/index.php\/2024\/03\/04\/destileria-san-patricio-trasladando-el-encanto-de-irlanda-a-mexico-con-sabores-y-tradiciones\/","url_meta":{"origin":51832,"position":4},"title":"Destiler\u00eda San Patricio: Trasladando el encanto de Irlanda a M\u00e9xico con sabores y tradiciones","author":"zeromagazinemx","date":"4 de marzo de 2024","format":false,"excerpt":"Les cuento que acabo de descubrir un lugar que est\u00e1 rompiendo esquemas aqu\u00ed en el Valle de M\u00e9xico. Se trata de la Destiler\u00eda San Patricio, y d\u00e9jenme decirles que es toda una experiencia de sabores y tradiciones de Irlanda que llegan directo a nuestras tierras. En estas fechas de San\u2026","rel":"","context":"En \u00abCultura\u00bb","block_context":{"text":"Cultura","link":"https:\/\/zeromagazine.mx\/index.php\/category\/cultura\/"},"img":{"alt_text":"","src":"https:\/\/i0.wp.com\/zeromagazine.mx\/wp-content\/uploads\/2024\/03\/PADDY-VODKA-scaled.jpg?fit=1200%2C800&ssl=1&resize=350%2C200","width":350,"height":200,"srcset":"https:\/\/i0.wp.com\/zeromagazine.mx\/wp-content\/uploads\/2024\/03\/PADDY-VODKA-scaled.jpg?fit=1200%2C800&ssl=1&resize=350%2C200 1x, https:\/\/i0.wp.com\/zeromagazine.mx\/wp-content\/uploads\/2024\/03\/PADDY-VODKA-scaled.jpg?fit=1200%2C800&ssl=1&resize=525%2C300 1.5x, https:\/\/i0.wp.com\/zeromagazine.mx\/wp-content\/uploads\/2024\/03\/PADDY-VODKA-scaled.jpg?fit=1200%2C800&ssl=1&resize=700%2C400 2x, https:\/\/i0.wp.com\/zeromagazine.mx\/wp-content\/uploads\/2024\/03\/PADDY-VODKA-scaled.jpg?fit=1200%2C800&ssl=1&resize=1050%2C600 3x"},"classes":[]},{"id":109816,"url":"https:\/\/zeromagazine.mx\/index.php\/2025\/10\/31\/adriana-gallardo-transforma-tu-vida-en-30-dias\/","url_meta":{"origin":51832,"position":5},"title":"Adriana Gallardo transforma tu vida en 30 d\u00edas","author":"David Morales","date":"31 de octubre de 2025","format":false,"excerpt":"La empresaria y conferencista Adriana Gallardo, reconocida por su liderazgo y visi\u00f3n en Estados Unidos y Latinoam\u00e9rica, vuelve a poner el foco en lo que m\u00e1s la mueve: el crecimiento personal y profesional de las mujeres. Esta vez lo hace con una iniciativa gratuita que promete marcar un antes y\u2026","rel":"","context":"En \u00abLifestyle\u00bb","block_context":{"text":"Lifestyle","link":"https:\/\/zeromagazine.mx\/index.php\/category\/lifestyle\/"},"img":{"alt_text":"","src":"https:\/\/i0.wp.com\/zeromagazine.mx\/wp-content\/uploads\/2025\/10\/dsc00317-ok-1.jpg?fit=800%2C1200&ssl=1&resize=350%2C200","width":350,"height":200,"srcset":"https:\/\/i0.wp.com\/zeromagazine.mx\/wp-content\/uploads\/2025\/10\/dsc00317-ok-1.jpg?fit=800%2C1200&ssl=1&resize=350%2C200 1x, https:\/\/i0.wp.com\/zeromagazine.mx\/wp-content\/uploads\/2025\/10\/dsc00317-ok-1.jpg?fit=800%2C1200&ssl=1&resize=525%2C300 1.5x, https:\/\/i0.wp.com\/zeromagazine.mx\/wp-content\/uploads\/2025\/10\/dsc00317-ok-1.jpg?fit=800%2C1200&ssl=1&resize=700%2C400 2x"},"classes":[]}],"jetpack_sharing_enabled":true,"builder_content":"","_links":{"self":[{"href":"https:\/\/zeromagazine.mx\/index.php\/wp-json\/wp\/v2\/posts\/51832","targetHints":{"allow":["GET"]}}],"collection":[{"href":"https:\/\/zeromagazine.mx\/index.php\/wp-json\/wp\/v2\/posts"}],"about":[{"href":"https:\/\/zeromagazine.mx\/index.php\/wp-json\/wp\/v2\/types\/post"}],"author":[{"embeddable":true,"href":"https:\/\/zeromagazine.mx\/index.php\/wp-json\/wp\/v2\/users\/2"}],"replies":[{"embeddable":true,"href":"https:\/\/zeromagazine.mx\/index.php\/wp-json\/wp\/v2\/comments?post=51832"}],"version-history":[{"count":0,"href":"https:\/\/zeromagazine.mx\/index.php\/wp-json\/wp\/v2\/posts\/51832\/revisions"}],"wp:featuredmedia":[{"embeddable":true,"href":"https:\/\/zeromagazine.mx\/index.php\/wp-json\/"}],"wp:attachment":[{"href":"https:\/\/zeromagazine.mx\/index.php\/wp-json\/wp\/v2\/media?parent=51832"}],"wp:term":[{"taxonomy":"category","embeddable":true,"href":"https:\/\/zeromagazine.mx\/index.php\/wp-json\/wp\/v2\/categories?post=51832"},{"taxonomy":"post_tag","embeddable":true,"href":"https:\/\/zeromagazine.mx\/index.php\/wp-json\/wp\/v2\/tags?post=51832"}],"curies":[{"name":"wp","href":"https:\/\/api.w.org\/{rel}","templated":true}]}}