{"id":52054,"date":"2021-08-14T09:00:00","date_gmt":"2021-08-14T14:00:00","guid":{"rendered":"https:\/\/atomic-temporary-84115225.wpcomstaging.com\/?p=52054"},"modified":"2021-08-14T09:00:00","modified_gmt":"2021-08-14T14:00:00","slug":"disney-anuncia-la-segunda-temporada-de-star-wars-the-bad-batch","status":"publish","type":"post","link":"https:\/\/zeromagazine.mx\/index.php\/2021\/08\/14\/disney-anuncia-la-segunda-temporada-de-star-wars-the-bad-batch\/","title":{"rendered":"Disney+ anuncia la segunda temporada de Star Wars: The Bad Batch"},"content":{"rendered":"\n<p>La segunda temporada de la serie animada original de <strong>Lucasfilm <\/strong>se estrenar\u00e1 en exclusiva en <strong>Disney+ <\/strong>en 2022.<\/p>\n\n\n\n<div class=\"wp-block-buttons is-layout-flex wp-block-buttons-is-layout-flex\">\n<div class=\"wp-block-button is-style-outline is-style-outline--1\"><a class=\"wp-block-button__link\">Por Moises Kushelevich<\/a><\/div>\n<\/div>\n\n\n\n<p><strong>Disney+<\/strong> anunci\u00f3 la segunda temporada de la aclamada serie animada <strong><em>Star Wars: The Bad Batch<\/em><\/strong>, que se estrenar\u00e1 en 2022. El episodio final de la primera temporada se emite en dos partes y la primera estar\u00e1 disponible en exclusiva en <strong>Disney+<\/strong> a partir del viernes 6 de agosto.<\/p>\n\n\n\n<figure class=\"wp-block-embed is-type-rich is-provider-instagram wp-block-embed-instagram\"><div class=\"wp-block-embed__wrapper\">\nhttps:\/\/www.instagram.com\/p\/CSMZFBXrMJy\/\n<\/div><\/figure>\n\n\n\n\n\n<p><em>\u201cLos fans han recibido con mucho entusiasmo la acci\u00f3n y el drama de <strong>Star Wars: The Bad Batch<\/strong> y nos alegra sobremanera ver que el mundo animado de <strong>Star Wars<\/strong> se siga expandiendo en <strong>Disney+<\/strong>\u2026 Como servicio de streaming exclusivo de la franquicia, estamos ansiosos por ver el estreno de la segunda temporada de esta serie animada favorita de los fans<\/em>\u201d, dijo<strong> Michael Paull<\/strong>, Presidente de<strong> Disney+<\/strong> y <strong>ESPN<\/strong>.<\/p>\n\n\n\n<figure class=\"wp-block-embed is-type-rich is-provider-instagram wp-block-embed-instagram\"><div class=\"wp-block-embed__wrapper\">\nhttps:\/\/www.instagram.com\/p\/CScYMwbrfXg\/\n<\/div><\/figure>\n\n\n\n\n\n<p>Los productores ejecutivos de la serie son <strong>Dave Filoni, Athena Portillo, Brad Rau, Jennifer Crobett<\/strong> y <strong>Carrie Beck<\/strong>, <strong>Josh Rimes <\/strong>y<strong> Alex Spotswood <\/strong>son sus productores.<\/p>\n\n\n<!--themify_builder_content-->\n<div id=\"themify_builder_content-52054\" data-postid=\"52054\" class=\"themify_builder_content themify_builder_content-52054 themify_builder tf_clear\">\n    <\/div>\n<!--\/themify_builder_content-->\n","protected":false},"excerpt":{"rendered":"<p>La segunda temporada de la serie animada original de Lucasfilm se estrenar\u00e1 en exclusiva en Disney+ en 2022. Disney+ anunci\u00f3 la segunda temporada de la aclamada serie animada Star Wars: The Bad Batch, que se estrenar\u00e1 en 2022. El episodio final de la primera temporada se emite en dos partes y la primera estar\u00e1 disponible [&hellip;]<\/p>\n","protected":false},"author":2,"featured_media":52059,"comment_status":"open","ping_status":"open","sticky":false,"template":"","format":"standard","meta":{"_jetpack_memberships_contains_paid_content":false,"footnotes":"","jetpack_publicize_message":"Star Wars: The Bad Batch te espera en 2022 con m\u00e1s episodios y aventuras.","jetpack_publicize_feature_enabled":true,"jetpack_social_post_already_shared":true,"jetpack_social_options":{"image_generator_settings":{"template":"highway","default_image_id":0,"font":"","enabled":false},"version":2}},"categories":[117],"tags":[3218,3712,3713,3714,3715,3716,113,116,3261,3717,3718,3719,3720,1280,3721,3722],"class_list":["post-52054","post","type-post","status-publish","format-standard","has-post-thumbnail","hentry","category-entretenimiento","tag-3218","tag-alex-spotswood","tag-athena-portillo","tag-brad-rau","tag-carrie-beck","tag-dave-filoni","tag-disney-plus","tag-entretenimiento","tag-espn","tag-jennifer-crobett","tag-josh-rimes","tag-lucasfilm","tag-michael-paull","tag-series","tag-star-wars","tag-star-wars-the-bad-batch","has-post-title","has-post-date","has-post-category","has-post-tag","has-post-comment","has-post-author",""],"yoast_head":"<!-- This site is optimized with the Yoast SEO plugin v27.5 - https:\/\/yoast.com\/product\/yoast-seo-wordpress\/ -->\n<title>Disney+ anuncia la segunda temporada de Star Wars: The Bad Batch - Zero Magazine<\/title>\n<meta name=\"robots\" content=\"index, follow, max-snippet:-1, max-image-preview:large, max-video-preview:-1\" \/>\n<link rel=\"canonical\" href=\"https:\/\/zeromagazine.mx\/index.php\/2021\/08\/14\/disney-anuncia-la-segunda-temporada-de-star-wars-the-bad-batch\/\" \/>\n<meta property=\"og:locale\" content=\"es_ES\" \/>\n<meta property=\"og:type\" content=\"article\" \/>\n<meta property=\"og:title\" content=\"Disney+ anuncia la segunda temporada de Star Wars: The Bad Batch - Zero Magazine\" \/>\n<meta property=\"og:description\" content=\"La segunda temporada de la serie animada original de Lucasfilm se estrenar\u00e1 en exclusiva en Disney+ en 2022. Disney+ anunci\u00f3 la segunda temporada de la aclamada serie animada Star Wars: The Bad Batch, que se estrenar\u00e1 en 2022. El episodio final de la primera temporada se emite en dos partes y la primera estar\u00e1 disponible [&hellip;]\" \/>\n<meta property=\"og:url\" content=\"https:\/\/zeromagazine.mx\/index.php\/2021\/08\/14\/disney-anuncia-la-segunda-temporada-de-star-wars-the-bad-batch\/\" \/>\n<meta property=\"og:site_name\" content=\"Zero Magazine\" \/>\n<meta property=\"article:published_time\" content=\"2021-08-14T14:00:00+00:00\" \/>\n<meta name=\"author\" content=\"zeromagazinemx\" \/>\n<meta name=\"twitter:card\" content=\"summary_large_image\" \/>\n<meta name=\"twitter:label1\" content=\"Escrito por\" \/>\n\t<meta name=\"twitter:data1\" content=\"zeromagazinemx\" \/>\n\t<meta name=\"twitter:label2\" content=\"Tiempo de lectura\" \/>\n\t<meta name=\"twitter:data2\" content=\"1 minuto\" \/>\n<script type=\"application\/ld+json\" class=\"yoast-schema-graph\">{\"@context\":\"https:\\\/\\\/schema.org\",\"@graph\":[{\"@type\":\"Article\",\"@id\":\"https:\\\/\\\/zeromagazine.mx\\\/index.php\\\/2021\\\/08\\\/14\\\/disney-anuncia-la-segunda-temporada-de-star-wars-the-bad-batch\\\/#article\",\"isPartOf\":{\"@id\":\"https:\\\/\\\/zeromagazine.mx\\\/index.php\\\/2021\\\/08\\\/14\\\/disney-anuncia-la-segunda-temporada-de-star-wars-the-bad-batch\\\/\"},\"author\":{\"name\":\"zeromagazinemx\",\"@id\":\"https:\\\/\\\/zeromagazine.mx\\\/#\\\/schema\\\/person\\\/9aed9f33a7c39af3a348b86d723f7773\"},\"headline\":\"Disney+ anuncia la segunda temporada de Star Wars: The Bad Batch\",\"datePublished\":\"2021-08-14T14:00:00+00:00\",\"mainEntityOfPage\":{\"@id\":\"https:\\\/\\\/zeromagazine.mx\\\/index.php\\\/2021\\\/08\\\/14\\\/disney-anuncia-la-segunda-temporada-de-star-wars-the-bad-batch\\\/\"},\"wordCount\":185,\"commentCount\":0,\"publisher\":{\"@id\":\"https:\\\/\\\/zeromagazine.mx\\\/#organization\"},\"image\":{\"@id\":\"https:\\\/\\\/zeromagazine.mx\\\/index.php\\\/2021\\\/08\\\/14\\\/disney-anuncia-la-segunda-temporada-de-star-wars-the-bad-batch\\\/#primaryimage\"},\"thumbnailUrl\":\"\",\"keywords\":[\"2022\",\"Alex Spotswood\",\"Athena Portillo\",\"Brad Rau\",\"Carrie Beck\",\"Dave Filoni\",\"Disney Plus\",\"Entretenimiento\",\"ESPN\",\"Jennifer Crobett\",\"Josh Rimes\",\"LucasFilm\",\"Michael Paull\",\"Series\",\"STAR WARS\",\"Star Wars: The Bad Batch\"],\"articleSection\":[\"Entretenimiento\"],\"inLanguage\":\"es\",\"potentialAction\":[{\"@type\":\"CommentAction\",\"name\":\"Comment\",\"target\":[\"https:\\\/\\\/zeromagazine.mx\\\/index.php\\\/2021\\\/08\\\/14\\\/disney-anuncia-la-segunda-temporada-de-star-wars-the-bad-batch\\\/#respond\"]}]},{\"@type\":\"WebPage\",\"@id\":\"https:\\\/\\\/zeromagazine.mx\\\/index.php\\\/2021\\\/08\\\/14\\\/disney-anuncia-la-segunda-temporada-de-star-wars-the-bad-batch\\\/\",\"url\":\"https:\\\/\\\/zeromagazine.mx\\\/index.php\\\/2021\\\/08\\\/14\\\/disney-anuncia-la-segunda-temporada-de-star-wars-the-bad-batch\\\/\",\"name\":\"Disney+ anuncia la segunda temporada de Star Wars: The Bad Batch - Zero Magazine\",\"isPartOf\":{\"@id\":\"https:\\\/\\\/zeromagazine.mx\\\/#website\"},\"primaryImageOfPage\":{\"@id\":\"https:\\\/\\\/zeromagazine.mx\\\/index.php\\\/2021\\\/08\\\/14\\\/disney-anuncia-la-segunda-temporada-de-star-wars-the-bad-batch\\\/#primaryimage\"},\"image\":{\"@id\":\"https:\\\/\\\/zeromagazine.mx\\\/index.php\\\/2021\\\/08\\\/14\\\/disney-anuncia-la-segunda-temporada-de-star-wars-the-bad-batch\\\/#primaryimage\"},\"thumbnailUrl\":\"\",\"datePublished\":\"2021-08-14T14:00:00+00:00\",\"breadcrumb\":{\"@id\":\"https:\\\/\\\/zeromagazine.mx\\\/index.php\\\/2021\\\/08\\\/14\\\/disney-anuncia-la-segunda-temporada-de-star-wars-the-bad-batch\\\/#breadcrumb\"},\"inLanguage\":\"es\",\"potentialAction\":[{\"@type\":\"ReadAction\",\"target\":[\"https:\\\/\\\/zeromagazine.mx\\\/index.php\\\/2021\\\/08\\\/14\\\/disney-anuncia-la-segunda-temporada-de-star-wars-the-bad-batch\\\/\"]}]},{\"@type\":\"ImageObject\",\"inLanguage\":\"es\",\"@id\":\"https:\\\/\\\/zeromagazine.mx\\\/index.php\\\/2021\\\/08\\\/14\\\/disney-anuncia-la-segunda-temporada-de-star-wars-the-bad-batch\\\/#primaryimage\",\"url\":\"\",\"contentUrl\":\"\"},{\"@type\":\"BreadcrumbList\",\"@id\":\"https:\\\/\\\/zeromagazine.mx\\\/index.php\\\/2021\\\/08\\\/14\\\/disney-anuncia-la-segunda-temporada-de-star-wars-the-bad-batch\\\/#breadcrumb\",\"itemListElement\":[{\"@type\":\"ListItem\",\"position\":1,\"name\":\"Portada\",\"item\":\"https:\\\/\\\/zeromagazine.mx\\\/\"},{\"@type\":\"ListItem\",\"position\":2,\"name\":\"Disney+ anuncia la segunda temporada de Star Wars: The Bad Batch\"}]},{\"@type\":\"WebSite\",\"@id\":\"https:\\\/\\\/zeromagazine.mx\\\/#website\",\"url\":\"https:\\\/\\\/zeromagazine.mx\\\/\",\"name\":\"Zero Magazine\",\"description\":\"\",\"publisher\":{\"@id\":\"https:\\\/\\\/zeromagazine.mx\\\/#organization\"},\"potentialAction\":[{\"@type\":\"SearchAction\",\"target\":{\"@type\":\"EntryPoint\",\"urlTemplate\":\"https:\\\/\\\/zeromagazine.mx\\\/?s={search_term_string}\"},\"query-input\":{\"@type\":\"PropertyValueSpecification\",\"valueRequired\":true,\"valueName\":\"search_term_string\"}}],\"inLanguage\":\"es\"},{\"@type\":\"Organization\",\"@id\":\"https:\\\/\\\/zeromagazine.mx\\\/#organization\",\"name\":\"Zero Magazine\",\"url\":\"https:\\\/\\\/zeromagazine.mx\\\/\",\"logo\":{\"@type\":\"ImageObject\",\"inLanguage\":\"es\",\"@id\":\"https:\\\/\\\/zeromagazine.mx\\\/#\\\/schema\\\/logo\\\/image\\\/\",\"url\":\"https:\\\/\\\/i0.wp.com\\\/zeromagazine.mx\\\/wp-content\\\/uploads\\\/2025\\\/11\\\/1.jpeg?fit=1000%2C1000&ssl=1\",\"contentUrl\":\"https:\\\/\\\/i0.wp.com\\\/zeromagazine.mx\\\/wp-content\\\/uploads\\\/2025\\\/11\\\/1.jpeg?fit=1000%2C1000&ssl=1\",\"width\":1000,\"height\":1000,\"caption\":\"Zero Magazine\"},\"image\":{\"@id\":\"https:\\\/\\\/zeromagazine.mx\\\/#\\\/schema\\\/logo\\\/image\\\/\"},\"sameAs\":[\"https:\\\/\\\/instagram.com\\\/zeromagazinemx\"]},{\"@type\":\"Person\",\"@id\":\"https:\\\/\\\/zeromagazine.mx\\\/#\\\/schema\\\/person\\\/9aed9f33a7c39af3a348b86d723f7773\",\"name\":\"zeromagazinemx\",\"image\":{\"@type\":\"ImageObject\",\"inLanguage\":\"es\",\"@id\":\"https:\\\/\\\/zeromagazine.mx\\\/wp-content\\\/litespeed\\\/avatar\\\/f91dfe5410d5dcb1a576bf8c45983896.jpg?ver=1776966396\",\"url\":\"https:\\\/\\\/zeromagazine.mx\\\/wp-content\\\/litespeed\\\/avatar\\\/f91dfe5410d5dcb1a576bf8c45983896.jpg?ver=1776966396\",\"contentUrl\":\"https:\\\/\\\/zeromagazine.mx\\\/wp-content\\\/litespeed\\\/avatar\\\/f91dfe5410d5dcb1a576bf8c45983896.jpg?ver=1776966396\",\"caption\":\"zeromagazinemx\"},\"url\":\"https:\\\/\\\/zeromagazine.mx\\\/index.php\\\/author\\\/zeromagazinemx\\\/\"}]}<\/script>\n<!-- \/ Yoast SEO plugin. -->","yoast_head_json":{"title":"Disney+ anuncia la segunda temporada de Star Wars: The Bad Batch - Zero Magazine","robots":{"index":"index","follow":"follow","max-snippet":"max-snippet:-1","max-image-preview":"max-image-preview:large","max-video-preview":"max-video-preview:-1"},"canonical":"https:\/\/zeromagazine.mx\/index.php\/2021\/08\/14\/disney-anuncia-la-segunda-temporada-de-star-wars-the-bad-batch\/","og_locale":"es_ES","og_type":"article","og_title":"Disney+ anuncia la segunda temporada de Star Wars: The Bad Batch - Zero Magazine","og_description":"La segunda temporada de la serie animada original de Lucasfilm se estrenar\u00e1 en exclusiva en Disney+ en 2022. Disney+ anunci\u00f3 la segunda temporada de la aclamada serie animada Star Wars: The Bad Batch, que se estrenar\u00e1 en 2022. El episodio final de la primera temporada se emite en dos partes y la primera estar\u00e1 disponible [&hellip;]","og_url":"https:\/\/zeromagazine.mx\/index.php\/2021\/08\/14\/disney-anuncia-la-segunda-temporada-de-star-wars-the-bad-batch\/","og_site_name":"Zero Magazine","article_published_time":"2021-08-14T14:00:00+00:00","author":"zeromagazinemx","twitter_card":"summary_large_image","twitter_misc":{"Escrito por":"zeromagazinemx","Tiempo de lectura":"1 minuto"},"schema":{"@context":"https:\/\/schema.org","@graph":[{"@type":"Article","@id":"https:\/\/zeromagazine.mx\/index.php\/2021\/08\/14\/disney-anuncia-la-segunda-temporada-de-star-wars-the-bad-batch\/#article","isPartOf":{"@id":"https:\/\/zeromagazine.mx\/index.php\/2021\/08\/14\/disney-anuncia-la-segunda-temporada-de-star-wars-the-bad-batch\/"},"author":{"name":"zeromagazinemx","@id":"https:\/\/zeromagazine.mx\/#\/schema\/person\/9aed9f33a7c39af3a348b86d723f7773"},"headline":"Disney+ anuncia la segunda temporada de Star Wars: The Bad Batch","datePublished":"2021-08-14T14:00:00+00:00","mainEntityOfPage":{"@id":"https:\/\/zeromagazine.mx\/index.php\/2021\/08\/14\/disney-anuncia-la-segunda-temporada-de-star-wars-the-bad-batch\/"},"wordCount":185,"commentCount":0,"publisher":{"@id":"https:\/\/zeromagazine.mx\/#organization"},"image":{"@id":"https:\/\/zeromagazine.mx\/index.php\/2021\/08\/14\/disney-anuncia-la-segunda-temporada-de-star-wars-the-bad-batch\/#primaryimage"},"thumbnailUrl":"","keywords":["2022","Alex Spotswood","Athena Portillo","Brad Rau","Carrie Beck","Dave Filoni","Disney Plus","Entretenimiento","ESPN","Jennifer Crobett","Josh Rimes","LucasFilm","Michael Paull","Series","STAR WARS","Star Wars: The Bad Batch"],"articleSection":["Entretenimiento"],"inLanguage":"es","potentialAction":[{"@type":"CommentAction","name":"Comment","target":["https:\/\/zeromagazine.mx\/index.php\/2021\/08\/14\/disney-anuncia-la-segunda-temporada-de-star-wars-the-bad-batch\/#respond"]}]},{"@type":"WebPage","@id":"https:\/\/zeromagazine.mx\/index.php\/2021\/08\/14\/disney-anuncia-la-segunda-temporada-de-star-wars-the-bad-batch\/","url":"https:\/\/zeromagazine.mx\/index.php\/2021\/08\/14\/disney-anuncia-la-segunda-temporada-de-star-wars-the-bad-batch\/","name":"Disney+ anuncia la segunda temporada de Star Wars: The Bad Batch - Zero Magazine","isPartOf":{"@id":"https:\/\/zeromagazine.mx\/#website"},"primaryImageOfPage":{"@id":"https:\/\/zeromagazine.mx\/index.php\/2021\/08\/14\/disney-anuncia-la-segunda-temporada-de-star-wars-the-bad-batch\/#primaryimage"},"image":{"@id":"https:\/\/zeromagazine.mx\/index.php\/2021\/08\/14\/disney-anuncia-la-segunda-temporada-de-star-wars-the-bad-batch\/#primaryimage"},"thumbnailUrl":"","datePublished":"2021-08-14T14:00:00+00:00","breadcrumb":{"@id":"https:\/\/zeromagazine.mx\/index.php\/2021\/08\/14\/disney-anuncia-la-segunda-temporada-de-star-wars-the-bad-batch\/#breadcrumb"},"inLanguage":"es","potentialAction":[{"@type":"ReadAction","target":["https:\/\/zeromagazine.mx\/index.php\/2021\/08\/14\/disney-anuncia-la-segunda-temporada-de-star-wars-the-bad-batch\/"]}]},{"@type":"ImageObject","inLanguage":"es","@id":"https:\/\/zeromagazine.mx\/index.php\/2021\/08\/14\/disney-anuncia-la-segunda-temporada-de-star-wars-the-bad-batch\/#primaryimage","url":"","contentUrl":""},{"@type":"BreadcrumbList","@id":"https:\/\/zeromagazine.mx\/index.php\/2021\/08\/14\/disney-anuncia-la-segunda-temporada-de-star-wars-the-bad-batch\/#breadcrumb","itemListElement":[{"@type":"ListItem","position":1,"name":"Portada","item":"https:\/\/zeromagazine.mx\/"},{"@type":"ListItem","position":2,"name":"Disney+ anuncia la segunda temporada de Star Wars: The Bad Batch"}]},{"@type":"WebSite","@id":"https:\/\/zeromagazine.mx\/#website","url":"https:\/\/zeromagazine.mx\/","name":"Zero Magazine","description":"","publisher":{"@id":"https:\/\/zeromagazine.mx\/#organization"},"potentialAction":[{"@type":"SearchAction","target":{"@type":"EntryPoint","urlTemplate":"https:\/\/zeromagazine.mx\/?s={search_term_string}"},"query-input":{"@type":"PropertyValueSpecification","valueRequired":true,"valueName":"search_term_string"}}],"inLanguage":"es"},{"@type":"Organization","@id":"https:\/\/zeromagazine.mx\/#organization","name":"Zero Magazine","url":"https:\/\/zeromagazine.mx\/","logo":{"@type":"ImageObject","inLanguage":"es","@id":"https:\/\/zeromagazine.mx\/#\/schema\/logo\/image\/","url":"https:\/\/i0.wp.com\/zeromagazine.mx\/wp-content\/uploads\/2025\/11\/1.jpeg?fit=1000%2C1000&ssl=1","contentUrl":"https:\/\/i0.wp.com\/zeromagazine.mx\/wp-content\/uploads\/2025\/11\/1.jpeg?fit=1000%2C1000&ssl=1","width":1000,"height":1000,"caption":"Zero Magazine"},"image":{"@id":"https:\/\/zeromagazine.mx\/#\/schema\/logo\/image\/"},"sameAs":["https:\/\/instagram.com\/zeromagazinemx"]},{"@type":"Person","@id":"https:\/\/zeromagazine.mx\/#\/schema\/person\/9aed9f33a7c39af3a348b86d723f7773","name":"zeromagazinemx","image":{"@type":"ImageObject","inLanguage":"es","@id":"https:\/\/zeromagazine.mx\/wp-content\/litespeed\/avatar\/f91dfe5410d5dcb1a576bf8c45983896.jpg?ver=1776966396","url":"https:\/\/zeromagazine.mx\/wp-content\/litespeed\/avatar\/f91dfe5410d5dcb1a576bf8c45983896.jpg?ver=1776966396","contentUrl":"https:\/\/zeromagazine.mx\/wp-content\/litespeed\/avatar\/f91dfe5410d5dcb1a576bf8c45983896.jpg?ver=1776966396","caption":"zeromagazinemx"},"url":"https:\/\/zeromagazine.mx\/index.php\/author\/zeromagazinemx\/"}]}},"jetpack_publicize_connections":[],"jetpack_featured_media_url":"","jetpack-related-posts":[{"id":52928,"url":"https:\/\/zeromagazine.mx\/index.php\/2021\/08\/26\/disney-estrena-el-trailer-y-anuncia-el-elenco-de-star-wars-visions\/","url_meta":{"origin":52054,"position":0},"title":"Disney+ estrena el tr\u00e1iler y anuncia el elenco de Star Wars: Visions","author":"zeromagazinemx","date":"26 de agosto de 2021","format":false,"excerpt":"Star Wars: Visions se estrenar\u00e1 el 22 de septiembre en exclusiva en Disney+, te contamos m\u00e1s sobre lo que sabemos. Por Moises Kushelevich Dinsey+ estren\u00f3 el tr\u00e1iler y anunci\u00f3 el elenco de voz japon\u00e9s y el de doblaje en ingl\u00e9s de Star Waes: Visions, una serie antol\u00f3gica de cortos de\u2026","rel":"","context":"En \u00abCine\u00bb","block_context":{"text":"Cine","link":"https:\/\/zeromagazine.mx\/index.php\/category\/entretenimiento\/cine\/"},"img":{"alt_text":"","src":"https:\/\/i0.wp.com\/img.youtube.com\/vi\/uO7KR65mcBg\/0.jpg?resize=350%2C200","width":350,"height":200},"classes":[]},{"id":72942,"url":"https:\/\/zeromagazine.mx\/index.php\/2024\/04\/02\/preparate-para-la-magia-habra-un-nuevo-disney\/","url_meta":{"origin":52054,"position":1},"title":"\u00a1Prep\u00e1rate para la Magia! Habr\u00e1 un Nuevo Disney+","author":"zeromagazinemx","date":"2 de abril de 2024","format":false,"excerpt":"\u00a1Habr\u00e1 un nuevo Disney+ en la ciudad! A partir del 26 de junio, se fusionar\u00e1n los contenidos de entretenimiento general de Star+ y el deporte de ESPN en una \u00fanica plataforma. \u00a1Una experiencia de streaming incomparable que nos va a encantar! Para empezar, este nuevo Disney+ va a ser una\u2026","rel":"","context":"En \u00abBlog\u00bb","block_context":{"text":"Blog","link":"https:\/\/zeromagazine.mx\/index.php\/category\/blog\/"},"img":{"alt_text":"","src":"https:\/\/i0.wp.com\/zeromagazine.mx\/wp-content\/uploads\/2024\/04\/image001-1.jpg?fit=1200%2C675&ssl=1&resize=350%2C200","width":350,"height":200,"srcset":"https:\/\/i0.wp.com\/zeromagazine.mx\/wp-content\/uploads\/2024\/04\/image001-1.jpg?fit=1200%2C675&ssl=1&resize=350%2C200 1x, https:\/\/i0.wp.com\/zeromagazine.mx\/wp-content\/uploads\/2024\/04\/image001-1.jpg?fit=1200%2C675&ssl=1&resize=525%2C300 1.5x, https:\/\/i0.wp.com\/zeromagazine.mx\/wp-content\/uploads\/2024\/04\/image001-1.jpg?fit=1200%2C675&ssl=1&resize=700%2C400 2x, https:\/\/i0.wp.com\/zeromagazine.mx\/wp-content\/uploads\/2024\/04\/image001-1.jpg?fit=1200%2C675&ssl=1&resize=1050%2C600 3x"},"classes":[]},{"id":119013,"url":"https:\/\/zeromagazine.mx\/index.php\/2026\/04\/18\/disney-cinemacon-2026-estrenos\/","url_meta":{"origin":52054,"position":2},"title":"Disney CinemaCon 2026 arrasa","author":"zeromagazinemx","date":"18 de abril de 2026","format":false,"excerpt":"Si hab\u00eda dudas de qui\u00e9n domina el cine global, The Walt Disney Studios lleg\u00f3 a CinemaCon 2026 a dejarlo clar\u00edsimo: vienen con TODO. Entre anuncios, adelantos exclusivos y apariciones sorpresa, el estudio solt\u00f3 una alineaci\u00f3n que mezcla nostalgia, franquicias gigantes y nuevas apuestas que ya est\u00e1n generando hype. Y s\u00ed,\u2026","rel":"","context":"En \u00abBlog\u00bb","block_context":{"text":"Blog","link":"https:\/\/zeromagazine.mx\/index.php\/category\/blog\/"},"img":{"alt_text":"","src":"https:\/\/i0.wp.com\/zeromagazine.mx\/wp-content\/uploads\/2026\/04\/image-6.png?resize=350%2C200&ssl=1","width":350,"height":200,"srcset":"https:\/\/i0.wp.com\/zeromagazine.mx\/wp-content\/uploads\/2026\/04\/image-6.png?resize=350%2C200&ssl=1 1x, https:\/\/i0.wp.com\/zeromagazine.mx\/wp-content\/uploads\/2026\/04\/image-6.png?resize=525%2C300&ssl=1 1.5x, https:\/\/i0.wp.com\/zeromagazine.mx\/wp-content\/uploads\/2026\/04\/image-6.png?resize=700%2C400&ssl=1 2x"},"classes":[]},{"id":74280,"url":"https:\/\/zeromagazine.mx\/index.php\/2024\/04\/18\/star-wars-x-diablos-rojos\/","url_meta":{"origin":52054,"position":3},"title":"\u00a1Star Wars x Diablos Rojos!","author":"zeromagazinemx","date":"18 de abril de 2024","format":false,"excerpt":"The Walt Disney Company M\u00e9xico y Los Diablos Rojos del M\u00e9xico est\u00e1n lanzando una l\u00ednea de ropa alucinante inspirada en Star Wars. \u00a1S\u00ed, escuchaste bien! As\u00ed que prep\u00e1rate para llevar el poder de la Fuerza a otro nivel mientras apoyamos a nuestro equipo favorito. Para empezar, ayer tuvo lugar un\u2026","rel":"","context":"En \u00abDise\u00f1o\u00bb","block_context":{"text":"Dise\u00f1o","link":"https:\/\/zeromagazine.mx\/index.php\/category\/diseno\/"},"img":{"alt_text":"","src":"https:\/\/i0.wp.com\/zeromagazine.mx\/wp-content\/uploads\/2024\/04\/image001-2.jpg?fit=1074%2C1069&ssl=1&resize=350%2C200","width":350,"height":200,"srcset":"https:\/\/i0.wp.com\/zeromagazine.mx\/wp-content\/uploads\/2024\/04\/image001-2.jpg?fit=1074%2C1069&ssl=1&resize=350%2C200 1x, https:\/\/i0.wp.com\/zeromagazine.mx\/wp-content\/uploads\/2024\/04\/image001-2.jpg?fit=1074%2C1069&ssl=1&resize=525%2C300 1.5x, https:\/\/i0.wp.com\/zeromagazine.mx\/wp-content\/uploads\/2024\/04\/image001-2.jpg?fit=1074%2C1069&ssl=1&resize=700%2C400 2x, https:\/\/i0.wp.com\/zeromagazine.mx\/wp-content\/uploads\/2024\/04\/image001-2.jpg?fit=1074%2C1069&ssl=1&resize=1050%2C600 3x"},"classes":[]},{"id":51355,"url":"https:\/\/zeromagazine.mx\/index.php\/2021\/08\/02\/star-el-nuevo-servicio-de-streaming-llega-a-mexico\/","url_meta":{"origin":52054,"position":4},"title":"Star+, el nuevo servicio de streaming llega a M\u00e9xico","author":"zeromagazinemx","date":"2 de agosto de 2021","format":false,"excerpt":"Este pr\u00f3ximo 31 de agosto se llevar\u00e1 a cabo el lanzamiento del nuevo servicio de streaming de The Walt Disney Company Latin America. Por Mayra Torres Star+ es el nuevo servicio de streaming de entretenimiento general y deportes dirigido al p\u00fablico adulto, su lanzamiento ser\u00e1 el pr\u00f3ximo 31 de agosto\u2026","rel":"","context":"En \u00abEntretenimiento\u00bb","block_context":{"text":"Entretenimiento","link":"https:\/\/zeromagazine.mx\/index.php\/category\/entretenimiento\/"},"img":{"alt_text":"","src":"","width":0,"height":0},"classes":[]},{"id":53221,"url":"https:\/\/zeromagazine.mx\/index.php\/2021\/08\/31\/star-llego-a-latinoamerica\/","url_meta":{"origin":52054,"position":5},"title":"Star + lleg\u00f3 a Latinoam\u00e9rica","author":"zeromagazinemx","date":"31 de agosto de 2021","format":false,"excerpt":"El nuevo servicio de streaming contar\u00e1 con contenido para el p\u00fablico adulto, con una gran variedad de contenido, desde deportes hasta documentales. Photo by cottonbro on Pexels.com Por Moises Kushelevich Star+ es el nuevo servicio de streaming para el p\u00fablico adulto y los amantes del deporte que ofrece todo el\u2026","rel":"","context":"En \u00abCine\u00bb","block_context":{"text":"Cine","link":"https:\/\/zeromagazine.mx\/index.php\/category\/entretenimiento\/cine\/"},"img":{"alt_text":"","src":"","width":0,"height":0},"classes":[]}],"jetpack_sharing_enabled":true,"builder_content":"","_links":{"self":[{"href":"https:\/\/zeromagazine.mx\/index.php\/wp-json\/wp\/v2\/posts\/52054","targetHints":{"allow":["GET"]}}],"collection":[{"href":"https:\/\/zeromagazine.mx\/index.php\/wp-json\/wp\/v2\/posts"}],"about":[{"href":"https:\/\/zeromagazine.mx\/index.php\/wp-json\/wp\/v2\/types\/post"}],"author":[{"embeddable":true,"href":"https:\/\/zeromagazine.mx\/index.php\/wp-json\/wp\/v2\/users\/2"}],"replies":[{"embeddable":true,"href":"https:\/\/zeromagazine.mx\/index.php\/wp-json\/wp\/v2\/comments?post=52054"}],"version-history":[{"count":0,"href":"https:\/\/zeromagazine.mx\/index.php\/wp-json\/wp\/v2\/posts\/52054\/revisions"}],"wp:featuredmedia":[{"embeddable":true,"href":"https:\/\/zeromagazine.mx\/index.php\/wp-json\/"}],"wp:attachment":[{"href":"https:\/\/zeromagazine.mx\/index.php\/wp-json\/wp\/v2\/media?parent=52054"}],"wp:term":[{"taxonomy":"category","embeddable":true,"href":"https:\/\/zeromagazine.mx\/index.php\/wp-json\/wp\/v2\/categories?post=52054"},{"taxonomy":"post_tag","embeddable":true,"href":"https:\/\/zeromagazine.mx\/index.php\/wp-json\/wp\/v2\/tags?post=52054"}],"curies":[{"name":"wp","href":"https:\/\/api.w.org\/{rel}","templated":true}]}}