{"id":52158,"date":"2021-08-16T14:00:00","date_gmt":"2021-08-16T19:00:00","guid":{"rendered":"https:\/\/atomic-temporary-84115225.wpcomstaging.com\/?p=52158"},"modified":"2021-08-16T14:00:00","modified_gmt":"2021-08-16T19:00:00","slug":"entrevista-a-anahi-davila","status":"publish","type":"post","link":"https:\/\/zeromagazine.mx\/index.php\/2021\/08\/16\/entrevista-a-anahi-davila\/","title":{"rendered":"Entrevista a Anah\u00ed D\u00e1vila"},"content":{"rendered":"\n<p><strong>Anah\u00ed D\u00e1vila<\/strong> Naci\u00f3 en Monterrey, Nuevo Le\u00f3n, M\u00e9xico, con una <em>Licenciatura en Publicidad<\/em> en la <strong><em>Facultad de Ciencias de la Comunicaci\u00f3n<\/em><\/strong> de la <strong>UANL<\/strong>, con un <em>Diplomado en Arte Dram\u00e1tico<\/em> en la escuela de <strong><em>Teatro de la Facultad de Filosof\u00eda y Letras<\/em><\/strong> de la <strong>UANL<\/strong>. Comienza su carrera haciendo diferentes proyectos de teatro, series de tv y cine; y es gracias a su participaci\u00f3n en la pel\u00edcula<strong><em> \u00abDos Veces Tu\u00bb<\/em><\/strong> que recibi\u00f3 una nominaci\u00f3n a <strong><em>Mejor Actriz<\/em><\/strong> en el <strong>Vasteras Film Festival<\/strong> en <strong><em>Suecia 2019<\/em><\/strong>; la cual ahora la podemos disfrutar en <strong>Netflix<\/strong>.<\/p>\n\n\n\n<div class=\"wp-block-image coblocks-animate\"><figure class=\"aligncenter size-large\"><a href=\"https:\/\/i0.wp.com\/zeromagazinemx.wpcomstaging.com\/wp-content\/uploads\/2022\/02\/6749e-dsc2106-copy.jpg?ssl=1\"><img data-recalc-dims=\"1\" decoding=\"async\" src=\"https:\/\/i0.wp.com\/zeromagazinemx.wpcomstaging.com\/wp-content\/uploads\/2022\/02\/6749e-dsc2106-copy.jpg?w=1165&#038;ssl=1\" alt=\"\" class=\"wp-image-52164\" \/><\/a><\/figure><\/div>\n\n\n\n<div class=\"wp-block-buttons is-layout-flex wp-block-buttons-is-layout-flex\">\n<div class=\"wp-block-button is-style-outline is-style-outline--1\"><a class=\"wp-block-button__link\">Por Pepe P\u00e9rez<\/a><\/div>\n<\/div>\n\n\n\n<p><strong>Plat\u00edcanos, \u00bfc\u00f3mo fueron tus inicios en el mundo de la actuaci\u00f3n?&nbsp;<\/strong><\/p>\n\n\n\n<p>En realidad todo comenz\u00f3 cuando era ni\u00f1a, yo ten\u00eda muchas ganas de ser actriz, a veces le llamaba a mi pap\u00e1 llorando pero obviamente actuando y \u00e9l se asustaba, creo que siempre lo ten\u00eda pero de una manera m\u00e1s inconsciente y pues yo estudiaba en la<strong> Universidad Aut\u00f3noma de Nuevo Le\u00f3n (UANL) <\/strong>y hab\u00eda un grupo de teatro y por un momento considere tom\u00e1rmelo en serio y hubo alguien muy especial que un d\u00eda platicando me dijo: <em>Oye Anah\u00ed, \u00bfy si en verdad te lo tomas en serio?<\/em>; y pues lo que pasa es que mis amigos si se re\u00edan y me dec\u00edan que era un sue\u00f1o muy \u201c<em>guajiro<\/em>\u201d, muy lejano y si, si era un sue\u00f1o muy lejano para alguien como yo, sin embargo, cuando me gradu\u00e9 de la licenciatura me met\u00ed a un diplomado de <em><strong>Arte dram\u00e1tico<\/strong><\/em> y me di cuenta que ese era mi mundo y ah\u00ed me qued\u00e9 y decid\u00ed mudarme a la CDMX para darle m\u00e1s diversidad a mi carrera.<\/p>\n\n\n\n<div class=\"wp-block-image coblocks-animate\"><figure class=\"aligncenter size-large\"><a href=\"https:\/\/i0.wp.com\/zeromagazinemx.wpcomstaging.com\/wp-content\/uploads\/2022\/02\/c1446-dsc2222-copy.jpg?ssl=1\"><img data-recalc-dims=\"1\" decoding=\"async\" src=\"https:\/\/i0.wp.com\/zeromagazinemx.wpcomstaging.com\/wp-content\/uploads\/2022\/02\/c1446-dsc2222-copy.jpg?w=1165&#038;ssl=1\" alt=\"\" class=\"wp-image-52166\" \/><\/a><\/figure><\/div>\n\n\n\n\n\n<p><strong>\u00bfSiempre tuviste en tus planes que te quer\u00edas dedicar a esta profesi\u00f3n?<\/strong><\/p>\n\n\n\n<p>En realidad, no era algo que yo me tomaba en serio, y te voy a decir porque, tal vez va a sonar feo que diga esto, pero pues siendo mujer, siendo del norte, de alguna manera, no quiero generalizar pero muchas veces la educaci\u00f3n all\u00e1 es: <em>\u00a1No importa lo que hagas Anah\u00ed, como quiera vas a estar con tu esposo que te va a mantener!, No va a depender de ti sobrevivir;<\/em> como a depender del hombre siempre, entonces es algo con lo que yo no estaba de acuerdo, porque yo tambi\u00e9n quer\u00eda hacer cosas y es lo m\u00e1s raro, mi mam\u00e1 es muy trabajadora, tengo t\u00edas muy trabajadoras pero si es algo que se acostumbra mucho all\u00e1, es muy casual que abandones tus sue\u00f1os, tu trabajo a la hora de casarte para dedicarte a tus hijos, y no es algo que juzgo, la verdad yo puedo ver el trabajo s\u00faper arduo que es eso, pero en realidad yo si quer\u00eda algo diferente para m\u00ed, m\u00e1s bien era algo que quer\u00eda intentar, yo no me quer\u00eda arrepentir de no haber intentado mis sue\u00f1os y pues no me arrepiento de las decisiones que he tomado, las volver\u00eda a tomar.\u00a0<\/p>\n\n\n\n<div class=\"wp-block-image coblocks-animate\"><figure class=\"aligncenter size-large\"><a href=\"https:\/\/i0.wp.com\/zeromagazinemx.wpcomstaging.com\/wp-content\/uploads\/2022\/02\/fb28e-dsc2113-copy.jpg?ssl=1\"><img data-recalc-dims=\"1\" decoding=\"async\" src=\"https:\/\/i0.wp.com\/zeromagazinemx.wpcomstaging.com\/wp-content\/uploads\/2022\/02\/fb28e-dsc2113-copy.jpg?w=1165&#038;ssl=1\" alt=\"\" class=\"wp-image-52168\" \/><\/a><\/figure><\/div>\n\n\n\n\n\n<p><strong>\u00bfC\u00f3mo fueron tus inicios cuando llegaste a la CDMX?<\/strong><\/p>\n\n\n\n<p>Bueno, soy una actriz que naci\u00f3 en el teatro, pero cuando lleg\u00f3 a la CDMX no conoc\u00eda a nadie y empec\u00e9 a tomar muchos talleres y empec\u00e9 a conocer gente del teatro y haciendo teatro, pero de pronto si me empezaban a salir m\u00e1s cortometrajes y largometrajes, ac\u00e1 si pod\u00eda darle esa diversidad a mi carrera, hacia comerciales, cortos para estudiantes, que es algo que me parece bastante importante trabajar con los futuros cineastas del pa\u00eds, aprender junto con ellos, tener esa diversidad en la carrera, hacer teatro, cine, series de televisi\u00f3n; que sigo manteniendo y me gustar\u00eda mantenerla siempre.<\/p>\n\n\n\n<div class=\"wp-block-image coblocks-animate\"><figure class=\"aligncenter size-large\"><a href=\"https:\/\/i0.wp.com\/zeromagazinemx.wpcomstaging.com\/wp-content\/uploads\/2022\/02\/a5949-dsc2096-copy.jpg?ssl=1\"><img data-recalc-dims=\"1\" decoding=\"async\" src=\"https:\/\/i0.wp.com\/zeromagazinemx.wpcomstaging.com\/wp-content\/uploads\/2022\/02\/a5949-dsc2096-copy.jpg?w=1165&#038;ssl=1\" alt=\"\" class=\"wp-image-52170\" \/><\/a><\/figure><\/div>\n\n\n\n\n\n<p><strong>Cu\u00e9ntanos sobre la pel\u00edcula \u201cDos Veces T\u00fa\u201d, en la cual participas.<\/strong><\/p>\n\n\n\n<p>La pel\u00edcula trata de dos primas que son muy unidas, son mejores amigas, almas gemelas por as\u00ed decirlo, que est\u00e1n en una boda y deciden intercambiar a los maridos, solo por diversi\u00f3n, viven en el mismo edificio, obviamente en departamentos separados, entonces al cambiar de marido van con el marido de la otra en su coche de regreso de la fiesta, mi personaje que es <em>Tania Cohen <\/em>iba con el esposo de mi prima<em> Daniela Cohen<\/em> (<strong>Melissa Barrera<\/strong>), entonces surge un accidente y ah\u00ed empieza el punto de partida, porque hay una pareja dispareja que muere y las pregunta es \u00bfQu\u00e9 va a pasar con esta pareja dispareja? Que es la que no tuvo el accidente, la historia empieza a jugar con las realidades alternas, con las realidades paralelas. Es una historia muy interesante, una propuesta diferente, por eso quiero invitar a la gente a que la vea ahora que lleg\u00f3 a <strong>Netflix<\/strong>, que no es cualquier plataforma.<\/p>\n\n\n\n<p>Yo entr\u00e9 dos semanas antes de que empezaran la pel\u00edcula, mi personaje de <em>Tania <\/em>no lo encontraban y de pronto <strong>Roci\u00f3 Belmont<\/strong> lleg\u00f3 conmigo y me pregunt\u00f3 si quer\u00eda ir a un casting de una pel\u00edcula, fui y me qued\u00e9 con el papel.<\/p>\n\n\n\n<p class=\"has-text-align-center\"><strong>Redes Sociales:<\/strong><\/p>\n\n\n\n<p class=\"has-text-align-center\"><strong>Instagram:<\/strong> <em>@anahidavilaact<\/em> | <strong>Facebook:<\/strong> <em>Anah\u00ed D\u00e1vila<\/em> | <strong>Twitter:<\/strong> <em>@anahidavilaact<\/em><\/p>\n\n\n<!--themify_builder_content-->\n<div id=\"themify_builder_content-52158\" data-postid=\"52158\" class=\"themify_builder_content themify_builder_content-52158 themify_builder tf_clear\">\n    <\/div>\n<!--\/themify_builder_content-->\n","protected":false},"excerpt":{"rendered":"<p>Anah\u00ed D\u00e1vila Naci\u00f3 en Monterrey, Nuevo Le\u00f3n, M\u00e9xico, con una Licenciatura en Publicidad en la Facultad de Ciencias de la Comunicaci\u00f3n de la UANL, con un Diplomado en Arte Dram\u00e1tico en la escuela de Teatro de la Facultad de Filosof\u00eda y Letras de la UANL. Comienza su carrera haciendo diferentes proyectos de teatro, series de [&hellip;]<\/p>\n","protected":false},"author":2,"featured_media":52163,"comment_status":"open","ping_status":"open","sticky":false,"template":"","format":"standard","meta":{"_jetpack_memberships_contains_paid_content":false,"footnotes":"","jetpack_publicize_message":"#Entrevista | Platicamos con Anah\u00ed D\u00e1vila acerca de sus inicios y proyectos en la actuaci\u00f3n. Puedes verla en la pel\u00edcula #DosVecesT\u00fa por Netflix.","jetpack_publicize_feature_enabled":true,"jetpack_social_post_already_shared":true,"jetpack_social_options":{"image_generator_settings":{"template":"highway","default_image_id":0,"font":"","enabled":false},"version":2}},"categories":[109,117,91,311],"tags":[3773,3774,3775,329,419,3776,3777,3778,3779,3780],"class_list":["post-52158","post","type-post","status-publish","format-standard","has-post-thumbnail","hentry","category-cine","category-entretenimiento","category-entrevistas","category-teatro","tag-anahi-davila","tag-arte-dramatico","tag-dos-veces-tu","tag-entrevista","tag-mejor-actriz","tag-melissa-barrera","tag-rocio-belmont","tag-suecia-2019","tag-uanl","tag-vasteras-film-festival","has-post-title","has-post-date","has-post-category","has-post-tag","has-post-comment","has-post-author",""],"yoast_head":"<!-- This site is optimized with the Yoast SEO plugin v27.5 - https:\/\/yoast.com\/product\/yoast-seo-wordpress\/ -->\n<title>Entrevista a Anah\u00ed D\u00e1vila - Zero Magazine<\/title>\n<meta name=\"robots\" content=\"index, follow, max-snippet:-1, max-image-preview:large, max-video-preview:-1\" \/>\n<link rel=\"canonical\" href=\"https:\/\/zeromagazine.mx\/index.php\/2021\/08\/16\/entrevista-a-anahi-davila\/\" \/>\n<meta property=\"og:locale\" content=\"es_ES\" \/>\n<meta property=\"og:type\" content=\"article\" \/>\n<meta property=\"og:title\" content=\"Entrevista a Anah\u00ed D\u00e1vila - Zero Magazine\" \/>\n<meta property=\"og:description\" content=\"Anah\u00ed D\u00e1vila Naci\u00f3 en Monterrey, Nuevo Le\u00f3n, M\u00e9xico, con una Licenciatura en Publicidad en la Facultad de Ciencias de la Comunicaci\u00f3n de la UANL, con un Diplomado en Arte Dram\u00e1tico en la escuela de Teatro de la Facultad de Filosof\u00eda y Letras de la UANL. Comienza su carrera haciendo diferentes proyectos de teatro, series de [&hellip;]\" \/>\n<meta property=\"og:url\" content=\"https:\/\/zeromagazine.mx\/index.php\/2021\/08\/16\/entrevista-a-anahi-davila\/\" \/>\n<meta property=\"og:site_name\" content=\"Zero Magazine\" \/>\n<meta property=\"article:published_time\" content=\"2021-08-16T19:00:00+00:00\" \/>\n<meta name=\"author\" content=\"zeromagazinemx\" \/>\n<meta name=\"twitter:card\" content=\"summary_large_image\" \/>\n<meta name=\"twitter:label1\" content=\"Escrito por\" \/>\n\t<meta name=\"twitter:data1\" content=\"zeromagazinemx\" \/>\n\t<meta name=\"twitter:label2\" content=\"Tiempo de lectura\" \/>\n\t<meta name=\"twitter:data2\" content=\"4 minutos\" \/>\n<script type=\"application\/ld+json\" class=\"yoast-schema-graph\">{\"@context\":\"https:\\\/\\\/schema.org\",\"@graph\":[{\"@type\":\"Article\",\"@id\":\"https:\\\/\\\/zeromagazine.mx\\\/index.php\\\/2021\\\/08\\\/16\\\/entrevista-a-anahi-davila\\\/#article\",\"isPartOf\":{\"@id\":\"https:\\\/\\\/zeromagazine.mx\\\/index.php\\\/2021\\\/08\\\/16\\\/entrevista-a-anahi-davila\\\/\"},\"author\":{\"name\":\"zeromagazinemx\",\"@id\":\"https:\\\/\\\/zeromagazine.mx\\\/#\\\/schema\\\/person\\\/9aed9f33a7c39af3a348b86d723f7773\"},\"headline\":\"Entrevista a Anah\u00ed D\u00e1vila\",\"datePublished\":\"2021-08-16T19:00:00+00:00\",\"mainEntityOfPage\":{\"@id\":\"https:\\\/\\\/zeromagazine.mx\\\/index.php\\\/2021\\\/08\\\/16\\\/entrevista-a-anahi-davila\\\/\"},\"wordCount\":876,\"commentCount\":0,\"publisher\":{\"@id\":\"https:\\\/\\\/zeromagazine.mx\\\/#organization\"},\"image\":{\"@id\":\"https:\\\/\\\/zeromagazine.mx\\\/index.php\\\/2021\\\/08\\\/16\\\/entrevista-a-anahi-davila\\\/#primaryimage\"},\"thumbnailUrl\":\"\",\"keywords\":[\"Anah\u00ed D\u00e1vila\",\"Arte dram\u00e1tico\",\"Dos Veces Tu\",\"Entrevista\",\"Mejor Actriz\",\"Melissa Barrera\",\"Roci\u00f3 Belmont\",\"Suecia 2019\",\"UANL\",\"Vasteras Film Festival\"],\"articleSection\":[\"Cine\",\"Entretenimiento\",\"Entrevistas\",\"Teatro\"],\"inLanguage\":\"es\",\"potentialAction\":[{\"@type\":\"CommentAction\",\"name\":\"Comment\",\"target\":[\"https:\\\/\\\/zeromagazine.mx\\\/index.php\\\/2021\\\/08\\\/16\\\/entrevista-a-anahi-davila\\\/#respond\"]}]},{\"@type\":\"WebPage\",\"@id\":\"https:\\\/\\\/zeromagazine.mx\\\/index.php\\\/2021\\\/08\\\/16\\\/entrevista-a-anahi-davila\\\/\",\"url\":\"https:\\\/\\\/zeromagazine.mx\\\/index.php\\\/2021\\\/08\\\/16\\\/entrevista-a-anahi-davila\\\/\",\"name\":\"Entrevista a Anah\u00ed D\u00e1vila - Zero Magazine\",\"isPartOf\":{\"@id\":\"https:\\\/\\\/zeromagazine.mx\\\/#website\"},\"primaryImageOfPage\":{\"@id\":\"https:\\\/\\\/zeromagazine.mx\\\/index.php\\\/2021\\\/08\\\/16\\\/entrevista-a-anahi-davila\\\/#primaryimage\"},\"image\":{\"@id\":\"https:\\\/\\\/zeromagazine.mx\\\/index.php\\\/2021\\\/08\\\/16\\\/entrevista-a-anahi-davila\\\/#primaryimage\"},\"thumbnailUrl\":\"\",\"datePublished\":\"2021-08-16T19:00:00+00:00\",\"breadcrumb\":{\"@id\":\"https:\\\/\\\/zeromagazine.mx\\\/index.php\\\/2021\\\/08\\\/16\\\/entrevista-a-anahi-davila\\\/#breadcrumb\"},\"inLanguage\":\"es\",\"potentialAction\":[{\"@type\":\"ReadAction\",\"target\":[\"https:\\\/\\\/zeromagazine.mx\\\/index.php\\\/2021\\\/08\\\/16\\\/entrevista-a-anahi-davila\\\/\"]}]},{\"@type\":\"ImageObject\",\"inLanguage\":\"es\",\"@id\":\"https:\\\/\\\/zeromagazine.mx\\\/index.php\\\/2021\\\/08\\\/16\\\/entrevista-a-anahi-davila\\\/#primaryimage\",\"url\":\"\",\"contentUrl\":\"\"},{\"@type\":\"BreadcrumbList\",\"@id\":\"https:\\\/\\\/zeromagazine.mx\\\/index.php\\\/2021\\\/08\\\/16\\\/entrevista-a-anahi-davila\\\/#breadcrumb\",\"itemListElement\":[{\"@type\":\"ListItem\",\"position\":1,\"name\":\"Portada\",\"item\":\"https:\\\/\\\/zeromagazine.mx\\\/\"},{\"@type\":\"ListItem\",\"position\":2,\"name\":\"Entrevista a Anah\u00ed D\u00e1vila\"}]},{\"@type\":\"WebSite\",\"@id\":\"https:\\\/\\\/zeromagazine.mx\\\/#website\",\"url\":\"https:\\\/\\\/zeromagazine.mx\\\/\",\"name\":\"Zero Magazine\",\"description\":\"\",\"publisher\":{\"@id\":\"https:\\\/\\\/zeromagazine.mx\\\/#organization\"},\"potentialAction\":[{\"@type\":\"SearchAction\",\"target\":{\"@type\":\"EntryPoint\",\"urlTemplate\":\"https:\\\/\\\/zeromagazine.mx\\\/?s={search_term_string}\"},\"query-input\":{\"@type\":\"PropertyValueSpecification\",\"valueRequired\":true,\"valueName\":\"search_term_string\"}}],\"inLanguage\":\"es\"},{\"@type\":\"Organization\",\"@id\":\"https:\\\/\\\/zeromagazine.mx\\\/#organization\",\"name\":\"Zero Magazine\",\"url\":\"https:\\\/\\\/zeromagazine.mx\\\/\",\"logo\":{\"@type\":\"ImageObject\",\"inLanguage\":\"es\",\"@id\":\"https:\\\/\\\/zeromagazine.mx\\\/#\\\/schema\\\/logo\\\/image\\\/\",\"url\":\"https:\\\/\\\/i0.wp.com\\\/zeromagazine.mx\\\/wp-content\\\/uploads\\\/2025\\\/11\\\/1.jpeg?fit=1000%2C1000&ssl=1\",\"contentUrl\":\"https:\\\/\\\/i0.wp.com\\\/zeromagazine.mx\\\/wp-content\\\/uploads\\\/2025\\\/11\\\/1.jpeg?fit=1000%2C1000&ssl=1\",\"width\":1000,\"height\":1000,\"caption\":\"Zero Magazine\"},\"image\":{\"@id\":\"https:\\\/\\\/zeromagazine.mx\\\/#\\\/schema\\\/logo\\\/image\\\/\"},\"sameAs\":[\"https:\\\/\\\/instagram.com\\\/zeromagazinemx\"]},{\"@type\":\"Person\",\"@id\":\"https:\\\/\\\/zeromagazine.mx\\\/#\\\/schema\\\/person\\\/9aed9f33a7c39af3a348b86d723f7773\",\"name\":\"zeromagazinemx\",\"image\":{\"@type\":\"ImageObject\",\"inLanguage\":\"es\",\"@id\":\"https:\\\/\\\/zeromagazine.mx\\\/wp-content\\\/litespeed\\\/avatar\\\/f91dfe5410d5dcb1a576bf8c45983896.jpg?ver=1777571230\",\"url\":\"https:\\\/\\\/zeromagazine.mx\\\/wp-content\\\/litespeed\\\/avatar\\\/f91dfe5410d5dcb1a576bf8c45983896.jpg?ver=1777571230\",\"contentUrl\":\"https:\\\/\\\/zeromagazine.mx\\\/wp-content\\\/litespeed\\\/avatar\\\/f91dfe5410d5dcb1a576bf8c45983896.jpg?ver=1777571230\",\"caption\":\"zeromagazinemx\"},\"url\":\"https:\\\/\\\/zeromagazine.mx\\\/index.php\\\/author\\\/zeromagazinemx\\\/\"}]}<\/script>\n<!-- \/ Yoast SEO plugin. -->","yoast_head_json":{"title":"Entrevista a Anah\u00ed D\u00e1vila - Zero Magazine","robots":{"index":"index","follow":"follow","max-snippet":"max-snippet:-1","max-image-preview":"max-image-preview:large","max-video-preview":"max-video-preview:-1"},"canonical":"https:\/\/zeromagazine.mx\/index.php\/2021\/08\/16\/entrevista-a-anahi-davila\/","og_locale":"es_ES","og_type":"article","og_title":"Entrevista a Anah\u00ed D\u00e1vila - Zero Magazine","og_description":"Anah\u00ed D\u00e1vila Naci\u00f3 en Monterrey, Nuevo Le\u00f3n, M\u00e9xico, con una Licenciatura en Publicidad en la Facultad de Ciencias de la Comunicaci\u00f3n de la UANL, con un Diplomado en Arte Dram\u00e1tico en la escuela de Teatro de la Facultad de Filosof\u00eda y Letras de la UANL. Comienza su carrera haciendo diferentes proyectos de teatro, series de [&hellip;]","og_url":"https:\/\/zeromagazine.mx\/index.php\/2021\/08\/16\/entrevista-a-anahi-davila\/","og_site_name":"Zero Magazine","article_published_time":"2021-08-16T19:00:00+00:00","author":"zeromagazinemx","twitter_card":"summary_large_image","twitter_misc":{"Escrito por":"zeromagazinemx","Tiempo de lectura":"4 minutos"},"schema":{"@context":"https:\/\/schema.org","@graph":[{"@type":"Article","@id":"https:\/\/zeromagazine.mx\/index.php\/2021\/08\/16\/entrevista-a-anahi-davila\/#article","isPartOf":{"@id":"https:\/\/zeromagazine.mx\/index.php\/2021\/08\/16\/entrevista-a-anahi-davila\/"},"author":{"name":"zeromagazinemx","@id":"https:\/\/zeromagazine.mx\/#\/schema\/person\/9aed9f33a7c39af3a348b86d723f7773"},"headline":"Entrevista a Anah\u00ed D\u00e1vila","datePublished":"2021-08-16T19:00:00+00:00","mainEntityOfPage":{"@id":"https:\/\/zeromagazine.mx\/index.php\/2021\/08\/16\/entrevista-a-anahi-davila\/"},"wordCount":876,"commentCount":0,"publisher":{"@id":"https:\/\/zeromagazine.mx\/#organization"},"image":{"@id":"https:\/\/zeromagazine.mx\/index.php\/2021\/08\/16\/entrevista-a-anahi-davila\/#primaryimage"},"thumbnailUrl":"","keywords":["Anah\u00ed D\u00e1vila","Arte dram\u00e1tico","Dos Veces Tu","Entrevista","Mejor Actriz","Melissa Barrera","Roci\u00f3 Belmont","Suecia 2019","UANL","Vasteras Film Festival"],"articleSection":["Cine","Entretenimiento","Entrevistas","Teatro"],"inLanguage":"es","potentialAction":[{"@type":"CommentAction","name":"Comment","target":["https:\/\/zeromagazine.mx\/index.php\/2021\/08\/16\/entrevista-a-anahi-davila\/#respond"]}]},{"@type":"WebPage","@id":"https:\/\/zeromagazine.mx\/index.php\/2021\/08\/16\/entrevista-a-anahi-davila\/","url":"https:\/\/zeromagazine.mx\/index.php\/2021\/08\/16\/entrevista-a-anahi-davila\/","name":"Entrevista a Anah\u00ed D\u00e1vila - Zero Magazine","isPartOf":{"@id":"https:\/\/zeromagazine.mx\/#website"},"primaryImageOfPage":{"@id":"https:\/\/zeromagazine.mx\/index.php\/2021\/08\/16\/entrevista-a-anahi-davila\/#primaryimage"},"image":{"@id":"https:\/\/zeromagazine.mx\/index.php\/2021\/08\/16\/entrevista-a-anahi-davila\/#primaryimage"},"thumbnailUrl":"","datePublished":"2021-08-16T19:00:00+00:00","breadcrumb":{"@id":"https:\/\/zeromagazine.mx\/index.php\/2021\/08\/16\/entrevista-a-anahi-davila\/#breadcrumb"},"inLanguage":"es","potentialAction":[{"@type":"ReadAction","target":["https:\/\/zeromagazine.mx\/index.php\/2021\/08\/16\/entrevista-a-anahi-davila\/"]}]},{"@type":"ImageObject","inLanguage":"es","@id":"https:\/\/zeromagazine.mx\/index.php\/2021\/08\/16\/entrevista-a-anahi-davila\/#primaryimage","url":"","contentUrl":""},{"@type":"BreadcrumbList","@id":"https:\/\/zeromagazine.mx\/index.php\/2021\/08\/16\/entrevista-a-anahi-davila\/#breadcrumb","itemListElement":[{"@type":"ListItem","position":1,"name":"Portada","item":"https:\/\/zeromagazine.mx\/"},{"@type":"ListItem","position":2,"name":"Entrevista a Anah\u00ed D\u00e1vila"}]},{"@type":"WebSite","@id":"https:\/\/zeromagazine.mx\/#website","url":"https:\/\/zeromagazine.mx\/","name":"Zero Magazine","description":"","publisher":{"@id":"https:\/\/zeromagazine.mx\/#organization"},"potentialAction":[{"@type":"SearchAction","target":{"@type":"EntryPoint","urlTemplate":"https:\/\/zeromagazine.mx\/?s={search_term_string}"},"query-input":{"@type":"PropertyValueSpecification","valueRequired":true,"valueName":"search_term_string"}}],"inLanguage":"es"},{"@type":"Organization","@id":"https:\/\/zeromagazine.mx\/#organization","name":"Zero Magazine","url":"https:\/\/zeromagazine.mx\/","logo":{"@type":"ImageObject","inLanguage":"es","@id":"https:\/\/zeromagazine.mx\/#\/schema\/logo\/image\/","url":"https:\/\/i0.wp.com\/zeromagazine.mx\/wp-content\/uploads\/2025\/11\/1.jpeg?fit=1000%2C1000&ssl=1","contentUrl":"https:\/\/i0.wp.com\/zeromagazine.mx\/wp-content\/uploads\/2025\/11\/1.jpeg?fit=1000%2C1000&ssl=1","width":1000,"height":1000,"caption":"Zero Magazine"},"image":{"@id":"https:\/\/zeromagazine.mx\/#\/schema\/logo\/image\/"},"sameAs":["https:\/\/instagram.com\/zeromagazinemx"]},{"@type":"Person","@id":"https:\/\/zeromagazine.mx\/#\/schema\/person\/9aed9f33a7c39af3a348b86d723f7773","name":"zeromagazinemx","image":{"@type":"ImageObject","inLanguage":"es","@id":"https:\/\/zeromagazine.mx\/wp-content\/litespeed\/avatar\/f91dfe5410d5dcb1a576bf8c45983896.jpg?ver=1777571230","url":"https:\/\/zeromagazine.mx\/wp-content\/litespeed\/avatar\/f91dfe5410d5dcb1a576bf8c45983896.jpg?ver=1777571230","contentUrl":"https:\/\/zeromagazine.mx\/wp-content\/litespeed\/avatar\/f91dfe5410d5dcb1a576bf8c45983896.jpg?ver=1777571230","caption":"zeromagazinemx"},"url":"https:\/\/zeromagazine.mx\/index.php\/author\/zeromagazinemx\/"}]}},"jetpack_publicize_connections":[],"jetpack_featured_media_url":"","jetpack-related-posts":[{"id":48086,"url":"https:\/\/zeromagazine.mx\/index.php\/2021\/06\/17\/entrevista-a-eduardo-trevino\/","url_meta":{"origin":52158,"position":0},"title":"Entrevista a Eduardo Trevi\u00f1o","author":"zeromagazinemx","date":"17 de junio de 2021","format":false,"excerpt":"Eduardo Trevi\u00f1o, actor y director de \u201cLa muestra de Cine Coahuila\u201d; nos viene a platicar un poco sobre su carrera de actuaci\u00f3n, donde sus \u00faltimas participaciones fueron en \u201cTe acuerdas de mi\u201d (Televisa) y Falsa Identidad 2 (Telemundo) y tambi\u00e9n nos cuenta sobre su \u201cWorkshop de Cine\u201d que se realizar\u00e1\u2026","rel":"","context":"En \u00abCine\u00bb","block_context":{"text":"Cine","link":"https:\/\/zeromagazine.mx\/index.php\/category\/entretenimiento\/cine\/"},"img":{"alt_text":"","src":"","width":0,"height":0},"classes":[]},{"id":56108,"url":"https:\/\/zeromagazine.mx\/index.php\/2021\/10\/17\/daniela-zavala-la-pandemia-nos-ha-vuelto-mas-creativos-y-nos-ha-brindado-nuevas-oportunidades\/","url_meta":{"origin":52158,"position":1},"title":"Daniela Zavala: \u201cla pandemia nos ha vuelto m\u00e1s creativos y nos ha brindado nuevas oportunidades\u201d","author":"zeromagazinemx","date":"17 de octubre de 2021","format":false,"excerpt":"Hace un par de d\u00edas tuvimos la oportunidad de tener una entrevista con la galardonada a mejor actriz, Daniela Zavala y nos platic\u00f3 un poco acerca de su carrera como actriz y como la pandemia la afecto positivamente en el \u00e1mbito profesional y la impulso a nuevos horizontes. Por Luis\u2026","rel":"","context":"En \u00abEntretenimiento\u00bb","block_context":{"text":"Entretenimiento","link":"https:\/\/zeromagazine.mx\/index.php\/category\/entretenimiento\/"},"img":{"alt_text":"","src":"https:\/\/i0.wp.com\/zeromagazinemx.wpcomstaging.com\/wp-content\/uploads\/2022\/02\/45f9e-daniela-zavala_wa-1.png?resize=350%2C200&ssl=1","width":350,"height":200,"srcset":"https:\/\/i0.wp.com\/zeromagazinemx.wpcomstaging.com\/wp-content\/uploads\/2022\/02\/45f9e-daniela-zavala_wa-1.png?resize=350%2C200&ssl=1 1x, https:\/\/i0.wp.com\/zeromagazinemx.wpcomstaging.com\/wp-content\/uploads\/2022\/02\/45f9e-daniela-zavala_wa-1.png?resize=525%2C300&ssl=1 1.5x, https:\/\/i0.wp.com\/zeromagazinemx.wpcomstaging.com\/wp-content\/uploads\/2022\/02\/45f9e-daniela-zavala_wa-1.png?resize=700%2C400&ssl=1 2x"},"classes":[]},{"id":72238,"url":"https:\/\/zeromagazine.mx\/index.php\/2024\/03\/18\/mirta-renee\/","url_meta":{"origin":52158,"position":2},"title":"Entrevista con Mirta Renee","author":"zeromagazinemx","date":"18 de marzo de 2024","format":false,"excerpt":"Hoy quiero compartir con ustedes una entrevista s\u00faper interesante que le hizo Israel Malvaez a Mirta Renee para nuestra revista digital cero Magazine. Esta entrevista est\u00e1 llena de insights sobre el mundo del arte y la actuaci\u00f3n, as\u00ed que prep\u00e1rense para un viaje emocionante a trav\u00e9s de las experiencias y\u2026","rel":"","context":"En \u00abEntrevistas\u00bb","block_context":{"text":"Entrevistas","link":"https:\/\/zeromagazine.mx\/index.php\/category\/entretenimiento\/entrevistas\/"},"img":{"alt_text":"","src":"https:\/\/i0.wp.com\/zeromagazine.mx\/wp-content\/uploads\/2024\/03\/WhatsApp-Image-2024-03-12-at-23.49.29.jpeg?fit=971%2C1200&ssl=1&resize=350%2C200","width":350,"height":200,"srcset":"https:\/\/i0.wp.com\/zeromagazine.mx\/wp-content\/uploads\/2024\/03\/WhatsApp-Image-2024-03-12-at-23.49.29.jpeg?fit=971%2C1200&ssl=1&resize=350%2C200 1x, https:\/\/i0.wp.com\/zeromagazine.mx\/wp-content\/uploads\/2024\/03\/WhatsApp-Image-2024-03-12-at-23.49.29.jpeg?fit=971%2C1200&ssl=1&resize=525%2C300 1.5x, https:\/\/i0.wp.com\/zeromagazine.mx\/wp-content\/uploads\/2024\/03\/WhatsApp-Image-2024-03-12-at-23.49.29.jpeg?fit=971%2C1200&ssl=1&resize=700%2C400 2x"},"classes":[]},{"id":80935,"url":"https:\/\/zeromagazine.mx\/index.php\/2024\/07\/29\/emilio-trevino-la-voz-mas-cool-se-apodera-de-la-pantalla\/","url_meta":{"origin":52158,"position":3},"title":"Emilio Trevi\u00f1o: La Voz M\u00e1s Cool Se Apodera de la Pantalla","author":"David Morales","date":"29 de julio de 2024","format":false,"excerpt":"Emilio Trevi\u00f1o es un talentoso actor y actor de doblaje que ha dejado una huella significativa en la industria del entretenimiento. Con m\u00e1s de 20 a\u00f1os de experiencia, Emilio ha participado en cine, televisi\u00f3n, teatro y doblaje, siempre destac\u00e1ndose por su pasi\u00f3n y dedicaci\u00f3n. En esta entrevista, Emilio nos compartir\u00e1\u2026","rel":"","context":"En \u00abPortada\u00bb","block_context":{"text":"Portada","link":"https:\/\/zeromagazine.mx\/index.php\/category\/portada\/"},"img":{"alt_text":"","src":"https:\/\/i0.wp.com\/zeromagazine.mx\/wp-content\/uploads\/2024\/07\/IMG_1300.png?fit=927%2C1200&ssl=1&resize=350%2C200","width":350,"height":200,"srcset":"https:\/\/i0.wp.com\/zeromagazine.mx\/wp-content\/uploads\/2024\/07\/IMG_1300.png?fit=927%2C1200&ssl=1&resize=350%2C200 1x, https:\/\/i0.wp.com\/zeromagazine.mx\/wp-content\/uploads\/2024\/07\/IMG_1300.png?fit=927%2C1200&ssl=1&resize=525%2C300 1.5x, https:\/\/i0.wp.com\/zeromagazine.mx\/wp-content\/uploads\/2024\/07\/IMG_1300.png?fit=927%2C1200&ssl=1&resize=700%2C400 2x"},"classes":[]},{"id":50017,"url":"https:\/\/zeromagazine.mx\/index.php\/2021\/07\/12\/regresan-los-teatreros-en-jaque-con-sexta-temporada\/","url_meta":{"origin":52158,"position":4},"title":"Regresan los \u201cTeatreros en Jaque\u201d con sexta temporada","author":"zeromagazinemx","date":"12 de julio de 2021","format":false,"excerpt":"Teatreros en Jaque regresa con su sexta temporada con grandes sorpresas para los amantes del teatro. Por Mayra Torres Paola G\u00f3mez, Mario Sep\u00falveda, Diego Medel, Luis Carlos Villareal y Reynolds Robledo tienen preparadas grandes sorpresas para los amantes del teatro con el regreso de Teatreros en Jaque. Esta temporada los\u2026","rel":"","context":"En \u00abEntretenimiento\u00bb","block_context":{"text":"Entretenimiento","link":"https:\/\/zeromagazine.mx\/index.php\/category\/entretenimiento\/"},"img":{"alt_text":"","src":"","width":0,"height":0},"classes":[]},{"id":54655,"url":"https:\/\/zeromagazine.mx\/index.php\/2021\/09\/15\/entrevista-a-adrian-vazquez\/","url_meta":{"origin":52158,"position":5},"title":"Entrevista a Adri\u00e1n V\u00e1zquez","author":"zeromagazinemx","date":"15 de septiembre de 2021","format":false,"excerpt":"Adri\u00e1n V\u00e1zquez, actor y director de la compa\u00f1\u00eda \u201cLos Tristes Tigres\u201d, egresado de la Universidad Veracruzana como Licenciado en Teatro, ha realizado m\u00e1s de veinte programas de certificaci\u00f3n y talleres relacionados con el Arte Esc\u00e9nico y Actuaci\u00f3n. Ahora, despu\u00e9s de cuatro a\u00f1os de su \u00faltima temporada larga, regresa al escenario\u2026","rel":"","context":"En \u00abEntretenimiento\u00bb","block_context":{"text":"Entretenimiento","link":"https:\/\/zeromagazine.mx\/index.php\/category\/entretenimiento\/"},"img":{"alt_text":"","src":"","width":0,"height":0},"classes":[]}],"jetpack_sharing_enabled":true,"builder_content":"","_links":{"self":[{"href":"https:\/\/zeromagazine.mx\/index.php\/wp-json\/wp\/v2\/posts\/52158","targetHints":{"allow":["GET"]}}],"collection":[{"href":"https:\/\/zeromagazine.mx\/index.php\/wp-json\/wp\/v2\/posts"}],"about":[{"href":"https:\/\/zeromagazine.mx\/index.php\/wp-json\/wp\/v2\/types\/post"}],"author":[{"embeddable":true,"href":"https:\/\/zeromagazine.mx\/index.php\/wp-json\/wp\/v2\/users\/2"}],"replies":[{"embeddable":true,"href":"https:\/\/zeromagazine.mx\/index.php\/wp-json\/wp\/v2\/comments?post=52158"}],"version-history":[{"count":0,"href":"https:\/\/zeromagazine.mx\/index.php\/wp-json\/wp\/v2\/posts\/52158\/revisions"}],"wp:featuredmedia":[{"embeddable":true,"href":"https:\/\/zeromagazine.mx\/index.php\/wp-json\/"}],"wp:attachment":[{"href":"https:\/\/zeromagazine.mx\/index.php\/wp-json\/wp\/v2\/media?parent=52158"}],"wp:term":[{"taxonomy":"category","embeddable":true,"href":"https:\/\/zeromagazine.mx\/index.php\/wp-json\/wp\/v2\/categories?post=52158"},{"taxonomy":"post_tag","embeddable":true,"href":"https:\/\/zeromagazine.mx\/index.php\/wp-json\/wp\/v2\/tags?post=52158"}],"curies":[{"name":"wp","href":"https:\/\/api.w.org\/{rel}","templated":true}]}}