{"id":52529,"date":"2021-08-20T14:00:00","date_gmt":"2021-08-20T19:00:00","guid":{"rendered":"https:\/\/atomic-temporary-84115225.wpcomstaging.com\/?p=52529"},"modified":"2021-08-20T14:00:00","modified_gmt":"2021-08-20T19:00:00","slug":"entrevista-a-alex-rodriguez","status":"publish","type":"post","link":"https:\/\/zeromagazine.mx\/index.php\/2021\/08\/20\/entrevista-a-alex-rodriguez\/","title":{"rendered":"Entrevista a Alex Rodr\u00edguez"},"content":{"rendered":"\n<p>\u00c9l es<strong> Alex Rodr\u00edguez<\/strong>, periodista y conductor de espect\u00e1culos de origen espa\u00f1ol, a lo largo de su carrera ha presenciado momentos hist\u00f3ricos como la <strong><em>Coronaci\u00f3n Real de los reyes de Espa\u00f1a<\/em><\/strong> y los atentados terroristas de Par\u00eds y B\u00e9lgica, <strong>Alex <\/strong>es reconocido en el medio del entretenimiento por las exclusivas que obtiene de las celebridades, lo que lo ha llevado a colaborar en programas como <strong>El Programa de Ana Rosa, Suelta La Sopa VIP,<\/strong> y como director de contenido en <strong>Sin filtros<\/strong>, igualmente ha estado presente en grandes eventos del espect\u00e1culo como el aniversario luctuoso del <strong>Divo de Ju\u00e1rez<\/strong>, el \u00faltimo adi\u00f3s a <strong>Jos\u00e9 Jos\u00e9<\/strong>, el funeral de <strong>Kobe Bryant<\/strong>, los <strong>Premios Billboards<\/strong> y los <strong>Latin AMAS<\/strong>.<\/p>\n\n\n\n<div class=\"wp-block-image coblocks-animate\"><figure class=\"aligncenter size-large\"><a href=\"https:\/\/i0.wp.com\/zeromagazinemx.wpcomstaging.com\/wp-content\/uploads\/2022\/02\/ef9ca-image00016.jpeg?ssl=1\"><img data-recalc-dims=\"1\" decoding=\"async\" src=\"https:\/\/i0.wp.com\/zeromagazinemx.wpcomstaging.com\/wp-content\/uploads\/2022\/02\/ef9ca-image00016.jpeg?w=1165&#038;ssl=1\" alt=\"\" class=\"wp-image-52535\" \/><\/a><\/figure><\/div>\n\n\n\n<div class=\"wp-block-buttons is-layout-flex wp-block-buttons-is-layout-flex\">\n<div class=\"wp-block-button is-style-outline is-style-outline--1\"><a class=\"wp-block-button__link\">Por Christopher Rodr\u00edguez Due\u00f1as<\/a><\/div>\n<\/div>\n\n\n\n<p><strong>Alex Rodr\u00edguez<\/strong> fue nominado tambi\u00e9n a los <strong>Premios EMMY<\/strong> en la categor\u00eda como <strong><em>\u201cMejor Talento de Estados Unidos\u201d<\/em><\/strong> destacando as\u00ed lo frutos de su gran trabajo, hoy en d\u00eda podemos ver a <strong>Alex <\/strong>siendo parte de la barra de conductores del exitoso programa <strong>Suelta la Sopa<\/strong> de <strong>Telemundo<\/strong>, Alex platico con <strong><em>Zero Magazine Mx<\/em><\/strong> y nos cont\u00f3 muchos detalles sobre su exitosa carrera.<\/p>\n\n\n\n<div style=\"height:10px;\" aria-hidden=\"true\" class=\"wp-block-spacer\"><\/div>\n\n\n\n<p><strong>\u00bfC\u00f3mo naci\u00f3 tu gusto por el periodismo?<\/strong><\/p>\n\n\n\n<p>Yo de peque\u00f1o siempre quise ser actor, siempre fue mi sue\u00f1o, mi madre me ofreci\u00f3 el poder hacer pruebas en la mejor universidad del mundo que est\u00e1 en Inglaterra, fui para all\u00e1, yo no sab\u00eda hablar mucho ingl\u00e9s pero afortunadamente me prepare bien para las pruebas y sal\u00ed elegido, como digo es la <strong>Universidad Kent<\/strong>, la mejor del mundo, ten\u00eda de profesor por ejemplo a <strong>Michael Gambon <\/strong>quien hace de <em>Albus Dumbledore <\/em>en <strong>Harry Potter<\/strong>, fue algo muy cool tenerlo ah\u00ed, termine la carrera especializado en interpretaci\u00f3n o sea que me licencie como actor y de ah\u00ed fui a Madrid, empec\u00e9 a trabajar en varios musicales, nada que ver con lo que soy ahora, estuve de protagonista en <strong>West Side Story<\/strong> o sea que me apasiona todo lo que es teatro y en <em>La Gran V\u00eda<\/em> que es como el <em>Broadway <\/em>de aqu\u00ed de Estados Unidos o de M\u00e9xico, de ah\u00ed me qued\u00e9 sin trabajo, me ofrecieron participar en algo de televisi\u00f3n, yo soy muy shows los que me han visto saben que me enfado mucho, suelto los papeles y entonces tengo mucho de actor precisamente por eso, yo lo veo como puro espect\u00e1culo y nada, me agarraron para presentar un show y de ah\u00ed otro, otro y otro, decid\u00ed estudiar periodismo y lo convalide o sea todo a la vez.&nbsp;<\/p>\n\n\n\n<div class=\"wp-block-jetpack-slideshow aligncenter\" data-autoplay=\"true\" data-delay=\"3\" data-effect=\"slide\"><div class=\"wp-block-jetpack-slideshow_container swiper-container\"><ul class=\"wp-block-jetpack-slideshow_swiper-wrapper swiper-wrapper\"><li class=\"wp-block-jetpack-slideshow_slide swiper-slide\"><figure><img data-recalc-dims=\"1\" decoding=\"async\" alt=\"\" class=\"wp-block-jetpack-slideshow_image wp-image-52542\" data-id=\"52542\" src=\"https:\/\/i0.wp.com\/zeromagazinemx.wpcomstaging.com\/wp-content\/uploads\/2022\/02\/da2aa-image00005.jpeg?w=1165&#038;ssl=1\" \/><\/figure><\/li><li class=\"wp-block-jetpack-slideshow_slide swiper-slide\"><figure><img data-recalc-dims=\"1\" decoding=\"async\" alt=\"\" class=\"wp-block-jetpack-slideshow_image wp-image-52543\" data-id=\"52543\" src=\"https:\/\/i0.wp.com\/zeromagazinemx.wpcomstaging.com\/wp-content\/uploads\/2022\/02\/1cdff-image00021.jpeg?w=1165&#038;ssl=1\" \/><\/figure><\/li><\/ul><a class=\"wp-block-jetpack-slideshow_button-prev swiper-button-prev swiper-button-white\" role=\"button\"><\/a><a class=\"wp-block-jetpack-slideshow_button-next swiper-button-next swiper-button-white\" role=\"button\"><\/a><a aria-label=\"Pause Slideshow\" class=\"wp-block-jetpack-slideshow_button-pause\" role=\"button\"><\/a><div class=\"wp-block-jetpack-slideshow_pagination swiper-pagination swiper-pagination-white\"><\/div><\/div><\/div>\n\n\n\n\n\n<p><strong>\u00bfQu\u00e9 es lo que m\u00e1s te gusta de tu trabajo?<\/strong><\/p>\n\n\n\n<p>Yo creo que el por como cuento las noticias, a m\u00ed me encanta trabajar en la informaci\u00f3n y me encanta conseguir la exclusiva y cuando la tengo soy especialista en c\u00f3mo vender la noticia, a m\u00ed me encanta siempre venderla de una forma en la que pueda atrapar a todo el espectador, en <strong>Suelta la Sopa<\/strong> por ejemplo me encanta venderla de una forma que todo el mundo se quede enganchado, me encanta discutir por la noticia, llevarla hasta el fondo con mis compa\u00f1eros, todo eso lo disfruto much\u00edsimo.<\/p>\n\n\n\n<div class=\"wp-block-jetpack-slideshow aligncenter\" data-autoplay=\"true\" data-delay=\"3\" data-effect=\"slide\"><div class=\"wp-block-jetpack-slideshow_container swiper-container\"><ul class=\"wp-block-jetpack-slideshow_swiper-wrapper swiper-wrapper\"><li class=\"wp-block-jetpack-slideshow_slide swiper-slide\"><figure><img data-recalc-dims=\"1\" decoding=\"async\" alt=\"\" class=\"wp-block-jetpack-slideshow_image wp-image-52545\" data-id=\"52545\" src=\"https:\/\/i0.wp.com\/zeromagazinemx.wpcomstaging.com\/wp-content\/uploads\/2022\/02\/baee8-image00022.jpeg?w=1165&#038;ssl=1\" \/><\/figure><\/li><li class=\"wp-block-jetpack-slideshow_slide swiper-slide\"><figure><img data-recalc-dims=\"1\" decoding=\"async\" alt=\"\" class=\"wp-block-jetpack-slideshow_image wp-image-52544\" data-id=\"52544\" src=\"https:\/\/i0.wp.com\/zeromagazinemx.wpcomstaging.com\/wp-content\/uploads\/2022\/02\/b2eee-image00007.jpeg?w=1165&#038;ssl=1\" \/><\/figure><\/li><\/ul><a class=\"wp-block-jetpack-slideshow_button-prev swiper-button-prev swiper-button-white\" role=\"button\"><\/a><a class=\"wp-block-jetpack-slideshow_button-next swiper-button-next swiper-button-white\" role=\"button\"><\/a><a aria-label=\"Pause Slideshow\" class=\"wp-block-jetpack-slideshow_button-pause\" role=\"button\"><\/a><div class=\"wp-block-jetpack-slideshow_pagination swiper-pagination swiper-pagination-white\"><\/div><\/div><\/div>\n\n\n\n<p><strong>\u00bfDe todos los eventos que has cubierto hay alguno que te haya marcado?&nbsp;&nbsp;<\/strong><\/p>\n\n\n\n<p>Es curioso porque aqu\u00ed en Estados Unidos, M\u00e9xico o Latinoam\u00e9rica por ejemplo hago far\u00e1ndula, entretenimiento, estuve por ejemplo en lo de <strong>Jos\u00e9 Jos\u00e9<\/strong> acompa\u00f1ando a la familia y en M\u00e9xico los <strong>Latin Billboards<\/strong>, o sea, hago eventos muy importantes pero en Espa\u00f1a trabaj\u00e9 muchos a\u00f1os para una televisora s\u00faper importante de all\u00e1 y todo lo que hice ah\u00ed no ten\u00eda nada que ver con entretenimiento, sino hac\u00eda mucho nota roja, sucesos un tanto fuertes y por ejemplo los atentados de Par\u00eds a m\u00ed me marcaron much\u00edsimo porque hubo un terrorista que se dio a la fuga luego de poner las bombas en el centro de Par\u00eds, huy\u00f3 para B\u00e9lgica para el barrio de Molenberg, era el hombre m\u00e1s buscado del mundo en ese momento y haciendo una entrevista en ese barrio me dijeron donde se escond\u00eda ese hombre, fui a buscarlo, llegu\u00e9 incluso antes que la polic\u00eda y yo les avise para la detenci\u00f3n de ese hombre, hay cosas sobre todo de este tipo noticias fuertes donde hay muertes de tanta gente que claramente me marcaron much\u00edsimo.&nbsp;<\/p>\n\n\n\n<p>Hay otro momento ah\u00ed en Madrid me parece que si buscas <em>\u201cPeriodista de Ana Rosa le agreden en directo\u201d<\/em> es un momento hace 3 a\u00f1os denunciando una situaci\u00f3n, un conflicto en un barrio que era punto de droga, un se\u00f1or que esto yo nunca lo hab\u00eda visto, fue una imagen viral en todo el mundo, me lanz\u00f3 una escalera de un tercer piso y luego baj\u00f3 corriendo y me lanz\u00f3 una piedra as\u00ed gigante a la c\u00e1mara y a m\u00ed, yo estando en vivo, en directo para el show m\u00e1s visto de Espa\u00f1a, yo tuve que salir corriendo, las im\u00e1genes son brutales, pensaron en la televisi\u00f3n que me hab\u00eda muerto por que la c\u00e1mara se rompi\u00f3, yo no daba se\u00f1ales de vida, fue algo tambi\u00e9n muy fuerte.<\/p>\n\n\n\n<div class=\"wp-block-jetpack-slideshow aligncenter\" data-autoplay=\"true\" data-delay=\"3\" data-effect=\"slide\"><div class=\"wp-block-jetpack-slideshow_container swiper-container\"><ul class=\"wp-block-jetpack-slideshow_swiper-wrapper swiper-wrapper\"><li class=\"wp-block-jetpack-slideshow_slide swiper-slide\"><figure><img data-recalc-dims=\"1\" decoding=\"async\" alt=\"\" class=\"wp-block-jetpack-slideshow_image wp-image-52547\" data-id=\"52547\" src=\"https:\/\/i0.wp.com\/zeromagazinemx.wpcomstaging.com\/wp-content\/uploads\/2022\/02\/38722-image00008.jpeg?w=1165&#038;ssl=1\" \/><\/figure><\/li><li class=\"wp-block-jetpack-slideshow_slide swiper-slide\"><figure><img data-recalc-dims=\"1\" decoding=\"async\" alt=\"\" class=\"wp-block-jetpack-slideshow_image wp-image-52548\" data-id=\"52548\" src=\"https:\/\/i0.wp.com\/zeromagazinemx.wpcomstaging.com\/wp-content\/uploads\/2022\/02\/e6bad-image00023.jpeg?w=1165&#038;ssl=1\" \/><\/figure><\/li><\/ul><a class=\"wp-block-jetpack-slideshow_button-prev swiper-button-prev swiper-button-white\" role=\"button\"><\/a><a class=\"wp-block-jetpack-slideshow_button-next swiper-button-next swiper-button-white\" role=\"button\"><\/a><a aria-label=\"Pause Slideshow\" class=\"wp-block-jetpack-slideshow_button-pause\" role=\"button\"><\/a><div class=\"wp-block-jetpack-slideshow_pagination swiper-pagination swiper-pagination-white\"><\/div><\/div><\/div>\n\n\n\n\n\n<p><strong>\u00bfHaz dudado en involucrarte en alg\u00fan tema o suceso?<\/strong><\/p>\n\n\n\n<p>Ahora mismo estoy amenazado de muerte por varias cosas, por temas controversiales dentro del espect\u00e1culo ya conocidos en uno de estos casos es sabido que este hombre le dio una golpiza brutal a varios familiares, concretamente a su primo y a la novia de su primo, se dio a la fuga, todav\u00eda no ha comparecido ante la justicia, est\u00e1 tratando de llegar a un acuerdo extrajudicial con las v\u00edctimas y durante todo este tiempo descubrimos que \u00e9l es l\u00edder o el ni\u00f1o bonito de un crimen organizado en Sinaloa, esto lo denunci\u00e9 hace como dos meses en televisi\u00f3n, fue una noticia que estuvo ah\u00ed en M\u00e9xico en la televisi\u00f3n y me llegaron amenazas por todos lados, me intentaron callar, en otro caso igual muy conocido del fraude millonario del esposo de una actriz todos los d\u00edas recibo amenazas por parte de su equipo, me piden por favor no hablar de este tema, pasaron cosas ah\u00ed muy extra\u00f1as.&nbsp;<\/p>\n\n\n\n<p>Sinceramente yo me siento respaldado por la compa\u00f1\u00eda con la que trabajo, eso es lo que me motiva a seguir avanzando, tambi\u00e9n siento que al hacer p\u00fablico un tema constantemente eso me expone ah\u00ed y yo entiendo que da paso personas peligrosas el poder hacerme algo, o sea son cosas que vivo a diario.<\/p>\n\n\n\n<div class=\"wp-block-jetpack-slideshow aligncenter\" data-autoplay=\"true\" data-delay=\"3\" data-effect=\"slide\"><div class=\"wp-block-jetpack-slideshow_container swiper-container\"><ul class=\"wp-block-jetpack-slideshow_swiper-wrapper swiper-wrapper\"><li class=\"wp-block-jetpack-slideshow_slide swiper-slide\"><figure><img data-recalc-dims=\"1\" decoding=\"async\" alt=\"\" class=\"wp-block-jetpack-slideshow_image wp-image-52551\" data-id=\"52551\" src=\"https:\/\/i0.wp.com\/zeromagazinemx.wpcomstaging.com\/wp-content\/uploads\/2022\/02\/a1c93-image00024.jpeg?w=1165&#038;ssl=1\" \/><\/figure><\/li><li class=\"wp-block-jetpack-slideshow_slide swiper-slide\"><figure><img data-recalc-dims=\"1\" decoding=\"async\" alt=\"\" class=\"wp-block-jetpack-slideshow_image wp-image-52550\" data-id=\"52550\" src=\"https:\/\/i0.wp.com\/zeromagazinemx.wpcomstaging.com\/wp-content\/uploads\/2022\/02\/d0f43-image00011.jpeg?w=1165&#038;ssl=1\" \/><\/figure><\/li><\/ul><a class=\"wp-block-jetpack-slideshow_button-prev swiper-button-prev swiper-button-white\" role=\"button\"><\/a><a class=\"wp-block-jetpack-slideshow_button-next swiper-button-next swiper-button-white\" role=\"button\"><\/a><a aria-label=\"Pause Slideshow\" class=\"wp-block-jetpack-slideshow_button-pause\" role=\"button\"><\/a><div class=\"wp-block-jetpack-slideshow_pagination swiper-pagination swiper-pagination-white\"><\/div><\/div><\/div>\n\n\n\n<p><strong>\u00bfC\u00f3mo te sientes con tu nominaci\u00f3n al EMMY?<\/strong><\/p>\n\n\n\n<p>Fue una nominaci\u00f3n que lleg\u00f3 por sorpresa, no me lo esperaba, yo llevo solo&nbsp;en Miami casi 4 a\u00f1os, yo estoy enamorado de M\u00e9xico desde hace 17 a\u00f1os veraneo en Playa del Carmen, en Tulum y todo eso, mis mejores amigos son todos de Ciudad de M\u00e9xico entonces yo por estar m\u00e1s cerca de M\u00e9xico&nbsp;y por qu\u00e9 amaba tambi\u00e9n Miami decid\u00ed estando en mi mejor momento&nbsp; profesionalmente de Espa\u00f1a venirme hace 4 a\u00f1os para ac\u00e1 cuando presentaba el show m\u00e1s visto de all\u00e1 y para m\u00ed fue todo muy riesgoso, han sido cuatro a\u00f1os en donde yo no conoc\u00eda ni siquiera a la gente de la far\u00e1ndula y ten\u00eda que machacarme ah\u00ed todos los nombres, soy productor creativo de show adem\u00e1s busco mis exclusivas y poco a poco ha sido un trabajo dur\u00edsimo de verdad, he sido la \u00fanica persona de <strong>Suelta la Sopa<\/strong> que ha venido durante toda la pandemia a trabajar al edificio de <strong>Telemundo<\/strong>, todos los d\u00edas he pretendido tener una exclusiva distinta adem\u00e1s de mi trabajo que por las tarde y por las noches tengo que estar platicando con todos los famosos, investigando y siento que ese premio fue una recompensa a esa decisi\u00f3n tan dif\u00edcil que tom\u00e9 hace 4 a\u00f1os de venir a este pa\u00eds, el <strong>EMMY <\/strong>es el premio m\u00e1s importante del mundo que me dan los profesionales de la televisi\u00f3n con el reconocimiento del p\u00fablico hispano de Estados Unidos que en su mayor\u00eda son Mexicanos, que te puedo decir ha sido un sue\u00f1o que cre\u00eda inalcanzable y lleg\u00f3 cuando menos me lo esperaba.<\/p>\n\n\n\n<div class=\"wp-block-jetpack-slideshow aligncenter\" data-autoplay=\"true\" data-delay=\"3\" data-effect=\"slide\"><div class=\"wp-block-jetpack-slideshow_container swiper-container\"><ul class=\"wp-block-jetpack-slideshow_swiper-wrapper swiper-wrapper\"><li class=\"wp-block-jetpack-slideshow_slide swiper-slide\"><figure><img data-recalc-dims=\"1\" decoding=\"async\" alt=\"\" class=\"wp-block-jetpack-slideshow_image wp-image-52537\" data-id=\"52537\" src=\"https:\/\/i0.wp.com\/zeromagazinemx.wpcomstaging.com\/wp-content\/uploads\/2022\/02\/0ca3a-image00018.jpeg?w=1165&#038;ssl=1\" \/><\/figure><\/li><li class=\"wp-block-jetpack-slideshow_slide swiper-slide\"><figure><img data-recalc-dims=\"1\" decoding=\"async\" alt=\"\" class=\"wp-block-jetpack-slideshow_image wp-image-52538\" data-id=\"52538\" src=\"https:\/\/i0.wp.com\/zeromagazinemx.wpcomstaging.com\/wp-content\/uploads\/2022\/02\/482e4-image00019.jpeg?w=1165&#038;ssl=1\" \/><\/figure><\/li><li class=\"wp-block-jetpack-slideshow_slide swiper-slide\"><figure><img data-recalc-dims=\"1\" decoding=\"async\" alt=\"\" class=\"wp-block-jetpack-slideshow_image wp-image-52539\" data-id=\"52539\" src=\"https:\/\/i0.wp.com\/zeromagazinemx.wpcomstaging.com\/wp-content\/uploads\/2022\/02\/41d79-image00020.jpeg?w=1165&#038;ssl=1\" \/><\/figure><\/li><\/ul><a class=\"wp-block-jetpack-slideshow_button-prev swiper-button-prev swiper-button-white\" role=\"button\"><\/a><a class=\"wp-block-jetpack-slideshow_button-next swiper-button-next swiper-button-white\" role=\"button\"><\/a><a aria-label=\"Pause Slideshow\" class=\"wp-block-jetpack-slideshow_button-pause\" role=\"button\"><\/a><div class=\"wp-block-jetpack-slideshow_pagination swiper-pagination swiper-pagination-white\"><\/div><\/div><\/div>\n\n\n\n\n\n<hr class=\"wp-block-separator\" \/>\n\n\n\n<p class=\"has-text-align-center\"><strong>Sigue a Alex Rodr\u00edguez en:<\/strong><\/p>\n\n\n\n<p class=\"has-text-align-center\"><strong>Instagram:<\/strong> <em>@alexrodrigueztv<\/em><\/p>\n\n\n<!--themify_builder_content-->\n<div id=\"themify_builder_content-52529\" data-postid=\"52529\" class=\"themify_builder_content themify_builder_content-52529 themify_builder tf_clear\">\n    <\/div>\n<!--\/themify_builder_content-->\n","protected":false},"excerpt":{"rendered":"<p>\u00c9l es Alex Rodr\u00edguez, periodista y conductor de espect\u00e1culos de origen espa\u00f1ol, a lo largo de su carrera ha presenciado momentos hist\u00f3ricos como la Coronaci\u00f3n Real de los reyes de Espa\u00f1a y los atentados terroristas de Par\u00eds y B\u00e9lgica, Alex es reconocido en el medio del entretenimiento por las exclusivas que obtiene de las celebridades, [&hellip;]<\/p>\n","protected":false},"author":2,"featured_media":52534,"comment_status":"open","ping_status":"open","sticky":false,"template":"","format":"standard","meta":{"_jetpack_memberships_contains_paid_content":false,"footnotes":"","jetpack_publicize_message":"#Entrevista | Alex Rodr\u00edguez el famoso periodista del programa Suelta La Sopa, platic\u00f3 con nosotros sobre su nominaci\u00f3n al Emmy y mucho m\u00e1s.","jetpack_publicize_feature_enabled":true,"jetpack_social_post_already_shared":true,"jetpack_social_options":{"image_generator_settings":{"template":"highway","default_image_id":0,"font":"","enabled":false},"version":2}},"categories":[117,91],"tags":[4026,4025,4027,4028,4029,329,2648,1900,2110,4030,4031,4032,2983,4033,4034,535,4035,1756,4036,4037,2990,4038,1222,4039,4040],"class_list":["post-52529","post","type-post","status-publish","format-standard","has-post-thumbnail","hentry","category-entretenimiento","category-entrevistas","tag-mejor-talento-de-estados-unidos","tag-alex-rodriguez","tag-coronacion-real-de-los-reyes-de-espana","tag-divo-de-juarez","tag-el-programa-de-ana-rosa","tag-entrevista","tag-espana","tag-harry-potter","tag-jose-jose","tag-kobe-bryant","tag-latin-amas","tag-latin-billboards","tag-miami","tag-michael-gambon","tag-nominacion-al-emmy","tag-periodista","tag-premios-billboards","tag-premios-emmy","tag-productor-creativo","tag-sin-filtros","tag-suelta-la-sopa","tag-suelta-la-sopa-vip","tag-telemundo","tag-universidad-kent","tag-west-side-story","has-post-title","has-post-date","has-post-category","has-post-tag","has-post-comment","has-post-author",""],"yoast_head":"<!-- This site is optimized with the Yoast SEO plugin v27.5 - https:\/\/yoast.com\/product\/yoast-seo-wordpress\/ -->\n<title>Entrevista a Alex Rodr\u00edguez - Zero Magazine<\/title>\n<meta name=\"robots\" content=\"index, follow, max-snippet:-1, max-image-preview:large, max-video-preview:-1\" \/>\n<link rel=\"canonical\" href=\"https:\/\/zeromagazine.mx\/index.php\/2021\/08\/20\/entrevista-a-alex-rodriguez\/\" \/>\n<meta property=\"og:locale\" content=\"es_ES\" \/>\n<meta property=\"og:type\" content=\"article\" \/>\n<meta property=\"og:title\" content=\"Entrevista a Alex Rodr\u00edguez - Zero Magazine\" \/>\n<meta property=\"og:description\" content=\"\u00c9l es Alex Rodr\u00edguez, periodista y conductor de espect\u00e1culos de origen espa\u00f1ol, a lo largo de su carrera ha presenciado momentos hist\u00f3ricos como la Coronaci\u00f3n Real de los reyes de Espa\u00f1a y los atentados terroristas de Par\u00eds y B\u00e9lgica, Alex es reconocido en el medio del entretenimiento por las exclusivas que obtiene de las celebridades, [&hellip;]\" \/>\n<meta property=\"og:url\" content=\"https:\/\/zeromagazine.mx\/index.php\/2021\/08\/20\/entrevista-a-alex-rodriguez\/\" \/>\n<meta property=\"og:site_name\" content=\"Zero Magazine\" \/>\n<meta property=\"article:published_time\" content=\"2021-08-20T19:00:00+00:00\" \/>\n<meta name=\"author\" content=\"zeromagazinemx\" \/>\n<meta name=\"twitter:card\" content=\"summary_large_image\" \/>\n<meta name=\"twitter:label1\" content=\"Escrito por\" \/>\n\t<meta name=\"twitter:data1\" content=\"zeromagazinemx\" \/>\n\t<meta name=\"twitter:label2\" content=\"Tiempo de lectura\" \/>\n\t<meta name=\"twitter:data2\" content=\"7 minutos\" \/>\n<script type=\"application\/ld+json\" class=\"yoast-schema-graph\">{\"@context\":\"https:\\\/\\\/schema.org\",\"@graph\":[{\"@type\":\"Article\",\"@id\":\"https:\\\/\\\/zeromagazine.mx\\\/index.php\\\/2021\\\/08\\\/20\\\/entrevista-a-alex-rodriguez\\\/#article\",\"isPartOf\":{\"@id\":\"https:\\\/\\\/zeromagazine.mx\\\/index.php\\\/2021\\\/08\\\/20\\\/entrevista-a-alex-rodriguez\\\/\"},\"author\":{\"name\":\"zeromagazinemx\",\"@id\":\"https:\\\/\\\/zeromagazine.mx\\\/#\\\/schema\\\/person\\\/9aed9f33a7c39af3a348b86d723f7773\"},\"headline\":\"Entrevista a Alex Rodr\u00edguez\",\"datePublished\":\"2021-08-20T19:00:00+00:00\",\"mainEntityOfPage\":{\"@id\":\"https:\\\/\\\/zeromagazine.mx\\\/index.php\\\/2021\\\/08\\\/20\\\/entrevista-a-alex-rodriguez\\\/\"},\"wordCount\":1443,\"commentCount\":0,\"publisher\":{\"@id\":\"https:\\\/\\\/zeromagazine.mx\\\/#organization\"},\"image\":{\"@id\":\"https:\\\/\\\/zeromagazine.mx\\\/index.php\\\/2021\\\/08\\\/20\\\/entrevista-a-alex-rodriguez\\\/#primaryimage\"},\"thumbnailUrl\":\"\",\"keywords\":[\"\u201cMejor Talento de Estados Unidos\u201d\",\"Alex Rodr\u00edguez\",\"Coronaci\u00f3n Real de los reyes de Espa\u00f1a\",\"Divo de Ju\u00e1rez\",\"El Programa de Ana Rosa\",\"Entrevista\",\"espa\u00f1a\",\"Harry Potter\",\"jose jose\",\"Kobe Bryant\",\"Latin AMAS\",\"Latin Billboards\",\"Miami\",\"Michael Gambon\",\"Nominaci\u00f3n al Emmy\",\"Periodista\",\"Premios Billboards\",\"Premios Emmy\",\"Productor Creativo\",\"Sin filtros\",\"Suelta La Sopa\",\"Suelta La Sopa VIP\",\"Telemundo\",\"Universidad Kent\",\"West Side Story\"],\"articleSection\":[\"Entretenimiento\",\"Entrevistas\"],\"inLanguage\":\"es\",\"potentialAction\":[{\"@type\":\"CommentAction\",\"name\":\"Comment\",\"target\":[\"https:\\\/\\\/zeromagazine.mx\\\/index.php\\\/2021\\\/08\\\/20\\\/entrevista-a-alex-rodriguez\\\/#respond\"]}]},{\"@type\":\"WebPage\",\"@id\":\"https:\\\/\\\/zeromagazine.mx\\\/index.php\\\/2021\\\/08\\\/20\\\/entrevista-a-alex-rodriguez\\\/\",\"url\":\"https:\\\/\\\/zeromagazine.mx\\\/index.php\\\/2021\\\/08\\\/20\\\/entrevista-a-alex-rodriguez\\\/\",\"name\":\"Entrevista a Alex Rodr\u00edguez - Zero Magazine\",\"isPartOf\":{\"@id\":\"https:\\\/\\\/zeromagazine.mx\\\/#website\"},\"primaryImageOfPage\":{\"@id\":\"https:\\\/\\\/zeromagazine.mx\\\/index.php\\\/2021\\\/08\\\/20\\\/entrevista-a-alex-rodriguez\\\/#primaryimage\"},\"image\":{\"@id\":\"https:\\\/\\\/zeromagazine.mx\\\/index.php\\\/2021\\\/08\\\/20\\\/entrevista-a-alex-rodriguez\\\/#primaryimage\"},\"thumbnailUrl\":\"\",\"datePublished\":\"2021-08-20T19:00:00+00:00\",\"breadcrumb\":{\"@id\":\"https:\\\/\\\/zeromagazine.mx\\\/index.php\\\/2021\\\/08\\\/20\\\/entrevista-a-alex-rodriguez\\\/#breadcrumb\"},\"inLanguage\":\"es\",\"potentialAction\":[{\"@type\":\"ReadAction\",\"target\":[\"https:\\\/\\\/zeromagazine.mx\\\/index.php\\\/2021\\\/08\\\/20\\\/entrevista-a-alex-rodriguez\\\/\"]}]},{\"@type\":\"ImageObject\",\"inLanguage\":\"es\",\"@id\":\"https:\\\/\\\/zeromagazine.mx\\\/index.php\\\/2021\\\/08\\\/20\\\/entrevista-a-alex-rodriguez\\\/#primaryimage\",\"url\":\"\",\"contentUrl\":\"\"},{\"@type\":\"BreadcrumbList\",\"@id\":\"https:\\\/\\\/zeromagazine.mx\\\/index.php\\\/2021\\\/08\\\/20\\\/entrevista-a-alex-rodriguez\\\/#breadcrumb\",\"itemListElement\":[{\"@type\":\"ListItem\",\"position\":1,\"name\":\"Portada\",\"item\":\"https:\\\/\\\/zeromagazine.mx\\\/\"},{\"@type\":\"ListItem\",\"position\":2,\"name\":\"Entrevista a Alex Rodr\u00edguez\"}]},{\"@type\":\"WebSite\",\"@id\":\"https:\\\/\\\/zeromagazine.mx\\\/#website\",\"url\":\"https:\\\/\\\/zeromagazine.mx\\\/\",\"name\":\"Zero Magazine\",\"description\":\"\",\"publisher\":{\"@id\":\"https:\\\/\\\/zeromagazine.mx\\\/#organization\"},\"potentialAction\":[{\"@type\":\"SearchAction\",\"target\":{\"@type\":\"EntryPoint\",\"urlTemplate\":\"https:\\\/\\\/zeromagazine.mx\\\/?s={search_term_string}\"},\"query-input\":{\"@type\":\"PropertyValueSpecification\",\"valueRequired\":true,\"valueName\":\"search_term_string\"}}],\"inLanguage\":\"es\"},{\"@type\":\"Organization\",\"@id\":\"https:\\\/\\\/zeromagazine.mx\\\/#organization\",\"name\":\"Zero Magazine\",\"url\":\"https:\\\/\\\/zeromagazine.mx\\\/\",\"logo\":{\"@type\":\"ImageObject\",\"inLanguage\":\"es\",\"@id\":\"https:\\\/\\\/zeromagazine.mx\\\/#\\\/schema\\\/logo\\\/image\\\/\",\"url\":\"https:\\\/\\\/i0.wp.com\\\/zeromagazine.mx\\\/wp-content\\\/uploads\\\/2025\\\/11\\\/1.jpeg?fit=1000%2C1000&ssl=1\",\"contentUrl\":\"https:\\\/\\\/i0.wp.com\\\/zeromagazine.mx\\\/wp-content\\\/uploads\\\/2025\\\/11\\\/1.jpeg?fit=1000%2C1000&ssl=1\",\"width\":1000,\"height\":1000,\"caption\":\"Zero Magazine\"},\"image\":{\"@id\":\"https:\\\/\\\/zeromagazine.mx\\\/#\\\/schema\\\/logo\\\/image\\\/\"},\"sameAs\":[\"https:\\\/\\\/instagram.com\\\/zeromagazinemx\"]},{\"@type\":\"Person\",\"@id\":\"https:\\\/\\\/zeromagazine.mx\\\/#\\\/schema\\\/person\\\/9aed9f33a7c39af3a348b86d723f7773\",\"name\":\"zeromagazinemx\",\"image\":{\"@type\":\"ImageObject\",\"inLanguage\":\"es\",\"@id\":\"https:\\\/\\\/zeromagazine.mx\\\/wp-content\\\/litespeed\\\/avatar\\\/f91dfe5410d5dcb1a576bf8c45983896.jpg?ver=1777571230\",\"url\":\"https:\\\/\\\/zeromagazine.mx\\\/wp-content\\\/litespeed\\\/avatar\\\/f91dfe5410d5dcb1a576bf8c45983896.jpg?ver=1777571230\",\"contentUrl\":\"https:\\\/\\\/zeromagazine.mx\\\/wp-content\\\/litespeed\\\/avatar\\\/f91dfe5410d5dcb1a576bf8c45983896.jpg?ver=1777571230\",\"caption\":\"zeromagazinemx\"},\"url\":\"https:\\\/\\\/zeromagazine.mx\\\/index.php\\\/author\\\/zeromagazinemx\\\/\"}]}<\/script>\n<!-- \/ Yoast SEO plugin. -->","yoast_head_json":{"title":"Entrevista a Alex Rodr\u00edguez - Zero Magazine","robots":{"index":"index","follow":"follow","max-snippet":"max-snippet:-1","max-image-preview":"max-image-preview:large","max-video-preview":"max-video-preview:-1"},"canonical":"https:\/\/zeromagazine.mx\/index.php\/2021\/08\/20\/entrevista-a-alex-rodriguez\/","og_locale":"es_ES","og_type":"article","og_title":"Entrevista a Alex Rodr\u00edguez - Zero Magazine","og_description":"\u00c9l es Alex Rodr\u00edguez, periodista y conductor de espect\u00e1culos de origen espa\u00f1ol, a lo largo de su carrera ha presenciado momentos hist\u00f3ricos como la Coronaci\u00f3n Real de los reyes de Espa\u00f1a y los atentados terroristas de Par\u00eds y B\u00e9lgica, Alex es reconocido en el medio del entretenimiento por las exclusivas que obtiene de las celebridades, [&hellip;]","og_url":"https:\/\/zeromagazine.mx\/index.php\/2021\/08\/20\/entrevista-a-alex-rodriguez\/","og_site_name":"Zero Magazine","article_published_time":"2021-08-20T19:00:00+00:00","author":"zeromagazinemx","twitter_card":"summary_large_image","twitter_misc":{"Escrito por":"zeromagazinemx","Tiempo de lectura":"7 minutos"},"schema":{"@context":"https:\/\/schema.org","@graph":[{"@type":"Article","@id":"https:\/\/zeromagazine.mx\/index.php\/2021\/08\/20\/entrevista-a-alex-rodriguez\/#article","isPartOf":{"@id":"https:\/\/zeromagazine.mx\/index.php\/2021\/08\/20\/entrevista-a-alex-rodriguez\/"},"author":{"name":"zeromagazinemx","@id":"https:\/\/zeromagazine.mx\/#\/schema\/person\/9aed9f33a7c39af3a348b86d723f7773"},"headline":"Entrevista a Alex Rodr\u00edguez","datePublished":"2021-08-20T19:00:00+00:00","mainEntityOfPage":{"@id":"https:\/\/zeromagazine.mx\/index.php\/2021\/08\/20\/entrevista-a-alex-rodriguez\/"},"wordCount":1443,"commentCount":0,"publisher":{"@id":"https:\/\/zeromagazine.mx\/#organization"},"image":{"@id":"https:\/\/zeromagazine.mx\/index.php\/2021\/08\/20\/entrevista-a-alex-rodriguez\/#primaryimage"},"thumbnailUrl":"","keywords":["\u201cMejor Talento de Estados Unidos\u201d","Alex Rodr\u00edguez","Coronaci\u00f3n Real de los reyes de Espa\u00f1a","Divo de Ju\u00e1rez","El Programa de Ana Rosa","Entrevista","espa\u00f1a","Harry Potter","jose jose","Kobe Bryant","Latin AMAS","Latin Billboards","Miami","Michael Gambon","Nominaci\u00f3n al Emmy","Periodista","Premios Billboards","Premios Emmy","Productor Creativo","Sin filtros","Suelta La Sopa","Suelta La Sopa VIP","Telemundo","Universidad Kent","West Side Story"],"articleSection":["Entretenimiento","Entrevistas"],"inLanguage":"es","potentialAction":[{"@type":"CommentAction","name":"Comment","target":["https:\/\/zeromagazine.mx\/index.php\/2021\/08\/20\/entrevista-a-alex-rodriguez\/#respond"]}]},{"@type":"WebPage","@id":"https:\/\/zeromagazine.mx\/index.php\/2021\/08\/20\/entrevista-a-alex-rodriguez\/","url":"https:\/\/zeromagazine.mx\/index.php\/2021\/08\/20\/entrevista-a-alex-rodriguez\/","name":"Entrevista a Alex Rodr\u00edguez - Zero Magazine","isPartOf":{"@id":"https:\/\/zeromagazine.mx\/#website"},"primaryImageOfPage":{"@id":"https:\/\/zeromagazine.mx\/index.php\/2021\/08\/20\/entrevista-a-alex-rodriguez\/#primaryimage"},"image":{"@id":"https:\/\/zeromagazine.mx\/index.php\/2021\/08\/20\/entrevista-a-alex-rodriguez\/#primaryimage"},"thumbnailUrl":"","datePublished":"2021-08-20T19:00:00+00:00","breadcrumb":{"@id":"https:\/\/zeromagazine.mx\/index.php\/2021\/08\/20\/entrevista-a-alex-rodriguez\/#breadcrumb"},"inLanguage":"es","potentialAction":[{"@type":"ReadAction","target":["https:\/\/zeromagazine.mx\/index.php\/2021\/08\/20\/entrevista-a-alex-rodriguez\/"]}]},{"@type":"ImageObject","inLanguage":"es","@id":"https:\/\/zeromagazine.mx\/index.php\/2021\/08\/20\/entrevista-a-alex-rodriguez\/#primaryimage","url":"","contentUrl":""},{"@type":"BreadcrumbList","@id":"https:\/\/zeromagazine.mx\/index.php\/2021\/08\/20\/entrevista-a-alex-rodriguez\/#breadcrumb","itemListElement":[{"@type":"ListItem","position":1,"name":"Portada","item":"https:\/\/zeromagazine.mx\/"},{"@type":"ListItem","position":2,"name":"Entrevista a Alex Rodr\u00edguez"}]},{"@type":"WebSite","@id":"https:\/\/zeromagazine.mx\/#website","url":"https:\/\/zeromagazine.mx\/","name":"Zero Magazine","description":"","publisher":{"@id":"https:\/\/zeromagazine.mx\/#organization"},"potentialAction":[{"@type":"SearchAction","target":{"@type":"EntryPoint","urlTemplate":"https:\/\/zeromagazine.mx\/?s={search_term_string}"},"query-input":{"@type":"PropertyValueSpecification","valueRequired":true,"valueName":"search_term_string"}}],"inLanguage":"es"},{"@type":"Organization","@id":"https:\/\/zeromagazine.mx\/#organization","name":"Zero Magazine","url":"https:\/\/zeromagazine.mx\/","logo":{"@type":"ImageObject","inLanguage":"es","@id":"https:\/\/zeromagazine.mx\/#\/schema\/logo\/image\/","url":"https:\/\/i0.wp.com\/zeromagazine.mx\/wp-content\/uploads\/2025\/11\/1.jpeg?fit=1000%2C1000&ssl=1","contentUrl":"https:\/\/i0.wp.com\/zeromagazine.mx\/wp-content\/uploads\/2025\/11\/1.jpeg?fit=1000%2C1000&ssl=1","width":1000,"height":1000,"caption":"Zero Magazine"},"image":{"@id":"https:\/\/zeromagazine.mx\/#\/schema\/logo\/image\/"},"sameAs":["https:\/\/instagram.com\/zeromagazinemx"]},{"@type":"Person","@id":"https:\/\/zeromagazine.mx\/#\/schema\/person\/9aed9f33a7c39af3a348b86d723f7773","name":"zeromagazinemx","image":{"@type":"ImageObject","inLanguage":"es","@id":"https:\/\/zeromagazine.mx\/wp-content\/litespeed\/avatar\/f91dfe5410d5dcb1a576bf8c45983896.jpg?ver=1777571230","url":"https:\/\/zeromagazine.mx\/wp-content\/litespeed\/avatar\/f91dfe5410d5dcb1a576bf8c45983896.jpg?ver=1777571230","contentUrl":"https:\/\/zeromagazine.mx\/wp-content\/litespeed\/avatar\/f91dfe5410d5dcb1a576bf8c45983896.jpg?ver=1777571230","caption":"zeromagazinemx"},"url":"https:\/\/zeromagazine.mx\/index.php\/author\/zeromagazinemx\/"}]}},"jetpack_publicize_connections":[],"jetpack_featured_media_url":"","jetpack-related-posts":[{"id":73964,"url":"https:\/\/zeromagazine.mx\/index.php\/2024\/04\/13\/alex-luna-de-aficionado-a-narrador\/","url_meta":{"origin":52529,"position":0},"title":"Alex Luna: De Aficionado a Narrador.","author":"David Morales","date":"13 de abril de 2024","format":false,"excerpt":"Desde los campos de f\u00fatbol de su infancia hasta las cabinas de transmisi\u00f3n de los eventos deportivos m\u00e1s emocionantes, Alex Luna ha recorrido un camino vibrante y lleno de pasi\u00f3n hacia su carrera en el periodismo deportivo. En esta entrevista exclusiva, Luna comparte su viaje desde sus primeros d\u00edas como\u2026","rel":"","context":"En \u00abBlog\u00bb","block_context":{"text":"Blog","link":"https:\/\/zeromagazine.mx\/index.php\/category\/blog\/"},"img":{"alt_text":"","src":"https:\/\/i0.wp.com\/zeromagazine.mx\/wp-content\/uploads\/2024\/04\/image2.jpeg?fit=789%2C1024&ssl=1&resize=350%2C200","width":350,"height":200,"srcset":"https:\/\/i0.wp.com\/zeromagazine.mx\/wp-content\/uploads\/2024\/04\/image2.jpeg?fit=789%2C1024&ssl=1&resize=350%2C200 1x, https:\/\/i0.wp.com\/zeromagazine.mx\/wp-content\/uploads\/2024\/04\/image2.jpeg?fit=789%2C1024&ssl=1&resize=525%2C300 1.5x, https:\/\/i0.wp.com\/zeromagazine.mx\/wp-content\/uploads\/2024\/04\/image2.jpeg?fit=789%2C1024&ssl=1&resize=700%2C400 2x"},"classes":[]},{"id":70282,"url":"https:\/\/zeromagazine.mx\/index.php\/2024\/01\/09\/emmy-75-la-fiesta-en-pantalla\/","url_meta":{"origin":52529,"position":1},"title":"Emmy\u00ae 75: La Fiesta en Pantalla","author":"David Morales","date":"9 de enero de 2024","format":false,"excerpt":"\u00bfEst\u00e1n listos para el chisme m\u00e1s cool? La 75\u00aa entrega de los Premios Emmy\u00ae est\u00e1 a la vuelta de la esquina y esta vez TNT y HBO Max est\u00e1n llevando la fiesta directo a nuestras pantallas. \u00bfEmocionados? Yo estoy m\u00e1s que lista para desmenuzar cada detalle de esta noche \u00e9pica\u2026","rel":"","context":"En \u00abEntretenimiento\u00bb","block_context":{"text":"Entretenimiento","link":"https:\/\/zeromagazine.mx\/index.php\/category\/entretenimiento\/"},"img":{"alt_text":"","src":"https:\/\/i0.wp.com\/zeromagazine.mx\/wp-content\/uploads\/2024\/01\/unnamed-41.jpg?resize=350%2C200&ssl=1","width":350,"height":200,"srcset":"https:\/\/i0.wp.com\/zeromagazine.mx\/wp-content\/uploads\/2024\/01\/unnamed-41.jpg?resize=350%2C200&ssl=1 1x, https:\/\/i0.wp.com\/zeromagazine.mx\/wp-content\/uploads\/2024\/01\/unnamed-41.jpg?resize=525%2C300&ssl=1 1.5x, https:\/\/i0.wp.com\/zeromagazine.mx\/wp-content\/uploads\/2024\/01\/unnamed-41.jpg?resize=700%2C400&ssl=1 2x, https:\/\/i0.wp.com\/zeromagazine.mx\/wp-content\/uploads\/2024\/01\/unnamed-41.jpg?resize=1050%2C600&ssl=1 3x, https:\/\/i0.wp.com\/zeromagazine.mx\/wp-content\/uploads\/2024\/01\/unnamed-41.jpg?resize=1400%2C800&ssl=1 4x"},"classes":[]},{"id":52817,"url":"https:\/\/zeromagazine.mx\/index.php\/2021\/08\/23\/entrevista-a-8cho\/","url_meta":{"origin":52529,"position":2},"title":"ENTREVISTA A 8cho","author":"zeromagazinemx","date":"23 de agosto de 2021","format":false,"excerpt":"El italiano venezolano 8cho nos trae su nuevo sencillo \u201cGanas\u201d a lado de Alex Roy. POR GABRIELA H. DELGADILLO \u00bfDe d\u00f3nde nace 8cho? Mi nombre 8cho nace porque el 8 tambi\u00e9n es el signo del infinito yo lo relaciono a la m\u00fasica, porque es lo que me gusta hacer y\u2026","rel":"","context":"En \u00abEntretenimiento\u00bb","block_context":{"text":"Entretenimiento","link":"https:\/\/zeromagazine.mx\/index.php\/category\/entretenimiento\/"},"img":{"alt_text":"","src":"","width":0,"height":0},"classes":[]},{"id":50845,"url":"https:\/\/zeromagazine.mx\/index.php\/2021\/07\/26\/entrevista-escribe-tu-vida-un-retiro-con-carlos-mesber\/","url_meta":{"origin":52529,"position":3},"title":"Entrevista | \u201cEscribe tu vida &#8211; Un Retiro con Carlos Mesber\u201d","author":"zeromagazinemx","date":"26 de julio de 2021","format":false,"excerpt":"Carlos Mesber nos invita a su gran retiro espiritual en Tulum, Quintana Roo. Carlos es un reconocido productor y actor de TV de origen Liban\u00e9s-Venezolano, Carlos despu\u00e9s de 7 a\u00f1os de estudio comenz\u00f3 a trabajar en uno de los canales m\u00e1s reconocidos de Venezuela \u201cVenevisi\u00f3n\u201d\u00a0participando en distintas telenovelas y tiempo\u2026","rel":"","context":"En \u00abCine\u00bb","block_context":{"text":"Cine","link":"https:\/\/zeromagazine.mx\/index.php\/category\/entretenimiento\/cine\/"},"img":{"alt_text":"","src":"","width":0,"height":0},"classes":[]},{"id":88680,"url":"https:\/\/zeromagazine.mx\/index.php\/2024\/10\/29\/alex-ponce-ruido-silencio-y-yo\/","url_meta":{"origin":52529,"position":4},"title":"\u00abAlex Ponce: Ruido, Silencio y Yo\u00bb","author":"zeromagazinemx","date":"29 de octubre de 2024","format":false,"excerpt":"Amix, \u00bfEst\u00e1s ready para lo nuevo de Alex Ponce? Si lo sigues, ya sabes que este ecuatoriano es un crack no solo en el canto, sino que le mete un flow incre\u00edble a todo lo que hace. Su nuevo \u00e1lbum, \u2018Ruido, El Silencio y Yo\u2019, est\u00e1 on fire y viene\u2026","rel":"","context":"En \u00abEntretenimiento\u00bb","block_context":{"text":"Entretenimiento","link":"https:\/\/zeromagazine.mx\/index.php\/category\/entretenimiento\/"},"img":{"alt_text":"","src":"https:\/\/i0.wp.com\/zeromagazine.mx\/wp-content\/uploads\/2024\/10\/unnamed-49-1.jpg?fit=1200%2C1200&ssl=1&resize=350%2C200","width":350,"height":200,"srcset":"https:\/\/i0.wp.com\/zeromagazine.mx\/wp-content\/uploads\/2024\/10\/unnamed-49-1.jpg?fit=1200%2C1200&ssl=1&resize=350%2C200 1x, https:\/\/i0.wp.com\/zeromagazine.mx\/wp-content\/uploads\/2024\/10\/unnamed-49-1.jpg?fit=1200%2C1200&ssl=1&resize=525%2C300 1.5x, https:\/\/i0.wp.com\/zeromagazine.mx\/wp-content\/uploads\/2024\/10\/unnamed-49-1.jpg?fit=1200%2C1200&ssl=1&resize=700%2C400 2x, https:\/\/i0.wp.com\/zeromagazine.mx\/wp-content\/uploads\/2024\/10\/unnamed-49-1.jpg?fit=1200%2C1200&ssl=1&resize=1050%2C600 3x"},"classes":[]},{"id":58322,"url":"https:\/\/zeromagazine.mx\/index.php\/2021\/11\/16\/alexa-kusulas-rebelde-y-sofisticada\/","url_meta":{"origin":52529,"position":5},"title":"Alexa Kusulas: \u201cRebelde y Sofisticada\u201d","author":"zeromagazinemx","date":"16 de noviembre de 2021","format":false,"excerpt":"Sin duda alguna, M\u00e9xico cuenta con muchos talentos dentro de la industria de la moda, con diferentes propuestas, estilos e ideas, en esta ocasi\u00f3n tuve la oportunidad de platicar con una de las 7 dise\u00f1adoras que participaron en la edici\u00f3n m\u00e1s reciente de New York Fashion Week. https:\/\/www.instagram.com\/p\/CJyjgE7hI8c\/?utm_medium=copy_link Por Luis\u2026","rel":"","context":"En \u00abLifestyle\u00bb","block_context":{"text":"Lifestyle","link":"https:\/\/zeromagazine.mx\/index.php\/category\/lifestyle\/"},"img":{"alt_text":"","src":"https:\/\/i0.wp.com\/zeromagazine.mx\/wp-content\/uploads\/2021\/11\/f312a-alexa_kusulas.jpg?fit=410%2C512&ssl=1&resize=350%2C200","width":350,"height":200},"classes":[]}],"jetpack_sharing_enabled":true,"builder_content":"","_links":{"self":[{"href":"https:\/\/zeromagazine.mx\/index.php\/wp-json\/wp\/v2\/posts\/52529","targetHints":{"allow":["GET"]}}],"collection":[{"href":"https:\/\/zeromagazine.mx\/index.php\/wp-json\/wp\/v2\/posts"}],"about":[{"href":"https:\/\/zeromagazine.mx\/index.php\/wp-json\/wp\/v2\/types\/post"}],"author":[{"embeddable":true,"href":"https:\/\/zeromagazine.mx\/index.php\/wp-json\/wp\/v2\/users\/2"}],"replies":[{"embeddable":true,"href":"https:\/\/zeromagazine.mx\/index.php\/wp-json\/wp\/v2\/comments?post=52529"}],"version-history":[{"count":0,"href":"https:\/\/zeromagazine.mx\/index.php\/wp-json\/wp\/v2\/posts\/52529\/revisions"}],"wp:featuredmedia":[{"embeddable":true,"href":"https:\/\/zeromagazine.mx\/index.php\/wp-json\/"}],"wp:attachment":[{"href":"https:\/\/zeromagazine.mx\/index.php\/wp-json\/wp\/v2\/media?parent=52529"}],"wp:term":[{"taxonomy":"category","embeddable":true,"href":"https:\/\/zeromagazine.mx\/index.php\/wp-json\/wp\/v2\/categories?post=52529"},{"taxonomy":"post_tag","embeddable":true,"href":"https:\/\/zeromagazine.mx\/index.php\/wp-json\/wp\/v2\/tags?post=52529"}],"curies":[{"name":"wp","href":"https:\/\/api.w.org\/{rel}","templated":true}]}}