{"id":52827,"date":"2021-08-23T18:04:31","date_gmt":"2021-08-23T23:04:31","guid":{"rendered":"https:\/\/atomic-temporary-84115225.wpcomstaging.com\/?p=52827"},"modified":"2021-08-23T18:04:31","modified_gmt":"2021-08-23T23:04:31","slug":"sofia-lama-y-sus-multifaceticos-personajes-en-la-actuacion","status":"publish","type":"post","link":"https:\/\/zeromagazine.mx\/index.php\/2021\/08\/23\/sofia-lama-y-sus-multifaceticos-personajes-en-la-actuacion\/","title":{"rendered":"Sof\u00eda Lama y sus multifac\u00e9ticos personajes en la actuaci\u00f3n"},"content":{"rendered":"\n<p>Ella es <strong>Sof\u00eda Lama<\/strong>, actriz mexicana de teatro, cine y televisi\u00f3n, ha destacado en importantes proyectos para la televisi\u00f3n como <strong><em>El Secreto de Selena, Sin Senos No hay Para\u00edso, La Casa de al Lado, Guerra de \u00cddolos, Rosa Diamante<\/em><\/strong> y su  m\u00e1s reciente proyecto <strong><em>100 d\u00edas Para Enamorarnos<\/em><\/strong>, tambi\u00e9n ha participado en programas estadounidenses como <strong><em>Chicago PD <\/em><\/strong>y <strong><em>NCIS<\/em><\/strong>, en el cine la hemos visto en la pel\u00edcula <strong><em>Desde el M\u00e1s All\u00e1<\/em><\/strong> y en el teatro en obras como <strong><em>Vaselina, Las Arp\u00edas<\/em><\/strong> y <strong><em>Monologando<\/em><\/strong>.<\/p>\n\n\n\n<ul class=\"wp-block-list\"><li><strong style=\"letter-spacing:0.2px;font-size:1.0625rem;color:initial;\"><em>Fot\u00f3grafo:<\/em><\/strong><span style=\"letter-spacing:0.2px;font-size:1.0625rem;color:initial;\">&nbsp;<\/span><em style=\"letter-spacing:0.2px;font-size:1.0625rem;color:initial;\">Daniel Garc\u00eda<\/em><span style=\"letter-spacing:0.2px;font-size:1.0625rem;color:initial;\">&nbsp;<\/span><em style=\"letter-spacing:0.2px;font-size:1.0625rem;color:initial;\">(<a href=\"https:\/\/www.instagram.com\/heydaniel_garcia\/\">@heydaniel_garcia<\/a>)<\/em><\/li><li><strong style=\"letter-spacing:0.2px;font-size:1.0625rem;color:initial;\"><em>Styling:<\/em><\/strong><span style=\"letter-spacing:0.2px;font-size:1.0625rem;color:initial;\">&nbsp;<\/span><em style=\"letter-spacing:0.2px;font-size:1.0625rem;color:initial;\">David Morales (<a href=\"https:\/\/www.instagram.com\/elpoderosodave\/\">@elpoderosodave<\/a>)<\/em><\/li><li><strong style=\"letter-spacing:0.2px;font-size:1.0625rem;color:initial;\"><em>Maquillaje y Peinado:<\/em><\/strong><span style=\"letter-spacing:0.2px;font-size:1.0625rem;color:initial;\">&nbsp;<\/span><em style=\"letter-spacing:0.2px;font-size:1.0625rem;color:initial;\">Julio Cesar Le\u00f3n<\/em><span style=\"letter-spacing:0.2px;font-size:1.0625rem;color:initial;\">&nbsp;<\/span><em style=\"letter-spacing:0.2px;font-size:1.0625rem;color:initial;\">(<a href=\"https:\/\/www.instagram.com\/julio_cesar_leon\/\">@julio_cesar_leon<\/a>)<\/em><\/li><li><em style=\"letter-spacing:0.2px;font-size:1.0625rem;color:initial;\"><strong>Locacion:&nbsp;<\/strong>Amnes!a<\/em><span style=\"letter-spacing:0.2px;font-size:1.0625rem;color:initial;\">&nbsp;<\/span><em style=\"letter-spacing:0.2px;font-size:1.0625rem;color:initial;\"><a href=\"https:\/\/www.instagram.com\/mx.amnesia\/\">@mx.amnesia<\/a><\/em><span style=\"letter-spacing:0.2px;font-size:1.0625rem;color:initial;\">.<\/span> <\/li><\/ul>\n\n\n\n<div class=\"wp-block-image coblocks-animate\"><figure class=\"aligncenter size-large\"><a href=\"https:\/\/i0.wp.com\/zeromagazinemx.wpcomstaging.com\/wp-content\/uploads\/2022\/02\/9e20f-img_4593.png?ssl=1\"><img data-recalc-dims=\"1\" decoding=\"async\" src=\"https:\/\/i0.wp.com\/zeromagazinemx.wpcomstaging.com\/wp-content\/uploads\/2022\/02\/9e20f-img_4593.png?w=1165&#038;ssl=1\" alt=\"\" class=\"wp-image-52834\" \/><\/a><\/figure><\/div>\n\n\n\n<div class=\"wp-block-buttons is-layout-flex wp-block-buttons-is-layout-flex\">\n<div class=\"wp-block-button is-style-outline is-style-outline--1\"><a class=\"wp-block-button__link\">Por Christopher Rodr\u00edguez Due\u00f1as<\/a><\/div>\n<\/div>\n\n\n\n<p>Sof\u00eda platic\u00f3 con nosotros y nos cont\u00f3 sobre su incre\u00edble trayectoria, sobre sus m\u00e1s recientes y futuros proyectos.&nbsp;<\/p>\n\n\n\n<div style=\"height:10px;\" aria-hidden=\"true\" class=\"wp-block-spacer\"><\/div>\n\n\n\n<p><strong>\u00bfC\u00f3mo es un d\u00eda con Sof\u00eda?<\/strong><\/p>\n\n\n\n<p>La verdad es muy divertido, mi vida es como una comedia, soy una persona que se divierte mucho, tengo muy buen sentido del humor y siempre he tenido una cabeza como muy creativa donde siempre veo todo como escenas de pel\u00edcula, me suceden muchas cosas por lo mismo, soy una persona un poco revolucionaria y un poquito guerrera, soy de las que no se dejan, de las que si solo hay una caja abierta y hay mucha gente va y pelea para que abran m\u00e1s cajas y soy esa justiciera revolucionaria de la calle todos los d\u00edas. Mis hobbies, me encanta meterme a la tina, leer durante horas, me encantan mucho los libros espirituales y los de metaf\u00edsica, en las ma\u00f1anas me encanta hacerme mi jugo verde, me gusta el caf\u00e9 y cuando no estoy trabajando trato de mantenerme activa mentalmente y f\u00edsicamente con ejercicio, leer, normalmente siempre me meto a clases de algo, de repente cosas locochonas como del tema de \u00e1ngeles porque me encanta,&nbsp;terapias o t\u00e9cnicas como el&nbsp;<em>Shiatsu <\/em>que son terapias alternativas de curaci\u00f3n, y as\u00ed, trato de mantenerme activa porque si no uno empieza a pensar pura tonter\u00eda la verdad, cuando uno como actor est\u00e1 descansando, bueno descansando y pensando en el siguiente proyecto.<\/p>\n\n\n\n<div class=\"wp-block-image coblocks-animate\"><figure class=\"aligncenter size-large\"><a href=\"https:\/\/i0.wp.com\/zeromagazinemx.wpcomstaging.com\/wp-content\/uploads\/2022\/02\/442bb-2-4.jpg-4.jpg?ssl=1\"><img data-recalc-dims=\"1\" decoding=\"async\" src=\"https:\/\/i0.wp.com\/zeromagazinemx.wpcomstaging.com\/wp-content\/uploads\/2022\/02\/442bb-2-4.jpg-4.jpg?w=1165&#038;ssl=1\" alt=\"\" class=\"wp-image-52836\" \/><\/a><\/figure><\/div>\n\n\n\n\n\n<p><strong>\u00bfSiempre quisiste ser actriz?<\/strong><\/p>\n\n\n\n<p>Nunca fue algo como que yo pensara como tal, yo s\u00ed creo que naces con algo que en tu naturaleza se da o que es f\u00e1cil para ti, que ejecutas de una buena manera y aparte lo disfrutas, yo creo que ese es el talento, yo de chiquita lo que m\u00e1s me gustaba hacer era actuar, cantar, bailar, inventar obras de teatro, yo nunca fui una ni\u00f1a como muy normal en ese sentido que jugara cosas normales, de hecho no me gustaba mucho jugar, no me gustaba la competencia, nunca me gusto eso como la presi\u00f3n de ganar porque siempre fui muy perfeccionista entonces no quer\u00eda jugar porque me obsesionaba con la idea de siempre ganar y es algo que no disfrutaba, yo disfrutaba estar en mi cuarto sola, escribiendo obras de teatro, montando coreograf\u00edas, copiando programas de televisi\u00f3n, me acuerdo que hubo un momento como a los 11 a\u00f1os d\u00f3nde estaba muy de moda este programa de <strong><em>La Hora de Los Chavos<\/em><\/strong> que de seguro varios se acordaran y que eran ni\u00f1os de mi edad de 11 a\u00f1os haciendo sketches, bailando, cantando y todo lo que a m\u00ed me gustaba, yo si ve\u00eda ese programa y fue ah\u00ed donde yo empec\u00e9&nbsp;a decir <em>\u201cyo quiero hacer eso\u201d<\/em> por qu\u00e9 lo he hecho toda la vida pero ahora lo quiero hacerlo ah\u00ed en la televisi\u00f3n y mira lo que es la ley de la atracci\u00f3n, yo solita en mi cuarto lo sent\u00eda, lo viv\u00eda, lo gozaba y literalmente lo atraje, porque hubo un d\u00eda que vi un casting en la televisi\u00f3n, fui, me forme y pase un proceso largu\u00edsimo de 3 meses de selecci\u00f3n, de castings, clase, esto, el otro hasta que quede en el programa y justo era un programa como <em><strong>La Hora de los Chavos,<\/strong><\/em> lo que yo hac\u00eda, a lo que yo jugaba lo atraje y justamente a los 11 a\u00f1os.&nbsp;&nbsp;<\/p>\n\n\n\n<div class=\"wp-block-image coblocks-animate\"><figure class=\"aligncenter size-large\"><a href=\"https:\/\/i0.wp.com\/zeromagazinemx.wpcomstaging.com\/wp-content\/uploads\/2022\/02\/c9540-3-4.jpg-4.jpg?ssl=1\"><img data-recalc-dims=\"1\" decoding=\"async\" src=\"https:\/\/i0.wp.com\/zeromagazinemx.wpcomstaging.com\/wp-content\/uploads\/2022\/02\/c9540-3-4.jpg-4.jpg?w=1165&#038;ssl=1\" alt=\"\" class=\"wp-image-52838\" \/><\/a><\/figure><\/div>\n\n\n\n\n\n<p><strong>\u00bfQu\u00e9 sientes al estar frente a un escenario?&nbsp;<\/strong><\/p>\n\n\n\n<p>Hace mucho que no hago teatro pero nada m\u00e1s de pensarlo me duele la panza, es<em> \u00a1wow! <\/em>La adrenalina m\u00e1s grande que puedes vivir como actor, es el medio que te forma tambi\u00e9n como actor donde no tienes oportunidad de error, donde est\u00e1s completamente vulnerable y desnudo ante el p\u00fablico, donde se te va a ver la madera y tambi\u00e9n un poco las tablas porque tienes que aprender a resolver, tambi\u00e9n me llegaron a pasar cosas, bueno creo que a todos lo que hacemos teatro nos han pasado much\u00edsimas cosas pero como digo hay que saber resolver, tanto el actor que se accident\u00f3 antes de salir, eso es muy com\u00fan en el teatro, porque los teatros y los oscuros para nosotros los actores son muy peligrosos porque te puedes hasta matar, o sea en un oscuro donde se apaga la luz y t\u00fa tienes que salir de escenario y correr a cambiarte, si t\u00fa no tienes medido el teatro te puedes accidentar y una vez por ejemplo me pas\u00f3 en una obra que hice que se llamaba <strong><em>Las Arp\u00edas<\/em><\/strong> donde estaba <strong>Niurka, Victoria Ruffo, Patricia Reyes Sp\u00edndola, Ofelia Medina<\/strong>, un elencazo, yo era una de las protagonistas, y en una funci\u00f3n justamente en un obscuro <strong>Victoria Ruffo <\/strong>y <strong>Patricia Reyes Sp\u00edndola <\/strong>ten\u00edan que cruzar, correr y cruzar el escenario porque ellas sal\u00edan de la pierna contraria donde ellas estaban, ellas ten\u00edan que correr y salir antes de que se prendiera la luz y se estrellaron entre ellas, se pegaron en la cabeza y <strong>Victoria <\/strong>se cay\u00f3 en el escenario, fue una escena muy muy fuerte y son este tipo de cosas con las que tienes que aprender a lidiar como actor y como resolver, muchas veces la gente ni se da cuenta de los errores garrafales que suceden y ese es tu trabajo el que la gente no se d\u00e9 cuenta, esa vez no hubo manera que la gente no se diera cuenta, de hecho se preocup\u00f3 mucho el p\u00fablico, tuvieron que bajar el tel\u00f3n un rato para que ellas se pudieran componer y ver si pod\u00eda seguir la funci\u00f3n y si pudieron seguirla y bueno <em>\u201cthe show must go on\u201d<\/em> que eso es lo que aprendes en el teatro que es tambi\u00e9n una filosof\u00eda muy linda para la vida, que pase lo que pase siempre el show tiene que continuar y lo tienes que continuar con una sonrisa, con alegr\u00eda y con la frente en alto.<\/p>\n\n\n\n<div class=\"wp-block-image coblocks-animate\"><figure class=\"aligncenter size-large\"><a href=\"https:\/\/i0.wp.com\/zeromagazinemx.wpcomstaging.com\/wp-content\/uploads\/2022\/02\/743e0-4-2.jpg-2.jpg?ssl=1\"><img data-recalc-dims=\"1\" decoding=\"async\" src=\"https:\/\/i0.wp.com\/zeromagazinemx.wpcomstaging.com\/wp-content\/uploads\/2022\/02\/743e0-4-2.jpg-2.jpg?w=1165&#038;ssl=1\" alt=\"\" class=\"wp-image-52839\" \/><\/a><\/figure><\/div>\n\n\n\n\n\n<p><strong>De todos los personajes que has interpretado \u00bftienes alguno o algunos que te hayan dejado huella?&nbsp;<\/strong><\/p>\n\n\n\n<p>Si, definitivamente, cuando interprete a <em>Mar\u00eda Celeste <\/em>en <strong><em>El Secreto de Selena <\/em><\/strong>por que fue mi primer protag\u00f3nico y fue mi primer serie de pocos cap\u00edtulos, extremadamente bien&nbsp; echa cinematogr\u00e1ficamente espectacular y es un personaje que me dejo mucho porque es una feminista igual que yo, es una mujer que marc\u00f3 una \u00e9poca y el poderla interpretar para m\u00ed fue un gran orgullo y <em>Aurora <\/em>en <strong><em>100 D\u00edas Para Enamorarnos<\/em><\/strong> porque yo ven\u00eda de hacer mucho drama, muchos a\u00f1os de hacer drama y para m\u00ed la comedia es, bueno te digo que mi vida es una comedia entonces poderla representar tambi\u00e9n, poder llevar esa misma comedia a la pantalla es divertid\u00edsimo a parte que <em>Aurora <\/em>ha sido tambi\u00e9n el \u00e9xito m\u00e1s grande que he tenido en mi carrera, entonces obvio a esos personajes les guardas un cari\u00f1o especial.<\/p>\n\n\n\n<p><strong>Cu\u00e9ntanos de tu m\u00e1s reciente proyecto 100 d\u00edas para enamorarnos 2da temporada.&nbsp;<\/strong><\/p>\n\n\n\n<p>El reto aqu\u00ed fue la comedia, mira que chistoso que es mi genero favorito y en el que mejor me desenvuelvo, yo lo hab\u00eda hecho cuando era muy chica hace muchos a\u00f1os y la actuaci\u00f3n es como un musculo, lo vas entrenando con el tiempo pero obviamente si est\u00e1s haciendo mucho drama se queda tu energ\u00eda ah\u00ed y cuando yo empec\u00e9 esta serie me cost\u00f3 mucho trabajo entrar en la comedia por que la comedia es una l\u00ednea muy delgada entre pasarte y hacerte el chistoso o aburrir, tiene que ser una l\u00ednea media donde te lo creas absolutamente todo pero tengas ciertos toques de comedia y me cost\u00f3 mucho trabajo el arranque porque yo a <em>Aurora <\/em>todav\u00eda no le encontraba eso, <em>Aurora <\/em>era un personaje que en papel no era muy simp\u00e1tico, era como una mujer muy seria, demasiado bondadosa pero de repente ca\u00eda como en lo tonto, entonces yo si tuve que agarrarla y meterle mucho de m\u00ed, apoyarme mucho en el personaje de <em>Jimena<\/em>, fue dif\u00edcil el arranque pero una vez que le encontr\u00e9 y despu\u00e9s de un rato que entrene a <em>Aurora <\/em>y que le met\u00ed de m\u00ed ya fue lo que ustedes vieron en <strong><em>100 D\u00edas Para Enamorarnos.<\/em><\/strong><\/p>\n\n\n\n<div class=\"wp-block-image coblocks-animate\"><figure class=\"aligncenter size-large\"><a href=\"https:\/\/i0.wp.com\/zeromagazinemx.wpcomstaging.com\/wp-content\/uploads\/2022\/02\/9f786-5-2.jpg-2.jpg?ssl=1\"><img data-recalc-dims=\"1\" decoding=\"async\" src=\"https:\/\/i0.wp.com\/zeromagazinemx.wpcomstaging.com\/wp-content\/uploads\/2022\/02\/9f786-5-2.jpg-2.jpg?w=1165&#038;ssl=1\" alt=\"\" class=\"wp-image-52841\" \/><\/a><\/figure><\/div>\n\n\n\n\n\n<p><strong>\u00bfQu\u00e9 cosas nuevas vienen para Sof\u00eda Lama?<\/strong><\/p>\n\n\n\n<p>S\u00ed, estoy feliz porque soy parte de la tercera temporada de <strong><em>La Reina Del Sur<\/em><\/strong> que estamos haciendo en Bogot\u00e1 Colombia, yo ahorita me encuentro en M\u00e9xico porque filmamos aqu\u00ed esta semana pero en realidad voy a vivir en Bogot\u00e1 hasta Noviembre, voy a hacer un personaje completamente diferente a lo que he hecho en toda mi carrera, se llama Susana, es una mujer muy seria, de pocos amigos, muy callada, muy perfecta, obsesionada con la perfecci\u00f3n, sexualmente muy abierta por que ella es lesbiana y siempre lo ha aceptado pero trabaja en la pol\u00edtica as\u00ed que tiene que ser un poco perfil bajo, es la asistente personal de la primera dama as\u00ed que estoy muy contenta porque trabajo con <strong>Kika Edgar, Humberto Zurita <\/strong>que interpreta al Presidente de M\u00e9xico en esta temporada y que yo siempre le digo <em>\u201cHay Humberto este personaje de verdad fue escrito para ti\u201d <\/em>de verdad le queda como anillo al dedo, feliz porque soy parte del universo de <strong>Epifanio Vargas<\/strong> y me encanta, me encanta ser parte de esta temporada.&nbsp;<\/p>\n\n\n\n<hr class=\"wp-block-separator\" \/>\n\n\n\n<p class=\"has-text-align-center\"><strong>Sigue a Sof\u00eda Lama en:<\/strong><\/p>\n\n\n\n<p class=\"has-text-align-center\"><strong>Instagram: <\/strong><em>@sofialama1<\/em> | <strong>Twitter: <\/strong><em>@sofialama<\/em><\/p>\n\n\n<!--themify_builder_content-->\n<div id=\"themify_builder_content-52827\" data-postid=\"52827\" class=\"themify_builder_content themify_builder_content-52827 themify_builder tf_clear\">\n    <\/div>\n<!--\/themify_builder_content-->\n","protected":false},"excerpt":{"rendered":"<p>Ella es Sof\u00eda Lama, actriz mexicana de teatro, cine y televisi\u00f3n, ha destacado en importantes proyectos para la televisi\u00f3n como El Secreto de Selena, Sin Senos No hay Para\u00edso, La Casa de al Lado, Guerra de \u00cddolos, Rosa Diamante y su m\u00e1s reciente proyecto 100 d\u00edas Para Enamorarnos, tambi\u00e9n ha participado en programas estadounidenses como [&hellip;]<\/p>\n","protected":false},"author":2,"featured_media":52831,"comment_status":"open","ping_status":"open","sticky":false,"template":"","format":"standard","meta":{"_jetpack_memberships_contains_paid_content":false,"footnotes":"","jetpack_publicize_message":"#Portada | Sof\u00eda Lama y sus multifac\u00e9ticos personajes en la actuaci\u00f3n.","jetpack_publicize_feature_enabled":true,"jetpack_social_post_already_shared":true,"jetpack_social_options":{"image_generator_settings":{"template":"highway","default_image_id":0,"font":"","enabled":false},"version":2}},"categories":[91,98,100],"tags":[2907,1772,4181,4182,90,4183,4184,4185,1943,4186,4187,4188,4189,4190,4191,4192,4193,4194,4195,4196,4197],"class_list":["post-52827","post","type-post","status-publish","format-standard","has-post-thumbnail","hentry","category-entrevistas","category-portada","category-revista","tag-vaselina","tag-100-dias-para-enamorarnos","tag-desde-el-mas-alla","tag-el-secreto-de-selena","tag-en-portada","tag-epifanio-vargas","tag-guerra-de-idolos","tag-humberto-zurita","tag-kika-edgar","tag-la-casa-de-al-lado","tag-la-hora-de-los-chavos","tag-la-reina-del-sur","tag-las-arpias","tag-monologando","tag-niurka","tag-ofelia-medina","tag-patricia-reyes-spindola","tag-rosa-diamante","tag-sin-senos-no-hay-paraiso","tag-sofia-lama","tag-victoria-ruffo","has-post-title","has-post-date","has-post-category","has-post-tag","has-post-comment","has-post-author",""],"yoast_head":"<!-- This site is optimized with the Yoast SEO plugin v27.5 - https:\/\/yoast.com\/product\/yoast-seo-wordpress\/ -->\n<title>Sof\u00eda Lama y sus multifac\u00e9ticos personajes en la actuaci\u00f3n - Zero Magazine<\/title>\n<meta name=\"robots\" content=\"index, follow, max-snippet:-1, max-image-preview:large, max-video-preview:-1\" \/>\n<link rel=\"canonical\" href=\"https:\/\/zeromagazine.mx\/index.php\/2021\/08\/23\/sofia-lama-y-sus-multifaceticos-personajes-en-la-actuacion\/\" \/>\n<meta property=\"og:locale\" content=\"es_ES\" \/>\n<meta property=\"og:type\" content=\"article\" \/>\n<meta property=\"og:title\" content=\"Sof\u00eda Lama y sus multifac\u00e9ticos personajes en la actuaci\u00f3n - Zero Magazine\" \/>\n<meta property=\"og:description\" content=\"Ella es Sof\u00eda Lama, actriz mexicana de teatro, cine y televisi\u00f3n, ha destacado en importantes proyectos para la televisi\u00f3n como El Secreto de Selena, Sin Senos No hay Para\u00edso, La Casa de al Lado, Guerra de \u00cddolos, Rosa Diamante y su m\u00e1s reciente proyecto 100 d\u00edas Para Enamorarnos, tambi\u00e9n ha participado en programas estadounidenses como [&hellip;]\" \/>\n<meta property=\"og:url\" content=\"https:\/\/zeromagazine.mx\/index.php\/2021\/08\/23\/sofia-lama-y-sus-multifaceticos-personajes-en-la-actuacion\/\" \/>\n<meta property=\"og:site_name\" content=\"Zero Magazine\" \/>\n<meta property=\"article:published_time\" content=\"2021-08-23T23:04:31+00:00\" \/>\n<meta name=\"author\" content=\"zeromagazinemx\" \/>\n<meta name=\"twitter:card\" content=\"summary_large_image\" \/>\n<meta name=\"twitter:label1\" content=\"Escrito por\" \/>\n\t<meta name=\"twitter:data1\" content=\"zeromagazinemx\" \/>\n\t<meta name=\"twitter:label2\" content=\"Tiempo de lectura\" \/>\n\t<meta name=\"twitter:data2\" content=\"9 minutos\" \/>\n<script type=\"application\/ld+json\" class=\"yoast-schema-graph\">{\"@context\":\"https:\\\/\\\/schema.org\",\"@graph\":[{\"@type\":\"Article\",\"@id\":\"https:\\\/\\\/zeromagazine.mx\\\/index.php\\\/2021\\\/08\\\/23\\\/sofia-lama-y-sus-multifaceticos-personajes-en-la-actuacion\\\/#article\",\"isPartOf\":{\"@id\":\"https:\\\/\\\/zeromagazine.mx\\\/index.php\\\/2021\\\/08\\\/23\\\/sofia-lama-y-sus-multifaceticos-personajes-en-la-actuacion\\\/\"},\"author\":{\"name\":\"zeromagazinemx\",\"@id\":\"https:\\\/\\\/zeromagazine.mx\\\/#\\\/schema\\\/person\\\/9aed9f33a7c39af3a348b86d723f7773\"},\"headline\":\"Sof\u00eda Lama y sus multifac\u00e9ticos personajes en la actuaci\u00f3n\",\"datePublished\":\"2021-08-23T23:04:31+00:00\",\"mainEntityOfPage\":{\"@id\":\"https:\\\/\\\/zeromagazine.mx\\\/index.php\\\/2021\\\/08\\\/23\\\/sofia-lama-y-sus-multifaceticos-personajes-en-la-actuacion\\\/\"},\"wordCount\":1769,\"commentCount\":0,\"publisher\":{\"@id\":\"https:\\\/\\\/zeromagazine.mx\\\/#organization\"},\"image\":{\"@id\":\"https:\\\/\\\/zeromagazine.mx\\\/index.php\\\/2021\\\/08\\\/23\\\/sofia-lama-y-sus-multifaceticos-personajes-en-la-actuacion\\\/#primaryimage\"},\"thumbnailUrl\":\"\",\"keywords\":[\"\u201cVaselina\u201d\",\"100 DIAS PARA ENAMORARNOS\",\"Desde el M\u00e1s All\u00e1\",\"El Secreto de Selena\",\"En Portada\",\"Epifanio Vargas\",\"Guerra de \u00cddolos\",\"Humberto Zurita\",\"Kika Edgar\",\"La Casa de al Lado\",\"La Hora de Los Chavos\",\"La Reina Del Sur\",\"Las Arp\u00edas\",\"Monologando\",\"Niurka\",\"Ofelia Medina\",\"Patricia Reyes Sp\u00edndola\",\"Rosa Diamante\",\"Sin Senos No hay Para\u00edso\",\"Sof\u00eda Lama\",\"Victoria Ruffo\"],\"articleSection\":[\"Entrevistas\",\"Portada\",\"Revista\"],\"inLanguage\":\"es\",\"potentialAction\":[{\"@type\":\"CommentAction\",\"name\":\"Comment\",\"target\":[\"https:\\\/\\\/zeromagazine.mx\\\/index.php\\\/2021\\\/08\\\/23\\\/sofia-lama-y-sus-multifaceticos-personajes-en-la-actuacion\\\/#respond\"]}]},{\"@type\":\"WebPage\",\"@id\":\"https:\\\/\\\/zeromagazine.mx\\\/index.php\\\/2021\\\/08\\\/23\\\/sofia-lama-y-sus-multifaceticos-personajes-en-la-actuacion\\\/\",\"url\":\"https:\\\/\\\/zeromagazine.mx\\\/index.php\\\/2021\\\/08\\\/23\\\/sofia-lama-y-sus-multifaceticos-personajes-en-la-actuacion\\\/\",\"name\":\"Sof\u00eda Lama y sus multifac\u00e9ticos personajes en la actuaci\u00f3n - Zero Magazine\",\"isPartOf\":{\"@id\":\"https:\\\/\\\/zeromagazine.mx\\\/#website\"},\"primaryImageOfPage\":{\"@id\":\"https:\\\/\\\/zeromagazine.mx\\\/index.php\\\/2021\\\/08\\\/23\\\/sofia-lama-y-sus-multifaceticos-personajes-en-la-actuacion\\\/#primaryimage\"},\"image\":{\"@id\":\"https:\\\/\\\/zeromagazine.mx\\\/index.php\\\/2021\\\/08\\\/23\\\/sofia-lama-y-sus-multifaceticos-personajes-en-la-actuacion\\\/#primaryimage\"},\"thumbnailUrl\":\"\",\"datePublished\":\"2021-08-23T23:04:31+00:00\",\"breadcrumb\":{\"@id\":\"https:\\\/\\\/zeromagazine.mx\\\/index.php\\\/2021\\\/08\\\/23\\\/sofia-lama-y-sus-multifaceticos-personajes-en-la-actuacion\\\/#breadcrumb\"},\"inLanguage\":\"es\",\"potentialAction\":[{\"@type\":\"ReadAction\",\"target\":[\"https:\\\/\\\/zeromagazine.mx\\\/index.php\\\/2021\\\/08\\\/23\\\/sofia-lama-y-sus-multifaceticos-personajes-en-la-actuacion\\\/\"]}]},{\"@type\":\"ImageObject\",\"inLanguage\":\"es\",\"@id\":\"https:\\\/\\\/zeromagazine.mx\\\/index.php\\\/2021\\\/08\\\/23\\\/sofia-lama-y-sus-multifaceticos-personajes-en-la-actuacion\\\/#primaryimage\",\"url\":\"\",\"contentUrl\":\"\"},{\"@type\":\"BreadcrumbList\",\"@id\":\"https:\\\/\\\/zeromagazine.mx\\\/index.php\\\/2021\\\/08\\\/23\\\/sofia-lama-y-sus-multifaceticos-personajes-en-la-actuacion\\\/#breadcrumb\",\"itemListElement\":[{\"@type\":\"ListItem\",\"position\":1,\"name\":\"Portada\",\"item\":\"https:\\\/\\\/zeromagazine.mx\\\/\"},{\"@type\":\"ListItem\",\"position\":2,\"name\":\"Sof\u00eda Lama y sus multifac\u00e9ticos personajes en la actuaci\u00f3n\"}]},{\"@type\":\"WebSite\",\"@id\":\"https:\\\/\\\/zeromagazine.mx\\\/#website\",\"url\":\"https:\\\/\\\/zeromagazine.mx\\\/\",\"name\":\"Zero Magazine\",\"description\":\"\",\"publisher\":{\"@id\":\"https:\\\/\\\/zeromagazine.mx\\\/#organization\"},\"potentialAction\":[{\"@type\":\"SearchAction\",\"target\":{\"@type\":\"EntryPoint\",\"urlTemplate\":\"https:\\\/\\\/zeromagazine.mx\\\/?s={search_term_string}\"},\"query-input\":{\"@type\":\"PropertyValueSpecification\",\"valueRequired\":true,\"valueName\":\"search_term_string\"}}],\"inLanguage\":\"es\"},{\"@type\":\"Organization\",\"@id\":\"https:\\\/\\\/zeromagazine.mx\\\/#organization\",\"name\":\"Zero Magazine\",\"url\":\"https:\\\/\\\/zeromagazine.mx\\\/\",\"logo\":{\"@type\":\"ImageObject\",\"inLanguage\":\"es\",\"@id\":\"https:\\\/\\\/zeromagazine.mx\\\/#\\\/schema\\\/logo\\\/image\\\/\",\"url\":\"https:\\\/\\\/i0.wp.com\\\/zeromagazine.mx\\\/wp-content\\\/uploads\\\/2025\\\/11\\\/1.jpeg?fit=1000%2C1000&ssl=1\",\"contentUrl\":\"https:\\\/\\\/i0.wp.com\\\/zeromagazine.mx\\\/wp-content\\\/uploads\\\/2025\\\/11\\\/1.jpeg?fit=1000%2C1000&ssl=1\",\"width\":1000,\"height\":1000,\"caption\":\"Zero Magazine\"},\"image\":{\"@id\":\"https:\\\/\\\/zeromagazine.mx\\\/#\\\/schema\\\/logo\\\/image\\\/\"},\"sameAs\":[\"https:\\\/\\\/instagram.com\\\/zeromagazinemx\"]},{\"@type\":\"Person\",\"@id\":\"https:\\\/\\\/zeromagazine.mx\\\/#\\\/schema\\\/person\\\/9aed9f33a7c39af3a348b86d723f7773\",\"name\":\"zeromagazinemx\",\"image\":{\"@type\":\"ImageObject\",\"inLanguage\":\"es\",\"@id\":\"https:\\\/\\\/zeromagazine.mx\\\/wp-content\\\/litespeed\\\/avatar\\\/f91dfe5410d5dcb1a576bf8c45983896.jpg?ver=1777571230\",\"url\":\"https:\\\/\\\/zeromagazine.mx\\\/wp-content\\\/litespeed\\\/avatar\\\/f91dfe5410d5dcb1a576bf8c45983896.jpg?ver=1777571230\",\"contentUrl\":\"https:\\\/\\\/zeromagazine.mx\\\/wp-content\\\/litespeed\\\/avatar\\\/f91dfe5410d5dcb1a576bf8c45983896.jpg?ver=1777571230\",\"caption\":\"zeromagazinemx\"},\"url\":\"https:\\\/\\\/zeromagazine.mx\\\/index.php\\\/author\\\/zeromagazinemx\\\/\"}]}<\/script>\n<!-- \/ Yoast SEO plugin. -->","yoast_head_json":{"title":"Sof\u00eda Lama y sus multifac\u00e9ticos personajes en la actuaci\u00f3n - Zero Magazine","robots":{"index":"index","follow":"follow","max-snippet":"max-snippet:-1","max-image-preview":"max-image-preview:large","max-video-preview":"max-video-preview:-1"},"canonical":"https:\/\/zeromagazine.mx\/index.php\/2021\/08\/23\/sofia-lama-y-sus-multifaceticos-personajes-en-la-actuacion\/","og_locale":"es_ES","og_type":"article","og_title":"Sof\u00eda Lama y sus multifac\u00e9ticos personajes en la actuaci\u00f3n - Zero Magazine","og_description":"Ella es Sof\u00eda Lama, actriz mexicana de teatro, cine y televisi\u00f3n, ha destacado en importantes proyectos para la televisi\u00f3n como El Secreto de Selena, Sin Senos No hay Para\u00edso, La Casa de al Lado, Guerra de \u00cddolos, Rosa Diamante y su m\u00e1s reciente proyecto 100 d\u00edas Para Enamorarnos, tambi\u00e9n ha participado en programas estadounidenses como [&hellip;]","og_url":"https:\/\/zeromagazine.mx\/index.php\/2021\/08\/23\/sofia-lama-y-sus-multifaceticos-personajes-en-la-actuacion\/","og_site_name":"Zero Magazine","article_published_time":"2021-08-23T23:04:31+00:00","author":"zeromagazinemx","twitter_card":"summary_large_image","twitter_misc":{"Escrito por":"zeromagazinemx","Tiempo de lectura":"9 minutos"},"schema":{"@context":"https:\/\/schema.org","@graph":[{"@type":"Article","@id":"https:\/\/zeromagazine.mx\/index.php\/2021\/08\/23\/sofia-lama-y-sus-multifaceticos-personajes-en-la-actuacion\/#article","isPartOf":{"@id":"https:\/\/zeromagazine.mx\/index.php\/2021\/08\/23\/sofia-lama-y-sus-multifaceticos-personajes-en-la-actuacion\/"},"author":{"name":"zeromagazinemx","@id":"https:\/\/zeromagazine.mx\/#\/schema\/person\/9aed9f33a7c39af3a348b86d723f7773"},"headline":"Sof\u00eda Lama y sus multifac\u00e9ticos personajes en la actuaci\u00f3n","datePublished":"2021-08-23T23:04:31+00:00","mainEntityOfPage":{"@id":"https:\/\/zeromagazine.mx\/index.php\/2021\/08\/23\/sofia-lama-y-sus-multifaceticos-personajes-en-la-actuacion\/"},"wordCount":1769,"commentCount":0,"publisher":{"@id":"https:\/\/zeromagazine.mx\/#organization"},"image":{"@id":"https:\/\/zeromagazine.mx\/index.php\/2021\/08\/23\/sofia-lama-y-sus-multifaceticos-personajes-en-la-actuacion\/#primaryimage"},"thumbnailUrl":"","keywords":["\u201cVaselina\u201d","100 DIAS PARA ENAMORARNOS","Desde el M\u00e1s All\u00e1","El Secreto de Selena","En Portada","Epifanio Vargas","Guerra de \u00cddolos","Humberto Zurita","Kika Edgar","La Casa de al Lado","La Hora de Los Chavos","La Reina Del Sur","Las Arp\u00edas","Monologando","Niurka","Ofelia Medina","Patricia Reyes Sp\u00edndola","Rosa Diamante","Sin Senos No hay Para\u00edso","Sof\u00eda Lama","Victoria Ruffo"],"articleSection":["Entrevistas","Portada","Revista"],"inLanguage":"es","potentialAction":[{"@type":"CommentAction","name":"Comment","target":["https:\/\/zeromagazine.mx\/index.php\/2021\/08\/23\/sofia-lama-y-sus-multifaceticos-personajes-en-la-actuacion\/#respond"]}]},{"@type":"WebPage","@id":"https:\/\/zeromagazine.mx\/index.php\/2021\/08\/23\/sofia-lama-y-sus-multifaceticos-personajes-en-la-actuacion\/","url":"https:\/\/zeromagazine.mx\/index.php\/2021\/08\/23\/sofia-lama-y-sus-multifaceticos-personajes-en-la-actuacion\/","name":"Sof\u00eda Lama y sus multifac\u00e9ticos personajes en la actuaci\u00f3n - Zero Magazine","isPartOf":{"@id":"https:\/\/zeromagazine.mx\/#website"},"primaryImageOfPage":{"@id":"https:\/\/zeromagazine.mx\/index.php\/2021\/08\/23\/sofia-lama-y-sus-multifaceticos-personajes-en-la-actuacion\/#primaryimage"},"image":{"@id":"https:\/\/zeromagazine.mx\/index.php\/2021\/08\/23\/sofia-lama-y-sus-multifaceticos-personajes-en-la-actuacion\/#primaryimage"},"thumbnailUrl":"","datePublished":"2021-08-23T23:04:31+00:00","breadcrumb":{"@id":"https:\/\/zeromagazine.mx\/index.php\/2021\/08\/23\/sofia-lama-y-sus-multifaceticos-personajes-en-la-actuacion\/#breadcrumb"},"inLanguage":"es","potentialAction":[{"@type":"ReadAction","target":["https:\/\/zeromagazine.mx\/index.php\/2021\/08\/23\/sofia-lama-y-sus-multifaceticos-personajes-en-la-actuacion\/"]}]},{"@type":"ImageObject","inLanguage":"es","@id":"https:\/\/zeromagazine.mx\/index.php\/2021\/08\/23\/sofia-lama-y-sus-multifaceticos-personajes-en-la-actuacion\/#primaryimage","url":"","contentUrl":""},{"@type":"BreadcrumbList","@id":"https:\/\/zeromagazine.mx\/index.php\/2021\/08\/23\/sofia-lama-y-sus-multifaceticos-personajes-en-la-actuacion\/#breadcrumb","itemListElement":[{"@type":"ListItem","position":1,"name":"Portada","item":"https:\/\/zeromagazine.mx\/"},{"@type":"ListItem","position":2,"name":"Sof\u00eda Lama y sus multifac\u00e9ticos personajes en la actuaci\u00f3n"}]},{"@type":"WebSite","@id":"https:\/\/zeromagazine.mx\/#website","url":"https:\/\/zeromagazine.mx\/","name":"Zero Magazine","description":"","publisher":{"@id":"https:\/\/zeromagazine.mx\/#organization"},"potentialAction":[{"@type":"SearchAction","target":{"@type":"EntryPoint","urlTemplate":"https:\/\/zeromagazine.mx\/?s={search_term_string}"},"query-input":{"@type":"PropertyValueSpecification","valueRequired":true,"valueName":"search_term_string"}}],"inLanguage":"es"},{"@type":"Organization","@id":"https:\/\/zeromagazine.mx\/#organization","name":"Zero Magazine","url":"https:\/\/zeromagazine.mx\/","logo":{"@type":"ImageObject","inLanguage":"es","@id":"https:\/\/zeromagazine.mx\/#\/schema\/logo\/image\/","url":"https:\/\/i0.wp.com\/zeromagazine.mx\/wp-content\/uploads\/2025\/11\/1.jpeg?fit=1000%2C1000&ssl=1","contentUrl":"https:\/\/i0.wp.com\/zeromagazine.mx\/wp-content\/uploads\/2025\/11\/1.jpeg?fit=1000%2C1000&ssl=1","width":1000,"height":1000,"caption":"Zero Magazine"},"image":{"@id":"https:\/\/zeromagazine.mx\/#\/schema\/logo\/image\/"},"sameAs":["https:\/\/instagram.com\/zeromagazinemx"]},{"@type":"Person","@id":"https:\/\/zeromagazine.mx\/#\/schema\/person\/9aed9f33a7c39af3a348b86d723f7773","name":"zeromagazinemx","image":{"@type":"ImageObject","inLanguage":"es","@id":"https:\/\/zeromagazine.mx\/wp-content\/litespeed\/avatar\/f91dfe5410d5dcb1a576bf8c45983896.jpg?ver=1777571230","url":"https:\/\/zeromagazine.mx\/wp-content\/litespeed\/avatar\/f91dfe5410d5dcb1a576bf8c45983896.jpg?ver=1777571230","contentUrl":"https:\/\/zeromagazine.mx\/wp-content\/litespeed\/avatar\/f91dfe5410d5dcb1a576bf8c45983896.jpg?ver=1777571230","caption":"zeromagazinemx"},"url":"https:\/\/zeromagazine.mx\/index.php\/author\/zeromagazinemx\/"}]}},"jetpack_publicize_connections":[],"jetpack_featured_media_url":"","jetpack-related-posts":[{"id":51623,"url":"https:\/\/zeromagazine.mx\/index.php\/2021\/08\/05\/entrevista-a-marco-leon\/","url_meta":{"origin":52827,"position":0},"title":"Entrevista a Marco Le\u00f3n","author":"zeromagazinemx","date":"5 de agosto de 2021","format":false,"excerpt":"Marco Le\u00f3n es un actor y cantante mexicano, egresado del CEA Televisa; ha participado en televisi\u00f3n en diferentes proyectos como \u201cRosario Tijeras 3\u201d, \u201cAmar A Muerte\u201d, \u201cLa Taxista\u201d, \u201cTres Milagros\u201d, \u201cLa Rosa de Guadalupe\u201d, por mencionar algunos; en teatro tambi\u00e9n ha estado en diferentes puestas en escena, algunas de estas\u2026","rel":"","context":"En \u00abCine\u00bb","block_context":{"text":"Cine","link":"https:\/\/zeromagazine.mx\/index.php\/category\/entretenimiento\/cine\/"},"img":{"alt_text":"","src":"","width":0,"height":0},"classes":[]},{"id":47032,"url":"https:\/\/zeromagazine.mx\/index.php\/2021\/06\/07\/entrevista-a-aldo-escalante\/","url_meta":{"origin":52827,"position":1},"title":"Entrevista a: Aldo Escalante","author":"zeromagazinemx","date":"7 de junio de 2021","format":false,"excerpt":"Egresado de la carrera de actuaci\u00f3n en Casa Azul, \u00e9l es Aldo Escalante conocido por participar en incre\u00edbles producciones tanto en teatro, cine y televisi\u00f3n como El Se\u00f1or de los Cielos, Club de Cuervos\u00a0y La Balada de Hugo S\u00e1nchez donde le dio vida al incre\u00edble Carmelo, recientemente lo vimos en\u2026","rel":"","context":"En \u00abCine\u00bb","block_context":{"text":"Cine","link":"https:\/\/zeromagazine.mx\/index.php\/category\/entretenimiento\/cine\/"},"img":{"alt_text":"","src":"","width":0,"height":0},"classes":[]},{"id":50760,"url":"https:\/\/zeromagazine.mx\/index.php\/2021\/07\/24\/gerardo-quiroz-y-sus-suenos-en-broadway\/","url_meta":{"origin":52827,"position":2},"title":"Gerardo Quiroz y sus \u00abSue\u00f1os en Broadway\u00bb","author":"zeromagazinemx","date":"24 de julio de 2021","format":false,"excerpt":"Actor, Locutor, Productor de Teatro y Televisi\u00f3n Naci\u00f3 en la Ciudad de M\u00e9xico el 14 de septiembre de 1966, es Licenciado en Comunicaci\u00f3n y Relaciones P\u00fablicas, recibido en la Universidad Latinoamericana en 1991, con menci\u00f3n honor\u00edfica con la tesis \"El Actor Como Comunicador Social en la Cinematograf\u00eda\". Desde 1978 inici\u00f3\u2026","rel":"","context":"En \u00abEntrevistas\u00bb","block_context":{"text":"Entrevistas","link":"https:\/\/zeromagazine.mx\/index.php\/category\/entretenimiento\/entrevistas\/"},"img":{"alt_text":"","src":"","width":0,"height":0},"classes":[]},{"id":80935,"url":"https:\/\/zeromagazine.mx\/index.php\/2024\/07\/29\/emilio-trevino-la-voz-mas-cool-se-apodera-de-la-pantalla\/","url_meta":{"origin":52827,"position":3},"title":"Emilio Trevi\u00f1o: La Voz M\u00e1s Cool Se Apodera de la Pantalla","author":"David Morales","date":"29 de julio de 2024","format":false,"excerpt":"Emilio Trevi\u00f1o es un talentoso actor y actor de doblaje que ha dejado una huella significativa en la industria del entretenimiento. Con m\u00e1s de 20 a\u00f1os de experiencia, Emilio ha participado en cine, televisi\u00f3n, teatro y doblaje, siempre destac\u00e1ndose por su pasi\u00f3n y dedicaci\u00f3n. En esta entrevista, Emilio nos compartir\u00e1\u2026","rel":"","context":"En \u00abPortada\u00bb","block_context":{"text":"Portada","link":"https:\/\/zeromagazine.mx\/index.php\/category\/portada\/"},"img":{"alt_text":"","src":"https:\/\/i0.wp.com\/zeromagazine.mx\/wp-content\/uploads\/2024\/07\/IMG_1300.png?fit=927%2C1200&ssl=1&resize=350%2C200","width":350,"height":200,"srcset":"https:\/\/i0.wp.com\/zeromagazine.mx\/wp-content\/uploads\/2024\/07\/IMG_1300.png?fit=927%2C1200&ssl=1&resize=350%2C200 1x, https:\/\/i0.wp.com\/zeromagazine.mx\/wp-content\/uploads\/2024\/07\/IMG_1300.png?fit=927%2C1200&ssl=1&resize=525%2C300 1.5x, https:\/\/i0.wp.com\/zeromagazine.mx\/wp-content\/uploads\/2024\/07\/IMG_1300.png?fit=927%2C1200&ssl=1&resize=700%2C400 2x"},"classes":[]},{"id":60163,"url":"https:\/\/zeromagazine.mx\/index.php\/2021\/12\/06\/entrevista-alexis-ayala-uno-de-los-actores-mas-reconocidos\/","url_meta":{"origin":52827,"position":4},"title":"Entrevista: Alexis Ayala, uno de los actores m\u00e1s reconocidos","author":"zeromagazinemx","date":"6 de diciembre de 2021","format":false,"excerpt":"Alexis es uno de los actores m\u00e1s reconocidos dentro del mundo del espect\u00e1culo, cuenta con una trayectoria impecable. Es talentoso, apasionado, disciplinado, perseverante y directo; cualidades que le han permitido llegar muy lejos, con m\u00faltiples producciones y proyectos, de los cuales se siente orgulloso. Por Itzel Rubio Zero Magazine tuvo\u2026","rel":"","context":"En \u00abEntrevistas\u00bb","block_context":{"text":"Entrevistas","link":"https:\/\/zeromagazine.mx\/index.php\/category\/entretenimiento\/entrevistas\/"},"img":{"alt_text":"","src":"https:\/\/i0.wp.com\/zeromagazinemx.wpcomstaging.com\/wp-content\/uploads\/2022\/02\/dad8c-alexis-ayala-5827.jpg.jpg?resize=350%2C200&ssl=1","width":350,"height":200,"srcset":"https:\/\/i0.wp.com\/zeromagazinemx.wpcomstaging.com\/wp-content\/uploads\/2022\/02\/dad8c-alexis-ayala-5827.jpg.jpg?resize=350%2C200&ssl=1 1x, https:\/\/i0.wp.com\/zeromagazinemx.wpcomstaging.com\/wp-content\/uploads\/2022\/02\/dad8c-alexis-ayala-5827.jpg.jpg?resize=525%2C300&ssl=1 1.5x, https:\/\/i0.wp.com\/zeromagazinemx.wpcomstaging.com\/wp-content\/uploads\/2022\/02\/dad8c-alexis-ayala-5827.jpg.jpg?resize=700%2C400&ssl=1 2x"},"classes":[]},{"id":78565,"url":"https:\/\/zeromagazine.mx\/index.php\/2024\/06\/18\/vaseline-lanza-colour-care-el-secreto-de-belleza-que-conquista-mexico\/","url_meta":{"origin":52827,"position":5},"title":"\u00a1Vaseline lanza Colour + Care: el secreto de belleza que conquista M\u00e9xico!","author":"zeromagazinemx","date":"18 de junio de 2024","format":false,"excerpt":"\u00bfListes para descubrir lo \u00faltimo en cuidado y estilo para tus labios? Vaseline, la marca de confianza en cuidado de la piel, est\u00e1 por lanzar en M\u00e9xico su nueva joyita: Vaseline Colour + Care. Este lanzamiento promete revolucionar nuestra rutina de belleza diaria. Imagina labios hidratados hasta por 24 horas,\u2026","rel":"","context":"En \u00abBienestar\u00bb","block_context":{"text":"Bienestar","link":"https:\/\/zeromagazine.mx\/index.php\/category\/lifestyle\/bienestar\/"},"img":{"alt_text":"","src":"https:\/\/i0.wp.com\/zeromagazine.mx\/wp-content\/uploads\/2024\/06\/19-97-1-3058-AM01-3_UI_SING_THAI_VL_LIP-CARE_MELLOW-ROSE_BLISTER-CARD_3_0g_R11_FOP-1-scaled.jpg?fit=1200%2C1200&ssl=1&resize=350%2C200","width":350,"height":200,"srcset":"https:\/\/i0.wp.com\/zeromagazine.mx\/wp-content\/uploads\/2024\/06\/19-97-1-3058-AM01-3_UI_SING_THAI_VL_LIP-CARE_MELLOW-ROSE_BLISTER-CARD_3_0g_R11_FOP-1-scaled.jpg?fit=1200%2C1200&ssl=1&resize=350%2C200 1x, https:\/\/i0.wp.com\/zeromagazine.mx\/wp-content\/uploads\/2024\/06\/19-97-1-3058-AM01-3_UI_SING_THAI_VL_LIP-CARE_MELLOW-ROSE_BLISTER-CARD_3_0g_R11_FOP-1-scaled.jpg?fit=1200%2C1200&ssl=1&resize=525%2C300 1.5x, https:\/\/i0.wp.com\/zeromagazine.mx\/wp-content\/uploads\/2024\/06\/19-97-1-3058-AM01-3_UI_SING_THAI_VL_LIP-CARE_MELLOW-ROSE_BLISTER-CARD_3_0g_R11_FOP-1-scaled.jpg?fit=1200%2C1200&ssl=1&resize=700%2C400 2x, https:\/\/i0.wp.com\/zeromagazine.mx\/wp-content\/uploads\/2024\/06\/19-97-1-3058-AM01-3_UI_SING_THAI_VL_LIP-CARE_MELLOW-ROSE_BLISTER-CARD_3_0g_R11_FOP-1-scaled.jpg?fit=1200%2C1200&ssl=1&resize=1050%2C600 3x"},"classes":[]}],"jetpack_sharing_enabled":true,"builder_content":"","_links":{"self":[{"href":"https:\/\/zeromagazine.mx\/index.php\/wp-json\/wp\/v2\/posts\/52827","targetHints":{"allow":["GET"]}}],"collection":[{"href":"https:\/\/zeromagazine.mx\/index.php\/wp-json\/wp\/v2\/posts"}],"about":[{"href":"https:\/\/zeromagazine.mx\/index.php\/wp-json\/wp\/v2\/types\/post"}],"author":[{"embeddable":true,"href":"https:\/\/zeromagazine.mx\/index.php\/wp-json\/wp\/v2\/users\/2"}],"replies":[{"embeddable":true,"href":"https:\/\/zeromagazine.mx\/index.php\/wp-json\/wp\/v2\/comments?post=52827"}],"version-history":[{"count":0,"href":"https:\/\/zeromagazine.mx\/index.php\/wp-json\/wp\/v2\/posts\/52827\/revisions"}],"wp:featuredmedia":[{"embeddable":true,"href":"https:\/\/zeromagazine.mx\/index.php\/wp-json\/"}],"wp:attachment":[{"href":"https:\/\/zeromagazine.mx\/index.php\/wp-json\/wp\/v2\/media?parent=52827"}],"wp:term":[{"taxonomy":"category","embeddable":true,"href":"https:\/\/zeromagazine.mx\/index.php\/wp-json\/wp\/v2\/categories?post=52827"},{"taxonomy":"post_tag","embeddable":true,"href":"https:\/\/zeromagazine.mx\/index.php\/wp-json\/wp\/v2\/tags?post=52827"}],"curies":[{"name":"wp","href":"https:\/\/api.w.org\/{rel}","templated":true}]}}