{"id":53107,"date":"2021-08-27T20:20:00","date_gmt":"2021-08-28T01:20:00","guid":{"rendered":"https:\/\/atomic-temporary-84115225.wpcomstaging.com\/?p=53107"},"modified":"2021-08-27T20:20:00","modified_gmt":"2021-08-28T01:20:00","slug":"j-balvin-estrena-nueva-cancion-junto-a-tokischa","status":"publish","type":"post","link":"https:\/\/zeromagazine.mx\/index.php\/2021\/08\/27\/j-balvin-estrena-nueva-cancion-junto-a-tokischa\/","title":{"rendered":"J Balvin estrena nueva canci\u00f3n junto a Tokischa"},"content":{"rendered":"\n<p><strong>J Balvin <\/strong>comparte su nueva canci\u00f3n \u201c<strong>Perra<\/strong>\u201d junto a <strong>Tokischa<\/strong>, el tema es parte de su quinto \u00e1lbum \u201c<strong>Jose<\/strong>\u201d que saldr\u00e1 a la venta el 10 de septiembre.<\/p>\n\n\n\n<div class=\"wp-block-image\"><figure class=\"aligncenter size-full is-resized\"><a href=\"https:\/\/i0.wp.com\/zeromagazinemx.wpcomstaging.com\/wp-content\/uploads\/2022\/02\/c0b08-artwork-440x440-1-1.jpg?ssl=1\"><img data-recalc-dims=\"1\" decoding=\"async\" src=\"https:\/\/i0.wp.com\/zeromagazinemx.wpcomstaging.com\/wp-content\/uploads\/2022\/02\/c0b08-artwork-440x440-1-1.jpg?resize=424%2C424&#038;ssl=1\" alt=\"\" class=\"wp-image-53111\" width=\"424\" height=\"424\" \/><\/a><\/figure><\/div>\n\n\n\n<div class=\"wp-block-buttons is-layout-flex wp-block-buttons-is-layout-flex\">\n<div class=\"wp-block-button is-style-outline is-style-outline--1\"><a class=\"wp-block-button__link\">Por Mayra Torres<\/a><\/div>\n<\/div>\n\n\n\n<p>El nuevo tema musical de <strong>J Balvin<\/strong> \u201cPerra\u201d con <strong>Tokischa<\/strong> el cual llega junto con la presentaci\u00f3n del arte de la portada de \u201cJose\u201d su quinto \u00e1lbum que saldr\u00e1 a la venta el 10 de septiembre el cual ya est\u00e1 disponible para reservar en todas las plataformas.<\/p>\n\n\n\n<p>El lanzamiento de la portada de \u201cJose\u201d es parte del reencuentro con <strong>Fortnite<\/strong> para participar en la Serie de Icono y lanzar el juego de art\u00edculos de<strong> J Balvin<\/strong>, el cual incluye un nuevo atuendo del cantante, un emotic\u00f3n y mucho m\u00e1s.<\/p>\n\n\n\n<p>\u201cPerra\u201d ya se encuentra disponible en todas las plataformas digitales.<\/p>\n\n\n\n<p>Puedes reservar \u201cJose\u201d aqu\u00ed.<a href=\"https:\/\/jbalvin.lnk.to\/Jose!PR?utm_source=dotmailer&amp;utm_medium=email&amp;utm_campaign=131141_JB_231974_US&amp;dm_i=4YZQ,2T6T,OCVIC,D58B,1\">Jose (lnk.to)<\/a><\/p>\n\n\n\n<figure class=\"wp-block-embed aligncenter is-type-rich is-provider-spotify wp-block-embed-spotify wp-embed-aspect-21-9 wp-has-aspect-ratio\"><div class=\"wp-block-embed__wrapper\">\n<iframe title=\"Spotify Embed: Perra\" style=\"border-radius: 12px\" width=\"100%\" height=\"152\" frameborder=\"0\" allowfullscreen allow=\"autoplay; clipboard-write; encrypted-media; fullscreen; picture-in-picture\" loading=\"lazy\" src=\"https:\/\/open.spotify.com\/embed\/track\/3xD6kwkNjCTEKvMT5zgHAx?si=VXxIOF7RTnuptAq4CaTIPw&#038;utm_source=oembed\"><\/iframe>\n<\/div><\/figure>\n\n\n\n\n<!--themify_builder_content-->\n<div id=\"themify_builder_content-53107\" data-postid=\"53107\" class=\"themify_builder_content themify_builder_content-53107 themify_builder tf_clear\">\n    <\/div>\n<!--\/themify_builder_content-->\n","protected":false},"excerpt":{"rendered":"<p>J Balvin comparte su nueva canci\u00f3n \u201cPerra\u201d junto a Tokischa, el tema es parte de su quinto \u00e1lbum \u201cJose\u201d que saldr\u00e1 a la venta el 10 de septiembre. El nuevo tema musical de J Balvin \u201cPerra\u201d con Tokischa el cual llega junto con la presentaci\u00f3n del arte de la portada de \u201cJose\u201d su quinto \u00e1lbum [&hellip;]<\/p>\n","protected":false},"author":2,"featured_media":53113,"comment_status":"open","ping_status":"open","sticky":false,"template":"","format":"standard","meta":{"_jetpack_memberships_contains_paid_content":false,"footnotes":"","jetpack_publicize_message":"","jetpack_publicize_feature_enabled":true,"jetpack_social_post_already_shared":true,"jetpack_social_options":{"image_generator_settings":{"template":"highway","default_image_id":0,"font":"","enabled":false},"version":2}},"categories":[791,117],"tags":[4325,4326,1452,4327],"class_list":["post-53107","post","type-post","status-publish","format-standard","has-post-thumbnail","hentry","category-cultura","category-entretenimiento","tag-album-perra","tag-fortnite","tag-j-balvin","tag-tokischa","has-post-title","has-post-date","has-post-category","has-post-tag","has-post-comment","has-post-author",""],"yoast_head":"<!-- This site is optimized with the Yoast SEO plugin v27.4 - https:\/\/yoast.com\/product\/yoast-seo-wordpress\/ -->\n<title>J Balvin estrena nueva canci\u00f3n junto a Tokischa - Zero Magazine<\/title>\n<meta name=\"robots\" content=\"index, follow, max-snippet:-1, max-image-preview:large, max-video-preview:-1\" \/>\n<link rel=\"canonical\" href=\"https:\/\/zeromagazine.mx\/index.php\/2021\/08\/27\/j-balvin-estrena-nueva-cancion-junto-a-tokischa\/\" \/>\n<meta property=\"og:locale\" content=\"es_ES\" \/>\n<meta property=\"og:type\" content=\"article\" \/>\n<meta property=\"og:title\" content=\"J Balvin estrena nueva canci\u00f3n junto a Tokischa - Zero Magazine\" \/>\n<meta property=\"og:description\" content=\"J Balvin comparte su nueva canci\u00f3n \u201cPerra\u201d junto a Tokischa, el tema es parte de su quinto \u00e1lbum \u201cJose\u201d que saldr\u00e1 a la venta el 10 de septiembre. El nuevo tema musical de J Balvin \u201cPerra\u201d con Tokischa el cual llega junto con la presentaci\u00f3n del arte de la portada de \u201cJose\u201d su quinto \u00e1lbum [&hellip;]\" \/>\n<meta property=\"og:url\" content=\"https:\/\/zeromagazine.mx\/index.php\/2021\/08\/27\/j-balvin-estrena-nueva-cancion-junto-a-tokischa\/\" \/>\n<meta property=\"og:site_name\" content=\"Zero Magazine\" \/>\n<meta property=\"article:published_time\" content=\"2021-08-28T01:20:00+00:00\" \/>\n<meta name=\"author\" content=\"zeromagazinemx\" \/>\n<meta name=\"twitter:card\" content=\"summary_large_image\" \/>\n<meta name=\"twitter:label1\" content=\"Escrito por\" \/>\n\t<meta name=\"twitter:data1\" content=\"zeromagazinemx\" \/>\n\t<meta name=\"twitter:label2\" content=\"Tiempo de lectura\" \/>\n\t<meta name=\"twitter:data2\" content=\"1 minuto\" \/>\n<script type=\"application\/ld+json\" class=\"yoast-schema-graph\">{\"@context\":\"https:\\\/\\\/schema.org\",\"@graph\":[{\"@type\":\"Article\",\"@id\":\"https:\\\/\\\/zeromagazine.mx\\\/index.php\\\/2021\\\/08\\\/27\\\/j-balvin-estrena-nueva-cancion-junto-a-tokischa\\\/#article\",\"isPartOf\":{\"@id\":\"https:\\\/\\\/zeromagazine.mx\\\/index.php\\\/2021\\\/08\\\/27\\\/j-balvin-estrena-nueva-cancion-junto-a-tokischa\\\/\"},\"author\":{\"name\":\"zeromagazinemx\",\"@id\":\"https:\\\/\\\/zeromagazine.mx\\\/#\\\/schema\\\/person\\\/9aed9f33a7c39af3a348b86d723f7773\"},\"headline\":\"J Balvin estrena nueva canci\u00f3n junto a Tokischa\",\"datePublished\":\"2021-08-28T01:20:00+00:00\",\"mainEntityOfPage\":{\"@id\":\"https:\\\/\\\/zeromagazine.mx\\\/index.php\\\/2021\\\/08\\\/27\\\/j-balvin-estrena-nueva-cancion-junto-a-tokischa\\\/\"},\"wordCount\":161,\"commentCount\":0,\"publisher\":{\"@id\":\"https:\\\/\\\/zeromagazine.mx\\\/#organization\"},\"image\":{\"@id\":\"https:\\\/\\\/zeromagazine.mx\\\/index.php\\\/2021\\\/08\\\/27\\\/j-balvin-estrena-nueva-cancion-junto-a-tokischa\\\/#primaryimage\"},\"thumbnailUrl\":\"\",\"keywords\":[\"\u00c1lbum Perra\",\"Fortnite\",\"J Balvin\",\"Tokischa\"],\"articleSection\":[\"Cultura\",\"Entretenimiento\"],\"inLanguage\":\"es\",\"potentialAction\":[{\"@type\":\"CommentAction\",\"name\":\"Comment\",\"target\":[\"https:\\\/\\\/zeromagazine.mx\\\/index.php\\\/2021\\\/08\\\/27\\\/j-balvin-estrena-nueva-cancion-junto-a-tokischa\\\/#respond\"]}]},{\"@type\":\"WebPage\",\"@id\":\"https:\\\/\\\/zeromagazine.mx\\\/index.php\\\/2021\\\/08\\\/27\\\/j-balvin-estrena-nueva-cancion-junto-a-tokischa\\\/\",\"url\":\"https:\\\/\\\/zeromagazine.mx\\\/index.php\\\/2021\\\/08\\\/27\\\/j-balvin-estrena-nueva-cancion-junto-a-tokischa\\\/\",\"name\":\"J Balvin estrena nueva canci\u00f3n junto a Tokischa - Zero Magazine\",\"isPartOf\":{\"@id\":\"https:\\\/\\\/zeromagazine.mx\\\/#website\"},\"primaryImageOfPage\":{\"@id\":\"https:\\\/\\\/zeromagazine.mx\\\/index.php\\\/2021\\\/08\\\/27\\\/j-balvin-estrena-nueva-cancion-junto-a-tokischa\\\/#primaryimage\"},\"image\":{\"@id\":\"https:\\\/\\\/zeromagazine.mx\\\/index.php\\\/2021\\\/08\\\/27\\\/j-balvin-estrena-nueva-cancion-junto-a-tokischa\\\/#primaryimage\"},\"thumbnailUrl\":\"\",\"datePublished\":\"2021-08-28T01:20:00+00:00\",\"breadcrumb\":{\"@id\":\"https:\\\/\\\/zeromagazine.mx\\\/index.php\\\/2021\\\/08\\\/27\\\/j-balvin-estrena-nueva-cancion-junto-a-tokischa\\\/#breadcrumb\"},\"inLanguage\":\"es\",\"potentialAction\":[{\"@type\":\"ReadAction\",\"target\":[\"https:\\\/\\\/zeromagazine.mx\\\/index.php\\\/2021\\\/08\\\/27\\\/j-balvin-estrena-nueva-cancion-junto-a-tokischa\\\/\"]}]},{\"@type\":\"ImageObject\",\"inLanguage\":\"es\",\"@id\":\"https:\\\/\\\/zeromagazine.mx\\\/index.php\\\/2021\\\/08\\\/27\\\/j-balvin-estrena-nueva-cancion-junto-a-tokischa\\\/#primaryimage\",\"url\":\"\",\"contentUrl\":\"\"},{\"@type\":\"BreadcrumbList\",\"@id\":\"https:\\\/\\\/zeromagazine.mx\\\/index.php\\\/2021\\\/08\\\/27\\\/j-balvin-estrena-nueva-cancion-junto-a-tokischa\\\/#breadcrumb\",\"itemListElement\":[{\"@type\":\"ListItem\",\"position\":1,\"name\":\"Portada\",\"item\":\"https:\\\/\\\/zeromagazine.mx\\\/\"},{\"@type\":\"ListItem\",\"position\":2,\"name\":\"J Balvin estrena nueva canci\u00f3n junto a Tokischa\"}]},{\"@type\":\"WebSite\",\"@id\":\"https:\\\/\\\/zeromagazine.mx\\\/#website\",\"url\":\"https:\\\/\\\/zeromagazine.mx\\\/\",\"name\":\"Zero Magazine\",\"description\":\"\",\"publisher\":{\"@id\":\"https:\\\/\\\/zeromagazine.mx\\\/#organization\"},\"potentialAction\":[{\"@type\":\"SearchAction\",\"target\":{\"@type\":\"EntryPoint\",\"urlTemplate\":\"https:\\\/\\\/zeromagazine.mx\\\/?s={search_term_string}\"},\"query-input\":{\"@type\":\"PropertyValueSpecification\",\"valueRequired\":true,\"valueName\":\"search_term_string\"}}],\"inLanguage\":\"es\"},{\"@type\":\"Organization\",\"@id\":\"https:\\\/\\\/zeromagazine.mx\\\/#organization\",\"name\":\"Zero Magazine\",\"url\":\"https:\\\/\\\/zeromagazine.mx\\\/\",\"logo\":{\"@type\":\"ImageObject\",\"inLanguage\":\"es\",\"@id\":\"https:\\\/\\\/zeromagazine.mx\\\/#\\\/schema\\\/logo\\\/image\\\/\",\"url\":\"https:\\\/\\\/i0.wp.com\\\/zeromagazine.mx\\\/wp-content\\\/uploads\\\/2025\\\/11\\\/1.jpeg?fit=1000%2C1000&ssl=1\",\"contentUrl\":\"https:\\\/\\\/i0.wp.com\\\/zeromagazine.mx\\\/wp-content\\\/uploads\\\/2025\\\/11\\\/1.jpeg?fit=1000%2C1000&ssl=1\",\"width\":1000,\"height\":1000,\"caption\":\"Zero Magazine\"},\"image\":{\"@id\":\"https:\\\/\\\/zeromagazine.mx\\\/#\\\/schema\\\/logo\\\/image\\\/\"},\"sameAs\":[\"https:\\\/\\\/instagram.com\\\/zeromagazinemx\"]},{\"@type\":\"Person\",\"@id\":\"https:\\\/\\\/zeromagazine.mx\\\/#\\\/schema\\\/person\\\/9aed9f33a7c39af3a348b86d723f7773\",\"name\":\"zeromagazinemx\",\"image\":{\"@type\":\"ImageObject\",\"inLanguage\":\"es\",\"@id\":\"https:\\\/\\\/zeromagazine.mx\\\/wp-content\\\/litespeed\\\/avatar\\\/f91dfe5410d5dcb1a576bf8c45983896.jpg?ver=1776966396\",\"url\":\"https:\\\/\\\/zeromagazine.mx\\\/wp-content\\\/litespeed\\\/avatar\\\/f91dfe5410d5dcb1a576bf8c45983896.jpg?ver=1776966396\",\"contentUrl\":\"https:\\\/\\\/zeromagazine.mx\\\/wp-content\\\/litespeed\\\/avatar\\\/f91dfe5410d5dcb1a576bf8c45983896.jpg?ver=1776966396\",\"caption\":\"zeromagazinemx\"},\"url\":\"https:\\\/\\\/zeromagazine.mx\\\/index.php\\\/author\\\/zeromagazinemx\\\/\"}]}<\/script>\n<!-- \/ Yoast SEO plugin. -->","yoast_head_json":{"title":"J Balvin estrena nueva canci\u00f3n junto a Tokischa - Zero Magazine","robots":{"index":"index","follow":"follow","max-snippet":"max-snippet:-1","max-image-preview":"max-image-preview:large","max-video-preview":"max-video-preview:-1"},"canonical":"https:\/\/zeromagazine.mx\/index.php\/2021\/08\/27\/j-balvin-estrena-nueva-cancion-junto-a-tokischa\/","og_locale":"es_ES","og_type":"article","og_title":"J Balvin estrena nueva canci\u00f3n junto a Tokischa - Zero Magazine","og_description":"J Balvin comparte su nueva canci\u00f3n \u201cPerra\u201d junto a Tokischa, el tema es parte de su quinto \u00e1lbum \u201cJose\u201d que saldr\u00e1 a la venta el 10 de septiembre. El nuevo tema musical de J Balvin \u201cPerra\u201d con Tokischa el cual llega junto con la presentaci\u00f3n del arte de la portada de \u201cJose\u201d su quinto \u00e1lbum [&hellip;]","og_url":"https:\/\/zeromagazine.mx\/index.php\/2021\/08\/27\/j-balvin-estrena-nueva-cancion-junto-a-tokischa\/","og_site_name":"Zero Magazine","article_published_time":"2021-08-28T01:20:00+00:00","author":"zeromagazinemx","twitter_card":"summary_large_image","twitter_misc":{"Escrito por":"zeromagazinemx","Tiempo de lectura":"1 minuto"},"schema":{"@context":"https:\/\/schema.org","@graph":[{"@type":"Article","@id":"https:\/\/zeromagazine.mx\/index.php\/2021\/08\/27\/j-balvin-estrena-nueva-cancion-junto-a-tokischa\/#article","isPartOf":{"@id":"https:\/\/zeromagazine.mx\/index.php\/2021\/08\/27\/j-balvin-estrena-nueva-cancion-junto-a-tokischa\/"},"author":{"name":"zeromagazinemx","@id":"https:\/\/zeromagazine.mx\/#\/schema\/person\/9aed9f33a7c39af3a348b86d723f7773"},"headline":"J Balvin estrena nueva canci\u00f3n junto a Tokischa","datePublished":"2021-08-28T01:20:00+00:00","mainEntityOfPage":{"@id":"https:\/\/zeromagazine.mx\/index.php\/2021\/08\/27\/j-balvin-estrena-nueva-cancion-junto-a-tokischa\/"},"wordCount":161,"commentCount":0,"publisher":{"@id":"https:\/\/zeromagazine.mx\/#organization"},"image":{"@id":"https:\/\/zeromagazine.mx\/index.php\/2021\/08\/27\/j-balvin-estrena-nueva-cancion-junto-a-tokischa\/#primaryimage"},"thumbnailUrl":"","keywords":["\u00c1lbum Perra","Fortnite","J Balvin","Tokischa"],"articleSection":["Cultura","Entretenimiento"],"inLanguage":"es","potentialAction":[{"@type":"CommentAction","name":"Comment","target":["https:\/\/zeromagazine.mx\/index.php\/2021\/08\/27\/j-balvin-estrena-nueva-cancion-junto-a-tokischa\/#respond"]}]},{"@type":"WebPage","@id":"https:\/\/zeromagazine.mx\/index.php\/2021\/08\/27\/j-balvin-estrena-nueva-cancion-junto-a-tokischa\/","url":"https:\/\/zeromagazine.mx\/index.php\/2021\/08\/27\/j-balvin-estrena-nueva-cancion-junto-a-tokischa\/","name":"J Balvin estrena nueva canci\u00f3n junto a Tokischa - Zero Magazine","isPartOf":{"@id":"https:\/\/zeromagazine.mx\/#website"},"primaryImageOfPage":{"@id":"https:\/\/zeromagazine.mx\/index.php\/2021\/08\/27\/j-balvin-estrena-nueva-cancion-junto-a-tokischa\/#primaryimage"},"image":{"@id":"https:\/\/zeromagazine.mx\/index.php\/2021\/08\/27\/j-balvin-estrena-nueva-cancion-junto-a-tokischa\/#primaryimage"},"thumbnailUrl":"","datePublished":"2021-08-28T01:20:00+00:00","breadcrumb":{"@id":"https:\/\/zeromagazine.mx\/index.php\/2021\/08\/27\/j-balvin-estrena-nueva-cancion-junto-a-tokischa\/#breadcrumb"},"inLanguage":"es","potentialAction":[{"@type":"ReadAction","target":["https:\/\/zeromagazine.mx\/index.php\/2021\/08\/27\/j-balvin-estrena-nueva-cancion-junto-a-tokischa\/"]}]},{"@type":"ImageObject","inLanguage":"es","@id":"https:\/\/zeromagazine.mx\/index.php\/2021\/08\/27\/j-balvin-estrena-nueva-cancion-junto-a-tokischa\/#primaryimage","url":"","contentUrl":""},{"@type":"BreadcrumbList","@id":"https:\/\/zeromagazine.mx\/index.php\/2021\/08\/27\/j-balvin-estrena-nueva-cancion-junto-a-tokischa\/#breadcrumb","itemListElement":[{"@type":"ListItem","position":1,"name":"Portada","item":"https:\/\/zeromagazine.mx\/"},{"@type":"ListItem","position":2,"name":"J Balvin estrena nueva canci\u00f3n junto a Tokischa"}]},{"@type":"WebSite","@id":"https:\/\/zeromagazine.mx\/#website","url":"https:\/\/zeromagazine.mx\/","name":"Zero Magazine","description":"","publisher":{"@id":"https:\/\/zeromagazine.mx\/#organization"},"potentialAction":[{"@type":"SearchAction","target":{"@type":"EntryPoint","urlTemplate":"https:\/\/zeromagazine.mx\/?s={search_term_string}"},"query-input":{"@type":"PropertyValueSpecification","valueRequired":true,"valueName":"search_term_string"}}],"inLanguage":"es"},{"@type":"Organization","@id":"https:\/\/zeromagazine.mx\/#organization","name":"Zero Magazine","url":"https:\/\/zeromagazine.mx\/","logo":{"@type":"ImageObject","inLanguage":"es","@id":"https:\/\/zeromagazine.mx\/#\/schema\/logo\/image\/","url":"https:\/\/i0.wp.com\/zeromagazine.mx\/wp-content\/uploads\/2025\/11\/1.jpeg?fit=1000%2C1000&ssl=1","contentUrl":"https:\/\/i0.wp.com\/zeromagazine.mx\/wp-content\/uploads\/2025\/11\/1.jpeg?fit=1000%2C1000&ssl=1","width":1000,"height":1000,"caption":"Zero Magazine"},"image":{"@id":"https:\/\/zeromagazine.mx\/#\/schema\/logo\/image\/"},"sameAs":["https:\/\/instagram.com\/zeromagazinemx"]},{"@type":"Person","@id":"https:\/\/zeromagazine.mx\/#\/schema\/person\/9aed9f33a7c39af3a348b86d723f7773","name":"zeromagazinemx","image":{"@type":"ImageObject","inLanguage":"es","@id":"https:\/\/zeromagazine.mx\/wp-content\/litespeed\/avatar\/f91dfe5410d5dcb1a576bf8c45983896.jpg?ver=1776966396","url":"https:\/\/zeromagazine.mx\/wp-content\/litespeed\/avatar\/f91dfe5410d5dcb1a576bf8c45983896.jpg?ver=1776966396","contentUrl":"https:\/\/zeromagazine.mx\/wp-content\/litespeed\/avatar\/f91dfe5410d5dcb1a576bf8c45983896.jpg?ver=1776966396","caption":"zeromagazinemx"},"url":"https:\/\/zeromagazine.mx\/index.php\/author\/zeromagazinemx\/"}]}},"jetpack_publicize_connections":[],"jetpack_featured_media_url":"","jetpack-related-posts":[{"id":54287,"url":"https:\/\/zeromagazine.mx\/index.php\/2021\/09\/10\/j-balvin-lanza-su-nuevo-album-jose\/","url_meta":{"origin":53107,"position":0},"title":"J Balv\u00edn lanza su nuevo \u00e1lbum \u201cJose\u201d","author":"zeromagazinemx","date":"10 de septiembre de 2021","format":false,"excerpt":"J Balvin logra el 31\u00b0 n\u00famero uno en la historia de Latin Ariplay, empatando el record de m\u00e1s n\u00famero 1 de todos los tiempos. @TEOGRAPH Por Moises Kushelevich J Balvin lanza su esperado quinto \u00e1lbum de estudio \u201cJose\u201d que se encuentra ya disponible en todo el mundo. El nombre del\u2026","rel":"","context":"En \u00abBlog\u00bb","block_context":{"text":"Blog","link":"https:\/\/zeromagazine.mx\/index.php\/category\/blog\/"},"img":{"alt_text":"","src":"","width":0,"height":0},"classes":[]},{"id":53928,"url":"https:\/\/zeromagazine.mx\/index.php\/2021\/09\/06\/j-balvin-el-nino-de-medellin\/","url_meta":{"origin":53107,"position":1},"title":"J BALVIN, EL NI\u00d1O DE MEDELL\u00cdN","author":"zeromagazinemx","date":"6 de septiembre de 2021","format":false,"excerpt":"Jos\u00e9 \u00c1lvaro Osorio Balv\u00edn, conocido mundialmente como J Balvin, a pesar de la pandemia anda m\u00e1s activo que nada. Recientemente tuvo aparici\u00f3n en Fortnite, anunci\u00f3 el Festival Ne\u00f3n Canc\u00fan el cual se llevar\u00e1 a cabo del 20 a\u00a024 de Enero del 2022, y tambi\u00e9n estrena material discogr\u00e1fico este\u00a010 de septiembre\u00a0\u201cJos\u00e9\u201d.\u00a0\u2026","rel":"","context":"En \u00abEntrevistas\u00bb","block_context":{"text":"Entrevistas","link":"https:\/\/zeromagazine.mx\/index.php\/category\/entretenimiento\/entrevistas\/"},"img":{"alt_text":"","src":"","width":0,"height":0},"classes":[]},{"id":71368,"url":"https:\/\/zeromagazine.mx\/index.php\/2024\/03\/01\/j-balvin-jowell-y-randy-y-de-la-ghetto-revolucionan-el-genero-urbano-con-nuevo-sencillo-triple-s\/","url_meta":{"origin":53107,"position":2},"title":"J Balvin, Jowell y Randy, y De La Ghetto revolucionan el g\u00e9nero urbano con nuevo sencillo \u00abTriple S\u00bb","author":"zeromagazinemx","date":"1 de marzo de 2024","format":false,"excerpt":"Hoy quiero compartirles la emoci\u00f3n que siento por el pr\u00f3ximo lanzamiento del nuevo sencillo de J Balvin, titulado \"Triple S\". Este tema es m\u00e1s que una canci\u00f3n, es un retorno a sus ra\u00edces y adem\u00e1s es un himno de empoderamiento para todas las mujeres que escuchan. Primero que nada, quiero\u2026","rel":"","context":"En \u00abBlog\u00bb","block_context":{"text":"Blog","link":"https:\/\/zeromagazine.mx\/index.php\/category\/blog\/"},"img":{"alt_text":"","src":"https:\/\/i0.wp.com\/zeromagazine.mx\/wp-content\/uploads\/2024\/03\/8A3A0043-scaled.jpg?fit=1200%2C729&ssl=1&resize=350%2C200","width":350,"height":200,"srcset":"https:\/\/i0.wp.com\/zeromagazine.mx\/wp-content\/uploads\/2024\/03\/8A3A0043-scaled.jpg?fit=1200%2C729&ssl=1&resize=350%2C200 1x, https:\/\/i0.wp.com\/zeromagazine.mx\/wp-content\/uploads\/2024\/03\/8A3A0043-scaled.jpg?fit=1200%2C729&ssl=1&resize=525%2C300 1.5x, https:\/\/i0.wp.com\/zeromagazine.mx\/wp-content\/uploads\/2024\/03\/8A3A0043-scaled.jpg?fit=1200%2C729&ssl=1&resize=700%2C400 2x, https:\/\/i0.wp.com\/zeromagazine.mx\/wp-content\/uploads\/2024\/03\/8A3A0043-scaled.jpg?fit=1200%2C729&ssl=1&resize=1050%2C600 3x"},"classes":[]},{"id":49281,"url":"https:\/\/zeromagazine.mx\/index.php\/2021\/07\/02\/j-balvin-y-skrillex-se-unen-en-una-nueva-cancion-in-da-getto\/","url_meta":{"origin":53107,"position":3},"title":"J Balvin y Skrillex se unen en una nueva canci\u00f3n \u201cIn Da Getto\u201d","author":"zeromagazinemx","date":"2 de julio de 2021","format":false,"excerpt":"J Balvin y Skrillex colaboran en una nueva canci\u00f3n, ideal para este verano. Por Mayra Torres \u201cIn Da Getto\u201d es un sencillo que incluye elementos del \u00e9xito de los a\u00f1os 90 \u201cIn De Guetto\u201d de David Morales y The Bad Yard Club. El video captura la energ\u00eda pegajosa del tema\u2026","rel":"","context":"En \u00abEntretenimiento\u00bb","block_context":{"text":"Entretenimiento","link":"https:\/\/zeromagazine.mx\/index.php\/category\/entretenimiento\/"},"img":{"alt_text":"","src":"https:\/\/i0.wp.com\/zeromagazine.mx\/wp-content\/uploads\/2022\/02\/de87a-j-balvin-and-skrillex-by-viviana-garcia-scaled.jpg?fit=1200%2C800&ssl=1&resize=350%2C200","width":350,"height":200,"srcset":"https:\/\/i0.wp.com\/zeromagazine.mx\/wp-content\/uploads\/2022\/02\/de87a-j-balvin-and-skrillex-by-viviana-garcia-scaled.jpg?fit=1200%2C800&ssl=1&resize=350%2C200 1x, https:\/\/i0.wp.com\/zeromagazine.mx\/wp-content\/uploads\/2022\/02\/de87a-j-balvin-and-skrillex-by-viviana-garcia-scaled.jpg?fit=1200%2C800&ssl=1&resize=525%2C300 1.5x, https:\/\/i0.wp.com\/zeromagazine.mx\/wp-content\/uploads\/2022\/02\/de87a-j-balvin-and-skrillex-by-viviana-garcia-scaled.jpg?fit=1200%2C800&ssl=1&resize=700%2C400 2x, https:\/\/i0.wp.com\/zeromagazine.mx\/wp-content\/uploads\/2022\/02\/de87a-j-balvin-and-skrillex-by-viviana-garcia-scaled.jpg?fit=1200%2C800&ssl=1&resize=1050%2C600 3x"},"classes":[]},{"id":93585,"url":"https:\/\/zeromagazine.mx\/index.php\/2024\/12\/19\/tokischa-x-nathy-peluso-de-maravisha\/","url_meta":{"origin":53107,"position":4},"title":"Tokischa x Nathy Peluso: De Maravisha","author":"zeromagazinemx","date":"19 de diciembre de 2024","format":false,"excerpt":"\u00bfQu\u00e9 pasa cuando dos artistas latinas que no conocen l\u00edmites unen sus talentos? Pues que el resultado es pura magia, o como dir\u00edan Tokischa y Nathy Peluso: maravisha. Este sencillo, una mezcla impecable de rap, hip-hop y reggaet\u00f3n, no solo es una bomba musical, sino tambi\u00e9n un statement visual que\u2026","rel":"","context":"En \u00abEntretenimiento\u00bb","block_context":{"text":"Entretenimiento","link":"https:\/\/zeromagazine.mx\/index.php\/category\/entretenimiento\/"},"img":{"alt_text":"","src":"https:\/\/i0.wp.com\/zeromagazine.mx\/wp-content\/uploads\/2024\/12\/badb34_b227378f20dd4629ae43a5bf01612376_mv2.jpg?resize=350%2C200&ssl=1","width":350,"height":200,"srcset":"https:\/\/i0.wp.com\/zeromagazine.mx\/wp-content\/uploads\/2024\/12\/badb34_b227378f20dd4629ae43a5bf01612376_mv2.jpg?resize=350%2C200&ssl=1 1x, https:\/\/i0.wp.com\/zeromagazine.mx\/wp-content\/uploads\/2024\/12\/badb34_b227378f20dd4629ae43a5bf01612376_mv2.jpg?resize=525%2C300&ssl=1 1.5x"},"classes":[]},{"id":92260,"url":"https:\/\/zeromagazine.mx\/index.php\/2024\/12\/04\/tokischa-se-reune-con-fans-en-brasil\/","url_meta":{"origin":53107,"position":5},"title":"Tokischa Se Re\u00fane con Fans en Brasil","author":"zeromagazinemx","date":"4 de diciembre de 2024","format":false,"excerpt":"\u00a1Wepa! \u00bfQui\u00e9n iba a decir que la dominicana Tokischa, conocida por su flow rebelde y su vibra \u00fanica, iba a romperla tan fuerte en Brasil? Y no solo eso, tambi\u00e9n se est\u00e1 ganando el mundo, y a lo grande. Este fin de semana, la artista que ha revolucionado la escena\u2026","rel":"","context":"En \u00abEntretenimiento\u00bb","block_context":{"text":"Entretenimiento","link":"https:\/\/zeromagazine.mx\/index.php\/category\/entretenimiento\/"},"img":{"alt_text":"","src":"https:\/\/i0.wp.com\/zeromagazine.mx\/wp-content\/uploads\/2024\/12\/Tokischa-1.jpg?fit=800%2C1200&ssl=1&resize=350%2C200","width":350,"height":200,"srcset":"https:\/\/i0.wp.com\/zeromagazine.mx\/wp-content\/uploads\/2024\/12\/Tokischa-1.jpg?fit=800%2C1200&ssl=1&resize=350%2C200 1x, https:\/\/i0.wp.com\/zeromagazine.mx\/wp-content\/uploads\/2024\/12\/Tokischa-1.jpg?fit=800%2C1200&ssl=1&resize=525%2C300 1.5x, https:\/\/i0.wp.com\/zeromagazine.mx\/wp-content\/uploads\/2024\/12\/Tokischa-1.jpg?fit=800%2C1200&ssl=1&resize=700%2C400 2x"},"classes":[]}],"jetpack_sharing_enabled":true,"builder_content":"","_links":{"self":[{"href":"https:\/\/zeromagazine.mx\/index.php\/wp-json\/wp\/v2\/posts\/53107","targetHints":{"allow":["GET"]}}],"collection":[{"href":"https:\/\/zeromagazine.mx\/index.php\/wp-json\/wp\/v2\/posts"}],"about":[{"href":"https:\/\/zeromagazine.mx\/index.php\/wp-json\/wp\/v2\/types\/post"}],"author":[{"embeddable":true,"href":"https:\/\/zeromagazine.mx\/index.php\/wp-json\/wp\/v2\/users\/2"}],"replies":[{"embeddable":true,"href":"https:\/\/zeromagazine.mx\/index.php\/wp-json\/wp\/v2\/comments?post=53107"}],"version-history":[{"count":0,"href":"https:\/\/zeromagazine.mx\/index.php\/wp-json\/wp\/v2\/posts\/53107\/revisions"}],"wp:featuredmedia":[{"embeddable":true,"href":"https:\/\/zeromagazine.mx\/index.php\/wp-json\/"}],"wp:attachment":[{"href":"https:\/\/zeromagazine.mx\/index.php\/wp-json\/wp\/v2\/media?parent=53107"}],"wp:term":[{"taxonomy":"category","embeddable":true,"href":"https:\/\/zeromagazine.mx\/index.php\/wp-json\/wp\/v2\/categories?post=53107"},{"taxonomy":"post_tag","embeddable":true,"href":"https:\/\/zeromagazine.mx\/index.php\/wp-json\/wp\/v2\/tags?post=53107"}],"curies":[{"name":"wp","href":"https:\/\/api.w.org\/{rel}","templated":true}]}}