{"id":53134,"date":"2021-08-28T11:30:00","date_gmt":"2021-08-28T16:30:00","guid":{"rendered":"https:\/\/atomic-temporary-84115225.wpcomstaging.com\/?p=53134"},"modified":"2021-08-28T11:30:00","modified_gmt":"2021-08-28T16:30:00","slug":"no-fue-mi-culpa-la-nueva-serie-dramatica-llega-a-star","status":"publish","type":"post","link":"https:\/\/zeromagazine.mx\/index.php\/2021\/08\/28\/no-fue-mi-culpa-la-nueva-serie-dramatica-llega-a-star\/","title":{"rendered":"\u201cNo fue mi culpa\u201d la nueva serie dram\u00e1tica llega a Star+"},"content":{"rendered":"\n<p>Llega en exclusiva a <strong>Star+<\/strong> la nueva serie dram\u00e1tica \u201c<strong>No fue mi culpa<\/strong>\u201d una producci\u00f3n realizada en <strong>M\u00e9xico<\/strong>.<\/p>\n\n\n\n<figure class=\"wp-block-image size-full coblocks-animate\"><a href=\"https:\/\/i0.wp.com\/zeromagazinemx.wpcomstaging.com\/wp-content\/uploads\/2022\/02\/06eb5-pexels-photo-4107158.jpeg?ssl=1\"><img data-recalc-dims=\"1\" decoding=\"async\" src=\"https:\/\/i0.wp.com\/zeromagazinemx.wpcomstaging.com\/wp-content\/uploads\/2022\/02\/06eb5-pexels-photo-4107158.jpeg?w=1165&#038;ssl=1\" alt=\"person holding black remote control\" class=\"wp-image-53138\" \/><\/a><figcaption>Photo by cottonbro on <a href=\"https:\/\/www.pexels.com\/photo\/person-holding-black-remote-control-4107158\/\" rel=\"nofollow\">Pexels.com<\/a><\/figcaption><\/figure>\n\n\n\n<p>\u201c<strong>No fue mi culpa<\/strong>\u201d la nueva serie dram\u00e1tica compuesta por 10 episodios de 45 minutos estar\u00e1 disponible desde el 17 de septiembre en exclusiva en <strong>Star+<\/strong>. La serie est\u00e1 producida por <strong>Star Original Productions<\/strong> y realizada por <strong>BTF Media<\/strong>.<\/p>\n\n\n\n<p>Esta producci\u00f3n fue realizada en tres versiones locales las cuales son para M\u00e9xico, Colombia y Brasil. \u201cNo fue mi culpa M\u00e9xico\u201d es protagonizada por <strong>Paulina Gait\u00e1n<\/strong>, <strong>Dami\u00e1n Alc\u00e1zar<\/strong>, <strong>Ra\u00fal M\u00e9ndez<\/strong>, <strong>Giovanna Utrilla<\/strong>, <strong>Gonzalo Vega Jr<\/strong>. Y <strong>Vicky Araico<\/strong>, la serie nos narra un nuevo caso en cada&nbsp; episodio unitario, al tiempo que presenta una historia central que atraviesa toda la serie: la investigaci\u00f3n que lleva adelante Mariana (<strong>Paulina Gait\u00e1n<\/strong>) sobre la misteriosa desaparici\u00f3n y posterior muerte de su hermana Lili (<strong>Giovanna Utrilla<\/strong>).<\/p>\n\n\n\n<p>Mariana tiene que enfrentar la peor tragedia de su vida cuando su hermana menor, a qui\u00e9n educ\u00f3 como una hija desde que quedaron hu\u00e9rfanas, desaparece misteriosamente una noche sin dejar rastro. Dos a\u00f1os m\u00e1s tarde, Mariana encuentra el cad\u00e1ver de Lili y, desde ese momento, no descansar\u00e1 hasta saber la verdad: qui\u00e9n mat\u00f3 a su hermana y qu\u00e9 pas\u00f3 con ella durante esos dos a\u00f1os. En su camino no solo descubrir\u00e1 que ella forma parte de las aterradoras estad\u00edsticas de un pa\u00eds que no logra controlar los feminicidios, sino que, adem\u00e1s, puede ayudar a otros y que su hermana ha dejado una importante herencia que podr\u00eda devolverle la fe.<\/p>\n\n\n\n<p>La serie refleja la idea tr\u00e1gica de que todas las violencias est\u00e1n tejidas por una misma cuerda invitando a la audiencia a llegar al final de la historia para entender que en realidad las piezas son parte de una misma maquinaria.<\/p>\n\n\n\n<p>No te pierdas la temporada completa de \u201c<strong>No fue mi culpa M\u00e9xico<\/strong>\u201d que llega en exclusiva a <strong>Star+<\/strong> este 17 de septiembre como parte de su propuesta de contenidos originales de la mejor calidad.<\/p>\n\n\n\n<figure class=\"wp-block-embed is-type-video is-provider-youtube wp-block-embed-youtube wp-embed-aspect-16-9 wp-has-aspect-ratio\"><div class=\"wp-block-embed__wrapper\">\n<div class=\"post-video\"><iframe title=\"No Fue Mi Culpa: M\u00e9xico | Adelanto Oficial | Star+\" width=\"1165\" height=\"655\" src=\"https:\/\/www.youtube.com\/embed\/co_52nUBjII?feature=oembed\" frameborder=\"0\" allow=\"accelerometer; autoplay; clipboard-write; encrypted-media; gyroscope; picture-in-picture; web-share\" allowfullscreen><\/iframe><\/div>\n<\/div><\/figure>\n\n\n<!--themify_builder_content-->\n<div id=\"themify_builder_content-53134\" data-postid=\"53134\" class=\"themify_builder_content themify_builder_content-53134 themify_builder tf_clear\">\n    <\/div>\n<!--\/themify_builder_content-->\n","protected":false},"excerpt":{"rendered":"<p>Llega en exclusiva a Star+ la nueva serie dram\u00e1tica \u201cNo fue mi culpa\u201d una producci\u00f3n realizada en M\u00e9xico. \u201cNo fue mi culpa\u201d la nueva serie dram\u00e1tica compuesta por 10 episodios de 45 minutos estar\u00e1 disponible desde el 17 de septiembre en exclusiva en Star+. La serie est\u00e1 producida por Star Original Productions y realizada por [&hellip;]<\/p>\n","protected":false},"author":2,"featured_media":53136,"comment_status":"open","ping_status":"open","sticky":false,"template":"","format":"standard","meta":{"_jetpack_memberships_contains_paid_content":false,"footnotes":"","jetpack_publicize_message":"\u201cNo fue mi culpa\u201d la nueva serie dram\u00e1tica llega a Star+, aqu\u00ed te platicamos cuando es su gran estreno.","jetpack_publicize_feature_enabled":true,"jetpack_social_post_already_shared":true,"jetpack_social_options":{"image_generator_settings":{"template":"highway","default_image_id":0,"font":"","enabled":false},"version":2}},"categories":[117],"tags":[4335,4336,4337,4338,144,4339,4340,4341,4342,805],"class_list":["post-53134","post","type-post","status-publish","format-standard","has-post-thumbnail","hentry","category-entretenimiento","tag-btf-media","tag-damian-alcazar","tag-giovanna-utrilla","tag-gonzalo-vega-jr","tag-mexico","tag-no-fue-mi-culpa","tag-paulina-gaitan","tag-raul-mendez","tag-star-original-productions","tag-vicky-araico","has-post-title","has-post-date","has-post-category","has-post-tag","has-post-comment","has-post-author",""],"yoast_head":"<!-- This site is optimized with the Yoast SEO plugin v27.4 - https:\/\/yoast.com\/product\/yoast-seo-wordpress\/ -->\n<title>\u201cNo fue mi culpa\u201d la nueva serie dram\u00e1tica llega a Star+ - Zero Magazine<\/title>\n<meta name=\"robots\" content=\"index, follow, max-snippet:-1, max-image-preview:large, max-video-preview:-1\" \/>\n<link rel=\"canonical\" href=\"https:\/\/zeromagazine.mx\/index.php\/2021\/08\/28\/no-fue-mi-culpa-la-nueva-serie-dramatica-llega-a-star\/\" \/>\n<meta property=\"og:locale\" content=\"es_ES\" \/>\n<meta property=\"og:type\" content=\"article\" \/>\n<meta property=\"og:title\" content=\"\u201cNo fue mi culpa\u201d la nueva serie dram\u00e1tica llega a Star+ - Zero Magazine\" \/>\n<meta property=\"og:description\" content=\"Llega en exclusiva a Star+ la nueva serie dram\u00e1tica \u201cNo fue mi culpa\u201d una producci\u00f3n realizada en M\u00e9xico. \u201cNo fue mi culpa\u201d la nueva serie dram\u00e1tica compuesta por 10 episodios de 45 minutos estar\u00e1 disponible desde el 17 de septiembre en exclusiva en Star+. La serie est\u00e1 producida por Star Original Productions y realizada por [&hellip;]\" \/>\n<meta property=\"og:url\" content=\"https:\/\/zeromagazine.mx\/index.php\/2021\/08\/28\/no-fue-mi-culpa-la-nueva-serie-dramatica-llega-a-star\/\" \/>\n<meta property=\"og:site_name\" content=\"Zero Magazine\" \/>\n<meta property=\"article:published_time\" content=\"2021-08-28T16:30:00+00:00\" \/>\n<meta name=\"author\" content=\"zeromagazinemx\" \/>\n<meta name=\"twitter:card\" content=\"summary_large_image\" \/>\n<meta name=\"twitter:label1\" content=\"Escrito por\" \/>\n\t<meta name=\"twitter:data1\" content=\"zeromagazinemx\" \/>\n\t<meta name=\"twitter:label2\" content=\"Tiempo de lectura\" \/>\n\t<meta name=\"twitter:data2\" content=\"2 minutos\" \/>\n<script type=\"application\/ld+json\" class=\"yoast-schema-graph\">{\"@context\":\"https:\\\/\\\/schema.org\",\"@graph\":[{\"@type\":\"Article\",\"@id\":\"https:\\\/\\\/zeromagazine.mx\\\/index.php\\\/2021\\\/08\\\/28\\\/no-fue-mi-culpa-la-nueva-serie-dramatica-llega-a-star\\\/#article\",\"isPartOf\":{\"@id\":\"https:\\\/\\\/zeromagazine.mx\\\/index.php\\\/2021\\\/08\\\/28\\\/no-fue-mi-culpa-la-nueva-serie-dramatica-llega-a-star\\\/\"},\"author\":{\"name\":\"zeromagazinemx\",\"@id\":\"https:\\\/\\\/zeromagazine.mx\\\/#\\\/schema\\\/person\\\/9aed9f33a7c39af3a348b86d723f7773\"},\"headline\":\"\u201cNo fue mi culpa\u201d la nueva serie dram\u00e1tica llega a Star+\",\"datePublished\":\"2021-08-28T16:30:00+00:00\",\"mainEntityOfPage\":{\"@id\":\"https:\\\/\\\/zeromagazine.mx\\\/index.php\\\/2021\\\/08\\\/28\\\/no-fue-mi-culpa-la-nueva-serie-dramatica-llega-a-star\\\/\"},\"wordCount\":375,\"commentCount\":0,\"publisher\":{\"@id\":\"https:\\\/\\\/zeromagazine.mx\\\/#organization\"},\"image\":{\"@id\":\"https:\\\/\\\/zeromagazine.mx\\\/index.php\\\/2021\\\/08\\\/28\\\/no-fue-mi-culpa-la-nueva-serie-dramatica-llega-a-star\\\/#primaryimage\"},\"thumbnailUrl\":\"\",\"keywords\":[\"BTF Media\",\"Dami\u00e1n Alc\u00e1zar\",\"Giovanna Utrilla\",\"Gonzalo Vega Jr\",\"M\u00c9XICO\",\"No fue mi culpa\",\"Paulina Gait\u00e1n\",\"Ra\u00fal M\u00e9ndez\",\"Star Original Productions\",\"Vicky Araico\"],\"articleSection\":[\"Entretenimiento\"],\"inLanguage\":\"es\",\"potentialAction\":[{\"@type\":\"CommentAction\",\"name\":\"Comment\",\"target\":[\"https:\\\/\\\/zeromagazine.mx\\\/index.php\\\/2021\\\/08\\\/28\\\/no-fue-mi-culpa-la-nueva-serie-dramatica-llega-a-star\\\/#respond\"]}]},{\"@type\":\"WebPage\",\"@id\":\"https:\\\/\\\/zeromagazine.mx\\\/index.php\\\/2021\\\/08\\\/28\\\/no-fue-mi-culpa-la-nueva-serie-dramatica-llega-a-star\\\/\",\"url\":\"https:\\\/\\\/zeromagazine.mx\\\/index.php\\\/2021\\\/08\\\/28\\\/no-fue-mi-culpa-la-nueva-serie-dramatica-llega-a-star\\\/\",\"name\":\"\u201cNo fue mi culpa\u201d la nueva serie dram\u00e1tica llega a Star+ - Zero Magazine\",\"isPartOf\":{\"@id\":\"https:\\\/\\\/zeromagazine.mx\\\/#website\"},\"primaryImageOfPage\":{\"@id\":\"https:\\\/\\\/zeromagazine.mx\\\/index.php\\\/2021\\\/08\\\/28\\\/no-fue-mi-culpa-la-nueva-serie-dramatica-llega-a-star\\\/#primaryimage\"},\"image\":{\"@id\":\"https:\\\/\\\/zeromagazine.mx\\\/index.php\\\/2021\\\/08\\\/28\\\/no-fue-mi-culpa-la-nueva-serie-dramatica-llega-a-star\\\/#primaryimage\"},\"thumbnailUrl\":\"\",\"datePublished\":\"2021-08-28T16:30:00+00:00\",\"breadcrumb\":{\"@id\":\"https:\\\/\\\/zeromagazine.mx\\\/index.php\\\/2021\\\/08\\\/28\\\/no-fue-mi-culpa-la-nueva-serie-dramatica-llega-a-star\\\/#breadcrumb\"},\"inLanguage\":\"es\",\"potentialAction\":[{\"@type\":\"ReadAction\",\"target\":[\"https:\\\/\\\/zeromagazine.mx\\\/index.php\\\/2021\\\/08\\\/28\\\/no-fue-mi-culpa-la-nueva-serie-dramatica-llega-a-star\\\/\"]}]},{\"@type\":\"ImageObject\",\"inLanguage\":\"es\",\"@id\":\"https:\\\/\\\/zeromagazine.mx\\\/index.php\\\/2021\\\/08\\\/28\\\/no-fue-mi-culpa-la-nueva-serie-dramatica-llega-a-star\\\/#primaryimage\",\"url\":\"\",\"contentUrl\":\"\"},{\"@type\":\"BreadcrumbList\",\"@id\":\"https:\\\/\\\/zeromagazine.mx\\\/index.php\\\/2021\\\/08\\\/28\\\/no-fue-mi-culpa-la-nueva-serie-dramatica-llega-a-star\\\/#breadcrumb\",\"itemListElement\":[{\"@type\":\"ListItem\",\"position\":1,\"name\":\"Portada\",\"item\":\"https:\\\/\\\/zeromagazine.mx\\\/\"},{\"@type\":\"ListItem\",\"position\":2,\"name\":\"\u201cNo fue mi culpa\u201d la nueva serie dram\u00e1tica llega a Star+\"}]},{\"@type\":\"WebSite\",\"@id\":\"https:\\\/\\\/zeromagazine.mx\\\/#website\",\"url\":\"https:\\\/\\\/zeromagazine.mx\\\/\",\"name\":\"Zero Magazine\",\"description\":\"\",\"publisher\":{\"@id\":\"https:\\\/\\\/zeromagazine.mx\\\/#organization\"},\"potentialAction\":[{\"@type\":\"SearchAction\",\"target\":{\"@type\":\"EntryPoint\",\"urlTemplate\":\"https:\\\/\\\/zeromagazine.mx\\\/?s={search_term_string}\"},\"query-input\":{\"@type\":\"PropertyValueSpecification\",\"valueRequired\":true,\"valueName\":\"search_term_string\"}}],\"inLanguage\":\"es\"},{\"@type\":\"Organization\",\"@id\":\"https:\\\/\\\/zeromagazine.mx\\\/#organization\",\"name\":\"Zero Magazine\",\"url\":\"https:\\\/\\\/zeromagazine.mx\\\/\",\"logo\":{\"@type\":\"ImageObject\",\"inLanguage\":\"es\",\"@id\":\"https:\\\/\\\/zeromagazine.mx\\\/#\\\/schema\\\/logo\\\/image\\\/\",\"url\":\"https:\\\/\\\/i0.wp.com\\\/zeromagazine.mx\\\/wp-content\\\/uploads\\\/2025\\\/11\\\/1.jpeg?fit=1000%2C1000&ssl=1\",\"contentUrl\":\"https:\\\/\\\/i0.wp.com\\\/zeromagazine.mx\\\/wp-content\\\/uploads\\\/2025\\\/11\\\/1.jpeg?fit=1000%2C1000&ssl=1\",\"width\":1000,\"height\":1000,\"caption\":\"Zero Magazine\"},\"image\":{\"@id\":\"https:\\\/\\\/zeromagazine.mx\\\/#\\\/schema\\\/logo\\\/image\\\/\"},\"sameAs\":[\"https:\\\/\\\/instagram.com\\\/zeromagazinemx\"]},{\"@type\":\"Person\",\"@id\":\"https:\\\/\\\/zeromagazine.mx\\\/#\\\/schema\\\/person\\\/9aed9f33a7c39af3a348b86d723f7773\",\"name\":\"zeromagazinemx\",\"image\":{\"@type\":\"ImageObject\",\"inLanguage\":\"es\",\"@id\":\"https:\\\/\\\/zeromagazine.mx\\\/wp-content\\\/litespeed\\\/avatar\\\/f91dfe5410d5dcb1a576bf8c45983896.jpg?ver=1776966396\",\"url\":\"https:\\\/\\\/zeromagazine.mx\\\/wp-content\\\/litespeed\\\/avatar\\\/f91dfe5410d5dcb1a576bf8c45983896.jpg?ver=1776966396\",\"contentUrl\":\"https:\\\/\\\/zeromagazine.mx\\\/wp-content\\\/litespeed\\\/avatar\\\/f91dfe5410d5dcb1a576bf8c45983896.jpg?ver=1776966396\",\"caption\":\"zeromagazinemx\"},\"url\":\"https:\\\/\\\/zeromagazine.mx\\\/index.php\\\/author\\\/zeromagazinemx\\\/\"}]}<\/script>\n<!-- \/ Yoast SEO plugin. -->","yoast_head_json":{"title":"\u201cNo fue mi culpa\u201d la nueva serie dram\u00e1tica llega a Star+ - Zero Magazine","robots":{"index":"index","follow":"follow","max-snippet":"max-snippet:-1","max-image-preview":"max-image-preview:large","max-video-preview":"max-video-preview:-1"},"canonical":"https:\/\/zeromagazine.mx\/index.php\/2021\/08\/28\/no-fue-mi-culpa-la-nueva-serie-dramatica-llega-a-star\/","og_locale":"es_ES","og_type":"article","og_title":"\u201cNo fue mi culpa\u201d la nueva serie dram\u00e1tica llega a Star+ - Zero Magazine","og_description":"Llega en exclusiva a Star+ la nueva serie dram\u00e1tica \u201cNo fue mi culpa\u201d una producci\u00f3n realizada en M\u00e9xico. \u201cNo fue mi culpa\u201d la nueva serie dram\u00e1tica compuesta por 10 episodios de 45 minutos estar\u00e1 disponible desde el 17 de septiembre en exclusiva en Star+. La serie est\u00e1 producida por Star Original Productions y realizada por [&hellip;]","og_url":"https:\/\/zeromagazine.mx\/index.php\/2021\/08\/28\/no-fue-mi-culpa-la-nueva-serie-dramatica-llega-a-star\/","og_site_name":"Zero Magazine","article_published_time":"2021-08-28T16:30:00+00:00","author":"zeromagazinemx","twitter_card":"summary_large_image","twitter_misc":{"Escrito por":"zeromagazinemx","Tiempo de lectura":"2 minutos"},"schema":{"@context":"https:\/\/schema.org","@graph":[{"@type":"Article","@id":"https:\/\/zeromagazine.mx\/index.php\/2021\/08\/28\/no-fue-mi-culpa-la-nueva-serie-dramatica-llega-a-star\/#article","isPartOf":{"@id":"https:\/\/zeromagazine.mx\/index.php\/2021\/08\/28\/no-fue-mi-culpa-la-nueva-serie-dramatica-llega-a-star\/"},"author":{"name":"zeromagazinemx","@id":"https:\/\/zeromagazine.mx\/#\/schema\/person\/9aed9f33a7c39af3a348b86d723f7773"},"headline":"\u201cNo fue mi culpa\u201d la nueva serie dram\u00e1tica llega a Star+","datePublished":"2021-08-28T16:30:00+00:00","mainEntityOfPage":{"@id":"https:\/\/zeromagazine.mx\/index.php\/2021\/08\/28\/no-fue-mi-culpa-la-nueva-serie-dramatica-llega-a-star\/"},"wordCount":375,"commentCount":0,"publisher":{"@id":"https:\/\/zeromagazine.mx\/#organization"},"image":{"@id":"https:\/\/zeromagazine.mx\/index.php\/2021\/08\/28\/no-fue-mi-culpa-la-nueva-serie-dramatica-llega-a-star\/#primaryimage"},"thumbnailUrl":"","keywords":["BTF Media","Dami\u00e1n Alc\u00e1zar","Giovanna Utrilla","Gonzalo Vega Jr","M\u00c9XICO","No fue mi culpa","Paulina Gait\u00e1n","Ra\u00fal M\u00e9ndez","Star Original Productions","Vicky Araico"],"articleSection":["Entretenimiento"],"inLanguage":"es","potentialAction":[{"@type":"CommentAction","name":"Comment","target":["https:\/\/zeromagazine.mx\/index.php\/2021\/08\/28\/no-fue-mi-culpa-la-nueva-serie-dramatica-llega-a-star\/#respond"]}]},{"@type":"WebPage","@id":"https:\/\/zeromagazine.mx\/index.php\/2021\/08\/28\/no-fue-mi-culpa-la-nueva-serie-dramatica-llega-a-star\/","url":"https:\/\/zeromagazine.mx\/index.php\/2021\/08\/28\/no-fue-mi-culpa-la-nueva-serie-dramatica-llega-a-star\/","name":"\u201cNo fue mi culpa\u201d la nueva serie dram\u00e1tica llega a Star+ - Zero Magazine","isPartOf":{"@id":"https:\/\/zeromagazine.mx\/#website"},"primaryImageOfPage":{"@id":"https:\/\/zeromagazine.mx\/index.php\/2021\/08\/28\/no-fue-mi-culpa-la-nueva-serie-dramatica-llega-a-star\/#primaryimage"},"image":{"@id":"https:\/\/zeromagazine.mx\/index.php\/2021\/08\/28\/no-fue-mi-culpa-la-nueva-serie-dramatica-llega-a-star\/#primaryimage"},"thumbnailUrl":"","datePublished":"2021-08-28T16:30:00+00:00","breadcrumb":{"@id":"https:\/\/zeromagazine.mx\/index.php\/2021\/08\/28\/no-fue-mi-culpa-la-nueva-serie-dramatica-llega-a-star\/#breadcrumb"},"inLanguage":"es","potentialAction":[{"@type":"ReadAction","target":["https:\/\/zeromagazine.mx\/index.php\/2021\/08\/28\/no-fue-mi-culpa-la-nueva-serie-dramatica-llega-a-star\/"]}]},{"@type":"ImageObject","inLanguage":"es","@id":"https:\/\/zeromagazine.mx\/index.php\/2021\/08\/28\/no-fue-mi-culpa-la-nueva-serie-dramatica-llega-a-star\/#primaryimage","url":"","contentUrl":""},{"@type":"BreadcrumbList","@id":"https:\/\/zeromagazine.mx\/index.php\/2021\/08\/28\/no-fue-mi-culpa-la-nueva-serie-dramatica-llega-a-star\/#breadcrumb","itemListElement":[{"@type":"ListItem","position":1,"name":"Portada","item":"https:\/\/zeromagazine.mx\/"},{"@type":"ListItem","position":2,"name":"\u201cNo fue mi culpa\u201d la nueva serie dram\u00e1tica llega a Star+"}]},{"@type":"WebSite","@id":"https:\/\/zeromagazine.mx\/#website","url":"https:\/\/zeromagazine.mx\/","name":"Zero Magazine","description":"","publisher":{"@id":"https:\/\/zeromagazine.mx\/#organization"},"potentialAction":[{"@type":"SearchAction","target":{"@type":"EntryPoint","urlTemplate":"https:\/\/zeromagazine.mx\/?s={search_term_string}"},"query-input":{"@type":"PropertyValueSpecification","valueRequired":true,"valueName":"search_term_string"}}],"inLanguage":"es"},{"@type":"Organization","@id":"https:\/\/zeromagazine.mx\/#organization","name":"Zero Magazine","url":"https:\/\/zeromagazine.mx\/","logo":{"@type":"ImageObject","inLanguage":"es","@id":"https:\/\/zeromagazine.mx\/#\/schema\/logo\/image\/","url":"https:\/\/i0.wp.com\/zeromagazine.mx\/wp-content\/uploads\/2025\/11\/1.jpeg?fit=1000%2C1000&ssl=1","contentUrl":"https:\/\/i0.wp.com\/zeromagazine.mx\/wp-content\/uploads\/2025\/11\/1.jpeg?fit=1000%2C1000&ssl=1","width":1000,"height":1000,"caption":"Zero Magazine"},"image":{"@id":"https:\/\/zeromagazine.mx\/#\/schema\/logo\/image\/"},"sameAs":["https:\/\/instagram.com\/zeromagazinemx"]},{"@type":"Person","@id":"https:\/\/zeromagazine.mx\/#\/schema\/person\/9aed9f33a7c39af3a348b86d723f7773","name":"zeromagazinemx","image":{"@type":"ImageObject","inLanguage":"es","@id":"https:\/\/zeromagazine.mx\/wp-content\/litespeed\/avatar\/f91dfe5410d5dcb1a576bf8c45983896.jpg?ver=1776966396","url":"https:\/\/zeromagazine.mx\/wp-content\/litespeed\/avatar\/f91dfe5410d5dcb1a576bf8c45983896.jpg?ver=1776966396","contentUrl":"https:\/\/zeromagazine.mx\/wp-content\/litespeed\/avatar\/f91dfe5410d5dcb1a576bf8c45983896.jpg?ver=1776966396","caption":"zeromagazinemx"},"url":"https:\/\/zeromagazine.mx\/index.php\/author\/zeromagazinemx\/"}]}},"jetpack_publicize_connections":[],"jetpack_featured_media_url":"","jetpack-related-posts":[{"id":53221,"url":"https:\/\/zeromagazine.mx\/index.php\/2021\/08\/31\/star-llego-a-latinoamerica\/","url_meta":{"origin":53134,"position":0},"title":"Star + lleg\u00f3 a Latinoam\u00e9rica","author":"zeromagazinemx","date":"31 de agosto de 2021","format":false,"excerpt":"El nuevo servicio de streaming contar\u00e1 con contenido para el p\u00fablico adulto, con una gran variedad de contenido, desde deportes hasta documentales. Photo by cottonbro on Pexels.com Por Moises Kushelevich Star+ es el nuevo servicio de streaming para el p\u00fablico adulto y los amantes del deporte que ofrece todo el\u2026","rel":"","context":"En \u00abCine\u00bb","block_context":{"text":"Cine","link":"https:\/\/zeromagazine.mx\/index.php\/category\/entretenimiento\/cine\/"},"img":{"alt_text":"","src":"","width":0,"height":0},"classes":[]},{"id":51355,"url":"https:\/\/zeromagazine.mx\/index.php\/2021\/08\/02\/star-el-nuevo-servicio-de-streaming-llega-a-mexico\/","url_meta":{"origin":53134,"position":1},"title":"Star+, el nuevo servicio de streaming llega a M\u00e9xico","author":"zeromagazinemx","date":"2 de agosto de 2021","format":false,"excerpt":"Este pr\u00f3ximo 31 de agosto se llevar\u00e1 a cabo el lanzamiento del nuevo servicio de streaming de The Walt Disney Company Latin America. Por Mayra Torres Star+ es el nuevo servicio de streaming de entretenimiento general y deportes dirigido al p\u00fablico adulto, su lanzamiento ser\u00e1 el pr\u00f3ximo 31 de agosto\u2026","rel":"","context":"En \u00abEntretenimiento\u00bb","block_context":{"text":"Entretenimiento","link":"https:\/\/zeromagazine.mx\/index.php\/category\/entretenimiento\/"},"img":{"alt_text":"","src":"","width":0,"height":0},"classes":[]},{"id":52928,"url":"https:\/\/zeromagazine.mx\/index.php\/2021\/08\/26\/disney-estrena-el-trailer-y-anuncia-el-elenco-de-star-wars-visions\/","url_meta":{"origin":53134,"position":2},"title":"Disney+ estrena el tr\u00e1iler y anuncia el elenco de Star Wars: Visions","author":"zeromagazinemx","date":"26 de agosto de 2021","format":false,"excerpt":"Star Wars: Visions se estrenar\u00e1 el 22 de septiembre en exclusiva en Disney+, te contamos m\u00e1s sobre lo que sabemos. Por Moises Kushelevich Dinsey+ estren\u00f3 el tr\u00e1iler y anunci\u00f3 el elenco de voz japon\u00e9s y el de doblaje en ingl\u00e9s de Star Waes: Visions, una serie antol\u00f3gica de cortos de\u2026","rel":"","context":"En \u00abCine\u00bb","block_context":{"text":"Cine","link":"https:\/\/zeromagazine.mx\/index.php\/category\/entretenimiento\/cine\/"},"img":{"alt_text":"","src":"https:\/\/i0.wp.com\/img.youtube.com\/vi\/uO7KR65mcBg\/0.jpg?resize=350%2C200","width":350,"height":200},"classes":[]},{"id":52054,"url":"https:\/\/zeromagazine.mx\/index.php\/2021\/08\/14\/disney-anuncia-la-segunda-temporada-de-star-wars-the-bad-batch\/","url_meta":{"origin":53134,"position":3},"title":"Disney+ anuncia la segunda temporada de Star Wars: The Bad Batch","author":"zeromagazinemx","date":"14 de agosto de 2021","format":false,"excerpt":"La segunda temporada de la serie animada original de Lucasfilm se estrenar\u00e1 en exclusiva en Disney+ en 2022. Por Moises Kushelevich Disney+ anunci\u00f3 la segunda temporada de la aclamada serie animada Star Wars: The Bad Batch, que se estrenar\u00e1 en 2022. El episodio final de la primera temporada se emite\u2026","rel":"","context":"En \u00abEntretenimiento\u00bb","block_context":{"text":"Entretenimiento","link":"https:\/\/zeromagazine.mx\/index.php\/category\/entretenimiento\/"},"img":{"alt_text":"","src":"","width":0,"height":0},"classes":[]},{"id":53184,"url":"https:\/\/zeromagazine.mx\/index.php\/2021\/08\/30\/star-llega-con-un-atractivo-y-unico-precio\/","url_meta":{"origin":53134,"position":4},"title":"STAR+ llega con un atractivo y \u00fanico precio","author":"zeromagazinemx","date":"30 de agosto de 2021","format":false,"excerpt":"Star+ anunci\u00f3 el precio de la suscripci\u00f3n y al Combo+, la oferta comercial que combina Disney+ con Star+. Por Mayra Torres El nuevo servicio de streaming de entretenimiento general y deportes Star+ dio a conocer el precio de la suscripci\u00f3n mensual que se lanzar\u00e1 en Am\u00e9rica Latina el pr\u00f3ximo 31\u2026","rel":"","context":"En \u00abEntretenimiento\u00bb","block_context":{"text":"Entretenimiento","link":"https:\/\/zeromagazine.mx\/index.php\/category\/entretenimiento\/"},"img":{"alt_text":"","src":"","width":0,"height":0},"classes":[]},{"id":54460,"url":"https:\/\/zeromagazine.mx\/index.php\/2021\/09\/13\/ythe-last-man-ya-disponible-en-star\/","url_meta":{"origin":53134,"position":5},"title":"\u201cY:The Last Man\u201d ya disponible en Star+","author":"zeromagazinemx","date":"13 de septiembre de 2021","format":false,"excerpt":"La serie compuesta por diez episodios estrena con sus primeros tres episodios hoy, luego un episodio todos los lunes. https:\/\/www.instagram.com\/p\/CTxWWWvvyi2\/?utm_medium=copy_link Por Moises Kushelevich Hoy, lunes 13 de septiembre, Star+ estrena en exclusiva la serie \u201cY:The Last Man\u201d con los primeros tres episodios. Basada en la aclamada novela gr\u00e1fica de Brian\u2026","rel":"","context":"En \u00abEntretenimiento\u00bb","block_context":{"text":"Entretenimiento","link":"https:\/\/zeromagazine.mx\/index.php\/category\/entretenimiento\/"},"img":{"alt_text":"","src":"","width":0,"height":0},"classes":[]}],"jetpack_sharing_enabled":true,"builder_content":"","_links":{"self":[{"href":"https:\/\/zeromagazine.mx\/index.php\/wp-json\/wp\/v2\/posts\/53134","targetHints":{"allow":["GET"]}}],"collection":[{"href":"https:\/\/zeromagazine.mx\/index.php\/wp-json\/wp\/v2\/posts"}],"about":[{"href":"https:\/\/zeromagazine.mx\/index.php\/wp-json\/wp\/v2\/types\/post"}],"author":[{"embeddable":true,"href":"https:\/\/zeromagazine.mx\/index.php\/wp-json\/wp\/v2\/users\/2"}],"replies":[{"embeddable":true,"href":"https:\/\/zeromagazine.mx\/index.php\/wp-json\/wp\/v2\/comments?post=53134"}],"version-history":[{"count":0,"href":"https:\/\/zeromagazine.mx\/index.php\/wp-json\/wp\/v2\/posts\/53134\/revisions"}],"wp:featuredmedia":[{"embeddable":true,"href":"https:\/\/zeromagazine.mx\/index.php\/wp-json\/"}],"wp:attachment":[{"href":"https:\/\/zeromagazine.mx\/index.php\/wp-json\/wp\/v2\/media?parent=53134"}],"wp:term":[{"taxonomy":"category","embeddable":true,"href":"https:\/\/zeromagazine.mx\/index.php\/wp-json\/wp\/v2\/categories?post=53134"},{"taxonomy":"post_tag","embeddable":true,"href":"https:\/\/zeromagazine.mx\/index.php\/wp-json\/wp\/v2\/tags?post=53134"}],"curies":[{"name":"wp","href":"https:\/\/api.w.org\/{rel}","templated":true}]}}