{"id":53152,"date":"2021-08-29T13:00:00","date_gmt":"2021-08-29T18:00:00","guid":{"rendered":"https:\/\/atomic-temporary-84115225.wpcomstaging.com\/?p=53152"},"modified":"2021-08-29T13:00:00","modified_gmt":"2021-08-29T18:00:00","slug":"entrevista-a-polo-monarrez","status":"publish","type":"post","link":"https:\/\/zeromagazine.mx\/index.php\/2021\/08\/29\/entrevista-a-polo-monarrez\/","title":{"rendered":"Entrevista a Polo Mon\u00e1rrez"},"content":{"rendered":"\n<p><strong>Polo<\/strong> es originario de Chihuahua, se ha desarrollado como actor y conductor de televisi\u00f3n cuya formaci\u00f3n actoral la inici\u00f3 en el <strong>Centro de Educaci\u00f3n Art\u00edstica<\/strong>, <strong>Eugenio Cobo<\/strong>, de <strong>Televisa<\/strong>; nos platica sobre su carrera y en los pr\u00f3ximos proyectos donde lo podremos ver pr\u00f3ximamente.\u00a0<\/p>\n\n\n\n<figure class=\"wp-block-image size-large coblocks-animate\"><a href=\"https:\/\/i0.wp.com\/zeromagazinemx.wpcomstaging.com\/wp-content\/uploads\/2022\/02\/5d04f-image00030.jpeg?ssl=1\"><img data-recalc-dims=\"1\" decoding=\"async\" src=\"https:\/\/i0.wp.com\/zeromagazinemx.wpcomstaging.com\/wp-content\/uploads\/2022\/02\/5d04f-image00030.jpeg?w=1165&#038;ssl=1\" alt=\"\" class=\"wp-image-53156\" \/><\/a><\/figure>\n\n\n\n<div class=\"wp-block-buttons is-layout-flex wp-block-buttons-is-layout-flex\">\n<div class=\"wp-block-button is-style-outline is-style-outline--1\"><a class=\"wp-block-button__link\"> Por Pepe P\u00e9rez <\/a><\/div>\n<\/div>\n\n\n\n<p><strong>\u00bfC\u00f3mo supiste que quer\u00edas dedicarte al mundo del espect\u00e1culo?<\/strong><\/p>\n\n\n\n<p>Me di cuenta entre los 16 y 17 a\u00f1os, yo estaba de vacaciones en Chihuahua, yo soy originario de Chihuahua, pero por cuestiones del trabajo de mi pap\u00e1 me fui a vivir con \u00e9l a Mazatl\u00e1n, entonces estando de vacaciones una prima me invito a verla en una obra de teatro de la <strong>Universidad Aut\u00f3noma de Chihuahua<\/strong>, fui a verla y dije: \u00a1Eso es lo que quiero hacer!, y con mi prima Inet Simental desde ni\u00f1os jug\u00e1bamos hacer radionovelas en la casa con la grabadora de casete, ella las escrib\u00eda, montaba las obras de teatro en las fiestas y cumplea\u00f1os de todos los primos; fue cuando me di cuenta, cuando ten\u00eda entre 16 y 17 a\u00f1os, tambi\u00e9n trabaj\u00e9 como mesero y me gustaba lo que se sent\u00eda, hac\u00eda un show en el antro donde trabajaba en Mazatl\u00e1n y me gustaba c\u00f3mo la gente se emocionaba y como se re\u00eda de nuestro show.\u00a0<\/p>\n\n\n\n<p><strong>\u00bfSiempre tuviste el apoyo de tu familia?<\/strong><\/p>\n\n\n\n<p>Si, sobre todo de mis papas, siempre lo he tenido, nunca dudaron de m\u00ed, en alg\u00fan momento alg\u00fan familiar, alg\u00fan t\u00edo dijo: \u00a1Es que eso no te va a dejar nada bueno!, y tiempo despu\u00e9s me dijeron: \u00a1Mira, que bonito, si te ha dejado algo bueno!<\/p>\n\n\n\n<figure class=\"wp-block-image size-large coblocks-animate\"><a href=\"https:\/\/i0.wp.com\/zeromagazinemx.wpcomstaging.com\/wp-content\/uploads\/2022\/02\/5028e-image00031.jpeg?ssl=1\"><img data-recalc-dims=\"1\" decoding=\"async\" src=\"https:\/\/i0.wp.com\/zeromagazinemx.wpcomstaging.com\/wp-content\/uploads\/2022\/02\/5028e-image00031.jpeg?w=1165&#038;ssl=1\" alt=\"\" class=\"wp-image-53157\" \/><\/a><\/figure>\n\n\n\n\n\n<p><strong>Plat\u00edcanos sobre los inicios de tu carrera<\/strong><\/p>\n\n\n\n<p>Profesionalmente dentro del \u201c<strong>CEA<\/strong>\u201d hicieron un casting para un show infantil que produc\u00eda una empresa americana, se llamaba \u201c<strong>El show de Scooby Doo<\/strong>\u201d, entonces tuve la gran oportunidad de trabajar con mis compa\u00f1eros del \u201c<strong>CEA<\/strong>\u201d e hicimos una gira por Venezuela, Uruguay, Chile y Argentina, duramos 6 meses en esta gira, tuve la gran fortuna de hacer la voz de \u201c<strong>Scooby Doo<\/strong>\u201d, ser \u201c<strong>Scooby Doo<\/strong>\u201d, ser \u201c<strong>Barba Roja<\/strong>\u201d y \u201c<strong>El Conde Dr\u00e1cula<\/strong>\u201d dentro de todo el espect\u00e1culo, ese fue mi primer trabajo profesional, una producci\u00f3n de alto impacto y poder conocer pa\u00edses me encant\u00f3; de ah\u00ed en ese mismo proceso me quede en el canal de m\u00fasica grupera \u201c<strong>Bandamax<\/strong>\u201d en el cual dure 9 a\u00f1os en ese gran programa que me dio muchas tablas, mucha escuela y me dio a conocer<\/p>\n\n\n\n<p><strong>\u00bfQu\u00e9 fue lo m\u00e1s dif\u00edcil de ser conductor de televisi\u00f3n por tantos a\u00f1os?<\/strong><\/p>\n\n\n\n<p>El empezar, cuando estas grabando el programa no tienes ning\u00fan problema porque ya sabes que viene, ya sabes como esta, como est\u00e1n las c\u00e1maras, el micr\u00f3fono cuando lo haces en vivo es muy rico porque no te puedes dar la oportunidad de equivocarte, pero hay juego, te cubre muchas cosas, lo m\u00e1s dif\u00edcil de ser conductor es que delante de ti solo tienes un micr\u00f3fono, no enga\u00f1as a la gente, no la distraes, porque si te equivocas te equivocas t\u00fa, pero siempre que entraba a un evento con p\u00fablico en el estadio azteca, en alg\u00fan teatro del pueblo de alguna feria, siempre pasaba mor mi mente el nervio de no ser del agrado del p\u00fablico y siempre que me toca entrar dec\u00eda yo: \u00bfPor qu\u00e9 escog\u00ed esta carrera? Y de ah\u00ed me sali\u00f3 gracias a un t\u00edo la palabra \u201c<strong>\u00a1Sorrajale Compadre!<\/strong>\u201d, era como decir avi\u00e9ntate, que pase lo que tenga que pasar, eso para m\u00ed ha sido lo m\u00e1s dif\u00edcil<\/p>\n\n\n\n<p><strong>Cu\u00e9ntanos sobre tus proyectos en la actuaci\u00f3n<\/strong><\/p>\n\n\n\n<p>Desde que empec\u00e9 mi carrera como actor, inici\u00e9 con unos cap\u00edtulos en la telenovela, de ah\u00ed me fui con <strong>Juan Osorio<\/strong>, luego con Lucero Suarez, con Pedro Dami\u00e1n, despu\u00e9s fuera de <strong>Televisa<\/strong> hice \u201c<strong>El Se\u00f1or de los Cielos<\/strong>\u201d temporada 5, tambi\u00e9n \u201c<strong>Betty en NY<\/strong>\u201d, \u201c<strong>La Suerte de Loli<\/strong>\u201d, acabo de hacer una serie con <strong>Kate del Castillo<\/strong> y <strong>Roselyn S\u00e1nchez<\/strong>, todav\u00eda no sabemos el estreno, pero es una serie que va para una plataforma de Estados Unidos llamada \u201c<strong>Peacock<\/strong>\u201d producida por Telemundo, mi carrera ha siso paso a pasito, no ha sido muy acelerada, quiz\u00e1 mucha gente no me ubique, no me conozca bien como actor, porque como conductor me siguen recordando en esa faceta, pero ah\u00ed vamos, como dec\u00eda mi abuelo, Despacio que llevo prisa, pa\u2019 pisar bien y que no se me doble el pie.<\/p>\n\n\n\n<p><strong>De todos los proyectos en los que has participado, \u00bfCu\u00e1l de ellos consideras que te abri\u00f3 m\u00e1s puertas?<\/strong><\/p>\n\n\n\n<p>Sin duda alguna, \u201c<strong>Betty en NY<\/strong>\u201d, fue un parteaguas, m abri\u00f3 muchas puertas, muchas pantallas, cosa que no me hab\u00eda sucedido dentro de los proyectos en M\u00e9xico, si fueron muy maravillosos y fue un parteaguas tambi\u00e9n en M\u00e9xico en mi carrera, pero en Estados Unidos me dio a conocer mucho, no solamente con los mexicanos, sino con toda la comunidad latina, me dio otro enfoque hacia el p\u00fablico gracias a \u201c<strong>Betty en NY<\/strong>\u201d.<\/p>\n\n\n\n<figure class=\"wp-block-image size-large coblocks-animate\"><a href=\"https:\/\/i0.wp.com\/zeromagazinemx.wpcomstaging.com\/wp-content\/uploads\/2022\/02\/167ec-image00015.jpeg?ssl=1\"><img data-recalc-dims=\"1\" decoding=\"async\" src=\"https:\/\/i0.wp.com\/zeromagazinemx.wpcomstaging.com\/wp-content\/uploads\/2022\/02\/167ec-image00015.jpeg?w=1165&#038;ssl=1\" alt=\"\" class=\"wp-image-53154\" \/><\/a><\/figure>\n\n\n\n\n\n<p><strong>Plat\u00edcanos sobre \u201cLa Suerte de Loli\u201d<\/strong><\/p>\n\n\n\n<p>Fue un gran proyecto, ah\u00ed hubo un angelote que me ayudo bastante para entrar aparte de todo el trabajo que yo hice, las cosas se cuadraron en el universo para que yo pudiera estar es esta serie y fue algo s\u00faper padre porque la mayor\u00eda de mis proyectos, excepto \u201c<strong>El se\u00f1or de los Cielos<\/strong>\u201d, han sido papeles de comedia, en \u201c<strong>La suerte de Loli<\/strong>\u201d tambi\u00e9n manejaba una comedia, pero m\u00e1s acida, m\u00e1s comedia de llamarle la atenci\u00f3n a su mejor amigo dentro de la historia, pero podr\u00edamos decir que me dieron uno de los coprotagonista porque era uno de los mejores amigos de uno de los protagonistas y cambio todo porque no me gusta usar la palabra \u201cGal\u00e1n\u201d pero me lo dieron como \u201cGal\u00e1n\u201d, ya me hab\u00edan visualizado en otro papel, no nada m\u00e1s en el de comedia, si se utilizaba la comedia pero f\u00edsicamente o est\u00e9ticamente ten\u00eda que estar muy marcado, muy fitness porque mi personaje era un stripper, entonces ten\u00eda que quitarme la ropa para bailar y se manejaron machismos temas dentro del personaje, muchos temas de diversidad, en cuesti\u00f3n de que mi personaje era bisexual y se llev\u00f3 de una manera tan delicada, tan bonita, muy chingona de pod\u00e9rselo contar a la gente, sin que se ofendieran, sin que lo tomaran tan grotesco, entonces toda la historia de todos los personajes de \u201cLa Suerte de Loli\u201d fue muy bien aceptada, entonces cada proyecto que agarro me ayuda a impulsarme, a salir de mi zona de confort dentro de lo que yo estaba acostumbrado a hacer.<\/p>\n\n\n\n<p><strong>Ahora cu\u00e9ntanos sobre \u201cArmas de Mujer\u201d, proyecto en el que participaras junto con Kate del Castillo y Roselyn S\u00e1nchez<\/strong><\/p>\n\n\n\n<p>Este proyecto tambi\u00e9n me cay\u00f3 as\u00ed de un d\u00eda para otro, ya hab\u00eda hecho casting y todo, acababa de terminar \u201c<strong>La Suerte de Loli<\/strong>\u201d y a las tres horas me hablaron y me dijeron que me hab\u00eda quedado en \u201c<strong>Armas de Mujer<\/strong>\u201d, y me emocione mucho, es un proyecto s\u00faper diferente, s\u00faper padre, algo tiene el proyecto es que pude trabajar con <strong>Kate del Castillo<\/strong>, no directamente, mi personaje no tuvo una interacci\u00f3n dentro de los cap\u00edtulos que me tocaron grabar, es una serie corta, son 8 cap\u00edtulos; pero el ver como es el movimiento laboral de Kate es magn\u00edfico y sobre todo trabajar con gente que ha trabajado en <strong>Hollywood<\/strong>, donde nosotros como actores queremos estar en esas producciones, tambi\u00e9n trabaje directamente con <strong>Roselyn S\u00e1nchez <\/strong>que para m\u00ed desde hace mucho tiempo, desde mis inicios como actor es una de las mujeres con la que yo quer\u00eda trabajar y por fin me toco en una serie que se podr\u00eda decir que es comedia de acci\u00f3n, donde la historia da un giro bastante inesperada, es un gran proyecto.<\/p>\n\n\n\n<p><strong>Pr\u00f3ximos proyectos en los que te podremos ver<\/strong><\/p>\n\n\n\n<p>Estar\u00e9 en el proyecto de <strong>Telemundo<\/strong> \u201c<strong>As\u00ed se Baila<\/strong>\u201d, es lo que tengo en puerta por ahorita, tengo otras propuestas, pero aun nada seguro, as\u00ed que los invito a que me sigan en mis redes sociales para que se enteren de todo lo que estar\u00e9 haciendo.<\/p>\n\n\n\n<p class=\"has-text-align-center\"><strong>Redes Sociales:<\/strong><\/p>\n\n\n\n<p class=\"has-text-align-center\"><strong>Instagram:<\/strong> @polomonarrezoficial<\/p>\n\n\n\n\n<!--themify_builder_content-->\n<div id=\"themify_builder_content-53152\" data-postid=\"53152\" class=\"themify_builder_content themify_builder_content-53152 themify_builder tf_clear\">\n    <\/div>\n<!--\/themify_builder_content-->\n","protected":false},"excerpt":{"rendered":"<p>Polo es originario de Chihuahua, se ha desarrollado como actor y conductor de televisi\u00f3n cuya formaci\u00f3n actoral la inici\u00f3 en el Centro de Educaci\u00f3n Art\u00edstica, Eugenio Cobo, de Televisa; nos platica sobre su carrera y en los pr\u00f3ximos proyectos donde lo podremos ver pr\u00f3ximamente.\u00a0 \u00bfC\u00f3mo supiste que quer\u00edas dedicarte al mundo del espect\u00e1culo? Me di [&hellip;]<\/p>\n","protected":false},"author":2,"featured_media":53155,"comment_status":"open","ping_status":"open","sticky":false,"template":"","format":"standard","meta":{"_jetpack_memberships_contains_paid_content":false,"footnotes":"","jetpack_publicize_message":"Zero tuvo una entrevista especial con Polo Mon\u00e1rrez, te invitamos a conocer su gran la trayectoria en zeromagazinemx.com ","jetpack_publicize_feature_enabled":true,"jetpack_social_post_already_shared":true,"jetpack_social_options":{"image_generator_settings":{"template":"highway","default_image_id":0,"font":"","enabled":false},"version":2}},"categories":[117,91],"tags":[4350,4351,4352,4353,523,3800,666,4354,4355,4356,144,4357,4358,1222,313,4359],"class_list":["post-53152","post","type-post","status-publish","format-standard","has-post-thumbnail","hentry","category-entretenimiento","category-entrevistas","tag-armas-de-muje","tag-asi-se-baila","tag-betty-en-ny","tag-centro-de-educacion-artistica","tag-el-senor-de-los-cielos","tag-eugenio-cobo","tag-hollywood","tag-juan-osorio","tag-kate-del-castillo","tag-la-suerte-de-loli","tag-mexico","tag-peacock","tag-roselyn-sanchez","tag-telemundo","tag-televisa","tag-universidad-autonoma-de-chihuahua","has-post-title","has-post-date","has-post-category","has-post-tag","has-post-comment","has-post-author",""],"yoast_head":"<!-- This site is optimized with the Yoast SEO plugin v27.5 - https:\/\/yoast.com\/product\/yoast-seo-wordpress\/ -->\n<title>Entrevista a Polo Mon\u00e1rrez - Zero Magazine<\/title>\n<meta name=\"robots\" content=\"index, follow, max-snippet:-1, max-image-preview:large, max-video-preview:-1\" \/>\n<link rel=\"canonical\" href=\"https:\/\/zeromagazine.mx\/index.php\/2021\/08\/29\/entrevista-a-polo-monarrez\/\" \/>\n<meta property=\"og:locale\" content=\"es_ES\" \/>\n<meta property=\"og:type\" content=\"article\" \/>\n<meta property=\"og:title\" content=\"Entrevista a Polo Mon\u00e1rrez - Zero Magazine\" \/>\n<meta property=\"og:description\" content=\"Polo es originario de Chihuahua, se ha desarrollado como actor y conductor de televisi\u00f3n cuya formaci\u00f3n actoral la inici\u00f3 en el Centro de Educaci\u00f3n Art\u00edstica, Eugenio Cobo, de Televisa; nos platica sobre su carrera y en los pr\u00f3ximos proyectos donde lo podremos ver pr\u00f3ximamente.\u00a0 \u00bfC\u00f3mo supiste que quer\u00edas dedicarte al mundo del espect\u00e1culo? Me di [&hellip;]\" \/>\n<meta property=\"og:url\" content=\"https:\/\/zeromagazine.mx\/index.php\/2021\/08\/29\/entrevista-a-polo-monarrez\/\" \/>\n<meta property=\"og:site_name\" content=\"Zero Magazine\" \/>\n<meta property=\"article:published_time\" content=\"2021-08-29T18:00:00+00:00\" \/>\n<meta name=\"author\" content=\"zeromagazinemx\" \/>\n<meta name=\"twitter:card\" content=\"summary_large_image\" \/>\n<meta name=\"twitter:label1\" content=\"Escrito por\" \/>\n\t<meta name=\"twitter:data1\" content=\"zeromagazinemx\" \/>\n\t<meta name=\"twitter:label2\" content=\"Tiempo de lectura\" \/>\n\t<meta name=\"twitter:data2\" content=\"7 minutos\" \/>\n<script type=\"application\/ld+json\" class=\"yoast-schema-graph\">{\"@context\":\"https:\\\/\\\/schema.org\",\"@graph\":[{\"@type\":\"Article\",\"@id\":\"https:\\\/\\\/zeromagazine.mx\\\/index.php\\\/2021\\\/08\\\/29\\\/entrevista-a-polo-monarrez\\\/#article\",\"isPartOf\":{\"@id\":\"https:\\\/\\\/zeromagazine.mx\\\/index.php\\\/2021\\\/08\\\/29\\\/entrevista-a-polo-monarrez\\\/\"},\"author\":{\"name\":\"zeromagazinemx\",\"@id\":\"https:\\\/\\\/zeromagazine.mx\\\/#\\\/schema\\\/person\\\/9aed9f33a7c39af3a348b86d723f7773\"},\"headline\":\"Entrevista a Polo Mon\u00e1rrez\",\"datePublished\":\"2021-08-29T18:00:00+00:00\",\"mainEntityOfPage\":{\"@id\":\"https:\\\/\\\/zeromagazine.mx\\\/index.php\\\/2021\\\/08\\\/29\\\/entrevista-a-polo-monarrez\\\/\"},\"wordCount\":1436,\"commentCount\":0,\"publisher\":{\"@id\":\"https:\\\/\\\/zeromagazine.mx\\\/#organization\"},\"image\":{\"@id\":\"https:\\\/\\\/zeromagazine.mx\\\/index.php\\\/2021\\\/08\\\/29\\\/entrevista-a-polo-monarrez\\\/#primaryimage\"},\"thumbnailUrl\":\"\",\"keywords\":[\"Armas de Muje\",\"As\u00ed se Baila\",\"Betty en NY\",\"Centro de Educaci\u00f3n Art\u00edstica\",\"El Se\u00f1or de los Cielos\",\"Eugenio Cobo\",\"Hollywood\",\"Juan Osorio\",\"Kate del Castillo\",\"La suerte de Loli\",\"M\u00c9XICO\",\"Peacock\",\"Roselyn S\u00e1nchez\",\"Telemundo\",\"televisa\",\"Universidad Aut\u00f3noma de Chihuahua\"],\"articleSection\":[\"Entretenimiento\",\"Entrevistas\"],\"inLanguage\":\"es\",\"potentialAction\":[{\"@type\":\"CommentAction\",\"name\":\"Comment\",\"target\":[\"https:\\\/\\\/zeromagazine.mx\\\/index.php\\\/2021\\\/08\\\/29\\\/entrevista-a-polo-monarrez\\\/#respond\"]}]},{\"@type\":\"WebPage\",\"@id\":\"https:\\\/\\\/zeromagazine.mx\\\/index.php\\\/2021\\\/08\\\/29\\\/entrevista-a-polo-monarrez\\\/\",\"url\":\"https:\\\/\\\/zeromagazine.mx\\\/index.php\\\/2021\\\/08\\\/29\\\/entrevista-a-polo-monarrez\\\/\",\"name\":\"Entrevista a Polo Mon\u00e1rrez - Zero Magazine\",\"isPartOf\":{\"@id\":\"https:\\\/\\\/zeromagazine.mx\\\/#website\"},\"primaryImageOfPage\":{\"@id\":\"https:\\\/\\\/zeromagazine.mx\\\/index.php\\\/2021\\\/08\\\/29\\\/entrevista-a-polo-monarrez\\\/#primaryimage\"},\"image\":{\"@id\":\"https:\\\/\\\/zeromagazine.mx\\\/index.php\\\/2021\\\/08\\\/29\\\/entrevista-a-polo-monarrez\\\/#primaryimage\"},\"thumbnailUrl\":\"\",\"datePublished\":\"2021-08-29T18:00:00+00:00\",\"breadcrumb\":{\"@id\":\"https:\\\/\\\/zeromagazine.mx\\\/index.php\\\/2021\\\/08\\\/29\\\/entrevista-a-polo-monarrez\\\/#breadcrumb\"},\"inLanguage\":\"es\",\"potentialAction\":[{\"@type\":\"ReadAction\",\"target\":[\"https:\\\/\\\/zeromagazine.mx\\\/index.php\\\/2021\\\/08\\\/29\\\/entrevista-a-polo-monarrez\\\/\"]}]},{\"@type\":\"ImageObject\",\"inLanguage\":\"es\",\"@id\":\"https:\\\/\\\/zeromagazine.mx\\\/index.php\\\/2021\\\/08\\\/29\\\/entrevista-a-polo-monarrez\\\/#primaryimage\",\"url\":\"\",\"contentUrl\":\"\"},{\"@type\":\"BreadcrumbList\",\"@id\":\"https:\\\/\\\/zeromagazine.mx\\\/index.php\\\/2021\\\/08\\\/29\\\/entrevista-a-polo-monarrez\\\/#breadcrumb\",\"itemListElement\":[{\"@type\":\"ListItem\",\"position\":1,\"name\":\"Portada\",\"item\":\"https:\\\/\\\/zeromagazine.mx\\\/\"},{\"@type\":\"ListItem\",\"position\":2,\"name\":\"Entrevista a Polo Mon\u00e1rrez\"}]},{\"@type\":\"WebSite\",\"@id\":\"https:\\\/\\\/zeromagazine.mx\\\/#website\",\"url\":\"https:\\\/\\\/zeromagazine.mx\\\/\",\"name\":\"Zero Magazine\",\"description\":\"\",\"publisher\":{\"@id\":\"https:\\\/\\\/zeromagazine.mx\\\/#organization\"},\"potentialAction\":[{\"@type\":\"SearchAction\",\"target\":{\"@type\":\"EntryPoint\",\"urlTemplate\":\"https:\\\/\\\/zeromagazine.mx\\\/?s={search_term_string}\"},\"query-input\":{\"@type\":\"PropertyValueSpecification\",\"valueRequired\":true,\"valueName\":\"search_term_string\"}}],\"inLanguage\":\"es\"},{\"@type\":\"Organization\",\"@id\":\"https:\\\/\\\/zeromagazine.mx\\\/#organization\",\"name\":\"Zero Magazine\",\"url\":\"https:\\\/\\\/zeromagazine.mx\\\/\",\"logo\":{\"@type\":\"ImageObject\",\"inLanguage\":\"es\",\"@id\":\"https:\\\/\\\/zeromagazine.mx\\\/#\\\/schema\\\/logo\\\/image\\\/\",\"url\":\"https:\\\/\\\/i0.wp.com\\\/zeromagazine.mx\\\/wp-content\\\/uploads\\\/2025\\\/11\\\/1.jpeg?fit=1000%2C1000&ssl=1\",\"contentUrl\":\"https:\\\/\\\/i0.wp.com\\\/zeromagazine.mx\\\/wp-content\\\/uploads\\\/2025\\\/11\\\/1.jpeg?fit=1000%2C1000&ssl=1\",\"width\":1000,\"height\":1000,\"caption\":\"Zero Magazine\"},\"image\":{\"@id\":\"https:\\\/\\\/zeromagazine.mx\\\/#\\\/schema\\\/logo\\\/image\\\/\"},\"sameAs\":[\"https:\\\/\\\/instagram.com\\\/zeromagazinemx\"]},{\"@type\":\"Person\",\"@id\":\"https:\\\/\\\/zeromagazine.mx\\\/#\\\/schema\\\/person\\\/9aed9f33a7c39af3a348b86d723f7773\",\"name\":\"zeromagazinemx\",\"image\":{\"@type\":\"ImageObject\",\"inLanguage\":\"es\",\"@id\":\"https:\\\/\\\/zeromagazine.mx\\\/wp-content\\\/litespeed\\\/avatar\\\/f91dfe5410d5dcb1a576bf8c45983896.jpg?ver=1777571230\",\"url\":\"https:\\\/\\\/zeromagazine.mx\\\/wp-content\\\/litespeed\\\/avatar\\\/f91dfe5410d5dcb1a576bf8c45983896.jpg?ver=1777571230\",\"contentUrl\":\"https:\\\/\\\/zeromagazine.mx\\\/wp-content\\\/litespeed\\\/avatar\\\/f91dfe5410d5dcb1a576bf8c45983896.jpg?ver=1777571230\",\"caption\":\"zeromagazinemx\"},\"url\":\"https:\\\/\\\/zeromagazine.mx\\\/index.php\\\/author\\\/zeromagazinemx\\\/\"}]}<\/script>\n<!-- \/ Yoast SEO plugin. -->","yoast_head_json":{"title":"Entrevista a Polo Mon\u00e1rrez - Zero Magazine","robots":{"index":"index","follow":"follow","max-snippet":"max-snippet:-1","max-image-preview":"max-image-preview:large","max-video-preview":"max-video-preview:-1"},"canonical":"https:\/\/zeromagazine.mx\/index.php\/2021\/08\/29\/entrevista-a-polo-monarrez\/","og_locale":"es_ES","og_type":"article","og_title":"Entrevista a Polo Mon\u00e1rrez - Zero Magazine","og_description":"Polo es originario de Chihuahua, se ha desarrollado como actor y conductor de televisi\u00f3n cuya formaci\u00f3n actoral la inici\u00f3 en el Centro de Educaci\u00f3n Art\u00edstica, Eugenio Cobo, de Televisa; nos platica sobre su carrera y en los pr\u00f3ximos proyectos donde lo podremos ver pr\u00f3ximamente.\u00a0 \u00bfC\u00f3mo supiste que quer\u00edas dedicarte al mundo del espect\u00e1culo? Me di [&hellip;]","og_url":"https:\/\/zeromagazine.mx\/index.php\/2021\/08\/29\/entrevista-a-polo-monarrez\/","og_site_name":"Zero Magazine","article_published_time":"2021-08-29T18:00:00+00:00","author":"zeromagazinemx","twitter_card":"summary_large_image","twitter_misc":{"Escrito por":"zeromagazinemx","Tiempo de lectura":"7 minutos"},"schema":{"@context":"https:\/\/schema.org","@graph":[{"@type":"Article","@id":"https:\/\/zeromagazine.mx\/index.php\/2021\/08\/29\/entrevista-a-polo-monarrez\/#article","isPartOf":{"@id":"https:\/\/zeromagazine.mx\/index.php\/2021\/08\/29\/entrevista-a-polo-monarrez\/"},"author":{"name":"zeromagazinemx","@id":"https:\/\/zeromagazine.mx\/#\/schema\/person\/9aed9f33a7c39af3a348b86d723f7773"},"headline":"Entrevista a Polo Mon\u00e1rrez","datePublished":"2021-08-29T18:00:00+00:00","mainEntityOfPage":{"@id":"https:\/\/zeromagazine.mx\/index.php\/2021\/08\/29\/entrevista-a-polo-monarrez\/"},"wordCount":1436,"commentCount":0,"publisher":{"@id":"https:\/\/zeromagazine.mx\/#organization"},"image":{"@id":"https:\/\/zeromagazine.mx\/index.php\/2021\/08\/29\/entrevista-a-polo-monarrez\/#primaryimage"},"thumbnailUrl":"","keywords":["Armas de Muje","As\u00ed se Baila","Betty en NY","Centro de Educaci\u00f3n Art\u00edstica","El Se\u00f1or de los Cielos","Eugenio Cobo","Hollywood","Juan Osorio","Kate del Castillo","La suerte de Loli","M\u00c9XICO","Peacock","Roselyn S\u00e1nchez","Telemundo","televisa","Universidad Aut\u00f3noma de Chihuahua"],"articleSection":["Entretenimiento","Entrevistas"],"inLanguage":"es","potentialAction":[{"@type":"CommentAction","name":"Comment","target":["https:\/\/zeromagazine.mx\/index.php\/2021\/08\/29\/entrevista-a-polo-monarrez\/#respond"]}]},{"@type":"WebPage","@id":"https:\/\/zeromagazine.mx\/index.php\/2021\/08\/29\/entrevista-a-polo-monarrez\/","url":"https:\/\/zeromagazine.mx\/index.php\/2021\/08\/29\/entrevista-a-polo-monarrez\/","name":"Entrevista a Polo Mon\u00e1rrez - Zero Magazine","isPartOf":{"@id":"https:\/\/zeromagazine.mx\/#website"},"primaryImageOfPage":{"@id":"https:\/\/zeromagazine.mx\/index.php\/2021\/08\/29\/entrevista-a-polo-monarrez\/#primaryimage"},"image":{"@id":"https:\/\/zeromagazine.mx\/index.php\/2021\/08\/29\/entrevista-a-polo-monarrez\/#primaryimage"},"thumbnailUrl":"","datePublished":"2021-08-29T18:00:00+00:00","breadcrumb":{"@id":"https:\/\/zeromagazine.mx\/index.php\/2021\/08\/29\/entrevista-a-polo-monarrez\/#breadcrumb"},"inLanguage":"es","potentialAction":[{"@type":"ReadAction","target":["https:\/\/zeromagazine.mx\/index.php\/2021\/08\/29\/entrevista-a-polo-monarrez\/"]}]},{"@type":"ImageObject","inLanguage":"es","@id":"https:\/\/zeromagazine.mx\/index.php\/2021\/08\/29\/entrevista-a-polo-monarrez\/#primaryimage","url":"","contentUrl":""},{"@type":"BreadcrumbList","@id":"https:\/\/zeromagazine.mx\/index.php\/2021\/08\/29\/entrevista-a-polo-monarrez\/#breadcrumb","itemListElement":[{"@type":"ListItem","position":1,"name":"Portada","item":"https:\/\/zeromagazine.mx\/"},{"@type":"ListItem","position":2,"name":"Entrevista a Polo Mon\u00e1rrez"}]},{"@type":"WebSite","@id":"https:\/\/zeromagazine.mx\/#website","url":"https:\/\/zeromagazine.mx\/","name":"Zero Magazine","description":"","publisher":{"@id":"https:\/\/zeromagazine.mx\/#organization"},"potentialAction":[{"@type":"SearchAction","target":{"@type":"EntryPoint","urlTemplate":"https:\/\/zeromagazine.mx\/?s={search_term_string}"},"query-input":{"@type":"PropertyValueSpecification","valueRequired":true,"valueName":"search_term_string"}}],"inLanguage":"es"},{"@type":"Organization","@id":"https:\/\/zeromagazine.mx\/#organization","name":"Zero Magazine","url":"https:\/\/zeromagazine.mx\/","logo":{"@type":"ImageObject","inLanguage":"es","@id":"https:\/\/zeromagazine.mx\/#\/schema\/logo\/image\/","url":"https:\/\/i0.wp.com\/zeromagazine.mx\/wp-content\/uploads\/2025\/11\/1.jpeg?fit=1000%2C1000&ssl=1","contentUrl":"https:\/\/i0.wp.com\/zeromagazine.mx\/wp-content\/uploads\/2025\/11\/1.jpeg?fit=1000%2C1000&ssl=1","width":1000,"height":1000,"caption":"Zero Magazine"},"image":{"@id":"https:\/\/zeromagazine.mx\/#\/schema\/logo\/image\/"},"sameAs":["https:\/\/instagram.com\/zeromagazinemx"]},{"@type":"Person","@id":"https:\/\/zeromagazine.mx\/#\/schema\/person\/9aed9f33a7c39af3a348b86d723f7773","name":"zeromagazinemx","image":{"@type":"ImageObject","inLanguage":"es","@id":"https:\/\/zeromagazine.mx\/wp-content\/litespeed\/avatar\/f91dfe5410d5dcb1a576bf8c45983896.jpg?ver=1777571230","url":"https:\/\/zeromagazine.mx\/wp-content\/litespeed\/avatar\/f91dfe5410d5dcb1a576bf8c45983896.jpg?ver=1777571230","contentUrl":"https:\/\/zeromagazine.mx\/wp-content\/litespeed\/avatar\/f91dfe5410d5dcb1a576bf8c45983896.jpg?ver=1777571230","caption":"zeromagazinemx"},"url":"https:\/\/zeromagazine.mx\/index.php\/author\/zeromagazinemx\/"}]}},"jetpack_publicize_connections":[],"jetpack_featured_media_url":"","jetpack-related-posts":[{"id":60163,"url":"https:\/\/zeromagazine.mx\/index.php\/2021\/12\/06\/entrevista-alexis-ayala-uno-de-los-actores-mas-reconocidos\/","url_meta":{"origin":53152,"position":0},"title":"Entrevista: Alexis Ayala, uno de los actores m\u00e1s reconocidos","author":"zeromagazinemx","date":"6 de diciembre de 2021","format":false,"excerpt":"Alexis es uno de los actores m\u00e1s reconocidos dentro del mundo del espect\u00e1culo, cuenta con una trayectoria impecable. Es talentoso, apasionado, disciplinado, perseverante y directo; cualidades que le han permitido llegar muy lejos, con m\u00faltiples producciones y proyectos, de los cuales se siente orgulloso. Por Itzel Rubio Zero Magazine tuvo\u2026","rel":"","context":"En \u00abEntrevistas\u00bb","block_context":{"text":"Entrevistas","link":"https:\/\/zeromagazine.mx\/index.php\/category\/entretenimiento\/entrevistas\/"},"img":{"alt_text":"","src":"https:\/\/i0.wp.com\/zeromagazinemx.wpcomstaging.com\/wp-content\/uploads\/2022\/02\/dad8c-alexis-ayala-5827.jpg.jpg?resize=350%2C200&ssl=1","width":350,"height":200,"srcset":"https:\/\/i0.wp.com\/zeromagazinemx.wpcomstaging.com\/wp-content\/uploads\/2022\/02\/dad8c-alexis-ayala-5827.jpg.jpg?resize=350%2C200&ssl=1 1x, https:\/\/i0.wp.com\/zeromagazinemx.wpcomstaging.com\/wp-content\/uploads\/2022\/02\/dad8c-alexis-ayala-5827.jpg.jpg?resize=525%2C300&ssl=1 1.5x, https:\/\/i0.wp.com\/zeromagazinemx.wpcomstaging.com\/wp-content\/uploads\/2022\/02\/dad8c-alexis-ayala-5827.jpg.jpg?resize=700%2C400&ssl=1 2x"},"classes":[]},{"id":52181,"url":"https:\/\/zeromagazine.mx\/index.php\/2021\/08\/16\/vanessa-bauche-celebra-30-anos-de-mostrar-su-dinamismo-en-la-actuacion-y-actualmente-en-labores-sociales\/","url_meta":{"origin":53152,"position":1},"title":"Vanessa Bauche celebra 30 a\u00f1os de mostrar su dinamismo en la actuaci\u00f3n y actualmente en labores sociales","author":"zeromagazinemx","date":"16 de agosto de 2021","format":false,"excerpt":"Ella es Vanessa Bauche, actriz, presentadora, productora, promotora cultural, activista social, escritora y cantante mexicana. Vanessa a lo largo de su carrera ha sido parte de excelentes largometrajes como Amores Perros, tambi\u00e9n telenovelas y series como Rosario Tijeras (primera temporada), Mujeres Asesinas, Luis Miguel: La Serie, Simplemente Mar\u00eda, La doble\u2026","rel":"","context":"En \u00abEntrevistas\u00bb","block_context":{"text":"Entrevistas","link":"https:\/\/zeromagazine.mx\/index.php\/category\/entretenimiento\/entrevistas\/"},"img":{"alt_text":"","src":"","width":0,"height":0},"classes":[]},{"id":51623,"url":"https:\/\/zeromagazine.mx\/index.php\/2021\/08\/05\/entrevista-a-marco-leon\/","url_meta":{"origin":53152,"position":2},"title":"Entrevista a Marco Le\u00f3n","author":"zeromagazinemx","date":"5 de agosto de 2021","format":false,"excerpt":"Marco Le\u00f3n es un actor y cantante mexicano, egresado del CEA Televisa; ha participado en televisi\u00f3n en diferentes proyectos como \u201cRosario Tijeras 3\u201d, \u201cAmar A Muerte\u201d, \u201cLa Taxista\u201d, \u201cTres Milagros\u201d, \u201cLa Rosa de Guadalupe\u201d, por mencionar algunos; en teatro tambi\u00e9n ha estado en diferentes puestas en escena, algunas de estas\u2026","rel":"","context":"En \u00abCine\u00bb","block_context":{"text":"Cine","link":"https:\/\/zeromagazine.mx\/index.php\/category\/entretenimiento\/cine\/"},"img":{"alt_text":"","src":"","width":0,"height":0},"classes":[]},{"id":51242,"url":"https:\/\/zeromagazine.mx\/index.php\/2021\/07\/31\/elsa-ortiz-y-los-proyectos-que-han-marcado-su-carrera-artistica-como-actriz\/","url_meta":{"origin":53152,"position":3},"title":"Elsa Ortiz y los proyectos que han marcado su carrera art\u00edstica como actriz","author":"zeromagazinemx","date":"31 de julio de 2021","format":false,"excerpt":"Ella es Elsa Ortiz, actriz Mexicana la cual recordamos por su participaci\u00f3n en distintos proyectos fabulosos como Las Malcriadas, La fiscal de hierro, La Do\u00f1a y ahora la podremos ver en la serie \u201c40 Y 20\u201d de Televisa y en la pel\u00edcula Guerra de Likes. Fot\u00f3grafo:\u00a0Daniel Garc\u00eda\u00a0(@heydaniel_garcia)Maquillaje: Hugo Qui\u00f1onesStyling:\u00a0David Morales\u2026","rel":"","context":"En \u00abEntrevistas\u00bb","block_context":{"text":"Entrevistas","link":"https:\/\/zeromagazine.mx\/index.php\/category\/entretenimiento\/entrevistas\/"},"img":{"alt_text":"","src":"https:\/\/i0.wp.com\/zeromagazinemx.wpcomstaging.com\/wp-content\/uploads\/2022\/02\/329ed-2-2.jpg-2-683x1024.jpg?resize=350%2C200&ssl=1","width":350,"height":200,"srcset":"https:\/\/i0.wp.com\/zeromagazinemx.wpcomstaging.com\/wp-content\/uploads\/2022\/02\/329ed-2-2.jpg-2-683x1024.jpg?resize=350%2C200&ssl=1 1x, https:\/\/i0.wp.com\/zeromagazinemx.wpcomstaging.com\/wp-content\/uploads\/2022\/02\/329ed-2-2.jpg-2-683x1024.jpg?resize=525%2C300&ssl=1 1.5x"},"classes":[]},{"id":48086,"url":"https:\/\/zeromagazine.mx\/index.php\/2021\/06\/17\/entrevista-a-eduardo-trevino\/","url_meta":{"origin":53152,"position":4},"title":"Entrevista a Eduardo Trevi\u00f1o","author":"zeromagazinemx","date":"17 de junio de 2021","format":false,"excerpt":"Eduardo Trevi\u00f1o, actor y director de \u201cLa muestra de Cine Coahuila\u201d; nos viene a platicar un poco sobre su carrera de actuaci\u00f3n, donde sus \u00faltimas participaciones fueron en \u201cTe acuerdas de mi\u201d (Televisa) y Falsa Identidad 2 (Telemundo) y tambi\u00e9n nos cuenta sobre su \u201cWorkshop de Cine\u201d que se realizar\u00e1\u2026","rel":"","context":"En \u00abCine\u00bb","block_context":{"text":"Cine","link":"https:\/\/zeromagazine.mx\/index.php\/category\/entretenimiento\/cine\/"},"img":{"alt_text":"","src":"","width":0,"height":0},"classes":[]},{"id":50747,"url":"https:\/\/zeromagazine.mx\/index.php\/2021\/07\/23\/entrevista-a-hiroshi-arikado\/","url_meta":{"origin":53152,"position":5},"title":"Entrevista a Hiroshi Arikado","author":"zeromagazinemx","date":"23 de julio de 2021","format":false,"excerpt":"Hiroshi Arikado, cantante, actor, modelo, conductor, compositor e influencer\u00a0Mexicano originario de Chihuahua,\u00a0de seguro lo recuerdas por su participaci\u00f3n en la primera edici\u00f3n del reality Peque\u00f1os Gigantes en 2011 donde obtuvo el segundo lugar y el cari\u00f1o del p\u00fablico por su carisma y gran talento, igualmente Hiroshi\u00a0ha tenido grandes giras y\u2026","rel":"","context":"En \u00abEntretenimiento\u00bb","block_context":{"text":"Entretenimiento","link":"https:\/\/zeromagazine.mx\/index.php\/category\/entretenimiento\/"},"img":{"alt_text":"","src":"https:\/\/i0.wp.com\/zeromagazinemx.wpcomstaging.com\/wp-content\/uploads\/2022\/02\/fbd94-logo_hiroshi_arikado-1.png?resize=350%2C200&ssl=1","width":350,"height":200},"classes":[]}],"jetpack_sharing_enabled":true,"builder_content":"","_links":{"self":[{"href":"https:\/\/zeromagazine.mx\/index.php\/wp-json\/wp\/v2\/posts\/53152","targetHints":{"allow":["GET"]}}],"collection":[{"href":"https:\/\/zeromagazine.mx\/index.php\/wp-json\/wp\/v2\/posts"}],"about":[{"href":"https:\/\/zeromagazine.mx\/index.php\/wp-json\/wp\/v2\/types\/post"}],"author":[{"embeddable":true,"href":"https:\/\/zeromagazine.mx\/index.php\/wp-json\/wp\/v2\/users\/2"}],"replies":[{"embeddable":true,"href":"https:\/\/zeromagazine.mx\/index.php\/wp-json\/wp\/v2\/comments?post=53152"}],"version-history":[{"count":0,"href":"https:\/\/zeromagazine.mx\/index.php\/wp-json\/wp\/v2\/posts\/53152\/revisions"}],"wp:featuredmedia":[{"embeddable":true,"href":"https:\/\/zeromagazine.mx\/index.php\/wp-json\/"}],"wp:attachment":[{"href":"https:\/\/zeromagazine.mx\/index.php\/wp-json\/wp\/v2\/media?parent=53152"}],"wp:term":[{"taxonomy":"category","embeddable":true,"href":"https:\/\/zeromagazine.mx\/index.php\/wp-json\/wp\/v2\/categories?post=53152"},{"taxonomy":"post_tag","embeddable":true,"href":"https:\/\/zeromagazine.mx\/index.php\/wp-json\/wp\/v2\/tags?post=53152"}],"curies":[{"name":"wp","href":"https:\/\/api.w.org\/{rel}","templated":true}]}}