{"id":53204,"date":"2021-08-31T12:45:00","date_gmt":"2021-08-31T17:45:00","guid":{"rendered":"https:\/\/atomic-temporary-84115225.wpcomstaging.com\/?p=53204"},"modified":"2021-08-31T12:45:00","modified_gmt":"2021-08-31T17:45:00","slug":"fernando-noriega-de-que-le-pasa-a-mi-familia-suma-un-proyecto-mas-a-su-carrera-artistica","status":"publish","type":"post","link":"https:\/\/zeromagazine.mx\/index.php\/2021\/08\/31\/fernando-noriega-de-que-le-pasa-a-mi-familia-suma-un-proyecto-mas-a-su-carrera-artistica\/","title":{"rendered":"Fernando Noriega suma un proyecto mas a su carrera art\u00edstica"},"content":{"rendered":"\n<p><strong>Fernando Noriega<\/strong> es un reconocido actor <strong>Mexicano<\/strong> de cine, teatro y televisi\u00f3n, lo recordamos por los incre\u00edbles proyectos en los que ha participado como \u00ab<strong><em>Morir en Martes<\/em><\/strong>\u00ab, \u00ab<strong><em>Bajo el mismo Cielo<\/em><\/strong>\u00ab, \u00ab<strong><em>El se\u00f1or de los Cielos<\/em><\/strong>\u00ab, \u00ab<strong><em>El Chema<\/em><\/strong>\u00bb y recientemente le vimos darle vida a <em>Mariano Rueda <\/em>en \u00ab<strong><em>\u00bfQu\u00e9 le Pasa a mi Familia?<\/em><\/strong>\u00bb De <strong><em>Televisa<\/em><\/strong> y en el cortometraje \u00ab<em><strong>The Caddy<\/strong><\/em>\u00ab, corto que est\u00e1 seleccionado por el <em>Festival Internacional de Cortometrajes<\/em> de los <em>\u00c1ngeles<\/em> en su secci\u00f3n de <strong><em>\u201cCrime\u201d<\/em><\/strong>.<\/p>\n\n\n\n<ul class=\"wp-block-list\"><li><em><strong>Foto:<\/strong> Daniel Garc\u00eda [<a href=\"http:\/\/instagram.com\/@heydaniel_garcia\">@heydaniel_garcia<\/a>]<\/em><\/li><li><em><strong>MUAH: <\/strong>Julio Cesar Le\u00f3n [<a href=\"http:\/\/instagram.com\/@julio_cesar_leon\">@julio_cesar_leon<\/a><\/em>]<\/li><li><em><strong>Styling:<\/strong> David Morales [<a href=\"http:\/\/instagram.com\/@elpoderosodave\">@elpoderosodave<\/a><\/em>]<\/li><li><em><strong>Moda: <\/strong>[<a href=\"http:\/\/instagram.com\/@mx.amnesia\">@mx.amnesia<\/a><\/em>]<\/li><\/ul>\n\n\n\n<div class=\"wp-block-image coblocks-animate\"><figure class=\"aligncenter size-large is-resized\"><a href=\"https:\/\/i0.wp.com\/zeromagazinemx.wpcomstaging.com\/wp-content\/uploads\/2022\/02\/b5528-img_4625.png?ssl=1\"><img data-recalc-dims=\"1\" decoding=\"async\" src=\"https:\/\/i0.wp.com\/zeromagazinemx.wpcomstaging.com\/wp-content\/uploads\/2022\/02\/b5528-img_4625.png?resize=740%2C957&#038;ssl=1\" alt=\"\" class=\"wp-image-53209\" width=\"740\" height=\"957\" \/><\/a><figcaption><strong>Su\u00e9ter:<\/strong> Laguneando Ando <em>[<a href=\"http:\/\/instagram.com\/@laguneandoando\/\" target=\"_blank\" rel=\"noreferrer noopener\">@laguneandoando<\/a>]<\/em><\/figcaption><\/figure><\/div>\n\n\n\n<div class=\"wp-block-buttons is-layout-flex wp-block-buttons-is-layout-flex\">\n<div class=\"wp-block-button\"><a class=\"wp-block-button__link\"> Por Christopher Rodr\u00edguez Due\u00f1as <\/a><\/div>\n<\/div>\n\n\n\n<p><strong>Fernando<\/strong> platic\u00f3 con nosotros y nos cuenta mucho de estos proyectos, de \u00e9l y de lo que nos traer\u00e1 pr\u00f3ximamente. &nbsp; &nbsp; &nbsp; &nbsp; &nbsp; &nbsp; &nbsp; &nbsp; &nbsp; &nbsp; &nbsp; &nbsp; &nbsp; &nbsp; &nbsp; <\/p>\n\n\n\n<p><strong>\u00bfQu\u00e9 es lo que m\u00e1s te gusta de tu trabajo?<\/strong><\/p>\n\n\n\n<p>Me gusta much\u00edsimo ese dinamismo de primero poder moverme de un lado a otro, por ejemplo ahora que acabo de terminar proyecto pase 4 meses en la <strong>Ciudad de M\u00e9xico<\/strong>, viaje desde los <em>\u00c1ngeles <\/em>donde resido entonces este dinamismo de no estar en solo lugar me gusta, creo que me ayuda mucho a mi personalidad el sentir estos cambios de aire, me encanta el poder viajar y conocer lugares que nunca imagine, con mi primer pel\u00edcula \u00ab<strong><em>Where the Road Meets the Sun\u00bb <\/em><\/strong>me toco llevarla a estrenar a <em>Singapur,<\/em> me encanto la experiencia, como me gusta mucho viajar me encanta que mi trabajo me pueda llevar a esto, a lugares que no conozco, a lugares que a m\u00ed nunca se me hubiera ocurrido como Singapur en este caso, que gente que no habla mi idioma vea mi trabajo y no solo por la vanidad de verlo, si no por trasmitirle algo de lo que hago, que al final de todo es mi trabajo como actor, trasmitir emociones.<\/p>\n\n\n\n<div class=\"wp-block-image coblocks-animate\"><figure class=\"aligncenter size-large\"><a href=\"https:\/\/i0.wp.com\/zeromagazinemx.wpcomstaging.com\/wp-content\/uploads\/2022\/02\/9b367-6-1.jpg-1.jpg?ssl=1\"><img data-recalc-dims=\"1\" decoding=\"async\" src=\"https:\/\/i0.wp.com\/zeromagazinemx.wpcomstaging.com\/wp-content\/uploads\/2022\/02\/9b367-6-1.jpg-1.jpg?w=1165&#038;ssl=1\" alt=\"\" class=\"wp-image-53208\" \/><\/a><figcaption><strong>Camisa: <\/strong>Paca Stanley  <em>[<a href=\"http:\/\/instagram.com\/@pacastanley\">@pacastanley<\/a>]<\/em><\/figcaption><\/figure><\/div>\n\n\n\n\n\n<p><strong>\u00bfHay algo dentro de tu carrera que no hayas hecho y te gustar\u00eda hacer?<\/strong><\/p>\n\n\n\n<p>Me gustar\u00eda sin duda seguir explorando esta parte de tocar puertas para poder actuar en otro idioma, creo que la primera experiencia que tuve de actuar en ingl\u00e9s fue un reto y fue complicad\u00edsimo pero me encanto la experiencia, por supuesto que me gustar\u00eda seguir explorando esa idea y bueno no hablo otro idioma pero de pronto estos actores que son s\u00faper vers\u00e1tiles y que pueden hablar en portugu\u00e9s y pueden actuar en Italiano o hacer alg\u00fan acento,&nbsp; eso me llama la atenci\u00f3n, no s\u00e9 si est\u00e9 al cien preparado o uno siente que nunca est\u00e1 preparado para las cosas hasta que llegan, entonces creo que por esa parte me gustar\u00eda seguir teniendo ese tipo de retos.&nbsp;<\/p>\n\n\n\n<p><strong>\u00bfQu\u00e9 retos te trajo The Caddy?<\/strong><\/p>\n\n\n\n<p>Es un proyecto que fue como uno de esos regalitos agradables del 2020, no pens\u00e9 honestamente que fuera a trabajar en este a\u00f1o, estaba muy parado todo para nosotros y me llega la oportunidad de hacer <strong><em>\u00abThe Caddy<\/em><\/strong> \u00aby no solamente por trabajar, sino que tambi\u00e9n implic\u00f3 un poco un proyecto americano, yo ven\u00eda haciendo algunos proyectos ac\u00e1 en<strong> <\/strong><em>Estados Unidos <\/em>pero ten\u00eda un tiempito enfocado en hacer varios proyectos en<em> Latinoam\u00e9rica<\/em>, estuve haciendo \u00ab<strong><em>El Chema<\/em><\/strong>\u00ab, \u00ab<em><strong>El Se\u00f1or de los Cielos<\/strong><\/em>\u00bb y ten\u00eda que seguir finalmente tocando puertas por ac\u00e1 y estaba como muy ocupado de un lado a otro y \u00ab<strong><em>The Caddy<\/em><\/strong>\u00bb signific\u00f3 esa puertita que se abre a la oportunidad de hacer algo otra vez ac\u00e1 en una producci\u00f3n <em>Hollywoodence&nbsp; <\/em>con un actor muy reconocido, con un director de fotograf\u00eda muy renombrable, con una carrera muy s\u00f3lida ac\u00e1 en <strong>Hollywood<\/strong> que ha participado en muchas de las pel\u00edculas de <strong>Marvel<\/strong>, entonces pues nada muy emocionado de haber trabajado de la mano de ellos, me encant\u00f3 la experiencia y finalmente saber que este cortometraje se har\u00e1 un largometraje me emociona much\u00edsimo.<\/p>\n\n\n\n<div class=\"wp-block-image coblocks-animate\"><figure class=\"aligncenter size-large\"><a href=\"https:\/\/i0.wp.com\/zeromagazinemx.wpcomstaging.com\/wp-content\/uploads\/2022\/02\/3f3a5-1-3.jpg-3.jpg?ssl=1\"><img data-recalc-dims=\"1\" decoding=\"async\" src=\"https:\/\/i0.wp.com\/zeromagazinemx.wpcomstaging.com\/wp-content\/uploads\/2022\/02\/3f3a5-1-3.jpg-3.jpg?w=1165&#038;ssl=1\" alt=\"\" class=\"wp-image-53206\" \/><\/a><figcaption><strong>Su\u00e9ter:<\/strong> Constantina Mia<em>  [<a href=\"http:\/\/istagram.com\/@constantina.mia\">@constantina.mia<\/a>]<\/em><\/figcaption><\/figure><\/div>\n\n\n\n\n\n<p><strong>\u00bfC\u00f3mo te la pasaste en la Telenovela\u00bb Qu\u00e9 le Pasa a mi Familia\u00bb?<\/strong><\/p>\n\n\n\n<p>Me la pase muy bien, otro de los grandes regalos, me gusta aventarme proyectos que me reten de alg\u00fan modo, este sin duda fue uno de ellos, entrar a un proyecto que ya estaba iniciado, entrar a hacer un personaje que anteriormente lo estaba haciendo otro actor no es nada sencillo, no nada m\u00e1s por la cuesti\u00f3n t\u00e9cnica de retomar al personaje, que por cierto era bastante complejo, entonces toda la psicolog\u00eda del personaje, entender desde qu\u00e9 punto lo estaba tomando yo, eso&nbsp; era lo t\u00e9cnico, pero as\u00ed a eso le sumas que el otro actor lo ven\u00eda haciendo muy bien y que ya ten\u00eda todo el cari\u00f1o y la aceptaci\u00f3n de la audiencia y ganarte a la audiencia ahora t\u00fa es una cuesti\u00f3n bien complicada y bastante dif\u00edcil, tome el riesgo, nunca lo hab\u00eda hecho en mi carrera, fue una buena oportunidad y salimos airosos, creo que fue un proyecto que me dejo mucho, grandes compa\u00f1eros, trabaje en <em>San \u00c1ngel <\/em>por primera vez, trabaj\u00e9 con el apuntador que nunca hab\u00eda trabajado con \u00e9l, tambi\u00e9n eso me llenaba de angustia el no saber si iba a poder actuar naturalmente con un ch\u00edcharo que me estuviera diciendo y hablando en la oreja todos los di\u00e1logos y que no se notara creo que fue una prueba superada, pero la mayor satisfacci\u00f3n fue ver el resultado con la gente y saber que les encant\u00f3 mi trabajo, que no resintieron el cambio de actor y pues nada que al final la historia se cont\u00f3 c\u00f3mo se ten\u00eda que contar, que finalmente para eso son, para entretener a la gente y para llevar un mensaje.&nbsp;<\/p>\n\n\n\n<p><strong>\u00bfHay nuevos proyectos que nos quisieras compartir?<\/strong><\/p>\n\n\n\n<p>En este momento estoy a la espera qu\u00e9 va a suceder con la pel\u00edcula, quiero descansar un poquito y quiero enfocarme en otras cuestiones que tengo pendientes ac\u00e1 en los <em>\u00c1ngeles<\/em> y sobre todo descansar y disfrutar a mi familia un poquito.<\/p>\n\n\n\n<p class=\"has-text-align-center\"><strong>Sigue a Fernando Noriega en:&nbsp;<\/strong><\/p>\n\n\n\n<p class=\"has-text-align-center\"><strong>Instagram:<\/strong> @fernandonoriega<\/p>\n\n\n\n\n<!--themify_builder_content-->\n<div id=\"themify_builder_content-53204\" data-postid=\"53204\" class=\"themify_builder_content themify_builder_content-53204 themify_builder tf_clear\">\n    <\/div>\n<!--\/themify_builder_content-->\n","protected":false},"excerpt":{"rendered":"<p>Fernando Noriega es un reconocido actor Mexicano de cine, teatro y televisi\u00f3n, lo recordamos por los incre\u00edbles proyectos en los que ha participado como \u00abMorir en Martes\u00ab, \u00abBajo el mismo Cielo\u00ab, \u00abEl se\u00f1or de los Cielos\u00ab, \u00abEl Chema\u00bb y recientemente le vimos darle vida a Mariano Rueda en \u00ab\u00bfQu\u00e9 le Pasa a mi Familia?\u00bb De [&hellip;]<\/p>\n","protected":false},"author":2,"featured_media":53207,"comment_status":"open","ping_status":"open","sticky":false,"template":"","format":"standard","meta":{"_jetpack_memberships_contains_paid_content":false,"footnotes":"","jetpack_publicize_message":"","jetpack_publicize_feature_enabled":true,"jetpack_social_post_already_shared":true,"jetpack_social_options":{"image_generator_settings":{"template":"highway","default_image_id":0,"font":"","enabled":false},"version":2}},"categories":[91,98,100],"tags":[4384,4385,4386,4387,523,4388,4389,4390,4391],"class_list":["post-53204","post","type-post","status-publish","format-standard","has-post-thumbnail","hentry","category-entrevistas","category-portada","category-revista","tag-que-le-pasa-a-mi-familia","tag-bajo-el-mismo-cielo","tag-crime","tag-el-chema","tag-el-senor-de-los-cielos","tag-fernando-noriega","tag-morir-en-martes","tag-the-caddy","tag-where-the-road-meets-the-sun","has-post-title","has-post-date","has-post-category","has-post-tag","has-post-comment","has-post-author",""],"yoast_head":"<!-- This site is optimized with the Yoast SEO plugin v27.5 - https:\/\/yoast.com\/product\/yoast-seo-wordpress\/ -->\n<title>Fernando Noriega suma un proyecto mas a su carrera art\u00edstica - Zero Magazine<\/title>\n<meta name=\"robots\" content=\"index, follow, max-snippet:-1, max-image-preview:large, max-video-preview:-1\" \/>\n<link rel=\"canonical\" href=\"https:\/\/zeromagazine.mx\/index.php\/2021\/08\/31\/fernando-noriega-de-que-le-pasa-a-mi-familia-suma-un-proyecto-mas-a-su-carrera-artistica\/\" \/>\n<meta property=\"og:locale\" content=\"es_ES\" \/>\n<meta property=\"og:type\" content=\"article\" \/>\n<meta property=\"og:title\" content=\"Fernando Noriega suma un proyecto mas a su carrera art\u00edstica - Zero Magazine\" \/>\n<meta property=\"og:description\" content=\"Fernando Noriega es un reconocido actor Mexicano de cine, teatro y televisi\u00f3n, lo recordamos por los incre\u00edbles proyectos en los que ha participado como \u00abMorir en Martes\u00ab, \u00abBajo el mismo Cielo\u00ab, \u00abEl se\u00f1or de los Cielos\u00ab, \u00abEl Chema\u00bb y recientemente le vimos darle vida a Mariano Rueda en \u00ab\u00bfQu\u00e9 le Pasa a mi Familia?\u00bb De [&hellip;]\" \/>\n<meta property=\"og:url\" content=\"https:\/\/zeromagazine.mx\/index.php\/2021\/08\/31\/fernando-noriega-de-que-le-pasa-a-mi-familia-suma-un-proyecto-mas-a-su-carrera-artistica\/\" \/>\n<meta property=\"og:site_name\" content=\"Zero Magazine\" \/>\n<meta property=\"article:published_time\" content=\"2021-08-31T17:45:00+00:00\" \/>\n<meta name=\"author\" content=\"zeromagazinemx\" \/>\n<meta name=\"twitter:card\" content=\"summary_large_image\" \/>\n<meta name=\"twitter:label1\" content=\"Escrito por\" \/>\n\t<meta name=\"twitter:data1\" content=\"zeromagazinemx\" \/>\n\t<meta name=\"twitter:label2\" content=\"Tiempo de lectura\" \/>\n\t<meta name=\"twitter:data2\" content=\"5 minutos\" \/>\n<script type=\"application\/ld+json\" class=\"yoast-schema-graph\">{\"@context\":\"https:\\\/\\\/schema.org\",\"@graph\":[{\"@type\":\"Article\",\"@id\":\"https:\\\/\\\/zeromagazine.mx\\\/index.php\\\/2021\\\/08\\\/31\\\/fernando-noriega-de-que-le-pasa-a-mi-familia-suma-un-proyecto-mas-a-su-carrera-artistica\\\/#article\",\"isPartOf\":{\"@id\":\"https:\\\/\\\/zeromagazine.mx\\\/index.php\\\/2021\\\/08\\\/31\\\/fernando-noriega-de-que-le-pasa-a-mi-familia-suma-un-proyecto-mas-a-su-carrera-artistica\\\/\"},\"author\":{\"name\":\"zeromagazinemx\",\"@id\":\"https:\\\/\\\/zeromagazine.mx\\\/#\\\/schema\\\/person\\\/9aed9f33a7c39af3a348b86d723f7773\"},\"headline\":\"Fernando Noriega suma un proyecto mas a su carrera art\u00edstica\",\"datePublished\":\"2021-08-31T17:45:00+00:00\",\"mainEntityOfPage\":{\"@id\":\"https:\\\/\\\/zeromagazine.mx\\\/index.php\\\/2021\\\/08\\\/31\\\/fernando-noriega-de-que-le-pasa-a-mi-familia-suma-un-proyecto-mas-a-su-carrera-artistica\\\/\"},\"wordCount\":1062,\"commentCount\":1,\"publisher\":{\"@id\":\"https:\\\/\\\/zeromagazine.mx\\\/#organization\"},\"image\":{\"@id\":\"https:\\\/\\\/zeromagazine.mx\\\/index.php\\\/2021\\\/08\\\/31\\\/fernando-noriega-de-que-le-pasa-a-mi-familia-suma-un-proyecto-mas-a-su-carrera-artistica\\\/#primaryimage\"},\"thumbnailUrl\":\"\",\"keywords\":[\"\u00bfQu\u00e9 le pasa a mi familia?\",\"Bajo el mismo Cielo&quot;\",\"Crime\",\"El Chema\",\"El Se\u00f1or de los Cielos\",\"Fernando Noriega\",\"Morir en Martes\",\"The Caddy\",\"Where the Road Meets the Sun\"],\"articleSection\":[\"Entrevistas\",\"Portada\",\"Revista\"],\"inLanguage\":\"es\",\"potentialAction\":[{\"@type\":\"CommentAction\",\"name\":\"Comment\",\"target\":[\"https:\\\/\\\/zeromagazine.mx\\\/index.php\\\/2021\\\/08\\\/31\\\/fernando-noriega-de-que-le-pasa-a-mi-familia-suma-un-proyecto-mas-a-su-carrera-artistica\\\/#respond\"]}]},{\"@type\":\"WebPage\",\"@id\":\"https:\\\/\\\/zeromagazine.mx\\\/index.php\\\/2021\\\/08\\\/31\\\/fernando-noriega-de-que-le-pasa-a-mi-familia-suma-un-proyecto-mas-a-su-carrera-artistica\\\/\",\"url\":\"https:\\\/\\\/zeromagazine.mx\\\/index.php\\\/2021\\\/08\\\/31\\\/fernando-noriega-de-que-le-pasa-a-mi-familia-suma-un-proyecto-mas-a-su-carrera-artistica\\\/\",\"name\":\"Fernando Noriega suma un proyecto mas a su carrera art\u00edstica - Zero Magazine\",\"isPartOf\":{\"@id\":\"https:\\\/\\\/zeromagazine.mx\\\/#website\"},\"primaryImageOfPage\":{\"@id\":\"https:\\\/\\\/zeromagazine.mx\\\/index.php\\\/2021\\\/08\\\/31\\\/fernando-noriega-de-que-le-pasa-a-mi-familia-suma-un-proyecto-mas-a-su-carrera-artistica\\\/#primaryimage\"},\"image\":{\"@id\":\"https:\\\/\\\/zeromagazine.mx\\\/index.php\\\/2021\\\/08\\\/31\\\/fernando-noriega-de-que-le-pasa-a-mi-familia-suma-un-proyecto-mas-a-su-carrera-artistica\\\/#primaryimage\"},\"thumbnailUrl\":\"\",\"datePublished\":\"2021-08-31T17:45:00+00:00\",\"breadcrumb\":{\"@id\":\"https:\\\/\\\/zeromagazine.mx\\\/index.php\\\/2021\\\/08\\\/31\\\/fernando-noriega-de-que-le-pasa-a-mi-familia-suma-un-proyecto-mas-a-su-carrera-artistica\\\/#breadcrumb\"},\"inLanguage\":\"es\",\"potentialAction\":[{\"@type\":\"ReadAction\",\"target\":[\"https:\\\/\\\/zeromagazine.mx\\\/index.php\\\/2021\\\/08\\\/31\\\/fernando-noriega-de-que-le-pasa-a-mi-familia-suma-un-proyecto-mas-a-su-carrera-artistica\\\/\"]}]},{\"@type\":\"ImageObject\",\"inLanguage\":\"es\",\"@id\":\"https:\\\/\\\/zeromagazine.mx\\\/index.php\\\/2021\\\/08\\\/31\\\/fernando-noriega-de-que-le-pasa-a-mi-familia-suma-un-proyecto-mas-a-su-carrera-artistica\\\/#primaryimage\",\"url\":\"\",\"contentUrl\":\"\"},{\"@type\":\"BreadcrumbList\",\"@id\":\"https:\\\/\\\/zeromagazine.mx\\\/index.php\\\/2021\\\/08\\\/31\\\/fernando-noriega-de-que-le-pasa-a-mi-familia-suma-un-proyecto-mas-a-su-carrera-artistica\\\/#breadcrumb\",\"itemListElement\":[{\"@type\":\"ListItem\",\"position\":1,\"name\":\"Portada\",\"item\":\"https:\\\/\\\/zeromagazine.mx\\\/\"},{\"@type\":\"ListItem\",\"position\":2,\"name\":\"Fernando Noriega suma un proyecto mas a su carrera art\u00edstica\"}]},{\"@type\":\"WebSite\",\"@id\":\"https:\\\/\\\/zeromagazine.mx\\\/#website\",\"url\":\"https:\\\/\\\/zeromagazine.mx\\\/\",\"name\":\"Zero Magazine\",\"description\":\"\",\"publisher\":{\"@id\":\"https:\\\/\\\/zeromagazine.mx\\\/#organization\"},\"potentialAction\":[{\"@type\":\"SearchAction\",\"target\":{\"@type\":\"EntryPoint\",\"urlTemplate\":\"https:\\\/\\\/zeromagazine.mx\\\/?s={search_term_string}\"},\"query-input\":{\"@type\":\"PropertyValueSpecification\",\"valueRequired\":true,\"valueName\":\"search_term_string\"}}],\"inLanguage\":\"es\"},{\"@type\":\"Organization\",\"@id\":\"https:\\\/\\\/zeromagazine.mx\\\/#organization\",\"name\":\"Zero Magazine\",\"url\":\"https:\\\/\\\/zeromagazine.mx\\\/\",\"logo\":{\"@type\":\"ImageObject\",\"inLanguage\":\"es\",\"@id\":\"https:\\\/\\\/zeromagazine.mx\\\/#\\\/schema\\\/logo\\\/image\\\/\",\"url\":\"https:\\\/\\\/i0.wp.com\\\/zeromagazine.mx\\\/wp-content\\\/uploads\\\/2025\\\/11\\\/1.jpeg?fit=1000%2C1000&ssl=1\",\"contentUrl\":\"https:\\\/\\\/i0.wp.com\\\/zeromagazine.mx\\\/wp-content\\\/uploads\\\/2025\\\/11\\\/1.jpeg?fit=1000%2C1000&ssl=1\",\"width\":1000,\"height\":1000,\"caption\":\"Zero Magazine\"},\"image\":{\"@id\":\"https:\\\/\\\/zeromagazine.mx\\\/#\\\/schema\\\/logo\\\/image\\\/\"},\"sameAs\":[\"https:\\\/\\\/instagram.com\\\/zeromagazinemx\"]},{\"@type\":\"Person\",\"@id\":\"https:\\\/\\\/zeromagazine.mx\\\/#\\\/schema\\\/person\\\/9aed9f33a7c39af3a348b86d723f7773\",\"name\":\"zeromagazinemx\",\"image\":{\"@type\":\"ImageObject\",\"inLanguage\":\"es\",\"@id\":\"https:\\\/\\\/zeromagazine.mx\\\/wp-content\\\/litespeed\\\/avatar\\\/f91dfe5410d5dcb1a576bf8c45983896.jpg?ver=1777571230\",\"url\":\"https:\\\/\\\/zeromagazine.mx\\\/wp-content\\\/litespeed\\\/avatar\\\/f91dfe5410d5dcb1a576bf8c45983896.jpg?ver=1777571230\",\"contentUrl\":\"https:\\\/\\\/zeromagazine.mx\\\/wp-content\\\/litespeed\\\/avatar\\\/f91dfe5410d5dcb1a576bf8c45983896.jpg?ver=1777571230\",\"caption\":\"zeromagazinemx\"},\"url\":\"https:\\\/\\\/zeromagazine.mx\\\/index.php\\\/author\\\/zeromagazinemx\\\/\"}]}<\/script>\n<!-- \/ Yoast SEO plugin. -->","yoast_head_json":{"title":"Fernando Noriega suma un proyecto mas a su carrera art\u00edstica - Zero Magazine","robots":{"index":"index","follow":"follow","max-snippet":"max-snippet:-1","max-image-preview":"max-image-preview:large","max-video-preview":"max-video-preview:-1"},"canonical":"https:\/\/zeromagazine.mx\/index.php\/2021\/08\/31\/fernando-noriega-de-que-le-pasa-a-mi-familia-suma-un-proyecto-mas-a-su-carrera-artistica\/","og_locale":"es_ES","og_type":"article","og_title":"Fernando Noriega suma un proyecto mas a su carrera art\u00edstica - Zero Magazine","og_description":"Fernando Noriega es un reconocido actor Mexicano de cine, teatro y televisi\u00f3n, lo recordamos por los incre\u00edbles proyectos en los que ha participado como \u00abMorir en Martes\u00ab, \u00abBajo el mismo Cielo\u00ab, \u00abEl se\u00f1or de los Cielos\u00ab, \u00abEl Chema\u00bb y recientemente le vimos darle vida a Mariano Rueda en \u00ab\u00bfQu\u00e9 le Pasa a mi Familia?\u00bb De [&hellip;]","og_url":"https:\/\/zeromagazine.mx\/index.php\/2021\/08\/31\/fernando-noriega-de-que-le-pasa-a-mi-familia-suma-un-proyecto-mas-a-su-carrera-artistica\/","og_site_name":"Zero Magazine","article_published_time":"2021-08-31T17:45:00+00:00","author":"zeromagazinemx","twitter_card":"summary_large_image","twitter_misc":{"Escrito por":"zeromagazinemx","Tiempo de lectura":"5 minutos"},"schema":{"@context":"https:\/\/schema.org","@graph":[{"@type":"Article","@id":"https:\/\/zeromagazine.mx\/index.php\/2021\/08\/31\/fernando-noriega-de-que-le-pasa-a-mi-familia-suma-un-proyecto-mas-a-su-carrera-artistica\/#article","isPartOf":{"@id":"https:\/\/zeromagazine.mx\/index.php\/2021\/08\/31\/fernando-noriega-de-que-le-pasa-a-mi-familia-suma-un-proyecto-mas-a-su-carrera-artistica\/"},"author":{"name":"zeromagazinemx","@id":"https:\/\/zeromagazine.mx\/#\/schema\/person\/9aed9f33a7c39af3a348b86d723f7773"},"headline":"Fernando Noriega suma un proyecto mas a su carrera art\u00edstica","datePublished":"2021-08-31T17:45:00+00:00","mainEntityOfPage":{"@id":"https:\/\/zeromagazine.mx\/index.php\/2021\/08\/31\/fernando-noriega-de-que-le-pasa-a-mi-familia-suma-un-proyecto-mas-a-su-carrera-artistica\/"},"wordCount":1062,"commentCount":1,"publisher":{"@id":"https:\/\/zeromagazine.mx\/#organization"},"image":{"@id":"https:\/\/zeromagazine.mx\/index.php\/2021\/08\/31\/fernando-noriega-de-que-le-pasa-a-mi-familia-suma-un-proyecto-mas-a-su-carrera-artistica\/#primaryimage"},"thumbnailUrl":"","keywords":["\u00bfQu\u00e9 le pasa a mi familia?","Bajo el mismo Cielo&quot;","Crime","El Chema","El Se\u00f1or de los Cielos","Fernando Noriega","Morir en Martes","The Caddy","Where the Road Meets the Sun"],"articleSection":["Entrevistas","Portada","Revista"],"inLanguage":"es","potentialAction":[{"@type":"CommentAction","name":"Comment","target":["https:\/\/zeromagazine.mx\/index.php\/2021\/08\/31\/fernando-noriega-de-que-le-pasa-a-mi-familia-suma-un-proyecto-mas-a-su-carrera-artistica\/#respond"]}]},{"@type":"WebPage","@id":"https:\/\/zeromagazine.mx\/index.php\/2021\/08\/31\/fernando-noriega-de-que-le-pasa-a-mi-familia-suma-un-proyecto-mas-a-su-carrera-artistica\/","url":"https:\/\/zeromagazine.mx\/index.php\/2021\/08\/31\/fernando-noriega-de-que-le-pasa-a-mi-familia-suma-un-proyecto-mas-a-su-carrera-artistica\/","name":"Fernando Noriega suma un proyecto mas a su carrera art\u00edstica - Zero Magazine","isPartOf":{"@id":"https:\/\/zeromagazine.mx\/#website"},"primaryImageOfPage":{"@id":"https:\/\/zeromagazine.mx\/index.php\/2021\/08\/31\/fernando-noriega-de-que-le-pasa-a-mi-familia-suma-un-proyecto-mas-a-su-carrera-artistica\/#primaryimage"},"image":{"@id":"https:\/\/zeromagazine.mx\/index.php\/2021\/08\/31\/fernando-noriega-de-que-le-pasa-a-mi-familia-suma-un-proyecto-mas-a-su-carrera-artistica\/#primaryimage"},"thumbnailUrl":"","datePublished":"2021-08-31T17:45:00+00:00","breadcrumb":{"@id":"https:\/\/zeromagazine.mx\/index.php\/2021\/08\/31\/fernando-noriega-de-que-le-pasa-a-mi-familia-suma-un-proyecto-mas-a-su-carrera-artistica\/#breadcrumb"},"inLanguage":"es","potentialAction":[{"@type":"ReadAction","target":["https:\/\/zeromagazine.mx\/index.php\/2021\/08\/31\/fernando-noriega-de-que-le-pasa-a-mi-familia-suma-un-proyecto-mas-a-su-carrera-artistica\/"]}]},{"@type":"ImageObject","inLanguage":"es","@id":"https:\/\/zeromagazine.mx\/index.php\/2021\/08\/31\/fernando-noriega-de-que-le-pasa-a-mi-familia-suma-un-proyecto-mas-a-su-carrera-artistica\/#primaryimage","url":"","contentUrl":""},{"@type":"BreadcrumbList","@id":"https:\/\/zeromagazine.mx\/index.php\/2021\/08\/31\/fernando-noriega-de-que-le-pasa-a-mi-familia-suma-un-proyecto-mas-a-su-carrera-artistica\/#breadcrumb","itemListElement":[{"@type":"ListItem","position":1,"name":"Portada","item":"https:\/\/zeromagazine.mx\/"},{"@type":"ListItem","position":2,"name":"Fernando Noriega suma un proyecto mas a su carrera art\u00edstica"}]},{"@type":"WebSite","@id":"https:\/\/zeromagazine.mx\/#website","url":"https:\/\/zeromagazine.mx\/","name":"Zero Magazine","description":"","publisher":{"@id":"https:\/\/zeromagazine.mx\/#organization"},"potentialAction":[{"@type":"SearchAction","target":{"@type":"EntryPoint","urlTemplate":"https:\/\/zeromagazine.mx\/?s={search_term_string}"},"query-input":{"@type":"PropertyValueSpecification","valueRequired":true,"valueName":"search_term_string"}}],"inLanguage":"es"},{"@type":"Organization","@id":"https:\/\/zeromagazine.mx\/#organization","name":"Zero Magazine","url":"https:\/\/zeromagazine.mx\/","logo":{"@type":"ImageObject","inLanguage":"es","@id":"https:\/\/zeromagazine.mx\/#\/schema\/logo\/image\/","url":"https:\/\/i0.wp.com\/zeromagazine.mx\/wp-content\/uploads\/2025\/11\/1.jpeg?fit=1000%2C1000&ssl=1","contentUrl":"https:\/\/i0.wp.com\/zeromagazine.mx\/wp-content\/uploads\/2025\/11\/1.jpeg?fit=1000%2C1000&ssl=1","width":1000,"height":1000,"caption":"Zero Magazine"},"image":{"@id":"https:\/\/zeromagazine.mx\/#\/schema\/logo\/image\/"},"sameAs":["https:\/\/instagram.com\/zeromagazinemx"]},{"@type":"Person","@id":"https:\/\/zeromagazine.mx\/#\/schema\/person\/9aed9f33a7c39af3a348b86d723f7773","name":"zeromagazinemx","image":{"@type":"ImageObject","inLanguage":"es","@id":"https:\/\/zeromagazine.mx\/wp-content\/litespeed\/avatar\/f91dfe5410d5dcb1a576bf8c45983896.jpg?ver=1777571230","url":"https:\/\/zeromagazine.mx\/wp-content\/litespeed\/avatar\/f91dfe5410d5dcb1a576bf8c45983896.jpg?ver=1777571230","contentUrl":"https:\/\/zeromagazine.mx\/wp-content\/litespeed\/avatar\/f91dfe5410d5dcb1a576bf8c45983896.jpg?ver=1777571230","caption":"zeromagazinemx"},"url":"https:\/\/zeromagazine.mx\/index.php\/author\/zeromagazinemx\/"}]}},"jetpack_publicize_connections":[],"jetpack_featured_media_url":"","jetpack-related-posts":[{"id":85136,"url":"https:\/\/zeromagazine.mx\/index.php\/2024\/10\/03\/casa-ronald-cortometraje-de-esperanza\/","url_meta":{"origin":53204,"position":0},"title":"\u00abCasa Ronald: Cortometraje de Esperanza\u00bb","author":"zeromagazinemx","date":"3 de octubre de 2024","format":false,"excerpt":"\u00a1Ey, chic@s! Esta semana les traigo una historia s\u00faper especial que nos toca el coraz\u00f3n de una forma muy real. Se trata del lanzamiento de \"Familia de Familias\", un cortometraje de La Casa Ronald McDonald, esa organizaci\u00f3n que siempre est\u00e1 ah\u00ed para apoyar a ni\u00f1os y familias que atraviesan momentos\u2026","rel":"","context":"En \u00abCultura\u00bb","block_context":{"text":"Cultura","link":"https:\/\/zeromagazine.mx\/index.php\/category\/cultura\/"},"img":{"alt_text":" 'Familia de Familias', un conmovedor cortometraje de Casa Ronald McDonald que retrata las luchas y esperanzas de las familias en momentos dif\u00edciles. Esta pieza \u00fanica, creada por Grey Argentina, muestra c\u00f3mo la organizaci\u00f3n brinda apoyo emocional y un sentido de comunidad a m\u00e1s de 363,000 ni\u00f1os y sus seres queridos en todo el pa\u00eds.","src":"https:\/\/i0.wp.com\/zeromagazine.mx\/wp-content\/uploads\/2024\/10\/image-4.png?resize=350%2C200","width":350,"height":200},"classes":[]},{"id":76478,"url":"https:\/\/zeromagazine.mx\/index.php\/2024\/05\/24\/paola-villalobos-transformando-su-carrera\/","url_meta":{"origin":53204,"position":1},"title":"Paola Villalobos: Transformando su Carrera","author":"zeromagazinemx","date":"24 de mayo de 2024","format":false,"excerpt":"En esta ocasi\u00f3n tuvimos el honor de conocer platicar con la guap\u00edsima Paola Villalobos sobre los proyectos en puerta y su participaci\u00f3n en su m\u00e1s reciente trabajo en la temporada 9 de El se\u00f1or de los cielos. - \u00bfCu\u00e1les son tus proyectos nuevos que vas a tener? - Bueno ahorita,\u2026","rel":"","context":"En \u00abEntretenimiento\u00bb","block_context":{"text":"Entretenimiento","link":"https:\/\/zeromagazine.mx\/index.php\/category\/entretenimiento\/"},"img":{"alt_text":"","src":"https:\/\/i0.wp.com\/zeromagazine.mx\/wp-content\/uploads\/2024\/05\/image00063.jpg?fit=900%2C1200&ssl=1&resize=350%2C200","width":350,"height":200,"srcset":"https:\/\/i0.wp.com\/zeromagazine.mx\/wp-content\/uploads\/2024\/05\/image00063.jpg?fit=900%2C1200&ssl=1&resize=350%2C200 1x, https:\/\/i0.wp.com\/zeromagazine.mx\/wp-content\/uploads\/2024\/05\/image00063.jpg?fit=900%2C1200&ssl=1&resize=525%2C300 1.5x, https:\/\/i0.wp.com\/zeromagazine.mx\/wp-content\/uploads\/2024\/05\/image00063.jpg?fit=900%2C1200&ssl=1&resize=700%2C400 2x"},"classes":[]},{"id":50415,"url":"https:\/\/zeromagazine.mx\/index.php\/2021\/07\/19\/entrevista-a-vanessa-bauche-de-guerra-de-vecinos\/","url_meta":{"origin":53204,"position":2},"title":"Entrevista a Vanessa Bauche de \u00abGuerra de Vecinos\u00bb","author":"zeromagazinemx","date":"19 de julio de 2021","format":false,"excerpt":"Vanessa Bauche protagoniza Guerra de Vecinos en Netflix donde le da vida a Leonor, Esta es una comedia delirante sobre el amor familiar y la lucha entre Leonor y Silvia, dos mujeres diametralmente opuestas quienes creen saber lo que es mejor para sus familias, Guerra de Vecinos se estren\u00f3 el\u2026","rel":"","context":"En \u00abEntretenimiento\u00bb","block_context":{"text":"Entretenimiento","link":"https:\/\/zeromagazine.mx\/index.php\/category\/entretenimiento\/"},"img":{"alt_text":"","src":"","width":0,"height":0},"classes":[]},{"id":53152,"url":"https:\/\/zeromagazine.mx\/index.php\/2021\/08\/29\/entrevista-a-polo-monarrez\/","url_meta":{"origin":53204,"position":3},"title":"Entrevista a Polo Mon\u00e1rrez","author":"zeromagazinemx","date":"29 de agosto de 2021","format":false,"excerpt":"Polo es originario de Chihuahua, se ha desarrollado como actor y conductor de televisi\u00f3n cuya formaci\u00f3n actoral la inici\u00f3 en el Centro de Educaci\u00f3n Art\u00edstica, Eugenio Cobo, de Televisa; nos platica sobre su carrera y en los pr\u00f3ximos proyectos donde lo podremos ver pr\u00f3ximamente.\u00a0 Por Pepe P\u00e9rez \u00bfC\u00f3mo supiste que\u2026","rel":"","context":"En \u00abEntretenimiento\u00bb","block_context":{"text":"Entretenimiento","link":"https:\/\/zeromagazine.mx\/index.php\/category\/entretenimiento\/"},"img":{"alt_text":"","src":"","width":0,"height":0},"classes":[]},{"id":52925,"url":"https:\/\/zeromagazine.mx\/index.php\/2021\/08\/27\/gala-montes-una-gran-mujer-detras-de-sus-personajes-mas-sobresalientes-de-la-television-mexicana\/","url_meta":{"origin":53204,"position":4},"title":"Gala Montes una gran mujer detr\u00e1s de sus personajes m\u00e1s sobresalientes de la Televisi\u00f3n Mexicana.","author":"zeromagazinemx","date":"27 de agosto de 2021","format":false,"excerpt":"Ella es Gala Montes, actriz y cantante mexicana,\u00a0 su trayectoria comenz\u00f3 a los 6 a\u00f1os cuando particip\u00f3 en el Sitcom \u201cLa Ni\u00f1era\u201d versi\u00f3n mexicana, despu\u00e9s de esto sigui\u00f3 actuando en cortometrajes, teatro, pel\u00edculas, anuncios y comerciales. Su exitosa carrera sigui\u00f3 tras su participaci\u00f3n en excelentes proyectos como la telenovela \u201cEn\u2026","rel":"","context":"En \u00abEntrevistas\u00bb","block_context":{"text":"Entrevistas","link":"https:\/\/zeromagazine.mx\/index.php\/category\/entretenimiento\/entrevistas\/"},"img":{"alt_text":"","src":"","width":0,"height":0},"classes":[]},{"id":76748,"url":"https:\/\/zeromagazine.mx\/index.php\/2024\/05\/31\/the-selfie-experience-icons-un-tributo-a-david-lachapelle\/","url_meta":{"origin":53204,"position":5},"title":"The Selfie Experience ICONS: Un Tributo a David LaChapelle","author":"zeromagazinemx","date":"31 de mayo de 2024","format":false,"excerpt":"Imagina esto: est\u00e1s frente a una presentaci\u00f3n inmersiva que rinde homenaje a uno de los iconos del arte contempor\u00e1neo, David LaChapelle. S\u00ed, esa mente maestra detr\u00e1s de im\u00e1genes que desaf\u00edan la l\u00f3gica y nos transportan a mundos alternos. Pero, antes de que te emociones demasiado, hay algo que debes saber.\u2026","rel":"","context":"En \u00abEntretenimiento\u00bb","block_context":{"text":"Entretenimiento","link":"https:\/\/zeromagazine.mx\/index.php\/category\/entretenimiento\/"},"img":{"alt_text":"","src":"https:\/\/i0.wp.com\/zeromagazine.mx\/wp-content\/uploads\/2024\/05\/ICONS-David-LaChapelle-15-scaled.jpg?fit=1200%2C800&ssl=1&resize=350%2C200","width":350,"height":200,"srcset":"https:\/\/i0.wp.com\/zeromagazine.mx\/wp-content\/uploads\/2024\/05\/ICONS-David-LaChapelle-15-scaled.jpg?fit=1200%2C800&ssl=1&resize=350%2C200 1x, https:\/\/i0.wp.com\/zeromagazine.mx\/wp-content\/uploads\/2024\/05\/ICONS-David-LaChapelle-15-scaled.jpg?fit=1200%2C800&ssl=1&resize=525%2C300 1.5x, https:\/\/i0.wp.com\/zeromagazine.mx\/wp-content\/uploads\/2024\/05\/ICONS-David-LaChapelle-15-scaled.jpg?fit=1200%2C800&ssl=1&resize=700%2C400 2x, https:\/\/i0.wp.com\/zeromagazine.mx\/wp-content\/uploads\/2024\/05\/ICONS-David-LaChapelle-15-scaled.jpg?fit=1200%2C800&ssl=1&resize=1050%2C600 3x"},"classes":[]}],"jetpack_sharing_enabled":true,"builder_content":"","_links":{"self":[{"href":"https:\/\/zeromagazine.mx\/index.php\/wp-json\/wp\/v2\/posts\/53204","targetHints":{"allow":["GET"]}}],"collection":[{"href":"https:\/\/zeromagazine.mx\/index.php\/wp-json\/wp\/v2\/posts"}],"about":[{"href":"https:\/\/zeromagazine.mx\/index.php\/wp-json\/wp\/v2\/types\/post"}],"author":[{"embeddable":true,"href":"https:\/\/zeromagazine.mx\/index.php\/wp-json\/wp\/v2\/users\/2"}],"replies":[{"embeddable":true,"href":"https:\/\/zeromagazine.mx\/index.php\/wp-json\/wp\/v2\/comments?post=53204"}],"version-history":[{"count":0,"href":"https:\/\/zeromagazine.mx\/index.php\/wp-json\/wp\/v2\/posts\/53204\/revisions"}],"wp:featuredmedia":[{"embeddable":true,"href":"https:\/\/zeromagazine.mx\/index.php\/wp-json\/"}],"wp:attachment":[{"href":"https:\/\/zeromagazine.mx\/index.php\/wp-json\/wp\/v2\/media?parent=53204"}],"wp:term":[{"taxonomy":"category","embeddable":true,"href":"https:\/\/zeromagazine.mx\/index.php\/wp-json\/wp\/v2\/categories?post=53204"},{"taxonomy":"post_tag","embeddable":true,"href":"https:\/\/zeromagazine.mx\/index.php\/wp-json\/wp\/v2\/tags?post=53204"}],"curies":[{"name":"wp","href":"https:\/\/api.w.org\/{rel}","templated":true}]}}