{"id":53221,"date":"2021-08-31T15:30:00","date_gmt":"2021-08-31T20:30:00","guid":{"rendered":"https:\/\/atomic-temporary-84115225.wpcomstaging.com\/?p=53221"},"modified":"2021-08-31T15:30:00","modified_gmt":"2021-08-31T20:30:00","slug":"star-llego-a-latinoamerica","status":"publish","type":"post","link":"https:\/\/zeromagazine.mx\/index.php\/2021\/08\/31\/star-llego-a-latinoamerica\/","title":{"rendered":"Star + lleg\u00f3 a Latinoam\u00e9rica"},"content":{"rendered":"\n<p>El nuevo servicio de <strong>streaming<\/strong> contar\u00e1 con contenido para el p\u00fablico adulto, con una gran variedad de contenido, desde deportes hasta documentales.<\/p>\n\n\n\n<figure class=\"wp-block-image size-full\"><a href=\"https:\/\/i0.wp.com\/zeromagazinemx.wpcomstaging.com\/wp-content\/uploads\/2022\/02\/a8390-pexels-photo-5082566.jpeg?ssl=1\"><img data-recalc-dims=\"1\" decoding=\"async\" src=\"https:\/\/i0.wp.com\/zeromagazinemx.wpcomstaging.com\/wp-content\/uploads\/2022\/02\/a8390-pexels-photo-5082566.jpeg?w=1165&#038;ssl=1\" alt=\"netflix on an imac\" class=\"wp-image-53224\" \/><\/a><figcaption>Photo by cottonbro on <a href=\"https:\/\/www.pexels.com\/photo\/netflix-on-an-imac-5082566\/\" rel=\"nofollow\">Pexels.com<\/a><\/figcaption><\/figure>\n\n\n\n<div class=\"wp-block-buttons is-layout-flex wp-block-buttons-is-layout-flex\">\n<div class=\"wp-block-button is-style-outline is-style-outline--1\"><a class=\"wp-block-button__link\">Por Moises Kushelevich<\/a><\/div>\n<\/div>\n\n\n\n<p><strong>Star+<\/strong> es el nuevo servicio de <strong>streaming<\/strong> para el p\u00fablico adulto y los amantes del deporte que ofrece todo el contenido de <strong>ESPN<\/strong> y de entretenimiento general con series, comedias animadas, pel\u00edculas, documentales, producciones originales <strong>Star+<\/strong>, regionales e internacionales, incluyendo contenido exclusivo, as\u00ed como una amplia propuesta de pel\u00edculas de cine con estreno primero en<strong> Star+<\/strong>. Con estrenos garantizados todos los mi\u00e9rcoles y viernes, tambi\u00e9n presenta estrenos especiales en diferentes d\u00edas de la semana.<\/p>\n\n\n\n<p>Podr\u00e1s disfrutar de <strong>Only Murders in the Building<\/strong>, que estrenar\u00e1 un episodio Nuevo todos los martes y est\u00e1 protagonizada por <strong>Steve Mart\u00edn<\/strong>, <strong>Martin Short <\/strong>y <strong>Selena Gomez<\/strong>. Tambi\u00e9n podr\u00e1s disfrutar de la primera temporada de <strong>Love Victor<\/strong>.<\/p>\n\n\n\n<figure class=\"wp-block-image size-full\"><a href=\"https:\/\/i0.wp.com\/zeromagazinemx.wpcomstaging.com\/wp-content\/uploads\/2022\/02\/448e5-pexels-photo-4968506-1.jpeg?ssl=1\"><img data-recalc-dims=\"1\" decoding=\"async\" src=\"https:\/\/i0.wp.com\/zeromagazinemx.wpcomstaging.com\/wp-content\/uploads\/2022\/02\/448e5-pexels-photo-4968506-1.jpeg?w=1165&#038;ssl=1\" alt=\"little girl holding a tablet\" class=\"wp-image-53225\" \/><\/a><figcaption>Photo by Karolina Grabowska on <a href=\"https:\/\/www.pexels.com\/photo\/little-girl-holding-a-tablet-4968506\/\" rel=\"nofollow\">Pexels.com<\/a><\/figcaption><\/figure>\n\n\n\n\n\n<p>\u00bfQu\u00e9 m\u00e1s podr\u00e1s disfrutar en <strong>Star+<\/strong>?<\/p>\n\n\n\n<p>1.- Terapia Alternativa que se estrena el 24 de septiembre.<\/p>\n\n\n\n<p>2.- No fue mi culpa M\u00e9xico, una serie protagonizada por <strong>Dami\u00e1n Alcazar<\/strong>, <strong>Paulina Gait\u00e1n<\/strong>, <strong>Giovanna Utrilla,<\/strong> <strong>Gonzalo Vega Jr<\/strong>., <strong>Ra\u00fal M\u00e9ndez<\/strong> y <strong>Vicky Araico<\/strong>, no te la pierdas este 17 de septiembre.<\/p>\n\n\n\n<p>3.- Los <strong>Simpson<\/strong> llegaron a <strong>Star+ <\/strong>con 32 temporadas&nbsp;<\/p>\n\n\n\n<p>Tambi\u00e9n puedes disfrutar de pel\u00edculas ya disponibles como <strong>Nomaland<\/strong>,&nbsp; ganadora del premio Oscar a Mejor Pel\u00edcula, <strong>Judy<\/strong> protagonizada por <strong>Renee Zellweger<\/strong> y <strong>Amigos de Vacaciones<\/strong>.<\/p>\n\n\n\n<p>Las series no faltar\u00e1n ya que podr\u00e1s ver<strong> The Walking Dead<\/strong>, <strong>American Horror Story<\/strong>, <strong>Big Sky<\/strong>, <strong>Genius: Aretha<\/strong>, y: <strong>The Lastman<\/strong>, <strong>A Teacher<\/strong>.<\/p>\n\n\n\n<p>Y eso no es todo, ya que podr\u00e1s disfrutar de <strong>Combo+<\/strong>, que es la competitiva oferta comercial permanente que pondr\u00e1 a disposici\u00f3n la suscripci\u00f3n a <strong>Star+<\/strong> y <strong>Disney+<\/strong><\/p>\n\n\n\n\n\n\n\n<p><\/p>\n<!--themify_builder_content-->\n<div id=\"themify_builder_content-53221\" data-postid=\"53221\" class=\"themify_builder_content themify_builder_content-53221 themify_builder tf_clear\">\n    <\/div>\n<!--\/themify_builder_content-->\n","protected":false},"excerpt":{"rendered":"<p>El nuevo servicio de streaming contar\u00e1 con contenido para el p\u00fablico adulto, con una gran variedad de contenido, desde deportes hasta documentales. Star+ es el nuevo servicio de streaming para el p\u00fablico adulto y los amantes del deporte que ofrece todo el contenido de ESPN y de entretenimiento general con series, comedias animadas, pel\u00edculas, documentales, [&hellip;]<\/p>\n","protected":false},"author":2,"featured_media":53186,"comment_status":"open","ping_status":"open","sticky":false,"template":"","format":"standard","meta":{"_jetpack_memberships_contains_paid_content":false,"footnotes":"","jetpack_publicize_message":"Star + lleg\u00f3 a Latinoam\u00e9rica, descubre mas de los contenidos que podr\u00e1s disfrutar Aqu\u00ed. ","jetpack_publicize_feature_enabled":true,"jetpack_social_post_already_shared":true,"jetpack_social_options":{"image_generator_settings":{"template":"highway","default_image_id":0,"font":"","enabled":false},"version":2}},"categories":[109,117],"tags":[4392,4393,4394,4395,4379,4336,3261,4396,4337,4338,4397,4398,4399,4400,4340,4341,4401,4402,4403,1331,4404,4405,805],"class_list":["post-53221","post","type-post","status-publish","format-standard","has-post-thumbnail","hentry","category-cine","category-entretenimiento","tag-a-teacher","tag-american-horror-story","tag-amigos-de-vacaciones","tag-big-sky","tag-combo","tag-damian-alcazar","tag-espn","tag-genius-aretha","tag-giovanna-utrilla","tag-gonzalo-vega-jr","tag-love-victor","tag-martin-short-y-selena-gomez","tag-nomaland","tag-only-murders-in-the-building","tag-paulina-gaitan","tag-raul-mendez","tag-renee-zellweger","tag-simpson","tag-steve-martin","tag-streaming","tag-the-lastman","tag-the-walking-dead","tag-vicky-araico","has-post-title","has-post-date","has-post-category","has-post-tag","has-post-comment","has-post-author",""],"yoast_head":"<!-- This site is optimized with the Yoast SEO plugin v27.5 - https:\/\/yoast.com\/product\/yoast-seo-wordpress\/ -->\n<title>Star + lleg\u00f3 a Latinoam\u00e9rica - Zero Magazine<\/title>\n<meta name=\"robots\" content=\"index, follow, max-snippet:-1, max-image-preview:large, max-video-preview:-1\" \/>\n<link rel=\"canonical\" href=\"https:\/\/zeromagazine.mx\/index.php\/2021\/08\/31\/star-llego-a-latinoamerica\/\" \/>\n<meta property=\"og:locale\" content=\"es_ES\" \/>\n<meta property=\"og:type\" content=\"article\" \/>\n<meta property=\"og:title\" content=\"Star + lleg\u00f3 a Latinoam\u00e9rica - Zero Magazine\" \/>\n<meta property=\"og:description\" content=\"El nuevo servicio de streaming contar\u00e1 con contenido para el p\u00fablico adulto, con una gran variedad de contenido, desde deportes hasta documentales. Star+ es el nuevo servicio de streaming para el p\u00fablico adulto y los amantes del deporte que ofrece todo el contenido de ESPN y de entretenimiento general con series, comedias animadas, pel\u00edculas, documentales, [&hellip;]\" \/>\n<meta property=\"og:url\" content=\"https:\/\/zeromagazine.mx\/index.php\/2021\/08\/31\/star-llego-a-latinoamerica\/\" \/>\n<meta property=\"og:site_name\" content=\"Zero Magazine\" \/>\n<meta property=\"article:published_time\" content=\"2021-08-31T20:30:00+00:00\" \/>\n<meta name=\"author\" content=\"zeromagazinemx\" \/>\n<meta name=\"twitter:card\" content=\"summary_large_image\" \/>\n<meta name=\"twitter:label1\" content=\"Escrito por\" \/>\n\t<meta name=\"twitter:data1\" content=\"zeromagazinemx\" \/>\n\t<meta name=\"twitter:label2\" content=\"Tiempo de lectura\" \/>\n\t<meta name=\"twitter:data2\" content=\"2 minutos\" \/>\n<script type=\"application\/ld+json\" class=\"yoast-schema-graph\">{\"@context\":\"https:\\\/\\\/schema.org\",\"@graph\":[{\"@type\":\"Article\",\"@id\":\"https:\\\/\\\/zeromagazine.mx\\\/index.php\\\/2021\\\/08\\\/31\\\/star-llego-a-latinoamerica\\\/#article\",\"isPartOf\":{\"@id\":\"https:\\\/\\\/zeromagazine.mx\\\/index.php\\\/2021\\\/08\\\/31\\\/star-llego-a-latinoamerica\\\/\"},\"author\":{\"name\":\"zeromagazinemx\",\"@id\":\"https:\\\/\\\/zeromagazine.mx\\\/#\\\/schema\\\/person\\\/9aed9f33a7c39af3a348b86d723f7773\"},\"headline\":\"Star + lleg\u00f3 a Latinoam\u00e9rica\",\"datePublished\":\"2021-08-31T20:30:00+00:00\",\"mainEntityOfPage\":{\"@id\":\"https:\\\/\\\/zeromagazine.mx\\\/index.php\\\/2021\\\/08\\\/31\\\/star-llego-a-latinoamerica\\\/\"},\"wordCount\":312,\"commentCount\":0,\"publisher\":{\"@id\":\"https:\\\/\\\/zeromagazine.mx\\\/#organization\"},\"image\":{\"@id\":\"https:\\\/\\\/zeromagazine.mx\\\/index.php\\\/2021\\\/08\\\/31\\\/star-llego-a-latinoamerica\\\/#primaryimage\"},\"thumbnailUrl\":\"\",\"keywords\":[\"A Teacher\",\"American Horror Story\",\"Amigos de Vacaciones\",\"Big Sky\",\"Combo+\",\"Dami\u00e1n Alc\u00e1zar\",\"ESPN\",\"Genius: Aretha\",\"Giovanna Utrilla\",\"Gonzalo Vega Jr\",\"Love Victor\",\"Martin Short y Selena Gomez\",\"Nomaland\",\"Only Murders in the Building\",\"Paulina Gait\u00e1n\",\"Ra\u00fal M\u00e9ndez\",\"Renee Zellweger\",\"Simpson\",\"Steve Mart\u00edn\",\"streaming\",\"The Lastman\",\"the walking dead\",\"Vicky Araico\"],\"articleSection\":[\"Cine\",\"Entretenimiento\"],\"inLanguage\":\"es\",\"potentialAction\":[{\"@type\":\"CommentAction\",\"name\":\"Comment\",\"target\":[\"https:\\\/\\\/zeromagazine.mx\\\/index.php\\\/2021\\\/08\\\/31\\\/star-llego-a-latinoamerica\\\/#respond\"]}]},{\"@type\":\"WebPage\",\"@id\":\"https:\\\/\\\/zeromagazine.mx\\\/index.php\\\/2021\\\/08\\\/31\\\/star-llego-a-latinoamerica\\\/\",\"url\":\"https:\\\/\\\/zeromagazine.mx\\\/index.php\\\/2021\\\/08\\\/31\\\/star-llego-a-latinoamerica\\\/\",\"name\":\"Star + lleg\u00f3 a Latinoam\u00e9rica - Zero Magazine\",\"isPartOf\":{\"@id\":\"https:\\\/\\\/zeromagazine.mx\\\/#website\"},\"primaryImageOfPage\":{\"@id\":\"https:\\\/\\\/zeromagazine.mx\\\/index.php\\\/2021\\\/08\\\/31\\\/star-llego-a-latinoamerica\\\/#primaryimage\"},\"image\":{\"@id\":\"https:\\\/\\\/zeromagazine.mx\\\/index.php\\\/2021\\\/08\\\/31\\\/star-llego-a-latinoamerica\\\/#primaryimage\"},\"thumbnailUrl\":\"\",\"datePublished\":\"2021-08-31T20:30:00+00:00\",\"breadcrumb\":{\"@id\":\"https:\\\/\\\/zeromagazine.mx\\\/index.php\\\/2021\\\/08\\\/31\\\/star-llego-a-latinoamerica\\\/#breadcrumb\"},\"inLanguage\":\"es\",\"potentialAction\":[{\"@type\":\"ReadAction\",\"target\":[\"https:\\\/\\\/zeromagazine.mx\\\/index.php\\\/2021\\\/08\\\/31\\\/star-llego-a-latinoamerica\\\/\"]}]},{\"@type\":\"ImageObject\",\"inLanguage\":\"es\",\"@id\":\"https:\\\/\\\/zeromagazine.mx\\\/index.php\\\/2021\\\/08\\\/31\\\/star-llego-a-latinoamerica\\\/#primaryimage\",\"url\":\"\",\"contentUrl\":\"\"},{\"@type\":\"BreadcrumbList\",\"@id\":\"https:\\\/\\\/zeromagazine.mx\\\/index.php\\\/2021\\\/08\\\/31\\\/star-llego-a-latinoamerica\\\/#breadcrumb\",\"itemListElement\":[{\"@type\":\"ListItem\",\"position\":1,\"name\":\"Portada\",\"item\":\"https:\\\/\\\/zeromagazine.mx\\\/\"},{\"@type\":\"ListItem\",\"position\":2,\"name\":\"Star + lleg\u00f3 a Latinoam\u00e9rica\"}]},{\"@type\":\"WebSite\",\"@id\":\"https:\\\/\\\/zeromagazine.mx\\\/#website\",\"url\":\"https:\\\/\\\/zeromagazine.mx\\\/\",\"name\":\"Zero Magazine\",\"description\":\"\",\"publisher\":{\"@id\":\"https:\\\/\\\/zeromagazine.mx\\\/#organization\"},\"potentialAction\":[{\"@type\":\"SearchAction\",\"target\":{\"@type\":\"EntryPoint\",\"urlTemplate\":\"https:\\\/\\\/zeromagazine.mx\\\/?s={search_term_string}\"},\"query-input\":{\"@type\":\"PropertyValueSpecification\",\"valueRequired\":true,\"valueName\":\"search_term_string\"}}],\"inLanguage\":\"es\"},{\"@type\":\"Organization\",\"@id\":\"https:\\\/\\\/zeromagazine.mx\\\/#organization\",\"name\":\"Zero Magazine\",\"url\":\"https:\\\/\\\/zeromagazine.mx\\\/\",\"logo\":{\"@type\":\"ImageObject\",\"inLanguage\":\"es\",\"@id\":\"https:\\\/\\\/zeromagazine.mx\\\/#\\\/schema\\\/logo\\\/image\\\/\",\"url\":\"https:\\\/\\\/i0.wp.com\\\/zeromagazine.mx\\\/wp-content\\\/uploads\\\/2025\\\/11\\\/1.jpeg?fit=1000%2C1000&ssl=1\",\"contentUrl\":\"https:\\\/\\\/i0.wp.com\\\/zeromagazine.mx\\\/wp-content\\\/uploads\\\/2025\\\/11\\\/1.jpeg?fit=1000%2C1000&ssl=1\",\"width\":1000,\"height\":1000,\"caption\":\"Zero Magazine\"},\"image\":{\"@id\":\"https:\\\/\\\/zeromagazine.mx\\\/#\\\/schema\\\/logo\\\/image\\\/\"},\"sameAs\":[\"https:\\\/\\\/instagram.com\\\/zeromagazinemx\"]},{\"@type\":\"Person\",\"@id\":\"https:\\\/\\\/zeromagazine.mx\\\/#\\\/schema\\\/person\\\/9aed9f33a7c39af3a348b86d723f7773\",\"name\":\"zeromagazinemx\",\"image\":{\"@type\":\"ImageObject\",\"inLanguage\":\"es\",\"@id\":\"https:\\\/\\\/zeromagazine.mx\\\/wp-content\\\/litespeed\\\/avatar\\\/f91dfe5410d5dcb1a576bf8c45983896.jpg?ver=1776966396\",\"url\":\"https:\\\/\\\/zeromagazine.mx\\\/wp-content\\\/litespeed\\\/avatar\\\/f91dfe5410d5dcb1a576bf8c45983896.jpg?ver=1776966396\",\"contentUrl\":\"https:\\\/\\\/zeromagazine.mx\\\/wp-content\\\/litespeed\\\/avatar\\\/f91dfe5410d5dcb1a576bf8c45983896.jpg?ver=1776966396\",\"caption\":\"zeromagazinemx\"},\"url\":\"https:\\\/\\\/zeromagazine.mx\\\/index.php\\\/author\\\/zeromagazinemx\\\/\"}]}<\/script>\n<!-- \/ Yoast SEO plugin. -->","yoast_head_json":{"title":"Star + lleg\u00f3 a Latinoam\u00e9rica - Zero Magazine","robots":{"index":"index","follow":"follow","max-snippet":"max-snippet:-1","max-image-preview":"max-image-preview:large","max-video-preview":"max-video-preview:-1"},"canonical":"https:\/\/zeromagazine.mx\/index.php\/2021\/08\/31\/star-llego-a-latinoamerica\/","og_locale":"es_ES","og_type":"article","og_title":"Star + lleg\u00f3 a Latinoam\u00e9rica - Zero Magazine","og_description":"El nuevo servicio de streaming contar\u00e1 con contenido para el p\u00fablico adulto, con una gran variedad de contenido, desde deportes hasta documentales. Star+ es el nuevo servicio de streaming para el p\u00fablico adulto y los amantes del deporte que ofrece todo el contenido de ESPN y de entretenimiento general con series, comedias animadas, pel\u00edculas, documentales, [&hellip;]","og_url":"https:\/\/zeromagazine.mx\/index.php\/2021\/08\/31\/star-llego-a-latinoamerica\/","og_site_name":"Zero Magazine","article_published_time":"2021-08-31T20:30:00+00:00","author":"zeromagazinemx","twitter_card":"summary_large_image","twitter_misc":{"Escrito por":"zeromagazinemx","Tiempo de lectura":"2 minutos"},"schema":{"@context":"https:\/\/schema.org","@graph":[{"@type":"Article","@id":"https:\/\/zeromagazine.mx\/index.php\/2021\/08\/31\/star-llego-a-latinoamerica\/#article","isPartOf":{"@id":"https:\/\/zeromagazine.mx\/index.php\/2021\/08\/31\/star-llego-a-latinoamerica\/"},"author":{"name":"zeromagazinemx","@id":"https:\/\/zeromagazine.mx\/#\/schema\/person\/9aed9f33a7c39af3a348b86d723f7773"},"headline":"Star + lleg\u00f3 a Latinoam\u00e9rica","datePublished":"2021-08-31T20:30:00+00:00","mainEntityOfPage":{"@id":"https:\/\/zeromagazine.mx\/index.php\/2021\/08\/31\/star-llego-a-latinoamerica\/"},"wordCount":312,"commentCount":0,"publisher":{"@id":"https:\/\/zeromagazine.mx\/#organization"},"image":{"@id":"https:\/\/zeromagazine.mx\/index.php\/2021\/08\/31\/star-llego-a-latinoamerica\/#primaryimage"},"thumbnailUrl":"","keywords":["A Teacher","American Horror Story","Amigos de Vacaciones","Big Sky","Combo+","Dami\u00e1n Alc\u00e1zar","ESPN","Genius: Aretha","Giovanna Utrilla","Gonzalo Vega Jr","Love Victor","Martin Short y Selena Gomez","Nomaland","Only Murders in the Building","Paulina Gait\u00e1n","Ra\u00fal M\u00e9ndez","Renee Zellweger","Simpson","Steve Mart\u00edn","streaming","The Lastman","the walking dead","Vicky Araico"],"articleSection":["Cine","Entretenimiento"],"inLanguage":"es","potentialAction":[{"@type":"CommentAction","name":"Comment","target":["https:\/\/zeromagazine.mx\/index.php\/2021\/08\/31\/star-llego-a-latinoamerica\/#respond"]}]},{"@type":"WebPage","@id":"https:\/\/zeromagazine.mx\/index.php\/2021\/08\/31\/star-llego-a-latinoamerica\/","url":"https:\/\/zeromagazine.mx\/index.php\/2021\/08\/31\/star-llego-a-latinoamerica\/","name":"Star + lleg\u00f3 a Latinoam\u00e9rica - Zero Magazine","isPartOf":{"@id":"https:\/\/zeromagazine.mx\/#website"},"primaryImageOfPage":{"@id":"https:\/\/zeromagazine.mx\/index.php\/2021\/08\/31\/star-llego-a-latinoamerica\/#primaryimage"},"image":{"@id":"https:\/\/zeromagazine.mx\/index.php\/2021\/08\/31\/star-llego-a-latinoamerica\/#primaryimage"},"thumbnailUrl":"","datePublished":"2021-08-31T20:30:00+00:00","breadcrumb":{"@id":"https:\/\/zeromagazine.mx\/index.php\/2021\/08\/31\/star-llego-a-latinoamerica\/#breadcrumb"},"inLanguage":"es","potentialAction":[{"@type":"ReadAction","target":["https:\/\/zeromagazine.mx\/index.php\/2021\/08\/31\/star-llego-a-latinoamerica\/"]}]},{"@type":"ImageObject","inLanguage":"es","@id":"https:\/\/zeromagazine.mx\/index.php\/2021\/08\/31\/star-llego-a-latinoamerica\/#primaryimage","url":"","contentUrl":""},{"@type":"BreadcrumbList","@id":"https:\/\/zeromagazine.mx\/index.php\/2021\/08\/31\/star-llego-a-latinoamerica\/#breadcrumb","itemListElement":[{"@type":"ListItem","position":1,"name":"Portada","item":"https:\/\/zeromagazine.mx\/"},{"@type":"ListItem","position":2,"name":"Star + lleg\u00f3 a Latinoam\u00e9rica"}]},{"@type":"WebSite","@id":"https:\/\/zeromagazine.mx\/#website","url":"https:\/\/zeromagazine.mx\/","name":"Zero Magazine","description":"","publisher":{"@id":"https:\/\/zeromagazine.mx\/#organization"},"potentialAction":[{"@type":"SearchAction","target":{"@type":"EntryPoint","urlTemplate":"https:\/\/zeromagazine.mx\/?s={search_term_string}"},"query-input":{"@type":"PropertyValueSpecification","valueRequired":true,"valueName":"search_term_string"}}],"inLanguage":"es"},{"@type":"Organization","@id":"https:\/\/zeromagazine.mx\/#organization","name":"Zero Magazine","url":"https:\/\/zeromagazine.mx\/","logo":{"@type":"ImageObject","inLanguage":"es","@id":"https:\/\/zeromagazine.mx\/#\/schema\/logo\/image\/","url":"https:\/\/i0.wp.com\/zeromagazine.mx\/wp-content\/uploads\/2025\/11\/1.jpeg?fit=1000%2C1000&ssl=1","contentUrl":"https:\/\/i0.wp.com\/zeromagazine.mx\/wp-content\/uploads\/2025\/11\/1.jpeg?fit=1000%2C1000&ssl=1","width":1000,"height":1000,"caption":"Zero Magazine"},"image":{"@id":"https:\/\/zeromagazine.mx\/#\/schema\/logo\/image\/"},"sameAs":["https:\/\/instagram.com\/zeromagazinemx"]},{"@type":"Person","@id":"https:\/\/zeromagazine.mx\/#\/schema\/person\/9aed9f33a7c39af3a348b86d723f7773","name":"zeromagazinemx","image":{"@type":"ImageObject","inLanguage":"es","@id":"https:\/\/zeromagazine.mx\/wp-content\/litespeed\/avatar\/f91dfe5410d5dcb1a576bf8c45983896.jpg?ver=1776966396","url":"https:\/\/zeromagazine.mx\/wp-content\/litespeed\/avatar\/f91dfe5410d5dcb1a576bf8c45983896.jpg?ver=1776966396","contentUrl":"https:\/\/zeromagazine.mx\/wp-content\/litespeed\/avatar\/f91dfe5410d5dcb1a576bf8c45983896.jpg?ver=1776966396","caption":"zeromagazinemx"},"url":"https:\/\/zeromagazine.mx\/index.php\/author\/zeromagazinemx\/"}]}},"jetpack_publicize_connections":[],"jetpack_featured_media_url":"","jetpack-related-posts":[{"id":51355,"url":"https:\/\/zeromagazine.mx\/index.php\/2021\/08\/02\/star-el-nuevo-servicio-de-streaming-llega-a-mexico\/","url_meta":{"origin":53221,"position":0},"title":"Star+, el nuevo servicio de streaming llega a M\u00e9xico","author":"zeromagazinemx","date":"2 de agosto de 2021","format":false,"excerpt":"Este pr\u00f3ximo 31 de agosto se llevar\u00e1 a cabo el lanzamiento del nuevo servicio de streaming de The Walt Disney Company Latin America. Por Mayra Torres Star+ es el nuevo servicio de streaming de entretenimiento general y deportes dirigido al p\u00fablico adulto, su lanzamiento ser\u00e1 el pr\u00f3ximo 31 de agosto\u2026","rel":"","context":"En \u00abEntretenimiento\u00bb","block_context":{"text":"Entretenimiento","link":"https:\/\/zeromagazine.mx\/index.php\/category\/entretenimiento\/"},"img":{"alt_text":"","src":"","width":0,"height":0},"classes":[]},{"id":53184,"url":"https:\/\/zeromagazine.mx\/index.php\/2021\/08\/30\/star-llega-con-un-atractivo-y-unico-precio\/","url_meta":{"origin":53221,"position":1},"title":"STAR+ llega con un atractivo y \u00fanico precio","author":"zeromagazinemx","date":"30 de agosto de 2021","format":false,"excerpt":"Star+ anunci\u00f3 el precio de la suscripci\u00f3n y al Combo+, la oferta comercial que combina Disney+ con Star+. Por Mayra Torres El nuevo servicio de streaming de entretenimiento general y deportes Star+ dio a conocer el precio de la suscripci\u00f3n mensual que se lanzar\u00e1 en Am\u00e9rica Latina el pr\u00f3ximo 31\u2026","rel":"","context":"En \u00abEntretenimiento\u00bb","block_context":{"text":"Entretenimiento","link":"https:\/\/zeromagazine.mx\/index.php\/category\/entretenimiento\/"},"img":{"alt_text":"","src":"","width":0,"height":0},"classes":[]},{"id":72942,"url":"https:\/\/zeromagazine.mx\/index.php\/2024\/04\/02\/preparate-para-la-magia-habra-un-nuevo-disney\/","url_meta":{"origin":53221,"position":2},"title":"\u00a1Prep\u00e1rate para la Magia! Habr\u00e1 un Nuevo Disney+","author":"zeromagazinemx","date":"2 de abril de 2024","format":false,"excerpt":"\u00a1Habr\u00e1 un nuevo Disney+ en la ciudad! A partir del 26 de junio, se fusionar\u00e1n los contenidos de entretenimiento general de Star+ y el deporte de ESPN en una \u00fanica plataforma. \u00a1Una experiencia de streaming incomparable que nos va a encantar! Para empezar, este nuevo Disney+ va a ser una\u2026","rel":"","context":"En \u00abBlog\u00bb","block_context":{"text":"Blog","link":"https:\/\/zeromagazine.mx\/index.php\/category\/blog\/"},"img":{"alt_text":"","src":"https:\/\/i0.wp.com\/zeromagazine.mx\/wp-content\/uploads\/2024\/04\/image001-1.jpg?fit=1200%2C675&ssl=1&resize=350%2C200","width":350,"height":200,"srcset":"https:\/\/i0.wp.com\/zeromagazine.mx\/wp-content\/uploads\/2024\/04\/image001-1.jpg?fit=1200%2C675&ssl=1&resize=350%2C200 1x, https:\/\/i0.wp.com\/zeromagazine.mx\/wp-content\/uploads\/2024\/04\/image001-1.jpg?fit=1200%2C675&ssl=1&resize=525%2C300 1.5x, https:\/\/i0.wp.com\/zeromagazine.mx\/wp-content\/uploads\/2024\/04\/image001-1.jpg?fit=1200%2C675&ssl=1&resize=700%2C400 2x, https:\/\/i0.wp.com\/zeromagazine.mx\/wp-content\/uploads\/2024\/04\/image001-1.jpg?fit=1200%2C675&ssl=1&resize=1050%2C600 3x"},"classes":[]},{"id":52054,"url":"https:\/\/zeromagazine.mx\/index.php\/2021\/08\/14\/disney-anuncia-la-segunda-temporada-de-star-wars-the-bad-batch\/","url_meta":{"origin":53221,"position":3},"title":"Disney+ anuncia la segunda temporada de Star Wars: The Bad Batch","author":"zeromagazinemx","date":"14 de agosto de 2021","format":false,"excerpt":"La segunda temporada de la serie animada original de Lucasfilm se estrenar\u00e1 en exclusiva en Disney+ en 2022. Por Moises Kushelevich Disney+ anunci\u00f3 la segunda temporada de la aclamada serie animada Star Wars: The Bad Batch, que se estrenar\u00e1 en 2022. El episodio final de la primera temporada se emite\u2026","rel":"","context":"En \u00abEntretenimiento\u00bb","block_context":{"text":"Entretenimiento","link":"https:\/\/zeromagazine.mx\/index.php\/category\/entretenimiento\/"},"img":{"alt_text":"","src":"","width":0,"height":0},"classes":[]},{"id":53876,"url":"https:\/\/zeromagazine.mx\/index.php\/2021\/09\/06\/dc-fandome-regresa-con-un-evento-streaming\/","url_meta":{"origin":53221,"position":4},"title":"DC FanDome regresa con un evento streaming","author":"zeromagazinemx","date":"6 de septiembre de 2021","format":false,"excerpt":"DC FanDome, la experiencia global de fans regresa el pr\u00f3ximo 16 de octubre con un evento de streaming. https:\/\/www.instagram.com\/p\/CTPVtu0MeYt\/?utm_medium=copy_link Por Mayra Torres La edici\u00f3n de este a\u00f1o del DC FanDome ser\u00e1 un evento virtual gratuito que recibir\u00e1 a los fans de todo el mundo para sumergirse dentro del DC Multiverse\u2026","rel":"","context":"En \u00abGamer\u00bb","block_context":{"text":"Gamer","link":"https:\/\/zeromagazine.mx\/index.php\/category\/tech\/gamer\/"},"img":{"alt_text":"","src":"https:\/\/i0.wp.com\/img.youtube.com\/vi\/ceQwPFPghSs\/0.jpg?resize=350%2C200","width":350,"height":200},"classes":[]},{"id":48589,"url":"https:\/\/zeromagazine.mx\/index.php\/2021\/06\/24\/solos-la-nueva-serie-de-amazon-prime\/","url_meta":{"origin":53221,"position":5},"title":"SOLOS, LA NUEVA SERIE DE AMAZON PRIME","author":"zeromagazinemx","date":"24 de junio de 2021","format":false,"excerpt":"La plataforma de streaming Amazon Prime lanzo el tr\u00e1iler oficial de su nueva serie Solos, a estrenarse el pr\u00f3ximo 25 de junio y que promete ser un \u00e9xito m\u00e1s para la compa\u00f1\u00eda que nuevamente apuesta por David Wail para comandar el proyecto tras el \u00e9xito de Hunters. Por Rodrigo Eduardo\u2026","rel":"","context":"En \u00abEntretenimiento\u00bb","block_context":{"text":"Entretenimiento","link":"https:\/\/zeromagazine.mx\/index.php\/category\/entretenimiento\/"},"img":{"alt_text":"","src":"","width":0,"height":0},"classes":[]}],"jetpack_sharing_enabled":true,"builder_content":"","_links":{"self":[{"href":"https:\/\/zeromagazine.mx\/index.php\/wp-json\/wp\/v2\/posts\/53221","targetHints":{"allow":["GET"]}}],"collection":[{"href":"https:\/\/zeromagazine.mx\/index.php\/wp-json\/wp\/v2\/posts"}],"about":[{"href":"https:\/\/zeromagazine.mx\/index.php\/wp-json\/wp\/v2\/types\/post"}],"author":[{"embeddable":true,"href":"https:\/\/zeromagazine.mx\/index.php\/wp-json\/wp\/v2\/users\/2"}],"replies":[{"embeddable":true,"href":"https:\/\/zeromagazine.mx\/index.php\/wp-json\/wp\/v2\/comments?post=53221"}],"version-history":[{"count":0,"href":"https:\/\/zeromagazine.mx\/index.php\/wp-json\/wp\/v2\/posts\/53221\/revisions"}],"wp:featuredmedia":[{"embeddable":true,"href":"https:\/\/zeromagazine.mx\/index.php\/wp-json\/"}],"wp:attachment":[{"href":"https:\/\/zeromagazine.mx\/index.php\/wp-json\/wp\/v2\/media?parent=53221"}],"wp:term":[{"taxonomy":"category","embeddable":true,"href":"https:\/\/zeromagazine.mx\/index.php\/wp-json\/wp\/v2\/categories?post=53221"},{"taxonomy":"post_tag","embeddable":true,"href":"https:\/\/zeromagazine.mx\/index.php\/wp-json\/wp\/v2\/tags?post=53221"}],"curies":[{"name":"wp","href":"https:\/\/api.w.org\/{rel}","templated":true}]}}