{"id":53376,"date":"2021-09-01T13:00:00","date_gmt":"2021-09-01T18:00:00","guid":{"rendered":"https:\/\/atomic-temporary-84115225.wpcomstaging.com\/?p=53376"},"modified":"2021-09-01T13:00:00","modified_gmt":"2021-09-01T18:00:00","slug":"entrevista-a-jesus-guzman","status":"publish","type":"post","link":"https:\/\/zeromagazine.mx\/index.php\/2021\/09\/01\/entrevista-a-jesus-guzman\/","title":{"rendered":"Entrevista a Jes\u00fas Guzm\u00e1n"},"content":{"rendered":"\n<p><strong>Jes\u00fas Guzm\u00e1n<\/strong>, actor, guionista y comediante; estudi\u00f3 la carrera de Comunicaci\u00f3n y la carrera de actuaci\u00f3n en el <strong>Centro De Arte Dram\u00e1tico A.C<\/strong>., lo podemos ver en <strong>Netflix<\/strong> en su especial llamado \u201c<em><strong>\u00a1Es en serio!<\/strong><\/em>\u201d, tambi\u00e9n lo podemos ir a ver todos los jueves a las <strong>9:00 pm<\/strong> en su show de<strong> Stand Up Comedy<\/strong> llamado <strong>\u201cInc\u00f3modo Social<\/strong>\u201d en <strong>Alboa<\/strong>, <strong>Artz Pedregal<\/strong>.<\/p>\n\n\n\n<p><strong>Boletos en: Arema Ticket<\/strong><\/p>\n\n\n\n<figure class=\"wp-block-image size-large coblocks-animate\"><a href=\"https:\/\/i0.wp.com\/zeromagazinemx.wpcomstaging.com\/wp-content\/uploads\/2022\/02\/8b101-c85a04ab-0020-4253-a70b-97d1328168a4.jpg?ssl=1\"><img data-recalc-dims=\"1\" decoding=\"async\" src=\"https:\/\/i0.wp.com\/zeromagazinemx.wpcomstaging.com\/wp-content\/uploads\/2022\/02\/8b101-c85a04ab-0020-4253-a70b-97d1328168a4.jpg?w=1165&#038;ssl=1\" alt=\"\" class=\"wp-image-53379\" \/><\/a><\/figure>\n\n\n\n<div class=\"wp-block-buttons is-layout-flex wp-block-buttons-is-layout-flex\">\n<div class=\"wp-block-button is-style-outline is-style-outline--1\"><a class=\"wp-block-button__link\"> Por Pepe P\u00e9rez\u00a0 <\/a><\/div>\n<\/div>\n\n\n\n<p><strong>Primero que nada, comp\u00e1rtenos un poco de ti para que nuestros lectores te conozcan un poco m\u00e1s.<\/strong><\/p>\n\n\n\n<p>Yo estudi\u00e9 la carrera de comunicaci\u00f3n y empec\u00e9 en la radio (<strong>WFM<\/strong>) en donde empec\u00e9 como redactor y creativo de la estaci\u00f3n, haciendo un programa de cine, era locutor de cabina, etc., despu\u00e9s me fue a trabajar en varias agencias de publicidad como creativo, pero la comedia siempre ha sido parte de mi vida, de lo que hago, es mi pasi\u00f3n y es lo que me gusta, as\u00ed que en todo lo he incorporado, desde mis campa\u00f1as de publicidad met\u00eda comedia, cuando estaba en la radio jugaba mucho con la voz y hac\u00edamos muchas cosas y poco a poco me fui acercando a lo que yo quer\u00eda ser qu\u00e9 es lo que hago el d\u00eda de hoy pero he tenido la oportunidad de girar alrededor de este mundo de la comunicaci\u00f3n y del entretenimiento porque he podido trabajar en televisi\u00f3n, escribir guiones, hacer adaptaciones de cine, de teatro, he hecho doblaje, soy la voz de \u201c<strong>El Chavo<\/strong>\u201d animado, \u201c<strong>El Chapul\u00edn<\/strong>\u201d en la caricatura, en varias pel\u00edculas de Pixar, pero siempre me llaman m\u00e1s la atenci\u00f3n proyectos que tienen comedia. Cuando el \u201c<strong>Stand up<\/strong>\u201d lleg\u00f3 a M\u00e9xico fui de los primeros exponentes que hubo, hasta hoy soy el \u00fanico comediante que lleva la temporada m\u00e1s larga en un lugar ininterrumpida porque estuve 8 a\u00f1os en un lugar de Polanco haciendo mi show cada s\u00e1bado, paro por la pandemia, pero ya la retom\u00e9 y estoy en otro lugar; pero es lo que me gusta hacer, siempre me he re\u00eddo del entorno, de la vida cotidiana, de m\u00ed mismo me r\u00edo mucho, entonces el \u201c<strong>Stand Up<\/strong>\u201d me vino a la perfecci\u00f3n.<\/p>\n\n\n\n<p><strong>Plat\u00edcanos un poco sobre tu experiencia en el doblaje.<\/strong><\/p>\n\n\n\n<p>El doblaje ha sido toda una aventura porque yo nunca me imagin\u00e9 de ni\u00f1o que ve\u00eda las caricaturas en la televisi\u00f3n, me fijaba mucho en las voces, me encantaban las voces de los personajes, nunca pens\u00e9 ni so\u00f1\u00e9 de grande hacer voces de caricaturas que yo ve\u00eda de ni\u00f1o, hice la voz del \u201c<strong>P\u00e1jaro Loco<\/strong>\u201d, de un \u201c<strong>Muppet<\/strong>\u201d , \u201c<strong>El Chavo<\/strong>\u201d, \u201c<strong>El Chapul\u00edn Colorado<\/strong>\u201d, hice estas voces en las series animadas, entonces esta fue una aventura que dio gracias a esto que tengo que es jugar mucho con la voz y muy buen o\u00eddo , tengo una facilidad de imitar voces que es parte de mi show actualmente, he podido disfrutar y ser muy afortunado de hacer muchas cosas de las que abarca este medio del entretenimiento.<\/p>\n\n\n\n<figure class=\"wp-block-image size-large coblocks-animate\"><a href=\"https:\/\/i0.wp.com\/zeromagazinemx.wpcomstaging.com\/wp-content\/uploads\/2022\/02\/de41d-fe0bf63b-7b92-4928-9306-194830331ee8.jpg?ssl=1\"><img data-recalc-dims=\"1\" decoding=\"async\" src=\"https:\/\/i0.wp.com\/zeromagazinemx.wpcomstaging.com\/wp-content\/uploads\/2022\/02\/de41d-fe0bf63b-7b92-4928-9306-194830331ee8.jpg?w=1165&#038;ssl=1\" alt=\"\" class=\"wp-image-53380\" \/><\/a><\/figure>\n\n\n\n<p><strong>\u00bfC\u00f3mo es que llega el \u201cStand Up\u201d a ti?<\/strong><\/p>\n\n\n\n<p>Siempre estuvo en mi de una manera, porque cuando yo lo conoc\u00ed fue en los a\u00f1os 80\u2019s, yo escuchaba a todos los comediantes de esa \u00e9poca, entonces pens\u00e9 que yo pod\u00eda hacer eso porque yo me quejo mucho, pero yo me acuerdo que mis hermanas de re\u00edan porque dec\u00edan que cuando yo me enojaba o hacia un berrinche era muy ir\u00f3nico, era muy sarc\u00e1stico y que dec\u00eda cosas chistosas, entonces yo pens\u00e9 que esta iron\u00eda y este tipo de humor y sarcasmo, hablar de la cosas cotidianas, a m\u00ed se me da porque si soy muy observador, pero no empec\u00e9 a hacerlo hasta que aqu\u00ed en <strong>M\u00e9xico <\/strong>empez\u00f3 a existir como tal el \u201c<strong>Stand Up Comedy<\/strong>\u201d, yo lo empec\u00e9 haci\u00e9ndolo en grupos, estos colectivos que se presentan 5 \u2013 6 en una misma noche, pero me separ\u00e9 muy pronto y empec\u00e9 a presentarme yo solo, desde entonces llevo 10 a\u00f1os haciendo esto que tanto me gusta.<\/p>\n\n\n\n<p><strong>Comp\u00e1rtenos un poco de lo que es \u201cIncomodo Social\u201d<\/strong><\/p>\n\n\n\n<p>Hoy por hoy me estoy presentando en <strong>Alboa<\/strong>, <strong>Artz Pedregal<\/strong>, presentando mi show \u201c<strong>Inc\u00f3modo Social<\/strong>\u201d, le puse as\u00ed porque siempre he sido muy observador, la sana distancia y esta pandemia igual que como a nuestro presidente nos vino como anillo al dedo porque guardamos distancia, nos saludamos de lejos o con los codos, \u00f3sea todas estas circunstancias las tomo con humor y las hablo en este show, aunque ahorita lo que vamos hacer es vamos a recopilar todos los shows que yo he hecho con diferentes temas, en este nuevo lugar, porque la gente ya necesita de salir de la rutina, de re\u00edr, divertirnos y no quiero estar hablando constantemente de la pandemia, del encierro, la cuarentena, lo que quiero es que tengan un escape o salida mental, que vengan a re\u00edr un rato y pasar un buen momento. Habr\u00e1 un show especial este 16 de septiembre va a ser un show especial porque va a ser como show \u2013 cena mexicana y tendr\u00e1 muchos elementos y temas nacionales.<\/p>\n<!--themify_builder_content-->\n<div id=\"themify_builder_content-53376\" data-postid=\"53376\" class=\"themify_builder_content themify_builder_content-53376 themify_builder tf_clear\">\n    <\/div>\n<!--\/themify_builder_content-->\n","protected":false},"excerpt":{"rendered":"<p>Jes\u00fas Guzm\u00e1n, actor, guionista y comediante; estudi\u00f3 la carrera de Comunicaci\u00f3n y la carrera de actuaci\u00f3n en el Centro De Arte Dram\u00e1tico A.C., lo podemos ver en Netflix en su especial llamado \u201c\u00a1Es en serio!\u201d, tambi\u00e9n lo podemos ir a ver todos los jueves a las 9:00 pm en su show de Stand Up Comedy [&hellip;]<\/p>\n","protected":false},"author":2,"featured_media":53378,"comment_status":"open","ping_status":"open","sticky":false,"template":"","format":"standard","meta":{"_jetpack_memberships_contains_paid_content":false,"footnotes":"","jetpack_publicize_message":"Descubre como la comedia sinmepre estuvo en la vida de Jes\u00fas Guzm\u00e1n. \nEntrevista completa en Zeromagazine.","jetpack_publicize_feature_enabled":true,"jetpack_social_post_already_shared":true,"jetpack_social_options":{"image_generator_settings":{"template":"highway","default_image_id":0,"font":"","enabled":false},"version":2}},"categories":[117,91,311],"tags":[4438,940,4439,4440,4441,4442,4443,4444,4445,4446,4447,4448,4449],"class_list":["post-53376","post","type-post","status-publish","format-standard","has-post-thumbnail","hentry","category-entretenimiento","category-entrevistas","category-teatro","tag-es-en-serio","tag-artz-pedregal","tag-centro-de-arte-dramatico-a-c","tag-el-chapulin-colorado","tag-el-chavo","tag-incomodo-social","tag-jesus-guzman","tag-muppet","tag-muppets-ahora","tag-pajaro-loco","tag-stand-up","tag-stand-up-comedy","tag-wfm","has-post-title","has-post-date","has-post-category","has-post-tag","has-post-comment","has-post-author",""],"yoast_head":"<!-- This site is optimized with the Yoast SEO plugin v27.5 - https:\/\/yoast.com\/product\/yoast-seo-wordpress\/ -->\n<title>Entrevista a Jes\u00fas Guzm\u00e1n - Zero Magazine<\/title>\n<meta name=\"robots\" content=\"index, follow, max-snippet:-1, max-image-preview:large, max-video-preview:-1\" \/>\n<link rel=\"canonical\" href=\"https:\/\/zeromagazine.mx\/index.php\/2021\/09\/01\/entrevista-a-jesus-guzman\/\" \/>\n<meta property=\"og:locale\" content=\"es_ES\" \/>\n<meta property=\"og:type\" content=\"article\" \/>\n<meta property=\"og:title\" content=\"Entrevista a Jes\u00fas Guzm\u00e1n - Zero Magazine\" \/>\n<meta property=\"og:description\" content=\"Jes\u00fas Guzm\u00e1n, actor, guionista y comediante; estudi\u00f3 la carrera de Comunicaci\u00f3n y la carrera de actuaci\u00f3n en el Centro De Arte Dram\u00e1tico A.C., lo podemos ver en Netflix en su especial llamado \u201c\u00a1Es en serio!\u201d, tambi\u00e9n lo podemos ir a ver todos los jueves a las 9:00 pm en su show de Stand Up Comedy [&hellip;]\" \/>\n<meta property=\"og:url\" content=\"https:\/\/zeromagazine.mx\/index.php\/2021\/09\/01\/entrevista-a-jesus-guzman\/\" \/>\n<meta property=\"og:site_name\" content=\"Zero Magazine\" \/>\n<meta property=\"article:published_time\" content=\"2021-09-01T18:00:00+00:00\" \/>\n<meta name=\"author\" content=\"zeromagazinemx\" \/>\n<meta name=\"twitter:card\" content=\"summary_large_image\" \/>\n<meta name=\"twitter:label1\" content=\"Escrito por\" \/>\n\t<meta name=\"twitter:data1\" content=\"zeromagazinemx\" \/>\n\t<meta name=\"twitter:label2\" content=\"Tiempo de lectura\" \/>\n\t<meta name=\"twitter:data2\" content=\"4 minutos\" \/>\n<script type=\"application\/ld+json\" class=\"yoast-schema-graph\">{\"@context\":\"https:\\\/\\\/schema.org\",\"@graph\":[{\"@type\":\"Article\",\"@id\":\"https:\\\/\\\/zeromagazine.mx\\\/index.php\\\/2021\\\/09\\\/01\\\/entrevista-a-jesus-guzman\\\/#article\",\"isPartOf\":{\"@id\":\"https:\\\/\\\/zeromagazine.mx\\\/index.php\\\/2021\\\/09\\\/01\\\/entrevista-a-jesus-guzman\\\/\"},\"author\":{\"name\":\"zeromagazinemx\",\"@id\":\"https:\\\/\\\/zeromagazine.mx\\\/#\\\/schema\\\/person\\\/9aed9f33a7c39af3a348b86d723f7773\"},\"headline\":\"Entrevista a Jes\u00fas Guzm\u00e1n\",\"datePublished\":\"2021-09-01T18:00:00+00:00\",\"mainEntityOfPage\":{\"@id\":\"https:\\\/\\\/zeromagazine.mx\\\/index.php\\\/2021\\\/09\\\/01\\\/entrevista-a-jesus-guzman\\\/\"},\"wordCount\":887,\"commentCount\":0,\"publisher\":{\"@id\":\"https:\\\/\\\/zeromagazine.mx\\\/#organization\"},\"image\":{\"@id\":\"https:\\\/\\\/zeromagazine.mx\\\/index.php\\\/2021\\\/09\\\/01\\\/entrevista-a-jesus-guzman\\\/#primaryimage\"},\"thumbnailUrl\":\"\",\"keywords\":[\"\u00a1Es en serio!\",\"Artz Pedregal\",\"Centro De Arte Dram\u00e1tico A.C\",\"El Chapul\u00edn Colorado\",\"El Chavo\",\"Inc\u00f3modo Social\",\"Jes\u00fas Guzm\u00e1n\",\"Muppet\",\"Muppets ahora\",\"P\u00e1jaro Loco\",\"STAND UP\",\"Stand Up Comedy\",\"WFM\"],\"articleSection\":[\"Entretenimiento\",\"Entrevistas\",\"Teatro\"],\"inLanguage\":\"es\",\"potentialAction\":[{\"@type\":\"CommentAction\",\"name\":\"Comment\",\"target\":[\"https:\\\/\\\/zeromagazine.mx\\\/index.php\\\/2021\\\/09\\\/01\\\/entrevista-a-jesus-guzman\\\/#respond\"]}]},{\"@type\":\"WebPage\",\"@id\":\"https:\\\/\\\/zeromagazine.mx\\\/index.php\\\/2021\\\/09\\\/01\\\/entrevista-a-jesus-guzman\\\/\",\"url\":\"https:\\\/\\\/zeromagazine.mx\\\/index.php\\\/2021\\\/09\\\/01\\\/entrevista-a-jesus-guzman\\\/\",\"name\":\"Entrevista a Jes\u00fas Guzm\u00e1n - Zero Magazine\",\"isPartOf\":{\"@id\":\"https:\\\/\\\/zeromagazine.mx\\\/#website\"},\"primaryImageOfPage\":{\"@id\":\"https:\\\/\\\/zeromagazine.mx\\\/index.php\\\/2021\\\/09\\\/01\\\/entrevista-a-jesus-guzman\\\/#primaryimage\"},\"image\":{\"@id\":\"https:\\\/\\\/zeromagazine.mx\\\/index.php\\\/2021\\\/09\\\/01\\\/entrevista-a-jesus-guzman\\\/#primaryimage\"},\"thumbnailUrl\":\"\",\"datePublished\":\"2021-09-01T18:00:00+00:00\",\"breadcrumb\":{\"@id\":\"https:\\\/\\\/zeromagazine.mx\\\/index.php\\\/2021\\\/09\\\/01\\\/entrevista-a-jesus-guzman\\\/#breadcrumb\"},\"inLanguage\":\"es\",\"potentialAction\":[{\"@type\":\"ReadAction\",\"target\":[\"https:\\\/\\\/zeromagazine.mx\\\/index.php\\\/2021\\\/09\\\/01\\\/entrevista-a-jesus-guzman\\\/\"]}]},{\"@type\":\"ImageObject\",\"inLanguage\":\"es\",\"@id\":\"https:\\\/\\\/zeromagazine.mx\\\/index.php\\\/2021\\\/09\\\/01\\\/entrevista-a-jesus-guzman\\\/#primaryimage\",\"url\":\"\",\"contentUrl\":\"\"},{\"@type\":\"BreadcrumbList\",\"@id\":\"https:\\\/\\\/zeromagazine.mx\\\/index.php\\\/2021\\\/09\\\/01\\\/entrevista-a-jesus-guzman\\\/#breadcrumb\",\"itemListElement\":[{\"@type\":\"ListItem\",\"position\":1,\"name\":\"Portada\",\"item\":\"https:\\\/\\\/zeromagazine.mx\\\/\"},{\"@type\":\"ListItem\",\"position\":2,\"name\":\"Entrevista a Jes\u00fas Guzm\u00e1n\"}]},{\"@type\":\"WebSite\",\"@id\":\"https:\\\/\\\/zeromagazine.mx\\\/#website\",\"url\":\"https:\\\/\\\/zeromagazine.mx\\\/\",\"name\":\"Zero Magazine\",\"description\":\"\",\"publisher\":{\"@id\":\"https:\\\/\\\/zeromagazine.mx\\\/#organization\"},\"potentialAction\":[{\"@type\":\"SearchAction\",\"target\":{\"@type\":\"EntryPoint\",\"urlTemplate\":\"https:\\\/\\\/zeromagazine.mx\\\/?s={search_term_string}\"},\"query-input\":{\"@type\":\"PropertyValueSpecification\",\"valueRequired\":true,\"valueName\":\"search_term_string\"}}],\"inLanguage\":\"es\"},{\"@type\":\"Organization\",\"@id\":\"https:\\\/\\\/zeromagazine.mx\\\/#organization\",\"name\":\"Zero Magazine\",\"url\":\"https:\\\/\\\/zeromagazine.mx\\\/\",\"logo\":{\"@type\":\"ImageObject\",\"inLanguage\":\"es\",\"@id\":\"https:\\\/\\\/zeromagazine.mx\\\/#\\\/schema\\\/logo\\\/image\\\/\",\"url\":\"https:\\\/\\\/i0.wp.com\\\/zeromagazine.mx\\\/wp-content\\\/uploads\\\/2025\\\/11\\\/1.jpeg?fit=1000%2C1000&ssl=1\",\"contentUrl\":\"https:\\\/\\\/i0.wp.com\\\/zeromagazine.mx\\\/wp-content\\\/uploads\\\/2025\\\/11\\\/1.jpeg?fit=1000%2C1000&ssl=1\",\"width\":1000,\"height\":1000,\"caption\":\"Zero Magazine\"},\"image\":{\"@id\":\"https:\\\/\\\/zeromagazine.mx\\\/#\\\/schema\\\/logo\\\/image\\\/\"},\"sameAs\":[\"https:\\\/\\\/instagram.com\\\/zeromagazinemx\"]},{\"@type\":\"Person\",\"@id\":\"https:\\\/\\\/zeromagazine.mx\\\/#\\\/schema\\\/person\\\/9aed9f33a7c39af3a348b86d723f7773\",\"name\":\"zeromagazinemx\",\"image\":{\"@type\":\"ImageObject\",\"inLanguage\":\"es\",\"@id\":\"https:\\\/\\\/zeromagazine.mx\\\/wp-content\\\/litespeed\\\/avatar\\\/f91dfe5410d5dcb1a576bf8c45983896.jpg?ver=1777571230\",\"url\":\"https:\\\/\\\/zeromagazine.mx\\\/wp-content\\\/litespeed\\\/avatar\\\/f91dfe5410d5dcb1a576bf8c45983896.jpg?ver=1777571230\",\"contentUrl\":\"https:\\\/\\\/zeromagazine.mx\\\/wp-content\\\/litespeed\\\/avatar\\\/f91dfe5410d5dcb1a576bf8c45983896.jpg?ver=1777571230\",\"caption\":\"zeromagazinemx\"},\"url\":\"https:\\\/\\\/zeromagazine.mx\\\/index.php\\\/author\\\/zeromagazinemx\\\/\"}]}<\/script>\n<!-- \/ Yoast SEO plugin. -->","yoast_head_json":{"title":"Entrevista a Jes\u00fas Guzm\u00e1n - Zero Magazine","robots":{"index":"index","follow":"follow","max-snippet":"max-snippet:-1","max-image-preview":"max-image-preview:large","max-video-preview":"max-video-preview:-1"},"canonical":"https:\/\/zeromagazine.mx\/index.php\/2021\/09\/01\/entrevista-a-jesus-guzman\/","og_locale":"es_ES","og_type":"article","og_title":"Entrevista a Jes\u00fas Guzm\u00e1n - Zero Magazine","og_description":"Jes\u00fas Guzm\u00e1n, actor, guionista y comediante; estudi\u00f3 la carrera de Comunicaci\u00f3n y la carrera de actuaci\u00f3n en el Centro De Arte Dram\u00e1tico A.C., lo podemos ver en Netflix en su especial llamado \u201c\u00a1Es en serio!\u201d, tambi\u00e9n lo podemos ir a ver todos los jueves a las 9:00 pm en su show de Stand Up Comedy [&hellip;]","og_url":"https:\/\/zeromagazine.mx\/index.php\/2021\/09\/01\/entrevista-a-jesus-guzman\/","og_site_name":"Zero Magazine","article_published_time":"2021-09-01T18:00:00+00:00","author":"zeromagazinemx","twitter_card":"summary_large_image","twitter_misc":{"Escrito por":"zeromagazinemx","Tiempo de lectura":"4 minutos"},"schema":{"@context":"https:\/\/schema.org","@graph":[{"@type":"Article","@id":"https:\/\/zeromagazine.mx\/index.php\/2021\/09\/01\/entrevista-a-jesus-guzman\/#article","isPartOf":{"@id":"https:\/\/zeromagazine.mx\/index.php\/2021\/09\/01\/entrevista-a-jesus-guzman\/"},"author":{"name":"zeromagazinemx","@id":"https:\/\/zeromagazine.mx\/#\/schema\/person\/9aed9f33a7c39af3a348b86d723f7773"},"headline":"Entrevista a Jes\u00fas Guzm\u00e1n","datePublished":"2021-09-01T18:00:00+00:00","mainEntityOfPage":{"@id":"https:\/\/zeromagazine.mx\/index.php\/2021\/09\/01\/entrevista-a-jesus-guzman\/"},"wordCount":887,"commentCount":0,"publisher":{"@id":"https:\/\/zeromagazine.mx\/#organization"},"image":{"@id":"https:\/\/zeromagazine.mx\/index.php\/2021\/09\/01\/entrevista-a-jesus-guzman\/#primaryimage"},"thumbnailUrl":"","keywords":["\u00a1Es en serio!","Artz Pedregal","Centro De Arte Dram\u00e1tico A.C","El Chapul\u00edn Colorado","El Chavo","Inc\u00f3modo Social","Jes\u00fas Guzm\u00e1n","Muppet","Muppets ahora","P\u00e1jaro Loco","STAND UP","Stand Up Comedy","WFM"],"articleSection":["Entretenimiento","Entrevistas","Teatro"],"inLanguage":"es","potentialAction":[{"@type":"CommentAction","name":"Comment","target":["https:\/\/zeromagazine.mx\/index.php\/2021\/09\/01\/entrevista-a-jesus-guzman\/#respond"]}]},{"@type":"WebPage","@id":"https:\/\/zeromagazine.mx\/index.php\/2021\/09\/01\/entrevista-a-jesus-guzman\/","url":"https:\/\/zeromagazine.mx\/index.php\/2021\/09\/01\/entrevista-a-jesus-guzman\/","name":"Entrevista a Jes\u00fas Guzm\u00e1n - Zero Magazine","isPartOf":{"@id":"https:\/\/zeromagazine.mx\/#website"},"primaryImageOfPage":{"@id":"https:\/\/zeromagazine.mx\/index.php\/2021\/09\/01\/entrevista-a-jesus-guzman\/#primaryimage"},"image":{"@id":"https:\/\/zeromagazine.mx\/index.php\/2021\/09\/01\/entrevista-a-jesus-guzman\/#primaryimage"},"thumbnailUrl":"","datePublished":"2021-09-01T18:00:00+00:00","breadcrumb":{"@id":"https:\/\/zeromagazine.mx\/index.php\/2021\/09\/01\/entrevista-a-jesus-guzman\/#breadcrumb"},"inLanguage":"es","potentialAction":[{"@type":"ReadAction","target":["https:\/\/zeromagazine.mx\/index.php\/2021\/09\/01\/entrevista-a-jesus-guzman\/"]}]},{"@type":"ImageObject","inLanguage":"es","@id":"https:\/\/zeromagazine.mx\/index.php\/2021\/09\/01\/entrevista-a-jesus-guzman\/#primaryimage","url":"","contentUrl":""},{"@type":"BreadcrumbList","@id":"https:\/\/zeromagazine.mx\/index.php\/2021\/09\/01\/entrevista-a-jesus-guzman\/#breadcrumb","itemListElement":[{"@type":"ListItem","position":1,"name":"Portada","item":"https:\/\/zeromagazine.mx\/"},{"@type":"ListItem","position":2,"name":"Entrevista a Jes\u00fas Guzm\u00e1n"}]},{"@type":"WebSite","@id":"https:\/\/zeromagazine.mx\/#website","url":"https:\/\/zeromagazine.mx\/","name":"Zero Magazine","description":"","publisher":{"@id":"https:\/\/zeromagazine.mx\/#organization"},"potentialAction":[{"@type":"SearchAction","target":{"@type":"EntryPoint","urlTemplate":"https:\/\/zeromagazine.mx\/?s={search_term_string}"},"query-input":{"@type":"PropertyValueSpecification","valueRequired":true,"valueName":"search_term_string"}}],"inLanguage":"es"},{"@type":"Organization","@id":"https:\/\/zeromagazine.mx\/#organization","name":"Zero Magazine","url":"https:\/\/zeromagazine.mx\/","logo":{"@type":"ImageObject","inLanguage":"es","@id":"https:\/\/zeromagazine.mx\/#\/schema\/logo\/image\/","url":"https:\/\/i0.wp.com\/zeromagazine.mx\/wp-content\/uploads\/2025\/11\/1.jpeg?fit=1000%2C1000&ssl=1","contentUrl":"https:\/\/i0.wp.com\/zeromagazine.mx\/wp-content\/uploads\/2025\/11\/1.jpeg?fit=1000%2C1000&ssl=1","width":1000,"height":1000,"caption":"Zero Magazine"},"image":{"@id":"https:\/\/zeromagazine.mx\/#\/schema\/logo\/image\/"},"sameAs":["https:\/\/instagram.com\/zeromagazinemx"]},{"@type":"Person","@id":"https:\/\/zeromagazine.mx\/#\/schema\/person\/9aed9f33a7c39af3a348b86d723f7773","name":"zeromagazinemx","image":{"@type":"ImageObject","inLanguage":"es","@id":"https:\/\/zeromagazine.mx\/wp-content\/litespeed\/avatar\/f91dfe5410d5dcb1a576bf8c45983896.jpg?ver=1777571230","url":"https:\/\/zeromagazine.mx\/wp-content\/litespeed\/avatar\/f91dfe5410d5dcb1a576bf8c45983896.jpg?ver=1777571230","contentUrl":"https:\/\/zeromagazine.mx\/wp-content\/litespeed\/avatar\/f91dfe5410d5dcb1a576bf8c45983896.jpg?ver=1777571230","caption":"zeromagazinemx"},"url":"https:\/\/zeromagazine.mx\/index.php\/author\/zeromagazinemx\/"}]}},"jetpack_publicize_connections":[],"jetpack_featured_media_url":"","jetpack-related-posts":[{"id":73780,"url":"https:\/\/zeromagazine.mx\/index.php\/2024\/04\/11\/belleza-en-abril-y-mayo-en-artz-pedregal\/","url_meta":{"origin":53376,"position":0},"title":"Belleza en Abril y Mayo en Artz Pedregal","author":"zeromagazinemx","date":"11 de abril de 2024","format":false,"excerpt":"Artz Pedregal es el lugar donde convergen m\u00faltiples aspectos para ofrecer una experiencia integral: espacios al aire libre, gastronom\u00eda, salud, entretenimiento y fitness. Sin embargo, durante los meses de abril y mayo, este destino se embarca en un viaje muy especial dedicado a realzar la belleza y el bienestar de\u2026","rel":"","context":"En \u00abViajes\u00bb","block_context":{"text":"Viajes","link":"https:\/\/zeromagazine.mx\/index.php\/category\/lugares\/"},"img":{"alt_text":"","src":"https:\/\/i0.wp.com\/zeromagazine.mx\/wp-content\/uploads\/2024\/04\/Captura-de-pantalla-579.png?fit=594%2C596&ssl=1&resize=350%2C200","width":350,"height":200,"srcset":"https:\/\/i0.wp.com\/zeromagazine.mx\/wp-content\/uploads\/2024\/04\/Captura-de-pantalla-579.png?fit=594%2C596&ssl=1&resize=350%2C200 1x, https:\/\/i0.wp.com\/zeromagazine.mx\/wp-content\/uploads\/2024\/04\/Captura-de-pantalla-579.png?fit=594%2C596&ssl=1&resize=525%2C300 1.5x"},"classes":[]},{"id":109259,"url":"https:\/\/zeromagazine.mx\/index.php\/2025\/10\/08\/aerie-artz-pedregal-celebra-lo-real\/","url_meta":{"origin":53376,"position":1},"title":"Aerie Artz Pedregal: autenticidad en cada rinc\u00f3n","author":"zeromagazinemx","date":"8 de octubre de 2025","format":false,"excerpt":"El nuevo templo del real style ya est\u00e1 aqu\u00ed. Aerie Artz Pedregal acaba de abrir sus puertas en la Ciudad de M\u00e9xico, y m\u00e1s que una tienda, es una experiencia. Un espacio pensado para que te sientas libre, c\u00f3moda y 100 % t\u00fa. Desde el dise\u00f1o hasta la energ\u00eda que\u2026","rel":"","context":"En \u00abModa\u00bb","block_context":{"text":"Moda","link":"https:\/\/zeromagazine.mx\/index.php\/category\/moda\/"},"img":{"alt_text":"","src":"https:\/\/i0.wp.com\/zeromagazine.mx\/wp-content\/uploads\/2025\/10\/IMG_6292.jpg?fit=800%2C1200&ssl=1&resize=350%2C200","width":350,"height":200,"srcset":"https:\/\/i0.wp.com\/zeromagazine.mx\/wp-content\/uploads\/2025\/10\/IMG_6292.jpg?fit=800%2C1200&ssl=1&resize=350%2C200 1x, https:\/\/i0.wp.com\/zeromagazine.mx\/wp-content\/uploads\/2025\/10\/IMG_6292.jpg?fit=800%2C1200&ssl=1&resize=525%2C300 1.5x, https:\/\/i0.wp.com\/zeromagazine.mx\/wp-content\/uploads\/2025\/10\/IMG_6292.jpg?fit=800%2C1200&ssl=1&resize=700%2C400 2x"},"classes":[]},{"id":56631,"url":"https:\/\/zeromagazine.mx\/index.php\/2021\/10\/24\/jesus-guzman-las-herramientas-del-comediante-son-sus-experiencias-de-vida\/","url_meta":{"origin":53376,"position":2},"title":"JES\u00daS GUZM\u00c1N: \u201cLAS HERRAMIENTAS DEL COMEDIANTE SON SUS EXPERIENCIAS DE VIDA\u201d","author":"zeromagazinemx","date":"24 de octubre de 2021","format":false,"excerpt":"El doblaje es un trabajo muy entretenido y que tambi\u00e9n conlleva una gran responsabilidad, en esta ocasi\u00f3n tuve la oportunidad de platicar con Jes\u00fas Guzm\u00e1n, quien dio voz al Chavo del Ocho en la serie animada, acerca de su trayectoria y planes futuros. Por Luis Lechuga La actuaci\u00f3n es algo\u2026","rel":"","context":"En \u00abEntretenimiento\u00bb","block_context":{"text":"Entretenimiento","link":"https:\/\/zeromagazine.mx\/index.php\/category\/entretenimiento\/"},"img":{"alt_text":"","src":"","width":0,"height":0},"classes":[]},{"id":111697,"url":"https:\/\/zeromagazine.mx\/index.php\/2025\/12\/17\/pop-up-navidena-pernod-ricard-artz\/","url_meta":{"origin":53376,"position":3},"title":"Pop-Up Navide\u00f1a Pernod Ricard: lujo","author":"zeromagazinemx","date":"17 de diciembre de 2025","format":false,"excerpt":"Hay planes que gritan temporada decembrina y otros que directamente dicen: \u201cs\u00ed, aqu\u00ed se viene a celebrar bonito\u201d. La Pop-Up Navide\u00f1a Pernod Ricard es exactamente eso. Un spot ef\u00edmero, chic y perfectamente curado que aterriza en Artz Pedregal para elevar los brindis, los regalos y las selfies de diciembre a\u2026","rel":"","context":"En \u00abFoodie\u00bb","block_context":{"text":"Foodie","link":"https:\/\/zeromagazine.mx\/index.php\/category\/lifestyle\/foodie\/"},"img":{"alt_text":"","src":"https:\/\/i0.wp.com\/zeromagazine.mx\/wp-content\/uploads\/2025\/12\/1000044534.jpg?fit=900%2C1200&ssl=1&resize=350%2C200","width":350,"height":200,"srcset":"https:\/\/i0.wp.com\/zeromagazine.mx\/wp-content\/uploads\/2025\/12\/1000044534.jpg?fit=900%2C1200&ssl=1&resize=350%2C200 1x, https:\/\/i0.wp.com\/zeromagazine.mx\/wp-content\/uploads\/2025\/12\/1000044534.jpg?fit=900%2C1200&ssl=1&resize=525%2C300 1.5x, https:\/\/i0.wp.com\/zeromagazine.mx\/wp-content\/uploads\/2025\/12\/1000044534.jpg?fit=900%2C1200&ssl=1&resize=700%2C400 2x"},"classes":[]},{"id":103769,"url":"https:\/\/zeromagazine.mx\/index.php\/2025\/05\/12\/nike-artz-reabre-sus-puertas-al-sur-de-cdmx\/","url_meta":{"origin":53376,"position":4},"title":"Nike Artz Reabre Sus Puertas Al Sur De CDMX","author":"David Morales","date":"12 de mayo de 2025","format":false,"excerpt":"Ey amix, si t\u00fa tambi\u00e9n crees que moverte es m\u00e1s que ejercicio y que el deporte es estilo de vida, te va a emocionar esto: Nike Artz reabri\u00f3 sus puertas al sur de la CDMX con todo un mood nuevo. El espacio no solo est\u00e1 m\u00e1s grande (casi 1,000 m\u00b2\u2026","rel":"","context":"En \u00abModa\u00bb","block_context":{"text":"Moda","link":"https:\/\/zeromagazine.mx\/index.php\/category\/moda\/"},"img":{"alt_text":"","src":"https:\/\/i0.wp.com\/zeromagazine.mx\/wp-content\/uploads\/2025\/05\/NIKEARTZ-68-scaled.jpg?fit=1200%2C800&ssl=1&resize=350%2C200","width":350,"height":200,"srcset":"https:\/\/i0.wp.com\/zeromagazine.mx\/wp-content\/uploads\/2025\/05\/NIKEARTZ-68-scaled.jpg?fit=1200%2C800&ssl=1&resize=350%2C200 1x, https:\/\/i0.wp.com\/zeromagazine.mx\/wp-content\/uploads\/2025\/05\/NIKEARTZ-68-scaled.jpg?fit=1200%2C800&ssl=1&resize=525%2C300 1.5x, https:\/\/i0.wp.com\/zeromagazine.mx\/wp-content\/uploads\/2025\/05\/NIKEARTZ-68-scaled.jpg?fit=1200%2C800&ssl=1&resize=700%2C400 2x, https:\/\/i0.wp.com\/zeromagazine.mx\/wp-content\/uploads\/2025\/05\/NIKEARTZ-68-scaled.jpg?fit=1200%2C800&ssl=1&resize=1050%2C600 3x"},"classes":[]},{"id":87227,"url":"https:\/\/zeromagazine.mx\/index.php\/2024\/10\/17\/zuda-tu-nuevo-espacio-fit\/","url_meta":{"origin":53376,"position":5},"title":"\u00abZUDA: Tu Nuevo Espacio Fit\u00bb","author":"zeromagazinemx","date":"17 de octubre de 2024","format":false,"excerpt":"Hola chicxs, tenemos que hablar de ZUDA. Si a\u00fan no has escuchado de este lugar, te est\u00e1s perdiendo de algo s\u00faper cool. ZUDA lleg\u00f3 a Artz Pedregal para cambiar la forma en que pensamos sobre el fitness. Literalmente, no es solo otro gym o un espacio donde haces ejercicio hasta\u2026","rel":"","context":"En \u00abBienestar\u00bb","block_context":{"text":"Bienestar","link":"https:\/\/zeromagazine.mx\/index.php\/category\/lifestyle\/bienestar\/"},"img":{"alt_text":"","src":"https:\/\/i0.wp.com\/zeromagazine.mx\/wp-content\/uploads\/2024\/10\/RSH_1343.jpg?fit=1200%2C799&ssl=1&resize=350%2C200","width":350,"height":200,"srcset":"https:\/\/i0.wp.com\/zeromagazine.mx\/wp-content\/uploads\/2024\/10\/RSH_1343.jpg?fit=1200%2C799&ssl=1&resize=350%2C200 1x, https:\/\/i0.wp.com\/zeromagazine.mx\/wp-content\/uploads\/2024\/10\/RSH_1343.jpg?fit=1200%2C799&ssl=1&resize=525%2C300 1.5x, https:\/\/i0.wp.com\/zeromagazine.mx\/wp-content\/uploads\/2024\/10\/RSH_1343.jpg?fit=1200%2C799&ssl=1&resize=700%2C400 2x, https:\/\/i0.wp.com\/zeromagazine.mx\/wp-content\/uploads\/2024\/10\/RSH_1343.jpg?fit=1200%2C799&ssl=1&resize=1050%2C600 3x"},"classes":[]}],"jetpack_sharing_enabled":true,"builder_content":"","_links":{"self":[{"href":"https:\/\/zeromagazine.mx\/index.php\/wp-json\/wp\/v2\/posts\/53376","targetHints":{"allow":["GET"]}}],"collection":[{"href":"https:\/\/zeromagazine.mx\/index.php\/wp-json\/wp\/v2\/posts"}],"about":[{"href":"https:\/\/zeromagazine.mx\/index.php\/wp-json\/wp\/v2\/types\/post"}],"author":[{"embeddable":true,"href":"https:\/\/zeromagazine.mx\/index.php\/wp-json\/wp\/v2\/users\/2"}],"replies":[{"embeddable":true,"href":"https:\/\/zeromagazine.mx\/index.php\/wp-json\/wp\/v2\/comments?post=53376"}],"version-history":[{"count":0,"href":"https:\/\/zeromagazine.mx\/index.php\/wp-json\/wp\/v2\/posts\/53376\/revisions"}],"wp:featuredmedia":[{"embeddable":true,"href":"https:\/\/zeromagazine.mx\/index.php\/wp-json\/"}],"wp:attachment":[{"href":"https:\/\/zeromagazine.mx\/index.php\/wp-json\/wp\/v2\/media?parent=53376"}],"wp:term":[{"taxonomy":"category","embeddable":true,"href":"https:\/\/zeromagazine.mx\/index.php\/wp-json\/wp\/v2\/categories?post=53376"},{"taxonomy":"post_tag","embeddable":true,"href":"https:\/\/zeromagazine.mx\/index.php\/wp-json\/wp\/v2\/tags?post=53376"}],"curies":[{"name":"wp","href":"https:\/\/api.w.org\/{rel}","templated":true}]}}