{"id":53414,"date":"2021-09-01T16:00:00","date_gmt":"2021-09-01T21:00:00","guid":{"rendered":"https:\/\/atomic-temporary-84115225.wpcomstaging.com\/?p=53414"},"modified":"2021-09-01T16:00:00","modified_gmt":"2021-09-01T21:00:00","slug":"jailyne-y-el-largo-camino-que-ha-recorrido-hasta-el-dia-de-hoy","status":"publish","type":"post","link":"https:\/\/zeromagazine.mx\/index.php\/2021\/09\/01\/jailyne-y-el-largo-camino-que-ha-recorrido-hasta-el-dia-de-hoy\/","title":{"rendered":"Jailyne Ojeda y el largo camino que ha recorrido hasta el d\u00eda de hoy."},"content":{"rendered":"\n<div class=\"wp-block-buttons is-layout-flex wp-block-buttons-is-layout-flex\"><\/div>\n\n\n\n<p> <strong><em>Zero Magazine Mx<\/em><\/strong> platic\u00f3 con<strong> Jailyne<\/strong> y nos cuenta sobre su gran carrera, sus inicios y sus m\u00e1s recientes proyectos <\/p>\n\n\n\n<div class=\"wp-block-image coblocks-animate\"><figure class=\"aligncenter size-large\"><a href=\"https:\/\/i0.wp.com\/zeromagazinemx.wpcomstaging.com\/wp-content\/uploads\/2022\/02\/d70b0-img_4648.png?ssl=1\"><img data-recalc-dims=\"1\" decoding=\"async\" src=\"https:\/\/i0.wp.com\/zeromagazinemx.wpcomstaging.com\/wp-content\/uploads\/2022\/02\/d70b0-img_4648.png?w=1165&#038;ssl=1\" alt=\"\" class=\"wp-image-53416\" \/><\/a><\/figure><\/div>\n\n\n\n<div class=\"wp-block-buttons is-layout-flex wp-block-buttons-is-layout-flex\">\n<div class=\"wp-block-button is-style-outline is-style-outline--1\"><a class=\"wp-block-button__link\">Por Daniel Garc\u00eda<\/a><\/div>\n<\/div>\n\n\n\n<p><strong>\u00bfDe d\u00f3nde nace este sue\u00f1o de ser influencer?\u00a0<\/strong><\/p>\n\n\n\n<p>Ser <em>influencer<\/em> nunca fue mi sue\u00f1o, yo quer\u00eda ser actriz y modelo, pero la vida me llev\u00f3 a ser <em>influencer<\/em> pero no fue algo que yo ten\u00eda planeado hacer.\u00a0<\/p>\n\n\n\n<p><strong>\u00bfC\u00f3mo ha sido tu carrera de modelo? \u00bfCu\u00e1les han sido tus logros m\u00e1s significativos?<\/strong><\/p>\n\n\n\n<p>Al principio fue un poco dif\u00edcil porque casi no hab\u00eda muchas oportunidades porque yo vivo en <em>Estados Unidos,<\/em> pero yo soy <em>mexicana<\/em> e iba a una escuela de modelaje y en esa escuela eran puras americanas.\u00a0 Yo era la \u00fanica mexicana y no me escog\u00edan a m\u00ed o sea siempre les daban preferencia a ellas porque eran rubias, ojos azules altas y yo chaparrita y con curvas entonces casi no me escog\u00edan y yo me sent\u00eda discriminada, pero ya despu\u00e9s el mundo fue cambiando y ahorita como que le dan preferencia a las mujeres que tienen curvas, tanto as\u00ed que el dise\u00f1ador \u00ab<strong>Philip Plein<\/strong>\u00bb me mand\u00f3 mensaje personal invit\u00e1ndome a ser la primera modelo mexicana con curvas que modela para \u00e9l y lo hice y fue un sue\u00f1o hecho realidad porque siempre hab\u00eda querido modelar para una marca as\u00ed de grande\u00a0<\/p>\n\n\n\n<div class=\"wp-block-image coblocks-animate\"><figure class=\"aligncenter size-large\"><a href=\"https:\/\/i0.wp.com\/zeromagazinemx.wpcomstaging.com\/wp-content\/uploads\/2022\/02\/1f9b5-img_4642.jpg?ssl=1\"><img data-recalc-dims=\"1\" decoding=\"async\" src=\"https:\/\/i0.wp.com\/zeromagazinemx.wpcomstaging.com\/wp-content\/uploads\/2022\/02\/1f9b5-img_4642.jpg?w=1165&#038;ssl=1\" alt=\"\" class=\"wp-image-53420\" \/><\/a><\/figure><\/div>\n\n\n\n<p><strong>\u00bfQu\u00e9 ha representado para ti el formar parte de este cambio en la industria del modelaje?<\/strong>\u00a0<\/p>\n\n\n\n<p>Para m\u00ed ha sido un gran orgullo porque comenc\u00e9 a los 16 a\u00f1os y mir\u00e9 c\u00f3mo todo esto ha evolucionado, cambiando y me gusta saber que sigo siendo parte de todo y que no me han dejado a fuera y se siente muy bonito&nbsp;<\/p>\n\n\n\n<p><strong>\u00bfPara ti que significa tener a tanta gente que te sigue?\u00a0<\/strong><\/p>\n\n\n\n<p>A veces me siento muy presionada y como dije estoy acostumbrada porque empec\u00e9 todo a muy temprana edad. Ya nada me sorprende, pero la verdad es que se siente muy bonito. Como dije, me siento muy orgullosa de tener tanta gente que me sigue, me gusta salir y que la gente me reconozca que me pida fotos, es un sentimiento muy bonito.&nbsp;<\/p>\n\n\n\n<div class=\"wp-block-image coblocks-animate\"><figure class=\"aligncenter size-large is-resized\"><a href=\"https:\/\/i0.wp.com\/zeromagazinemx.wpcomstaging.com\/wp-content\/uploads\/2022\/02\/71099-img_4639.jpg?ssl=1\"><img data-recalc-dims=\"1\" decoding=\"async\" src=\"https:\/\/i0.wp.com\/zeromagazinemx.wpcomstaging.com\/wp-content\/uploads\/2022\/02\/71099-img_4639.jpg?resize=738%2C1118&#038;ssl=1\" alt=\"\" class=\"wp-image-53419\" width=\"738\" height=\"1118\" \/><\/a><\/figure><\/div>\n\n\n\n<p><strong>\u00bfCu\u00e1les han sido los retos que has tenido que afrontar en tu carrera?<\/strong>\u00a0<\/p>\n\n\n\n<p>Al principio lamentablemente batallaba mucho con los fot\u00f3grafos, porque lamentablemente en esta industria hay muchos fot\u00f3grafos que se aprovechan de muchachas que quieran salir adelante y es algo muy feo porque me toc\u00f3 muchas veces estar muy inc\u00f3moda porque me trataban de tentar o me dec\u00edan algo y yo ten\u00eda 16 a\u00f1os, apenas iba empezando o me amenazaban diciendo si no haces esto no te doy tus fotos y era algo as\u00ed como de ok no me des mis fotos y esos fueron como mis mayores problemas. Despu\u00e9s cuando ya me alej\u00e9 de esos fot\u00f3grafos&nbsp; empec\u00e9 a conocer a gente que si era m\u00e1s profesional&nbsp; y ya despu\u00e9s fue como la competencia entre mujeres y que no se llevaban bien conmigo y cosas por el estilo.&nbsp;<\/p>\n\n\n\n<p><strong>\u00bfCu\u00e1les son tus nuevos proyectos?\u00a0<\/strong><\/p>\n\n\n\n<p>Siempre me hab\u00eda querido meter m\u00e1s en el mundo de negocios y ahorita <em>hice mi propia marca de ropa<\/em>, as\u00ed que me est\u00e1 yendo s\u00faper bien y de hecho estoy en <strong>M\u00e9xico<\/strong> porque estoy maquilando m\u00e1s ropa:\u00a0 yo misma hago mis dise\u00f1os y la l\u00ednea de ropa yo creo que va a ser algo muy grande, ya que los primeros dise\u00f1os que saqu\u00e9 los vend\u00ed en dos semanas todos, as\u00ed que ahorita estoy dise\u00f1ando m\u00e1s y quiero hacerlo algo grande.<\/p>\n\n\n\n<div class=\"wp-block-image coblocks-animate\"><figure class=\"aligncenter size-full\"><a href=\"https:\/\/i0.wp.com\/zeromagazinemx.wpcomstaging.com\/wp-content\/uploads\/2022\/02\/89093-img_4634.png?ssl=1\"><img data-recalc-dims=\"1\" decoding=\"async\" src=\"https:\/\/i0.wp.com\/zeromagazinemx.wpcomstaging.com\/wp-content\/uploads\/2022\/02\/89093-img_4634.png?w=1165&#038;ssl=1\" alt=\"\" class=\"wp-image-53418\" \/><\/a><\/figure><\/div>\n\n\n\n<p><strong>\u00bfC\u00f3mo fue que naci\u00f3 tu marca?<\/strong><\/p>\n\n\n\n<p>Siempre me han pedido que haga ya sea mi propio shampoo porque tengo el cabello muy largo o mis propias pesta\u00f1as o mi propia ropa deportiva y la ropa deportiva yo creo que fue lo que mas me naci\u00f3 hacer porque hago mucho ejercicio y me gusta mucho estar en leggins y yo ten\u00eda una idea en la cabeza sobre unos leggins que no los puedes conseguir en la tienda y yo dije: \u00ab<em>Si yo los hago todas las mujeres los vana a querer<\/em>\u00ab; y ahorita me los est\u00e1n haciendo y yo s\u00e9 que cuando salgan, todas las mujeres los van a querer y estoy seguro que a la gente les van a gustar mucho.\u00a0<\/p>\n\n\n\n<p><strong>\u00bfQu\u00e9 podemos esperar de ti este 2021?\u00a0<\/strong><\/p>\n\n\n\n<p>Seguir\u00e9 con mi <em>l\u00ednea de ropa<\/em> y empezar\u00e9 a tomar <em>clases de actuaci\u00f3n<\/em> porque como lo mencion\u00e9 antes yo quiero ser <em>actriz,<\/em> siempre lo he querido y me voy a dar el tiempo para al fin poder hacerlo\u00a0 porque me gustar\u00eda salir en novelas.\u00a0<\/p>\n\n\n\n<p class=\"has-text-align-center\"> <strong>Sigue a Jayline Ojeda en<\/strong>: <\/p>\n\n\n\n<p class=\"has-text-align-center\"> <strong>Instagram:<\/strong> <a href=\"https:\/\/www.instagram.com\/jailyneojeda\/?utm_medium=copy_link\">@jailyneojeda<\/a><\/p>\n<!--themify_builder_content-->\n<div id=\"themify_builder_content-53414\" data-postid=\"53414\" class=\"themify_builder_content themify_builder_content-53414 themify_builder tf_clear\">\n    <\/div>\n<!--\/themify_builder_content-->\n","protected":false},"excerpt":{"rendered":"<p>Zero Magazine Mx platic\u00f3 con Jailyne y nos cuenta sobre su gran carrera, sus inicios y sus m\u00e1s recientes proyectos \u00bfDe d\u00f3nde nace este sue\u00f1o de ser influencer?\u00a0 Ser influencer nunca fue mi sue\u00f1o, yo quer\u00eda ser actriz y modelo, pero la vida me llev\u00f3 a ser influencer pero no fue algo que yo ten\u00eda [&hellip;]<\/p>\n","protected":false},"author":2,"featured_media":53421,"comment_status":"open","ping_status":"open","sticky":false,"template":"","format":"standard","meta":{"_jetpack_memberships_contains_paid_content":false,"footnotes":"","jetpack_publicize_message":"Conoce el largo camino que recorri\u00f3 Jailyne, hasta el d\u00eda de hoy y lo que le espera en el futuro. ","jetpack_publicize_feature_enabled":true,"jetpack_social_post_already_shared":true,"jetpack_social_options":{"image_generator_settings":{"template":"highway","default_image_id":0,"font":"","enabled":false},"version":2}},"categories":[91,98,100],"tags":[4454,2878,4455,4456],"class_list":["post-53414","post","type-post","status-publish","format-standard","has-post-thumbnail","hentry","category-entrevistas","category-portada","category-revista","tag-actriz","tag-influencer","tag-jailyne","tag-linea-de-ropa","has-post-title","has-post-date","has-post-category","has-post-tag","has-post-comment","has-post-author",""],"yoast_head":"<!-- This site is optimized with the Yoast SEO plugin v27.5 - https:\/\/yoast.com\/product\/yoast-seo-wordpress\/ -->\n<title>Jailyne Ojeda y el largo camino que ha recorrido hasta el d\u00eda de hoy. - Zero Magazine<\/title>\n<meta name=\"robots\" content=\"index, follow, max-snippet:-1, max-image-preview:large, max-video-preview:-1\" \/>\n<link rel=\"canonical\" href=\"https:\/\/zeromagazine.mx\/index.php\/2021\/09\/01\/jailyne-y-el-largo-camino-que-ha-recorrido-hasta-el-dia-de-hoy\/\" \/>\n<meta property=\"og:locale\" content=\"es_ES\" \/>\n<meta property=\"og:type\" content=\"article\" \/>\n<meta property=\"og:title\" content=\"Jailyne Ojeda y el largo camino que ha recorrido hasta el d\u00eda de hoy. - Zero Magazine\" \/>\n<meta property=\"og:description\" content=\"Zero Magazine Mx platic\u00f3 con Jailyne y nos cuenta sobre su gran carrera, sus inicios y sus m\u00e1s recientes proyectos \u00bfDe d\u00f3nde nace este sue\u00f1o de ser influencer?\u00a0 Ser influencer nunca fue mi sue\u00f1o, yo quer\u00eda ser actriz y modelo, pero la vida me llev\u00f3 a ser influencer pero no fue algo que yo ten\u00eda [&hellip;]\" \/>\n<meta property=\"og:url\" content=\"https:\/\/zeromagazine.mx\/index.php\/2021\/09\/01\/jailyne-y-el-largo-camino-que-ha-recorrido-hasta-el-dia-de-hoy\/\" \/>\n<meta property=\"og:site_name\" content=\"Zero Magazine\" \/>\n<meta property=\"article:published_time\" content=\"2021-09-01T21:00:00+00:00\" \/>\n<meta name=\"author\" content=\"zeromagazinemx\" \/>\n<meta name=\"twitter:card\" content=\"summary_large_image\" \/>\n<meta name=\"twitter:label1\" content=\"Escrito por\" \/>\n\t<meta name=\"twitter:data1\" content=\"zeromagazinemx\" \/>\n\t<meta name=\"twitter:label2\" content=\"Tiempo de lectura\" \/>\n\t<meta name=\"twitter:data2\" content=\"4 minutos\" \/>\n<script type=\"application\/ld+json\" class=\"yoast-schema-graph\">{\"@context\":\"https:\\\/\\\/schema.org\",\"@graph\":[{\"@type\":\"Article\",\"@id\":\"https:\\\/\\\/zeromagazine.mx\\\/index.php\\\/2021\\\/09\\\/01\\\/jailyne-y-el-largo-camino-que-ha-recorrido-hasta-el-dia-de-hoy\\\/#article\",\"isPartOf\":{\"@id\":\"https:\\\/\\\/zeromagazine.mx\\\/index.php\\\/2021\\\/09\\\/01\\\/jailyne-y-el-largo-camino-que-ha-recorrido-hasta-el-dia-de-hoy\\\/\"},\"author\":{\"name\":\"zeromagazinemx\",\"@id\":\"https:\\\/\\\/zeromagazine.mx\\\/#\\\/schema\\\/person\\\/9aed9f33a7c39af3a348b86d723f7773\"},\"headline\":\"Jailyne Ojeda y el largo camino que ha recorrido hasta el d\u00eda de hoy.\",\"datePublished\":\"2021-09-01T21:00:00+00:00\",\"mainEntityOfPage\":{\"@id\":\"https:\\\/\\\/zeromagazine.mx\\\/index.php\\\/2021\\\/09\\\/01\\\/jailyne-y-el-largo-camino-que-ha-recorrido-hasta-el-dia-de-hoy\\\/\"},\"wordCount\":819,\"commentCount\":0,\"publisher\":{\"@id\":\"https:\\\/\\\/zeromagazine.mx\\\/#organization\"},\"image\":{\"@id\":\"https:\\\/\\\/zeromagazine.mx\\\/index.php\\\/2021\\\/09\\\/01\\\/jailyne-y-el-largo-camino-que-ha-recorrido-hasta-el-dia-de-hoy\\\/#primaryimage\"},\"thumbnailUrl\":\"\",\"keywords\":[\"Actriz\",\"Influencer\",\"Jailyne\",\"linea de ropa\"],\"articleSection\":[\"Entrevistas\",\"Portada\",\"Revista\"],\"inLanguage\":\"es\",\"potentialAction\":[{\"@type\":\"CommentAction\",\"name\":\"Comment\",\"target\":[\"https:\\\/\\\/zeromagazine.mx\\\/index.php\\\/2021\\\/09\\\/01\\\/jailyne-y-el-largo-camino-que-ha-recorrido-hasta-el-dia-de-hoy\\\/#respond\"]}]},{\"@type\":\"WebPage\",\"@id\":\"https:\\\/\\\/zeromagazine.mx\\\/index.php\\\/2021\\\/09\\\/01\\\/jailyne-y-el-largo-camino-que-ha-recorrido-hasta-el-dia-de-hoy\\\/\",\"url\":\"https:\\\/\\\/zeromagazine.mx\\\/index.php\\\/2021\\\/09\\\/01\\\/jailyne-y-el-largo-camino-que-ha-recorrido-hasta-el-dia-de-hoy\\\/\",\"name\":\"Jailyne Ojeda y el largo camino que ha recorrido hasta el d\u00eda de hoy. - Zero Magazine\",\"isPartOf\":{\"@id\":\"https:\\\/\\\/zeromagazine.mx\\\/#website\"},\"primaryImageOfPage\":{\"@id\":\"https:\\\/\\\/zeromagazine.mx\\\/index.php\\\/2021\\\/09\\\/01\\\/jailyne-y-el-largo-camino-que-ha-recorrido-hasta-el-dia-de-hoy\\\/#primaryimage\"},\"image\":{\"@id\":\"https:\\\/\\\/zeromagazine.mx\\\/index.php\\\/2021\\\/09\\\/01\\\/jailyne-y-el-largo-camino-que-ha-recorrido-hasta-el-dia-de-hoy\\\/#primaryimage\"},\"thumbnailUrl\":\"\",\"datePublished\":\"2021-09-01T21:00:00+00:00\",\"breadcrumb\":{\"@id\":\"https:\\\/\\\/zeromagazine.mx\\\/index.php\\\/2021\\\/09\\\/01\\\/jailyne-y-el-largo-camino-que-ha-recorrido-hasta-el-dia-de-hoy\\\/#breadcrumb\"},\"inLanguage\":\"es\",\"potentialAction\":[{\"@type\":\"ReadAction\",\"target\":[\"https:\\\/\\\/zeromagazine.mx\\\/index.php\\\/2021\\\/09\\\/01\\\/jailyne-y-el-largo-camino-que-ha-recorrido-hasta-el-dia-de-hoy\\\/\"]}]},{\"@type\":\"ImageObject\",\"inLanguage\":\"es\",\"@id\":\"https:\\\/\\\/zeromagazine.mx\\\/index.php\\\/2021\\\/09\\\/01\\\/jailyne-y-el-largo-camino-que-ha-recorrido-hasta-el-dia-de-hoy\\\/#primaryimage\",\"url\":\"\",\"contentUrl\":\"\"},{\"@type\":\"BreadcrumbList\",\"@id\":\"https:\\\/\\\/zeromagazine.mx\\\/index.php\\\/2021\\\/09\\\/01\\\/jailyne-y-el-largo-camino-que-ha-recorrido-hasta-el-dia-de-hoy\\\/#breadcrumb\",\"itemListElement\":[{\"@type\":\"ListItem\",\"position\":1,\"name\":\"Portada\",\"item\":\"https:\\\/\\\/zeromagazine.mx\\\/\"},{\"@type\":\"ListItem\",\"position\":2,\"name\":\"Jailyne Ojeda y el largo camino que ha recorrido hasta el d\u00eda de hoy.\"}]},{\"@type\":\"WebSite\",\"@id\":\"https:\\\/\\\/zeromagazine.mx\\\/#website\",\"url\":\"https:\\\/\\\/zeromagazine.mx\\\/\",\"name\":\"Zero Magazine\",\"description\":\"\",\"publisher\":{\"@id\":\"https:\\\/\\\/zeromagazine.mx\\\/#organization\"},\"potentialAction\":[{\"@type\":\"SearchAction\",\"target\":{\"@type\":\"EntryPoint\",\"urlTemplate\":\"https:\\\/\\\/zeromagazine.mx\\\/?s={search_term_string}\"},\"query-input\":{\"@type\":\"PropertyValueSpecification\",\"valueRequired\":true,\"valueName\":\"search_term_string\"}}],\"inLanguage\":\"es\"},{\"@type\":\"Organization\",\"@id\":\"https:\\\/\\\/zeromagazine.mx\\\/#organization\",\"name\":\"Zero Magazine\",\"url\":\"https:\\\/\\\/zeromagazine.mx\\\/\",\"logo\":{\"@type\":\"ImageObject\",\"inLanguage\":\"es\",\"@id\":\"https:\\\/\\\/zeromagazine.mx\\\/#\\\/schema\\\/logo\\\/image\\\/\",\"url\":\"https:\\\/\\\/i0.wp.com\\\/zeromagazine.mx\\\/wp-content\\\/uploads\\\/2025\\\/11\\\/1.jpeg?fit=1000%2C1000&ssl=1\",\"contentUrl\":\"https:\\\/\\\/i0.wp.com\\\/zeromagazine.mx\\\/wp-content\\\/uploads\\\/2025\\\/11\\\/1.jpeg?fit=1000%2C1000&ssl=1\",\"width\":1000,\"height\":1000,\"caption\":\"Zero Magazine\"},\"image\":{\"@id\":\"https:\\\/\\\/zeromagazine.mx\\\/#\\\/schema\\\/logo\\\/image\\\/\"},\"sameAs\":[\"https:\\\/\\\/instagram.com\\\/zeromagazinemx\"]},{\"@type\":\"Person\",\"@id\":\"https:\\\/\\\/zeromagazine.mx\\\/#\\\/schema\\\/person\\\/9aed9f33a7c39af3a348b86d723f7773\",\"name\":\"zeromagazinemx\",\"image\":{\"@type\":\"ImageObject\",\"inLanguage\":\"es\",\"@id\":\"https:\\\/\\\/zeromagazine.mx\\\/wp-content\\\/litespeed\\\/avatar\\\/f91dfe5410d5dcb1a576bf8c45983896.jpg?ver=1777571230\",\"url\":\"https:\\\/\\\/zeromagazine.mx\\\/wp-content\\\/litespeed\\\/avatar\\\/f91dfe5410d5dcb1a576bf8c45983896.jpg?ver=1777571230\",\"contentUrl\":\"https:\\\/\\\/zeromagazine.mx\\\/wp-content\\\/litespeed\\\/avatar\\\/f91dfe5410d5dcb1a576bf8c45983896.jpg?ver=1777571230\",\"caption\":\"zeromagazinemx\"},\"url\":\"https:\\\/\\\/zeromagazine.mx\\\/index.php\\\/author\\\/zeromagazinemx\\\/\"}]}<\/script>\n<!-- \/ Yoast SEO plugin. -->","yoast_head_json":{"title":"Jailyne Ojeda y el largo camino que ha recorrido hasta el d\u00eda de hoy. - Zero Magazine","robots":{"index":"index","follow":"follow","max-snippet":"max-snippet:-1","max-image-preview":"max-image-preview:large","max-video-preview":"max-video-preview:-1"},"canonical":"https:\/\/zeromagazine.mx\/index.php\/2021\/09\/01\/jailyne-y-el-largo-camino-que-ha-recorrido-hasta-el-dia-de-hoy\/","og_locale":"es_ES","og_type":"article","og_title":"Jailyne Ojeda y el largo camino que ha recorrido hasta el d\u00eda de hoy. - Zero Magazine","og_description":"Zero Magazine Mx platic\u00f3 con Jailyne y nos cuenta sobre su gran carrera, sus inicios y sus m\u00e1s recientes proyectos \u00bfDe d\u00f3nde nace este sue\u00f1o de ser influencer?\u00a0 Ser influencer nunca fue mi sue\u00f1o, yo quer\u00eda ser actriz y modelo, pero la vida me llev\u00f3 a ser influencer pero no fue algo que yo ten\u00eda [&hellip;]","og_url":"https:\/\/zeromagazine.mx\/index.php\/2021\/09\/01\/jailyne-y-el-largo-camino-que-ha-recorrido-hasta-el-dia-de-hoy\/","og_site_name":"Zero Magazine","article_published_time":"2021-09-01T21:00:00+00:00","author":"zeromagazinemx","twitter_card":"summary_large_image","twitter_misc":{"Escrito por":"zeromagazinemx","Tiempo de lectura":"4 minutos"},"schema":{"@context":"https:\/\/schema.org","@graph":[{"@type":"Article","@id":"https:\/\/zeromagazine.mx\/index.php\/2021\/09\/01\/jailyne-y-el-largo-camino-que-ha-recorrido-hasta-el-dia-de-hoy\/#article","isPartOf":{"@id":"https:\/\/zeromagazine.mx\/index.php\/2021\/09\/01\/jailyne-y-el-largo-camino-que-ha-recorrido-hasta-el-dia-de-hoy\/"},"author":{"name":"zeromagazinemx","@id":"https:\/\/zeromagazine.mx\/#\/schema\/person\/9aed9f33a7c39af3a348b86d723f7773"},"headline":"Jailyne Ojeda y el largo camino que ha recorrido hasta el d\u00eda de hoy.","datePublished":"2021-09-01T21:00:00+00:00","mainEntityOfPage":{"@id":"https:\/\/zeromagazine.mx\/index.php\/2021\/09\/01\/jailyne-y-el-largo-camino-que-ha-recorrido-hasta-el-dia-de-hoy\/"},"wordCount":819,"commentCount":0,"publisher":{"@id":"https:\/\/zeromagazine.mx\/#organization"},"image":{"@id":"https:\/\/zeromagazine.mx\/index.php\/2021\/09\/01\/jailyne-y-el-largo-camino-que-ha-recorrido-hasta-el-dia-de-hoy\/#primaryimage"},"thumbnailUrl":"","keywords":["Actriz","Influencer","Jailyne","linea de ropa"],"articleSection":["Entrevistas","Portada","Revista"],"inLanguage":"es","potentialAction":[{"@type":"CommentAction","name":"Comment","target":["https:\/\/zeromagazine.mx\/index.php\/2021\/09\/01\/jailyne-y-el-largo-camino-que-ha-recorrido-hasta-el-dia-de-hoy\/#respond"]}]},{"@type":"WebPage","@id":"https:\/\/zeromagazine.mx\/index.php\/2021\/09\/01\/jailyne-y-el-largo-camino-que-ha-recorrido-hasta-el-dia-de-hoy\/","url":"https:\/\/zeromagazine.mx\/index.php\/2021\/09\/01\/jailyne-y-el-largo-camino-que-ha-recorrido-hasta-el-dia-de-hoy\/","name":"Jailyne Ojeda y el largo camino que ha recorrido hasta el d\u00eda de hoy. - Zero Magazine","isPartOf":{"@id":"https:\/\/zeromagazine.mx\/#website"},"primaryImageOfPage":{"@id":"https:\/\/zeromagazine.mx\/index.php\/2021\/09\/01\/jailyne-y-el-largo-camino-que-ha-recorrido-hasta-el-dia-de-hoy\/#primaryimage"},"image":{"@id":"https:\/\/zeromagazine.mx\/index.php\/2021\/09\/01\/jailyne-y-el-largo-camino-que-ha-recorrido-hasta-el-dia-de-hoy\/#primaryimage"},"thumbnailUrl":"","datePublished":"2021-09-01T21:00:00+00:00","breadcrumb":{"@id":"https:\/\/zeromagazine.mx\/index.php\/2021\/09\/01\/jailyne-y-el-largo-camino-que-ha-recorrido-hasta-el-dia-de-hoy\/#breadcrumb"},"inLanguage":"es","potentialAction":[{"@type":"ReadAction","target":["https:\/\/zeromagazine.mx\/index.php\/2021\/09\/01\/jailyne-y-el-largo-camino-que-ha-recorrido-hasta-el-dia-de-hoy\/"]}]},{"@type":"ImageObject","inLanguage":"es","@id":"https:\/\/zeromagazine.mx\/index.php\/2021\/09\/01\/jailyne-y-el-largo-camino-que-ha-recorrido-hasta-el-dia-de-hoy\/#primaryimage","url":"","contentUrl":""},{"@type":"BreadcrumbList","@id":"https:\/\/zeromagazine.mx\/index.php\/2021\/09\/01\/jailyne-y-el-largo-camino-que-ha-recorrido-hasta-el-dia-de-hoy\/#breadcrumb","itemListElement":[{"@type":"ListItem","position":1,"name":"Portada","item":"https:\/\/zeromagazine.mx\/"},{"@type":"ListItem","position":2,"name":"Jailyne Ojeda y el largo camino que ha recorrido hasta el d\u00eda de hoy."}]},{"@type":"WebSite","@id":"https:\/\/zeromagazine.mx\/#website","url":"https:\/\/zeromagazine.mx\/","name":"Zero Magazine","description":"","publisher":{"@id":"https:\/\/zeromagazine.mx\/#organization"},"potentialAction":[{"@type":"SearchAction","target":{"@type":"EntryPoint","urlTemplate":"https:\/\/zeromagazine.mx\/?s={search_term_string}"},"query-input":{"@type":"PropertyValueSpecification","valueRequired":true,"valueName":"search_term_string"}}],"inLanguage":"es"},{"@type":"Organization","@id":"https:\/\/zeromagazine.mx\/#organization","name":"Zero Magazine","url":"https:\/\/zeromagazine.mx\/","logo":{"@type":"ImageObject","inLanguage":"es","@id":"https:\/\/zeromagazine.mx\/#\/schema\/logo\/image\/","url":"https:\/\/i0.wp.com\/zeromagazine.mx\/wp-content\/uploads\/2025\/11\/1.jpeg?fit=1000%2C1000&ssl=1","contentUrl":"https:\/\/i0.wp.com\/zeromagazine.mx\/wp-content\/uploads\/2025\/11\/1.jpeg?fit=1000%2C1000&ssl=1","width":1000,"height":1000,"caption":"Zero Magazine"},"image":{"@id":"https:\/\/zeromagazine.mx\/#\/schema\/logo\/image\/"},"sameAs":["https:\/\/instagram.com\/zeromagazinemx"]},{"@type":"Person","@id":"https:\/\/zeromagazine.mx\/#\/schema\/person\/9aed9f33a7c39af3a348b86d723f7773","name":"zeromagazinemx","image":{"@type":"ImageObject","inLanguage":"es","@id":"https:\/\/zeromagazine.mx\/wp-content\/litespeed\/avatar\/f91dfe5410d5dcb1a576bf8c45983896.jpg?ver=1777571230","url":"https:\/\/zeromagazine.mx\/wp-content\/litespeed\/avatar\/f91dfe5410d5dcb1a576bf8c45983896.jpg?ver=1777571230","contentUrl":"https:\/\/zeromagazine.mx\/wp-content\/litespeed\/avatar\/f91dfe5410d5dcb1a576bf8c45983896.jpg?ver=1777571230","caption":"zeromagazinemx"},"url":"https:\/\/zeromagazine.mx\/index.php\/author\/zeromagazinemx\/"}]}},"jetpack_publicize_connections":[],"jetpack_featured_media_url":"","jetpack-related-posts":[],"jetpack_sharing_enabled":true,"builder_content":"","_links":{"self":[{"href":"https:\/\/zeromagazine.mx\/index.php\/wp-json\/wp\/v2\/posts\/53414","targetHints":{"allow":["GET"]}}],"collection":[{"href":"https:\/\/zeromagazine.mx\/index.php\/wp-json\/wp\/v2\/posts"}],"about":[{"href":"https:\/\/zeromagazine.mx\/index.php\/wp-json\/wp\/v2\/types\/post"}],"author":[{"embeddable":true,"href":"https:\/\/zeromagazine.mx\/index.php\/wp-json\/wp\/v2\/users\/2"}],"replies":[{"embeddable":true,"href":"https:\/\/zeromagazine.mx\/index.php\/wp-json\/wp\/v2\/comments?post=53414"}],"version-history":[{"count":0,"href":"https:\/\/zeromagazine.mx\/index.php\/wp-json\/wp\/v2\/posts\/53414\/revisions"}],"wp:featuredmedia":[{"embeddable":true,"href":"https:\/\/zeromagazine.mx\/index.php\/wp-json\/"}],"wp:attachment":[{"href":"https:\/\/zeromagazine.mx\/index.php\/wp-json\/wp\/v2\/media?parent=53414"}],"wp:term":[{"taxonomy":"category","embeddable":true,"href":"https:\/\/zeromagazine.mx\/index.php\/wp-json\/wp\/v2\/categories?post=53414"},{"taxonomy":"post_tag","embeddable":true,"href":"https:\/\/zeromagazine.mx\/index.php\/wp-json\/wp\/v2\/tags?post=53414"}],"curies":[{"name":"wp","href":"https:\/\/api.w.org\/{rel}","templated":true}]}}