{"id":53577,"date":"2021-09-03T10:00:00","date_gmt":"2021-09-03T15:00:00","guid":{"rendered":"https:\/\/atomic-temporary-84115225.wpcomstaging.com\/?p=53577"},"modified":"2021-09-03T10:00:00","modified_gmt":"2021-09-03T15:00:00","slug":"los-bandalos-chinos-se-unen-a-virgin-music-mexico","status":"publish","type":"post","link":"https:\/\/zeromagazine.mx\/index.php\/2021\/09\/03\/los-bandalos-chinos-se-unen-a-virgin-music-mexico\/","title":{"rendered":"Los Bandalos Chinos se unen a Virgin Music M\u00e9xico"},"content":{"rendered":"\n<p>La banda \u201c<strong>Bandalos Chinos<\/strong>\u201d da un paso fuerte en su carrera al firmar con el sello discogr\u00e1fico <strong>Virgin Music M\u00e9xico<\/strong>.<\/p>\n\n\n\n<figure class=\"wp-block-embed is-type-rich is-provider-instagram wp-block-embed-instagram\"><div class=\"wp-block-embed__wrapper\">\nhttps:\/\/www.instagram.com\/p\/CR-JwT9MYil\/?utm_medium=share_sheet\n<\/div><\/figure>\n\n\n\n<div class=\"wp-block-buttons is-layout-flex wp-block-buttons-is-layout-flex\">\n<div class=\"wp-block-button is-style-outline is-style-outline--1\"><a class=\"wp-block-button__link\">Por Mayra Torres<\/a><\/div>\n<\/div>\n\n\n\n<p><strong>Bandalos Chinos <\/strong>est\u00e1 integrado por <strong>Goyo Degano<\/strong>, <strong>I\u00f1aki Colombo<\/strong>, <strong>Salvador Colombo<\/strong>, <strong>Tomas Verduga<\/strong>, <strong>Mat\u00edas Verduga <\/strong>y <strong>Nicolas Rodr\u00edguez del Pozo<\/strong>, el grupo de amigos que se une al equipo de <strong>Virgin Music M\u00e9xico<\/strong> &amp; <strong>Nakama<\/strong>.&nbsp;<\/p>\n\n\n\n<p>Despu\u00e9s de su exitosa gira por <strong>M\u00e9xico<\/strong> con m\u00e1s de 20 shows, la banda da un gran paso en su carrera donde la promesa de <strong>m\u00fasica<\/strong> nueva puede cumplirse m\u00e1s pronto de lo que esperaban.&nbsp;<\/p>\n\n\n\n\n\n<p><strong>Bandalos Chinos <\/strong>celebr\u00f3 con su p\u00fablico en un show online que se realiz\u00f3 en el <strong>Movistar Arena <\/strong>bajo el concepto <strong>Paranoia Pop, El Musical<\/strong>.&nbsp;<\/p>\n\n\n\n<p>Su esfuerzo y compromiso con fans, nuevos escuchas e industria en general lo ha llevado a obtener premios como el <strong>Gardel a Mejor \u00c1lbum Grupo Pop<\/strong> en <strong>2021<\/strong> y tambi\u00e9n fueron condecorados con dos nominaciones a los <strong>Latin Grammy <\/strong>del <strong>2018\/2019<\/strong>.<\/p>\n\n\n\n<p>Ve aqu\u00ed uno de sus mayores \u00e9xitos.<\/p>\n\n\n\n<figure class=\"wp-block-embed aligncenter is-type-video is-provider-youtube wp-block-embed-youtube wp-embed-aspect-16-9 wp-has-aspect-ratio\"><div class=\"wp-block-embed__wrapper\">\n<div class=\"post-video\"><iframe title=\"Bandalos Chinos - V\u00e1monos De Viaje\" width=\"1165\" height=\"655\" src=\"https:\/\/www.youtube.com\/embed\/V5YlmuZjvws?feature=oembed\" frameborder=\"0\" allow=\"accelerometer; autoplay; clipboard-write; encrypted-media; gyroscope; picture-in-picture; web-share\" allowfullscreen><\/iframe><\/div>\n<\/div><\/figure>\n\n\n\n\n<!--themify_builder_content-->\n<div id=\"themify_builder_content-53577\" data-postid=\"53577\" class=\"themify_builder_content themify_builder_content-53577 themify_builder tf_clear\">\n    <\/div>\n<!--\/themify_builder_content-->\n","protected":false},"excerpt":{"rendered":"<p>La banda \u201cBandalos Chinos\u201d da un paso fuerte en su carrera al firmar con el sello discogr\u00e1fico Virgin Music M\u00e9xico. Bandalos Chinos est\u00e1 integrado por Goyo Degano, I\u00f1aki Colombo, Salvador Colombo, Tomas Verduga, Mat\u00edas Verduga y Nicolas Rodr\u00edguez del Pozo, el grupo de amigos que se une al equipo de Virgin Music M\u00e9xico &amp; Nakama.&nbsp; [&hellip;]<\/p>\n","protected":false},"author":2,"featured_media":53579,"comment_status":"open","ping_status":"open","sticky":false,"template":"","format":"standard","meta":{"_jetpack_memberships_contains_paid_content":false,"footnotes":"","jetpack_publicize_message":"Los Bandalos Chinos ya esta en M\u00e9xico y se unen a \"Virgin Music M\u00e9xico\" y Nakama.","jetpack_publicize_feature_enabled":true,"jetpack_social_post_already_shared":true,"jetpack_social_options":{"image_generator_settings":{"template":"highway","default_image_id":0,"font":"","enabled":false},"version":2}},"categories":[791,117],"tags":[4505,1977],"class_list":["post-53577","post","type-post","status-publish","format-standard","has-post-thumbnail","hentry","category-cultura","category-entretenimiento","tag-bandalos-chinos","tag-virgin-music-mexico","has-post-title","has-post-date","has-post-category","has-post-tag","has-post-comment","has-post-author",""],"yoast_head":"<!-- This site is optimized with the Yoast SEO plugin v27.5 - https:\/\/yoast.com\/product\/yoast-seo-wordpress\/ -->\n<title>Los Bandalos Chinos se unen a Virgin Music M\u00e9xico - Zero Magazine<\/title>\n<meta name=\"robots\" content=\"index, follow, max-snippet:-1, max-image-preview:large, max-video-preview:-1\" \/>\n<link rel=\"canonical\" href=\"https:\/\/zeromagazine.mx\/index.php\/2021\/09\/03\/los-bandalos-chinos-se-unen-a-virgin-music-mexico\/\" \/>\n<meta property=\"og:locale\" content=\"es_ES\" \/>\n<meta property=\"og:type\" content=\"article\" \/>\n<meta property=\"og:title\" content=\"Los Bandalos Chinos se unen a Virgin Music M\u00e9xico - Zero Magazine\" \/>\n<meta property=\"og:description\" content=\"La banda \u201cBandalos Chinos\u201d da un paso fuerte en su carrera al firmar con el sello discogr\u00e1fico Virgin Music M\u00e9xico. Bandalos Chinos est\u00e1 integrado por Goyo Degano, I\u00f1aki Colombo, Salvador Colombo, Tomas Verduga, Mat\u00edas Verduga y Nicolas Rodr\u00edguez del Pozo, el grupo de amigos que se une al equipo de Virgin Music M\u00e9xico &amp; Nakama.&nbsp; [&hellip;]\" \/>\n<meta property=\"og:url\" content=\"https:\/\/zeromagazine.mx\/index.php\/2021\/09\/03\/los-bandalos-chinos-se-unen-a-virgin-music-mexico\/\" \/>\n<meta property=\"og:site_name\" content=\"Zero Magazine\" \/>\n<meta property=\"article:published_time\" content=\"2021-09-03T15:00:00+00:00\" \/>\n<meta name=\"author\" content=\"zeromagazinemx\" \/>\n<meta name=\"twitter:card\" content=\"summary_large_image\" \/>\n<meta name=\"twitter:label1\" content=\"Escrito por\" \/>\n\t<meta name=\"twitter:data1\" content=\"zeromagazinemx\" \/>\n\t<meta name=\"twitter:label2\" content=\"Tiempo de lectura\" \/>\n\t<meta name=\"twitter:data2\" content=\"1 minuto\" \/>\n<script type=\"application\/ld+json\" class=\"yoast-schema-graph\">{\"@context\":\"https:\\\/\\\/schema.org\",\"@graph\":[{\"@type\":\"Article\",\"@id\":\"https:\\\/\\\/zeromagazine.mx\\\/index.php\\\/2021\\\/09\\\/03\\\/los-bandalos-chinos-se-unen-a-virgin-music-mexico\\\/#article\",\"isPartOf\":{\"@id\":\"https:\\\/\\\/zeromagazine.mx\\\/index.php\\\/2021\\\/09\\\/03\\\/los-bandalos-chinos-se-unen-a-virgin-music-mexico\\\/\"},\"author\":{\"name\":\"zeromagazinemx\",\"@id\":\"https:\\\/\\\/zeromagazine.mx\\\/#\\\/schema\\\/person\\\/9aed9f33a7c39af3a348b86d723f7773\"},\"headline\":\"Los Bandalos Chinos se unen a Virgin Music M\u00e9xico\",\"datePublished\":\"2021-09-03T15:00:00+00:00\",\"mainEntityOfPage\":{\"@id\":\"https:\\\/\\\/zeromagazine.mx\\\/index.php\\\/2021\\\/09\\\/03\\\/los-bandalos-chinos-se-unen-a-virgin-music-mexico\\\/\"},\"wordCount\":207,\"commentCount\":0,\"publisher\":{\"@id\":\"https:\\\/\\\/zeromagazine.mx\\\/#organization\"},\"image\":{\"@id\":\"https:\\\/\\\/zeromagazine.mx\\\/index.php\\\/2021\\\/09\\\/03\\\/los-bandalos-chinos-se-unen-a-virgin-music-mexico\\\/#primaryimage\"},\"thumbnailUrl\":\"\",\"keywords\":[\"Bandalos Chinos\",\"Virgin Music M\u00e9xico\"],\"articleSection\":[\"Cultura\",\"Entretenimiento\"],\"inLanguage\":\"es\",\"potentialAction\":[{\"@type\":\"CommentAction\",\"name\":\"Comment\",\"target\":[\"https:\\\/\\\/zeromagazine.mx\\\/index.php\\\/2021\\\/09\\\/03\\\/los-bandalos-chinos-se-unen-a-virgin-music-mexico\\\/#respond\"]}]},{\"@type\":\"WebPage\",\"@id\":\"https:\\\/\\\/zeromagazine.mx\\\/index.php\\\/2021\\\/09\\\/03\\\/los-bandalos-chinos-se-unen-a-virgin-music-mexico\\\/\",\"url\":\"https:\\\/\\\/zeromagazine.mx\\\/index.php\\\/2021\\\/09\\\/03\\\/los-bandalos-chinos-se-unen-a-virgin-music-mexico\\\/\",\"name\":\"Los Bandalos Chinos se unen a Virgin Music M\u00e9xico - Zero Magazine\",\"isPartOf\":{\"@id\":\"https:\\\/\\\/zeromagazine.mx\\\/#website\"},\"primaryImageOfPage\":{\"@id\":\"https:\\\/\\\/zeromagazine.mx\\\/index.php\\\/2021\\\/09\\\/03\\\/los-bandalos-chinos-se-unen-a-virgin-music-mexico\\\/#primaryimage\"},\"image\":{\"@id\":\"https:\\\/\\\/zeromagazine.mx\\\/index.php\\\/2021\\\/09\\\/03\\\/los-bandalos-chinos-se-unen-a-virgin-music-mexico\\\/#primaryimage\"},\"thumbnailUrl\":\"\",\"datePublished\":\"2021-09-03T15:00:00+00:00\",\"breadcrumb\":{\"@id\":\"https:\\\/\\\/zeromagazine.mx\\\/index.php\\\/2021\\\/09\\\/03\\\/los-bandalos-chinos-se-unen-a-virgin-music-mexico\\\/#breadcrumb\"},\"inLanguage\":\"es\",\"potentialAction\":[{\"@type\":\"ReadAction\",\"target\":[\"https:\\\/\\\/zeromagazine.mx\\\/index.php\\\/2021\\\/09\\\/03\\\/los-bandalos-chinos-se-unen-a-virgin-music-mexico\\\/\"]}]},{\"@type\":\"ImageObject\",\"inLanguage\":\"es\",\"@id\":\"https:\\\/\\\/zeromagazine.mx\\\/index.php\\\/2021\\\/09\\\/03\\\/los-bandalos-chinos-se-unen-a-virgin-music-mexico\\\/#primaryimage\",\"url\":\"\",\"contentUrl\":\"\"},{\"@type\":\"BreadcrumbList\",\"@id\":\"https:\\\/\\\/zeromagazine.mx\\\/index.php\\\/2021\\\/09\\\/03\\\/los-bandalos-chinos-se-unen-a-virgin-music-mexico\\\/#breadcrumb\",\"itemListElement\":[{\"@type\":\"ListItem\",\"position\":1,\"name\":\"Portada\",\"item\":\"https:\\\/\\\/zeromagazine.mx\\\/\"},{\"@type\":\"ListItem\",\"position\":2,\"name\":\"Los Bandalos Chinos se unen a Virgin Music M\u00e9xico\"}]},{\"@type\":\"WebSite\",\"@id\":\"https:\\\/\\\/zeromagazine.mx\\\/#website\",\"url\":\"https:\\\/\\\/zeromagazine.mx\\\/\",\"name\":\"Zero Magazine\",\"description\":\"\",\"publisher\":{\"@id\":\"https:\\\/\\\/zeromagazine.mx\\\/#organization\"},\"potentialAction\":[{\"@type\":\"SearchAction\",\"target\":{\"@type\":\"EntryPoint\",\"urlTemplate\":\"https:\\\/\\\/zeromagazine.mx\\\/?s={search_term_string}\"},\"query-input\":{\"@type\":\"PropertyValueSpecification\",\"valueRequired\":true,\"valueName\":\"search_term_string\"}}],\"inLanguage\":\"es\"},{\"@type\":\"Organization\",\"@id\":\"https:\\\/\\\/zeromagazine.mx\\\/#organization\",\"name\":\"Zero Magazine\",\"url\":\"https:\\\/\\\/zeromagazine.mx\\\/\",\"logo\":{\"@type\":\"ImageObject\",\"inLanguage\":\"es\",\"@id\":\"https:\\\/\\\/zeromagazine.mx\\\/#\\\/schema\\\/logo\\\/image\\\/\",\"url\":\"https:\\\/\\\/i0.wp.com\\\/zeromagazine.mx\\\/wp-content\\\/uploads\\\/2025\\\/11\\\/1.jpeg?fit=1000%2C1000&ssl=1\",\"contentUrl\":\"https:\\\/\\\/i0.wp.com\\\/zeromagazine.mx\\\/wp-content\\\/uploads\\\/2025\\\/11\\\/1.jpeg?fit=1000%2C1000&ssl=1\",\"width\":1000,\"height\":1000,\"caption\":\"Zero Magazine\"},\"image\":{\"@id\":\"https:\\\/\\\/zeromagazine.mx\\\/#\\\/schema\\\/logo\\\/image\\\/\"},\"sameAs\":[\"https:\\\/\\\/instagram.com\\\/zeromagazinemx\"]},{\"@type\":\"Person\",\"@id\":\"https:\\\/\\\/zeromagazine.mx\\\/#\\\/schema\\\/person\\\/9aed9f33a7c39af3a348b86d723f7773\",\"name\":\"zeromagazinemx\",\"image\":{\"@type\":\"ImageObject\",\"inLanguage\":\"es\",\"@id\":\"https:\\\/\\\/zeromagazine.mx\\\/wp-content\\\/litespeed\\\/avatar\\\/f91dfe5410d5dcb1a576bf8c45983896.jpg?ver=1777571230\",\"url\":\"https:\\\/\\\/zeromagazine.mx\\\/wp-content\\\/litespeed\\\/avatar\\\/f91dfe5410d5dcb1a576bf8c45983896.jpg?ver=1777571230\",\"contentUrl\":\"https:\\\/\\\/zeromagazine.mx\\\/wp-content\\\/litespeed\\\/avatar\\\/f91dfe5410d5dcb1a576bf8c45983896.jpg?ver=1777571230\",\"caption\":\"zeromagazinemx\"},\"url\":\"https:\\\/\\\/zeromagazine.mx\\\/index.php\\\/author\\\/zeromagazinemx\\\/\"}]}<\/script>\n<!-- \/ Yoast SEO plugin. -->","yoast_head_json":{"title":"Los Bandalos Chinos se unen a Virgin Music M\u00e9xico - Zero Magazine","robots":{"index":"index","follow":"follow","max-snippet":"max-snippet:-1","max-image-preview":"max-image-preview:large","max-video-preview":"max-video-preview:-1"},"canonical":"https:\/\/zeromagazine.mx\/index.php\/2021\/09\/03\/los-bandalos-chinos-se-unen-a-virgin-music-mexico\/","og_locale":"es_ES","og_type":"article","og_title":"Los Bandalos Chinos se unen a Virgin Music M\u00e9xico - Zero Magazine","og_description":"La banda \u201cBandalos Chinos\u201d da un paso fuerte en su carrera al firmar con el sello discogr\u00e1fico Virgin Music M\u00e9xico. Bandalos Chinos est\u00e1 integrado por Goyo Degano, I\u00f1aki Colombo, Salvador Colombo, Tomas Verduga, Mat\u00edas Verduga y Nicolas Rodr\u00edguez del Pozo, el grupo de amigos que se une al equipo de Virgin Music M\u00e9xico &amp; Nakama.&nbsp; [&hellip;]","og_url":"https:\/\/zeromagazine.mx\/index.php\/2021\/09\/03\/los-bandalos-chinos-se-unen-a-virgin-music-mexico\/","og_site_name":"Zero Magazine","article_published_time":"2021-09-03T15:00:00+00:00","author":"zeromagazinemx","twitter_card":"summary_large_image","twitter_misc":{"Escrito por":"zeromagazinemx","Tiempo de lectura":"1 minuto"},"schema":{"@context":"https:\/\/schema.org","@graph":[{"@type":"Article","@id":"https:\/\/zeromagazine.mx\/index.php\/2021\/09\/03\/los-bandalos-chinos-se-unen-a-virgin-music-mexico\/#article","isPartOf":{"@id":"https:\/\/zeromagazine.mx\/index.php\/2021\/09\/03\/los-bandalos-chinos-se-unen-a-virgin-music-mexico\/"},"author":{"name":"zeromagazinemx","@id":"https:\/\/zeromagazine.mx\/#\/schema\/person\/9aed9f33a7c39af3a348b86d723f7773"},"headline":"Los Bandalos Chinos se unen a Virgin Music M\u00e9xico","datePublished":"2021-09-03T15:00:00+00:00","mainEntityOfPage":{"@id":"https:\/\/zeromagazine.mx\/index.php\/2021\/09\/03\/los-bandalos-chinos-se-unen-a-virgin-music-mexico\/"},"wordCount":207,"commentCount":0,"publisher":{"@id":"https:\/\/zeromagazine.mx\/#organization"},"image":{"@id":"https:\/\/zeromagazine.mx\/index.php\/2021\/09\/03\/los-bandalos-chinos-se-unen-a-virgin-music-mexico\/#primaryimage"},"thumbnailUrl":"","keywords":["Bandalos Chinos","Virgin Music M\u00e9xico"],"articleSection":["Cultura","Entretenimiento"],"inLanguage":"es","potentialAction":[{"@type":"CommentAction","name":"Comment","target":["https:\/\/zeromagazine.mx\/index.php\/2021\/09\/03\/los-bandalos-chinos-se-unen-a-virgin-music-mexico\/#respond"]}]},{"@type":"WebPage","@id":"https:\/\/zeromagazine.mx\/index.php\/2021\/09\/03\/los-bandalos-chinos-se-unen-a-virgin-music-mexico\/","url":"https:\/\/zeromagazine.mx\/index.php\/2021\/09\/03\/los-bandalos-chinos-se-unen-a-virgin-music-mexico\/","name":"Los Bandalos Chinos se unen a Virgin Music M\u00e9xico - Zero Magazine","isPartOf":{"@id":"https:\/\/zeromagazine.mx\/#website"},"primaryImageOfPage":{"@id":"https:\/\/zeromagazine.mx\/index.php\/2021\/09\/03\/los-bandalos-chinos-se-unen-a-virgin-music-mexico\/#primaryimage"},"image":{"@id":"https:\/\/zeromagazine.mx\/index.php\/2021\/09\/03\/los-bandalos-chinos-se-unen-a-virgin-music-mexico\/#primaryimage"},"thumbnailUrl":"","datePublished":"2021-09-03T15:00:00+00:00","breadcrumb":{"@id":"https:\/\/zeromagazine.mx\/index.php\/2021\/09\/03\/los-bandalos-chinos-se-unen-a-virgin-music-mexico\/#breadcrumb"},"inLanguage":"es","potentialAction":[{"@type":"ReadAction","target":["https:\/\/zeromagazine.mx\/index.php\/2021\/09\/03\/los-bandalos-chinos-se-unen-a-virgin-music-mexico\/"]}]},{"@type":"ImageObject","inLanguage":"es","@id":"https:\/\/zeromagazine.mx\/index.php\/2021\/09\/03\/los-bandalos-chinos-se-unen-a-virgin-music-mexico\/#primaryimage","url":"","contentUrl":""},{"@type":"BreadcrumbList","@id":"https:\/\/zeromagazine.mx\/index.php\/2021\/09\/03\/los-bandalos-chinos-se-unen-a-virgin-music-mexico\/#breadcrumb","itemListElement":[{"@type":"ListItem","position":1,"name":"Portada","item":"https:\/\/zeromagazine.mx\/"},{"@type":"ListItem","position":2,"name":"Los Bandalos Chinos se unen a Virgin Music M\u00e9xico"}]},{"@type":"WebSite","@id":"https:\/\/zeromagazine.mx\/#website","url":"https:\/\/zeromagazine.mx\/","name":"Zero Magazine","description":"","publisher":{"@id":"https:\/\/zeromagazine.mx\/#organization"},"potentialAction":[{"@type":"SearchAction","target":{"@type":"EntryPoint","urlTemplate":"https:\/\/zeromagazine.mx\/?s={search_term_string}"},"query-input":{"@type":"PropertyValueSpecification","valueRequired":true,"valueName":"search_term_string"}}],"inLanguage":"es"},{"@type":"Organization","@id":"https:\/\/zeromagazine.mx\/#organization","name":"Zero Magazine","url":"https:\/\/zeromagazine.mx\/","logo":{"@type":"ImageObject","inLanguage":"es","@id":"https:\/\/zeromagazine.mx\/#\/schema\/logo\/image\/","url":"https:\/\/i0.wp.com\/zeromagazine.mx\/wp-content\/uploads\/2025\/11\/1.jpeg?fit=1000%2C1000&ssl=1","contentUrl":"https:\/\/i0.wp.com\/zeromagazine.mx\/wp-content\/uploads\/2025\/11\/1.jpeg?fit=1000%2C1000&ssl=1","width":1000,"height":1000,"caption":"Zero Magazine"},"image":{"@id":"https:\/\/zeromagazine.mx\/#\/schema\/logo\/image\/"},"sameAs":["https:\/\/instagram.com\/zeromagazinemx"]},{"@type":"Person","@id":"https:\/\/zeromagazine.mx\/#\/schema\/person\/9aed9f33a7c39af3a348b86d723f7773","name":"zeromagazinemx","image":{"@type":"ImageObject","inLanguage":"es","@id":"https:\/\/zeromagazine.mx\/wp-content\/litespeed\/avatar\/f91dfe5410d5dcb1a576bf8c45983896.jpg?ver=1777571230","url":"https:\/\/zeromagazine.mx\/wp-content\/litespeed\/avatar\/f91dfe5410d5dcb1a576bf8c45983896.jpg?ver=1777571230","contentUrl":"https:\/\/zeromagazine.mx\/wp-content\/litespeed\/avatar\/f91dfe5410d5dcb1a576bf8c45983896.jpg?ver=1777571230","caption":"zeromagazinemx"},"url":"https:\/\/zeromagazine.mx\/index.php\/author\/zeromagazinemx\/"}]}},"jetpack_publicize_connections":[],"jetpack_featured_media_url":"","jetpack-related-posts":[{"id":49269,"url":"https:\/\/zeromagazine.mx\/index.php\/2021\/07\/02\/wiplash-anuncia-su-primer-sencillo-a-estrenarse-proximamente\/","url_meta":{"origin":53577,"position":0},"title":"Wiplash anuncia su primer sencillo a estrenarse pr\u00f3ximamente","author":"zeromagazinemx","date":"2 de julio de 2021","format":false,"excerpt":"Wiplash se une a la familia Virgin Music M\u00e9xico de la mano de Discos Nakama & Rebellion. Por Mayra Torres La agrupaci\u00f3n formada a finales de 2020 \u201cWiplash\u201d se encuentra preparando su primer \u00e1lbum junto a Discos Nakama & Rebellion y Virgin Music M\u00e9xico, convirti\u00e9ndose en la primera banda firmada\u2026","rel":"","context":"En \u00abEntretenimiento\u00bb","block_context":{"text":"Entretenimiento","link":"https:\/\/zeromagazine.mx\/index.php\/category\/entretenimiento\/"},"img":{"alt_text":"","src":"https:\/\/i0.wp.com\/zeromagazine.mx\/wp-content\/uploads\/2022\/02\/8d3c5-wiplash-scaled.jpg?fit=864%2C1200&ssl=1&resize=350%2C200","width":350,"height":200,"srcset":"https:\/\/i0.wp.com\/zeromagazine.mx\/wp-content\/uploads\/2022\/02\/8d3c5-wiplash-scaled.jpg?fit=864%2C1200&ssl=1&resize=350%2C200 1x, https:\/\/i0.wp.com\/zeromagazine.mx\/wp-content\/uploads\/2022\/02\/8d3c5-wiplash-scaled.jpg?fit=864%2C1200&ssl=1&resize=525%2C300 1.5x, https:\/\/i0.wp.com\/zeromagazine.mx\/wp-content\/uploads\/2022\/02\/8d3c5-wiplash-scaled.jpg?fit=864%2C1200&ssl=1&resize=700%2C400 2x"},"classes":[]},{"id":100760,"url":"https:\/\/zeromagazine.mx\/index.php\/2025\/04\/08\/nicky-jam-rompe-mares\/","url_meta":{"origin":53577,"position":1},"title":"Nicky Jam Rompe Mares","author":"David Morales","date":"8 de abril de 2025","format":false,"excerpt":"Amix, \u00bfqui\u00e9n dijo que los cruceros eran solo para abuelites? Virgin Voyages acaba de anunciar algo que nos vol\u00f3 la cabeza: Nicky Jam se convierte en el primer artista masculino latino en unirse a esta naviera y ser\u00e1 la estrella del Celebration Voyage 2025. Esto es literal un viaje de\u2026","rel":"","context":"En \u00abEntretenimiento\u00bb","block_context":{"text":"Entretenimiento","link":"https:\/\/zeromagazine.mx\/index.php\/category\/entretenimiento\/"},"img":{"alt_text":"","src":"https:\/\/i0.wp.com\/zeromagazine.mx\/wp-content\/uploads\/2025\/04\/Imagen-de-WhatsApp-2025-04-07-a-las-19.08.27_ece50f4a.jpg?fit=800%2C1200&ssl=1&resize=350%2C200","width":350,"height":200,"srcset":"https:\/\/i0.wp.com\/zeromagazine.mx\/wp-content\/uploads\/2025\/04\/Imagen-de-WhatsApp-2025-04-07-a-las-19.08.27_ece50f4a.jpg?fit=800%2C1200&ssl=1&resize=350%2C200 1x, https:\/\/i0.wp.com\/zeromagazine.mx\/wp-content\/uploads\/2025\/04\/Imagen-de-WhatsApp-2025-04-07-a-las-19.08.27_ece50f4a.jpg?fit=800%2C1200&ssl=1&resize=525%2C300 1.5x, https:\/\/i0.wp.com\/zeromagazine.mx\/wp-content\/uploads\/2025\/04\/Imagen-de-WhatsApp-2025-04-07-a-las-19.08.27_ece50f4a.jpg?fit=800%2C1200&ssl=1&resize=700%2C400 2x"},"classes":[]},{"id":97998,"url":"https:\/\/zeromagazine.mx\/index.php\/2025\/03\/04\/nueva-era-de-nicky-jam\/","url_meta":{"origin":53577,"position":2},"title":"Nicky Jam y Su Nueva Era","author":"David Morales","date":"4 de marzo de 2025","format":false,"excerpt":"El mundo de la m\u00fasica urbana sigue en constante evoluci\u00f3n, pero hay artistas que, sin importar el paso del tiempo, siguen dejando huella. Uno de ellos es Nicky Jam, quien vuelve con un proyecto que promete revolucionar la escena: su nuevo EP, Sunshine. Con este lanzamiento, el cantante demuestra una\u2026","rel":"","context":"En \u00abEntretenimiento\u00bb","block_context":{"text":"Entretenimiento","link":"https:\/\/zeromagazine.mx\/index.php\/category\/entretenimiento\/"},"img":{"alt_text":"","src":"https:\/\/i0.wp.com\/zeromagazine.mx\/wp-content\/uploads\/2025\/03\/PROFILE-YOUTUBE-MUSIC-scaled.jpg?fit=1200%2C675&ssl=1&resize=350%2C200","width":350,"height":200,"srcset":"https:\/\/i0.wp.com\/zeromagazine.mx\/wp-content\/uploads\/2025\/03\/PROFILE-YOUTUBE-MUSIC-scaled.jpg?fit=1200%2C675&ssl=1&resize=350%2C200 1x, https:\/\/i0.wp.com\/zeromagazine.mx\/wp-content\/uploads\/2025\/03\/PROFILE-YOUTUBE-MUSIC-scaled.jpg?fit=1200%2C675&ssl=1&resize=525%2C300 1.5x, https:\/\/i0.wp.com\/zeromagazine.mx\/wp-content\/uploads\/2025\/03\/PROFILE-YOUTUBE-MUSIC-scaled.jpg?fit=1200%2C675&ssl=1&resize=700%2C400 2x, https:\/\/i0.wp.com\/zeromagazine.mx\/wp-content\/uploads\/2025\/03\/PROFILE-YOUTUBE-MUSIC-scaled.jpg?fit=1200%2C675&ssl=1&resize=1050%2C600 3x"},"classes":[]},{"id":112875,"url":"https:\/\/zeromagazine.mx\/index.php\/2026\/01\/08\/virgin-punk-clockwork-girl\/","url_meta":{"origin":53577,"position":3},"title":"Virgin Punk arrasa pantallas","author":"zeromagazinemx","date":"8 de enero de 2026","format":false,"excerpt":"Prep\u00e1rate, porque Virgin Punk llega a salas mexicanas lista para sacudir mentes, ojos y (alerta) emociones fuertes.Cin\u00e9polis +QUE CINE trae este estreno que fusiona acci\u00f3n futurista, vibes ciberpunk y un mont\u00f3n de estilo visual que solo Jap\u00f3n sabe dar. La palabra clave perfecta para SEO 2025: Virgin Punk(la ver\u00e1s varias\u2026","rel":"","context":"En \u00abCine\u00bb","block_context":{"text":"Cine","link":"https:\/\/zeromagazine.mx\/index.php\/category\/entretenimiento\/cine\/"},"img":{"alt_text":"","src":"https:\/\/i0.wp.com\/zeromagazine.mx\/wp-content\/uploads\/2026\/01\/image002.jpg?fit=560%2C800&ssl=1&resize=350%2C200","width":350,"height":200,"srcset":"https:\/\/i0.wp.com\/zeromagazine.mx\/wp-content\/uploads\/2026\/01\/image002.jpg?fit=560%2C800&ssl=1&resize=350%2C200 1x, https:\/\/i0.wp.com\/zeromagazine.mx\/wp-content\/uploads\/2026\/01\/image002.jpg?fit=560%2C800&ssl=1&resize=525%2C300 1.5x"},"classes":[]},{"id":56514,"url":"https:\/\/zeromagazine.mx\/index.php\/2021\/10\/22\/entrevista-con-fatima-pinto\/","url_meta":{"origin":53577,"position":4},"title":"Entrevista con F\u00e1tima Pinto","author":"zeromagazinemx","date":"22 de octubre de 2021","format":false,"excerpt":"Platicamos con la talentosa cantante y compositora F\u00e1tima Pinto quien llega desde Costa Rica a conquistar al p\u00fablico mexicano con su \u00faltimo sencillo \u201cAlgo m\u00e1s\u201d, F\u00e1tima nos platic\u00f3 sobre su carrera y la inspiraci\u00f3n tras este tema con una mezcla de sonidos muy original, te invitamos a checar toda la\u2026","rel":"","context":"En \u00abEntretenimiento\u00bb","block_context":{"text":"Entretenimiento","link":"https:\/\/zeromagazine.mx\/index.php\/category\/entretenimiento\/"},"img":{"alt_text":"","src":"","width":0,"height":0},"classes":[]},{"id":54831,"url":"https:\/\/zeromagazine.mx\/index.php\/2021\/09\/18\/asesino-del-olvido-la-nueva-produccion-max-original-mexicana\/","url_meta":{"origin":53577,"position":5},"title":"\u201cAsesino del Olvido\u201d la nueva producci\u00f3n Max Original mexicana","author":"zeromagazinemx","date":"18 de septiembre de 2021","format":false,"excerpt":"La nueva serie Max Original \u201cAsesino del Olvido\u201d producida en M\u00e9xico y protagonizada por el reconocido actor Dami\u00e1n Alc\u00e1zar y la joven actriz Paulina Gait\u00e1n se estrena en octubre. Por Moises Kushelevich Cuando el ex polic\u00eda jubilado Pascual Le\u00f3n es diagnosticado con alzheimer y se enfrenta a la p\u00e9rdida de\u2026","rel":"","context":"En \u00abEntretenimiento\u00bb","block_context":{"text":"Entretenimiento","link":"https:\/\/zeromagazine.mx\/index.php\/category\/entretenimiento\/"},"img":{"alt_text":"","src":"","width":0,"height":0},"classes":[]}],"jetpack_sharing_enabled":true,"builder_content":"","_links":{"self":[{"href":"https:\/\/zeromagazine.mx\/index.php\/wp-json\/wp\/v2\/posts\/53577","targetHints":{"allow":["GET"]}}],"collection":[{"href":"https:\/\/zeromagazine.mx\/index.php\/wp-json\/wp\/v2\/posts"}],"about":[{"href":"https:\/\/zeromagazine.mx\/index.php\/wp-json\/wp\/v2\/types\/post"}],"author":[{"embeddable":true,"href":"https:\/\/zeromagazine.mx\/index.php\/wp-json\/wp\/v2\/users\/2"}],"replies":[{"embeddable":true,"href":"https:\/\/zeromagazine.mx\/index.php\/wp-json\/wp\/v2\/comments?post=53577"}],"version-history":[{"count":0,"href":"https:\/\/zeromagazine.mx\/index.php\/wp-json\/wp\/v2\/posts\/53577\/revisions"}],"wp:featuredmedia":[{"embeddable":true,"href":"https:\/\/zeromagazine.mx\/index.php\/wp-json\/"}],"wp:attachment":[{"href":"https:\/\/zeromagazine.mx\/index.php\/wp-json\/wp\/v2\/media?parent=53577"}],"wp:term":[{"taxonomy":"category","embeddable":true,"href":"https:\/\/zeromagazine.mx\/index.php\/wp-json\/wp\/v2\/categories?post=53577"},{"taxonomy":"post_tag","embeddable":true,"href":"https:\/\/zeromagazine.mx\/index.php\/wp-json\/wp\/v2\/tags?post=53577"}],"curies":[{"name":"wp","href":"https:\/\/api.w.org\/{rel}","templated":true}]}}