{"id":53611,"date":"2021-09-03T12:00:00","date_gmt":"2021-09-03T17:00:00","guid":{"rendered":"https:\/\/atomic-temporary-84115225.wpcomstaging.com\/?p=53611"},"modified":"2021-09-03T12:00:00","modified_gmt":"2021-09-03T17:00:00","slug":"entrevista-con-meli-g","status":"publish","type":"post","link":"https:\/\/zeromagazine.mx\/index.php\/2021\/09\/03\/entrevista-con-meli-g\/","title":{"rendered":"Entrevista con Meli G"},"content":{"rendered":"\n<p>\u00ab<strong>Basta ya<\/strong>\u201d, un tema que logra integrar situaciones muy cotidianas y representativas para muchas personas. <strong>Meli<\/strong> nos cont\u00f3 sobre su nueva producci\u00f3n y algunas sorpresas que vienen en los pr\u00f3ximos meses, te invitamos a checar toda la entrevista.<\/p>\n\n\n\n<figure class=\"wp-block-image size-large coblocks-animate\"><a href=\"https:\/\/i0.wp.com\/zeromagazinemx.wpcomstaging.com\/wp-content\/uploads\/2022\/02\/40b3d-copia-de-_dsc5155-recovered-1.jpg?ssl=1\"><img data-recalc-dims=\"1\" decoding=\"async\" src=\"https:\/\/i0.wp.com\/zeromagazinemx.wpcomstaging.com\/wp-content\/uploads\/2022\/02\/40b3d-copia-de-_dsc5155-recovered-1.jpg?w=1165&#038;ssl=1\" alt=\"\" class=\"wp-image-53616\" \/><\/a><\/figure>\n\n\n\n<div class=\"wp-block-buttons is-layout-flex wp-block-buttons-is-layout-flex\">\n<div class=\"wp-block-button is-style-outline is-style-outline--1\"><a class=\"wp-block-button__link\">Por Cesar Palomares<\/a><\/div>\n<\/div>\n\n\n\n<p><strong>\u00bfQu\u00e9 sentimientos existen dentro de ti, despu\u00e9s de lanzar tu nuevo sencillo?<\/strong><br><br>Mucha felicidad, muchos nervios y ansias por sacar m\u00e1s m\u00fasica, la verdad estoy super contenta por haber finalizado esta canci\u00f3n y que mucha gente la pueda escuchar, fue m\u00eda por mucho tiempo y ahora es de todas las personas que la escuchen.<br><br><strong>\u00bfC\u00f3mo surge \u201cBasta ya\u201d?<\/strong><br><br>Esta canci\u00f3n yo la compuse con un amigo que se llama <strong>Zack<\/strong> hace seis a\u00f1os, ten\u00eda mucho tiempo guardada y guardada entre comillas porque ya ten\u00eda una versi\u00f3n en ac\u00fastico en mi canal de <strong>Youtube<\/strong>, en una secci\u00f3n que se llama \u201c<strong>Rincones m\u00e1gicos<\/strong>\u201d, en ese momento yo me encontraba en <strong>Los \u00c1ngeles<\/strong> y dije \u201c<strong>Ahora es cuando<\/strong>\u201d.<br><br>Grabe esta canci\u00f3n en ac\u00fastico y la lance en 2016 y pens\u00e9 en producirla ,pero las cosas no se dieron, hasta el a\u00f1o pasado que sucedieron muchos cambios en mi vida, ahora esta canci\u00f3n pertenece a mi sello discogr\u00e1fico que es \u201c<strong>Melocot\u00f3n records<\/strong>\u201d. Estoy muy contenta porque tambi\u00e9n pude hacer esta producci\u00f3n con un amigo que se llama <strong>Neto Gracia<\/strong>, \u00e9l es productor y m\u00fasico en la ciudad de <strong>Monterrey<\/strong>, con \u00e9l fue la opci\u00f3n perfecta para hacer esta canci\u00f3n.<br><\/p>\n\n\n\n<figure class=\"wp-block-embed aligncenter is-type-rich is-provider-instagram wp-block-embed-instagram\"><div class=\"wp-block-embed__wrapper\">\nhttps:\/\/www.instagram.com\/p\/CSzvdo_JQUv\/?utm_medium=copy_link\n<\/div><\/figure>\n\n\n\n\n\n<p><strong>Cuando compones tus canciones, \u00bfTomas como referencia tus propias experiencias o te nutres de lo que te han contado?<\/strong><\/p>\n\n\n\n<p>En mis canciones lo que vas a escuchar son cosas que me han pasado o que la han pasado a otras personas, lo que cuenta esta canci\u00f3n me pas\u00f3 a m\u00ed, yo no ten\u00eda una relaci\u00f3n t\u00f3xica, pero estaba con un chico que me pretend\u00eda, pero era esa clase de chico que no sab\u00eda qu\u00e9 quer\u00eda, a veces me dec\u00eda que le gustaba y despu\u00e9s le gustaba otra persona y pues solo jugaba con mi coraz\u00f3n y mis sentimientos.<br><br>Hice esta canci\u00f3n y creo que fue la manera perfecta de <em>deshacerme de ese sentimiento<\/em>, fue como decirle basta ya a esa persona, nunca m\u00e1s lo volv\u00ed a ver y creo que esta es una gran canci\u00f3n para dedicar porque s\u00e9 que a todos nos ha pasado.<br><br><strong>\u00bfQu\u00e9 sorpresas vienen en los pr\u00f3ximos meses?<\/strong><br><br>El \u00e1lbum se llama \u201c<strong>Soy feliz as\u00ed<\/strong>\u201d, es un disco que va a contener canciones que saqu\u00e9 anteriormente para que precisamente no se queden como singles, obviamente viene incluido \u201c<strong>Basta ya<\/strong>\u201d. Justamente en el video de \u201c<strong>Basta ya<\/strong>\u201d, en una parte del video hay algunas pistas acerca de c\u00f3mo se llaman las nuevas canciones y se van a estrenar antes de que se estrene el disco. Tambi\u00e9n hay una escena post-cr\u00e9ditos, donde doy pistas de un futuro show que va a haber para celebrar el futuro lanzamiento de este disco y lo podr\u00e1n escuchar a finales de a\u00f1o. <\/p>\n\n\n\n<figure class=\"wp-block-embed aligncenter is-type-rich is-provider-instagram wp-block-embed-instagram\"><div class=\"wp-block-embed__wrapper\">\nhttps:\/\/www.instagram.com\/reel\/CTAtqMfhKii\/?utm_medium=copy_link\n<\/div><\/figure>\n\n\n\n<p><br><strong>\u00bfCu\u00e1l es el mejor consejo que te puedes dar?<\/strong><br><br><em>Si te lo propones s\u00ed lo puedes lograr <\/em>y lo he visto muchas veces a lo largo de este tiempo que he estado trabajando en mi proyecto. El a\u00f1o pasado fue una serie de cambios y obviamente muchos miedos me consum\u00edan, me hac\u00edan pensar que no iba a poder, al final llegaron las personas correctas y hoy tenemos los resultados.<\/p>\n\n\n\n<p><strong>\u00bfQu\u00e9 es lo que m\u00e1s te emociona en este momento de tu carrera?<\/strong><br><br>Tener mi sello discogr\u00e1fico \u201c<strong>Melocot\u00f3n Records<\/strong>\u201d y ojal\u00e1 que muy pronto comience a trabajar con otras personas y presumir que se hizo en \u00ab<strong>Melocot\u00f3n Records<\/strong>\u00ab, siempre so\u00f1\u00e9 con tener mi propia disquera.<br><br><strong>Describe a Meli G con tres palabras.<br><br><\/strong>So\u00f1adora,<strong> <\/strong>despistada y rara (risas), pero buena onda.<\/p>\n\n\n\n<p><strong>\u00bfQuieres agregar algo m\u00e1s?<br><br><\/strong>S\u00edganme en las redes sociales como <strong>@meligm\u00fasica<\/strong> est\u00e9n al pendiente de mis canciones, vean \u201c<strong>Basta ya<\/strong>\u201d y sigan las pistas porque ah\u00ed vienen los nombres de las siguientes canciones que se van a lanzar, pr\u00f3ximamente habr\u00e1 un show para que estemos conectados, muchas gracias.<\/p>\n\n\n\n<p class=\"has-text-align-center\">Recuerda agregar \u201c<strong>Basta ya<\/strong>\u201d a tu lista de reproducci\u00f3n.<br>\u00a1Disponible en todas las plataformas!<\/p>\n\n\n\n<figure class=\"wp-block-embed aligncenter is-type-video is-provider-youtube wp-block-embed-youtube wp-embed-aspect-16-9 wp-has-aspect-ratio\"><div class=\"wp-block-embed__wrapper\">\n<div class=\"post-video\"><iframe title=\"Meli G - Basta Ya (Video Oficial)\" width=\"1165\" height=\"655\" src=\"https:\/\/www.youtube.com\/embed\/LZ6bkaG9MH0?feature=oembed\" frameborder=\"0\" allow=\"accelerometer; autoplay; clipboard-write; encrypted-media; gyroscope; picture-in-picture; web-share\" allowfullscreen><\/iframe><\/div>\n<\/div><\/figure>\n\n\n\n\n\n\n\n<p><\/p>\n<!--themify_builder_content-->\n<div id=\"themify_builder_content-53611\" data-postid=\"53611\" class=\"themify_builder_content themify_builder_content-53611 themify_builder tf_clear\">\n    <\/div>\n<!--\/themify_builder_content-->\n","protected":false},"excerpt":{"rendered":"<p>\u00abBasta ya\u201d, un tema que logra integrar situaciones muy cotidianas y representativas para muchas personas. Meli nos cont\u00f3 sobre su nueva producci\u00f3n y algunas sorpresas que vienen en los pr\u00f3ximos meses, te invitamos a checar toda la entrevista. \u00bfQu\u00e9 sentimientos existen dentro de ti, despu\u00e9s de lanzar tu nuevo sencillo? Mucha felicidad, muchos nervios y [&hellip;]<\/p>\n","protected":false},"author":2,"featured_media":53614,"comment_status":"open","ping_status":"open","sticky":false,"template":"","format":"standard","meta":{"_jetpack_memberships_contains_paid_content":false,"footnotes":"","jetpack_publicize_message":"Un a\u00f1o lleno de cambios y grandes \u00e9xitos para Meli G. Entrevista completa en zeromagazinemx.com","jetpack_publicize_feature_enabled":true,"jetpack_social_post_already_shared":true,"jetpack_social_options":{"image_generator_settings":{"template":"highway","default_image_id":0,"font":"","enabled":false},"version":2}},"categories":[117,91,67],"tags":[4524,4525,4511,4526,1958,4527,4528,4529,274],"class_list":["post-53611","post","type-post","status-publish","format-standard","has-post-thumbnail","hentry","category-entretenimiento","category-entrevistas","category-moda","tag-ahora-es-cuando","tag-basta-ya","tag-los-angeles","tag-melocoton-records","tag-monterrey","tag-neto-gracia","tag-rincones-magicos","tag-soy-feliz-asi","tag-youtube","has-post-title","has-post-date","has-post-category","has-post-tag","has-post-comment","has-post-author",""],"yoast_head":"<!-- This site is optimized with the Yoast SEO plugin v27.5 - https:\/\/yoast.com\/product\/yoast-seo-wordpress\/ -->\n<title>Entrevista con Meli G - Zero Magazine<\/title>\n<meta name=\"robots\" content=\"index, follow, max-snippet:-1, max-image-preview:large, max-video-preview:-1\" \/>\n<link rel=\"canonical\" href=\"https:\/\/zeromagazine.mx\/index.php\/2021\/09\/03\/entrevista-con-meli-g\/\" \/>\n<meta property=\"og:locale\" content=\"es_ES\" \/>\n<meta property=\"og:type\" content=\"article\" \/>\n<meta property=\"og:title\" content=\"Entrevista con Meli G - Zero Magazine\" \/>\n<meta property=\"og:description\" content=\"\u00abBasta ya\u201d, un tema que logra integrar situaciones muy cotidianas y representativas para muchas personas. Meli nos cont\u00f3 sobre su nueva producci\u00f3n y algunas sorpresas que vienen en los pr\u00f3ximos meses, te invitamos a checar toda la entrevista. \u00bfQu\u00e9 sentimientos existen dentro de ti, despu\u00e9s de lanzar tu nuevo sencillo? Mucha felicidad, muchos nervios y [&hellip;]\" \/>\n<meta property=\"og:url\" content=\"https:\/\/zeromagazine.mx\/index.php\/2021\/09\/03\/entrevista-con-meli-g\/\" \/>\n<meta property=\"og:site_name\" content=\"Zero Magazine\" \/>\n<meta property=\"article:published_time\" content=\"2021-09-03T17:00:00+00:00\" \/>\n<meta name=\"author\" content=\"zeromagazinemx\" \/>\n<meta name=\"twitter:card\" content=\"summary_large_image\" \/>\n<meta name=\"twitter:label1\" content=\"Escrito por\" \/>\n\t<meta name=\"twitter:data1\" content=\"zeromagazinemx\" \/>\n\t<meta name=\"twitter:label2\" content=\"Tiempo de lectura\" \/>\n\t<meta name=\"twitter:data2\" content=\"4 minutos\" \/>\n<script type=\"application\/ld+json\" class=\"yoast-schema-graph\">{\"@context\":\"https:\\\/\\\/schema.org\",\"@graph\":[{\"@type\":\"Article\",\"@id\":\"https:\\\/\\\/zeromagazine.mx\\\/index.php\\\/2021\\\/09\\\/03\\\/entrevista-con-meli-g\\\/#article\",\"isPartOf\":{\"@id\":\"https:\\\/\\\/zeromagazine.mx\\\/index.php\\\/2021\\\/09\\\/03\\\/entrevista-con-meli-g\\\/\"},\"author\":{\"name\":\"zeromagazinemx\",\"@id\":\"https:\\\/\\\/zeromagazine.mx\\\/#\\\/schema\\\/person\\\/9aed9f33a7c39af3a348b86d723f7773\"},\"headline\":\"Entrevista con Meli G\",\"datePublished\":\"2021-09-03T17:00:00+00:00\",\"mainEntityOfPage\":{\"@id\":\"https:\\\/\\\/zeromagazine.mx\\\/index.php\\\/2021\\\/09\\\/03\\\/entrevista-con-meli-g\\\/\"},\"wordCount\":771,\"commentCount\":0,\"publisher\":{\"@id\":\"https:\\\/\\\/zeromagazine.mx\\\/#organization\"},\"image\":{\"@id\":\"https:\\\/\\\/zeromagazine.mx\\\/index.php\\\/2021\\\/09\\\/03\\\/entrevista-con-meli-g\\\/#primaryimage\"},\"thumbnailUrl\":\"\",\"keywords\":[\"Ahora es cuando\",\"Basta ya\",\"Los \u00c1ngeles\",\"Melocot\u00f3n records\",\"Monterrey\",\"Neto Gracia\",\"Rincones m\u00e1gicos\",\"soy feliz as\u00ed\",\"Youtube\"],\"articleSection\":[\"Entretenimiento\",\"Entrevistas\",\"Moda\"],\"inLanguage\":\"es\",\"potentialAction\":[{\"@type\":\"CommentAction\",\"name\":\"Comment\",\"target\":[\"https:\\\/\\\/zeromagazine.mx\\\/index.php\\\/2021\\\/09\\\/03\\\/entrevista-con-meli-g\\\/#respond\"]}]},{\"@type\":\"WebPage\",\"@id\":\"https:\\\/\\\/zeromagazine.mx\\\/index.php\\\/2021\\\/09\\\/03\\\/entrevista-con-meli-g\\\/\",\"url\":\"https:\\\/\\\/zeromagazine.mx\\\/index.php\\\/2021\\\/09\\\/03\\\/entrevista-con-meli-g\\\/\",\"name\":\"Entrevista con Meli G - Zero Magazine\",\"isPartOf\":{\"@id\":\"https:\\\/\\\/zeromagazine.mx\\\/#website\"},\"primaryImageOfPage\":{\"@id\":\"https:\\\/\\\/zeromagazine.mx\\\/index.php\\\/2021\\\/09\\\/03\\\/entrevista-con-meli-g\\\/#primaryimage\"},\"image\":{\"@id\":\"https:\\\/\\\/zeromagazine.mx\\\/index.php\\\/2021\\\/09\\\/03\\\/entrevista-con-meli-g\\\/#primaryimage\"},\"thumbnailUrl\":\"\",\"datePublished\":\"2021-09-03T17:00:00+00:00\",\"breadcrumb\":{\"@id\":\"https:\\\/\\\/zeromagazine.mx\\\/index.php\\\/2021\\\/09\\\/03\\\/entrevista-con-meli-g\\\/#breadcrumb\"},\"inLanguage\":\"es\",\"potentialAction\":[{\"@type\":\"ReadAction\",\"target\":[\"https:\\\/\\\/zeromagazine.mx\\\/index.php\\\/2021\\\/09\\\/03\\\/entrevista-con-meli-g\\\/\"]}]},{\"@type\":\"ImageObject\",\"inLanguage\":\"es\",\"@id\":\"https:\\\/\\\/zeromagazine.mx\\\/index.php\\\/2021\\\/09\\\/03\\\/entrevista-con-meli-g\\\/#primaryimage\",\"url\":\"\",\"contentUrl\":\"\"},{\"@type\":\"BreadcrumbList\",\"@id\":\"https:\\\/\\\/zeromagazine.mx\\\/index.php\\\/2021\\\/09\\\/03\\\/entrevista-con-meli-g\\\/#breadcrumb\",\"itemListElement\":[{\"@type\":\"ListItem\",\"position\":1,\"name\":\"Portada\",\"item\":\"https:\\\/\\\/zeromagazine.mx\\\/\"},{\"@type\":\"ListItem\",\"position\":2,\"name\":\"Entrevista con Meli G\"}]},{\"@type\":\"WebSite\",\"@id\":\"https:\\\/\\\/zeromagazine.mx\\\/#website\",\"url\":\"https:\\\/\\\/zeromagazine.mx\\\/\",\"name\":\"Zero Magazine\",\"description\":\"\",\"publisher\":{\"@id\":\"https:\\\/\\\/zeromagazine.mx\\\/#organization\"},\"potentialAction\":[{\"@type\":\"SearchAction\",\"target\":{\"@type\":\"EntryPoint\",\"urlTemplate\":\"https:\\\/\\\/zeromagazine.mx\\\/?s={search_term_string}\"},\"query-input\":{\"@type\":\"PropertyValueSpecification\",\"valueRequired\":true,\"valueName\":\"search_term_string\"}}],\"inLanguage\":\"es\"},{\"@type\":\"Organization\",\"@id\":\"https:\\\/\\\/zeromagazine.mx\\\/#organization\",\"name\":\"Zero Magazine\",\"url\":\"https:\\\/\\\/zeromagazine.mx\\\/\",\"logo\":{\"@type\":\"ImageObject\",\"inLanguage\":\"es\",\"@id\":\"https:\\\/\\\/zeromagazine.mx\\\/#\\\/schema\\\/logo\\\/image\\\/\",\"url\":\"https:\\\/\\\/i0.wp.com\\\/zeromagazine.mx\\\/wp-content\\\/uploads\\\/2025\\\/11\\\/1.jpeg?fit=1000%2C1000&ssl=1\",\"contentUrl\":\"https:\\\/\\\/i0.wp.com\\\/zeromagazine.mx\\\/wp-content\\\/uploads\\\/2025\\\/11\\\/1.jpeg?fit=1000%2C1000&ssl=1\",\"width\":1000,\"height\":1000,\"caption\":\"Zero Magazine\"},\"image\":{\"@id\":\"https:\\\/\\\/zeromagazine.mx\\\/#\\\/schema\\\/logo\\\/image\\\/\"},\"sameAs\":[\"https:\\\/\\\/instagram.com\\\/zeromagazinemx\"]},{\"@type\":\"Person\",\"@id\":\"https:\\\/\\\/zeromagazine.mx\\\/#\\\/schema\\\/person\\\/9aed9f33a7c39af3a348b86d723f7773\",\"name\":\"zeromagazinemx\",\"image\":{\"@type\":\"ImageObject\",\"inLanguage\":\"es\",\"@id\":\"https:\\\/\\\/zeromagazine.mx\\\/wp-content\\\/litespeed\\\/avatar\\\/f91dfe5410d5dcb1a576bf8c45983896.jpg?ver=1777571230\",\"url\":\"https:\\\/\\\/zeromagazine.mx\\\/wp-content\\\/litespeed\\\/avatar\\\/f91dfe5410d5dcb1a576bf8c45983896.jpg?ver=1777571230\",\"contentUrl\":\"https:\\\/\\\/zeromagazine.mx\\\/wp-content\\\/litespeed\\\/avatar\\\/f91dfe5410d5dcb1a576bf8c45983896.jpg?ver=1777571230\",\"caption\":\"zeromagazinemx\"},\"url\":\"https:\\\/\\\/zeromagazine.mx\\\/index.php\\\/author\\\/zeromagazinemx\\\/\"}]}<\/script>\n<!-- \/ Yoast SEO plugin. -->","yoast_head_json":{"title":"Entrevista con Meli G - Zero Magazine","robots":{"index":"index","follow":"follow","max-snippet":"max-snippet:-1","max-image-preview":"max-image-preview:large","max-video-preview":"max-video-preview:-1"},"canonical":"https:\/\/zeromagazine.mx\/index.php\/2021\/09\/03\/entrevista-con-meli-g\/","og_locale":"es_ES","og_type":"article","og_title":"Entrevista con Meli G - Zero Magazine","og_description":"\u00abBasta ya\u201d, un tema que logra integrar situaciones muy cotidianas y representativas para muchas personas. Meli nos cont\u00f3 sobre su nueva producci\u00f3n y algunas sorpresas que vienen en los pr\u00f3ximos meses, te invitamos a checar toda la entrevista. \u00bfQu\u00e9 sentimientos existen dentro de ti, despu\u00e9s de lanzar tu nuevo sencillo? Mucha felicidad, muchos nervios y [&hellip;]","og_url":"https:\/\/zeromagazine.mx\/index.php\/2021\/09\/03\/entrevista-con-meli-g\/","og_site_name":"Zero Magazine","article_published_time":"2021-09-03T17:00:00+00:00","author":"zeromagazinemx","twitter_card":"summary_large_image","twitter_misc":{"Escrito por":"zeromagazinemx","Tiempo de lectura":"4 minutos"},"schema":{"@context":"https:\/\/schema.org","@graph":[{"@type":"Article","@id":"https:\/\/zeromagazine.mx\/index.php\/2021\/09\/03\/entrevista-con-meli-g\/#article","isPartOf":{"@id":"https:\/\/zeromagazine.mx\/index.php\/2021\/09\/03\/entrevista-con-meli-g\/"},"author":{"name":"zeromagazinemx","@id":"https:\/\/zeromagazine.mx\/#\/schema\/person\/9aed9f33a7c39af3a348b86d723f7773"},"headline":"Entrevista con Meli G","datePublished":"2021-09-03T17:00:00+00:00","mainEntityOfPage":{"@id":"https:\/\/zeromagazine.mx\/index.php\/2021\/09\/03\/entrevista-con-meli-g\/"},"wordCount":771,"commentCount":0,"publisher":{"@id":"https:\/\/zeromagazine.mx\/#organization"},"image":{"@id":"https:\/\/zeromagazine.mx\/index.php\/2021\/09\/03\/entrevista-con-meli-g\/#primaryimage"},"thumbnailUrl":"","keywords":["Ahora es cuando","Basta ya","Los \u00c1ngeles","Melocot\u00f3n records","Monterrey","Neto Gracia","Rincones m\u00e1gicos","soy feliz as\u00ed","Youtube"],"articleSection":["Entretenimiento","Entrevistas","Moda"],"inLanguage":"es","potentialAction":[{"@type":"CommentAction","name":"Comment","target":["https:\/\/zeromagazine.mx\/index.php\/2021\/09\/03\/entrevista-con-meli-g\/#respond"]}]},{"@type":"WebPage","@id":"https:\/\/zeromagazine.mx\/index.php\/2021\/09\/03\/entrevista-con-meli-g\/","url":"https:\/\/zeromagazine.mx\/index.php\/2021\/09\/03\/entrevista-con-meli-g\/","name":"Entrevista con Meli G - Zero Magazine","isPartOf":{"@id":"https:\/\/zeromagazine.mx\/#website"},"primaryImageOfPage":{"@id":"https:\/\/zeromagazine.mx\/index.php\/2021\/09\/03\/entrevista-con-meli-g\/#primaryimage"},"image":{"@id":"https:\/\/zeromagazine.mx\/index.php\/2021\/09\/03\/entrevista-con-meli-g\/#primaryimage"},"thumbnailUrl":"","datePublished":"2021-09-03T17:00:00+00:00","breadcrumb":{"@id":"https:\/\/zeromagazine.mx\/index.php\/2021\/09\/03\/entrevista-con-meli-g\/#breadcrumb"},"inLanguage":"es","potentialAction":[{"@type":"ReadAction","target":["https:\/\/zeromagazine.mx\/index.php\/2021\/09\/03\/entrevista-con-meli-g\/"]}]},{"@type":"ImageObject","inLanguage":"es","@id":"https:\/\/zeromagazine.mx\/index.php\/2021\/09\/03\/entrevista-con-meli-g\/#primaryimage","url":"","contentUrl":""},{"@type":"BreadcrumbList","@id":"https:\/\/zeromagazine.mx\/index.php\/2021\/09\/03\/entrevista-con-meli-g\/#breadcrumb","itemListElement":[{"@type":"ListItem","position":1,"name":"Portada","item":"https:\/\/zeromagazine.mx\/"},{"@type":"ListItem","position":2,"name":"Entrevista con Meli G"}]},{"@type":"WebSite","@id":"https:\/\/zeromagazine.mx\/#website","url":"https:\/\/zeromagazine.mx\/","name":"Zero Magazine","description":"","publisher":{"@id":"https:\/\/zeromagazine.mx\/#organization"},"potentialAction":[{"@type":"SearchAction","target":{"@type":"EntryPoint","urlTemplate":"https:\/\/zeromagazine.mx\/?s={search_term_string}"},"query-input":{"@type":"PropertyValueSpecification","valueRequired":true,"valueName":"search_term_string"}}],"inLanguage":"es"},{"@type":"Organization","@id":"https:\/\/zeromagazine.mx\/#organization","name":"Zero Magazine","url":"https:\/\/zeromagazine.mx\/","logo":{"@type":"ImageObject","inLanguage":"es","@id":"https:\/\/zeromagazine.mx\/#\/schema\/logo\/image\/","url":"https:\/\/i0.wp.com\/zeromagazine.mx\/wp-content\/uploads\/2025\/11\/1.jpeg?fit=1000%2C1000&ssl=1","contentUrl":"https:\/\/i0.wp.com\/zeromagazine.mx\/wp-content\/uploads\/2025\/11\/1.jpeg?fit=1000%2C1000&ssl=1","width":1000,"height":1000,"caption":"Zero Magazine"},"image":{"@id":"https:\/\/zeromagazine.mx\/#\/schema\/logo\/image\/"},"sameAs":["https:\/\/instagram.com\/zeromagazinemx"]},{"@type":"Person","@id":"https:\/\/zeromagazine.mx\/#\/schema\/person\/9aed9f33a7c39af3a348b86d723f7773","name":"zeromagazinemx","image":{"@type":"ImageObject","inLanguage":"es","@id":"https:\/\/zeromagazine.mx\/wp-content\/litespeed\/avatar\/f91dfe5410d5dcb1a576bf8c45983896.jpg?ver=1777571230","url":"https:\/\/zeromagazine.mx\/wp-content\/litespeed\/avatar\/f91dfe5410d5dcb1a576bf8c45983896.jpg?ver=1777571230","contentUrl":"https:\/\/zeromagazine.mx\/wp-content\/litespeed\/avatar\/f91dfe5410d5dcb1a576bf8c45983896.jpg?ver=1777571230","caption":"zeromagazinemx"},"url":"https:\/\/zeromagazine.mx\/index.php\/author\/zeromagazinemx\/"}]}},"jetpack_publicize_connections":[],"jetpack_featured_media_url":"","jetpack-related-posts":[{"id":117012,"url":"https:\/\/zeromagazine.mx\/index.php\/2026\/03\/19\/una-nueva-generacion-para-el-turismo-melia-inaugura-escuela-de-hosteleria-en-punta-cana\/","url_meta":{"origin":53611,"position":0},"title":"Una nueva generaci\u00f3n para el turismo: Meli\u00e1 inaugura escuela de hosteler\u00eda en Punta Cana","author":"David Morales","date":"19 de marzo de 2026","format":false,"excerpt":"El turismo sigue creciendo, pero lo que realmente est\u00e1 cambiando la industria es la formaci\u00f3n. La nueva\u00a0escuela de hosteler\u00eda Meli\u00e1\u00a0en Rep\u00fablica Dominicana llega con una idea clara: preparar a una nueva generaci\u00f3n de profesionales que entiendan el turismo actual, el de experiencias, servicio real y est\u00e1ndares internacionales. El proyecto no\u2026","rel":"","context":"En \u00abBlog\u00bb","block_context":{"text":"Blog","link":"https:\/\/zeromagazine.mx\/index.php\/category\/blog\/"},"img":{"alt_text":"","src":"","width":0,"height":0},"classes":[]},{"id":113794,"url":"https:\/\/zeromagazine.mx\/index.php\/2026\/01\/21\/melia-maldivas-nuevo-resort\/","url_meta":{"origin":53611,"position":1},"title":"Meli\u00e1 Hotels International expande su presencia global con nuevo resort en Maldivas.","author":"David Morales","date":"21 de enero de 2026","format":false,"excerpt":"Hay destinos que no necesitan presentaci\u00f3n, y Maldivas es uno de ellos. Aguas imposibles de azul, villas suspendidas sobre el oc\u00e9ano y una sensaci\u00f3n constante de estar fuera del tiempo. Ahora, ese imaginario se renueva con la llegada de\u00a0Meli\u00e1 Hotels International, que arranca 2026 sumando un nuevo punto ic\u00f3nico a\u2026","rel":"","context":"En \u00abBlog\u00bb","block_context":{"text":"Blog","link":"https:\/\/zeromagazine.mx\/index.php\/category\/blog\/"},"img":{"alt_text":"","src":"https:\/\/i0.wp.com\/zeromagazine.mx\/wp-content\/uploads\/2026\/01\/IMG_1034.png?fit=1200%2C553&ssl=1&resize=350%2C200","width":350,"height":200,"srcset":"https:\/\/i0.wp.com\/zeromagazine.mx\/wp-content\/uploads\/2026\/01\/IMG_1034.png?fit=1200%2C553&ssl=1&resize=350%2C200 1x, https:\/\/i0.wp.com\/zeromagazine.mx\/wp-content\/uploads\/2026\/01\/IMG_1034.png?fit=1200%2C553&ssl=1&resize=525%2C300 1.5x, https:\/\/i0.wp.com\/zeromagazine.mx\/wp-content\/uploads\/2026\/01\/IMG_1034.png?fit=1200%2C553&ssl=1&resize=700%2C400 2x, https:\/\/i0.wp.com\/zeromagazine.mx\/wp-content\/uploads\/2026\/01\/IMG_1034.png?fit=1200%2C553&ssl=1&resize=1050%2C600 3x"},"classes":[]},{"id":102776,"url":"https:\/\/zeromagazine.mx\/index.php\/2025\/04\/30\/mejor-hospedaje-en-mallorca-con-hotel-de-mar-gran-melia\/","url_meta":{"origin":53611,"position":2},"title":"Mejor Hospedaje En Mallorca con Hotel De Mar Gran Meli\u00e1","author":"David Morales","date":"30 de abril de 2025","format":false,"excerpt":"Amix, \u00bfte imaginas estar en Mallorca, con el mar de fondo, un c\u00f3ctel en mano y rodeade de dise\u00f1o italiano ic\u00f3nico? Pues ya no es solo fantas\u00eda. El Hotel de Mar Gran Meli\u00e1 acaba de inaugurar su nuevo Riva Lounge, convirti\u00e9ndose en el primer hotel de Espa\u00f1a en albergar este\u2026","rel":"","context":"En \u00abBlog\u00bb","block_context":{"text":"Blog","link":"https:\/\/zeromagazine.mx\/index.php\/category\/blog\/"},"img":{"alt_text":"","src":"https:\/\/i0.wp.com\/zeromagazine.mx\/wp-content\/uploads\/2025\/04\/Captura-de-pantalla-2025-04-30-124445.png?fit=569%2C315&ssl=1&resize=350%2C200","width":350,"height":200,"srcset":"https:\/\/i0.wp.com\/zeromagazine.mx\/wp-content\/uploads\/2025\/04\/Captura-de-pantalla-2025-04-30-124445.png?fit=569%2C315&ssl=1&resize=350%2C200 1x, https:\/\/i0.wp.com\/zeromagazine.mx\/wp-content\/uploads\/2025\/04\/Captura-de-pantalla-2025-04-30-124445.png?fit=569%2C315&ssl=1&resize=525%2C300 1.5x"},"classes":[]},{"id":102054,"url":"https:\/\/zeromagazine.mx\/index.php\/2025\/04\/21\/suda-te-da-bienestar\/","url_meta":{"origin":53611,"position":3},"title":"SUDA Te Da Bienestar","author":"David Morales","date":"21 de abril de 2025","format":false,"excerpt":"Amix, \u00bfya pensaron en tomarse un break de la ciudad, el caos y la rutina? Les traigo el chisme de una experiencia que est\u00e1 next level: SUDA Holistic Week 2025. Esta joyita se arma en los resorts Paradisus by Meli\u00e1 y literal es como si alguien dijera \u201cvamos a resetearnos\u2026","rel":"","context":"En \u00abBlog\u00bb","block_context":{"text":"Blog","link":"https:\/\/zeromagazine.mx\/index.php\/category\/blog\/"},"img":{"alt_text":"","src":"https:\/\/i0.wp.com\/zeromagazine.mx\/wp-content\/uploads\/2025\/04\/Captura-de-pantalla-2025-04-20-210147.png?fit=657%2C889&ssl=1&resize=350%2C200","width":350,"height":200,"srcset":"https:\/\/i0.wp.com\/zeromagazine.mx\/wp-content\/uploads\/2025\/04\/Captura-de-pantalla-2025-04-20-210147.png?fit=657%2C889&ssl=1&resize=350%2C200 1x, https:\/\/i0.wp.com\/zeromagazine.mx\/wp-content\/uploads\/2025\/04\/Captura-de-pantalla-2025-04-20-210147.png?fit=657%2C889&ssl=1&resize=525%2C300 1.5x"},"classes":[]},{"id":52353,"url":"https:\/\/zeromagazine.mx\/index.php\/2021\/08\/18\/entrevista-a-anuar-kick\/","url_meta":{"origin":53611,"position":4},"title":"Entrevista a Anuar Kick","author":"zeromagazinemx","date":"18 de agosto de 2021","format":false,"excerpt":"Anuar Kick \u201cel coach de las estrellas\u201d, entrenador personal por el National Council On Strength and Fitness, certificado por la National Academy of Sports and Medicine. Anuar Kick es un healthy coach que se enfoca en el manejo integral e individualizado de la salud por medio de una alimentaci\u00f3n balanceada,\u2026","rel":"","context":"En \u00abEntrevistas\u00bb","block_context":{"text":"Entrevistas","link":"https:\/\/zeromagazine.mx\/index.php\/category\/entretenimiento\/entrevistas\/"},"img":{"alt_text":"","src":"","width":0,"height":0},"classes":[]},{"id":49604,"url":"https:\/\/zeromagazine.mx\/index.php\/2021\/07\/08\/entrevista-a-erick-murias-para-la-obra-de-teatro-el-pagliacho-el-gracioso-de-la-calle-del-relox\/","url_meta":{"origin":53611,"position":5},"title":"Entrevista a Erick Murias para la obra de teatro: \u201cEL PAGLIACHO el gracioso de la calle del relox\u201d","author":"zeromagazinemx","date":"8 de julio de 2021","format":false,"excerpt":"Solo dos funciones: s\u00e1bado 17 y domingo 18 de julio, a las 13:00 horas. En Teatro de la Ciudad Esperanza Iris, Donceles 36, colonia Centro Hist\u00f3rico, cerca del Metro Allende\u00a0 Boletos en l\u00ednea: ticketmaster.com.mx o en la taquilla del recinto Autor\u00eda: Erick Murias, Direcci\u00f3n: Ra\u00fal Zamora, Dramaturgia: Fernando Hondall,\u00a0M\u00fasica Original:\u2026","rel":"","context":"En \u00abEntretenimiento\u00bb","block_context":{"text":"Entretenimiento","link":"https:\/\/zeromagazine.mx\/index.php\/category\/entretenimiento\/"},"img":{"alt_text":"","src":"","width":0,"height":0},"classes":[]}],"jetpack_sharing_enabled":true,"builder_content":"","_links":{"self":[{"href":"https:\/\/zeromagazine.mx\/index.php\/wp-json\/wp\/v2\/posts\/53611","targetHints":{"allow":["GET"]}}],"collection":[{"href":"https:\/\/zeromagazine.mx\/index.php\/wp-json\/wp\/v2\/posts"}],"about":[{"href":"https:\/\/zeromagazine.mx\/index.php\/wp-json\/wp\/v2\/types\/post"}],"author":[{"embeddable":true,"href":"https:\/\/zeromagazine.mx\/index.php\/wp-json\/wp\/v2\/users\/2"}],"replies":[{"embeddable":true,"href":"https:\/\/zeromagazine.mx\/index.php\/wp-json\/wp\/v2\/comments?post=53611"}],"version-history":[{"count":0,"href":"https:\/\/zeromagazine.mx\/index.php\/wp-json\/wp\/v2\/posts\/53611\/revisions"}],"wp:featuredmedia":[{"embeddable":true,"href":"https:\/\/zeromagazine.mx\/index.php\/wp-json\/"}],"wp:attachment":[{"href":"https:\/\/zeromagazine.mx\/index.php\/wp-json\/wp\/v2\/media?parent=53611"}],"wp:term":[{"taxonomy":"category","embeddable":true,"href":"https:\/\/zeromagazine.mx\/index.php\/wp-json\/wp\/v2\/categories?post=53611"},{"taxonomy":"post_tag","embeddable":true,"href":"https:\/\/zeromagazine.mx\/index.php\/wp-json\/wp\/v2\/tags?post=53611"}],"curies":[{"name":"wp","href":"https:\/\/api.w.org\/{rel}","templated":true}]}}